{"id":23160,"date":"2024-03-19T15:15:48","date_gmt":"2024-03-19T15:15:48","guid":{"rendered":"http:\/\/richeskarayib.com\/explorer-le-ciel-des-caraibes-avec-winair\/"},"modified":"2024-09-23T12:06:47","modified_gmt":"2024-09-23T12:06:47","slug":"explorer-le-ciel-des-caraibes-avec-winair","status":"publish","type":"post","link":"https:\/\/richeskarayib.com\/cpf\/explorer-le-ciel-des-caraibes-avec-winair\/","title":{"rendered":"CARA\u00cfBES : Explorez le ciel des Cara\u00efbes avec Winair"},"content":{"rendered":"\t\t<div data-elementor-type=\"wp-post\" data-elementor-id=\"23160\" class=\"elementor elementor-23160 elementor-20297\" data-elementor-post-type=\"post\">\n\t\t\t\t\t\t<section class=\"elementor-section elementor-top-section elementor-element elementor-element-de25d09 elementor-section-boxed elementor-section-height-default elementor-section-height-default\" data-id=\"de25d09\" data-element_type=\"section\">\n\t\t\t\t\t\t<div class=\"elementor-container elementor-column-gap-default\">\n\t\t\t\t\t<div class=\"elementor-column elementor-col-100 elementor-top-column elementor-element elementor-element-6e17e11\" data-id=\"6e17e11\" data-element_type=\"column\">\n\t\t\t<div class=\"elementor-widget-wrap elementor-element-populated\">\n\t\t\t\t\t\t<div class=\"elementor-element elementor-element-577bc85 elementor-widget elementor-widget-heading\" data-id=\"577bc85\" data-element_type=\"widget\" data-widget_type=\"heading.default\">\n\t\t\t\t<div class=\"elementor-widget-container\">\n\t\t\t\t\t<h2 class=\"elementor-heading-title elementor-size-default\">NOUVELLES PERSPECTIVES<\/h2>\t\t\t\t<\/div>\n\t\t\t\t<\/div>\n\t\t\t\t<div class=\"elementor-element elementor-element-c3cd6b8 elementor-widget elementor-widget-text-editor\" data-id=\"c3cd6b8\" data-element_type=\"widget\" data-widget_type=\"text-editor.default\">\n\t\t\t\t<div class=\"elementor-widget-container\">\n\t\t\t\t\t\t\t\t\t<p>La connectivit\u00e9 a\u00e9rienne des Cara\u00efbes a \u00e9t\u00e9 mise \u00e0 mal par la fermeture de compagnies a\u00e9riennes r\u00e9gionales cl\u00e9s comme AIR ANTILLES et LIAT.<\/p>\n<p>Cependant, un espoir se profile \u00e0 l&#8217;horizon avec l&#8217;intervention de Winair pour combler le foss\u00e9. \u00c0 partir du mois d&#8217;avril, Winair lance des vols directs de la Martinique vers Saint-Martin et la Dominique, annon\u00e7ant une nouvelle \u00e8re pour les voyages r\u00e9gionaux.<\/p>\n<p>Cette avanc\u00e9e est le fruit d&#8217;un effort collectif, m\u00ealant vision et collaboration.<\/p>\n<p>Nathalie S\u00e9bastien, du Samac, souligne l&#8217;unit\u00e9 entre l&#8217;office du tourisme et les autorit\u00e9s a\u00e9ronautiques pour faire de ce projet une r\u00e9alit\u00e9.<\/p>\n<p>Le PDG de WINAIR, Hans van de Velde, souligne les alliances strat\u00e9giques avec des compagnies a\u00e9riennes majeures comme AIR FRANCE KLM, AMERICAN Airlines, JETBLUE Airways et d&#8217;autres encore, garantissant un r\u00e9seau solide qui s&#8217;\u00e9tend au-del\u00e0 des c\u00f4tes de l&#8217;\u00eele.<\/p>\n<p>Cette expansion ne consiste pas seulement \u00e0 ajouter des destinations, mais aussi \u00e0 tisser un r\u00e9seau qui rapproche les Cara\u00efbes. Avec des projets d&#8217;exploration de l&#8217;arc sud et un engagement \u00e0 voyager sans interruption, Winair a pour mission de red\u00e9finir la connectivit\u00e9 dans les Cara\u00efbes.<\/p>\n<p>Face aux perturbations pass\u00e9es, l&#8217;initiative de Winair est un signe de progr\u00e8s, annon\u00e7ant un avenir plus radieux et plus connect\u00e9 pour tous les r\u00e9sidents et visiteurs des Cara\u00efbes. Embrassons ce nouveau chapitre alors que le ciel des Cara\u00efbes s&#8217;ouvre \u00e0 nouveau.<\/p>\n\t\t\t\t\t\t\t\t<\/div>\n\t\t\t\t<\/div>\n\t\t\t\t\t<\/div>\n\t\t<\/div>\n\t\t\t\t\t<\/div>\n\t\t<\/section>\n\t\t\t\t<section class=\"elementor-section elementor-top-section elementor-element elementor-element-0498ff0 elementor-section-boxed elementor-section-height-default elementor-section-height-default\" data-id=\"0498ff0\" data-element_type=\"section\" data-settings=\"{&quot;background_background&quot;:&quot;classic&quot;}\">\n\t\t\t\t\t\t<div class=\"elementor-container elementor-column-gap-default\">\n\t\t\t\t\t<div class=\"elementor-column elementor-col-100 elementor-top-column elementor-element elementor-element-e6713a6\" data-id=\"e6713a6\" data-element_type=\"column\">\n\t\t\t<div class=\"elementor-widget-wrap elementor-element-populated\">\n\t\t\t\t\t\t<div class=\"elementor-element elementor-element-caebc21 elementor-widget elementor-widget-heading\" data-id=\"caebc21\" data-element_type=\"widget\" data-widget_type=\"heading.default\">\n\t\t\t\t<div class=\"elementor-widget-container\">\n\t\t\t\t\t<h2 class=\"elementor-heading-title elementor-size-default\">SCHEDDULE DE MARTINIQUE<\/h2>\t\t\t\t<\/div>\n\t\t\t\t<\/div>\n\t\t\t\t<section class=\"elementor-section elementor-inner-section elementor-element elementor-element-e23a60c elementor-section-boxed elementor-section-height-default elementor-section-height-default\" data-id=\"e23a60c\" data-element_type=\"section\">\n\t\t\t\t\t\t<div class=\"elementor-container elementor-column-gap-default\">\n\t\t\t\t\t<div class=\"elementor-column elementor-col-50 elementor-inner-column elementor-element elementor-element-42669ed\" data-id=\"42669ed\" data-element_type=\"column\">\n\t\t\t<div class=\"elementor-widget-wrap elementor-element-populated\">\n\t\t\t\t\t\t<div class=\"elementor-element elementor-element-d96dcef elementor-widget elementor-widget-image\" data-id=\"d96dcef\" data-element_type=\"widget\" data-widget_type=\"image.default\">\n\t\t\t\t<div class=\"elementor-widget-container\">\n\t\t\t\t\t\t\t\t\t\t\t\t\t\t\t<img fetchpriority=\"high\" decoding=\"async\" width=\"724\" height=\"1024\" src=\"https:\/\/richeskarayib.com\/wp-content\/uploads\/2024\/03\/WhatsApp-Image-2024-03-16-a-15.25.47_35d75cb4-724x1024.jpg\" class=\"attachment-large size-large wp-image-21528\" alt=\"\" srcset=\"https:\/\/richeskarayib.com\/wp-content\/uploads\/2024\/03\/WhatsApp-Image-2024-03-16-a-15.25.47_35d75cb4-724x1024.jpg 724w, https:\/\/richeskarayib.com\/wp-content\/uploads\/2024\/03\/WhatsApp-Image-2024-03-16-a-15.25.47_35d75cb4-212x300.jpg 212w, https:\/\/richeskarayib.com\/wp-content\/uploads\/2024\/03\/WhatsApp-Image-2024-03-16-a-15.25.47_35d75cb4-768x1086.jpg 768w, https:\/\/richeskarayib.com\/wp-content\/uploads\/2024\/03\/WhatsApp-Image-2024-03-16-a-15.25.47_35d75cb4-1087x1536.jpg 1087w, https:\/\/richeskarayib.com\/wp-content\/uploads\/2024\/03\/WhatsApp-Image-2024-03-16-a-15.25.47_35d75cb4.jpg 1132w\" sizes=\"(max-width: 724px) 100vw, 724px\" \/>\t\t\t\t\t\t\t\t\t\t\t\t\t\t\t<\/div>\n\t\t\t\t<\/div>\n\t\t\t\t\t<\/div>\n\t\t<\/div>\n\t\t\t\t<div class=\"elementor-column elementor-col-50 elementor-inner-column elementor-element elementor-element-67ab89f\" data-id=\"67ab89f\" data-element_type=\"column\">\n\t\t\t<div class=\"elementor-widget-wrap elementor-element-populated\">\n\t\t\t\t\t\t<div class=\"elementor-element elementor-element-7be1818 elementor-widget elementor-widget-image\" data-id=\"7be1818\" data-element_type=\"widget\" data-widget_type=\"image.default\">\n\t\t\t\t<div class=\"elementor-widget-container\">\n\t\t\t\t\t\t\t\t\t\t\t\t\t\t\t<img decoding=\"async\" width=\"724\" height=\"1024\" src=\"https:\/\/richeskarayib.com\/wp-content\/uploads\/2024\/03\/hans-winair-1-724x1024.jpg\" class=\"attachment-large size-large wp-image-21524\" alt=\"\" srcset=\"https:\/\/richeskarayib.com\/wp-content\/uploads\/2024\/03\/hans-winair-1-724x1024.jpg 724w, https:\/\/richeskarayib.com\/wp-content\/uploads\/2024\/03\/hans-winair-1-212x300.jpg 212w, https:\/\/richeskarayib.com\/wp-content\/uploads\/2024\/03\/hans-winair-1-768x1086.jpg 768w, https:\/\/richeskarayib.com\/wp-content\/uploads\/2024\/03\/hans-winair-1-1087x1536.jpg 1087w, https:\/\/richeskarayib.com\/wp-content\/uploads\/2024\/03\/hans-winair-1.jpg 1132w\" sizes=\"(max-width: 724px) 100vw, 724px\" \/>\t\t\t\t\t\t\t\t\t\t\t\t\t\t\t<\/div>\n\t\t\t\t<\/div>\n\t\t\t\t\t<\/div>\n\t\t<\/div>\n\t\t\t\t\t<\/div>\n\t\t<\/section>\n\t\t\t\t\t<\/div>\n\t\t<\/div>\n\t\t\t\t\t<\/div>\n\t\t<\/section>\n\t\t\t\t<section class=\"elementor-section elementor-top-section elementor-element elementor-element-b40b395 elementor-section-boxed elementor-section-height-default elementor-section-height-default\" data-id=\"b40b395\" data-element_type=\"section\">\n\t\t\t\t\t\t<div class=\"elementor-container elementor-column-gap-default\">\n\t\t\t\t\t<div class=\"elementor-column elementor-col-100 elementor-top-column elementor-element elementor-element-1e78ab6\" data-id=\"1e78ab6\" data-element_type=\"column\">\n\t\t\t<div class=\"elementor-widget-wrap elementor-element-populated\">\n\t\t\t\t\t\t<div class=\"elementor-element elementor-element-d01194f elementor-widget elementor-widget-heading\" data-id=\"d01194f\" data-element_type=\"widget\" data-widget_type=\"heading.default\">\n\t\t\t\t<div class=\"elementor-widget-container\">\n\t\t\t\t\t<h2 class=\"elementor-heading-title elementor-size-default\">ENTRETIEN AVEC LE DIRECTEUR GENERAL : HANS VAN DE VELDE<\/h2>\t\t\t\t<\/div>\n\t\t\t\t<\/div>\n\t\t\t\t<div class=\"elementor-element elementor-element-3075eb2 elementor-widget elementor-widget-text-editor\" data-id=\"3075eb2\" data-element_type=\"widget\" data-widget_type=\"text-editor.default\">\n\t\t\t\t<div class=\"elementor-widget-container\">\n\t\t\t\t\t\t\t\t\t<p>\n            <strong>Quels sont vos prochains projets pour d\u00e9velopper votre trafic a\u00e9rien ?<\/strong>\n          <\/p>\n<p>Nous pr\u00e9voyons l&#8217;arriv\u00e9e de nouveaux avions en novembre de cette ann\u00e9e et l&#8217;ann\u00e9e suivante. Nous nous d\u00e9ploierons ensuite vers le sud de la r\u00e9gion avec des connexions vers la Barbade, Sainte-Lucie et probablement Saint-Vincent. Il est important de noter que nous ne nous contentons pas de relier Saint-Martin aux autres \u00eeles, mais que nous proposons \u00e9galement de nombreuses liaisons entre ces \u00eeles. Nous ouvrirons bient\u00f4t la liaison Martinique &#8211; St. Martin, mais pourquoi ne pas envisager, par exemple, une liaison Martinique &#8211; Antigua si elle fonctionne bien ? L&#8217;ancienne compagnie a\u00e9rienne LIAT a en effet assur\u00e9 ce service dans le pass\u00e9.<\/p>\n\t\t\t\t\t\t\t\t<\/div>\n\t\t\t\t<\/div>\n\t\t\t\t\t<\/div>\n\t\t<\/div>\n\t\t\t\t\t<\/div>\n\t\t<\/section>\n\t\t\t\t<\/div>\n\t\t","protected":false},"excerpt":{"rendered":"<p>NOUVELLES PERSPECTIVES La connectivit\u00e9 a\u00e9rienne des Cara\u00efbes a \u00e9t\u00e9 mise \u00e0 mal par la fermeture de compagnies a\u00e9riennes r\u00e9gionales cl\u00e9s comme AIR ANTILLES et LIAT. Cependant, un espoir se profile \u00e0 l&#8217;horizon avec l&#8217;intervention de Winair pour combler le foss\u00e9. \u00c0 partir du mois d&#8217;avril, Winair lance des vols directs de la Martinique vers Saint-Martin [&hellip;]<\/p>\n","protected":false},"author":47,"featured_media":20299,"comment_status":"open","ping_status":"open","sticky":false,"template":"","format":"standard","meta":{"_acf_changed":false,"footnotes":""},"categories":[838],"tags":[1445],"class_list":["post-23160","post","type-post","status-publish","format-standard","has-post-thumbnail","hentry","category-nouvelles","tag-sint-maarten-cpf"],"acf":[],"_links":{"self":[{"href":"https:\/\/richeskarayib.com\/cpf\/wp-json\/wp\/v2\/posts\/23160","targetHints":{"allow":["GET"]}}],"collection":[{"href":"https:\/\/richeskarayib.com\/cpf\/wp-json\/wp\/v2\/posts"}],"about":[{"href":"https:\/\/richeskarayib.com\/cpf\/wp-json\/wp\/v2\/types\/post"}],"author":[{"embeddable":true,"href":"https:\/\/richeskarayib.com\/cpf\/wp-json\/wp\/v2\/users\/47"}],"replies":[{"embeddable":true,"href":"https:\/\/richeskarayib.com\/cpf\/wp-json\/wp\/v2\/comments?post=23160"}],"version-history":[{"count":0,"href":"https:\/\/richeskarayib.com\/cpf\/wp-json\/wp\/v2\/posts\/23160\/revisions"}],"wp:featuredmedia":[{"embeddable":true,"href":"https:\/\/richeskarayib.com\/cpf\/wp-json\/wp\/v2\/media\/20299"}],"wp:attachment":[{"href":"https:\/\/richeskarayib.com\/cpf\/wp-json\/wp\/v2\/media?parent=23160"}],"wp:term":[{"taxonomy":"category","embeddable":true,"href":"https:\/\/richeskarayib.com\/cpf\/wp-json\/wp\/v2\/categories?post=23160"},{"taxonomy":"post_tag","embeddable":true,"href":"https:\/\/richeskarayib.com\/cpf\/wp-json\/wp\/v2\/tags?post=23160"}],"curies":[{"name":"wp","href":"https:\/\/api.w.org\/{rel}","templated":true}]}}