{"id":39212,"date":"2024-06-01T16:16:45","date_gmt":"2024-06-01T16:16:45","guid":{"rendered":"https:\/\/richeskarayib.com\/sainte-lucie\/"},"modified":"2024-06-01T20:37:20","modified_gmt":"2024-06-01T20:37:20","slug":"sainte-lucie","status":"publish","type":"post","link":"https:\/\/richeskarayib.com\/cpf\/sainte-lucie\/","title":{"rendered":"ST. LuCiA"},"content":{"rendered":"\t\t<div data-elementor-type=\"wp-post\" data-elementor-id=\"39212\" class=\"elementor elementor-39212\" data-elementor-post-type=\"post\">\n\t\t\t\t\t\t<section class=\"elementor-section elementor-top-section elementor-element elementor-element-2769f4ec elementor-section-boxed elementor-section-height-default elementor-section-height-default\" data-id=\"2769f4ec\" data-element_type=\"section\">\n\t\t\t\t\t\t<div class=\"elementor-container elementor-column-gap-default\">\n\t\t\t\t\t<div class=\"elementor-column elementor-col-100 elementor-top-column elementor-element elementor-element-1c7b386e\" data-id=\"1c7b386e\" data-element_type=\"column\">\n\t\t\t<div class=\"elementor-widget-wrap elementor-element-populated\">\n\t\t\t\t\t\t<div class=\"elementor-element elementor-element-781a38cb elementor-widget elementor-widget-heading\" data-id=\"781a38cb\" data-element_type=\"widget\" data-widget_type=\"heading.default\">\n\t\t\t\t<div class=\"elementor-widget-container\">\n\t\t\t\t\t<h1 class=\"elementor-heading-title elementor-size-default\">Dominique<\/h1>\t\t\t\t<\/div>\n\t\t\t\t<\/div>\n\t\t\t\t<div class=\"elementor-element elementor-element-5f6cd04e elementor-widget elementor-widget-text-editor\" data-id=\"5f6cd04e\" data-element_type=\"widget\" data-widget_type=\"text-editor.default\">\n\t\t\t\t<div class=\"elementor-widget-container\">\n\t\t\t\t\t\t\t\t\t<h2><strong>Le Tr\u00e9sor Intact des Cara\u00efbes<\/strong><\/h2>\n<p>Bienvenue \u00e0 la Dominique, un joyau verdoyant nich\u00e9 au c\u0153ur des Cara\u00efbes. C&#8217;est un endroit o\u00f9 le rythme de la nature se synchronise avec le battement de c\u0153ur de ses habitants, cr\u00e9ant une symphonie insulaire d&#8217;exp\u00e9riences inoubliables.<\/p>\n<p>\u00c0 ne pas confondre avec la R\u00e9publique dominicaine, cette \u00eele situ\u00e9e entre la Guadeloupe et la Martinique est un sanctuaire pour ceux qui cherchent \u00e0 s&#8217;immerger dans une beaut\u00e9 naturelle pr\u00e9serv\u00e9e et un riche patrimoine culturel. Souvent surnomm\u00e9e &#8220;<b>l&#8217;\u00eele de la nature<\/b>&#8220;, la Dominique offre un \u00e9ventail unique d&#8217;exp\u00e9riences immersives en plein air, avec en toile de fond des paysages luxuriants et des eaux pures.<\/p>\n\t\t\t\t\t\t\t\t<\/div>\n\t\t\t\t<\/div>\n\t\t\t\t<div class=\"elementor-element elementor-element-5a91b47d elementor-widget elementor-widget-text-editor\" data-id=\"5a91b47d\" data-element_type=\"widget\" data-widget_type=\"text-editor.default\">\n\t\t\t\t<div class=\"elementor-widget-container\">\n\t\t\t\t\t\t\t\t\t<p>La Dominique, prononc\u00e9e Dom-in-IIK-a, se trouve dans la Cara\u00efbe orientale. C&#8217;est une \u00eele o\u00f9 la nature r\u00e8gne en ma\u00eetre et qui incarne le c\u0153ur et l&#8217;\u00e2me de la beaut\u00e9 brute et intacte des \u00eeles. La capitale, Roseau, incarne l&#8217;esprit de l&#8217;\u00eele, une porte d&#8217;entr\u00e9e vers la myriade de merveilles naturelles et le pouls vibrant de son peuple et de sa culture.<\/p>\n\t\t\t\t\t\t\t\t<\/div>\n\t\t\t\t<\/div>\n\t\t\t\t<div class=\"elementor-element elementor-element-394ea530 elementor-widget elementor-widget-image\" data-id=\"394ea530\" data-element_type=\"widget\" data-widget_type=\"image.default\">\n\t\t\t\t<div class=\"elementor-widget-container\">\n\t\t\t\t\t\t\t\t\t\t\t\t\t\t\t<img fetchpriority=\"high\" decoding=\"async\" width=\"800\" height=\"800\" src=\"https:\/\/richeskarayib.com\/wp-content\/uploads\/2024\/03\/Design-sans-titre-4-1024x1024.png\" class=\"attachment-large size-large wp-image-21533\" alt=\"\" srcset=\"https:\/\/richeskarayib.com\/wp-content\/uploads\/2024\/03\/Design-sans-titre-4-1024x1024.png 1024w, https:\/\/richeskarayib.com\/wp-content\/uploads\/2024\/03\/Design-sans-titre-4-300x300.png 300w, https:\/\/richeskarayib.com\/wp-content\/uploads\/2024\/03\/Design-sans-titre-4-150x150.png 150w, https:\/\/richeskarayib.com\/wp-content\/uploads\/2024\/03\/Design-sans-titre-4-768x768.png 768w, https:\/\/richeskarayib.com\/wp-content\/uploads\/2024\/03\/Design-sans-titre-4.png 1080w\" sizes=\"(max-width: 800px) 100vw, 800px\" \/>\t\t\t\t\t\t\t\t\t\t\t\t\t\t\t<\/div>\n\t\t\t\t<\/div>\n\t\t\t\t<section class=\"elementor-section elementor-inner-section elementor-element elementor-element-554d8d7d elementor-section-boxed elementor-section-height-default elementor-section-height-default\" data-id=\"554d8d7d\" data-element_type=\"section\">\n\t\t\t\t\t\t<div class=\"elementor-container elementor-column-gap-default\">\n\t\t\t\t\t<div class=\"elementor-column elementor-col-50 elementor-inner-column elementor-element elementor-element-5c3c64c4\" data-id=\"5c3c64c4\" data-element_type=\"column\">\n\t\t\t<div class=\"elementor-widget-wrap elementor-element-populated\">\n\t\t\t\t\t\t<div class=\"elementor-element elementor-element-7cce5b97 elementor-widget elementor-widget-text-editor\" data-id=\"7cce5b97\" data-element_type=\"widget\" data-widget_type=\"text-editor.default\">\n\t\t\t\t<div class=\"elementor-widget-container\">\n\t\t\t\t\t\t\t\t\t<h2><strong>Un aper\u00e7u g\u00e9ographique<\/strong><\/h2>\n<ul>\n<li><strong>Taille<\/strong>: 758 km\u00b2 ; 46km de long et 26 km de large.<\/li>\n<li><strong>Capitale<\/strong>: Roseau, \u00e0 l&#8217;ouest de l&#8217;\u00eele.<\/li>\n<li><strong>Point culminant<\/strong>: Morne Diablotins \u00e0 1 447 m\u00e8tres<\/li>\n<li><strong>Population<\/strong>: Environ 76 000 habitants (2022).<\/li>\n<li><strong>V\u00e9g\u00e9tation<\/strong>: Connue pour sa v\u00e9g\u00e9tation luxuriante et vari\u00e9e, soutenue par des pr\u00e9cipitations annuelles atteignant 760cm.<\/li>\n<li><strong>Plans d&#8217;eau<\/strong>: 365 rivi\u00e8res et une abondance d&#8217;esp\u00e8ces uniques, avec plus de 1 000 types de plantes \u00e0 fleurs.<\/li>\n<li><strong>G\u00e9ologie<\/strong>: L&#8217;\u00eele compte neuf volcans actifs, qui influencent les caract\u00e9ristiques g\u00e9othermiques de l&#8217;\u00eele, comme le <strong>Boiling Lake<\/strong>, o\u00f9 la temp\u00e9rature de l&#8217;eau d\u00e9passe les 200 degr\u00e9s Fahrenheit<strong>(la deuxi\u00e8me plus grande source d&#8217;eau chaude au monde)<\/strong>.<\/li>\n<li><strong>Merveilles naturelles<\/strong>: Le parc national du Morne Trois Pitons, class\u00e9 au patrimoine mondial de l&#8217;UNESCO, abrite des fumerolles.<\/li>\n<li><strong>Agriculture<\/strong>: Le sol volcanique fertile et les eaux riches en min\u00e9raux favorisent l&#8217;agriculture durable et la cuisine locale.<\/li>\n<\/ul>\n\t\t\t\t\t\t\t\t<\/div>\n\t\t\t\t<\/div>\n\t\t\t\t\t<\/div>\n\t\t<\/div>\n\t\t\t\t<div class=\"elementor-column elementor-col-50 elementor-inner-column elementor-element elementor-element-6e1b4b99\" data-id=\"6e1b4b99\" data-element_type=\"column\">\n\t\t\t<div class=\"elementor-widget-wrap elementor-element-populated\">\n\t\t\t\t\t\t<section class=\"elementor-section elementor-inner-section elementor-element elementor-element-5d447c7 elementor-section-boxed elementor-section-height-default elementor-section-height-default\" data-id=\"5d447c7\" data-element_type=\"section\">\n\t\t\t\t\t\t<div class=\"elementor-container elementor-column-gap-default\">\n\t\t\t\t\t<div class=\"elementor-column elementor-col-100 elementor-inner-column elementor-element elementor-element-994b4e2\" data-id=\"994b4e2\" data-element_type=\"column\">\n\t\t\t<div class=\"elementor-widget-wrap elementor-element-populated\">\n\t\t\t\t\t\t<div class=\"elementor-element elementor-element-5b4f0d9 elementor-widget elementor-widget-image\" data-id=\"5b4f0d9\" data-element_type=\"widget\" data-widget_type=\"image.default\">\n\t\t\t\t<div class=\"elementor-widget-container\">\n\t\t\t\t\t\t\t\t\t\t\t\t\t\t\t<img decoding=\"async\" width=\"800\" height=\"1016\" src=\"https:\/\/richeskarayib.com\/wp-content\/uploads\/2024\/03\/WhatsApp-Image-2024-02-29-a-21.19.07_91775001-806x1024.jpg\" class=\"attachment-large size-large wp-image-21537\" alt=\"\" srcset=\"https:\/\/richeskarayib.com\/wp-content\/uploads\/2024\/03\/WhatsApp-Image-2024-02-29-a-21.19.07_91775001-806x1024.jpg 806w, https:\/\/richeskarayib.com\/wp-content\/uploads\/2024\/03\/WhatsApp-Image-2024-02-29-a-21.19.07_91775001-236x300.jpg 236w, https:\/\/richeskarayib.com\/wp-content\/uploads\/2024\/03\/WhatsApp-Image-2024-02-29-a-21.19.07_91775001-768x975.jpg 768w, https:\/\/richeskarayib.com\/wp-content\/uploads\/2024\/03\/WhatsApp-Image-2024-02-29-a-21.19.07_91775001.jpg 1170w\" sizes=\"(max-width: 800px) 100vw, 800px\" \/>\t\t\t\t\t\t\t\t\t\t\t\t\t\t\t<\/div>\n\t\t\t\t<\/div>\n\t\t\t\t\t<\/div>\n\t\t<\/div>\n\t\t\t\t\t<\/div>\n\t\t<\/section>\n\t\t\t\t\t<\/div>\n\t\t<\/div>\n\t\t\t\t\t<\/div>\n\t\t<\/section>\n\t\t\t\t<section class=\"elementor-section elementor-inner-section elementor-element elementor-element-4ab62b7 elementor-section-boxed elementor-section-height-default elementor-section-height-default\" data-id=\"4ab62b7\" data-element_type=\"section\">\n\t\t\t\t\t\t<div class=\"elementor-container elementor-column-gap-default\">\n\t\t\t\t\t<div class=\"elementor-column elementor-col-100 elementor-inner-column elementor-element elementor-element-d9ecc5e\" data-id=\"d9ecc5e\" data-element_type=\"column\">\n\t\t\t<div class=\"elementor-widget-wrap elementor-element-populated\">\n\t\t\t\t\t\t<div class=\"elementor-element elementor-element-fdaf40c elementor-widget elementor-widget-gallery\" data-id=\"fdaf40c\" data-element_type=\"widget\" data-settings=\"{&quot;lazyload&quot;:&quot;yes&quot;,&quot;gallery_layout&quot;:&quot;grid&quot;,&quot;columns&quot;:4,&quot;columns_tablet&quot;:2,&quot;columns_mobile&quot;:1,&quot;gap&quot;:{&quot;unit&quot;:&quot;px&quot;,&quot;size&quot;:10,&quot;sizes&quot;:[]},&quot;gap_tablet&quot;:{&quot;unit&quot;:&quot;px&quot;,&quot;size&quot;:10,&quot;sizes&quot;:[]},&quot;gap_mobile&quot;:{&quot;unit&quot;:&quot;px&quot;,&quot;size&quot;:10,&quot;sizes&quot;:[]},&quot;link_to&quot;:&quot;file&quot;,&quot;aspect_ratio&quot;:&quot;3:2&quot;,&quot;overlay_background&quot;:&quot;yes&quot;,&quot;content_hover_animation&quot;:&quot;fade-in&quot;}\" data-widget_type=\"gallery.default\">\n\t\t\t\t<div class=\"elementor-widget-container\">\n\t\t\t\t\t\t\t<div class=\"elementor-gallery__container\">\n\t\t\t\t\t\t\t<a class=\"e-gallery-item elementor-gallery-item elementor-animated-content\" href=\"https:\/\/richeskarayib.com\/wp-content\/uploads\/2024\/03\/DSC04884-scaled.jpg\" data-elementor-open-lightbox=\"yes\" data-elementor-lightbox-slideshow=\"fdaf40c\" data-elementor-lightbox-title=\"DSC04884\" data-e-action-hash=\"#elementor-action%3Aaction%3Dlightbox%26settings%3DeyJpZCI6MjE1NzIsInVybCI6Imh0dHBzOlwvXC9yaWNoZXNrYXJheWliLmNvbVwvd3AtY29udGVudFwvdXBsb2Fkc1wvMjAyNFwvMDNcL0RTQzA0ODg0LXNjYWxlZC5qcGciLCJzbGlkZXNob3ciOiJmZGFmNDBjIn0%3D\">\n\t\t\t\t\t<div class=\"e-gallery-image elementor-gallery-item__image\" data-thumbnail=\"https:\/\/richeskarayib.com\/wp-content\/uploads\/2024\/03\/DSC04884-300x200.jpg\" data-width=\"300\" data-height=\"200\" aria-label=\"\" role=\"img\" ><\/div>\n\t\t\t\t\t\t\t\t\t\t\t<div class=\"elementor-gallery-item__overlay\"><\/div>\n\t\t\t\t\t\t\t\t\t\t\t\t\t\t<\/a>\n\t\t\t\t\t\t\t<a class=\"e-gallery-item elementor-gallery-item elementor-animated-content\" href=\"https:\/\/richeskarayib.com\/wp-content\/uploads\/2024\/03\/FW_Dominica2022_MatWillder_44-scaled.jpg\" data-elementor-open-lightbox=\"yes\" data-elementor-lightbox-slideshow=\"fdaf40c\" data-elementor-lightbox-title=\"FW_Dominica2022_MatWillder_44\" data-e-action-hash=\"#elementor-action%3Aaction%3Dlightbox%26settings%3DeyJpZCI6MjE1NzYsInVybCI6Imh0dHBzOlwvXC9yaWNoZXNrYXJheWliLmNvbVwvd3AtY29udGVudFwvdXBsb2Fkc1wvMjAyNFwvMDNcL0ZXX0RvbWluaWNhMjAyMl9NYXRXaWxsZGVyXzQ0LXNjYWxlZC5qcGciLCJzbGlkZXNob3ciOiJmZGFmNDBjIn0%3D\">\n\t\t\t\t\t<div class=\"e-gallery-image elementor-gallery-item__image\" data-thumbnail=\"https:\/\/richeskarayib.com\/wp-content\/uploads\/2024\/03\/FW_Dominica2022_MatWillder_44-300x200.jpg\" data-width=\"300\" data-height=\"200\" aria-label=\"\" role=\"img\" ><\/div>\n\t\t\t\t\t\t\t\t\t\t\t<div class=\"elementor-gallery-item__overlay\"><\/div>\n\t\t\t\t\t\t\t\t\t\t\t\t\t\t<\/a>\n\t\t\t\t\t\t\t<a class=\"e-gallery-item elementor-gallery-item elementor-animated-content\" href=\"https:\/\/richeskarayib.com\/wp-content\/uploads\/2024\/03\/WhatsApp-Image-2024-02-28-a-21.41.33_85417087.jpg\" data-elementor-open-lightbox=\"yes\" data-elementor-lightbox-slideshow=\"fdaf40c\" data-elementor-lightbox-title=\"WhatsApp Image 2024-02-28 \u00e0 21.41.33_85417087\" data-e-action-hash=\"#elementor-action%3Aaction%3Dlightbox%26settings%3DeyJpZCI6MjE1ODAsInVybCI6Imh0dHBzOlwvXC9yaWNoZXNrYXJheWliLmNvbVwvd3AtY29udGVudFwvdXBsb2Fkc1wvMjAyNFwvMDNcL1doYXRzQXBwLUltYWdlLTIwMjQtMDItMjgtYS0yMS40MS4zM184NTQxNzA4Ny5qcGciLCJzbGlkZXNob3ciOiJmZGFmNDBjIn0%3D\">\n\t\t\t\t\t<div class=\"e-gallery-image elementor-gallery-item__image\" data-thumbnail=\"https:\/\/richeskarayib.com\/wp-content\/uploads\/2024\/03\/WhatsApp-Image-2024-02-28-a-21.41.33_85417087-300x225.jpg\" data-width=\"300\" data-height=\"225\" aria-label=\"\" role=\"img\" ><\/div>\n\t\t\t\t\t\t\t\t\t\t\t<div class=\"elementor-gallery-item__overlay\"><\/div>\n\t\t\t\t\t\t\t\t\t\t\t\t\t\t<\/a>\n\t\t\t\t\t\t\t<a class=\"e-gallery-item elementor-gallery-item elementor-animated-content\" href=\"https:\/\/richeskarayib.com\/wp-content\/uploads\/2024\/03\/Design-sans-titre-5.png\" data-elementor-open-lightbox=\"yes\" data-elementor-lightbox-slideshow=\"fdaf40c\" data-elementor-lightbox-title=\"Dominica 1\" data-e-action-hash=\"#elementor-action%3Aaction%3Dlightbox%26settings%3DeyJpZCI6MjE2MDUsInVybCI6Imh0dHBzOlwvXC9yaWNoZXNrYXJheWliLmNvbVwvd3AtY29udGVudFwvdXBsb2Fkc1wvMjAyNFwvMDNcL0Rlc2lnbi1zYW5zLXRpdHJlLTUucG5nIiwic2xpZGVzaG93IjoiZmRhZjQwYyJ9\">\n\t\t\t\t\t<div class=\"e-gallery-image elementor-gallery-item__image\" data-thumbnail=\"https:\/\/richeskarayib.com\/wp-content\/uploads\/2024\/03\/Design-sans-titre-5-300x300.png\" data-width=\"300\" data-height=\"300\" aria-label=\"\" role=\"img\" ><\/div>\n\t\t\t\t\t\t\t\t\t\t\t<div class=\"elementor-gallery-item__overlay\"><\/div>\n\t\t\t\t\t\t\t\t\t\t\t\t\t\t<\/a>\n\t\t\t\t\t<\/div>\n\t\t\t\t\t<\/div>\n\t\t\t\t<\/div>\n\t\t\t\t\t<\/div>\n\t\t<\/div>\n\t\t\t\t\t<\/div>\n\t\t<\/section>\n\t\t\t\t\t<\/div>\n\t\t<\/div>\n\t\t\t\t\t<\/div>\n\t\t<\/section>\n\t\t\t\t<section class=\"elementor-section elementor-top-section elementor-element elementor-element-de7717c elementor-section-boxed elementor-section-height-default elementor-section-height-default\" data-id=\"de7717c\" data-element_type=\"section\">\n\t\t\t\t\t\t<div class=\"elementor-container elementor-column-gap-default\">\n\t\t\t\t\t<div class=\"elementor-column elementor-col-100 elementor-top-column elementor-element elementor-element-5d57844\" data-id=\"5d57844\" data-element_type=\"column\">\n\t\t\t<div class=\"elementor-widget-wrap elementor-element-populated\">\n\t\t\t\t\t\t<section class=\"elementor-section elementor-inner-section elementor-element elementor-element-ebe7d7b elementor-section-boxed elementor-section-height-default elementor-section-height-default\" data-id=\"ebe7d7b\" data-element_type=\"section\">\n\t\t\t\t\t\t<div class=\"elementor-container elementor-column-gap-default\">\n\t\t\t\t\t<div class=\"elementor-column elementor-col-100 elementor-inner-column elementor-element elementor-element-f0769ad\" data-id=\"f0769ad\" data-element_type=\"column\">\n\t\t\t<div class=\"elementor-widget-wrap elementor-element-populated\">\n\t\t\t\t\t\t<div class=\"elementor-element elementor-element-5d65ff5 elementor-widget elementor-widget-text-editor\" data-id=\"5d65ff5\" data-element_type=\"widget\" data-widget_type=\"text-editor.default\">\n\t\t\t\t<div class=\"elementor-widget-container\">\n\t\t\t\t\t\t\t\t\t<h2><strong>Mosa\u00efque Culturelle<\/strong><\/h2>\n<p>La Dominique est un brassage de cultures, o\u00f9 la population honore et ch\u00e9rit ses origines ancestrales, incluant celles des Kalinagos \u2013 les autochtones de l&#8217;\u00eele. <\/p>\n\t\t\t\t\t\t\t\t<\/div>\n\t\t\t\t<\/div>\n\t\t\t\t<div class=\"elementor-element elementor-element-9ee95cc elementor-widget elementor-widget-image\" data-id=\"9ee95cc\" data-element_type=\"widget\" data-widget_type=\"image.default\">\n\t\t\t\t<div class=\"elementor-widget-container\">\n\t\t\t\t\t\t\t\t\t\t\t\t\t\t\t<img decoding=\"async\" width=\"800\" height=\"779\" src=\"https:\/\/richeskarayib.com\/wp-content\/uploads\/2024\/03\/Kalinago-Dance-3-1024x997.jpg\" class=\"attachment-large size-large wp-image-21541\" alt=\"\" srcset=\"https:\/\/richeskarayib.com\/wp-content\/uploads\/2024\/03\/Kalinago-Dance-3-1024x997.jpg 1024w, https:\/\/richeskarayib.com\/wp-content\/uploads\/2024\/03\/Kalinago-Dance-3-300x292.jpg 300w, https:\/\/richeskarayib.com\/wp-content\/uploads\/2024\/03\/Kalinago-Dance-3-768x748.jpg 768w, https:\/\/richeskarayib.com\/wp-content\/uploads\/2024\/03\/Kalinago-Dance-3-1536x1496.jpg 1536w, https:\/\/richeskarayib.com\/wp-content\/uploads\/2024\/03\/Kalinago-Dance-3-2048x1995.jpg 2048w\" sizes=\"(max-width: 800px) 100vw, 800px\" \/>\t\t\t\t\t\t\t\t\t\t\t\t\t\t\t<\/div>\n\t\t\t\t<\/div>\n\t\t\t\t<div class=\"elementor-element elementor-element-eeaaf3c elementor-widget elementor-widget-text-editor\" data-id=\"eeaaf3c\" data-element_type=\"widget\" data-widget_type=\"text-editor.default\">\n\t\t\t\t<div class=\"elementor-widget-container\">\n\t\t\t\t\t\t\t\t\t<p>Les <strong>Kalinago<\/strong>, connus \u00e0 l&#8217;origine sous le nom de Caribes, seraient originaires d&#8217;Am\u00e9rique du Sud et repr\u00e9sentent la derni\u00e8re tribu des Indiens caribes pr\u00e9colombiens remontant \u00e0 environ 3000 ans avant J\u00e9sus-Christ.<\/p>\n<p>Apr\u00e8s l&#8217;arriv\u00e9e de Christophe Colomb et des colons europ\u00e9ens, les Kalinago se sont r\u00e9fugi\u00e9s dans la partie est isol\u00e9e de la Dominique, emportant avec eux rites, rituels et un mode de vie remontant aux premiers habitants de l&#8217;\u00eele.<\/p>\n<p>Les Britanniques ont pris le contr\u00f4le total de l&#8217;\u00eele en 1763, attribuant aux Kalinagos 93 hectares de terre.<\/p>\n<p>Leur territoire a \u00e9t\u00e9 \u00e9tendu \u00e0 1497 hectares en 1903 et l&#8217;\u00eele a obtenu son ind\u00e9pendance en 1978.<\/p>\n<p>La richesse de leur langue et leur profond attachement \u00e0 la nature se refl\u00e8tent dans le nom qu&#8217;ils donnent \u00e0 leur \u00eele, &#8220;Waitukubuli&#8221;, qui signifie &#8220;grand est son corps&#8221;.<\/p>\n<p>Ce territoire est unique dans la Cara\u00efbe.<\/p>\n\t\t\t\t\t\t\t\t<\/div>\n\t\t\t\t<\/div>\n\t\t\t\t\t<\/div>\n\t\t<\/div>\n\t\t\t\t\t<\/div>\n\t\t<\/section>\n\t\t\t\t<section class=\"elementor-section elementor-inner-section elementor-element elementor-element-8725873 elementor-section-boxed elementor-section-height-default elementor-section-height-default\" data-id=\"8725873\" data-element_type=\"section\">\n\t\t\t\t\t\t<div class=\"elementor-container elementor-column-gap-default\">\n\t\t\t\t\t<div class=\"elementor-column elementor-col-50 elementor-inner-column elementor-element elementor-element-060f28f\" data-id=\"060f28f\" data-element_type=\"column\">\n\t\t\t<div class=\"elementor-widget-wrap elementor-element-populated\">\n\t\t\t\t\t\t<div class=\"elementor-element elementor-element-26d4174 elementor-widget elementor-widget-image\" data-id=\"26d4174\" data-element_type=\"widget\" data-widget_type=\"image.default\">\n\t\t\t\t<div class=\"elementor-widget-container\">\n\t\t\t\t\t\t\t\t\t\t\t\t\t\t\t<img loading=\"lazy\" decoding=\"async\" width=\"800\" height=\"584\" src=\"https:\/\/richeskarayib.com\/wp-content\/uploads\/2024\/03\/DAG_0429-1024x747.jpg\" class=\"attachment-large size-large wp-image-21545\" alt=\"\" srcset=\"https:\/\/richeskarayib.com\/wp-content\/uploads\/2024\/03\/DAG_0429-1024x747.jpg 1024w, https:\/\/richeskarayib.com\/wp-content\/uploads\/2024\/03\/DAG_0429-300x219.jpg 300w, https:\/\/richeskarayib.com\/wp-content\/uploads\/2024\/03\/DAG_0429-768x560.jpg 768w, https:\/\/richeskarayib.com\/wp-content\/uploads\/2024\/03\/DAG_0429-1536x1121.jpg 1536w, https:\/\/richeskarayib.com\/wp-content\/uploads\/2024\/03\/DAG_0429-2048x1494.jpg 2048w\" sizes=\"(max-width: 800px) 100vw, 800px\" \/>\t\t\t\t\t\t\t\t\t\t\t\t\t\t\t<\/div>\n\t\t\t\t<\/div>\n\t\t\t\t<div class=\"elementor-element elementor-element-a1f433c elementor-widget elementor-widget-text-editor\" data-id=\"a1f433c\" data-element_type=\"widget\" data-widget_type=\"text-editor.default\">\n\t\t\t\t<div class=\"elementor-widget-container\">\n\t\t\t\t\t\t\t\t\t<p>Si le <strong>crapaud de montagne<\/strong>, unique en son genre, est devenu un mets plus rare, la <strong>figue verte et le poisson sal\u00e9<\/strong>, tr\u00e8s appr\u00e9ci\u00e9s, restent des incontournables, refl\u00e9tant la diversit\u00e9 des saveurs de l&#8217;\u00eele. Les ingr\u00e9dients tels que les fruits frais, les l\u00e9gumes et les fruits de mer sont au c\u0153ur de la culture dominiquaise.<\/p>\n\t\t\t\t\t\t\t\t<\/div>\n\t\t\t\t<\/div>\n\t\t\t\t\t<\/div>\n\t\t<\/div>\n\t\t\t\t<div class=\"elementor-column elementor-col-50 elementor-inner-column elementor-element elementor-element-6782788\" data-id=\"6782788\" data-element_type=\"column\">\n\t\t\t<div class=\"elementor-widget-wrap elementor-element-populated\">\n\t\t\t\t\t\t<div class=\"elementor-element elementor-element-8aa9f84 elementor-widget elementor-widget-text-editor\" data-id=\"8aa9f84\" data-element_type=\"widget\" data-widget_type=\"text-editor.default\">\n\t\t\t\t<div class=\"elementor-widget-container\">\n\t\t\t\t\t\t\t\t\t<h2><strong>La cuisine de la Dominique en lumi\u00e8re<\/strong><\/h2>\n<p>Plongez au c\u0153ur du paysage culinaire de la Dominique, o\u00f9 les saveurs racontent l&#8217;histoire du patrimoine et de ses richesses naturelles.<\/p>\n<p>En t\u00eate de liste se trouve le <strong>Callaloo<\/strong>, un plat traditionnel tr\u00e8s appr\u00e9ci\u00e9 qui illustre la fusion des influences indig\u00e8nes et cr\u00e9oles. Cuisin\u00e9 \u00e0 partir des feuilles vertes et luxuriantes de la plante dasheen, mijot\u00e9 dans du lait de coco cr\u00e9meux et assaisonn\u00e9 d&#8217;herbes et d&#8217;\u00e9pices locales. Ce rago\u00fbt, qui contient souvent accompagn\u00e9 de crabe, de poulet ou de viande sal\u00e9e, incarne la connexion de la communaut\u00e9 \u00e0 la terre et \u00e0 la mer.<\/p>\n\t\t\t\t\t\t\t\t<\/div>\n\t\t\t\t<\/div>\n\t\t\t\t<div class=\"elementor-element elementor-element-cfcc2ca elementor-widget elementor-widget-image\" data-id=\"cfcc2ca\" data-element_type=\"widget\" data-widget_type=\"image.default\">\n\t\t\t\t<div class=\"elementor-widget-container\">\n\t\t\t\t\t\t\t\t\t\t\t\t\t\t\t<img loading=\"lazy\" decoding=\"async\" width=\"800\" height=\"450\" src=\"https:\/\/richeskarayib.com\/wp-content\/uploads\/2024\/03\/WhatsApp-Image-2024-02-28-a-21.26.52_4aa43fb1-1024x576.jpg\" class=\"attachment-large size-large wp-image-21549\" alt=\"\" srcset=\"https:\/\/richeskarayib.com\/wp-content\/uploads\/2024\/03\/WhatsApp-Image-2024-02-28-a-21.26.52_4aa43fb1-1024x576.jpg 1024w, https:\/\/richeskarayib.com\/wp-content\/uploads\/2024\/03\/WhatsApp-Image-2024-02-28-a-21.26.52_4aa43fb1-300x169.jpg 300w, https:\/\/richeskarayib.com\/wp-content\/uploads\/2024\/03\/WhatsApp-Image-2024-02-28-a-21.26.52_4aa43fb1-768x432.jpg 768w, https:\/\/richeskarayib.com\/wp-content\/uploads\/2024\/03\/WhatsApp-Image-2024-02-28-a-21.26.52_4aa43fb1-1536x864.jpg 1536w, https:\/\/richeskarayib.com\/wp-content\/uploads\/2024\/03\/WhatsApp-Image-2024-02-28-a-21.26.52_4aa43fb1.jpg 1600w\" sizes=\"(max-width: 800px) 100vw, 800px\" \/>\t\t\t\t\t\t\t\t\t\t\t\t\t\t\t<\/div>\n\t\t\t\t<\/div>\n\t\t\t\t\t<\/div>\n\t\t<\/div>\n\t\t\t\t\t<\/div>\n\t\t<\/section>\n\t\t\t\t\t<\/div>\n\t\t<\/div>\n\t\t\t\t\t<\/div>\n\t\t<\/section>\n\t\t\t\t<section class=\"elementor-section elementor-top-section elementor-element elementor-element-a44bbbe elementor-section-boxed elementor-section-height-default elementor-section-height-default\" data-id=\"a44bbbe\" data-element_type=\"section\">\n\t\t\t\t\t\t<div class=\"elementor-container elementor-column-gap-default\">\n\t\t\t\t\t<div class=\"elementor-column elementor-col-100 elementor-top-column elementor-element elementor-element-8223116\" data-id=\"8223116\" data-element_type=\"column\">\n\t\t\t<div class=\"elementor-widget-wrap elementor-element-populated\">\n\t\t\t\t\t\t<section class=\"elementor-section elementor-inner-section elementor-element elementor-element-3b4eb98 elementor-section-boxed elementor-section-height-default elementor-section-height-default\" data-id=\"3b4eb98\" data-element_type=\"section\">\n\t\t\t\t\t\t<div class=\"elementor-container elementor-column-gap-default\">\n\t\t\t\t\t<div class=\"elementor-column elementor-col-100 elementor-inner-column elementor-element elementor-element-165127c\" data-id=\"165127c\" data-element_type=\"column\">\n\t\t\t<div class=\"elementor-widget-wrap elementor-element-populated\">\n\t\t\t\t\t\t<div class=\"elementor-element elementor-element-febe7fc elementor-widget__width-initial elementor-widget elementor-widget-text-editor\" data-id=\"febe7fc\" data-element_type=\"widget\" data-widget_type=\"text-editor.default\">\n\t\t\t\t<div class=\"elementor-widget-container\">\n\t\t\t\t\t\t\t\t\t<h2><strong>Les Rythmes de la Dominique<\/strong><\/h2>\n<p>La riche culture de la Dominique est le fruit d&#8217;un m\u00e9lange de peuples anglais, fran\u00e7ais, africains et cara\u00eebes, qui se manifeste dans la musique, la danse, la langue et l&#8217;hospitalit\u00e9.<\/p>\n<p>Du carnaval color\u00e9, connu localement sous le nom de <b>Mas Domnik, <\/b>palpitant au rythme de la musique cr\u00e9ole et des rythmes du <b>&#8220;bouyon<\/b>&#8221; en passant par le World Creole Music Festival, chaque \u00e9v\u00e9nement est une fen\u00eatre ouverte sur l&#8217;\u00e2me de la Dominique.<\/p>\n<p>L&#8217;\u00eele accueille de grands \u00e9v\u00e9nements annuels tout au long de l&#8217;ann\u00e9e :<\/p>\n<ul>\n<li>Carnaval (f\u00e9vrier\/mars)<\/li>\n<li>Hike Fest &#8211; F\u00eate de la randonn\u00e9e (mai)<\/li>\n<li>Jazz &#8216;n Creole Fest (mai)<\/li>\n<li>Dive Fest &#8211; Festival de la plong\u00e9e (juillet)<\/li>\n<li>World Creole Music Festival (octobre)<\/li>\n<li>F\u00eate de l&#8217;ind\u00e9pendance (novembre)<\/li>\n<\/ul>\n<p>Les festivals de l&#8217;\u00eele combinent musique, danse et costumes traditionnels pour cr\u00e9er une exp\u00e9rience inoubliable.<\/p>\n\t\t\t\t\t\t\t\t<\/div>\n\t\t\t\t<\/div>\n\t\t\t\t<div class=\"elementor-element elementor-element-c788a86 elementor-widget elementor-widget-gallery\" data-id=\"c788a86\" data-element_type=\"widget\" data-settings=\"{&quot;columns&quot;:3,&quot;lazyload&quot;:&quot;yes&quot;,&quot;gallery_layout&quot;:&quot;grid&quot;,&quot;columns_tablet&quot;:2,&quot;columns_mobile&quot;:1,&quot;gap&quot;:{&quot;unit&quot;:&quot;px&quot;,&quot;size&quot;:10,&quot;sizes&quot;:[]},&quot;gap_tablet&quot;:{&quot;unit&quot;:&quot;px&quot;,&quot;size&quot;:10,&quot;sizes&quot;:[]},&quot;gap_mobile&quot;:{&quot;unit&quot;:&quot;px&quot;,&quot;size&quot;:10,&quot;sizes&quot;:[]},&quot;link_to&quot;:&quot;file&quot;,&quot;aspect_ratio&quot;:&quot;3:2&quot;,&quot;overlay_background&quot;:&quot;yes&quot;,&quot;content_hover_animation&quot;:&quot;fade-in&quot;}\" data-widget_type=\"gallery.default\">\n\t\t\t\t<div class=\"elementor-widget-container\">\n\t\t\t\t\t\t\t<div class=\"elementor-gallery__container\">\n\t\t\t\t\t\t\t<a class=\"e-gallery-item elementor-gallery-item elementor-animated-content\" href=\"https:\/\/richeskarayib.com\/wp-content\/uploads\/2024\/03\/WhatsApp-Image-2024-02-29-a-21.18.39_0d95a938.jpg\" data-elementor-open-lightbox=\"yes\" data-elementor-lightbox-slideshow=\"c788a86\" data-elementor-lightbox-title=\"WhatsApp Image 2024-02-29 \u00e0 21.18.39_0d95a938\" data-e-action-hash=\"#elementor-action%3Aaction%3Dlightbox%26settings%3DeyJpZCI6MjE1NTIsInVybCI6Imh0dHBzOlwvXC9yaWNoZXNrYXJheWliLmNvbVwvd3AtY29udGVudFwvdXBsb2Fkc1wvMjAyNFwvMDNcL1doYXRzQXBwLUltYWdlLTIwMjQtMDItMjktYS0yMS4xOC4zOV8wZDk1YTkzOC5qcGciLCJzbGlkZXNob3ciOiJjNzg4YTg2In0%3D\">\n\t\t\t\t\t<div class=\"e-gallery-image elementor-gallery-item__image\" data-thumbnail=\"https:\/\/richeskarayib.com\/wp-content\/uploads\/2024\/03\/WhatsApp-Image-2024-02-29-a-21.18.39_0d95a938-245x300.jpg\" data-width=\"245\" data-height=\"300\" aria-label=\"\" role=\"img\" ><\/div>\n\t\t\t\t\t\t\t\t\t\t\t<div class=\"elementor-gallery-item__overlay\"><\/div>\n\t\t\t\t\t\t\t\t\t\t\t\t\t\t<\/a>\n\t\t\t\t\t\t\t<a class=\"e-gallery-item elementor-gallery-item elementor-animated-content\" href=\"https:\/\/richeskarayib.com\/wp-content\/uploads\/2024\/03\/WhatsApp-Image-2024-02-29-a-21.18.39_981d0e9e.jpg\" data-elementor-open-lightbox=\"yes\" data-elementor-lightbox-slideshow=\"c788a86\" data-elementor-lightbox-title=\"WhatsApp Image 2024-02-29 \u00e0 21.18.39_981d0e9e\" data-e-action-hash=\"#elementor-action%3Aaction%3Dlightbox%26settings%3DeyJpZCI6MjE1NjQsInVybCI6Imh0dHBzOlwvXC9yaWNoZXNrYXJheWliLmNvbVwvd3AtY29udGVudFwvdXBsb2Fkc1wvMjAyNFwvMDNcL1doYXRzQXBwLUltYWdlLTIwMjQtMDItMjktYS0yMS4xOC4zOV85ODFkMGU5ZS5qcGciLCJzbGlkZXNob3ciOiJjNzg4YTg2In0%3D\">\n\t\t\t\t\t<div class=\"e-gallery-image elementor-gallery-item__image\" data-thumbnail=\"https:\/\/richeskarayib.com\/wp-content\/uploads\/2024\/03\/WhatsApp-Image-2024-02-29-a-21.18.39_981d0e9e-246x300.jpg\" data-width=\"246\" data-height=\"300\" aria-label=\"\" role=\"img\" ><\/div>\n\t\t\t\t\t\t\t\t\t\t\t<div class=\"elementor-gallery-item__overlay\"><\/div>\n\t\t\t\t\t\t\t\t\t\t\t\t\t\t<\/a>\n\t\t\t\t\t\t\t<a class=\"e-gallery-item elementor-gallery-item elementor-animated-content\" href=\"https:\/\/richeskarayib.com\/wp-content\/uploads\/2024\/03\/WhatsApp-Image-2024-02-29-a-21.18.39_7a57943e.jpg\" data-elementor-open-lightbox=\"yes\" data-elementor-lightbox-slideshow=\"c788a86\" data-elementor-lightbox-title=\"WhatsApp Image 2024-02-29 \u00e0 21.18.39_7a57943e\" data-e-action-hash=\"#elementor-action%3Aaction%3Dlightbox%26settings%3DeyJpZCI6MjE1NTYsInVybCI6Imh0dHBzOlwvXC9yaWNoZXNrYXJheWliLmNvbVwvd3AtY29udGVudFwvdXBsb2Fkc1wvMjAyNFwvMDNcL1doYXRzQXBwLUltYWdlLTIwMjQtMDItMjktYS0yMS4xOC4zOV83YTU3OTQzZS5qcGciLCJzbGlkZXNob3ciOiJjNzg4YTg2In0%3D\">\n\t\t\t\t\t<div class=\"e-gallery-image elementor-gallery-item__image\" data-thumbnail=\"https:\/\/richeskarayib.com\/wp-content\/uploads\/2024\/03\/WhatsApp-Image-2024-02-29-a-21.18.39_7a57943e-300x189.jpg\" data-width=\"300\" data-height=\"189\" aria-label=\"\" role=\"img\" ><\/div>\n\t\t\t\t\t\t\t\t\t\t\t<div class=\"elementor-gallery-item__overlay\"><\/div>\n\t\t\t\t\t\t\t\t\t\t\t\t\t\t<\/a>\n\t\t\t\t\t\t\t<a class=\"e-gallery-item elementor-gallery-item elementor-animated-content\" href=\"https:\/\/richeskarayib.com\/wp-content\/uploads\/2024\/03\/WhatsApp-Image-2024-02-29-a-21.18.39_29d6c920.jpg\" data-elementor-open-lightbox=\"yes\" data-elementor-lightbox-slideshow=\"c788a86\" data-elementor-lightbox-title=\"WhatsApp Image 2024-02-29 \u00e0 21.18.39_29d6c920\" data-e-action-hash=\"#elementor-action%3Aaction%3Dlightbox%26settings%3DeyJpZCI6MjE1NjAsInVybCI6Imh0dHBzOlwvXC9yaWNoZXNrYXJheWliLmNvbVwvd3AtY29udGVudFwvdXBsb2Fkc1wvMjAyNFwvMDNcL1doYXRzQXBwLUltYWdlLTIwMjQtMDItMjktYS0yMS4xOC4zOV8yOWQ2YzkyMC5qcGciLCJzbGlkZXNob3ciOiJjNzg4YTg2In0%3D\">\n\t\t\t\t\t<div class=\"e-gallery-image elementor-gallery-item__image\" data-thumbnail=\"https:\/\/richeskarayib.com\/wp-content\/uploads\/2024\/03\/WhatsApp-Image-2024-02-29-a-21.18.39_29d6c920-300x197.jpg\" data-width=\"300\" data-height=\"197\" aria-label=\"\" role=\"img\" ><\/div>\n\t\t\t\t\t\t\t\t\t\t\t<div class=\"elementor-gallery-item__overlay\"><\/div>\n\t\t\t\t\t\t\t\t\t\t\t\t\t\t<\/a>\n\t\t\t\t\t\t\t<a class=\"e-gallery-item elementor-gallery-item elementor-animated-content\" href=\"https:\/\/richeskarayib.com\/wp-content\/uploads\/2024\/03\/WhatsApp-Image-2024-03-16-a-20.05.25_b570932c.jpg\" data-elementor-open-lightbox=\"yes\" data-elementor-lightbox-slideshow=\"c788a86\" data-elementor-lightbox-title=\"WhatsApp Image 2024-03-16 \u00e0 20.05.25_b570932c\" data-e-action-hash=\"#elementor-action%3Aaction%3Dlightbox%26settings%3DeyJpZCI6MjE1OTIsInVybCI6Imh0dHBzOlwvXC9yaWNoZXNrYXJheWliLmNvbVwvd3AtY29udGVudFwvdXBsb2Fkc1wvMjAyNFwvMDNcL1doYXRzQXBwLUltYWdlLTIwMjQtMDMtMTYtYS0yMC4wNS4yNV9iNTcwOTMyYy5qcGciLCJzbGlkZXNob3ciOiJjNzg4YTg2In0%3D\">\n\t\t\t\t\t<div class=\"e-gallery-image elementor-gallery-item__image\" data-thumbnail=\"https:\/\/richeskarayib.com\/wp-content\/uploads\/2024\/03\/WhatsApp-Image-2024-03-16-a-20.05.25_b570932c-225x300.jpg\" data-width=\"225\" data-height=\"300\" aria-label=\"\" role=\"img\" ><\/div>\n\t\t\t\t\t\t\t\t\t\t\t<div class=\"elementor-gallery-item__overlay\"><\/div>\n\t\t\t\t\t\t\t\t\t\t\t\t\t\t<\/a>\n\t\t\t\t\t\t\t<a class=\"e-gallery-item elementor-gallery-item elementor-animated-content\" href=\"https:\/\/richeskarayib.com\/wp-content\/uploads\/2024\/03\/WhatsApp-Image-2024-03-16-a-20.05.26_1e3b769f.jpg\" data-elementor-open-lightbox=\"yes\" data-elementor-lightbox-slideshow=\"c788a86\" data-elementor-lightbox-title=\"WhatsApp Image 2024-03-16 \u00e0 20.05.26_1e3b769f\" data-e-action-hash=\"#elementor-action%3Aaction%3Dlightbox%26settings%3DeyJpZCI6MjE1OTYsInVybCI6Imh0dHBzOlwvXC9yaWNoZXNrYXJheWliLmNvbVwvd3AtY29udGVudFwvdXBsb2Fkc1wvMjAyNFwvMDNcL1doYXRzQXBwLUltYWdlLTIwMjQtMDMtMTYtYS0yMC4wNS4yNl8xZTNiNzY5Zi5qcGciLCJzbGlkZXNob3ciOiJjNzg4YTg2In0%3D\">\n\t\t\t\t\t<div class=\"e-gallery-image elementor-gallery-item__image\" data-thumbnail=\"https:\/\/richeskarayib.com\/wp-content\/uploads\/2024\/03\/WhatsApp-Image-2024-03-16-a-20.05.26_1e3b769f-225x300.jpg\" data-width=\"225\" data-height=\"300\" aria-label=\"\" role=\"img\" ><\/div>\n\t\t\t\t\t\t\t\t\t\t\t<div class=\"elementor-gallery-item__overlay\"><\/div>\n\t\t\t\t\t\t\t\t\t\t\t\t\t\t<\/a>\n\t\t\t\t\t<\/div>\n\t\t\t\t\t<\/div>\n\t\t\t\t<\/div>\n\t\t\t\t\t<\/div>\n\t\t<\/div>\n\t\t\t\t\t<\/div>\n\t\t<\/section>\n\t\t\t\t<section class=\"elementor-section elementor-inner-section elementor-element elementor-element-cb3bccd elementor-section-boxed elementor-section-height-default elementor-section-height-default\" data-id=\"cb3bccd\" data-element_type=\"section\">\n\t\t\t\t\t\t<div class=\"elementor-container elementor-column-gap-default\">\n\t\t\t\t\t<div class=\"elementor-column elementor-col-50 elementor-inner-column elementor-element elementor-element-d5944e9\" data-id=\"d5944e9\" data-element_type=\"column\">\n\t\t\t<div class=\"elementor-widget-wrap elementor-element-populated\">\n\t\t\t\t\t\t<div class=\"elementor-element elementor-element-61e7189 elementor-widget elementor-widget-text-editor\" data-id=\"61e7189\" data-element_type=\"widget\" data-widget_type=\"text-editor.default\">\n\t\t\t\t<div class=\"elementor-widget-container\">\n\t\t\t\t\t\t\t\t\t<h2><strong>Le c\u0153ur cr\u00e9atif de la Dominique<\/strong><\/h2>\n<p>Explorez l&#8217;essence de la Dominique \u00e0 travers son artisanat et ses cr\u00e9ations, l\u00e0 o\u00f9 la tradition rencontre la cr\u00e9ativit\u00e9. Admirez l&#8217;habilet\u00e9 artistique des vanniers, des textiles vibrants et du travail du bois unique, qui racontent tous l&#8217;histoire de l&#8217;\u00eele.<\/p>\n<p>Les march\u00e9s locaux et les ateliers mettent en valeur le savoir-faire, offrant un aper\u00e7u du patrimoine culturel et des inspirations naturelles.<\/p>\n<p>T\u00e9moin de cette interpr\u00e9tation moderne de la tradition, des cr\u00e9ateurs comme Vee&#8217;Couture, infuse la culture locale dans ses cr\u00e9ations \u00e9tonnantes.<\/p>\n\t\t\t\t\t\t\t\t<\/div>\n\t\t\t\t<\/div>\n\t\t\t\t\t<\/div>\n\t\t<\/div>\n\t\t\t\t<div class=\"elementor-column elementor-col-50 elementor-inner-column elementor-element elementor-element-5eb2c66\" data-id=\"5eb2c66\" data-element_type=\"column\">\n\t\t\t<div class=\"elementor-widget-wrap elementor-element-populated\">\n\t\t\t\t\t\t<div class=\"elementor-element elementor-element-b098992 elementor-widget elementor-widget-image\" data-id=\"b098992\" data-element_type=\"widget\" data-widget_type=\"image.default\">\n\t\t\t\t<div class=\"elementor-widget-container\">\n\t\t\t\t\t\t\t\t\t\t\t\t\t\t\t<img loading=\"lazy\" decoding=\"async\" width=\"800\" height=\"800\" src=\"https:\/\/richeskarayib.com\/wp-content\/uploads\/2024\/03\/c9157791-8e8a-438d-a388-c37543daa8e9.webp\" class=\"attachment-large size-large wp-image-21601\" alt=\"\" srcset=\"https:\/\/richeskarayib.com\/wp-content\/uploads\/2024\/03\/c9157791-8e8a-438d-a388-c37543daa8e9.webp 1024w, https:\/\/richeskarayib.com\/wp-content\/uploads\/2024\/03\/c9157791-8e8a-438d-a388-c37543daa8e9-300x300.webp 300w, https:\/\/richeskarayib.com\/wp-content\/uploads\/2024\/03\/c9157791-8e8a-438d-a388-c37543daa8e9-150x150.webp 150w, https:\/\/richeskarayib.com\/wp-content\/uploads\/2024\/03\/c9157791-8e8a-438d-a388-c37543daa8e9-768x768.webp 768w\" sizes=\"(max-width: 800px) 100vw, 800px\" \/>\t\t\t\t\t\t\t\t\t\t\t\t\t\t\t<\/div>\n\t\t\t\t<\/div>\n\t\t\t\t\t<\/div>\n\t\t<\/div>\n\t\t\t\t\t<\/div>\n\t\t<\/section>\n\t\t\t\t<div class=\"elementor-element elementor-element-4d768a3 elementor-widget elementor-widget-image\" data-id=\"4d768a3\" data-element_type=\"widget\" data-widget_type=\"image.default\">\n\t\t\t\t<div class=\"elementor-widget-container\">\n\t\t\t\t\t\t\t\t\t\t\t\t\t\t\t<img loading=\"lazy\" decoding=\"async\" width=\"800\" height=\"534\" src=\"https:\/\/richeskarayib.com\/wp-content\/uploads\/2024\/03\/RK-073-1024x683.jpg\" class=\"attachment-large size-large wp-image-21585\" alt=\"\" srcset=\"https:\/\/richeskarayib.com\/wp-content\/uploads\/2024\/03\/RK-073-1024x683.jpg 1024w, https:\/\/richeskarayib.com\/wp-content\/uploads\/2024\/03\/RK-073-300x200.jpg 300w, https:\/\/richeskarayib.com\/wp-content\/uploads\/2024\/03\/RK-073-768x512.jpg 768w, https:\/\/richeskarayib.com\/wp-content\/uploads\/2024\/03\/RK-073-1536x1024.jpg 1536w, https:\/\/richeskarayib.com\/wp-content\/uploads\/2024\/03\/RK-073-2048x1365.jpg 2048w\" sizes=\"(max-width: 800px) 100vw, 800px\" \/>\t\t\t\t\t\t\t\t\t\t\t\t\t\t\t<\/div>\n\t\t\t\t<\/div>\n\t\t\t\t<div class=\"elementor-element elementor-element-0a1d7d2 elementor-widget elementor-widget-text-editor\" data-id=\"0a1d7d2\" data-element_type=\"widget\" data-widget_type=\"text-editor.default\">\n\t\t\t\t<div class=\"elementor-widget-container\">\n\t\t\t\t\t\t\t\t\t<h2><strong>Un esprit forg\u00e9 par la r\u00e9silience<\/strong><\/h2>\n<p>Les Dominiquais sont un peuple de force et de r\u00e9sistance, dont l&#8217;esprit a \u00e9t\u00e9 test\u00e9 et affin\u00e9 par M\u00e8re Nature elle-m\u00eame. Leur hospitalit\u00e9 chaleureuse et leur force d&#8217;\u00e2me inn\u00e9e laissent une impression durable \u00e0 tous ceux qui les visitent.<\/p>\n<p>Ici, la vie s&#8217;entrem\u00eale avec l&#8217;environnement, honorant les traditions et embrassant la durabilit\u00e9. De l&#8217;agriculture \u00e0 l&#8217;artisanat, chaque pratique refl\u00e8te un engagement \u00e0 pr\u00e9server le patrimoine culturel et naturel de l&#8217;\u00eele.<\/p>\n\t\t\t\t\t\t\t\t<\/div>\n\t\t\t\t<\/div>\n\t\t\t\t<div class=\"elementor-element elementor-element-a739af1 elementor-widget elementor-widget-heading\" data-id=\"a739af1\" data-element_type=\"widget\" data-widget_type=\"heading.default\">\n\t\t\t\t<div class=\"elementor-widget-container\">\n\t\t\t\t\t<h2 class=\"elementor-heading-title elementor-size-default\">Ce qui rend la Dominique si unique<\/h2>\t\t\t\t<\/div>\n\t\t\t\t<\/div>\n\t\t\t\t<div class=\"elementor-element elementor-element-f22610c elementor-widget elementor-widget-text-editor\" data-id=\"f22610c\" data-element_type=\"widget\" data-widget_type=\"text-editor.default\">\n\t\t\t\t<div class=\"elementor-widget-container\">\n\t\t\t\t\t\t\t\t\t<ul>\n<li><span style=\"background-color: transparent;\">Capitale : La capitale de la Dominique est Roseau, qui abrite pr\u00e8s d&#8217;un tiers de la population.<\/span><\/li>\n<li>Biodiversit\u00e9 : La Dominique abrite plus de 1 000 esp\u00e8ces de plantes \u00e0 fleurs, dont 74 esp\u00e8ces d&#8217;orchid\u00e9es.<\/li>\n<li>For\u00eats : Environ 60 % du territoire de la Dominique est recouvert de for\u00eats, dont le parc national de Morne Trois Pitons, class\u00e9 par l&#8217;UNESCO.<\/li>\n<li>Sources d&#8217;eau chaude : La Dominique est connue pour son activit\u00e9 g\u00e9othermique et son lac bouillant.<\/li>\n<li>Langue officielle : L&#8217;anglais est la langue officielle de la Dominique, bien qu&#8217;un cr\u00e9ole \u00e0 base de fran\u00e7ais (connu sous le nom de Kw\u00e9y\u00f2l) soit largement parl\u00e9.<\/li>\n<li>Volcans : L&#8217;\u00eele compte neuf volcans actifs, soit le plus grand nombre par rapport \u00e0 sa superficie dans le monde.<\/li>\n<li style=\"border-style: solid; border-color: hsl(var(--border)); --tw-border-spacing-x: 0; --tw-border-spacing-y: 0; --tw-translate-x: 0; --tw-translate-y: 0; --tw-rotate: 0; --tw-skew-x: 0; --tw-skew-y: 0; --tw-scale-x: 1; --tw-scale-y: 1; --tw-scroll-snap-strictness: proximity; --tw-ring-offset-width: 0px; --tw-ring-offset-color: #fff; --tw-ring-color: rgba(59,130,246,.5); --tw-ring-offset-shadow: 0 0 #0000; --tw-ring-shadow: 0 0 #0000; --tw-shadow: 0 0 #0000; --tw-shadow-colored: 0 0 #0000; margin-top: 0.5em; margin-bottom: 0.5em; padding-left: 0.375em;\">La Dominique est l&#8217;un des rares endroits au monde o\u00f9 les visiteurs peuvent se baigner dans de l&#8217;eau douce aliment\u00e9 par une source chaude.<\/li>\n<li style=\"border-style: solid; border-color: hsl(var(--border)); --tw-border-spacing-x: 0; --tw-border-spacing-y: 0; --tw-translate-x: 0; --tw-translate-y: 0; --tw-rotate: 0; --tw-skew-x: 0; --tw-skew-y: 0; --tw-scale-x: 1; --tw-scale-y: 1; --tw-scroll-snap-strictness: proximity; --tw-ring-offset-width: 0px; --tw-ring-offset-color: #fff; --tw-ring-color: rgba(59,130,246,.5); --tw-ring-offset-shadow: 0 0 #0000; --tw-ring-shadow: 0 0 #0000; --tw-shadow: 0 0 #0000; --tw-shadow-colored: 0 0 #0000; margin-top: 0.5em; margin-bottom: 0.5em; padding-left: 0.375em;\">L&#8217;\u00eele compte plus de rivi\u00e8res au km\u00b2 que tout autre pays au monde, avec 365 rivi\u00e8res au total.<\/li>\n<li>Les oiseaux : La Dominique abrite plus de 175 esp\u00e8ces d&#8217;oiseaux, dont l&#8217;oiseau national, le perroquet de Sisserou, en voie de disparition, que l&#8217;on ne trouve nulle part ailleurs dans le monde.<\/li>\n<li>Territoire Kalinago : L&#8217;\u00eele conserve un territoire Kalinago, o\u00f9 vivent les descendants des premiers habitants des \u00eeles des Cara\u00efbes. <\/li>\n<\/ul>\n\t\t\t\t\t\t\t\t<\/div>\n\t\t\t\t<\/div>\n\t\t\t\t<div class=\"elementor-element elementor-element-fdbd6f5 elementor-widget elementor-widget-heading\" data-id=\"fdbd6f5\" data-element_type=\"widget\" data-widget_type=\"heading.default\">\n\t\t\t\t<div class=\"elementor-widget-container\">\n\t\t\t\t\t<h2 class=\"elementor-heading-title elementor-size-default\">Galeries d'art, studios et centres d'art de la Dominique<\/h2>\t\t\t\t<\/div>\n\t\t\t\t<\/div>\n\t\t\t\t\t<\/div>\n\t\t<\/div>\n\t\t\t\t\t<\/div>\n\t\t<\/section>\n\t\t\t\t<section class=\"elementor-section elementor-top-section elementor-element elementor-element-2bfc71d6 elementor-section-boxed elementor-section-height-default elementor-section-height-default\" data-id=\"2bfc71d6\" data-element_type=\"section\">\n\t\t\t\t\t\t<div class=\"elementor-container elementor-column-gap-default\">\n\t\t\t\t\t<div class=\"elementor-column elementor-col-100 elementor-top-column elementor-element elementor-element-3515def\" data-id=\"3515def\" data-element_type=\"column\">\n\t\t\t<div class=\"elementor-widget-wrap elementor-element-populated\">\n\t\t\t\t\t\t<div class=\"elementor-element elementor-element-1de4ec47 elementor-widget elementor-widget-heading\" data-id=\"1de4ec47\" data-element_type=\"widget\" data-widget_type=\"heading.default\">\n\t\t\t\t<div class=\"elementor-widget-container\">\n\t\t\t\t\t<h2 class=\"elementor-heading-title elementor-size-default\">Mus\u00e9es et patrimoine<\/h2>\t\t\t\t<\/div>\n\t\t\t\t<\/div>\n\t\t\t\t<div class=\"elementor-element elementor-element-5603f4d9 elementor-widget elementor-widget-heading\" data-id=\"5603f4d9\" data-element_type=\"widget\" data-widget_type=\"heading.default\">\n\t\t\t\t<div class=\"elementor-widget-container\">\n\t\t\t\t\t<h2 class=\"elementor-heading-title elementor-size-default\">Lieux \u00e0 visiter<\/h2>\t\t\t\t<\/div>\n\t\t\t\t<\/div>\n\t\t\t\t\t<\/div>\n\t\t<\/div>\n\t\t\t\t\t<\/div>\n\t\t<\/section>\n\t\t\t\t<\/div>\n\t\t","protected":false},"excerpt":{"rendered":"<p><strong>Le Tr\u00e9sor Intact des Cara\u00efbes<\/strong><\/p>\n<p>Bienvenue \u00e0 la Dominique, un joyau verdoyant nich\u00e9 au c\u0153ur des Cara\u00efbes. C&#8217;est un endroit o\u00f9 le rythme de la nature se synchronise avec le battement de c\u0153ur de ses habitants, cr\u00e9ant une symphonie insulaire d&#8217;exp\u00e9riences inoubliables.<\/p>\n<p>\u00c0 ne pas confondre avec la R\u00e9publique dominicaine, cette \u00eele situ\u00e9e entre la Guadeloupe et la Martinique est un sanctuaire pour ceux qui cherchent \u00e0 s&#8217;immerger dans une beaut\u00e9 naturelle pr\u00e9serv\u00e9e et un riche patrimoine culturel.<\/p>\n<p>Souvent surnomm\u00e9e <\/strong>&#8220;l&#8217;\u00eele de la nature&#8221;<\/strong>, la Dominique offre un \u00e9ventail unique d&#8217;exp\u00e9riences immersives en plein air, avec en toile de fond des paysages luxuriants et des eaux pures.<\/p>\n","protected":false},"author":47,"featured_media":39209,"comment_status":"open","ping_status":"open","sticky":false,"template":"","format":"standard","meta":{"_acf_changed":false,"footnotes":""},"categories":[836,1458],"tags":[],"class_list":["post-39212","post","type-post","status-publish","format-standard","has-post-thumbnail","hentry","category-pays","category-st-lucia-cpf"],"acf":[],"_links":{"self":[{"href":"https:\/\/richeskarayib.com\/cpf\/wp-json\/wp\/v2\/posts\/39212","targetHints":{"allow":["GET"]}}],"collection":[{"href":"https:\/\/richeskarayib.com\/cpf\/wp-json\/wp\/v2\/posts"}],"about":[{"href":"https:\/\/richeskarayib.com\/cpf\/wp-json\/wp\/v2\/types\/post"}],"author":[{"embeddable":true,"href":"https:\/\/richeskarayib.com\/cpf\/wp-json\/wp\/v2\/users\/47"}],"replies":[{"embeddable":true,"href":"https:\/\/richeskarayib.com\/cpf\/wp-json\/wp\/v2\/comments?post=39212"}],"version-history":[{"count":0,"href":"https:\/\/richeskarayib.com\/cpf\/wp-json\/wp\/v2\/posts\/39212\/revisions"}],"wp:featuredmedia":[{"embeddable":true,"href":"https:\/\/richeskarayib.com\/cpf\/wp-json\/wp\/v2\/media\/39209"}],"wp:attachment":[{"href":"https:\/\/richeskarayib.com\/cpf\/wp-json\/wp\/v2\/media?parent=39212"}],"wp:term":[{"taxonomy":"category","embeddable":true,"href":"https:\/\/richeskarayib.com\/cpf\/wp-json\/wp\/v2\/categories?post=39212"},{"taxonomy":"post_tag","embeddable":true,"href":"https:\/\/richeskarayib.com\/cpf\/wp-json\/wp\/v2\/tags?post=39212"}],"curies":[{"name":"wp","href":"https:\/\/api.w.org\/{rel}","templated":true}]}}