{"id":40785,"date":"2024-09-23T23:20:45","date_gmt":"2024-09-23T23:20:45","guid":{"rendered":"https:\/\/richeskarayib.com\/caribbean-yard-campus-perturber-le-moteur-de-lhistoire\/"},"modified":"2024-09-25T08:39:37","modified_gmt":"2024-09-25T08:39:37","slug":"caribbean-yard-campus-perturber-le-moteur-de-lhistoire","status":"publish","type":"post","link":"https:\/\/richeskarayib.com\/cpf\/caribbean-yard-campus-perturber-le-moteur-de-lhistoire\/","title":{"rendered":"CARIBBEAN YARD CAMPUS : Red\u00e9finir le Cours de l&#8217;Histoire"},"content":{"rendered":"\t\t<div data-elementor-type=\"wp-post\" data-elementor-id=\"40785\" class=\"elementor elementor-40785 elementor-40732\" data-elementor-post-type=\"post\">\n\t\t\t\t\t\t<section class=\"elementor-section elementor-top-section elementor-element elementor-element-7422fca elementor-section-boxed elementor-section-height-default elementor-section-height-default\" data-id=\"7422fca\" data-element_type=\"section\">\n\t\t\t\t\t\t<div class=\"elementor-container elementor-column-gap-default\">\n\t\t\t\t\t<div class=\"elementor-column elementor-col-100 elementor-top-column elementor-element elementor-element-729f66c\" data-id=\"729f66c\" data-element_type=\"column\">\n\t\t\t<div class=\"elementor-widget-wrap elementor-element-populated\">\n\t\t\t\t\t\t<div class=\"elementor-element elementor-element-e3619ad elementor-widget elementor-widget-heading\" data-id=\"e3619ad\" data-element_type=\"widget\" data-widget_type=\"heading.default\">\n\t\t\t\t<div class=\"elementor-widget-container\">\n\t\t\t\t\t<h2 class=\"elementor-heading-title elementor-size-default\">Une Cara\u00efbe fragment\u00e9e et ses divisions persistantes<\/h2>\t\t\t\t<\/div>\n\t\t\t\t<\/div>\n\t\t\t\t<div class=\"elementor-element elementor-element-ef6f20c elementor-widget elementor-widget-text-editor\" data-id=\"ef6f20c\" data-element_type=\"widget\" data-widget_type=\"text-editor.default\">\n\t\t\t\t<div class=\"elementor-widget-container\">\n\t\t\t\t\t\t\t\t\t<p>De l&#8217;ext\u00e9rieur, la vue des Cara\u00efbes est celle d&#8217;un espace unique parsem\u00e9 d&#8217;\u00eeles sur l&#8217;oc\u00e9an bleu entre l&#8217;Europe et les Am\u00e9riques.<br \/>\nMais de l&#8217;int\u00e9rieur, les Cara\u00efbes sont le vase bris\u00e9 de Derek Walcott, les tessons d&#8217;un pass\u00e9 fractur\u00e9 qui ont besoin d&#8217;amour et de compr\u00e9hension pour recomposer les nombreux fragments d&#8217;une r\u00e9gion \u00e9clat\u00e9e par les batailles europ\u00e9ennes pour le territoire, la conqu\u00eate et la domination. <\/p>\n<p>Plus de 500 ans apr\u00e8s la rencontre cataclysmique entre l&#8217;Europe et les Am\u00e9riques, les Cara\u00efbes modernes portent encore les cicatrices des divisions qui ont pr\u00e9sid\u00e9 \u00e0 leur naissance.<br \/>\nElles sont pr\u00e9sentes dans les langues qui s\u00e9parent ses habitants derri\u00e8re les barri\u00e8res de l&#8217;anglais, de l&#8217;espagnol, du fran\u00e7ais, du n\u00e9erlandais et des nombreux cr\u00e9oles carib\u00e9ens n\u00e9s de leur intimit\u00e9 avec les langues des peuples autochtones de la r\u00e9gion, de l&#8217;Afrique de l&#8217;Ouest et de l&#8217;Inde, entre autres. <\/p>\n<p>Elle est \u00e9galement pr\u00e9sente dans le regard ext\u00e9rieur qui maintient les Cara\u00efbes li\u00e9es aux ordres sociaux et \u00e9conomiques de leur ancien pass\u00e9 europ\u00e9en.<\/p>\n\t\t\t\t\t\t\t\t<\/div>\n\t\t\t\t<\/div>\n\t\t\t\t\t<\/div>\n\t\t<\/div>\n\t\t\t\t\t<\/div>\n\t\t<\/section>\n\t\t\t\t<section class=\"elementor-section elementor-top-section elementor-element elementor-element-3ee32ee elementor-section-boxed elementor-section-height-default elementor-section-height-default\" data-id=\"3ee32ee\" data-element_type=\"section\">\n\t\t\t\t\t\t<div class=\"elementor-container elementor-column-gap-default\">\n\t\t\t\t\t<div class=\"elementor-column elementor-col-100 elementor-top-column elementor-element elementor-element-cc26d4a\" data-id=\"cc26d4a\" data-element_type=\"column\">\n\t\t\t<div class=\"elementor-widget-wrap elementor-element-populated\">\n\t\t\t\t\t\t<div class=\"elementor-element elementor-element-a3c680a elementor-widget elementor-widget-heading\" data-id=\"a3c680a\" data-element_type=\"widget\" data-widget_type=\"heading.default\">\n\t\t\t\t<div class=\"elementor-widget-container\">\n\t\t\t\t\t<h2 class=\"elementor-heading-title elementor-size-default\">Une vision pour l'unit\u00e9 et l'h\u00e9ritage de la r\u00e9volution ha\u00eftienne<\/h2>\t\t\t\t<\/div>\n\t\t\t\t<\/div>\n\t\t\t\t<div class=\"elementor-element elementor-element-fbbbdf2 elementor-widget elementor-widget-text-editor\" data-id=\"fbbbdf2\" data-element_type=\"widget\" data-widget_type=\"text-editor.default\">\n\t\t\t\t<div class=\"elementor-widget-container\">\n\t\t\t\t\t\t\t\t\t<p>Pourtant, sous la division se cache un d\u00e9sir d&#8217;appartenance \u00e0 une Cara\u00efbe en harmonie avec elle-m\u00eame, en paix avec la famille et la famille \u00e9largie, confiante dans son pouvoir d&#8217;\u00e9chapper aux silos du pass\u00e9 et, d&#8217;un seul bond, de franchir les barri\u00e8res historiques vers une Cara\u00efbe de l&#8217;avenir infiniment plus grande par la somme de ses parties.<\/p>\n<p>Telle est la vision qui bat dans la poitrine de tous les Carib\u00e9ens pour qui la r\u00e9gion est sans conteste leur patrie.<br \/>\nCe r\u00eave remonte \u00e0 la r\u00e9volution ha\u00eftienne, lorsque ses dirigeants ont regard\u00e9 au-del\u00e0 de leur propre victoire pour assumer la responsabilit\u00e9 de la lib\u00e9ration partout dans le monde. <\/p>\n<p>Depuis lors, la bataille n&#8217;a pas \u00e9t\u00e9 facile.<br \/>\nLes fondations coloniales dans lesquelles les institutions des Cara\u00efbes ont \u00e9t\u00e9 coul\u00e9es se sont av\u00e9r\u00e9es durables, d\u00e9fiantes et extraordinairement r\u00e9sistantes au changement.<br \/>\nPerturber le moteur de l&#8217;histoire des Cara\u00efbes est le d\u00e9fi que s&#8217;est lanc\u00e9 le Caribbean Yard Campus (CYC), bas\u00e9 \u00e0 Trinit\u00e9-et-Tobago.  <\/p>\n\t\t\t\t\t\t\t\t<\/div>\n\t\t\t\t<\/div>\n\t\t\t\t\t<\/div>\n\t\t<\/div>\n\t\t\t\t\t<\/div>\n\t\t<\/section>\n\t\t\t\t<section class=\"elementor-section elementor-top-section elementor-element elementor-element-3c2c3f9 elementor-section-boxed elementor-section-height-default elementor-section-height-default\" data-id=\"3c2c3f9\" data-element_type=\"section\">\n\t\t\t\t\t\t<div class=\"elementor-container elementor-column-gap-default\">\n\t\t\t\t\t<div class=\"elementor-column elementor-col-100 elementor-top-column elementor-element elementor-element-10d43fe\" data-id=\"10d43fe\" data-element_type=\"column\">\n\t\t\t<div class=\"elementor-widget-wrap elementor-element-populated\">\n\t\t\t\t\t\t<div class=\"elementor-element elementor-element-7ac422a elementor-widget elementor-widget-heading\" data-id=\"7ac422a\" data-element_type=\"widget\" data-widget_type=\"heading.default\">\n\t\t\t\t<div class=\"elementor-widget-container\">\n\t\t\t\t\t<h2 class=\"elementor-heading-title elementor-size-default\">La mission du Caribbean Yard Campus (CYC)<\/h2>\t\t\t\t<\/div>\n\t\t\t\t<\/div>\n\t\t\t\t<div class=\"elementor-element elementor-element-5aa2d66 elementor-widget elementor-widget-text-editor\" data-id=\"5aa2d66\" data-element_type=\"widget\" data-widget_type=\"text-editor.default\">\n\t\t\t\t<div class=\"elementor-widget-container\">\n\t\t\t\t\t\t\t\t\t<p>Pour Caribbean Yard Campus, la connaissance de soi est le point de d\u00e9part du changement dans les Cara\u00efbes.<br \/>\nEn abordant ce d\u00e9fi, il confronte la structure hi\u00e9rarchique du syst\u00e8me \u00e9ducatif de la r\u00e9gion avec sa conception d&#8217;un r\u00e9seau d\u00e9centralis\u00e9 de syst\u00e8mes de connaissances traditionnelles.   <\/p>\n<p>CYC est l&#8217;id\u00e9e de Rawle Gibbons,( Photo) \u00e9ducateur artistique et l&#8217;un des plus grands dramaturges et metteurs en sc\u00e8ne des Cara\u00efbes.<br \/>\nLanc\u00e9 il y a plusieurs ann\u00e9es \u00e0 l&#8217;Institut Lloyd Best de Tunapuna, \u00e0 Trinidad, le campus s&#8217;est \u00e9tendu \u00e0 l&#8217;\u00e9chelle internationale, mais au c\u0153ur du mod\u00e8le CYC se trouve la &#8220;cour&#8221; communautaire. <\/p>\n<p>&#8220;Dans le mouvement des peuples \u00e0 travers les Am\u00e9riques, le verger a \u00e9t\u00e9 au c\u0153ur d&#8217;un espace d&#8217;apprentissage tout au long de la vie &#8211; de l&#8217;ut\u00e9rus \u00e0 la veill\u00e9e &#8211; et repr\u00e9sente, par cons\u00e9quent, un pr\u00e9cieux d\u00e9p\u00f4t de connaissances traditionnelles qui, s&#8217;il est exploit\u00e9, pourrait contribuer de mani\u00e8re significative \u00e0 une voie culturellement coh\u00e9rente pour le d\u00e9veloppement des Cara\u00efbes&#8221;, a expliqu\u00e9 Gibbons.<\/p>\n\t\t\t\t\t\t\t\t<\/div>\n\t\t\t\t<\/div>\n\t\t\t\t\t<\/div>\n\t\t<\/div>\n\t\t\t\t\t<\/div>\n\t\t<\/section>\n\t\t\t\t<section class=\"elementor-section elementor-top-section elementor-element elementor-element-150786b elementor-section-boxed elementor-section-height-default elementor-section-height-default\" data-id=\"150786b\" data-element_type=\"section\">\n\t\t\t\t\t\t<div class=\"elementor-container elementor-column-gap-default\">\n\t\t\t\t\t<div class=\"elementor-column elementor-col-100 elementor-top-column elementor-element elementor-element-947fdac\" data-id=\"947fdac\" data-element_type=\"column\">\n\t\t\t<div class=\"elementor-widget-wrap elementor-element-populated\">\n\t\t\t\t\t\t<div class=\"elementor-element elementor-element-c25f288 elementor-widget elementor-widget-heading\" data-id=\"c25f288\" data-element_type=\"widget\" data-widget_type=\"heading.default\">\n\t\t\t\t<div class=\"elementor-widget-container\">\n\t\t\t\t\t<h2 class=\"elementor-heading-title elementor-size-default\">Faire revivre les savoirs traditionnels pour un avenir culturellement pertinent<\/h2>\t\t\t\t<\/div>\n\t\t\t\t<\/div>\n\t\t\t\t<div class=\"elementor-element elementor-element-2abcc4f elementor-widget elementor-widget-text-editor\" data-id=\"2abcc4f\" data-element_type=\"widget\" data-widget_type=\"text-editor.default\">\n\t\t\t\t<div class=\"elementor-widget-container\">\n\t\t\t\t\t\t\t\t\t<p>En cr\u00e9ant des intersections entre les syst\u00e8mes de connaissances\/experts traditionnels et les travailleurs universitaires, Caribbean Yard Campus vise \u00e0 produire des approches culturellement pertinentes pour relever les d\u00e9fis du d\u00e9veloppement dans la r\u00e9gion.<br \/>\nCette interface concerne les domaines du contenu \u00e9ducatif, de la m\u00e9thodologie, de la propri\u00e9t\u00e9, de l&#8217;autorit\u00e9 et, en fin de compte, de l&#8217;autonomisation dans une soci\u00e9t\u00e9 fond\u00e9e sur la connaissance. <\/p>\n<p>Cette entreprise de CYC est fond\u00e9e sur l&#8217;id\u00e9e que :<\/p>\n<p>&#8211; Des ressources riches en savoirs traditionnels, en cr\u00e9ativit\u00e9, en diversit\u00e9 et en intelligence abondent dans les espaces communautaires reconnus comme &#8220;Yards&#8221;, qui sont largement absents des plans de d\u00e9veloppement de la r\u00e9gion.<\/p>\n<p>&#8211; Les sources de savoir traditionnel sont menac\u00e9es d&#8217;extinction en raison de la n\u00e9gligence, de la migration, du manque de documentation et de la disparition naturelle.<\/p>\n<p>&#8211; Les ressources en savoirs traditionnels sont essentielles au d\u00e9veloppement des capacit\u00e9s humaines et technologiques dans la r\u00e9gion.<\/p>\n<p>&#8211; La mise \u00e0 disposition de ces ressources est essentielle pour promouvoir l&#8217;autonomisation des citoyens dans une &#8220;\u00e9conomie de la connaissance&#8221;.<\/p>\n<p>&#8211; Le renforcement des liens entre les chantiers navals des Cara\u00efbes est essentiel \u00e0 la cr\u00e9ation d&#8217;un syst\u00e8me coh\u00e9rent de savoirs traditionnels \u00e0 l&#8217;\u00e9chelle des Cara\u00efbes, dans lequel les communaut\u00e9s individuelles deviennent plus fortes et plus viables.<\/p>\n\t\t\t\t\t\t\t\t<\/div>\n\t\t\t\t<\/div>\n\t\t\t\t\t<\/div>\n\t\t<\/div>\n\t\t\t\t\t<\/div>\n\t\t<\/section>\n\t\t\t\t<section class=\"elementor-section elementor-top-section elementor-element elementor-element-d353ade elementor-section-boxed elementor-section-height-default elementor-section-height-default\" data-id=\"d353ade\" data-element_type=\"section\">\n\t\t\t\t\t\t<div class=\"elementor-container elementor-column-gap-default\">\n\t\t\t\t\t<div class=\"elementor-column elementor-col-100 elementor-top-column elementor-element elementor-element-b063ec3\" data-id=\"b063ec3\" data-element_type=\"column\">\n\t\t\t<div class=\"elementor-widget-wrap elementor-element-populated\">\n\t\t\t\t\t\t<div class=\"elementor-element elementor-element-5fda9c7 elementor-widget elementor-widget-heading\" data-id=\"5fda9c7\" data-element_type=\"widget\" data-widget_type=\"heading.default\">\n\t\t\t\t<div class=\"elementor-widget-container\">\n\t\t\t\t\t<h2 class=\"elementor-heading-title elementor-size-default\">\u00c9largir les horizons \u00e9ducatifs<\/h2>\t\t\t\t<\/div>\n\t\t\t\t<\/div>\n\t\t\t\t<div class=\"elementor-element elementor-element-300449b elementor-widget elementor-widget-text-editor\" data-id=\"300449b\" data-element_type=\"widget\" data-widget_type=\"text-editor.default\">\n\t\t\t\t<div class=\"elementor-widget-container\">\n\t\t\t\t\t\t\t\t\t<p>Un an apr\u00e8s le d\u00e9but de son programme, le Caribbean Yard Campus propose une s\u00e9rie de cours de courte dur\u00e9e.<br \/>\nParmi ceux-ci, citons &#8220;Philosophiser les Cara\u00efbes&#8221;, &#8220;Documenter l&#8217;histoire des communaut\u00e9s&#8221;, &#8220;Conception et construction de mas&#8221;, un cours de m\u00e9decine traditionnelle intitul\u00e9 &#8220;Sweet Broom, Bitter Bush&#8221;, deux langues carib\u00e9ennes, l&#8217;espagnol et le patois fran\u00e7ais, ainsi qu&#8217;un cours pratique d&#8217;agriculture int\u00e9gr\u00e9e intitul\u00e9 &#8220;Planting People&#8221;. <\/p>\n<p>Conform\u00e9ment \u00e0 son mandat d&#8217;approfondir les liens entre les peuples de la Cara\u00efbe, CYC a programm\u00e9 des voyages \u00e9ducatifs \u00e0 Cuba et \u00e0 Sainte-Lucie.<br \/>\nEn 2020, elle a organis\u00e9 son <em>Convois car<\/em>ib\u00e9en, un rassemblement de chantiers navals carib\u00e9ens en Ha\u00efti. <\/p>\n\t\t\t\t\t\t\t\t<\/div>\n\t\t\t\t<\/div>\n\t\t\t\t\t<\/div>\n\t\t<\/div>\n\t\t\t\t\t<\/div>\n\t\t<\/section>\n\t\t\t\t<section class=\"elementor-section elementor-top-section elementor-element elementor-element-01fb767 elementor-section-boxed elementor-section-height-default elementor-section-height-default\" data-id=\"01fb767\" data-element_type=\"section\">\n\t\t\t\t\t\t<div class=\"elementor-container elementor-column-gap-default\">\n\t\t\t\t\t<div class=\"elementor-column elementor-col-100 elementor-top-column elementor-element elementor-element-c58475b\" data-id=\"c58475b\" data-element_type=\"column\">\n\t\t\t<div class=\"elementor-widget-wrap elementor-element-populated\">\n\t\t\t\t\t\t<div class=\"elementor-element elementor-element-8f377a9 elementor-widget elementor-widget-heading\" data-id=\"8f377a9\" data-element_type=\"widget\" data-widget_type=\"heading.default\">\n\t\t\t\t<div class=\"elementor-widget-container\">\n\t\t\t\t\t<h2 class=\"elementor-heading-title elementor-size-default\">Ouvrir de nouvelles voies pour l'identit\u00e9 et la collaboration dans les Cara\u00efbes<\/h2>\t\t\t\t<\/div>\n\t\t\t\t<\/div>\n\t\t\t\t<div class=\"elementor-element elementor-element-0e9bb28 elementor-widget elementor-widget-text-editor\" data-id=\"0e9bb28\" data-element_type=\"widget\" data-widget_type=\"text-editor.default\">\n\t\t\t\t<div class=\"elementor-widget-container\">\n\t\t\t\t\t\t\t\t\t<p><strong>Les inscriptions sont d\u00e9sormais ouvertes pour Philosophiser les Cara\u00efbes : d\u00e9finitions contemporaines, un cours con\u00e7u en collaboration avec le <\/strong><a href=\"https:\/\/www.thechys.org\/\" rel=\"nofollow noopener\" target=\"_blank\">Centre d&#8217;\u00e9tudes hybrides de<\/a> la Barbade.<\/p>\n<p>Ce cours pr\u00e9sente des d\u00e9bats d&#8217;experts men\u00e9s par des penseurs carib\u00e9ens sur le th\u00e8me de son titre.<br \/>\nLes pan\u00e9listes viennent de toute la r\u00e9gion et de la diaspora.<br \/>\nLes participants partageront \u00e9galement leurs propres id\u00e9es dans le format des espaces discursifs carib\u00e9ens &#8211; le liming, le lakou et le raisonnement.  <\/p>\n<p>Lignes directrices : Nos panels bas\u00e9s sur les \u00eeles jouiront de la libert\u00e9 de discuter de tout ce qui concerne les Cara\u00efbes dans un \u00e9ventail de disciplines \u00e9tablies, de la th\u00e9orie sociale aux \u00e9tudes culturelles, de la praxis politique \u00e0 l&#8217;\u00e9conomie, de l&#8217;art et de la musique \u00e0 la religion et \u00e0 la th\u00e9ologie, etc.<br \/>\nLe d\u00e9fi du mod\u00e9rateur est d&#8217;orienter les discussions vers la formation d&#8217;un concept d&#8217;ordre sup\u00e9rieur qui philosophe les Cara\u00efbes, en r\u00e9fl\u00e9chissant aux structures ultimes de l&#8217;\u00eatre et de la conscience qui nous d\u00e9finissent en tant que peuple, ainsi qu&#8217;\u00e0 notre contribution unique \u00e0 la modernit\u00e9 mondiale. <\/p>\n<p>\n            <strong>Les cours sont des sessions en ligne, les mardis de 18h00 \u00e0 20h00 entre le 24 septembre et le 9 d\u00e9cembre 2024.  <\/strong>\n          <\/p>\n\t\t\t\t\t\t\t\t<\/div>\n\t\t\t\t<\/div>\n\t\t\t\t<div class=\"elementor-element elementor-element-29526a2 elementor-widget elementor-widget-image\" data-id=\"29526a2\" data-element_type=\"widget\" data-widget_type=\"image.default\">\n\t\t\t\t<div class=\"elementor-widget-container\">\n\t\t\t\t\t\t\t\t\t\t\t\t\t\t\t<img fetchpriority=\"high\" decoding=\"async\" width=\"550\" height=\"549\" src=\"https:\/\/richeskarayib.com\/wp-content\/uploads\/2024\/09\/cyc-Capture-decran-2024-09-23-105840.png\" class=\"attachment-large size-large wp-image-40762\" alt=\"\" srcset=\"https:\/\/richeskarayib.com\/wp-content\/uploads\/2024\/09\/cyc-Capture-decran-2024-09-23-105840.png 550w, https:\/\/richeskarayib.com\/wp-content\/uploads\/2024\/09\/cyc-Capture-decran-2024-09-23-105840-300x300.png 300w, https:\/\/richeskarayib.com\/wp-content\/uploads\/2024\/09\/cyc-Capture-decran-2024-09-23-105840-150x150.png 150w\" sizes=\"(max-width: 550px) 100vw, 550px\" \/>\t\t\t\t\t\t\t\t\t\t\t\t\t\t\t<\/div>\n\t\t\t\t<\/div>\n\t\t\t\t<section class=\"elementor-section elementor-inner-section elementor-element elementor-element-cdecc14 elementor-section-boxed elementor-section-height-default elementor-section-height-default\" data-id=\"cdecc14\" data-element_type=\"section\">\n\t\t\t\t\t\t<div class=\"elementor-container elementor-column-gap-default\">\n\t\t\t\t\t<div class=\"elementor-column elementor-col-33 elementor-inner-column elementor-element elementor-element-f26d712\" data-id=\"f26d712\" data-element_type=\"column\">\n\t\t\t<div class=\"elementor-widget-wrap elementor-element-populated\">\n\t\t\t\t\t\t<div class=\"elementor-element elementor-element-b8b58ed elementor-cta--skin-classic elementor-animated-content elementor-bg-transform elementor-bg-transform-zoom-in elementor-widget elementor-widget-call-to-action\" data-id=\"b8b58ed\" data-element_type=\"widget\" data-widget_type=\"call-to-action.default\">\n\t\t\t\t<div class=\"elementor-widget-container\">\n\t\t\t\t\t\t\t<div class=\"elementor-cta\">\n\t\t\t\t\t<div class=\"elementor-cta__bg-wrapper\">\n\t\t\t\t<div class=\"elementor-cta__bg elementor-bg\" style=\"background-image: url(https:\/\/richeskarayib.com\/wp-content\/uploads\/2024\/09\/CYC-WhatsApp-Image-2024-08-25-a-18.23.36_514e25c3.jpg);\" role=\"img\" aria-label=\"CYC - WhatsApp Image 2024-08-25 \u00e0 18.23.36_514e25c3\"><\/div>\n\t\t\t\t<div class=\"elementor-cta__bg-overlay\"><\/div>\n\t\t\t<\/div>\n\t\t\t\t\t\t\t<div class=\"elementor-cta__content\">\n\t\t\t\t\n\t\t\t\t\t\t\t\t\t<h2 class=\"elementor-cta__title elementor-cta__content-item elementor-content-item\">\n\t\t\t\t\t\tPhilisophiser les Cara\u00efbes\t\t\t\t\t<\/h2>\n\t\t\t\t\n\t\t\t\t\t\t\t\t\t<div class=\"elementor-cta__description elementor-cta__content-item elementor-content-item\">\n\t\t\t\t\t\t<p>D\u00e9but : 24 septembre - Fin : 14 d\u00e9cembre<\/p>\n\t\t\t\t\t<\/div>\n\t\t\t\t\n\t\t\t\t\t\t\t\t\t<div class=\"elementor-cta__button-wrapper elementor-cta__content-item elementor-content-item \">\n\t\t\t\t\t<a class=\"elementor-cta__button elementor-button elementor-size-\" href=\"https:\/\/www.caribbeanyardcampus.org\/enrol\/planting-people-holistic-agro-based-livelihoods\/\" rel=\"nofollow noopener\" target=\"_blank\">\n\t\t\t\t\t\tCliquez ici\t\t\t\t\t<\/a>\n\t\t\t\t\t<\/div>\n\t\t\t\t\t\t\t<\/div>\n\t\t\t\t\t\t<\/div>\n\t\t\t\t\t\t<\/div>\n\t\t\t\t<\/div>\n\t\t\t\t\t<\/div>\n\t\t<\/div>\n\t\t\t\t<div class=\"elementor-column elementor-col-33 elementor-inner-column elementor-element elementor-element-fe60ee2\" data-id=\"fe60ee2\" data-element_type=\"column\">\n\t\t\t<div class=\"elementor-widget-wrap elementor-element-populated\">\n\t\t\t\t\t\t<div class=\"elementor-element elementor-element-c8c2784 elementor-cta--skin-classic elementor-animated-content elementor-bg-transform elementor-bg-transform-zoom-in elementor-widget elementor-widget-call-to-action\" data-id=\"c8c2784\" data-element_type=\"widget\" data-widget_type=\"call-to-action.default\">\n\t\t\t\t<div class=\"elementor-widget-container\">\n\t\t\t\t\t\t\t<div class=\"elementor-cta\">\n\t\t\t\t\t<div class=\"elementor-cta__bg-wrapper\">\n\t\t\t\t<div class=\"elementor-cta__bg elementor-bg\" style=\"background-image: url(https:\/\/richeskarayib.com\/wp-content\/uploads\/2024\/09\/CYC-WhatsApp-Image-2024-08-24-a-15.12.49_2bc3068b.jpg);\" role=\"img\" aria-label=\"CYC -WhatsApp Image 2024-08-24 \u00e0 15.12.49_2bc3068b\"><\/div>\n\t\t\t\t<div class=\"elementor-cta__bg-overlay\"><\/div>\n\t\t\t<\/div>\n\t\t\t\t\t\t\t<div class=\"elementor-cta__content\">\n\t\t\t\t\n\t\t\t\t\t\t\t\t\t<h2 class=\"elementor-cta__title elementor-cta__content-item elementor-content-item\">\n\t\t\t\t\t\tConversations indig\u00e8nes\t\t\t\t\t<\/h2>\n\t\t\t\t\n\t\t\t\t\t\t\t\t\t<div class=\"elementor-cta__description elementor-cta__content-item elementor-content-item\">\n\t\t\t\t\t\t<p>D\u00e9but : 25 septembre - Fin : 14 d\u00e9cembre<\/p>\n\t\t\t\t\t<\/div>\n\t\t\t\t\n\t\t\t\t\t\t\t\t\t<div class=\"elementor-cta__button-wrapper elementor-cta__content-item elementor-content-item \">\n\t\t\t\t\t<a class=\"elementor-cta__button elementor-button elementor-size-\" href=\"https:\/\/www.caribbeanyardcampus.org\/enrol\/indigenous-conversations\/\" rel=\"nofollow noopener\" target=\"_blank\">\n\t\t\t\t\t\tCliquez ici\t\t\t\t\t<\/a>\n\t\t\t\t\t<\/div>\n\t\t\t\t\t\t\t<\/div>\n\t\t\t\t\t\t<\/div>\n\t\t\t\t\t\t<\/div>\n\t\t\t\t<\/div>\n\t\t\t\t\t<\/div>\n\t\t<\/div>\n\t\t\t\t<div class=\"elementor-column elementor-col-33 elementor-inner-column elementor-element elementor-element-161049f\" data-id=\"161049f\" data-element_type=\"column\">\n\t\t\t<div class=\"elementor-widget-wrap elementor-element-populated\">\n\t\t\t\t\t\t<div class=\"elementor-element elementor-element-2f795e9 elementor-cta--skin-classic elementor-animated-content elementor-bg-transform elementor-bg-transform-zoom-in elementor-widget elementor-widget-call-to-action\" data-id=\"2f795e9\" data-element_type=\"widget\" data-widget_type=\"call-to-action.default\">\n\t\t\t\t<div class=\"elementor-widget-container\">\n\t\t\t\t\t\t\t<div class=\"elementor-cta\">\n\t\t\t\t\t<div class=\"elementor-cta__bg-wrapper\">\n\t\t\t\t<div class=\"elementor-cta__bg elementor-bg\" style=\"background-image: url(https:\/\/richeskarayib.com\/wp-content\/uploads\/2024\/09\/CYC-WhatsApp-Image-2024-08-24-a-15.12.49_2bc3069b.jpg);\" role=\"img\" aria-label=\"Planting People\"><\/div>\n\t\t\t\t<div class=\"elementor-cta__bg-overlay\"><\/div>\n\t\t\t<\/div>\n\t\t\t\t\t\t\t<div class=\"elementor-cta__content\">\n\t\t\t\t\n\t\t\t\t\t\t\t\t\t<h2 class=\"elementor-cta__title elementor-cta__content-item elementor-content-item\">\n\t\t\t\t\t\tPlanter des gens\t\t\t\t\t<\/h2>\n\t\t\t\t\n\t\t\t\t\t\t\t\t\t<div class=\"elementor-cta__description elementor-cta__content-item elementor-content-item\">\n\t\t\t\t\t\t<p>D\u00e9but le 28 septembre - Fin le 14 d\u00e9cembre<\/p>\n\t\t\t\t\t<\/div>\n\t\t\t\t\n\t\t\t\t\t\t\t\t\t<div class=\"elementor-cta__button-wrapper elementor-cta__content-item elementor-content-item \">\n\t\t\t\t\t<a class=\"elementor-cta__button elementor-button elementor-size-\" href=\"https:\/\/www.caribbeanyardcampus.org\/enrol\/planting-people-holistic-agro-based-livelihoods\/\" rel=\"nofollow noopener\" target=\"_blank\">\n\t\t\t\t\t\tCliquez ici\t\t\t\t\t<\/a>\n\t\t\t\t\t<\/div>\n\t\t\t\t\t\t\t<\/div>\n\t\t\t\t\t\t<\/div>\n\t\t\t\t\t\t<\/div>\n\t\t\t\t<\/div>\n\t\t\t\t\t<\/div>\n\t\t<\/div>\n\t\t\t\t\t<\/div>\n\t\t<\/section>\n\t\t\t\t\t<\/div>\n\t\t<\/div>\n\t\t\t\t\t<\/div>\n\t\t<\/section>\n\t\t\t\t<section class=\"elementor-section elementor-top-section elementor-element elementor-element-4cb1635 elementor-section-boxed elementor-section-height-default elementor-section-height-default\" data-id=\"4cb1635\" data-element_type=\"section\" data-settings=\"{&quot;background_background&quot;:&quot;classic&quot;}\">\n\t\t\t\t\t\t\t<div class=\"elementor-background-overlay\"><\/div>\n\t\t\t\t\t\t\t<div class=\"elementor-container elementor-column-gap-default\">\n\t\t\t\t\t<div class=\"elementor-column elementor-col-100 elementor-top-column elementor-element elementor-element-e5f8fe2\" data-id=\"e5f8fe2\" data-element_type=\"column\">\n\t\t\t<div class=\"elementor-widget-wrap elementor-element-populated\">\n\t\t\t\t\t\t<div class=\"elementor-element elementor-element-cd39ea6 elementor-widget elementor-widget-text-editor\" data-id=\"cd39ea6\" data-element_type=\"widget\" data-widget_type=\"text-editor.default\">\n\t\t\t\t<div class=\"elementor-widget-container\">\n\t\t\t\t\t\t\t\t\t<p>\n            <strong><br \/>\n              <em>par Sunity Maharaj et Marie Fran\u00e7oise Bernard Sinseau<\/em><br \/>\n            <\/strong>\n          <\/p>\n\t\t\t\t\t\t\t\t<\/div>\n\t\t\t\t<\/div>\n\t\t\t\t\t<\/div>\n\t\t<\/div>\n\t\t\t\t\t<\/div>\n\t\t<\/section>\n\t\t\t\t<section class=\"elementor-section elementor-top-section elementor-element elementor-element-d02eb23 elementor-section-boxed elementor-section-height-default elementor-section-height-default\" data-id=\"d02eb23\" data-element_type=\"section\">\n\t\t\t\t\t\t<div class=\"elementor-container elementor-column-gap-default\">\n\t\t\t\t\t<div class=\"elementor-column elementor-col-50 elementor-top-column elementor-element elementor-element-b28cdf0\" data-id=\"b28cdf0\" data-element_type=\"column\">\n\t\t\t<div class=\"elementor-widget-wrap elementor-element-populated\">\n\t\t\t\t\t\t<div class=\"elementor-element elementor-element-f3b8923 elementor-position-top elementor-widget elementor-widget-image-box\" data-id=\"f3b8923\" data-element_type=\"widget\" data-widget_type=\"image-box.default\">\n\t\t\t\t<div class=\"elementor-widget-container\">\n\t\t\t\t\t<div class=\"elementor-image-box-wrapper\"><figure class=\"elementor-image-box-img\"><img decoding=\"async\" width=\"800\" height=\"622\" src=\"https:\/\/richeskarayib.com\/wp-content\/uploads\/2024\/09\/CYC-MF-WhatsApp-Image-2024-08-22-a-14.20.54_4d353f39-1024x796.jpg\" class=\"attachment-large size-large wp-image-40734\" alt=\"\" srcset=\"https:\/\/richeskarayib.com\/wp-content\/uploads\/2024\/09\/CYC-MF-WhatsApp-Image-2024-08-22-a-14.20.54_4d353f39-1024x796.jpg 1024w, https:\/\/richeskarayib.com\/wp-content\/uploads\/2024\/09\/CYC-MF-WhatsApp-Image-2024-08-22-a-14.20.54_4d353f39-300x233.jpg 300w, https:\/\/richeskarayib.com\/wp-content\/uploads\/2024\/09\/CYC-MF-WhatsApp-Image-2024-08-22-a-14.20.54_4d353f39-768x597.jpg 768w, https:\/\/richeskarayib.com\/wp-content\/uploads\/2024\/09\/CYC-MF-WhatsApp-Image-2024-08-22-a-14.20.54_4d353f39.jpg 1080w\" sizes=\"(max-width: 800px) 100vw, 800px\" \/><\/figure><\/div>\t\t\t\t<\/div>\n\t\t\t\t<\/div>\n\t\t\t\t\t<\/div>\n\t\t<\/div>\n\t\t\t\t<div class=\"elementor-column elementor-col-50 elementor-top-column elementor-element elementor-element-aca2e19\" data-id=\"aca2e19\" data-element_type=\"column\">\n\t\t\t<div class=\"elementor-widget-wrap elementor-element-populated\">\n\t\t\t\t\t\t<div class=\"elementor-element elementor-element-46f0cfa elementor-widget elementor-widget-text-editor\" data-id=\"46f0cfa\" data-element_type=\"widget\" data-widget_type=\"text-editor.default\">\n\t\t\t\t<div class=\"elementor-widget-container\">\n\t\t\t\t\t\t\t\t\t<h3>Dr Marie Fran\u00e7oise BERNARD<\/h3>\n<p>\n            <em>Doctorat en \u00e9tudes carib\u00e9ennes, animatrice CYC et consultante pour les territoires francophones<\/em>\n          <\/p>\n<p>En tant que Dr Marie Fran\u00e7oise BERNARD SINSEAU, sp\u00e9cialis\u00e9e dans les \u00e9tudes carib\u00e9ennes, mon exp\u00e9rience en tant qu&#8217;animatrice a \u00e9t\u00e9 formidable.<br \/>\nJ&#8217;ai v\u00e9cu une exp\u00e9rience fructueuse et rafra\u00eechissante au cours de cette session de la Saison s\u00e8che 2022 de <em>Philosophiser la Cara\u00efbe<\/em>.<br \/>\nLes conf\u00e9rences et la pr\u00e9sentation de l&#8217;<em>identit\u00e9 carib\u00e9enne<\/em> \u00e0 travers la port\u00e9e de nos penseurs et activistes, \u00e0 travers nos espaces de manifestation de notre v\u00e9rit\u00e9, les mouvements et la cha\u00eene temporelle des \u00e9v\u00e9nements qui ont construit notre carib\u00e9anit\u00e9.  <\/p>\n<p>Chaque rencontre avec les \u00e9tudiants et les autres animateurs et penseurs a \u00e9t\u00e9 une exp\u00e9rience enchanteresse profond\u00e9ment enracin\u00e9e dans ce que nous sommes et a donn\u00e9 un sens suppl\u00e9mentaire \u00e0 la d\u00e9finition que je me fais de moi-m\u00eame et de mon peuple.<br \/>\nLe LAKOU a \u00e9tabli une connexion et a pr\u00e9par\u00e9 le terrain pour de futures exp\u00e9riences culturelles.<br \/>\nIl a \u00e9volu\u00e9 vers un concept plus large puisqu&#8217;il a servi de base \u00e0 un autre \u00e9v\u00e9nement organis\u00e9 \u00e0 Sainte-Lucie dans le cadre du Mois du cr\u00e9ole.  <\/p>\n<p>Quelle est la prochaine \u00e9tape ?<br \/>\nIl y a encore beaucoup d&#8217;opportunit\u00e9s \u00e0 d\u00e9velopper dans ce contexte et je suis pr\u00eat \u00e0 y contribuer.<br \/>\nOn m&#8217;a demand\u00e9 d&#8217;organiser une visite \u00e0 Trinidad pour des partenaires fran\u00e7ais et je serais heureuse si nous pouvions exp\u00e9rimenter certains des \u00e9l\u00e9ments culturels qui nous ont \u00e9t\u00e9 pr\u00e9sent\u00e9s.<br \/>\nLiming, Panchayat, sessions de pan, etc&#8230;   <\/p>\n\t\t\t\t\t\t\t\t<\/div>\n\t\t\t\t<\/div>\n\t\t\t\t\t<\/div>\n\t\t<\/div>\n\t\t\t\t\t<\/div>\n\t\t<\/section>\n\t\t\t\t<section class=\"elementor-section elementor-top-section elementor-element elementor-element-d8d58f5 elementor-section-boxed elementor-section-height-default elementor-section-height-default\" data-id=\"d8d58f5\" data-element_type=\"section\">\n\t\t\t\t\t\t<div class=\"elementor-container elementor-column-gap-default\">\n\t\t\t\t\t<div class=\"elementor-column elementor-col-50 elementor-top-column elementor-element elementor-element-b68f8b6\" data-id=\"b68f8b6\" data-element_type=\"column\">\n\t\t\t<div class=\"elementor-widget-wrap elementor-element-populated\">\n\t\t\t\t\t\t<div class=\"elementor-element elementor-element-000cbad elementor-position-top elementor-widget elementor-widget-image-box\" data-id=\"000cbad\" data-element_type=\"widget\" data-widget_type=\"image-box.default\">\n\t\t\t\t<div class=\"elementor-widget-container\">\n\t\t\t\t\t<div class=\"elementor-image-box-wrapper\"><figure class=\"elementor-image-box-img\"><img decoding=\"async\" width=\"768\" height=\"1024\" src=\"https:\/\/richeskarayib.com\/wp-content\/uploads\/2024\/09\/CYC-PORTARITWhatsApp-Image-2024-08-22-a-13.45.58_70bc561f-768x1024.jpg\" class=\"attachment-large size-large wp-image-40738\" alt=\"\" srcset=\"https:\/\/richeskarayib.com\/wp-content\/uploads\/2024\/09\/CYC-PORTARITWhatsApp-Image-2024-08-22-a-13.45.58_70bc561f-768x1024.jpg 768w, https:\/\/richeskarayib.com\/wp-content\/uploads\/2024\/09\/CYC-PORTARITWhatsApp-Image-2024-08-22-a-13.45.58_70bc561f-225x300.jpg 225w, https:\/\/richeskarayib.com\/wp-content\/uploads\/2024\/09\/CYC-PORTARITWhatsApp-Image-2024-08-22-a-13.45.58_70bc561f.jpg 960w\" sizes=\"(max-width: 768px) 100vw, 768px\" \/><\/figure><div class=\"elementor-image-box-content\"><p class=\"elementor-image-box-description\">\n<\/p><\/div><\/div>\t\t\t\t<\/div>\n\t\t\t\t<\/div>\n\t\t\t\t\t<\/div>\n\t\t<\/div>\n\t\t\t\t<div class=\"elementor-column elementor-col-50 elementor-top-column elementor-element elementor-element-a010a42\" data-id=\"a010a42\" data-element_type=\"column\">\n\t\t\t<div class=\"elementor-widget-wrap elementor-element-populated\">\n\t\t\t\t\t\t<div class=\"elementor-element elementor-element-e5ad688 elementor-widget elementor-widget-text-editor\" data-id=\"e5ad688\" data-element_type=\"widget\" data-widget_type=\"text-editor.default\">\n\t\t\t\t<div class=\"elementor-widget-container\">\n\t\t\t\t\t\t\t\t\t<h3 class=\"elementor-image-box-title elementor-inline-editing pen\" contenteditable=\"true\" data-elementor-setting-key=\"title_text\" data-elementor-inline-editing-toolbar=\"none\" data-pen-placeholder=\"Type Here...\">RAWLE GIBBONS<\/h3>\n<p>N\u00e9 \u00e0 Belmont, Trinit\u00e9-et-Tobago, Rawle Gibbons est dramaturge, metteur en sc\u00e8ne et \u00e9ducateur.<br \/>\nIl a enseign\u00e9 \u00e0 la School of Drama, en Jama\u00efque, avec M. Dennis Scott, et \u00e0 l&#8217;University of the West Indies, \u00e0 St. Augustine, en tant que coordinateur fondateur du Centre for Creative and Festival Arts.<br \/>\nIl a notamment mis en sc\u00e8ne et con\u00e7u &#8220;The Black Jacobins&#8221; (1976) de CLR James, &#8220;Temple in the Sea&#8221; (1995), &#8220;Shango, Tales of the Orisha (1996)&#8221;, &#8220;Drums and Colours&#8221; (1998) de Derek Walcott et &#8220;Nation Dance &#8211; the Pilgrimage&#8221; (2012). Il a publi\u00e9 deux volumes de ses pi\u00e8ces de th\u00e9\u00e2tre : &#8220;A Calypso Trilogy&#8221; (1999) et &#8220;Love Trilogy&#8221; (2012).  <\/p>\n<p>En 2014, Rawle Gibbons a fond\u00e9 Caribbean Yard Campus, un r\u00e9seau pour le d\u00e9veloppement de l&#8217;\u00e9ducation indig\u00e8ne dans les Cara\u00efbes.<br \/>\nIl dirige actuellement ce projet.   <\/p>\n\t\t\t\t\t\t\t\t<\/div>\n\t\t\t\t<\/div>\n\t\t\t\t\t<\/div>\n\t\t<\/div>\n\t\t\t\t\t<\/div>\n\t\t<\/section>\n\t\t\t\t<\/div>\n\t\t","protected":false},"excerpt":{"rendered":"<p>Une Cara\u00efbe fragment\u00e9e et ses divisions persistantes De l&#8217;ext\u00e9rieur, la vue des Cara\u00efbes est celle d&#8217;un espace unique parsem\u00e9 d&#8217;\u00eeles sur l&#8217;oc\u00e9an bleu entre l&#8217;Europe et les Am\u00e9riques. Mais de l&#8217;int\u00e9rieur, les Cara\u00efbes sont le vase bris\u00e9 de Derek Walcott, les tessons d&#8217;un pass\u00e9 fractur\u00e9 qui ont besoin d&#8217;amour et de compr\u00e9hension pour recomposer les [&hellip;]<\/p>\n","protected":false},"author":47,"featured_media":40758,"comment_status":"open","ping_status":"open","sticky":false,"template":"","format":"standard","meta":{"_acf_changed":false,"footnotes":""},"categories":[811],"tags":[],"class_list":["post-40785","post","type-post","status-publish","format-standard","has-post-thumbnail","hentry","category-les-organisations-culturelles"],"acf":[],"_links":{"self":[{"href":"https:\/\/richeskarayib.com\/cpf\/wp-json\/wp\/v2\/posts\/40785","targetHints":{"allow":["GET"]}}],"collection":[{"href":"https:\/\/richeskarayib.com\/cpf\/wp-json\/wp\/v2\/posts"}],"about":[{"href":"https:\/\/richeskarayib.com\/cpf\/wp-json\/wp\/v2\/types\/post"}],"author":[{"embeddable":true,"href":"https:\/\/richeskarayib.com\/cpf\/wp-json\/wp\/v2\/users\/47"}],"replies":[{"embeddable":true,"href":"https:\/\/richeskarayib.com\/cpf\/wp-json\/wp\/v2\/comments?post=40785"}],"version-history":[{"count":0,"href":"https:\/\/richeskarayib.com\/cpf\/wp-json\/wp\/v2\/posts\/40785\/revisions"}],"wp:featuredmedia":[{"embeddable":true,"href":"https:\/\/richeskarayib.com\/cpf\/wp-json\/wp\/v2\/media\/40758"}],"wp:attachment":[{"href":"https:\/\/richeskarayib.com\/cpf\/wp-json\/wp\/v2\/media?parent=40785"}],"wp:term":[{"taxonomy":"category","embeddable":true,"href":"https:\/\/richeskarayib.com\/cpf\/wp-json\/wp\/v2\/categories?post=40785"},{"taxonomy":"post_tag","embeddable":true,"href":"https:\/\/richeskarayib.com\/cpf\/wp-json\/wp\/v2\/tags?post=40785"}],"curies":[{"name":"wp","href":"https:\/\/api.w.org\/{rel}","templated":true}]}}