{"id":41382,"date":"2024-10-23T17:31:50","date_gmt":"2024-10-23T17:31:50","guid":{"rendered":"https:\/\/richeskarayib.com\/rapport-special-partie-2-2012-2015-les-tresors-culturels-des-caraibes-patrimoine-immateriel-reconnu-par-lunesco\/"},"modified":"2024-10-24T04:36:28","modified_gmt":"2024-10-24T04:36:28","slug":"rapport-special-partie-2-2012-2015-les-tresors-culturels-des-caraibes-patrimoine-immateriel-reconnu-par-lunesco","status":"publish","type":"post","link":"https:\/\/richeskarayib.com\/cpf\/rapport-special-partie-2-2012-2015-les-tresors-culturels-des-caraibes-patrimoine-immateriel-reconnu-par-lunesco\/","title":{"rendered":"Rapport sp\u00e9cial partie 2 (2012-2015) : Les tr\u00e9sors culturels des Cara\u00efbes : Patrimoine immat\u00e9riel reconnu par l&#8217;UNESCO"},"content":{"rendered":"\t\t<div data-elementor-type=\"wp-post\" data-elementor-id=\"41382\" class=\"elementor elementor-41382 elementor-40777\" data-elementor-post-type=\"post\">\n\t\t\t\t\t\t<section class=\"elementor-section elementor-top-section elementor-element elementor-element-d2fa39f elementor-section-boxed elementor-section-height-default elementor-section-height-default\" data-id=\"d2fa39f\" data-element_type=\"section\">\n\t\t\t\t\t\t<div class=\"elementor-container elementor-column-gap-default\">\n\t\t\t\t\t<div class=\"elementor-column elementor-col-100 elementor-top-column elementor-element elementor-element-74e6dd0\" data-id=\"74e6dd0\" data-element_type=\"column\">\n\t\t\t<div class=\"elementor-widget-wrap elementor-element-populated\">\n\t\t\t\t\t\t<div class=\"elementor-element elementor-element-8909527 elementor-widget elementor-widget-heading\" data-id=\"8909527\" data-element_type=\"widget\" data-widget_type=\"heading.default\">\n\t\t\t\t<div class=\"elementor-widget-container\">\n\t\t\t\t\t<h2 class=\"elementor-heading-title elementor-size-default\">Pr\u00e9server l'\u00e2me des Cara\u00efbes<\/h2>\t\t\t\t<\/div>\n\t\t\t\t<\/div>\n\t\t\t\t<div class=\"elementor-element elementor-element-d541e3d elementor-widget elementor-widget-text-editor\" data-id=\"d541e3d\" data-element_type=\"widget\" data-widget_type=\"text-editor.default\">\n\t\t\t\t<div class=\"elementor-widget-container\">\n\t\t\t\t\t\t\t\t\t<p>De 2012 \u00e0 2015, le riche patrimoine culturel des Cara\u00efbes a continu\u00e9 \u00e0 \u00eatre reconnu par l&#8217;UNESCO. Ces ann\u00e9es ont \u00e9t\u00e9 l&#8217;occasion de c\u00e9l\u00e9brer la musique vibrante, les rituels sacr\u00e9s et les traditions de narration de la r\u00e9gion, chacun de ces \u00e9l\u00e9ments constituant un \u00e9l\u00e9ment essentiel de l&#8217;identit\u00e9 carib\u00e9enne. Dans cet article, nous allons nous pencher sur les \u00e9l\u00e9ments reconnus au cours de cette p\u00e9riode, en mettant l&#8217;accent sur la mani\u00e8re dont ces pratiques ont \u00e9t\u00e9 sauvegard\u00e9es pour les g\u00e9n\u00e9rations futures.  <\/p>\n\t\t\t\t\t\t\t\t<\/div>\n\t\t\t\t<\/div>\n\t\t\t\t\t<\/div>\n\t\t<\/div>\n\t\t\t\t\t<\/div>\n\t\t<\/section>\n\t\t\t\t<section class=\"elementor-section elementor-top-section elementor-element elementor-element-776ee9d elementor-section-boxed elementor-section-height-default elementor-section-height-default\" data-id=\"776ee9d\" data-element_type=\"section\">\n\t\t\t\t\t\t<div class=\"elementor-container elementor-column-gap-default\">\n\t\t\t\t\t<div class=\"elementor-column elementor-col-100 elementor-top-column elementor-element elementor-element-e9eb1e6\" data-id=\"e9eb1e6\" data-element_type=\"column\">\n\t\t\t<div class=\"elementor-widget-wrap elementor-element-populated\">\n\t\t\t\t\t\t<div class=\"elementor-element elementor-element-653aab0 elementor-widget elementor-widget-heading\" data-id=\"653aab0\" data-element_type=\"widget\" data-widget_type=\"heading.default\">\n\t\t\t\t<div class=\"elementor-widget-container\">\n\t\t\t\t\t<h2 class=\"elementor-heading-title elementor-size-default\">2012<\/h2>\t\t\t\t<\/div>\n\t\t\t\t<\/div>\n\t\t\t\t<div class=\"elementor-element elementor-element-5b8dd47 elementor-widget elementor-widget-text-editor\" data-id=\"5b8dd47\" data-element_type=\"widget\" data-widget_type=\"text-editor.default\">\n\t\t\t\t<div class=\"elementor-widget-container\">\n\t\t\t\t\t\t\t\t\t<ul>\n<li>\n<p><strong>Colombie<\/strong>: <em>Festival de Saint Fran\u00e7ois d&#8217;Assise, Quibd\u00f3<\/em><br \/>Ce festival religieux \u00e0 Quibd\u00f3, Choc\u00f3, est un m\u00e9lange de catholicisme et de spiritualit\u00e9 africaine, enracin\u00e9 dans la communaut\u00e9 afro-colombienne locale. Les participants honorent Saint Fran\u00e7ois d&#8217;Assise avec de la musique traditionnelle, des danses et des costumes \u00e9labor\u00e9s, fusionnant la d\u00e9votion religieuse et l&#8217;identit\u00e9 culturelle. <\/p>\n<\/li>\n<li>\n<p><strong>Venezuela (R\u00e9publique bolivarienne du)<\/strong>: <em>Corpus Christi Devils<\/em><br \/>Lors de cette c\u00e9l\u00e9bration annuelle, des danseurs masqu\u00e9s repr\u00e9sentent symboliquement la bataille entre le bien et le mal, les diables \u00e9tant finalement vaincus par les forces du bien. Cette tradition est c\u00e9l\u00e9br\u00e9e par diff\u00e9rentes communaut\u00e9s, chacune ajoutant ses propres \u00e9l\u00e9ments au spectacle. <\/p>\n<\/li>\n<li><strong>Mexique :<\/strong> Xtaxkgakget Makgkaxtlawana, Centre for Indigenous Arts<br \/>Ce centre, cr\u00e9\u00e9 par le peuple Totonac, se consacre \u00e0 la pr\u00e9servation de sa culture et de son art par le biais de &#8220;maisons&#8221; \u00e9ducatives sp\u00e9cialis\u00e9es qui enseignent diverses pratiques traditionnelles, tout en encourageant l&#8217;apprentissage holistique et la revitalisation culturelle.<\/li>\n<\/ul>\n\t\t\t\t\t\t\t\t<\/div>\n\t\t\t\t<\/div>\n\t\t\t\t<section class=\"elementor-section elementor-inner-section elementor-element elementor-element-91f6f70 elementor-section-boxed elementor-section-height-default elementor-section-height-default\" data-id=\"91f6f70\" data-element_type=\"section\">\n\t\t\t\t\t\t<div class=\"elementor-container elementor-column-gap-default\">\n\t\t\t\t\t<div class=\"elementor-column elementor-col-33 elementor-inner-column elementor-element elementor-element-eea2796\" data-id=\"eea2796\" data-element_type=\"column\">\n\t\t\t<div class=\"elementor-widget-wrap elementor-element-populated\">\n\t\t\t\t\t\t<div class=\"elementor-element elementor-element-012d6fe elementor-widget elementor-widget-image\" data-id=\"012d6fe\" data-element_type=\"widget\" data-widget_type=\"image.default\">\n\t\t\t\t<div class=\"elementor-widget-container\">\n\t\t\t\t\t\t\t\t\t\t\t\t<figure class=\"wp-caption\">\n\t\t\t\t\t\t\t\t\t\t<img fetchpriority=\"high\" decoding=\"async\" width=\"800\" height=\"534\" src=\"https:\/\/richeskarayib.com\/wp-content\/uploads\/2024\/10\/06738-1024x683.jpg\" class=\"attachment-large size-large wp-image-41135\" alt=\"\" srcset=\"https:\/\/richeskarayib.com\/wp-content\/uploads\/2024\/10\/06738-1024x683.jpg 1024w, https:\/\/richeskarayib.com\/wp-content\/uploads\/2024\/10\/06738-300x200.jpg 300w, https:\/\/richeskarayib.com\/wp-content\/uploads\/2024\/10\/06738-768x512.jpg 768w, https:\/\/richeskarayib.com\/wp-content\/uploads\/2024\/10\/06738-1536x1024.jpg 1536w, https:\/\/richeskarayib.com\/wp-content\/uploads\/2024\/10\/06738-2048x1365.jpg 2048w, https:\/\/richeskarayib.com\/wp-content\/uploads\/2024\/10\/06738-1320x880.jpg 1320w\" sizes=\"(max-width: 800px) 100vw, 800px\" \/>\t\t\t\t\t\t\t\t\t\t\t<figcaption class=\"widget-image-caption wp-caption-text\">Colombie : Festival de Saint Fran\u00e7ois d'Assise, Quibd\u00f3<\/figcaption>\n\t\t\t\t\t\t\t\t\t\t<\/figure>\n\t\t\t\t\t\t\t\t\t<\/div>\n\t\t\t\t<\/div>\n\t\t\t\t\t<\/div>\n\t\t<\/div>\n\t\t\t\t<div class=\"elementor-column elementor-col-33 elementor-inner-column elementor-element elementor-element-8a07dd1\" data-id=\"8a07dd1\" data-element_type=\"column\">\n\t\t\t<div class=\"elementor-widget-wrap elementor-element-populated\">\n\t\t\t\t\t\t<div class=\"elementor-element elementor-element-6156148 elementor-widget elementor-widget-image\" data-id=\"6156148\" data-element_type=\"widget\" data-widget_type=\"image.default\">\n\t\t\t\t<div class=\"elementor-widget-container\">\n\t\t\t\t\t\t\t\t\t\t\t\t<figure class=\"wp-caption\">\n\t\t\t\t\t\t\t\t\t\t<img decoding=\"async\" width=\"800\" height=\"534\" src=\"https:\/\/richeskarayib.com\/wp-content\/uploads\/2024\/10\/06359-1024x683.jpg\" class=\"attachment-large size-large wp-image-41139\" alt=\"\" srcset=\"https:\/\/richeskarayib.com\/wp-content\/uploads\/2024\/10\/06359-1024x683.jpg 1024w, https:\/\/richeskarayib.com\/wp-content\/uploads\/2024\/10\/06359-300x200.jpg 300w, https:\/\/richeskarayib.com\/wp-content\/uploads\/2024\/10\/06359-768x512.jpg 768w, https:\/\/richeskarayib.com\/wp-content\/uploads\/2024\/10\/06359-1536x1024.jpg 1536w, https:\/\/richeskarayib.com\/wp-content\/uploads\/2024\/10\/06359-1320x880.jpg 1320w, https:\/\/richeskarayib.com\/wp-content\/uploads\/2024\/10\/06359.jpg 1800w\" sizes=\"(max-width: 800px) 100vw, 800px\" \/>\t\t\t\t\t\t\t\t\t\t\t<figcaption class=\"widget-image-caption wp-caption-text\">Venezuela (R\u00e9publique bolivarienne du) : Diables de Corpus Christi<\/figcaption>\n\t\t\t\t\t\t\t\t\t\t<\/figure>\n\t\t\t\t\t\t\t\t\t<\/div>\n\t\t\t\t<\/div>\n\t\t\t\t\t<\/div>\n\t\t<\/div>\n\t\t\t\t<div class=\"elementor-column elementor-col-33 elementor-inner-column elementor-element elementor-element-d11668e\" data-id=\"d11668e\" data-element_type=\"column\">\n\t\t\t<div class=\"elementor-widget-wrap elementor-element-populated\">\n\t\t\t\t\t\t<div class=\"elementor-element elementor-element-5cb66ff elementor-widget elementor-widget-image\" data-id=\"5cb66ff\" data-element_type=\"widget\" data-widget_type=\"image.default\">\n\t\t\t\t<div class=\"elementor-widget-container\">\n\t\t\t\t\t\t\t\t\t\t\t\t<figure class=\"wp-caption\">\n\t\t\t\t\t\t\t\t\t\t<img decoding=\"async\" width=\"800\" height=\"527\" src=\"https:\/\/richeskarayib.com\/wp-content\/uploads\/2024\/10\/06263.jpg\" class=\"attachment-large size-large wp-image-41143\" alt=\"\" srcset=\"https:\/\/richeskarayib.com\/wp-content\/uploads\/2024\/10\/06263.jpg 820w, https:\/\/richeskarayib.com\/wp-content\/uploads\/2024\/10\/06263-300x198.jpg 300w, https:\/\/richeskarayib.com\/wp-content\/uploads\/2024\/10\/06263-768x506.jpg 768w\" sizes=\"(max-width: 800px) 100vw, 800px\" \/>\t\t\t\t\t\t\t\t\t\t\t<figcaption class=\"widget-image-caption wp-caption-text\">Mexique : Xtaxkgakget Makgkaxtlawana, Centre pour les arts indig\u00e8nes<\/figcaption>\n\t\t\t\t\t\t\t\t\t\t<\/figure>\n\t\t\t\t\t\t\t\t\t<\/div>\n\t\t\t\t<\/div>\n\t\t\t\t\t<\/div>\n\t\t<\/div>\n\t\t\t\t\t<\/div>\n\t\t<\/section>\n\t\t\t\t\t<\/div>\n\t\t<\/div>\n\t\t\t\t\t<\/div>\n\t\t<\/section>\n\t\t\t\t<section class=\"elementor-section elementor-top-section elementor-element elementor-element-837acd0 elementor-section-boxed elementor-section-height-default elementor-section-height-default\" data-id=\"837acd0\" data-element_type=\"section\">\n\t\t\t\t\t\t<div class=\"elementor-container elementor-column-gap-default\">\n\t\t\t\t\t<div class=\"elementor-column elementor-col-100 elementor-top-column elementor-element elementor-element-dbbf243\" data-id=\"dbbf243\" data-element_type=\"column\">\n\t\t\t<div class=\"elementor-widget-wrap elementor-element-populated\">\n\t\t\t\t\t\t<div class=\"elementor-element elementor-element-164d889 elementor-widget elementor-widget-heading\" data-id=\"164d889\" data-element_type=\"widget\" data-widget_type=\"heading.default\">\n\t\t\t\t<div class=\"elementor-widget-container\">\n\t\t\t\t\t<h2 class=\"elementor-heading-title elementor-size-default\">2013<\/h2>\t\t\t\t<\/div>\n\t\t\t\t<\/div>\n\t\t\t\t<div class=\"elementor-element elementor-element-87b244f elementor-widget elementor-widget-text-editor\" data-id=\"87b244f\" data-element_type=\"widget\" data-widget_type=\"text-editor.default\">\n\t\t\t\t<div class=\"elementor-widget-container\">\n\t\t\t\t\t\t\t\t\t<ul>\n<li>\n<p><strong>Guatemala<\/strong>: <em>C\u00e9r\u00e9monie du Nan Pa&#8217;ch<\/em><br \/>Le <em>Nan Pa&#8217;ch<\/em> est un rituel maya sacr\u00e9 qui a pour but de remercier les Mayas pour leur r\u00e9colte de ma\u00efs. La c\u00e9r\u00e9monie comprend des danses, des pri\u00e8res et des offrandes, soulignant le lien spirituel profond entre le peuple maya et la terre qui le nourrit. <\/p>\n<\/li>\n<li>\n<p><strong>Venezuela (R\u00e9publique bolivarienne du)<\/strong>: <em>San Pedro Parranda<\/em><br \/>Cette f\u00eate joyeuse dans la ville de Guarenas et Guatire honore Saint Pierre avec un d\u00e9fil\u00e9 anim\u00e9. Les participants rev\u00eatent des costumes \u00e9clatants et portent des poup\u00e9es en bois \u00e0 l&#8217;effigie du saint, accompagn\u00e9s de musique et de danses traditionnelles. <\/p>\n<\/li>\n<\/ul>\n\t\t\t\t\t\t\t\t<\/div>\n\t\t\t\t<\/div>\n\t\t\t\t<section class=\"elementor-section elementor-inner-section elementor-element elementor-element-eceb47c elementor-section-boxed elementor-section-height-default elementor-section-height-default\" data-id=\"eceb47c\" data-element_type=\"section\">\n\t\t\t\t\t\t<div class=\"elementor-container elementor-column-gap-default\">\n\t\t\t\t\t<div class=\"elementor-column elementor-col-50 elementor-inner-column elementor-element elementor-element-42c34d0\" data-id=\"42c34d0\" data-element_type=\"column\">\n\t\t\t<div class=\"elementor-widget-wrap elementor-element-populated\">\n\t\t\t\t\t\t<div class=\"elementor-element elementor-element-7af9b1a elementor-widget elementor-widget-image\" data-id=\"7af9b1a\" data-element_type=\"widget\" data-widget_type=\"image.default\">\n\t\t\t\t<div class=\"elementor-widget-container\">\n\t\t\t\t\t\t\t\t\t\t\t\t<figure class=\"wp-caption\">\n\t\t\t\t\t\t\t\t\t\t<img loading=\"lazy\" decoding=\"async\" width=\"800\" height=\"587\" src=\"https:\/\/richeskarayib.com\/wp-content\/uploads\/2024\/10\/03671-1024x751.jpg\" class=\"attachment-large size-large wp-image-41149\" alt=\"\" srcset=\"https:\/\/richeskarayib.com\/wp-content\/uploads\/2024\/10\/03671-1024x751.jpg 1024w, https:\/\/richeskarayib.com\/wp-content\/uploads\/2024\/10\/03671-300x220.jpg 300w, https:\/\/richeskarayib.com\/wp-content\/uploads\/2024\/10\/03671-768x563.jpg 768w, https:\/\/richeskarayib.com\/wp-content\/uploads\/2024\/10\/03671-1536x1126.jpg 1536w, https:\/\/richeskarayib.com\/wp-content\/uploads\/2024\/10\/03671-2048x1502.jpg 2048w, https:\/\/richeskarayib.com\/wp-content\/uploads\/2024\/10\/03671-1320x968.jpg 1320w\" sizes=\"(max-width: 800px) 100vw, 800px\" \/>\t\t\t\t\t\t\t\t\t\t\t<figcaption class=\"widget-image-caption wp-caption-text\">Guatemala : C\u00e9r\u00e9monie Nan Pa'ch<\/figcaption>\n\t\t\t\t\t\t\t\t\t\t<\/figure>\n\t\t\t\t\t\t\t\t\t<\/div>\n\t\t\t\t<\/div>\n\t\t\t\t\t<\/div>\n\t\t<\/div>\n\t\t\t\t<div class=\"elementor-column elementor-col-50 elementor-inner-column elementor-element elementor-element-c579966\" data-id=\"c579966\" data-element_type=\"column\">\n\t\t\t<div class=\"elementor-widget-wrap elementor-element-populated\">\n\t\t\t\t\t\t<div class=\"elementor-element elementor-element-7097a8c elementor-widget elementor-widget-image\" data-id=\"7097a8c\" data-element_type=\"widget\" data-widget_type=\"image.default\">\n\t\t\t\t<div class=\"elementor-widget-container\">\n\t\t\t\t\t\t\t\t\t\t\t\t<figure class=\"wp-caption\">\n\t\t\t\t\t\t\t\t\t\t<img loading=\"lazy\" decoding=\"async\" width=\"800\" height=\"602\" src=\"https:\/\/richeskarayib.com\/wp-content\/uploads\/2024\/10\/08104-1024x770.jpg\" class=\"attachment-large size-large wp-image-41153\" alt=\"\" srcset=\"https:\/\/richeskarayib.com\/wp-content\/uploads\/2024\/10\/08104-1024x770.jpg 1024w, https:\/\/richeskarayib.com\/wp-content\/uploads\/2024\/10\/08104-300x226.jpg 300w, https:\/\/richeskarayib.com\/wp-content\/uploads\/2024\/10\/08104-768x577.jpg 768w, https:\/\/richeskarayib.com\/wp-content\/uploads\/2024\/10\/08104-1536x1155.jpg 1536w, https:\/\/richeskarayib.com\/wp-content\/uploads\/2024\/10\/08104-2048x1539.jpg 2048w, https:\/\/richeskarayib.com\/wp-content\/uploads\/2024\/10\/08104-1320x992.jpg 1320w\" sizes=\"(max-width: 800px) 100vw, 800px\" \/>\t\t\t\t\t\t\t\t\t\t\t<figcaption class=\"widget-image-caption wp-caption-text\">Venezuela (R\u00e9publique bolivarienne du) : San Pedro Parranda<\/figcaption>\n\t\t\t\t\t\t\t\t\t\t<\/figure>\n\t\t\t\t\t\t\t\t\t<\/div>\n\t\t\t\t<\/div>\n\t\t\t\t\t<\/div>\n\t\t<\/div>\n\t\t\t\t\t<\/div>\n\t\t<\/section>\n\t\t\t\t\t<\/div>\n\t\t<\/div>\n\t\t\t\t\t<\/div>\n\t\t<\/section>\n\t\t\t\t<section class=\"elementor-section elementor-top-section elementor-element elementor-element-dc6b7d9 elementor-section-boxed elementor-section-height-default elementor-section-height-default\" data-id=\"dc6b7d9\" data-element_type=\"section\">\n\t\t\t\t\t\t<div class=\"elementor-container elementor-column-gap-default\">\n\t\t\t\t\t<div class=\"elementor-column elementor-col-100 elementor-top-column elementor-element elementor-element-053f849\" data-id=\"053f849\" data-element_type=\"column\">\n\t\t\t<div class=\"elementor-widget-wrap elementor-element-populated\">\n\t\t\t\t\t\t<div class=\"elementor-element elementor-element-4f9fe32 elementor-widget elementor-widget-heading\" data-id=\"4f9fe32\" data-element_type=\"widget\" data-widget_type=\"heading.default\">\n\t\t\t\t<div class=\"elementor-widget-container\">\n\t\t\t\t\t<h2 class=\"elementor-heading-title elementor-size-default\">2014<\/h2>\t\t\t\t<\/div>\n\t\t\t\t<\/div>\n\t\t\t\t<div class=\"elementor-element elementor-element-331af2f elementor-widget elementor-widget-text-editor\" data-id=\"331af2f\" data-element_type=\"widget\" data-widget_type=\"text-editor.default\">\n\t\t\t\t<div class=\"elementor-widget-container\">\n\t\t\t\t\t\t\t\t\t<ul>\n<li>\n<ul>\n<li>\n<p><strong>Venezuela (R\u00e9publique bolivarienne du)<\/strong>: <em>Tradition orale Mapoyo<\/em><br \/>Le peuple Mapoyo, un groupe indig\u00e8ne du Venezuela, a transmis son histoire, ses valeurs et son identit\u00e9 culturelle par le biais de r\u00e9cits oraux. Cette tradition pr\u00e9serve leur lien avec la terre et renforce l&#8217;importance de la parole dans le maintien de la continuit\u00e9 culturelle. <\/p>\n<\/li>\n<li>\n<p><strong>Guadeloupe<\/strong>: <em>Gwoka<\/em><br \/>Le <em>Gwoka<\/em> est une tradition de musique et de danse profond\u00e9ment enracin\u00e9e dans l&#8217;histoire de la r\u00e9sistance et de la survie de la Guadeloupe. Avec les rythmes africains \u00e0 la base, le <em>Gwoka<\/em> est une forme d&#8217;expression et de r\u00e9silience, \u00e9voluant de l&#8217;esclavage des plantations \u00e0 la c\u00e9l\u00e9bration de l&#8217;identit\u00e9 culturelle. <\/p>\n<\/li>\n<\/ul>\n<\/li>\n<\/ul>\n\t\t\t\t\t\t\t\t<\/div>\n\t\t\t\t<\/div>\n\t\t\t\t<section class=\"elementor-section elementor-inner-section elementor-element elementor-element-5eaea0e elementor-section-boxed elementor-section-height-default elementor-section-height-default\" data-id=\"5eaea0e\" data-element_type=\"section\">\n\t\t\t\t\t\t<div class=\"elementor-container elementor-column-gap-default\">\n\t\t\t\t\t<div class=\"elementor-column elementor-col-50 elementor-inner-column elementor-element elementor-element-ee0b98a\" data-id=\"ee0b98a\" data-element_type=\"column\">\n\t\t\t<div class=\"elementor-widget-wrap elementor-element-populated\">\n\t\t\t\t\t\t<div class=\"elementor-element elementor-element-9c01b99 elementor-widget elementor-widget-image\" data-id=\"9c01b99\" data-element_type=\"widget\" data-widget_type=\"image.default\">\n\t\t\t\t<div class=\"elementor-widget-container\">\n\t\t\t\t\t\t\t\t\t\t\t\t<figure class=\"wp-caption\">\n\t\t\t\t\t\t\t\t\t\t<img loading=\"lazy\" decoding=\"async\" width=\"800\" height=\"524\" src=\"https:\/\/richeskarayib.com\/wp-content\/uploads\/2024\/10\/08811-1-1024x671.jpg\" class=\"attachment-large size-large wp-image-41161\" alt=\"\" srcset=\"https:\/\/richeskarayib.com\/wp-content\/uploads\/2024\/10\/08811-1-1024x671.jpg 1024w, https:\/\/richeskarayib.com\/wp-content\/uploads\/2024\/10\/08811-1-300x196.jpg 300w, https:\/\/richeskarayib.com\/wp-content\/uploads\/2024\/10\/08811-1-768x503.jpg 768w, https:\/\/richeskarayib.com\/wp-content\/uploads\/2024\/10\/08811-1-1536x1006.jpg 1536w, https:\/\/richeskarayib.com\/wp-content\/uploads\/2024\/10\/08811-1-2048x1341.jpg 2048w, https:\/\/richeskarayib.com\/wp-content\/uploads\/2024\/10\/08811-1-1320x864.jpg 1320w\" sizes=\"(max-width: 800px) 100vw, 800px\" \/>\t\t\t\t\t\t\t\t\t\t\t<figcaption class=\"widget-image-caption wp-caption-text\">Venezuela (R\u00e9publique bolivarienne du) : Tradition orale Mapoyo<\/figcaption>\n\t\t\t\t\t\t\t\t\t\t<\/figure>\n\t\t\t\t\t\t\t\t\t<\/div>\n\t\t\t\t<\/div>\n\t\t\t\t\t<\/div>\n\t\t<\/div>\n\t\t\t\t<div class=\"elementor-column elementor-col-50 elementor-inner-column elementor-element elementor-element-596ae07\" data-id=\"596ae07\" data-element_type=\"column\">\n\t\t\t<div class=\"elementor-widget-wrap elementor-element-populated\">\n\t\t\t\t\t\t<div class=\"elementor-element elementor-element-c4605d9 elementor-widget elementor-widget-image\" data-id=\"c4605d9\" data-element_type=\"widget\" data-widget_type=\"image.default\">\n\t\t\t\t<div class=\"elementor-widget-container\">\n\t\t\t\t\t\t\t\t\t\t\t\t<figure class=\"wp-caption\">\n\t\t\t\t\t\t\t\t\t\t<img loading=\"lazy\" decoding=\"async\" width=\"800\" height=\"513\" src=\"https:\/\/richeskarayib.com\/wp-content\/uploads\/2024\/10\/08927-1024x657.jpg\" class=\"attachment-large size-large wp-image-41165\" alt=\"\" srcset=\"https:\/\/richeskarayib.com\/wp-content\/uploads\/2024\/10\/08927-1024x657.jpg 1024w, https:\/\/richeskarayib.com\/wp-content\/uploads\/2024\/10\/08927-300x193.jpg 300w, https:\/\/richeskarayib.com\/wp-content\/uploads\/2024\/10\/08927-768x493.jpg 768w, https:\/\/richeskarayib.com\/wp-content\/uploads\/2024\/10\/08927-1536x986.jpg 1536w, https:\/\/richeskarayib.com\/wp-content\/uploads\/2024\/10\/08927-2048x1314.jpg 2048w, https:\/\/richeskarayib.com\/wp-content\/uploads\/2024\/10\/08927-1320x847.jpg 1320w\" sizes=\"(max-width: 800px) 100vw, 800px\" \/>\t\t\t\t\t\t\t\t\t\t\t<figcaption class=\"widget-image-caption wp-caption-text\">Guadeloupe : Gwoka<\/figcaption>\n\t\t\t\t\t\t\t\t\t\t<\/figure>\n\t\t\t\t\t\t\t\t\t<\/div>\n\t\t\t\t<\/div>\n\t\t\t\t\t<\/div>\n\t\t<\/div>\n\t\t\t\t\t<\/div>\n\t\t<\/section>\n\t\t\t\t\t<\/div>\n\t\t<\/div>\n\t\t\t\t\t<\/div>\n\t\t<\/section>\n\t\t\t\t<section class=\"elementor-section elementor-top-section elementor-element elementor-element-e367f83 elementor-section-boxed elementor-section-height-default elementor-section-height-default\" data-id=\"e367f83\" data-element_type=\"section\">\n\t\t\t\t\t\t<div class=\"elementor-container elementor-column-gap-default\">\n\t\t\t\t\t<div class=\"elementor-column elementor-col-100 elementor-top-column elementor-element elementor-element-01f0d65\" data-id=\"01f0d65\" data-element_type=\"column\">\n\t\t\t<div class=\"elementor-widget-wrap elementor-element-populated\">\n\t\t\t\t\t\t<div class=\"elementor-element elementor-element-98e642f elementor-widget elementor-widget-heading\" data-id=\"98e642f\" data-element_type=\"widget\" data-widget_type=\"heading.default\">\n\t\t\t\t<div class=\"elementor-widget-container\">\n\t\t\t\t\t<h2 class=\"elementor-heading-title elementor-size-default\">2015<\/h2>\t\t\t\t<\/div>\n\t\t\t\t<\/div>\n\t\t\t\t<div class=\"elementor-element elementor-element-8da5262 elementor-widget elementor-widget-text-editor\" data-id=\"8da5262\" data-element_type=\"widget\" data-widget_type=\"text-editor.default\">\n\t\t\t\t<div class=\"elementor-widget-container\">\n\t\t\t\t\t\t\t\t\t<ul>\n<li>\n<p><strong>Colombie<\/strong>: <em>Musique Vallenato<\/em><br \/>Le <em>vallenato<\/em>, un genre musical n\u00e9 dans les r\u00e9gions rurales de Colombie, raconte des histoires d&#8217;amour, de trahison et de vie quotidienne. Avec des instruments comme l&#8217;accord\u00e9on et la caja, le <em>vallenato<\/em> est connu pour ses paroles po\u00e9tiques et sa profonde r\u00e9sonance \u00e9motionnelle dans la culture colombienne. <\/p>\n<\/li>\n<li>\n<p><strong>Venezuela (R\u00e9publique bolivarienne du)<\/strong>: <em>Tissage de fibres de curagua<\/em><br \/>L&#8217;art de transformer les fibres de curagua en textiles complexes est transmis depuis des g\u00e9n\u00e9rations au Venezuela. Cette tradition artisanale permet non seulement de pr\u00e9server l&#8217;identit\u00e9 culturelle, mais aussi de soutenir les communaut\u00e9s rurales gr\u00e2ce \u00e0 la production de textiles utilis\u00e9s pour l&#8217;habillement et d&#8217;autres biens. <\/p>\n<\/li>\n<\/ul>\n\t\t\t\t\t\t\t\t<\/div>\n\t\t\t\t<\/div>\n\t\t\t\t<section class=\"elementor-section elementor-inner-section elementor-element elementor-element-5df163b elementor-section-boxed elementor-section-height-default elementor-section-height-default\" data-id=\"5df163b\" data-element_type=\"section\">\n\t\t\t\t\t\t<div class=\"elementor-container elementor-column-gap-default\">\n\t\t\t\t\t<div class=\"elementor-column elementor-col-50 elementor-inner-column elementor-element elementor-element-3be1572\" data-id=\"3be1572\" data-element_type=\"column\">\n\t\t\t<div class=\"elementor-widget-wrap elementor-element-populated\">\n\t\t\t\t\t\t<div class=\"elementor-element elementor-element-5c9a7ea elementor-widget elementor-widget-image\" data-id=\"5c9a7ea\" data-element_type=\"widget\" data-widget_type=\"image.default\">\n\t\t\t\t<div class=\"elementor-widget-container\">\n\t\t\t\t\t\t\t\t\t\t\t\t<figure class=\"wp-caption\">\n\t\t\t\t\t\t\t\t\t\t<img loading=\"lazy\" decoding=\"async\" width=\"800\" height=\"531\" src=\"https:\/\/richeskarayib.com\/wp-content\/uploads\/2024\/10\/14111-1024x680.jpg\" class=\"attachment-large size-large wp-image-41169\" alt=\"\" srcset=\"https:\/\/richeskarayib.com\/wp-content\/uploads\/2024\/10\/14111-1024x680.jpg 1024w, https:\/\/richeskarayib.com\/wp-content\/uploads\/2024\/10\/14111-300x199.jpg 300w, https:\/\/richeskarayib.com\/wp-content\/uploads\/2024\/10\/14111-768x510.jpg 768w, https:\/\/richeskarayib.com\/wp-content\/uploads\/2024\/10\/14111-1536x1021.jpg 1536w, https:\/\/richeskarayib.com\/wp-content\/uploads\/2024\/10\/14111-2048x1361.jpg 2048w, https:\/\/richeskarayib.com\/wp-content\/uploads\/2024\/10\/14111-1320x877.jpg 1320w\" sizes=\"(max-width: 800px) 100vw, 800px\" \/>\t\t\t\t\t\t\t\t\t\t\t<figcaption class=\"widget-image-caption wp-caption-text\">Colombie : Musique Vallenato<\/figcaption>\n\t\t\t\t\t\t\t\t\t\t<\/figure>\n\t\t\t\t\t\t\t\t\t<\/div>\n\t\t\t\t<\/div>\n\t\t\t\t\t<\/div>\n\t\t<\/div>\n\t\t\t\t<div class=\"elementor-column elementor-col-50 elementor-inner-column elementor-element elementor-element-42d4e14\" data-id=\"42d4e14\" data-element_type=\"column\">\n\t\t\t<div class=\"elementor-widget-wrap elementor-element-populated\">\n\t\t\t\t\t\t<div class=\"elementor-element elementor-element-6e282e4 elementor-widget elementor-widget-image\" data-id=\"6e282e4\" data-element_type=\"widget\" data-widget_type=\"image.default\">\n\t\t\t\t<div class=\"elementor-widget-container\">\n\t\t\t\t\t\t\t\t\t\t\t\t<figure class=\"wp-caption\">\n\t\t\t\t\t\t\t\t\t\t<img loading=\"lazy\" decoding=\"async\" width=\"800\" height=\"534\" src=\"https:\/\/richeskarayib.com\/wp-content\/uploads\/2024\/10\/09693-1024x683.jpg\" class=\"attachment-large size-large wp-image-41173\" alt=\"\" srcset=\"https:\/\/richeskarayib.com\/wp-content\/uploads\/2024\/10\/09693-1024x683.jpg 1024w, https:\/\/richeskarayib.com\/wp-content\/uploads\/2024\/10\/09693-300x200.jpg 300w, https:\/\/richeskarayib.com\/wp-content\/uploads\/2024\/10\/09693-768x512.jpg 768w, https:\/\/richeskarayib.com\/wp-content\/uploads\/2024\/10\/09693-1536x1024.jpg 1536w, https:\/\/richeskarayib.com\/wp-content\/uploads\/2024\/10\/09693-2048x1365.jpg 2048w, https:\/\/richeskarayib.com\/wp-content\/uploads\/2024\/10\/09693-1320x880.jpg 1320w\" sizes=\"(max-width: 800px) 100vw, 800px\" \/>\t\t\t\t\t\t\t\t\t\t\t<figcaption class=\"widget-image-caption wp-caption-text\">Venezuela (R\u00e9publique bolivarienne du) : Tissage de fibres de Curagua<\/figcaption>\n\t\t\t\t\t\t\t\t\t\t<\/figure>\n\t\t\t\t\t\t\t\t\t<\/div>\n\t\t\t\t<\/div>\n\t\t\t\t\t<\/div>\n\t\t<\/div>\n\t\t\t\t\t<\/div>\n\t\t<\/section>\n\t\t\t\t\t<\/div>\n\t\t<\/div>\n\t\t\t\t\t<\/div>\n\t\t<\/section>\n\t\t\t\t<section class=\"elementor-section elementor-top-section elementor-element elementor-element-4d5fbeb elementor-section-boxed elementor-section-height-default elementor-section-height-default\" data-id=\"4d5fbeb\" data-element_type=\"section\">\n\t\t\t\t\t\t<div class=\"elementor-container elementor-column-gap-default\">\n\t\t\t\t\t<div class=\"elementor-column elementor-col-100 elementor-top-column elementor-element elementor-element-da6a5c3\" data-id=\"da6a5c3\" data-element_type=\"column\">\n\t\t\t<div class=\"elementor-widget-wrap elementor-element-populated\">\n\t\t\t\t\t\t<div class=\"elementor-element elementor-element-dee4a04 elementor-widget elementor-widget-text-editor\" data-id=\"dee4a04\" data-element_type=\"widget\" data-widget_type=\"text-editor.default\">\n\t\t\t\t<div class=\"elementor-widget-container\">\n\t\t\t\t\t\t\t\t\t<p>Des traditions musicales qui capturent l&#8217;\u00e2me d&#8217;un peuple aux c\u00e9r\u00e9monies sacr\u00e9es qui honorent la terre et le divin, les ann\u00e9es 2012 \u00e0 2015 ont vu la reconnaissance de certains des \u00e9l\u00e9ments culturels les plus vivants et les plus profond\u00e9ment enracin\u00e9s des Cara\u00efbes. Ces pratiques maintiennent en vie l&#8217;esprit de la r\u00e9gion, transmis de g\u00e9n\u00e9ration en g\u00e9n\u00e9ration. Rejoignez-nous dans le prochain article, o\u00f9 nous explorerons la p\u00e9riode de 2016 \u00e0 2019, une p\u00e9riode o\u00f9 les reconnaissances culturelles de l&#8217;UNESCO seront encore plus nombreuses.  <\/p>\n\t\t\t\t\t\t\t\t<\/div>\n\t\t\t\t<\/div>\n\t\t\t\t\t<\/div>\n\t\t<\/div>\n\t\t\t\t\t<\/div>\n\t\t<\/section>\n\t\t\t\t<\/div>\n\t\t","protected":false},"excerpt":{"rendered":"<p>Pr\u00e9server l&#8217;\u00e2me des Cara\u00efbes De 2012 \u00e0 2015, le riche patrimoine culturel des Cara\u00efbes a continu\u00e9 \u00e0 \u00eatre reconnu par l&#8217;UNESCO. Ces ann\u00e9es ont \u00e9t\u00e9 l&#8217;occasion de c\u00e9l\u00e9brer la musique vibrante, les rituels sacr\u00e9s et les traditions de narration de la r\u00e9gion, chacun de ces \u00e9l\u00e9ments constituant un \u00e9l\u00e9ment essentiel de l&#8217;identit\u00e9 carib\u00e9enne. Dans cet [&hellip;]<\/p>\n","protected":false},"author":47,"featured_media":41392,"comment_status":"open","ping_status":"open","sticky":false,"template":"","format":"standard","meta":{"_acf_changed":false,"footnotes":""},"categories":[1506],"tags":[820,1583,1563,1582],"class_list":["post-41382","post","type-post","status-publish","format-standard","has-post-thumbnail","hentry","category-histoire-et-patrimoine-cpf","tag-colombie-cpf","tag-guadeloupe-cpf","tag-guatemala-cpf","tag-venezuela-cpf"],"acf":[],"_links":{"self":[{"href":"https:\/\/richeskarayib.com\/cpf\/wp-json\/wp\/v2\/posts\/41382","targetHints":{"allow":["GET"]}}],"collection":[{"href":"https:\/\/richeskarayib.com\/cpf\/wp-json\/wp\/v2\/posts"}],"about":[{"href":"https:\/\/richeskarayib.com\/cpf\/wp-json\/wp\/v2\/types\/post"}],"author":[{"embeddable":true,"href":"https:\/\/richeskarayib.com\/cpf\/wp-json\/wp\/v2\/users\/47"}],"replies":[{"embeddable":true,"href":"https:\/\/richeskarayib.com\/cpf\/wp-json\/wp\/v2\/comments?post=41382"}],"version-history":[{"count":0,"href":"https:\/\/richeskarayib.com\/cpf\/wp-json\/wp\/v2\/posts\/41382\/revisions"}],"wp:featuredmedia":[{"embeddable":true,"href":"https:\/\/richeskarayib.com\/cpf\/wp-json\/wp\/v2\/media\/41392"}],"wp:attachment":[{"href":"https:\/\/richeskarayib.com\/cpf\/wp-json\/wp\/v2\/media?parent=41382"}],"wp:term":[{"taxonomy":"category","embeddable":true,"href":"https:\/\/richeskarayib.com\/cpf\/wp-json\/wp\/v2\/categories?post=41382"},{"taxonomy":"post_tag","embeddable":true,"href":"https:\/\/richeskarayib.com\/cpf\/wp-json\/wp\/v2\/tags?post=41382"}],"curies":[{"name":"wp","href":"https:\/\/api.w.org\/{rel}","templated":true}]}}