{"id":41948,"date":"2024-11-20T02:00:30","date_gmt":"2024-11-20T02:00:30","guid":{"rendered":"https:\/\/richeskarayib.com\/revolution-de-lecole-numerique-2024-inauguration-de-la-premiere-ecole-numerique-des-caraibes-en-guyane\/"},"modified":"2024-12-09T15:06:44","modified_gmt":"2024-12-09T15:06:44","slug":"revolution-de-lecole-numerique-2024-inauguration-de-la-premiere-ecole-numerique-des-caraibes-en-guyane","status":"publish","type":"post","link":"https:\/\/richeskarayib.com\/cpf\/revolution-de-lecole-numerique-2024-inauguration-de-la-premiere-ecole-numerique-des-caraibes-en-guyane\/","title":{"rendered":"R\u00e9volution de l&#8217;\u00e9cole num\u00e9rique 2024 : Inauguration de la premi\u00e8re \u00e9cole num\u00e9rique des Cara\u00efbes en Guyane"},"content":{"rendered":"\t\t<div data-elementor-type=\"wp-post\" data-elementor-id=\"41948\" class=\"elementor elementor-41948 elementor-41816\" data-elementor-post-type=\"post\">\n\t\t\t\t\t\t<section class=\"elementor-section elementor-top-section elementor-element elementor-element-7422fca elementor-section-boxed elementor-section-height-default elementor-section-height-default\" data-id=\"7422fca\" data-element_type=\"section\">\n\t\t\t\t\t\t<div class=\"elementor-container elementor-column-gap-default\">\n\t\t\t\t\t<div class=\"elementor-column elementor-col-100 elementor-top-column elementor-element elementor-element-729f66c\" data-id=\"729f66c\" data-element_type=\"column\">\n\t\t\t<div class=\"elementor-widget-wrap elementor-element-populated\">\n\t\t\t\t\t\t<div class=\"elementor-element elementor-element-ef6f20c elementor-widget elementor-widget-text-editor\" data-id=\"ef6f20c\" data-element_type=\"widget\" data-widget_type=\"text-editor.default\">\n\t\t\t\t<div class=\"elementor-widget-container\">\n\t\t\t\t\t\t\t\t\t<p><span style=\"font-weight: 400;\">Le paysage \u00e9ducatif des Cara\u00efbes va conna\u00eetre une profonde transformation avec l&#8217;annonce de la cr\u00e9ation de la premi\u00e8re \u00e9cole num\u00e9rique des Cara\u00efbes. <\/span><b>premi\u00e8re <a href=\"https:\/\/caribbeannewsglobal.com\/caribbeans-first-digital-school-to-be-launched-in-guyana\/\" target=\"_blank\" rel=\"noopener nofollow\">\u00e9cole num\u00e9rique<\/a> des <a href=\"https:\/\/richeskarayib.com\/cpf\/definir-les-caraibes\/\" target=\"_blank\" rel=\"noopener\">Cara\u00efbes<\/a><\/b><span style=\"font-weight: 400;\">qui sera lanc\u00e9 en Guyane en <strong>2024<\/strong>. Mohamed Irfaan Ali et le ministre de l&#8217;\u00e9ducation Priya Manickchand, vise \u00e0 cr\u00e9er un environnement d&#8217;apprentissage moderne et technologiquement avanc\u00e9, essentiel \u00e0 la formation des futurs dirigeants de la nation et de la r\u00e9gion. <\/span><\/p>\n\t\t\t\t\t\t\t\t<\/div>\n\t\t\t\t<\/div>\n\t\t\t\t\t<\/div>\n\t\t<\/div>\n\t\t\t\t\t<\/div>\n\t\t<\/section>\n\t\t\t\t<section class=\"elementor-section elementor-top-section elementor-element elementor-element-3ee32ee elementor-section-boxed elementor-section-height-default elementor-section-height-default\" data-id=\"3ee32ee\" data-element_type=\"section\">\n\t\t\t\t\t\t<div class=\"elementor-container elementor-column-gap-default\">\n\t\t\t\t\t<div class=\"elementor-column elementor-col-100 elementor-top-column elementor-element elementor-element-cc26d4a\" data-id=\"cc26d4a\" data-element_type=\"column\">\n\t\t\t<div class=\"elementor-widget-wrap elementor-element-populated\">\n\t\t\t\t\t\t<div class=\"elementor-element elementor-element-a3c680a elementor-widget elementor-widget-heading\" data-id=\"a3c680a\" data-element_type=\"widget\" data-widget_type=\"heading.default\">\n\t\t\t\t<div class=\"elementor-widget-container\">\n\t\t\t\t\t<h2 class=\"elementor-heading-title elementor-size-default\">Une vision pour une \u00e9conomie num\u00e9rique\n<\/h2>\t\t\t\t<\/div>\n\t\t\t\t<\/div>\n\t\t\t\t<div class=\"elementor-element elementor-element-fbbbdf2 elementor-widget elementor-widget-text-editor\" data-id=\"fbbbdf2\" data-element_type=\"widget\" data-widget_type=\"text-editor.default\">\n\t\t\t\t<div class=\"elementor-widget-container\">\n\t\t\t\t\t\t\t\t\t<p><span style=\"font-weight: 400;\">La d\u00e9cision de cr\u00e9er une <\/span><a href=\"https:\/\/education.gov.gy\/en\/index.php\/media2\/news-events\/7123-president-ali-to-launch-caribbean-s-first-digital-school-in-guyana\" target=\"_blank\" rel=\"noopener nofollow\"><b>\u00e9cole num\u00e9rique<\/b><\/a><span style=\"font-weight: 400;\">  s&#8217;aligne sur la vision du gouvernement guyanais de d\u00e9velopper une \u00e9conomie num\u00e9rique moderne. Alors que le monde adopte de plus en plus de solutions technologiques, il est imp\u00e9ratif que le syst\u00e8me \u00e9ducatif s&#8217;adapte afin de pr\u00e9parer les \u00e9tudiants aux d\u00e9fis et aux opportunit\u00e9s de l&#8217;\u00e8re num\u00e9rique.   <\/span><\/p>\n<p>\n            <span style=\"font-weight: 400;\">Le ministre Manickchand a soulign\u00e9, lors d&#8217;une apparition sur &#8220;The Guyana Dialogue&#8221;, que la pand\u00e9mie de COVID-19 mettait en \u00e9vidence la n\u00e9cessit\u00e9 d&#8217;int\u00e9grer la technologie dans l&#8217;\u00e9ducation. Si la pr\u00e9sence physique d&#8217;un enseignant reste essentielle, il est tout aussi crucial d&#8217;explorer des m\u00e9thodes d&#8217;enseignement hybrides qui combinent l&#8217;apprentissage en personne avec des outils technologiques pour am\u00e9liorer l&#8217;exp\u00e9rience dans le cadre de l&#8217;\u00e9cole num\u00e9rique. <\/span>\n          <\/p>\n\t\t\t\t\t\t\t\t<\/div>\n\t\t\t\t<\/div>\n\t\t\t\t\t<\/div>\n\t\t<\/div>\n\t\t\t\t\t<\/div>\n\t\t<\/section>\n\t\t\t\t<section class=\"elementor-section elementor-top-section elementor-element elementor-element-3c2c3f9 elementor-section-boxed elementor-section-height-default elementor-section-height-default\" data-id=\"3c2c3f9\" data-element_type=\"section\">\n\t\t\t\t\t\t<div class=\"elementor-container elementor-column-gap-default\">\n\t\t\t\t\t<div class=\"elementor-column elementor-col-100 elementor-top-column elementor-element elementor-element-10d43fe\" data-id=\"10d43fe\" data-element_type=\"column\">\n\t\t\t<div class=\"elementor-widget-wrap elementor-element-populated\">\n\t\t\t\t\t\t<div class=\"elementor-element elementor-element-7ac422a elementor-widget elementor-widget-heading\" data-id=\"7ac422a\" data-element_type=\"widget\" data-widget_type=\"heading.default\">\n\t\t\t\t<div class=\"elementor-widget-container\">\n\t\t\t\t\t<h2 class=\"elementor-heading-title elementor-size-default\">L'int\u00e9gration de l'intelligence artificielle\n<\/h2>\t\t\t\t<\/div>\n\t\t\t\t<\/div>\n\t\t\t\t<div class=\"elementor-element elementor-element-5aa2d66 elementor-widget elementor-widget-text-editor\" data-id=\"5aa2d66\" data-element_type=\"widget\" data-widget_type=\"text-editor.default\">\n\t\t\t\t<div class=\"elementor-widget-container\">\n\t\t\t\t\t\t\t\t\t<p><span style=\"font-weight: 400;\">L&#8217;un des aspects les plus innovants de cette <\/span><b>\u00e9cole num\u00e9rique<\/b><span style=\"font-weight: 400;\">  sera l&#8217;int\u00e9gration de l&#8217;<a href=\"https:\/\/en.wikipedia.org\/wiki\/Artificial_intelligence\" target=\"_blank\" rel=\"noopener nofollow\">intelligence artificielle<\/a> (IA) dans le processus \u00e9ducatif. Cette approche permettra non seulement d&#8217;am\u00e9liorer les exp\u00e9riences d&#8217;apprentissage des \u00e9l\u00e8ves, mais aussi d&#8217;adapter le contenu \u00e9ducatif aux besoins individuels. Les technologies bas\u00e9es sur l&#8217;IA peuvent fournir un retour d&#8217;information en temps r\u00e9el aux \u00e9tudiants, ce qui est essentiel pour maintenir un engagement optimal et favoriser une compr\u00e9hension plus approfondie des sujets \u00e9tudi\u00e9s dans le cadre de l&#8217;\u00e9cole num\u00e9rique.  <\/span><\/p>\n\t\t\t\t\t\t\t\t<\/div>\n\t\t\t\t<\/div>\n\t\t\t\t\t<\/div>\n\t\t<\/div>\n\t\t\t\t\t<\/div>\n\t\t<\/section>\n\t\t\t\t<section class=\"elementor-section elementor-top-section elementor-element elementor-element-150786b elementor-section-boxed elementor-section-height-default elementor-section-height-default\" data-id=\"150786b\" data-element_type=\"section\">\n\t\t\t\t\t\t<div class=\"elementor-container elementor-column-gap-default\">\n\t\t\t\t\t<div class=\"elementor-column elementor-col-100 elementor-top-column elementor-element elementor-element-947fdac\" data-id=\"947fdac\" data-element_type=\"column\">\n\t\t\t<div class=\"elementor-widget-wrap elementor-element-populated\">\n\t\t\t\t\t\t<div class=\"elementor-element elementor-element-c25f288 elementor-widget elementor-widget-heading\" data-id=\"c25f288\" data-element_type=\"widget\" data-widget_type=\"heading.default\">\n\t\t\t\t<div class=\"elementor-widget-container\">\n\t\t\t\t\t<h2 class=\"elementor-heading-title elementor-size-default\">Un cadre juridique pour l'\u00e9ducation num\u00e9rique<\/h2>\t\t\t\t<\/div>\n\t\t\t\t<\/div>\n\t\t\t\t<div class=\"elementor-element elementor-element-2abcc4f elementor-widget elementor-widget-text-editor\" data-id=\"2abcc4f\" data-element_type=\"widget\" data-widget_type=\"text-editor.default\">\n\t\t\t\t<div class=\"elementor-widget-container\">\n\t\t\t\t\t\t\t\t\t<p>\n            <span style=\"font-weight: 400;\">Pour que ce projet ambitieux prenne forme, il sera n\u00e9cessaire d&#8217;\u00e9tablir une l\u00e9gislation qui permette aux \u00e9tudiants de choisir entre l&#8217;apprentissage en personne et l&#8217;apprentissage num\u00e9rique. Cela repr\u00e9sente un changement important dans la mani\u00e8re dont l&#8217;\u00e9ducation est actuellement dispens\u00e9e en Guyane, et pourrait \u00e9galement servir de mod\u00e8le pour d&#8217;autres pays des Cara\u00efbes. En offrant cette flexibilit\u00e9, le gouvernement guyanais veille \u00e0 ce que chaque \u00e9l\u00e8ve, quel que soit son milieu, puisse acc\u00e9der \u00e0 une \u00e9ducation de qualit\u00e9 gr\u00e2ce \u00e0 l&#8217;\u00e9cole num\u00e9rique.  <\/span>\n          <\/p>\n\t\t\t\t\t\t\t\t<\/div>\n\t\t\t\t<\/div>\n\t\t\t\t\t<\/div>\n\t\t<\/div>\n\t\t\t\t\t<\/div>\n\t\t<\/section>\n\t\t\t\t<section class=\"elementor-section elementor-top-section elementor-element elementor-element-d353ade elementor-section-boxed elementor-section-height-default elementor-section-height-default\" data-id=\"d353ade\" data-element_type=\"section\">\n\t\t\t\t\t\t<div class=\"elementor-container elementor-column-gap-default\">\n\t\t\t\t\t<div class=\"elementor-column elementor-col-100 elementor-top-column elementor-element elementor-element-b063ec3\" data-id=\"b063ec3\" data-element_type=\"column\">\n\t\t\t<div class=\"elementor-widget-wrap elementor-element-populated\">\n\t\t\t\t\t\t<div class=\"elementor-element elementor-element-5fda9c7 elementor-widget elementor-widget-heading\" data-id=\"5fda9c7\" data-element_type=\"widget\" data-widget_type=\"heading.default\">\n\t\t\t\t<div class=\"elementor-widget-container\">\n\t\t\t\t\t<h2 class=\"elementor-heading-title elementor-size-default\">Un partenariat international<\/h2>\t\t\t\t<\/div>\n\t\t\t\t<\/div>\n\t\t\t\t<div class=\"elementor-element elementor-element-300449b elementor-widget elementor-widget-text-editor\" data-id=\"300449b\" data-element_type=\"widget\" data-widget_type=\"text-editor.default\">\n\t\t\t\t<div class=\"elementor-widget-container\">\n\t\t\t\t\t\t\t\t\t<p><span style=\"font-weight: 400;\">Le d\u00e9veloppement de cette <\/span><b>\u00e9cole num\u00e9rique<\/b><span style=\"font-weight: 400;\">  se fera en collaboration avec une entreprise bas\u00e9e en Inde, sp\u00e9cialis\u00e9e dans la cr\u00e9ation de plateformes \u00e9ducatives. Ce partenariat international t\u00e9moigne de la volont\u00e9 de la Guyane de s&#8217;int\u00e9grer au march\u00e9 mondial de l&#8217;\u00e9ducation num\u00e9rique. Outre l&#8217;acc\u00e8s aux ressources \u00e9ducatives, cette \u00e9cole s&#8217;attachera \u00e0 d\u00e9velopper les comp\u00e9tences entrepreneuriales, \u00e0 promouvoir l&#8217;\u00e9ducation culturelle et \u00e0 proposer des programmes en soins infirmiers \u00e9lectroniques et en comptabilit\u00e9, le tout dans le cadre du programme d&#8217;\u00e9tudes de l&#8217;\u00e9cole num\u00e9rique.  <\/span><\/p>\n\t\t\t\t\t\t\t\t<\/div>\n\t\t\t\t<\/div>\n\t\t\t\t\t<\/div>\n\t\t<\/div>\n\t\t\t\t\t<\/div>\n\t\t<\/section>\n\t\t\t\t<section class=\"elementor-section elementor-top-section elementor-element elementor-element-01fb767 elementor-section-boxed elementor-section-height-default elementor-section-height-default\" data-id=\"01fb767\" data-element_type=\"section\">\n\t\t\t\t\t\t<div class=\"elementor-container elementor-column-gap-default\">\n\t\t\t\t\t<div class=\"elementor-column elementor-col-100 elementor-top-column elementor-element elementor-element-c58475b\" data-id=\"c58475b\" data-element_type=\"column\">\n\t\t\t<div class=\"elementor-widget-wrap elementor-element-populated\">\n\t\t\t\t\t\t<div class=\"elementor-element elementor-element-8f377a9 elementor-widget elementor-widget-heading\" data-id=\"8f377a9\" data-element_type=\"widget\" data-widget_type=\"heading.default\">\n\t\t\t\t<div class=\"elementor-widget-container\">\n\t\t\t\t\t<h2 class=\"elementor-heading-title elementor-size-default\">Une opportunit\u00e9 pour le CARICOM<\/h2>\t\t\t\t<\/div>\n\t\t\t\t<\/div>\n\t\t\t\t<div class=\"elementor-element elementor-element-0e9bb28 elementor-widget elementor-widget-text-editor\" data-id=\"0e9bb28\" data-element_type=\"widget\" data-widget_type=\"text-editor.default\">\n\t\t\t\t<div class=\"elementor-widget-container\">\n\t\t\t\t\t\t\t\t\t<p><span style=\"font-weight: 400;\">L&#8217;initiative n&#8217;est pas limit\u00e9e \u00e0 la Guyane ; elle sera accessible aux \u00e9tudiants des autres \u00c9tats membres de la CARICOM. Il s&#8217;agit d&#8217;une avanc\u00e9e significative pour l&#8217;\u00e9ducation r\u00e9gionale, qui offre aux jeunes des Cara\u00efbes la possibilit\u00e9 d&#8217;acc\u00e9der \u00e0 une \u00e9ducation de qualit\u00e9, quelle que soit leur situation g\u00e9ographique. En ce sens, l&#8217;initiative    <\/span><b>\u00e9cole num\u00e9rique<\/b><span style=\"font-weight: 400;\"> pourrait devenir un mod\u00e8le d&#8217;\u00e9ducation inclusive pour la r\u00e9gion.<\/span><\/p>\n\t\t\t\t\t\t\t\t<\/div>\n\t\t\t\t<\/div>\n\t\t\t\t\t<\/div>\n\t\t<\/div>\n\t\t\t\t\t<\/div>\n\t\t<\/section>\n\t\t\t\t<section class=\"elementor-section elementor-top-section elementor-element elementor-element-e03f9c4 elementor-section-boxed elementor-section-height-default elementor-section-height-default\" data-id=\"e03f9c4\" data-element_type=\"section\">\n\t\t\t\t\t\t<div class=\"elementor-container elementor-column-gap-default\">\n\t\t\t\t\t<div class=\"elementor-column elementor-col-100 elementor-top-column elementor-element elementor-element-1e7bd1b\" data-id=\"1e7bd1b\" data-element_type=\"column\">\n\t\t\t<div class=\"elementor-widget-wrap elementor-element-populated\">\n\t\t\t\t\t\t<div class=\"elementor-element elementor-element-04496ff elementor-widget elementor-widget-heading\" data-id=\"04496ff\" data-element_type=\"widget\" data-widget_type=\"heading.default\">\n\t\t\t\t<div class=\"elementor-widget-container\">\n\t\t\t\t\t<h2 class=\"elementor-heading-title elementor-size-default\">Initiatives num\u00e9riques existantes<\/h2>\t\t\t\t<\/div>\n\t\t\t\t<\/div>\n\t\t\t\t<div class=\"elementor-element elementor-element-dc83e38 elementor-widget elementor-widget-text-editor\" data-id=\"dc83e38\" data-element_type=\"widget\" data-widget_type=\"text-editor.default\">\n\t\t\t\t<div class=\"elementor-widget-container\">\n\t\t\t\t\t\t\t\t\t<p><span style=\"font-weight: 400;\">Le gouvernement guyanais n&#8217;en est pas \u00e0 son coup d&#8217;essai en mati\u00e8re d&#8217;\u00e9ducation num\u00e9rique. Le r\u00e9cent lancement de l&#8217;initiative   <\/span><b>Initiative num\u00e9rique &#8220;One Guyana<\/b><span style=\"font-weight: 400;\">  vise \u00e0 former plus de 2 000 Guyanais \u00e0 des carri\u00e8res prometteuses dans le secteur des technologies. Ce programme d\u00e9montre que l&#8217;\u00e9ducation num\u00e9rique est d\u00e9j\u00e0 une priorit\u00e9 nationale, et le programme de l   <\/span><b>l&#8217;\u00e9cole num\u00e9rique<\/b><span style=\"font-weight: 400;\"> renforcera encore ces efforts.<\/span><\/p>\n<p><span style=\"font-weight: 400;\">En outre, l&#8217;initiative <\/span><b>Initiative 150k codeurs<\/b><span style=\"font-weight: 400;\">  vise \u00e0 pr\u00e9parer les Guyanais \u00e0 saisir les opportunit\u00e9s offertes par un monde technologique en constante \u00e9volution. Gr\u00e2ce \u00e0 ces initiatives, la Guyane s&#8217;efforce de cr\u00e9er un environnement propice \u00e0 l&#8217;innovation et \u00e0 l&#8217;esprit d&#8217;entreprise, en dotant ses citoyens des comp\u00e9tences n\u00e9cessaires pour r\u00e9ussir dans un monde de plus en plus num\u00e9rique et en contribuant au succ\u00e8s de l&#8217;\u00e9cole num\u00e9rique. <\/span><\/p>\n\t\t\t\t\t\t\t\t<\/div>\n\t\t\t\t<\/div>\n\t\t\t\t<section class=\"elementor-section elementor-inner-section elementor-element elementor-element-c53de51 elementor-section-boxed elementor-section-height-default elementor-section-height-default\" data-id=\"c53de51\" data-element_type=\"section\">\n\t\t\t\t\t\t<div class=\"elementor-container elementor-column-gap-default\">\n\t\t\t\t\t<div class=\"elementor-column elementor-col-100 elementor-inner-column elementor-element elementor-element-4f6de37\" data-id=\"4f6de37\" data-element_type=\"column\">\n\t\t\t<div class=\"elementor-widget-wrap elementor-element-populated\">\n\t\t\t\t\t\t<div class=\"elementor-element elementor-element-d72fbfb elementor-widget elementor-widget-image\" data-id=\"d72fbfb\" data-element_type=\"widget\" data-widget_type=\"image.default\">\n\t\t\t\t<div class=\"elementor-widget-container\">\n\t\t\t\t\t\t\t\t\t\t\t\t<figure class=\"wp-caption\">\n\t\t\t\t\t\t\t\t\t\t<img fetchpriority=\"high\" decoding=\"async\" width=\"543\" height=\"358\" src=\"https:\/\/richeskarayib.com\/wp-content\/uploads\/2024\/11\/2024-11-12_20h55_22-1.png\" class=\"attachment-large size-large wp-image-41827\" alt=\"digital school\" srcset=\"https:\/\/richeskarayib.com\/wp-content\/uploads\/2024\/11\/2024-11-12_20h55_22-1.png 543w, https:\/\/richeskarayib.com\/wp-content\/uploads\/2024\/11\/2024-11-12_20h55_22-1-300x198.png 300w\" sizes=\"(max-width: 543px) 100vw, 543px\" \/>\t\t\t\t\t\t\t\t\t\t\t<figcaption class=\"widget-image-caption wp-caption-text\">Minister of Education, Priya Manickchand<\/figcaption>\n\t\t\t\t\t\t\t\t\t\t<\/figure>\n\t\t\t\t\t\t\t\t\t<\/div>\n\t\t\t\t<\/div>\n\t\t\t\t\t<\/div>\n\t\t<\/div>\n\t\t\t\t\t<\/div>\n\t\t<\/section>\n\t\t\t\t\t<\/div>\n\t\t<\/div>\n\t\t\t\t\t<\/div>\n\t\t<\/section>\n\t\t\t\t<section class=\"elementor-section elementor-top-section elementor-element elementor-element-6af70db elementor-section-boxed elementor-section-height-default elementor-section-height-default\" data-id=\"6af70db\" data-element_type=\"section\">\n\t\t\t\t\t\t<div class=\"elementor-container elementor-column-gap-default\">\n\t\t\t\t\t<div class=\"elementor-column elementor-col-100 elementor-top-column elementor-element elementor-element-b6f5d76\" data-id=\"b6f5d76\" data-element_type=\"column\">\n\t\t\t<div class=\"elementor-widget-wrap elementor-element-populated\">\n\t\t\t\t\t\t<div class=\"elementor-element elementor-element-38ec5fc elementor-widget elementor-widget-heading\" data-id=\"38ec5fc\" data-element_type=\"widget\" data-widget_type=\"heading.default\">\n\t\t\t\t<div class=\"elementor-widget-container\">\n\t\t\t\t\t<h2 class=\"elementor-heading-title elementor-size-default\">Acc\u00e8s aux cours en ligne<\/h2>\t\t\t\t<\/div>\n\t\t\t\t<\/div>\n\t\t\t\t<div class=\"elementor-element elementor-element-3158c77 elementor-widget elementor-widget-text-editor\" data-id=\"3158c77\" data-element_type=\"widget\" data-widget_type=\"text-editor.default\">\n\t\t\t\t<div class=\"elementor-widget-container\">\n\t\t\t\t\t\t\t\t\t<p><span style=\"font-weight: 400;\">Un autre aspect important du projet \u00e9ducatif de la Guyane est la <\/span><b>plateforme Guyane-Coursera<\/b><span style=\"font-weight: 400;\">qui permet \u00e0 400 000 Guyanais d&#8217;acc\u00e9der gratuitement \u00e0 plus de 6 000 cours. Cette initiative, qui co\u00fbte 1,4 million de dollars par an, t\u00e9moigne de l&#8217;engagement du gouvernement \u00e0 rendre l&#8217;\u00e9ducation accessible \u00e0 tous, en particulier dans un contexte o\u00f9 la formation continue est essentielle \u00e0 la comp\u00e9titivit\u00e9 sur le march\u00e9 du travail. L&#8217;\u00e9cole num\u00e9rique s&#8217;appuiera \u00e9galement sur ces plateformes pour am\u00e9liorer les possibilit\u00e9s d&#8217;apprentissage.  <\/span><\/p>\n\t\t\t\t\t\t\t\t<\/div>\n\t\t\t\t<\/div>\n\t\t\t\t\t<\/div>\n\t\t<\/div>\n\t\t\t\t\t<\/div>\n\t\t<\/section>\n\t\t\t\t<section class=\"elementor-section elementor-top-section elementor-element elementor-element-a358e20 elementor-section-boxed elementor-section-height-default elementor-section-height-default\" data-id=\"a358e20\" data-element_type=\"section\">\n\t\t\t\t\t\t<div class=\"elementor-container elementor-column-gap-default\">\n\t\t\t\t\t<div class=\"elementor-column elementor-col-100 elementor-top-column elementor-element elementor-element-1c8f025\" data-id=\"1c8f025\" data-element_type=\"column\">\n\t\t\t<div class=\"elementor-widget-wrap elementor-element-populated\">\n\t\t\t\t\t\t<div class=\"elementor-element elementor-element-2e291f1 elementor-widget elementor-widget-text-editor\" data-id=\"2e291f1\" data-element_type=\"widget\" data-widget_type=\"text-editor.default\">\n\t\t\t\t<div class=\"elementor-widget-container\">\n\t\t\t\t\t\t\t\t\t<p><span style=\"font-weight: 400;\">La cr\u00e9ation de la <\/span><b>premi\u00e8re \u00e9cole num\u00e9rique des Cara\u00efbes<\/b><span style=\"font-weight: 400;\">  en Guyane marque le d\u00e9but d&#8217;une nouvelle \u00e8re pour l&#8217;\u00e9ducation dans la r\u00e9gion. Avec l&#8217;int\u00e9gration de l&#8217;intelligence artificielle, des options d&#8217;apprentissage flexibles et un acc\u00e8s \u00e9largi aux ressources \u00e9ducatives, cette initiative a le potentiel de transformer la fa\u00e7on dont les jeunes des Cara\u00efbes acqui\u00e8rent des connaissances et des comp\u00e9tences. En s&#8217;appuyant sur des partenariats internationaux et des initiatives locales existantes, la Guyane se positionne comme un leader dans le domaine de l&#8217;\u00e9ducation num\u00e9rique, ouvrant la voie \u00e0 une g\u00e9n\u00e9ration de futurs leaders pr\u00eats \u00e0 relever les d\u00e9fis du 21e si\u00e8cle.  <\/span><\/p>\n\t\t\t\t\t\t\t\t<\/div>\n\t\t\t\t<\/div>\n\t\t\t\t\t<\/div>\n\t\t<\/div>\n\t\t\t\t\t<\/div>\n\t\t<\/section>\n\t\t\t\t<\/div>\n\t\t","protected":false},"excerpt":{"rendered":"<p>Le paysage \u00e9ducatif des Cara\u00efbes va conna\u00eetre une profonde transformation avec l&#8217;annonce de la cr\u00e9ation de la premi\u00e8re \u00e9cole num\u00e9rique des Cara\u00efbes. premi\u00e8re \u00e9cole num\u00e9rique des Cara\u00efbesqui sera lanc\u00e9 en Guyane en 2024. Mohamed Irfaan Ali et le ministre de l&#8217;\u00e9ducation Priya Manickchand, vise \u00e0 cr\u00e9er un environnement d&#8217;apprentissage moderne et technologiquement avanc\u00e9, essentiel \u00e0 [&hellip;]<\/p>\n","protected":false},"author":400,"featured_media":41823,"comment_status":"open","ping_status":"open","sticky":false,"template":"","format":"standard","meta":{"_acf_changed":false,"footnotes":""},"categories":[811],"tags":[1602],"class_list":["post-41948","post","type-post","status-publish","format-standard","has-post-thumbnail","hentry","category-les-organisations-culturelles","tag-guyane-cpf"],"acf":[],"_links":{"self":[{"href":"https:\/\/richeskarayib.com\/cpf\/wp-json\/wp\/v2\/posts\/41948","targetHints":{"allow":["GET"]}}],"collection":[{"href":"https:\/\/richeskarayib.com\/cpf\/wp-json\/wp\/v2\/posts"}],"about":[{"href":"https:\/\/richeskarayib.com\/cpf\/wp-json\/wp\/v2\/types\/post"}],"author":[{"embeddable":true,"href":"https:\/\/richeskarayib.com\/cpf\/wp-json\/wp\/v2\/users\/400"}],"replies":[{"embeddable":true,"href":"https:\/\/richeskarayib.com\/cpf\/wp-json\/wp\/v2\/comments?post=41948"}],"version-history":[{"count":0,"href":"https:\/\/richeskarayib.com\/cpf\/wp-json\/wp\/v2\/posts\/41948\/revisions"}],"wp:featuredmedia":[{"embeddable":true,"href":"https:\/\/richeskarayib.com\/cpf\/wp-json\/wp\/v2\/media\/41823"}],"wp:attachment":[{"href":"https:\/\/richeskarayib.com\/cpf\/wp-json\/wp\/v2\/media?parent=41948"}],"wp:term":[{"taxonomy":"category","embeddable":true,"href":"https:\/\/richeskarayib.com\/cpf\/wp-json\/wp\/v2\/categories?post=41948"},{"taxonomy":"post_tag","embeddable":true,"href":"https:\/\/richeskarayib.com\/cpf\/wp-json\/wp\/v2\/tags?post=41948"}],"curies":[{"name":"wp","href":"https:\/\/api.w.org\/{rel}","templated":true}]}}