{"id":41999,"date":"2024-11-20T17:58:30","date_gmt":"2024-11-20T17:58:30","guid":{"rendered":"https:\/\/richeskarayib.com\/manger-sain-et-equilibre-quest-ce-que-cela-signifie-vraiment\/"},"modified":"2024-11-20T17:58:33","modified_gmt":"2024-11-20T17:58:33","slug":"manger-sain-et-equilibre-quest-ce-que-cela-signifie-vraiment","status":"publish","type":"post","link":"https:\/\/richeskarayib.com\/cpf\/manger-sain-et-equilibre-quest-ce-que-cela-signifie-vraiment\/","title":{"rendered":"Manger sain et \u00e9quilibr\u00e9 : Qu&#8217;est-ce que cela signifie vraiment ?"},"content":{"rendered":"\t\t<div data-elementor-type=\"wp-post\" data-elementor-id=\"41999\" class=\"elementor elementor-41999 elementor-41734\" data-elementor-post-type=\"post\">\n\t\t\t\t\t\t<section class=\"elementor-section elementor-top-section elementor-element elementor-element-b6a4060 elementor-section-boxed elementor-section-height-default elementor-section-height-default\" data-id=\"b6a4060\" data-element_type=\"section\">\n\t\t\t\t\t\t<div class=\"elementor-container elementor-column-gap-default\">\n\t\t\t\t\t<div class=\"elementor-column elementor-col-100 elementor-top-column elementor-element elementor-element-83f828f\" data-id=\"83f828f\" data-element_type=\"column\">\n\t\t\t<div class=\"elementor-widget-wrap elementor-element-populated\">\n\t\t\t\t\t\t<div class=\"elementor-element elementor-element-d59dd5b elementor-widget elementor-widget-text-editor\" data-id=\"d59dd5b\" data-element_type=\"widget\" data-widget_type=\"text-editor.default\">\n\t\t\t\t<div class=\"elementor-widget-container\">\n\t\t\t\t\t\t\t\t\t\n          <p>\n            <span style=\"font-weight: 400;\">Notre existence repose sur le pilier fondamental qu&#8217;est la nutrition. Bien plus qu&#8217;une n\u00e9cessit\u00e9 biologique, elle joue un r\u00f4le crucial dans notre sant\u00e9 physique et notre bien-\u00eatre g\u00e9n\u00e9ral. L&#8217;alimentation ne se limite pas \u00e0 la simple consommation d&#8217;aliments ; elle refl\u00e8te notre culture, notre milieu socio-\u00e9conomique et notre environnement.    <\/span>\n          <\/p>\n          \n\n          <p><span style=\"font-weight: 400;\">Aujourd&#8217;hui, <\/span><a href=\"https:\/\/www.who.int\/news-room\/fact-sheets\/detail\/healthy-diet\" target=\"_blank\" rel=\"noopener nofollow\"><b>Manger sain et \u00e9quilibr\u00e9<\/b><\/a><span style=\"font-weight: 400;\">  sont devenus des sujets essentiels, car nos choix alimentaires peuvent avoir une influence consid\u00e9rable sur notre sant\u00e9. Face \u00e0 l&#8217;augmentation des probl\u00e8mes de sant\u00e9 publique, il est essentiel de comprendre et d&#8217;adopter des habitudes alimentaires responsables pour vivre en bonne sant\u00e9. <\/span><\/p>\n        \t\t\t\t\t\t\t\t<\/div>\n\t\t\t\t<\/div>\n\t\t\t\t\t<\/div>\n\t\t<\/div>\n\t\t\t\t\t<\/div>\n\t\t<\/section>\n\t\t\t\t<section class=\"elementor-section elementor-top-section elementor-element elementor-element-81b7c64 elementor-section-boxed elementor-section-height-default elementor-section-height-default\" data-id=\"81b7c64\" data-element_type=\"section\">\n\t\t\t\t\t\t<div class=\"elementor-container elementor-column-gap-default\">\n\t\t\t\t\t<div class=\"elementor-column elementor-col-100 elementor-top-column elementor-element elementor-element-cce8092\" data-id=\"cce8092\" data-element_type=\"column\">\n\t\t\t<div class=\"elementor-widget-wrap elementor-element-populated\">\n\t\t\t\t\t\t<div class=\"elementor-element elementor-element-a18761d elementor-widget elementor-widget-heading\" data-id=\"a18761d\" data-element_type=\"widget\" data-widget_type=\"heading.default\">\n\t\t\t\t<div class=\"elementor-widget-container\">\n\t\t\t\t\t<h2 class=\"elementor-heading-title elementor-size-default\">Une alimentation saine et \u00e9quilibr\u00e9e : Sont-ils r\u00e9alisables ?\n<\/h2>\t\t\t\t<\/div>\n\t\t\t\t<\/div>\n\t\t\t\t<div class=\"elementor-element elementor-element-f4f4ff3 elementor-widget elementor-widget-text-editor\" data-id=\"f4f4ff3\" data-element_type=\"widget\" data-widget_type=\"text-editor.default\">\n\t\t\t\t<div class=\"elementor-widget-container\">\n\t\t\t\t\t\t\t\t\t<p><span style=\"font-weight: 400;\">A <\/span><b>Une alimentation saine et \u00e9quilibr\u00e9e<\/b><span style=\"font-weight: 400;\">  L&#8217;alimentation saine devrait id\u00e9alement faire partie de la vie quotidienne dans <a href=\"https:\/\/richeskarayib.com\/cpf\/definir-les-caraibes\/\" target=\"_blank\" rel=\"noopener\">les Cara\u00efbes<\/a>. Cependant, de nombreuses personnes sont confront\u00e9es \u00e0 des difficult\u00e9s qui les emp\u00eachent de manger sainement. <\/span><\/p>\n\t\t\t\t\t\t\t\t<\/div>\n\t\t\t\t<\/div>\n\t\t\t\t<section class=\"elementor-section elementor-inner-section elementor-element elementor-element-3b00236 elementor-section-boxed elementor-section-height-default elementor-section-height-default\" data-id=\"3b00236\" data-element_type=\"section\">\n\t\t\t\t\t\t<div class=\"elementor-container elementor-column-gap-default\">\n\t\t\t\t\t<div class=\"elementor-column elementor-col-100 elementor-inner-column elementor-element elementor-element-0ebae9d\" data-id=\"0ebae9d\" data-element_type=\"column\">\n\t\t\t<div class=\"elementor-widget-wrap elementor-element-populated\">\n\t\t\t\t\t\t<div class=\"elementor-element elementor-element-5deff63 elementor-widget elementor-widget-text-editor\" data-id=\"5deff63\" data-element_type=\"widget\" data-widget_type=\"text-editor.default\">\n\t\t\t\t<div class=\"elementor-widget-container\">\n\t\t\t\t\t\t\t\t\t\n          <h4>\n            <b>Les raisons d&#8217;une mauvaise alimentation<\/b>\n          <\/h4>\n          \n\n          <ol>\n            \n\n            <li style=\"font-weight: 400;\" aria-level=\"1\">\n              <b>Contraintes \u00e9conomiques<\/b>\n              <span style=\"font-weight: 400;\">: Dans les Cara\u00efbes, de nombreuses familles sont confront\u00e9es \u00e0 des difficult\u00e9s \u00e9conomiques qui les emp\u00eachent de donner la priorit\u00e9 \u00e0 une alimentation saine. Les aliments transform\u00e9s et pratiques, souvent moins chers et plus accessibles, sont devenus la norme. <\/span>\n            <\/li>\n            \n\n            <li style=\"font-weight: 400;\" aria-level=\"1\">\n              <b>Disponibilit\u00e9 des produits frais<\/b>\n              <span style=\"font-weight: 400;\">: Dans certaines r\u00e9gions, en particulier celles qui d\u00e9pendent des importations, les fruits et l\u00e9gumes frais ne sont pas toujours faciles \u00e0 trouver. Ce manque d&#8217;accessibilit\u00e9 peut entra\u00eener une d\u00e9pendance \u00e0 l&#8217;\u00e9gard des aliments en conserve ou emball\u00e9s, qui sont moins nutritifs. <\/span>\n            <\/li>\n            \n\n            <li style=\"font-weight: 400;\" aria-level=\"1\">\n              <b>Influences culturelles<\/b>\n              <span style=\"font-weight: 400;\">: Alors que la cuisine traditionnelle des Cara\u00efbes est riche en nutriments, la mondialisation a introduit la restauration rapide et les produits transform\u00e9s qui sont souvent pr\u00e9f\u00e9r\u00e9s pour leur commodit\u00e9 et leur go\u00fbt. Cette \u00e9volution peut \u00e9clipser les options alimentaires plus saines de la gastronomie locale. <\/span>\n            <\/li>\n            \n\n            <li style=\"font-weight: 400;\" aria-level=\"1\"><b>Manque d&#8217;\u00e9ducation nutritionnelle<\/b><span style=\"font-weight: 400;\">: Il y a souvent un manque de sensibilisation \u00e0 ce qui constitue une alimentation saine et \u00e9quilibr\u00e9e. <\/span><b>alimentation saine et \u00e9quilibr\u00e9e<\/b><span style=\"font-weight: 400;\">. Educational initiatives focused on nutrition can help individuals make healthier choices and understand the importance of local ingredients. <\/span><\/li>\n            \n\n          <\/ol>\n        \t\t\t\t\t\t\t\t<\/div>\n\t\t\t\t<\/div>\n\t\t\t\t\t<\/div>\n\t\t<\/div>\n\t\t\t\t\t<\/div>\n\t\t<\/section>\n\t\t\t\t\t<\/div>\n\t\t<\/div>\n\t\t\t\t\t<\/div>\n\t\t<\/section>\n\t\t\t\t<section class=\"elementor-section elementor-top-section elementor-element elementor-element-c1d27ad elementor-section-boxed elementor-section-height-default elementor-section-height-default\" data-id=\"c1d27ad\" data-element_type=\"section\">\n\t\t\t\t\t\t<div class=\"elementor-container elementor-column-gap-default\">\n\t\t\t\t\t<div class=\"elementor-column elementor-col-100 elementor-top-column elementor-element elementor-element-904b487\" data-id=\"904b487\" data-element_type=\"column\">\n\t\t\t<div class=\"elementor-widget-wrap elementor-element-populated\">\n\t\t\t\t\t\t<div class=\"elementor-element elementor-element-7bc9da5 elementor-widget elementor-widget-heading\" data-id=\"7bc9da5\" data-element_type=\"widget\" data-widget_type=\"heading.default\">\n\t\t\t\t<div class=\"elementor-widget-container\">\n\t\t\t\t\t<h2 class=\"elementor-heading-title elementor-size-default\">Qu'est-ce qu'une alimentation saine et \u00e9quilibr\u00e9e ?\n<\/h2>\t\t\t\t<\/div>\n\t\t\t\t<\/div>\n\t\t\t\t<section class=\"elementor-section elementor-inner-section elementor-element elementor-element-afca6cc elementor-section-boxed elementor-section-height-default elementor-section-height-default\" data-id=\"afca6cc\" data-element_type=\"section\">\n\t\t\t\t\t\t<div class=\"elementor-container elementor-column-gap-default\">\n\t\t\t\t\t<div class=\"elementor-column elementor-col-100 elementor-inner-column elementor-element elementor-element-8739f82\" data-id=\"8739f82\" data-element_type=\"column\">\n\t\t\t<div class=\"elementor-widget-wrap elementor-element-populated\">\n\t\t\t\t\t\t<div class=\"elementor-element elementor-element-f105cdb elementor-widget elementor-widget-text-editor\" data-id=\"f105cdb\" data-element_type=\"widget\" data-widget_type=\"text-editor.default\">\n\t\t\t\t<div class=\"elementor-widget-container\">\n\t\t\t\t\t\t\t\t\t<p><span style=\"font-weight: 400;\">A <\/span><a href=\"https:\/\/www.unesco.org\/en\/health-education\/nutrition\" target=\"_blank\" rel=\"noopener nofollow\"><b>Une alimentation saine et \u00e9quilibr\u00e9e<\/b><\/a><span style=\"font-weight: 400;\">  comprend une vari\u00e9t\u00e9 d&#8217;aliments de tous les groupes alimentaires \u00e0 chaque repas, y compris des prot\u00e9ines, des graisses et des hydrates de carbone. Il est essentiel de comprendre que les glucides ne sont pas seulement les sucres ajout\u00e9s que l&#8217;on trouve dans les boissons, mais qu&#8217;ils proviennent \u00e9galement de sources telles que les c\u00e9r\u00e9ales, les fruits et certains l\u00e9gumes. A    <\/span><b>Alimentation saine et \u00e9quilibr\u00e9e<\/b><span style=\"font-weight: 400;\"> int\u00e8gre ces \u00e9l\u00e9ments \u00e0 chaque repas, garantissant ainsi un apport diversifi\u00e9 de nutriments qui refl\u00e8tent les traditions culinaires vivantes des Cara\u00efbes.<\/span><\/p>\n\t\t\t\t\t\t\t\t<\/div>\n\t\t\t\t<\/div>\n\t\t\t\t\t<\/div>\n\t\t<\/div>\n\t\t\t\t\t<\/div>\n\t\t<\/section>\n\t\t\t\t\t<\/div>\n\t\t<\/div>\n\t\t\t\t\t<\/div>\n\t\t<\/section>\n\t\t\t\t<section class=\"elementor-section elementor-top-section elementor-element elementor-element-50263dc elementor-section-boxed elementor-section-height-default elementor-section-height-default\" data-id=\"50263dc\" data-element_type=\"section\">\n\t\t\t\t\t\t<div class=\"elementor-container elementor-column-gap-default\">\n\t\t\t\t\t<div class=\"elementor-column elementor-col-100 elementor-top-column elementor-element elementor-element-11e4206\" data-id=\"11e4206\" data-element_type=\"column\">\n\t\t\t<div class=\"elementor-widget-wrap elementor-element-populated\">\n\t\t\t\t\t\t<div class=\"elementor-element elementor-element-ffdb4b7 elementor-widget elementor-widget-heading\" data-id=\"ffdb4b7\" data-element_type=\"widget\" data-widget_type=\"heading.default\">\n\t\t\t\t<div class=\"elementor-widget-container\">\n\t\t\t\t\t<h2 class=\"elementor-heading-title elementor-size-default\">Le lien entre l'autosuffisance alimentaire dans les Cara\u00efbes et l'alimentation saine\n<\/h2>\t\t\t\t<\/div>\n\t\t\t\t<\/div>\n\t\t\t\t<section class=\"elementor-section elementor-inner-section elementor-element elementor-element-82c520d elementor-section-boxed elementor-section-height-default elementor-section-height-default\" data-id=\"82c520d\" data-element_type=\"section\">\n\t\t\t\t\t\t<div class=\"elementor-container elementor-column-gap-default\">\n\t\t\t\t\t<div class=\"elementor-column elementor-col-100 elementor-inner-column elementor-element elementor-element-d439b95\" data-id=\"d439b95\" data-element_type=\"column\">\n\t\t\t<div class=\"elementor-widget-wrap elementor-element-populated\">\n\t\t\t\t\t\t<div class=\"elementor-element elementor-element-3d43cbe elementor-widget elementor-widget-text-editor\" data-id=\"3d43cbe\" data-element_type=\"widget\" data-widget_type=\"text-editor.default\">\n\t\t\t\t<div class=\"elementor-widget-container\">\n\t\t\t\t\t\t\t\t\t<p>\n            <span style=\"font-weight: 400;\">L&#8217;autosuffisance alimentaire est un concept crucial pour la r\u00e9gion des Cara\u00efbes, o\u00f9 les d\u00e9fis \u00e9conomiques et environnementaux influencent directement la sant\u00e9 des populations. L&#8217;interconnexion entre la souverainet\u00e9 alimentaire et l&#8217;alimentation saine m\u00e9rite d&#8217;\u00eatre examin\u00e9e de pr\u00e8s, car elle souligne l&#8217;importance de la consommation d&#8217;aliments locaux et de la promotion de syst\u00e8mes alimentaires durables. <\/span>\n          <\/p>\n\t\t\t\t\t\t\t\t<\/div>\n\t\t\t\t<\/div>\n\t\t\t\t\t<\/div>\n\t\t<\/div>\n\t\t\t\t\t<\/div>\n\t\t<\/section>\n\t\t\t\t<section class=\"elementor-section elementor-inner-section elementor-element elementor-element-f59a719 elementor-section-boxed elementor-section-height-default elementor-section-height-default\" data-id=\"f59a719\" data-element_type=\"section\">\n\t\t\t\t\t\t<div class=\"elementor-container elementor-column-gap-default\">\n\t\t\t\t\t<div class=\"elementor-column elementor-col-100 elementor-inner-column elementor-element elementor-element-1960546\" data-id=\"1960546\" data-element_type=\"column\">\n\t\t\t<div class=\"elementor-widget-wrap elementor-element-populated\">\n\t\t\t\t\t\t<div class=\"elementor-element elementor-element-496e6b4 elementor-widget elementor-widget-text-editor\" data-id=\"496e6b4\" data-element_type=\"widget\" data-widget_type=\"text-editor.default\">\n\t\t\t\t<div class=\"elementor-widget-container\">\n\t\t\t\t\t\t\t\t\t<h4>\n            <b>Qu&#8217;est-ce que l&#8217;autosuffisance alimentaire ?<\/b><br \/>\n          <\/h4>\n<p><span style=\"font-weight: 400;\">Autosuffisance alimentaire<\/span> <span style=\"font-weight: 400;\">  d\u00e9signe la capacit\u00e9 d&#8217;une communaut\u00e9 ou d&#8217;un pays \u00e0 produire suffisamment de nourriture pour satisfaire ses besoins alimentaires. Cela implique non seulement la production agricole, mais aussi l&#8217;acc\u00e8s \u00e0 des aliments sains, nutritifs et culturellement appropri\u00e9s. Dans les \u00eeles des Cara\u00efbes, o\u00f9 les importations de denr\u00e9es alimentaires sont courantes, le renforcement de la souverainet\u00e9 alimentaire peut r\u00e9duire la d\u00e9pendance \u00e0 l&#8217;\u00e9gard des produits alimentaires import\u00e9s et am\u00e9liorer la qualit\u00e9 nutritionnelle des r\u00e9gimes alimentaires locaux.  <\/span><\/p>\n\t\t\t\t\t\t\t\t<\/div>\n\t\t\t\t<\/div>\n\t\t\t\t\t<\/div>\n\t\t<\/div>\n\t\t\t\t\t<\/div>\n\t\t<\/section>\n\t\t\t\t<section class=\"elementor-section elementor-inner-section elementor-element elementor-element-b6899da elementor-section-boxed elementor-section-height-default elementor-section-height-default\" data-id=\"b6899da\" data-element_type=\"section\">\n\t\t\t\t\t\t<div class=\"elementor-container elementor-column-gap-default\">\n\t\t\t\t\t<div class=\"elementor-column elementor-col-100 elementor-inner-column elementor-element elementor-element-7d5c77c\" data-id=\"7d5c77c\" data-element_type=\"column\">\n\t\t\t<div class=\"elementor-widget-wrap elementor-element-populated\">\n\t\t\t\t\t\t<div class=\"elementor-element elementor-element-6cc1454 elementor-widget elementor-widget-text-editor\" data-id=\"6cc1454\" data-element_type=\"widget\" data-widget_type=\"text-editor.default\">\n\t\t\t\t<div class=\"elementor-widget-container\">\n\t\t\t\t\t\t\t\t\t<h4>\n            <b>Impact sur la sant\u00e9<\/b><br \/>\n          <\/h4>\n<p>\n            <span style=\"font-weight: 400;\">Une souverainet\u00e9 alimentaire accrue permet aux communaut\u00e9s de consommer davantage d&#8217;aliments frais, de saison et cultiv\u00e9s localement, ce qui est essentiel pour une alimentation saine. Les produits locaux, tels que les fruits, les l\u00e9gumes, les l\u00e9gumineuses et le poisson, sont souvent plus nutritifs que les aliments transform\u00e9s import\u00e9s. En incorporant ces aliments dans leur r\u00e9gime quotidien, les habitants des Cara\u00efbes peuvent b\u00e9n\u00e9ficier d&#8217;une meilleure sant\u00e9 physique et mentale.  <\/span>\n          <\/p>\n\t\t\t\t\t\t\t\t<\/div>\n\t\t\t\t<\/div>\n\t\t\t\t\t<\/div>\n\t\t<\/div>\n\t\t\t\t\t<\/div>\n\t\t<\/section>\n\t\t\t\t<section class=\"elementor-section elementor-inner-section elementor-element elementor-element-f7e24bc elementor-section-boxed elementor-section-height-default elementor-section-height-default\" data-id=\"f7e24bc\" data-element_type=\"section\">\n\t\t\t\t\t\t<div class=\"elementor-container elementor-column-gap-default\">\n\t\t\t\t\t<div class=\"elementor-column elementor-col-100 elementor-inner-column elementor-element elementor-element-85ff3c1\" data-id=\"85ff3c1\" data-element_type=\"column\">\n\t\t\t<div class=\"elementor-widget-wrap elementor-element-populated\">\n\t\t\t\t\t\t<div class=\"elementor-element elementor-element-0ad962f elementor-widget elementor-widget-text-editor\" data-id=\"0ad962f\" data-element_type=\"widget\" data-widget_type=\"text-editor.default\">\n\t\t\t\t<div class=\"elementor-widget-container\">\n\t\t\t\t\t\t\t\t\t<h4>\n            <b>R\u00e9duction des co\u00fbts et durabilit\u00e9<\/b><br \/>\n          <\/h4>\n<p>\n            <span style=\"font-weight: 400;\">La consommation d&#8217;aliments locaux peut \u00e9galement contribuer \u00e0 r\u00e9duire les co\u00fbts de l&#8217;alimentation. Les produits import\u00e9s sont souvent plus chers en raison des co\u00fbts de transport et de stockage, alors que les produits cultiv\u00e9s localement sont g\u00e9n\u00e9ralement plus abordables. En promouvant la souverainet\u00e9 alimentaire, les communaut\u00e9s peuvent d\u00e9velopper des syst\u00e8mes alimentaires durables qui soutiennent l&#8217;\u00e9conomie locale tout en garantissant l&#8217;acc\u00e8s \u00e0 des aliments sains.  <\/span>\n          <\/p>\n\t\t\t\t\t\t\t\t<\/div>\n\t\t\t\t<\/div>\n\t\t\t\t\t<\/div>\n\t\t<\/div>\n\t\t\t\t\t<\/div>\n\t\t<\/section>\n\t\t\t\t<section class=\"elementor-section elementor-inner-section elementor-element elementor-element-1450efc elementor-section-boxed elementor-section-height-default elementor-section-height-default\" data-id=\"1450efc\" data-element_type=\"section\">\n\t\t\t\t\t\t<div class=\"elementor-container elementor-column-gap-default\">\n\t\t\t\t\t<div class=\"elementor-column elementor-col-100 elementor-inner-column elementor-element elementor-element-6a152f0\" data-id=\"6a152f0\" data-element_type=\"column\">\n\t\t\t<div class=\"elementor-widget-wrap elementor-element-populated\">\n\t\t\t\t\t\t<div class=\"elementor-element elementor-element-0cba66e elementor-widget elementor-widget-text-editor\" data-id=\"0cba66e\" data-element_type=\"widget\" data-widget_type=\"text-editor.default\">\n\t\t\t\t<div class=\"elementor-widget-container\">\n\t\t\t\t\t\t\t\t\t<h4>\n            <b>Valorisation des pratiques agricoles traditionnelles<\/b><br \/>\n          <\/h4>\n<p>\n            <span style=\"font-weight: 400;\">La souverainet\u00e9 alimentaire encourage \u00e9galement la valorisation des pratiques agricoles traditionnelles, qui sont souvent adapt\u00e9es aux conditions environnementales de la r\u00e9gion. Ces pratiques peuvent inclure la culture de vari\u00e9t\u00e9s locales de fruits et de l\u00e9gumes qui sont non seulement nutritifs, mais aussi r\u00e9sistants aux maladies et aux conditions climatiques. Le fait de renouer avec ces m\u00e9thodes traditionnelles renforce non seulement la s\u00e9curit\u00e9 alimentaire, mais aussi la culture et l&#8217;identit\u00e9 locales.  <\/span>\n          <\/p>\n\t\t\t\t\t\t\t\t<\/div>\n\t\t\t\t<\/div>\n\t\t\t\t\t<\/div>\n\t\t<\/div>\n\t\t\t\t\t<\/div>\n\t\t<\/section>\n\t\t\t\t\t<\/div>\n\t\t<\/div>\n\t\t\t\t\t<\/div>\n\t\t<\/section>\n\t\t\t\t<section class=\"elementor-section elementor-top-section elementor-element elementor-element-b514339 elementor-section-boxed elementor-section-height-default elementor-section-height-default\" data-id=\"b514339\" data-element_type=\"section\">\n\t\t\t\t\t\t<div class=\"elementor-container elementor-column-gap-default\">\n\t\t\t\t\t<div class=\"elementor-column elementor-col-100 elementor-top-column elementor-element elementor-element-941a2af\" data-id=\"941a2af\" data-element_type=\"column\">\n\t\t\t<div class=\"elementor-widget-wrap elementor-element-populated\">\n\t\t\t\t\t\t<div class=\"elementor-element elementor-element-15c3826 elementor-widget elementor-widget-heading\" data-id=\"15c3826\" data-element_type=\"widget\" data-widget_type=\"heading.default\">\n\t\t\t\t<div class=\"elementor-widget-container\">\n\t\t\t\t\t<h2 class=\"elementor-heading-title elementor-size-default\">La r\u00e8gle 50-25-25 : Une strat\u00e9gie pour une alimentation saine ?<\/h2>\t\t\t\t<\/div>\n\t\t\t\t<\/div>\n\t\t\t\t<div class=\"elementor-element elementor-element-68fc31d elementor-widget elementor-widget-text-editor\" data-id=\"68fc31d\" data-element_type=\"widget\" data-widget_type=\"text-editor.default\">\n\t\t\t\t<div class=\"elementor-widget-container\">\n\t\t\t\t\t\t\t\t\t<p>\n            <span style=\"font-weight: 400;\">La r\u00e8gle bien connue des 50-25-25 sugg\u00e8re qu&#8217;une assiette doit \u00eatre compos\u00e9e de 50 % de l\u00e9gumes, 25 % de prot\u00e9ines et 25 % de glucides. Cette r\u00e8gle sert de ligne directrice g\u00e9n\u00e9rale pour am\u00e9liorer son assiette et tendre vers une alimentation \u00e9quilibr\u00e9e.   <\/span><br \/>\n            <b>Alimentation saine et \u00e9quilibr\u00e9e<\/b><br \/>\n            <span style=\"font-weight: 400;\">. The 50% of vegetables should include a variety of types, many of which are locally grown and reflect the rich agricultural heritage of the Caribbean. <\/span>\n          <\/p>\n\t\t\t\t\t\t\t\t<\/div>\n\t\t\t\t<\/div>\n\t\t\t\t<section class=\"elementor-section elementor-inner-section elementor-element elementor-element-612e93d elementor-section-boxed elementor-section-height-default elementor-section-height-default\" data-id=\"612e93d\" data-element_type=\"section\">\n\t\t\t\t\t\t<div class=\"elementor-container elementor-column-gap-default\">\n\t\t\t\t\t<div class=\"elementor-column elementor-col-100 elementor-inner-column elementor-element elementor-element-a88e0b9\" data-id=\"a88e0b9\" data-element_type=\"column\">\n\t\t\t<div class=\"elementor-widget-wrap elementor-element-populated\">\n\t\t\t\t\t\t<div class=\"elementor-element elementor-element-2c0f795 elementor-widget elementor-widget-text-editor\" data-id=\"2c0f795\" data-element_type=\"widget\" data-widget_type=\"text-editor.default\">\n\t\t\t\t<div class=\"elementor-widget-container\">\n\t\t\t\t\t\t\t\t\t\n          <p>\n            <span style=\"font-weight: 400;\">Pour les prot\u00e9ines, les choix peuvent aller du poisson frais et des options \u00e0 base de plantes aux viandes issues de pratiques durables. Les glucides doivent provenir de sources riches, telles que les c\u00e9r\u00e9ales et les fruits abondants dans la r\u00e9gion. <\/span>\n          <\/p>\n          \n\n          <p>\n            <span style=\"font-weight: 400;\">Bien que cette r\u00e8gle soit b\u00e9n\u00e9fique, il est important de noter que la nutrition est tr\u00e8s individuelle. Les personnes souffrant de probl\u00e8mes de sant\u00e9 sp\u00e9cifiques peuvent avoir besoin d&#8217;adapter leur r\u00e9gime alimentaire en cons\u00e9quence, en explorant les saveurs locales et les ingr\u00e9dients qui r\u00e9sonnent avec leur h\u00e9ritage. <\/span>\n          <\/p>\n        \t\t\t\t\t\t\t\t<\/div>\n\t\t\t\t<\/div>\n\t\t\t\t<section class=\"elementor-section elementor-inner-section elementor-element elementor-element-e690962 elementor-section-boxed elementor-section-height-default elementor-section-height-default\" data-id=\"e690962\" data-element_type=\"section\">\n\t\t\t\t\t\t<div class=\"elementor-container elementor-column-gap-default\">\n\t\t\t\t\t<div class=\"elementor-column elementor-col-100 elementor-inner-column elementor-element elementor-element-0cf04c6\" data-id=\"0cf04c6\" data-element_type=\"column\">\n\t\t\t<div class=\"elementor-widget-wrap elementor-element-populated\">\n\t\t\t\t\t\t<div class=\"elementor-element elementor-element-e7bd01f elementor-widget elementor-widget-image\" data-id=\"e7bd01f\" data-element_type=\"widget\" data-widget_type=\"image.default\">\n\t\t\t\t<div class=\"elementor-widget-container\">\n\t\t\t\t\t\t\t\t\t\t\t\t<figure class=\"wp-caption\">\n\t\t\t\t\t\t\t\t\t\t<img fetchpriority=\"high\" decoding=\"async\" width=\"800\" height=\"534\" src=\"https:\/\/richeskarayib.com\/wp-content\/uploads\/2024\/11\/istockphoto-995518546-1024x1024-Modifie-Modifie.jpg\" class=\"attachment-large size-large wp-image-41740\" alt=\"Healthy Eating and Balanced Diet\" srcset=\"https:\/\/richeskarayib.com\/wp-content\/uploads\/2024\/11\/istockphoto-995518546-1024x1024-Modifie-Modifie.jpg 1024w, https:\/\/richeskarayib.com\/wp-content\/uploads\/2024\/11\/istockphoto-995518546-1024x1024-Modifie-Modifie-300x200.jpg 300w, https:\/\/richeskarayib.com\/wp-content\/uploads\/2024\/11\/istockphoto-995518546-1024x1024-Modifie-Modifie-768x512.jpg 768w\" sizes=\"(max-width: 800px) 100vw, 800px\" \/>\t\t\t\t\t\t\t\t\t\t\t<figcaption class=\"widget-image-caption wp-caption-text\">A colorful collection of tropical and exotic fruits showcasing nature's bounty and rich flavors.<\/figcaption>\n\t\t\t\t\t\t\t\t\t\t<\/figure>\n\t\t\t\t\t\t\t\t\t<\/div>\n\t\t\t\t<\/div>\n\t\t\t\t\t<\/div>\n\t\t<\/div>\n\t\t\t\t\t<\/div>\n\t\t<\/section>\n\t\t\t\t\t<\/div>\n\t\t<\/div>\n\t\t\t\t\t<\/div>\n\t\t<\/section>\n\t\t\t\t\t<\/div>\n\t\t<\/div>\n\t\t\t\t\t<\/div>\n\t\t<\/section>\n\t\t\t\t<section class=\"elementor-section elementor-top-section elementor-element elementor-element-ad52d38 elementor-section-boxed elementor-section-height-default elementor-section-height-default\" data-id=\"ad52d38\" data-element_type=\"section\">\n\t\t\t\t\t\t<div class=\"elementor-container elementor-column-gap-default\">\n\t\t\t\t\t<div class=\"elementor-column elementor-col-100 elementor-top-column elementor-element elementor-element-6bc037e\" data-id=\"6bc037e\" data-element_type=\"column\">\n\t\t\t<div class=\"elementor-widget-wrap elementor-element-populated\">\n\t\t\t\t\t\t<div class=\"elementor-element elementor-element-0fd4779 elementor-widget elementor-widget-heading\" data-id=\"0fd4779\" data-element_type=\"widget\" data-widget_type=\"heading.default\">\n\t\t\t\t<div class=\"elementor-widget-container\">\n\t\t\t\t\t<h2 class=\"elementor-heading-title elementor-size-default\">Le r\u00f4le des graisses dans une alimentation saine<\/h2>\t\t\t\t<\/div>\n\t\t\t\t<\/div>\n\t\t\t\t<div class=\"elementor-element elementor-element-f0bc372 elementor-widget elementor-widget-text-editor\" data-id=\"f0bc372\" data-element_type=\"widget\" data-widget_type=\"text-editor.default\">\n\t\t\t\t<div class=\"elementor-widget-container\">\n\t\t\t\t\t\t\t\t\t<p><span style=\"font-weight: 400;\">Certains pourraient se demander si l&#8217;absence de graisses dans la r\u00e8gle 50-25-25 implique que les graisses doivent \u00eatre \u00e9limin\u00e9es d&#8217;un r\u00e9gime alimentaire. <\/span><b>Alimentation saine et \u00e9quilibr\u00e9e<\/b><span style=\"font-weight: 400;\">. This is not the case; fats are essential. Most foods naturally contain some fats. For instance, olives, avocados, and coconut are staples in Caribbean cuisine, providing healthy fats that enhance both flavor and nutrition. The focus should be on how foods are prepared and the quality of fats used in cooking, celebrating the culinary techniques that have been passed down through generations.    <\/span><\/p>\n\t\t\t\t\t\t\t\t<\/div>\n\t\t\t\t<\/div>\n\t\t\t\t\t<\/div>\n\t\t<\/div>\n\t\t\t\t\t<\/div>\n\t\t<\/section>\n\t\t\t\t<section class=\"elementor-section elementor-top-section elementor-element elementor-element-8011490 elementor-section-boxed elementor-section-height-default elementor-section-height-default\" data-id=\"8011490\" data-element_type=\"section\">\n\t\t\t\t\t\t<div class=\"elementor-container elementor-column-gap-default\">\n\t\t\t\t\t<div class=\"elementor-column elementor-col-100 elementor-top-column elementor-element elementor-element-d36cc43\" data-id=\"d36cc43\" data-element_type=\"column\">\n\t\t\t<div class=\"elementor-widget-wrap elementor-element-populated\">\n\t\t\t\t\t\t<div class=\"elementor-element elementor-element-ccbfc53 elementor-widget elementor-widget-heading\" data-id=\"ccbfc53\" data-element_type=\"widget\" data-widget_type=\"heading.default\">\n\t\t\t\t<div class=\"elementor-widget-container\">\n\t\t\t\t\t<h2 class=\"elementor-heading-title elementor-size-default\">Les avantages d'une alimentation saine et \u00e9quilibr\u00e9e\n<\/h2>\t\t\t\t<\/div>\n\t\t\t\t<\/div>\n\t\t\t\t<div class=\"elementor-element elementor-element-d293b39 elementor-widget elementor-widget-text-editor\" data-id=\"d293b39\" data-element_type=\"widget\" data-widget_type=\"text-editor.default\">\n\t\t\t\t<div class=\"elementor-widget-container\">\n\t\t\t\t\t\t\t\t\t<p><span style=\"font-weight: 400;\">A <\/span><a href=\"https:\/\/iris.paho.org\/handle\/10665.2\/2969?locale-attribute=pt\" target=\"_blank\" rel=\"noopener nofollow\"><b>Une alimentation saine et \u00e9quilibr\u00e9e<\/b><\/a><span style=\"font-weight: 400;\">  constituent la base du bien-\u00eatre. La m\u00e9decine moderne met l&#8217;accent sur la pr\u00e9vention plut\u00f4t que sur le traitement. Une alimentation saine peut aider \u00e0 \u00e9viter certaines maladies comme le diab\u00e8te et l&#8217;hypertension, qui sont r\u00e9pandues dans de nombreuses communaut\u00e9s. En outre, une bonne alimentation a un impact positif sur la sant\u00e9 mentale. Les personnes qui mangent bien ont tendance \u00e0 mieux se concentrer, \u00e0 se sentir plus \u00e9nergiques, \u00e0 mieux dormir et \u00e0 s&#8217;int\u00e9grer plus facilement dans la soci\u00e9t\u00e9. L&#8217;adoption de la cuisine locale n&#8217;est pas seulement b\u00e9n\u00e9fique pour la sant\u00e9, elle favorise \u00e9galement un sentiment de fiert\u00e9 \u00e0 l&#8217;\u00e9gard de l&#8217;identit\u00e9 culturelle.     <\/span><\/p>\n\t\t\t\t\t\t\t\t<\/div>\n\t\t\t\t<\/div>\n\t\t\t\t\t<\/div>\n\t\t<\/div>\n\t\t\t\t\t<\/div>\n\t\t<\/section>\n\t\t\t\t<section class=\"elementor-section elementor-top-section elementor-element elementor-element-5f3da7f elementor-section-boxed elementor-section-height-default elementor-section-height-default\" data-id=\"5f3da7f\" data-element_type=\"section\">\n\t\t\t\t\t\t<div class=\"elementor-container elementor-column-gap-default\">\n\t\t\t\t\t<div class=\"elementor-column elementor-col-100 elementor-top-column elementor-element elementor-element-073dd25\" data-id=\"073dd25\" data-element_type=\"column\">\n\t\t\t<div class=\"elementor-widget-wrap elementor-element-populated\">\n\t\t\t\t\t\t<div class=\"elementor-element elementor-element-71082e5 elementor-widget elementor-widget-heading\" data-id=\"71082e5\" data-element_type=\"widget\" data-widget_type=\"heading.default\">\n\t\t\t\t<div class=\"elementor-widget-container\">\n\t\t\t\t\t<h2 class=\"elementor-heading-title elementor-size-default\">Corriger les signes d'une mauvaise alimentation<\/h2>\t\t\t\t<\/div>\n\t\t\t\t<\/div>\n\t\t\t\t<div class=\"elementor-element elementor-element-0426a4e elementor-widget elementor-widget-text-editor\" data-id=\"0426a4e\" data-element_type=\"widget\" data-widget_type=\"text-editor.default\">\n\t\t\t\t<div class=\"elementor-widget-container\">\n\t\t\t\t\t\t\t\t\t<p>\n            <span style=\"font-weight: 400;\">Est-il facile de corriger les signes de mauvaises habitudes alimentaires ? M\u00eame si ce n&#8217;est pas \u00e9vident, des changements visibles peuvent survenir gr\u00e2ce \u00e0 des ajustements alimentaires. Par exemple, de nombreuses personnes peuvent constater une am\u00e9lioration de l&#8217;\u00e9tat de leur peau simplement en modifiant leur r\u00e9gime alimentaire. Des changements simples, qu&#8217;ils soient radicaux ou progressifs, peuvent conduire \u00e0 des am\u00e9liorations significatives de la sant\u00e9, surtout lorsqu&#8217;ils int\u00e8grent des fruits et l\u00e9gumes locaux riches en nutriments.   <\/span>\n          <\/p>\n\t\t\t\t\t\t\t\t<\/div>\n\t\t\t\t<\/div>\n\t\t\t\t\t<\/div>\n\t\t<\/div>\n\t\t\t\t\t<\/div>\n\t\t<\/section>\n\t\t\t\t<section class=\"elementor-section elementor-top-section elementor-element elementor-element-6451e29 elementor-section-boxed elementor-section-height-default elementor-section-height-default\" data-id=\"6451e29\" data-element_type=\"section\">\n\t\t\t\t\t\t<div class=\"elementor-container elementor-column-gap-default\">\n\t\t\t\t\t<div class=\"elementor-column elementor-col-100 elementor-top-column elementor-element elementor-element-ad01a3c\" data-id=\"ad01a3c\" data-element_type=\"column\">\n\t\t\t<div class=\"elementor-widget-wrap elementor-element-populated\">\n\t\t\t\t\t\t<div class=\"elementor-element elementor-element-bf5592e elementor-widget elementor-widget-heading\" data-id=\"bf5592e\" data-element_type=\"widget\" data-widget_type=\"heading.default\">\n\t\t\t\t<div class=\"elementor-widget-container\">\n\t\t\t\t\t<h2 class=\"elementor-heading-title elementor-size-default\">Choisir les bons aliments pour une alimentation saine et \u00e9quilibr\u00e9e\n<\/h2>\t\t\t\t<\/div>\n\t\t\t\t<\/div>\n\t\t\t\t<div class=\"elementor-element elementor-element-3706684 elementor-widget elementor-widget-text-editor\" data-id=\"3706684\" data-element_type=\"widget\" data-widget_type=\"text-editor.default\">\n\t\t\t\t<div class=\"elementor-widget-container\">\n\t\t\t\t\t\t\t\t\t<p>\n            <span style=\"font-weight: 400;\">Deux cas de figure se pr\u00e9sentent lors du choix des aliments. Le premier consiste \u00e0 demander l&#8217;aide d&#8217;un professionnel pour \u00e9valuer et cr\u00e9er un plan nutritionnel personnalis\u00e9 bas\u00e9 sur les besoins individuels. Dans l&#8217;autre cas, les individus font leurs propres choix. Dans les deux cas, l&#8217;incorporation d&#8217;une vari\u00e9t\u00e9 de fruits et de l\u00e9gumes frais dans chaque repas est essentielle pour obtenir une alimentation saine et \u00e9quilibr\u00e9e.     <\/span><br \/>\n            <b>Alimentation saine et \u00e9quilibr\u00e9e<\/b><br \/>\n            <span style=\"font-weight: 400;\">. It isn&#8217;t necessary to completely eliminate certain foods, but reducing industrial sugars is crucial for health while emphasizing the use of local ingredients. <\/span>\n          <\/p>\n\t\t\t\t\t\t\t\t<\/div>\n\t\t\t\t<\/div>\n\t\t\t\t\t<\/div>\n\t\t<\/div>\n\t\t\t\t\t<\/div>\n\t\t<\/section>\n\t\t\t\t<section class=\"elementor-section elementor-top-section elementor-element elementor-element-c1052e8 elementor-section-boxed elementor-section-height-default elementor-section-height-default\" data-id=\"c1052e8\" data-element_type=\"section\">\n\t\t\t\t\t\t<div class=\"elementor-container elementor-column-gap-default\">\n\t\t\t\t\t<div class=\"elementor-column elementor-col-100 elementor-top-column elementor-element elementor-element-bd4ed79\" data-id=\"bd4ed79\" data-element_type=\"column\">\n\t\t\t<div class=\"elementor-widget-wrap elementor-element-populated\">\n\t\t\t\t\t\t<div class=\"elementor-element elementor-element-2ad1dea elementor-widget elementor-widget-heading\" data-id=\"2ad1dea\" data-element_type=\"widget\" data-widget_type=\"heading.default\">\n\t\t\t\t<div class=\"elementor-widget-container\">\n\t\t\t\t\t<h2 class=\"elementor-heading-title elementor-size-default\">L'impact des r\u00e9gimes restrictifs sur l'alimentation saine\n<\/h2>\t\t\t\t<\/div>\n\t\t\t\t<\/div>\n\t\t\t\t<div class=\"elementor-element elementor-element-2134696 elementor-widget elementor-widget-text-editor\" data-id=\"2134696\" data-element_type=\"widget\" data-widget_type=\"text-editor.default\">\n\t\t\t\t<div class=\"elementor-widget-container\">\n\t\t\t\t\t\t\t\t\t<p>\n            <span style=\"font-weight: 400;\">Dans le monde d&#8217;aujourd&#8217;hui, de nombreuses personnes se lancent dans des r\u00e9gimes restrictifs. Ces pratiques sont-elles vraiment saines \u00e0 long terme ? Il est important de pr\u00e9ciser que l&#8217;accent doit \u00eatre mis sur l&#8217;\u00e9limination des sucres industriels et des aliments transform\u00e9s plut\u00f4t que sur les r\u00e9gimes extr\u00eames. Les besoins de chaque personne sont uniques, et ce qui fonctionne pour l&#8217;un peut ne pas fonctionner pour l&#8217;autre.   <\/span>\n          <\/p>\n\t\t\t\t\t\t\t\t<\/div>\n\t\t\t\t<\/div>\n\t\t\t\t\t<\/div>\n\t\t<\/div>\n\t\t\t\t\t<\/div>\n\t\t<\/section>\n\t\t\t\t<section class=\"elementor-section elementor-top-section elementor-element elementor-element-4a35034 elementor-section-boxed elementor-section-height-default elementor-section-height-default\" data-id=\"4a35034\" data-element_type=\"section\">\n\t\t\t\t\t\t<div class=\"elementor-container elementor-column-gap-default\">\n\t\t\t\t\t<div class=\"elementor-column elementor-col-100 elementor-top-column elementor-element elementor-element-daffb8b\" data-id=\"daffb8b\" data-element_type=\"column\">\n\t\t\t<div class=\"elementor-widget-wrap elementor-element-populated\">\n\t\t\t\t\t\t<div class=\"elementor-element elementor-element-7f8bc9d elementor-widget elementor-widget-heading\" data-id=\"7f8bc9d\" data-element_type=\"widget\" data-widget_type=\"heading.default\">\n\t\t\t\t<div class=\"elementor-widget-container\">\n\t\t\t\t\t<h2 class=\"elementor-heading-title elementor-size-default\">L'importance de l'hydratation pour une alimentation saine<\/h2>\t\t\t\t<\/div>\n\t\t\t\t<\/div>\n\t\t\t\t<div class=\"elementor-element elementor-element-002d6b4 elementor-widget elementor-widget-text-editor\" data-id=\"002d6b4\" data-element_type=\"widget\" data-widget_type=\"text-editor.default\">\n\t\t\t\t<div class=\"elementor-widget-container\">\n\t\t\t\t\t\t\t\t\t<p><span style=\"font-weight: 400;\">L&#8217;hydratation est vitale pour une <\/span><b>Une alimentation saine et \u00e9quilibr\u00e9e<\/b><span style=\"font-weight: 400;\">. The body cannot function properly without adequate water intake. The minimum recommendation is about 2.5 liters of water per day, but this may vary based on activity levels. Proper hydration supports a     <\/span><b>Alimentation saine et \u00e9quilibr\u00e9e<\/b><span style=\"font-weight: 400;\">Le corps a besoin de suffisamment d&#8217;eau pour fonctionner efficacement, en particulier dans les climats tropicaux o\u00f9 l&#8217;hydratation est essentielle.<\/span><\/p>\n\t\t\t\t\t\t\t\t<\/div>\n\t\t\t\t<\/div>\n\t\t\t\t\t<\/div>\n\t\t<\/div>\n\t\t\t\t\t<\/div>\n\t\t<\/section>\n\t\t\t\t<section class=\"elementor-section elementor-top-section elementor-element elementor-element-b1fcee9 elementor-section-boxed elementor-section-height-default elementor-section-height-default\" data-id=\"b1fcee9\" data-element_type=\"section\">\n\t\t\t\t\t\t<div class=\"elementor-container elementor-column-gap-default\">\n\t\t\t\t\t<div class=\"elementor-column elementor-col-100 elementor-top-column elementor-element elementor-element-0f6a9e8\" data-id=\"0f6a9e8\" data-element_type=\"column\">\n\t\t\t<div class=\"elementor-widget-wrap elementor-element-populated\">\n\t\t\t\t\t\t<div class=\"elementor-element elementor-element-aac0042 elementor-widget elementor-widget-heading\" data-id=\"aac0042\" data-element_type=\"widget\" data-widget_type=\"heading.default\">\n\t\t\t\t<div class=\"elementor-widget-container\">\n\t\t\t\t\t<h2 class=\"elementor-heading-title elementor-size-default\">Acc\u00e8s \u00e0 une alimentation saine et \u00e9quilibr\u00e9e\n<\/h2>\t\t\t\t<\/div>\n\t\t\t\t<\/div>\n\t\t\t\t<div class=\"elementor-element elementor-element-de0b32f elementor-widget elementor-widget-text-editor\" data-id=\"de0b32f\" data-element_type=\"widget\" data-widget_type=\"text-editor.default\">\n\t\t\t\t<div class=\"elementor-widget-container\">\n\t\t\t\t\t\t\t\t\t<p>\n            <span style=\"font-weight: 400;\">Pour ceux qui pensent qu&#8217;une alimentation saine co\u00fbte cher, cette id\u00e9e fausse provient souvent de la recherche d&#8217;aliments exotiques ou import\u00e9s. Il est possible de maintenir une   <\/span><br \/>\n            <b>Alimentation saine et \u00e9quilibr\u00e9e<\/b><br \/>\n            <span style=\"font-weight: 400;\">  utiliser des produits disponibles localement. L&#8217;adoption de produits locaux peut rendre l&#8217;alimentation saine plus accessible et plus abordable, permettant aux individus de renouer avec leurs racines culturelles tout en promouvant la durabilit\u00e9. <\/span>\n          <\/p>\n\t\t\t\t\t\t\t\t<\/div>\n\t\t\t\t<\/div>\n\t\t\t\t\t<\/div>\n\t\t<\/div>\n\t\t\t\t\t<\/div>\n\t\t<\/section>\n\t\t\t\t<section class=\"elementor-section elementor-top-section elementor-element elementor-element-653f85e elementor-section-boxed elementor-section-height-default elementor-section-height-default\" data-id=\"653f85e\" data-element_type=\"section\">\n\t\t\t\t\t\t<div class=\"elementor-container elementor-column-gap-default\">\n\t\t\t\t\t<div class=\"elementor-column elementor-col-100 elementor-top-column elementor-element elementor-element-28ef5a0\" data-id=\"28ef5a0\" data-element_type=\"column\">\n\t\t\t<div class=\"elementor-widget-wrap elementor-element-populated\">\n\t\t\t\t\t\t<div class=\"elementor-element elementor-element-3bc70a7 elementor-widget elementor-widget-text-editor\" data-id=\"3bc70a7\" data-element_type=\"widget\" data-widget_type=\"text-editor.default\">\n\t\t\t\t<div class=\"elementor-widget-container\">\n\t\t\t\t\t\t\t\t\t<p>\n            <span id=\"docs-internal-guid-83d7afb6-7fff-0dbd-7929-dc06726ecda6\"><\/span>\n          <\/p>\n<p dir=\"ltr\" style=\"line-height:2.034782608695652;background-color:#ffffff;margin-top:0pt;margin-bottom:0pt;\"><span style=\"font-size:11.5pt;font-family:Roboto,sans-serif;color:#1d1c1d;background-color:transparent;font-weight:400;font-style:normal;font-variant:normal;text-decoration:none;vertical-align:baseline;white-space:pre;white-space:pre-wrap;\">En conclusion, il est essentiel de donner la priorit\u00e9 \u00e0 la sant\u00e9 plut\u00f4t que de se concentrer uniquement sur le poids. Le chemin vers une meilleure sant\u00e9 commence par des choix personnels. Il est important de ne pas attendre que des probl\u00e8mes de sant\u00e9 surviennent pour modifier son alimentation. En s&#8217;engageant dans une     <\/span><span style=\"font-size:11.5pt;font-family:Roboto,sans-serif;color:#1d1c1d;background-color:transparent;font-weight:700;font-style:normal;font-variant:normal;text-decoration:none;vertical-align:baseline;white-space:pre;white-space:pre-wrap;\">Une alimentation saine et \u00e9quilibr\u00e9e<\/span><span style=\"font-size:11.5pt;font-family:Roboto,sans-serif;color:#1d1c1d;background-color:transparent;font-weight:400;font-style:normal;font-variant:normal;text-decoration:none;vertical-align:baseline;white-space:pre;white-space:pre-wrap;\">Gr\u00e2ce \u00e0 une alimentation saine et \u00e9quilibr\u00e9e, de nombreux probl\u00e8mes de sant\u00e9 peuvent \u00eatre \u00e9vit\u00e9s.<\/span><\/p>\n\t\t\t\t\t\t\t\t<\/div>\n\t\t\t\t<\/div>\n\t\t\t\t\t<\/div>\n\t\t<\/div>\n\t\t\t\t\t<\/div>\n\t\t<\/section>\n\t\t\t\t<\/div>\n\t\t","protected":false},"excerpt":{"rendered":"<p>Notre existence repose sur le pilier fondamental qu&#8217;est la nutrition. Bien plus qu&#8217;une n\u00e9cessit\u00e9 biologique, elle joue un r\u00f4le crucial dans notre sant\u00e9 physique et notre bien-\u00eatre g\u00e9n\u00e9ral. L&#8217;alimentation ne se limite pas \u00e0 la simple consommation d&#8217;aliments ; elle refl\u00e8te notre culture, notre milieu socio-\u00e9conomique et notre environnement. Aujourd&#8217;hui, Manger sain et \u00e9quilibr\u00e9 sont [&hellip;]<\/p>\n","protected":false},"author":400,"featured_media":41736,"comment_status":"open","ping_status":"open","sticky":false,"template":"","format":"standard","meta":{"_acf_changed":false,"footnotes":""},"categories":[1486,1506],"tags":[1440,820,1605,1452,1583,1563,830,806,812,1483,1517],"class_list":["post-41999","post","type-post","status-publish","format-standard","has-post-thumbnail","hentry","category-art-culinaire-cpf","category-histoire-et-patrimoine-cpf","tag-anguilla-cpf","tag-colombie-cpf","tag-cuba-cpf","tag-dominique-cpf","tag-guadeloupe-cpf","tag-guatemala-cpf","tag-haiti-cpf","tag-jamaique-cpf","tag-martinique-cpf","tag-republique-dominicaine-cpf","tag-trinite-et-tobago"],"acf":[],"_links":{"self":[{"href":"https:\/\/richeskarayib.com\/cpf\/wp-json\/wp\/v2\/posts\/41999","targetHints":{"allow":["GET"]}}],"collection":[{"href":"https:\/\/richeskarayib.com\/cpf\/wp-json\/wp\/v2\/posts"}],"about":[{"href":"https:\/\/richeskarayib.com\/cpf\/wp-json\/wp\/v2\/types\/post"}],"author":[{"embeddable":true,"href":"https:\/\/richeskarayib.com\/cpf\/wp-json\/wp\/v2\/users\/400"}],"replies":[{"embeddable":true,"href":"https:\/\/richeskarayib.com\/cpf\/wp-json\/wp\/v2\/comments?post=41999"}],"version-history":[{"count":0,"href":"https:\/\/richeskarayib.com\/cpf\/wp-json\/wp\/v2\/posts\/41999\/revisions"}],"wp:featuredmedia":[{"embeddable":true,"href":"https:\/\/richeskarayib.com\/cpf\/wp-json\/wp\/v2\/media\/41736"}],"wp:attachment":[{"href":"https:\/\/richeskarayib.com\/cpf\/wp-json\/wp\/v2\/media?parent=41999"}],"wp:term":[{"taxonomy":"category","embeddable":true,"href":"https:\/\/richeskarayib.com\/cpf\/wp-json\/wp\/v2\/categories?post=41999"},{"taxonomy":"post_tag","embeddable":true,"href":"https:\/\/richeskarayib.com\/cpf\/wp-json\/wp\/v2\/tags?post=41999"}],"curies":[{"name":"wp","href":"https:\/\/api.w.org\/{rel}","templated":true}]}}