{"id":42060,"date":"2024-11-27T16:23:24","date_gmt":"2024-11-27T16:23:24","guid":{"rendered":"https:\/\/richeskarayib.com\/festival-mizik-une-celebration-des-musiciens-a-loccasion-de-la-sainte-cecile\/"},"modified":"2024-12-05T07:17:47","modified_gmt":"2024-12-05T07:17:47","slug":"festival-mizik-une-celebration-des-musiciens-a-loccasion-de-la-sainte-cecile","status":"publish","type":"post","link":"https:\/\/richeskarayib.com\/cpf\/festival-mizik-une-celebration-des-musiciens-a-loccasion-de-la-sainte-cecile\/","title":{"rendered":"Festival MIZIK : une c\u00e9l\u00e9bration des musiciens \u00e0 l&#8217;occasion de la Sainte-C\u00e9cile"},"content":{"rendered":"\t\t<div data-elementor-type=\"wp-post\" data-elementor-id=\"42060\" class=\"elementor elementor-42060 elementor-42031\" data-elementor-post-type=\"post\">\n\t\t\t\t\t\t<section class=\"elementor-section elementor-top-section elementor-element elementor-element-b6a4060 elementor-section-boxed elementor-section-height-default elementor-section-height-default\" data-id=\"b6a4060\" data-element_type=\"section\">\n\t\t\t\t\t\t<div class=\"elementor-container elementor-column-gap-default\">\n\t\t\t\t\t<div class=\"elementor-column elementor-col-100 elementor-top-column elementor-element elementor-element-83f828f\" data-id=\"83f828f\" data-element_type=\"column\">\n\t\t\t<div class=\"elementor-widget-wrap elementor-element-populated\">\n\t\t\t\t\t\t<div class=\"elementor-element elementor-element-d59dd5b elementor-widget elementor-widget-text-editor\" data-id=\"d59dd5b\" data-element_type=\"widget\" data-widget_type=\"text-editor.default\">\n\t\t\t\t<div class=\"elementor-widget-container\">\n\t\t\t\t\t\t\t\t\t<p><span style=\"font-weight: 400;\">Le 23 novembre 2024, la Fondation pour le d\u00e9veloppement culturel a organis\u00e9 un m\u00e9morable festival MIZIK : une c\u00e9l\u00e9bration de nos musiciens &#8211; avec De Ashanti. <\/span><b>&#8220;<a href=\"https:\/\/stlucia.loopnews.com\/content\/mizik-celebration-our-musicians-saint-cecilias-day#\" target=\"_blank\" rel=\"noopener nofollow\">Festival MIZIK : une c\u00e9l\u00e9bration de nos musiciens &#8211; avec De Ashanti<\/a>&#8220;<\/b><span style=\"font-weight: 400;\">  au Centre culturel national de Sainte-Lucie. Cette c\u00e9l\u00e9bration a eu lieu en comm\u00e9moration de   <\/span><b>F\u00eate de la Sainte-C\u00e9cile<\/b><span style=\"font-weight: 400;\">traditionnellement reconnue comme la <\/span><b>Journ\u00e9e des musiciens<\/b><span style=\"font-weight: 400;\">  c\u00e9l\u00e9br\u00e9 chaque ann\u00e9e le 22 novembre. Cet \u00e9v\u00e9nement a pour but de rendre hommage \u00e0 l&#8217;immense talent et \u00e0 l&#8217;h\u00e9ritage musical de l&#8217;artiste.   <\/span><b>De Ashanti<\/b><span style=\"font-weight: 400;\">tout en comm\u00e9morant les musiciens de Sainte-Lucie.<\/span><\/p>\n\t\t\t\t\t\t\t\t<\/div>\n\t\t\t\t<\/div>\n\t\t\t\t\t<\/div>\n\t\t<\/div>\n\t\t\t\t\t<\/div>\n\t\t<\/section>\n\t\t\t\t<section class=\"elementor-section elementor-top-section elementor-element elementor-element-81b7c64 elementor-section-boxed elementor-section-height-default elementor-section-height-default\" data-id=\"81b7c64\" data-element_type=\"section\">\n\t\t\t\t\t\t<div class=\"elementor-container elementor-column-gap-default\">\n\t\t\t\t\t<div class=\"elementor-column elementor-col-100 elementor-top-column elementor-element elementor-element-cce8092\" data-id=\"cce8092\" data-element_type=\"column\">\n\t\t\t<div class=\"elementor-widget-wrap elementor-element-populated\">\n\t\t\t\t\t\t<div class=\"elementor-element elementor-element-a18761d elementor-widget elementor-widget-heading\" data-id=\"a18761d\" data-element_type=\"widget\" data-widget_type=\"heading.default\">\n\t\t\t\t<div class=\"elementor-widget-container\">\n\t\t\t\t\t<h2 class=\"elementor-heading-title elementor-size-default\">L'\u00e9v\u00e9nement et son impact<\/h2>\t\t\t\t<\/div>\n\t\t\t\t<\/div>\n\t\t\t\t<div class=\"elementor-element elementor-element-f4f4ff3 elementor-widget elementor-widget-text-editor\" data-id=\"f4f4ff3\" data-element_type=\"widget\" data-widget_type=\"text-editor.default\">\n\t\t\t\t<div class=\"elementor-widget-container\">\n\t\t\t\t\t\t\t\t\t<p><span style=\"font-weight: 400;\">La soir\u00e9e a \u00e9t\u00e9 marqu\u00e9e par les prestations captivantes de <\/span><b>De Ashanti<\/b><span style=\"font-weight: 400;\">dont les \u0153uvres lyriques r\u00e9sonnent profond\u00e9ment dans le c\u0153ur des Saint-Luciens. L&#8217;\u00e9v\u00e9nement a \u00e9galement pr\u00e9sent\u00e9 une impressionnante palette d&#8217;artistes, dont des ic\u00f4nes locales telles que Dezral, Arthur Allain, Qpid, Ezra, Herb Black, Imran Nerdy, Invader, Lady Leen, Minelle, TC Brown et Ti Blacks. Chacun de ces artistes a interpr\u00e9t\u00e9 des succ\u00e8s intemporels de    <\/span><b>De Ashanti<\/b><span style=\"font-weight: 400;\">c\u00e9l\u00e9brant ainsi le pouvoir de la musique de Sainte-Lucie. <\/span><b>musique saint-lucienne<\/b><span style=\"font-weight: 400;\"> \u00e0 travers les g\u00e9n\u00e9rations et les genres.<\/span><\/p>\n\t\t\t\t\t\t\t\t<\/div>\n\t\t\t\t<\/div>\n\t\t\t\t<div class=\"elementor-element elementor-element-0dfbd8b elementor-widget elementor-widget-text-editor\" data-id=\"0dfbd8b\" data-element_type=\"widget\" data-widget_type=\"text-editor.default\">\n\t\t\t\t<div class=\"elementor-widget-container\">\n\t\t\t\t\t\t\t\t\t<p><span style=\"font-weight: 400;\">L&#8217;importance de cette journ\u00e9e a \u00e9t\u00e9 soulign\u00e9e par Murchel Hippolyte, directeur du d\u00e9veloppement commercial et du marketing \u00e0 la Fondation pour le d\u00e9veloppement culturel. Il a d\u00e9clar\u00e9 : &#8221; <\/span><b>La f\u00eate de la Sainte-C\u00e9cile<\/b><span style=\"font-weight: 400;\"> est le moment id\u00e9al pour rendre hommage \u00e0 nos musiciens qui ont contribu\u00e9 de mani\u00e8re significative \u00e0 notre culture et qui ont apport\u00e9 \u00e0 la musique saint-lucienne une valeur ajout\u00e9e. <\/span><b>musique saint-lucienne<\/b><span style=\"font-weight: 400;\"> au monde&#8221;. Cet \u00e9v\u00e9nement n&#8217;a pas seulement permis de c\u00e9l\u00e9brer les talents musicaux, mais a \u00e9galement servi de plateforme pour transmettre les connaissances g\u00e9n\u00e9rationnelles aux jeunes talents.<\/span><\/p>\n\t\t\t\t\t\t\t\t<\/div>\n\t\t\t\t<\/div>\n\t\t\t\t<section class=\"elementor-section elementor-inner-section elementor-element elementor-element-8a64b19 elementor-section-boxed elementor-section-height-default elementor-section-height-default\" data-id=\"8a64b19\" data-element_type=\"section\">\n\t\t\t\t\t\t<div class=\"elementor-container elementor-column-gap-default\">\n\t\t\t\t\t<div class=\"elementor-column elementor-col-100 elementor-inner-column elementor-element elementor-element-42cd206\" data-id=\"42cd206\" data-element_type=\"column\">\n\t\t\t<div class=\"elementor-widget-wrap elementor-element-populated\">\n\t\t\t\t\t\t<div class=\"elementor-element elementor-element-343c923 elementor-widget elementor-widget-image\" data-id=\"343c923\" data-element_type=\"widget\" data-widget_type=\"image.default\">\n\t\t\t\t<div class=\"elementor-widget-container\">\n\t\t\t\t\t\t\t\t\t\t\t\t<figure class=\"wp-caption\">\n\t\t\t\t\t\t\t\t\t\t<img fetchpriority=\"high\" decoding=\"async\" width=\"560\" height=\"576\" src=\"https:\/\/richeskarayib.com\/wp-content\/uploads\/2024\/11\/mizik_04e2e5d7347e60430ddf0b41b26a1627-Modifie-1.jpg\" class=\"attachment-large size-large wp-image-42041\" alt=\"MIZIK Festival\" srcset=\"https:\/\/richeskarayib.com\/wp-content\/uploads\/2024\/11\/mizik_04e2e5d7347e60430ddf0b41b26a1627-Modifie-1.jpg 560w, https:\/\/richeskarayib.com\/wp-content\/uploads\/2024\/11\/mizik_04e2e5d7347e60430ddf0b41b26a1627-Modifie-1-292x300.jpg 292w\" sizes=\"(max-width: 560px) 100vw, 560px\" \/>\t\t\t\t\t\t\t\t\t\t\t<figcaption class=\"widget-image-caption wp-caption-text\">MIZIK Festival<\/figcaption>\n\t\t\t\t\t\t\t\t\t\t<\/figure>\n\t\t\t\t\t\t\t\t\t<\/div>\n\t\t\t\t<\/div>\n\t\t\t\t\t<\/div>\n\t\t<\/div>\n\t\t\t\t\t<\/div>\n\t\t<\/section>\n\t\t\t\t\t<\/div>\n\t\t<\/div>\n\t\t\t\t\t<\/div>\n\t\t<\/section>\n\t\t\t\t<section class=\"elementor-section elementor-top-section elementor-element elementor-element-c1d27ad elementor-section-boxed elementor-section-height-default elementor-section-height-default\" data-id=\"c1d27ad\" data-element_type=\"section\">\n\t\t\t\t\t\t<div class=\"elementor-container elementor-column-gap-default\">\n\t\t\t\t\t<div class=\"elementor-column elementor-col-100 elementor-top-column elementor-element elementor-element-904b487\" data-id=\"904b487\" data-element_type=\"column\">\n\t\t\t<div class=\"elementor-widget-wrap elementor-element-populated\">\n\t\t\t\t\t\t<div class=\"elementor-element elementor-element-7bc9da5 elementor-widget elementor-widget-heading\" data-id=\"7bc9da5\" data-element_type=\"widget\" data-widget_type=\"heading.default\">\n\t\t\t\t<div class=\"elementor-widget-container\">\n\t\t\t\t\t<h2 class=\"elementor-heading-title elementor-size-default\">Un hommage \u00e0 la musique saint-lucienne<\/h2>\t\t\t\t<\/div>\n\t\t\t\t<\/div>\n\t\t\t\t<section class=\"elementor-section elementor-inner-section elementor-element elementor-element-afca6cc elementor-section-boxed elementor-section-height-default elementor-section-height-default\" data-id=\"afca6cc\" data-element_type=\"section\">\n\t\t\t\t\t\t<div class=\"elementor-container elementor-column-gap-default\">\n\t\t\t\t\t<div class=\"elementor-column elementor-col-100 elementor-inner-column elementor-element elementor-element-8739f82\" data-id=\"8739f82\" data-element_type=\"column\">\n\t\t\t<div class=\"elementor-widget-wrap elementor-element-populated\">\n\t\t\t\t\t\t<div class=\"elementor-element elementor-element-f105cdb elementor-widget elementor-widget-text-editor\" data-id=\"f105cdb\" data-element_type=\"widget\" data-widget_type=\"text-editor.default\">\n\t\t\t\t<div class=\"elementor-widget-container\">\n\t\t\t\t\t\t\t\t\t<p><span style=\"font-weight: 400;\">Le festival <\/span><b>Festival MIZIK<\/b><span style=\"font-weight: 400;\">  a \u00e9t\u00e9 con\u00e7u pour rassembler les amateurs de musique de tous \u00e2ges, en cr\u00e9ant un espace o\u00f9 la musique et la culture peuvent s&#8217;\u00e9panouir. La diversit\u00e9 des prestations, allant des rythmes folkloriques aux sons contemporains, refl\u00e9tait la richesse de la sc\u00e8ne musicale de l&#8217;\u00eele. La direction musicale \u00e9tait assur\u00e9e par le maestro Gregory Piper, qui a ajout\u00e9 une touche d&#8217;expertise et de passion \u00e0 l&#8217;\u00e9v\u00e9nement.  <\/span><\/p>\n\t\t\t\t\t\t\t\t<\/div>\n\t\t\t\t<\/div>\n\t\t\t\t\t<\/div>\n\t\t<\/div>\n\t\t\t\t\t<\/div>\n\t\t<\/section>\n\t\t\t\t<section class=\"elementor-section elementor-inner-section elementor-element elementor-element-64b5bba elementor-section-boxed elementor-section-height-default elementor-section-height-default\" data-id=\"64b5bba\" data-element_type=\"section\">\n\t\t\t\t\t\t<div class=\"elementor-container elementor-column-gap-default\">\n\t\t\t\t\t<div class=\"elementor-column elementor-col-100 elementor-inner-column elementor-element elementor-element-9022a75\" data-id=\"9022a75\" data-element_type=\"column\">\n\t\t\t<div class=\"elementor-widget-wrap elementor-element-populated\">\n\t\t\t\t\t\t<div class=\"elementor-element elementor-element-103461c elementor-widget elementor-widget-text-editor\" data-id=\"103461c\" data-element_type=\"widget\" data-widget_type=\"text-editor.default\">\n\t\t\t\t<div class=\"elementor-widget-container\">\n\t\t\t\t\t\t\t\t\t<p>\n            <span style=\"font-weight: 400;\">Les r\u00e9actions du public ont \u00e9t\u00e9 extr\u00eamement positives. De nombreux participants ont exprim\u00e9 leur appr\u00e9ciation de la qualit\u00e9 des spectacles et de l&#8217;atmosph\u00e8re festive qui r\u00e9gnait au Centre culturel national. Des familles enti\u00e8res ont assist\u00e9 \u00e0 l&#8217;\u00e9v\u00e9nement, renfor\u00e7ant ainsi le lien entre les g\u00e9n\u00e9rations par le biais de la musique. De jeunes musiciens ont \u00e9galement eu l&#8217;occasion de rencontrer des artistes chevronn\u00e9s, ce qui a favoris\u00e9 des \u00e9changes pr\u00e9cieux et inspirants.   <\/span>\n          <\/p>\n\t\t\t\t\t\t\t\t<\/div>\n\t\t\t\t<\/div>\n\t\t\t\t\t<\/div>\n\t\t<\/div>\n\t\t\t\t\t<\/div>\n\t\t<\/section>\n\t\t\t\t\t<\/div>\n\t\t<\/div>\n\t\t\t\t\t<\/div>\n\t\t<\/section>\n\t\t\t\t<section class=\"elementor-section elementor-top-section elementor-element elementor-element-b514339 elementor-section-boxed elementor-section-height-default elementor-section-height-default\" data-id=\"b514339\" data-element_type=\"section\">\n\t\t\t\t\t\t<div class=\"elementor-container elementor-column-gap-default\">\n\t\t\t\t\t<div class=\"elementor-column elementor-col-100 elementor-top-column elementor-element elementor-element-941a2af\" data-id=\"941a2af\" data-element_type=\"column\">\n\t\t\t<div class=\"elementor-widget-wrap elementor-element-populated\">\n\t\t\t\t\t\t<div class=\"elementor-element elementor-element-15c3826 elementor-widget elementor-widget-heading\" data-id=\"15c3826\" data-element_type=\"widget\" data-widget_type=\"heading.default\">\n\t\t\t\t<div class=\"elementor-widget-container\">\n\t\t\t\t\t<h2 class=\"elementor-heading-title elementor-size-default\">Initiatives en faveur de la jeunesse<\/h2>\t\t\t\t<\/div>\n\t\t\t\t<\/div>\n\t\t\t\t<section class=\"elementor-section elementor-inner-section elementor-element elementor-element-7306540 elementor-section-boxed elementor-section-height-default elementor-section-height-default\" data-id=\"7306540\" data-element_type=\"section\">\n\t\t\t\t\t\t<div class=\"elementor-container elementor-column-gap-default\">\n\t\t\t\t\t<div class=\"elementor-column elementor-col-100 elementor-inner-column elementor-element elementor-element-d350baa\" data-id=\"d350baa\" data-element_type=\"column\">\n\t\t\t<div class=\"elementor-widget-wrap elementor-element-populated\">\n\t\t\t\t\t\t<div class=\"elementor-element elementor-element-c3a56ec elementor-widget elementor-widget-text-editor\" data-id=\"c3a56ec\" data-element_type=\"widget\" data-widget_type=\"text-editor.default\">\n\t\t\t\t<div class=\"elementor-widget-container\">\n\t\t\t\t\t\t\t\t\t<p><span style=\"font-weight: 400;\">Parall\u00e8lement \u00e0 l&#8217;\u00e9v\u00e9nement principal, la Fondation pour le d\u00e9veloppement culturel, en collaboration avec l&#8217;Unit\u00e9 de d\u00e9veloppement de la musique des Cara\u00efbes et le c\u00e9l\u00e8bre parolier saint-lucien Nahum Jn Baptiste, a organis\u00e9 une activit\u00e9 de d\u00e9veloppement ax\u00e9e sur l&#8217;\u00e9criture de chansons pour les jeunes. Pr\u00e9vue pour le 6 d\u00e9cembre 2024, dans la salle de conf\u00e9rence de la Fondation pour le d\u00e9veloppement culturel, cette initiative vise \u00e0 encourager la cr\u00e9ativit\u00e9 et \u00e0 fournir des outils aux jeunes artistes pour qu&#8217;ils puissent s&#8217;exprimer \u00e0 travers la musique. Cet effort souligne l&#8217;engagement de la Fondation pour le d\u00e9veloppement culturel \u00e0 soutenir la prochaine g\u00e9n\u00e9ration de musiciens et \u00e0 assurer la continuit\u00e9 du travail de la Fondation.    <\/span><b>la musique saint-lucienne<\/b><span style=\"font-weight: 400;\"> patrimoine.<\/span><\/p>\n\t\t\t\t\t\t\t\t<\/div>\n\t\t\t\t<\/div>\n\t\t\t\t\t<\/div>\n\t\t<\/div>\n\t\t\t\t\t<\/div>\n\t\t<\/section>\n\t\t\t\t\t<\/div>\n\t\t<\/div>\n\t\t\t\t\t<\/div>\n\t\t<\/section>\n\t\t\t\t<section class=\"elementor-section elementor-top-section elementor-element elementor-element-8dbc34b elementor-section-boxed elementor-section-height-default elementor-section-height-default\" data-id=\"8dbc34b\" data-element_type=\"section\">\n\t\t\t\t\t\t<div class=\"elementor-container elementor-column-gap-default\">\n\t\t\t\t\t<div class=\"elementor-column elementor-col-100 elementor-top-column elementor-element elementor-element-6003bc0\" data-id=\"6003bc0\" data-element_type=\"column\">\n\t\t\t<div class=\"elementor-widget-wrap elementor-element-populated\">\n\t\t\t\t\t\t<div class=\"elementor-element elementor-element-6bf9e70 elementor-widget elementor-widget-heading\" data-id=\"6bf9e70\" data-element_type=\"widget\" data-widget_type=\"heading.default\">\n\t\t\t\t<div class=\"elementor-widget-container\">\n\t\t\t\t\t<h2 class=\"elementor-heading-title elementor-size-default\">L'avenir du festival MIZIK<\/h2>\t\t\t\t<\/div>\n\t\t\t\t<\/div>\n\t\t\t\t<div class=\"elementor-element elementor-element-aec0034 elementor-widget elementor-widget-text-editor\" data-id=\"aec0034\" data-element_type=\"widget\" data-widget_type=\"text-editor.default\">\n\t\t\t\t<div class=\"elementor-widget-container\">\n\t\t\t\t\t\t\t\t\t<p><span style=\"font-weight: 400;\">Avec le succ\u00e8s de l&#8217;\u00e9v\u00e9nement de cette ann\u00e9e, la Fondation pour le d\u00e9veloppement culturel aspire \u00e0 mettre en place le <\/span><b>festival MIZIK<\/b><span style=\"font-weight: 400;\">  comme un \u00e9v\u00e9nement phare du calendrier culturel de Sainte-Lucie. Les organisateurs pr\u00e9voient de d\u00e9velopper cette c\u00e9l\u00e9bration dans les ann\u00e9es \u00e0 venir en invitant des musiciens d&#8217;horizons divers et en int\u00e9grant des \u00e9l\u00e9ments interactifs pour le public. L&#8217;objectif est de cr\u00e9er une exp\u00e9rience immersive qui c\u00e9l\u00e8bre non seulement la musique, mais aussi l&#8217;histoire et la culture de Sainte-Lucie.    <\/span><a href=\"https:\/\/richeskarayib.com\/cpf\/la-legendaire-friture-de-poisson-danse-la-raye-une-tradition-culinaire-incontournable-des-caraibes\/\" target=\"_blank\" rel=\"noopener\"><b>Sainte-Lucie<\/b><\/a><span style=\"font-weight: 400;\">.<\/span><\/p>\n\t\t\t\t\t\t\t\t<\/div>\n\t\t\t\t<\/div>\n\t\t\t\t<div class=\"elementor-element elementor-element-b4cbeb9 elementor-widget elementor-widget-text-editor\" data-id=\"b4cbeb9\" data-element_type=\"widget\" data-widget_type=\"text-editor.default\">\n\t\t\t\t<div class=\"elementor-widget-container\">\n\t\t\t\t\t\t\t\t\t<p><span style=\"font-weight: 400;\">Le festival <\/span><b>Festival MIZIK<\/b><span style=\"font-weight: 400;\">  n&#8217;est pas un simple concert ; c&#8217;est une c\u00e9l\u00e9bration de l&#8217;identit\u00e9 culturelle de l&#8217;\u00eele, un moment o\u00f9 les Saint-Luciens peuvent se r\u00e9unir pour honorer leur patrimoine musical. La musique est un puissant connecteur, et cet \u00e9v\u00e9nement a prouv\u00e9 qu&#8217;elle peut unir les communaut\u00e9s et inspirer les g\u00e9n\u00e9rations futures. <\/span><\/p>\n\t\t\t\t\t\t\t\t<\/div>\n\t\t\t\t<\/div>\n\t\t\t\t\t<\/div>\n\t\t<\/div>\n\t\t\t\t\t<\/div>\n\t\t<\/section>\n\t\t\t\t<section class=\"elementor-section elementor-top-section elementor-element elementor-element-bf530f7 elementor-section-boxed elementor-section-height-default elementor-section-height-default\" data-id=\"bf530f7\" data-element_type=\"section\">\n\t\t\t\t\t\t<div class=\"elementor-container elementor-column-gap-default\">\n\t\t\t\t\t<div class=\"elementor-column elementor-col-100 elementor-top-column elementor-element elementor-element-da8faf8\" data-id=\"da8faf8\" data-element_type=\"column\">\n\t\t\t<div class=\"elementor-widget-wrap elementor-element-populated\">\n\t\t\t\t\t\t<div class=\"elementor-element elementor-element-3a4774b elementor-widget elementor-widget-text-editor\" data-id=\"3a4774b\" data-element_type=\"widget\" data-widget_type=\"text-editor.default\">\n\t\t\t\t<div class=\"elementor-widget-container\">\n\t\t\t\t\t\t\t\t\t<p><span style=\"font-weight: 400;\">L&#8217;\u00e9dition inaugurale du festival <\/span><b>festival MIZIK<\/b><span style=\"font-weight: 400;\"> a \u00e9t\u00e9 un \u00e9v\u00e9nement marquant pour la <\/span><b>musique saint-lucienne<\/b><span style=\"font-weight: 400;\">  sc\u00e8ne. En honorant   <\/span><b>De Ashanti<\/b><span style=\"font-weight: 400;\">  En c\u00e9l\u00e9brant les talents locaux, la Fondation pour le d\u00e9veloppement culturel a non seulement renforc\u00e9 le lien entre le pass\u00e9 et le pr\u00e9sent, mais elle a \u00e9galement ouvert la voie \u00e0 un avenir musical prometteur pour l&#8217;\u00eele. L&#8217;impact de cette c\u00e9l\u00e9bration va au-del\u00e0 de la musique ; elle touche des vies, inspire des r\u00eaves et c\u00e9l\u00e8bre la richesse de l&#8217;\u00eele.   <\/span><b>Culture saint-lucienne<\/b><span style=\"font-weight: 400;\">.<\/span><\/p>\n\t\t\t\t\t\t\t\t<\/div>\n\t\t\t\t<\/div>\n\t\t\t\t<div class=\"elementor-element elementor-element-4d478b2 elementor-widget elementor-widget-text-editor\" data-id=\"4d478b2\" data-element_type=\"widget\" data-widget_type=\"text-editor.default\">\n\t\t\t\t<div class=\"elementor-widget-container\">\n\t\t\t\t\t\t\t\t\t<p><span style=\"font-weight: 400;\">Il est essentiel de continuer \u00e0 soutenir des initiatives telles que le <\/span><b>festival MIZIK<\/b><span style=\"font-weight: 400;\"> pour pr\u00e9server et promouvoir la <\/span><b>la musique saint-lucienne<\/b><span style=\"font-weight: 400;\">La musique de l&#8217;\u00eele est un \u00e9l\u00e9ment essentiel de l&#8217;identit\u00e9 culturelle de l&#8217;\u00eele, ce qui garantit que cette belle \u00eele continuera \u00e0 r\u00e9sonner des sons de ses artistes pour les g\u00e9n\u00e9rations \u00e0 venir. La musique de   <\/span><b>Sainte-Lucie<\/b><span style=\"font-weight: 400;\"> est un tr\u00e9sor qui m\u00e9rite d&#8217;\u00eatre c\u00e9l\u00e9br\u00e9 et partag\u00e9. <\/span><b>festival MIZIK<\/b><span style=\"font-weight: 400;\"> repr\u00e9sente une \u00e9tape importante dans cette mission.<\/span><\/p>\n\t\t\t\t\t\t\t\t<\/div>\n\t\t\t\t<\/div>\n\t\t\t\t\t<\/div>\n\t\t<\/div>\n\t\t\t\t\t<\/div>\n\t\t<\/section>\n\t\t\t\t<\/div>\n\t\t","protected":false},"excerpt":{"rendered":"<p>Le 23 novembre 2024, la Fondation pour le d\u00e9veloppement culturel a organis\u00e9 un m\u00e9morable festival MIZIK : une c\u00e9l\u00e9bration de nos musiciens &#8211; avec De Ashanti. &#8220;Festival MIZIK : une c\u00e9l\u00e9bration de nos musiciens &#8211; avec De Ashanti&#8220; au Centre culturel national de Sainte-Lucie. Cette c\u00e9l\u00e9bration a eu lieu en comm\u00e9moration de F\u00eate de la [&hellip;]<\/p>\n","protected":false},"author":400,"featured_media":42037,"comment_status":"open","ping_status":"open","sticky":false,"template":"","format":"standard","meta":{"_acf_changed":false,"footnotes":""},"categories":[831],"tags":[1622],"class_list":["post-42060","post","type-post","status-publish","format-standard","has-post-thumbnail","hentry","category-musique","tag-sainte-lucie-cpf-2"],"acf":[],"_links":{"self":[{"href":"https:\/\/richeskarayib.com\/cpf\/wp-json\/wp\/v2\/posts\/42060","targetHints":{"allow":["GET"]}}],"collection":[{"href":"https:\/\/richeskarayib.com\/cpf\/wp-json\/wp\/v2\/posts"}],"about":[{"href":"https:\/\/richeskarayib.com\/cpf\/wp-json\/wp\/v2\/types\/post"}],"author":[{"embeddable":true,"href":"https:\/\/richeskarayib.com\/cpf\/wp-json\/wp\/v2\/users\/400"}],"replies":[{"embeddable":true,"href":"https:\/\/richeskarayib.com\/cpf\/wp-json\/wp\/v2\/comments?post=42060"}],"version-history":[{"count":0,"href":"https:\/\/richeskarayib.com\/cpf\/wp-json\/wp\/v2\/posts\/42060\/revisions"}],"wp:featuredmedia":[{"embeddable":true,"href":"https:\/\/richeskarayib.com\/cpf\/wp-json\/wp\/v2\/media\/42037"}],"wp:attachment":[{"href":"https:\/\/richeskarayib.com\/cpf\/wp-json\/wp\/v2\/media?parent=42060"}],"wp:term":[{"taxonomy":"category","embeddable":true,"href":"https:\/\/richeskarayib.com\/cpf\/wp-json\/wp\/v2\/categories?post=42060"},{"taxonomy":"post_tag","embeddable":true,"href":"https:\/\/richeskarayib.com\/cpf\/wp-json\/wp\/v2\/tags?post=42060"}],"curies":[{"name":"wp","href":"https:\/\/api.w.org\/{rel}","templated":true}]}}