{"id":17738,"date":"2023-06-05T10:01:35","date_gmt":"2023-06-05T10:01:35","guid":{"rendered":"http:\/\/richeskarayib.com\/festival-mundial-de-musica-criolla\/"},"modified":"2024-09-23T12:20:17","modified_gmt":"2024-09-23T12:20:17","slug":"festival-mundial-de-musica-criolla","status":"publish","type":"post","link":"https:\/\/richeskarayib.com\/es\/festival-mundial-de-musica-criolla\/","title":{"rendered":"DOMINICA : FESTIVAL MUNDIAL DE M\u00daSICA CRIOLLA 2022"},"content":{"rendered":"\t\t<div data-elementor-type=\"wp-post\" data-elementor-id=\"17738\" class=\"elementor elementor-17738 elementor-14950\" data-elementor-post-type=\"post\">\n\t\t\t\t\t\t<section class=\"elementor-section elementor-top-section elementor-element elementor-element-5136ea75 elementor-section-boxed elementor-section-height-default elementor-section-height-default\" data-id=\"5136ea75\" data-element_type=\"section\">\n\t\t\t\t\t\t<div class=\"elementor-container elementor-column-gap-default\">\n\t\t\t\t\t<div class=\"elementor-column elementor-col-100 elementor-top-column elementor-element elementor-element-718d6122\" data-id=\"718d6122\" data-element_type=\"column\">\n\t\t\t<div class=\"elementor-widget-wrap elementor-element-populated\">\n\t\t\t\t\t\t<div class=\"elementor-element elementor-element-0b0ca09 elementor-widget elementor-widget-text-editor\" data-id=\"0b0ca09\" data-element_type=\"widget\" data-widget_type=\"text-editor.default\">\n\t\t\t\t<div class=\"elementor-widget-container\">\n\t\t\t\t\t\t\t\t\t<p><strong>Festival de color y sonido<\/strong><\/p>\n<p>En el coraz\u00f3n del Caribe, el Festival Mundial de M\u00fasica Criolla cobra vida, pintando Dominica con los vibrantes colores del madr\u00e1s y los conmovedores ritmos de nuestra herencia com\u00fan. Aqu\u00ed, entre melod\u00edas y risas, Rich\u00e8s Karayib es testigo del tapiz de la rica diversidad cultural de nuestra regi\u00f3n. Es un lugar donde la m\u00fasica, la danza y los atuendos tradicionales convergen para celebrar nuestras ra\u00edces comunes y nuestras distintas historias.<\/p>\t\t\t\t\t\t\t\t<\/div>\n\t\t\t\t<\/div>\n\t\t\t\t<section class=\"elementor-section elementor-inner-section elementor-element elementor-element-c276ecb elementor-section-boxed elementor-section-height-default elementor-section-height-default\" data-id=\"c276ecb\" data-element_type=\"section\">\n\t\t\t\t\t\t<div class=\"elementor-container elementor-column-gap-default\">\n\t\t\t\t\t<div class=\"elementor-column elementor-col-50 elementor-inner-column elementor-element elementor-element-9088f6b\" data-id=\"9088f6b\" data-element_type=\"column\">\n\t\t\t<div class=\"elementor-widget-wrap elementor-element-populated\">\n\t\t\t\t\t\t<div class=\"elementor-element elementor-element-73e10a1 elementor-widget elementor-widget-image\" data-id=\"73e10a1\" data-element_type=\"widget\" data-widget_type=\"image.default\">\n\t\t\t\t<div class=\"elementor-widget-container\">\n\t\t\t\t\t\t\t\t\t\t\t\t\t\t\t<img fetchpriority=\"high\" decoding=\"async\" width=\"768\" height=\"768\" src=\"https:\/\/richeskarayib.com\/wp-content\/uploads\/2022\/09\/9-2-768x768.png\" class=\"attachment-medium_large size-medium_large wp-image-20292\" alt=\"\" srcset=\"https:\/\/richeskarayib.com\/wp-content\/uploads\/2022\/09\/9-2-768x768.png 768w, https:\/\/richeskarayib.com\/wp-content\/uploads\/2022\/09\/9-2-300x300.png 300w, https:\/\/richeskarayib.com\/wp-content\/uploads\/2022\/09\/9-2-1024x1024.png 1024w, https:\/\/richeskarayib.com\/wp-content\/uploads\/2022\/09\/9-2-150x150.png 150w, https:\/\/richeskarayib.com\/wp-content\/uploads\/2022\/09\/9-2.png 1080w\" sizes=\"(max-width: 768px) 100vw, 768px\" \/>\t\t\t\t\t\t\t\t\t\t\t\t\t\t\t<\/div>\n\t\t\t\t<\/div>\n\t\t\t\t\t<\/div>\n\t\t<\/div>\n\t\t\t\t<div class=\"elementor-column elementor-col-50 elementor-inner-column elementor-element elementor-element-9ae73b4\" data-id=\"9ae73b4\" data-element_type=\"column\">\n\t\t\t<div class=\"elementor-widget-wrap elementor-element-populated\">\n\t\t\t\t\t\t<div class=\"elementor-element elementor-element-26dc955 elementor-widget elementor-widget-image\" data-id=\"26dc955\" data-element_type=\"widget\" data-widget_type=\"image.default\">\n\t\t\t\t<div class=\"elementor-widget-container\">\n\t\t\t\t\t\t\t\t\t\t\t\t\t\t\t<img decoding=\"async\" width=\"800\" height=\"800\" src=\"https:\/\/richeskarayib.com\/wp-content\/uploads\/2022\/09\/13-1024x1024.png\" class=\"attachment-large size-large wp-image-20296\" alt=\"\" srcset=\"https:\/\/richeskarayib.com\/wp-content\/uploads\/2022\/09\/13-1024x1024.png 1024w, https:\/\/richeskarayib.com\/wp-content\/uploads\/2022\/09\/13-300x300.png 300w, https:\/\/richeskarayib.com\/wp-content\/uploads\/2022\/09\/13-150x150.png 150w, https:\/\/richeskarayib.com\/wp-content\/uploads\/2022\/09\/13-768x768.png 768w, https:\/\/richeskarayib.com\/wp-content\/uploads\/2022\/09\/13.png 1080w\" sizes=\"(max-width: 800px) 100vw, 800px\" \/>\t\t\t\t\t\t\t\t\t\t\t\t\t\t\t<\/div>\n\t\t\t\t<\/div>\n\t\t\t\t\t<\/div>\n\t\t<\/div>\n\t\t\t\t\t<\/div>\n\t\t<\/section>\n\t\t\t\t\t<\/div>\n\t\t<\/div>\n\t\t\t\t\t<\/div>\n\t\t<\/section>\n\t\t\t\t<section class=\"elementor-section elementor-top-section elementor-element elementor-element-7547baf elementor-section-boxed elementor-section-height-default elementor-section-height-default\" data-id=\"7547baf\" data-element_type=\"section\">\n\t\t\t\t\t\t<div class=\"elementor-container elementor-column-gap-default\">\n\t\t\t\t\t<div class=\"elementor-column elementor-col-100 elementor-top-column elementor-element elementor-element-d24101d\" data-id=\"d24101d\" data-element_type=\"column\">\n\t\t\t<div class=\"elementor-widget-wrap elementor-element-populated\">\n\t\t\t\t\t\t<div class=\"elementor-element elementor-element-584933f elementor-widget elementor-widget-text-editor\" data-id=\"584933f\" data-element_type=\"widget\" data-widget_type=\"text-editor.default\">\n\t\t\t\t<div class=\"elementor-widget-container\">\n\t\t\t\t\t\t\t\t\t<p><strong>Artistas y espect\u00e1culos: Un mosaico de talento<\/strong><\/p>\n<p>En la 2022 edici\u00f3n del Festival Mundial de M\u00fasica Criolla, el cartel presentaba una mezcla de artistas locales e internacionales de diversos g\u00e9neros, como bouyon, cadence, kompa, zouk, dancehall, reggae y soca. He aqu\u00ed un resumen de algunos de los artistas que actuaron:<\/p>\n<p>De Jamaica llegaron artistas de reggae y dancehall como Shenseea, Christopher Martin, Sizzla y Dexta Daps.<\/p>\t\t\t\t\t\t\t\t<\/div>\n\t\t\t\t<\/div>\n\t\t\t\t<section class=\"elementor-section elementor-inner-section elementor-element elementor-element-c850a08 elementor-section-boxed elementor-section-height-default elementor-section-height-default\" data-id=\"c850a08\" data-element_type=\"section\">\n\t\t\t\t\t\t<div class=\"elementor-container elementor-column-gap-default\">\n\t\t\t\t\t<div class=\"elementor-column elementor-col-50 elementor-inner-column elementor-element elementor-element-cc2d92b\" data-id=\"cc2d92b\" data-element_type=\"column\">\n\t\t\t<div class=\"elementor-widget-wrap elementor-element-populated\">\n\t\t\t\t\t\t<div class=\"elementor-element elementor-element-3eba907 elementor-widget elementor-widget-image\" data-id=\"3eba907\" data-element_type=\"widget\" data-widget_type=\"image.default\">\n\t\t\t\t<div class=\"elementor-widget-container\">\n\t\t\t\t\t\t\t\t\t\t\t\t\t\t\t<img decoding=\"async\" width=\"768\" height=\"768\" src=\"https:\/\/richeskarayib.com\/wp-content\/uploads\/2022\/09\/11-768x768.png\" class=\"attachment-medium_large size-medium_large wp-image-20284\" alt=\"\" srcset=\"https:\/\/richeskarayib.com\/wp-content\/uploads\/2022\/09\/11-768x768.png 768w, https:\/\/richeskarayib.com\/wp-content\/uploads\/2022\/09\/11-300x300.png 300w, https:\/\/richeskarayib.com\/wp-content\/uploads\/2022\/09\/11-1024x1024.png 1024w, https:\/\/richeskarayib.com\/wp-content\/uploads\/2022\/09\/11-150x150.png 150w, https:\/\/richeskarayib.com\/wp-content\/uploads\/2022\/09\/11.png 1080w\" sizes=\"(max-width: 768px) 100vw, 768px\" \/>\t\t\t\t\t\t\t\t\t\t\t\t\t\t\t<\/div>\n\t\t\t\t<\/div>\n\t\t\t\t\t<\/div>\n\t\t<\/div>\n\t\t\t\t<div class=\"elementor-column elementor-col-50 elementor-inner-column elementor-element elementor-element-d39ea24\" data-id=\"d39ea24\" data-element_type=\"column\">\n\t\t\t<div class=\"elementor-widget-wrap elementor-element-populated\">\n\t\t\t\t\t\t<div class=\"elementor-element elementor-element-6d1a8d0 elementor-widget elementor-widget-image\" data-id=\"6d1a8d0\" data-element_type=\"widget\" data-widget_type=\"image.default\">\n\t\t\t\t<div class=\"elementor-widget-container\">\n\t\t\t\t\t\t\t\t\t\t\t\t\t\t\t<img loading=\"lazy\" decoding=\"async\" width=\"800\" height=\"800\" src=\"https:\/\/richeskarayib.com\/wp-content\/uploads\/2022\/09\/12-1024x1024.png\" class=\"attachment-large size-large wp-image-20288\" alt=\"\" srcset=\"https:\/\/richeskarayib.com\/wp-content\/uploads\/2022\/09\/12-1024x1024.png 1024w, https:\/\/richeskarayib.com\/wp-content\/uploads\/2022\/09\/12-300x300.png 300w, https:\/\/richeskarayib.com\/wp-content\/uploads\/2022\/09\/12-150x150.png 150w, https:\/\/richeskarayib.com\/wp-content\/uploads\/2022\/09\/12-768x768.png 768w, https:\/\/richeskarayib.com\/wp-content\/uploads\/2022\/09\/12.png 1080w\" sizes=\"(max-width: 800px) 100vw, 800px\" \/>\t\t\t\t\t\t\t\t\t\t\t\t\t\t\t<\/div>\n\t\t\t\t<\/div>\n\t\t\t\t\t<\/div>\n\t\t<\/div>\n\t\t\t\t\t<\/div>\n\t\t<\/section>\n\t\t\t\t<div class=\"elementor-element elementor-element-bf9e172 elementor-widget elementor-widget-text-editor\" data-id=\"bf9e172\" data-element_type=\"widget\" data-widget_type=\"text-editor.default\">\n\t\t\t\t<div class=\"elementor-widget-container\">\n\t\t\t\t\t\t\t\t\t<p>Para los amantes del Zouk y el Compas, Jocelyne B\u00e9roard, antigua vocalista del grupo Kassav, apareci\u00f3 junto a los artistas haitianos de m\u00fasica Kompa K-Dilak &amp; Bedjine, Enposib, Chire Lakay y el cantante franc\u00e9s de reggae-dancehall Admiral T.<\/p>\n\t\t\t\t\t\t\t\t<\/div>\n\t\t\t\t<\/div>\n\t\t\t\t<section class=\"elementor-section elementor-inner-section elementor-element elementor-element-b5be684 elementor-section-boxed elementor-section-height-default elementor-section-height-default\" data-id=\"b5be684\" data-element_type=\"section\">\n\t\t\t\t\t\t<div class=\"elementor-container elementor-column-gap-default\">\n\t\t\t\t\t<div class=\"elementor-column elementor-col-50 elementor-inner-column elementor-element elementor-element-0191eed\" data-id=\"0191eed\" data-element_type=\"column\">\n\t\t\t<div class=\"elementor-widget-wrap elementor-element-populated\">\n\t\t\t\t\t\t<div class=\"elementor-element elementor-element-ff29ac9 elementor-widget elementor-widget-image\" data-id=\"ff29ac9\" data-element_type=\"widget\" data-widget_type=\"image.default\">\n\t\t\t\t<div class=\"elementor-widget-container\">\n\t\t\t\t\t\t\t\t\t\t\t\t\t\t\t<img loading=\"lazy\" decoding=\"async\" width=\"768\" height=\"768\" src=\"https:\/\/richeskarayib.com\/wp-content\/uploads\/2022\/09\/10-768x768.png\" class=\"attachment-medium_large size-medium_large wp-image-20280\" alt=\"\" srcset=\"https:\/\/richeskarayib.com\/wp-content\/uploads\/2022\/09\/10-768x768.png 768w, https:\/\/richeskarayib.com\/wp-content\/uploads\/2022\/09\/10-300x300.png 300w, https:\/\/richeskarayib.com\/wp-content\/uploads\/2022\/09\/10-1024x1024.png 1024w, https:\/\/richeskarayib.com\/wp-content\/uploads\/2022\/09\/10-150x150.png 150w, https:\/\/richeskarayib.com\/wp-content\/uploads\/2022\/09\/10.png 1080w\" sizes=\"(max-width: 768px) 100vw, 768px\" \/>\t\t\t\t\t\t\t\t\t\t\t\t\t\t\t<\/div>\n\t\t\t\t<\/div>\n\t\t\t\t\t<\/div>\n\t\t<\/div>\n\t\t\t\t<div class=\"elementor-column elementor-col-50 elementor-inner-column elementor-element elementor-element-803440f\" data-id=\"803440f\" data-element_type=\"column\">\n\t\t\t<div class=\"elementor-widget-wrap elementor-element-populated\">\n\t\t\t\t\t\t<div class=\"elementor-element elementor-element-c962276 elementor-widget elementor-widget-image\" data-id=\"c962276\" data-element_type=\"widget\" data-widget_type=\"image.default\">\n\t\t\t\t<div class=\"elementor-widget-container\">\n\t\t\t\t\t\t\t\t\t\t\t\t\t\t\t<img loading=\"lazy\" decoding=\"async\" width=\"800\" height=\"800\" src=\"https:\/\/richeskarayib.com\/wp-content\/uploads\/2022\/09\/4-1024x1024.png\" class=\"attachment-large size-large wp-image-20256\" alt=\"\" srcset=\"https:\/\/richeskarayib.com\/wp-content\/uploads\/2022\/09\/4-1024x1024.png 1024w, https:\/\/richeskarayib.com\/wp-content\/uploads\/2022\/09\/4-300x300.png 300w, https:\/\/richeskarayib.com\/wp-content\/uploads\/2022\/09\/4-150x150.png 150w, https:\/\/richeskarayib.com\/wp-content\/uploads\/2022\/09\/4-768x768.png 768w, https:\/\/richeskarayib.com\/wp-content\/uploads\/2022\/09\/4.png 1080w\" sizes=\"(max-width: 800px) 100vw, 800px\" \/>\t\t\t\t\t\t\t\t\t\t\t\t\t\t\t<\/div>\n\t\t\t\t<\/div>\n\t\t\t\t\t<\/div>\n\t\t<\/div>\n\t\t\t\t\t<\/div>\n\t\t<\/section>\n\t\t\t\t<div class=\"elementor-element elementor-element-482e3cf elementor-widget elementor-widget-text-editor\" data-id=\"482e3cf\" data-element_type=\"widget\" data-widget_type=\"text-editor.default\">\n\t\t\t\t<div class=\"elementor-widget-container\">\n\t\t\t\t\t\t\t\t\t<p>El festival tambi\u00e9n cont\u00f3 con un nutrido cartel de talentos locales dominicanos, como Asa Bantan, de Bouyon Boss, TK International, WCK, la banda First Serenade, de casi 40 a\u00f1os, los iconos de la cadencia Midnight Groovers, &#8220;la m\u00e1s joven y la m\u00e1s mala&#8221; Signal Band, el artista de dancehall Colton T y la banda kompa Extacy. Reo, &#8220;el pr\u00edncipe fresco del bouyon&#8221;, y Carlyn XP, &#8220;la reina del bouyon&#8221;, aparecieron por primera vez en el escenario del festival como artistas en solitario.<\/p>\n\t\t\t\t\t\t\t\t<\/div>\n\t\t\t\t<\/div>\n\t\t\t\t<div class=\"elementor-element elementor-element-8a4d4f6 elementor-widget elementor-widget-image\" data-id=\"8a4d4f6\" data-element_type=\"widget\" data-widget_type=\"image.default\">\n\t\t\t\t<div class=\"elementor-widget-container\">\n\t\t\t\t\t\t\t\t\t\t\t\t\t\t\t<img loading=\"lazy\" decoding=\"async\" width=\"800\" height=\"800\" src=\"https:\/\/richeskarayib.com\/wp-content\/uploads\/2022\/09\/7-1024x1024.png\" class=\"attachment-large size-large wp-image-20268\" alt=\"\" srcset=\"https:\/\/richeskarayib.com\/wp-content\/uploads\/2022\/09\/7-1024x1024.png 1024w, https:\/\/richeskarayib.com\/wp-content\/uploads\/2022\/09\/7-300x300.png 300w, https:\/\/richeskarayib.com\/wp-content\/uploads\/2022\/09\/7-150x150.png 150w, https:\/\/richeskarayib.com\/wp-content\/uploads\/2022\/09\/7-768x768.png 768w, https:\/\/richeskarayib.com\/wp-content\/uploads\/2022\/09\/7.png 1080w\" sizes=\"(max-width: 800px) 100vw, 800px\" \/>\t\t\t\t\t\t\t\t\t\t\t\t\t\t\t<\/div>\n\t\t\t\t<\/div>\n\t\t\t\t<div class=\"elementor-element elementor-element-3cf7f80 elementor-widget elementor-widget-text-editor\" data-id=\"3cf7f80\" data-element_type=\"widget\" data-widget_type=\"text-editor.default\">\n\t\t\t\t<div class=\"elementor-widget-container\">\n\t\t\t\t\t\t\t\t\t<p>Adem\u00e1s, las superestrellas africanas Burna Boy y Omah Lay formaron parte del cartel, marcando una mezcla diversa de estilos musicales y or\u00edgenes culturales, a pesar de algunos debates comunitarios sobre la inclusi\u00f3n de m\u00fasica no criolla en el festival.<\/p>\n<p>Esta rica mezcla de artistas ofreci\u00f3 un amplio espectro de m\u00fasica para todos los gustos y contribuy\u00f3 al objetivo del festival de celebrar la cultura y la m\u00fasica criollas.<\/p>\t\t\t\t\t\t\t\t<\/div>\n\t\t\t\t<\/div>\n\t\t\t\t<div class=\"elementor-element elementor-element-c4e2a61 elementor-widget elementor-widget-image\" data-id=\"c4e2a61\" data-element_type=\"widget\" data-widget_type=\"image.default\">\n\t\t\t\t<div class=\"elementor-widget-container\">\n\t\t\t\t\t\t\t\t\t\t\t\t\t\t\t<img loading=\"lazy\" decoding=\"async\" width=\"800\" height=\"800\" src=\"https:\/\/richeskarayib.com\/wp-content\/uploads\/2022\/09\/8-1024x1024.png\" class=\"attachment-large size-large wp-image-20272\" alt=\"\" srcset=\"https:\/\/richeskarayib.com\/wp-content\/uploads\/2022\/09\/8-1024x1024.png 1024w, https:\/\/richeskarayib.com\/wp-content\/uploads\/2022\/09\/8-300x300.png 300w, https:\/\/richeskarayib.com\/wp-content\/uploads\/2022\/09\/8-150x150.png 150w, https:\/\/richeskarayib.com\/wp-content\/uploads\/2022\/09\/8-768x768.png 768w, https:\/\/richeskarayib.com\/wp-content\/uploads\/2022\/09\/8.png 1080w\" sizes=\"(max-width: 800px) 100vw, 800px\" \/>\t\t\t\t\t\t\t\t\t\t\t\t\t\t\t<\/div>\n\t\t\t\t<\/div>\n\t\t\t\t<div class=\"elementor-element elementor-element-be651aa elementor-widget elementor-widget-text-editor\" data-id=\"be651aa\" data-element_type=\"widget\" data-widget_type=\"text-editor.default\">\n\t\t\t\t<div class=\"elementor-widget-container\">\n\t\t\t\t\t\t\t\t\t<p>Entre las estrellas destaca Patrice Roberts, s\u00edmbolo de energ\u00eda y dinamismo caribe\u00f1o. Su actuaci\u00f3n, una mezcla de los contagiosos ritmos de la soca y relatos de la vida en la isla, cautiva a propios y extra\u00f1os.<\/p>\n\t\t\t\t\t\t\t\t<\/div>\n\t\t\t\t<\/div>\n\t\t\t\t<div class=\"elementor-element elementor-element-585e410 elementor-widget elementor-widget-image\" data-id=\"585e410\" data-element_type=\"widget\" data-widget_type=\"image.default\">\n\t\t\t\t<div class=\"elementor-widget-container\">\n\t\t\t\t\t\t\t\t\t\t\t\t\t\t\t<img loading=\"lazy\" decoding=\"async\" width=\"800\" height=\"800\" src=\"https:\/\/richeskarayib.com\/wp-content\/uploads\/2022\/09\/5-1024x1024.png\" class=\"attachment-large size-large wp-image-20260\" alt=\"\" srcset=\"https:\/\/richeskarayib.com\/wp-content\/uploads\/2022\/09\/5-1024x1024.png 1024w, https:\/\/richeskarayib.com\/wp-content\/uploads\/2022\/09\/5-300x300.png 300w, https:\/\/richeskarayib.com\/wp-content\/uploads\/2022\/09\/5-150x150.png 150w, https:\/\/richeskarayib.com\/wp-content\/uploads\/2022\/09\/5-768x768.png 768w, https:\/\/richeskarayib.com\/wp-content\/uploads\/2022\/09\/5.png 1080w\" sizes=\"(max-width: 800px) 100vw, 800px\" \/>\t\t\t\t\t\t\t\t\t\t\t\t\t\t\t<\/div>\n\t\t\t\t<\/div>\n\t\t\t\t<div class=\"elementor-element elementor-element-c3a3b5f elementor-widget elementor-widget-text-editor\" data-id=\"c3a3b5f\" data-element_type=\"widget\" data-widget_type=\"text-editor.default\">\n\t\t\t\t<div class=\"elementor-widget-container\">\n\t\t\t\t\t\t\t\t\t<p>A trav\u00e9s de la lente de Rich\u00e8s Karayib, el Festival Mundial de M\u00fasica Criolla trasciende su papel de acontecimiento musical. Se convierte en un vibrante escaparate de la riqueza cultural del Caribe, una plataforma para artistas y un faro para la unidad y el intercambio cultural.<\/p>\n<p>Al concluir el festival, las melod\u00edas perduran, un dulce recuerdo de nuestra herencia com\u00fan y de la alegr\u00eda colectiva que puede aportar la m\u00fasica.<\/p>\n<p>Rich\u00e8s Karayib se marcha con una inspiraci\u00f3n renovada y un compromiso reafirmado de celebrar y promover el diverso patrimonio cultural del Caribe.<\/p>\t\t\t\t\t\t\t\t<\/div>\n\t\t\t\t<\/div>\n\t\t\t\t\t<\/div>\n\t\t<\/div>\n\t\t\t\t\t<\/div>\n\t\t<\/section>\n\t\t\t\t<\/div>\n\t\t","protected":false},"excerpt":{"rendered":"<p>Festival de color y sonido En el coraz\u00f3n del Caribe, el Festival Mundial de M\u00fasica Criolla cobra vida, pintando Dominica con los vibrantes colores del madr\u00e1s y los conmovedores ritmos de nuestra herencia com\u00fan. Aqu\u00ed, entre melod\u00edas y risas, Rich\u00e8s Karayib es testigo del tapiz de la rica diversidad cultural de nuestra regi\u00f3n. Es un [&hellip;]<\/p>\n","protected":false},"author":47,"featured_media":20252,"comment_status":"open","ping_status":"open","sticky":false,"template":"","format":"standard","meta":{"_acf_changed":false,"footnotes":""},"categories":[834],"tags":[],"class_list":["post-17738","post","type-post","status-publish","format-standard","has-post-thumbnail","hentry","category-musica"],"acf":[],"_links":{"self":[{"href":"https:\/\/richeskarayib.com\/es\/wp-json\/wp\/v2\/posts\/17738","targetHints":{"allow":["GET"]}}],"collection":[{"href":"https:\/\/richeskarayib.com\/es\/wp-json\/wp\/v2\/posts"}],"about":[{"href":"https:\/\/richeskarayib.com\/es\/wp-json\/wp\/v2\/types\/post"}],"author":[{"embeddable":true,"href":"https:\/\/richeskarayib.com\/es\/wp-json\/wp\/v2\/users\/47"}],"replies":[{"embeddable":true,"href":"https:\/\/richeskarayib.com\/es\/wp-json\/wp\/v2\/comments?post=17738"}],"version-history":[{"count":0,"href":"https:\/\/richeskarayib.com\/es\/wp-json\/wp\/v2\/posts\/17738\/revisions"}],"wp:featuredmedia":[{"embeddable":true,"href":"https:\/\/richeskarayib.com\/es\/wp-json\/wp\/v2\/media\/20252"}],"wp:attachment":[{"href":"https:\/\/richeskarayib.com\/es\/wp-json\/wp\/v2\/media?parent=17738"}],"wp:term":[{"taxonomy":"category","embeddable":true,"href":"https:\/\/richeskarayib.com\/es\/wp-json\/wp\/v2\/categories?post=17738"},{"taxonomy":"post_tag","embeddable":true,"href":"https:\/\/richeskarayib.com\/es\/wp-json\/wp\/v2\/tags?post=17738"}],"curies":[{"name":"wp","href":"https:\/\/api.w.org\/{rel}","templated":true}]}}