{"id":23161,"date":"2024-03-19T15:15:50","date_gmt":"2024-03-19T15:15:50","guid":{"rendered":"http:\/\/richeskarayib.com\/explorando-los-cielos-del-caribe-con-winair\/"},"modified":"2024-09-23T12:06:46","modified_gmt":"2024-09-23T12:06:46","slug":"explorando-los-cielos-del-caribe-con-winair","status":"publish","type":"post","link":"https:\/\/richeskarayib.com\/es\/explorando-los-cielos-del-caribe-con-winair\/","title":{"rendered":"CARIBE : Explorando los cielos del Caribe con Winair"},"content":{"rendered":"\t\t<div data-elementor-type=\"wp-post\" data-elementor-id=\"23161\" class=\"elementor elementor-23161 elementor-20297\" data-elementor-post-type=\"post\">\n\t\t\t\t\t\t<section class=\"elementor-section elementor-top-section elementor-element elementor-element-de25d09 elementor-section-boxed elementor-section-height-default elementor-section-height-default\" data-id=\"de25d09\" data-element_type=\"section\">\n\t\t\t\t\t\t<div class=\"elementor-container elementor-column-gap-default\">\n\t\t\t\t\t<div class=\"elementor-column elementor-col-100 elementor-top-column elementor-element elementor-element-6e17e11\" data-id=\"6e17e11\" data-element_type=\"column\">\n\t\t\t<div class=\"elementor-widget-wrap elementor-element-populated\">\n\t\t\t\t\t\t<div class=\"elementor-element elementor-element-577bc85 elementor-widget elementor-widget-heading\" data-id=\"577bc85\" data-element_type=\"widget\" data-widget_type=\"heading.default\">\n\t\t\t\t<div class=\"elementor-widget-container\">\n\t\t\t\t\t<h2 class=\"elementor-heading-title elementor-size-default\">NUEVAS PERSPECTIVAS<\/h2>\t\t\t\t<\/div>\n\t\t\t\t<\/div>\n\t\t\t\t<div class=\"elementor-element elementor-element-c3cd6b8 elementor-widget elementor-widget-text-editor\" data-id=\"c3cd6b8\" data-element_type=\"widget\" data-widget_type=\"text-editor.default\">\n\t\t\t\t<div class=\"elementor-widget-container\">\n\t\t\t\t\t\t\t\t\t<p>La conectividad a\u00e9rea del Caribe se ha enfrentado a desaf\u00edos con el cierre de aerol\u00edneas regionales clave como AIR ANTILLES y LIAT.<\/p>\n<p>Sin embargo, se vislumbra la esperanza con la intervenci\u00f3n de Winair. A partir de abril, Winair lanza vuelos directos de Martinica a San Mart\u00edn y Dominica, anunciando una nueva era para los viajes regionales.<\/p>\n<p>Detr\u00e1s de este avance hay un esfuerzo colectivo que combina visi\u00f3n y colaboraci\u00f3n.<\/p>\n<p>Nathalie S\u00e9bastien, del Samac, destaca la unidad entre la oficina de turismo y las autoridades de aviaci\u00f3n para hacerlo realidad.<\/p>\n<p>El Consejero Delegado de WINAIR, Hans van de Velde, subraya las alianzas estrat\u00e9gicas con grandes aerol\u00edneas como AIR FRANCE KLM, AMERICAN Airlines, JETBLUE Airways y otras, que garantizan una s\u00f3lida red que se extiende m\u00e1s all\u00e1 de las costas insulares.<\/p>\n<p>Esta expansi\u00f3n no consiste s\u00f3lo en a\u00f1adir destinos, sino en tejer una red que acerque el Caribe. Con planes para seguir explorando el arco sur y un compromiso con los viajes sin contratiempos, Winair tiene la misi\u00f3n de redefinir la conectividad del Caribe.<\/p>\n<p>Frente a las perturbaciones del pasado, la iniciativa de Winair es un faro de progreso que se\u00f1ala un futuro m\u00e1s brillante y mejor conectado para todos los residentes y visitantes del Caribe. Acojamos este nuevo cap\u00edtulo mientras los cielos del Caribe se abren una vez m\u00e1s.<\/p>\n\t\t\t\t\t\t\t\t<\/div>\n\t\t\t\t<\/div>\n\t\t\t\t\t<\/div>\n\t\t<\/div>\n\t\t\t\t\t<\/div>\n\t\t<\/section>\n\t\t\t\t<section class=\"elementor-section elementor-top-section elementor-element elementor-element-0498ff0 elementor-section-boxed elementor-section-height-default elementor-section-height-default\" data-id=\"0498ff0\" data-element_type=\"section\" data-settings=\"{&quot;background_background&quot;:&quot;classic&quot;}\">\n\t\t\t\t\t\t<div class=\"elementor-container elementor-column-gap-default\">\n\t\t\t\t\t<div class=\"elementor-column elementor-col-100 elementor-top-column elementor-element elementor-element-e6713a6\" data-id=\"e6713a6\" data-element_type=\"column\">\n\t\t\t<div class=\"elementor-widget-wrap elementor-element-populated\">\n\t\t\t\t\t\t<div class=\"elementor-element elementor-element-caebc21 elementor-widget elementor-widget-heading\" data-id=\"caebc21\" data-element_type=\"widget\" data-widget_type=\"heading.default\">\n\t\t\t\t<div class=\"elementor-widget-container\">\n\t\t\t\t\t<h2 class=\"elementor-heading-title elementor-size-default\">SCHEDDULE DE MARTINICA<\/h2>\t\t\t\t<\/div>\n\t\t\t\t<\/div>\n\t\t\t\t<section class=\"elementor-section elementor-inner-section elementor-element elementor-element-e23a60c elementor-section-boxed elementor-section-height-default elementor-section-height-default\" data-id=\"e23a60c\" data-element_type=\"section\">\n\t\t\t\t\t\t<div class=\"elementor-container elementor-column-gap-default\">\n\t\t\t\t\t<div class=\"elementor-column elementor-col-50 elementor-inner-column elementor-element elementor-element-42669ed\" data-id=\"42669ed\" data-element_type=\"column\">\n\t\t\t<div class=\"elementor-widget-wrap elementor-element-populated\">\n\t\t\t\t\t\t<div class=\"elementor-element elementor-element-d96dcef elementor-widget elementor-widget-image\" data-id=\"d96dcef\" data-element_type=\"widget\" data-widget_type=\"image.default\">\n\t\t\t\t<div class=\"elementor-widget-container\">\n\t\t\t\t\t\t\t\t\t\t\t\t\t\t\t<img fetchpriority=\"high\" decoding=\"async\" width=\"724\" height=\"1024\" src=\"https:\/\/richeskarayib.com\/wp-content\/uploads\/2024\/03\/WhatsApp-Image-2024-03-16-a-15.25.47_35d75cb4-724x1024.jpg\" class=\"attachment-large size-large wp-image-21530\" alt=\"\" srcset=\"https:\/\/richeskarayib.com\/wp-content\/uploads\/2024\/03\/WhatsApp-Image-2024-03-16-a-15.25.47_35d75cb4-724x1024.jpg 724w, https:\/\/richeskarayib.com\/wp-content\/uploads\/2024\/03\/WhatsApp-Image-2024-03-16-a-15.25.47_35d75cb4-212x300.jpg 212w, https:\/\/richeskarayib.com\/wp-content\/uploads\/2024\/03\/WhatsApp-Image-2024-03-16-a-15.25.47_35d75cb4-768x1086.jpg 768w, https:\/\/richeskarayib.com\/wp-content\/uploads\/2024\/03\/WhatsApp-Image-2024-03-16-a-15.25.47_35d75cb4-1087x1536.jpg 1087w, https:\/\/richeskarayib.com\/wp-content\/uploads\/2024\/03\/WhatsApp-Image-2024-03-16-a-15.25.47_35d75cb4.jpg 1132w\" sizes=\"(max-width: 724px) 100vw, 724px\" \/>\t\t\t\t\t\t\t\t\t\t\t\t\t\t\t<\/div>\n\t\t\t\t<\/div>\n\t\t\t\t\t<\/div>\n\t\t<\/div>\n\t\t\t\t<div class=\"elementor-column elementor-col-50 elementor-inner-column elementor-element elementor-element-67ab89f\" data-id=\"67ab89f\" data-element_type=\"column\">\n\t\t\t<div class=\"elementor-widget-wrap elementor-element-populated\">\n\t\t\t\t\t\t<div class=\"elementor-element elementor-element-7be1818 elementor-widget elementor-widget-image\" data-id=\"7be1818\" data-element_type=\"widget\" data-widget_type=\"image.default\">\n\t\t\t\t<div class=\"elementor-widget-container\">\n\t\t\t\t\t\t\t\t\t\t\t\t\t\t\t<img decoding=\"async\" width=\"724\" height=\"1024\" src=\"https:\/\/richeskarayib.com\/wp-content\/uploads\/2024\/03\/hans-winair-1-724x1024.jpg\" class=\"attachment-large size-large wp-image-21526\" alt=\"\" srcset=\"https:\/\/richeskarayib.com\/wp-content\/uploads\/2024\/03\/hans-winair-1-724x1024.jpg 724w, https:\/\/richeskarayib.com\/wp-content\/uploads\/2024\/03\/hans-winair-1-212x300.jpg 212w, https:\/\/richeskarayib.com\/wp-content\/uploads\/2024\/03\/hans-winair-1-768x1086.jpg 768w, https:\/\/richeskarayib.com\/wp-content\/uploads\/2024\/03\/hans-winair-1-1087x1536.jpg 1087w, https:\/\/richeskarayib.com\/wp-content\/uploads\/2024\/03\/hans-winair-1.jpg 1132w\" sizes=\"(max-width: 724px) 100vw, 724px\" \/>\t\t\t\t\t\t\t\t\t\t\t\t\t\t\t<\/div>\n\t\t\t\t<\/div>\n\t\t\t\t\t<\/div>\n\t\t<\/div>\n\t\t\t\t\t<\/div>\n\t\t<\/section>\n\t\t\t\t\t<\/div>\n\t\t<\/div>\n\t\t\t\t\t<\/div>\n\t\t<\/section>\n\t\t\t\t<section class=\"elementor-section elementor-top-section elementor-element elementor-element-b40b395 elementor-section-boxed elementor-section-height-default elementor-section-height-default\" data-id=\"b40b395\" data-element_type=\"section\">\n\t\t\t\t\t\t<div class=\"elementor-container elementor-column-gap-default\">\n\t\t\t\t\t<div class=\"elementor-column elementor-col-100 elementor-top-column elementor-element elementor-element-1e78ab6\" data-id=\"1e78ab6\" data-element_type=\"column\">\n\t\t\t<div class=\"elementor-widget-wrap elementor-element-populated\">\n\t\t\t\t\t\t<div class=\"elementor-element elementor-element-d01194f elementor-widget elementor-widget-heading\" data-id=\"d01194f\" data-element_type=\"widget\" data-widget_type=\"heading.default\">\n\t\t\t\t<div class=\"elementor-widget-container\">\n\t\t\t\t\t<h2 class=\"elementor-heading-title elementor-size-default\">ENTREVISTA AL DIRECTOR GENERAL: HANS VAN DE VELDE<\/h2>\t\t\t\t<\/div>\n\t\t\t\t<\/div>\n\t\t\t\t<div class=\"elementor-element elementor-element-3075eb2 elementor-widget elementor-widget-text-editor\" data-id=\"3075eb2\" data-element_type=\"widget\" data-widget_type=\"text-editor.default\">\n\t\t\t\t<div class=\"elementor-widget-container\">\n\t\t\t\t\t\t\t\t\t<p>\n            <strong>\u00bfCu\u00e1les son sus pr\u00f3ximos proyectos para ampliar el tr\u00e1fico a\u00e9reo?<\/strong>\n          <\/p>\n<p>Esperamos la llegada de nuevos aviones en noviembre de este a\u00f1o y del siguiente. A continuaci\u00f3n, nos desplegaremos hacia el sur de la regi\u00f3n con conexiones a Barbados, Santa Luc\u00eda y, probablemente, San Vicente. Es importante se\u00f1alar que no s\u00f3lo conectamos San Mart\u00edn con las dem\u00e1s islas, sino que tambi\u00e9n tenemos muchas rutas entre estas islas. Pronto abriremos la conexi\u00f3n Martinica &#8211; San Mart\u00edn, pero \u00bfpor qu\u00e9 no considerar, por ejemplo, una ruta Martinica &#8211; Antigua si funciona bien? La antigua compa\u00f1\u00eda a\u00e9rea LIAT operaba este servicio en el pasado.<\/p>\n\t\t\t\t\t\t\t\t<\/div>\n\t\t\t\t<\/div>\n\t\t\t\t\t<\/div>\n\t\t<\/div>\n\t\t\t\t\t<\/div>\n\t\t<\/section>\n\t\t\t\t<\/div>\n\t\t","protected":false},"excerpt":{"rendered":"<p>NUEVAS PERSPECTIVAS La conectividad a\u00e9rea del Caribe se ha enfrentado a desaf\u00edos con el cierre de aerol\u00edneas regionales clave como AIR ANTILLES y LIAT. Sin embargo, se vislumbra la esperanza con la intervenci\u00f3n de Winair. A partir de abril, Winair lanza vuelos directos de Martinica a San Mart\u00edn y Dominica, anunciando una nueva era para [&hellip;]<\/p>\n","protected":false},"author":47,"featured_media":20301,"comment_status":"open","ping_status":"open","sticky":false,"template":"","format":"standard","meta":{"_acf_changed":false,"footnotes":""},"categories":[839],"tags":[1444],"class_list":["post-23161","post","type-post","status-publish","format-standard","has-post-thumbnail","hentry","category-noticias","tag-sint-maarten-es-2"],"acf":[],"_links":{"self":[{"href":"https:\/\/richeskarayib.com\/es\/wp-json\/wp\/v2\/posts\/23161","targetHints":{"allow":["GET"]}}],"collection":[{"href":"https:\/\/richeskarayib.com\/es\/wp-json\/wp\/v2\/posts"}],"about":[{"href":"https:\/\/richeskarayib.com\/es\/wp-json\/wp\/v2\/types\/post"}],"author":[{"embeddable":true,"href":"https:\/\/richeskarayib.com\/es\/wp-json\/wp\/v2\/users\/47"}],"replies":[{"embeddable":true,"href":"https:\/\/richeskarayib.com\/es\/wp-json\/wp\/v2\/comments?post=23161"}],"version-history":[{"count":0,"href":"https:\/\/richeskarayib.com\/es\/wp-json\/wp\/v2\/posts\/23161\/revisions"}],"wp:featuredmedia":[{"embeddable":true,"href":"https:\/\/richeskarayib.com\/es\/wp-json\/wp\/v2\/media\/20301"}],"wp:attachment":[{"href":"https:\/\/richeskarayib.com\/es\/wp-json\/wp\/v2\/media?parent=23161"}],"wp:term":[{"taxonomy":"category","embeddable":true,"href":"https:\/\/richeskarayib.com\/es\/wp-json\/wp\/v2\/categories?post=23161"},{"taxonomy":"post_tag","embeddable":true,"href":"https:\/\/richeskarayib.com\/es\/wp-json\/wp\/v2\/tags?post=23161"}],"curies":[{"name":"wp","href":"https:\/\/api.w.org\/{rel}","templated":true}]}}