{"id":39705,"date":"2024-06-07T01:27:50","date_gmt":"2024-06-07T01:27:50","guid":{"rendered":"https:\/\/richeskarayib.com\/caribe-lenguas-criollas-del-caribe-latinoamericano\/"},"modified":"2024-12-18T17:54:05","modified_gmt":"2024-12-18T17:54:05","slug":"caribe-lenguas-criollas-del-caribe-latinoamericano","status":"publish","type":"post","link":"https:\/\/richeskarayib.com\/es\/caribe-lenguas-criollas-del-caribe-latinoamericano\/","title":{"rendered":"CARIBE: Lenguas criollas del Caribe latinoamericano"},"content":{"rendered":"\t\t<div data-elementor-type=\"wp-post\" data-elementor-id=\"39705\" class=\"elementor elementor-39705 elementor-39682\" data-elementor-post-type=\"post\">\n\t\t\t\t\t\t<section class=\"elementor-section elementor-top-section elementor-element elementor-element-6461a569 elementor-section-boxed elementor-section-height-default elementor-section-height-default\" data-id=\"6461a569\" data-element_type=\"section\">\n\t\t\t\t\t\t<div class=\"elementor-container elementor-column-gap-default\">\n\t\t\t\t\t<div class=\"elementor-column elementor-col-100 elementor-top-column elementor-element elementor-element-6cbc46ff\" data-id=\"6cbc46ff\" data-element_type=\"column\">\n\t\t\t<div class=\"elementor-widget-wrap elementor-element-populated\">\n\t\t\t\t\t\t<div class=\"elementor-element elementor-element-bc844a3 elementor-widget elementor-widget-spacer\" data-id=\"bc844a3\" data-element_type=\"widget\" data-widget_type=\"spacer.default\">\n\t\t\t\t<div class=\"elementor-widget-container\">\n\t\t\t\t\t\t\t<div class=\"elementor-spacer\">\n\t\t\t<div class=\"elementor-spacer-inner\"><\/div>\n\t\t<\/div>\n\t\t\t\t\t\t<\/div>\n\t\t\t\t<\/div>\n\t\t\t\t<div class=\"elementor-element elementor-element-3451f98c elementor-widget elementor-widget-heading\" data-id=\"3451f98c\" data-element_type=\"widget\" data-widget_type=\"heading.default\">\n\t\t\t\t<div class=\"elementor-widget-container\">\n\t\t\t\t\t<h2 class=\"elementor-heading-title elementor-size-default\">CARIBE<\/h2>\t\t\t\t<\/div>\n\t\t\t\t<\/div>\n\t\t\t\t<div class=\"elementor-element elementor-element-a8d9e5f elementor-widget elementor-widget-text-editor\" data-id=\"a8d9e5f\" data-element_type=\"widget\" data-widget_type=\"text-editor.default\">\n\t\t\t\t<div class=\"elementor-widget-container\">\n\t\t\t\t\t\t\t\t\t<h2>Lenguas criollas del Caribe latinoamericano<\/h2>\n<p>\n            <strong>(Cuba, Rep\u00fablica Dominicana, Panam\u00e1 y Colombia)<\/strong>\n          <\/p>\n\t\t\t\t\t\t\t\t<\/div>\n\t\t\t\t<\/div>\n\t\t\t\t<div class=\"elementor-element elementor-element-55593d29 elementor-widget elementor-widget-text-editor\" data-id=\"55593d29\" data-element_type=\"widget\" data-widget_type=\"text-editor.default\">\n\t\t\t\t<div class=\"elementor-widget-container\">\n\t\t\t\t\t\t\t\t\t<p>La creolofon\u00eda en Am\u00e9rica Latina es un fen\u00f3meno socioling\u00fc\u00edstico que, a pesar de su diversidad y riqueza, sigue siendo poco conocido. Sin embargo, en estas otras islas del Caribe, donde la lengua oficial es el espa\u00f1ol, se hablan varios tipos de criollo, como el haitiano, el ingl\u00e9s, el martiniqu\u00e9s y el guadalupe\u00f1o, as\u00ed como el criollo pardo, el <em>palenquero<\/em>.<\/p>\n<p>\n            <strong>El espa\u00f1ol se est\u00e1 criollizando y los criollos tienden a hispanizarse. Al igual que el spanglish, el fragnol o el portugnol, \u00bfpodr\u00eda esta fertilizaci\u00f3n ling\u00fc\u00edstica cruzada marcar la aparici\u00f3n de una nueva lengua: el kreygnol?<\/strong>\n          <\/p>\n<p>Las lenguas criollas nacieron de las continuas migraciones voluntarias y, sobre todo, forzosas que confluyeron en el Caribe durante la \u00e9poca colonial. Son lenguas compuestas&#8221;, dice el fil\u00f3sofo \u00c9douard Glissant, &#8220;resultado del contacto entre elementos ling\u00fc\u00edsticos absolutamente heterog\u00e9neos: portugu\u00e9s, franc\u00e9s, ingl\u00e9s, indio, chino y, sobre todo, africano. En este sentido, las poblaciones africanas anteriormente esclavizadas fueron las creadoras de la lengua, y sus descendientes son ahora sus principales hablantes.<\/p>\n<p><strong>Gracias al giro multicultural que han experimentado la mayor\u00eda de los estados del continente, alrededor del 30% de los latinoamericanos se autodefinen ahora como afrodescendientes. Entre ellos est\u00e1n los criollohablantes, que reivindican con fuerza su identidad caribe\u00f1a y las lenguas criollas.<\/strong> Entre ellos se encuentran Cuba, la Rep\u00fablica Dominicana, Panam\u00e1 y Colombia.<\/p>\n\t\t\t\t\t\t\t\t<\/div>\n\t\t\t\t<\/div>\n\t\t\t\t<div class=\"elementor-element elementor-element-2d20c7d elementor-widget elementor-widget-spacer\" data-id=\"2d20c7d\" data-element_type=\"widget\" data-widget_type=\"spacer.default\">\n\t\t\t\t<div class=\"elementor-widget-container\">\n\t\t\t\t\t\t\t<div class=\"elementor-spacer\">\n\t\t\t<div class=\"elementor-spacer-inner\"><\/div>\n\t\t<\/div>\n\t\t\t\t\t\t<\/div>\n\t\t\t\t<\/div>\n\t\t\t\t\t<\/div>\n\t\t<\/div>\n\t\t\t\t\t<\/div>\n\t\t<\/section>\n\t\t\t\t<section class=\"elementor-section elementor-top-section elementor-element elementor-element-121a8801 elementor-section-boxed elementor-section-height-default elementor-section-height-default\" data-id=\"121a8801\" data-element_type=\"section\" data-settings=\"{&quot;background_background&quot;:&quot;classic&quot;}\">\n\t\t\t\t\t\t<div class=\"elementor-container elementor-column-gap-default\">\n\t\t\t\t\t<div class=\"elementor-column elementor-col-100 elementor-top-column elementor-element elementor-element-55c1872e\" data-id=\"55c1872e\" data-element_type=\"column\">\n\t\t\t<div class=\"elementor-widget-wrap elementor-element-populated\">\n\t\t\t\t\t\t<div class=\"elementor-element elementor-element-528e1e4b elementor-widget-divider--view-line elementor-widget elementor-widget-divider\" data-id=\"528e1e4b\" data-element_type=\"widget\" data-widget_type=\"divider.default\">\n\t\t\t\t<div class=\"elementor-widget-container\">\n\t\t\t\t\t\t\t<div class=\"elementor-divider\">\n\t\t\t<span class=\"elementor-divider-separator\">\n\t\t\t\t\t\t<\/span>\n\t\t<\/div>\n\t\t\t\t\t\t<\/div>\n\t\t\t\t<\/div>\n\t\t\t\t<div class=\"elementor-element elementor-element-62c68e6 elementor-widget elementor-widget-heading\" data-id=\"62c68e6\" data-element_type=\"widget\" data-widget_type=\"heading.default\">\n\t\t\t\t<div class=\"elementor-widget-container\">\n\t\t\t\t\t<h2 class=\"elementor-heading-title elementor-size-default\">El criollo haitiano en Cuba y la Rep\u00fablica Dominicana<\/h2>\t\t\t\t<\/div>\n\t\t\t\t<\/div>\n\t\t\t\t<div class=\"elementor-element elementor-element-e5c67f9 elementor-widget elementor-widget-text-editor\" data-id=\"e5c67f9\" data-element_type=\"widget\" data-widget_type=\"text-editor.default\">\n\t\t\t\t<div class=\"elementor-widget-container\">\n\t\t\t\t\t\t\t\t\t<p>Las ra\u00edces del criollo en Cuba y la Rep\u00fablica Dominicana se deben principalmente a la migraci\u00f3n intracaribe\u00f1a del pueblo haitiano. Los haitianos han estado presentes en Cuba durante tanto tiempo que numerosos estudios han demostrado la contribuci\u00f3n fundamental de la cultura criolla a la formaci\u00f3n de la identidad nacional cubana. Tras las revueltas relacionadas con la Guerra de Independencia de Hait\u00ed (1791-1804), muchos haitianos esclavizados y libres se asentaron en el sureste de Cuba, en la provincia <em>de Guantanamera<\/em>.<\/p>\n<p>Una regi\u00f3n que posteriormente se ver\u00eda continuamente regada por nuevas oleadas de emigrantes provocadas por las crisis civiles, econ\u00f3micas y medioambientales que sufri\u00f3 Hait\u00ed durante el siglo XX y que contin\u00faan hasta nuestros d\u00edas.<\/p>\n<p>As\u00ed, a lo largo de varios siglos, los haitianos trajeron consigo sus costumbres y tradiciones: m\u00fasica, religi\u00f3n, filosof\u00eda, gastronom\u00eda y, en particular, su lengua materna.<\/p>\n<p><strong>Hablado por m\u00e1s de 300.000 personas de origen o ascendencia haitiana, el criollo es la segunda lengua oficial de Cuba, donde el 28 de octubre de cada a\u00f1o se celebra el &#8220;D\u00eda Internacional del Criollo&#8221;<\/strong>. Una cosa es cierta, hoy cada vez m\u00e1s cubanos la aprenden o la comprenden espont\u00e1neamente. A\u00fan m\u00e1s interesante es la creaci\u00f3n del &#8220;patois cubano&#8221;, una mezcla de un criollo derivado del espa\u00f1ol, las lenguas africanas y el criollo haitiano, en el que sorprendentemente abundan las palabras africanas, espa\u00f1olas y francesas.<\/p>\n\t\t\t\t\t\t\t\t<\/div>\n\t\t\t\t<\/div>\n\t\t\t\t<div class=\"elementor-element elementor-element-20247f8 elementor-widget elementor-widget-image\" data-id=\"20247f8\" data-element_type=\"widget\" data-widget_type=\"image.default\">\n\t\t\t\t<div class=\"elementor-widget-container\">\n\t\t\t\t\t\t\t\t\t\t\t\t<figure class=\"wp-caption\">\n\t\t\t\t\t\t\t\t\t\t<img fetchpriority=\"high\" decoding=\"async\" width=\"800\" height=\"450\" src=\"https:\/\/richeskarayib.com\/wp-content\/uploads\/2024\/06\/WhatsApp-Image-2024-06-04-a-18.10.01_dad6fa33-1024x576.jpg\" class=\"attachment-large size-large wp-image-39690\" alt=\"\" srcset=\"https:\/\/richeskarayib.com\/wp-content\/uploads\/2024\/06\/WhatsApp-Image-2024-06-04-a-18.10.01_dad6fa33-1024x576.jpg 1024w, https:\/\/richeskarayib.com\/wp-content\/uploads\/2024\/06\/WhatsApp-Image-2024-06-04-a-18.10.01_dad6fa33-300x169.jpg 300w, https:\/\/richeskarayib.com\/wp-content\/uploads\/2024\/06\/WhatsApp-Image-2024-06-04-a-18.10.01_dad6fa33-768x432.jpg 768w, https:\/\/richeskarayib.com\/wp-content\/uploads\/2024\/06\/WhatsApp-Image-2024-06-04-a-18.10.01_dad6fa33-1536x864.jpg 1536w, https:\/\/richeskarayib.com\/wp-content\/uploads\/2024\/06\/WhatsApp-Image-2024-06-04-a-18.10.01_dad6fa33-1320x743.jpg 1320w, https:\/\/richeskarayib.com\/wp-content\/uploads\/2024\/06\/WhatsApp-Image-2024-06-04-a-18.10.01_dad6fa33.jpg 1600w\" sizes=\"(max-width: 800px) 100vw, 800px\" \/>\t\t\t\t\t\t\t\t\t\t\t<figcaption class=\"widget-image-caption wp-caption-text\">Desfile haitiano en La Habana, Cuba.<\/figcaption>\n\t\t\t\t\t\t\t\t\t\t<\/figure>\n\t\t\t\t\t\t\t\t\t<\/div>\n\t\t\t\t<\/div>\n\t\t\t\t<div class=\"elementor-element elementor-element-67f5ae3 elementor-widget elementor-widget-spacer\" data-id=\"67f5ae3\" data-element_type=\"widget\" data-widget_type=\"spacer.default\">\n\t\t\t\t<div class=\"elementor-widget-container\">\n\t\t\t\t\t\t\t<div class=\"elementor-spacer\">\n\t\t\t<div class=\"elementor-spacer-inner\"><\/div>\n\t\t<\/div>\n\t\t\t\t\t\t<\/div>\n\t\t\t\t<\/div>\n\t\t\t\t<div class=\"elementor-element elementor-element-c68803f elementor-widget elementor-widget-text-editor\" data-id=\"c68803f\" data-element_type=\"widget\" data-widget_type=\"text-editor.default\">\n\t\t\t\t<div class=\"elementor-widget-container\">\n\t\t\t\t\t\t\t\t\t<p>\n            <strong>Un fen\u00f3meno similar, pero mucho m\u00e1s enfrentado, tiene lugar en la Rep\u00fablica Dominicana, donde la identidad nacional euroc\u00e9ntrica se ha construido hist\u00f3ricamente sobre la oposici\u00f3n radical a sus vecinos.<\/strong>\n          <\/p>\n<p>Este sentimiento antihaitiano tiene sus ra\u00edces en la anexi\u00f3n por Hait\u00ed de la Rep\u00fablica Dominicana entre 1822 y 1844, un plan frustrado para unificar &#8220;La Espa\u00f1ola&#8221;. A pesar de la considerable resistencia de los isle\u00f1os hispanohablantes, en 22 a\u00f1os de dominaci\u00f3n, la cultura haitiana, tanto franc\u00f3fona como criolla, ha dejado huellas culturales y ling\u00fc\u00edsticas que s\u00f3lo se han visto reforzadas por el flujo constante de emigrantes haitianos. Al igual que en Cuba, el criollo es la segunda lengua m\u00e1s hablada en la Rep\u00fablica Dominicana.<\/p>\n<p>Se oye sobre todo en la zona fronteriza conocida como la <em>Raya<\/em>, donde, a pesar de los constantes conflictos intracomunitarios, las relaciones amorosas mixtas y la demanda local de mano de obra barata haitiana han favorecido la aparici\u00f3n de un &#8220;kreygnol dominicano&#8221;.<\/p>\n\t\t\t\t\t\t\t\t<\/div>\n\t\t\t\t<\/div>\n\t\t\t\t<div class=\"elementor-element elementor-element-af53bff elementor-widget elementor-widget-spacer\" data-id=\"af53bff\" data-element_type=\"widget\" data-widget_type=\"spacer.default\">\n\t\t\t\t<div class=\"elementor-widget-container\">\n\t\t\t\t\t\t\t<div class=\"elementor-spacer\">\n\t\t\t<div class=\"elementor-spacer-inner\"><\/div>\n\t\t<\/div>\n\t\t\t\t\t\t<\/div>\n\t\t\t\t<\/div>\n\t\t\t\t\t<\/div>\n\t\t<\/div>\n\t\t\t\t\t<\/div>\n\t\t<\/section>\n\t\t\t\t<section class=\"elementor-section elementor-top-section elementor-element elementor-element-2ffc415e elementor-section-boxed elementor-section-height-default elementor-section-height-default\" data-id=\"2ffc415e\" data-element_type=\"section\">\n\t\t\t\t\t\t<div class=\"elementor-container elementor-column-gap-default\">\n\t\t\t\t\t<div class=\"elementor-column elementor-col-100 elementor-top-column elementor-element elementor-element-1c6f32ce\" data-id=\"1c6f32ce\" data-element_type=\"column\">\n\t\t\t<div class=\"elementor-widget-wrap elementor-element-populated\">\n\t\t\t\t\t\t<div class=\"elementor-element elementor-element-377354ad elementor-widget-divider--view-line elementor-widget elementor-widget-divider\" data-id=\"377354ad\" data-element_type=\"widget\" data-widget_type=\"divider.default\">\n\t\t\t\t<div class=\"elementor-widget-container\">\n\t\t\t\t\t\t\t<div class=\"elementor-divider\">\n\t\t\t<span class=\"elementor-divider-separator\">\n\t\t\t\t\t\t<\/span>\n\t\t<\/div>\n\t\t\t\t\t\t<\/div>\n\t\t\t\t<\/div>\n\t\t\t\t<div class=\"elementor-element elementor-element-6493ff4 elementor-widget elementor-widget-heading\" data-id=\"6493ff4\" data-element_type=\"widget\" data-widget_type=\"heading.default\">\n\t\t\t\t<div class=\"elementor-widget-container\">\n\t\t\t\t\t<h2 class=\"elementor-heading-title elementor-size-default\">Criollo antillano en Panam\u00e1<\/h2>\t\t\t\t<\/div>\n\t\t\t\t<\/div>\n\t\t\t\t<section class=\"elementor-section elementor-inner-section elementor-element elementor-element-31574ab3 elementor-section-boxed elementor-section-height-default elementor-section-height-default\" data-id=\"31574ab3\" data-element_type=\"section\">\n\t\t\t\t\t\t<div class=\"elementor-container elementor-column-gap-default\">\n\t\t\t\t\t<div class=\"elementor-column elementor-col-100 elementor-inner-column elementor-element elementor-element-43d5c73e\" data-id=\"43d5c73e\" data-element_type=\"column\">\n\t\t\t<div class=\"elementor-widget-wrap elementor-element-populated\">\n\t\t\t\t\t\t<div class=\"elementor-element elementor-element-5e0155f6 elementor-widget elementor-widget-text-editor\" data-id=\"5e0155f6\" data-element_type=\"widget\" data-widget_type=\"text-editor.default\">\n\t\t\t\t<div class=\"elementor-widget-container\">\n\t\t\t\t\t\t\t\t\t<p>La provincia de Col\u00f3n, en Panam\u00e1, alberga una rica cultura criolla importada por pueblos afrocaribe\u00f1os de habla inglesa y francesa. Entre 1851 y 1920, muchos barbadenses, trinitenses y sobre todo jamaicanos llegaron a esta regi\u00f3n, junto con familias enteras de Martinica y Guadalupe, para trabajar en la ardua construcci\u00f3n del ferrocarril interoce\u00e1nico y luego del Canal de Panam\u00e1. Aunque la atenci\u00f3n se centra m\u00e1s en la mano de obra masculina negra, las mujeres inmigrantes que llegaron a Panam\u00e1 sin contrato tambi\u00e9n realizan un trabajo notable.<\/p>\n<p>\n            <strong>Como ilustra el fresco pintado por el artista Martanoemi Noriega en el Museo Afrocaribe\u00f1o, las mujeres antillanas, las grandes olvidadas de la historia oficial de Panam\u00e1, fueron aut\u00e9nticas empresarias.<\/strong>\n          <\/p>\n<p>Trabajaban duro vendiendo frutas y verduras, alimentos criollos y tareas dom\u00e9sticas, creando una importante sinergia econ\u00f3mica que les garantizaba cierto grado de independencia. Aunque las condiciones de vida eran precarias y a menudo fatales para estos emigrantes antillanos, Col\u00f3n es uno de los pocos lugares del Caribe latinoamericano donde convergieron simult\u00e1neamente varias culturas criollas.<\/p>\n<p>En la actualidad, alberga la mayor poblaci\u00f3n negra del pa\u00eds, formada por afrocoloniales, es decir, la poblaci\u00f3n afropaname\u00f1a nacida de la trata transatl\u00e1ntica de esclavos, una considerable poblaci\u00f3n antillana angl\u00f3fona y una comunidad martinicana y guadalupe\u00f1a m\u00e1s peque\u00f1a y profundamente apegada a sus ra\u00edces criollas. Este espacio original, donde convergen el espa\u00f1ol, el ingl\u00e9s, el franc\u00e9s, el criollo franc\u00e9s y, en particular, el ingl\u00e9s, conocido como &#8220;criollo paname\u00f1o&#8221;, es \u00fanico en su g\u00e9nero. Las habilidades ling\u00fc\u00edsticas de los afrocaribe\u00f1os de Col\u00f3n, que pasan de una lengua a otra con gran facilidad, son notables y desconcertantes.<\/p>\n\t\t\t\t\t\t\t\t<\/div>\n\t\t\t\t<\/div>\n\t\t\t\t<div class=\"elementor-element elementor-element-43f63153 elementor-widget elementor-widget-image\" data-id=\"43f63153\" data-element_type=\"widget\" data-widget_type=\"image.default\">\n\t\t\t\t<div class=\"elementor-widget-container\">\n\t\t\t\t\t\t\t\t\t\t\t\t<figure class=\"wp-caption\">\n\t\t\t\t\t\t\t\t\t\t<img decoding=\"async\" width=\"800\" height=\"434\" src=\"https:\/\/richeskarayib.com\/wp-content\/uploads\/2024\/06\/WhatsApp-Image-2024-06-04-a-18.10.01_0b32d9d8-1024x555.jpg\" class=\"attachment-large size-large wp-image-39694\" alt=\"\" srcset=\"https:\/\/richeskarayib.com\/wp-content\/uploads\/2024\/06\/WhatsApp-Image-2024-06-04-a-18.10.01_0b32d9d8-1024x555.jpg 1024w, https:\/\/richeskarayib.com\/wp-content\/uploads\/2024\/06\/WhatsApp-Image-2024-06-04-a-18.10.01_0b32d9d8-300x163.jpg 300w, https:\/\/richeskarayib.com\/wp-content\/uploads\/2024\/06\/WhatsApp-Image-2024-06-04-a-18.10.01_0b32d9d8-768x416.jpg 768w, https:\/\/richeskarayib.com\/wp-content\/uploads\/2024\/06\/WhatsApp-Image-2024-06-04-a-18.10.01_0b32d9d8.jpg 1080w\" sizes=\"(max-width: 800px) 100vw, 800px\" \/>\t\t\t\t\t\t\t\t\t\t\t<figcaption class=\"widget-image-caption wp-caption-text\">La contribuci\u00f3n del pueblo afrocaribe\u00f1o al desarrollo del pa\u00eds. Fresco del Museo Afrocaribe\u00f1o pintado por Martanoemi Noriega en Ciudad de Panam\u00e1.<\/figcaption>\n\t\t\t\t\t\t\t\t\t\t<\/figure>\n\t\t\t\t\t\t\t\t\t<\/div>\n\t\t\t\t<\/div>\n\t\t\t\t<div class=\"elementor-element elementor-element-fff9057 elementor-widget elementor-widget-spacer\" data-id=\"fff9057\" data-element_type=\"widget\" data-widget_type=\"spacer.default\">\n\t\t\t\t<div class=\"elementor-widget-container\">\n\t\t\t\t\t\t\t<div class=\"elementor-spacer\">\n\t\t\t<div class=\"elementor-spacer-inner\"><\/div>\n\t\t<\/div>\n\t\t\t\t\t\t<\/div>\n\t\t\t\t<\/div>\n\t\t\t\t\t<\/div>\n\t\t<\/div>\n\t\t\t\t\t<\/div>\n\t\t<\/section>\n\t\t\t\t\t<\/div>\n\t\t<\/div>\n\t\t\t\t\t<\/div>\n\t\t<\/section>\n\t\t\t\t<section class=\"elementor-section elementor-top-section elementor-element elementor-element-5fc4df6 elementor-section-boxed elementor-section-height-default elementor-section-height-default\" data-id=\"5fc4df6\" data-element_type=\"section\" data-settings=\"{&quot;background_background&quot;:&quot;classic&quot;}\">\n\t\t\t\t\t\t<div class=\"elementor-container elementor-column-gap-default\">\n\t\t\t\t\t<div class=\"elementor-column elementor-col-100 elementor-top-column elementor-element elementor-element-d07980d\" data-id=\"d07980d\" data-element_type=\"column\">\n\t\t\t<div class=\"elementor-widget-wrap elementor-element-populated\">\n\t\t\t\t\t\t<div class=\"elementor-element elementor-element-7d72e1e elementor-widget-divider--view-line elementor-widget elementor-widget-divider\" data-id=\"7d72e1e\" data-element_type=\"widget\" data-widget_type=\"divider.default\">\n\t\t\t\t<div class=\"elementor-widget-container\">\n\t\t\t\t\t\t\t<div class=\"elementor-divider\">\n\t\t\t<span class=\"elementor-divider-separator\">\n\t\t\t\t\t\t<\/span>\n\t\t<\/div>\n\t\t\t\t\t\t<\/div>\n\t\t\t\t<\/div>\n\t\t\t\t<div class=\"elementor-element elementor-element-f0f892b elementor-widget elementor-widget-heading\" data-id=\"f0f892b\" data-element_type=\"widget\" data-widget_type=\"heading.default\">\n\t\t\t\t<div class=\"elementor-widget-container\">\n\t\t\t\t\t<h2 class=\"elementor-heading-title elementor-size-default\">Los Criollos del Caribe Colombiano<\/h2>\t\t\t\t<\/div>\n\t\t\t\t<\/div>\n\t\t\t\t<div class=\"elementor-element elementor-element-cd7ad28 elementor-widget elementor-widget-text-editor\" data-id=\"cd7ad28\" data-element_type=\"widget\" data-widget_type=\"text-editor.default\">\n\t\t\t\t<div class=\"elementor-widget-container\">\n\t\t\t\t\t\t\t\t\t<p>A pesar del colonialismo ling\u00fc\u00edstico del espa\u00f1ol, en el Caribe insular y continental de Colombia se hablan dos lenguas criollas. En el archipi\u00e9lago de San Andr\u00e9s, Providencia y Santa Catalina, frente a Nicaragua, las poblaciones afrocolombianas, conocidas como <em>raizales<\/em>, hablan un criollo con una base l\u00e9xica inglesa muy similar a los criollos de Panam\u00e1, Nicaragua y Costa Rica. Enfrentados a un vaiv\u00e9n entre la colonizaci\u00f3n inglesa y la espa\u00f1ola, los <em>raizales<\/em> han reivindicado hist\u00f3ricamente la importancia de salvaguardar su lengua materna. Esta resistencia ancestral ha prevalecido en este peque\u00f1o archipi\u00e9lago olvidado del Caribe. Desde la d\u00e9cada de 1990, el criollo <em>sanandresano<\/em> es lengua oficial junto con el espa\u00f1ol<em>,<\/em> siendo el ingl\u00e9s la tercera lengua de esta poblaci\u00f3n triling\u00fce.<\/p>\n<p>\n            <strong>Tambi\u00e9n en Colombia, a una hora de Cartagena de Indias, <em>el palenquero<\/em> de San Basilio de Palenque es la \u00fanica lengua criolla de base espa\u00f1ola de Am\u00e9rica.<\/strong>\n          <\/p>\n<p>Tambi\u00e9n incluye palabras del portugu\u00e9s y de las lenguas kongo y kimbundu habladas por los pueblos bant\u00faes de \u00c1frica Central, lo que acerca <em>el palenquero<\/em> al <em>papiamento<\/em> de las Antillas Holandesas y al criollo surinam\u00e9s, <em>el sranan<\/em>. El relativo aislamiento de esta comunidad ha permitido la conservaci\u00f3n de la lengua <em>palenquera<\/em>, que ha cambiado poco respecto a la hablada por los cimarrones del siglo XVI.<\/p>\n\t\t\t\t\t\t\t\t<\/div>\n\t\t\t\t<\/div>\n\t\t\t\t<div class=\"elementor-element elementor-element-64bdf4b elementor-widget elementor-widget-image\" data-id=\"64bdf4b\" data-element_type=\"widget\" data-widget_type=\"image.default\">\n\t\t\t\t<div class=\"elementor-widget-container\">\n\t\t\t\t\t\t\t\t\t\t\t\t<figure class=\"wp-caption\">\n\t\t\t\t\t\t\t\t\t\t<img decoding=\"async\" width=\"800\" height=\"407\" src=\"https:\/\/richeskarayib.com\/wp-content\/uploads\/2024\/06\/WhatsApp-Image-2024-06-04-a-18.10.01_aad9d54c.jpg\" class=\"attachment-large size-large wp-image-39698\" alt=\"\" srcset=\"https:\/\/richeskarayib.com\/wp-content\/uploads\/2024\/06\/WhatsApp-Image-2024-06-04-a-18.10.01_aad9d54c.jpg 860w, https:\/\/richeskarayib.com\/wp-content\/uploads\/2024\/06\/WhatsApp-Image-2024-06-04-a-18.10.01_aad9d54c-300x152.jpg 300w, https:\/\/richeskarayib.com\/wp-content\/uploads\/2024\/06\/WhatsApp-Image-2024-06-04-a-18.10.01_aad9d54c-768x390.jpg 768w\" sizes=\"(max-width: 800px) 100vw, 800px\" \/>\t\t\t\t\t\t\t\t\t\t\t<figcaption class=\"widget-image-caption wp-caption-text\">Aprendizaje del criollo palenquero en la comunidad cimarrona de San Basilio de Palenque, Colombia<\/figcaption>\n\t\t\t\t\t\t\t\t\t\t<\/figure>\n\t\t\t\t\t\t\t\t\t<\/div>\n\t\t\t\t<\/div>\n\t\t\t\t<div class=\"elementor-element elementor-element-092e734 elementor-widget elementor-widget-spacer\" data-id=\"092e734\" data-element_type=\"widget\" data-widget_type=\"spacer.default\">\n\t\t\t\t<div class=\"elementor-widget-container\">\n\t\t\t\t\t\t\t<div class=\"elementor-spacer\">\n\t\t\t<div class=\"elementor-spacer-inner\"><\/div>\n\t\t<\/div>\n\t\t\t\t\t\t<\/div>\n\t\t\t\t<\/div>\n\t\t\t\t<div class=\"elementor-element elementor-element-3b321aa elementor-widget elementor-widget-text-editor\" data-id=\"3b321aa\" data-element_type=\"widget\" data-widget_type=\"text-editor.default\">\n\t\t\t\t<div class=\"elementor-widget-container\">\n\t\t\t\t\t\t\t\t\t<p>Al igual que en las Antillas francesas e inglesas, la cultura criolla est\u00e1 latente en el Caribe latinoamericano.<\/p>\n<p>\n            <strong>En la compleja historia de la regi\u00f3n del Caribe, donde tomaron forma los diversos proyectos coloniales europeos, esta cultura criolla difumina la aparente divisi\u00f3n entre las naciones caribe\u00f1as franc\u00f3fonas, angl\u00f3fonas e hispanohablantes, mostr\u00e1ndonos en cambio una unidad cultural compartida por sus habitantes.<\/strong>\n          <\/p>\n<p>Adem\u00e1s de la m\u00fasica, la gastronom\u00eda, la espiritualidad y las fiestas populares como los carnavales, la salvaguarda de las lenguas criollas es sin duda una de las piedras angulares de la identidad caribe\u00f1a.<\/p>\n<p>Sara Candela<\/p>\n\t\t\t\t\t\t\t\t<\/div>\n\t\t\t\t<\/div>\n\t\t\t\t\t<\/div>\n\t\t<\/div>\n\t\t\t\t\t<\/div>\n\t\t<\/section>\n\t\t\t\t<\/div>\n\t\t","protected":false},"excerpt":{"rendered":"<p>CARIBE Lenguas criollas del Caribe latinoamericano (Cuba, Rep\u00fablica Dominicana, Panam\u00e1 y Colombia) La creolofon\u00eda en Am\u00e9rica Latina es un fen\u00f3meno socioling\u00fc\u00edstico que, a pesar de su diversidad y riqueza, sigue siendo poco conocido. Sin embargo, en estas otras islas del Caribe, donde la lengua oficial es el espa\u00f1ol, se hablan varios tipos de criollo, como [&hellip;]<\/p>\n","protected":false},"author":47,"featured_media":39686,"comment_status":"open","ping_status":"open","sticky":false,"template":"","format":"standard","meta":{"_acf_changed":false,"footnotes":""},"categories":[1469],"tags":[1647],"class_list":["post-39705","post","type-post","status-publish","format-standard","has-post-thumbnail","hentry","category-historia-patrimonio","tag-caribe"],"acf":[],"_links":{"self":[{"href":"https:\/\/richeskarayib.com\/es\/wp-json\/wp\/v2\/posts\/39705","targetHints":{"allow":["GET"]}}],"collection":[{"href":"https:\/\/richeskarayib.com\/es\/wp-json\/wp\/v2\/posts"}],"about":[{"href":"https:\/\/richeskarayib.com\/es\/wp-json\/wp\/v2\/types\/post"}],"author":[{"embeddable":true,"href":"https:\/\/richeskarayib.com\/es\/wp-json\/wp\/v2\/users\/47"}],"replies":[{"embeddable":true,"href":"https:\/\/richeskarayib.com\/es\/wp-json\/wp\/v2\/comments?post=39705"}],"version-history":[{"count":0,"href":"https:\/\/richeskarayib.com\/es\/wp-json\/wp\/v2\/posts\/39705\/revisions"}],"wp:featuredmedia":[{"embeddable":true,"href":"https:\/\/richeskarayib.com\/es\/wp-json\/wp\/v2\/media\/39686"}],"wp:attachment":[{"href":"https:\/\/richeskarayib.com\/es\/wp-json\/wp\/v2\/media?parent=39705"}],"wp:term":[{"taxonomy":"category","embeddable":true,"href":"https:\/\/richeskarayib.com\/es\/wp-json\/wp\/v2\/categories?post=39705"},{"taxonomy":"post_tag","embeddable":true,"href":"https:\/\/richeskarayib.com\/es\/wp-json\/wp\/v2\/tags?post=39705"}],"curies":[{"name":"wp","href":"https:\/\/api.w.org\/{rel}","templated":true}]}}