{"id":40281,"date":"2024-07-29T18:26:24","date_gmt":"2024-07-29T18:26:24","guid":{"rendered":"https:\/\/richeskarayib.com\/haiti-la-ue-ofrece-una-subvencion-de-500-000-euros-para-proyectos-culturales\/"},"modified":"2024-07-29T18:26:26","modified_gmt":"2024-07-29T18:26:26","slug":"haiti-la-ue-ofrece-una-subvencion-de-500-000-euros-para-proyectos-culturales","status":"publish","type":"post","link":"https:\/\/richeskarayib.com\/es\/haiti-la-ue-ofrece-una-subvencion-de-500-000-euros-para-proyectos-culturales\/","title":{"rendered":"HAIT\u00cd: La UE ofrece una subvenci\u00f3n de 500.000 euros para proyectos culturales"},"content":{"rendered":"\t\t<div data-elementor-type=\"wp-post\" data-elementor-id=\"40281\" class=\"elementor elementor-40281 elementor-40267\" data-elementor-post-type=\"post\">\n\t\t\t\t\t\t<section class=\"elementor-section elementor-top-section elementor-element elementor-element-eaff0b6 elementor-section-boxed elementor-section-height-default elementor-section-height-default\" data-id=\"eaff0b6\" data-element_type=\"section\">\n\t\t\t\t\t\t<div class=\"elementor-container elementor-column-gap-default\">\n\t\t\t\t\t<div class=\"elementor-column elementor-col-100 elementor-top-column elementor-element elementor-element-a9c0649\" data-id=\"a9c0649\" data-element_type=\"column\">\n\t\t\t<div class=\"elementor-widget-wrap elementor-element-populated\">\n\t\t\t\t\t\t<div class=\"elementor-element elementor-element-fe9da12 elementor-widget elementor-widget-text-editor\" data-id=\"fe9da12\" data-element_type=\"widget\" data-widget_type=\"text-editor.default\">\n\t\t\t\t<div class=\"elementor-widget-container\">\n\t\t\t\t\t\t\t\t\t<p><em>Fuente: Haiti loopnews<\/em><\/p>\n<p><span lang=\"FR\">Con el objetivo de &#8220;ayudar a construir una sociedad m\u00e1s integradora&#8221; y reforzar la cooperaci\u00f3n cultural entre Hait\u00ed y la UE, la delegaci\u00f3n de la Uni\u00f3n Europea en Hait\u00ed lanza una convocatoria de propuestas dotada con 500.000 euros.  <\/span><\/p>\n<p><span lang=\"FR\">El objetivo de esta iniciativa es impulsar el sector cultural de Hait\u00ed, que se enfrenta a &#8220;numerosos retos&#8221;, seg\u00fan la delegaci\u00f3n, que pide a los interesados que registren su inter\u00e9s antes del <strong>mediod\u00eda del 30 de septiembre de 2024<\/strong>.<\/span><\/p>\n<p><strong>La fecha l\u00edmite para la presentaci\u00f3n de los documentos justificativos es el 9 de octubre de 2024 a mediod\u00eda.<\/strong><\/p>\n<p><span lang=\"FR\">Se invita a los interesados a visitar el <a href=\"https:\/\/ec.europa.eu\/info\/funding-tenders\/opportunities\/portal\/screen\/opportunities\/prospect-details\/181880PROSPECTSEN?fbclid=IwY2xjawEUfXFleHRuA2FlbQIxMAABHXMmxJwaQFYu9yA3YzX32GRN_6HntGWRDgSa8KBJDUQo3s5gYwwK5uA-tQ_aem_X9UZ5SsL8RSFcwjdw-Okpw\" target=\"_blank\" rel=\"noopener nofollow\">sitio web<\/a> de la delegaci\u00f3n para obtener m\u00e1s informaci\u00f3n sobre el proyecto y a presentar su propuesta cumplimentando el formulario de solicitud de subvenci\u00f3n y adjuntando el presupuesto para la realizaci\u00f3n del proyecto.<\/span><\/p>\n<p><span lang=\"FR\">La convocatoria de propuestas para &#8220;apoyar el dinamismo cultural de Hait\u00ed&#8221; contar\u00e1 con una subvenci\u00f3n de 500.000 euros, seg\u00fan la delegaci\u00f3n, que subray\u00f3 que las solicitudes de subvenci\u00f3n deben presentarse por un importe de entre 400.000 y 500.000 euros.<\/span><\/p>\n<p><span lang=\"FR\">Aumentar la visibilidad de las manifestaciones culturales haitianas, promover el di\u00e1logo intercultural y apoyar la cultura como motor del desarrollo social y econ\u00f3mico son algunos de los objetivos de este ambicioso programa de apoyo a &#8220;la cultura haitiana para un futuro mejor&#8221;, seg\u00fan la UE, que tambi\u00e9n espera difundir sus valores fundamentales mediante actividades culturales orientadas a la inclusi\u00f3n, la reducci\u00f3n de la pobreza y la resoluci\u00f3n de conflictos.<\/span><\/p>\n\t\t\t\t\t\t\t\t<\/div>\n\t\t\t\t<\/div>\n\t\t\t\t\t<\/div>\n\t\t<\/div>\n\t\t\t\t\t<\/div>\n\t\t<\/section>\n\t\t\t\t<\/div>\n\t\t","protected":false},"excerpt":{"rendered":"<p>Fuente: Haiti loopnews Con el objetivo de &#8220;ayudar a construir una sociedad m\u00e1s integradora&#8221; y reforzar la cooperaci\u00f3n cultural entre Hait\u00ed y la UE, la delegaci\u00f3n de la Uni\u00f3n Europea en Hait\u00ed lanza una convocatoria de propuestas dotada con 500.000 euros. El objetivo de esta iniciativa es impulsar el sector cultural de Hait\u00ed, que se [&hellip;]<\/p>\n","protected":false},"author":47,"featured_media":40279,"comment_status":"open","ping_status":"open","sticky":false,"template":"","format":"standard","meta":{"_acf_changed":false,"footnotes":""},"categories":[32],"tags":[],"class_list":["post-40281","post","type-post","status-publish","format-standard","has-post-thumbnail","hentry","category-sin-categorizar"],"acf":[],"_links":{"self":[{"href":"https:\/\/richeskarayib.com\/es\/wp-json\/wp\/v2\/posts\/40281","targetHints":{"allow":["GET"]}}],"collection":[{"href":"https:\/\/richeskarayib.com\/es\/wp-json\/wp\/v2\/posts"}],"about":[{"href":"https:\/\/richeskarayib.com\/es\/wp-json\/wp\/v2\/types\/post"}],"author":[{"embeddable":true,"href":"https:\/\/richeskarayib.com\/es\/wp-json\/wp\/v2\/users\/47"}],"replies":[{"embeddable":true,"href":"https:\/\/richeskarayib.com\/es\/wp-json\/wp\/v2\/comments?post=40281"}],"version-history":[{"count":0,"href":"https:\/\/richeskarayib.com\/es\/wp-json\/wp\/v2\/posts\/40281\/revisions"}],"wp:featuredmedia":[{"embeddable":true,"href":"https:\/\/richeskarayib.com\/es\/wp-json\/wp\/v2\/media\/40279"}],"wp:attachment":[{"href":"https:\/\/richeskarayib.com\/es\/wp-json\/wp\/v2\/media?parent=40281"}],"wp:term":[{"taxonomy":"category","embeddable":true,"href":"https:\/\/richeskarayib.com\/es\/wp-json\/wp\/v2\/categories?post=40281"},{"taxonomy":"post_tag","embeddable":true,"href":"https:\/\/richeskarayib.com\/es\/wp-json\/wp\/v2\/tags?post=40281"}],"curies":[{"name":"wp","href":"https:\/\/api.w.org\/{rel}","templated":true}]}}