{"id":40334,"date":"2024-07-29T20:27:32","date_gmt":"2024-07-29T20:27:32","guid":{"rendered":"https:\/\/richeskarayib.com\/republica-dominicana-elegida-miembro-del-comite-del-patrimonio-cultural-inmaterial-de-la-unesco\/"},"modified":"2024-07-29T20:29:14","modified_gmt":"2024-07-29T20:29:14","slug":"republica-dominicana-elegida-miembro-del-comite-del-patrimonio-cultural-inmaterial-de-la-unesco","status":"publish","type":"post","link":"https:\/\/richeskarayib.com\/es\/republica-dominicana-elegida-miembro-del-comite-del-patrimonio-cultural-inmaterial-de-la-unesco\/","title":{"rendered":"REP\u00daBLICA DOMINICANA elegida miembro del Comit\u00e9 del Patrimonio Cultural Inmaterial de la UNESCO"},"content":{"rendered":"\t\t<div data-elementor-type=\"wp-post\" data-elementor-id=\"40334\" class=\"elementor elementor-40334 elementor-40329\" data-elementor-post-type=\"post\">\n\t\t\t\t\t\t<section class=\"elementor-section elementor-top-section elementor-element elementor-element-b363882 elementor-section-boxed elementor-section-height-default elementor-section-height-default\" data-id=\"b363882\" data-element_type=\"section\">\n\t\t\t\t\t\t<div class=\"elementor-container elementor-column-gap-default\">\n\t\t\t\t\t<div class=\"elementor-column elementor-col-100 elementor-top-column elementor-element elementor-element-aedcaee\" data-id=\"aedcaee\" data-element_type=\"column\">\n\t\t\t<div class=\"elementor-widget-wrap elementor-element-populated\">\n\t\t\t\t\t\t<div class=\"elementor-element elementor-element-4203638 elementor-widget elementor-widget-text-editor\" data-id=\"4203638\" data-element_type=\"widget\" data-widget_type=\"text-editor.default\">\n\t\t\t\t<div class=\"elementor-widget-container\">\n\t\t\t\t\t\t\t\t\t<p>Fuente: Dominican Today<\/p>\n<p><strong>Santo Domingo<\/strong>&#8211; Los Ministerios de Cultura y de Asuntos Exteriores han anunciado que la Rep\u00fablica Dominicana ha sido elegida, por primera vez, miembro del Comit\u00e9 Intergubernamental para la Salvaguardia del Patrimonio Cultural Inmaterial de la UNESCO, por un periodo de cuatro a\u00f1os.<\/p>\n<p>Esta adhesi\u00f3n significa el compromiso de la Rep\u00fablica Dominicana de preservar, promover y celebrar las tradiciones culturales, las artes, la artesan\u00eda y los rituales de diversas culturas, que son objetivos primordiales de la Convenci\u00f3n para la Salvaguardia del Patrimonio Cultural Inmaterial.<\/p>\n<p>La ministra de Cultura, Milagros Germ\u00e1n, describi\u00f3 la elecci\u00f3n del pa\u00eds como un logro hist\u00f3rico y una oportunidad para mostrar su riqueza y diversidad cultural al mundo.<\/p>\n<p>El Embajador dominicano ante la UNESCO, Andr\u00e9s L. Mateo, destac\u00f3 que esta elecci\u00f3n es testimonio de los esfuerzos de colaboraci\u00f3n entre el Ministerio de Relaciones Exteriores (MIREX), el Ministerio de Cultura, la Misi\u00f3n Permanente de la Rep\u00fablica Dominicana ante la UNESCO y la Comisi\u00f3n Nacional Dominicana para la UNESCO. Destac\u00f3 su eficaz estrategia diplom\u00e1tica para crear alianzas y conseguir el apoyo de la comunidad internacional.<\/p>\n<p>La Rep\u00fablica Dominicana, junto con Hait\u00ed y Barbados, fue elegida por aclamaci\u00f3n Estado Parte en la Convenci\u00f3n para la Salvaguardia del Patrimonio Cultural Inmaterial, tras un acuerdo regional en el seno del grupo de Am\u00e9rica Latina y el Caribe durante la d\u00e9cima sesi\u00f3n de la Asamblea General de la UNESCO.<\/p>\n<p>El Ministro Germ\u00e1n subray\u00f3 que la participaci\u00f3n del pa\u00eds en este comit\u00e9 ejemplifica su dedicaci\u00f3n a la protecci\u00f3n y promoci\u00f3n de su patrimonio cultural inmaterial, proporcionando una plataforma para mejorar sus capacidades en este campo.<\/p>\n<p><strong>Sobre el Comit\u00e9<\/strong><\/p>\n<p>El Comit\u00e9 Intergubernamental para la Salvaguardia del Patrimonio Cultural Inmaterial es un \u00f3rgano de la UNESCO compuesto por representantes de 24 Estados con un mandato de cuatro a\u00f1os. Sus responsabilidades incluyen hacer avanzar los objetivos de la Convenci\u00f3n, asesorar sobre las mejores pr\u00e1cticas, recomendar medidas para salvaguardar el patrimonio cultural inmaterial, gestionar fondos para la preservaci\u00f3n cultural, proponer a la Asamblea General la acreditaci\u00f3n de organizaciones no gubernamentales y prestar asistencia internacional.<\/p>\n\t\t\t\t\t\t\t\t<\/div>\n\t\t\t\t<\/div>\n\t\t\t\t\t<\/div>\n\t\t<\/div>\n\t\t\t\t\t<\/div>\n\t\t<\/section>\n\t\t\t\t<\/div>\n\t\t","protected":false},"excerpt":{"rendered":"<p>Fuente: Dominican Today Santo Domingo&#8211; Los Ministerios de Cultura y de Asuntos Exteriores han anunciado que la Rep\u00fablica Dominicana ha sido elegida, por primera vez, miembro del Comit\u00e9 Intergubernamental para la Salvaguardia del Patrimonio Cultural Inmaterial de la UNESCO, por un periodo de cuatro a\u00f1os. Esta adhesi\u00f3n significa el compromiso de la Rep\u00fablica Dominicana de [&hellip;]<\/p>\n","protected":false},"author":47,"featured_media":40333,"comment_status":"open","ping_status":"open","sticky":false,"template":"","format":"standard","meta":{"_acf_changed":false,"footnotes":""},"categories":[839],"tags":[1481],"class_list":["post-40334","post","type-post","status-publish","format-standard","has-post-thumbnail","hentry","category-noticias","tag-republica-dominicana"],"acf":[],"_links":{"self":[{"href":"https:\/\/richeskarayib.com\/es\/wp-json\/wp\/v2\/posts\/40334","targetHints":{"allow":["GET"]}}],"collection":[{"href":"https:\/\/richeskarayib.com\/es\/wp-json\/wp\/v2\/posts"}],"about":[{"href":"https:\/\/richeskarayib.com\/es\/wp-json\/wp\/v2\/types\/post"}],"author":[{"embeddable":true,"href":"https:\/\/richeskarayib.com\/es\/wp-json\/wp\/v2\/users\/47"}],"replies":[{"embeddable":true,"href":"https:\/\/richeskarayib.com\/es\/wp-json\/wp\/v2\/comments?post=40334"}],"version-history":[{"count":0,"href":"https:\/\/richeskarayib.com\/es\/wp-json\/wp\/v2\/posts\/40334\/revisions"}],"wp:featuredmedia":[{"embeddable":true,"href":"https:\/\/richeskarayib.com\/es\/wp-json\/wp\/v2\/media\/40333"}],"wp:attachment":[{"href":"https:\/\/richeskarayib.com\/es\/wp-json\/wp\/v2\/media?parent=40334"}],"wp:term":[{"taxonomy":"category","embeddable":true,"href":"https:\/\/richeskarayib.com\/es\/wp-json\/wp\/v2\/categories?post=40334"},{"taxonomy":"post_tag","embeddable":true,"href":"https:\/\/richeskarayib.com\/es\/wp-json\/wp\/v2\/tags?post=40334"}],"curies":[{"name":"wp","href":"https:\/\/api.w.org\/{rel}","templated":true}]}}