{"id":40515,"date":"2024-08-05T23:11:49","date_gmt":"2024-08-05T23:11:49","guid":{"rendered":"https:\/\/richeskarayib.com\/anguilla-celebracion-de-los-50-anos-del-festival-de-verano-de-anguila-un-hito-dorado\/"},"modified":"2024-08-05T23:11:50","modified_gmt":"2024-08-05T23:11:50","slug":"anguilla-celebracion-de-los-50-anos-del-festival-de-verano-de-anguila-un-hito-dorado","status":"publish","type":"post","link":"https:\/\/richeskarayib.com\/es\/anguilla-celebracion-de-los-50-anos-del-festival-de-verano-de-anguila-un-hito-dorado\/","title":{"rendered":"ANGUILLA: Celebraci\u00f3n de los 50 a\u00f1os del Festival de Verano de Anguila: un hito dorado"},"content":{"rendered":"\t\t<div data-elementor-type=\"wp-post\" data-elementor-id=\"40515\" class=\"elementor elementor-40515 elementor-40483\" data-elementor-post-type=\"post\">\n\t\t\t\t\t\t<section class=\"elementor-section elementor-top-section elementor-element elementor-element-b7654b0 elementor-section-boxed elementor-section-height-default elementor-section-height-default\" data-id=\"b7654b0\" data-element_type=\"section\">\n\t\t\t\t\t\t<div class=\"elementor-container elementor-column-gap-default\">\n\t\t\t\t\t<div class=\"elementor-column elementor-col-100 elementor-top-column elementor-element elementor-element-418f3d7\" data-id=\"418f3d7\" data-element_type=\"column\">\n\t\t\t<div class=\"elementor-widget-wrap elementor-element-populated\">\n\t\t\t\t\t\t<div class=\"elementor-element elementor-element-f511f47 elementor-widget elementor-widget-text-editor\" data-id=\"f511f47\" data-element_type=\"widget\" data-widget_type=\"text-editor.default\">\n\t\t\t\t<div class=\"elementor-widget-container\">\n\t\t\t\t\t\t\t\t\t<p>Oficina de Turismo de Anguila<\/p>\n\t\t\t\t\t\t\t\t<\/div>\n\t\t\t\t<\/div>\n\t\t\t\t<div class=\"elementor-element elementor-element-4616185 elementor-widget elementor-widget-text-editor\" data-id=\"4616185\" data-element_type=\"widget\" data-widget_type=\"text-editor.default\">\n\t\t\t\t<div class=\"elementor-widget-container\">\n\t\t\t\t\t\t\t\t\t<p>Mientras Anguila se prepara para celebrar el 50 aniversario de su famoso Festival de Verano, la isla bulle de emoci\u00f3n y expectaci\u00f3n. Programado del 21 de julio al 11 de agosto de 2024, el festival de este a\u00f1o promete ser una extraordinaria celebraci\u00f3n de la cultura, el patrimonio y la comunidad bajo el lema &#8220;La Reuni\u00f3n Familiar&#8221;.<\/p>\n\t\t\t\t\t\t\t\t<\/div>\n\t\t\t\t<\/div>\n\t\t\t\t\t<\/div>\n\t\t<\/div>\n\t\t\t\t\t<\/div>\n\t\t<\/section>\n\t\t\t\t<section class=\"elementor-section elementor-top-section elementor-element elementor-element-19d5038 elementor-section-boxed elementor-section-height-default elementor-section-height-default\" data-id=\"19d5038\" data-element_type=\"section\">\n\t\t\t\t\t\t<div class=\"elementor-container elementor-column-gap-default\">\n\t\t\t\t\t<div class=\"elementor-column elementor-col-100 elementor-top-column elementor-element elementor-element-aa17cde\" data-id=\"aa17cde\" data-element_type=\"column\">\n\t\t\t<div class=\"elementor-widget-wrap elementor-element-populated\">\n\t\t\t\t\t\t<div class=\"elementor-element elementor-element-4c85b8a elementor-widget elementor-widget-heading\" data-id=\"4c85b8a\" data-element_type=\"widget\" data-widget_type=\"heading.default\">\n\t\t\t\t<div class=\"elementor-widget-container\">\n\t\t\t\t\t<h2 class=\"elementor-heading-title elementor-size-default\">Un rico legado<\/h2>\t\t\t\t<\/div>\n\t\t\t\t<\/div>\n\t\t\t\t<div class=\"elementor-element elementor-element-6a12b23 elementor-widget elementor-widget-text-editor\" data-id=\"6a12b23\" data-element_type=\"widget\" data-widget_type=\"text-editor.default\">\n\t\t\t\t<div class=\"elementor-widget-container\">\n\t\t\t\t\t\t\t\t\t<p>El Festival de Verano de Anguila ha crecido desde sus humildes comienzos hasta convertirse en uno de los acontecimientos m\u00e1s vibrantes y esperados del Caribe. Este a\u00f1o, una serie especial de v\u00eddeos &#8220;50 por 50&#8221; rendir\u00e1 homenaje a las personas y entidades que han dado forma a la rica historia del festival. Cada d\u00eda hasta el final del festival, se estrenar\u00e1n dos v\u00eddeos que destacar\u00e1n las contribuciones de figuras clave que han dejado una huella indeleble en este espect\u00e1culo cultural<span class=\"\" data-state=\"closed\"><span class=\"text-token-text-secondary\"> (<\/span><a class=\"text-green-600 !no-underline\" href=\"https:\/\/anguillasummerfestival.com\/pages\/50-for-50\" target=\"_blank\" rel=\"noopener noreferrer nofollow\">Festival de Verano de Anguila<\/a><span class=\"text-token-text-secondary\">)<\/span><\/span>.<\/p>\n\t\t\t\t\t\t\t\t<\/div>\n\t\t\t\t<\/div>\n\t\t\t\t\t<\/div>\n\t\t<\/div>\n\t\t\t\t\t<\/div>\n\t\t<\/section>\n\t\t\t\t<section class=\"elementor-section elementor-top-section elementor-element elementor-element-5498ec6 elementor-section-boxed elementor-section-height-default elementor-section-height-default\" data-id=\"5498ec6\" data-element_type=\"section\">\n\t\t\t\t\t\t<div class=\"elementor-container elementor-column-gap-default\">\n\t\t\t\t\t<div class=\"elementor-column elementor-col-100 elementor-top-column elementor-element elementor-element-89a78ba\" data-id=\"89a78ba\" data-element_type=\"column\">\n\t\t\t<div class=\"elementor-widget-wrap elementor-element-populated\">\n\t\t\t\t\t\t<div class=\"elementor-element elementor-element-eb9c406 elementor-widget elementor-widget-heading\" data-id=\"eb9c406\" data-element_type=\"widget\" data-widget_type=\"heading.default\">\n\t\t\t\t<div class=\"elementor-widget-container\">\n\t\t\t\t\t<h2 class=\"elementor-heading-title elementor-size-default\">Acontecimientos clave<\/h2>\t\t\t\t<\/div>\n\t\t\t\t<\/div>\n\t\t\t\t<div class=\"elementor-element elementor-element-c5b65d4 elementor-widget elementor-widget-text-editor\" data-id=\"c5b65d4\" data-element_type=\"widget\" data-widget_type=\"text-editor.default\">\n\t\t\t\t<div class=\"elementor-widget-container\">\n\t\t\t\t\t\t\t\t\t<p>El apretado programa del festival garantiza que haya algo para todos. Estos son algunos de los actos a los que no puedes faltar:<\/p>\n<ul>\n<li>\n<p><strong>Ma\u00f1ana de J&#8217;ouvert (5 de agosto de 2024)<\/strong>: Las festividades comienzan con un desfile antes del amanecer lleno de m\u00fasica, baile y jolgorio, que culmina con una fiesta en la playa durante todo el d\u00eda en Sandy Ground.<\/p>\n<\/li>\n<li>\n<p><strong>Celebraciones del Lunes de Agosto (5 de agosto de 2024)<\/strong>: El D\u00eda de la Emancipaci\u00f3n, tambi\u00e9n conocido como Lunes de Agosto, incluye la emblem\u00e1tica regata del Lunes de Agosto, m\u00fasica en directo y animadas fiestas en la playa.<\/p>\n<\/li>\n<li>\n<p><strong>Certamen de Miss Anguila (7 de agosto de 2024)<\/strong>: Este evento muestra la belleza, el talento y la inteligencia de las j\u00f3venes de Anguila. El concurso celebrar\u00e1 a las ganadoras anteriores y coronar\u00e1 a una nueva Miss Anguila.<\/p>\n<\/li>\n<li>\n<p><strong>Gran Desfile de Comparsas (9 de agosto de 2024)<\/strong>: Esta colorida procesi\u00f3n en El Valle presenta bailarines con elaborados disfraces que representan a diferentes pueblos, compitiendo por el t\u00edtulo de Mejor Compa\u00f1\u00eda.<\/p>\n<\/li>\n<li>\n<p><strong>Carrera de P\u00f3quer (10 de agosto de 2024)<\/strong>: Una aventura en barco que combina la emoci\u00f3n de una partida de p\u00f3quer con paradas en varias playas y bares de Anguila.<\/p>\n<\/li>\n<li>\n<p><strong>Eyes Wide Shut (8 de agosto de 2024)<\/strong>: Con el tema &#8220;Encantado&#8221;, este evento promete una noche y una ma\u00f1ana de inolvidables actuaciones en directo y sorpresas, garantizando una velada de magia y misterio.<\/p>\n<\/li>\n<li>\n<p><strong>Regata de los Campeones de Campeones (11 de agosto de 2024)<\/strong>: El festival concluye con una gran regata en la que participan los mejores barcos de las competiciones de la semana.<\/p>\n<\/li>\n<\/ul>\n\t\t\t\t\t\t\t\t<\/div>\n\t\t\t\t<\/div>\n\t\t\t\t<div class=\"elementor-element elementor-element-a45dd9d elementor-widget elementor-widget-image\" data-id=\"a45dd9d\" data-element_type=\"widget\" data-widget_type=\"image.default\">\n\t\t\t\t<div class=\"elementor-widget-container\">\n\t\t\t\t\t\t\t\t\t\t\t\t<figure class=\"wp-caption\">\n\t\t\t\t\t\t\t\t\t\t<img fetchpriority=\"high\" decoding=\"async\" width=\"710\" height=\"1024\" src=\"https:\/\/richeskarayib.com\/wp-content\/uploads\/2024\/08\/Anguilla-festival-710x1024.webp\" class=\"attachment-large size-large wp-image-40491\" alt=\"\" srcset=\"https:\/\/richeskarayib.com\/wp-content\/uploads\/2024\/08\/Anguilla-festival-710x1024.webp 710w, https:\/\/richeskarayib.com\/wp-content\/uploads\/2024\/08\/Anguilla-festival-208x300.webp 208w, https:\/\/richeskarayib.com\/wp-content\/uploads\/2024\/08\/Anguilla-festival-768x1108.webp 768w, https:\/\/richeskarayib.com\/wp-content\/uploads\/2024\/08\/Anguilla-festival-1065x1536.webp 1065w, https:\/\/richeskarayib.com\/wp-content\/uploads\/2024\/08\/Anguilla-festival.webp 1200w\" sizes=\"(max-width: 710px) 100vw, 710px\" \/>\t\t\t\t\t\t\t\t\t\t\t<figcaption class=\"widget-image-caption wp-caption-text\">https:\/\/anguillasummerfestival.com\/<\/figcaption>\n\t\t\t\t\t\t\t\t\t\t<\/figure>\n\t\t\t\t\t\t\t\t\t<\/div>\n\t\t\t\t<\/div>\n\t\t\t\t\t<\/div>\n\t\t<\/div>\n\t\t\t\t\t<\/div>\n\t\t<\/section>\n\t\t\t\t<section class=\"elementor-section elementor-top-section elementor-element elementor-element-14a0d28 elementor-section-boxed elementor-section-height-default elementor-section-height-default\" data-id=\"14a0d28\" data-element_type=\"section\">\n\t\t\t\t\t\t<div class=\"elementor-container elementor-column-gap-default\">\n\t\t\t\t\t<div class=\"elementor-column elementor-col-100 elementor-top-column elementor-element elementor-element-47441c0\" data-id=\"47441c0\" data-element_type=\"column\">\n\t\t\t<div class=\"elementor-widget-wrap elementor-element-populated\">\n\t\t\t\t\t\t<div class=\"elementor-element elementor-element-ad5d610 elementor-widget elementor-widget-heading\" data-id=\"ad5d610\" data-element_type=\"widget\" data-widget_type=\"heading.default\">\n\t\t\t\t<div class=\"elementor-widget-container\">\n\t\t\t\t\t<h2 class=\"elementor-heading-title elementor-size-default\">Significado cultural<\/h2>\t\t\t\t<\/div>\n\t\t\t\t<\/div>\n\t\t\t\t<div class=\"elementor-element elementor-element-2eeef97 elementor-widget elementor-widget-text-editor\" data-id=\"2eeef97\" data-element_type=\"widget\" data-widget_type=\"text-editor.default\">\n\t\t\t\t<div class=\"elementor-widget-container\">\n\t\t\t\t\t\t\t\t\t<p>El Festival de Verano de Anguila no es s\u00f3lo entretenimiento; es una celebraci\u00f3n del patrimonio cultural y del esp\u00edritu comunitario de Anguila. Honra la historia de la isla, en particular la emancipaci\u00f3n de los antepasados anguilanos, y sirve de reuni\u00f3n para familias y amigos de todo el mundo.<\/p>\n\t\t\t\t\t\t\t\t<\/div>\n\t\t\t\t<\/div>\n\t\t\t\t\t<\/div>\n\t\t<\/div>\n\t\t\t\t\t<\/div>\n\t\t<\/section>\n\t\t\t\t<\/div>\n\t\t","protected":false},"excerpt":{"rendered":"<p>Oficina de Turismo de Anguila Mientras Anguila se prepara para celebrar el 50 aniversario de su famoso Festival de Verano, la isla bulle de emoci\u00f3n y expectaci\u00f3n. Programado del 21 de julio al 11 de agosto de 2024, el festival de este a\u00f1o promete ser una extraordinaria celebraci\u00f3n de la cultura, el patrimonio y la [&hellip;]<\/p>\n","protected":false},"author":47,"featured_media":40487,"comment_status":"open","ping_status":"open","sticky":false,"template":"","format":"standard","meta":{"_acf_changed":false,"footnotes":""},"categories":[1499],"tags":[1442],"class_list":["post-40515","post","type-post","status-publish","format-standard","has-post-thumbnail","hentry","category-gestion-de-eventos","tag-anguilla-es"],"acf":[],"_links":{"self":[{"href":"https:\/\/richeskarayib.com\/es\/wp-json\/wp\/v2\/posts\/40515","targetHints":{"allow":["GET"]}}],"collection":[{"href":"https:\/\/richeskarayib.com\/es\/wp-json\/wp\/v2\/posts"}],"about":[{"href":"https:\/\/richeskarayib.com\/es\/wp-json\/wp\/v2\/types\/post"}],"author":[{"embeddable":true,"href":"https:\/\/richeskarayib.com\/es\/wp-json\/wp\/v2\/users\/47"}],"replies":[{"embeddable":true,"href":"https:\/\/richeskarayib.com\/es\/wp-json\/wp\/v2\/comments?post=40515"}],"version-history":[{"count":0,"href":"https:\/\/richeskarayib.com\/es\/wp-json\/wp\/v2\/posts\/40515\/revisions"}],"wp:featuredmedia":[{"embeddable":true,"href":"https:\/\/richeskarayib.com\/es\/wp-json\/wp\/v2\/media\/40487"}],"wp:attachment":[{"href":"https:\/\/richeskarayib.com\/es\/wp-json\/wp\/v2\/media?parent=40515"}],"wp:term":[{"taxonomy":"category","embeddable":true,"href":"https:\/\/richeskarayib.com\/es\/wp-json\/wp\/v2\/categories?post=40515"},{"taxonomy":"post_tag","embeddable":true,"href":"https:\/\/richeskarayib.com\/es\/wp-json\/wp\/v2\/tags?post=40515"}],"curies":[{"name":"wp","href":"https:\/\/api.w.org\/{rel}","templated":true}]}}