{"id":41107,"date":"2024-10-14T22:00:23","date_gmt":"2024-10-14T22:00:23","guid":{"rendered":"https:\/\/richeskarayib.com\/caribbean-airlines-lanza-el-vuelo-inaugural-a-tortola-islas-virgenes-britanicas\/"},"modified":"2024-10-14T22:00:25","modified_gmt":"2024-10-14T22:00:25","slug":"caribbean-airlines-lanza-el-vuelo-inaugural-a-tortola-islas-virgenes-britanicas","status":"publish","type":"post","link":"https:\/\/richeskarayib.com\/es\/caribbean-airlines-lanza-el-vuelo-inaugural-a-tortola-islas-virgenes-britanicas\/","title":{"rendered":"Caribbean Airlines lanza el vuelo inaugural a T\u00f3rtola, Islas V\u00edrgenes Brit\u00e1nicas"},"content":{"rendered":"\t\t<div data-elementor-type=\"wp-post\" data-elementor-id=\"41107\" class=\"elementor elementor-41107 elementor-41093\" data-elementor-post-type=\"post\">\n\t\t\t\t\t\t<section class=\"elementor-section elementor-top-section elementor-element elementor-element-135e5aa4 elementor-section-boxed elementor-section-height-default elementor-section-height-default\" data-id=\"135e5aa4\" data-element_type=\"section\">\n\t\t\t\t\t\t<div class=\"elementor-container elementor-column-gap-default\">\n\t\t\t\t\t<div class=\"elementor-column elementor-col-100 elementor-top-column elementor-element elementor-element-4cabc823\" data-id=\"4cabc823\" data-element_type=\"column\">\n\t\t\t<div class=\"elementor-widget-wrap elementor-element-populated\">\n\t\t\t\t\t\t<div class=\"elementor-element elementor-element-9ca9850 elementor-widget elementor-widget-text-editor\" data-id=\"9ca9850\" data-element_type=\"widget\" data-widget_type=\"text-editor.default\">\n\t\t\t\t<div class=\"elementor-widget-container\">\n\t\t\t\t\t\t\t\t\t\n          \n\n          <p><\/p>\n          \n\n          \n\n          \n\n          \n\n          <p><\/p>\n          \n\n        \t\t\t\t\t\t\t\t<\/div>\n\t\t\t\t<\/div>\n\t\t\t\t\t<\/div>\n\t\t<\/div>\n\t\t\t\t\t<\/div>\n\t\t<\/section>\n\t\t\t\t<section class=\"elementor-section elementor-top-section elementor-element elementor-element-b107ade elementor-section-boxed elementor-section-height-default elementor-section-height-default\" data-id=\"b107ade\" data-element_type=\"section\">\n\t\t\t\t\t\t<div class=\"elementor-container elementor-column-gap-default\">\n\t\t\t\t\t<div class=\"elementor-column elementor-col-100 elementor-top-column elementor-element elementor-element-653f9e8\" data-id=\"653f9e8\" data-element_type=\"column\">\n\t\t\t<div class=\"elementor-widget-wrap elementor-element-populated\">\n\t\t\t\t\t\t<div class=\"elementor-element elementor-element-f42dfb8 elementor-widget elementor-widget-text-editor\" data-id=\"f42dfb8\" data-element_type=\"widget\" data-widget_type=\"text-editor.default\">\n\t\t\t\t<div class=\"elementor-widget-container\">\n\t\t\t\t\t\t\t\t\t<p data-pm-slice=\"1 1 []\"><strong>Puerto Espa\u00f1a, Trinidad y Tobago, 14 de octubre de 2024<\/strong> &#8211; Caribbean Airlines sigue mejorando la conectividad regional con el lanzamiento de su vuelo inaugural BW294 a T\u00f3rtola, Islas V\u00edrgenes Brit\u00e1nicas. El lunes 14 de octubre, el vuelo aterriz\u00f3 en el aeropuerto Terrance B. Lettsome, marcando un nuevo cap\u00edtulo en la misi\u00f3n de la aerol\u00ednea de unir m\u00e1s estrechamente el Caribe. Este importante hito ampl\u00eda la creciente red de Caribbean Airlines, que ahora cubre 24 destinos en toda la regi\u00f3n, as\u00ed como Norteam\u00e9rica y Sudam\u00e9rica.  <\/p>\n\t\t\t\t\t\t\t\t<\/div>\n\t\t\t\t<\/div>\n\t\t\t\t<div class=\"elementor-element elementor-element-f54af21 elementor-widget elementor-widget-heading\" data-id=\"f54af21\" data-element_type=\"widget\" data-widget_type=\"heading.default\">\n\t\t\t\t<div class=\"elementor-widget-container\">\n\t\t\t\t\t<h2 class=\"elementor-heading-title elementor-size-default\">\n\nUna celebraci\u00f3n de la conectividad<\/h2>\t\t\t\t<\/div>\n\t\t\t\t<\/div>\n\t\t\t\t<div class=\"elementor-element elementor-element-e0199b6 elementor-widget elementor-widget-text-editor\" data-id=\"e0199b6\" data-element_type=\"widget\" data-widget_type=\"text-editor.default\">\n\t\t\t\t<div class=\"elementor-widget-container\">\n\t\t\t\t\t\t\t\t\t\n          <p data-pm-slice=\"1 1 []\">En una breve ceremonia celebrada en el Aeropuerto Internacional de Piarco, Trinidad, el Consejero Delegado de Caribbean Airlines, Garvin Medera, se\u00f1al\u00f3: &#8220;Como aerol\u00ednea regional, mantenemos nuestro compromiso de mejorar la conectividad en todo el Caribe, y la incorporaci\u00f3n de T\u00f3rtola a nuestra programaci\u00f3n marca un cap\u00edtulo importante en la expansi\u00f3n de Caribbean Airlines. Se trata de nuestra primera conexi\u00f3n con las Islas V\u00edrgenes Brit\u00e1nicas, y significa que ahora tenemos 24 destinos en nuestra red, que conectan la Regi\u00f3n, Norteam\u00e9rica y Sudam\u00e9rica.&#8221;<\/p>\n          \n\n          <p>Medera tambi\u00e9n destac\u00f3 la frecuencia de los vuelos, declarando: &#8220;Con cuatro vuelos semanales -los lunes, mi\u00e9rcoles, jueves y s\u00e1bados- traeremos m\u00e1s de 540 plazas semanales a T\u00f3rtola y desde T\u00f3rtola&#8221;.<\/p>\n        \t\t\t\t\t\t\t\t<\/div>\n\t\t\t\t<\/div>\n\t\t\t\t<div class=\"elementor-element elementor-element-e4239de elementor-widget elementor-widget-heading\" data-id=\"e4239de\" data-element_type=\"widget\" data-widget_type=\"heading.default\">\n\t\t\t\t<div class=\"elementor-widget-container\">\n\t\t\t\t\t<h2 class=\"elementor-heading-title elementor-size-default\">Una c\u00e1lida bienvenida en T\u00f3rtola<\/h2>\t\t\t\t<\/div>\n\t\t\t\t<\/div>\n\t\t\t\t<div class=\"elementor-element elementor-element-6ba8617 elementor-widget elementor-widget-text-editor\" data-id=\"6ba8617\" data-element_type=\"widget\" data-widget_type=\"text-editor.default\">\n\t\t\t\t<div class=\"elementor-widget-container\">\n\t\t\t\t\t\t\t\t\t\n          <p data-pm-slice=\"1 1 []\">A su llegada a T\u00f3rtola, el vuelo inaugural fue recibido con una salva de agua tradicional, s\u00edmbolo de buena fortuna y celebraci\u00f3n. Los pasajeros fueron recibidos calurosamente con una exhibici\u00f3n cultural organizada por la Oficina de Turismo y la Comisi\u00f3n Cinematogr\u00e1fica de las Islas V\u00edrgenes Brit\u00e1nicas, que puso de relieve el rico patrimonio cultural de T\u00f3rtola. Asistieron representantes clave del gobierno de las Islas V\u00edrgenes Brit\u00e1nicas, entre ellos el Primer Ministro de las Islas V\u00edrgenes y Ministro de Finanzas, el Honorable Natalio Wheatley, as\u00ed como otros ministros e interesados.  <\/p>\n          \n\n          <p>El ambiente festivo ejemplific\u00f3 el esp\u00edritu de hospitalidad caribe\u00f1o, ya que los bailarines y m\u00fasicos locales ofrecieron a los visitantes una visi\u00f3n de la identidad cultural \u00fanica de T\u00f3rtola. Esta vibrante bienvenida ilustr\u00f3 la profunda asociaci\u00f3n entre Caribbean Airlines y las Islas V\u00edrgenes Brit\u00e1nicas, destinada a promover el turismo y facilitar los viajes por el Caribe. <\/p>\n        \t\t\t\t\t\t\t\t<\/div>\n\t\t\t\t<\/div>\n\t\t\t\t<div class=\"elementor-element elementor-element-2ea7479 elementor-widget elementor-widget-heading\" data-id=\"2ea7479\" data-element_type=\"widget\" data-widget_type=\"heading.default\">\n\t\t\t\t<div class=\"elementor-widget-container\">\n\t\t\t\t\t<h2 class=\"elementor-heading-title elementor-size-default\">\n\nConstruyendo Puentes: Nuevas rutas para el crecimiento regional<\/h2>\t\t\t\t<\/div>\n\t\t\t\t<\/div>\n\t\t\t\t<div class=\"elementor-element elementor-element-43979b9 elementor-widget elementor-widget-text-editor\" data-id=\"43979b9\" data-element_type=\"widget\" data-widget_type=\"text-editor.default\">\n\t\t\t\t<div class=\"elementor-widget-container\">\n\t\t\t\t\t\t\t\t\t\n          <p data-pm-slice=\"1 1 []\">La nueva ruta a T\u00f3rtola no s\u00f3lo refuerza la posici\u00f3n de Caribbean Airlines como actor clave de la aviaci\u00f3n caribe\u00f1a, sino que tambi\u00e9n desempe\u00f1a un importante papel de apoyo al desarrollo econ\u00f3mico de la regi\u00f3n. El aumento de la conectividad de la aerol\u00ednea apoya el crecimiento del turismo e impulsa las oportunidades para los viajeros de negocios. Caribbean Airlines ofrece una conexi\u00f3n fluida dos veces por semana v\u00eda Barbados los jueves y s\u00e1bados, adem\u00e1s de sus rutas regulares desde Trinidad los lunes y mi\u00e9rcoles con conexiones a Antigua y Puerto Rico.  <\/p>\n          \n\n          <p>Esta red mejorada pretende fomentar la integraci\u00f3n regional, haciendo m\u00e1s accesible el Caribe y promoviendo a\u00fan m\u00e1s la colaboraci\u00f3n entre islas. La incorporaci\u00f3n estrat\u00e9gica de T\u00f3rtola subraya el papel de la aerol\u00ednea en el fortalecimiento de los lazos econ\u00f3micos y el atractivo tur\u00edstico del Caribe. <\/p>\n        \t\t\t\t\t\t\t\t<\/div>\n\t\t\t\t<\/div>\n\t\t\t\t<div class=\"elementor-element elementor-element-166e606 elementor-widget elementor-widget-heading\" data-id=\"166e606\" data-element_type=\"widget\" data-widget_type=\"heading.default\">\n\t\t\t\t<div class=\"elementor-widget-container\">\n\t\t\t\t\t<h2 class=\"elementor-heading-title elementor-size-default\">Conexiones perfectas e informaci\u00f3n sobre viajes<\/h2>\t\t\t\t<\/div>\n\t\t\t\t<\/div>\n\t\t\t\t<div class=\"elementor-element elementor-element-a4eb950 elementor-widget elementor-widget-text-editor\" data-id=\"a4eb950\" data-element_type=\"widget\" data-widget_type=\"text-editor.default\">\n\t\t\t\t<div class=\"elementor-widget-container\">\n\t\t\t\t\t\t\t\t\t\n          <p data-pm-slice=\"1 1 []\">Caribbean Airlines se dedica a facilitar al m\u00e1ximo los viajes entre islas, ofreciendo c\u00f3modas conexiones a los viajeros de todo el Caribe. Los vuelos a T\u00f3rtola operan los lunes y mi\u00e9rcoles desde Trinidad, conectando a trav\u00e9s de Antigua y Puerto Rico, y los jueves y s\u00e1bados v\u00eda Barbados, proporcionando m\u00e1s opciones a quienes deseen explorar la regi\u00f3n. <\/p>\n          \n\n          <p>Para los viajeros que deseen experimentar la impresionante belleza de T\u00f3rtola, junto con su vibrante cultura y sus vistas panor\u00e1micas, Caribbean Airlines hace que sea m\u00e1s f\u00e1cil que nunca descubrir este destino \u00fanico. Para m\u00e1s informaci\u00f3n y para reservar tu vuelo, visita <a href=\"http:\/\/www.caribbean-airlines.com\" rel=\"nofollow noopener\" target=\"_blank\">www.caribbean-airlines.com.<\/a> <\/p>\n        \t\t\t\t\t\t\t\t<\/div>\n\t\t\t\t<\/div>\n\t\t\t\t<div class=\"elementor-element elementor-element-c01e3d6 elementor-widget elementor-widget-image\" data-id=\"c01e3d6\" data-element_type=\"widget\" data-widget_type=\"image.default\">\n\t\t\t\t<div class=\"elementor-widget-container\">\n\t\t\t\t\t\t\t\t\t\t\t\t\t\t\t<img fetchpriority=\"high\" decoding=\"async\" width=\"800\" height=\"451\" src=\"https:\/\/richeskarayib.com\/wp-content\/uploads\/2024\/10\/CAL20BVI20INAUGURAL201-1024x577.jpg\" class=\"attachment-large size-large wp-image-41101\" alt=\"\" srcset=\"https:\/\/richeskarayib.com\/wp-content\/uploads\/2024\/10\/CAL20BVI20INAUGURAL201-1024x577.jpg 1024w, https:\/\/richeskarayib.com\/wp-content\/uploads\/2024\/10\/CAL20BVI20INAUGURAL201-300x169.jpg 300w, https:\/\/richeskarayib.com\/wp-content\/uploads\/2024\/10\/CAL20BVI20INAUGURAL201-768x432.jpg 768w, https:\/\/richeskarayib.com\/wp-content\/uploads\/2024\/10\/CAL20BVI20INAUGURAL201-1536x865.jpg 1536w, https:\/\/richeskarayib.com\/wp-content\/uploads\/2024\/10\/CAL20BVI20INAUGURAL201-2048x1153.jpg 2048w, https:\/\/richeskarayib.com\/wp-content\/uploads\/2024\/10\/CAL20BVI20INAUGURAL201-1320x743.jpg 1320w\" sizes=\"(max-width: 800px) 100vw, 800px\" \/>\t\t\t\t\t\t\t\t\t\t\t\t\t\t\t<\/div>\n\t\t\t\t<\/div>\n\t\t\t\t<div class=\"elementor-element elementor-element-acc3072 elementor-widget elementor-widget-image\" data-id=\"acc3072\" data-element_type=\"widget\" data-widget_type=\"image.default\">\n\t\t\t\t<div class=\"elementor-widget-container\">\n\t\t\t\t\t\t\t\t\t\t\t\t<figure class=\"wp-caption\">\n\t\t\t\t\t\t\t\t\t\t<img decoding=\"async\" width=\"800\" height=\"458\" src=\"https:\/\/richeskarayib.com\/wp-content\/uploads\/2024\/10\/CAL20BVI20INAUGURAL203-1024x586.jpeg\" class=\"attachment-large size-large wp-image-41105\" alt=\"\" srcset=\"https:\/\/richeskarayib.com\/wp-content\/uploads\/2024\/10\/CAL20BVI20INAUGURAL203-1024x586.jpeg 1024w, https:\/\/richeskarayib.com\/wp-content\/uploads\/2024\/10\/CAL20BVI20INAUGURAL203-300x172.jpeg 300w, https:\/\/richeskarayib.com\/wp-content\/uploads\/2024\/10\/CAL20BVI20INAUGURAL203-768x440.jpeg 768w, https:\/\/richeskarayib.com\/wp-content\/uploads\/2024\/10\/CAL20BVI20INAUGURAL203.jpeg 1170w\" sizes=\"(max-width: 800px) 100vw, 800px\" \/>\t\t\t\t\t\t\t\t\t\t\t<figcaption class=\"widget-image-caption wp-caption-text\">Caribbean Airlines se dedica a facilitar al m\u00e1ximo los viajes entre islas, ofreciendo c\u00f3modas conexiones a los viajeros de todo el Caribe. Los vuelos a T\u00f3rtola operan los lunes y mi\u00e9rcoles desde Trinidad, conectando a trav\u00e9s de Antigua y Puerto Rico, y los jueves y s\u00e1bados v\u00eda Barbados, proporcionando m\u00e1s opciones a quienes desean explorar la regi\u00f3n. Para los viajeros que deseen experimentar la impresionante belleza de T\u00f3rtola, junto con su vibrante cultura y sus vistas panor\u00e1micas, Caribbean Airlines hace que sea m\u00e1s f\u00e1cil que nunca descubrir este destino \u00fanico. Para m\u00e1s informaci\u00f3n y para reservar tu vuelo, visita www.caribbean-airlines.com.   <\/figcaption>\n\t\t\t\t\t\t\t\t\t\t<\/figure>\n\t\t\t\t\t\t\t\t\t<\/div>\n\t\t\t\t<\/div>\n\t\t\t\t<div class=\"elementor-element elementor-element-6230a17 elementor-widget elementor-widget-heading\" data-id=\"6230a17\" data-element_type=\"widget\" data-widget_type=\"heading.default\">\n\t\t\t\t<div class=\"elementor-widget-container\">\n\t\t\t\t\t<h2 class=\"elementor-heading-title elementor-size-default\">Por qu\u00e9 es importante para los viajeros del Caribe<\/h2>\t\t\t\t<\/div>\n\t\t\t\t<\/div>\n\t\t\t\t<div class=\"elementor-element elementor-element-12af528 elementor-widget elementor-widget-text-editor\" data-id=\"12af528\" data-element_type=\"widget\" data-widget_type=\"text-editor.default\">\n\t\t\t\t<div class=\"elementor-widget-container\">\n\t\t\t\t\t\t\t\t\t\n          <p data-pm-slice=\"1 1 []\">La nueva ruta a T\u00f3rtola ampl\u00eda la red de posibilidades para los viajeros de todo el Caribe. A medida que Caribbean Airlines sigue ampliando su alcance, tanto a los isle\u00f1os como a los turistas les resulta cada vez m\u00e1s f\u00e1cil experimentar la diversidad de la regi\u00f3n, desde exuberantes paisajes a festivales culturales. El nuevo servicio a las Islas V\u00edrgenes Brit\u00e1nicas se alinea con una visi\u00f3n m\u00e1s amplia de impulsar el turismo, facilitar la cooperaci\u00f3n regional y hacer que viajar entre las islas del Caribe sea una experiencia sin complicaciones.  <\/p>\n          \n\n          <p>Con este vuelo inaugural no se trata s\u00f3lo de a\u00f1adir otro destino a la programaci\u00f3n, sino de tender puentes m\u00e1s fuertes entre las islas, enriquecer la vida de la gente y contribuir al crecimiento socioecon\u00f3mico de toda la regi\u00f3n.<\/p>\n        \t\t\t\t\t\t\t\t<\/div>\n\t\t\t\t<\/div>\n\t\t\t\t\t<\/div>\n\t\t<\/div>\n\t\t\t\t\t<\/div>\n\t\t<\/section>\n\t\t\t\t<\/div>\n\t\t","protected":false},"excerpt":{"rendered":"<p>Puerto Espa\u00f1a, Trinidad y Tobago, 14 de octubre de 2024 &#8211; Caribbean Airlines sigue mejorando la conectividad regional con el lanzamiento de su vuelo inaugural BW294 a T\u00f3rtola, Islas V\u00edrgenes Brit\u00e1nicas. El lunes 14 de octubre, el vuelo aterriz\u00f3 en el aeropuerto Terrance B. Lettsome, marcando un nuevo cap\u00edtulo en la misi\u00f3n de la aerol\u00ednea [&hellip;]<\/p>\n","protected":false},"author":47,"featured_media":41097,"comment_status":"open","ping_status":"open","sticky":false,"template":"","format":"standard","meta":{"_acf_changed":false,"footnotes":""},"categories":[839],"tags":[1555,1554],"class_list":["post-41107","post","type-post","status-publish","format-standard","has-post-thumbnail","hentry","category-noticias","tag-islas-virgenes-britanicas","tag-tortola-es"],"acf":[],"_links":{"self":[{"href":"https:\/\/richeskarayib.com\/es\/wp-json\/wp\/v2\/posts\/41107","targetHints":{"allow":["GET"]}}],"collection":[{"href":"https:\/\/richeskarayib.com\/es\/wp-json\/wp\/v2\/posts"}],"about":[{"href":"https:\/\/richeskarayib.com\/es\/wp-json\/wp\/v2\/types\/post"}],"author":[{"embeddable":true,"href":"https:\/\/richeskarayib.com\/es\/wp-json\/wp\/v2\/users\/47"}],"replies":[{"embeddable":true,"href":"https:\/\/richeskarayib.com\/es\/wp-json\/wp\/v2\/comments?post=41107"}],"version-history":[{"count":0,"href":"https:\/\/richeskarayib.com\/es\/wp-json\/wp\/v2\/posts\/41107\/revisions"}],"wp:featuredmedia":[{"embeddable":true,"href":"https:\/\/richeskarayib.com\/es\/wp-json\/wp\/v2\/media\/41097"}],"wp:attachment":[{"href":"https:\/\/richeskarayib.com\/es\/wp-json\/wp\/v2\/media?parent=41107"}],"wp:term":[{"taxonomy":"category","embeddable":true,"href":"https:\/\/richeskarayib.com\/es\/wp-json\/wp\/v2\/categories?post=41107"},{"taxonomy":"post_tag","embeddable":true,"href":"https:\/\/richeskarayib.com\/es\/wp-json\/wp\/v2\/tags?post=41107"}],"curies":[{"name":"wp","href":"https:\/\/api.w.org\/{rel}","templated":true}]}}