{"id":41348,"date":"2024-10-16T17:45:13","date_gmt":"2024-10-16T17:45:13","guid":{"rendered":"https:\/\/richeskarayib.com\/informe-especial-parte-1-2008-2011-los-tesoros-culturales-del-caribe-patrimonio-inmaterial-reconocido-por-la-unesco\/"},"modified":"2024-10-16T19:03:16","modified_gmt":"2024-10-16T19:03:16","slug":"informe-especial-parte-1-2008-2011-los-tesoros-culturales-del-caribe-patrimonio-inmaterial-reconocido-por-la-unesco","status":"publish","type":"post","link":"https:\/\/richeskarayib.com\/es\/informe-especial-parte-1-2008-2011-los-tesoros-culturales-del-caribe-patrimonio-inmaterial-reconocido-por-la-unesco\/","title":{"rendered":"Informe especial parte 1 (2008-2011): Los Tesoros Culturales del Gran Caribe: Patrimonio Inmaterial Reconocido por la UNESCO"},"content":{"rendered":"\t\t<div data-elementor-type=\"wp-post\" data-elementor-id=\"41348\" class=\"elementor elementor-41348 elementor-40776\" data-elementor-post-type=\"post\">\n\t\t\t\t\t\t<section class=\"elementor-section elementor-top-section elementor-element elementor-element-d2fa39f elementor-section-boxed elementor-section-height-default elementor-section-height-default\" data-id=\"d2fa39f\" data-element_type=\"section\">\n\t\t\t\t\t\t<div class=\"elementor-container elementor-column-gap-default\">\n\t\t\t\t\t<div class=\"elementor-column elementor-col-100 elementor-top-column elementor-element elementor-element-74e6dd0\" data-id=\"74e6dd0\" data-element_type=\"column\">\n\t\t\t<div class=\"elementor-widget-wrap elementor-element-populated\">\n\t\t\t\t\t\t<div class=\"elementor-element elementor-element-8909527 elementor-widget elementor-widget-heading\" data-id=\"8909527\" data-element_type=\"widget\" data-widget_type=\"heading.default\">\n\t\t\t\t<div class=\"elementor-widget-container\">\n\t\t\t\t\t<h2 class=\"elementor-heading-title elementor-size-default\">Las Ra\u00edces del Patrimonio Inmaterial del Caribe (2008-2013)<\/h2>\t\t\t\t<\/div>\n\t\t\t\t<\/div>\n\t\t\t\t<div class=\"elementor-element elementor-element-d541e3d elementor-widget elementor-widget-text-editor\" data-id=\"d541e3d\" data-element_type=\"widget\" data-widget_type=\"text-editor.default\">\n\t\t\t\t<div class=\"elementor-widget-container\">\n\t\t\t\t\t\t\t\t\t<p>Entre 2008 y 2011, varios elementos culturales del Caribe fueron reconocidos como patrimonio cultural inmaterial por la UNESCO. Este reconocimiento puso de relieve las ricas tradiciones de la regi\u00f3n, muchas de las cuales son testimonio de su diversa historia, desde las costumbres ind\u00edgenas hasta el impacto de las influencias africanas, europeas y de otros or\u00edgenes. <\/p>\n\t\t\t\t\t\t\t\t<\/div>\n\t\t\t\t<\/div>\n\t\t\t\t\t<\/div>\n\t\t<\/div>\n\t\t\t\t\t<\/div>\n\t\t<\/section>\n\t\t\t\t<section class=\"elementor-section elementor-top-section elementor-element elementor-element-776ee9d elementor-section-boxed elementor-section-height-default elementor-section-height-default\" data-id=\"776ee9d\" data-element_type=\"section\">\n\t\t\t\t\t\t<div class=\"elementor-container elementor-column-gap-default\">\n\t\t\t\t\t<div class=\"elementor-column elementor-col-100 elementor-top-column elementor-element elementor-element-e9eb1e6\" data-id=\"e9eb1e6\" data-element_type=\"column\">\n\t\t\t<div class=\"elementor-widget-wrap elementor-element-populated\">\n\t\t\t\t\t\t<div class=\"elementor-element elementor-element-653aab0 elementor-widget elementor-widget-heading\" data-id=\"653aab0\" data-element_type=\"widget\" data-widget_type=\"heading.default\">\n\t\t\t\t<div class=\"elementor-widget-container\">\n\t\t\t\t\t<h2 class=\"elementor-heading-title elementor-size-default\">2008<\/h2>\t\t\t\t<\/div>\n\t\t\t\t<\/div>\n\t\t\t\t<div class=\"elementor-element elementor-element-5b8dd47 elementor-widget elementor-widget-text-editor\" data-id=\"5b8dd47\" data-element_type=\"widget\" data-widget_type=\"text-editor.default\">\n\t\t\t\t<div class=\"elementor-widget-container\">\n\t\t\t\t\t\t\t\t\t<ul>\n<li>\n<p><strong>Nicaragua<\/strong>: <em>El G\u00fceg\u00fcense<\/em><br \/>Una de las representaciones teatrales m\u00e1s antiguas de Am\u00e9rica, <em>El G\u00fceg\u00fcense<\/em> es un drama sat\u00edrico que mezcla elementos ind\u00edgenas y espa\u00f1oles coloniales. Refleja la resistencia nicarag\u00fcense al dominio colonial y es c\u00e9lebre por sus ingeniosos di\u00e1logos, su vibrante vestuario y su acompa\u00f1amiento musical. <\/p>\n<\/li>\n<li>\n<p><strong>Rep\u00fablica Dominicana<\/strong>: <em>La Fraternidad del Esp\u00edritu Santo de Villa Mella<\/em><br \/>Esta hermandad religiosa mantiene las pr\u00e1cticas culturales africanas en la Rep\u00fablica Dominicana a trav\u00e9s de sus vibrantes procesiones y rituales. Las actuaciones de m\u00fasica sacra de la Fraternidad y el uso de instrumentos tradicionales, como los congos, son vitales para la conservaci\u00f3n de la identidad cultural africana en el Caribe. <\/p>\n<\/li>\n<li>\n<p><strong>Colombia<\/strong>: <em>Palenque de San Basilio<\/em><br \/>Reconocido como el primer pueblo libre de africanos esclavizados en Am\u00e9rica, <em>San Basilio<\/em> conserva su lengua, costumbres y tradiciones \u00fanicas. Sus habitantes han conseguido mantener vivas sus ra\u00edces africanas, convirti\u00e9ndolo en un importante lugar cultural e hist\u00f3rico de Colombia. <\/p>\n<\/li>\n<li>\n<p><strong>Belice, Guatemala, Honduras, Nicaragua<\/strong>: <em>Lengua, Danza y M\u00fasica Gar\u00edfunas<\/em><br \/>El pueblo gar\u00edfuna, descendiente de poblaciones ind\u00edgenas caribes y arawak mezcladas con africanos, tiene una rica tradici\u00f3n cultural. Su lengua, su m\u00fasica y su danza encarnan sus luchas y su resistencia, especialmente su m\u00fasica punta, una vibrante expresi\u00f3n de su identidad. <\/p>\n<\/li>\n<\/ul>\n\t\t\t\t\t\t\t\t<\/div>\n\t\t\t\t<\/div>\n\t\t\t\t<section class=\"elementor-section elementor-inner-section elementor-element elementor-element-9bf618b elementor-section-boxed elementor-section-height-default elementor-section-height-default\" data-id=\"9bf618b\" data-element_type=\"section\">\n\t\t\t\t\t\t<div class=\"elementor-container elementor-column-gap-default\">\n\t\t\t\t\t<div class=\"elementor-column elementor-col-25 elementor-inner-column elementor-element elementor-element-4b758b3\" data-id=\"4b758b3\" data-element_type=\"column\">\n\t\t\t<div class=\"elementor-widget-wrap elementor-element-populated\">\n\t\t\t\t\t\t<div class=\"elementor-element elementor-element-672ef49 elementor-widget elementor-widget-image\" data-id=\"672ef49\" data-element_type=\"widget\" data-widget_type=\"image.default\">\n\t\t\t\t<div class=\"elementor-widget-container\">\n\t\t\t\t\t\t\t\t\t\t\t\t<figure class=\"wp-caption\">\n\t\t\t\t\t\t\t\t\t\t<img fetchpriority=\"high\" decoding=\"async\" width=\"800\" height=\"600\" src=\"https:\/\/richeskarayib.com\/wp-content\/uploads\/2024\/10\/11216-1024x768.jpg\" class=\"attachment-large size-large wp-image-40967\" alt=\"\" srcset=\"https:\/\/richeskarayib.com\/wp-content\/uploads\/2024\/10\/11216-1024x768.jpg 1024w, https:\/\/richeskarayib.com\/wp-content\/uploads\/2024\/10\/11216-300x225.jpg 300w, https:\/\/richeskarayib.com\/wp-content\/uploads\/2024\/10\/11216-768x576.jpg 768w, https:\/\/richeskarayib.com\/wp-content\/uploads\/2024\/10\/11216.jpg 1280w\" sizes=\"(max-width: 800px) 100vw, 800px\" \/>\t\t\t\t\t\t\t\t\t\t\t<figcaption class=\"widget-image-caption wp-caption-text\">Nicaragua: El G\u00fceg\u00fcense<\/figcaption>\n\t\t\t\t\t\t\t\t\t\t<\/figure>\n\t\t\t\t\t\t\t\t\t<\/div>\n\t\t\t\t<\/div>\n\t\t\t\t\t<\/div>\n\t\t<\/div>\n\t\t\t\t<div class=\"elementor-column elementor-col-25 elementor-inner-column elementor-element elementor-element-e746bfa\" data-id=\"e746bfa\" data-element_type=\"column\">\n\t\t\t<div class=\"elementor-widget-wrap elementor-element-populated\">\n\t\t\t\t\t\t<div class=\"elementor-element elementor-element-27d9715 elementor-widget elementor-widget-image\" data-id=\"27d9715\" data-element_type=\"widget\" data-widget_type=\"image.default\">\n\t\t\t\t<div class=\"elementor-widget-container\">\n\t\t\t\t\t\t\t\t\t\t\t\t<figure class=\"wp-caption\">\n\t\t\t\t\t\t\t\t\t\t<img decoding=\"async\" width=\"600\" height=\"397\" src=\"https:\/\/richeskarayib.com\/wp-content\/uploads\/2024\/10\/00550.jpg\" class=\"attachment-large size-large wp-image-40988\" alt=\"\" srcset=\"https:\/\/richeskarayib.com\/wp-content\/uploads\/2024\/10\/00550.jpg 600w, https:\/\/richeskarayib.com\/wp-content\/uploads\/2024\/10\/00550-300x199.jpg 300w\" sizes=\"(max-width: 600px) 100vw, 600px\" \/>\t\t\t\t\t\t\t\t\t\t\t<figcaption class=\"widget-image-caption wp-caption-text\">Rep\u00fablica Dominicana: La Fraternidad del Esp\u00edritu Santo de Villa Mella<\/figcaption>\n\t\t\t\t\t\t\t\t\t\t<\/figure>\n\t\t\t\t\t\t\t\t\t<\/div>\n\t\t\t\t<\/div>\n\t\t\t\t\t<\/div>\n\t\t<\/div>\n\t\t\t\t<div class=\"elementor-column elementor-col-25 elementor-inner-column elementor-element elementor-element-dd4ef16\" data-id=\"dd4ef16\" data-element_type=\"column\">\n\t\t\t<div class=\"elementor-widget-wrap elementor-element-populated\">\n\t\t\t\t\t\t<div class=\"elementor-element elementor-element-02da88a elementor-widget elementor-widget-image\" data-id=\"02da88a\" data-element_type=\"widget\" data-widget_type=\"image.default\">\n\t\t\t\t<div class=\"elementor-widget-container\">\n\t\t\t\t\t\t\t\t\t\t\t\t<figure class=\"wp-caption\">\n\t\t\t\t\t\t\t\t\t\t<img decoding=\"async\" width=\"800\" height=\"561\" src=\"https:\/\/richeskarayib.com\/wp-content\/uploads\/2024\/10\/00835-1024x718.jpg\" class=\"attachment-large size-large wp-image-41000\" alt=\"\" srcset=\"https:\/\/richeskarayib.com\/wp-content\/uploads\/2024\/10\/00835-1024x718.jpg 1024w, https:\/\/richeskarayib.com\/wp-content\/uploads\/2024\/10\/00835-300x210.jpg 300w, https:\/\/richeskarayib.com\/wp-content\/uploads\/2024\/10\/00835-768x539.jpg 768w, https:\/\/richeskarayib.com\/wp-content\/uploads\/2024\/10\/00835-1536x1078.jpg 1536w, https:\/\/richeskarayib.com\/wp-content\/uploads\/2024\/10\/00835-2048x1437.jpg 2048w, https:\/\/richeskarayib.com\/wp-content\/uploads\/2024\/10\/00835-1320x926.jpg 1320w\" sizes=\"(max-width: 800px) 100vw, 800px\" \/>\t\t\t\t\t\t\t\t\t\t\t<figcaption class=\"widget-image-caption wp-caption-text\">Colombia: Palenque de San Basilio<\/figcaption>\n\t\t\t\t\t\t\t\t\t\t<\/figure>\n\t\t\t\t\t\t\t\t\t<\/div>\n\t\t\t\t<\/div>\n\t\t\t\t\t<\/div>\n\t\t<\/div>\n\t\t\t\t<div class=\"elementor-column elementor-col-25 elementor-inner-column elementor-element elementor-element-00c4909\" data-id=\"00c4909\" data-element_type=\"column\">\n\t\t\t<div class=\"elementor-widget-wrap elementor-element-populated\">\n\t\t\t\t\t\t<div class=\"elementor-element elementor-element-be010b4 elementor-widget elementor-widget-image\" data-id=\"be010b4\" data-element_type=\"widget\" data-widget_type=\"image.default\">\n\t\t\t\t<div class=\"elementor-widget-container\">\n\t\t\t\t\t\t\t\t\t\t\t\t<figure class=\"wp-caption\">\n\t\t\t\t\t\t\t\t\t\t<img loading=\"lazy\" decoding=\"async\" width=\"800\" height=\"532\" src=\"https:\/\/richeskarayib.com\/wp-content\/uploads\/2024\/10\/11254-1024x681.jpg\" class=\"attachment-large size-large wp-image-41004\" alt=\"\" srcset=\"https:\/\/richeskarayib.com\/wp-content\/uploads\/2024\/10\/11254-1024x681.jpg 1024w, https:\/\/richeskarayib.com\/wp-content\/uploads\/2024\/10\/11254-300x199.jpg 300w, https:\/\/richeskarayib.com\/wp-content\/uploads\/2024\/10\/11254-768x511.jpg 768w, https:\/\/richeskarayib.com\/wp-content\/uploads\/2024\/10\/11254-1536x1021.jpg 1536w, https:\/\/richeskarayib.com\/wp-content\/uploads\/2024\/10\/11254-2048x1362.jpg 2048w, https:\/\/richeskarayib.com\/wp-content\/uploads\/2024\/10\/11254-1320x878.jpg 1320w\" sizes=\"(max-width: 800px) 100vw, 800px\" \/>\t\t\t\t\t\t\t\t\t\t\t<figcaption class=\"widget-image-caption wp-caption-text\">Belice, Guatemala, Honduras, Nicaragua: Lengua, danza y m\u00fasica gar\u00edfunas<\/figcaption>\n\t\t\t\t\t\t\t\t\t\t<\/figure>\n\t\t\t\t\t\t\t\t\t<\/div>\n\t\t\t\t<\/div>\n\t\t\t\t\t<\/div>\n\t\t<\/div>\n\t\t\t\t\t<\/div>\n\t\t<\/section>\n\t\t\t\t<div class=\"elementor-element elementor-element-014feb7 elementor-widget elementor-widget-text-editor\" data-id=\"014feb7\" data-element_type=\"widget\" data-widget_type=\"text-editor.default\">\n\t\t\t\t<div class=\"elementor-widget-container\">\n\t\t\t\t\t\t\t\t\t<ul>\n<li>\n<p><strong>Rep\u00fablica Dominicana: <\/strong>Teatro de Danza Cocolo<br \/>La tradici\u00f3n del teatro de danza Cocolo se origin\u00f3 entre los descendientes de esclavos caribe\u00f1os brit\u00e1nicos a mediados del siglo XIX. Esta vibrante expresi\u00f3n cultural mezcla elementos africanos y europeos y se celebra mediante representaciones anuales durante la Navidad y el Carnaval. <\/p>\n<\/li>\n<li>\n<p><strong>Guatemala: <\/strong>La Tradici\u00f3n Danzaria del Rabinal Ach\u00ed<br \/>El Rabinal Ach\u00ed es un drama din\u00e1stico maya del siglo XV que refleja las tradiciones prehisp\u00e1nicas y se presenta mediante danzas enmascaradas y representaciones teatrales. Bailado anualmente el 25 de enero por San Pablo, conecta a los vivos con sus antepasados, haciendo hincapi\u00e9 en la herencia cultural y la continuidad. <\/p>\n<\/li>\n<li>\n<p><strong>Cuba: <\/strong>La Tradici\u00f3n Danzaria de la Tumba Francesa<br \/>La Tumba Francesa, que significa &#8220;tambor franc\u00e9s&#8221;, es un estilo de danza, canto y percusi\u00f3n importado a Cuba por los esclavos haitianos en la d\u00e9cada de 1790 y refleja la herencia afrohaitiana de la provincia de Oriente. Se caracteriza por una fusi\u00f3n de la m\u00fasica Dahomey de \u00c1frica Occidental y las danzas tradicionales francesas, con vibrantes actuaciones dirigidas por un cantante y acompa\u00f1adas por distintos tambores tocados a mano y bailarinas con vestidos de estilo colonial. <\/p>\n<\/li>\n<li>\n<p><strong>Colombia: <\/strong>El Carnaval de Barranquilla<br \/>El Carnaval de Barranquilla, que se celebra anualmente durante cuatro d\u00edas antes de la Cuaresma, presenta una vibrante mezcla de danzas y m\u00fasica de diversas culturas colombianas, reflejo del rico patrimonio de la ciudad. Esta fusi\u00f3n de tradiciones ind\u00edgenas, europeas y africanas se exhibe a trav\u00e9s de animadas actuaciones, coloridos disfraces y canciones sat\u00edricas que involucran a la comunidad y celebran la vida contempor\u00e1nea&#8230; <\/p>\n<\/li>\n<\/ul>\n\t\t\t\t\t\t\t\t<\/div>\n\t\t\t\t<\/div>\n\t\t\t\t<section class=\"elementor-section elementor-inner-section elementor-element elementor-element-dc2e68f elementor-section-boxed elementor-section-height-default elementor-section-height-default\" data-id=\"dc2e68f\" data-element_type=\"section\">\n\t\t\t\t\t\t<div class=\"elementor-container elementor-column-gap-default\">\n\t\t\t\t\t<div class=\"elementor-column elementor-col-25 elementor-inner-column elementor-element elementor-element-270c5e2\" data-id=\"270c5e2\" data-element_type=\"column\">\n\t\t\t<div class=\"elementor-widget-wrap elementor-element-populated\">\n\t\t\t\t\t\t<div class=\"elementor-element elementor-element-bc19a08 elementor-widget elementor-widget-image\" data-id=\"bc19a08\" data-element_type=\"widget\" data-widget_type=\"image.default\">\n\t\t\t\t<div class=\"elementor-widget-container\">\n\t\t\t\t\t\t\t\t\t\t\t\t<figure class=\"wp-caption\">\n\t\t\t\t\t\t\t\t\t\t<img loading=\"lazy\" decoding=\"async\" width=\"800\" height=\"548\" src=\"https:\/\/richeskarayib.com\/wp-content\/uploads\/2024\/10\/00035-1024x702.jpg\" class=\"attachment-large size-large wp-image-41008\" alt=\"\" srcset=\"https:\/\/richeskarayib.com\/wp-content\/uploads\/2024\/10\/00035-1024x702.jpg 1024w, https:\/\/richeskarayib.com\/wp-content\/uploads\/2024\/10\/00035-300x206.jpg 300w, https:\/\/richeskarayib.com\/wp-content\/uploads\/2024\/10\/00035-768x527.jpg 768w, https:\/\/richeskarayib.com\/wp-content\/uploads\/2024\/10\/00035-1320x905.jpg 1320w, https:\/\/richeskarayib.com\/wp-content\/uploads\/2024\/10\/00035.jpg 1452w\" sizes=\"(max-width: 800px) 100vw, 800px\" \/>\t\t\t\t\t\t\t\t\t\t\t<figcaption class=\"widget-image-caption wp-caption-text\">Rep\u00fablica Dominicana: Teatro de Danza Cocolo<\/figcaption>\n\t\t\t\t\t\t\t\t\t\t<\/figure>\n\t\t\t\t\t\t\t\t\t<\/div>\n\t\t\t\t<\/div>\n\t\t\t\t\t<\/div>\n\t\t<\/div>\n\t\t\t\t<div class=\"elementor-column elementor-col-25 elementor-inner-column elementor-element elementor-element-a6cbe47\" data-id=\"a6cbe47\" data-element_type=\"column\">\n\t\t\t<div class=\"elementor-widget-wrap elementor-element-populated\">\n\t\t\t\t\t\t<div class=\"elementor-element elementor-element-77d064d elementor-widget elementor-widget-image\" data-id=\"77d064d\" data-element_type=\"widget\" data-widget_type=\"image.default\">\n\t\t\t\t<div class=\"elementor-widget-container\">\n\t\t\t\t\t\t\t\t\t\t\t\t<figure class=\"wp-caption\">\n\t\t\t\t\t\t\t\t\t\t<img loading=\"lazy\" decoding=\"async\" width=\"800\" height=\"498\" src=\"https:\/\/richeskarayib.com\/wp-content\/uploads\/2024\/10\/00498-1024x637.jpg\" class=\"attachment-large size-large wp-image-41012\" alt=\"\" srcset=\"https:\/\/richeskarayib.com\/wp-content\/uploads\/2024\/10\/00498-1024x637.jpg 1024w, https:\/\/richeskarayib.com\/wp-content\/uploads\/2024\/10\/00498-300x187.jpg 300w, https:\/\/richeskarayib.com\/wp-content\/uploads\/2024\/10\/00498-768x478.jpg 768w, https:\/\/richeskarayib.com\/wp-content\/uploads\/2024\/10\/00498-1320x821.jpg 1320w, https:\/\/richeskarayib.com\/wp-content\/uploads\/2024\/10\/00498.jpg 1476w\" sizes=\"(max-width: 800px) 100vw, 800px\" \/>\t\t\t\t\t\t\t\t\t\t\t<figcaption class=\"widget-image-caption wp-caption-text\">Guatemala: La tradici\u00f3n del teatro de danza Rabinal Ach\u00ed<\/figcaption>\n\t\t\t\t\t\t\t\t\t\t<\/figure>\n\t\t\t\t\t\t\t\t\t<\/div>\n\t\t\t\t<\/div>\n\t\t\t\t\t<\/div>\n\t\t<\/div>\n\t\t\t\t<div class=\"elementor-column elementor-col-25 elementor-inner-column elementor-element elementor-element-b8ee12d\" data-id=\"b8ee12d\" data-element_type=\"column\">\n\t\t\t<div class=\"elementor-widget-wrap elementor-element-populated\">\n\t\t\t\t\t\t<div class=\"elementor-element elementor-element-e3752a5 elementor-widget elementor-widget-image\" data-id=\"e3752a5\" data-element_type=\"widget\" data-widget_type=\"image.default\">\n\t\t\t\t<div class=\"elementor-widget-container\">\n\t\t\t\t\t\t\t\t\t\t\t\t<figure class=\"wp-caption\">\n\t\t\t\t\t\t\t\t\t\t<img loading=\"lazy\" decoding=\"async\" width=\"800\" height=\"532\" src=\"https:\/\/richeskarayib.com\/wp-content\/uploads\/2024\/10\/11245-1024x681.jpg\" class=\"attachment-large size-large wp-image-41016\" alt=\"\" srcset=\"https:\/\/richeskarayib.com\/wp-content\/uploads\/2024\/10\/11245-1024x681.jpg 1024w, https:\/\/richeskarayib.com\/wp-content\/uploads\/2024\/10\/11245-300x199.jpg 300w, https:\/\/richeskarayib.com\/wp-content\/uploads\/2024\/10\/11245-768x511.jpg 768w, https:\/\/richeskarayib.com\/wp-content\/uploads\/2024\/10\/11245-1536x1021.jpg 1536w, https:\/\/richeskarayib.com\/wp-content\/uploads\/2024\/10\/11245-2048x1362.jpg 2048w, https:\/\/richeskarayib.com\/wp-content\/uploads\/2024\/10\/11245-1320x878.jpg 1320w\" sizes=\"(max-width: 800px) 100vw, 800px\" \/>\t\t\t\t\t\t\t\t\t\t\t<figcaption class=\"widget-image-caption wp-caption-text\">Cuba: La tradici\u00f3n de la danza Tumba Francesa<\/figcaption>\n\t\t\t\t\t\t\t\t\t\t<\/figure>\n\t\t\t\t\t\t\t\t\t<\/div>\n\t\t\t\t<\/div>\n\t\t\t\t\t<\/div>\n\t\t<\/div>\n\t\t\t\t<div class=\"elementor-column elementor-col-25 elementor-inner-column elementor-element elementor-element-05456eb\" data-id=\"05456eb\" data-element_type=\"column\">\n\t\t\t<div class=\"elementor-widget-wrap elementor-element-populated\">\n\t\t\t\t\t\t<div class=\"elementor-element elementor-element-6e31651 elementor-widget elementor-widget-image\" data-id=\"6e31651\" data-element_type=\"widget\" data-widget_type=\"image.default\">\n\t\t\t\t<div class=\"elementor-widget-container\">\n\t\t\t\t\t\t\t\t\t\t\t\t<figure class=\"wp-caption\">\n\t\t\t\t\t\t\t\t\t\t<img loading=\"lazy\" decoding=\"async\" width=\"792\" height=\"697\" src=\"https:\/\/richeskarayib.com\/wp-content\/uploads\/2024\/10\/00826.jpg\" class=\"attachment-large size-large wp-image-41020\" alt=\"\" srcset=\"https:\/\/richeskarayib.com\/wp-content\/uploads\/2024\/10\/00826.jpg 792w, https:\/\/richeskarayib.com\/wp-content\/uploads\/2024\/10\/00826-300x264.jpg 300w, https:\/\/richeskarayib.com\/wp-content\/uploads\/2024\/10\/00826-768x676.jpg 768w\" sizes=\"(max-width: 792px) 100vw, 792px\" \/>\t\t\t\t\t\t\t\t\t\t\t<figcaption class=\"widget-image-caption wp-caption-text\">Colombia: El Carnaval de Barranquilla<\/figcaption>\n\t\t\t\t\t\t\t\t\t\t<\/figure>\n\t\t\t\t\t\t\t\t\t<\/div>\n\t\t\t\t<\/div>\n\t\t\t\t\t<\/div>\n\t\t<\/div>\n\t\t\t\t\t<\/div>\n\t\t<\/section>\n\t\t\t\t<div class=\"elementor-element elementor-element-6f4cdc0 elementor-widget elementor-widget-text-editor\" data-id=\"6f4cdc0\" data-element_type=\"widget\" data-widget_type=\"text-editor.default\">\n\t\t\t\t<div class=\"elementor-widget-container\">\n\t\t\t\t\t\t\t\t\t<ul>\n<li>\n<p><strong>M\u00e9xico: <\/strong>Fiestas Ind\u00edgenas Dedicadas a los Muertos<br \/>El D\u00eda de los Muertos es celebrado por las comunidades ind\u00edgenas de M\u00e9xico como una forma de honrar el regreso temporal de los seres queridos fallecidos, con festividades que tienen lugar desde finales de octubre hasta principios de noviembre. Las familias preparan altares con ofrendas y comidas favoritas de los difuntos, reflejando una mezcla de tradiciones prehisp\u00e1nicas y cat\u00f3licas que refuerza los lazos comunitarios y la identidad cultural. <\/p>\n<\/li>\n<li>\n<p><strong>Jamaica:<\/strong> Las Tradiciones de los Cimarrones de Moore Town<br \/>Los cimarrones de Moore Town, descendientes de africanos esclavizados huidos, han conservado un patrimonio cultural \u00fanico que incluye el Kromanti Play, una mezcla de tradiciones africanas expresadas a trav\u00e9s de la danza, la m\u00fasica y los rituales en honor a sus antepasados. A pesar de enfrentarse a la oposici\u00f3n de los misioneros y a los problemas econ\u00f3micos, estas tradiciones siguen siendo fundamentales para la identidad y la resistencia de la comunidad cimarrona. <\/p>\n<\/li>\n<li>\n<div id=\"chat-container\" class=\"MuiBox-root css-1doti8t\">\n<div class=\"MuiBox-root css-l9xzq2\">\n<div id=\"message-528674\" class=\"MuiBox-root css-50osq3\">\n<div class=\"MuiBox-root css-iaph2i\">\n<div class=\"MuiBox-root css-bx8f2y\">\n<div class=\"MuiBox-root css-1xk175u\">\n<div class=\"MuiBox-root css-1xk175u\">\n<div class=\"MuiBox-root css-1gzasfs\">\n<div class=\"MuiBox-root css-rvffcs\">\n<p><strong>Costa Rica: <\/strong>Tradiciones pastorales y carretas de bueyes<br \/>La tradicional carreta de bueyes, conocida como carreta, es un c\u00e9lebre s\u00edmbolo de la cultura costarricense, utilizada originalmente para transportar caf\u00e9 y adornada con vibrantes dise\u00f1os regionales. A pesar de que su uso pr\u00e1ctico ha disminuido, estas carretas intrincadamente decoradas siguen siendo una apreciada representaci\u00f3n del patrimonio rural del pa\u00eds y ocupan un lugar destacado en festivales y desfiles. <\/p>\n<\/p><\/div>\n<\/p><\/div>\n<\/p><\/div>\n<\/p><\/div>\n<\/p><\/div>\n<\/p><\/div>\n<\/p><\/div>\n<\/p><\/div>\n<\/p><\/div>\n<\/li>\n<\/ul>\n\t\t\t\t\t\t\t\t<\/div>\n\t\t\t\t<\/div>\n\t\t\t\t<section class=\"elementor-section elementor-inner-section elementor-element elementor-element-5abd23d elementor-section-boxed elementor-section-height-default elementor-section-height-default\" data-id=\"5abd23d\" data-element_type=\"section\">\n\t\t\t\t\t\t<div class=\"elementor-container elementor-column-gap-default\">\n\t\t\t\t\t<div class=\"elementor-column elementor-col-33 elementor-inner-column elementor-element elementor-element-c327e28\" data-id=\"c327e28\" data-element_type=\"column\">\n\t\t\t<div class=\"elementor-widget-wrap elementor-element-populated\">\n\t\t\t\t\t\t<div class=\"elementor-element elementor-element-e41b3cf elementor-widget elementor-widget-image\" data-id=\"e41b3cf\" data-element_type=\"widget\" data-widget_type=\"image.default\">\n\t\t\t\t<div class=\"elementor-widget-container\">\n\t\t\t\t\t\t\t\t\t\t\t\t<figure class=\"wp-caption\">\n\t\t\t\t\t\t\t\t\t\t<img loading=\"lazy\" decoding=\"async\" width=\"792\" height=\"530\" src=\"https:\/\/richeskarayib.com\/wp-content\/uploads\/2024\/10\/00856.jpg\" class=\"attachment-large size-large wp-image-41024\" alt=\"\" srcset=\"https:\/\/richeskarayib.com\/wp-content\/uploads\/2024\/10\/00856.jpg 792w, https:\/\/richeskarayib.com\/wp-content\/uploads\/2024\/10\/00856-300x201.jpg 300w, https:\/\/richeskarayib.com\/wp-content\/uploads\/2024\/10\/00856-768x514.jpg 768w\" sizes=\"(max-width: 792px) 100vw, 792px\" \/>\t\t\t\t\t\t\t\t\t\t\t<figcaption class=\"widget-image-caption wp-caption-text\">M\u00e9xico: Fiestas ind\u00edgenas dedicadas a los muertos<\/figcaption>\n\t\t\t\t\t\t\t\t\t\t<\/figure>\n\t\t\t\t\t\t\t\t\t<\/div>\n\t\t\t\t<\/div>\n\t\t\t\t\t<\/div>\n\t\t<\/div>\n\t\t\t\t<div class=\"elementor-column elementor-col-33 elementor-inner-column elementor-element elementor-element-820b654\" data-id=\"820b654\" data-element_type=\"column\">\n\t\t\t<div class=\"elementor-widget-wrap elementor-element-populated\">\n\t\t\t\t\t\t<div class=\"elementor-element elementor-element-a687798 elementor-widget elementor-widget-image\" data-id=\"a687798\" data-element_type=\"widget\" data-widget_type=\"image.default\">\n\t\t\t\t<div class=\"elementor-widget-container\">\n\t\t\t\t\t\t\t\t\t\t\t\t<figure class=\"wp-caption\">\n\t\t\t\t\t\t\t\t\t\t<img loading=\"lazy\" decoding=\"async\" width=\"800\" height=\"541\" src=\"https:\/\/richeskarayib.com\/wp-content\/uploads\/2024\/10\/11272-1024x692.jpg\" class=\"attachment-large size-large wp-image-41036\" alt=\"\" srcset=\"https:\/\/richeskarayib.com\/wp-content\/uploads\/2024\/10\/11272-1024x692.jpg 1024w, https:\/\/richeskarayib.com\/wp-content\/uploads\/2024\/10\/11272-300x203.jpg 300w, https:\/\/richeskarayib.com\/wp-content\/uploads\/2024\/10\/11272-768x519.jpg 768w, https:\/\/richeskarayib.com\/wp-content\/uploads\/2024\/10\/11272-1536x1038.jpg 1536w, https:\/\/richeskarayib.com\/wp-content\/uploads\/2024\/10\/11272-2048x1384.jpg 2048w, https:\/\/richeskarayib.com\/wp-content\/uploads\/2024\/10\/11272-1320x892.jpg 1320w\" sizes=\"(max-width: 800px) 100vw, 800px\" \/>\t\t\t\t\t\t\t\t\t\t\t<figcaption class=\"widget-image-caption wp-caption-text\">Jamaica: Las tradiciones de los cimarrones de Moore Town<\/figcaption>\n\t\t\t\t\t\t\t\t\t\t<\/figure>\n\t\t\t\t\t\t\t\t\t<\/div>\n\t\t\t\t<\/div>\n\t\t\t\t\t<\/div>\n\t\t<\/div>\n\t\t\t\t<div class=\"elementor-column elementor-col-33 elementor-inner-column elementor-element elementor-element-b2ed732\" data-id=\"b2ed732\" data-element_type=\"column\">\n\t\t\t<div class=\"elementor-widget-wrap elementor-element-populated\">\n\t\t\t\t\t\t<div class=\"elementor-element elementor-element-be1eed5 elementor-widget elementor-widget-image\" data-id=\"be1eed5\" data-element_type=\"widget\" data-widget_type=\"image.default\">\n\t\t\t\t<div class=\"elementor-widget-container\">\n\t\t\t\t\t\t\t\t\t\t\t\t<figure class=\"wp-caption\">\n\t\t\t\t\t\t\t\t\t\t<img loading=\"lazy\" decoding=\"async\" width=\"600\" height=\"396\" src=\"https:\/\/richeskarayib.com\/wp-content\/uploads\/2024\/10\/00807.jpg\" class=\"attachment-large size-large wp-image-41040\" alt=\"\" srcset=\"https:\/\/richeskarayib.com\/wp-content\/uploads\/2024\/10\/00807.jpg 600w, https:\/\/richeskarayib.com\/wp-content\/uploads\/2024\/10\/00807-300x198.jpg 300w\" sizes=\"(max-width: 600px) 100vw, 600px\" \/>\t\t\t\t\t\t\t\t\t\t\t<figcaption class=\"widget-image-caption wp-caption-text\">Costa Rica: Tradiciones pastoriles y carretas de bueyes<\/figcaption>\n\t\t\t\t\t\t\t\t\t\t<\/figure>\n\t\t\t\t\t\t\t\t\t<\/div>\n\t\t\t\t<\/div>\n\t\t\t\t\t<\/div>\n\t\t<\/div>\n\t\t\t\t\t<\/div>\n\t\t<\/section>\n\t\t\t\t\t<\/div>\n\t\t<\/div>\n\t\t\t\t\t<\/div>\n\t\t<\/section>\n\t\t\t\t<section class=\"elementor-section elementor-top-section elementor-element elementor-element-837acd0 elementor-section-boxed elementor-section-height-default elementor-section-height-default\" data-id=\"837acd0\" data-element_type=\"section\">\n\t\t\t\t\t\t<div class=\"elementor-container elementor-column-gap-default\">\n\t\t\t\t\t<div class=\"elementor-column elementor-col-100 elementor-top-column elementor-element elementor-element-dbbf243\" data-id=\"dbbf243\" data-element_type=\"column\">\n\t\t\t<div class=\"elementor-widget-wrap elementor-element-populated\">\n\t\t\t\t\t\t<div class=\"elementor-element elementor-element-164d889 elementor-widget elementor-widget-heading\" data-id=\"164d889\" data-element_type=\"widget\" data-widget_type=\"heading.default\">\n\t\t\t\t<div class=\"elementor-widget-container\">\n\t\t\t\t\t<h2 class=\"elementor-heading-title elementor-size-default\">2009<\/h2>\t\t\t\t<\/div>\n\t\t\t\t<\/div>\n\t\t\t\t<div class=\"elementor-element elementor-element-87b244f elementor-widget elementor-widget-text-editor\" data-id=\"87b244f\" data-element_type=\"widget\" data-widget_type=\"text-editor.default\">\n\t\t\t\t<div class=\"elementor-widget-container\">\n\t\t\t\t\t\t\t\t\t<ul>\n<li>\n<p><strong>Colombia<\/strong>: <em>Carnaval de Negros y Blancos<\/em><br \/>Celebrado en la ciudad de Pasto, este carnaval re\u00fane a personas de distintas etnias para celebrar la diversidad cultural. Simboliza la unidad de todas las razas y presenta coloridos desfiles, elaborados disfraces y bailes tradicionales. <\/p>\n<\/li>\n<li>\n<p><strong>Colombia<\/strong>: <em>Procesiones de Semana Santa en Popay\u00e1n<\/em><br \/>Una de las tradiciones religiosas m\u00e1s antiguas de Am\u00e9rica Latina, estas procesiones est\u00e1n marcadas por la reverencia y la devoci\u00f3n. Los participantes llevan iconos religiosos por las calles, manteniendo una atm\u00f3sfera solemne mientras la comunidad honra su fe. <\/p>\n<\/li>\n<li>\n<p><strong>M\u00e9xico<\/strong>: <em>Ceremonia de los Voladores<\/em><br \/>Este antiguo ritual mesoamericano consiste en que los artistas suban a un palo alto y giren hacia el suelo, imitando el descenso de los p\u00e1jaros. Es un acto espiritual destinado a honrar a los dioses y pedir bendiciones para la fertilidad y una buena cosecha. <\/p>\n<\/li>\n<\/ul>\n<ul>\n<li><strong>M\u00e9xico: <\/strong>Patrimonio Otom\u00ed-Chichimeca<br \/>El pueblo otom\u00ed-chichimeca de Quer\u00e9taro honra su conexi\u00f3n con la tierra mediante peregrinaciones anuales a lugares sagrados como la Pe\u00f1a de Bernal, rezando por el agua y las bendiciones ancestrales. Sus vibrantes tradiciones y rituales son esenciales para su identidad cultural. <\/li>\n<\/ul>\n\t\t\t\t\t\t\t\t<\/div>\n\t\t\t\t<\/div>\n\t\t\t\t<section class=\"elementor-section elementor-inner-section elementor-element elementor-element-f115a45 elementor-section-boxed elementor-section-height-default elementor-section-height-default\" data-id=\"f115a45\" data-element_type=\"section\">\n\t\t\t\t\t\t<div class=\"elementor-container elementor-column-gap-default\">\n\t\t\t\t\t<div class=\"elementor-column elementor-col-25 elementor-inner-column elementor-element elementor-element-6c67097\" data-id=\"6c67097\" data-element_type=\"column\">\n\t\t\t<div class=\"elementor-widget-wrap elementor-element-populated\">\n\t\t\t\t\t\t<div class=\"elementor-element elementor-element-5c7afa1 elementor-widget elementor-widget-image\" data-id=\"5c7afa1\" data-element_type=\"widget\" data-widget_type=\"image.default\">\n\t\t\t\t<div class=\"elementor-widget-container\">\n\t\t\t\t\t\t\t\t\t\t\t\t<figure class=\"wp-caption\">\n\t\t\t\t\t\t\t\t\t\t<img loading=\"lazy\" decoding=\"async\" width=\"800\" height=\"600\" src=\"https:\/\/richeskarayib.com\/wp-content\/uploads\/2024\/10\/01213-1024x768.jpg\" class=\"attachment-large size-large wp-image-41048\" alt=\"\" srcset=\"https:\/\/richeskarayib.com\/wp-content\/uploads\/2024\/10\/01213-1024x768.jpg 1024w, https:\/\/richeskarayib.com\/wp-content\/uploads\/2024\/10\/01213-300x225.jpg 300w, https:\/\/richeskarayib.com\/wp-content\/uploads\/2024\/10\/01213-768x576.jpg 768w, https:\/\/richeskarayib.com\/wp-content\/uploads\/2024\/10\/01213-1536x1152.jpg 1536w, https:\/\/richeskarayib.com\/wp-content\/uploads\/2024\/10\/01213-2048x1536.jpg 2048w, https:\/\/richeskarayib.com\/wp-content\/uploads\/2024\/10\/01213-1320x990.jpg 1320w\" sizes=\"(max-width: 800px) 100vw, 800px\" \/>\t\t\t\t\t\t\t\t\t\t\t<figcaption class=\"widget-image-caption wp-caption-text\">Colombia: Carnaval de Negros y Blancos<\/figcaption>\n\t\t\t\t\t\t\t\t\t\t<\/figure>\n\t\t\t\t\t\t\t\t\t<\/div>\n\t\t\t\t<\/div>\n\t\t\t\t\t<\/div>\n\t\t<\/div>\n\t\t\t\t<div class=\"elementor-column elementor-col-25 elementor-inner-column elementor-element elementor-element-6d2c572\" data-id=\"6d2c572\" data-element_type=\"column\">\n\t\t\t<div class=\"elementor-widget-wrap elementor-element-populated\">\n\t\t\t\t\t\t<div class=\"elementor-element elementor-element-3d26f41 elementor-widget elementor-widget-image\" data-id=\"3d26f41\" data-element_type=\"widget\" data-widget_type=\"image.default\">\n\t\t\t\t<div class=\"elementor-widget-container\">\n\t\t\t\t\t\t\t\t\t\t\t\t<figure class=\"wp-caption\">\n\t\t\t\t\t\t\t\t\t\t<img loading=\"lazy\" decoding=\"async\" width=\"800\" height=\"536\" src=\"https:\/\/richeskarayib.com\/wp-content\/uploads\/2024\/10\/01756-1024x686.jpg\" class=\"attachment-large size-large wp-image-41052\" alt=\"\" srcset=\"https:\/\/richeskarayib.com\/wp-content\/uploads\/2024\/10\/01756-1024x686.jpg 1024w, https:\/\/richeskarayib.com\/wp-content\/uploads\/2024\/10\/01756-300x201.jpg 300w, https:\/\/richeskarayib.com\/wp-content\/uploads\/2024\/10\/01756-768x514.jpg 768w, https:\/\/richeskarayib.com\/wp-content\/uploads\/2024\/10\/01756-1536x1028.jpg 1536w, https:\/\/richeskarayib.com\/wp-content\/uploads\/2024\/10\/01756-1320x884.jpg 1320w, https:\/\/richeskarayib.com\/wp-content\/uploads\/2024\/10\/01756.jpg 2000w\" sizes=\"(max-width: 800px) 100vw, 800px\" \/>\t\t\t\t\t\t\t\t\t\t\t<figcaption class=\"widget-image-caption wp-caption-text\">Colombia: Procesiones de Semana Santa en Popay\u00e1n<\/figcaption>\n\t\t\t\t\t\t\t\t\t\t<\/figure>\n\t\t\t\t\t\t\t\t\t<\/div>\n\t\t\t\t<\/div>\n\t\t\t\t\t<\/div>\n\t\t<\/div>\n\t\t\t\t<div class=\"elementor-column elementor-col-25 elementor-inner-column elementor-element elementor-element-fabb686\" data-id=\"fabb686\" data-element_type=\"column\">\n\t\t\t<div class=\"elementor-widget-wrap elementor-element-populated\">\n\t\t\t\t\t\t<div class=\"elementor-element elementor-element-a8543fa elementor-widget elementor-widget-image\" data-id=\"a8543fa\" data-element_type=\"widget\" data-widget_type=\"image.default\">\n\t\t\t\t<div class=\"elementor-widget-container\">\n\t\t\t\t\t\t\t\t\t\t\t\t<figure class=\"wp-caption\">\n\t\t\t\t\t\t\t\t\t\t<img loading=\"lazy\" decoding=\"async\" width=\"800\" height=\"524\" src=\"https:\/\/richeskarayib.com\/wp-content\/uploads\/2024\/10\/01506.jpg\" class=\"attachment-large size-large wp-image-41056\" alt=\"\" srcset=\"https:\/\/richeskarayib.com\/wp-content\/uploads\/2024\/10\/01506.jpg 808w, https:\/\/richeskarayib.com\/wp-content\/uploads\/2024\/10\/01506-300x196.jpg 300w, https:\/\/richeskarayib.com\/wp-content\/uploads\/2024\/10\/01506-768x503.jpg 768w\" sizes=\"(max-width: 800px) 100vw, 800px\" \/>\t\t\t\t\t\t\t\t\t\t\t<figcaption class=\"widget-image-caption wp-caption-text\">M\u00e9xico: Ceremonia de los Voladores<\/figcaption>\n\t\t\t\t\t\t\t\t\t\t<\/figure>\n\t\t\t\t\t\t\t\t\t<\/div>\n\t\t\t\t<\/div>\n\t\t\t\t\t<\/div>\n\t\t<\/div>\n\t\t\t\t<div class=\"elementor-column elementor-col-25 elementor-inner-column elementor-element elementor-element-2a3843b\" data-id=\"2a3843b\" data-element_type=\"column\">\n\t\t\t<div class=\"elementor-widget-wrap elementor-element-populated\">\n\t\t\t\t\t\t<div class=\"elementor-element elementor-element-5b4ce44 elementor-widget elementor-widget-image\" data-id=\"5b4ce44\" data-element_type=\"widget\" data-widget_type=\"image.default\">\n\t\t\t\t<div class=\"elementor-widget-container\">\n\t\t\t\t\t\t\t\t\t\t\t\t<figure class=\"wp-caption\">\n\t\t\t\t\t\t\t\t\t\t<img loading=\"lazy\" decoding=\"async\" width=\"501\" height=\"334\" src=\"https:\/\/richeskarayib.com\/wp-content\/uploads\/2024\/10\/2024-10-08_19h29_20.png\" class=\"attachment-large size-large wp-image-41044\" alt=\"\" srcset=\"https:\/\/richeskarayib.com\/wp-content\/uploads\/2024\/10\/2024-10-08_19h29_20.png 501w, https:\/\/richeskarayib.com\/wp-content\/uploads\/2024\/10\/2024-10-08_19h29_20-300x200.png 300w\" sizes=\"(max-width: 501px) 100vw, 501px\" \/>\t\t\t\t\t\t\t\t\t\t\t<figcaption class=\"widget-image-caption wp-caption-text\">M\u00e9xico: Patrimonio Otom\u00ed-Chichimeca<\/figcaption>\n\t\t\t\t\t\t\t\t\t\t<\/figure>\n\t\t\t\t\t\t\t\t\t<\/div>\n\t\t\t\t<\/div>\n\t\t\t\t\t<\/div>\n\t\t<\/div>\n\t\t\t\t\t<\/div>\n\t\t<\/section>\n\t\t\t\t\t<\/div>\n\t\t<\/div>\n\t\t\t\t\t<\/div>\n\t\t<\/section>\n\t\t\t\t<section class=\"elementor-section elementor-top-section elementor-element elementor-element-dc6b7d9 elementor-section-boxed elementor-section-height-default elementor-section-height-default\" data-id=\"dc6b7d9\" data-element_type=\"section\">\n\t\t\t\t\t\t<div class=\"elementor-container elementor-column-gap-default\">\n\t\t\t\t\t<div class=\"elementor-column elementor-col-100 elementor-top-column elementor-element elementor-element-053f849\" data-id=\"053f849\" data-element_type=\"column\">\n\t\t\t<div class=\"elementor-widget-wrap elementor-element-populated\">\n\t\t\t\t\t\t<div class=\"elementor-element elementor-element-4f9fe32 elementor-widget elementor-widget-heading\" data-id=\"4f9fe32\" data-element_type=\"widget\" data-widget_type=\"heading.default\">\n\t\t\t\t<div class=\"elementor-widget-container\">\n\t\t\t\t\t<h2 class=\"elementor-heading-title elementor-size-default\">2010<\/h2>\t\t\t\t<\/div>\n\t\t\t\t<\/div>\n\t\t\t\t<div class=\"elementor-element elementor-element-331af2f elementor-widget elementor-widget-text-editor\" data-id=\"331af2f\" data-element_type=\"widget\" data-widget_type=\"text-editor.default\">\n\t\t\t\t<div class=\"elementor-widget-container\">\n\t\t\t\t\t\t\t\t\t<ul>\n<li>\n<p><strong>M\u00e9xico<\/strong>: <em>Cocina Tradicional Mexicana<\/em><br \/>Reconocida por sus intrincados m\u00e9todos de preparaci\u00f3n y por el papel que desempe\u00f1a en la construcci\u00f3n de la comunidad, <em>la Cocina Tradicional Mexicana<\/em> refleja una relaci\u00f3n armoniosa entre las personas y la naturaleza. El ma\u00edz, las alubias y el chile forman la sant\u00edsima trinidad de ingredientes centrales de la cocina mexicana. <\/p>\n<\/li>\n<li>\n<p><strong>Colombia<\/strong>: <em>Sistema Normativo Wayuu<\/em><br \/>El pueblo Wayuu, un grupo ind\u00edgena del norte de Colombia, ha mantenido su propio sistema legal durante siglos. Este sistema promueve la resoluci\u00f3n de conflictos mediante el di\u00e1logo, y los l\u00edderes espirituales desempe\u00f1an un papel importante en el mantenimiento de la armon\u00eda dentro de la comunidad. <\/p>\n<\/li>\n<li>\n<p><strong>M\u00e9xico<\/strong>: <em>Pirekua<\/em><br \/>G\u00e9nero musical tradicional del pueblo pur\u00e9pecha de Michoac\u00e1n, <em>la pirekua<\/em> es conocida por sus letras po\u00e9ticas que expresan emociones que van del amor al luto. Su ritmo lento y su estructura mel\u00f3dica se han transmitido de generaci\u00f3n en generaci\u00f3n como forma de preservar su herencia cultural. <\/p>\n<\/li>\n<\/ul>\n<ul>\n<li><strong>M\u00e9xico: <\/strong>Parachicos en la Fiesta Tradicional de Chiapa de Corzo<br \/>La fiesta tradicional de Chiapa de Corzo, que se celebra anualmente del 4 al 23 de enero, festeja a tres santos cat\u00f3licos con m\u00fasica, danza y rituales, en especial en honor de San Sebasti\u00e1n. La danza de los Parachicos, interpretada por danzantes enmascarados con atuendos coloridos, sirve como ofrenda colectiva y fomenta el respeto mutuo entre la comunidad. <\/li>\n<\/ul>\n\t\t\t\t\t\t\t\t<\/div>\n\t\t\t\t<\/div>\n\t\t\t\t<section class=\"elementor-section elementor-inner-section elementor-element elementor-element-b2dc890 elementor-section-boxed elementor-section-height-default elementor-section-height-default\" data-id=\"b2dc890\" data-element_type=\"section\">\n\t\t\t\t\t\t<div class=\"elementor-container elementor-column-gap-default\">\n\t\t\t\t\t<div class=\"elementor-column elementor-col-25 elementor-inner-column elementor-element elementor-element-63fa17c\" data-id=\"63fa17c\" data-element_type=\"column\">\n\t\t\t<div class=\"elementor-widget-wrap elementor-element-populated\">\n\t\t\t\t\t\t<div class=\"elementor-element elementor-element-52156aa elementor-widget elementor-widget-image\" data-id=\"52156aa\" data-element_type=\"widget\" data-widget_type=\"image.default\">\n\t\t\t\t<div class=\"elementor-widget-container\">\n\t\t\t\t\t\t\t\t\t\t\t\t<figure class=\"wp-caption\">\n\t\t\t\t\t\t\t\t\t\t<img loading=\"lazy\" decoding=\"async\" width=\"800\" height=\"529\" src=\"https:\/\/richeskarayib.com\/wp-content\/uploads\/2024\/10\/02791.jpg\" class=\"attachment-large size-large wp-image-41060\" alt=\"\" srcset=\"https:\/\/richeskarayib.com\/wp-content\/uploads\/2024\/10\/02791.jpg 861w, https:\/\/richeskarayib.com\/wp-content\/uploads\/2024\/10\/02791-300x198.jpg 300w, https:\/\/richeskarayib.com\/wp-content\/uploads\/2024\/10\/02791-768x508.jpg 768w\" sizes=\"(max-width: 800px) 100vw, 800px\" \/>\t\t\t\t\t\t\t\t\t\t\t<figcaption class=\"widget-image-caption wp-caption-text\">M\u00e9xico: Cocina Tradicional Mexicana<\/figcaption>\n\t\t\t\t\t\t\t\t\t\t<\/figure>\n\t\t\t\t\t\t\t\t\t<\/div>\n\t\t\t\t<\/div>\n\t\t\t\t\t<\/div>\n\t\t<\/div>\n\t\t\t\t<div class=\"elementor-column elementor-col-25 elementor-inner-column elementor-element elementor-element-13c7f0f\" data-id=\"13c7f0f\" data-element_type=\"column\">\n\t\t\t<div class=\"elementor-widget-wrap elementor-element-populated\">\n\t\t\t\t\t\t<div class=\"elementor-element elementor-element-f85e785 elementor-widget elementor-widget-image\" data-id=\"f85e785\" data-element_type=\"widget\" data-widget_type=\"image.default\">\n\t\t\t\t<div class=\"elementor-widget-container\">\n\t\t\t\t\t\t\t\t\t\t\t\t<figure class=\"wp-caption\">\n\t\t\t\t\t\t\t\t\t\t<img loading=\"lazy\" decoding=\"async\" width=\"800\" height=\"600\" src=\"https:\/\/richeskarayib.com\/wp-content\/uploads\/2024\/10\/03379-1024x768.jpg\" class=\"attachment-large size-large wp-image-41064\" alt=\"\" srcset=\"https:\/\/richeskarayib.com\/wp-content\/uploads\/2024\/10\/03379-1024x768.jpg 1024w, https:\/\/richeskarayib.com\/wp-content\/uploads\/2024\/10\/03379-300x225.jpg 300w, https:\/\/richeskarayib.com\/wp-content\/uploads\/2024\/10\/03379-768x576.jpg 768w, https:\/\/richeskarayib.com\/wp-content\/uploads\/2024\/10\/03379-1536x1152.jpg 1536w, https:\/\/richeskarayib.com\/wp-content\/uploads\/2024\/10\/03379-2048x1536.jpg 2048w, https:\/\/richeskarayib.com\/wp-content\/uploads\/2024\/10\/03379-1320x990.jpg 1320w\" sizes=\"(max-width: 800px) 100vw, 800px\" \/>\t\t\t\t\t\t\t\t\t\t\t<figcaption class=\"widget-image-caption wp-caption-text\">Colombia: Sistema Normativo Wayuu<\/figcaption>\n\t\t\t\t\t\t\t\t\t\t<\/figure>\n\t\t\t\t\t\t\t\t\t<\/div>\n\t\t\t\t<\/div>\n\t\t\t\t\t<\/div>\n\t\t<\/div>\n\t\t\t\t<div class=\"elementor-column elementor-col-25 elementor-inner-column elementor-element elementor-element-90a36df\" data-id=\"90a36df\" data-element_type=\"column\">\n\t\t\t<div class=\"elementor-widget-wrap elementor-element-populated\">\n\t\t\t\t\t\t<div class=\"elementor-element elementor-element-e2a64fa elementor-widget elementor-widget-image\" data-id=\"e2a64fa\" data-element_type=\"widget\" data-widget_type=\"image.default\">\n\t\t\t\t<div class=\"elementor-widget-container\">\n\t\t\t\t\t\t\t\t\t\t\t\t<figure class=\"wp-caption\">\n\t\t\t\t\t\t\t\t\t\t<img loading=\"lazy\" decoding=\"async\" width=\"800\" height=\"530\" src=\"https:\/\/richeskarayib.com\/wp-content\/uploads\/2024\/10\/03441-1024x679.jpg\" class=\"attachment-large size-large wp-image-41068\" alt=\"\" srcset=\"https:\/\/richeskarayib.com\/wp-content\/uploads\/2024\/10\/03441-1024x679.jpg 1024w, https:\/\/richeskarayib.com\/wp-content\/uploads\/2024\/10\/03441-300x199.jpg 300w, https:\/\/richeskarayib.com\/wp-content\/uploads\/2024\/10\/03441-768x510.jpg 768w, https:\/\/richeskarayib.com\/wp-content\/uploads\/2024\/10\/03441-1536x1019.jpg 1536w, https:\/\/richeskarayib.com\/wp-content\/uploads\/2024\/10\/03441-2048x1359.jpg 2048w, https:\/\/richeskarayib.com\/wp-content\/uploads\/2024\/10\/03441-1320x876.jpg 1320w\" sizes=\"(max-width: 800px) 100vw, 800px\" \/>\t\t\t\t\t\t\t\t\t\t\t<figcaption class=\"widget-image-caption wp-caption-text\">M\u00e9xico: Pirekua<\/figcaption>\n\t\t\t\t\t\t\t\t\t\t<\/figure>\n\t\t\t\t\t\t\t\t\t<\/div>\n\t\t\t\t<\/div>\n\t\t\t\t\t<\/div>\n\t\t<\/div>\n\t\t\t\t<div class=\"elementor-column elementor-col-25 elementor-inner-column elementor-element elementor-element-db09baa\" data-id=\"db09baa\" data-element_type=\"column\">\n\t\t\t<div class=\"elementor-widget-wrap elementor-element-populated\">\n\t\t\t\t\t\t<div class=\"elementor-element elementor-element-62aa7c5 elementor-widget elementor-widget-image\" data-id=\"62aa7c5\" data-element_type=\"widget\" data-widget_type=\"image.default\">\n\t\t\t\t<div class=\"elementor-widget-container\">\n\t\t\t\t\t\t\t\t\t\t\t\t<figure class=\"wp-caption\">\n\t\t\t\t\t\t\t\t\t\t<img loading=\"lazy\" decoding=\"async\" width=\"800\" height=\"593\" src=\"https:\/\/richeskarayib.com\/wp-content\/uploads\/2024\/10\/03371-1024x759.jpg\" class=\"attachment-large size-large wp-image-41072\" alt=\"\" srcset=\"https:\/\/richeskarayib.com\/wp-content\/uploads\/2024\/10\/03371-1024x759.jpg 1024w, https:\/\/richeskarayib.com\/wp-content\/uploads\/2024\/10\/03371-300x222.jpg 300w, https:\/\/richeskarayib.com\/wp-content\/uploads\/2024\/10\/03371-768x569.jpg 768w, https:\/\/richeskarayib.com\/wp-content\/uploads\/2024\/10\/03371-1536x1138.jpg 1536w, https:\/\/richeskarayib.com\/wp-content\/uploads\/2024\/10\/03371-1320x978.jpg 1320w, https:\/\/richeskarayib.com\/wp-content\/uploads\/2024\/10\/03371.jpg 1938w\" sizes=\"(max-width: 800px) 100vw, 800px\" \/>\t\t\t\t\t\t\t\t\t\t\t<figcaption class=\"widget-image-caption wp-caption-text\">M\u00e9xico: Parachicos en la Fiesta Tradicional de Chiapa de Corzo<\/figcaption>\n\t\t\t\t\t\t\t\t\t\t<\/figure>\n\t\t\t\t\t\t\t\t\t<\/div>\n\t\t\t\t<\/div>\n\t\t\t\t\t<\/div>\n\t\t<\/div>\n\t\t\t\t\t<\/div>\n\t\t<\/section>\n\t\t\t\t\t<\/div>\n\t\t<\/div>\n\t\t\t\t\t<\/div>\n\t\t<\/section>\n\t\t\t\t<section class=\"elementor-section elementor-top-section elementor-element elementor-element-e367f83 elementor-section-boxed elementor-section-height-default elementor-section-height-default\" data-id=\"e367f83\" data-element_type=\"section\">\n\t\t\t\t\t\t<div class=\"elementor-container elementor-column-gap-default\">\n\t\t\t\t\t<div class=\"elementor-column elementor-col-100 elementor-top-column elementor-element elementor-element-01f0d65\" data-id=\"01f0d65\" data-element_type=\"column\">\n\t\t\t<div class=\"elementor-widget-wrap elementor-element-populated\">\n\t\t\t\t\t\t<div class=\"elementor-element elementor-element-98e642f elementor-widget elementor-widget-heading\" data-id=\"98e642f\" data-element_type=\"widget\" data-widget_type=\"heading.default\">\n\t\t\t\t<div class=\"elementor-widget-container\">\n\t\t\t\t\t<h2 class=\"elementor-heading-title elementor-size-default\">2011<\/h2>\t\t\t\t<\/div>\n\t\t\t\t<\/div>\n\t\t\t\t<div class=\"elementor-element elementor-element-8da5262 elementor-widget elementor-widget-text-editor\" data-id=\"8da5262\" data-element_type=\"widget\" data-widget_type=\"text-editor.default\">\n\t\t\t\t<div class=\"elementor-widget-container\">\n\t\t\t\t\t\t\t\t\t<ul>\n<li>\n<p><strong>M\u00e9xico<\/strong>: <em>Mariachi<\/em><br \/>La m\u00fasica <em>de mariachi<\/em>, una de las exportaciones culturales m\u00e1s reconocibles de M\u00e9xico, es una mezcla de elementos espa\u00f1oles, ind\u00edgenas y africanos. Se interpreta tradicionalmente en celebraciones como bodas, cumplea\u00f1os y fiestas nacionales, y sus vibrantes ritmos y apasionadas letras cautivan al p\u00fablico de todo el mundo. <\/p>\n<\/li>\n<li>\n<p><strong>Colombia<\/strong>: Chamanes <em>Jaguar de Yurupar\u00ed<\/em><br \/>Los chamanes de las comunidades Yurupar\u00ed desempe\u00f1an un papel vital en el mantenimiento del equilibrio entre la naturaleza y la humanidad. Sus rituales incluyen m\u00fasica, narraci\u00f3n de cuentos y ofrendas al jaguar, animal sagrado que representa la fuerza y la sabidur\u00eda. <\/p>\n<\/li>\n<\/ul>\n\t\t\t\t\t\t\t\t<\/div>\n\t\t\t\t<\/div>\n\t\t\t\t<section class=\"elementor-section elementor-inner-section elementor-element elementor-element-a835e39 elementor-section-boxed elementor-section-height-default elementor-section-height-default\" data-id=\"a835e39\" data-element_type=\"section\">\n\t\t\t\t\t\t<div class=\"elementor-container elementor-column-gap-default\">\n\t\t\t\t\t<div class=\"elementor-column elementor-col-50 elementor-inner-column elementor-element elementor-element-2243a2d\" data-id=\"2243a2d\" data-element_type=\"column\">\n\t\t\t<div class=\"elementor-widget-wrap elementor-element-populated\">\n\t\t\t\t\t\t<div class=\"elementor-element elementor-element-248f0b2 elementor-widget elementor-widget-image\" data-id=\"248f0b2\" data-element_type=\"widget\" data-widget_type=\"image.default\">\n\t\t\t\t<div class=\"elementor-widget-container\">\n\t\t\t\t\t\t\t\t\t\t\t\t<figure class=\"wp-caption\">\n\t\t\t\t\t\t\t\t\t\t<img loading=\"lazy\" decoding=\"async\" width=\"800\" height=\"527\" src=\"https:\/\/richeskarayib.com\/wp-content\/uploads\/2024\/10\/07363-1024x675.jpg\" class=\"attachment-large size-large wp-image-41076\" alt=\"\" srcset=\"https:\/\/richeskarayib.com\/wp-content\/uploads\/2024\/10\/07363-1024x675.jpg 1024w, https:\/\/richeskarayib.com\/wp-content\/uploads\/2024\/10\/07363-300x198.jpg 300w, https:\/\/richeskarayib.com\/wp-content\/uploads\/2024\/10\/07363-768x506.jpg 768w, https:\/\/richeskarayib.com\/wp-content\/uploads\/2024\/10\/07363-1536x1012.jpg 1536w, https:\/\/richeskarayib.com\/wp-content\/uploads\/2024\/10\/07363-2048x1349.jpg 2048w, https:\/\/richeskarayib.com\/wp-content\/uploads\/2024\/10\/07363-1320x870.jpg 1320w\" sizes=\"(max-width: 800px) 100vw, 800px\" \/>\t\t\t\t\t\t\t\t\t\t\t<figcaption class=\"widget-image-caption wp-caption-text\">M\u00e9xico: Mariachi<\/figcaption>\n\t\t\t\t\t\t\t\t\t\t<\/figure>\n\t\t\t\t\t\t\t\t\t<\/div>\n\t\t\t\t<\/div>\n\t\t\t\t\t<\/div>\n\t\t<\/div>\n\t\t\t\t<div class=\"elementor-column elementor-col-50 elementor-inner-column elementor-element elementor-element-64cfa93\" data-id=\"64cfa93\" data-element_type=\"column\">\n\t\t\t<div class=\"elementor-widget-wrap elementor-element-populated\">\n\t\t\t\t\t\t<div class=\"elementor-element elementor-element-abd669d elementor-widget elementor-widget-image\" data-id=\"abd669d\" data-element_type=\"widget\" data-widget_type=\"image.default\">\n\t\t\t\t<div class=\"elementor-widget-container\">\n\t\t\t\t\t\t\t\t\t\t\t\t<figure class=\"wp-caption\">\n\t\t\t\t\t\t\t\t\t\t<img loading=\"lazy\" decoding=\"async\" width=\"800\" height=\"534\" src=\"https:\/\/richeskarayib.com\/wp-content\/uploads\/2024\/10\/07410-1024x683.jpg\" class=\"attachment-large size-large wp-image-41080\" alt=\"\" srcset=\"https:\/\/richeskarayib.com\/wp-content\/uploads\/2024\/10\/07410-1024x683.jpg 1024w, https:\/\/richeskarayib.com\/wp-content\/uploads\/2024\/10\/07410-300x200.jpg 300w, https:\/\/richeskarayib.com\/wp-content\/uploads\/2024\/10\/07410-768x512.jpg 768w, https:\/\/richeskarayib.com\/wp-content\/uploads\/2024\/10\/07410-1536x1024.jpg 1536w, https:\/\/richeskarayib.com\/wp-content\/uploads\/2024\/10\/07410-2048x1365.jpg 2048w, https:\/\/richeskarayib.com\/wp-content\/uploads\/2024\/10\/07410-1320x880.jpg 1320w\" sizes=\"(max-width: 800px) 100vw, 800px\" \/>\t\t\t\t\t\t\t\t\t\t\t<figcaption class=\"widget-image-caption wp-caption-text\">Colombia: Los chamanes jaguar de Yurupar\u00ed<\/figcaption>\n\t\t\t\t\t\t\t\t\t\t<\/figure>\n\t\t\t\t\t\t\t\t\t<\/div>\n\t\t\t\t<\/div>\n\t\t\t\t\t<\/div>\n\t\t<\/div>\n\t\t\t\t\t<\/div>\n\t\t<\/section>\n\t\t\t\t\t<\/div>\n\t\t<\/div>\n\t\t\t\t\t<\/div>\n\t\t<\/section>\n\t\t\t\t<section class=\"elementor-section elementor-top-section elementor-element elementor-element-4d5fbeb elementor-section-boxed elementor-section-height-default elementor-section-height-default\" data-id=\"4d5fbeb\" data-element_type=\"section\">\n\t\t\t\t\t\t<div class=\"elementor-container elementor-column-gap-default\">\n\t\t\t\t\t<div class=\"elementor-column elementor-col-100 elementor-top-column elementor-element elementor-element-da6a5c3\" data-id=\"da6a5c3\" data-element_type=\"column\">\n\t\t\t<div class=\"elementor-widget-wrap elementor-element-populated\">\n\t\t\t\t\t\t<div class=\"elementor-element elementor-element-dee4a04 elementor-widget elementor-widget-text-editor\" data-id=\"dee4a04\" data-element_type=\"widget\" data-widget_type=\"text-editor.default\">\n\t\t\t\t<div class=\"elementor-widget-container\">\n\t\t\t\t\t\t\t\t\t<p>\n            <strong>Desde las ricas tradiciones orales de los grupos ind\u00edgenas hasta los animados ritmos de las actuaciones musicales, estos elementos reconocidos por la UNESCO ponen de relieve la resistencia y la creatividad de las culturas caribe\u00f1as. En el pr\u00f3ximo art\u00edculo, continuaremos nuestro viaje, explorando m\u00e1s tradiciones fascinantes reconocidas entre 2012 y 2015. <\/strong>\n          <\/p>\n\t\t\t\t\t\t\t\t<\/div>\n\t\t\t\t<\/div>\n\t\t\t\t\t<\/div>\n\t\t<\/div>\n\t\t\t\t\t<\/div>\n\t\t<\/section>\n\t\t\t\t<\/div>\n\t\t","protected":false},"excerpt":{"rendered":"<p>Las Ra\u00edces del Patrimonio Inmaterial del Caribe (2008-2013) Entre 2008 y 2011, varios elementos culturales del Caribe fueron reconocidos como patrimonio cultural inmaterial por la UNESCO. Este reconocimiento puso de relieve las ricas tradiciones de la regi\u00f3n, muchas de las cuales son testimonio de su diversa historia, desde las costumbres ind\u00edgenas hasta el impacto de [&hellip;]<\/p>\n","protected":false},"author":47,"featured_media":41355,"comment_status":"open","ping_status":"open","sticky":false,"template":"","format":"standard","meta":{"_acf_changed":false,"footnotes":""},"categories":[1469],"tags":[1564,825,1562,1558,1560,1481],"class_list":["post-41348","post","type-post","status-publish","format-standard","has-post-thumbnail","hentry","category-historia-patrimonio","tag-belice","tag-colombia","tag-guatemala-es","tag-mexico-es","tag-nicaragua-es","tag-republica-dominicana"],"acf":[],"_links":{"self":[{"href":"https:\/\/richeskarayib.com\/es\/wp-json\/wp\/v2\/posts\/41348","targetHints":{"allow":["GET"]}}],"collection":[{"href":"https:\/\/richeskarayib.com\/es\/wp-json\/wp\/v2\/posts"}],"about":[{"href":"https:\/\/richeskarayib.com\/es\/wp-json\/wp\/v2\/types\/post"}],"author":[{"embeddable":true,"href":"https:\/\/richeskarayib.com\/es\/wp-json\/wp\/v2\/users\/47"}],"replies":[{"embeddable":true,"href":"https:\/\/richeskarayib.com\/es\/wp-json\/wp\/v2\/comments?post=41348"}],"version-history":[{"count":0,"href":"https:\/\/richeskarayib.com\/es\/wp-json\/wp\/v2\/posts\/41348\/revisions"}],"wp:featuredmedia":[{"embeddable":true,"href":"https:\/\/richeskarayib.com\/es\/wp-json\/wp\/v2\/media\/41355"}],"wp:attachment":[{"href":"https:\/\/richeskarayib.com\/es\/wp-json\/wp\/v2\/media?parent=41348"}],"wp:term":[{"taxonomy":"category","embeddable":true,"href":"https:\/\/richeskarayib.com\/es\/wp-json\/wp\/v2\/categories?post=41348"},{"taxonomy":"post_tag","embeddable":true,"href":"https:\/\/richeskarayib.com\/es\/wp-json\/wp\/v2\/tags?post=41348"}],"curies":[{"name":"wp","href":"https:\/\/api.w.org\/{rel}","templated":true}]}}