{"id":41380,"date":"2024-10-23T17:31:44","date_gmt":"2024-10-23T17:31:44","guid":{"rendered":"https:\/\/richeskarayib.com\/informe-especial-parte-2-2012-2015-los-tesoros-culturales-del-caribe-patrimonio-inmaterial-reconocido-por-la-unesco\/"},"modified":"2024-10-24T04:36:29","modified_gmt":"2024-10-24T04:36:29","slug":"informe-especial-parte-2-2012-2015-los-tesoros-culturales-del-caribe-patrimonio-inmaterial-reconocido-por-la-unesco","status":"publish","type":"post","link":"https:\/\/richeskarayib.com\/es\/informe-especial-parte-2-2012-2015-los-tesoros-culturales-del-caribe-patrimonio-inmaterial-reconocido-por-la-unesco\/","title":{"rendered":"Informe especial parte 2 (2012-2015): Los Tesoros Culturales del Caribe: Patrimonio Inmaterial Reconocido por la UNESCO"},"content":{"rendered":"\t\t<div data-elementor-type=\"wp-post\" data-elementor-id=\"41380\" class=\"elementor elementor-41380 elementor-40777\" data-elementor-post-type=\"post\">\n\t\t\t\t\t\t<section class=\"elementor-section elementor-top-section elementor-element elementor-element-d2fa39f elementor-section-boxed elementor-section-height-default elementor-section-height-default\" data-id=\"d2fa39f\" data-element_type=\"section\">\n\t\t\t\t\t\t<div class=\"elementor-container elementor-column-gap-default\">\n\t\t\t\t\t<div class=\"elementor-column elementor-col-100 elementor-top-column elementor-element elementor-element-74e6dd0\" data-id=\"74e6dd0\" data-element_type=\"column\">\n\t\t\t<div class=\"elementor-widget-wrap elementor-element-populated\">\n\t\t\t\t\t\t<div class=\"elementor-element elementor-element-8909527 elementor-widget elementor-widget-heading\" data-id=\"8909527\" data-element_type=\"widget\" data-widget_type=\"heading.default\">\n\t\t\t\t<div class=\"elementor-widget-container\">\n\t\t\t\t\t<h2 class=\"elementor-heading-title elementor-size-default\">Preservar el alma del Caribe<\/h2>\t\t\t\t<\/div>\n\t\t\t\t<\/div>\n\t\t\t\t<div class=\"elementor-element elementor-element-d541e3d elementor-widget elementor-widget-text-editor\" data-id=\"d541e3d\" data-element_type=\"widget\" data-widget_type=\"text-editor.default\">\n\t\t\t\t<div class=\"elementor-widget-container\">\n\t\t\t\t\t\t\t\t\t<p>De 2012 a 2015, el rico patrimonio cultural del Caribe sigui\u00f3 obteniendo el reconocimiento de la UNESCO. Estos a\u00f1os celebraron la vibrante m\u00fasica, los rituales sagrados y las tradiciones narrativas de la regi\u00f3n, cada una de las cuales es una pieza esencial de la identidad del Caribe. En este art\u00edculo, nos sumergiremos en los elementos reconocidos durante este periodo, haciendo hincapi\u00e9 en c\u00f3mo se han salvaguardado estas pr\u00e1cticas para las generaciones futuras.  <\/p>\n\t\t\t\t\t\t\t\t<\/div>\n\t\t\t\t<\/div>\n\t\t\t\t\t<\/div>\n\t\t<\/div>\n\t\t\t\t\t<\/div>\n\t\t<\/section>\n\t\t\t\t<section class=\"elementor-section elementor-top-section elementor-element elementor-element-776ee9d elementor-section-boxed elementor-section-height-default elementor-section-height-default\" data-id=\"776ee9d\" data-element_type=\"section\">\n\t\t\t\t\t\t<div class=\"elementor-container elementor-column-gap-default\">\n\t\t\t\t\t<div class=\"elementor-column elementor-col-100 elementor-top-column elementor-element elementor-element-e9eb1e6\" data-id=\"e9eb1e6\" data-element_type=\"column\">\n\t\t\t<div class=\"elementor-widget-wrap elementor-element-populated\">\n\t\t\t\t\t\t<div class=\"elementor-element elementor-element-653aab0 elementor-widget elementor-widget-heading\" data-id=\"653aab0\" data-element_type=\"widget\" data-widget_type=\"heading.default\">\n\t\t\t\t<div class=\"elementor-widget-container\">\n\t\t\t\t\t<h2 class=\"elementor-heading-title elementor-size-default\">2012<\/h2>\t\t\t\t<\/div>\n\t\t\t\t<\/div>\n\t\t\t\t<div class=\"elementor-element elementor-element-5b8dd47 elementor-widget elementor-widget-text-editor\" data-id=\"5b8dd47\" data-element_type=\"widget\" data-widget_type=\"text-editor.default\">\n\t\t\t\t<div class=\"elementor-widget-container\">\n\t\t\t\t\t\t\t\t\t<ul>\n<li>\n<p><strong>Colombia<\/strong>: <em>Festival de San Francisco de As\u00eds, Quibd\u00f3<\/em><br \/>Este festival religioso de Quibd\u00f3, Choc\u00f3, es una mezcla de catolicismo y espiritualidad africana, arraigada en la comunidad afrocolombiana local. Los participantes honran a San Francisco de As\u00eds con m\u00fasica tradicional, danzas y elaborados trajes, fusionando la devoci\u00f3n religiosa con la identidad cultural. <\/p>\n<\/li>\n<li>\n<p><strong>Venezuela (Rep\u00fablica Bolivariana de)<\/strong>: <em>Diablos del Corpus<\/em> Christi<br \/>En esta celebraci\u00f3n anual, los bailarines enmascarados representan simb\u00f3licamente la batalla entre el bien y el mal, en la que los diablos son finalmente vencidos por las fuerzas del bien. Esta tradici\u00f3n es celebrada por diferentes comunidades, cada una de las cuales a\u00f1ade sus propios elementos \u00fanicos a la representaci\u00f3n. <\/p>\n<\/li>\n<li><strong>M\u00e9xico:<\/strong> Xtaxkgakget Makgkaxtlawana, Centro de las Artes Ind\u00edgenas<br \/>Este centro, creado por el pueblo totonaca, se dedica a preservar su cultura y su arte a trav\u00e9s de &#8220;casas&#8221; educativas especializadas que ense\u00f1an diversas pr\u00e1cticas tradicionales, al tiempo que fomentan el aprendizaje hol\u00edstico y la revitalizaci\u00f3n cultural.<\/li>\n<\/ul>\n\t\t\t\t\t\t\t\t<\/div>\n\t\t\t\t<\/div>\n\t\t\t\t<section class=\"elementor-section elementor-inner-section elementor-element elementor-element-91f6f70 elementor-section-boxed elementor-section-height-default elementor-section-height-default\" data-id=\"91f6f70\" data-element_type=\"section\">\n\t\t\t\t\t\t<div class=\"elementor-container elementor-column-gap-default\">\n\t\t\t\t\t<div class=\"elementor-column elementor-col-33 elementor-inner-column elementor-element elementor-element-eea2796\" data-id=\"eea2796\" data-element_type=\"column\">\n\t\t\t<div class=\"elementor-widget-wrap elementor-element-populated\">\n\t\t\t\t\t\t<div class=\"elementor-element elementor-element-012d6fe elementor-widget elementor-widget-image\" data-id=\"012d6fe\" data-element_type=\"widget\" data-widget_type=\"image.default\">\n\t\t\t\t<div class=\"elementor-widget-container\">\n\t\t\t\t\t\t\t\t\t\t\t\t<figure class=\"wp-caption\">\n\t\t\t\t\t\t\t\t\t\t<img fetchpriority=\"high\" decoding=\"async\" width=\"800\" height=\"534\" src=\"https:\/\/richeskarayib.com\/wp-content\/uploads\/2024\/10\/06738-1024x683.jpg\" class=\"attachment-large size-large wp-image-41137\" alt=\"\" srcset=\"https:\/\/richeskarayib.com\/wp-content\/uploads\/2024\/10\/06738-1024x683.jpg 1024w, https:\/\/richeskarayib.com\/wp-content\/uploads\/2024\/10\/06738-300x200.jpg 300w, https:\/\/richeskarayib.com\/wp-content\/uploads\/2024\/10\/06738-768x512.jpg 768w, https:\/\/richeskarayib.com\/wp-content\/uploads\/2024\/10\/06738-1536x1024.jpg 1536w, https:\/\/richeskarayib.com\/wp-content\/uploads\/2024\/10\/06738-2048x1365.jpg 2048w, https:\/\/richeskarayib.com\/wp-content\/uploads\/2024\/10\/06738-1320x880.jpg 1320w\" sizes=\"(max-width: 800px) 100vw, 800px\" \/>\t\t\t\t\t\t\t\t\t\t\t<figcaption class=\"widget-image-caption wp-caption-text\">Colombia: Fiesta de San Francisco de As\u00eds, Quibd\u00f3<\/figcaption>\n\t\t\t\t\t\t\t\t\t\t<\/figure>\n\t\t\t\t\t\t\t\t\t<\/div>\n\t\t\t\t<\/div>\n\t\t\t\t\t<\/div>\n\t\t<\/div>\n\t\t\t\t<div class=\"elementor-column elementor-col-33 elementor-inner-column elementor-element elementor-element-8a07dd1\" data-id=\"8a07dd1\" data-element_type=\"column\">\n\t\t\t<div class=\"elementor-widget-wrap elementor-element-populated\">\n\t\t\t\t\t\t<div class=\"elementor-element elementor-element-6156148 elementor-widget elementor-widget-image\" data-id=\"6156148\" data-element_type=\"widget\" data-widget_type=\"image.default\">\n\t\t\t\t<div class=\"elementor-widget-container\">\n\t\t\t\t\t\t\t\t\t\t\t\t<figure class=\"wp-caption\">\n\t\t\t\t\t\t\t\t\t\t<img decoding=\"async\" width=\"800\" height=\"534\" src=\"https:\/\/richeskarayib.com\/wp-content\/uploads\/2024\/10\/06359-1024x683.jpg\" class=\"attachment-large size-large wp-image-41141\" alt=\"\" srcset=\"https:\/\/richeskarayib.com\/wp-content\/uploads\/2024\/10\/06359-1024x683.jpg 1024w, https:\/\/richeskarayib.com\/wp-content\/uploads\/2024\/10\/06359-300x200.jpg 300w, https:\/\/richeskarayib.com\/wp-content\/uploads\/2024\/10\/06359-768x512.jpg 768w, https:\/\/richeskarayib.com\/wp-content\/uploads\/2024\/10\/06359-1536x1024.jpg 1536w, https:\/\/richeskarayib.com\/wp-content\/uploads\/2024\/10\/06359-1320x880.jpg 1320w, https:\/\/richeskarayib.com\/wp-content\/uploads\/2024\/10\/06359.jpg 1800w\" sizes=\"(max-width: 800px) 100vw, 800px\" \/>\t\t\t\t\t\t\t\t\t\t\t<figcaption class=\"widget-image-caption wp-caption-text\">Venezuela (Rep\u00fablica Bolivariana de): Diablos del Corpus Christi<\/figcaption>\n\t\t\t\t\t\t\t\t\t\t<\/figure>\n\t\t\t\t\t\t\t\t\t<\/div>\n\t\t\t\t<\/div>\n\t\t\t\t\t<\/div>\n\t\t<\/div>\n\t\t\t\t<div class=\"elementor-column elementor-col-33 elementor-inner-column elementor-element elementor-element-d11668e\" data-id=\"d11668e\" data-element_type=\"column\">\n\t\t\t<div class=\"elementor-widget-wrap elementor-element-populated\">\n\t\t\t\t\t\t<div class=\"elementor-element elementor-element-5cb66ff elementor-widget elementor-widget-image\" data-id=\"5cb66ff\" data-element_type=\"widget\" data-widget_type=\"image.default\">\n\t\t\t\t<div class=\"elementor-widget-container\">\n\t\t\t\t\t\t\t\t\t\t\t\t<figure class=\"wp-caption\">\n\t\t\t\t\t\t\t\t\t\t<img decoding=\"async\" width=\"800\" height=\"527\" src=\"https:\/\/richeskarayib.com\/wp-content\/uploads\/2024\/10\/06263.jpg\" class=\"attachment-large size-large wp-image-41145\" alt=\"\" srcset=\"https:\/\/richeskarayib.com\/wp-content\/uploads\/2024\/10\/06263.jpg 820w, https:\/\/richeskarayib.com\/wp-content\/uploads\/2024\/10\/06263-300x198.jpg 300w, https:\/\/richeskarayib.com\/wp-content\/uploads\/2024\/10\/06263-768x506.jpg 768w\" sizes=\"(max-width: 800px) 100vw, 800px\" \/>\t\t\t\t\t\t\t\t\t\t\t<figcaption class=\"widget-image-caption wp-caption-text\">M\u00e9xico: Xtaxkgakget Makgkaxtlawana, Centro de las Artes Ind\u00edgenas<\/figcaption>\n\t\t\t\t\t\t\t\t\t\t<\/figure>\n\t\t\t\t\t\t\t\t\t<\/div>\n\t\t\t\t<\/div>\n\t\t\t\t\t<\/div>\n\t\t<\/div>\n\t\t\t\t\t<\/div>\n\t\t<\/section>\n\t\t\t\t\t<\/div>\n\t\t<\/div>\n\t\t\t\t\t<\/div>\n\t\t<\/section>\n\t\t\t\t<section class=\"elementor-section elementor-top-section elementor-element elementor-element-837acd0 elementor-section-boxed elementor-section-height-default elementor-section-height-default\" data-id=\"837acd0\" data-element_type=\"section\">\n\t\t\t\t\t\t<div class=\"elementor-container elementor-column-gap-default\">\n\t\t\t\t\t<div class=\"elementor-column elementor-col-100 elementor-top-column elementor-element elementor-element-dbbf243\" data-id=\"dbbf243\" data-element_type=\"column\">\n\t\t\t<div class=\"elementor-widget-wrap elementor-element-populated\">\n\t\t\t\t\t\t<div class=\"elementor-element elementor-element-164d889 elementor-widget elementor-widget-heading\" data-id=\"164d889\" data-element_type=\"widget\" data-widget_type=\"heading.default\">\n\t\t\t\t<div class=\"elementor-widget-container\">\n\t\t\t\t\t<h2 class=\"elementor-heading-title elementor-size-default\">2013<\/h2>\t\t\t\t<\/div>\n\t\t\t\t<\/div>\n\t\t\t\t<div class=\"elementor-element elementor-element-87b244f elementor-widget elementor-widget-text-editor\" data-id=\"87b244f\" data-element_type=\"widget\" data-widget_type=\"text-editor.default\">\n\t\t\t\t<div class=\"elementor-widget-container\">\n\t\t\t\t\t\t\t\t\t<ul>\n<li>\n<p><strong>Guatemala<\/strong>: <em>Ceremonia del Nan Pa&#8217;ch<\/em><br \/>El <em>Nan Pa&#8217;ch<\/em> es un ritual sagrado maya que se celebra para dar gracias por la cosecha de ma\u00edz. La ceremonia incluye danzas, oraciones y ofrendas, y pone de relieve la profunda conexi\u00f3n espiritual entre el pueblo maya y la tierra que lo sustenta. <\/p>\n<\/li>\n<li>\n<p><strong>Venezuela (Rep\u00fablica Bolivariana de)<\/strong>: <em>San Pedro Parranda<\/em><br \/>Esta alegre celebraci\u00f3n en la ciudad de Guarenas y Guatire honra a San Pedro con un animado desfile. Los participantes se visten con brillantes trajes y llevan mu\u00f1ecos de madera del santo, acompa\u00f1ados de m\u00fasica y danzas tradicionales. <\/p>\n<\/li>\n<\/ul>\n\t\t\t\t\t\t\t\t<\/div>\n\t\t\t\t<\/div>\n\t\t\t\t<section class=\"elementor-section elementor-inner-section elementor-element elementor-element-eceb47c elementor-section-boxed elementor-section-height-default elementor-section-height-default\" data-id=\"eceb47c\" data-element_type=\"section\">\n\t\t\t\t\t\t<div class=\"elementor-container elementor-column-gap-default\">\n\t\t\t\t\t<div class=\"elementor-column elementor-col-50 elementor-inner-column elementor-element elementor-element-42c34d0\" data-id=\"42c34d0\" data-element_type=\"column\">\n\t\t\t<div class=\"elementor-widget-wrap elementor-element-populated\">\n\t\t\t\t\t\t<div class=\"elementor-element elementor-element-7af9b1a elementor-widget elementor-widget-image\" data-id=\"7af9b1a\" data-element_type=\"widget\" data-widget_type=\"image.default\">\n\t\t\t\t<div class=\"elementor-widget-container\">\n\t\t\t\t\t\t\t\t\t\t\t\t<figure class=\"wp-caption\">\n\t\t\t\t\t\t\t\t\t\t<img loading=\"lazy\" decoding=\"async\" width=\"800\" height=\"587\" src=\"https:\/\/richeskarayib.com\/wp-content\/uploads\/2024\/10\/03671-1024x751.jpg\" class=\"attachment-large size-large wp-image-41151\" alt=\"\" srcset=\"https:\/\/richeskarayib.com\/wp-content\/uploads\/2024\/10\/03671-1024x751.jpg 1024w, https:\/\/richeskarayib.com\/wp-content\/uploads\/2024\/10\/03671-300x220.jpg 300w, https:\/\/richeskarayib.com\/wp-content\/uploads\/2024\/10\/03671-768x563.jpg 768w, https:\/\/richeskarayib.com\/wp-content\/uploads\/2024\/10\/03671-1536x1126.jpg 1536w, https:\/\/richeskarayib.com\/wp-content\/uploads\/2024\/10\/03671-2048x1502.jpg 2048w, https:\/\/richeskarayib.com\/wp-content\/uploads\/2024\/10\/03671-1320x968.jpg 1320w\" sizes=\"(max-width: 800px) 100vw, 800px\" \/>\t\t\t\t\t\t\t\t\t\t\t<figcaption class=\"widget-image-caption wp-caption-text\">Guatemala: Ceremonia Nan Pa'ch<\/figcaption>\n\t\t\t\t\t\t\t\t\t\t<\/figure>\n\t\t\t\t\t\t\t\t\t<\/div>\n\t\t\t\t<\/div>\n\t\t\t\t\t<\/div>\n\t\t<\/div>\n\t\t\t\t<div class=\"elementor-column elementor-col-50 elementor-inner-column elementor-element elementor-element-c579966\" data-id=\"c579966\" data-element_type=\"column\">\n\t\t\t<div class=\"elementor-widget-wrap elementor-element-populated\">\n\t\t\t\t\t\t<div class=\"elementor-element elementor-element-7097a8c elementor-widget elementor-widget-image\" data-id=\"7097a8c\" data-element_type=\"widget\" data-widget_type=\"image.default\">\n\t\t\t\t<div class=\"elementor-widget-container\">\n\t\t\t\t\t\t\t\t\t\t\t\t<figure class=\"wp-caption\">\n\t\t\t\t\t\t\t\t\t\t<img loading=\"lazy\" decoding=\"async\" width=\"800\" height=\"602\" src=\"https:\/\/richeskarayib.com\/wp-content\/uploads\/2024\/10\/08104-1024x770.jpg\" class=\"attachment-large size-large wp-image-41155\" alt=\"\" srcset=\"https:\/\/richeskarayib.com\/wp-content\/uploads\/2024\/10\/08104-1024x770.jpg 1024w, https:\/\/richeskarayib.com\/wp-content\/uploads\/2024\/10\/08104-300x226.jpg 300w, https:\/\/richeskarayib.com\/wp-content\/uploads\/2024\/10\/08104-768x577.jpg 768w, https:\/\/richeskarayib.com\/wp-content\/uploads\/2024\/10\/08104-1536x1155.jpg 1536w, https:\/\/richeskarayib.com\/wp-content\/uploads\/2024\/10\/08104-2048x1539.jpg 2048w, https:\/\/richeskarayib.com\/wp-content\/uploads\/2024\/10\/08104-1320x992.jpg 1320w\" sizes=\"(max-width: 800px) 100vw, 800px\" \/>\t\t\t\t\t\t\t\t\t\t\t<figcaption class=\"widget-image-caption wp-caption-text\">Venezuela (Rep\u00fablica Bolivariana de): San Pedro Parranda<\/figcaption>\n\t\t\t\t\t\t\t\t\t\t<\/figure>\n\t\t\t\t\t\t\t\t\t<\/div>\n\t\t\t\t<\/div>\n\t\t\t\t\t<\/div>\n\t\t<\/div>\n\t\t\t\t\t<\/div>\n\t\t<\/section>\n\t\t\t\t\t<\/div>\n\t\t<\/div>\n\t\t\t\t\t<\/div>\n\t\t<\/section>\n\t\t\t\t<section class=\"elementor-section elementor-top-section elementor-element elementor-element-dc6b7d9 elementor-section-boxed elementor-section-height-default elementor-section-height-default\" data-id=\"dc6b7d9\" data-element_type=\"section\">\n\t\t\t\t\t\t<div class=\"elementor-container elementor-column-gap-default\">\n\t\t\t\t\t<div class=\"elementor-column elementor-col-100 elementor-top-column elementor-element elementor-element-053f849\" data-id=\"053f849\" data-element_type=\"column\">\n\t\t\t<div class=\"elementor-widget-wrap elementor-element-populated\">\n\t\t\t\t\t\t<div class=\"elementor-element elementor-element-4f9fe32 elementor-widget elementor-widget-heading\" data-id=\"4f9fe32\" data-element_type=\"widget\" data-widget_type=\"heading.default\">\n\t\t\t\t<div class=\"elementor-widget-container\">\n\t\t\t\t\t<h2 class=\"elementor-heading-title elementor-size-default\">2014<\/h2>\t\t\t\t<\/div>\n\t\t\t\t<\/div>\n\t\t\t\t<div class=\"elementor-element elementor-element-331af2f elementor-widget elementor-widget-text-editor\" data-id=\"331af2f\" data-element_type=\"widget\" data-widget_type=\"text-editor.default\">\n\t\t\t\t<div class=\"elementor-widget-container\">\n\t\t\t\t\t\t\t\t\t<ul>\n<li>\n<ul>\n<li>\n<p><strong>Venezuela (Rep\u00fablica Bolivariana de)<\/strong>: <em>Tradici\u00f3n Oral Mapoyo<\/em><br \/>El pueblo Mapoyo, un grupo ind\u00edgena de Venezuela, ha transmitido su historia, valores e identidad cultural a trav\u00e9s de la narraci\u00f3n oral. Esta tradici\u00f3n preserva su conexi\u00f3n con la tierra y refuerza la importancia de la palabra hablada para mantener la continuidad cultural. <\/p>\n<\/li>\n<li>\n<p><strong>Guadalupe<\/strong>: <em>Gwoka<\/em><br \/><em>El Gwoka<\/em> es una tradici\u00f3n de m\u00fasica y danza profundamente arraigada en la historia de resistencia y supervivencia de Guadalupe. Con los ritmos africanos como n\u00facleo, <em>el Gwoka<\/em> es una forma de expresi\u00f3n y resistencia, que ha evolucionado desde la esclavitud de las plantaciones hasta convertirse en una celebraci\u00f3n de la identidad cultural. <\/p>\n<\/li>\n<\/ul>\n<\/li>\n<\/ul>\n\t\t\t\t\t\t\t\t<\/div>\n\t\t\t\t<\/div>\n\t\t\t\t<section class=\"elementor-section elementor-inner-section elementor-element elementor-element-5eaea0e elementor-section-boxed elementor-section-height-default elementor-section-height-default\" data-id=\"5eaea0e\" data-element_type=\"section\">\n\t\t\t\t\t\t<div class=\"elementor-container elementor-column-gap-default\">\n\t\t\t\t\t<div class=\"elementor-column elementor-col-50 elementor-inner-column elementor-element elementor-element-ee0b98a\" data-id=\"ee0b98a\" data-element_type=\"column\">\n\t\t\t<div class=\"elementor-widget-wrap elementor-element-populated\">\n\t\t\t\t\t\t<div class=\"elementor-element elementor-element-9c01b99 elementor-widget elementor-widget-image\" data-id=\"9c01b99\" data-element_type=\"widget\" data-widget_type=\"image.default\">\n\t\t\t\t<div class=\"elementor-widget-container\">\n\t\t\t\t\t\t\t\t\t\t\t\t<figure class=\"wp-caption\">\n\t\t\t\t\t\t\t\t\t\t<img loading=\"lazy\" decoding=\"async\" width=\"800\" height=\"524\" src=\"https:\/\/richeskarayib.com\/wp-content\/uploads\/2024\/10\/08811-1-1024x671.jpg\" class=\"attachment-large size-large wp-image-41163\" alt=\"\" srcset=\"https:\/\/richeskarayib.com\/wp-content\/uploads\/2024\/10\/08811-1-1024x671.jpg 1024w, https:\/\/richeskarayib.com\/wp-content\/uploads\/2024\/10\/08811-1-300x196.jpg 300w, https:\/\/richeskarayib.com\/wp-content\/uploads\/2024\/10\/08811-1-768x503.jpg 768w, https:\/\/richeskarayib.com\/wp-content\/uploads\/2024\/10\/08811-1-1536x1006.jpg 1536w, https:\/\/richeskarayib.com\/wp-content\/uploads\/2024\/10\/08811-1-2048x1341.jpg 2048w, https:\/\/richeskarayib.com\/wp-content\/uploads\/2024\/10\/08811-1-1320x864.jpg 1320w\" sizes=\"(max-width: 800px) 100vw, 800px\" \/>\t\t\t\t\t\t\t\t\t\t\t<figcaption class=\"widget-image-caption wp-caption-text\">Venezuela (Rep\u00fablica Bolivariana de): Tradici\u00f3n Oral Mapoyo<\/figcaption>\n\t\t\t\t\t\t\t\t\t\t<\/figure>\n\t\t\t\t\t\t\t\t\t<\/div>\n\t\t\t\t<\/div>\n\t\t\t\t\t<\/div>\n\t\t<\/div>\n\t\t\t\t<div class=\"elementor-column elementor-col-50 elementor-inner-column elementor-element elementor-element-596ae07\" data-id=\"596ae07\" data-element_type=\"column\">\n\t\t\t<div class=\"elementor-widget-wrap elementor-element-populated\">\n\t\t\t\t\t\t<div class=\"elementor-element elementor-element-c4605d9 elementor-widget elementor-widget-image\" data-id=\"c4605d9\" data-element_type=\"widget\" data-widget_type=\"image.default\">\n\t\t\t\t<div class=\"elementor-widget-container\">\n\t\t\t\t\t\t\t\t\t\t\t\t<figure class=\"wp-caption\">\n\t\t\t\t\t\t\t\t\t\t<img loading=\"lazy\" decoding=\"async\" width=\"800\" height=\"513\" src=\"https:\/\/richeskarayib.com\/wp-content\/uploads\/2024\/10\/08927-1024x657.jpg\" class=\"attachment-large size-large wp-image-41167\" alt=\"\" srcset=\"https:\/\/richeskarayib.com\/wp-content\/uploads\/2024\/10\/08927-1024x657.jpg 1024w, https:\/\/richeskarayib.com\/wp-content\/uploads\/2024\/10\/08927-300x193.jpg 300w, https:\/\/richeskarayib.com\/wp-content\/uploads\/2024\/10\/08927-768x493.jpg 768w, https:\/\/richeskarayib.com\/wp-content\/uploads\/2024\/10\/08927-1536x986.jpg 1536w, https:\/\/richeskarayib.com\/wp-content\/uploads\/2024\/10\/08927-2048x1314.jpg 2048w, https:\/\/richeskarayib.com\/wp-content\/uploads\/2024\/10\/08927-1320x847.jpg 1320w\" sizes=\"(max-width: 800px) 100vw, 800px\" \/>\t\t\t\t\t\t\t\t\t\t\t<figcaption class=\"widget-image-caption wp-caption-text\">Guadalupe: Gwoka<\/figcaption>\n\t\t\t\t\t\t\t\t\t\t<\/figure>\n\t\t\t\t\t\t\t\t\t<\/div>\n\t\t\t\t<\/div>\n\t\t\t\t\t<\/div>\n\t\t<\/div>\n\t\t\t\t\t<\/div>\n\t\t<\/section>\n\t\t\t\t\t<\/div>\n\t\t<\/div>\n\t\t\t\t\t<\/div>\n\t\t<\/section>\n\t\t\t\t<section class=\"elementor-section elementor-top-section elementor-element elementor-element-e367f83 elementor-section-boxed elementor-section-height-default elementor-section-height-default\" data-id=\"e367f83\" data-element_type=\"section\">\n\t\t\t\t\t\t<div class=\"elementor-container elementor-column-gap-default\">\n\t\t\t\t\t<div class=\"elementor-column elementor-col-100 elementor-top-column elementor-element elementor-element-01f0d65\" data-id=\"01f0d65\" data-element_type=\"column\">\n\t\t\t<div class=\"elementor-widget-wrap elementor-element-populated\">\n\t\t\t\t\t\t<div class=\"elementor-element elementor-element-98e642f elementor-widget elementor-widget-heading\" data-id=\"98e642f\" data-element_type=\"widget\" data-widget_type=\"heading.default\">\n\t\t\t\t<div class=\"elementor-widget-container\">\n\t\t\t\t\t<h2 class=\"elementor-heading-title elementor-size-default\">2015<\/h2>\t\t\t\t<\/div>\n\t\t\t\t<\/div>\n\t\t\t\t<div class=\"elementor-element elementor-element-8da5262 elementor-widget elementor-widget-text-editor\" data-id=\"8da5262\" data-element_type=\"widget\" data-widget_type=\"text-editor.default\">\n\t\t\t\t<div class=\"elementor-widget-container\">\n\t\t\t\t\t\t\t\t\t<ul>\n<li>\n<p><strong>Colombia<\/strong>: <em>M\u00fasica vallenata<\/em><br \/><em>El vallenato<\/em>, un g\u00e9nero nacido en las regiones rurales de Colombia, cuenta historias de amor, traici\u00f3n y vida cotidiana. Con instrumentos como el acorde\u00f3n y la caja, <em>el vallenato<\/em> es conocido por sus letras po\u00e9ticas y su profunda resonancia emocional dentro de la cultura colombiana. <\/p>\n<\/li>\n<li>\n<p><strong>Venezuela (Rep\u00fablica Bolivariana de)<\/strong>: <em>Tejido de fibra de curagua<\/em><br \/>El oficio de transformar fibras de curagua en intrincados tejidos se ha transmitido durante generaciones en Venezuela. Esta tradici\u00f3n artesanal no s\u00f3lo preserva la identidad cultural, sino que tambi\u00e9n sostiene a las comunidades rurales mediante la producci\u00f3n de tejidos utilizados para prendas de vestir y otros bienes. <\/p>\n<\/li>\n<\/ul>\n\t\t\t\t\t\t\t\t<\/div>\n\t\t\t\t<\/div>\n\t\t\t\t<section class=\"elementor-section elementor-inner-section elementor-element elementor-element-5df163b elementor-section-boxed elementor-section-height-default elementor-section-height-default\" data-id=\"5df163b\" data-element_type=\"section\">\n\t\t\t\t\t\t<div class=\"elementor-container elementor-column-gap-default\">\n\t\t\t\t\t<div class=\"elementor-column elementor-col-50 elementor-inner-column elementor-element elementor-element-3be1572\" data-id=\"3be1572\" data-element_type=\"column\">\n\t\t\t<div class=\"elementor-widget-wrap elementor-element-populated\">\n\t\t\t\t\t\t<div class=\"elementor-element elementor-element-5c9a7ea elementor-widget elementor-widget-image\" data-id=\"5c9a7ea\" data-element_type=\"widget\" data-widget_type=\"image.default\">\n\t\t\t\t<div class=\"elementor-widget-container\">\n\t\t\t\t\t\t\t\t\t\t\t\t<figure class=\"wp-caption\">\n\t\t\t\t\t\t\t\t\t\t<img loading=\"lazy\" decoding=\"async\" width=\"800\" height=\"531\" src=\"https:\/\/richeskarayib.com\/wp-content\/uploads\/2024\/10\/14111-1024x680.jpg\" class=\"attachment-large size-large wp-image-41171\" alt=\"\" srcset=\"https:\/\/richeskarayib.com\/wp-content\/uploads\/2024\/10\/14111-1024x680.jpg 1024w, https:\/\/richeskarayib.com\/wp-content\/uploads\/2024\/10\/14111-300x199.jpg 300w, https:\/\/richeskarayib.com\/wp-content\/uploads\/2024\/10\/14111-768x510.jpg 768w, https:\/\/richeskarayib.com\/wp-content\/uploads\/2024\/10\/14111-1536x1021.jpg 1536w, https:\/\/richeskarayib.com\/wp-content\/uploads\/2024\/10\/14111-2048x1361.jpg 2048w, https:\/\/richeskarayib.com\/wp-content\/uploads\/2024\/10\/14111-1320x877.jpg 1320w\" sizes=\"(max-width: 800px) 100vw, 800px\" \/>\t\t\t\t\t\t\t\t\t\t\t<figcaption class=\"widget-image-caption wp-caption-text\">Colombia: M\u00fasica vallenata<\/figcaption>\n\t\t\t\t\t\t\t\t\t\t<\/figure>\n\t\t\t\t\t\t\t\t\t<\/div>\n\t\t\t\t<\/div>\n\t\t\t\t\t<\/div>\n\t\t<\/div>\n\t\t\t\t<div class=\"elementor-column elementor-col-50 elementor-inner-column elementor-element elementor-element-42d4e14\" data-id=\"42d4e14\" data-element_type=\"column\">\n\t\t\t<div class=\"elementor-widget-wrap elementor-element-populated\">\n\t\t\t\t\t\t<div class=\"elementor-element elementor-element-6e282e4 elementor-widget elementor-widget-image\" data-id=\"6e282e4\" data-element_type=\"widget\" data-widget_type=\"image.default\">\n\t\t\t\t<div class=\"elementor-widget-container\">\n\t\t\t\t\t\t\t\t\t\t\t\t<figure class=\"wp-caption\">\n\t\t\t\t\t\t\t\t\t\t<img loading=\"lazy\" decoding=\"async\" width=\"800\" height=\"534\" src=\"https:\/\/richeskarayib.com\/wp-content\/uploads\/2024\/10\/09693-1024x683.jpg\" class=\"attachment-large size-large wp-image-41175\" alt=\"\" srcset=\"https:\/\/richeskarayib.com\/wp-content\/uploads\/2024\/10\/09693-1024x683.jpg 1024w, https:\/\/richeskarayib.com\/wp-content\/uploads\/2024\/10\/09693-300x200.jpg 300w, https:\/\/richeskarayib.com\/wp-content\/uploads\/2024\/10\/09693-768x512.jpg 768w, https:\/\/richeskarayib.com\/wp-content\/uploads\/2024\/10\/09693-1536x1024.jpg 1536w, https:\/\/richeskarayib.com\/wp-content\/uploads\/2024\/10\/09693-2048x1365.jpg 2048w, https:\/\/richeskarayib.com\/wp-content\/uploads\/2024\/10\/09693-1320x880.jpg 1320w\" sizes=\"(max-width: 800px) 100vw, 800px\" \/>\t\t\t\t\t\t\t\t\t\t\t<figcaption class=\"widget-image-caption wp-caption-text\">Venezuela (Rep\u00fablica Bolivariana de): Tejido de Fibra de Curagua<\/figcaption>\n\t\t\t\t\t\t\t\t\t\t<\/figure>\n\t\t\t\t\t\t\t\t\t<\/div>\n\t\t\t\t<\/div>\n\t\t\t\t\t<\/div>\n\t\t<\/div>\n\t\t\t\t\t<\/div>\n\t\t<\/section>\n\t\t\t\t\t<\/div>\n\t\t<\/div>\n\t\t\t\t\t<\/div>\n\t\t<\/section>\n\t\t\t\t<section class=\"elementor-section elementor-top-section elementor-element elementor-element-4d5fbeb elementor-section-boxed elementor-section-height-default elementor-section-height-default\" data-id=\"4d5fbeb\" data-element_type=\"section\">\n\t\t\t\t\t\t<div class=\"elementor-container elementor-column-gap-default\">\n\t\t\t\t\t<div class=\"elementor-column elementor-col-100 elementor-top-column elementor-element elementor-element-da6a5c3\" data-id=\"da6a5c3\" data-element_type=\"column\">\n\t\t\t<div class=\"elementor-widget-wrap elementor-element-populated\">\n\t\t\t\t\t\t<div class=\"elementor-element elementor-element-dee4a04 elementor-widget elementor-widget-text-editor\" data-id=\"dee4a04\" data-element_type=\"widget\" data-widget_type=\"text-editor.default\">\n\t\t\t\t<div class=\"elementor-widget-container\">\n\t\t\t\t\t\t\t\t\t<p>Desde tradiciones musicales que capturan el alma de un pueblo hasta ceremonias sagradas que honran la tierra y lo divino, en los a\u00f1os 2012 a 2015 se reconocieron algunos de los elementos culturales m\u00e1s vibrantes y arraigados del Caribe. Estas pr\u00e1cticas mantienen vivo el esp\u00edritu de la regi\u00f3n, transmitido de generaci\u00f3n en generaci\u00f3n. Acomp\u00e1\u00f1anos en el pr\u00f3ximo art\u00edculo, donde exploraremos el periodo de 2016 a 2019, una \u00e9poca de a\u00fan m\u00e1s reconocimientos culturales por parte de la UNESCO.  <\/p>\n\t\t\t\t\t\t\t\t<\/div>\n\t\t\t\t<\/div>\n\t\t\t\t\t<\/div>\n\t\t<\/div>\n\t\t\t\t\t<\/div>\n\t\t<\/section>\n\t\t\t\t<\/div>\n\t\t","protected":false},"excerpt":{"rendered":"<p>Preservar el alma del Caribe De 2012 a 2015, el rico patrimonio cultural del Caribe sigui\u00f3 obteniendo el reconocimiento de la UNESCO. Estos a\u00f1os celebraron la vibrante m\u00fasica, los rituales sagrados y las tradiciones narrativas de la regi\u00f3n, cada una de las cuales es una pieza esencial de la identidad del Caribe. En este art\u00edculo, [&hellip;]<\/p>\n","protected":false},"author":47,"featured_media":41394,"comment_status":"open","ping_status":"open","sticky":false,"template":"","format":"standard","meta":{"_acf_changed":false,"footnotes":""},"categories":[1469],"tags":[825,1580,1562,1579],"class_list":["post-41380","post","type-post","status-publish","format-standard","has-post-thumbnail","hentry","category-historia-patrimonio","tag-colombia","tag-guadeloupe-es","tag-guatemala-es","tag-venezuela-es-2"],"acf":[],"_links":{"self":[{"href":"https:\/\/richeskarayib.com\/es\/wp-json\/wp\/v2\/posts\/41380","targetHints":{"allow":["GET"]}}],"collection":[{"href":"https:\/\/richeskarayib.com\/es\/wp-json\/wp\/v2\/posts"}],"about":[{"href":"https:\/\/richeskarayib.com\/es\/wp-json\/wp\/v2\/types\/post"}],"author":[{"embeddable":true,"href":"https:\/\/richeskarayib.com\/es\/wp-json\/wp\/v2\/users\/47"}],"replies":[{"embeddable":true,"href":"https:\/\/richeskarayib.com\/es\/wp-json\/wp\/v2\/comments?post=41380"}],"version-history":[{"count":0,"href":"https:\/\/richeskarayib.com\/es\/wp-json\/wp\/v2\/posts\/41380\/revisions"}],"wp:featuredmedia":[{"embeddable":true,"href":"https:\/\/richeskarayib.com\/es\/wp-json\/wp\/v2\/media\/41394"}],"wp:attachment":[{"href":"https:\/\/richeskarayib.com\/es\/wp-json\/wp\/v2\/media?parent=41380"}],"wp:term":[{"taxonomy":"category","embeddable":true,"href":"https:\/\/richeskarayib.com\/es\/wp-json\/wp\/v2\/categories?post=41380"},{"taxonomy":"post_tag","embeddable":true,"href":"https:\/\/richeskarayib.com\/es\/wp-json\/wp\/v2\/tags?post=41380"}],"curies":[{"name":"wp","href":"https:\/\/api.w.org\/{rel}","templated":true}]}}