{"id":41832,"date":"2024-11-13T19:07:28","date_gmt":"2024-11-13T19:07:28","guid":{"rendered":"https:\/\/richeskarayib.com\/informe-especial-parte-4-2020-2023-los-tesoros-culturales-del-caribe-patrimonio-inmaterial-reconocido-por-la-unesco\/"},"modified":"2024-11-13T19:07:32","modified_gmt":"2024-11-13T19:07:32","slug":"informe-especial-parte-4-2020-2023-los-tesoros-culturales-del-caribe-patrimonio-inmaterial-reconocido-por-la-unesco","status":"publish","type":"post","link":"https:\/\/richeskarayib.com\/es\/informe-especial-parte-4-2020-2023-los-tesoros-culturales-del-caribe-patrimonio-inmaterial-reconocido-por-la-unesco\/","title":{"rendered":"Informe especial parte 4 (2020-2023): Los Tesoros Culturales del Caribe: Patrimonio Inmaterial Reconocido por la UNESCO"},"content":{"rendered":"\t\t<div data-elementor-type=\"wp-post\" data-elementor-id=\"41832\" class=\"elementor elementor-41832 elementor-40779\" data-elementor-post-type=\"post\">\n\t\t\t\t\t\t<section class=\"elementor-section elementor-top-section elementor-element elementor-element-d2fa39f elementor-section-boxed elementor-section-height-default elementor-section-height-default\" data-id=\"d2fa39f\" data-element_type=\"section\">\n\t\t\t\t\t\t<div class=\"elementor-container elementor-column-gap-default\">\n\t\t\t\t\t<div class=\"elementor-column elementor-col-100 elementor-top-column elementor-element elementor-element-74e6dd0\" data-id=\"74e6dd0\" data-element_type=\"column\">\n\t\t\t<div class=\"elementor-widget-wrap elementor-element-populated\">\n\t\t\t\t\t\t<div class=\"elementor-element elementor-element-8909527 elementor-widget elementor-widget-heading\" data-id=\"8909527\" data-element_type=\"widget\" data-widget_type=\"heading.default\">\n\t\t\t\t<div class=\"elementor-widget-container\">\n\t\t\t\t\t<h2 class=\"elementor-heading-title elementor-size-default\">Celebrar la diversidad cultural del Caribe<\/h2>\t\t\t\t<\/div>\n\t\t\t\t<\/div>\n\t\t\t\t<div class=\"elementor-element elementor-element-d541e3d elementor-widget elementor-widget-text-editor\" data-id=\"d541e3d\" data-element_type=\"widget\" data-widget_type=\"text-editor.default\">\n\t\t\t\t<div class=\"elementor-widget-container\">\n\t\t\t\t\t\t\t\t\t<p>Entre 2020 y 2023, <a href=\"https:\/\/www.unesco.org\/en\" target=\"_blank\" rel=\"noopener nofollow\"><strong>LA UNESCO<\/strong><\/a> seguir\u00e1 reconociendo el rico patrimonio cultural inmaterial del Caribe, celebrando tradiciones que muestran la diversidad y la vibrante historia de la regi\u00f3n. Estos reconocimientos de la <a href=\"https:\/\/web.facebook.com\/unescocaribbean\/?_rdc=1&amp;_rdr#\" target=\"_blank\" rel=\"noopener nofollow\"><strong>UNESCO <\/strong><\/a>revelan las profundas pr\u00e1cticas y costumbres culturales que han sobrevivido a generaciones, conectando el pasado con el presente. Este art\u00edculo se centra en los elementos honrados durante este periodo, destacando su importancia para la identidad caribe\u00f1a.  <\/p>\n\t\t\t\t\t\t\t\t<\/div>\n\t\t\t\t<\/div>\n\t\t\t\t\t<\/div>\n\t\t<\/div>\n\t\t\t\t\t<\/div>\n\t\t<\/section>\n\t\t\t\t<section class=\"elementor-section elementor-top-section elementor-element elementor-element-776ee9d elementor-section-boxed elementor-section-height-default elementor-section-height-default\" data-id=\"776ee9d\" data-element_type=\"section\">\n\t\t\t\t\t\t<div class=\"elementor-container elementor-column-gap-default\">\n\t\t\t\t\t<div class=\"elementor-column elementor-col-100 elementor-top-column elementor-element elementor-element-e9eb1e6\" data-id=\"e9eb1e6\" data-element_type=\"column\">\n\t\t\t<div class=\"elementor-widget-wrap elementor-element-populated\">\n\t\t\t\t\t\t<div class=\"elementor-element elementor-element-653aab0 elementor-widget elementor-widget-heading\" data-id=\"653aab0\" data-element_type=\"widget\" data-widget_type=\"heading.default\">\n\t\t\t\t<div class=\"elementor-widget-container\">\n\t\t\t\t\t<h2 class=\"elementor-heading-title elementor-size-default\">2020<\/h2>\t\t\t\t<\/div>\n\t\t\t\t<\/div>\n\t\t\t\t<div class=\"elementor-element elementor-element-5b8dd47 elementor-widget elementor-widget-text-editor\" data-id=\"5b8dd47\" data-element_type=\"widget\" data-widget_type=\"text-editor.default\">\n\t\t\t\t<div class=\"elementor-widget-container\">\n\t\t\t\t\t\t\t\t\t<ul>\n<li>\n<p><strong>Martinica:<\/strong> El Yole como modelo de conservaci\u00f3n del patrimonio<\/p>\n<p>Para <strong>la UNESCO,<\/strong> el yole de Martinica, una embarcaci\u00f3n ligera tradicional, simboliza la historia mar\u00edtima de la regi\u00f3n y se ha convertido en un punto central de las iniciativas de conservaci\u00f3n del patrimonio destinadas a mantener la artesan\u00eda local y los lazos comunitarios frente a la modernizaci\u00f3n.<\/p>\n<\/li>\n<li>\n<p><strong>Colombia:<\/strong> Conocimientos y T\u00e9cnicas Tradicionales del Barniz Mopa-Mopa<\/p>\n<p>Los conocimientos y t\u00e9cnicas tradicionales del barniz de mopa-mopa de Putumayo y Nari\u00f1o implican los intrincados procesos de recolecci\u00f3n de los brotes de mopa-mopa, el trabajo de la madera y el barnizado decorativo, que representan una identidad cultural vital para las comunidades, pero que se enfrentan a amenazas urgentes por la globalizaci\u00f3n, la deforestaci\u00f3n y la disminuci\u00f3n de los profesionales.<\/p>\n<\/li>\n<\/ul>\n\t\t\t\t\t\t\t\t<\/div>\n\t\t\t\t<\/div>\n\t\t\t\t<section class=\"elementor-section elementor-inner-section elementor-element elementor-element-d43e08b elementor-section-boxed elementor-section-height-default elementor-section-height-default\" data-id=\"d43e08b\" data-element_type=\"section\">\n\t\t\t\t\t\t<div class=\"elementor-container elementor-column-gap-default\">\n\t\t\t\t\t<div class=\"elementor-column elementor-col-50 elementor-inner-column elementor-element elementor-element-eedbb73\" data-id=\"eedbb73\" data-element_type=\"column\">\n\t\t\t<div class=\"elementor-widget-wrap elementor-element-populated\">\n\t\t\t\t\t\t<div class=\"elementor-element elementor-element-ea1e598 elementor-widget elementor-widget-image\" data-id=\"ea1e598\" data-element_type=\"widget\" data-widget_type=\"image.default\">\n\t\t\t\t<div class=\"elementor-widget-container\">\n\t\t\t\t\t\t\t\t\t\t\t\t<figure class=\"wp-caption\">\n\t\t\t\t\t\t\t\t\t\t<img fetchpriority=\"high\" decoding=\"async\" width=\"800\" height=\"513\" src=\"https:\/\/richeskarayib.com\/wp-content\/uploads\/2024\/10\/13980-1024x657.jpg\" class=\"attachment-large size-large wp-image-41259\" alt=\"UNESCO\" srcset=\"https:\/\/richeskarayib.com\/wp-content\/uploads\/2024\/10\/13980-1024x657.jpg 1024w, https:\/\/richeskarayib.com\/wp-content\/uploads\/2024\/10\/13980-300x193.jpg 300w, https:\/\/richeskarayib.com\/wp-content\/uploads\/2024\/10\/13980-768x493.jpg 768w, https:\/\/richeskarayib.com\/wp-content\/uploads\/2024\/10\/13980-1536x986.jpg 1536w, https:\/\/richeskarayib.com\/wp-content\/uploads\/2024\/10\/13980-1320x847.jpg 1320w, https:\/\/richeskarayib.com\/wp-content\/uploads\/2024\/10\/13980.jpg 2044w\" sizes=\"(max-width: 800px) 100vw, 800px\" \/>\t\t\t\t\t\t\t\t\t\t\t<figcaption class=\"widget-image-caption wp-caption-text\">Martinica: El Yole como modelo de conservaci\u00f3n del patrimonio<\/figcaption>\n\t\t\t\t\t\t\t\t\t\t<\/figure>\n\t\t\t\t\t\t\t\t\t<\/div>\n\t\t\t\t<\/div>\n\t\t\t\t\t<\/div>\n\t\t<\/div>\n\t\t\t\t<div class=\"elementor-column elementor-col-50 elementor-inner-column elementor-element elementor-element-b78bbea\" data-id=\"b78bbea\" data-element_type=\"column\">\n\t\t\t<div class=\"elementor-widget-wrap elementor-element-populated\">\n\t\t\t\t\t\t<div class=\"elementor-element elementor-element-8901a11 elementor-widget elementor-widget-image\" data-id=\"8901a11\" data-element_type=\"widget\" data-widget_type=\"image.default\">\n\t\t\t\t<div class=\"elementor-widget-container\">\n\t\t\t\t\t\t\t\t\t\t\t\t<figure class=\"wp-caption\">\n\t\t\t\t\t\t\t\t\t\t<img decoding=\"async\" width=\"800\" height=\"560\" src=\"https:\/\/richeskarayib.com\/wp-content\/uploads\/2024\/10\/13661-1024x717.jpg\" class=\"attachment-large size-large wp-image-41263\" alt=\"UNESCO\" srcset=\"https:\/\/richeskarayib.com\/wp-content\/uploads\/2024\/10\/13661-1024x717.jpg 1024w, https:\/\/richeskarayib.com\/wp-content\/uploads\/2024\/10\/13661-300x210.jpg 300w, https:\/\/richeskarayib.com\/wp-content\/uploads\/2024\/10\/13661-768x538.jpg 768w, https:\/\/richeskarayib.com\/wp-content\/uploads\/2024\/10\/13661-1536x1075.jpg 1536w, https:\/\/richeskarayib.com\/wp-content\/uploads\/2024\/10\/13661-2048x1434.jpg 2048w, https:\/\/richeskarayib.com\/wp-content\/uploads\/2024\/10\/13661-1320x924.jpg 1320w\" sizes=\"(max-width: 800px) 100vw, 800px\" \/>\t\t\t\t\t\t\t\t\t\t\t<figcaption class=\"widget-image-caption wp-caption-text\">Colombia: Conocimientos y T\u00e9cnicas Tradicionales del Barniz Mopa-Mopa<\/figcaption>\n\t\t\t\t\t\t\t\t\t\t<\/figure>\n\t\t\t\t\t\t\t\t\t<\/div>\n\t\t\t\t<\/div>\n\t\t\t\t\t<\/div>\n\t\t<\/div>\n\t\t\t\t\t<\/div>\n\t\t<\/section>\n\t\t\t\t\t<\/div>\n\t\t<\/div>\n\t\t\t\t\t<\/div>\n\t\t<\/section>\n\t\t\t\t<section class=\"elementor-section elementor-top-section elementor-element elementor-element-837acd0 elementor-section-boxed elementor-section-height-default elementor-section-height-default\" data-id=\"837acd0\" data-element_type=\"section\">\n\t\t\t\t\t\t<div class=\"elementor-container elementor-column-gap-default\">\n\t\t\t\t\t<div class=\"elementor-column elementor-col-100 elementor-top-column elementor-element elementor-element-dbbf243\" data-id=\"dbbf243\" data-element_type=\"column\">\n\t\t\t<div class=\"elementor-widget-wrap elementor-element-populated\">\n\t\t\t\t\t\t<div class=\"elementor-element elementor-element-164d889 elementor-widget elementor-widget-heading\" data-id=\"164d889\" data-element_type=\"widget\" data-widget_type=\"heading.default\">\n\t\t\t\t<div class=\"elementor-widget-container\">\n\t\t\t\t\t<h2 class=\"elementor-heading-title elementor-size-default\">2021<\/h2>\t\t\t\t<\/div>\n\t\t\t\t<\/div>\n\t\t\t\t<div class=\"elementor-element elementor-element-87b244f elementor-widget elementor-widget-text-editor\" data-id=\"87b244f\" data-element_type=\"widget\" data-widget_type=\"text-editor.default\">\n\t\t\t\t<div class=\"elementor-widget-container\">\n\t\t\t\t\t\t\t\t\t<ul>\n<li>\n<p><strong>Venezuela:<\/strong> Las Fiestas de San Juan Bautista<\/p>\n<p>Para <strong><a href=\"https:\/\/richeskarayib.com\/es\/informe-especial-parte-1-2008-2011-los-tesoros-culturales-del-caribe-patrimonio-inmaterial-reconocido-por-la-unesco\/\" target=\"_blank\" rel=\"noopener\">la UNESCO<\/a>, <\/strong>las celebraciones venezolanas de San Juan Bautista, arraigadas en las comunidades afrovenezolanas del siglo XVIII, mezclan influencias cat\u00f3licas con ricas expresiones verbales, musicales y f\u00edsicas africanas, sirviendo como poderoso s\u00edmbolo de resistencia cultural y recuerdo de los antepasados esclavizados.<\/p>\n<\/li>\n<li>\n<p><strong>Panam\u00e1:<\/strong> La Danza y las Expresiones del Corpus Christi<\/p>\n<p>La fiesta del Corpus Christi en Panam\u00e1 es una vibrante celebraci\u00f3n religiosa que fusiona la tradici\u00f3n cat\u00f3lica con las fiestas populares, presentando representaciones teatrales, m\u00fasica animada y coloridas danzas, que simbolizan la lucha entre el bien y el mal, al tiempo que fomentan la participaci\u00f3n de la comunidad y la transmisi\u00f3n cultural.<\/p>\n<\/li>\n<li>\n<p><strong>Hait\u00ed:<\/strong> Sopa Joumou<\/p>\n<p>Para <strong>la UNESCO,<\/strong> la Sopa Joumou, una sopa de calabaza tradicional haitiana, no es s\u00f3lo un plato festivo profundamente arraigado en la identidad haitiana, sino tambi\u00e9n un s\u00edmbolo de libertad y resistencia, hist\u00f3ricamente reservado a los propietarios de esclavos y ahora celebrado como unificador de la comunidad, especialmente el 1 de enero, D\u00eda de la Independencia de Hait\u00ed.<\/p>\n<\/li>\n<\/ul>\n\t\t\t\t\t\t\t\t<\/div>\n\t\t\t\t<\/div>\n\t\t\t\t<section class=\"elementor-section elementor-inner-section elementor-element elementor-element-2951179 elementor-section-boxed elementor-section-height-default elementor-section-height-default\" data-id=\"2951179\" data-element_type=\"section\">\n\t\t\t\t\t\t<div class=\"elementor-container elementor-column-gap-default\">\n\t\t\t\t\t<div class=\"elementor-column elementor-col-33 elementor-inner-column elementor-element elementor-element-039d8af\" data-id=\"039d8af\" data-element_type=\"column\">\n\t\t\t<div class=\"elementor-widget-wrap elementor-element-populated\">\n\t\t\t\t\t\t<div class=\"elementor-element elementor-element-f423d02 elementor-widget elementor-widget-image\" data-id=\"f423d02\" data-element_type=\"widget\" data-widget_type=\"image.default\">\n\t\t\t\t<div class=\"elementor-widget-container\">\n\t\t\t\t\t\t\t\t\t\t\t\t<figure class=\"wp-caption\">\n\t\t\t\t\t\t\t\t\t\t<img decoding=\"async\" width=\"800\" height=\"534\" src=\"https:\/\/richeskarayib.com\/wp-content\/uploads\/2024\/10\/14686-1024x683.jpg\" class=\"attachment-large size-large wp-image-41267\" alt=\"UNESCO\" srcset=\"https:\/\/richeskarayib.com\/wp-content\/uploads\/2024\/10\/14686-1024x683.jpg 1024w, https:\/\/richeskarayib.com\/wp-content\/uploads\/2024\/10\/14686-300x200.jpg 300w, https:\/\/richeskarayib.com\/wp-content\/uploads\/2024\/10\/14686-768x512.jpg 768w, https:\/\/richeskarayib.com\/wp-content\/uploads\/2024\/10\/14686-1536x1024.jpg 1536w, https:\/\/richeskarayib.com\/wp-content\/uploads\/2024\/10\/14686-2048x1365.jpg 2048w, https:\/\/richeskarayib.com\/wp-content\/uploads\/2024\/10\/14686-1320x880.jpg 1320w\" sizes=\"(max-width: 800px) 100vw, 800px\" \/>\t\t\t\t\t\t\t\t\t\t\t<figcaption class=\"widget-image-caption wp-caption-text\">Venezuela: Las Fiestas de San Juan Bautista<\/figcaption>\n\t\t\t\t\t\t\t\t\t\t<\/figure>\n\t\t\t\t\t\t\t\t\t<\/div>\n\t\t\t\t<\/div>\n\t\t\t\t\t<\/div>\n\t\t<\/div>\n\t\t\t\t<div class=\"elementor-column elementor-col-33 elementor-inner-column elementor-element elementor-element-73236be\" data-id=\"73236be\" data-element_type=\"column\">\n\t\t\t<div class=\"elementor-widget-wrap elementor-element-populated\">\n\t\t\t\t\t\t<div class=\"elementor-element elementor-element-dd1caf5 elementor-widget elementor-widget-image\" data-id=\"dd1caf5\" data-element_type=\"widget\" data-widget_type=\"image.default\">\n\t\t\t\t<div class=\"elementor-widget-container\">\n\t\t\t\t\t\t\t\t\t\t\t\t<figure class=\"wp-caption\">\n\t\t\t\t\t\t\t\t\t\t<img loading=\"lazy\" decoding=\"async\" width=\"800\" height=\"534\" src=\"https:\/\/richeskarayib.com\/wp-content\/uploads\/2024\/10\/14013-1024x683.jpg\" class=\"attachment-large size-large wp-image-41271\" alt=\"UNESCO\" srcset=\"https:\/\/richeskarayib.com\/wp-content\/uploads\/2024\/10\/14013-1024x683.jpg 1024w, https:\/\/richeskarayib.com\/wp-content\/uploads\/2024\/10\/14013-300x200.jpg 300w, https:\/\/richeskarayib.com\/wp-content\/uploads\/2024\/10\/14013-768x512.jpg 768w, https:\/\/richeskarayib.com\/wp-content\/uploads\/2024\/10\/14013-1536x1024.jpg 1536w, https:\/\/richeskarayib.com\/wp-content\/uploads\/2024\/10\/14013-2048x1365.jpg 2048w, https:\/\/richeskarayib.com\/wp-content\/uploads\/2024\/10\/14013-1320x880.jpg 1320w\" sizes=\"(max-width: 800px) 100vw, 800px\" \/>\t\t\t\t\t\t\t\t\t\t\t<figcaption class=\"widget-image-caption wp-caption-text\">Panam\u00e1: La Danza y las Expresiones del Corpus Christi<\/figcaption>\n\t\t\t\t\t\t\t\t\t\t<\/figure>\n\t\t\t\t\t\t\t\t\t<\/div>\n\t\t\t\t<\/div>\n\t\t\t\t\t<\/div>\n\t\t<\/div>\n\t\t\t\t<div class=\"elementor-column elementor-col-33 elementor-inner-column elementor-element elementor-element-226b7fb\" data-id=\"226b7fb\" data-element_type=\"column\">\n\t\t\t<div class=\"elementor-widget-wrap elementor-element-populated\">\n\t\t\t\t\t\t<div class=\"elementor-element elementor-element-4d0613f elementor-widget elementor-widget-image\" data-id=\"4d0613f\" data-element_type=\"widget\" data-widget_type=\"image.default\">\n\t\t\t\t<div class=\"elementor-widget-container\">\n\t\t\t\t\t\t\t\t\t\t\t\t<figure class=\"wp-caption\">\n\t\t\t\t\t\t\t\t\t\t<img loading=\"lazy\" decoding=\"async\" width=\"800\" height=\"600\" src=\"https:\/\/richeskarayib.com\/wp-content\/uploads\/2024\/10\/15649-1024x768.jpg\" class=\"attachment-large size-large wp-image-41275\" alt=\"UNESCO\" srcset=\"https:\/\/richeskarayib.com\/wp-content\/uploads\/2024\/10\/15649-1024x768.jpg 1024w, https:\/\/richeskarayib.com\/wp-content\/uploads\/2024\/10\/15649-300x225.jpg 300w, https:\/\/richeskarayib.com\/wp-content\/uploads\/2024\/10\/15649-768x576.jpg 768w, https:\/\/richeskarayib.com\/wp-content\/uploads\/2024\/10\/15649-1536x1152.jpg 1536w, https:\/\/richeskarayib.com\/wp-content\/uploads\/2024\/10\/15649-2048x1536.jpg 2048w, https:\/\/richeskarayib.com\/wp-content\/uploads\/2024\/10\/15649-1320x990.jpg 1320w\" sizes=\"(max-width: 800px) 100vw, 800px\" \/>\t\t\t\t\t\t\t\t\t\t\t<figcaption class=\"widget-image-caption wp-caption-text\">Hait\u00ed: Sopa Joumou<\/figcaption>\n\t\t\t\t\t\t\t\t\t\t<\/figure>\n\t\t\t\t\t\t\t\t\t<\/div>\n\t\t\t\t<\/div>\n\t\t\t\t\t<\/div>\n\t\t<\/div>\n\t\t\t\t\t<\/div>\n\t\t<\/section>\n\t\t\t\t\t<\/div>\n\t\t<\/div>\n\t\t\t\t\t<\/div>\n\t\t<\/section>\n\t\t\t\t<section class=\"elementor-section elementor-top-section elementor-element elementor-element-dc6b7d9 elementor-section-boxed elementor-section-height-default elementor-section-height-default\" data-id=\"dc6b7d9\" data-element_type=\"section\">\n\t\t\t\t\t\t<div class=\"elementor-container elementor-column-gap-default\">\n\t\t\t\t\t<div class=\"elementor-column elementor-col-100 elementor-top-column elementor-element elementor-element-053f849\" data-id=\"053f849\" data-element_type=\"column\">\n\t\t\t<div class=\"elementor-widget-wrap elementor-element-populated\">\n\t\t\t\t\t\t<div class=\"elementor-element elementor-element-4f9fe32 elementor-widget elementor-widget-heading\" data-id=\"4f9fe32\" data-element_type=\"widget\" data-widget_type=\"heading.default\">\n\t\t\t\t<div class=\"elementor-widget-container\">\n\t\t\t\t\t<h2 class=\"elementor-heading-title elementor-size-default\">2022<\/h2>\t\t\t\t<\/div>\n\t\t\t\t<\/div>\n\t\t\t\t<div class=\"elementor-element elementor-element-331af2f elementor-widget elementor-widget-text-editor\" data-id=\"331af2f\" data-element_type=\"widget\" data-widget_type=\"text-editor.default\">\n\t\t\t\t<div class=\"elementor-widget-container\">\n\t\t\t\t\t\t\t\t\t<ul>\n<li>\n<p><strong>Guatemala:<\/strong> Celebraciones de Semana Santa<\/p>\n<p>Para <strong><a href=\"https:\/\/richeskarayib.com\/es\/informe-especial-parte-2-2012-2015-los-tesoros-culturales-del-caribe-patrimonio-inmaterial-reconocido-por-la-unesco\/\" target=\"_blank\" rel=\"noopener\">la UNESCO<\/a>, <\/strong>la Semana Santa de Guatemala es un importante acontecimiento cultural y religioso que incluye procesiones, especialidades culinarias y vibrantes alfombras de flores y frutas, y representa una rica tradici\u00f3n que fomenta la inclusi\u00f3n social y el respeto mutuo al tiempo que conmemora la Pasi\u00f3n, muerte y resurrecci\u00f3n de Cristo.<\/p>\n<\/li>\n<li>\n<p><strong>Colombia:<\/strong> Sistema de Conocimientos Ancestrales de los Pueblos Arhuaco, Kankuamo, Kogi y Wiwa<\/p>\n<p>El sistema de conocimiento ancestral de los pueblos Arhuaco, Kankuamo, Kogi y Wiwa de la Sierra Nevada de Santa Marta es un marco profundo que gu\u00eda sus misiones sagradas para la armon\u00eda con el universo f\u00edsico y espiritual, haciendo hincapi\u00e9 en la conservaci\u00f3n de los lugares sagrados, los rituales tradicionales y la protecci\u00f3n de su identidad cultural y su ecosistema.<\/p>\n<\/li>\n<\/ul>\n\t\t\t\t\t\t\t\t<\/div>\n\t\t\t\t<\/div>\n\t\t\t\t<section class=\"elementor-section elementor-inner-section elementor-element elementor-element-c5532c0 elementor-section-boxed elementor-section-height-default elementor-section-height-default\" data-id=\"c5532c0\" data-element_type=\"section\">\n\t\t\t\t\t\t<div class=\"elementor-container elementor-column-gap-default\">\n\t\t\t\t\t<div class=\"elementor-column elementor-col-50 elementor-inner-column elementor-element elementor-element-c37383c\" data-id=\"c37383c\" data-element_type=\"column\">\n\t\t\t<div class=\"elementor-widget-wrap elementor-element-populated\">\n\t\t\t\t\t\t<div class=\"elementor-element elementor-element-90487b8 elementor-widget elementor-widget-image\" data-id=\"90487b8\" data-element_type=\"widget\" data-widget_type=\"image.default\">\n\t\t\t\t<div class=\"elementor-widget-container\">\n\t\t\t\t\t\t\t\t\t\t\t\t<figure class=\"wp-caption\">\n\t\t\t\t\t\t\t\t\t\t<img loading=\"lazy\" decoding=\"async\" width=\"800\" height=\"537\" src=\"https:\/\/richeskarayib.com\/wp-content\/uploads\/2024\/10\/15645-1024x687.jpg\" class=\"attachment-large size-large wp-image-41279\" alt=\"UNESCO\" srcset=\"https:\/\/richeskarayib.com\/wp-content\/uploads\/2024\/10\/15645-1024x687.jpg 1024w, https:\/\/richeskarayib.com\/wp-content\/uploads\/2024\/10\/15645-300x201.jpg 300w, https:\/\/richeskarayib.com\/wp-content\/uploads\/2024\/10\/15645-768x516.jpg 768w, https:\/\/richeskarayib.com\/wp-content\/uploads\/2024\/10\/15645-1536x1031.jpg 1536w, https:\/\/richeskarayib.com\/wp-content\/uploads\/2024\/10\/15645-2048x1375.jpg 2048w, https:\/\/richeskarayib.com\/wp-content\/uploads\/2024\/10\/15645-1320x886.jpg 1320w\" sizes=\"(max-width: 800px) 100vw, 800px\" \/>\t\t\t\t\t\t\t\t\t\t\t<figcaption class=\"widget-image-caption wp-caption-text\">Guatemala: Celebraciones de Semana Santa<\/figcaption>\n\t\t\t\t\t\t\t\t\t\t<\/figure>\n\t\t\t\t\t\t\t\t\t<\/div>\n\t\t\t\t<\/div>\n\t\t\t\t\t<\/div>\n\t\t<\/div>\n\t\t\t\t<div class=\"elementor-column elementor-col-50 elementor-inner-column elementor-element elementor-element-08fc621\" data-id=\"08fc621\" data-element_type=\"column\">\n\t\t\t<div class=\"elementor-widget-wrap elementor-element-populated\">\n\t\t\t\t\t\t<div class=\"elementor-element elementor-element-035de86 elementor-widget elementor-widget-image\" data-id=\"035de86\" data-element_type=\"widget\" data-widget_type=\"image.default\">\n\t\t\t\t<div class=\"elementor-widget-container\">\n\t\t\t\t\t\t\t\t\t\t\t\t<figure class=\"wp-caption\">\n\t\t\t\t\t\t\t\t\t\t<img loading=\"lazy\" decoding=\"async\" width=\"800\" height=\"450\" src=\"https:\/\/richeskarayib.com\/wp-content\/uploads\/2024\/10\/16115-1024x576.jpg\" class=\"attachment-large size-large wp-image-41303\" alt=\"UNESCO\" srcset=\"https:\/\/richeskarayib.com\/wp-content\/uploads\/2024\/10\/16115-1024x576.jpg 1024w, https:\/\/richeskarayib.com\/wp-content\/uploads\/2024\/10\/16115-300x169.jpg 300w, https:\/\/richeskarayib.com\/wp-content\/uploads\/2024\/10\/16115-768x432.jpg 768w, https:\/\/richeskarayib.com\/wp-content\/uploads\/2024\/10\/16115-1536x864.jpg 1536w, https:\/\/richeskarayib.com\/wp-content\/uploads\/2024\/10\/16115-1320x743.jpg 1320w, https:\/\/richeskarayib.com\/wp-content\/uploads\/2024\/10\/16115.jpg 1920w\" sizes=\"(max-width: 800px) 100vw, 800px\" \/>\t\t\t\t\t\t\t\t\t\t\t<figcaption class=\"widget-image-caption wp-caption-text\">Colombia: Sistema de Conocimientos Ancestrales de los Pueblos Arhuaco, Kankuamo, Kogi y Wiwa<\/figcaption>\n\t\t\t\t\t\t\t\t\t\t<\/figure>\n\t\t\t\t\t\t\t\t\t<\/div>\n\t\t\t\t<\/div>\n\t\t\t\t\t<\/div>\n\t\t<\/div>\n\t\t\t\t\t<\/div>\n\t\t<\/section>\n\t\t\t\t\t<\/div>\n\t\t<\/div>\n\t\t\t\t\t<\/div>\n\t\t<\/section>\n\t\t\t\t<section class=\"elementor-section elementor-top-section elementor-element elementor-element-e367f83 elementor-section-boxed elementor-section-height-default elementor-section-height-default\" data-id=\"e367f83\" data-element_type=\"section\">\n\t\t\t\t\t\t<div class=\"elementor-container elementor-column-gap-default\">\n\t\t\t\t\t<div class=\"elementor-column elementor-col-100 elementor-top-column elementor-element elementor-element-01f0d65\" data-id=\"01f0d65\" data-element_type=\"column\">\n\t\t\t<div class=\"elementor-widget-wrap elementor-element-populated\">\n\t\t\t\t\t\t<div class=\"elementor-element elementor-element-98e642f elementor-widget elementor-widget-heading\" data-id=\"98e642f\" data-element_type=\"widget\" data-widget_type=\"heading.default\">\n\t\t\t\t<div class=\"elementor-widget-container\">\n\t\t\t\t\t<h2 class=\"elementor-heading-title elementor-size-default\">2023<\/h2>\t\t\t\t<\/div>\n\t\t\t\t<\/div>\n\t\t\t\t<div class=\"elementor-element elementor-element-8da5262 elementor-widget elementor-widget-text-editor\" data-id=\"8da5262\" data-element_type=\"widget\" data-widget_type=\"text-editor.default\">\n\t\t\t\t<div class=\"elementor-widget-container\">\n\t\t\t\t\t\t\t\t\t<ul>\n<li>\n<p><strong>Granada:<\/strong> Construcci\u00f3n tradicional de barcos de madera en Carriacou y Petite Martinique<\/p>\n<p>Para <strong><a href=\"https:\/\/richeskarayib.com\/es\/unesco-informe-especial-parte-3-2016-2019-los-tesoros-culturales-del-caribe-patrimonio-inmaterial-reconocido\/\" target=\"_blank\" rel=\"noopener\">la UNESCO<\/a>, <\/strong>La pr\u00e1ctica tradicional de la construcci\u00f3n de embarcaciones de madera en Carriacou y Petite Martinique es una artesan\u00eda centenaria que implica a toda la comunidad en diversas funciones, donde los h\u00e1biles carpinteros de ribera seleccionan los \u00e1rboles, realizan rituales y celebran la botadura con bendiciones y festividades tradicionales, fomentando los lazos sociales y el patrimonio cultural.<\/p>\n<\/li>\n<li>\n<p><strong>Colombia : <\/strong>Parter\u00eda: conocimientos, habilidades y pr\u00e1cticas<\/p>\n<p>La parter\u00eda es una pr\u00e1ctica vital en varios pa\u00edses, como Colombia, Chipre, Alemania, Kirguist\u00e1n, Luxemburgo, Nigeria, Eslovenia y Togo, donde las matronas proporcionan cuidados esenciales y educaci\u00f3n a las mujeres embarazadas y a sus familias, combinando conocimientos tradicionales con pr\u00e1cticas basadas en pruebas, al tiempo que preservan los rituales culturales y fomentan el apoyo de la comunidad a trav\u00e9s de las generaciones.<\/p>\n<\/li>\n<li>\n<p><strong>Cuba y M\u00e9xico:<\/strong> El Bolero, Identidad, Emoci\u00f3n y Poes\u00eda en la Canci\u00f3n<\/p>\n<p>El bolero es un elemento vital de la m\u00fasica sentimental latinoamericana, profundamente arraigado en Cuba y M\u00e9xico, que mezcla el lenguaje po\u00e9tico europeo, los ritmos africanos y las emociones ind\u00edgenas, y sirve como un poderoso s\u00edmbolo cultural que evoca sentimientos y conecta a las comunidades a trav\u00e9s de su expresi\u00f3n l\u00edrica y su transmisi\u00f3n oral a trav\u00e9s de las generaciones.<\/p>\n<\/li>\n<li>\n<p><strong>Bahamas : <\/strong>el Junkanoo<strong>:<\/strong> Festival Cultural de las Bahamas<\/p>\n<p>Para <strong>la UNESCO, <\/strong>el Junkanoo es el festival cultural nacional de las Bahamas, originado a principios del siglo XIX por los africanos esclavizados que crearon vibrantes desfiles llenos de m\u00fasica, actuaciones y narraciones, que sirven como una poderosa expresi\u00f3n de creatividad y unidad comunitaria que implica a todas las edades en la elaboraci\u00f3n de elaborados trajes y la celebraci\u00f3n de la identidad cultural.<\/p>\n<\/li>\n<li>\n<p><strong>Panam\u00e1 :<\/strong> Festival Cultural y Ecol\u00f3gico de la Tortuga Marina de Armila: Programa de Pr\u00e1cticas de Salvaguarda<\/p>\n<p>El Festival Cultural y Ecol\u00f3gico de la Tortuga Marina en Armila, Panam\u00e1, es un programa vital iniciado por el pueblo kuna para preservar sus tradiciones orales y pr\u00e1cticas medioambientales, que presenta un festival educativo de cuatro d\u00edas que coincide con la llegada de las tortugas bobas, promoviendo el compromiso de la comunidad y la creaci\u00f3n de una etiqueta ecol\u00f3gica para festivales cultural y medioambientalmente responsables.<\/p>\n<\/li>\n<li>\n<p><strong>Venezuela :<\/strong> Bandos y Parrandas de los Santos Inocentes de Caucagua: Transmisi\u00f3n de Conocimientos y Consejos Comunitarios<\/p>\n<p>Para <strong>la UNESCO,<\/strong> Los Bandos y Parrandas de los Santos Inocentes de Caucagua, Venezuela, son vibrantes fiestas callejeras que se celebran los d\u00edas 27 y 28 de diciembre, caracterizadas por la m\u00fasica y los atuendos sat\u00edricos, y apoyadas por un programa de salvaguardia que potencia la tradici\u00f3n oral mediante centros de conocimiento y consejos dirigidos por la comunidad, con el fin de revitalizar esta celebraci\u00f3n afrodescendiente y preservar el patrimonio cultural.<\/p>\n<\/li>\n<\/ul>\n\t\t\t\t\t\t\t\t<\/div>\n\t\t\t\t<\/div>\n\t\t\t\t<section class=\"elementor-section elementor-inner-section elementor-element elementor-element-c5beefe elementor-section-boxed elementor-section-height-default elementor-section-height-default\" data-id=\"c5beefe\" data-element_type=\"section\">\n\t\t\t\t\t\t<div class=\"elementor-container elementor-column-gap-default\">\n\t\t\t\t\t<div class=\"elementor-column elementor-col-16 elementor-inner-column elementor-element elementor-element-fd70fbf\" data-id=\"fd70fbf\" data-element_type=\"column\">\n\t\t\t<div class=\"elementor-widget-wrap elementor-element-populated\">\n\t\t\t\t\t\t<div class=\"elementor-element elementor-element-260ef89 elementor-widget elementor-widget-image\" data-id=\"260ef89\" data-element_type=\"widget\" data-widget_type=\"image.default\">\n\t\t\t\t<div class=\"elementor-widget-container\">\n\t\t\t\t\t\t\t\t\t\t\t\t<figure class=\"wp-caption\">\n\t\t\t\t\t\t\t\t\t\t<img loading=\"lazy\" decoding=\"async\" width=\"800\" height=\"600\" src=\"https:\/\/richeskarayib.com\/wp-content\/uploads\/2024\/10\/16289-1024x768.jpg\" class=\"attachment-large size-large wp-image-41315\" alt=\"UNESCO\" srcset=\"https:\/\/richeskarayib.com\/wp-content\/uploads\/2024\/10\/16289-1024x768.jpg 1024w, https:\/\/richeskarayib.com\/wp-content\/uploads\/2024\/10\/16289-300x225.jpg 300w, https:\/\/richeskarayib.com\/wp-content\/uploads\/2024\/10\/16289-768x576.jpg 768w, https:\/\/richeskarayib.com\/wp-content\/uploads\/2024\/10\/16289.jpg 1280w\" sizes=\"(max-width: 800px) 100vw, 800px\" \/>\t\t\t\t\t\t\t\t\t\t\t<figcaption class=\"widget-image-caption wp-caption-text\">Granada: Construcci\u00f3n tradicional de barcos de madera en Carriacou y Petite Martinique<\/figcaption>\n\t\t\t\t\t\t\t\t\t\t<\/figure>\n\t\t\t\t\t\t\t\t\t<\/div>\n\t\t\t\t<\/div>\n\t\t\t\t\t<\/div>\n\t\t<\/div>\n\t\t\t\t<div class=\"elementor-column elementor-col-16 elementor-inner-column elementor-element elementor-element-814e40f\" data-id=\"814e40f\" data-element_type=\"column\">\n\t\t\t<div class=\"elementor-widget-wrap elementor-element-populated\">\n\t\t\t\t\t\t<div class=\"elementor-element elementor-element-d50b93c elementor-widget elementor-widget-image\" data-id=\"d50b93c\" data-element_type=\"widget\" data-widget_type=\"image.default\">\n\t\t\t\t<div class=\"elementor-widget-container\">\n\t\t\t\t\t\t\t\t\t\t\t\t<figure class=\"wp-caption\">\n\t\t\t\t\t\t\t\t\t\t<img loading=\"lazy\" decoding=\"async\" width=\"800\" height=\"450\" src=\"https:\/\/richeskarayib.com\/wp-content\/uploads\/2024\/10\/16642-1024x576.jpg\" class=\"attachment-large size-large wp-image-41327\" alt=\"UNESCO\" srcset=\"https:\/\/richeskarayib.com\/wp-content\/uploads\/2024\/10\/16642-1024x576.jpg 1024w, https:\/\/richeskarayib.com\/wp-content\/uploads\/2024\/10\/16642-300x169.jpg 300w, https:\/\/richeskarayib.com\/wp-content\/uploads\/2024\/10\/16642-768x432.jpg 768w, https:\/\/richeskarayib.com\/wp-content\/uploads\/2024\/10\/16642-1536x864.jpg 1536w, https:\/\/richeskarayib.com\/wp-content\/uploads\/2024\/10\/16642-1320x743.jpg 1320w, https:\/\/richeskarayib.com\/wp-content\/uploads\/2024\/10\/16642.jpg 1920w\" sizes=\"(max-width: 800px) 100vw, 800px\" \/>\t\t\t\t\t\t\t\t\t\t\t<figcaption class=\"widget-image-caption wp-caption-text\">Parter\u00eda: conocimientos, habilidades y pr\u00e1cticas<\/figcaption>\n\t\t\t\t\t\t\t\t\t\t<\/figure>\n\t\t\t\t\t\t\t\t\t<\/div>\n\t\t\t\t<\/div>\n\t\t\t\t\t<\/div>\n\t\t<\/div>\n\t\t\t\t<div class=\"elementor-column elementor-col-16 elementor-inner-column elementor-element elementor-element-b2d6a3a\" data-id=\"b2d6a3a\" data-element_type=\"column\">\n\t\t\t<div class=\"elementor-widget-wrap elementor-element-populated\">\n\t\t\t\t\t\t<div class=\"elementor-element elementor-element-0db4406 elementor-widget elementor-widget-image\" data-id=\"0db4406\" data-element_type=\"widget\" data-widget_type=\"image.default\">\n\t\t\t\t<div class=\"elementor-widget-container\">\n\t\t\t\t\t\t\t\t\t\t\t\t<figure class=\"wp-caption\">\n\t\t\t\t\t\t\t\t\t\t<img loading=\"lazy\" decoding=\"async\" width=\"800\" height=\"450\" src=\"https:\/\/richeskarayib.com\/wp-content\/uploads\/2024\/10\/16763-1024x576.jpg\" class=\"attachment-large size-large wp-image-41331\" alt=\"UNESCO\" srcset=\"https:\/\/richeskarayib.com\/wp-content\/uploads\/2024\/10\/16763-1024x576.jpg 1024w, https:\/\/richeskarayib.com\/wp-content\/uploads\/2024\/10\/16763-300x169.jpg 300w, https:\/\/richeskarayib.com\/wp-content\/uploads\/2024\/10\/16763-768x432.jpg 768w, https:\/\/richeskarayib.com\/wp-content\/uploads\/2024\/10\/16763-1536x864.jpg 1536w, https:\/\/richeskarayib.com\/wp-content\/uploads\/2024\/10\/16763-2048x1152.jpg 2048w, https:\/\/richeskarayib.com\/wp-content\/uploads\/2024\/10\/16763-1320x743.jpg 1320w\" sizes=\"(max-width: 800px) 100vw, 800px\" \/>\t\t\t\t\t\t\t\t\t\t\t<figcaption class=\"widget-image-caption wp-caption-text\">Cuba y M\u00e9xico: El Bolero, Identidad, Emoci\u00f3n y Poes\u00eda en la Canci\u00f3n<\/figcaption>\n\t\t\t\t\t\t\t\t\t\t<\/figure>\n\t\t\t\t\t\t\t\t\t<\/div>\n\t\t\t\t<\/div>\n\t\t\t\t\t<\/div>\n\t\t<\/div>\n\t\t\t\t<div class=\"elementor-column elementor-col-16 elementor-inner-column elementor-element elementor-element-96b3f95\" data-id=\"96b3f95\" data-element_type=\"column\">\n\t\t\t<div class=\"elementor-widget-wrap elementor-element-populated\">\n\t\t\t\t\t\t<div class=\"elementor-element elementor-element-0ba7f28 elementor-widget elementor-widget-image\" data-id=\"0ba7f28\" data-element_type=\"widget\" data-widget_type=\"image.default\">\n\t\t\t\t<div class=\"elementor-widget-container\">\n\t\t\t\t\t\t\t\t\t\t\t\t<figure class=\"wp-caption\">\n\t\t\t\t\t\t\t\t\t\t<img loading=\"lazy\" decoding=\"async\" width=\"800\" height=\"565\" src=\"https:\/\/richeskarayib.com\/wp-content\/uploads\/2024\/10\/16722-1024x723.jpg\" class=\"attachment-large size-large wp-image-41335\" alt=\"UNESCO\" srcset=\"https:\/\/richeskarayib.com\/wp-content\/uploads\/2024\/10\/16722-1024x723.jpg 1024w, https:\/\/richeskarayib.com\/wp-content\/uploads\/2024\/10\/16722-300x212.jpg 300w, https:\/\/richeskarayib.com\/wp-content\/uploads\/2024\/10\/16722-768x542.jpg 768w, https:\/\/richeskarayib.com\/wp-content\/uploads\/2024\/10\/16722.jpg 1280w\" sizes=\"(max-width: 800px) 100vw, 800px\" \/>\t\t\t\t\t\t\t\t\t\t\t<figcaption class=\"widget-image-caption wp-caption-text\">Bahamas : el Junkanoo: Festival Cultural de las Bahamas<\/figcaption>\n\t\t\t\t\t\t\t\t\t\t<\/figure>\n\t\t\t\t\t\t\t\t\t<\/div>\n\t\t\t\t<\/div>\n\t\t\t\t\t<\/div>\n\t\t<\/div>\n\t\t\t\t<div class=\"elementor-column elementor-col-16 elementor-inner-column elementor-element elementor-element-8110fee\" data-id=\"8110fee\" data-element_type=\"column\">\n\t\t\t<div class=\"elementor-widget-wrap elementor-element-populated\">\n\t\t\t\t\t\t<div class=\"elementor-element elementor-element-8bc7d7f elementor-widget elementor-widget-image\" data-id=\"8bc7d7f\" data-element_type=\"widget\" data-widget_type=\"image.default\">\n\t\t\t\t<div class=\"elementor-widget-container\">\n\t\t\t\t\t\t\t\t\t\t\t\t<figure class=\"wp-caption\">\n\t\t\t\t\t\t\t\t\t\t<img loading=\"lazy\" decoding=\"async\" width=\"800\" height=\"535\" src=\"https:\/\/richeskarayib.com\/wp-content\/uploads\/2024\/10\/16317-1024x685.jpg\" class=\"attachment-large size-large wp-image-41339\" alt=\"UNESCO\" srcset=\"https:\/\/richeskarayib.com\/wp-content\/uploads\/2024\/10\/16317-1024x685.jpg 1024w, https:\/\/richeskarayib.com\/wp-content\/uploads\/2024\/10\/16317-300x201.jpg 300w, https:\/\/richeskarayib.com\/wp-content\/uploads\/2024\/10\/16317-768x514.jpg 768w\" sizes=\"(max-width: 800px) 100vw, 800px\" \/>\t\t\t\t\t\t\t\t\t\t\t<figcaption class=\"widget-image-caption wp-caption-text\">Panam\u00e1 : Festival Cultural y Ecol\u00f3gico de la Tortuga Marina de Armila: Programa de Pr\u00e1cticas de Salvaguarda<\/figcaption>\n\t\t\t\t\t\t\t\t\t\t<\/figure>\n\t\t\t\t\t\t\t\t\t<\/div>\n\t\t\t\t<\/div>\n\t\t\t\t\t<\/div>\n\t\t<\/div>\n\t\t\t\t<div class=\"elementor-column elementor-col-16 elementor-inner-column elementor-element elementor-element-d2fcf71\" data-id=\"d2fcf71\" data-element_type=\"column\">\n\t\t\t<div class=\"elementor-widget-wrap elementor-element-populated\">\n\t\t\t\t\t\t<div class=\"elementor-element elementor-element-7fcfee6 elementor-widget elementor-widget-image\" data-id=\"7fcfee6\" data-element_type=\"widget\" data-widget_type=\"image.default\">\n\t\t\t\t<div class=\"elementor-widget-container\">\n\t\t\t\t\t\t\t\t\t\t\t\t<figure class=\"wp-caption\">\n\t\t\t\t\t\t\t\t\t\t<img loading=\"lazy\" decoding=\"async\" width=\"800\" height=\"534\" src=\"https:\/\/richeskarayib.com\/wp-content\/uploads\/2024\/10\/16293-1024x683.jpg\" class=\"attachment-large size-large wp-image-41347\" alt=\"UNESCO\" srcset=\"https:\/\/richeskarayib.com\/wp-content\/uploads\/2024\/10\/16293-1024x683.jpg 1024w, https:\/\/richeskarayib.com\/wp-content\/uploads\/2024\/10\/16293-300x200.jpg 300w, https:\/\/richeskarayib.com\/wp-content\/uploads\/2024\/10\/16293-768x512.jpg 768w, https:\/\/richeskarayib.com\/wp-content\/uploads\/2024\/10\/16293-1536x1024.jpg 1536w, https:\/\/richeskarayib.com\/wp-content\/uploads\/2024\/10\/16293-2048x1365.jpg 2048w, https:\/\/richeskarayib.com\/wp-content\/uploads\/2024\/10\/16293-1320x880.jpg 1320w\" sizes=\"(max-width: 800px) 100vw, 800px\" \/>\t\t\t\t\t\t\t\t\t\t\t<figcaption class=\"widget-image-caption wp-caption-text\">Venezuela : Bandos y Parrandas de los Santos Inocentes de Caucagua: Transmisi\u00f3n de Conocimientos y Consejos Comunitarios<\/figcaption>\n\t\t\t\t\t\t\t\t\t\t<\/figure>\n\t\t\t\t\t\t\t\t\t<\/div>\n\t\t\t\t<\/div>\n\t\t\t\t\t<\/div>\n\t\t<\/div>\n\t\t\t\t\t<\/div>\n\t\t<\/section>\n\t\t\t\t\t<\/div>\n\t\t<\/div>\n\t\t\t\t\t<\/div>\n\t\t<\/section>\n\t\t\t\t<section class=\"elementor-section elementor-top-section elementor-element elementor-element-4d5fbeb elementor-section-boxed elementor-section-height-default elementor-section-height-default\" data-id=\"4d5fbeb\" data-element_type=\"section\">\n\t\t\t\t\t\t<div class=\"elementor-container elementor-column-gap-default\">\n\t\t\t\t\t<div class=\"elementor-column elementor-col-100 elementor-top-column elementor-element elementor-element-da6a5c3\" data-id=\"da6a5c3\" data-element_type=\"column\">\n\t\t\t<div class=\"elementor-widget-wrap elementor-element-populated\">\n\t\t\t\t\t\t<div class=\"elementor-element elementor-element-dee4a04 elementor-widget elementor-widget-text-editor\" data-id=\"dee4a04\" data-element_type=\"widget\" data-widget_type=\"text-editor.default\">\n\t\t\t\t<div class=\"elementor-widget-container\">\n\t\t\t\t\t\t\t\t\t<p>\n            <strong>Las pr\u00e1cticas culturales reconocidas por la UNESCO de 2020 a 2023 ejemplifican la diversidad y el intrincado patrimonio del Caribe. Desde los animados ritmos del merengue y las celebraciones festivas del Junkanoo hasta los programas de salvaguardia impulsados por la comunidad de los Bandos y las Parrandas, estas tradiciones subrayan el papel esencial de las expresiones culturales en la preservaci\u00f3n de las identidades nacionales y el fomento de la cohesi\u00f3n comunitaria. <\/p>\n<p><\/strong>\n          <\/p>\n\t\t\t\t\t\t\t\t<\/div>\n\t\t\t\t<\/div>\n\t\t\t\t\t<\/div>\n\t\t<\/div>\n\t\t\t\t\t<\/div>\n\t\t<\/section>\n\t\t\t\t<\/div>\n\t\t","protected":false},"excerpt":{"rendered":"<p>Celebrar la diversidad cultural del Caribe Entre 2020 y 2023, LA UNESCO seguir\u00e1 reconociendo el rico patrimonio cultural inmaterial del Caribe, celebrando tradiciones que muestran la diversidad y la vibrante historia de la regi\u00f3n. Estos reconocimientos de la UNESCO revelan las profundas pr\u00e1cticas y costumbres culturales que han sobrevivido a generaciones, conectando el pasado con [&hellip;]<\/p>\n","protected":false},"author":47,"featured_media":41820,"comment_status":"open","ping_status":"open","sticky":false,"template":"","format":"standard","meta":{"_acf_changed":false,"footnotes":""},"categories":[1469],"tags":[825,1609,1562,810,816,1558,1612,1579],"class_list":["post-41832","post","type-post","status-publish","format-standard","has-post-thumbnail","hentry","category-historia-patrimonio","tag-colombia","tag-granada","tag-guatemala-es","tag-haiti-es-2","tag-martinique-es","tag-mexico-es","tag-panama-es","tag-venezuela-es-2"],"acf":[],"_links":{"self":[{"href":"https:\/\/richeskarayib.com\/es\/wp-json\/wp\/v2\/posts\/41832","targetHints":{"allow":["GET"]}}],"collection":[{"href":"https:\/\/richeskarayib.com\/es\/wp-json\/wp\/v2\/posts"}],"about":[{"href":"https:\/\/richeskarayib.com\/es\/wp-json\/wp\/v2\/types\/post"}],"author":[{"embeddable":true,"href":"https:\/\/richeskarayib.com\/es\/wp-json\/wp\/v2\/users\/47"}],"replies":[{"embeddable":true,"href":"https:\/\/richeskarayib.com\/es\/wp-json\/wp\/v2\/comments?post=41832"}],"version-history":[{"count":0,"href":"https:\/\/richeskarayib.com\/es\/wp-json\/wp\/v2\/posts\/41832\/revisions"}],"wp:featuredmedia":[{"embeddable":true,"href":"https:\/\/richeskarayib.com\/es\/wp-json\/wp\/v2\/media\/41820"}],"wp:attachment":[{"href":"https:\/\/richeskarayib.com\/es\/wp-json\/wp\/v2\/media?parent=41832"}],"wp:term":[{"taxonomy":"category","embeddable":true,"href":"https:\/\/richeskarayib.com\/es\/wp-json\/wp\/v2\/categories?post=41832"},{"taxonomy":"post_tag","embeddable":true,"href":"https:\/\/richeskarayib.com\/es\/wp-json\/wp\/v2\/tags?post=41832"}],"curies":[{"name":"wp","href":"https:\/\/api.w.org\/{rel}","templated":true}]}}