{"id":41880,"date":"2024-11-15T16:01:48","date_gmt":"2024-11-15T16:01:48","guid":{"rendered":"https:\/\/richeskarayib.com\/festival-gastronomico-de-saint-martin-una-celebracion-culinaria\/"},"modified":"2024-11-18T13:32:57","modified_gmt":"2024-11-18T13:32:57","slug":"festival-gastronomico-de-saint-martin-una-celebracion-culinaria","status":"publish","type":"post","link":"https:\/\/richeskarayib.com\/es\/festival-gastronomico-de-saint-martin-una-celebracion-culinaria\/","title":{"rendered":"Festival Gastron\u00f3mico de Saint-Martin: \u00a1Una Celebraci\u00f3n Culinaria!"},"content":{"rendered":"\t\t<div data-elementor-type=\"wp-post\" data-elementor-id=\"41880\" class=\"elementor elementor-41880 elementor-41834\" data-elementor-post-type=\"post\">\n\t\t\t\t\t\t<section class=\"elementor-section elementor-top-section elementor-element elementor-element-81b7c64 elementor-section-boxed elementor-section-height-default elementor-section-height-default\" data-id=\"81b7c64\" data-element_type=\"section\">\n\t\t\t\t\t\t<div class=\"elementor-container elementor-column-gap-default\">\n\t\t\t\t\t<div class=\"elementor-column elementor-col-100 elementor-top-column elementor-element elementor-element-cce8092\" data-id=\"cce8092\" data-element_type=\"column\">\n\t\t\t<div class=\"elementor-widget-wrap elementor-element-populated\">\n\t\t\t\t\t\t<div class=\"elementor-element elementor-element-f4f4ff3 elementor-widget elementor-widget-text-editor\" data-id=\"f4f4ff3\" data-element_type=\"widget\" data-widget_type=\"text-editor.default\">\n\t\t\t\t<div class=\"elementor-widget-container\">\n\t\t\t\t\t\t\t\t\t<p>\n            <b><a href=\"https:\/\/www.st-martin.org\/agenda\/festival-de-la-gastronomie-de-saint-martin\/\" target=\"_blank\" rel=\"noopener nofollow\"> Festival Gastron\u00f3mico de Saint-Martin<\/a><\/b><br \/>\n            <span style=\"font-weight: 400;\">  es un acontecimiento excepcional que muestra las artes culinarias de esta hermosa isla caribe\u00f1a. Del 11 al 22 de noviembre, este festival es la oportunidad perfecta para deleitarse con los diversos sabores y talentos de chefs locales e internacionales. Esta extravagancia culinaria promete una experiencia deliciosa para los amantes de la comida de todas las edades.  <\/span>\n          <\/p>\n\t\t\t\t\t\t\t\t<\/div>\n\t\t\t\t<\/div>\n\t\t\t\t<div class=\"elementor-element elementor-element-69f158c elementor-widget elementor-widget-text-editor\" data-id=\"69f158c\" data-element_type=\"widget\" data-widget_type=\"text-editor.default\">\n\t\t\t\t<div class=\"elementor-widget-container\">\n\t\t\t\t\t\t\t\t\t<p>\n            <span style=\"font-weight: 400;\">Durante este periodo, el festival pondr\u00e1 de relieve la innovaci\u00f3n y la transmisi\u00f3n de conocimientos culinarios. Los asistentes disfrutar\u00e1n de talleres de cocina para todas las edades, conocer\u00e1n a chefs de renombre y participar\u00e1n en barbacoas gigantes y degustaciones que celebran los productos y sabores locales. Este festival sirve de plataforma para que los chefs compartan sus t\u00e9cnicas y secretos culinarios, lo que lo convierte en un acontecimiento que no hay que perderse.  <\/span>\n          <\/p>\n\t\t\t\t\t\t\t\t<\/div>\n\t\t\t\t<\/div>\n\t\t\t\t<div class=\"elementor-element elementor-element-61543a8 elementor-widget elementor-widget-text-editor\" data-id=\"61543a8\" data-element_type=\"widget\" data-widget_type=\"text-editor.default\">\n\t\t\t\t<div class=\"elementor-widget-container\">\n\t\t\t\t\t\t\t\t\t<p><span style=\"font-weight: 400;\">El <\/span><b>Festival Gastron\u00f3mico de Saint-Martin<\/b><span style=\"font-weight: 400;\">  pretende satisfacer tus antojos culinarios al tiempo que desvela algunos de los secretos de los chefs. Para m\u00e1s informaci\u00f3n, ponte en contacto con +590 590 87 57 21. <\/span><\/p>\n\t\t\t\t\t\t\t\t<\/div>\n\t\t\t\t<\/div>\n\t\t\t\t<section class=\"elementor-section elementor-inner-section elementor-element elementor-element-67eb95c elementor-section-boxed elementor-section-height-default elementor-section-height-default\" data-id=\"67eb95c\" data-element_type=\"section\">\n\t\t\t\t\t\t<div class=\"elementor-container elementor-column-gap-default\">\n\t\t\t\t\t<div class=\"elementor-column elementor-col-100 elementor-inner-column elementor-element elementor-element-cb63572\" data-id=\"cb63572\" data-element_type=\"column\">\n\t\t\t<div class=\"elementor-widget-wrap elementor-element-populated\">\n\t\t\t\t\t\t<div class=\"elementor-element elementor-element-5962c61 elementor-widget elementor-widget-image\" data-id=\"5962c61\" data-element_type=\"widget\" data-widget_type=\"image.default\">\n\t\t\t\t<div class=\"elementor-widget-container\">\n\t\t\t\t\t\t\t\t\t\t\t\t<figure class=\"wp-caption\">\n\t\t\t\t\t\t\t\t\t\t<img fetchpriority=\"high\" decoding=\"async\" width=\"729\" height=\"723\" src=\"https:\/\/richeskarayib.com\/wp-content\/uploads\/2024\/11\/Programme.png\" class=\"attachment-large size-large wp-image-41846\" alt=\"Gastronomy Festival of Saint-Martin\" srcset=\"https:\/\/richeskarayib.com\/wp-content\/uploads\/2024\/11\/Programme.png 729w, https:\/\/richeskarayib.com\/wp-content\/uploads\/2024\/11\/Programme-300x298.png 300w, https:\/\/richeskarayib.com\/wp-content\/uploads\/2024\/11\/Programme-150x150.png 150w\" sizes=\"(max-width: 729px) 100vw, 729px\" \/>\t\t\t\t\t\t\t\t\t\t\t<figcaption class=\"widget-image-caption wp-caption-text\">Fuente : st-martin.org<\/figcaption>\n\t\t\t\t\t\t\t\t\t\t<\/figure>\n\t\t\t\t\t\t\t\t\t<\/div>\n\t\t\t\t<\/div>\n\t\t\t\t\t<\/div>\n\t\t<\/div>\n\t\t\t\t\t<\/div>\n\t\t<\/section>\n\t\t\t\t\t<\/div>\n\t\t<\/div>\n\t\t\t\t\t<\/div>\n\t\t<\/section>\n\t\t\t\t<section class=\"elementor-section elementor-top-section elementor-element elementor-element-c1d27ad elementor-section-boxed elementor-section-height-default elementor-section-height-default\" data-id=\"c1d27ad\" data-element_type=\"section\">\n\t\t\t\t\t\t<div class=\"elementor-container elementor-column-gap-default\">\n\t\t\t\t\t<div class=\"elementor-column elementor-col-100 elementor-top-column elementor-element elementor-element-904b487\" data-id=\"904b487\" data-element_type=\"column\">\n\t\t\t<div class=\"elementor-widget-wrap elementor-element-populated\">\n\t\t\t\t\t\t<div class=\"elementor-element elementor-element-7bc9da5 elementor-widget elementor-widget-heading\" data-id=\"7bc9da5\" data-element_type=\"widget\" data-widget_type=\"heading.default\">\n\t\t\t\t<div class=\"elementor-widget-container\">\n\t\t\t\t\t<h2 class=\"elementor-heading-title elementor-size-default\">Agenda del Festival<\/h2>\t\t\t\t<\/div>\n\t\t\t\t<\/div>\n\t\t\t\t<section class=\"elementor-section elementor-inner-section elementor-element elementor-element-afca6cc elementor-section-boxed elementor-section-height-default elementor-section-height-default\" data-id=\"afca6cc\" data-element_type=\"section\">\n\t\t\t\t\t\t<div class=\"elementor-container elementor-column-gap-default\">\n\t\t\t\t\t<div class=\"elementor-column elementor-col-100 elementor-inner-column elementor-element elementor-element-8739f82\" data-id=\"8739f82\" data-element_type=\"column\">\n\t\t\t<div class=\"elementor-widget-wrap elementor-element-populated\">\n\t\t\t\t\t\t<div class=\"elementor-element elementor-element-f105cdb elementor-widget elementor-widget-text-editor\" data-id=\"f105cdb\" data-element_type=\"widget\" data-widget_type=\"text-editor.default\">\n\t\t\t\t<div class=\"elementor-widget-container\">\n\t\t\t\t\t\t\t\t\t<h3><a href=\"https:\/\/www.festival-st-martin.com\/programme-2024#Diner4mains24\" target=\"_blank\" rel=\"noopener nofollow\">Orden del d\u00eda<\/a>:  <\/h3>\n<h3>\n            <b>Del 11 al 22 de noviembre de 2024:<\/b><br \/>\n            <b><\/b><br \/>\n          <\/h3>\n<h3>\n            <strong>Men\u00fas Descubre<\/strong><br \/>\n            <i><\/i><br \/>\n          <\/h3>\n<p><span style=\"font-weight: 400;\">Los residentes y visitantes tendr\u00e1n la oportunidad de redescubrir la guayaba en todas sus formas en los restaurantes participantes. Cada establecimiento ofrecer\u00e1 un men\u00fa especial, proporcionando una experiencia culinaria \u00fanica con este ingrediente ic\u00f3nico de la   <\/span><b>Festival Gastron\u00f3mico de Saint-Martin<\/b><span style=\"font-weight: 400;\">.<\/span><\/p>\n\t\t\t\t\t\t\t\t<\/div>\n\t\t\t\t<\/div>\n\t\t\t\t<div class=\"elementor-element elementor-element-49947c8 elementor-widget elementor-widget-text-editor\" data-id=\"49947c8\" data-element_type=\"widget\" data-widget_type=\"text-editor.default\">\n\t\t\t\t<div class=\"elementor-widget-container\">\n\t\t\t\t\t\t\t\t\t<h3>\n            <strong>Domingo 10 de noviembre de 2024:<\/strong><br \/>\n          <\/h3>\n<h3>\n            <strong>Sabor a amanecer<\/strong><br \/>\n            <i><\/i><br \/>\n          <\/h3>\n<p><span style=\"font-weight: 400;\">De 9 a 14 h, empieza el d\u00eda con un aut\u00e9ntico desayuno de Saint-Martin, preparado por nuestros talentos locales, acompa\u00f1ado de m\u00fasica y un ambiente festivo. C\u00f3digo de vestimenta: Boho chic con un toque de colores de la Bandera de la Unidad, como parte del vibrante esp\u00edritu de la   <\/span><b>Festival Gastron\u00f3mico de Saint-Martin<\/b><span style=\"font-weight: 400;\">.<\/span><\/p>\n\t\t\t\t\t\t\t\t<\/div>\n\t\t\t\t<\/div>\n\t\t\t\t<div class=\"elementor-element elementor-element-62821cc elementor-widget elementor-widget-text-editor\" data-id=\"62821cc\" data-element_type=\"widget\" data-widget_type=\"text-editor.default\">\n\t\t\t\t<div class=\"elementor-widget-container\">\n\t\t\t\t\t\t\t\t\t<h3>\n            <strong>Del 12 al 14 de noviembre de 2024:<\/strong><br \/>\n          <\/h3>\n<h3>\n            <strong>Cenas a 4 manos<\/strong><br \/>\n            <i><\/i><br \/>\n          <\/h3>\n<p><span style=\"font-weight: 400;\">Vive una experiencia gastron\u00f3mica excepcional con cenas en las que renombrados chefs colaboran con establecimientos locales. Reserva directamente con los restaurantes para participar en este momento estelar de la   <\/span><b>Festival Gastron\u00f3mico de Saint-Martin<\/b><span style=\"font-weight: 400;\">.<\/span><\/p>\n\t\t\t\t\t\t\t\t<\/div>\n\t\t\t\t<\/div>\n\t\t\t\t<div class=\"elementor-element elementor-element-81721bf elementor-widget elementor-widget-text-editor\" data-id=\"81721bf\" data-element_type=\"widget\" data-widget_type=\"text-editor.default\">\n\t\t\t\t<div class=\"elementor-widget-container\">\n\t\t\t\t\t\t\t\t\t<h3>\n            <strong>12 y 13 de noviembre de 2024:<\/strong><br \/>\n          <\/h3>\n<h3>\n            <strong>Concurso de cocineros privados<\/strong><br \/>\n            <i><\/i><br \/>\n          <\/h3>\n<p><span style=\"font-weight: 400;\">Chefs de talento presentar\u00e1n un men\u00fa completo, evaluado por un jurado de expertos culinarios, mostrando sus habilidades durante el <\/span><b>Festival Gastron\u00f3mico de Saint-Martin<\/b><span style=\"font-weight: 400;\">.<\/span><\/p>\n\t\t\t\t\t\t\t\t<\/div>\n\t\t\t\t<\/div>\n\t\t\t\t<div class=\"elementor-element elementor-element-7a3b789 elementor-widget elementor-widget-text-editor\" data-id=\"7a3b789\" data-element_type=\"widget\" data-widget_type=\"text-editor.default\">\n\t\t\t\t<div class=\"elementor-widget-container\">\n\t\t\t\t\t\t\t\t\t<h3>\n            <strong>Talleres infantiles:<\/strong><br \/>\n          <\/h3>\n<p><strong>13 y 20 de noviembre de 2024<br \/><\/strong><i><\/i><span style=\"font-weight: 400;\">De 13:00 a 17:30<\/span><\/p>\n<h3>\n            <strong>Talleres para adultos<\/strong><br \/>\n          <\/h3>\n<p><span style=\"font-weight: 400;\">Durante el d\u00eda y por la noche: 6, 13 y 20 de noviembre de 2024, ofreciendo experiencias pr\u00e1cticas como parte del <\/span><b>Festival Gastron\u00f3mico de San Mart\u00edn<\/b><span style=\"font-weight: 400;\">.<\/span><\/p>\n\t\t\t\t\t\t\t\t<\/div>\n\t\t\t\t<\/div>\n\t\t\t\t<div class=\"elementor-element elementor-element-c92b36b elementor-widget elementor-widget-text-editor\" data-id=\"c92b36b\" data-element_type=\"widget\" data-widget_type=\"text-editor.default\">\n\t\t\t\t<div class=\"elementor-widget-container\">\n\t\t\t\t\t\t\t\t\t<h3>\n            <strong>Mi\u00e9rcoles, 13 de noviembre de 2024:<\/strong><br \/>\n          <\/h3>\n<h3>\n            <strong>Maridaje de vino y queso<\/strong><br \/>\n            <i><\/i><br \/>\n          <\/h3>\n<p><span style=\"font-weight: 400;\">Una velada gastron\u00f3mica con expertos sumilleres y queseros, explorando los sutiles maridajes entre vinos y quesos, una experiencia imprescindible en el <\/span><b>Festival Gastron\u00f3mico de Saint-Martin<\/b><span style=\"font-weight: 400;\">.<\/span><\/p>\n\t\t\t\t\t\t\t\t<\/div>\n\t\t\t\t<\/div>\n\t\t\t\t<div class=\"elementor-element elementor-element-4a7ef64 elementor-widget elementor-widget-text-editor\" data-id=\"4a7ef64\" data-element_type=\"widget\" data-widget_type=\"text-editor.default\">\n\t\t\t\t<div class=\"elementor-widget-container\">\n\t\t\t\t\t\t\t\t\t<h3>\n            <strong>Jueves, 14 de noviembre de 2024:<\/strong><br \/>\n          <\/h3>\n<h3>\n            <strong>Maridaje de comida y c\u00f3ctel<\/strong><br \/>\n            <i><\/i><br \/>\n          <\/h3>\n<p><span style=\"font-weight: 400;\">Disfruta de exquisitos platos acompa\u00f1ados de c\u00f3cteles creativos, s\u00f3lo con reserva previa. Este evento es imprescindible durante la   <\/span><b>Festival Gastron\u00f3mico de Saint-Martin<\/b><span style=\"font-weight: 400;\">.<\/span><\/p>\n\t\t\t\t\t\t\t\t<\/div>\n\t\t\t\t<\/div>\n\t\t\t\t<div class=\"elementor-element elementor-element-9f74f78 elementor-widget elementor-widget-text-editor\" data-id=\"9f74f78\" data-element_type=\"widget\" data-widget_type=\"text-editor.default\">\n\t\t\t\t<div class=\"elementor-widget-container\">\n\t\t\t\t\t\t\t\t\t<h3>\n            <strong>Del 15 al 17 de noviembre de 2024:<\/strong><br \/>\n          <\/h3>\n<h3>\n            <strong><br \/>\n              <i>Villa Gastron\u00f3mica<\/i><br \/>\n            <\/strong><br \/>\n            <i><\/i><br \/>\n          <\/h3>\n<p><span style=\"font-weight: 400;\">Una reuni\u00f3n de restaurantes y food trucks a lo largo del paseo mar\u00edtimo de Marigot para saborear las especialidades locales, convirti\u00e9ndose en un punto culminante del <\/span><b>Festival Gastron\u00f3mico de Saint-Martin<\/b><span style=\"font-weight: 400;\">.<\/span><\/p>\n\t\t\t\t\t\t\t\t<\/div>\n\t\t\t\t<\/div>\n\t\t\t\t<div class=\"elementor-element elementor-element-e0d1f3d elementor-widget elementor-widget-text-editor\" data-id=\"e0d1f3d\" data-element_type=\"widget\" data-widget_type=\"text-editor.default\">\n\t\t\t\t<div class=\"elementor-widget-container\">\n\t\t\t\t\t\t\t\t\t<h3>\n            <strong>Lunes, 18 de noviembre de 2024:<\/strong><br \/>\n          <\/h3>\n<h3>\n            <strong>Competici\u00f3n en la Escuela Secundaria Profesional<\/strong><br \/>\n            <i><\/i><br \/>\n          <\/h3>\n<p><span style=\"font-weight: 400;\">Estudiantes de hosteler\u00eda y cocina presentan sus platos a base de guayaba en un concurso, contribuyendo al aspecto educativo del <\/span><b>Festival Gastron\u00f3mico de <a href=\"https:\/\/richeskarayib.com\/es\/definir-el-caribe\/\" target=\"_blank\" rel=\"noopener\">San Mart\u00edn<\/a><\/b><span style=\"font-weight: 400;\">.<\/span><\/p>\n\t\t\t\t\t\t\t\t<\/div>\n\t\t\t\t<\/div>\n\t\t\t\t<div class=\"elementor-element elementor-element-5402cae elementor-widget elementor-widget-text-editor\" data-id=\"5402cae\" data-element_type=\"widget\" data-widget_type=\"text-editor.default\">\n\t\t\t\t<div class=\"elementor-widget-container\">\n\t\t\t\t\t\t\t\t\t<h3>\n            <strong>Martes, 19 de noviembre de 2024:<\/strong><br \/>\n          <\/h3>\n<h3>\n            <strong>Concurso de barbacoa<\/strong><br \/>\n            <i><\/i><br \/>\n          <\/h3>\n<p><span style=\"font-weight: 400;\">10 profesionales competir\u00e1n por el t\u00edtulo de Mejor Barbacoa de Saint-Martin 2024, a\u00f1adiendo emoci\u00f3n al <\/span><b>Festival Gastron\u00f3mico de San Mart\u00edn<\/b><span style=\"font-weight: 400;\">.<\/span><\/p>\n\t\t\t\t\t\t\t\t<\/div>\n\t\t\t\t<\/div>\n\t\t\t\t<div class=\"elementor-element elementor-element-c932edf elementor-widget elementor-widget-text-editor\" data-id=\"c932edf\" data-element_type=\"widget\" data-widget_type=\"text-editor.default\">\n\t\t\t\t<div class=\"elementor-widget-container\">\n\t\t\t\t\t\t\t\t\t<h3>\n            <strong>Mi\u00e9rcoles, 20 de noviembre de 2024:<\/strong><br \/>\n          <\/h3>\n<h3>\n            <strong>Velada ben\u00e9fica<\/strong><br \/>\n            <i><\/i><br \/>\n          <\/h3>\n<p>\n            <span style=\"font-weight: 400;\">Una cena con creaciones de chefs con estrella y estudiantes, cuyos fondos recaudados se destinar\u00e1n a apoyar proyectos educativos en el instituto.<\/span>\n          <\/p>\n<h3>\n            <b>Concursos de Food Trucks y Mixolog\u00eda:<\/b><br \/>\n          <\/h3>\n<p><b><br \/><\/b><span style=\"font-weight: 400;\">Concursos con chefs que muestran su creatividad para impresionar al jurado y descubrir creaciones de c\u00f3cteles \u00fanicas, todo ello forma parte de las vibrantes actividades del <\/span><b>Festival Gastron\u00f3mico de Saint-Martin<\/b><span style=\"font-weight: 400;\">.<\/span><\/p>\n\t\t\t\t\t\t\t\t<\/div>\n\t\t\t\t<\/div>\n\t\t\t\t<div class=\"elementor-element elementor-element-a746757 elementor-widget elementor-widget-text-editor\" data-id=\"a746757\" data-element_type=\"widget\" data-widget_type=\"text-editor.default\">\n\t\t\t\t<div class=\"elementor-widget-container\">\n\t\t\t\t\t\t\t\t\t<h3>\n            <strong>Viernes, 22 de noviembre de 2024:<\/strong><br \/>\n          <\/h3>\n<h3>\n            <strong>Cierre del Festival<\/strong><br \/>\n            <i><\/i><br \/>\n          <\/h3>\n<p><span style=\"font-weight: 400;\">Una velada festiva con todos los chefs invitados presentando sus especialidades, acompa\u00f1ados de m\u00fasica para una experiencia inolvidable con la que concluir\u00e1 el <\/span><b>Festival Gastron\u00f3mico de Saint-Martin<\/b><span style=\"font-weight: 400;\">.<\/span><\/p>\n\t\t\t\t\t\t\t\t<\/div>\n\t\t\t\t<\/div>\n\t\t\t\t\t<\/div>\n\t\t<\/div>\n\t\t\t\t\t<\/div>\n\t\t<\/section>\n\t\t\t\t\t<\/div>\n\t\t<\/div>\n\t\t\t\t\t<\/div>\n\t\t<\/section>\n\t\t\t\t<section class=\"elementor-section elementor-top-section elementor-element elementor-element-b514339 elementor-section-boxed elementor-section-height-default elementor-section-height-default\" data-id=\"b514339\" data-element_type=\"section\">\n\t\t\t\t\t\t<div class=\"elementor-container elementor-column-gap-default\">\n\t\t\t\t\t<div class=\"elementor-column elementor-col-100 elementor-top-column elementor-element elementor-element-941a2af\" data-id=\"941a2af\" data-element_type=\"column\">\n\t\t\t<div class=\"elementor-widget-wrap elementor-element-populated\">\n\t\t\t\t\t\t<div class=\"elementor-element elementor-element-15c3826 elementor-widget elementor-widget-heading\" data-id=\"15c3826\" data-element_type=\"widget\" data-widget_type=\"heading.default\">\n\t\t\t\t<div class=\"elementor-widget-container\">\n\t\t\t\t\t<h2 class=\"elementor-heading-title elementor-size-default\">Informaci\u00f3n sobre las entradas<\/h2>\t\t\t\t<\/div>\n\t\t\t\t<\/div>\n\t\t\t\t<div class=\"elementor-element elementor-element-68fc31d elementor-widget elementor-widget-text-editor\" data-id=\"68fc31d\" data-element_type=\"widget\" data-widget_type=\"text-editor.default\">\n\t\t\t\t<div class=\"elementor-widget-container\">\n\t\t\t\t\t\t\t\t\t<p>\n            <span style=\"font-weight: 400;\">No pierdas la oportunidad de explorar el <a href=\"https:\/\/www.st-martin.org\/\" target=\"_blank\" rel=\"noopener nofollow\"><b>Festival Gastron\u00f3mico de San Mart\u00edn<\/b><\/a>un acontecimiento que celebra el arte culinario y la cultura local. No te pierdas esta oportunidad \u00fanica de saborear platos excepcionales y crear momentos memorables. <\/span>\n          <\/p>\n<p>Para m\u00e1s informaci\u00f3n y para comprar tus entradas, \u00a1haz clic <a href=\"https:\/\/shop.st-martin.life\/\" target=\"_blank\" rel=\"noopener nofollow\">aqu\u00ed<\/a>!  <\/p>\n\t\t\t\t\t\t\t\t<\/div>\n\t\t\t\t<\/div>\n\t\t\t\t\t<\/div>\n\t\t<\/div>\n\t\t\t\t\t<\/div>\n\t\t<\/section>\n\t\t\t\t<\/div>\n\t\t","protected":false},"excerpt":{"rendered":"<p>Festival Gastron\u00f3mico de Saint-Martin es un acontecimiento excepcional que muestra las artes culinarias de esta hermosa isla caribe\u00f1a. Del 11 al 22 de noviembre, este festival es la oportunidad perfecta para deleitarse con los diversos sabores y talentos de chefs locales e internacionales. Esta extravagancia culinaria promete una experiencia deliciosa para los amantes de la [&hellip;]<\/p>\n","protected":false},"author":400,"featured_media":41887,"comment_status":"open","ping_status":"open","sticky":false,"template":"","format":"standard","meta":{"_acf_changed":false,"footnotes":""},"categories":[1484],"tags":[1615],"class_list":["post-41880","post","type-post","status-publish","format-standard","has-post-thumbnail","hentry","category-arte-culinario","tag-saint-martin-es"],"acf":[],"_links":{"self":[{"href":"https:\/\/richeskarayib.com\/es\/wp-json\/wp\/v2\/posts\/41880","targetHints":{"allow":["GET"]}}],"collection":[{"href":"https:\/\/richeskarayib.com\/es\/wp-json\/wp\/v2\/posts"}],"about":[{"href":"https:\/\/richeskarayib.com\/es\/wp-json\/wp\/v2\/types\/post"}],"author":[{"embeddable":true,"href":"https:\/\/richeskarayib.com\/es\/wp-json\/wp\/v2\/users\/400"}],"replies":[{"embeddable":true,"href":"https:\/\/richeskarayib.com\/es\/wp-json\/wp\/v2\/comments?post=41880"}],"version-history":[{"count":0,"href":"https:\/\/richeskarayib.com\/es\/wp-json\/wp\/v2\/posts\/41880\/revisions"}],"wp:featuredmedia":[{"embeddable":true,"href":"https:\/\/richeskarayib.com\/es\/wp-json\/wp\/v2\/media\/41887"}],"wp:attachment":[{"href":"https:\/\/richeskarayib.com\/es\/wp-json\/wp\/v2\/media?parent=41880"}],"wp:term":[{"taxonomy":"category","embeddable":true,"href":"https:\/\/richeskarayib.com\/es\/wp-json\/wp\/v2\/categories?post=41880"},{"taxonomy":"post_tag","embeddable":true,"href":"https:\/\/richeskarayib.com\/es\/wp-json\/wp\/v2\/tags?post=41880"}],"curies":[{"name":"wp","href":"https:\/\/api.w.org\/{rel}","templated":true}]}}