{"id":41946,"date":"2024-11-20T02:00:20","date_gmt":"2024-11-20T02:00:20","guid":{"rendered":"https:\/\/richeskarayib.com\/revolucion-escolar-digital-2024-inauguracion-de-la-primera-escuela-digital-del-caribe-en-guyana\/"},"modified":"2024-12-09T15:06:43","modified_gmt":"2024-12-09T15:06:43","slug":"revolucion-escolar-digital-2024-inauguracion-de-la-primera-escuela-digital-del-caribe-en-guyana","status":"publish","type":"post","link":"https:\/\/richeskarayib.com\/es\/revolucion-escolar-digital-2024-inauguracion-de-la-primera-escuela-digital-del-caribe-en-guyana\/","title":{"rendered":"Revoluci\u00f3n Escolar Digital 2024 : Inauguraci\u00f3n de la Primera Escuela Digital del Caribe en Guyana"},"content":{"rendered":"\t\t<div data-elementor-type=\"wp-post\" data-elementor-id=\"41946\" class=\"elementor elementor-41946 elementor-41816\" data-elementor-post-type=\"post\">\n\t\t\t\t\t\t<section class=\"elementor-section elementor-top-section elementor-element elementor-element-7422fca elementor-section-boxed elementor-section-height-default elementor-section-height-default\" data-id=\"7422fca\" data-element_type=\"section\">\n\t\t\t\t\t\t<div class=\"elementor-container elementor-column-gap-default\">\n\t\t\t\t\t<div class=\"elementor-column elementor-col-100 elementor-top-column elementor-element elementor-element-729f66c\" data-id=\"729f66c\" data-element_type=\"column\">\n\t\t\t<div class=\"elementor-widget-wrap elementor-element-populated\">\n\t\t\t\t\t\t<div class=\"elementor-element elementor-element-ef6f20c elementor-widget elementor-widget-text-editor\" data-id=\"ef6f20c\" data-element_type=\"widget\" data-widget_type=\"text-editor.default\">\n\t\t\t\t<div class=\"elementor-widget-container\">\n\t\t\t\t\t\t\t\t\t<p><span style=\"font-weight: 400;\">El panorama educativo del Caribe est\u00e1 a punto de experimentar una profunda transformaci\u00f3n con el anuncio de la creaci\u00f3n de la <\/span><b>primera <a href=\"https:\/\/caribbeannewsglobal.com\/caribbeans-first-digital-school-to-be-launched-in-guyana\/\" target=\"_blank\" rel=\"noopener nofollow\">escuela digital<\/a> del <a href=\"https:\/\/richeskarayib.com\/es\/definir-el-caribe\/\" target=\"_blank\" rel=\"noopener\">Caribe<\/a><\/b><span style=\"font-weight: 400;\">que se pondr\u00e1 en marcha en Guyana en <strong>2024<\/strong>. Esta iniciativa, promovida por el Presidente Dr. Mohamed Irfaan Ali y la Ministra de Educaci\u00f3n Priya Manickchand, pretende crear un entorno de aprendizaje moderno y tecnol\u00f3gicamente avanzado, esencial para formar a los futuros l\u00edderes de la naci\u00f3n y de la regi\u00f3n. <\/span><\/p>\n\t\t\t\t\t\t\t\t<\/div>\n\t\t\t\t<\/div>\n\t\t\t\t\t<\/div>\n\t\t<\/div>\n\t\t\t\t\t<\/div>\n\t\t<\/section>\n\t\t\t\t<section class=\"elementor-section elementor-top-section elementor-element elementor-element-3ee32ee elementor-section-boxed elementor-section-height-default elementor-section-height-default\" data-id=\"3ee32ee\" data-element_type=\"section\">\n\t\t\t\t\t\t<div class=\"elementor-container elementor-column-gap-default\">\n\t\t\t\t\t<div class=\"elementor-column elementor-col-100 elementor-top-column elementor-element elementor-element-cc26d4a\" data-id=\"cc26d4a\" data-element_type=\"column\">\n\t\t\t<div class=\"elementor-widget-wrap elementor-element-populated\">\n\t\t\t\t\t\t<div class=\"elementor-element elementor-element-a3c680a elementor-widget elementor-widget-heading\" data-id=\"a3c680a\" data-element_type=\"widget\" data-widget_type=\"heading.default\">\n\t\t\t\t<div class=\"elementor-widget-container\">\n\t\t\t\t\t<h2 class=\"elementor-heading-title elementor-size-default\">Una visi\u00f3n para una econom\u00eda digital\n<\/h2>\t\t\t\t<\/div>\n\t\t\t\t<\/div>\n\t\t\t\t<div class=\"elementor-element elementor-element-fbbbdf2 elementor-widget elementor-widget-text-editor\" data-id=\"fbbbdf2\" data-element_type=\"widget\" data-widget_type=\"text-editor.default\">\n\t\t\t\t<div class=\"elementor-widget-container\">\n\t\t\t\t\t\t\t\t\t<p><span style=\"font-weight: 400;\">La decisi\u00f3n de crear una <\/span><a href=\"https:\/\/education.gov.gy\/en\/index.php\/media2\/news-events\/7123-president-ali-to-launch-caribbean-s-first-digital-school-in-guyana\" target=\"_blank\" rel=\"noopener nofollow\"><b>escuela digital<\/b><\/a><span style=\"font-weight: 400;\">  se alinea con la visi\u00f3n del gobierno guyan\u00e9s de desarrollar una econom\u00eda digital moderna. A medida que el mundo adopta cada vez m\u00e1s soluciones tecnol\u00f3gicas, es imperativo que el sistema educativo se adapte para preparar a los estudiantes para los retos y oportunidades de la era digital.   <\/span><\/p>\n<p>\n            <span style=\"font-weight: 400;\">El ministro Manickchand subray\u00f3 durante una aparici\u00f3n en &#8220;The Guyana Dialogue&#8221; que la pandemia de COVID-19 puso de relieve la necesidad de integrar la tecnolog\u00eda en la educaci\u00f3n. Aunque la presencia f\u00edsica de un profesor sigue siendo vital, es igualmente crucial explorar m\u00e9todos de ense\u00f1anza h\u00edbridos que combinen el aprendizaje en persona con herramientas tecnol\u00f3gicas para mejorar la experiencia en el entorno escolar digital. <\/span>\n          <\/p>\n\t\t\t\t\t\t\t\t<\/div>\n\t\t\t\t<\/div>\n\t\t\t\t\t<\/div>\n\t\t<\/div>\n\t\t\t\t\t<\/div>\n\t\t<\/section>\n\t\t\t\t<section class=\"elementor-section elementor-top-section elementor-element elementor-element-3c2c3f9 elementor-section-boxed elementor-section-height-default elementor-section-height-default\" data-id=\"3c2c3f9\" data-element_type=\"section\">\n\t\t\t\t\t\t<div class=\"elementor-container elementor-column-gap-default\">\n\t\t\t\t\t<div class=\"elementor-column elementor-col-100 elementor-top-column elementor-element elementor-element-10d43fe\" data-id=\"10d43fe\" data-element_type=\"column\">\n\t\t\t<div class=\"elementor-widget-wrap elementor-element-populated\">\n\t\t\t\t\t\t<div class=\"elementor-element elementor-element-7ac422a elementor-widget elementor-widget-heading\" data-id=\"7ac422a\" data-element_type=\"widget\" data-widget_type=\"heading.default\">\n\t\t\t\t<div class=\"elementor-widget-container\">\n\t\t\t\t\t<h2 class=\"elementor-heading-title elementor-size-default\">La integraci\u00f3n de la Inteligencia Artificial\n<\/h2>\t\t\t\t<\/div>\n\t\t\t\t<\/div>\n\t\t\t\t<div class=\"elementor-element elementor-element-5aa2d66 elementor-widget elementor-widget-text-editor\" data-id=\"5aa2d66\" data-element_type=\"widget\" data-widget_type=\"text-editor.default\">\n\t\t\t\t<div class=\"elementor-widget-container\">\n\t\t\t\t\t\t\t\t\t<p><span style=\"font-weight: 400;\">Uno de los aspectos m\u00e1s innovadores de esta <\/span><b>escuela digital<\/b><span style=\"font-weight: 400;\">  ser\u00e1 la integraci\u00f3n de <a href=\"https:\/\/en.wikipedia.org\/wiki\/Artificial_intelligence\" target=\"_blank\" rel=\"noopener nofollow\">la inteligencia artificial<\/a> (IA) en el proceso educativo. Este enfoque no s\u00f3lo mejorar\u00e1 las experiencias de aprendizaje de los alumnos, sino que tambi\u00e9n adaptar\u00e1 el contenido educativo a las necesidades individuales. Las tecnolog\u00edas basadas en la IA pueden proporcionar informaci\u00f3n en tiempo real a los alumnos, lo que es esencial para mantener un compromiso \u00f3ptimo y fomentar una comprensi\u00f3n m\u00e1s profunda de las materias estudiadas en el marco de la escuela digital.  <\/span><\/p>\n\t\t\t\t\t\t\t\t<\/div>\n\t\t\t\t<\/div>\n\t\t\t\t\t<\/div>\n\t\t<\/div>\n\t\t\t\t\t<\/div>\n\t\t<\/section>\n\t\t\t\t<section class=\"elementor-section elementor-top-section elementor-element elementor-element-150786b elementor-section-boxed elementor-section-height-default elementor-section-height-default\" data-id=\"150786b\" data-element_type=\"section\">\n\t\t\t\t\t\t<div class=\"elementor-container elementor-column-gap-default\">\n\t\t\t\t\t<div class=\"elementor-column elementor-col-100 elementor-top-column elementor-element elementor-element-947fdac\" data-id=\"947fdac\" data-element_type=\"column\">\n\t\t\t<div class=\"elementor-widget-wrap elementor-element-populated\">\n\t\t\t\t\t\t<div class=\"elementor-element elementor-element-c25f288 elementor-widget elementor-widget-heading\" data-id=\"c25f288\" data-element_type=\"widget\" data-widget_type=\"heading.default\">\n\t\t\t\t<div class=\"elementor-widget-container\">\n\t\t\t\t\t<h2 class=\"elementor-heading-title elementor-size-default\">Un marco jur\u00eddico para la educaci\u00f3n digital<\/h2>\t\t\t\t<\/div>\n\t\t\t\t<\/div>\n\t\t\t\t<div class=\"elementor-element elementor-element-2abcc4f elementor-widget elementor-widget-text-editor\" data-id=\"2abcc4f\" data-element_type=\"widget\" data-widget_type=\"text-editor.default\">\n\t\t\t\t<div class=\"elementor-widget-container\">\n\t\t\t\t\t\t\t\t\t<p>\n            <span style=\"font-weight: 400;\">Para que este ambicioso proyecto tome forma, ser\u00e1 necesario establecer una legislaci\u00f3n que permita a los estudiantes elegir entre el aprendizaje presencial y el digital. Esto representa un cambio significativo en la forma en que se imparte actualmente la educaci\u00f3n en Guyana, y tambi\u00e9n podr\u00eda servir de modelo para otros pa\u00edses caribe\u00f1os. Al ofrecer esta flexibilidad, el gobierno guyan\u00e9s se asegura de que todos los estudiantes, independientemente de su origen, puedan acceder a una educaci\u00f3n de calidad a trav\u00e9s de la escuela digital.  <\/span>\n          <\/p>\n\t\t\t\t\t\t\t\t<\/div>\n\t\t\t\t<\/div>\n\t\t\t\t\t<\/div>\n\t\t<\/div>\n\t\t\t\t\t<\/div>\n\t\t<\/section>\n\t\t\t\t<section class=\"elementor-section elementor-top-section elementor-element elementor-element-d353ade elementor-section-boxed elementor-section-height-default elementor-section-height-default\" data-id=\"d353ade\" data-element_type=\"section\">\n\t\t\t\t\t\t<div class=\"elementor-container elementor-column-gap-default\">\n\t\t\t\t\t<div class=\"elementor-column elementor-col-100 elementor-top-column elementor-element elementor-element-b063ec3\" data-id=\"b063ec3\" data-element_type=\"column\">\n\t\t\t<div class=\"elementor-widget-wrap elementor-element-populated\">\n\t\t\t\t\t\t<div class=\"elementor-element elementor-element-5fda9c7 elementor-widget elementor-widget-heading\" data-id=\"5fda9c7\" data-element_type=\"widget\" data-widget_type=\"heading.default\">\n\t\t\t\t<div class=\"elementor-widget-container\">\n\t\t\t\t\t<h2 class=\"elementor-heading-title elementor-size-default\">Una asociaci\u00f3n internacional<\/h2>\t\t\t\t<\/div>\n\t\t\t\t<\/div>\n\t\t\t\t<div class=\"elementor-element elementor-element-300449b elementor-widget elementor-widget-text-editor\" data-id=\"300449b\" data-element_type=\"widget\" data-widget_type=\"text-editor.default\">\n\t\t\t\t<div class=\"elementor-widget-container\">\n\t\t\t\t\t\t\t\t\t<p><span style=\"font-weight: 400;\">El desarrollo de esta <\/span><b>escuela digital<\/b><span style=\"font-weight: 400;\">  ser\u00e1 en colaboraci\u00f3n con una empresa con sede en la India, especializada en la creaci\u00f3n de plataformas educativas. Esta asociaci\u00f3n internacional demuestra el compromiso de Guyana de integrarse en el mercado mundial de la educaci\u00f3n digital. Adem\u00e1s del acceso a los recursos educativos, esta escuela se centrar\u00e1 en desarrollar habilidades empresariales, promover la educaci\u00f3n cultural y ofrecer programas de enfermer\u00eda electr\u00f3nica y contabilidad, todo ello dentro del plan de estudios de la escuela digital.  <\/span><\/p>\n\t\t\t\t\t\t\t\t<\/div>\n\t\t\t\t<\/div>\n\t\t\t\t\t<\/div>\n\t\t<\/div>\n\t\t\t\t\t<\/div>\n\t\t<\/section>\n\t\t\t\t<section class=\"elementor-section elementor-top-section elementor-element elementor-element-01fb767 elementor-section-boxed elementor-section-height-default elementor-section-height-default\" data-id=\"01fb767\" data-element_type=\"section\">\n\t\t\t\t\t\t<div class=\"elementor-container elementor-column-gap-default\">\n\t\t\t\t\t<div class=\"elementor-column elementor-col-100 elementor-top-column elementor-element elementor-element-c58475b\" data-id=\"c58475b\" data-element_type=\"column\">\n\t\t\t<div class=\"elementor-widget-wrap elementor-element-populated\">\n\t\t\t\t\t\t<div class=\"elementor-element elementor-element-8f377a9 elementor-widget elementor-widget-heading\" data-id=\"8f377a9\" data-element_type=\"widget\" data-widget_type=\"heading.default\">\n\t\t\t\t<div class=\"elementor-widget-container\">\n\t\t\t\t\t<h2 class=\"elementor-heading-title elementor-size-default\">Una oportunidad para CARICOM<\/h2>\t\t\t\t<\/div>\n\t\t\t\t<\/div>\n\t\t\t\t<div class=\"elementor-element elementor-element-0e9bb28 elementor-widget elementor-widget-text-editor\" data-id=\"0e9bb28\" data-element_type=\"widget\" data-widget_type=\"text-editor.default\">\n\t\t\t\t<div class=\"elementor-widget-container\">\n\t\t\t\t\t\t\t\t\t<p><span style=\"font-weight: 400;\">La iniciativa no se limita a Guyana, sino que ser\u00e1 accesible a estudiantes de otros Estados miembros de la CARICOM. Esto representa un avance significativo para la educaci\u00f3n regional, al proporcionar a los j\u00f3venes caribe\u00f1os la oportunidad de acceder a una educaci\u00f3n de alta calidad, independientemente de su ubicaci\u00f3n geogr\u00e1fica. En este sentido, la    <\/span><b>escuela digital<\/b><span style=\"font-weight: 400;\"> podr\u00eda convertirse en un modelo de educaci\u00f3n inclusiva para la regi\u00f3n.<\/span><\/p>\n\t\t\t\t\t\t\t\t<\/div>\n\t\t\t\t<\/div>\n\t\t\t\t\t<\/div>\n\t\t<\/div>\n\t\t\t\t\t<\/div>\n\t\t<\/section>\n\t\t\t\t<section class=\"elementor-section elementor-top-section elementor-element elementor-element-e03f9c4 elementor-section-boxed elementor-section-height-default elementor-section-height-default\" data-id=\"e03f9c4\" data-element_type=\"section\">\n\t\t\t\t\t\t<div class=\"elementor-container elementor-column-gap-default\">\n\t\t\t\t\t<div class=\"elementor-column elementor-col-100 elementor-top-column elementor-element elementor-element-1e7bd1b\" data-id=\"1e7bd1b\" data-element_type=\"column\">\n\t\t\t<div class=\"elementor-widget-wrap elementor-element-populated\">\n\t\t\t\t\t\t<div class=\"elementor-element elementor-element-04496ff elementor-widget elementor-widget-heading\" data-id=\"04496ff\" data-element_type=\"widget\" data-widget_type=\"heading.default\">\n\t\t\t\t<div class=\"elementor-widget-container\">\n\t\t\t\t\t<h2 class=\"elementor-heading-title elementor-size-default\">Iniciativas digitales existentes<\/h2>\t\t\t\t<\/div>\n\t\t\t\t<\/div>\n\t\t\t\t<div class=\"elementor-element elementor-element-dc83e38 elementor-widget elementor-widget-text-editor\" data-id=\"dc83e38\" data-element_type=\"widget\" data-widget_type=\"text-editor.default\">\n\t\t\t\t<div class=\"elementor-widget-container\">\n\t\t\t\t\t\t\t\t\t<p><span style=\"font-weight: 400;\">El gobierno guyan\u00e9s no es nuevo en la educaci\u00f3n digital. El recientemente lanzado   <\/span><b>Iniciativa digital &#8220;Una Guayana<\/b><span style=\"font-weight: 400;\">  pretende formar a m\u00e1s de 2.000 guyaneses para que desarrollen prometedoras carreras en el sector tecnol\u00f3gico. Este programa demuestra que la educaci\u00f3n digital ya es una prioridad nacional, y la   <\/span><b>escuela digital<\/b><span style=\"font-weight: 400;\"> reforzar\u00e1 a\u00fan m\u00e1s estos esfuerzos.<\/span><\/p>\n<p><span style=\"font-weight: 400;\">Adem\u00e1s, la <\/span><b>Iniciativa 150k Codificadores<\/b><span style=\"font-weight: 400;\">  tiene como objetivo preparar a los guyaneses para aprovechar las oportunidades del mundo tecnol\u00f3gico en constante evoluci\u00f3n. Mediante estas iniciativas, Guyana se esfuerza por crear un entorno propicio para la innovaci\u00f3n y el esp\u00edritu empresarial, dotando a sus ciudadanos de las habilidades necesarias para triunfar en un mundo cada vez m\u00e1s digital y contribuyendo al \u00e9xito de la escuela digital. <\/span><\/p>\n\t\t\t\t\t\t\t\t<\/div>\n\t\t\t\t<\/div>\n\t\t\t\t<section class=\"elementor-section elementor-inner-section elementor-element elementor-element-c53de51 elementor-section-boxed elementor-section-height-default elementor-section-height-default\" data-id=\"c53de51\" data-element_type=\"section\">\n\t\t\t\t\t\t<div class=\"elementor-container elementor-column-gap-default\">\n\t\t\t\t\t<div class=\"elementor-column elementor-col-100 elementor-inner-column elementor-element elementor-element-4f6de37\" data-id=\"4f6de37\" data-element_type=\"column\">\n\t\t\t<div class=\"elementor-widget-wrap elementor-element-populated\">\n\t\t\t\t\t\t<div class=\"elementor-element elementor-element-d72fbfb elementor-widget elementor-widget-image\" data-id=\"d72fbfb\" data-element_type=\"widget\" data-widget_type=\"image.default\">\n\t\t\t\t<div class=\"elementor-widget-container\">\n\t\t\t\t\t\t\t\t\t\t\t\t<figure class=\"wp-caption\">\n\t\t\t\t\t\t\t\t\t\t<img fetchpriority=\"high\" decoding=\"async\" width=\"543\" height=\"358\" src=\"https:\/\/richeskarayib.com\/wp-content\/uploads\/2024\/11\/2024-11-12_20h55_22-1.png\" class=\"attachment-large size-large wp-image-41829\" alt=\"digital school\" srcset=\"https:\/\/richeskarayib.com\/wp-content\/uploads\/2024\/11\/2024-11-12_20h55_22-1.png 543w, https:\/\/richeskarayib.com\/wp-content\/uploads\/2024\/11\/2024-11-12_20h55_22-1-300x198.png 300w\" sizes=\"(max-width: 543px) 100vw, 543px\" \/>\t\t\t\t\t\t\t\t\t\t\t<figcaption class=\"widget-image-caption wp-caption-text\">Minister of Education, Priya Manickchand<\/figcaption>\n\t\t\t\t\t\t\t\t\t\t<\/figure>\n\t\t\t\t\t\t\t\t\t<\/div>\n\t\t\t\t<\/div>\n\t\t\t\t\t<\/div>\n\t\t<\/div>\n\t\t\t\t\t<\/div>\n\t\t<\/section>\n\t\t\t\t\t<\/div>\n\t\t<\/div>\n\t\t\t\t\t<\/div>\n\t\t<\/section>\n\t\t\t\t<section class=\"elementor-section elementor-top-section elementor-element elementor-element-6af70db elementor-section-boxed elementor-section-height-default elementor-section-height-default\" data-id=\"6af70db\" data-element_type=\"section\">\n\t\t\t\t\t\t<div class=\"elementor-container elementor-column-gap-default\">\n\t\t\t\t\t<div class=\"elementor-column elementor-col-100 elementor-top-column elementor-element elementor-element-b6f5d76\" data-id=\"b6f5d76\" data-element_type=\"column\">\n\t\t\t<div class=\"elementor-widget-wrap elementor-element-populated\">\n\t\t\t\t\t\t<div class=\"elementor-element elementor-element-38ec5fc elementor-widget elementor-widget-heading\" data-id=\"38ec5fc\" data-element_type=\"widget\" data-widget_type=\"heading.default\">\n\t\t\t\t<div class=\"elementor-widget-container\">\n\t\t\t\t\t<h2 class=\"elementor-heading-title elementor-size-default\">Acceso a cursos en l\u00ednea<\/h2>\t\t\t\t<\/div>\n\t\t\t\t<\/div>\n\t\t\t\t<div class=\"elementor-element elementor-element-3158c77 elementor-widget elementor-widget-text-editor\" data-id=\"3158c77\" data-element_type=\"widget\" data-widget_type=\"text-editor.default\">\n\t\t\t\t<div class=\"elementor-widget-container\">\n\t\t\t\t\t\t\t\t\t<p><span style=\"font-weight: 400;\">Otro aspecto importante del proyecto educativo de Guyana es la <\/span><b>plataforma Guyana-Coursera<\/b><span style=\"font-weight: 400;\">que proporciona a 400.000 guyaneses acceso gratuito a m\u00e1s de 6.000 cursos. Esta iniciativa, con un coste anual de 1,4 millones de d\u00f3lares, demuestra el compromiso del gobierno de hacer la educaci\u00f3n accesible a todos, especialmente en un contexto en el que la formaci\u00f3n continua es esencial para la competitividad en el mercado laboral. La escuela digital tambi\u00e9n aprovechar\u00e1 estas plataformas para mejorar las oportunidades de aprendizaje.  <\/span><\/p>\n\t\t\t\t\t\t\t\t<\/div>\n\t\t\t\t<\/div>\n\t\t\t\t\t<\/div>\n\t\t<\/div>\n\t\t\t\t\t<\/div>\n\t\t<\/section>\n\t\t\t\t<section class=\"elementor-section elementor-top-section elementor-element elementor-element-a358e20 elementor-section-boxed elementor-section-height-default elementor-section-height-default\" data-id=\"a358e20\" data-element_type=\"section\">\n\t\t\t\t\t\t<div class=\"elementor-container elementor-column-gap-default\">\n\t\t\t\t\t<div class=\"elementor-column elementor-col-100 elementor-top-column elementor-element elementor-element-1c8f025\" data-id=\"1c8f025\" data-element_type=\"column\">\n\t\t\t<div class=\"elementor-widget-wrap elementor-element-populated\">\n\t\t\t\t\t\t<div class=\"elementor-element elementor-element-2e291f1 elementor-widget elementor-widget-text-editor\" data-id=\"2e291f1\" data-element_type=\"widget\" data-widget_type=\"text-editor.default\">\n\t\t\t\t<div class=\"elementor-widget-container\">\n\t\t\t\t\t\t\t\t\t<p><span style=\"font-weight: 400;\">La creaci\u00f3n de la <\/span><b>primera escuela digital del Caribe<\/b><span style=\"font-weight: 400;\">  en Guyana marca el comienzo de una nueva era para la educaci\u00f3n en la regi\u00f3n. Con la integraci\u00f3n de la inteligencia artificial, opciones de aprendizaje flexibles y un mayor acceso a los recursos educativos, esta iniciativa tiene el potencial de transformar la forma en que la juventud caribe\u00f1a adquiere conocimientos y habilidades. Al aprovechar las asociaciones internacionales y las iniciativas locales existentes, Guyana se posiciona como l\u00edder en el campo de la educaci\u00f3n digital, allanando el camino para una generaci\u00f3n de futuros l\u00edderes preparados para afrontar los retos del siglo XXI.  <\/span><\/p>\n\t\t\t\t\t\t\t\t<\/div>\n\t\t\t\t<\/div>\n\t\t\t\t\t<\/div>\n\t\t<\/div>\n\t\t\t\t\t<\/div>\n\t\t<\/section>\n\t\t\t\t<\/div>\n\t\t","protected":false},"excerpt":{"rendered":"<p>El panorama educativo del Caribe est\u00e1 a punto de experimentar una profunda transformaci\u00f3n con el anuncio de la creaci\u00f3n de la primera escuela digital del Caribeque se pondr\u00e1 en marcha en Guyana en 2024. Esta iniciativa, promovida por el Presidente Dr. Mohamed Irfaan Ali y la Ministra de Educaci\u00f3n Priya Manickchand, pretende crear un entorno [&hellip;]<\/p>\n","protected":false},"author":400,"featured_media":41825,"comment_status":"open","ping_status":"open","sticky":false,"template":"","format":"standard","meta":{"_acf_changed":false,"footnotes":""},"categories":[815],"tags":[1592],"class_list":["post-41946","post","type-post","status-publish","format-standard","has-post-thumbnail","hentry","category-organizaciones-culturales","tag-guyana-es"],"acf":[],"_links":{"self":[{"href":"https:\/\/richeskarayib.com\/es\/wp-json\/wp\/v2\/posts\/41946","targetHints":{"allow":["GET"]}}],"collection":[{"href":"https:\/\/richeskarayib.com\/es\/wp-json\/wp\/v2\/posts"}],"about":[{"href":"https:\/\/richeskarayib.com\/es\/wp-json\/wp\/v2\/types\/post"}],"author":[{"embeddable":true,"href":"https:\/\/richeskarayib.com\/es\/wp-json\/wp\/v2\/users\/400"}],"replies":[{"embeddable":true,"href":"https:\/\/richeskarayib.com\/es\/wp-json\/wp\/v2\/comments?post=41946"}],"version-history":[{"count":0,"href":"https:\/\/richeskarayib.com\/es\/wp-json\/wp\/v2\/posts\/41946\/revisions"}],"wp:featuredmedia":[{"embeddable":true,"href":"https:\/\/richeskarayib.com\/es\/wp-json\/wp\/v2\/media\/41825"}],"wp:attachment":[{"href":"https:\/\/richeskarayib.com\/es\/wp-json\/wp\/v2\/media?parent=41946"}],"wp:term":[{"taxonomy":"category","embeddable":true,"href":"https:\/\/richeskarayib.com\/es\/wp-json\/wp\/v2\/categories?post=41946"},{"taxonomy":"post_tag","embeddable":true,"href":"https:\/\/richeskarayib.com\/es\/wp-json\/wp\/v2\/tags?post=41946"}],"curies":[{"name":"wp","href":"https:\/\/api.w.org\/{rel}","templated":true}]}}