{"id":42062,"date":"2024-11-27T16:23:26","date_gmt":"2024-11-27T16:23:26","guid":{"rendered":"https:\/\/richeskarayib.com\/festival-mizik-celebracion-de-los-musicos-en-santa-cecilia\/"},"modified":"2024-12-05T07:17:48","modified_gmt":"2024-12-05T07:17:48","slug":"festival-mizik-celebracion-de-los-musicos-en-santa-cecilia","status":"publish","type":"post","link":"https:\/\/richeskarayib.com\/es\/festival-mizik-celebracion-de-los-musicos-en-santa-cecilia\/","title":{"rendered":"Festival MIZIK: Celebraci\u00f3n de los m\u00fasicos en Santa Cecilia"},"content":{"rendered":"\t\t<div data-elementor-type=\"wp-post\" data-elementor-id=\"42062\" class=\"elementor elementor-42062 elementor-42031\" data-elementor-post-type=\"post\">\n\t\t\t\t\t\t<section class=\"elementor-section elementor-top-section elementor-element elementor-element-b6a4060 elementor-section-boxed elementor-section-height-default elementor-section-height-default\" data-id=\"b6a4060\" data-element_type=\"section\">\n\t\t\t\t\t\t<div class=\"elementor-container elementor-column-gap-default\">\n\t\t\t\t\t<div class=\"elementor-column elementor-col-100 elementor-top-column elementor-element elementor-element-83f828f\" data-id=\"83f828f\" data-element_type=\"column\">\n\t\t\t<div class=\"elementor-widget-wrap elementor-element-populated\">\n\t\t\t\t\t\t<div class=\"elementor-element elementor-element-d59dd5b elementor-widget elementor-widget-text-editor\" data-id=\"d59dd5b\" data-element_type=\"widget\" data-widget_type=\"text-editor.default\">\n\t\t\t\t<div class=\"elementor-widget-container\">\n\t\t\t\t\t\t\t\t\t<p><span style=\"font-weight: 400;\">El 23 de noviembre de 2024, la Fundaci\u00f3n para el Desarrollo Cultural organiz\u00f3 un memorable <\/span><b><a href=\"https:\/\/stlucia.loopnews.com\/content\/mizik-celebration-our-musicians-saint-cecilias-day#\" target=\"_blank\" rel=\"noopener nofollow\">&#8220;Festival MIZIK: Una Celebraci\u00f3n de Nuestros M\u00fasicos &#8211; con De Ashanti<\/a>&#8220;<\/b><span style=\"font-weight: 400;\">  en el Centro Cultural Nacional de Santa Luc\u00eda. Esta celebraci\u00f3n tuvo lugar en conmemoraci\u00f3n de   <\/span><b>D\u00eda de Santa Cecilia<\/b><span style=\"font-weight: 400;\">, tradicionalmente reconocido como el <\/span><b>D\u00eda de los M\u00fasicos<\/b><span style=\"font-weight: 400;\">  que se celebra cada a\u00f1o el 22 de noviembre. Este evento pretend\u00eda rendir homenaje al inmenso talento y legado musical de   <\/span><b>De Ashanti<\/b><span style=\"font-weight: 400;\">en homenaje a los m\u00fasicos de Santa Luc\u00eda.<\/span><\/p>\n\t\t\t\t\t\t\t\t<\/div>\n\t\t\t\t<\/div>\n\t\t\t\t\t<\/div>\n\t\t<\/div>\n\t\t\t\t\t<\/div>\n\t\t<\/section>\n\t\t\t\t<section class=\"elementor-section elementor-top-section elementor-element elementor-element-81b7c64 elementor-section-boxed elementor-section-height-default elementor-section-height-default\" data-id=\"81b7c64\" data-element_type=\"section\">\n\t\t\t\t\t\t<div class=\"elementor-container elementor-column-gap-default\">\n\t\t\t\t\t<div class=\"elementor-column elementor-col-100 elementor-top-column elementor-element elementor-element-cce8092\" data-id=\"cce8092\" data-element_type=\"column\">\n\t\t\t<div class=\"elementor-widget-wrap elementor-element-populated\">\n\t\t\t\t\t\t<div class=\"elementor-element elementor-element-a18761d elementor-widget elementor-widget-heading\" data-id=\"a18761d\" data-element_type=\"widget\" data-widget_type=\"heading.default\">\n\t\t\t\t<div class=\"elementor-widget-container\">\n\t\t\t\t\t<h2 class=\"elementor-heading-title elementor-size-default\">El acontecimiento y su impacto<\/h2>\t\t\t\t<\/div>\n\t\t\t\t<\/div>\n\t\t\t\t<div class=\"elementor-element elementor-element-f4f4ff3 elementor-widget elementor-widget-text-editor\" data-id=\"f4f4ff3\" data-element_type=\"widget\" data-widget_type=\"text-editor.default\">\n\t\t\t\t<div class=\"elementor-widget-container\">\n\t\t\t\t\t\t\t\t\t<p><span style=\"font-weight: 400;\">La velada estuvo marcada por las cautivadoras actuaciones de <\/span><b>De Ashanti<\/b><span style=\"font-weight: 400;\">cuyas obras l\u00edricas resuenan profundamente en los corazones de los habitantes de Santa Luc\u00eda. El acto tambi\u00e9n cont\u00f3 con un impresionante elenco de artistas, entre los que se encontraban iconos locales como Dezral, Arthur Allain, Qpid, Ezra, Herb Black, Imran Nerdy, Invader, Lady Leen, Minelle, TC Brown y Ti Blacks. Cada uno de estos artistas interpret\u00f3 \u00e9xitos atemporales de    <\/span><b>De Ashanti<\/b><span style=\"font-weight: 400;\">celebrando as\u00ed el poder de <\/span><b>m\u00fasica de Santa Luc\u00eda<\/b><span style=\"font-weight: 400;\"> a trav\u00e9s de generaciones y g\u00e9neros.<\/span><\/p>\n\t\t\t\t\t\t\t\t<\/div>\n\t\t\t\t<\/div>\n\t\t\t\t<div class=\"elementor-element elementor-element-0dfbd8b elementor-widget elementor-widget-text-editor\" data-id=\"0dfbd8b\" data-element_type=\"widget\" data-widget_type=\"text-editor.default\">\n\t\t\t\t<div class=\"elementor-widget-container\">\n\t\t\t\t\t\t\t\t\t<p><span style=\"font-weight: 400;\">La importancia de la jornada fue destacada por Murchel Hippolyte, Director de Desarrollo Empresarial y Marketing de la Fundaci\u00f3n para el Desarrollo Cultural. Afirm\u00f3: &#8221; <\/span><b>El D\u00eda de Santa Cecilia<\/b><span style=\"font-weight: 400;\"> es un momento ideal para honrar a nuestros m\u00fasicos que han contribuido significativamente a nuestra cultura y han aportado <\/span><b>m\u00fasica de Santa Luc\u00eda<\/b><span style=\"font-weight: 400;\"> al mundo&#8221;. Este acto no s\u00f3lo permiti\u00f3 celebrar los talentos musicales, sino que tambi\u00e9n sirvi\u00f3 de plataforma para transmitir el conocimiento generacional a los j\u00f3venes talentos.<\/span><\/p>\n\t\t\t\t\t\t\t\t<\/div>\n\t\t\t\t<\/div>\n\t\t\t\t<section class=\"elementor-section elementor-inner-section elementor-element elementor-element-8a64b19 elementor-section-boxed elementor-section-height-default elementor-section-height-default\" data-id=\"8a64b19\" data-element_type=\"section\">\n\t\t\t\t\t\t<div class=\"elementor-container elementor-column-gap-default\">\n\t\t\t\t\t<div class=\"elementor-column elementor-col-100 elementor-inner-column elementor-element elementor-element-42cd206\" data-id=\"42cd206\" data-element_type=\"column\">\n\t\t\t<div class=\"elementor-widget-wrap elementor-element-populated\">\n\t\t\t\t\t\t<div class=\"elementor-element elementor-element-343c923 elementor-widget elementor-widget-image\" data-id=\"343c923\" data-element_type=\"widget\" data-widget_type=\"image.default\">\n\t\t\t\t<div class=\"elementor-widget-container\">\n\t\t\t\t\t\t\t\t\t\t\t\t<figure class=\"wp-caption\">\n\t\t\t\t\t\t\t\t\t\t<img fetchpriority=\"high\" decoding=\"async\" width=\"560\" height=\"576\" src=\"https:\/\/richeskarayib.com\/wp-content\/uploads\/2024\/11\/mizik_04e2e5d7347e60430ddf0b41b26a1627-Modifie-1.jpg\" class=\"attachment-large size-large wp-image-42043\" alt=\"MIZIK Festival\" srcset=\"https:\/\/richeskarayib.com\/wp-content\/uploads\/2024\/11\/mizik_04e2e5d7347e60430ddf0b41b26a1627-Modifie-1.jpg 560w, https:\/\/richeskarayib.com\/wp-content\/uploads\/2024\/11\/mizik_04e2e5d7347e60430ddf0b41b26a1627-Modifie-1-292x300.jpg 292w\" sizes=\"(max-width: 560px) 100vw, 560px\" \/>\t\t\t\t\t\t\t\t\t\t\t<figcaption class=\"widget-image-caption wp-caption-text\">MIZIK Festival<\/figcaption>\n\t\t\t\t\t\t\t\t\t\t<\/figure>\n\t\t\t\t\t\t\t\t\t<\/div>\n\t\t\t\t<\/div>\n\t\t\t\t\t<\/div>\n\t\t<\/div>\n\t\t\t\t\t<\/div>\n\t\t<\/section>\n\t\t\t\t\t<\/div>\n\t\t<\/div>\n\t\t\t\t\t<\/div>\n\t\t<\/section>\n\t\t\t\t<section class=\"elementor-section elementor-top-section elementor-element elementor-element-c1d27ad elementor-section-boxed elementor-section-height-default elementor-section-height-default\" data-id=\"c1d27ad\" data-element_type=\"section\">\n\t\t\t\t\t\t<div class=\"elementor-container elementor-column-gap-default\">\n\t\t\t\t\t<div class=\"elementor-column elementor-col-100 elementor-top-column elementor-element elementor-element-904b487\" data-id=\"904b487\" data-element_type=\"column\">\n\t\t\t<div class=\"elementor-widget-wrap elementor-element-populated\">\n\t\t\t\t\t\t<div class=\"elementor-element elementor-element-7bc9da5 elementor-widget elementor-widget-heading\" data-id=\"7bc9da5\" data-element_type=\"widget\" data-widget_type=\"heading.default\">\n\t\t\t\t<div class=\"elementor-widget-container\">\n\t\t\t\t\t<h2 class=\"elementor-heading-title elementor-size-default\">Un homenaje a la m\u00fasica de Santa Luc\u00eda<\/h2>\t\t\t\t<\/div>\n\t\t\t\t<\/div>\n\t\t\t\t<section class=\"elementor-section elementor-inner-section elementor-element elementor-element-afca6cc elementor-section-boxed elementor-section-height-default elementor-section-height-default\" data-id=\"afca6cc\" data-element_type=\"section\">\n\t\t\t\t\t\t<div class=\"elementor-container elementor-column-gap-default\">\n\t\t\t\t\t<div class=\"elementor-column elementor-col-100 elementor-inner-column elementor-element elementor-element-8739f82\" data-id=\"8739f82\" data-element_type=\"column\">\n\t\t\t<div class=\"elementor-widget-wrap elementor-element-populated\">\n\t\t\t\t\t\t<div class=\"elementor-element elementor-element-f105cdb elementor-widget elementor-widget-text-editor\" data-id=\"f105cdb\" data-element_type=\"widget\" data-widget_type=\"text-editor.default\">\n\t\t\t\t<div class=\"elementor-widget-container\">\n\t\t\t\t\t\t\t\t\t<p><span style=\"font-weight: 400;\">En <\/span><b>festival MIZIK<\/b><span style=\"font-weight: 400;\">  se dise\u00f1\u00f3 para reunir a entusiastas de la m\u00fasica de todas las edades, creando un espacio donde la m\u00fasica y la cultura pudieran prosperar. La diversidad de actuaciones, desde ritmos folcl\u00f3ricos hasta sonidos contempor\u00e1neos, reflej\u00f3 la riqueza de la escena musical de la isla. La direcci\u00f3n musical corri\u00f3 a cargo del maestro Gregory Piper, que a\u00f1adi\u00f3 un toque de pericia y pasi\u00f3n al acto.  <\/span><\/p>\n\t\t\t\t\t\t\t\t<\/div>\n\t\t\t\t<\/div>\n\t\t\t\t\t<\/div>\n\t\t<\/div>\n\t\t\t\t\t<\/div>\n\t\t<\/section>\n\t\t\t\t<section class=\"elementor-section elementor-inner-section elementor-element elementor-element-64b5bba elementor-section-boxed elementor-section-height-default elementor-section-height-default\" data-id=\"64b5bba\" data-element_type=\"section\">\n\t\t\t\t\t\t<div class=\"elementor-container elementor-column-gap-default\">\n\t\t\t\t\t<div class=\"elementor-column elementor-col-100 elementor-inner-column elementor-element elementor-element-9022a75\" data-id=\"9022a75\" data-element_type=\"column\">\n\t\t\t<div class=\"elementor-widget-wrap elementor-element-populated\">\n\t\t\t\t\t\t<div class=\"elementor-element elementor-element-103461c elementor-widget elementor-widget-text-editor\" data-id=\"103461c\" data-element_type=\"widget\" data-widget_type=\"text-editor.default\">\n\t\t\t\t<div class=\"elementor-widget-container\">\n\t\t\t\t\t\t\t\t\t<p>\n            <span style=\"font-weight: 400;\">Las reacciones del p\u00fablico fueron abrumadoramente positivas. Muchos asistentes expresaron su agradecimiento por la calidad de las actuaciones y el ambiente festivo del Centro Cultural Nacional. Familias enteras asistieron al acto, reforzando as\u00ed el v\u00ednculo entre generaciones a trav\u00e9s de la m\u00fasica. Los j\u00f3venes m\u00fasicos tambi\u00e9n tuvieron la oportunidad de conocer a artistas experimentados, fomentando intercambios valiosos e inspiradores.   <\/span>\n          <\/p>\n\t\t\t\t\t\t\t\t<\/div>\n\t\t\t\t<\/div>\n\t\t\t\t\t<\/div>\n\t\t<\/div>\n\t\t\t\t\t<\/div>\n\t\t<\/section>\n\t\t\t\t\t<\/div>\n\t\t<\/div>\n\t\t\t\t\t<\/div>\n\t\t<\/section>\n\t\t\t\t<section class=\"elementor-section elementor-top-section elementor-element elementor-element-b514339 elementor-section-boxed elementor-section-height-default elementor-section-height-default\" data-id=\"b514339\" data-element_type=\"section\">\n\t\t\t\t\t\t<div class=\"elementor-container elementor-column-gap-default\">\n\t\t\t\t\t<div class=\"elementor-column elementor-col-100 elementor-top-column elementor-element elementor-element-941a2af\" data-id=\"941a2af\" data-element_type=\"column\">\n\t\t\t<div class=\"elementor-widget-wrap elementor-element-populated\">\n\t\t\t\t\t\t<div class=\"elementor-element elementor-element-15c3826 elementor-widget elementor-widget-heading\" data-id=\"15c3826\" data-element_type=\"widget\" data-widget_type=\"heading.default\">\n\t\t\t\t<div class=\"elementor-widget-container\">\n\t\t\t\t\t<h2 class=\"elementor-heading-title elementor-size-default\">Iniciativas Juveniles<\/h2>\t\t\t\t<\/div>\n\t\t\t\t<\/div>\n\t\t\t\t<section class=\"elementor-section elementor-inner-section elementor-element elementor-element-7306540 elementor-section-boxed elementor-section-height-default elementor-section-height-default\" data-id=\"7306540\" data-element_type=\"section\">\n\t\t\t\t\t\t<div class=\"elementor-container elementor-column-gap-default\">\n\t\t\t\t\t<div class=\"elementor-column elementor-col-100 elementor-inner-column elementor-element elementor-element-d350baa\" data-id=\"d350baa\" data-element_type=\"column\">\n\t\t\t<div class=\"elementor-widget-wrap elementor-element-populated\">\n\t\t\t\t\t\t<div class=\"elementor-element elementor-element-c3a56ec elementor-widget elementor-widget-text-editor\" data-id=\"c3a56ec\" data-element_type=\"widget\" data-widget_type=\"text-editor.default\">\n\t\t\t\t<div class=\"elementor-widget-container\">\n\t\t\t\t\t\t\t\t\t<p><span style=\"font-weight: 400;\">Paralelamente al acto principal, la Fundaci\u00f3n para el Desarrollo Cultural, en colaboraci\u00f3n con la Unidad de Desarrollo Musical del Caribe y el renombrado letrista de Santa Luc\u00eda Nahum Jn Baptiste, organiz\u00f3 una actividad de desarrollo centrada en la composici\u00f3n de canciones para j\u00f3venes. Programada para el 6 de diciembre de 2024, en la sala de conferencias de la Fundaci\u00f3n para el Desarrollo Cultural, esta iniciativa pretende fomentar la creatividad y proporcionar herramientas a los j\u00f3venes artistas para que se expresen a trav\u00e9s de la m\u00fasica. Este esfuerzo subraya el compromiso de la Fundaci\u00f3n para el Desarrollo Cultural de apoyar a la pr\u00f3xima generaci\u00f3n de m\u00fasicos y garantizar la continuidad de    <\/span><b>m\u00fasica de Santa Luc\u00eda<\/b><span style=\"font-weight: 400;\"> herencia.<\/span><\/p>\n\t\t\t\t\t\t\t\t<\/div>\n\t\t\t\t<\/div>\n\t\t\t\t\t<\/div>\n\t\t<\/div>\n\t\t\t\t\t<\/div>\n\t\t<\/section>\n\t\t\t\t\t<\/div>\n\t\t<\/div>\n\t\t\t\t\t<\/div>\n\t\t<\/section>\n\t\t\t\t<section class=\"elementor-section elementor-top-section elementor-element elementor-element-8dbc34b elementor-section-boxed elementor-section-height-default elementor-section-height-default\" data-id=\"8dbc34b\" data-element_type=\"section\">\n\t\t\t\t\t\t<div class=\"elementor-container elementor-column-gap-default\">\n\t\t\t\t\t<div class=\"elementor-column elementor-col-100 elementor-top-column elementor-element elementor-element-6003bc0\" data-id=\"6003bc0\" data-element_type=\"column\">\n\t\t\t<div class=\"elementor-widget-wrap elementor-element-populated\">\n\t\t\t\t\t\t<div class=\"elementor-element elementor-element-6bf9e70 elementor-widget elementor-widget-heading\" data-id=\"6bf9e70\" data-element_type=\"widget\" data-widget_type=\"heading.default\">\n\t\t\t\t<div class=\"elementor-widget-container\">\n\t\t\t\t\t<h2 class=\"elementor-heading-title elementor-size-default\">El futuro del Festival MIZIK<\/h2>\t\t\t\t<\/div>\n\t\t\t\t<\/div>\n\t\t\t\t<div class=\"elementor-element elementor-element-aec0034 elementor-widget elementor-widget-text-editor\" data-id=\"aec0034\" data-element_type=\"widget\" data-widget_type=\"text-editor.default\">\n\t\t\t\t<div class=\"elementor-widget-container\">\n\t\t\t\t\t\t\t\t\t<p><span style=\"font-weight: 400;\">Con el \u00e9xito de este a\u00f1o, la Fundaci\u00f3n para el Desarrollo Cultural aspira a establecer el festival <\/span><b>festival MIZIK<\/b><span style=\"font-weight: 400;\">  como acontecimiento emblem\u00e1tico del calendario cultural de Santa Luc\u00eda. Los organizadores planean seguir desarrollando esta celebraci\u00f3n en los pr\u00f3ximos a\u00f1os invitando a m\u00fasicos de diversos or\u00edgenes e integrando elementos interactivos para el p\u00fablico. El objetivo es crear una experiencia envolvente que celebre no s\u00f3lo la m\u00fasica, sino tambi\u00e9n la historia y la cultura de    <\/span><a href=\"https:\/\/richeskarayib.com\/es\/la-legendaria-fritura-de-pescado-de-anse-la-raye-una-tradicion-culinaria-caribena-que-no-debes-dejar-de-probar\/\" target=\"_blank\" rel=\"noopener\"><b>Santa Luc\u00eda<\/b><\/a><span style=\"font-weight: 400;\">.<\/span><\/p>\n\t\t\t\t\t\t\t\t<\/div>\n\t\t\t\t<\/div>\n\t\t\t\t<div class=\"elementor-element elementor-element-b4cbeb9 elementor-widget elementor-widget-text-editor\" data-id=\"b4cbeb9\" data-element_type=\"widget\" data-widget_type=\"text-editor.default\">\n\t\t\t\t<div class=\"elementor-widget-container\">\n\t\t\t\t\t\t\t\t\t<p><span style=\"font-weight: 400;\">En <\/span><b>festival MIZIK<\/b><span style=\"font-weight: 400;\">  no es un simple concierto; es una celebraci\u00f3n de la identidad cultural de la isla, un momento en el que los habitantes de Santa Luc\u00eda pueden reunirse para honrar su patrimonio musical. La m\u00fasica es un poderoso conector, y este acontecimiento ha demostrado que puede unir a las comunidades e inspirar a las generaciones futuras. <\/span><\/p>\n\t\t\t\t\t\t\t\t<\/div>\n\t\t\t\t<\/div>\n\t\t\t\t\t<\/div>\n\t\t<\/div>\n\t\t\t\t\t<\/div>\n\t\t<\/section>\n\t\t\t\t<section class=\"elementor-section elementor-top-section elementor-element elementor-element-bf530f7 elementor-section-boxed elementor-section-height-default elementor-section-height-default\" data-id=\"bf530f7\" data-element_type=\"section\">\n\t\t\t\t\t\t<div class=\"elementor-container elementor-column-gap-default\">\n\t\t\t\t\t<div class=\"elementor-column elementor-col-100 elementor-top-column elementor-element elementor-element-da8faf8\" data-id=\"da8faf8\" data-element_type=\"column\">\n\t\t\t<div class=\"elementor-widget-wrap elementor-element-populated\">\n\t\t\t\t\t\t<div class=\"elementor-element elementor-element-3a4774b elementor-widget elementor-widget-text-editor\" data-id=\"3a4774b\" data-element_type=\"widget\" data-widget_type=\"text-editor.default\">\n\t\t\t\t<div class=\"elementor-widget-container\">\n\t\t\t\t\t\t\t\t\t<p><span style=\"font-weight: 400;\">La edici\u00f3n inaugural del <\/span><b>festival MIZIK<\/b><span style=\"font-weight: 400;\"> fue un acontecimiento hist\u00f3rico para la <\/span><b>m\u00fasica de Santa Luc\u00eda<\/b><span style=\"font-weight: 400;\">  escena. Al honrar a   <\/span><b>De Ashanti<\/b><span style=\"font-weight: 400;\">  y celebrando a los talentos locales, la Fundaci\u00f3n para el Desarrollo Cultural no s\u00f3lo ha reforzado el v\u00ednculo entre el pasado y el presente, sino que tambi\u00e9n ha allanado el camino para un futuro musical prometedor para la isla. El impacto de esta celebraci\u00f3n va m\u00e1s all\u00e1 de la m\u00fasica; toca vidas, inspira sue\u00f1os y celebra la riqueza de   <\/span><b>Cultura de Santa Luc\u00eda<\/b><span style=\"font-weight: 400;\">.<\/span><\/p>\n\t\t\t\t\t\t\t\t<\/div>\n\t\t\t\t<\/div>\n\t\t\t\t<div class=\"elementor-element elementor-element-4d478b2 elementor-widget elementor-widget-text-editor\" data-id=\"4d478b2\" data-element_type=\"widget\" data-widget_type=\"text-editor.default\">\n\t\t\t\t<div class=\"elementor-widget-container\">\n\t\t\t\t\t\t\t\t\t<p><span style=\"font-weight: 400;\">Es esencial seguir apoyando iniciativas como el <\/span><b>festival MIZIK<\/b><span style=\"font-weight: 400;\"> para preservar y promover <\/span><b>la m\u00fasica de Santa Luc\u00eda<\/b><span style=\"font-weight: 400;\">garantizando que esta hermosa isla siga resonando con los sonidos de sus artistas durante generaciones. La m\u00fasica de   <\/span><b>Santa Luc\u00eda<\/b><span style=\"font-weight: 400;\"> es un tesoro que merece ser celebrado y compartido, y el <\/span><b>festival MIZIK<\/b><span style=\"font-weight: 400;\"> representa un paso importante en esta misi\u00f3n.<\/span><\/p>\n\t\t\t\t\t\t\t\t<\/div>\n\t\t\t\t<\/div>\n\t\t\t\t\t<\/div>\n\t\t<\/div>\n\t\t\t\t\t<\/div>\n\t\t<\/section>\n\t\t\t\t<\/div>\n\t\t","protected":false},"excerpt":{"rendered":"<p>El 23 de noviembre de 2024, la Fundaci\u00f3n para el Desarrollo Cultural organiz\u00f3 un memorable &#8220;Festival MIZIK: Una Celebraci\u00f3n de Nuestros M\u00fasicos &#8211; con De Ashanti&#8220; en el Centro Cultural Nacional de Santa Luc\u00eda. Esta celebraci\u00f3n tuvo lugar en conmemoraci\u00f3n de D\u00eda de Santa Cecilia, tradicionalmente reconocido como el D\u00eda de los M\u00fasicos que se [&hellip;]<\/p>\n","protected":false},"author":400,"featured_media":42039,"comment_status":"open","ping_status":"open","sticky":false,"template":"","format":"standard","meta":{"_acf_changed":false,"footnotes":""},"categories":[834],"tags":[1623],"class_list":["post-42062","post","type-post","status-publish","format-standard","has-post-thumbnail","hentry","category-musica","tag-santa-lucia-es-2"],"acf":[],"_links":{"self":[{"href":"https:\/\/richeskarayib.com\/es\/wp-json\/wp\/v2\/posts\/42062","targetHints":{"allow":["GET"]}}],"collection":[{"href":"https:\/\/richeskarayib.com\/es\/wp-json\/wp\/v2\/posts"}],"about":[{"href":"https:\/\/richeskarayib.com\/es\/wp-json\/wp\/v2\/types\/post"}],"author":[{"embeddable":true,"href":"https:\/\/richeskarayib.com\/es\/wp-json\/wp\/v2\/users\/400"}],"replies":[{"embeddable":true,"href":"https:\/\/richeskarayib.com\/es\/wp-json\/wp\/v2\/comments?post=42062"}],"version-history":[{"count":0,"href":"https:\/\/richeskarayib.com\/es\/wp-json\/wp\/v2\/posts\/42062\/revisions"}],"wp:featuredmedia":[{"embeddable":true,"href":"https:\/\/richeskarayib.com\/es\/wp-json\/wp\/v2\/media\/42039"}],"wp:attachment":[{"href":"https:\/\/richeskarayib.com\/es\/wp-json\/wp\/v2\/media?parent=42062"}],"wp:term":[{"taxonomy":"category","embeddable":true,"href":"https:\/\/richeskarayib.com\/es\/wp-json\/wp\/v2\/categories?post=42062"},{"taxonomy":"post_tag","embeddable":true,"href":"https:\/\/richeskarayib.com\/es\/wp-json\/wp\/v2\/tags?post=42062"}],"curies":[{"name":"wp","href":"https:\/\/api.w.org\/{rel}","templated":true}]}}