{"id":42241,"date":"2024-12-05T10:00:06","date_gmt":"2024-12-05T10:00:06","guid":{"rendered":"https:\/\/richeskarayib.com\/caribbean-airlines-lanza-un-nuevo-servicio-al-caribe\/"},"modified":"2024-12-05T14:28:42","modified_gmt":"2024-12-05T14:28:42","slug":"caribbean-airlines-lanza-un-nuevo-servicio-al-caribe","status":"publish","type":"post","link":"https:\/\/richeskarayib.com\/es\/caribbean-airlines-lanza-un-nuevo-servicio-al-caribe\/","title":{"rendered":"Caribbean Airlines lanza un nuevo servicio al Caribe"},"content":{"rendered":"\t\t<div data-elementor-type=\"wp-post\" data-elementor-id=\"42241\" class=\"elementor elementor-42241 elementor-42228\" data-elementor-post-type=\"post\">\n\t\t\t\t\t\t<section class=\"elementor-section elementor-top-section elementor-element elementor-element-b0ccd15 elementor-section-boxed elementor-section-height-default elementor-section-height-default\" data-id=\"b0ccd15\" data-element_type=\"section\">\n\t\t\t\t\t\t<div class=\"elementor-container elementor-column-gap-default\">\n\t\t\t\t\t<div class=\"elementor-column elementor-col-100 elementor-top-column elementor-element elementor-element-99dbec5\" data-id=\"99dbec5\" data-element_type=\"column\">\n\t\t\t<div class=\"elementor-widget-wrap elementor-element-populated\">\n\t\t\t\t\t\t<section class=\"elementor-section elementor-inner-section elementor-element elementor-element-76711d4 elementor-section-boxed elementor-section-height-default elementor-section-height-default\" data-id=\"76711d4\" data-element_type=\"section\">\n\t\t\t\t\t\t<div class=\"elementor-container elementor-column-gap-default\">\n\t\t\t\t\t<div class=\"elementor-column elementor-col-100 elementor-inner-column elementor-element elementor-element-c77bbd1\" data-id=\"c77bbd1\" data-element_type=\"column\">\n\t\t\t<div class=\"elementor-widget-wrap elementor-element-populated\">\n\t\t\t\t\t\t<div class=\"elementor-element elementor-element-502897c elementor-widget elementor-widget-text-editor\" data-id=\"502897c\" data-element_type=\"widget\" data-widget_type=\"text-editor.default\">\n\t\t\t\t<div class=\"elementor-widget-container\">\n\t\t\t\t\t\t\t\t\t<p><span style=\"font-weight: 400;\">3 de diciembre, <a href=\"https:\/\/www.caribbean-airlines.com\/#\/\" target=\"_blank\" rel=\"noopener nofollow\"><strong>Caribbean Airlines<\/strong><\/a> se enorgullece de haber lanzado vuelos directos a la isla francesa <a href=\"https:\/\/richeskarayib.com\/es\/definir-el-caribe\/\" target=\"_blank\" rel=\"noopener\">caribe\u00f1a<\/a> de Martinica. Esta iniciativa marca un paso importante en la visi\u00f3n de la aerol\u00ednea de conectar el Caribe de forma fluida y sostenible.  <\/span><b>Caribbean Airlines<\/b><span style=\"font-weight: 400;\"> se est\u00e1 posicionando como un actor clave en el desarrollo del turismo y los intercambios culturales entre las islas.<\/span><\/p>\n\t\t\t\t\t\t\t\t<\/div>\n\t\t\t\t<\/div>\n\t\t\t\t\t<\/div>\n\t\t<\/div>\n\t\t\t\t\t<\/div>\n\t\t<\/section>\n\t\t\t\t\t<\/div>\n\t\t<\/div>\n\t\t\t\t\t<\/div>\n\t\t<\/section>\n\t\t\t\t<section class=\"elementor-section elementor-top-section elementor-element elementor-element-1389640 elementor-section-boxed elementor-section-height-default elementor-section-height-default\" data-id=\"1389640\" data-element_type=\"section\">\n\t\t\t\t\t\t<div class=\"elementor-container elementor-column-gap-default\">\n\t\t\t\t\t<div class=\"elementor-column elementor-col-100 elementor-top-column elementor-element elementor-element-62f5301\" data-id=\"62f5301\" data-element_type=\"column\">\n\t\t\t<div class=\"elementor-widget-wrap elementor-element-populated\">\n\t\t\t\t\t\t<div class=\"elementor-element elementor-element-07fed6e elementor-widget elementor-widget-heading\" data-id=\"07fed6e\" data-element_type=\"widget\" data-widget_type=\"heading.default\">\n\t\t\t\t<div class=\"elementor-widget-container\">\n\t\t\t\t\t<h2 class=\"elementor-heading-title elementor-size-default\">Un servicio esencial para la movilidad regional<\/h2>\t\t\t\t<\/div>\n\t\t\t\t<\/div>\n\t\t\t\t<div class=\"elementor-element elementor-element-5a71e13 elementor-widget elementor-widget-text-editor\" data-id=\"5a71e13\" data-element_type=\"widget\" data-widget_type=\"text-editor.default\">\n\t\t\t\t<div class=\"elementor-widget-container\">\n\t\t\t\t\t\t\t\t\t<p>\n            <span style=\"font-weight: 400;\">Los vuelos entre Trinidad y Tobago y Martinica operar\u00e1n cuatro veces por semana, los martes, viernes, s\u00e1bados y domingos. De estos vuelos, dos ser\u00e1n directos, mientras que los otros dos pasar\u00e1n por Barbados, ofreciendo mayores opciones de conectividad a los pasajeros de toda la regi\u00f3n. Esta nueva ruta responde a una necesidad crucial en la  <\/span>\n          <\/p>\n\t\t\t\t\t\t\t\t<\/div>\n\t\t\t\t<\/div>\n\t\t\t\t\t<\/div>\n\t\t<\/div>\n\t\t\t\t\t<\/div>\n\t\t<\/section>\n\t\t\t\t<section class=\"elementor-section elementor-top-section elementor-element elementor-element-a7a4b32 elementor-section-boxed elementor-section-height-default elementor-section-height-default\" data-id=\"a7a4b32\" data-element_type=\"section\">\n\t\t\t\t\t\t<div class=\"elementor-container elementor-column-gap-default\">\n\t\t\t\t\t<div class=\"elementor-column elementor-col-100 elementor-top-column elementor-element elementor-element-f79b573\" data-id=\"f79b573\" data-element_type=\"column\">\n\t\t\t<div class=\"elementor-widget-wrap elementor-element-populated\">\n\t\t\t\t\t\t<div class=\"elementor-element elementor-element-c00f5b2 elementor-widget elementor-widget-heading\" data-id=\"c00f5b2\" data-element_type=\"widget\" data-widget_type=\"heading.default\">\n\t\t\t\t<div class=\"elementor-widget-container\">\n\t\t\t\t\t<h2 class=\"elementor-heading-title elementor-size-default\">Una oportunidad para los itinerantes\n<\/h2>\t\t\t\t<\/div>\n\t\t\t\t<\/div>\n\t\t\t\t<section class=\"elementor-section elementor-inner-section elementor-element elementor-element-cbfae60 elementor-section-boxed elementor-section-height-default elementor-section-height-default\" data-id=\"cbfae60\" data-element_type=\"section\">\n\t\t\t\t\t\t<div class=\"elementor-container elementor-column-gap-default\">\n\t\t\t\t\t<div class=\"elementor-column elementor-col-100 elementor-inner-column elementor-element elementor-element-ef4f05d\" data-id=\"ef4f05d\" data-element_type=\"column\">\n\t\t\t<div class=\"elementor-widget-wrap elementor-element-populated\">\n\t\t\t\t\t\t<div class=\"elementor-element elementor-element-3181f9e elementor-widget elementor-widget-text-editor\" data-id=\"3181f9e\" data-element_type=\"widget\" data-widget_type=\"text-editor.default\">\n\t\t\t\t<div class=\"elementor-widget-container\">\n\t\t\t\t\t\t\t\t\t<p>\n            <span style=\"font-weight: 400;\">El lanzamiento de este servicio abre la puerta a viajar a pasajeros de todo el Caribe, ya sean franceses, espa\u00f1oles, holandeses o ingleses. Los viajeros podr\u00e1n volver a conectar y explorar la regi\u00f3n, fomentando las oportunidades de colaboraci\u00f3n, intercambio cultural y crecimiento econ\u00f3mico. <\/span>\n          <\/p>\n\t\t\t\t\t\t\t\t<\/div>\n\t\t\t\t<\/div>\n\t\t\t\t\t<\/div>\n\t\t<\/div>\n\t\t\t\t\t<\/div>\n\t\t<\/section>\n\t\t\t\t<section class=\"elementor-section elementor-inner-section elementor-element elementor-element-a24e32c elementor-section-boxed elementor-section-height-default elementor-section-height-default\" data-id=\"a24e32c\" data-element_type=\"section\">\n\t\t\t\t\t\t<div class=\"elementor-container elementor-column-gap-default\">\n\t\t\t\t\t<div class=\"elementor-column elementor-col-100 elementor-inner-column elementor-element elementor-element-31f95b2\" data-id=\"31f95b2\" data-element_type=\"column\">\n\t\t\t<div class=\"elementor-widget-wrap elementor-element-populated\">\n\t\t\t\t\t\t<div class=\"elementor-element elementor-element-0e46832 elementor-widget elementor-widget-text-editor\" data-id=\"0e46832\" data-element_type=\"widget\" data-widget_type=\"text-editor.default\">\n\t\t\t\t<div class=\"elementor-widget-container\">\n\t\t\t\t\t\t\t\t\t<p>\n            <span style=\"font-weight: 400;\">Garvin Medera, Director General de <a href=\"https:\/\/www.instagram.com\/iflycaribbean\/?hl=fr\" target=\"_blank\" rel=\"noopener nofollow\"><strong>L\u00edneas A\u00e9reas del Caribe<\/strong><\/a>Estamos encantados de dar la bienvenida a Martinica a nuestra red en expansi\u00f3n y de decir &#8220;bienvenidos a casa&#8221; mientras volvemos a conectar el Caribe con Martinica. Nuestra entrada en el Caribe franc\u00e9s es clave para alcanzar nuestra visi\u00f3n de conectar la regi\u00f3n de forma fluida y sostenible. <strong>Caribbean Airlines<\/strong> ser\u00e1 el centro neur\u00e1lgico del turismo, la cultura y el comercio, fomentando una mayor colaboraci\u00f3n y unidad entre las islas del Caribe.&#8221; <\/span>\n          <\/p>\n\t\t\t\t\t\t\t\t<\/div>\n\t\t\t\t<\/div>\n\t\t\t\t\t<\/div>\n\t\t<\/div>\n\t\t\t\t\t<\/div>\n\t\t<\/section>\n\t\t\t\t\t<\/div>\n\t\t<\/div>\n\t\t\t\t\t<\/div>\n\t\t<\/section>\n\t\t\t\t<section class=\"elementor-section elementor-top-section elementor-element elementor-element-a95c33f elementor-section-boxed elementor-section-height-default elementor-section-height-default\" data-id=\"a95c33f\" data-element_type=\"section\">\n\t\t\t\t\t\t<div class=\"elementor-container elementor-column-gap-default\">\n\t\t\t\t\t<div class=\"elementor-column elementor-col-100 elementor-top-column elementor-element elementor-element-d2ff6a2\" data-id=\"d2ff6a2\" data-element_type=\"column\">\n\t\t\t<div class=\"elementor-widget-wrap elementor-element-populated\">\n\t\t\t\t\t\t<div class=\"elementor-element elementor-element-8de7f5e elementor-widget elementor-widget-heading\" data-id=\"8de7f5e\" data-element_type=\"widget\" data-widget_type=\"heading.default\">\n\t\t\t\t<div class=\"elementor-widget-container\">\n\t\t\t\t\t<h2 class=\"elementor-heading-title elementor-size-default\">La respuesta de Martinica<\/h2>\t\t\t\t<\/div>\n\t\t\t\t<\/div>\n\t\t\t\t<section class=\"elementor-section elementor-inner-section elementor-element elementor-element-72ef417 elementor-section-boxed elementor-section-height-default elementor-section-height-default\" data-id=\"72ef417\" data-element_type=\"section\">\n\t\t\t\t\t\t<div class=\"elementor-container elementor-column-gap-default\">\n\t\t\t\t\t<div class=\"elementor-column elementor-col-100 elementor-inner-column elementor-element elementor-element-4320b47\" data-id=\"4320b47\" data-element_type=\"column\">\n\t\t\t<div class=\"elementor-widget-wrap elementor-element-populated\">\n\t\t\t\t\t\t<div class=\"elementor-element elementor-element-a37caff elementor-widget elementor-widget-text-editor\" data-id=\"a37caff\" data-element_type=\"widget\" data-widget_type=\"text-editor.default\">\n\t\t\t\t<div class=\"elementor-widget-container\">\n\t\t\t\t\t\t\t\t\t<p>\n            <span style=\"font-weight: 400;\">Nathalie Sebastien, Directora General del Aeropuerto de Martinica, ha expresado su satisfacci\u00f3n por acoger a <a href=\"https:\/\/web.facebook.com\/caribbeanairlines\/?locale=fr_FR&amp;_rdc=1&amp;_rdr\" target=\"_blank\" rel=\"noopener nofollow\"><strong>L\u00edneas A\u00e9reas del Caribe<\/strong><\/a> a la isla. Dijo: &#8220;Bienvenidos a casa, <strong>Caribbean Airlines<\/strong>&#8230; Como decimos aqu\u00ed en Martinica &#8211; Nou kontan w\u00e9 zot&#8230; Estoy encantada, en m\u00e1s de un sentido, por este logro tan esperado. Con vosotros, Caribbean Airlines, por fin estamos restableciendo una mayor conectividad cultural, deportiva y familiar con nuestros hermanos y hermanas del Caribe. Est\u00e1is realmente en nuestro ADN&#8230; Somos parte del Caribe&#8230; \u00a1Bienvenidos a casa!&#8221; <\/span>\n          <\/p>\n\t\t\t\t\t\t\t\t<\/div>\n\t\t\t\t<\/div>\n\t\t\t\t<section class=\"elementor-section elementor-inner-section elementor-element elementor-element-9051cb1 elementor-section-boxed elementor-section-height-default elementor-section-height-default\" data-id=\"9051cb1\" data-element_type=\"section\">\n\t\t\t\t\t\t<div class=\"elementor-container elementor-column-gap-default\">\n\t\t\t\t\t<div class=\"elementor-column elementor-col-100 elementor-inner-column elementor-element elementor-element-1a56626\" data-id=\"1a56626\" data-element_type=\"column\">\n\t\t\t<div class=\"elementor-widget-wrap elementor-element-populated\">\n\t\t\t\t\t\t<div class=\"elementor-element elementor-element-c705b16 elementor-widget elementor-widget-image\" data-id=\"c705b16\" data-element_type=\"widget\" data-widget_type=\"image.default\">\n\t\t\t\t<div class=\"elementor-widget-container\">\n\t\t\t\t\t\t\t\t\t\t\t\t<figure class=\"wp-caption\">\n\t\t\t\t\t\t\t\t\t\t<img fetchpriority=\"high\" decoding=\"async\" width=\"800\" height=\"370\" src=\"https:\/\/richeskarayib.com\/wp-content\/uploads\/2024\/12\/MARTINIQUE_20LAUNCH_201-1024x473.jpeg\" class=\"attachment-large size-large wp-image-42236\" alt=\"Caribbean Airlines\" srcset=\"https:\/\/richeskarayib.com\/wp-content\/uploads\/2024\/12\/MARTINIQUE_20LAUNCH_201-1024x473.jpeg 1024w, https:\/\/richeskarayib.com\/wp-content\/uploads\/2024\/12\/MARTINIQUE_20LAUNCH_201-300x139.jpeg 300w, https:\/\/richeskarayib.com\/wp-content\/uploads\/2024\/12\/MARTINIQUE_20LAUNCH_201-768x355.jpeg 768w, https:\/\/richeskarayib.com\/wp-content\/uploads\/2024\/12\/MARTINIQUE_20LAUNCH_201.jpeg 1280w\" sizes=\"(max-width: 800px) 100vw, 800px\" \/>\t\t\t\t\t\t\t\t\t\t\t<figcaption class=\"widget-image-caption wp-caption-text\">\u00c9v\u00e9nement de bienvenue de Caribbean Airlines en Martinique organis\u00e9 par l'Office du tourisme de la Martinique et l'A\u00e9roport Aime C\u00e9saire.<\/figcaption>\n\t\t\t\t\t\t\t\t\t\t<\/figure>\n\t\t\t\t\t\t\t\t\t<\/div>\n\t\t\t\t<\/div>\n\t\t\t\t\t<\/div>\n\t\t<\/div>\n\t\t\t\t\t<\/div>\n\t\t<\/section>\n\t\t\t\t\t<\/div>\n\t\t<\/div>\n\t\t\t\t\t<\/div>\n\t\t<\/section>\n\t\t\t\t\t<\/div>\n\t\t<\/div>\n\t\t\t\t\t<\/div>\n\t\t<\/section>\n\t\t\t\t<section class=\"elementor-section elementor-top-section elementor-element elementor-element-1f25142 elementor-section-boxed elementor-section-height-default elementor-section-height-default\" data-id=\"1f25142\" data-element_type=\"section\">\n\t\t\t\t\t\t<div class=\"elementor-container elementor-column-gap-default\">\n\t\t\t\t\t<div class=\"elementor-column elementor-col-100 elementor-top-column elementor-element elementor-element-1ca1b93\" data-id=\"1ca1b93\" data-element_type=\"column\">\n\t\t\t<div class=\"elementor-widget-wrap elementor-element-populated\">\n\t\t\t\t\t\t<div class=\"elementor-element elementor-element-3907407 elementor-widget elementor-widget-heading\" data-id=\"3907407\" data-element_type=\"widget\" data-widget_type=\"heading.default\">\n\t\t\t\t<div class=\"elementor-widget-container\">\n\t\t\t\t\t<h2 class=\"elementor-heading-title elementor-size-default\">Una experiencia inolvidable en Martinica<\/h2>\t\t\t\t<\/div>\n\t\t\t\t<\/div>\n\t\t\t\t<section class=\"elementor-section elementor-inner-section elementor-element elementor-element-8878f55 elementor-section-boxed elementor-section-height-default elementor-section-height-default\" data-id=\"8878f55\" data-element_type=\"section\">\n\t\t\t\t\t\t<div class=\"elementor-container elementor-column-gap-default\">\n\t\t\t\t\t<div class=\"elementor-column elementor-col-100 elementor-inner-column elementor-element elementor-element-60492da\" data-id=\"60492da\" data-element_type=\"column\">\n\t\t\t<div class=\"elementor-widget-wrap elementor-element-populated\">\n\t\t\t\t\t\t<div class=\"elementor-element elementor-element-005be9d elementor-widget elementor-widget-text-editor\" data-id=\"005be9d\" data-element_type=\"widget\" data-widget_type=\"text-editor.default\">\n\t\t\t\t<div class=\"elementor-widget-container\">\n\t\t\t\t\t\t\t\t\t<p>\n            <span style=\"font-weight: 400;\">Los pasajeros que viajen a Martinica pueden esperar descubrir la renombrada cultura criolla de la isla, sus impresionantes paisajes y su c\u00e1lida hospitalidad. Martinica, con su mezcla \u00fanica de tradiciones francesas y caribe\u00f1as, ofrece una gran variedad de actividades, desde hacer senderismo por la selva tropical hasta degustar deliciosos platos locales como el pollo colombo o la morcilla criolla. <\/span>\n          <\/p>\n\t\t\t\t\t\t\t\t<\/div>\n\t\t\t\t<\/div>\n\t\t\t\t<div class=\"elementor-element elementor-element-fcc6f1b elementor-widget elementor-widget-text-editor\" data-id=\"fcc6f1b\" data-element_type=\"widget\" data-widget_type=\"text-editor.default\">\n\t\t\t\t<div class=\"elementor-widget-container\">\n\t\t\t\t\t\t\t\t\t<p>\n            <span style=\"font-weight: 400;\">A cambio, Martinica se beneficia de una puerta fiable para explorar Trinidad y Tobago, Barbados y el resto del Caribe. Esta conectividad enriquece las relaciones regionales y las experiencias de los viajeros, al tiempo que apoya al sector tur\u00edstico de toda la regi\u00f3n. <\/span>\n          <\/p>\n\t\t\t\t\t\t\t\t<\/div>\n\t\t\t\t<\/div>\n\t\t\t\t\t<\/div>\n\t\t<\/div>\n\t\t\t\t\t<\/div>\n\t\t<\/section>\n\t\t\t\t\t<\/div>\n\t\t<\/div>\n\t\t\t\t\t<\/div>\n\t\t<\/section>\n\t\t\t\t<section class=\"elementor-section elementor-top-section elementor-element elementor-element-50059cb elementor-section-boxed elementor-section-height-default elementor-section-height-default\" data-id=\"50059cb\" data-element_type=\"section\">\n\t\t\t\t\t\t<div class=\"elementor-container elementor-column-gap-default\">\n\t\t\t\t\t<div class=\"elementor-column elementor-col-100 elementor-top-column elementor-element elementor-element-4b3ff1d\" data-id=\"4b3ff1d\" data-element_type=\"column\">\n\t\t\t<div class=\"elementor-widget-wrap elementor-element-populated\">\n\t\t\t\t\t\t<div class=\"elementor-element elementor-element-618c70f elementor-widget elementor-widget-heading\" data-id=\"618c70f\" data-element_type=\"widget\" data-widget_type=\"heading.default\">\n\t\t\t\t<div class=\"elementor-widget-container\">\n\t\t\t\t\t<h2 class=\"elementor-heading-title elementor-size-default\">Impacto econ\u00f3mico y cultural<\/h2>\t\t\t\t<\/div>\n\t\t\t\t<\/div>\n\t\t\t\t<section class=\"elementor-section elementor-inner-section elementor-element elementor-element-de5c9fe elementor-section-boxed elementor-section-height-default elementor-section-height-default\" data-id=\"de5c9fe\" data-element_type=\"section\">\n\t\t\t\t\t\t<div class=\"elementor-container elementor-column-gap-default\">\n\t\t\t\t\t<div class=\"elementor-column elementor-col-100 elementor-inner-column elementor-element elementor-element-8373487\" data-id=\"8373487\" data-element_type=\"column\">\n\t\t\t<div class=\"elementor-widget-wrap elementor-element-populated\">\n\t\t\t\t\t\t<div class=\"elementor-element elementor-element-25d0eaf elementor-widget elementor-widget-text-editor\" data-id=\"25d0eaf\" data-element_type=\"widget\" data-widget_type=\"text-editor.default\">\n\t\t\t\t<div class=\"elementor-widget-container\">\n\t\t\t\t\t\t\t\t\t<p>\n            <span style=\"font-weight: 400;\">Este nuevo servicio posiciona a <a href=\"https:\/\/www.aeroports-voyages.fr\/fr\/aeroport\/martinique-aime-cesaire\/FDF\/compagnies-aeriennes\/c\/caribbean-airlines\/BW\" target=\"_blank\" rel=\"noopener nofollow\"><strong>L\u00edneas A\u00e9reas del Caribe<\/strong><\/a> como actor clave para facilitar la conectividad sostenible. Al colmar las lagunas de la red regional de viajes, la aerol\u00ednea contribuye al desarrollo del turismo entre islas, fomenta el intercambio cultural y promueve el comercio, al tiempo que apoya los objetivos m\u00e1s amplios de sostenibilidad de la regi\u00f3n. <\/span>\n          <\/p>\n\t\t\t\t\t\t\t\t<\/div>\n\t\t\t\t<\/div>\n\t\t\t\t<div class=\"elementor-element elementor-element-5138b3e elementor-widget elementor-widget-text-editor\" data-id=\"5138b3e\" data-element_type=\"widget\" data-widget_type=\"text-editor.default\">\n\t\t\t\t<div class=\"elementor-widget-container\">\n\t\t\t\t\t\t\t\t\t<p>\n            <span style=\"font-weight: 400;\">No se puede subestimar la importancia de los viajes interregionales. Estas conexiones no s\u00f3lo fomentan el turismo, sino que tambi\u00e9n promueven los intercambios comerciales y culturales, creando oportunidades para las empresas locales y reforzando los v\u00ednculos entre las distintas islas. <\/span>\n          <\/p>\n\t\t\t\t\t\t\t\t<\/div>\n\t\t\t\t<\/div>\n\t\t\t\t\t<\/div>\n\t\t<\/div>\n\t\t\t\t\t<\/div>\n\t\t<\/section>\n\t\t\t\t\t<\/div>\n\t\t<\/div>\n\t\t\t\t\t<\/div>\n\t\t<\/section>\n\t\t\t\t<section class=\"elementor-section elementor-top-section elementor-element elementor-element-9189e62 elementor-section-boxed elementor-section-height-default elementor-section-height-default\" data-id=\"9189e62\" data-element_type=\"section\">\n\t\t\t\t\t\t<div class=\"elementor-container elementor-column-gap-default\">\n\t\t\t\t\t<div class=\"elementor-column elementor-col-100 elementor-top-column elementor-element elementor-element-a639f5c\" data-id=\"a639f5c\" data-element_type=\"column\">\n\t\t\t<div class=\"elementor-widget-wrap elementor-element-populated\">\n\t\t\t\t\t\t<div class=\"elementor-element elementor-element-a6d6572 elementor-widget elementor-widget-heading\" data-id=\"a6d6572\" data-element_type=\"widget\" data-widget_type=\"heading.default\">\n\t\t\t\t<div class=\"elementor-widget-container\">\n\t\t\t\t\t<h2 class=\"elementor-heading-title elementor-size-default\">Una Celebraci\u00f3n de la Diversidad Cultural<\/h2>\t\t\t\t<\/div>\n\t\t\t\t<\/div>\n\t\t\t\t<section class=\"elementor-section elementor-inner-section elementor-element elementor-element-ef2e93d elementor-section-boxed elementor-section-height-default elementor-section-height-default\" data-id=\"ef2e93d\" data-element_type=\"section\">\n\t\t\t\t\t\t<div class=\"elementor-container elementor-column-gap-default\">\n\t\t\t\t\t<div class=\"elementor-column elementor-col-100 elementor-inner-column elementor-element elementor-element-185512a\" data-id=\"185512a\" data-element_type=\"column\">\n\t\t\t<div class=\"elementor-widget-wrap elementor-element-populated\">\n\t\t\t\t\t\t<div class=\"elementor-element elementor-element-a5146aa elementor-widget elementor-widget-text-editor\" data-id=\"a5146aa\" data-element_type=\"widget\" data-widget_type=\"text-editor.default\">\n\t\t\t\t<div class=\"elementor-widget-container\">\n\t\t\t\t\t\t\t\t\t<p>\n            <span style=\"font-weight: 400;\">El lanzamiento de este servicio fue celebrado por varios dignatarios. El Embajador de Francia en Trinidad y Tobago, Su Excelencia Didier Chabert, y el Ministro de Turismo, Cultura y Artes de Trinidad y Tobago, el Honorable Senador Randall Mitchell. Su presencia subraya la importancia de este nuevo v\u00ednculo para la cooperaci\u00f3n regional y la promoci\u00f3n de la diversidad cultural.  <\/span>\n          <\/p>\n\t\t\t\t\t\t\t\t<\/div>\n\t\t\t\t<\/div>\n\t\t\t\t<div class=\"elementor-element elementor-element-e756aab elementor-widget elementor-widget-text-editor\" data-id=\"e756aab\" data-element_type=\"widget\" data-widget_type=\"text-editor.default\">\n\t\t\t\t<div class=\"elementor-widget-container\">\n\t\t\t\t\t\t\t\t\t<p>\n            <span style=\"font-weight: 400;\">Martinica es famosa por su rica historia, sus animados festivales y su ambiente acogedor. Los viajeros pueden participar en eventos locales, descubrir artesanos de talento y saborear especialidades culinarias que ilustran la fusi\u00f3n de influencias culturales. <\/span>\n          <\/p>\n\t\t\t\t\t\t\t\t<\/div>\n\t\t\t\t<\/div>\n\t\t\t\t\t<\/div>\n\t\t<\/div>\n\t\t\t\t\t<\/div>\n\t\t<\/section>\n\t\t\t\t\t<\/div>\n\t\t<\/div>\n\t\t\t\t\t<\/div>\n\t\t<\/section>\n\t\t\t\t<section class=\"elementor-section elementor-top-section elementor-element elementor-element-2cdc430 elementor-section-boxed elementor-section-height-default elementor-section-height-default\" data-id=\"2cdc430\" data-element_type=\"section\">\n\t\t\t\t\t\t<div class=\"elementor-container elementor-column-gap-default\">\n\t\t\t\t\t<div class=\"elementor-column elementor-col-100 elementor-top-column elementor-element elementor-element-a3b2b98\" data-id=\"a3b2b98\" data-element_type=\"column\">\n\t\t\t<div class=\"elementor-widget-wrap elementor-element-populated\">\n\t\t\t\t\t\t<div class=\"elementor-element elementor-element-23e7195 elementor-widget elementor-widget-heading\" data-id=\"23e7195\" data-element_type=\"widget\" data-widget_type=\"heading.default\">\n\t\t\t\t<div class=\"elementor-widget-container\">\n\t\t\t\t\t<h2 class=\"elementor-heading-title elementor-size-default\">Un futuro brillante para Caribbean Airlines\n<\/h2>\t\t\t\t<\/div>\n\t\t\t\t<\/div>\n\t\t\t\t<section class=\"elementor-section elementor-inner-section elementor-element elementor-element-8c5e381 elementor-section-boxed elementor-section-height-default elementor-section-height-default\" data-id=\"8c5e381\" data-element_type=\"section\">\n\t\t\t\t\t\t<div class=\"elementor-container elementor-column-gap-default\">\n\t\t\t\t\t<div class=\"elementor-column elementor-col-100 elementor-inner-column elementor-element elementor-element-f67462b\" data-id=\"f67462b\" data-element_type=\"column\">\n\t\t\t<div class=\"elementor-widget-wrap elementor-element-populated\">\n\t\t\t\t\t\t<div class=\"elementor-element elementor-element-87dac7f elementor-widget elementor-widget-text-editor\" data-id=\"87dac7f\" data-element_type=\"widget\" data-widget_type=\"text-editor.default\">\n\t\t\t\t<div class=\"elementor-widget-container\">\n\t\t\t\t\t\t\t\t\t<p><span style=\"font-weight: 400;\">Con la incorporaci\u00f3n de Martinica a su red, <\/span><b>Caribbean Airlines<\/b><span style=\"font-weight: 400;\"> marca una nueva era de conectividad regional. La aerol\u00ednea pretende crear v\u00ednculos s\u00f3lidos entre las islas del Caribe, facilitando no s\u00f3lo los viajes, sino tambi\u00e9n el intercambio de experiencias, culturas y oportunidades econ\u00f3micas. <\/span><\/p>\n\t\t\t\t\t\t\t\t<\/div>\n\t\t\t\t<\/div>\n\t\t\t\t<div class=\"elementor-element elementor-element-33e9de8 elementor-widget elementor-widget-text-editor\" data-id=\"33e9de8\" data-element_type=\"widget\" data-widget_type=\"text-editor.default\">\n\t\t\t\t<div class=\"elementor-widget-container\">\n\t\t\t\t\t\t\t\t\t<p>\n            <span style=\"font-weight: 400;\">El director general Garvin Medera concluy\u00f3: &#8220;Esperamos con inter\u00e9s los efectos positivos en cascada que crear\u00e1n estos vuelos, que permitir\u00e1n a nuestra gente experimentar la incre\u00edble diversidad de culturas de nuestras islas.&#8221;<\/span>\n          <\/p>\n<p><span style=\"font-weight: 400;\">Con esta nueva iniciativa <\/span><b>Caribbean Airlines<\/b><span style=\"font-weight: 400;\"> demuestra su compromiso con el desarrollo sostenible y la mejora de las relaciones entre las islas del Caribe, abriendo un futuro prometedor para los viajes y el turismo en la regi\u00f3n.<\/span><\/p>\n\t\t\t\t\t\t\t\t<\/div>\n\t\t\t\t<\/div>\n\t\t\t\t\t<\/div>\n\t\t<\/div>\n\t\t\t\t\t<\/div>\n\t\t<\/section>\n\t\t\t\t\t<\/div>\n\t\t<\/div>\n\t\t\t\t\t<\/div>\n\t\t<\/section>\n\t\t\t\t<\/div>\n\t\t","protected":false},"excerpt":{"rendered":"<p>3 de diciembre, Caribbean Airlines se enorgullece de haber lanzado vuelos directos a la isla francesa caribe\u00f1a de Martinica. Esta iniciativa marca un paso importante en la visi\u00f3n de la aerol\u00ednea de conectar el Caribe de forma fluida y sostenible. Caribbean Airlines se est\u00e1 posicionando como un actor clave en el desarrollo del turismo y [&hellip;]<\/p>\n","protected":false},"author":400,"featured_media":42232,"comment_status":"open","ping_status":"open","sticky":false,"template":"","format":"standard","meta":{"_acf_changed":false,"footnotes":""},"categories":[839],"tags":[1593,816,1519],"class_list":["post-42241","post","type-post","status-publish","format-standard","has-post-thumbnail","hentry","category-noticias","tag-barbade-es","tag-martinique-es","tag-trinidad-y-tobago"],"acf":[],"_links":{"self":[{"href":"https:\/\/richeskarayib.com\/es\/wp-json\/wp\/v2\/posts\/42241","targetHints":{"allow":["GET"]}}],"collection":[{"href":"https:\/\/richeskarayib.com\/es\/wp-json\/wp\/v2\/posts"}],"about":[{"href":"https:\/\/richeskarayib.com\/es\/wp-json\/wp\/v2\/types\/post"}],"author":[{"embeddable":true,"href":"https:\/\/richeskarayib.com\/es\/wp-json\/wp\/v2\/users\/400"}],"replies":[{"embeddable":true,"href":"https:\/\/richeskarayib.com\/es\/wp-json\/wp\/v2\/comments?post=42241"}],"version-history":[{"count":0,"href":"https:\/\/richeskarayib.com\/es\/wp-json\/wp\/v2\/posts\/42241\/revisions"}],"wp:featuredmedia":[{"embeddable":true,"href":"https:\/\/richeskarayib.com\/es\/wp-json\/wp\/v2\/media\/42232"}],"wp:attachment":[{"href":"https:\/\/richeskarayib.com\/es\/wp-json\/wp\/v2\/media?parent=42241"}],"wp:term":[{"taxonomy":"category","embeddable":true,"href":"https:\/\/richeskarayib.com\/es\/wp-json\/wp\/v2\/categories?post=42241"},{"taxonomy":"post_tag","embeddable":true,"href":"https:\/\/richeskarayib.com\/es\/wp-json\/wp\/v2\/tags?post=42241"}],"curies":[{"name":"wp","href":"https:\/\/api.w.org\/{rel}","templated":true}]}}