{"id":42247,"date":"2024-12-08T10:00:38","date_gmt":"2024-12-08T10:00:38","guid":{"rendered":"https:\/\/richeskarayib.com\/20o-festival-danses-metisses-de-guyane-un-acontecimiento-cultural-y-artistico\/"},"modified":"2024-12-08T16:26:34","modified_gmt":"2024-12-08T16:26:34","slug":"20o-festival-danses-metisses-de-guyane-un-acontecimiento-cultural-y-artistico","status":"publish","type":"post","link":"https:\/\/richeskarayib.com\/es\/20o-festival-danses-metisses-de-guyane-un-acontecimiento-cultural-y-artistico\/","title":{"rendered":"20\u00ba Festival Danses M\u00e9tisses de Guyane: Un acontecimiento cultural y art\u00edstico"},"content":{"rendered":"\t\t<div data-elementor-type=\"wp-post\" data-elementor-id=\"42247\" class=\"elementor elementor-42247 elementor-42077\" data-elementor-post-type=\"post\">\n\t\t\t\t\t\t<section class=\"elementor-section elementor-top-section elementor-element elementor-element-68883c7 elementor-section-boxed elementor-section-height-default elementor-section-height-default\" data-id=\"68883c7\" data-element_type=\"section\">\n\t\t\t\t\t\t<div class=\"elementor-container elementor-column-gap-default\">\n\t\t\t\t\t<div class=\"elementor-column elementor-col-100 elementor-top-column elementor-element elementor-element-95d8ddb\" data-id=\"95d8ddb\" data-element_type=\"column\">\n\t\t\t<div class=\"elementor-widget-wrap elementor-element-populated\">\n\t\t\t\t\t\t<section class=\"elementor-section elementor-inner-section elementor-element elementor-element-ec00658 elementor-section-boxed elementor-section-height-default elementor-section-height-default\" data-id=\"ec00658\" data-element_type=\"section\">\n\t\t\t\t\t\t<div class=\"elementor-container elementor-column-gap-default\">\n\t\t\t\t\t<div class=\"elementor-column elementor-col-100 elementor-inner-column elementor-element elementor-element-5f950b7\" data-id=\"5f950b7\" data-element_type=\"column\">\n\t\t\t<div class=\"elementor-widget-wrap elementor-element-populated\">\n\t\t\t\t\t\t<div class=\"elementor-element elementor-element-00dc3f5 elementor-widget elementor-widget-text-editor\" data-id=\"00dc3f5\" data-element_type=\"widget\" data-widget_type=\"text-editor.default\">\n\t\t\t\t<div class=\"elementor-widget-container\">\n\t\t\t\t\t\t\t\t\t<p><span style=\"font-weight: 400;\">En <\/span><a href=\"https:\/\/web.facebook.com\/Toukadansescdcguyane?ref=embed_post\" target=\"_blank\" rel=\"noopener nofollow\"><b>20\u00aa edici\u00f3n del Festival Danses M\u00e9tisses de Guyane <\/b><\/a>tuvo lugar del 21 de noviembre al 1\u1d49\u02b3 de diciembre de 2024. Este emblem\u00e1tico evento mostr\u00f3 la diversidad cultural y art\u00edstica que caracteriza a este territorio \u00fanico. Con un rico programa de espect\u00e1culos, actuaciones y talleres, el festival constituy\u00f3 una plataforma esencial para los artistas locales e internacionales.  <\/p>\n\t\t\t\t\t\t\t\t<\/div>\n\t\t\t\t<\/div>\n\t\t\t\t\t<\/div>\n\t\t<\/div>\n\t\t\t\t\t<\/div>\n\t\t<\/section>\n\t\t\t\t\t<\/div>\n\t\t<\/div>\n\t\t\t\t\t<\/div>\n\t\t<\/section>\n\t\t\t\t<section class=\"elementor-section elementor-top-section elementor-element elementor-element-b0ccd15 elementor-section-boxed elementor-section-height-default elementor-section-height-default\" data-id=\"b0ccd15\" data-element_type=\"section\">\n\t\t\t\t\t\t<div class=\"elementor-container elementor-column-gap-default\">\n\t\t\t\t\t<div class=\"elementor-column elementor-col-100 elementor-top-column elementor-element elementor-element-99dbec5\" data-id=\"99dbec5\" data-element_type=\"column\">\n\t\t\t<div class=\"elementor-widget-wrap elementor-element-populated\">\n\t\t\t\t\t\t<div class=\"elementor-element elementor-element-55a13a9 elementor-widget elementor-widget-heading\" data-id=\"55a13a9\" data-element_type=\"widget\" data-widget_type=\"heading.default\">\n\t\t\t\t<div class=\"elementor-widget-container\">\n\t\t\t\t\t<h2 class=\"elementor-heading-title elementor-size-default\">Una prometedora edici\u00f3n de aniversario<\/h2>\t\t\t\t<\/div>\n\t\t\t\t<\/div>\n\t\t\t\t<section class=\"elementor-section elementor-inner-section elementor-element elementor-element-23cdfd9 elementor-section-boxed elementor-section-height-default elementor-section-height-default\" data-id=\"23cdfd9\" data-element_type=\"section\">\n\t\t\t\t\t\t<div class=\"elementor-container elementor-column-gap-default\">\n\t\t\t\t\t<div class=\"elementor-column elementor-col-100 elementor-inner-column elementor-element elementor-element-50d8ace\" data-id=\"50d8ace\" data-element_type=\"column\">\n\t\t\t<div class=\"elementor-widget-wrap elementor-element-populated\">\n\t\t\t\t\t\t<div class=\"elementor-element elementor-element-4df4d99 elementor-widget elementor-widget-text-editor\" data-id=\"4df4d99\" data-element_type=\"widget\" data-widget_type=\"text-editor.default\">\n\t\t\t\t<div class=\"elementor-widget-container\">\n\t\t\t\t\t\t\t\t\t<p>\n            <span style=\"font-weight: 400;\">Este a\u00f1o, la <b>20\u00aa edici\u00f3n del Festival Danses M\u00e9<\/b> tisses marc\u00f3 un hito importante al alcanzar su 20\u00ba aniversario. Desde su creaci\u00f3n, el Festival Danses M\u00e9tisses se ha distinguido por su capacidad para reunir a artistas de distintos or\u00edgenes y promover multitud de estilos de danza. Los asistentes al festival han podido disfrutar de espect\u00e1culos de danza contempor\u00e1nea y hip-hop, as\u00ed como de batallas y conferencias, enriqueciendo su experiencia art\u00edstica.  <\/span>\n          <\/p>\n\t\t\t\t\t\t\t\t<\/div>\n\t\t\t\t<\/div>\n\t\t\t\t\t<\/div>\n\t\t<\/div>\n\t\t\t\t\t<\/div>\n\t\t<\/section>\n\t\t\t\t<section class=\"elementor-section elementor-inner-section elementor-element elementor-element-76711d4 elementor-section-boxed elementor-section-height-default elementor-section-height-default\" data-id=\"76711d4\" data-element_type=\"section\">\n\t\t\t\t\t\t<div class=\"elementor-container elementor-column-gap-default\">\n\t\t\t\t\t<div class=\"elementor-column elementor-col-100 elementor-inner-column elementor-element elementor-element-c77bbd1\" data-id=\"c77bbd1\" data-element_type=\"column\">\n\t\t\t<div class=\"elementor-widget-wrap elementor-element-populated\">\n\t\t\t\t\t\t<div class=\"elementor-element elementor-element-502897c elementor-widget elementor-widget-text-editor\" data-id=\"502897c\" data-element_type=\"widget\" data-widget_type=\"text-editor.default\">\n\t\t\t\t<div class=\"elementor-widget-container\">\n\t\t\t\t\t\t\t\t\t<p>La presencia de bailarines de renombre y artistas emergentes permiti\u00f3 que se ofrecieran diversas actuaciones, creando un espacio de intercambio y encuentro en torno a la danza. El festival fue un cruce de influencias culturales, reflejo de la riqueza multicultural de la Guayana Francesa y su entorno amaz\u00f3nico. <\/p>\n\t\t\t\t\t\t\t\t<\/div>\n\t\t\t\t<\/div>\n\t\t\t\t\t<\/div>\n\t\t<\/div>\n\t\t\t\t\t<\/div>\n\t\t<\/section>\n\t\t\t\t\t<\/div>\n\t\t<\/div>\n\t\t\t\t\t<\/div>\n\t\t<\/section>\n\t\t\t\t<section class=\"elementor-section elementor-top-section elementor-element elementor-element-1389640 elementor-section-boxed elementor-section-height-default elementor-section-height-default\" data-id=\"1389640\" data-element_type=\"section\">\n\t\t\t\t\t\t<div class=\"elementor-container elementor-column-gap-default\">\n\t\t\t\t\t<div class=\"elementor-column elementor-col-100 elementor-top-column elementor-element elementor-element-62f5301\" data-id=\"62f5301\" data-element_type=\"column\">\n\t\t\t<div class=\"elementor-widget-wrap elementor-element-populated\">\n\t\t\t\t\t\t<div class=\"elementor-element elementor-element-07fed6e elementor-widget elementor-widget-heading\" data-id=\"07fed6e\" data-element_type=\"widget\" data-widget_type=\"heading.default\">\n\t\t\t\t<div class=\"elementor-widget-container\">\n\t\t\t\t\t<h2 class=\"elementor-heading-title elementor-size-default\">Danza: un arte vivo en el punto de mira<\/h2>\t\t\t\t<\/div>\n\t\t\t\t<\/div>\n\t\t\t\t<div class=\"elementor-element elementor-element-5a71e13 elementor-widget elementor-widget-text-editor\" data-id=\"5a71e13\" data-element_type=\"widget\" data-widget_type=\"text-editor.default\">\n\t\t\t\t<div class=\"elementor-widget-container\">\n\t\t\t\t\t\t\t\t\t<p><span style=\"font-weight: 400;\">La danza en la Guayana Francesa era mucho m\u00e1s que un simple entretenimiento; era un medio de expresi\u00f3n para contar historias, compartir tradiciones y abordar cuestiones contempor\u00e1neas. Visita  <\/span><a href=\"https:\/\/www.outremers360.com\/bassin-atlantique-appli\/la-danse-dans-tous-ses-eclats-et-son-rayonnement-a-la-20eme-edition-du-festival-danses-metisses-de-guyane\" target=\"_blank\" rel=\"noopener nofollow\"><b>La 20\u00aa edici\u00f3n del Festival Danses M\u00e9tisses<\/b><\/a> puso de relieve esta diversidad, acogiendo a artistas de pa\u00edses como Brasil, Guadalupe, Martinica y La Reuni\u00f3n.<\/p>\n\t\t\t\t\t\t\t\t<\/div>\n\t\t\t\t<\/div>\n\t\t\t\t<section class=\"elementor-section elementor-inner-section elementor-element elementor-element-d60afcb elementor-section-boxed elementor-section-height-default elementor-section-height-default\" data-id=\"d60afcb\" data-element_type=\"section\">\n\t\t\t\t\t\t<div class=\"elementor-container elementor-column-gap-default\">\n\t\t\t\t\t<div class=\"elementor-column elementor-col-100 elementor-inner-column elementor-element elementor-element-2818b36\" data-id=\"2818b36\" data-element_type=\"column\">\n\t\t\t<div class=\"elementor-widget-wrap elementor-element-populated\">\n\t\t\t\t\t\t<div class=\"elementor-element elementor-element-cb38cea elementor-widget elementor-widget-text-editor\" data-id=\"cb38cea\" data-element_type=\"widget\" data-widget_type=\"text-editor.default\">\n\t\t\t\t<div class=\"elementor-widget-container\">\n\t\t\t\t\t\t\t\t\t<p>\n            <span style=\"font-weight: 400;\">La <b>20\u00aa edici\u00f3n del Festival Danses M\u00e9tisses<\/b> tambi\u00e9n estuvo marcada por la participaci\u00f3n de Dany Dann, bailar\u00edn guyan\u00e9s que recientemente gan\u00f3 una medalla de plata en los Juegos Ol\u00edmpicos de Par\u00eds 2024 en la disciplina de breakdance. Su presencia fue un poderoso s\u00edmbolo del potencial art\u00edstico de Guyana y del impacto que la danza puede tener en la escena internacional. <\/span>\n          <\/p>\n\t\t\t\t\t\t\t\t<\/div>\n\t\t\t\t<\/div>\n\t\t\t\t\t<\/div>\n\t\t<\/div>\n\t\t\t\t\t<\/div>\n\t\t<\/section>\n\t\t\t\t\t<\/div>\n\t\t<\/div>\n\t\t\t\t\t<\/div>\n\t\t<\/section>\n\t\t\t\t<section class=\"elementor-section elementor-top-section elementor-element elementor-element-a7a4b32 elementor-section-boxed elementor-section-height-default elementor-section-height-default\" data-id=\"a7a4b32\" data-element_type=\"section\">\n\t\t\t\t\t\t<div class=\"elementor-container elementor-column-gap-default\">\n\t\t\t\t\t<div class=\"elementor-column elementor-col-100 elementor-top-column elementor-element elementor-element-f79b573\" data-id=\"f79b573\" data-element_type=\"column\">\n\t\t\t<div class=\"elementor-widget-wrap elementor-element-populated\">\n\t\t\t\t\t\t<div class=\"elementor-element elementor-element-c00f5b2 elementor-widget elementor-widget-heading\" data-id=\"c00f5b2\" data-element_type=\"widget\" data-widget_type=\"heading.default\">\n\t\t\t\t<div class=\"elementor-widget-container\">\n\t\t\t\t\t<h2 class=\"elementor-heading-title elementor-size-default\">Un programa ecl\u00e9ctico y accesible<\/h2>\t\t\t\t<\/div>\n\t\t\t\t<\/div>\n\t\t\t\t<section class=\"elementor-section elementor-inner-section elementor-element elementor-element-cbfae60 elementor-section-boxed elementor-section-height-default elementor-section-height-default\" data-id=\"cbfae60\" data-element_type=\"section\">\n\t\t\t\t\t\t<div class=\"elementor-container elementor-column-gap-default\">\n\t\t\t\t\t<div class=\"elementor-column elementor-col-100 elementor-inner-column elementor-element elementor-element-ef4f05d\" data-id=\"ef4f05d\" data-element_type=\"column\">\n\t\t\t<div class=\"elementor-widget-wrap elementor-element-populated\">\n\t\t\t\t\t\t<div class=\"elementor-element elementor-element-3181f9e elementor-widget elementor-widget-text-editor\" data-id=\"3181f9e\" data-element_type=\"widget\" data-widget_type=\"text-editor.default\">\n\t\t\t\t<div class=\"elementor-widget-container\">\n\t\t\t\t\t\t\t\t\t<p><span style=\"font-weight: 400;\">Durante esta <\/span><b>20\u00aa edici\u00f3n del Festival Danses M\u00e9tisses<\/b><span style=\"font-weight: 400;\">l festival ofreci\u00f3 un programa variado, haciendo la danza accesible a todos. Hubo espect\u00e1culos de danza contempor\u00e1nea y hip-hop en varias ciudades de la Guayana Francesa, como Cayena, Matoury, Remire-Montjoly, Kourou, Saint-Laurent-du-Maroni y Maripasoula. <\/span><\/p>\n\t\t\t\t\t\t\t\t<\/div>\n\t\t\t\t<\/div>\n\t\t\t\t\t<\/div>\n\t\t<\/div>\n\t\t\t\t\t<\/div>\n\t\t<\/section>\n\t\t\t\t<section class=\"elementor-section elementor-inner-section elementor-element elementor-element-a24e32c elementor-section-boxed elementor-section-height-default elementor-section-height-default\" data-id=\"a24e32c\" data-element_type=\"section\">\n\t\t\t\t\t\t<div class=\"elementor-container elementor-column-gap-default\">\n\t\t\t\t\t<div class=\"elementor-column elementor-col-100 elementor-inner-column elementor-element elementor-element-31f95b2\" data-id=\"31f95b2\" data-element_type=\"column\">\n\t\t\t<div class=\"elementor-widget-wrap elementor-element-populated\">\n\t\t\t\t\t\t<div class=\"elementor-element elementor-element-0e46832 elementor-widget elementor-widget-text-editor\" data-id=\"0e46832\" data-element_type=\"widget\" data-widget_type=\"text-editor.default\">\n\t\t\t\t<div class=\"elementor-widget-container\">\n\t\t\t\t\t\t\t\t\t<p>\n            <span style=\"font-weight: 400;\">Adem\u00e1s de los espect\u00e1culos, la <b>20\u00aa edici\u00f3n del Festival Danses M\u00e9tisses<\/b> incluy\u00f3 conferencias y talleres, que permitieron a todo el mundo acercarse a la danza y conocer diferentes t\u00e9cnicas y estilos. Las veladas especiales organizadas en el EPCC des Trois Fleuves y en l&#8217;Encre de Cayena se han convertido en momentos estelares de esta edici\u00f3n, y prometen actuaciones memorables para los aficionados a la danza. <\/span>\n          <\/p>\n\t\t\t\t\t\t\t\t<\/div>\n\t\t\t\t<\/div>\n\t\t\t\t<section class=\"elementor-section elementor-inner-section elementor-element elementor-element-e7c26c8 elementor-section-boxed elementor-section-height-default elementor-section-height-default\" data-id=\"e7c26c8\" data-element_type=\"section\">\n\t\t\t\t\t\t<div class=\"elementor-container elementor-column-gap-default\">\n\t\t\t\t\t<div class=\"elementor-column elementor-col-100 elementor-inner-column elementor-element elementor-element-8d36c2a\" data-id=\"8d36c2a\" data-element_type=\"column\">\n\t\t\t<div class=\"elementor-widget-wrap elementor-element-populated\">\n\t\t\t\t\t\t<div class=\"elementor-element elementor-element-7fa22d7 elementor-widget elementor-widget-image\" data-id=\"7fa22d7\" data-element_type=\"widget\" data-widget_type=\"image.default\">\n\t\t\t\t<div class=\"elementor-widget-container\">\n\t\t\t\t\t\t\t\t\t\t\t\t<figure class=\"wp-caption\">\n\t\t\t\t\t\t\t\t\t\t<img fetchpriority=\"high\" decoding=\"async\" width=\"724\" height=\"1024\" src=\"https:\/\/richeskarayib.com\/wp-content\/uploads\/2024\/11\/465737683_1117861460339248_65517217634300141_n-1-724x1024.jpg\" class=\"attachment-large size-large wp-image-42085\" alt=\"20\u00e8me \u00e9dition du Festival Danses M\u00e9tisses\" srcset=\"https:\/\/richeskarayib.com\/wp-content\/uploads\/2024\/11\/465737683_1117861460339248_65517217634300141_n-1-724x1024.jpg 724w, https:\/\/richeskarayib.com\/wp-content\/uploads\/2024\/11\/465737683_1117861460339248_65517217634300141_n-1-212x300.jpg 212w, https:\/\/richeskarayib.com\/wp-content\/uploads\/2024\/11\/465737683_1117861460339248_65517217634300141_n-1-768x1086.jpg 768w, https:\/\/richeskarayib.com\/wp-content\/uploads\/2024\/11\/465737683_1117861460339248_65517217634300141_n-1-1086x1536.jpg 1086w, https:\/\/richeskarayib.com\/wp-content\/uploads\/2024\/11\/465737683_1117861460339248_65517217634300141_n-1-1320x1866.jpg 1320w, https:\/\/richeskarayib.com\/wp-content\/uploads\/2024\/11\/465737683_1117861460339248_65517217634300141_n-1.jpg 1358w\" sizes=\"(max-width: 724px) 100vw, 724px\" \/>\t\t\t\t\t\t\t\t\t\t\t<figcaption class=\"widget-image-caption wp-caption-text\">20\u00e8me \u00e9dition du Festival Danses M\u00e9tisses\n\nSource : <\/figcaption>\n\t\t\t\t\t\t\t\t\t\t<\/figure>\n\t\t\t\t\t\t\t\t\t<\/div>\n\t\t\t\t<\/div>\n\t\t\t\t\t<\/div>\n\t\t<\/div>\n\t\t\t\t\t<\/div>\n\t\t<\/section>\n\t\t\t\t\t<\/div>\n\t\t<\/div>\n\t\t\t\t\t<\/div>\n\t\t<\/section>\n\t\t\t\t\t<\/div>\n\t\t<\/div>\n\t\t\t\t\t<\/div>\n\t\t<\/section>\n\t\t\t\t<section class=\"elementor-section elementor-top-section elementor-element elementor-element-a95c33f elementor-section-boxed elementor-section-height-default elementor-section-height-default\" data-id=\"a95c33f\" data-element_type=\"section\">\n\t\t\t\t\t\t<div class=\"elementor-container elementor-column-gap-default\">\n\t\t\t\t\t<div class=\"elementor-column elementor-col-100 elementor-top-column elementor-element elementor-element-d2ff6a2\" data-id=\"d2ff6a2\" data-element_type=\"column\">\n\t\t\t<div class=\"elementor-widget-wrap elementor-element-populated\">\n\t\t\t\t\t\t<div class=\"elementor-element elementor-element-8de7f5e elementor-widget elementor-widget-heading\" data-id=\"8de7f5e\" data-element_type=\"widget\" data-widget_type=\"heading.default\">\n\t\t\t\t<div class=\"elementor-widget-container\">\n\t\t\t\t\t<h2 class=\"elementor-heading-title elementor-size-default\">Un impacto duradero en la cultura guyanesa<\/h2>\t\t\t\t<\/div>\n\t\t\t\t<\/div>\n\t\t\t\t<section class=\"elementor-section elementor-inner-section elementor-element elementor-element-72ef417 elementor-section-boxed elementor-section-height-default elementor-section-height-default\" data-id=\"72ef417\" data-element_type=\"section\">\n\t\t\t\t\t\t<div class=\"elementor-container elementor-column-gap-default\">\n\t\t\t\t\t<div class=\"elementor-column elementor-col-100 elementor-inner-column elementor-element elementor-element-4320b47\" data-id=\"4320b47\" data-element_type=\"column\">\n\t\t\t<div class=\"elementor-widget-wrap elementor-element-populated\">\n\t\t\t\t\t\t<div class=\"elementor-element elementor-element-a37caff elementor-widget elementor-widget-text-editor\" data-id=\"a37caff\" data-element_type=\"widget\" data-widget_type=\"text-editor.default\">\n\t\t\t\t<div class=\"elementor-widget-container\">\n\t\t\t\t\t\t\t\t\t<p><span style=\"font-weight: 400;\">El Festival Danses M\u00e9tisses de Guayana Francesa ha contribuido activamente a la promoci\u00f3n de la cultura local y a la profesionalizaci\u00f3n de los artistas. Gracias a iniciativas como  <\/span><b>Touka Danses<\/b><span style=\"font-weight: 400;\">Los bailarines han tenido la oportunidad de formarse y compararse con otros artistas de la escena internacional.<\/span><\/p>\n\t\t\t\t\t\t\t\t<\/div>\n\t\t\t\t<\/div>\n\t\t\t\t\t<\/div>\n\t\t<\/div>\n\t\t\t\t\t<\/div>\n\t\t<\/section>\n\t\t\t\t<section class=\"elementor-section elementor-inner-section elementor-element elementor-element-82e08b2 elementor-section-boxed elementor-section-height-default elementor-section-height-default\" data-id=\"82e08b2\" data-element_type=\"section\">\n\t\t\t\t\t\t<div class=\"elementor-container elementor-column-gap-default\">\n\t\t\t\t\t<div class=\"elementor-column elementor-col-100 elementor-inner-column elementor-element elementor-element-f0392f8\" data-id=\"f0392f8\" data-element_type=\"column\">\n\t\t\t<div class=\"elementor-widget-wrap elementor-element-populated\">\n\t\t\t\t\t\t<div class=\"elementor-element elementor-element-e6c3952 elementor-widget elementor-widget-text-editor\" data-id=\"e6c3952\" data-element_type=\"widget\" data-widget_type=\"text-editor.default\">\n\t\t\t\t<div class=\"elementor-widget-container\">\n\t\t\t\t\t\t\t\t\t<p>Este apoyo a la creaci\u00f3n y a la aparici\u00f3n de nuevos talentos ha elevado el perfil de la danza guyanesa tanto a nivel nacional como internacional. Al reunir a artistas de distintos or\u00edgenes, el festival ha fomentado el di\u00e1logo intercultural y la cooperaci\u00f3n entre comunidades. <\/p>\n\t\t\t\t\t\t\t\t<\/div>\n\t\t\t\t<\/div>\n\t\t\t\t\t<\/div>\n\t\t<\/div>\n\t\t\t\t\t<\/div>\n\t\t<\/section>\n\t\t\t\t\t<\/div>\n\t\t<\/div>\n\t\t\t\t\t<\/div>\n\t\t<\/section>\n\t\t\t\t<section class=\"elementor-section elementor-top-section elementor-element elementor-element-3adc781 elementor-section-boxed elementor-section-height-default elementor-section-height-default\" data-id=\"3adc781\" data-element_type=\"section\">\n\t\t\t\t\t\t<div class=\"elementor-container elementor-column-gap-default\">\n\t\t\t\t\t<div class=\"elementor-column elementor-col-100 elementor-top-column elementor-element elementor-element-4a34e27\" data-id=\"4a34e27\" data-element_type=\"column\">\n\t\t\t<div class=\"elementor-widget-wrap elementor-element-populated\">\n\t\t\t\t\t\t<div class=\"elementor-element elementor-element-a38b33a elementor-widget elementor-widget-heading\" data-id=\"a38b33a\" data-element_type=\"widget\" data-widget_type=\"heading.default\">\n\t\t\t\t<div class=\"elementor-widget-container\">\n\t\t\t\t\t<h2 class=\"elementor-heading-title elementor-size-default\">Invitaci\u00f3n a participar<\/h2>\t\t\t\t<\/div>\n\t\t\t\t<\/div>\n\t\t\t\t<div class=\"elementor-element elementor-element-ae2f00b elementor-widget elementor-widget-text-editor\" data-id=\"ae2f00b\" data-element_type=\"widget\" data-widget_type=\"text-editor.default\">\n\t\t\t\t<div class=\"elementor-widget-container\">\n\t\t\t\t\t\t\t\t\t<p><span style=\"font-weight: 400;\">En <\/span><b>20\u00aa edici\u00f3n del Festival Danses M\u00e9tisses de Guyane<\/b><span style=\"font-weight: 400;\">que finaliz\u00f3 el 1 de diciembre, brind\u00f3 una oportunidad \u00fanica de apreciar el rico mundo de la danza. El evento mostr\u00f3 la creatividad, diversidad y energ\u00eda de artistas guyaneses e internacionales, animando al p\u00fablico a participar en esta experiencia colectiva. <\/span><\/p>\n\t\t\t\t\t\t\t\t<\/div>\n\t\t\t\t<\/div>\n\t\t\t\t\t<\/div>\n\t\t<\/div>\n\t\t\t\t\t<\/div>\n\t\t<\/section>\n\t\t\t\t<\/div>\n\t\t","protected":false},"excerpt":{"rendered":"<p>En 20\u00aa edici\u00f3n del Festival Danses M\u00e9tisses de Guyane tuvo lugar del 21 de noviembre al 1\u1d49\u02b3 de diciembre de 2024. Este emblem\u00e1tico evento mostr\u00f3 la diversidad cultural y art\u00edstica que caracteriza a este territorio \u00fanico. Con un rico programa de espect\u00e1culos, actuaciones y talleres, el festival constituy\u00f3 una plataforma esencial para los artistas locales [&hellip;]<\/p>\n","protected":false},"author":400,"featured_media":42081,"comment_status":"open","ping_status":"open","sticky":false,"template":"","format":"standard","meta":{"_acf_changed":false,"footnotes":""},"categories":[1496],"tags":[1549],"class_list":["post-42247","post","type-post","status-publish","format-standard","has-post-thumbnail","hentry","category-bailar","tag-guayana-francesa"],"acf":[],"_links":{"self":[{"href":"https:\/\/richeskarayib.com\/es\/wp-json\/wp\/v2\/posts\/42247","targetHints":{"allow":["GET"]}}],"collection":[{"href":"https:\/\/richeskarayib.com\/es\/wp-json\/wp\/v2\/posts"}],"about":[{"href":"https:\/\/richeskarayib.com\/es\/wp-json\/wp\/v2\/types\/post"}],"author":[{"embeddable":true,"href":"https:\/\/richeskarayib.com\/es\/wp-json\/wp\/v2\/users\/400"}],"replies":[{"embeddable":true,"href":"https:\/\/richeskarayib.com\/es\/wp-json\/wp\/v2\/comments?post=42247"}],"version-history":[{"count":0,"href":"https:\/\/richeskarayib.com\/es\/wp-json\/wp\/v2\/posts\/42247\/revisions"}],"wp:featuredmedia":[{"embeddable":true,"href":"https:\/\/richeskarayib.com\/es\/wp-json\/wp\/v2\/media\/42081"}],"wp:attachment":[{"href":"https:\/\/richeskarayib.com\/es\/wp-json\/wp\/v2\/media?parent=42247"}],"wp:term":[{"taxonomy":"category","embeddable":true,"href":"https:\/\/richeskarayib.com\/es\/wp-json\/wp\/v2\/categories?post=42247"},{"taxonomy":"post_tag","embeddable":true,"href":"https:\/\/richeskarayib.com\/es\/wp-json\/wp\/v2\/tags?post=42247"}],"curies":[{"name":"wp","href":"https:\/\/api.w.org\/{rel}","templated":true}]}}