{"id":42378,"date":"2024-12-11T11:35:56","date_gmt":"2024-12-11T11:35:56","guid":{"rendered":"https:\/\/richeskarayib.com\/corsair-y-air-inter-iles-deslumbrante-viaje-a-san-bartolome\/"},"modified":"2024-12-12T13:34:48","modified_gmt":"2024-12-12T13:34:48","slug":"corsair-y-air-inter-iles-deslumbrante-viaje-a-san-bartolome","status":"publish","type":"post","link":"https:\/\/richeskarayib.com\/es\/corsair-y-air-inter-iles-deslumbrante-viaje-a-san-bartolome\/","title":{"rendered":"Corsair y Air Inter Iles: Deslumbrante viaje a San Bartolom\u00e9"},"content":{"rendered":"\t\t<div data-elementor-type=\"wp-post\" data-elementor-id=\"42378\" class=\"elementor elementor-42378 elementor-42365\" data-elementor-post-type=\"post\">\n\t\t\t\t\t\t<section class=\"elementor-section elementor-top-section elementor-element elementor-element-b0ccd15 elementor-section-boxed elementor-section-height-default elementor-section-height-default\" data-id=\"b0ccd15\" data-element_type=\"section\">\n\t\t\t\t\t\t<div class=\"elementor-container elementor-column-gap-default\">\n\t\t\t\t\t<div class=\"elementor-column elementor-col-100 elementor-top-column elementor-element elementor-element-99dbec5\" data-id=\"99dbec5\" data-element_type=\"column\">\n\t\t\t<div class=\"elementor-widget-wrap elementor-element-populated\">\n\t\t\t\t\t\t<section class=\"elementor-section elementor-inner-section elementor-element elementor-element-23cdfd9 elementor-section-boxed elementor-section-height-default elementor-section-height-default\" data-id=\"23cdfd9\" data-element_type=\"section\">\n\t\t\t\t\t\t<div class=\"elementor-container elementor-column-gap-default\">\n\t\t\t\t\t<div class=\"elementor-column elementor-col-100 elementor-inner-column elementor-element elementor-element-50d8ace\" data-id=\"50d8ace\" data-element_type=\"column\">\n\t\t\t<div class=\"elementor-widget-wrap elementor-element-populated\">\n\t\t\t\t\t\t<div class=\"elementor-element elementor-element-4df4d99 elementor-widget elementor-widget-text-editor\" data-id=\"4df4d99\" data-element_type=\"widget\" data-widget_type=\"text-editor.default\">\n\t\t\t\t<div class=\"elementor-widget-container\">\n\t\t\t\t\t\t\t\t\t<p><span style=\"font-weight: 400;\">El 9 de diciembre de 2024, la compa\u00f1\u00eda a\u00e9rea <\/span><a href=\"https:\/\/www.air-journal.fr\/2024-12-10-corsair-etend-son-reseau-sur-saint-barthelemy-5259677.html\" target=\"_blank\" rel=\"noopener nofollow\"><b>Corsair y Air Inter Iles<\/b><\/a><span style=\"font-weight: 400;\"> anunciaron una asociaci\u00f3n estrat\u00e9gica, que supone un gran paso adelante en el acceso a <\/span><b>San Bartolom\u00e9<\/b><span style=\"font-weight: 400;\"> desde Par\u00eds. A partir del 15 de diciembre de 2024, los viajeros tendr\u00e1n la oportunidad de beneficiarse de una conexi\u00f3n simplificada, disfrutando al mismo tiempo de un servicio de alta gama y de una tarifa preferente. Este art\u00edculo explora los detalles de esta colaboraci\u00f3n entre   <\/span><b>Corsair y Air Inter Iles<\/b><span style=\"font-weight: 400;\">y su impacto en los viajes a este popular destino, as\u00ed como las ventajas que ofrece a los pasajeros.<\/span><\/p>\n\t\t\t\t\t\t\t\t<\/div>\n\t\t\t\t<\/div>\n\t\t\t\t\t<\/div>\n\t\t<\/div>\n\t\t\t\t\t<\/div>\n\t\t<\/section>\n\t\t\t\t\t<\/div>\n\t\t<\/div>\n\t\t\t\t\t<\/div>\n\t\t<\/section>\n\t\t\t\t<section class=\"elementor-section elementor-top-section elementor-element elementor-element-1389640 elementor-section-boxed elementor-section-height-default elementor-section-height-default\" data-id=\"1389640\" data-element_type=\"section\">\n\t\t\t\t\t\t<div class=\"elementor-container elementor-column-gap-default\">\n\t\t\t\t\t<div class=\"elementor-column elementor-col-100 elementor-top-column elementor-element elementor-element-62f5301\" data-id=\"62f5301\" data-element_type=\"column\">\n\t\t\t<div class=\"elementor-widget-wrap elementor-element-populated\">\n\t\t\t\t\t\t<div class=\"elementor-element elementor-element-07fed6e elementor-widget elementor-widget-heading\" data-id=\"07fed6e\" data-element_type=\"widget\" data-widget_type=\"heading.default\">\n\t\t\t\t<div class=\"elementor-widget-container\">\n\t\t\t\t\t<h2 class=\"elementor-heading-title elementor-size-default\">Una asociaci\u00f3n estrat\u00e9gica con Corsair y Air Inter Iles<\/h2>\t\t\t\t<\/div>\n\t\t\t\t<\/div>\n\t\t\t\t<div class=\"elementor-element elementor-element-5a71e13 elementor-widget elementor-widget-text-editor\" data-id=\"5a71e13\" data-element_type=\"widget\" data-widget_type=\"text-editor.default\">\n\t\t\t\t<div class=\"elementor-widget-container\">\n\t\t\t\t\t\t\t\t\t<p><span style=\"font-weight: 400;\">El acuerdo firmado entre <\/span><b><a href=\"https:\/\/www.flycorsair.com\/fr\/destinations\/antilles\/envolez-vous-pour-lile-saint-barthelemy\" target=\"_blank\" rel=\"noopener nofollow\">Corsair y Air Inter Ile<\/a><a href=\"https:\/\/www.flycorsair.com\/fr\/destinations\/antilles\/envolez-vous-pour-lile-saint-barthelemy\" target=\"_blank\" rel=\"noopener nofollow\">s<\/a><\/b><span style=\"font-weight: 400;\"> se inscribe en una voluntad compartida de mejorar la conectividad entre Francia y la isla de <\/span><a href=\"https:\/\/richeskarayib.com\/es\/definir-el-caribe\/\" target=\"_blank\" rel=\"noopener\"><b>San Bartolom\u00e9<\/b><\/a><span style=\"font-weight: 400;\">La isla de Vizcaya es un destino maravilloso que atrae a miles de turistas cada a\u00f1o. En particular, la temporada festiva es una \u00e9poca de gran actividad para los viajeros que buscan formas c\u00f3modas y confortables de llegar a esta popular isla. <\/span><\/p>\n\t\t\t\t\t\t\t\t<\/div>\n\t\t\t\t<\/div>\n\t\t\t\t\t<\/div>\n\t\t<\/div>\n\t\t\t\t\t<\/div>\n\t\t<\/section>\n\t\t\t\t<section class=\"elementor-section elementor-top-section elementor-element elementor-element-a7a4b32 elementor-section-boxed elementor-section-height-default elementor-section-height-default\" data-id=\"a7a4b32\" data-element_type=\"section\">\n\t\t\t\t\t\t<div class=\"elementor-container elementor-column-gap-default\">\n\t\t\t\t\t<div class=\"elementor-column elementor-col-100 elementor-top-column elementor-element elementor-element-f79b573\" data-id=\"f79b573\" data-element_type=\"column\">\n\t\t\t<div class=\"elementor-widget-wrap elementor-element-populated\">\n\t\t\t\t\t\t<div class=\"elementor-element elementor-element-c00f5b2 elementor-widget elementor-widget-heading\" data-id=\"c00f5b2\" data-element_type=\"widget\" data-widget_type=\"heading.default\">\n\t\t\t\t<div class=\"elementor-widget-container\">\n\t\t\t\t\t<h2 class=\"elementor-heading-title elementor-size-default\">Una conexi\u00f3n simplificada con Corsair y Air Inter Iles\n<\/h2>\t\t\t\t<\/div>\n\t\t\t\t<\/div>\n\t\t\t\t<section class=\"elementor-section elementor-inner-section elementor-element elementor-element-cbfae60 elementor-section-boxed elementor-section-height-default elementor-section-height-default\" data-id=\"cbfae60\" data-element_type=\"section\">\n\t\t\t\t\t\t<div class=\"elementor-container elementor-column-gap-default\">\n\t\t\t\t\t<div class=\"elementor-column elementor-col-100 elementor-inner-column elementor-element elementor-element-ef4f05d\" data-id=\"ef4f05d\" data-element_type=\"column\">\n\t\t\t<div class=\"elementor-widget-wrap elementor-element-populated\">\n\t\t\t\t\t\t<div class=\"elementor-element elementor-element-3181f9e elementor-widget elementor-widget-text-editor\" data-id=\"3181f9e\" data-element_type=\"widget\" data-widget_type=\"text-editor.default\">\n\t\t\t\t<div class=\"elementor-widget-container\">\n\t\t\t\t\t\t\t\t\t<p><span style=\"font-weight: 400;\">A partir del 15 de diciembre de 2024, los pasajeros que salgan de Par\u00eds-Orly podr\u00e1n hacer su primer tramo del viaje a bordo de un <\/span><b>Corsair<\/b><span style=\"font-weight: 400;\">a Pointe-\u00e0-Pitre. Una vez en Pointe-\u00e0-Pitre, recibir\u00e1n un traslado r\u00e1pido y personalizado a  <\/span><a href=\"https:\/\/richeskarayib.com\/es\/informe-especial-parte-4-2020-2023-los-tesoros-culturales-del-caribe-patrimonio-inmaterial-reconocido-por-la-unesco\/\" target=\"_blank\" rel=\"noopener\"><b>San Bartolom\u00e9<\/b><\/a><span style=\"font-weight: 400;\">a bordo de un avi\u00f3n Tecnam P2012 operado por<\/span><b>Air Inter Iles<\/b><span style=\"font-weight: 400;\">. <\/span> <\/p>\n\t\t\t\t\t\t\t\t<\/div>\n\t\t\t\t<\/div>\n\t\t\t\t\t<\/div>\n\t\t<\/div>\n\t\t\t\t\t<\/div>\n\t\t<\/section>\n\t\t\t\t<section class=\"elementor-section elementor-inner-section elementor-element elementor-element-a24e32c elementor-section-boxed elementor-section-height-default elementor-section-height-default\" data-id=\"a24e32c\" data-element_type=\"section\">\n\t\t\t\t\t\t<div class=\"elementor-container elementor-column-gap-default\">\n\t\t\t\t\t<div class=\"elementor-column elementor-col-100 elementor-inner-column elementor-element elementor-element-31f95b2\" data-id=\"31f95b2\" data-element_type=\"column\">\n\t\t\t<div class=\"elementor-widget-wrap elementor-element-populated\">\n\t\t\t\t\t\t<div class=\"elementor-element elementor-element-0e46832 elementor-widget elementor-widget-text-editor\" data-id=\"0e46832\" data-element_type=\"widget\" data-widget_type=\"text-editor.default\">\n\t\t\t\t<div class=\"elementor-widget-container\">\n\t\t\t\t\t\t\t\t\t<p>\n            <span style=\"font-weight: 400;\">Este modelo de avi\u00f3n fue elegido por <b>Corsair y Air Inter Iles <\/b>por sus niveles de confort y seguridad, reforzando el compromiso de ambas compa\u00f1\u00edas a\u00e9reas con una experiencia de viaje de calidad.<\/span>\n          <\/p>\n<p>\n            <span style=\"font-weight: 400;\">Este enfoque integrado pretende ofrecer a los pasajeros una fluidez sin igual. Los tiempos de conexi\u00f3n se han establecido cuidadosamente para garantizar que los pasajeros tengan tiempo suficiente para hacer su transbordo, minimizando al mismo tiempo los tiempos de espera.  <\/span>\n          <\/p>\n\t\t\t\t\t\t\t\t<\/div>\n\t\t\t\t<\/div>\n\t\t\t\t<div class=\"elementor-element elementor-element-f673228 elementor-widget elementor-widget-text-editor\" data-id=\"f673228\" data-element_type=\"widget\" data-widget_type=\"text-editor.default\">\n\t\t\t\t<div class=\"elementor-widget-container\">\n\t\t\t\t\t\t\t\t\t<p>\n            <span style=\"font-weight: 400;\">As\u00ed, los pasajeros podr\u00e1n concentrarse en su viaje, sin tener que preocuparse de los problemas log\u00edsticos. Tambi\u00e9n se simplificar\u00e1 la gesti\u00f3n del equipaje, lo que permitir\u00e1 a los pasajeros viajar sin la preocupaci\u00f3n de tener que recoger su equipaje en Pointe-\u00e0-Pitre. <\/span>\n          <\/p>\n\t\t\t\t\t\t\t\t<\/div>\n\t\t\t\t<\/div>\n\t\t\t\t\t<\/div>\n\t\t<\/div>\n\t\t\t\t\t<\/div>\n\t\t<\/section>\n\t\t\t\t\t<\/div>\n\t\t<\/div>\n\t\t\t\t\t<\/div>\n\t\t<\/section>\n\t\t\t\t<section class=\"elementor-section elementor-top-section elementor-element elementor-element-a95c33f elementor-section-boxed elementor-section-height-default elementor-section-height-default\" data-id=\"a95c33f\" data-element_type=\"section\">\n\t\t\t\t\t\t<div class=\"elementor-container elementor-column-gap-default\">\n\t\t\t\t\t<div class=\"elementor-column elementor-col-100 elementor-top-column elementor-element elementor-element-d2ff6a2\" data-id=\"d2ff6a2\" data-element_type=\"column\">\n\t\t\t<div class=\"elementor-widget-wrap elementor-element-populated\">\n\t\t\t\t\t\t<div class=\"elementor-element elementor-element-8de7f5e elementor-widget elementor-widget-heading\" data-id=\"8de7f5e\" data-element_type=\"widget\" data-widget_type=\"heading.default\">\n\t\t\t\t<div class=\"elementor-widget-container\">\n\t\t\t\t\t<h2 class=\"elementor-heading-title elementor-size-default\">Servicio de alta gama<\/h2>\t\t\t\t<\/div>\n\t\t\t\t<\/div>\n\t\t\t\t<section class=\"elementor-section elementor-inner-section elementor-element elementor-element-72ef417 elementor-section-boxed elementor-section-height-default elementor-section-height-default\" data-id=\"72ef417\" data-element_type=\"section\">\n\t\t\t\t\t\t<div class=\"elementor-container elementor-column-gap-default\">\n\t\t\t\t\t<div class=\"elementor-column elementor-col-100 elementor-inner-column elementor-element elementor-element-4320b47\" data-id=\"4320b47\" data-element_type=\"column\">\n\t\t\t<div class=\"elementor-widget-wrap elementor-element-populated\">\n\t\t\t\t\t\t<div class=\"elementor-element elementor-element-a37caff elementor-widget elementor-widget-text-editor\" data-id=\"a37caff\" data-element_type=\"widget\" data-widget_type=\"text-editor.default\">\n\t\t\t\t<div class=\"elementor-widget-container\">\n\t\t\t\t\t\t\t\t\t<p><span style=\"font-weight: 400;\">Esta asociaci\u00f3n entre <\/span><a href=\"https:\/\/www.journaldesaintbarth.com\/actualites\/economie-entreprise\/un-partenariat-entre-la-compagnie-corsair-et-air-inter-iles-de-stbarth-executive-202412091930.html\" target=\"_blank\" rel=\"noopener nofollow\"><b>Corsair y Air Inter Iles<\/b><\/a><span style=\"font-weight: 400;\"> es m\u00e1s que una simple conexi\u00f3n entre dos destinos; forma parte de un compromiso m\u00e1s amplio de las aerol\u00edneas para ofrecer una experiencia de viaje de primera calidad. <\/span><b>Corsair<\/b><span style=\"font-weight: 400;\">La flota de Corsair, que se renovar\u00e1 completamente a finales de 2024, constar\u00e1 de 9 modernos aviones A330neo. <\/span> <\/p>\n\t\t\t\t\t\t\t\t<\/div>\n\t\t\t\t<\/div>\n\t\t\t\t\t<\/div>\n\t\t<\/div>\n\t\t\t\t\t<\/div>\n\t\t<\/section>\n\t\t\t\t<section class=\"elementor-section elementor-inner-section elementor-element elementor-element-82e08b2 elementor-section-boxed elementor-section-height-default elementor-section-height-default\" data-id=\"82e08b2\" data-element_type=\"section\">\n\t\t\t\t\t\t<div class=\"elementor-container elementor-column-gap-default\">\n\t\t\t\t\t<div class=\"elementor-column elementor-col-100 elementor-inner-column elementor-element elementor-element-f0392f8\" data-id=\"f0392f8\" data-element_type=\"column\">\n\t\t\t<div class=\"elementor-widget-wrap elementor-element-populated\">\n\t\t\t\t\t\t<div class=\"elementor-element elementor-element-e6c3952 elementor-widget elementor-widget-text-editor\" data-id=\"e6c3952\" data-element_type=\"widget\" data-widget_type=\"text-editor.default\">\n\t\t\t\t<div class=\"elementor-widget-container\">\n\t\t\t\t\t\t\t\t\t\n          <p>\n            <span style=\"font-weight: 400;\">Estos aviones, con una edad media de dos a\u00f1os, est\u00e1n dise\u00f1ados para ofrecer una mayor comodidad, con asientos ergon\u00f3micos, un sistema de entretenimiento a bordo y un servicio atento, que garantiza que cada pasajero disfrute de su viaje.<\/span>\n          <\/p>\n          \n\n          <p><span style=\"font-weight: 400;\">En el<\/span><b>Air Inter Iles<\/b><span style=\"font-weight: 400;\">est\u00e1 compuesta por nuevos aviones Tecnam P2012, que cumplen las \u00faltimas normas de confort y seguridad.<\/span><\/p>\n        \t\t\t\t\t\t\t\t<\/div>\n\t\t\t\t<\/div>\n\t\t\t\t<div class=\"elementor-element elementor-element-35140b0 elementor-widget elementor-widget-text-editor\" data-id=\"35140b0\" data-element_type=\"widget\" data-widget_type=\"text-editor.default\">\n\t\t\t\t<div class=\"elementor-widget-container\">\n\t\t\t\t\t\t\t\t\t<p>\n            <span style=\"font-weight: 400;\"> Estos aviones ligeros son ideales para distancias cortas, ofreciendo una experiencia de vuelo agradable. Este servicio de lanzadera ha sido dise\u00f1ado para ofrecer una experiencia suave y agradable, permitiendo a los pasajeros pasar el menor tiempo posible en tr\u00e1nsito. <\/span>\n          <\/p>\n\t\t\t\t\t\t\t\t<\/div>\n\t\t\t\t<\/div>\n\t\t\t\t<section class=\"elementor-section elementor-inner-section elementor-element elementor-element-3a3bc51 elementor-section-boxed elementor-section-height-default elementor-section-height-default\" data-id=\"3a3bc51\" data-element_type=\"section\">\n\t\t\t\t\t\t<div class=\"elementor-container elementor-column-gap-default\">\n\t\t\t\t\t<div class=\"elementor-column elementor-col-100 elementor-inner-column elementor-element elementor-element-d2c5167\" data-id=\"d2c5167\" data-element_type=\"column\">\n\t\t\t<div class=\"elementor-widget-wrap elementor-element-populated\">\n\t\t\t\t\t\t<div class=\"elementor-element elementor-element-60c5eb8 elementor-widget elementor-widget-image\" data-id=\"60c5eb8\" data-element_type=\"widget\" data-widget_type=\"image.default\">\n\t\t\t\t<div class=\"elementor-widget-container\">\n\t\t\t\t\t\t\t\t\t\t\t\t<figure class=\"wp-caption\">\n\t\t\t\t\t\t\t\t\t\t<img fetchpriority=\"high\" decoding=\"async\" width=\"655\" height=\"436\" src=\"https:\/\/richeskarayib.com\/wp-content\/uploads\/2024\/12\/Source-Le-Journal-de-Saint-Barth-1.jpg\" class=\"attachment-large size-large wp-image-42373\" alt=\"Corsair et Air Inter Iles\" srcset=\"https:\/\/richeskarayib.com\/wp-content\/uploads\/2024\/12\/Source-Le-Journal-de-Saint-Barth-1.jpg 655w, https:\/\/richeskarayib.com\/wp-content\/uploads\/2024\/12\/Source-Le-Journal-de-Saint-Barth-1-300x200.jpg 300w\" sizes=\"(max-width: 655px) 100vw, 655px\" \/>\t\t\t\t\t\t\t\t\t\t\t<figcaption class=\"widget-image-caption wp-caption-text\">Corsair et Air Inter Iles\n\n<\/figcaption>\n\t\t\t\t\t\t\t\t\t\t<\/figure>\n\t\t\t\t\t\t\t\t\t<\/div>\n\t\t\t\t<\/div>\n\t\t\t\t\t<\/div>\n\t\t<\/div>\n\t\t\t\t\t<\/div>\n\t\t<\/section>\n\t\t\t\t\t<\/div>\n\t\t<\/div>\n\t\t\t\t\t<\/div>\n\t\t<\/section>\n\t\t\t\t\t<\/div>\n\t\t<\/div>\n\t\t\t\t\t<\/div>\n\t\t<\/section>\n\t\t\t\t<section class=\"elementor-section elementor-top-section elementor-element elementor-element-caeb838 elementor-section-boxed elementor-section-height-default elementor-section-height-default\" data-id=\"caeb838\" data-element_type=\"section\">\n\t\t\t\t\t\t<div class=\"elementor-container elementor-column-gap-default\">\n\t\t\t\t\t<div class=\"elementor-column elementor-col-100 elementor-top-column elementor-element elementor-element-3c1d298\" data-id=\"3c1d298\" data-element_type=\"column\">\n\t\t\t<div class=\"elementor-widget-wrap elementor-element-populated\">\n\t\t\t\t\t\t<div class=\"elementor-element elementor-element-d63a844 elementor-widget elementor-widget-heading\" data-id=\"d63a844\" data-element_type=\"widget\" data-widget_type=\"heading.default\">\n\t\t\t\t<div class=\"elementor-widget-container\">\n\t\t\t\t\t<h2 class=\"elementor-heading-title elementor-size-default\">Atenci\u00f3n especial a los detalles<\/h2>\t\t\t\t<\/div>\n\t\t\t\t<\/div>\n\t\t\t\t<section class=\"elementor-section elementor-inner-section elementor-element elementor-element-f85b5a2 elementor-section-boxed elementor-section-height-default elementor-section-height-default\" data-id=\"f85b5a2\" data-element_type=\"section\">\n\t\t\t\t\t\t<div class=\"elementor-container elementor-column-gap-default\">\n\t\t\t\t\t<div class=\"elementor-column elementor-col-100 elementor-inner-column elementor-element elementor-element-b1dcaf3\" data-id=\"b1dcaf3\" data-element_type=\"column\">\n\t\t\t<div class=\"elementor-widget-wrap elementor-element-populated\">\n\t\t\t\t\t\t<div class=\"elementor-element elementor-element-89d8dd8 elementor-widget elementor-widget-text-editor\" data-id=\"89d8dd8\" data-element_type=\"widget\" data-widget_type=\"text-editor.default\">\n\t\t\t\t<div class=\"elementor-widget-container\">\n\t\t\t\t\t\t\t\t\t<p><span style=\"font-weight: 400;\">Con el fin de mejorar la experiencia del cliente, las dos compa\u00f1\u00edas a\u00e9reas, <\/span><b>Corsair y Air Inter Iles<\/b><span style=\"font-weight: 400;\">han introducido una serie de servicios adicionales. Por ejemplo, los pasajeros tendr\u00e1n acceso a salas de espera exclusivas en el aeropuerto, donde podr\u00e1n relajarse antes de su vuelo. Tambi\u00e9n habr\u00e1 opciones de restauraci\u00f3n de calidad para hacer m\u00e1s agradable la espera.   <\/span><\/p>\n\t\t\t\t\t\t\t\t<\/div>\n\t\t\t\t<\/div>\n\t\t\t\t\t<\/div>\n\t\t<\/div>\n\t\t\t\t\t<\/div>\n\t\t<\/section>\n\t\t\t\t<section class=\"elementor-section elementor-inner-section elementor-element elementor-element-4f5d78e elementor-section-boxed elementor-section-height-default elementor-section-height-default\" data-id=\"4f5d78e\" data-element_type=\"section\">\n\t\t\t\t\t\t<div class=\"elementor-container elementor-column-gap-default\">\n\t\t\t\t\t<div class=\"elementor-column elementor-col-100 elementor-inner-column elementor-element elementor-element-b236bce\" data-id=\"b236bce\" data-element_type=\"column\">\n\t\t\t<div class=\"elementor-widget-wrap elementor-element-populated\">\n\t\t\t\t\t\t<div class=\"elementor-element elementor-element-ff8c660 elementor-widget elementor-widget-text-editor\" data-id=\"ff8c660\" data-element_type=\"widget\" data-widget_type=\"text-editor.default\">\n\t\t\t\t<div class=\"elementor-widget-container\">\n\t\t\t\t\t\t\t\t\t<p><span style=\"font-weight: 400;\">Adem\u00e1s, habr\u00e1 disponible un servicio de asistencia personalizada para ayudar a los viajeros, tanto si necesitan gestionar requisitos diet\u00e9ticos espec\u00edficos como organizar traslados adicionales a su llegada a <\/span><b>San Bartolom\u00e9<\/b><span style=\"font-weight: 400;\">.<\/span><\/p>\n\t\t\t\t\t\t\t\t<\/div>\n\t\t\t\t<\/div>\n\t\t\t\t\t<\/div>\n\t\t<\/div>\n\t\t\t\t\t<\/div>\n\t\t<\/section>\n\t\t\t\t\t<\/div>\n\t\t<\/div>\n\t\t\t\t\t<\/div>\n\t\t<\/section>\n\t\t\t\t<section class=\"elementor-section elementor-top-section elementor-element elementor-element-469889a elementor-section-boxed elementor-section-height-default elementor-section-height-default\" data-id=\"469889a\" data-element_type=\"section\">\n\t\t\t\t\t\t<div class=\"elementor-container elementor-column-gap-default\">\n\t\t\t\t\t<div class=\"elementor-column elementor-col-100 elementor-top-column elementor-element elementor-element-2be7b06\" data-id=\"2be7b06\" data-element_type=\"column\">\n\t\t\t<div class=\"elementor-widget-wrap elementor-element-populated\">\n\t\t\t\t\t\t<div class=\"elementor-element elementor-element-942c07f elementor-widget elementor-widget-heading\" data-id=\"942c07f\" data-element_type=\"widget\" data-widget_type=\"heading.default\">\n\t\t\t\t<div class=\"elementor-widget-container\">\n\t\t\t\t\t<h2 class=\"elementor-heading-title elementor-size-default\">Tarifas preferentes con Corsair y Air Inter Iles<\/h2>\t\t\t\t<\/div>\n\t\t\t\t<\/div>\n\t\t\t\t<section class=\"elementor-section elementor-inner-section elementor-element elementor-element-9836a64 elementor-section-boxed elementor-section-height-default elementor-section-height-default\" data-id=\"9836a64\" data-element_type=\"section\">\n\t\t\t\t\t\t<div class=\"elementor-container elementor-column-gap-default\">\n\t\t\t\t\t<div class=\"elementor-column elementor-col-100 elementor-inner-column elementor-element elementor-element-2f56104\" data-id=\"2f56104\" data-element_type=\"column\">\n\t\t\t<div class=\"elementor-widget-wrap elementor-element-populated\">\n\t\t\t\t\t\t<div class=\"elementor-element elementor-element-d429bac elementor-widget elementor-widget-text-editor\" data-id=\"d429bac\" data-element_type=\"widget\" data-widget_type=\"text-editor.default\">\n\t\t\t\t<div class=\"elementor-widget-container\">\n\t\t\t\t\t\t\t\t\t<p>\n            <span style=\"font-weight: 400;\">Uno de los aspectos m\u00e1s atractivos de esta nueva oferta es la tarifa preferente de principio a fin. Los clientes podr\u00e1n reservar todo su viaje con una sola reserva, lo que simplifica considerablemente el proceso de compra. Adem\u00e1s, podr\u00e1n beneficiarse de una tarifa m\u00e1s baja, lo que hace que esta oferta sea a\u00fan m\u00e1s atractiva. Este enfoque de reserva \u00fanica responde a la creciente demanda de los viajeros de soluciones de transporte a\u00e9reo adaptadas a sus necesidades.   <\/span>\n          <\/p>\n\t\t\t\t\t\t\t\t<\/div>\n\t\t\t\t<\/div>\n\t\t\t\t\t<\/div>\n\t\t<\/div>\n\t\t\t\t\t<\/div>\n\t\t<\/section>\n\t\t\t\t<section class=\"elementor-section elementor-inner-section elementor-element elementor-element-dd42424 elementor-section-boxed elementor-section-height-default elementor-section-height-default\" data-id=\"dd42424\" data-element_type=\"section\">\n\t\t\t\t\t\t<div class=\"elementor-container elementor-column-gap-default\">\n\t\t\t\t\t<div class=\"elementor-column elementor-col-100 elementor-inner-column elementor-element elementor-element-380c746\" data-id=\"380c746\" data-element_type=\"column\">\n\t\t\t<div class=\"elementor-widget-wrap elementor-element-populated\">\n\t\t\t\t\t\t<div class=\"elementor-element elementor-element-840836c elementor-widget elementor-widget-text-editor\" data-id=\"840836c\" data-element_type=\"widget\" data-widget_type=\"text-editor.default\">\n\t\t\t\t<div class=\"elementor-widget-container\">\n\t\t\t\t\t\t\t\t\t<p><span style=\"font-weight: 400;\">Martine Haas, Directora Comercial de <\/span><b>Corsair<\/b><span style=\"font-weight: 400;\">subray\u00f3 la importancia de esta asociaci\u00f3n en el contexto actual del transporte a\u00e9reo: &#8220;Gracias a esta asociaci\u00f3n con <\/span><b>Air Inter Iles<\/b><span style=\"font-weight: 400;\">mejoramos nuestra oferta permitiendo a nuestros clientes llegar f\u00e1cilmente a <\/span><b>San Bartolom\u00e9<\/b><span style=\"font-weight: 400;\">v\u00eda Pointe-\u00e0-Pitre, un destino muy popular, sobre todo a finales de a\u00f1o. Este acuerdo es una incorporaci\u00f3n muy esperada a nuestra cartera de colaboraciones&#8221;.<\/span><\/p>\n\t\t\t\t\t\t\t\t<\/div>\n\t\t\t\t<\/div>\n\t\t\t\t\t<\/div>\n\t\t<\/div>\n\t\t\t\t\t<\/div>\n\t\t<\/section>\n\t\t\t\t\t<\/div>\n\t\t<\/div>\n\t\t\t\t\t<\/div>\n\t\t<\/section>\n\t\t\t\t<section class=\"elementor-section elementor-top-section elementor-element elementor-element-9d5455e elementor-section-boxed elementor-section-height-default elementor-section-height-default\" data-id=\"9d5455e\" data-element_type=\"section\">\n\t\t\t\t\t\t<div class=\"elementor-container elementor-column-gap-default\">\n\t\t\t\t\t<div class=\"elementor-column elementor-col-100 elementor-top-column elementor-element elementor-element-b05aeb8\" data-id=\"b05aeb8\" data-element_type=\"column\">\n\t\t\t<div class=\"elementor-widget-wrap elementor-element-populated\">\n\t\t\t\t\t\t<div class=\"elementor-element elementor-element-72fe94b elementor-widget elementor-widget-heading\" data-id=\"72fe94b\" data-element_type=\"widget\" data-widget_type=\"heading.default\">\n\t\t\t\t<div class=\"elementor-widget-container\">\n\t\t\t\t\t<h2 class=\"elementor-heading-title elementor-size-default\">Responder a las necesidades de los pasajeros<\/h2>\t\t\t\t<\/div>\n\t\t\t\t<\/div>\n\t\t\t\t<section class=\"elementor-section elementor-inner-section elementor-element elementor-element-c5a52a0 elementor-section-boxed elementor-section-height-default elementor-section-height-default\" data-id=\"c5a52a0\" data-element_type=\"section\">\n\t\t\t\t\t\t<div class=\"elementor-container elementor-column-gap-default\">\n\t\t\t\t\t<div class=\"elementor-column elementor-col-100 elementor-inner-column elementor-element elementor-element-2d2e033\" data-id=\"2d2e033\" data-element_type=\"column\">\n\t\t\t<div class=\"elementor-widget-wrap elementor-element-populated\">\n\t\t\t\t\t\t<div class=\"elementor-element elementor-element-d18a527 elementor-widget elementor-widget-text-editor\" data-id=\"d18a527\" data-element_type=\"widget\" data-widget_type=\"text-editor.default\">\n\t\t\t\t<div class=\"elementor-widget-container\">\n\t\t\t\t\t\t\t\t\t<p><span style=\"font-weight: 400;\">Esta asociaci\u00f3n entre <\/span><b>Corsair y Air Inter Iles<\/b><span style=\"font-weight: 400;\"> tambi\u00e9n responde a las nuevas expectativas de los viajeros, que buscan soluciones flexibles y adaptadas a sus necesidades. La posibilidad de reservar todo un viaje con una sola reserva es una gran ventaja para los pasajeros, que ya no tienen que hacer malabarismos con varios billetes y horarios. Esto no s\u00f3lo simplifica el proceso de reserva, sino que tambi\u00e9n reduce el estr\u00e9s asociado a los viajes, sobre todo en periodos de gran afluencia.  <\/span><\/p>\n\t\t\t\t\t\t\t\t<\/div>\n\t\t\t\t<\/div>\n\t\t\t\t\t<\/div>\n\t\t<\/div>\n\t\t\t\t\t<\/div>\n\t\t<\/section>\n\t\t\t\t\t<\/div>\n\t\t<\/div>\n\t\t\t\t\t<\/div>\n\t\t<\/section>\n\t\t\t\t<section class=\"elementor-section elementor-top-section elementor-element elementor-element-fa3f893 elementor-section-boxed elementor-section-height-default elementor-section-height-default\" data-id=\"fa3f893\" data-element_type=\"section\">\n\t\t\t\t\t\t<div class=\"elementor-container elementor-column-gap-default\">\n\t\t\t\t\t<div class=\"elementor-column elementor-col-100 elementor-top-column elementor-element elementor-element-84348b1\" data-id=\"84348b1\" data-element_type=\"column\">\n\t\t\t<div class=\"elementor-widget-wrap elementor-element-populated\">\n\t\t\t\t\t\t<div class=\"elementor-element elementor-element-8a8f93e elementor-widget elementor-widget-heading\" data-id=\"8a8f93e\" data-element_type=\"widget\" data-widget_type=\"heading.default\">\n\t\t\t\t<div class=\"elementor-widget-container\">\n\t\t\t\t\t<h2 class=\"elementor-heading-title elementor-size-default\">Una estrategia de desarrollo<\/h2>\t\t\t\t<\/div>\n\t\t\t\t<\/div>\n\t\t\t\t<section class=\"elementor-section elementor-inner-section elementor-element elementor-element-ff68b7e elementor-section-boxed elementor-section-height-default elementor-section-height-default\" data-id=\"ff68b7e\" data-element_type=\"section\">\n\t\t\t\t\t\t<div class=\"elementor-container elementor-column-gap-default\">\n\t\t\t\t\t<div class=\"elementor-column elementor-col-100 elementor-inner-column elementor-element elementor-element-f56e7f0\" data-id=\"f56e7f0\" data-element_type=\"column\">\n\t\t\t<div class=\"elementor-widget-wrap elementor-element-populated\">\n\t\t\t\t\t\t<div class=\"elementor-element elementor-element-5455fcb elementor-widget elementor-widget-text-editor\" data-id=\"5455fcb\" data-element_type=\"widget\" data-widget_type=\"text-editor.default\">\n\t\t\t\t<div class=\"elementor-widget-container\">\n\t\t\t\t\t\t\t\t\t<p><span style=\"font-weight: 400;\">Esta asociaci\u00f3n forma parte de una estrategia de desarrollo m\u00e1s amplia para ambas empresas. Vincent Beauvarlet, Presidente de St. Barth Executive, a\u00f1adi\u00f3: &#8220;Esta asociaci\u00f3n con   <\/span><b>Corsair<\/b><span style=\"font-weight: 400;\"> forma parte de nuestra ambici\u00f3n de conectar eficazmente <\/span><b>San Bartolom\u00e9<\/b><span style=\"font-weight: 400;\"> al resto del mundo, ofreciendo al mismo tiempo una experiencia de viaje fluida y de alta gama&#8221;. Esto ilustra la voluntad de ambas compa\u00f1\u00edas a\u00e9reas de adaptarse a las exigencias de los viajeros modernos, que buscan flexibilidad, comodidad y fluidez. <\/span><\/p>\n\t\t\t\t\t\t\t\t<\/div>\n\t\t\t\t<\/div>\n\t\t\t\t<div class=\"elementor-element elementor-element-12bc409 elementor-widget elementor-widget-text-editor\" data-id=\"12bc409\" data-element_type=\"widget\" data-widget_type=\"text-editor.default\">\n\t\t\t\t<div class=\"elementor-widget-container\">\n\t\t\t\t\t\t\t\t\t<p><span style=\"font-weight: 400;\">El mercado del transporte a\u00e9reo evoluciona constantemente, y las compa\u00f1\u00edas a\u00e9reas tienen que adaptar su oferta para satisfacer las crecientes expectativas de los consumidores. Aumentando su conectividad y mejorando la calidad de su servicio,  <\/span><b>Corsair y Air Inter Iles<\/b><span style=\"font-weight: 400;\"> se aseguran de seguir siendo competitivas al tiempo que atraen a una clientela cada vez m\u00e1s exigente.<\/span><\/p>\n\t\t\t\t\t\t\t\t<\/div>\n\t\t\t\t<\/div>\n\t\t\t\t\t<\/div>\n\t\t<\/div>\n\t\t\t\t\t<\/div>\n\t\t<\/section>\n\t\t\t\t\t<\/div>\n\t\t<\/div>\n\t\t\t\t\t<\/div>\n\t\t<\/section>\n\t\t\t\t<section class=\"elementor-section elementor-top-section elementor-element elementor-element-54a7ed9 elementor-section-boxed elementor-section-height-default elementor-section-height-default\" data-id=\"54a7ed9\" data-element_type=\"section\">\n\t\t\t\t\t\t<div class=\"elementor-container elementor-column-gap-default\">\n\t\t\t\t\t<div class=\"elementor-column elementor-col-100 elementor-top-column elementor-element elementor-element-ce42fc2\" data-id=\"ce42fc2\" data-element_type=\"column\">\n\t\t\t<div class=\"elementor-widget-wrap elementor-element-populated\">\n\t\t\t\t\t\t<div class=\"elementor-element elementor-element-fe51e2c elementor-widget elementor-widget-heading\" data-id=\"fe51e2c\" data-element_type=\"widget\" data-widget_type=\"heading.default\">\n\t\t\t\t<div class=\"elementor-widget-container\">\n\t\t\t\t\t<h2 class=\"elementor-heading-title elementor-size-default\">Impacto en el turismo de San Bartolom\u00e9<\/h2>\t\t\t\t<\/div>\n\t\t\t\t<\/div>\n\t\t\t\t<section class=\"elementor-section elementor-inner-section elementor-element elementor-element-50100ac elementor-section-boxed elementor-section-height-default elementor-section-height-default\" data-id=\"50100ac\" data-element_type=\"section\">\n\t\t\t\t\t\t<div class=\"elementor-container elementor-column-gap-default\">\n\t\t\t\t\t<div class=\"elementor-column elementor-col-100 elementor-inner-column elementor-element elementor-element-3ebbc32\" data-id=\"3ebbc32\" data-element_type=\"column\">\n\t\t\t<div class=\"elementor-widget-wrap elementor-element-populated\">\n\t\t\t\t\t\t<div class=\"elementor-element elementor-element-7746983 elementor-widget elementor-widget-text-editor\" data-id=\"7746983\" data-element_type=\"widget\" data-widget_type=\"text-editor.default\">\n\t\t\t\t<div class=\"elementor-widget-container\">\n\t\t\t\t\t\t\t\t\t<p><span style=\"font-weight: 400;\">Este nuevo enlace tambi\u00e9n deber\u00eda tener un impacto significativo en el turismo de <\/span><b>San Bartolom\u00e9<\/b><span style=\"font-weight: 400;\">. L&#8217;\u00eele, connue pour ses plages idylliques et son ambiance chic, attire des visiteurs du monde entier. Avec une accessibilit\u00e9 am\u00e9lior\u00e9e, on peut s&#8217;attendre \u00e0 une augmentation du nombre de touristes, ce qui pourrait stimuler l&#8217;\u00e9conomie locale. Les h\u00f4tels, restaurants et autres entreprises touristiques b\u00e9n\u00e9ficieront de l&#8217;augmentation du nombre de visiteurs, tout en maintenant les standards de qualit\u00e9 qui font la r\u00e9putation de l&#8217;\u00eele.   <\/span><\/p>\n\t\t\t\t\t\t\t\t<\/div>\n\t\t\t\t<\/div>\n\t\t\t\t\t<\/div>\n\t\t<\/div>\n\t\t\t\t\t<\/div>\n\t\t<\/section>\n\t\t\t\t\t<\/div>\n\t\t<\/div>\n\t\t\t\t\t<\/div>\n\t\t<\/section>\n\t\t\t\t<section class=\"elementor-section elementor-top-section elementor-element elementor-element-b99215d elementor-section-boxed elementor-section-height-default elementor-section-height-default\" data-id=\"b99215d\" data-element_type=\"section\">\n\t\t\t\t\t\t<div class=\"elementor-container elementor-column-gap-default\">\n\t\t\t\t\t<div class=\"elementor-column elementor-col-100 elementor-top-column elementor-element elementor-element-d2d292d\" data-id=\"d2d292d\" data-element_type=\"column\">\n\t\t\t<div class=\"elementor-widget-wrap elementor-element-populated\">\n\t\t\t\t\t\t<section class=\"elementor-section elementor-inner-section elementor-element elementor-element-27e0b5a elementor-section-boxed elementor-section-height-default elementor-section-height-default\" data-id=\"27e0b5a\" data-element_type=\"section\">\n\t\t\t\t\t\t<div class=\"elementor-container elementor-column-gap-default\">\n\t\t\t\t\t<div class=\"elementor-column elementor-col-100 elementor-inner-column elementor-element elementor-element-dedbefb\" data-id=\"dedbefb\" data-element_type=\"column\">\n\t\t\t<div class=\"elementor-widget-wrap elementor-element-populated\">\n\t\t\t\t\t\t<div class=\"elementor-element elementor-element-e57df03 elementor-widget elementor-widget-text-editor\" data-id=\"e57df03\" data-element_type=\"widget\" data-widget_type=\"text-editor.default\">\n\t\t\t\t<div class=\"elementor-widget-container\">\n\t\t\t\t\t\t\t\t\t<p><span style=\"font-weight: 400;\">Con la asociaci\u00f3n entre <\/span><b>Corsair y Air Inter Iles<\/b><span style=\"font-weight: 400;\">los viajeros pueden disfrutar de una experiencia de viaje \u00fanica a <\/span><b>San Bartolom\u00e9<\/b><span style=\"font-weight: 400;\">. Gr\u00e2ce \u00e0 une connexion simplifi\u00e9e, un service de haute qualit\u00e9 et un tarif pr\u00e9f\u00e9rentiel, cette nouvelle offre est con\u00e7ue pour r\u00e9pondre aux attentes des passagers tout en rendant le voyage plus agr\u00e9able et moins stressant. <\/span><\/p>\n\t\t\t\t\t\t\t\t<\/div>\n\t\t\t\t<\/div>\n\t\t\t\t<div class=\"elementor-element elementor-element-1a54de3 elementor-widget elementor-widget-text-editor\" data-id=\"1a54de3\" data-element_type=\"widget\" data-widget_type=\"text-editor.default\">\n\t\t\t\t<div class=\"elementor-widget-container\">\n\t\t\t\t\t\t\t\t\t<p><span style=\"font-weight: 400;\">Con la proximidad de las fiestas, esta iniciativa llega en el momento justo para quienes planean descubrir la belleza de <\/span><b>San Bartolom\u00e9<\/b><span style=\"font-weight: 400;\">. Les voyageurs peuvent d\u00e8s maintenant se rendre sur le site de   <\/span><b>Corsario<\/b><span style=\"font-weight: 400;\"> para reservar su viaje a este destino de ensue\u00f1o con total tranquilidad.<\/span><\/p>\n\t\t\t\t\t\t\t\t<\/div>\n\t\t\t\t<\/div>\n\t\t\t\t<div class=\"elementor-element elementor-element-76511fa elementor-widget elementor-widget-text-editor\" data-id=\"76511fa\" data-element_type=\"widget\" data-widget_type=\"text-editor.default\">\n\t\t\t\t<div class=\"elementor-widget-container\">\n\t\t\t\t\t\t\t\t\t<p><span style=\"font-weight: 400;\">Ser\u00e1 interesante seguir el desarrollo de esta colaboraci\u00f3n y ver c\u00f3mo repercutir\u00e1 en el turismo de esta popular regi\u00f3n del Caribe. En resumen, esta asociaci\u00f3n entre  <\/span><b>Corsair y Air Inter Iles<\/b><span style=\"font-weight: 400;\"> es una promesa de viajes m\u00e1s c\u00f3modos y accesibles, que ofrece a los pasajeros la posibilidad de descubrir una de las islas m\u00e1s bellas y exclusivas del Caribe, disfrutando al mismo tiempo de un servicio de alta gama que responde a las necesidades modernas de los viajeros.<\/span><\/p>\n\t\t\t\t\t\t\t\t<\/div>\n\t\t\t\t<\/div>\n\t\t\t\t\t<\/div>\n\t\t<\/div>\n\t\t\t\t\t<\/div>\n\t\t<\/section>\n\t\t\t\t\t<\/div>\n\t\t<\/div>\n\t\t\t\t\t<\/div>\n\t\t<\/section>\n\t\t\t\t<\/div>\n\t\t","protected":false},"excerpt":{"rendered":"<p>El 9 de diciembre de 2024, la compa\u00f1\u00eda a\u00e9rea Corsair y Air Inter Iles anunciaron una asociaci\u00f3n estrat\u00e9gica, que supone un gran paso adelante en el acceso a San Bartolom\u00e9 desde Par\u00eds. A partir del 15 de diciembre de 2024, los viajeros tendr\u00e1n la oportunidad de beneficiarse de una conexi\u00f3n simplificada, disfrutando al mismo tiempo [&hellip;]<\/p>\n","protected":false},"author":400,"featured_media":42369,"comment_status":"open","ping_status":"open","sticky":false,"template":"","format":"standard","meta":{"_acf_changed":false,"footnotes":""},"categories":[839],"tags":[1639],"class_list":["post-42378","post","type-post","status-publish","format-standard","has-post-thumbnail","hentry","category-noticias","tag-san-bartolome"],"acf":[],"_links":{"self":[{"href":"https:\/\/richeskarayib.com\/es\/wp-json\/wp\/v2\/posts\/42378","targetHints":{"allow":["GET"]}}],"collection":[{"href":"https:\/\/richeskarayib.com\/es\/wp-json\/wp\/v2\/posts"}],"about":[{"href":"https:\/\/richeskarayib.com\/es\/wp-json\/wp\/v2\/types\/post"}],"author":[{"embeddable":true,"href":"https:\/\/richeskarayib.com\/es\/wp-json\/wp\/v2\/users\/400"}],"replies":[{"embeddable":true,"href":"https:\/\/richeskarayib.com\/es\/wp-json\/wp\/v2\/comments?post=42378"}],"version-history":[{"count":0,"href":"https:\/\/richeskarayib.com\/es\/wp-json\/wp\/v2\/posts\/42378\/revisions"}],"wp:featuredmedia":[{"embeddable":true,"href":"https:\/\/richeskarayib.com\/es\/wp-json\/wp\/v2\/media\/42369"}],"wp:attachment":[{"href":"https:\/\/richeskarayib.com\/es\/wp-json\/wp\/v2\/media?parent=42378"}],"wp:term":[{"taxonomy":"category","embeddable":true,"href":"https:\/\/richeskarayib.com\/es\/wp-json\/wp\/v2\/categories?post=42378"},{"taxonomy":"post_tag","embeddable":true,"href":"https:\/\/richeskarayib.com\/es\/wp-json\/wp\/v2\/tags?post=42378"}],"curies":[{"name":"wp","href":"https:\/\/api.w.org\/{rel}","templated":true}]}}