{"id":42501,"date":"2024-12-13T10:02:00","date_gmt":"2024-12-13T10:02:00","guid":{"rendered":"https:\/\/richeskarayib.com\/carnaval-de-trinidad-y-tobago-tradiciones-e-identidad\/"},"modified":"2024-12-13T10:02:06","modified_gmt":"2024-12-13T10:02:06","slug":"carnaval-de-trinidad-y-tobago-tradiciones-e-identidad","status":"publish","type":"post","link":"https:\/\/richeskarayib.com\/es\/carnaval-de-trinidad-y-tobago-tradiciones-e-identidad\/","title":{"rendered":"Carnaval de Trinidad y Tobago: Tradiciones e Identidad"},"content":{"rendered":"\t\t<div data-elementor-type=\"wp-post\" data-elementor-id=\"42501\" class=\"elementor elementor-42501 elementor-41862\" data-elementor-post-type=\"post\">\n\t\t\t\t\t\t<section class=\"elementor-section elementor-top-section elementor-element elementor-element-b6a4060 elementor-section-boxed elementor-section-height-default elementor-section-height-default\" data-id=\"b6a4060\" data-element_type=\"section\">\n\t\t\t\t\t\t<div class=\"elementor-container elementor-column-gap-default\">\n\t\t\t\t\t<div class=\"elementor-column elementor-col-100 elementor-top-column elementor-element elementor-element-83f828f\" data-id=\"83f828f\" data-element_type=\"column\">\n\t\t\t<div class=\"elementor-widget-wrap elementor-element-populated\">\n\t\t\t\t\t\t<div class=\"elementor-element elementor-element-d59dd5b elementor-widget elementor-widget-text-editor\" data-id=\"d59dd5b\" data-element_type=\"widget\" data-widget_type=\"text-editor.default\">\n\t\t\t\t<div class=\"elementor-widget-container\">\n\t\t\t\t\t\t\t\t\t<p><span style=\"font-weight: 400;\">El <\/span><b>Carnaval de <a href=\"https:\/\/richeskarayib.com\/es\/el-escudo-de-trinidad-y-tobago-incluira-un-steelpan-en-lugar-de-los-barcos-de-colon-un-paso-valiente-hacia-la-identidad-cultural\/\" target=\"_blank\" rel=\"noopener\">Trinidad y Tobago<\/a><\/b><span style=\"font-weight: 400;\"> es uno de los m\u00e1s emblem\u00e1ticos y <\/span>vibrantes  <span style=\"font-weight: 400;\">festivales del mundo. Celebrada anualmente antes del Mi\u00e9rcoles de Ceniza, este acontecimiento marca el culmen de una serie de estimulantes festividades que duran varios meses.   <\/span><span style=\"font-weight: 400;\">.<\/span><\/p>\n\t\t\t\t\t\t\t\t<\/div>\n\t\t\t\t<\/div>\n\t\t\t\t\t<\/div>\n\t\t<\/div>\n\t\t\t\t\t<\/div>\n\t\t<\/section>\n\t\t\t\t<section class=\"elementor-section elementor-top-section elementor-element elementor-element-916790b elementor-section-boxed elementor-section-height-default elementor-section-height-default\" data-id=\"916790b\" data-element_type=\"section\">\n\t\t\t\t\t\t<div class=\"elementor-container elementor-column-gap-default\">\n\t\t\t\t\t<div class=\"elementor-column elementor-col-100 elementor-top-column elementor-element elementor-element-eba0c81\" data-id=\"eba0c81\" data-element_type=\"column\">\n\t\t\t<div class=\"elementor-widget-wrap elementor-element-populated\">\n\t\t\t\t\t\t<div class=\"elementor-element elementor-element-172a6ad elementor-widget elementor-widget-text-editor\" data-id=\"172a6ad\" data-element_type=\"widget\" data-widget_type=\"text-editor.default\">\n\t\t\t\t<div class=\"elementor-widget-container\">\n\t\t\t\t\t\t\t\t\t<p><span style=\"font-weight: 400;\">El <\/span><b>Carnaval de Trinidad y Tobago<\/b><span style=\"font-weight: 400;\">  no es s\u00f3lo una celebraci\u00f3n de la m\u00fasica, la danza y la creatividad, sino que tambi\u00e9n desempe\u00f1a un papel crucial en la construcci\u00f3n de la identidad nacional de Trinidad y Tobago. Este art\u00edculo ofrece un an\u00e1lisis en profundidad de las ricas tradiciones, los impresionantes trajes y el significado del   <\/span><b>El Carnaval de Trinidad y Tobago<\/b><span style=\"font-weight: 400;\"> en la cultura local, al tiempo que exploras sus or\u00edgenes, significados e impactos sociales.<\/span><\/p>\n\t\t\t\t\t\t\t\t<\/div>\n\t\t\t\t<\/div>\n\t\t\t\t\t<\/div>\n\t\t<\/div>\n\t\t\t\t\t<\/div>\n\t\t<\/section>\n\t\t\t\t<section class=\"elementor-section elementor-top-section elementor-element elementor-element-81b7c64 elementor-section-boxed elementor-section-height-default elementor-section-height-default\" data-id=\"81b7c64\" data-element_type=\"section\">\n\t\t\t\t\t\t<div class=\"elementor-container elementor-column-gap-default\">\n\t\t\t\t\t<div class=\"elementor-column elementor-col-100 elementor-top-column elementor-element elementor-element-cce8092\" data-id=\"cce8092\" data-element_type=\"column\">\n\t\t\t<div class=\"elementor-widget-wrap elementor-element-populated\">\n\t\t\t\t\t\t<div class=\"elementor-element elementor-element-a18761d elementor-widget elementor-widget-heading\" data-id=\"a18761d\" data-element_type=\"widget\" data-widget_type=\"heading.default\">\n\t\t\t\t<div class=\"elementor-widget-container\">\n\t\t\t\t\t<h2 class=\"elementor-heading-title elementor-size-default\">Antecedentes hist\u00f3ricos del Carnaval<\/h2>\t\t\t\t<\/div>\n\t\t\t\t<\/div>\n\t\t\t\t<div class=\"elementor-element elementor-element-f4f4ff3 elementor-widget elementor-widget-text-editor\" data-id=\"f4f4ff3\" data-element_type=\"widget\" data-widget_type=\"text-editor.default\">\n\t\t\t\t<div class=\"elementor-widget-container\">\n\t\t\t\t\t\t\t\t\t<p><span style=\"font-weight: 400;\">El <\/span><a href=\"https:\/\/visittrinidad.tt\/things-to-do\/carnival\/\" target=\"_blank\" rel=\"noopener nofollow\"><b>Carnaval de Trinidad y Tobago<\/b><\/a><span style=\"font-weight: 400;\">  tiene sus ra\u00edces en las celebraciones anteriores a la Cuaresma de los colonizadores europeos, mezcladas con din\u00e1micas tradiciones africanas tra\u00eddas por los esclavizados. A lo largo de los a\u00f1os, la   <\/span><b>Carnaval de Trinidad y Tobago<\/b><span style=\"font-weight: 400;\">  evolucion\u00f3 hasta convertirse en una mezcla \u00fanica de culturas, influencias y estilos. Los primeros actos de tipo carnavalesco se observaron a principios del siglo XVIII, cuando los colonos europeos empezaron a organizar fiestas previas a la Cuaresma.   <\/span><\/p>\n\t\t\t\t\t\t\t\t<\/div>\n\t\t\t\t<\/div>\n\t\t\t\t<div class=\"elementor-element elementor-element-0dfbd8b elementor-widget elementor-widget-text-editor\" data-id=\"0dfbd8b\" data-element_type=\"widget\" data-widget_type=\"text-editor.default\">\n\t\t\t\t<div class=\"elementor-widget-container\">\n\t\t\t\t\t\t\t\t\t<p><span style=\"font-weight: 400;\">Sin embargo, fue tras la abolici\u00f3n de la esclavitud en 1834 cuando los esclavos liberados participaron plenamente en estas emocionantes celebraciones, aportando elementos culturales que enriquecieron el <\/span><b>Carnaval de Trinidad y Tobago<\/b><span style=\"font-weight: 400;\">.<\/span><\/p>\n\t\t\t\t\t\t\t\t<\/div>\n\t\t\t\t<\/div>\n\t\t\t\t<div class=\"elementor-element elementor-element-72c1b47 elementor-widget elementor-widget-text-editor\" data-id=\"72c1b47\" data-element_type=\"widget\" data-widget_type=\"text-editor.default\">\n\t\t\t\t<div class=\"elementor-widget-container\">\n\t\t\t\t\t\t\t\t\t<p><span style=\"font-weight: 400;\">En el siglo XX, el <\/span><b>Carnaval de Trinidad y Tobago<\/b><span style=\"font-weight: 400;\">  aument\u00f3 su popularidad, incorporando elementos de m\u00fasica calipso, soca y steel pan. Cada a\u00f1o, miles de participantes y espectadores se re\u00fanen para admirar espectaculares desfiles y actuaciones musicales, haciendo de este acontecimiento un verdadero s\u00edmbolo de la cultura caribe\u00f1a. <\/span><\/p>\n\t\t\t\t\t\t\t\t<\/div>\n\t\t\t\t<\/div>\n\t\t\t\t\t<\/div>\n\t\t<\/div>\n\t\t\t\t\t<\/div>\n\t\t<\/section>\n\t\t\t\t<section class=\"elementor-section elementor-top-section elementor-element elementor-element-c1d27ad elementor-section-boxed elementor-section-height-default elementor-section-height-default\" data-id=\"c1d27ad\" data-element_type=\"section\">\n\t\t\t\t\t\t<div class=\"elementor-container elementor-column-gap-default\">\n\t\t\t\t\t<div class=\"elementor-column elementor-col-100 elementor-top-column elementor-element elementor-element-904b487\" data-id=\"904b487\" data-element_type=\"column\">\n\t\t\t<div class=\"elementor-widget-wrap elementor-element-populated\">\n\t\t\t\t\t\t<div class=\"elementor-element elementor-element-7bc9da5 elementor-widget elementor-widget-heading\" data-id=\"7bc9da5\" data-element_type=\"widget\" data-widget_type=\"heading.default\">\n\t\t\t\t<div class=\"elementor-widget-container\">\n\t\t\t\t\t<h2 class=\"elementor-heading-title elementor-size-default\">Las Tradiciones del Carnaval<\/h2>\t\t\t\t<\/div>\n\t\t\t\t<\/div>\n\t\t\t\t<section class=\"elementor-section elementor-inner-section elementor-element elementor-element-afca6cc elementor-section-boxed elementor-section-height-default elementor-section-height-default\" data-id=\"afca6cc\" data-element_type=\"section\">\n\t\t\t\t\t\t<div class=\"elementor-container elementor-column-gap-default\">\n\t\t\t\t\t<div class=\"elementor-column elementor-col-100 elementor-inner-column elementor-element elementor-element-8739f82\" data-id=\"8739f82\" data-element_type=\"column\">\n\t\t\t<div class=\"elementor-widget-wrap elementor-element-populated\">\n\t\t\t\t\t\t<div class=\"elementor-element elementor-element-f105cdb elementor-widget elementor-widget-text-editor\" data-id=\"f105cdb\" data-element_type=\"widget\" data-widget_type=\"text-editor.default\">\n\t\t\t\t<div class=\"elementor-widget-container\">\n\t\t\t\t\t\t\t\t\t\n          <h3>\n            <b>Jouvert<\/b>\n          <\/h3>\n          \n\n          <p><span style=\"font-weight: 400;\">El <\/span><a href=\"https:\/\/www.ncctt.org\/new\/index.php\/carnival-history\/history-of-carnival.html\" target=\"_blank\" rel=\"noopener nofollow\"><b>Carnaval de Trinidad y Tobago<\/b><\/a><span style=\"font-weight: 400;\"> comienza oficialmente con <\/span><b>&#8220;Jouvert&#8221;.<\/b><span style=\"font-weight: 400;\">  que significa &#8220;abrir&#8221; en criollo. Este acontecimiento tiene lugar a primera hora de la ma\u00f1ana y es conocido por su <\/span><b>  festivo  <\/b><span style=\"font-weight: 400;\">y un ambiente informal. Los participantes se cubren de barro, pintura o chocolate, simbolizando la liberaci\u00f3n, la autoexpresi\u00f3n y el retorno a las ra\u00edces africanas. El Jouvert es un momento de camarader\u00eda, baile y m\u00fasica, en el que la gente se re\u00fane para celebrar su cultura en un ambiente de alegr\u00eda y libertad.  <\/span><\/p>\n        \t\t\t\t\t\t\t\t<\/div>\n\t\t\t\t<\/div>\n\t\t\t\t\t<\/div>\n\t\t<\/div>\n\t\t\t\t\t<\/div>\n\t\t<\/section>\n\t\t\t\t<section class=\"elementor-section elementor-inner-section elementor-element elementor-element-64b5bba elementor-section-boxed elementor-section-height-default elementor-section-height-default\" data-id=\"64b5bba\" data-element_type=\"section\">\n\t\t\t\t\t\t<div class=\"elementor-container elementor-column-gap-default\">\n\t\t\t\t\t<div class=\"elementor-column elementor-col-100 elementor-inner-column elementor-element elementor-element-9022a75\" data-id=\"9022a75\" data-element_type=\"column\">\n\t\t\t<div class=\"elementor-widget-wrap elementor-element-populated\">\n\t\t\t\t\t\t<div class=\"elementor-element elementor-element-103461c elementor-widget elementor-widget-text-editor\" data-id=\"103461c\" data-element_type=\"widget\" data-widget_type=\"text-editor.default\">\n\t\t\t\t<div class=\"elementor-widget-container\">\n\t\t\t\t\t\t\t\t\t<p>\n            <span style=\"font-weight: 400;\">Esta tradici\u00f3n se remonta a la \u00e9poca de la esclavitud, cuando las personas esclavizadas se reun\u00edan para celebrar su cultura e identidad, a menudo con disfraces que se burlaban de sus amos. Hoy en d\u00eda, el Jouvert se erige como s\u00edmbolo de resistencia y autoafirmaci\u00f3n, uniendo a miles de participantes que bailan en las calles y creando una atm\u00f3sfera euf\u00f3rica. <\/span>\n          <\/p>\n\t\t\t\t\t\t\t\t<\/div>\n\t\t\t\t<\/div>\n\t\t\t\t\t<\/div>\n\t\t<\/div>\n\t\t\t\t\t<\/div>\n\t\t<\/section>\n\t\t\t\t<section class=\"elementor-section elementor-inner-section elementor-element elementor-element-1ffcfff elementor-section-boxed elementor-section-height-default elementor-section-height-default\" data-id=\"1ffcfff\" data-element_type=\"section\">\n\t\t\t\t\t\t<div class=\"elementor-container elementor-column-gap-default\">\n\t\t\t\t\t<div class=\"elementor-column elementor-col-100 elementor-inner-column elementor-element elementor-element-ab33bc7\" data-id=\"ab33bc7\" data-element_type=\"column\">\n\t\t\t<div class=\"elementor-widget-wrap elementor-element-populated\">\n\t\t\t\t\t\t<div class=\"elementor-element elementor-element-83b4aa6 elementor-widget elementor-widget-text-editor\" data-id=\"83b4aa6\" data-element_type=\"widget\" data-widget_type=\"text-editor.default\">\n\t\t\t\t<div class=\"elementor-widget-container\">\n\t\t\t\t\t\t\t\t\t<h3>\n            <b>M\u00e1scaras y disfraces<\/b><br \/>\n          <\/h3>\n<p><span style=\"font-weight: 400;\">Los disfraces, o <\/span><b>&#8220;mas&#8221;<\/b><span style=\"font-weight: 400;\"> est\u00e1n en el coraz\u00f3n del <\/span><b>Carnaval de Trinidad y Tobago<\/b><span style=\"font-weight: 400;\">. Mas groups spend months designing   <\/span><b>elabora  <\/b><span style=\"font-weight: 400;\">disfraces, a menudo inspirados en temas sociales, pol\u00edticos o hist\u00f3ricos. Los participantes eligen un grupo y visten coloridos trajes adornados con plumas, lentejuelas y abalorios. El desfile principal, que se celebra el lunes y el martes de Carnaval, es un espect\u00e1culo deslumbrante en el que miles de personas desfilan por las calles, contribuyendo a crear un ambiente vibrante y euf\u00f3rico.  <\/span><\/p>\n\t\t\t\t\t\t\t\t<\/div>\n\t\t\t\t<\/div>\n\t\t\t\t\t<\/div>\n\t\t<\/div>\n\t\t\t\t\t<\/div>\n\t\t<\/section>\n\t\t\t\t<section class=\"elementor-section elementor-inner-section elementor-element elementor-element-36731b3 elementor-section-boxed elementor-section-height-default elementor-section-height-default\" data-id=\"36731b3\" data-element_type=\"section\">\n\t\t\t\t\t\t<div class=\"elementor-container elementor-column-gap-default\">\n\t\t\t\t\t<div class=\"elementor-column elementor-col-100 elementor-inner-column elementor-element elementor-element-76e1e5f\" data-id=\"76e1e5f\" data-element_type=\"column\">\n\t\t\t<div class=\"elementor-widget-wrap elementor-element-populated\">\n\t\t\t\t\t\t<div class=\"elementor-element elementor-element-e04cd34 elementor-widget elementor-widget-text-editor\" data-id=\"e04cd34\" data-element_type=\"widget\" data-widget_type=\"text-editor.default\">\n\t\t\t\t<div class=\"elementor-widget-container\">\n\t\t\t\t\t\t\t\t\t<p><span style=\"font-weight: 400;\">Los disfraces suelen basarse en personajes mitol\u00f3gicos, figuras hist\u00f3ricas o temas contempor\u00e1neos, y cada grupo de mas presenta un tema \u00fanico. Los talleres de creaci\u00f3n de disfraces desempe\u00f1an un papel crucial en la preparaci\u00f3n del carnaval, donde artesanos y dise\u00f1adores colaboran para dar vida a visiones art\u00edsticas. Estos disfraces no son s\u00f3lo ropa; son poderosas expresiones art\u00edsticas y culturales que realzan el sentido de pertenencia a la    <\/span><b>Carnaval de Trinidad y Tobago<\/b><span style=\"font-weight: 400;\">.<\/span><\/p>\n\t\t\t\t\t\t\t\t<\/div>\n\t\t\t\t<\/div>\n\t\t\t\t\t<\/div>\n\t\t<\/div>\n\t\t\t\t\t<\/div>\n\t\t<\/section>\n\t\t\t\t\t<\/div>\n\t\t<\/div>\n\t\t\t\t\t<\/div>\n\t\t<\/section>\n\t\t\t\t<section class=\"elementor-section elementor-top-section elementor-element elementor-element-b514339 elementor-section-boxed elementor-section-height-default elementor-section-height-default\" data-id=\"b514339\" data-element_type=\"section\">\n\t\t\t\t\t\t<div class=\"elementor-container elementor-column-gap-default\">\n\t\t\t\t\t<div class=\"elementor-column elementor-col-100 elementor-top-column elementor-element elementor-element-941a2af\" data-id=\"941a2af\" data-element_type=\"column\">\n\t\t\t<div class=\"elementor-widget-wrap elementor-element-populated\">\n\t\t\t\t\t\t<div class=\"elementor-element elementor-element-15c3826 elementor-widget elementor-widget-heading\" data-id=\"15c3826\" data-element_type=\"widget\" data-widget_type=\"heading.default\">\n\t\t\t\t<div class=\"elementor-widget-container\">\n\t\t\t\t\t<h2 class=\"elementor-heading-title elementor-size-default\">Costumbres y simbolismo<\/h2>\t\t\t\t<\/div>\n\t\t\t\t<\/div>\n\t\t\t\t<section class=\"elementor-section elementor-inner-section elementor-element elementor-element-7306540 elementor-section-boxed elementor-section-height-default elementor-section-height-default\" data-id=\"7306540\" data-element_type=\"section\">\n\t\t\t\t\t\t<div class=\"elementor-container elementor-column-gap-default\">\n\t\t\t\t\t<div class=\"elementor-column elementor-col-100 elementor-inner-column elementor-element elementor-element-d350baa\" data-id=\"d350baa\" data-element_type=\"column\">\n\t\t\t<div class=\"elementor-widget-wrap elementor-element-populated\">\n\t\t\t\t\t\t<div class=\"elementor-element elementor-element-c3a56ec elementor-widget elementor-widget-text-editor\" data-id=\"c3a56ec\" data-element_type=\"widget\" data-widget_type=\"text-editor.default\">\n\t\t\t\t<div class=\"elementor-widget-container\">\n\t\t\t\t\t\t\t\t\t<h3>\n            <b>M\u00fasica<\/b><br \/>\n          <\/h3>\n<p><span style=\"font-weight: 400;\">La m\u00fasica es el alma del <\/span><b>Carnaval de Trinidad y Tobago<\/b><span style=\"font-weight: 400;\">. Genres like   <\/span><b>calipso<\/b><span style=\"font-weight: 400;\"> y <\/span><b>soca<\/b><span style=\"font-weight: 400;\">  dominan el paisaje sonoro, con artistas que componen canciones pegadizas espec\u00edficamente para el evento. La m\u00fasica steelpan, tocada con tambores de acero, es tambi\u00e9n un elemento clave, que a\u00f1ade un sonido \u00fanico al carnaval. Los concursos de calypso y soca atraen a talentos excepcionales de toda la isla y son los momentos culminantes del festival.  <\/span><\/p>\n\t\t\t\t\t\t\t\t<\/div>\n\t\t\t\t<\/div>\n\t\t\t\t\t<\/div>\n\t\t<\/div>\n\t\t\t\t\t<\/div>\n\t\t<\/section>\n\t\t\t\t<section class=\"elementor-section elementor-inner-section elementor-element elementor-element-ef5bdb9 elementor-section-boxed elementor-section-height-default elementor-section-height-default\" data-id=\"ef5bdb9\" data-element_type=\"section\">\n\t\t\t\t\t\t<div class=\"elementor-container elementor-column-gap-default\">\n\t\t\t\t\t<div class=\"elementor-column elementor-col-100 elementor-inner-column elementor-element elementor-element-7a5e1c2\" data-id=\"7a5e1c2\" data-element_type=\"column\">\n\t\t\t<div class=\"elementor-widget-wrap elementor-element-populated\">\n\t\t\t\t\t\t<div class=\"elementor-element elementor-element-2542ad6 elementor-widget elementor-widget-text-editor\" data-id=\"2542ad6\" data-element_type=\"widget\" data-widget_type=\"text-editor.default\">\n\t\t\t\t<div class=\"elementor-widget-container\">\n\t\t\t\t\t\t\t\t\t<p><span style=\"font-weight: 400;\">Los artistas de calypso suelen utilizar sus canciones para abordar cuestiones sociales y pol\u00edticas, haciendo que el <\/span><b>Carnaval de Trinidad y Tobago<\/b><span style=\"font-weight: 400;\">  un espacio para la cr\u00edtica social y la expresi\u00f3n. La soca, en cambio, es m\u00e1s alegre y festiva, y fomenta el baile y la celebraci\u00f3n. Las bandas de steelpan, que act\u00faan durante el    <\/span><b>Carnaval de Trinidad y Tobago<\/b><span style=\"font-weight: 400;\">a\u00f1aden una dimensi\u00f3n musical adicional, llenando las calles de ritmos contagiosos.<\/span><\/p>\n\t\t\t\t\t\t\t\t<\/div>\n\t\t\t\t<\/div>\n\t\t\t\t<section class=\"elementor-section elementor-inner-section elementor-element elementor-element-8f26ce1 elementor-section-boxed elementor-section-height-default elementor-section-height-default\" data-id=\"8f26ce1\" data-element_type=\"section\">\n\t\t\t\t\t\t<div class=\"elementor-container elementor-column-gap-default\">\n\t\t\t\t\t<div class=\"elementor-column elementor-col-100 elementor-inner-column elementor-element elementor-element-e30cdfd\" data-id=\"e30cdfd\" data-element_type=\"column\">\n\t\t\t<div class=\"elementor-widget-wrap elementor-element-populated\">\n\t\t\t\t\t\t<div class=\"elementor-element elementor-element-b75784f elementor-widget elementor-widget-image\" data-id=\"b75784f\" data-element_type=\"widget\" data-widget_type=\"image.default\">\n\t\t\t\t<div class=\"elementor-widget-container\">\n\t\t\t\t\t\t\t\t\t\t\t\t<figure class=\"wp-caption\">\n\t\t\t\t\t\t\t\t\t\t<img fetchpriority=\"high\" decoding=\"async\" width=\"800\" height=\"530\" src=\"https:\/\/richeskarayib.com\/wp-content\/uploads\/2024\/11\/stock-photo-port-of-spain-trinidad-february-bishops-steel-orchestra-perform-in-the-trinidad-red-cross-s-2421049547-Modifie-1-1024x679.jpg\" class=\"attachment-large size-large wp-image-41874\" alt=\"Carnival of Trinidad and Tobago\" srcset=\"https:\/\/richeskarayib.com\/wp-content\/uploads\/2024\/11\/stock-photo-port-of-spain-trinidad-february-bishops-steel-orchestra-perform-in-the-trinidad-red-cross-s-2421049547-Modifie-1-1024x679.jpg 1024w, https:\/\/richeskarayib.com\/wp-content\/uploads\/2024\/11\/stock-photo-port-of-spain-trinidad-february-bishops-steel-orchestra-perform-in-the-trinidad-red-cross-s-2421049547-Modifie-1-300x199.jpg 300w, https:\/\/richeskarayib.com\/wp-content\/uploads\/2024\/11\/stock-photo-port-of-spain-trinidad-february-bishops-steel-orchestra-perform-in-the-trinidad-red-cross-s-2421049547-Modifie-1-768x509.jpg 768w, https:\/\/richeskarayib.com\/wp-content\/uploads\/2024\/11\/stock-photo-port-of-spain-trinidad-february-bishops-steel-orchestra-perform-in-the-trinidad-red-cross-s-2421049547-Modifie-1-1320x875.jpg 1320w, https:\/\/richeskarayib.com\/wp-content\/uploads\/2024\/11\/stock-photo-port-of-spain-trinidad-february-bishops-steel-orchestra-perform-in-the-trinidad-red-cross-s-2421049547-Modifie-1.jpg 1500w\" sizes=\"(max-width: 800px) 100vw, 800px\" \/>\t\t\t\t\t\t\t\t\t\t\t<figcaption class=\"widget-image-caption wp-caption-text\">Young musicians showcase their talent in a dynamic steel pan ensemble.<\/figcaption>\n\t\t\t\t\t\t\t\t\t\t<\/figure>\n\t\t\t\t\t\t\t\t\t<\/div>\n\t\t\t\t<\/div>\n\t\t\t\t\t<\/div>\n\t\t<\/div>\n\t\t\t\t\t<\/div>\n\t\t<\/section>\n\t\t\t\t\t<\/div>\n\t\t<\/div>\n\t\t\t\t\t<\/div>\n\t\t<\/section>\n\t\t\t\t<section class=\"elementor-section elementor-inner-section elementor-element elementor-element-86dab38 elementor-section-boxed elementor-section-height-default elementor-section-height-default\" data-id=\"86dab38\" data-element_type=\"section\">\n\t\t\t\t\t\t<div class=\"elementor-container elementor-column-gap-default\">\n\t\t\t\t\t<div class=\"elementor-column elementor-col-100 elementor-inner-column elementor-element elementor-element-b974fe0\" data-id=\"b974fe0\" data-element_type=\"column\">\n\t\t\t<div class=\"elementor-widget-wrap elementor-element-populated\">\n\t\t\t\t\t\t<div class=\"elementor-element elementor-element-c0ecabf elementor-widget elementor-widget-text-editor\" data-id=\"c0ecabf\" data-element_type=\"widget\" data-widget_type=\"text-editor.default\">\n\t\t\t\t<div class=\"elementor-widget-container\">\n\t\t\t\t\t\t\t\t\t<p><span style=\"font-weight: 400;\">Los disfraces del <\/span><b>Carnaval de Trinidad y Tobago<\/b><span style=\"font-weight: 400;\"> son algo m\u00e1s que un simple atuendo: son poderosas expresiones art\u00edsticas y culturales. <\/span> <\/p>\n\t\t\t\t\t\t\t\t<\/div>\n\t\t\t\t<\/div>\n\t\t\t\t\t<\/div>\n\t\t<\/div>\n\t\t\t\t\t<\/div>\n\t\t<\/section>\n\t\t\t\t<section class=\"elementor-section elementor-inner-section elementor-element elementor-element-03424ff elementor-section-boxed elementor-section-height-default elementor-section-height-default\" data-id=\"03424ff\" data-element_type=\"section\">\n\t\t\t\t\t\t<div class=\"elementor-container elementor-column-gap-default\">\n\t\t\t\t\t<div class=\"elementor-column elementor-col-100 elementor-inner-column elementor-element elementor-element-22b9bf9\" data-id=\"22b9bf9\" data-element_type=\"column\">\n\t\t\t<div class=\"elementor-widget-wrap elementor-element-populated\">\n\t\t\t\t\t\t<div class=\"elementor-element elementor-element-fb9e6fb elementor-widget elementor-widget-text-editor\" data-id=\"fb9e6fb\" data-element_type=\"widget\" data-widget_type=\"text-editor.default\">\n\t\t\t\t<div class=\"elementor-widget-container\">\n\t\t\t\t\t\t\t\t\t<p>\n            <span style=\"font-weight: 400;\">Cada traje cuenta una historia apasionante, a menudo relacionada con la historia colonial, las luchas sociales o las celebraciones de la vida. Las plumas simbolizan la libertad y la creatividad, mientras que los colores vibrantes reflejan la alegr\u00eda y la energ\u00eda del pueblo trinitense. Los temas de los disfraces tambi\u00e9n pueden abordar cuestiones contempor\u00e1neas, ofreciendo comentarios sociales sobre acontecimientos actuales. Por ejemplo, algunos disfraces pueden evocar luchas por los derechos civiles o celebrar la diversidad \u00e9tnica.   <\/span>\n          <\/p>\n\t\t\t\t\t\t\t\t<\/div>\n\t\t\t\t<\/div>\n\t\t\t\t\t<\/div>\n\t\t<\/div>\n\t\t\t\t\t<\/div>\n\t\t<\/section>\n\t\t\t\t<section class=\"elementor-section elementor-inner-section elementor-element elementor-element-2f3362b elementor-section-boxed elementor-section-height-default elementor-section-height-default\" data-id=\"2f3362b\" data-element_type=\"section\">\n\t\t\t\t\t\t<div class=\"elementor-container elementor-column-gap-default\">\n\t\t\t\t\t<div class=\"elementor-column elementor-col-100 elementor-inner-column elementor-element elementor-element-a488ce7\" data-id=\"a488ce7\" data-element_type=\"column\">\n\t\t\t<div class=\"elementor-widget-wrap elementor-element-populated\">\n\t\t\t\t\t\t<div class=\"elementor-element elementor-element-576bedb elementor-widget elementor-widget-text-editor\" data-id=\"576bedb\" data-element_type=\"widget\" data-widget_type=\"text-editor.default\">\n\t\t\t\t<div class=\"elementor-widget-container\">\n\t\t\t\t\t\t\t\t\t<p><span style=\"font-weight: 400;\">El <\/span><b>Carnaval de Trinidad y Tobago<\/b><span style=\"font-weight: 400;\">  tambi\u00e9n representa la riqueza cultural de Trinidad y Tobago, con participantes de diversos or\u00edgenes \u00e9tnicos que se re\u00fanen para celebrar su identidad com\u00fan. Esta diversidad se refleja en los trajes, la m\u00fasica y los bailes, mostrando que la   <\/span><b>El Carnaval de Trinidad y Tobago<\/b><span style=\"font-weight: 400;\"> es un verdadero crisol cultural.<\/span><\/p>\n\t\t\t\t\t\t\t\t<\/div>\n\t\t\t\t<\/div>\n\t\t\t\t<section class=\"elementor-section elementor-inner-section elementor-element elementor-element-f63d161 elementor-section-boxed elementor-section-height-default elementor-section-height-default\" data-id=\"f63d161\" data-element_type=\"section\">\n\t\t\t\t\t\t<div class=\"elementor-container elementor-column-gap-default\">\n\t\t\t\t\t<div class=\"elementor-column elementor-col-100 elementor-inner-column elementor-element elementor-element-45d2100\" data-id=\"45d2100\" data-element_type=\"column\">\n\t\t\t<div class=\"elementor-widget-wrap elementor-element-populated\">\n\t\t\t\t\t\t<div class=\"elementor-element elementor-element-d3425e3 elementor-widget elementor-widget-image\" data-id=\"d3425e3\" data-element_type=\"widget\" data-widget_type=\"image.default\">\n\t\t\t\t<div class=\"elementor-widget-container\">\n\t\t\t\t\t\t\t\t\t\t\t\t<figure class=\"wp-caption\">\n\t\t\t\t\t\t\t\t\t\t<img decoding=\"async\" width=\"800\" height=\"532\" src=\"https:\/\/richeskarayib.com\/wp-content\/uploads\/2024\/11\/stock-photo-port-of-spain-trinidad-february-masqueraders-enjoy-themselfs-in-the-harts-carnival-1656067528-Modifie-1024x681.jpg\" class=\"attachment-large size-large wp-image-41878\" alt=\"Carnival of Trinidad and Tobago\" srcset=\"https:\/\/richeskarayib.com\/wp-content\/uploads\/2024\/11\/stock-photo-port-of-spain-trinidad-february-masqueraders-enjoy-themselfs-in-the-harts-carnival-1656067528-Modifie-1024x681.jpg 1024w, https:\/\/richeskarayib.com\/wp-content\/uploads\/2024\/11\/stock-photo-port-of-spain-trinidad-february-masqueraders-enjoy-themselfs-in-the-harts-carnival-1656067528-Modifie-300x200.jpg 300w, https:\/\/richeskarayib.com\/wp-content\/uploads\/2024\/11\/stock-photo-port-of-spain-trinidad-february-masqueraders-enjoy-themselfs-in-the-harts-carnival-1656067528-Modifie-768x511.jpg 768w, https:\/\/richeskarayib.com\/wp-content\/uploads\/2024\/11\/stock-photo-port-of-spain-trinidad-february-masqueraders-enjoy-themselfs-in-the-harts-carnival-1656067528-Modifie-1320x878.jpg 1320w, https:\/\/richeskarayib.com\/wp-content\/uploads\/2024\/11\/stock-photo-port-of-spain-trinidad-february-masqueraders-enjoy-themselfs-in-the-harts-carnival-1656067528-Modifie.jpg 1500w\" sizes=\"(max-width: 800px) 100vw, 800px\" \/>\t\t\t\t\t\t\t\t\t\t\t<figcaption class=\"widget-image-caption wp-caption-text\">Participants celebrate in stunning costumes, embodying the spirit of Carnival.<\/figcaption>\n\t\t\t\t\t\t\t\t\t\t<\/figure>\n\t\t\t\t\t\t\t\t\t<\/div>\n\t\t\t\t<\/div>\n\t\t\t\t\t<\/div>\n\t\t<\/div>\n\t\t\t\t\t<\/div>\n\t\t<\/section>\n\t\t\t\t\t<\/div>\n\t\t<\/div>\n\t\t\t\t\t<\/div>\n\t\t<\/section>\n\t\t\t\t\t<\/div>\n\t\t<\/div>\n\t\t\t\t\t<\/div>\n\t\t<\/section>\n\t\t\t\t<section class=\"elementor-section elementor-top-section elementor-element elementor-element-8dbc34b elementor-section-boxed elementor-section-height-default elementor-section-height-default\" data-id=\"8dbc34b\" data-element_type=\"section\">\n\t\t\t\t\t\t<div class=\"elementor-container elementor-column-gap-default\">\n\t\t\t\t\t<div class=\"elementor-column elementor-col-100 elementor-top-column elementor-element elementor-element-6003bc0\" data-id=\"6003bc0\" data-element_type=\"column\">\n\t\t\t<div class=\"elementor-widget-wrap elementor-element-populated\">\n\t\t\t\t\t\t<div class=\"elementor-element elementor-element-6bf9e70 elementor-widget elementor-widget-heading\" data-id=\"6bf9e70\" data-element_type=\"widget\" data-widget_type=\"heading.default\">\n\t\t\t\t<div class=\"elementor-widget-container\">\n\t\t\t\t\t<h2 class=\"elementor-heading-title elementor-size-default\">Importancia del Carnaval en la Identidad Nacional<\/h2>\t\t\t\t<\/div>\n\t\t\t\t<\/div>\n\t\t\t\t<div class=\"elementor-element elementor-element-aec0034 elementor-widget elementor-widget-text-editor\" data-id=\"aec0034\" data-element_type=\"widget\" data-widget_type=\"text-editor.default\">\n\t\t\t\t<div class=\"elementor-widget-container\">\n\t\t\t\t\t\t\t\t\t<h3>\n            <b>Cohesi\u00f3n social<\/b><br \/>\n          <\/h3>\n<p><span style=\"font-weight: 400;\">El <\/span><b>Carnaval de Trinidad y Tobago<\/b><span style=\"font-weight: 400;\">  es un momento en el que las diferencias sociales, econ\u00f3micas y \u00e9tnicas se desvanecen. Es una celebraci\u00f3n inclusiva que re\u00fane a personas de todas las clases sociales. La participaci\u00f3n masiva en el acontecimiento refuerza los lazos comunitarios y fomenta el sentimiento de pertenencia a una naci\u00f3n unida. Los habitantes de Trinidad y Tobago, independientemente de su condici\u00f3n, se unen a las festividades, creando una fascinante mezcla de energ\u00edas y emociones.   <\/span><\/p>\n\t\t\t\t\t\t\t\t<\/div>\n\t\t\t\t<\/div>\n\t\t\t\t<div class=\"elementor-element elementor-element-b4cbeb9 elementor-widget elementor-widget-text-editor\" data-id=\"b4cbeb9\" data-element_type=\"widget\" data-widget_type=\"text-editor.default\">\n\t\t\t\t<div class=\"elementor-widget-container\">\n\t\t\t\t\t\t\t\t\t<h3>\n            <b>Expresi\u00f3n cultural<\/b><br \/>\n          <\/h3>\n<p><span style=\"font-weight: 400;\">El <\/span><b>Carnaval de Trinidad y Tobago<\/b><span style=\"font-weight: 400;\">  proporciona una plataforma para la expresi\u00f3n cultural. Artistas, m\u00fasicos, dise\u00f1adores e int\u00e9rpretes muestran su creatividad y talento, contribuyendo a la vibrante riqueza cultural del pa\u00eds. El carnaval tambi\u00e9n preserva y transmite tradiciones y pr\u00e1cticas culturales a las generaciones futuras. Muchos j\u00f3venes participan activamente en los preparativos, aprendiendo las habilidades necesarias para crear disfraces, tocar m\u00fasica o bailar.   <\/span><\/p>\n\t\t\t\t\t\t\t\t<\/div>\n\t\t\t\t<\/div>\n\t\t\t\t<div class=\"elementor-element elementor-element-9e5c7cc elementor-widget elementor-widget-text-editor\" data-id=\"9e5c7cc\" data-element_type=\"widget\" data-widget_type=\"text-editor.default\">\n\t\t\t\t<div class=\"elementor-widget-container\">\n\t\t\t\t\t\t\t\t\t<h3>\n            <b>Atracci\u00f3n tur\u00edstica<\/b><br \/>\n          <\/h3>\n<p><span style=\"font-weight: 400;\">El <\/span><b>Carnaval de Trinidad y Tobago<\/b><span style=\"font-weight: 400;\">  es una importante atracci\u00f3n tur\u00edstica, que atrae a visitantes de todo el mundo. Esto tiene un impacto econ\u00f3mico positivo, ya que genera ingresos para el pa\u00eds y promueve la cultura trinitense en la escena internacional.   <\/span><\/p>\n\t\t\t\t\t\t\t\t<\/div>\n\t\t\t\t<\/div>\n\t\t\t\t<div class=\"elementor-element elementor-element-a6ec383 elementor-widget elementor-widget-text-editor\" data-id=\"a6ec383\" data-element_type=\"widget\" data-widget_type=\"text-editor.default\">\n\t\t\t\t<div class=\"elementor-widget-container\">\n\t\t\t\t\t\t\t\t\t<p><span style=\"font-weight: 400;\">  Los turistas vienen no s\u00f3lo para presenciar el espect\u00e1culo, sino tambi\u00e9n para participar en esta celebraci\u00f3n \u00fanica, reforzando a\u00fan m\u00e1s la identidad nacional. A menudo, los visitantes quedan asombrados por la creatividad, la pasi\u00f3n y la energ\u00eda que emanan del   <\/span><b>Carnaval de Trinidad y Tobago<\/b><span style=\"font-weight: 400;\">contribuyendo a la reputaci\u00f3n internacional de Trinidad y Tobago como destino cultural.<\/span><\/p>\n\t\t\t\t\t\t\t\t<\/div>\n\t\t\t\t<\/div>\n\t\t\t\t\t<\/div>\n\t\t<\/div>\n\t\t\t\t\t<\/div>\n\t\t<\/section>\n\t\t\t\t<section class=\"elementor-section elementor-top-section elementor-element elementor-element-f4f66c9 elementor-section-boxed elementor-section-height-default elementor-section-height-default\" data-id=\"f4f66c9\" data-element_type=\"section\">\n\t\t\t\t\t\t<div class=\"elementor-container elementor-column-gap-default\">\n\t\t\t\t\t<div class=\"elementor-column elementor-col-100 elementor-top-column elementor-element elementor-element-d788ba4\" data-id=\"d788ba4\" data-element_type=\"column\">\n\t\t\t<div class=\"elementor-widget-wrap elementor-element-populated\">\n\t\t\t\t\t\t<div class=\"elementor-element elementor-element-985345c elementor-widget elementor-widget-text-editor\" data-id=\"985345c\" data-element_type=\"widget\" data-widget_type=\"text-editor.default\">\n\t\t\t\t<div class=\"elementor-widget-container\">\n\t\t\t\t\t\t\t\t\t<p><span style=\"font-weight: 400;\">El <\/span><b>Carnaval de Trinidad y Tobago<\/b><span style=\"font-weight: 400;\">  es mucho m\u00e1s que un festival: es una celebraci\u00f3n de la identidad nacional, la cultura y el patrimonio de un pueblo. A trav\u00e9s de sus tradiciones, trajes y m\u00fasica, la   <\/span><b>El Carnaval de Trinidad y Tobago<\/b><span style=\"font-weight: 400;\"> encarna el esp\u00edritu vibrante y la resistencia de los trinitenses y tobagoneses. <\/span> <\/p>\n\t\t\t\t\t\t\t\t<\/div>\n\t\t\t\t<\/div>\n\t\t\t\t\t<\/div>\n\t\t<\/div>\n\t\t\t\t\t<\/div>\n\t\t<\/section>\n\t\t\t\t<section class=\"elementor-section elementor-top-section elementor-element elementor-element-bf530f7 elementor-section-boxed elementor-section-height-default elementor-section-height-default\" data-id=\"bf530f7\" data-element_type=\"section\">\n\t\t\t\t\t\t<div class=\"elementor-container elementor-column-gap-default\">\n\t\t\t\t\t<div class=\"elementor-column elementor-col-100 elementor-top-column elementor-element elementor-element-da8faf8\" data-id=\"da8faf8\" data-element_type=\"column\">\n\t\t\t<div class=\"elementor-widget-wrap elementor-element-populated\">\n\t\t\t\t\t\t<div class=\"elementor-element elementor-element-3a4774b elementor-widget elementor-widget-text-editor\" data-id=\"3a4774b\" data-element_type=\"widget\" data-widget_type=\"text-editor.default\">\n\t\t\t\t<div class=\"elementor-widget-container\">\n\t\t\t\t\t\t\t\t\t<p><span style=\"font-weight: 400;\">Al reunir a personas de todos los or\u00edgenes, refuerza los lazos de la comunidad y promueve un ambiente positivo. <\/span><b>positiva<\/b><span style=\"font-weight: 400;\">  imagen de la naci\u00f3n en la escena mundial. El sitio   <\/span><b>Carnaval de Trinidad y Tobago<\/b><span style=\"font-weight: 400;\">  es un s\u00edmbolo vivo de la diversidad y la unidad que caracterizan al Caribe. Al celebrar este acontecimiento, Trinidad y Tobago no s\u00f3lo honra su historia, sino que tambi\u00e9n abraza su futuro, permitiendo que cada participante se exprese y conecte con un patrimonio cultural rico y din\u00e1mico. <\/span><\/p>\n\t\t\t\t\t\t\t\t<\/div>\n\t\t\t\t<\/div>\n\t\t\t\t\t<\/div>\n\t\t<\/div>\n\t\t\t\t\t<\/div>\n\t\t<\/section>\n\t\t\t\t<\/div>\n\t\t","protected":false},"excerpt":{"rendered":"<p>El Carnaval de Trinidad y Tobago es uno de los m\u00e1s emblem\u00e1ticos y vibrantes festivales del mundo. Celebrada anualmente antes del Mi\u00e9rcoles de Ceniza, este acontecimiento marca el culmen de una serie de estimulantes festividades que duran varios meses. . El Carnaval de Trinidad y Tobago no es s\u00f3lo una celebraci\u00f3n de la m\u00fasica, la [&hellip;]<\/p>\n","protected":false},"author":400,"featured_media":41866,"comment_status":"open","ping_status":"open","sticky":false,"template":"","format":"standard","meta":{"_acf_changed":false,"footnotes":""},"categories":[834],"tags":[1519],"class_list":["post-42501","post","type-post","status-publish","format-standard","has-post-thumbnail","hentry","category-musica","tag-trinidad-y-tobago"],"acf":[],"_links":{"self":[{"href":"https:\/\/richeskarayib.com\/es\/wp-json\/wp\/v2\/posts\/42501","targetHints":{"allow":["GET"]}}],"collection":[{"href":"https:\/\/richeskarayib.com\/es\/wp-json\/wp\/v2\/posts"}],"about":[{"href":"https:\/\/richeskarayib.com\/es\/wp-json\/wp\/v2\/types\/post"}],"author":[{"embeddable":true,"href":"https:\/\/richeskarayib.com\/es\/wp-json\/wp\/v2\/users\/400"}],"replies":[{"embeddable":true,"href":"https:\/\/richeskarayib.com\/es\/wp-json\/wp\/v2\/comments?post=42501"}],"version-history":[{"count":0,"href":"https:\/\/richeskarayib.com\/es\/wp-json\/wp\/v2\/posts\/42501\/revisions"}],"wp:featuredmedia":[{"embeddable":true,"href":"https:\/\/richeskarayib.com\/es\/wp-json\/wp\/v2\/media\/41866"}],"wp:attachment":[{"href":"https:\/\/richeskarayib.com\/es\/wp-json\/wp\/v2\/media?parent=42501"}],"wp:term":[{"taxonomy":"category","embeddable":true,"href":"https:\/\/richeskarayib.com\/es\/wp-json\/wp\/v2\/categories?post=42501"},{"taxonomy":"post_tag","embeddable":true,"href":"https:\/\/richeskarayib.com\/es\/wp-json\/wp\/v2\/tags?post=42501"}],"curies":[{"name":"wp","href":"https:\/\/api.w.org\/{rel}","templated":true}]}}