{"id":42573,"date":"2024-12-15T05:05:45","date_gmt":"2024-12-15T05:05:45","guid":{"rendered":"https:\/\/richeskarayib.com\/liat-airlines-revoluciona-la-conectividad-con-las-islas-virgenes\/"},"modified":"2024-12-15T08:10:12","modified_gmt":"2024-12-15T08:10:12","slug":"liat-airlines-revoluciona-la-conectividad-con-las-islas-virgenes","status":"publish","type":"post","link":"https:\/\/richeskarayib.com\/es\/liat-airlines-revoluciona-la-conectividad-con-las-islas-virgenes\/","title":{"rendered":"LIAT Airlines revoluciona la conectividad con las Islas V\u00edrgenes"},"content":{"rendered":"\t\t<div data-elementor-type=\"wp-post\" data-elementor-id=\"42573\" class=\"elementor elementor-42573 elementor-42457\" data-elementor-post-type=\"post\">\n\t\t\t\t\t\t<section class=\"elementor-section elementor-top-section elementor-element elementor-element-b0ccd15 elementor-section-boxed elementor-section-height-default elementor-section-height-default\" data-id=\"b0ccd15\" data-element_type=\"section\">\n\t\t\t\t\t\t<div class=\"elementor-container elementor-column-gap-default\">\n\t\t\t\t\t<div class=\"elementor-column elementor-col-100 elementor-top-column elementor-element elementor-element-99dbec5\" data-id=\"99dbec5\" data-element_type=\"column\">\n\t\t\t<div class=\"elementor-widget-wrap elementor-element-populated\">\n\t\t\t\t\t\t<section class=\"elementor-section elementor-inner-section elementor-element elementor-element-23cdfd9 elementor-section-boxed elementor-section-height-default elementor-section-height-default\" data-id=\"23cdfd9\" data-element_type=\"section\">\n\t\t\t\t\t\t<div class=\"elementor-container elementor-column-gap-default\">\n\t\t\t\t\t<div class=\"elementor-column elementor-col-100 elementor-inner-column elementor-element elementor-element-50d8ace\" data-id=\"50d8ace\" data-element_type=\"column\">\n\t\t\t<div class=\"elementor-widget-wrap elementor-element-populated\">\n\t\t\t\t\t\t<div class=\"elementor-element elementor-element-4df4d99 elementor-widget elementor-widget-text-editor\" data-id=\"4df4d99\" data-element_type=\"widget\" data-widget_type=\"text-editor.default\">\n\t\t\t\t<div class=\"elementor-widget-container\">\n\t\t\t\t\t\t\t\t\t<p><a href=\"https:\/\/www.instagram.com\/flyliat2020\/\" target=\"_blank\" rel=\"noopener nofollow\"><b>LIAT Airlines<\/b><\/a><span style=\"font-weight: 400;\"> ha dado recientemente un gran paso adelante con el lanzamiento de una nueva ruta a las <\/span><a href=\"https:\/\/richeskarayib.com\/es\/informe-especial-parte-4-2020-2023-los-tesoros-culturales-del-caribe-patrimonio-inmaterial-reconocido-por-la-unesco\/\" target=\"_blank\" rel=\"noopener\"><b>Islas V\u00edrgenes Brit\u00e1nicas<\/b><\/a><span style=\"font-weight: 400;\">. Cette initiative marque un engagement renouvel\u00e9 envers la connectivit\u00e9 dans la r\u00e9gion, un aspect crucial pour le d\u00e9veloppement \u00e9conomique et culturel des \u00eeles carib\u00e9ennes. En offrant des options de voyage fiables et abordables,    <\/span><b>LIAT Airlines<\/b><span style=\"font-weight: 400;\"> contribuye a reforzar la integraci\u00f3n regional y a impulsar el sector tur\u00edstico.<\/span><\/p>\n\t\t\t\t\t\t\t\t<\/div>\n\t\t\t\t<\/div>\n\t\t\t\t\t<\/div>\n\t\t<\/div>\n\t\t\t\t\t<\/div>\n\t\t<\/section>\n\t\t\t\t\t<\/div>\n\t\t<\/div>\n\t\t\t\t\t<\/div>\n\t\t<\/section>\n\t\t\t\t<section class=\"elementor-section elementor-top-section elementor-element elementor-element-1389640 elementor-section-boxed elementor-section-height-default elementor-section-height-default\" data-id=\"1389640\" data-element_type=\"section\">\n\t\t\t\t\t\t<div class=\"elementor-container elementor-column-gap-default\">\n\t\t\t\t\t<div class=\"elementor-column elementor-col-100 elementor-top-column elementor-element elementor-element-62f5301\" data-id=\"62f5301\" data-element_type=\"column\">\n\t\t\t<div class=\"elementor-widget-wrap elementor-element-populated\">\n\t\t\t\t\t\t<div class=\"elementor-element elementor-element-07fed6e elementor-widget elementor-widget-heading\" data-id=\"07fed6e\" data-element_type=\"widget\" data-widget_type=\"heading.default\">\n\t\t\t\t<div class=\"elementor-widget-container\">\n\t\t\t\t\t<h2 class=\"elementor-heading-title elementor-size-default\">Hist\u00f3rico vuelo inaugural a las Islas V\u00edrgenes<\/h2>\t\t\t\t<\/div>\n\t\t\t\t<\/div>\n\t\t\t\t<div class=\"elementor-element elementor-element-5a71e13 elementor-widget elementor-widget-text-editor\" data-id=\"5a71e13\" data-element_type=\"widget\" data-widget_type=\"text-editor.default\">\n\t\t\t\t<div class=\"elementor-widget-container\">\n\t\t\t\t\t\t\t\t\t<p><span style=\"font-weight: 400;\">El vuelo inaugural de <\/span><a href=\"https:\/\/web.facebook.com\/story.php?story_fbid=122206441772063947&amp;id=61551918410207&amp;_rdc=1&amp;_rdr#\" target=\"_blank\" rel=\"noopener nofollow\"><b>LIAT Airlines<\/b><\/a><span style=\"font-weight: 400;\"> aterriz\u00f3 el domingo en el Aeropuerto Internacional Terrance B. Lettsome. Lettsome International Airport el domingo 8 de diciembre, demostrando el potencial de esta nueva ruta. En este acontecimiento hist\u00f3rico, el Primer Ministro de las Islas V\u00edrgenes, el Honorable Dr. Natalio D. Wheatley, subray\u00f3 la importancia del nuevo enlace para el desarrollo econ\u00f3mico de la regi\u00f3n.  <\/span><\/p>\n\t\t\t\t\t\t\t\t<\/div>\n\t\t\t\t<\/div>\n\t\t\t\t<section class=\"elementor-section elementor-inner-section elementor-element elementor-element-d60afcb elementor-section-boxed elementor-section-height-default elementor-section-height-default\" data-id=\"d60afcb\" data-element_type=\"section\">\n\t\t\t\t\t\t<div class=\"elementor-container elementor-column-gap-default\">\n\t\t\t\t\t<div class=\"elementor-column elementor-col-100 elementor-inner-column elementor-element elementor-element-2818b36\" data-id=\"2818b36\" data-element_type=\"column\">\n\t\t\t<div class=\"elementor-widget-wrap elementor-element-populated\">\n\t\t\t\t\t\t<div class=\"elementor-element elementor-element-cb38cea elementor-widget elementor-widget-text-editor\" data-id=\"cb38cea\" data-element_type=\"widget\" data-widget_type=\"text-editor.default\">\n\t\t\t\t<div class=\"elementor-widget-container\">\n\t\t\t\t\t\t\t\t\t<p><span style=\"font-weight: 400;\">&#8220;Hoy celebramos no s\u00f3lo la llegada de <\/span><b>LIAT Airlines<\/b><span style=\"font-weight: 400;\">Tambi\u00e9n reforzar\u00e1 nuestras conexiones dentro del Caribe. Este servicio es vital para fomentar el crecimiento econ\u00f3mico y potenciar los intercambios culturales entre nuestras islas&#8221;, declar\u00f3. <\/span><\/p>\n\t\t\t\t\t\t\t\t<\/div>\n\t\t\t\t<\/div>\n\t\t\t\t\t<\/div>\n\t\t<\/div>\n\t\t\t\t\t<\/div>\n\t\t<\/section>\n\t\t\t\t\t<\/div>\n\t\t<\/div>\n\t\t\t\t\t<\/div>\n\t\t<\/section>\n\t\t\t\t<section class=\"elementor-section elementor-top-section elementor-element elementor-element-a7a4b32 elementor-section-boxed elementor-section-height-default elementor-section-height-default\" data-id=\"a7a4b32\" data-element_type=\"section\">\n\t\t\t\t\t\t<div class=\"elementor-container elementor-column-gap-default\">\n\t\t\t\t\t<div class=\"elementor-column elementor-col-100 elementor-top-column elementor-element elementor-element-f79b573\" data-id=\"f79b573\" data-element_type=\"column\">\n\t\t\t<div class=\"elementor-widget-wrap elementor-element-populated\">\n\t\t\t\t\t\t<div class=\"elementor-element elementor-element-c00f5b2 elementor-widget elementor-widget-heading\" data-id=\"c00f5b2\" data-element_type=\"widget\" data-widget_type=\"heading.default\">\n\t\t\t\t<div class=\"elementor-widget-container\">\n\t\t\t\t\t<h2 class=\"elementor-heading-title elementor-size-default\">La visi\u00f3n de LIAT Airlines<\/h2>\t\t\t\t<\/div>\n\t\t\t\t<\/div>\n\t\t\t\t<section class=\"elementor-section elementor-inner-section elementor-element elementor-element-a24e32c elementor-section-boxed elementor-section-height-default elementor-section-height-default\" data-id=\"a24e32c\" data-element_type=\"section\">\n\t\t\t\t\t\t<div class=\"elementor-container elementor-column-gap-default\">\n\t\t\t\t\t<div class=\"elementor-column elementor-col-100 elementor-inner-column elementor-element elementor-element-31f95b2\" data-id=\"31f95b2\" data-element_type=\"column\">\n\t\t\t<div class=\"elementor-widget-wrap elementor-element-populated\">\n\t\t\t\t\t\t<div class=\"elementor-element elementor-element-0e46832 elementor-widget elementor-widget-text-editor\" data-id=\"0e46832\" data-element_type=\"widget\" data-widget_type=\"text-editor.default\">\n\t\t\t\t<div class=\"elementor-widget-container\">\n\t\t\t\t\t\t\t\t\t<p><span style=\"font-weight: 400;\">El director general de <\/span><b><a href=\"https:\/\/barbados.loopnews.com\/content\/antigua-liat-airlines-launches-service-british-virgin-islands\" target=\"_blank\" rel=\"noopener nofollow\">LIAT<\/a> (2020) Limited<\/b><span style=\"font-weight: 400;\">Hafsah Abdulsalam tambi\u00e9n expres\u00f3 su entusiasmo por el nuevo servicio. Afirm\u00f3 que el principal objetivo de la empresa es reconectar a  <\/span><b>Islas V\u00edrgenes Brit\u00e1nicas<\/b><span style=\"font-weight: 400;\"> con el resto del Caribe.<\/span><\/p>\n\t\t\t\t\t\t\t\t<\/div>\n\t\t\t\t<\/div>\n\t\t\t\t<div class=\"elementor-element elementor-element-b786316 elementor-widget elementor-widget-image\" data-id=\"b786316\" data-element_type=\"widget\" data-widget_type=\"image.default\">\n\t\t\t\t<div class=\"elementor-widget-container\">\n\t\t\t\t\t\t\t\t\t\t\t\t<figure class=\"wp-caption\">\n\t\t\t\t\t\t\t\t\t\t<img fetchpriority=\"high\" decoding=\"async\" width=\"800\" height=\"800\" src=\"https:\/\/richeskarayib.com\/wp-content\/uploads\/2024\/12\/469752114_122156729642309563_7811852295499470011_n-Modifie-1024x1024.jpg\" class=\"attachment-large size-large wp-image-42466\" alt=\"LIAT Airlines\" srcset=\"https:\/\/richeskarayib.com\/wp-content\/uploads\/2024\/12\/469752114_122156729642309563_7811852295499470011_n-Modifie-1024x1024.jpg 1024w, https:\/\/richeskarayib.com\/wp-content\/uploads\/2024\/12\/469752114_122156729642309563_7811852295499470011_n-Modifie-300x300.jpg 300w, https:\/\/richeskarayib.com\/wp-content\/uploads\/2024\/12\/469752114_122156729642309563_7811852295499470011_n-Modifie-150x150.jpg 150w, https:\/\/richeskarayib.com\/wp-content\/uploads\/2024\/12\/469752114_122156729642309563_7811852295499470011_n-Modifie-768x768.jpg 768w, https:\/\/richeskarayib.com\/wp-content\/uploads\/2024\/12\/469752114_122156729642309563_7811852295499470011_n-Modifie.jpg 1080w\" sizes=\"(max-width: 800px) 100vw, 800px\" \/>\t\t\t\t\t\t\t\t\t\t\t<figcaption class=\"widget-image-caption wp-caption-text\">LIAT Airlines Tortola<\/figcaption>\n\t\t\t\t\t\t\t\t\t\t<\/figure>\n\t\t\t\t\t\t\t\t\t<\/div>\n\t\t\t\t<\/div>\n\t\t\t\t<div class=\"elementor-element elementor-element-86807df elementor-widget elementor-widget-text-editor\" data-id=\"86807df\" data-element_type=\"widget\" data-widget_type=\"text-editor.default\">\n\t\t\t\t<div class=\"elementor-widget-container\">\n\t\t\t\t\t\t\t\t\t<p><span style=\"font-weight: 400;\">&#8220;Estamos encantados de volver a conectar las <\/span><b>Islas V\u00edrgenes<\/b><span style=\"font-weight: 400;\"> con el resto de la regi\u00f3n del Caribe. Nuestra prioridad es proporcionar servicios fiables que satisfagan las necesidades de los viajeros, al tiempo que promovemos el turismo regional&#8221;, a\u00f1adi\u00f3. <\/span><\/p>\n\t\t\t\t\t\t\t\t<\/div>\n\t\t\t\t<\/div>\n\t\t\t\t\t<\/div>\n\t\t<\/div>\n\t\t\t\t\t<\/div>\n\t\t<\/section>\n\t\t\t\t\t<\/div>\n\t\t<\/div>\n\t\t\t\t\t<\/div>\n\t\t<\/section>\n\t\t\t\t<section class=\"elementor-section elementor-top-section elementor-element elementor-element-a95c33f elementor-section-boxed elementor-section-height-default elementor-section-height-default\" data-id=\"a95c33f\" data-element_type=\"section\">\n\t\t\t\t\t\t<div class=\"elementor-container elementor-column-gap-default\">\n\t\t\t\t\t<div class=\"elementor-column elementor-col-100 elementor-top-column elementor-element elementor-element-d2ff6a2\" data-id=\"d2ff6a2\" data-element_type=\"column\">\n\t\t\t<div class=\"elementor-widget-wrap elementor-element-populated\">\n\t\t\t\t\t\t<div class=\"elementor-element elementor-element-8de7f5e elementor-widget elementor-widget-heading\" data-id=\"8de7f5e\" data-element_type=\"widget\" data-widget_type=\"heading.default\">\n\t\t\t\t<div class=\"elementor-widget-container\">\n\t\t\t\t\t<h2 class=\"elementor-heading-title elementor-size-default\">Importancia econ\u00f3mica de la Nueva Carretera<\/h2>\t\t\t\t<\/div>\n\t\t\t\t<\/div>\n\t\t\t\t<section class=\"elementor-section elementor-inner-section elementor-element elementor-element-72ef417 elementor-section-boxed elementor-section-height-default elementor-section-height-default\" data-id=\"72ef417\" data-element_type=\"section\">\n\t\t\t\t\t\t<div class=\"elementor-container elementor-column-gap-default\">\n\t\t\t\t\t<div class=\"elementor-column elementor-col-100 elementor-inner-column elementor-element elementor-element-4320b47\" data-id=\"4320b47\" data-element_type=\"column\">\n\t\t\t<div class=\"elementor-widget-wrap elementor-element-populated\">\n\t\t\t\t\t\t<div class=\"elementor-element elementor-element-a37caff elementor-widget elementor-widget-text-editor\" data-id=\"a37caff\" data-element_type=\"widget\" data-widget_type=\"text-editor.default\">\n\t\t\t\t<div class=\"elementor-widget-container\">\n\t\t\t\t\t\t\t\t\t<p><span style=\"font-weight: 400;\">El nuevo enlace a\u00e9reo tiene importantes implicaciones para la econom\u00eda de las <\/span><b>econom\u00eda de las Islas V\u00edrgenes<\/b><span style=\"font-weight: 400;\">. Le ministre des Communications et des Travaux, l&#8217;honorable Kye M. Rymer, a soulign\u00e9 que le retour de   <\/span><b>LIAT Airlines<\/b><span style=\"font-weight: 400;\"> es un testimonio de la resistencia y determinaci\u00f3n de las islas para mejorar su conectividad.<\/span><\/p>\n\t\t\t\t\t\t\t\t<\/div>\n\t\t\t\t<\/div>\n\t\t\t\t\t<\/div>\n\t\t<\/div>\n\t\t\t\t\t<\/div>\n\t\t<\/section>\n\t\t\t\t\t<\/div>\n\t\t<\/div>\n\t\t\t\t\t<\/div>\n\t\t<\/section>\n\t\t\t\t<section class=\"elementor-section elementor-top-section elementor-element elementor-element-b9655ad elementor-section-boxed elementor-section-height-default elementor-section-height-default\" data-id=\"b9655ad\" data-element_type=\"section\">\n\t\t\t\t\t\t<div class=\"elementor-container elementor-column-gap-default\">\n\t\t\t\t\t<div class=\"elementor-column elementor-col-100 elementor-top-column elementor-element elementor-element-a65bce4\" data-id=\"a65bce4\" data-element_type=\"column\">\n\t\t\t<div class=\"elementor-widget-wrap elementor-element-populated\">\n\t\t\t\t\t\t<div class=\"elementor-element elementor-element-c41a73b elementor-widget elementor-widget-heading\" data-id=\"c41a73b\" data-element_type=\"widget\" data-widget_type=\"heading.default\">\n\t\t\t\t<div class=\"elementor-widget-container\">\n\t\t\t\t\t<h2 class=\"elementor-heading-title elementor-size-default\">Beneficios para el turismo y las empresas locales<\/h2>\t\t\t\t<\/div>\n\t\t\t\t<\/div>\n\t\t\t\t<section class=\"elementor-section elementor-inner-section elementor-element elementor-element-7a58c63 elementor-section-boxed elementor-section-height-default elementor-section-height-default\" data-id=\"7a58c63\" data-element_type=\"section\">\n\t\t\t\t\t\t<div class=\"elementor-container elementor-column-gap-default\">\n\t\t\t\t\t<div class=\"elementor-column elementor-col-100 elementor-inner-column elementor-element elementor-element-96383e5\" data-id=\"96383e5\" data-element_type=\"column\">\n\t\t\t<div class=\"elementor-widget-wrap elementor-element-populated\">\n\t\t\t\t\t\t<div class=\"elementor-element elementor-element-8abb4ac elementor-widget elementor-widget-text-editor\" data-id=\"8abb4ac\" data-element_type=\"widget\" data-widget_type=\"text-editor.default\">\n\t\t\t\t<div class=\"elementor-widget-container\">\n\t\t\t\t\t\t\t\t\t<p>\n            <span style=\"font-weight: 400;\">El lanzamiento de este vuelo inaugural no s\u00f3lo beneficiar\u00e1 a los turistas, sino tambi\u00e9n a las empresas locales. Al aumentar la accesibilidad, esta nueva ruta facilitar\u00e1 el comercio y fomentar\u00e1 el desarrollo econ\u00f3mico. <\/span>\n          <\/p>\n\t\t\t\t\t\t\t\t<\/div>\n\t\t\t\t<\/div>\n\t\t\t\t<div class=\"elementor-element elementor-element-016dbd1 elementor-widget elementor-widget-text-editor\" data-id=\"016dbd1\" data-element_type=\"widget\" data-widget_type=\"text-editor.default\">\n\t\t\t\t<div class=\"elementor-widget-container\">\n\t\t\t\t\t\t\t\t\t<p>\n            <span style=\"font-weight: 400;\">&#8220;Este nuevo enlace no s\u00f3lo satisfar\u00e1 las necesidades de viaje de los turistas, sino que tambi\u00e9n beneficiar\u00e1 significativamente a nuestras empresas y comunidades locales al aumentar la accesibilidad&#8221;, declar\u00f3 el ministro Rymer.<\/span>\n          <\/p>\n\t\t\t\t\t\t\t\t<\/div>\n\t\t\t\t<\/div>\n\t\t\t\t\t<\/div>\n\t\t<\/div>\n\t\t\t\t\t<\/div>\n\t\t<\/section>\n\t\t\t\t\t<\/div>\n\t\t<\/div>\n\t\t\t\t\t<\/div>\n\t\t<\/section>\n\t\t\t\t<section class=\"elementor-section elementor-top-section elementor-element elementor-element-72cf03a elementor-section-boxed elementor-section-height-default elementor-section-height-default\" data-id=\"72cf03a\" data-element_type=\"section\">\n\t\t\t\t\t\t<div class=\"elementor-container elementor-column-gap-default\">\n\t\t\t\t\t<div class=\"elementor-column elementor-col-100 elementor-top-column elementor-element elementor-element-b54309d\" data-id=\"b54309d\" data-element_type=\"column\">\n\t\t\t<div class=\"elementor-widget-wrap elementor-element-populated\">\n\t\t\t\t\t\t<div class=\"elementor-element elementor-element-981112b elementor-widget elementor-widget-heading\" data-id=\"981112b\" data-element_type=\"widget\" data-widget_type=\"heading.default\">\n\t\t\t\t<div class=\"elementor-widget-container\">\n\t\t\t\t\t<h2 class=\"elementor-heading-title elementor-size-default\">Colaboraci\u00f3n entre LIAT y las autoridades localesUna reflexi\u00f3n sobre el viaje de Kes<\/h2>\t\t\t\t<\/div>\n\t\t\t\t<\/div>\n\t\t\t\t<section class=\"elementor-section elementor-inner-section elementor-element elementor-element-360e343 elementor-section-boxed elementor-section-height-default elementor-section-height-default\" data-id=\"360e343\" data-element_type=\"section\">\n\t\t\t\t\t\t<div class=\"elementor-container elementor-column-gap-default\">\n\t\t\t\t\t<div class=\"elementor-column elementor-col-100 elementor-inner-column elementor-element elementor-element-2321971\" data-id=\"2321971\" data-element_type=\"column\">\n\t\t\t<div class=\"elementor-widget-wrap elementor-element-populated\">\n\t\t\t\t\t\t<div class=\"elementor-element elementor-element-67c1e8e elementor-widget elementor-widget-text-editor\" data-id=\"67c1e8e\" data-element_type=\"widget\" data-widget_type=\"text-editor.default\">\n\t\t\t\t<div class=\"elementor-widget-container\">\n\t\t\t\t\t\t\t\t\t<p><span style=\"font-weight: 400;\">El \u00e9xito de esta iniciativa es tambi\u00e9n el resultado de la estrecha colaboraci\u00f3n entre <\/span><a href=\"https:\/\/web.facebook.com\/photo.php?fbid=122156729636309563&amp;set=pb.61559286892841.-2207520000&amp;type=3\" target=\"_blank\" rel=\"noopener nofollow\"><b>LIAT Airlines<\/b><\/a><span style=\"font-weight: 400;\"> y las autoridades locales. Kurt Menal, Director General de la Autoridad Aeroportuaria de las IVB, reconoci\u00f3 el papel crucial desempe\u00f1ado por esta asociaci\u00f3n para hacer realidad el proyecto. <\/span><\/p>\n\t\t\t\t\t\t\t\t<\/div>\n\t\t\t\t<\/div>\n\t\t\t\t<div class=\"elementor-element elementor-element-e7d2652 elementor-widget elementor-widget-text-editor\" data-id=\"e7d2652\" data-element_type=\"widget\" data-widget_type=\"text-editor.default\">\n\t\t\t\t<div class=\"elementor-widget-container\">\n\t\t\t\t\t\t\t\t\t<p><span style=\"font-weight: 400;\">&#8220;La asociaci\u00f3n entre <\/span><b>LIAT Airlines<\/b><span style=\"font-weight: 400;\"> y nuestras autoridades locales fue decisiva para lograr este vuelo inaugural. Nos hemos comprometido a mejorar las operaciones de nuestro aeropuerto y a dar la bienvenida a m\u00e1s visitantes, lo que a su vez estimular\u00e1 la actividad econ\u00f3mica en la regi\u00f3n.  <\/span><b>Islas V\u00edrgenes<\/b><span style=\"font-weight: 400;\">&#8220;dijo.<\/span><\/p>\n\t\t\t\t\t\t\t\t<\/div>\n\t\t\t\t<\/div>\n\t\t\t\t\t<\/div>\n\t\t<\/div>\n\t\t\t\t\t<\/div>\n\t\t<\/section>\n\t\t\t\t\t<\/div>\n\t\t<\/div>\n\t\t\t\t\t<\/div>\n\t\t<\/section>\n\t\t\t\t<section class=\"elementor-section elementor-top-section elementor-element elementor-element-a5fdb9d elementor-section-boxed elementor-section-height-default elementor-section-height-default\" data-id=\"a5fdb9d\" data-element_type=\"section\">\n\t\t\t\t\t\t<div class=\"elementor-container elementor-column-gap-default\">\n\t\t\t\t\t<div class=\"elementor-column elementor-col-100 elementor-top-column elementor-element elementor-element-ca2ec48\" data-id=\"ca2ec48\" data-element_type=\"column\">\n\t\t\t<div class=\"elementor-widget-wrap elementor-element-populated\">\n\t\t\t\t\t\t<div class=\"elementor-element elementor-element-d74fff7 elementor-widget elementor-widget-heading\" data-id=\"d74fff7\" data-element_type=\"widget\" data-widget_type=\"heading.default\">\n\t\t\t\t<div class=\"elementor-widget-container\">\n\t\t\t\t\t<h2 class=\"elementor-heading-title elementor-size-default\">Impacto en la cultura y los intercambios sociales<\/h2>\t\t\t\t<\/div>\n\t\t\t\t<\/div>\n\t\t\t\t<section class=\"elementor-section elementor-inner-section elementor-element elementor-element-7f7938c elementor-section-boxed elementor-section-height-default elementor-section-height-default\" data-id=\"7f7938c\" data-element_type=\"section\">\n\t\t\t\t\t\t<div class=\"elementor-container elementor-column-gap-default\">\n\t\t\t\t\t<div class=\"elementor-column elementor-col-100 elementor-inner-column elementor-element elementor-element-edece08\" data-id=\"edece08\" data-element_type=\"column\">\n\t\t\t<div class=\"elementor-widget-wrap elementor-element-populated\">\n\t\t\t\t\t\t<div class=\"elementor-element elementor-element-84a57c2 elementor-widget elementor-widget-text-editor\" data-id=\"84a57c2\" data-element_type=\"widget\" data-widget_type=\"text-editor.default\">\n\t\t\t\t<div class=\"elementor-widget-container\">\n\t\t\t\t\t\t\t\t\t<p><span style=\"font-weight: 400;\">Adem\u00e1s de los beneficios econ\u00f3micos, esta nueva ruta a\u00e9rea tambi\u00e9n desempe\u00f1a un papel clave en el fortalecimiento de los intercambios culturales entre las islas. Al facilitar los viajes,  <\/span><b>LIAT Airlines<\/b><span style=\"font-weight: 400;\"> permite que m\u00e1s personas descubran la riqueza cultural del Caribe.<\/span><\/p>\n\t\t\t\t\t\t\t\t<\/div>\n\t\t\t\t<\/div>\n\t\t\t\t\t<\/div>\n\t\t<\/div>\n\t\t\t\t\t<\/div>\n\t\t<\/section>\n\t\t\t\t\t<\/div>\n\t\t<\/div>\n\t\t\t\t\t<\/div>\n\t\t<\/section>\n\t\t\t\t<section class=\"elementor-section elementor-top-section elementor-element elementor-element-abde198 elementor-section-boxed elementor-section-height-default elementor-section-height-default\" data-id=\"abde198\" data-element_type=\"section\">\n\t\t\t\t\t\t<div class=\"elementor-container elementor-column-gap-default\">\n\t\t\t\t\t<div class=\"elementor-column elementor-col-100 elementor-top-column elementor-element elementor-element-033cf68\" data-id=\"033cf68\" data-element_type=\"column\">\n\t\t\t<div class=\"elementor-widget-wrap elementor-element-populated\">\n\t\t\t\t\t\t<div class=\"elementor-element elementor-element-2847e70 elementor-widget elementor-widget-heading\" data-id=\"2847e70\" data-element_type=\"widget\" data-widget_type=\"heading.default\">\n\t\t\t\t<div class=\"elementor-widget-container\">\n\t\t\t\t\t<h2 class=\"elementor-heading-title elementor-size-default\">Promover los intercambios culturales<\/h2>\t\t\t\t<\/div>\n\t\t\t\t<\/div>\n\t\t\t\t<section class=\"elementor-section elementor-inner-section elementor-element elementor-element-78a936a elementor-section-boxed elementor-section-height-default elementor-section-height-default\" data-id=\"78a936a\" data-element_type=\"section\">\n\t\t\t\t\t\t<div class=\"elementor-container elementor-column-gap-default\">\n\t\t\t\t\t<div class=\"elementor-column elementor-col-100 elementor-inner-column elementor-element elementor-element-5e44021\" data-id=\"5e44021\" data-element_type=\"column\">\n\t\t\t<div class=\"elementor-widget-wrap elementor-element-populated\">\n\t\t\t\t\t\t<div class=\"elementor-element elementor-element-362f182 elementor-widget elementor-widget-text-editor\" data-id=\"362f182\" data-element_type=\"widget\" data-widget_type=\"text-editor.default\">\n\t\t\t\t<div class=\"elementor-widget-container\">\n\t\t\t\t\t\t\t\t\t<p>\n            <span style=\"font-weight: 400;\">El transporte a\u00e9reo no s\u00f3lo facilita el turismo, sino tambi\u00e9n los intercambios entre las distintas culturas de la regi\u00f3n. Esto ayuda a crear una comunidad caribe\u00f1a m\u00e1s unida y solidaria. La conectividad fomenta las relaciones interpersonales, permitiendo a la gente compartir sus tradiciones, comida y arte.  <\/span>\n          <\/p>\n\t\t\t\t\t\t\t\t<\/div>\n\t\t\t\t<\/div>\n\t\t\t\t\t<\/div>\n\t\t<\/div>\n\t\t\t\t\t<\/div>\n\t\t<\/section>\n\t\t\t\t\t<\/div>\n\t\t<\/div>\n\t\t\t\t\t<\/div>\n\t\t<\/section>\n\t\t\t\t<section class=\"elementor-section elementor-top-section elementor-element elementor-element-5cd0f21 elementor-section-boxed elementor-section-height-default elementor-section-height-default\" data-id=\"5cd0f21\" data-element_type=\"section\">\n\t\t\t\t\t\t<div class=\"elementor-container elementor-column-gap-default\">\n\t\t\t\t\t<div class=\"elementor-column elementor-col-100 elementor-top-column elementor-element elementor-element-e2f9b5b\" data-id=\"e2f9b5b\" data-element_type=\"column\">\n\t\t\t<div class=\"elementor-widget-wrap elementor-element-populated\">\n\t\t\t\t\t\t<div class=\"elementor-element elementor-element-67b7d7b elementor-widget elementor-widget-heading\" data-id=\"67b7d7b\" data-element_type=\"widget\" data-widget_type=\"heading.default\">\n\t\t\t\t<div class=\"elementor-widget-container\">\n\t\t\t\t\t<h2 class=\"elementor-heading-title elementor-size-default\">Una estrategia de crecimiento sostenible<\/h2>\t\t\t\t<\/div>\n\t\t\t\t<\/div>\n\t\t\t\t<section class=\"elementor-section elementor-inner-section elementor-element elementor-element-eca9e8d elementor-section-boxed elementor-section-height-default elementor-section-height-default\" data-id=\"eca9e8d\" data-element_type=\"section\">\n\t\t\t\t\t\t<div class=\"elementor-container elementor-column-gap-default\">\n\t\t\t\t\t<div class=\"elementor-column elementor-col-100 elementor-inner-column elementor-element elementor-element-5f7d35a\" data-id=\"5f7d35a\" data-element_type=\"column\">\n\t\t\t<div class=\"elementor-widget-wrap elementor-element-populated\">\n\t\t\t\t\t\t<div class=\"elementor-element elementor-element-f25c848 elementor-widget elementor-widget-text-editor\" data-id=\"f25c848\" data-element_type=\"widget\" data-widget_type=\"text-editor.default\">\n\t\t\t\t<div class=\"elementor-widget-container\">\n\t\t\t\t\t\t\t\t\t<p><b>L\u00edneas a\u00e9reas LIAT<\/b><span style=\"font-weight: 400;\"> no s\u00f3lo refuerza las conexiones a\u00e9reas, sino que tambi\u00e9n se compromete a adoptar pr\u00e1cticas sostenibles en sus operaciones. Integrando iniciativas ecol\u00f3gicas,  <\/span><b>LIAT Airlines<\/b><span style=\"font-weight: 400;\"> pretende reducir su huella de carbono al tiempo que satisface la creciente demanda de transporte a\u00e9reo en la regi\u00f3n.<\/span><\/p>\n\t\t\t\t\t\t\t\t<\/div>\n\t\t\t\t<\/div>\n\t\t\t\t\t<\/div>\n\t\t<\/div>\n\t\t\t\t\t<\/div>\n\t\t<\/section>\n\t\t\t\t\t<\/div>\n\t\t<\/div>\n\t\t\t\t\t<\/div>\n\t\t<\/section>\n\t\t\t\t<section class=\"elementor-section elementor-top-section elementor-element elementor-element-49e16d3 elementor-section-boxed elementor-section-height-default elementor-section-height-default\" data-id=\"49e16d3\" data-element_type=\"section\">\n\t\t\t\t\t\t<div class=\"elementor-container elementor-column-gap-default\">\n\t\t\t\t\t<div class=\"elementor-column elementor-col-100 elementor-top-column elementor-element elementor-element-1d666ec\" data-id=\"1d666ec\" data-element_type=\"column\">\n\t\t\t<div class=\"elementor-widget-wrap elementor-element-populated\">\n\t\t\t\t\t\t<div class=\"elementor-element elementor-element-230dd4e elementor-widget elementor-widget-heading\" data-id=\"230dd4e\" data-element_type=\"widget\" data-widget_type=\"heading.default\">\n\t\t\t\t<div class=\"elementor-widget-container\">\n\t\t\t\t\t<h2 class=\"elementor-heading-title elementor-size-default\">Compromiso con la sostenibilidad<\/h2>\t\t\t\t<\/div>\n\t\t\t\t<\/div>\n\t\t\t\t<section class=\"elementor-section elementor-inner-section elementor-element elementor-element-1d80184 elementor-section-boxed elementor-section-height-default elementor-section-height-default\" data-id=\"1d80184\" data-element_type=\"section\">\n\t\t\t\t\t\t<div class=\"elementor-container elementor-column-gap-default\">\n\t\t\t\t\t<div class=\"elementor-column elementor-col-100 elementor-inner-column elementor-element elementor-element-622faab\" data-id=\"622faab\" data-element_type=\"column\">\n\t\t\t<div class=\"elementor-widget-wrap elementor-element-populated\">\n\t\t\t\t\t\t<div class=\"elementor-element elementor-element-7540f01 elementor-widget elementor-widget-text-editor\" data-id=\"7540f01\" data-element_type=\"widget\" data-widget_type=\"text-editor.default\">\n\t\t\t\t<div class=\"elementor-widget-container\">\n\t\t\t\t\t\t\t\t\t<p><span style=\"font-weight: 400;\">El desarrollo sostenible se ha convertido en una prioridad para muchas compa\u00f1\u00edas a\u00e9reas, entre ellas <\/span><b>LIAT Airlines<\/b><span style=\"font-weight: 400;\"> no es una excepci\u00f3n. Invirtiendo en tecnolog\u00edas m\u00e1s limpias y optimizando sus operaciones, la empresa pretende minimizar su impacto medioambiental sin dejar de servir eficazmente a sus clientes. <\/span><\/p>\n\t\t\t\t\t\t\t\t<\/div>\n\t\t\t\t<\/div>\n\t\t\t\t\t<\/div>\n\t\t<\/div>\n\t\t\t\t\t<\/div>\n\t\t<\/section>\n\t\t\t\t\t<\/div>\n\t\t<\/div>\n\t\t\t\t\t<\/div>\n\t\t<\/section>\n\t\t\t\t<section class=\"elementor-section elementor-top-section elementor-element elementor-element-a2ad0ef elementor-section-boxed elementor-section-height-default elementor-section-height-default\" data-id=\"a2ad0ef\" data-element_type=\"section\">\n\t\t\t\t\t\t<div class=\"elementor-container elementor-column-gap-default\">\n\t\t\t\t\t<div class=\"elementor-column elementor-col-100 elementor-top-column elementor-element elementor-element-b841fec\" data-id=\"b841fec\" data-element_type=\"column\">\n\t\t\t<div class=\"elementor-widget-wrap elementor-element-populated\">\n\t\t\t\t\t\t<section class=\"elementor-section elementor-inner-section elementor-element elementor-element-a5d9344 elementor-section-boxed elementor-section-height-default elementor-section-height-default\" data-id=\"a5d9344\" data-element_type=\"section\">\n\t\t\t\t\t\t<div class=\"elementor-container elementor-column-gap-default\">\n\t\t\t\t\t<div class=\"elementor-column elementor-col-100 elementor-inner-column elementor-element elementor-element-2735b57\" data-id=\"2735b57\" data-element_type=\"column\">\n\t\t\t<div class=\"elementor-widget-wrap elementor-element-populated\">\n\t\t\t\t\t\t<div class=\"elementor-element elementor-element-73a863e elementor-widget elementor-widget-text-editor\" data-id=\"73a863e\" data-element_type=\"widget\" data-widget_type=\"text-editor.default\">\n\t\t\t\t<div class=\"elementor-widget-container\">\n\t\t\t\t\t\t\t\t\t<p><span style=\"font-weight: 400;\">El lanzamiento de la nueva <\/span><b>LIAT Airlines<\/b><span style=\"font-weight: 400;\"> a las <\/span><b>Islas V\u00edrgenes<\/b><span style=\"font-weight: 400;\"> representa un momento crucial para el desarrollo econ\u00f3mico y cultural de la regi\u00f3n. Reforzando la conectividad entre las islas,  <\/span><b>LIAT Airlines<\/b><span style=\"font-weight: 400;\"> contribuye no s\u00f3lo al crecimiento del turismo, sino tambi\u00e9n a la mejora de las relaciones econ\u00f3micas y culturales dentro del Caribe.<\/span><\/p>\n\t\t\t\t\t\t\t\t<\/div>\n\t\t\t\t<\/div>\n\t\t\t\t<div class=\"elementor-element elementor-element-9d6ba48 elementor-widget elementor-widget-text-editor\" data-id=\"9d6ba48\" data-element_type=\"widget\" data-widget_type=\"text-editor.default\">\n\t\t\t\t<div class=\"elementor-widget-container\">\n\t\t\t\t\t\t\t\t\t<p><span style=\"font-weight: 400;\">Los esfuerzos realizados por <\/span><b>LIAT Airlines<\/b><span style=\"font-weight: 400;\">s, las autoridades locales y los socios empresariales demuestran una visi\u00f3n compartida de un futuro pr\u00f3spero e interconectado. Con un compromiso con la sostenibilidad y la mejora continua de sus servicios,  <\/span><b>LIAT Airlines<\/b><span style=\"font-weight: 400;\"> est\u00e1 bien posicionada para desempe\u00f1ar un papel clave en la transformaci\u00f3n del panorama de la aviaci\u00f3n caribe\u00f1a.<\/span><\/p>\n\t\t\t\t\t\t\t\t<\/div>\n\t\t\t\t<\/div>\n\t\t\t\t\t<\/div>\n\t\t<\/div>\n\t\t\t\t\t<\/div>\n\t\t<\/section>\n\t\t\t\t\t<\/div>\n\t\t<\/div>\n\t\t\t\t\t<\/div>\n\t\t<\/section>\n\t\t\t\t<\/div>\n\t\t","protected":false},"excerpt":{"rendered":"<p>LIAT Airlines ha dado recientemente un gran paso adelante con el lanzamiento de una nueva ruta a las Islas V\u00edrgenes Brit\u00e1nicas. Cette initiative marque un engagement renouvel\u00e9 envers la connectivit\u00e9 dans la r\u00e9gion, un aspect crucial pour le d\u00e9veloppement \u00e9conomique et culturel des \u00eeles carib\u00e9ennes. En offrant des options de voyage fiables et abordables, LIAT [&hellip;]<\/p>\n","protected":false},"author":400,"featured_media":42461,"comment_status":"open","ping_status":"open","sticky":false,"template":"","format":"standard","meta":{"_acf_changed":false,"footnotes":""},"categories":[839],"tags":[1555],"class_list":["post-42573","post","type-post","status-publish","format-standard","has-post-thumbnail","hentry","category-noticias","tag-islas-virgenes-britanicas"],"acf":[],"_links":{"self":[{"href":"https:\/\/richeskarayib.com\/es\/wp-json\/wp\/v2\/posts\/42573","targetHints":{"allow":["GET"]}}],"collection":[{"href":"https:\/\/richeskarayib.com\/es\/wp-json\/wp\/v2\/posts"}],"about":[{"href":"https:\/\/richeskarayib.com\/es\/wp-json\/wp\/v2\/types\/post"}],"author":[{"embeddable":true,"href":"https:\/\/richeskarayib.com\/es\/wp-json\/wp\/v2\/users\/400"}],"replies":[{"embeddable":true,"href":"https:\/\/richeskarayib.com\/es\/wp-json\/wp\/v2\/comments?post=42573"}],"version-history":[{"count":0,"href":"https:\/\/richeskarayib.com\/es\/wp-json\/wp\/v2\/posts\/42573\/revisions"}],"wp:featuredmedia":[{"embeddable":true,"href":"https:\/\/richeskarayib.com\/es\/wp-json\/wp\/v2\/media\/42461"}],"wp:attachment":[{"href":"https:\/\/richeskarayib.com\/es\/wp-json\/wp\/v2\/media?parent=42573"}],"wp:term":[{"taxonomy":"category","embeddable":true,"href":"https:\/\/richeskarayib.com\/es\/wp-json\/wp\/v2\/categories?post=42573"},{"taxonomy":"post_tag","embeddable":true,"href":"https:\/\/richeskarayib.com\/es\/wp-json\/wp\/v2\/tags?post=42573"}],"curies":[{"name":"wp","href":"https:\/\/api.w.org\/{rel}","templated":true}]}}