{"id":42635,"date":"2024-12-17T07:18:36","date_gmt":"2024-12-17T07:18:36","guid":{"rendered":"https:\/\/richeskarayib.com\/granada-fuerte-crecimiento-del-turismo-en-los-ultimos-26-meses\/"},"modified":"2024-12-17T07:18:38","modified_gmt":"2024-12-17T07:18:38","slug":"granada-fuerte-crecimiento-del-turismo-en-los-ultimos-26-meses","status":"publish","type":"post","link":"https:\/\/richeskarayib.com\/es\/granada-fuerte-crecimiento-del-turismo-en-los-ultimos-26-meses\/","title":{"rendered":"Granada: fuerte crecimiento del turismo en los \u00faltimos 26 meses"},"content":{"rendered":"\t\t<div data-elementor-type=\"wp-post\" data-elementor-id=\"42635\" class=\"elementor elementor-42635 elementor-42467\" data-elementor-post-type=\"post\">\n\t\t\t\t\t\t<section class=\"elementor-section elementor-top-section elementor-element elementor-element-b0ccd15 elementor-section-boxed elementor-section-height-default elementor-section-height-default\" data-id=\"b0ccd15\" data-element_type=\"section\">\n\t\t\t\t\t\t<div class=\"elementor-container elementor-column-gap-default\">\n\t\t\t\t\t<div class=\"elementor-column elementor-col-100 elementor-top-column elementor-element elementor-element-99dbec5\" data-id=\"99dbec5\" data-element_type=\"column\">\n\t\t\t<div class=\"elementor-widget-wrap elementor-element-populated\">\n\t\t\t\t\t\t<section class=\"elementor-section elementor-inner-section elementor-element elementor-element-23cdfd9 elementor-section-boxed elementor-section-height-default elementor-section-height-default\" data-id=\"23cdfd9\" data-element_type=\"section\">\n\t\t\t\t\t\t<div class=\"elementor-container elementor-column-gap-default\">\n\t\t\t\t\t<div class=\"elementor-column elementor-col-100 elementor-inner-column elementor-element elementor-element-50d8ace\" data-id=\"50d8ace\" data-element_type=\"column\">\n\t\t\t<div class=\"elementor-widget-wrap elementor-element-populated\">\n\t\t\t\t\t\t<div class=\"elementor-element elementor-element-4df4d99 elementor-widget elementor-widget-text-editor\" data-id=\"4df4d99\" data-element_type=\"widget\" data-widget_type=\"text-editor.default\">\n\t\t\t\t<div class=\"elementor-widget-container\">\n\t\t\t\t\t\t\t\t\t<p><span style=\"font-weight: 400;\">En <\/span><a href=\"https:\/\/www.instagram.com\/gisgrenada\/p\/DDcbxDlp6Ey\/\" target=\"_blank\" rel=\"noopener nofollow\"><b>crecimiento tur\u00edstico<\/b><\/a><span style=\"font-weight: 400;\"> en <a href=\"https:\/\/richeskarayib.com\/es\/granada-nuevo-servicio-de-vuelos-intracaribenos-de-sunrise-airways\/\" target=\"_blank\" rel=\"noopener\">Granada<\/a> es algo que celebrar. De hecho, la isla ha registrado unos impresionantes 26 meses de crecimiento continuo desde septiembre de 2022, seg\u00fan un anuncio realizado por la Autoridad Tur\u00edstica de Granada (GTA). Este art\u00edculo destaca las razones de este notable \u00e9xito y lo que significa para el futuro de la isla.  <\/span><\/p>\n\t\t\t\t\t\t\t\t<\/div>\n\t\t\t\t<\/div>\n\t\t\t\t\t<\/div>\n\t\t<\/div>\n\t\t\t\t\t<\/div>\n\t\t<\/section>\n\t\t\t\t\t<\/div>\n\t\t<\/div>\n\t\t\t\t\t<\/div>\n\t\t<\/section>\n\t\t\t\t<section class=\"elementor-section elementor-top-section elementor-element elementor-element-1389640 elementor-section-boxed elementor-section-height-default elementor-section-height-default\" data-id=\"1389640\" data-element_type=\"section\">\n\t\t\t\t\t\t<div class=\"elementor-container elementor-column-gap-default\">\n\t\t\t\t\t<div class=\"elementor-column elementor-col-100 elementor-top-column elementor-element elementor-element-62f5301\" data-id=\"62f5301\" data-element_type=\"column\">\n\t\t\t<div class=\"elementor-widget-wrap elementor-element-populated\">\n\t\t\t\t\t\t<div class=\"elementor-element elementor-element-07fed6e elementor-widget elementor-widget-heading\" data-id=\"07fed6e\" data-element_type=\"widget\" data-widget_type=\"heading.default\">\n\t\t\t\t<div class=\"elementor-widget-container\">\n\t\t\t\t\t<h2 class=\"elementor-heading-title elementor-size-default\">Un aumento significativo de visitantes<\/h2>\t\t\t\t<\/div>\n\t\t\t\t<\/div>\n\t\t\t\t<div class=\"elementor-element elementor-element-5a71e13 elementor-widget elementor-widget-text-editor\" data-id=\"5a71e13\" data-element_type=\"widget\" data-widget_type=\"text-editor.default\">\n\t\t\t\t<div class=\"elementor-widget-container\">\n\t\t\t\t\t\t\t\t\t<p>\n            <span style=\"font-weight: 400;\">En el primer trimestre de 2023, <b>el crecimiento tur\u00edstico<\/b> de Granada experiment\u00f3 un aumento del 30% en la llegada de visitantes, alcanzando un m\u00e1ximo hist\u00f3rico de m\u00e1s de 20.000 visitantes en un solo mes de diciembre. Esta tendencia positiva continu\u00f3 en 2024, con un aumento del 17% respecto al a\u00f1o anterior. Febrero de 2024 fue especialmente fuerte, con 19.608 llegadas, lo que representa un aumento del 31,7% respecto a febrero de 2023.  <\/span>\n          <\/p>\n<p>\n            <span style=\"font-weight: 400;\">Este aumento del n\u00famero de visitantes demuestra que Granada se est\u00e1 consolidando como un destino popular en el Caribe. Los turistas vienen no s\u00f3lo por sus id\u00edlicas playas, sino tambi\u00e9n por su rico patrimonio cultural y sus acontecimientos emblem\u00e1ticos. <\/span>\n          <\/p>\n\t\t\t\t\t\t\t\t<\/div>\n\t\t\t\t<\/div>\n\t\t\t\t<section class=\"elementor-section elementor-inner-section elementor-element elementor-element-bebc412 elementor-section-boxed elementor-section-height-default elementor-section-height-default\" data-id=\"bebc412\" data-element_type=\"section\">\n\t\t\t\t\t\t<div class=\"elementor-container elementor-column-gap-default\">\n\t\t\t\t\t<div class=\"elementor-column elementor-col-20 elementor-inner-column elementor-element elementor-element-8f726ce\" data-id=\"8f726ce\" data-element_type=\"column\">\n\t\t\t<div class=\"elementor-widget-wrap elementor-element-populated\">\n\t\t\t\t\t\t<div class=\"elementor-element elementor-element-d8c89d7 elementor-widget elementor-widget-image\" data-id=\"d8c89d7\" data-element_type=\"widget\" data-widget_type=\"image.default\">\n\t\t\t\t<div class=\"elementor-widget-container\">\n\t\t\t\t\t\t\t\t\t\t\t\t<figure class=\"wp-caption\">\n\t\t\t\t\t\t\t\t\t\t<img fetchpriority=\"high\" decoding=\"async\" width=\"800\" height=\"503\" src=\"https:\/\/richeskarayib.com\/wp-content\/uploads\/2024\/12\/stock-photo-caribbean-the-island-of-grenada-grenada-is-a-country-and-an-island-located-in-the-southern-part-1505087480-Modifie-1024x644.jpg\" class=\"attachment-large size-large wp-image-42479\" alt=\"Croissance du tourisme\" srcset=\"https:\/\/richeskarayib.com\/wp-content\/uploads\/2024\/12\/stock-photo-caribbean-the-island-of-grenada-grenada-is-a-country-and-an-island-located-in-the-southern-part-1505087480-Modifie-1024x644.jpg 1024w, https:\/\/richeskarayib.com\/wp-content\/uploads\/2024\/12\/stock-photo-caribbean-the-island-of-grenada-grenada-is-a-country-and-an-island-located-in-the-southern-part-1505087480-Modifie-300x189.jpg 300w, https:\/\/richeskarayib.com\/wp-content\/uploads\/2024\/12\/stock-photo-caribbean-the-island-of-grenada-grenada-is-a-country-and-an-island-located-in-the-southern-part-1505087480-Modifie-768x483.jpg 768w, https:\/\/richeskarayib.com\/wp-content\/uploads\/2024\/12\/stock-photo-caribbean-the-island-of-grenada-grenada-is-a-country-and-an-island-located-in-the-southern-part-1505087480-Modifie-1320x831.jpg 1320w, https:\/\/richeskarayib.com\/wp-content\/uploads\/2024\/12\/stock-photo-caribbean-the-island-of-grenada-grenada-is-a-country-and-an-island-located-in-the-southern-part-1505087480-Modifie.jpg 1500w\" sizes=\"(max-width: 800px) 100vw, 800px\" \/>\t\t\t\t\t\t\t\t\t\t\t<figcaption class=\"widget-image-caption wp-caption-text\">Grenade<\/figcaption>\n\t\t\t\t\t\t\t\t\t\t<\/figure>\n\t\t\t\t\t\t\t\t\t<\/div>\n\t\t\t\t<\/div>\n\t\t\t\t\t<\/div>\n\t\t<\/div>\n\t\t\t\t<div class=\"elementor-column elementor-col-20 elementor-inner-column elementor-element elementor-element-58a6bce\" data-id=\"58a6bce\" data-element_type=\"column\">\n\t\t\t<div class=\"elementor-widget-wrap elementor-element-populated\">\n\t\t\t\t\t\t<div class=\"elementor-element elementor-element-1f62bde elementor-widget elementor-widget-image\" data-id=\"1f62bde\" data-element_type=\"widget\" data-widget_type=\"image.default\">\n\t\t\t\t<div class=\"elementor-widget-container\">\n\t\t\t\t\t\t\t\t\t\t\t\t<figure class=\"wp-caption\">\n\t\t\t\t\t\t\t\t\t\t<img decoding=\"async\" width=\"800\" height=\"532\" src=\"https:\/\/richeskarayib.com\/wp-content\/uploads\/2024\/12\/stock-photo-historic-old-buildings-along-the-carenage-in-downtown-st-george-s-2223995129-Modifie-1024x681.jpg\" class=\"attachment-large size-large wp-image-42483\" alt=\"Croissance du tourisme\" srcset=\"https:\/\/richeskarayib.com\/wp-content\/uploads\/2024\/12\/stock-photo-historic-old-buildings-along-the-carenage-in-downtown-st-george-s-2223995129-Modifie-1024x681.jpg 1024w, https:\/\/richeskarayib.com\/wp-content\/uploads\/2024\/12\/stock-photo-historic-old-buildings-along-the-carenage-in-downtown-st-george-s-2223995129-Modifie-300x200.jpg 300w, https:\/\/richeskarayib.com\/wp-content\/uploads\/2024\/12\/stock-photo-historic-old-buildings-along-the-carenage-in-downtown-st-george-s-2223995129-Modifie-768x511.jpg 768w, https:\/\/richeskarayib.com\/wp-content\/uploads\/2024\/12\/stock-photo-historic-old-buildings-along-the-carenage-in-downtown-st-george-s-2223995129-Modifie-1320x878.jpg 1320w, https:\/\/richeskarayib.com\/wp-content\/uploads\/2024\/12\/stock-photo-historic-old-buildings-along-the-carenage-in-downtown-st-george-s-2223995129-Modifie.jpg 1500w\" sizes=\"(max-width: 800px) 100vw, 800px\" \/>\t\t\t\t\t\t\t\t\t\t\t<figcaption class=\"widget-image-caption wp-caption-text\">Grenade<\/figcaption>\n\t\t\t\t\t\t\t\t\t\t<\/figure>\n\t\t\t\t\t\t\t\t\t<\/div>\n\t\t\t\t<\/div>\n\t\t\t\t\t<\/div>\n\t\t<\/div>\n\t\t\t\t<div class=\"elementor-column elementor-col-20 elementor-inner-column elementor-element elementor-element-5528add\" data-id=\"5528add\" data-element_type=\"column\">\n\t\t\t<div class=\"elementor-widget-wrap elementor-element-populated\">\n\t\t\t\t\t\t<div class=\"elementor-element elementor-element-2b16378 elementor-widget elementor-widget-image\" data-id=\"2b16378\" data-element_type=\"widget\" data-widget_type=\"image.default\">\n\t\t\t\t<div class=\"elementor-widget-container\">\n\t\t\t\t\t\t\t\t\t\t\t\t<figure class=\"wp-caption\">\n\t\t\t\t\t\t\t\t\t\t<img decoding=\"async\" width=\"800\" height=\"452\" src=\"https:\/\/richeskarayib.com\/wp-content\/uploads\/2024\/12\/stock-photo-inner-harbor-in-st-georges-with-cathedral-of-the-immaculate-conception-beyond-grenada-west-indies-2412856965-Modifie-1024x578.jpg\" class=\"attachment-large size-large wp-image-42487\" alt=\"Croissance du tourisme\" srcset=\"https:\/\/richeskarayib.com\/wp-content\/uploads\/2024\/12\/stock-photo-inner-harbor-in-st-georges-with-cathedral-of-the-immaculate-conception-beyond-grenada-west-indies-2412856965-Modifie-1024x578.jpg 1024w, https:\/\/richeskarayib.com\/wp-content\/uploads\/2024\/12\/stock-photo-inner-harbor-in-st-georges-with-cathedral-of-the-immaculate-conception-beyond-grenada-west-indies-2412856965-Modifie-300x169.jpg 300w, https:\/\/richeskarayib.com\/wp-content\/uploads\/2024\/12\/stock-photo-inner-harbor-in-st-georges-with-cathedral-of-the-immaculate-conception-beyond-grenada-west-indies-2412856965-Modifie-768x433.jpg 768w, https:\/\/richeskarayib.com\/wp-content\/uploads\/2024\/12\/stock-photo-inner-harbor-in-st-georges-with-cathedral-of-the-immaculate-conception-beyond-grenada-west-indies-2412856965-Modifie-1320x744.jpg 1320w, https:\/\/richeskarayib.com\/wp-content\/uploads\/2024\/12\/stock-photo-inner-harbor-in-st-georges-with-cathedral-of-the-immaculate-conception-beyond-grenada-west-indies-2412856965-Modifie.jpg 1500w\" sizes=\"(max-width: 800px) 100vw, 800px\" \/>\t\t\t\t\t\t\t\t\t\t\t<figcaption class=\"widget-image-caption wp-caption-text\">Grenade<\/figcaption>\n\t\t\t\t\t\t\t\t\t\t<\/figure>\n\t\t\t\t\t\t\t\t\t<\/div>\n\t\t\t\t<\/div>\n\t\t\t\t\t<\/div>\n\t\t<\/div>\n\t\t\t\t<div class=\"elementor-column elementor-col-20 elementor-inner-column elementor-element elementor-element-92d449f\" data-id=\"92d449f\" data-element_type=\"column\">\n\t\t\t<div class=\"elementor-widget-wrap elementor-element-populated\">\n\t\t\t\t\t\t<div class=\"elementor-element elementor-element-83e19b0 elementor-widget elementor-widget-image\" data-id=\"83e19b0\" data-element_type=\"widget\" data-widget_type=\"image.default\">\n\t\t\t\t<div class=\"elementor-widget-container\">\n\t\t\t\t\t\t\t\t\t\t\t\t<figure class=\"wp-caption\">\n\t\t\t\t\t\t\t\t\t\t<img loading=\"lazy\" decoding=\"async\" width=\"800\" height=\"450\" src=\"https:\/\/richeskarayib.com\/wp-content\/uploads\/2024\/12\/stock-photo-tropical-white-sandbar-in-the-middle-of-the-caribbean-sea-exotic-deserted-island-in-the-ocean-with-1410951608-Modifie-1024x576.jpg\" class=\"attachment-large size-large wp-image-42491\" alt=\"Croissance du tourisme\" srcset=\"https:\/\/richeskarayib.com\/wp-content\/uploads\/2024\/12\/stock-photo-tropical-white-sandbar-in-the-middle-of-the-caribbean-sea-exotic-deserted-island-in-the-ocean-with-1410951608-Modifie-1024x576.jpg 1024w, https:\/\/richeskarayib.com\/wp-content\/uploads\/2024\/12\/stock-photo-tropical-white-sandbar-in-the-middle-of-the-caribbean-sea-exotic-deserted-island-in-the-ocean-with-1410951608-Modifie-300x169.jpg 300w, https:\/\/richeskarayib.com\/wp-content\/uploads\/2024\/12\/stock-photo-tropical-white-sandbar-in-the-middle-of-the-caribbean-sea-exotic-deserted-island-in-the-ocean-with-1410951608-Modifie-768x432.jpg 768w, https:\/\/richeskarayib.com\/wp-content\/uploads\/2024\/12\/stock-photo-tropical-white-sandbar-in-the-middle-of-the-caribbean-sea-exotic-deserted-island-in-the-ocean-with-1410951608-Modifie-1320x743.jpg 1320w, https:\/\/richeskarayib.com\/wp-content\/uploads\/2024\/12\/stock-photo-tropical-white-sandbar-in-the-middle-of-the-caribbean-sea-exotic-deserted-island-in-the-ocean-with-1410951608-Modifie.jpg 1500w\" sizes=\"(max-width: 800px) 100vw, 800px\" \/>\t\t\t\t\t\t\t\t\t\t\t<figcaption class=\"widget-image-caption wp-caption-text\">Grenade<\/figcaption>\n\t\t\t\t\t\t\t\t\t\t<\/figure>\n\t\t\t\t\t\t\t\t\t<\/div>\n\t\t\t\t<\/div>\n\t\t\t\t\t<\/div>\n\t\t<\/div>\n\t\t\t\t<div class=\"elementor-column elementor-col-20 elementor-inner-column elementor-element elementor-element-771545f\" data-id=\"771545f\" data-element_type=\"column\">\n\t\t\t<div class=\"elementor-widget-wrap elementor-element-populated\">\n\t\t\t\t\t\t<div class=\"elementor-element elementor-element-f9aae3a elementor-widget elementor-widget-image\" data-id=\"f9aae3a\" data-element_type=\"widget\" data-widget_type=\"image.default\">\n\t\t\t\t<div class=\"elementor-widget-container\">\n\t\t\t\t\t\t\t\t\t\t\t\t<figure class=\"wp-caption\">\n\t\t\t\t\t\t\t\t\t\t<img loading=\"lazy\" decoding=\"async\" width=\"800\" height=\"532\" src=\"https:\/\/richeskarayib.com\/wp-content\/uploads\/2024\/12\/stock-photo-view-over-the-harbour-with-luxury-yacht-moored-at-st-george-s-with-town-houses-on-the-hillsides-1769412620-Modifie-1024x681.jpg\" class=\"attachment-large size-large wp-image-42495\" alt=\"Croissance du tourisme\" srcset=\"https:\/\/richeskarayib.com\/wp-content\/uploads\/2024\/12\/stock-photo-view-over-the-harbour-with-luxury-yacht-moored-at-st-george-s-with-town-houses-on-the-hillsides-1769412620-Modifie-1024x681.jpg 1024w, https:\/\/richeskarayib.com\/wp-content\/uploads\/2024\/12\/stock-photo-view-over-the-harbour-with-luxury-yacht-moored-at-st-george-s-with-town-houses-on-the-hillsides-1769412620-Modifie-300x200.jpg 300w, https:\/\/richeskarayib.com\/wp-content\/uploads\/2024\/12\/stock-photo-view-over-the-harbour-with-luxury-yacht-moored-at-st-george-s-with-town-houses-on-the-hillsides-1769412620-Modifie-768x511.jpg 768w, https:\/\/richeskarayib.com\/wp-content\/uploads\/2024\/12\/stock-photo-view-over-the-harbour-with-luxury-yacht-moored-at-st-george-s-with-town-houses-on-the-hillsides-1769412620-Modifie-1320x878.jpg 1320w, https:\/\/richeskarayib.com\/wp-content\/uploads\/2024\/12\/stock-photo-view-over-the-harbour-with-luxury-yacht-moored-at-st-george-s-with-town-houses-on-the-hillsides-1769412620-Modifie.jpg 1500w\" sizes=\"(max-width: 800px) 100vw, 800px\" \/>\t\t\t\t\t\t\t\t\t\t\t<figcaption class=\"widget-image-caption wp-caption-text\">Grenade<\/figcaption>\n\t\t\t\t\t\t\t\t\t\t<\/figure>\n\t\t\t\t\t\t\t\t\t<\/div>\n\t\t\t\t<\/div>\n\t\t\t\t\t<\/div>\n\t\t<\/div>\n\t\t\t\t\t<\/div>\n\t\t<\/section>\n\t\t\t\t\t<\/div>\n\t\t<\/div>\n\t\t\t\t\t<\/div>\n\t\t<\/section>\n\t\t\t\t<section class=\"elementor-section elementor-top-section elementor-element elementor-element-a7a4b32 elementor-section-boxed elementor-section-height-default elementor-section-height-default\" data-id=\"a7a4b32\" data-element_type=\"section\">\n\t\t\t\t\t\t<div class=\"elementor-container elementor-column-gap-default\">\n\t\t\t\t\t<div class=\"elementor-column elementor-col-100 elementor-top-column elementor-element elementor-element-f79b573\" data-id=\"f79b573\" data-element_type=\"column\">\n\t\t\t<div class=\"elementor-widget-wrap elementor-element-populated\">\n\t\t\t\t\t\t<div class=\"elementor-element elementor-element-c00f5b2 elementor-widget elementor-widget-heading\" data-id=\"c00f5b2\" data-element_type=\"widget\" data-widget_type=\"heading.default\">\n\t\t\t\t<div class=\"elementor-widget-container\">\n\t\t\t\t\t<h2 class=\"elementor-heading-title elementor-size-default\">Celebraciones y acontecimientos clave<\/h2>\t\t\t\t<\/div>\n\t\t\t\t<\/div>\n\t\t\t\t<section class=\"elementor-section elementor-inner-section elementor-element elementor-element-a24e32c elementor-section-boxed elementor-section-height-default elementor-section-height-default\" data-id=\"a24e32c\" data-element_type=\"section\">\n\t\t\t\t\t\t<div class=\"elementor-container elementor-column-gap-default\">\n\t\t\t\t\t<div class=\"elementor-column elementor-col-100 elementor-inner-column elementor-element elementor-element-31f95b2\" data-id=\"31f95b2\" data-element_type=\"column\">\n\t\t\t<div class=\"elementor-widget-wrap elementor-element-populated\">\n\t\t\t\t\t\t<div class=\"elementor-element elementor-element-0e46832 elementor-widget elementor-widget-text-editor\" data-id=\"0e46832\" data-element_type=\"widget\" data-widget_type=\"text-editor.default\">\n\t\t\t\t<div class=\"elementor-widget-container\">\n\t\t\t\t\t\t\t\t\t<p><span style=\"font-weight: 400;\">Parte de este <\/span><a href=\"https:\/\/www.puregrenada.com\/fr\/\" target=\"_blank\" rel=\"noopener nofollow\"><b>crecimiento del turismo<\/b><\/a><span style=\"font-weight: 400;\"> Estos impresionantes resultados pueden atribuirse a las celebraciones del 50 aniversario de Granada, que atrajeron a viajeros de mercados internacionales clave. Petra Roach, directora general de la Autoridad de Turismo de Granada, declar\u00f3: &#8220;Este logro de 26 meses de crecimiento positivo es un momento de orgullo para Granada. Estos acontecimientos anuales, que celebran la cultura y la historia de la isla, contribuyen a aumentar su atractivo tur\u00edstico.  <\/span><\/p>\n\t\t\t\t\t\t\t\t<\/div>\n\t\t\t\t<\/div>\n\t\t\t\t\t<\/div>\n\t\t<\/div>\n\t\t\t\t\t<\/div>\n\t\t<\/section>\n\t\t\t\t\t<\/div>\n\t\t<\/div>\n\t\t\t\t\t<\/div>\n\t\t<\/section>\n\t\t\t\t<section class=\"elementor-section elementor-top-section elementor-element elementor-element-a95c33f elementor-section-boxed elementor-section-height-default elementor-section-height-default\" data-id=\"a95c33f\" data-element_type=\"section\">\n\t\t\t\t\t\t<div class=\"elementor-container elementor-column-gap-default\">\n\t\t\t\t\t<div class=\"elementor-column elementor-col-100 elementor-top-column elementor-element elementor-element-d2ff6a2\" data-id=\"d2ff6a2\" data-element_type=\"column\">\n\t\t\t<div class=\"elementor-widget-wrap elementor-element-populated\">\n\t\t\t\t\t\t<div class=\"elementor-element elementor-element-8de7f5e elementor-widget elementor-widget-heading\" data-id=\"8de7f5e\" data-element_type=\"widget\" data-widget_type=\"heading.default\">\n\t\t\t\t<div class=\"elementor-widget-container\">\n\t\t\t\t\t<h2 class=\"elementor-heading-title elementor-size-default\">Factores clave del \u00e9xito<\/h2>\t\t\t\t<\/div>\n\t\t\t\t<\/div>\n\t\t\t\t<section class=\"elementor-section elementor-inner-section elementor-element elementor-element-72ef417 elementor-section-boxed elementor-section-height-default elementor-section-height-default\" data-id=\"72ef417\" data-element_type=\"section\">\n\t\t\t\t\t\t<div class=\"elementor-container elementor-column-gap-default\">\n\t\t\t\t\t<div class=\"elementor-column elementor-col-100 elementor-inner-column elementor-element elementor-element-4320b47\" data-id=\"4320b47\" data-element_type=\"column\">\n\t\t\t<div class=\"elementor-widget-wrap elementor-element-populated\">\n\t\t\t\t\t\t<div class=\"elementor-element elementor-element-a37caff elementor-widget elementor-widget-text-editor\" data-id=\"a37caff\" data-element_type=\"widget\" data-widget_type=\"text-editor.default\">\n\t\t\t\t<div class=\"elementor-widget-container\">\n\t\t\t\t\t\t\t\t\t<p>\n            <span style=\"font-weight: 400;\">Varios factores han contribuido a este <b>crecimiento del turismo<\/b>. Entre ellos, el aumento de la conectividad a\u00e9rea gracias a nuevas rutas con aerol\u00edneas como JetBlue, Air Canada y WestJet. Adem\u00e1s, la incorporaci\u00f3n de dos propiedades de lujo, Six Senses y Silversands Beach House, ha reforzado el atractivo de la isla para los visitantes de alto nivel. Estas inversiones en hoteles e infraestructuras son una se\u00f1al de la creciente confianza en el potencial tur\u00edstico de Granada.   <\/span>\n          <\/p>\n\t\t\t\t\t\t\t\t<\/div>\n\t\t\t\t<\/div>\n\t\t\t\t\t<\/div>\n\t\t<\/div>\n\t\t\t\t\t<\/div>\n\t\t<\/section>\n\t\t\t\t\t<\/div>\n\t\t<\/div>\n\t\t\t\t\t<\/div>\n\t\t<\/section>\n\t\t\t\t<section class=\"elementor-section elementor-top-section elementor-element elementor-element-b9655ad elementor-section-boxed elementor-section-height-default elementor-section-height-default\" data-id=\"b9655ad\" data-element_type=\"section\">\n\t\t\t\t\t\t<div class=\"elementor-container elementor-column-gap-default\">\n\t\t\t\t\t<div class=\"elementor-column elementor-col-100 elementor-top-column elementor-element elementor-element-a65bce4\" data-id=\"a65bce4\" data-element_type=\"column\">\n\t\t\t<div class=\"elementor-widget-wrap elementor-element-populated\">\n\t\t\t\t\t\t<div class=\"elementor-element elementor-element-c41a73b elementor-widget elementor-widget-heading\" data-id=\"c41a73b\" data-element_type=\"widget\" data-widget_type=\"heading.default\">\n\t\t\t\t<div class=\"elementor-widget-container\">\n\t\t\t\t\t<h2 class=\"elementor-heading-title elementor-size-default\">Reconocimiento internacional<\/h2>\t\t\t\t<\/div>\n\t\t\t\t<\/div>\n\t\t\t\t<section class=\"elementor-section elementor-inner-section elementor-element elementor-element-7a58c63 elementor-section-boxed elementor-section-height-default elementor-section-height-default\" data-id=\"7a58c63\" data-element_type=\"section\">\n\t\t\t\t\t\t<div class=\"elementor-container elementor-column-gap-default\">\n\t\t\t\t\t<div class=\"elementor-column elementor-col-100 elementor-inner-column elementor-element elementor-element-96383e5\" data-id=\"96383e5\" data-element_type=\"column\">\n\t\t\t<div class=\"elementor-widget-wrap elementor-element-populated\">\n\t\t\t\t\t\t<div class=\"elementor-element elementor-element-8abb4ac elementor-widget elementor-widget-text-editor\" data-id=\"8abb4ac\" data-element_type=\"widget\" data-widget_type=\"text-editor.default\">\n\t\t\t\t<div class=\"elementor-widget-container\">\n\t\t\t\t\t\t\t\t\t<p>\n            <span style=\"font-weight: 400;\">Granada tambi\u00e9n ha recibido reconocimiento internacional a trav\u00e9s de premios de prestigiosas publicaciones como Cond\u00e9 Nast Traveler y USA Today. Estos galardones han contribuido a situar a Granada como destino obligado en la regi\u00f3n del Caribe. Estos galardones no s\u00f3lo a\u00f1aden valor a la isla, sino que tambi\u00e9n animan a nuevos inversores a interesarse por su sector tur\u00edstico.  <\/span>\n          <\/p>\n\t\t\t\t\t\t\t\t<\/div>\n\t\t\t\t<\/div>\n\t\t\t\t\t<\/div>\n\t\t<\/div>\n\t\t\t\t\t<\/div>\n\t\t<\/section>\n\t\t\t\t\t<\/div>\n\t\t<\/div>\n\t\t\t\t\t<\/div>\n\t\t<\/section>\n\t\t\t\t<section class=\"elementor-section elementor-top-section elementor-element elementor-element-72cf03a elementor-section-boxed elementor-section-height-default elementor-section-height-default\" data-id=\"72cf03a\" data-element_type=\"section\">\n\t\t\t\t\t\t<div class=\"elementor-container elementor-column-gap-default\">\n\t\t\t\t\t<div class=\"elementor-column elementor-col-100 elementor-top-column elementor-element elementor-element-b54309d\" data-id=\"b54309d\" data-element_type=\"column\">\n\t\t\t<div class=\"elementor-widget-wrap elementor-element-populated\">\n\t\t\t\t\t\t<div class=\"elementor-element elementor-element-981112b elementor-widget elementor-widget-heading\" data-id=\"981112b\" data-element_type=\"widget\" data-widget_type=\"heading.default\">\n\t\t\t\t<div class=\"elementor-widget-container\">\n\t\t\t\t\t<h2 class=\"elementor-heading-title elementor-size-default\">Atracciones submarinas notables<\/h2>\t\t\t\t<\/div>\n\t\t\t\t<\/div>\n\t\t\t\t<section class=\"elementor-section elementor-inner-section elementor-element elementor-element-360e343 elementor-section-boxed elementor-section-height-default elementor-section-height-default\" data-id=\"360e343\" data-element_type=\"section\">\n\t\t\t\t\t\t<div class=\"elementor-container elementor-column-gap-default\">\n\t\t\t\t\t<div class=\"elementor-column elementor-col-100 elementor-inner-column elementor-element elementor-element-2321971\" data-id=\"2321971\" data-element_type=\"column\">\n\t\t\t<div class=\"elementor-widget-wrap elementor-element-populated\">\n\t\t\t\t\t\t<div class=\"elementor-element elementor-element-67c1e8e elementor-widget elementor-widget-text-editor\" data-id=\"67c1e8e\" data-element_type=\"widget\" data-widget_type=\"text-editor.default\">\n\t\t\t\t<div class=\"elementor-widget-container\">\n\t\t\t\t\t\t\t\t\t<p>Las atracciones subacu\u00e1ticas desempe\u00f1an un papel crucial en<span style=\"font-weight: 400;\">el <\/span><b>crecimiento del turismo<\/b> en Granada. La ampliaci\u00f3n del Parque Escult\u00f3rico Submarino de Molinere y la puesta en marcha del Parque Escult\u00f3rico Submarino de Carriacou han consolidado la reputaci\u00f3n de Granada como destino de buceo de primer orden. Estas iniciativas atraen no s\u00f3lo a buceadores, sino tambi\u00e9n a amantes del arte y la cultura.  <\/p>\n\t\t\t\t\t\t\t\t<\/div>\n\t\t\t\t<\/div>\n\t\t\t\t<div class=\"elementor-element elementor-element-b9b1e53 elementor-widget elementor-widget-text-editor\" data-id=\"b9b1e53\" data-element_type=\"widget\" data-widget_type=\"text-editor.default\">\n\t\t\t\t<div class=\"elementor-widget-container\">\n\t\t\t\t\t\t\t\t\t<p>\n            <span style=\"font-weight: 400;\">Granada es conocida por su excepcional biodiversidad marina, y estas esculturas submarinas ofrecen una experiencia \u00fanica que combina arte y naturaleza. Los buceadores pueden explorar obras de arte mientras descubren la fauna marina local, lo que aumenta el atractivo de la isla para los aficionados a los deportes acu\u00e1ticos. <\/span>\n          <\/p>\n\t\t\t\t\t\t\t\t<\/div>\n\t\t\t\t<\/div>\n\t\t\t\t\t<\/div>\n\t\t<\/div>\n\t\t\t\t\t<\/div>\n\t\t<\/section>\n\t\t\t\t\t<\/div>\n\t\t<\/div>\n\t\t\t\t\t<\/div>\n\t\t<\/section>\n\t\t\t\t<section class=\"elementor-section elementor-top-section elementor-element elementor-element-a5fdb9d elementor-section-boxed elementor-section-height-default elementor-section-height-default\" data-id=\"a5fdb9d\" data-element_type=\"section\">\n\t\t\t\t\t\t<div class=\"elementor-container elementor-column-gap-default\">\n\t\t\t\t\t<div class=\"elementor-column elementor-col-100 elementor-top-column elementor-element elementor-element-ca2ec48\" data-id=\"ca2ec48\" data-element_type=\"column\">\n\t\t\t<div class=\"elementor-widget-wrap elementor-element-populated\">\n\t\t\t\t\t\t<div class=\"elementor-element elementor-element-d74fff7 elementor-widget elementor-widget-heading\" data-id=\"d74fff7\" data-element_type=\"widget\" data-widget_type=\"heading.default\">\n\t\t\t\t<div class=\"elementor-widget-container\">\n\t\t\t\t\t<h2 class=\"elementor-heading-title elementor-size-default\">Impacto de los medios de comunicaci\u00f3n<\/h2>\t\t\t\t<\/div>\n\t\t\t\t<\/div>\n\t\t\t\t<section class=\"elementor-section elementor-inner-section elementor-element elementor-element-7f7938c elementor-section-boxed elementor-section-height-default elementor-section-height-default\" data-id=\"7f7938c\" data-element_type=\"section\">\n\t\t\t\t\t\t<div class=\"elementor-container elementor-column-gap-default\">\n\t\t\t\t\t<div class=\"elementor-column elementor-col-100 elementor-inner-column elementor-element elementor-element-edece08\" data-id=\"edece08\" data-element_type=\"column\">\n\t\t\t<div class=\"elementor-widget-wrap elementor-element-populated\">\n\t\t\t\t\t\t<div class=\"elementor-element elementor-element-84a57c2 elementor-widget elementor-widget-text-editor\" data-id=\"84a57c2\" data-element_type=\"widget\" data-widget_type=\"text-editor.default\">\n\t\t\t\t<div class=\"elementor-widget-container\">\n\t\t\t\t\t\t\t\t\t<p><span style=\"font-weight: 400;\">La exposici\u00f3n a los medios de comunicaci\u00f3n tambi\u00e9n ha sido un factor importante en el <b>crecimiento del turismo<\/b>. Apariciones en series de televisi\u00f3n como &#8221; <\/span><i><span style=\"font-weight: 400;\">El Hotel Fortune<\/span><\/i><span style=\"font-weight: 400;\"> y &#8220;<\/span><i><span style=\"font-weight: 400;\">Bajo cubierta<\/span><\/i><span style=\"font-weight: 400;\"> han llamado la atenci\u00f3n de millones de telespectadores de todo el mundo sobre la isla. Esta mayor notoriedad no s\u00f3lo ha puesto de relieve la belleza natural de Granada, sino que tambi\u00e9n ha despertado el inter\u00e9s de posibles viajeros. <\/span><\/p>\n<p>\n            <span style=\"font-weight: 400;\">Los medios de comunicaci\u00f3n desempe\u00f1an un papel esencial en el <b>crecimiento del turismo <\/b>y la promoci\u00f3n de los destinos tur\u00edsticos. Por ello, esta exposici\u00f3n tiene un impacto directo en el n\u00famero de reservas y en el inter\u00e9s general por Granada. <\/span>\n          <\/p>\n\t\t\t\t\t\t\t\t<\/div>\n\t\t\t\t<\/div>\n\t\t\t\t\t<\/div>\n\t\t<\/div>\n\t\t\t\t\t<\/div>\n\t\t<\/section>\n\t\t\t\t\t<\/div>\n\t\t<\/div>\n\t\t\t\t\t<\/div>\n\t\t<\/section>\n\t\t\t\t<section class=\"elementor-section elementor-top-section elementor-element elementor-element-abde198 elementor-section-boxed elementor-section-height-default elementor-section-height-default\" data-id=\"abde198\" data-element_type=\"section\">\n\t\t\t\t\t\t<div class=\"elementor-container elementor-column-gap-default\">\n\t\t\t\t\t<div class=\"elementor-column elementor-col-100 elementor-top-column elementor-element elementor-element-033cf68\" data-id=\"033cf68\" data-element_type=\"column\">\n\t\t\t<div class=\"elementor-widget-wrap elementor-element-populated\">\n\t\t\t\t\t\t<div class=\"elementor-element elementor-element-2847e70 elementor-widget elementor-widget-heading\" data-id=\"2847e70\" data-element_type=\"widget\" data-widget_type=\"heading.default\">\n\t\t\t\t<div class=\"elementor-widget-container\">\n\t\t\t\t\t<h2 class=\"elementor-heading-title elementor-size-default\">Colaboraci\u00f3n y dedicaci\u00f3n<\/h2>\t\t\t\t<\/div>\n\t\t\t\t<\/div>\n\t\t\t\t<section class=\"elementor-section elementor-inner-section elementor-element elementor-element-78a936a elementor-section-boxed elementor-section-height-default elementor-section-height-default\" data-id=\"78a936a\" data-element_type=\"section\">\n\t\t\t\t\t\t<div class=\"elementor-container elementor-column-gap-default\">\n\t\t\t\t\t<div class=\"elementor-column elementor-col-100 elementor-inner-column elementor-element elementor-element-5e44021\" data-id=\"5e44021\" data-element_type=\"column\">\n\t\t\t<div class=\"elementor-widget-wrap elementor-element-populated\">\n\t\t\t\t\t\t<div class=\"elementor-element elementor-element-362f182 elementor-widget elementor-widget-text-editor\" data-id=\"362f182\" data-element_type=\"widget\" data-widget_type=\"text-editor.default\">\n\t\t\t\t<div class=\"elementor-widget-container\">\n\t\t\t\t\t\t\t\t\t<p>\n            <span style=\"font-weight: 400;\">Randall Dolland, Presidente de la Autoridad de Turismo de Granada, destac\u00f3 la importancia del esfuerzo de colaboraci\u00f3n que hay detr\u00e1s de este \u00e9xito. &#8220;La capacidad de Granada para atraer y retener visitantes es un reflejo directo de la determinaci\u00f3n de nuestros grupos de inter\u00e9s, la riqueza de nuestra cultura y el atractivo perdurable de nuestra belleza natural&#8221;, declar\u00f3. Este enfoque colaborativo es esencial para mantener un sector tur\u00edstico vibrante.  <\/span>\n          <\/p>\n\t\t\t\t\t\t\t\t<\/div>\n\t\t\t\t<\/div>\n\t\t\t\t\t<\/div>\n\t\t<\/div>\n\t\t\t\t\t<\/div>\n\t\t<\/section>\n\t\t\t\t\t<\/div>\n\t\t<\/div>\n\t\t\t\t\t<\/div>\n\t\t<\/section>\n\t\t\t\t<section class=\"elementor-section elementor-top-section elementor-element elementor-element-5cd0f21 elementor-section-boxed elementor-section-height-default elementor-section-height-default\" data-id=\"5cd0f21\" data-element_type=\"section\">\n\t\t\t\t\t\t<div class=\"elementor-container elementor-column-gap-default\">\n\t\t\t\t\t<div class=\"elementor-column elementor-col-100 elementor-top-column elementor-element elementor-element-e2f9b5b\" data-id=\"e2f9b5b\" data-element_type=\"column\">\n\t\t\t<div class=\"elementor-widget-wrap elementor-element-populated\">\n\t\t\t\t\t\t<div class=\"elementor-element elementor-element-67b7d7b elementor-widget elementor-widget-heading\" data-id=\"67b7d7b\" data-element_type=\"widget\" data-widget_type=\"heading.default\">\n\t\t\t\t<div class=\"elementor-widget-container\">\n\t\t\t\t\t<h2 class=\"elementor-heading-title elementor-size-default\">Oportunidades de futuro para el turismo en Granada<\/h2>\t\t\t\t<\/div>\n\t\t\t\t<\/div>\n\t\t\t\t<section class=\"elementor-section elementor-inner-section elementor-element elementor-element-eca9e8d elementor-section-boxed elementor-section-height-default elementor-section-height-default\" data-id=\"eca9e8d\" data-element_type=\"section\">\n\t\t\t\t\t\t<div class=\"elementor-container elementor-column-gap-default\">\n\t\t\t\t\t<div class=\"elementor-column elementor-col-100 elementor-inner-column elementor-element elementor-element-5f7d35a\" data-id=\"5f7d35a\" data-element_type=\"column\">\n\t\t\t<div class=\"elementor-widget-wrap elementor-element-populated\">\n\t\t\t\t\t\t<div class=\"elementor-element elementor-element-f25c848 elementor-widget elementor-widget-text-editor\" data-id=\"f25c848\" data-element_type=\"widget\" data-widget_type=\"text-editor.default\">\n\t\t\t\t<div class=\"elementor-widget-container\">\n\t\t\t\t\t\t\t\t\t<p>\n            <span style=\"font-weight: 400;\">Con una infraestructura en expansi\u00f3n y futuros proyectos en marcha, el potencial de crecimiento del turismo en Granada parece prometedor. Las autoridades locales est\u00e1n estudiando iniciativas adicionales para diversificar la oferta tur\u00edstica, como ecotours, actos culturales y experiencias gastron\u00f3micas. <\/span>\n          <\/p>\n\t\t\t\t\t\t\t\t<\/div>\n\t\t\t\t<\/div>\n\t\t\t\t\t<\/div>\n\t\t<\/div>\n\t\t\t\t\t<\/div>\n\t\t<\/section>\n\t\t\t\t\t<\/div>\n\t\t<\/div>\n\t\t\t\t\t<\/div>\n\t\t<\/section>\n\t\t\t\t<section class=\"elementor-section elementor-top-section elementor-element elementor-element-a01a269 elementor-section-boxed elementor-section-height-default elementor-section-height-default\" data-id=\"a01a269\" data-element_type=\"section\">\n\t\t\t\t\t\t<div class=\"elementor-container elementor-column-gap-default\">\n\t\t\t\t\t<div class=\"elementor-column elementor-col-100 elementor-top-column elementor-element elementor-element-1c31bbd\" data-id=\"1c31bbd\" data-element_type=\"column\">\n\t\t\t<div class=\"elementor-widget-wrap elementor-element-populated\">\n\t\t\t\t\t\t<section class=\"elementor-section elementor-inner-section elementor-element elementor-element-c4da809 elementor-section-boxed elementor-section-height-default elementor-section-height-default\" data-id=\"c4da809\" data-element_type=\"section\">\n\t\t\t\t\t\t<div class=\"elementor-container elementor-column-gap-default\">\n\t\t\t\t\t<div class=\"elementor-column elementor-col-100 elementor-inner-column elementor-element elementor-element-1450e48\" data-id=\"1450e48\" data-element_type=\"column\">\n\t\t\t<div class=\"elementor-widget-wrap elementor-element-populated\">\n\t\t\t\t\t\t<div class=\"elementor-element elementor-element-31c8f7c elementor-widget elementor-widget-text-editor\" data-id=\"31c8f7c\" data-element_type=\"widget\" data-widget_type=\"text-editor.default\">\n\t\t\t\t<div class=\"elementor-widget-container\">\n\t\t\t\t\t\t\t\t\t<p><span style=\"font-weight: 400;\">En <\/span><a href=\"https:\/\/caribbean.loopnews.com\/content\/grenadas-tourism-sector-celebrates-26-consecutive-months-growth\" target=\"_blank\" rel=\"noopener nofollow\"><b>crecimiento tur\u00edstico<\/b><\/a><span style=\"font-weight: 400;\"> en Granada es algo m\u00e1s que una cifra; es el testimonio de un destino que sabe c\u00f3mo atraer y mantener la atenci\u00f3n de los viajeros. Con una infraestructura en expansi\u00f3n, acontecimientos emblem\u00e1ticos y una belleza natural impresionante, la isla est\u00e1 bien situada para seguir atrayendo visitantes en los a\u00f1os venideros. <\/span><\/p>\n\t\t\t\t\t\t\t\t<\/div>\n\t\t\t\t<\/div>\n\t\t\t\t\t<\/div>\n\t\t<\/div>\n\t\t\t\t\t<\/div>\n\t\t<\/section>\n\t\t\t\t\t<\/div>\n\t\t<\/div>\n\t\t\t\t\t<\/div>\n\t\t<\/section>\n\t\t\t\t<\/div>\n\t\t","protected":false},"excerpt":{"rendered":"<p>En crecimiento tur\u00edstico en Granada es algo que celebrar. De hecho, la isla ha registrado unos impresionantes 26 meses de crecimiento continuo desde septiembre de 2022, seg\u00fan un anuncio realizado por la Autoridad Tur\u00edstica de Granada (GTA). Este art\u00edculo destaca las razones de este notable \u00e9xito y lo que significa para el futuro de la [&hellip;]<\/p>\n","protected":false},"author":400,"featured_media":42471,"comment_status":"open","ping_status":"open","sticky":false,"template":"","format":"standard","meta":{"_acf_changed":false,"footnotes":""},"categories":[839],"tags":[1609,1645],"class_list":["post-42635","post","type-post","status-publish","format-standard","has-post-thumbnail","hentry","category-noticias","tag-granada","tag-granada-es"],"acf":[],"_links":{"self":[{"href":"https:\/\/richeskarayib.com\/es\/wp-json\/wp\/v2\/posts\/42635","targetHints":{"allow":["GET"]}}],"collection":[{"href":"https:\/\/richeskarayib.com\/es\/wp-json\/wp\/v2\/posts"}],"about":[{"href":"https:\/\/richeskarayib.com\/es\/wp-json\/wp\/v2\/types\/post"}],"author":[{"embeddable":true,"href":"https:\/\/richeskarayib.com\/es\/wp-json\/wp\/v2\/users\/400"}],"replies":[{"embeddable":true,"href":"https:\/\/richeskarayib.com\/es\/wp-json\/wp\/v2\/comments?post=42635"}],"version-history":[{"count":0,"href":"https:\/\/richeskarayib.com\/es\/wp-json\/wp\/v2\/posts\/42635\/revisions"}],"wp:featuredmedia":[{"embeddable":true,"href":"https:\/\/richeskarayib.com\/es\/wp-json\/wp\/v2\/media\/42471"}],"wp:attachment":[{"href":"https:\/\/richeskarayib.com\/es\/wp-json\/wp\/v2\/media?parent=42635"}],"wp:term":[{"taxonomy":"category","embeddable":true,"href":"https:\/\/richeskarayib.com\/es\/wp-json\/wp\/v2\/categories?post=42635"},{"taxonomy":"post_tag","embeddable":true,"href":"https:\/\/richeskarayib.com\/es\/wp-json\/wp\/v2\/tags?post=42635"}],"curies":[{"name":"wp","href":"https:\/\/api.w.org\/{rel}","templated":true}]}}