{"id":42827,"date":"2024-12-19T11:31:22","date_gmt":"2024-12-19T11:31:22","guid":{"rendered":"https:\/\/richeskarayib.com\/air-adelphi-nuevo-servicio-aereo-en-el-caribe\/"},"modified":"2024-12-19T11:31:26","modified_gmt":"2024-12-19T11:31:26","slug":"air-adelphi-nuevo-servicio-aereo-en-el-caribe","status":"publish","type":"post","link":"https:\/\/richeskarayib.com\/es\/air-adelphi-nuevo-servicio-aereo-en-el-caribe\/","title":{"rendered":"Air Adelphi: nuevo servicio a\u00e9reo en el Caribe"},"content":{"rendered":"\t\t<div data-elementor-type=\"wp-post\" data-elementor-id=\"42827\" class=\"elementor elementor-42827 elementor-42661\" data-elementor-post-type=\"post\">\n\t\t\t\t\t\t<section class=\"elementor-section elementor-top-section elementor-element elementor-element-b0ccd15 elementor-section-boxed elementor-section-height-default elementor-section-height-default\" data-id=\"b0ccd15\" data-element_type=\"section\">\n\t\t\t\t\t\t<div class=\"elementor-container elementor-column-gap-default\">\n\t\t\t\t\t<div class=\"elementor-column elementor-col-100 elementor-top-column elementor-element elementor-element-99dbec5\" data-id=\"99dbec5\" data-element_type=\"column\">\n\t\t\t<div class=\"elementor-widget-wrap elementor-element-populated\">\n\t\t\t\t\t\t<section class=\"elementor-section elementor-inner-section elementor-element elementor-element-23cdfd9 elementor-section-boxed elementor-section-height-default elementor-section-height-default\" data-id=\"23cdfd9\" data-element_type=\"section\">\n\t\t\t\t\t\t<div class=\"elementor-container elementor-column-gap-default\">\n\t\t\t\t\t<div class=\"elementor-column elementor-col-100 elementor-inner-column elementor-element elementor-element-50d8ace\" data-id=\"50d8ace\" data-element_type=\"column\">\n\t\t\t<div class=\"elementor-widget-wrap elementor-element-populated\">\n\t\t\t\t\t\t<div class=\"elementor-element elementor-element-4df4d99 elementor-widget elementor-widget-text-editor\" data-id=\"4df4d99\" data-element_type=\"widget\" data-widget_type=\"text-editor.default\">\n\t\t\t\t<div class=\"elementor-widget-container\">\n\t\t\t\t\t\t\t\t\t<p>\n            <a href=\"https:\/\/airadelphi.com\/fr\/\" target=\"_blank\" rel=\"noopener nofollow\"><br \/>\n              <b>Aire Adelphi<\/b><br \/>\n            <\/a><br \/>\n            <span style=\"font-weight: 400;\"> ha puesto en marcha un nuevo servicio que unir\u00e1 Martinica con Santa Luc\u00eda y San Vicente, a partir del 11 de diciembre de 2024. Este  <\/span><br \/>\n            <a href=\"https:\/\/antilla-martinique.com\/une-nouvelle-desserte-aerienne-air-adelphi\/\" target=\"_blank\" rel=\"noopener nofollow\"><br \/>\n              <b>nuevo servicio a\u00e9reo<\/b><br \/>\n            <\/a><br \/>\n            <span style=\"font-weight: 400;\"> representa un importante paso adelante para la conectividad regional en el Caribe. La aerol\u00ednea operar\u00e1 tres vuelos semanales, los lunes, mi\u00e9rcoles y viernes, con aviones Twin Otter de 19 plazas. Actualmente, la tarifa de ida y vuelta est\u00e1 fijada en 350 euros, con planes para negociar precios m\u00e1s bajos y mejorar la accesibilidad para los viajeros de la regi\u00f3n. El objetivo de esta iniciativa es reforzar la conectividad regional y facilitar los viajes para eventos como festivales.   <\/span>\n          <\/p>\n\t\t\t\t\t\t\t\t<\/div>\n\t\t\t\t<\/div>\n\t\t\t\t\t<\/div>\n\t\t<\/div>\n\t\t\t\t\t<\/div>\n\t\t<\/section>\n\t\t\t\t\t<\/div>\n\t\t<\/div>\n\t\t\t\t\t<\/div>\n\t\t<\/section>\n\t\t\t\t<section class=\"elementor-section elementor-top-section elementor-element elementor-element-1389640 elementor-section-boxed elementor-section-height-default elementor-section-height-default\" data-id=\"1389640\" data-element_type=\"section\">\n\t\t\t\t\t\t<div class=\"elementor-container elementor-column-gap-default\">\n\t\t\t\t\t<div class=\"elementor-column elementor-col-100 elementor-top-column elementor-element elementor-element-62f5301\" data-id=\"62f5301\" data-element_type=\"column\">\n\t\t\t<div class=\"elementor-widget-wrap elementor-element-populated\">\n\t\t\t\t\t\t<div class=\"elementor-element elementor-element-07fed6e elementor-widget elementor-widget-heading\" data-id=\"07fed6e\" data-element_type=\"widget\" data-widget_type=\"heading.default\">\n\t\t\t\t<div class=\"elementor-widget-container\">\n\t\t\t\t\t<h2 class=\"elementor-heading-title elementor-size-default\">Servicios de transporte a\u00e9reo a las islas del Caribe<\/h2>\t\t\t\t<\/div>\n\t\t\t\t<\/div>\n\t\t\t\t<div class=\"elementor-element elementor-element-5a71e13 elementor-widget elementor-widget-text-editor\" data-id=\"5a71e13\" data-element_type=\"widget\" data-widget_type=\"text-editor.default\">\n\t\t\t\t<div class=\"elementor-widget-container\">\n\t\t\t\t\t\t\t\t\t<p><span style=\"font-weight: 400;\">La p\u00e1gina <\/span><a href=\"https:\/\/www.instagram.com\/airadelphisvg\/\" target=\"_blank\" rel=\"noopener nofollow\"><b>servicio a\u00e9reo<\/b><\/a><span style=\"font-weight: 400;\"> a las islas del Caribe va a estar en auge en 2024. La compa\u00f1\u00eda a\u00e9rea  <\/span><a href=\"https:\/\/web.facebook.com\/AirAdelphi\" target=\"_blank\" rel=\"noopener nofollow\"><b>Aire Adelphi<\/b><\/a><span style=\"font-weight: 400;\"> abre a su vez la puerta a San Vicente y Santa Luc\u00eda. El precio medio del billete ronda actualmente los 350 euros, pero con el objetivo de  <\/span><b>reducir los precios<\/b><span style=\"font-weight: 400;\"> para atraer a m\u00e1s viajeros.<\/span><\/p>\n<p><span style=\"font-weight: 400;\">Ahora es posible volar con m\u00e1s frecuencia a Santa Luc\u00eda y San Vicente. Con la apertura del nuevo servicio regular operado por la compa\u00f1\u00eda a\u00e9rea  <\/span><b>Air Adelphi<\/b><span style=\"font-weight: 400;\"> El mi\u00e9rcoles 11 de diciembre se refuerza la conexi\u00f3n entre Martinica y nuestros vecinos caribe\u00f1os.<\/span><\/p>\n\t\t\t\t\t\t\t\t<\/div>\n\t\t\t\t<\/div>\n\t\t\t\t\t<\/div>\n\t\t<\/div>\n\t\t\t\t\t<\/div>\n\t\t<\/section>\n\t\t\t\t<section class=\"elementor-section elementor-top-section elementor-element elementor-element-a7a4b32 elementor-section-boxed elementor-section-height-default elementor-section-height-default\" data-id=\"a7a4b32\" data-element_type=\"section\">\n\t\t\t\t\t\t<div class=\"elementor-container elementor-column-gap-default\">\n\t\t\t\t\t<div class=\"elementor-column elementor-col-100 elementor-top-column elementor-element elementor-element-f79b573\" data-id=\"f79b573\" data-element_type=\"column\">\n\t\t\t<div class=\"elementor-widget-wrap elementor-element-populated\">\n\t\t\t\t\t\t<div class=\"elementor-element elementor-element-c00f5b2 elementor-widget elementor-widget-heading\" data-id=\"c00f5b2\" data-element_type=\"widget\" data-widget_type=\"heading.default\">\n\t\t\t\t<div class=\"elementor-widget-container\">\n\t\t\t\t\t<h2 class=\"elementor-heading-title elementor-size-default\">Jet Aviation Service refuerza el v\u00ednculo<\/h2>\t\t\t\t<\/div>\n\t\t\t\t<\/div>\n\t\t\t\t<section class=\"elementor-section elementor-inner-section elementor-element elementor-element-a24e32c elementor-section-boxed elementor-section-height-default elementor-section-height-default\" data-id=\"a24e32c\" data-element_type=\"section\">\n\t\t\t\t\t\t<div class=\"elementor-container elementor-column-gap-default\">\n\t\t\t\t\t<div class=\"elementor-column elementor-col-100 elementor-inner-column elementor-element elementor-element-31f95b2\" data-id=\"31f95b2\" data-element_type=\"column\">\n\t\t\t<div class=\"elementor-widget-wrap elementor-element-populated\">\n\t\t\t\t\t\t<div class=\"elementor-element elementor-element-0e46832 elementor-widget elementor-widget-text-editor\" data-id=\"0e46832\" data-element_type=\"widget\" data-widget_type=\"text-editor.default\">\n\t\t\t\t<div class=\"elementor-widget-container\">\n\t\t\t\t\t\t\t\t\t<p><span style=\"font-weight: 400;\">Con el apoyo de Jet Aviation Service, la compa\u00f1\u00eda de handling de F\u00e9lix Jean-Fran\u00e7ois, la ruta operar\u00e1 al menos 3 rotaciones semanales a <a href=\"https:\/\/richeskarayib.com\/fr\/events\/la-wonddes-piannistes-%f0%9f%8e%b9\/\" target=\"_blank\" rel=\"noopener\">Martinica<\/a> con estos 5 aviones bimotores de 19 plazas. Melissa Joseph, Directora de Operaciones de la compa\u00f1\u00eda a\u00e9rea  <\/span><b>Air Adelphi<\/b><span style=\"font-weight: 400;\">El proyecto Air Adelphi, que llevar\u00e1 a cabo Air France, establece los detalles del nuevo emplazamiento:<\/span><\/p>\n<p>\n            <span style=\"font-weight: 400;\">&#8220;Air Adelphi tiene previsto operar servicios triples entre las 3 islas los lunes, mi\u00e9rcoles y viernes. Los aviones partir\u00e1n de San Vicente. Volamos de San Vicente a <a href=\"https:\/\/richeskarayib.com\/es\/caribe-lenguas-criollas-del-caribe-latinoamericano\/\" target=\"_blank\" rel=\"noopener\">Santa Luc\u00eda<\/a> con conexi\u00f3n a Martinica. Despu\u00e9s, a las 9.30 h, saldremos de Martinica hacia Santa Luc\u00eda con conexi\u00f3n a San Vicente.  <\/span>\n          <\/p>\n\t\t\t\t\t\t\t\t<\/div>\n\t\t\t\t<\/div>\n\t\t\t\t<section class=\"elementor-section elementor-inner-section elementor-element elementor-element-958041c elementor-section-boxed elementor-section-height-default elementor-section-height-default\" data-id=\"958041c\" data-element_type=\"section\">\n\t\t\t\t\t\t<div class=\"elementor-container elementor-column-gap-default\">\n\t\t\t\t\t<div class=\"elementor-column elementor-col-50 elementor-inner-column elementor-element elementor-element-481a1f0\" data-id=\"481a1f0\" data-element_type=\"column\">\n\t\t\t<div class=\"elementor-widget-wrap elementor-element-populated\">\n\t\t\t\t\t\t<div class=\"elementor-element elementor-element-0fc3e1b elementor-widget elementor-widget-image\" data-id=\"0fc3e1b\" data-element_type=\"widget\" data-widget_type=\"image.default\">\n\t\t\t\t<div class=\"elementor-widget-container\">\n\t\t\t\t\t\t\t\t\t\t\t\t<figure class=\"wp-caption\">\n\t\t\t\t\t\t\t\t\t\t<img fetchpriority=\"high\" decoding=\"async\" width=\"720\" height=\"540\" src=\"https:\/\/richeskarayib.com\/wp-content\/uploads\/2024\/12\/459383963_122181643052224615_3151377222989139877_n.jpg\" class=\"attachment-large size-large wp-image-42673\" alt=\"Air Adelphi\" srcset=\"https:\/\/richeskarayib.com\/wp-content\/uploads\/2024\/12\/459383963_122181643052224615_3151377222989139877_n.jpg 720w, https:\/\/richeskarayib.com\/wp-content\/uploads\/2024\/12\/459383963_122181643052224615_3151377222989139877_n-300x225.jpg 300w\" sizes=\"(max-width: 720px) 100vw, 720px\" \/>\t\t\t\t\t\t\t\t\t\t\t<figcaption class=\"widget-image-caption wp-caption-text\">Cockpit d'un avion de l'Air Adelphi<\/figcaption>\n\t\t\t\t\t\t\t\t\t\t<\/figure>\n\t\t\t\t\t\t\t\t\t<\/div>\n\t\t\t\t<\/div>\n\t\t\t\t\t<\/div>\n\t\t<\/div>\n\t\t\t\t<div class=\"elementor-column elementor-col-50 elementor-inner-column elementor-element elementor-element-ddb40e3\" data-id=\"ddb40e3\" data-element_type=\"column\">\n\t\t\t<div class=\"elementor-widget-wrap elementor-element-populated\">\n\t\t\t\t\t\t<div class=\"elementor-element elementor-element-364a665 elementor-widget elementor-widget-image\" data-id=\"364a665\" data-element_type=\"widget\" data-widget_type=\"image.default\">\n\t\t\t\t<div class=\"elementor-widget-container\">\n\t\t\t\t\t\t\t\t\t\t\t\t<figure class=\"wp-caption\">\n\t\t\t\t\t\t\t\t\t\t<img decoding=\"async\" width=\"800\" height=\"457\" src=\"https:\/\/richeskarayib.com\/wp-content\/uploads\/2024\/12\/469121732_122203730972224615_4099195562668015926_n.jpg\" class=\"attachment-large size-large wp-image-42669\" alt=\"Air Adelphi\" srcset=\"https:\/\/richeskarayib.com\/wp-content\/uploads\/2024\/12\/469121732_122203730972224615_4099195562668015926_n.jpg 960w, https:\/\/richeskarayib.com\/wp-content\/uploads\/2024\/12\/469121732_122203730972224615_4099195562668015926_n-300x171.jpg 300w, https:\/\/richeskarayib.com\/wp-content\/uploads\/2024\/12\/469121732_122203730972224615_4099195562668015926_n-768x438.jpg 768w\" sizes=\"(max-width: 800px) 100vw, 800px\" \/>\t\t\t\t\t\t\t\t\t\t\t<figcaption class=\"widget-image-caption wp-caption-text\">Air Adelphi<\/figcaption>\n\t\t\t\t\t\t\t\t\t\t<\/figure>\n\t\t\t\t\t\t\t\t\t<\/div>\n\t\t\t\t<\/div>\n\t\t\t\t\t<\/div>\n\t\t<\/div>\n\t\t\t\t\t<\/div>\n\t\t<\/section>\n\t\t\t\t\t<\/div>\n\t\t<\/div>\n\t\t\t\t\t<\/div>\n\t\t<\/section>\n\t\t\t\t\t<\/div>\n\t\t<\/div>\n\t\t\t\t\t<\/div>\n\t\t<\/section>\n\t\t\t\t<section class=\"elementor-section elementor-top-section elementor-element elementor-element-a95c33f elementor-section-boxed elementor-section-height-default elementor-section-height-default\" data-id=\"a95c33f\" data-element_type=\"section\">\n\t\t\t\t\t\t<div class=\"elementor-container elementor-column-gap-default\">\n\t\t\t\t\t<div class=\"elementor-column elementor-col-100 elementor-top-column elementor-element elementor-element-d2ff6a2\" data-id=\"d2ff6a2\" data-element_type=\"column\">\n\t\t\t<div class=\"elementor-widget-wrap elementor-element-populated\">\n\t\t\t\t\t\t<div class=\"elementor-element elementor-element-8de7f5e elementor-widget elementor-widget-heading\" data-id=\"8de7f5e\" data-element_type=\"widget\" data-widget_type=\"heading.default\">\n\t\t\t\t<div class=\"elementor-widget-container\">\n\t\t\t\t\t<h2 class=\"elementor-heading-title elementor-size-default\">Una ambici\u00f3n de conectividad regional<\/h2>\t\t\t\t<\/div>\n\t\t\t\t<\/div>\n\t\t\t\t<section class=\"elementor-section elementor-inner-section elementor-element elementor-element-72ef417 elementor-section-boxed elementor-section-height-default elementor-section-height-default\" data-id=\"72ef417\" data-element_type=\"section\">\n\t\t\t\t\t\t<div class=\"elementor-container elementor-column-gap-default\">\n\t\t\t\t\t<div class=\"elementor-column elementor-col-100 elementor-inner-column elementor-element elementor-element-4320b47\" data-id=\"4320b47\" data-element_type=\"column\">\n\t\t\t<div class=\"elementor-widget-wrap elementor-element-populated\">\n\t\t\t\t\t\t<div class=\"elementor-element elementor-element-a37caff elementor-widget elementor-widget-text-editor\" data-id=\"a37caff\" data-element_type=\"widget\" data-widget_type=\"text-editor.default\">\n\t\t\t\t<div class=\"elementor-widget-container\">\n\t\t\t\t\t\t\t\t\t<p>\n            <b>Adelphi<\/b><br \/>\n            <span style=\"font-weight: 400;\"> pretende abrir el corredor entre nuestros dos pa\u00edses, entre otras cosas porque todos compartimos una historia y unas culturas muy ricas. Utilizamos Martinica como centro para abrir el corredor entre el Reino Unido y las dem\u00e1s islas del Caribe. Es una muy buena puerta de entrada al Caribe. Nos gustar\u00eda abrir las puertas a otros pa\u00edses caribe\u00f1os como Barbados, Granada, Dominica y Trinidad.   <\/span>\n          <\/p>\n\t\t\t\t\t\t\t\t<\/div>\n\t\t\t\t<\/div>\n\t\t\t\t\t<\/div>\n\t\t<\/div>\n\t\t\t\t\t<\/div>\n\t\t<\/section>\n\t\t\t\t\t<\/div>\n\t\t<\/div>\n\t\t\t\t\t<\/div>\n\t\t<\/section>\n\t\t\t\t<section class=\"elementor-section elementor-top-section elementor-element elementor-element-b9655ad elementor-section-boxed elementor-section-height-default elementor-section-height-default\" data-id=\"b9655ad\" data-element_type=\"section\">\n\t\t\t\t\t\t<div class=\"elementor-container elementor-column-gap-default\">\n\t\t\t\t\t<div class=\"elementor-column elementor-col-100 elementor-top-column elementor-element elementor-element-a65bce4\" data-id=\"a65bce4\" data-element_type=\"column\">\n\t\t\t<div class=\"elementor-widget-wrap elementor-element-populated\">\n\t\t\t\t\t\t<div class=\"elementor-element elementor-element-c41a73b elementor-widget elementor-widget-heading\" data-id=\"c41a73b\" data-element_type=\"widget\" data-widget_type=\"heading.default\">\n\t\t\t\t<div class=\"elementor-widget-container\">\n\t\t\t\t\t<h2 class=\"elementor-heading-title elementor-size-default\">Tarifas atractivas para los viajeros<\/h2>\t\t\t\t<\/div>\n\t\t\t\t<\/div>\n\t\t\t\t<section class=\"elementor-section elementor-inner-section elementor-element elementor-element-7a58c63 elementor-section-boxed elementor-section-height-default elementor-section-height-default\" data-id=\"7a58c63\" data-element_type=\"section\">\n\t\t\t\t\t\t<div class=\"elementor-container elementor-column-gap-default\">\n\t\t\t\t\t<div class=\"elementor-column elementor-col-100 elementor-inner-column elementor-element elementor-element-96383e5\" data-id=\"96383e5\" data-element_type=\"column\">\n\t\t\t<div class=\"elementor-widget-wrap elementor-element-populated\">\n\t\t\t\t\t\t<div class=\"elementor-element elementor-element-8abb4ac elementor-widget elementor-widget-text-editor\" data-id=\"8abb4ac\" data-element_type=\"widget\" data-widget_type=\"text-editor.default\">\n\t\t\t\t<div class=\"elementor-widget-container\">\n\t\t\t\t\t\t\t\t\t<p>\n            <span style=\"font-weight: 400;\">El objetivo es promover la conectividad que ya existe entre nuestros territorios, a pesar de la fuerte competencia. Por ello, la empresa ha iniciado un proceso para intentar reducir el precio de los billetes y hacer m\u00e1s asequible su servicio: <\/span>\n          <\/p>\n\t\t\t\t\t\t\t\t<\/div>\n\t\t\t\t<\/div>\n\t\t\t\t<div class=\"elementor-element elementor-element-fd329e6 elementor-widget elementor-widget-text-editor\" data-id=\"fd329e6\" data-element_type=\"widget\" data-widget_type=\"text-editor.default\">\n\t\t\t\t<div class=\"elementor-widget-container\">\n\t\t\t\t\t\t\t\t\t<p>\n            <span style=\"font-weight: 400;\">&#8220;Actualmente, el precio es de 350 euros por un viaje de ida y vuelta. Sin embargo, hemos estado trabajando con las autoridades de aviaci\u00f3n para bajar estos precios y hacerlos m\u00e1s atractivos y asequibles para la gente de Martinica, Santa Luc\u00eda y San Vicente. Se trata de un proceso en curso. Esperamos obtener alg\u00fan tipo de dispensa que podamos trasladar a los clientes. Habr\u00eda billetes a\u00fan m\u00e1s baratos y asequibles. El objetivo ser\u00eda realmente crear un puente entre nuestros pa\u00edses, para poder hacer excursiones de un d\u00eda, viajes a festivales y todo tipo de cosas por el estilo.<\/span>\n          <\/p>\n\t\t\t\t\t\t\t\t<\/div>\n\t\t\t\t<\/div>\n\t\t\t\t\t<\/div>\n\t\t<\/div>\n\t\t\t\t\t<\/div>\n\t\t<\/section>\n\t\t\t\t\t<\/div>\n\t\t<\/div>\n\t\t\t\t\t<\/div>\n\t\t<\/section>\n\t\t\t\t<section class=\"elementor-section elementor-top-section elementor-element elementor-element-5cd0f21 elementor-section-boxed elementor-section-height-default elementor-section-height-default\" data-id=\"5cd0f21\" data-element_type=\"section\">\n\t\t\t\t\t\t<div class=\"elementor-container elementor-column-gap-default\">\n\t\t\t\t\t<div class=\"elementor-column elementor-col-100 elementor-top-column elementor-element elementor-element-e2f9b5b\" data-id=\"e2f9b5b\" data-element_type=\"column\">\n\t\t\t<div class=\"elementor-widget-wrap elementor-element-populated\">\n\t\t\t\t\t\t<section class=\"elementor-section elementor-inner-section elementor-element elementor-element-eca9e8d elementor-section-boxed elementor-section-height-default elementor-section-height-default\" data-id=\"eca9e8d\" data-element_type=\"section\">\n\t\t\t\t\t\t<div class=\"elementor-container elementor-column-gap-default\">\n\t\t\t\t\t<div class=\"elementor-column elementor-col-100 elementor-inner-column elementor-element elementor-element-5f7d35a\" data-id=\"5f7d35a\" data-element_type=\"column\">\n\t\t\t<div class=\"elementor-widget-wrap elementor-element-populated\">\n\t\t\t\t\t\t<div class=\"elementor-element elementor-element-f25c848 elementor-widget elementor-widget-text-editor\" data-id=\"f25c848\" data-element_type=\"widget\" data-widget_type=\"text-editor.default\">\n\t\t\t\t<div class=\"elementor-widget-container\">\n\t\t\t\t\t\t\t\t\t<p><span style=\"font-weight: 400;\">En <\/span><b>nuevo servicio a\u00e9reo<\/b><span style=\"font-weight: 400;\"> d&#8217;<\/span><b>Air Adelphi<\/b><span style=\"font-weight: 400;\"> entre Martinica, Santa Luc\u00eda y San Vicente marca un punto de inflexi\u00f3n en el panorama del transporte a\u00e9reo caribe\u00f1o. Con la ambici\u00f3n de mejorar las conexiones y ofrecer tarifas asequibles, esta iniciativa podr\u00eda transformar los viajes entre las islas, facilitando el acceso a acontecimientos culturales y reforzando los lazos econ\u00f3micos entre estos territorios. Adoptando medidas para reducir los costes,   <\/span><b>Air Adelphi<\/b><span style=\"font-weight: 400;\"> espera animar a m\u00e1s pasajeros a explorar estos magn\u00edficos destinos.<\/span><\/p>\n\t\t\t\t\t\t\t\t<\/div>\n\t\t\t\t<\/div>\n\t\t\t\t\t<\/div>\n\t\t<\/div>\n\t\t\t\t\t<\/div>\n\t\t<\/section>\n\t\t\t\t\t<\/div>\n\t\t<\/div>\n\t\t\t\t\t<\/div>\n\t\t<\/section>\n\t\t\t\t<\/div>\n\t\t","protected":false},"excerpt":{"rendered":"<p>Aire Adelphi ha puesto en marcha un nuevo servicio que unir\u00e1 Martinica con Santa Luc\u00eda y San Vicente, a partir del 11 de diciembre de 2024. Este nuevo servicio a\u00e9reo representa un importante paso adelante para la conectividad regional en el Caribe. La aerol\u00ednea operar\u00e1 tres vuelos semanales, los lunes, mi\u00e9rcoles y viernes, con aviones [&hellip;]<\/p>\n","protected":false},"author":400,"featured_media":42665,"comment_status":"open","ping_status":"open","sticky":false,"template":"","format":"standard","meta":{"_acf_changed":false,"footnotes":""},"categories":[839],"tags":[816,1649,1594],"class_list":["post-42827","post","type-post","status-publish","format-standard","has-post-thumbnail","hentry","category-noticias","tag-martinique-es","tag-saint-vincent-es","tag-sainte-lucie-es"],"acf":[],"_links":{"self":[{"href":"https:\/\/richeskarayib.com\/es\/wp-json\/wp\/v2\/posts\/42827","targetHints":{"allow":["GET"]}}],"collection":[{"href":"https:\/\/richeskarayib.com\/es\/wp-json\/wp\/v2\/posts"}],"about":[{"href":"https:\/\/richeskarayib.com\/es\/wp-json\/wp\/v2\/types\/post"}],"author":[{"embeddable":true,"href":"https:\/\/richeskarayib.com\/es\/wp-json\/wp\/v2\/users\/400"}],"replies":[{"embeddable":true,"href":"https:\/\/richeskarayib.com\/es\/wp-json\/wp\/v2\/comments?post=42827"}],"version-history":[{"count":0,"href":"https:\/\/richeskarayib.com\/es\/wp-json\/wp\/v2\/posts\/42827\/revisions"}],"wp:featuredmedia":[{"embeddable":true,"href":"https:\/\/richeskarayib.com\/es\/wp-json\/wp\/v2\/media\/42665"}],"wp:attachment":[{"href":"https:\/\/richeskarayib.com\/es\/wp-json\/wp\/v2\/media?parent=42827"}],"wp:term":[{"taxonomy":"category","embeddable":true,"href":"https:\/\/richeskarayib.com\/es\/wp-json\/wp\/v2\/categories?post=42827"},{"taxonomy":"post_tag","embeddable":true,"href":"https:\/\/richeskarayib.com\/es\/wp-json\/wp\/v2\/tags?post=42827"}],"curies":[{"name":"wp","href":"https:\/\/api.w.org\/{rel}","templated":true}]}}