{"id":43533,"date":"2025-01-08T11:26:10","date_gmt":"2025-01-08T15:26:10","guid":{"rendered":"https:\/\/richeskarayib.com\/los-secretos-de-los-cuentos-caribenos-historias-transmitidas-de-generacion-en-generacion\/"},"modified":"2025-01-08T11:26:14","modified_gmt":"2025-01-08T15:26:14","slug":"los-secretos-de-los-cuentos-caribenos-historias-transmitidas-de-generacion-en-generacion","status":"publish","type":"post","link":"https:\/\/richeskarayib.com\/es\/los-secretos-de-los-cuentos-caribenos-historias-transmitidas-de-generacion-en-generacion\/","title":{"rendered":"Los secretos de los cuentos caribe\u00f1os: historias transmitidas de generaci\u00f3n en generaci\u00f3n"},"content":{"rendered":"\t\t<div data-elementor-type=\"wp-post\" data-elementor-id=\"43533\" class=\"elementor elementor-43533 elementor-43503\" data-elementor-post-type=\"post\">\n\t\t\t\t\t\t<section class=\"elementor-section elementor-top-section elementor-element elementor-element-b0ccd15 elementor-section-boxed elementor-section-height-default elementor-section-height-default\" data-id=\"b0ccd15\" data-element_type=\"section\">\n\t\t\t\t\t\t<div class=\"elementor-container elementor-column-gap-default\">\n\t\t\t\t\t<div class=\"elementor-column elementor-col-100 elementor-top-column elementor-element elementor-element-99dbec5\" data-id=\"99dbec5\" data-element_type=\"column\">\n\t\t\t<div class=\"elementor-widget-wrap elementor-element-populated\">\n\t\t\t\t\t\t<section class=\"elementor-section elementor-inner-section elementor-element elementor-element-23cdfd9 elementor-section-boxed elementor-section-height-default elementor-section-height-default\" data-id=\"23cdfd9\" data-element_type=\"section\">\n\t\t\t\t\t\t<div class=\"elementor-container elementor-column-gap-default\">\n\t\t\t\t\t<div class=\"elementor-column elementor-col-100 elementor-inner-column elementor-element elementor-element-50d8ace\" data-id=\"50d8ace\" data-element_type=\"column\">\n\t\t\t<div class=\"elementor-widget-wrap elementor-element-populated\">\n\t\t\t\t\t\t<div class=\"elementor-element elementor-element-4df4d99 elementor-widget elementor-widget-text-editor\" data-id=\"4df4d99\" data-element_type=\"widget\" data-widget_type=\"text-editor.default\">\n\t\t\t\t<div class=\"elementor-widget-container\">\n\t\t\t\t\t\t\t\t\t<p>Los cuentos <a href=\"https:\/\/richeskarayib.com\/es\/informe-especial-parte-4-2020-2023-los-tesoros-culturales-del-caribe-patrimonio-inmaterial-reconocido-por-la-unesco\/\" target=\"_blank\" rel=\"noopener\">caribe\u00f1os<\/a> reflejan una rica cultura y herencia oral que se ha transmitido de generaci\u00f3n en generaci\u00f3n. Los cuentos caribe\u00f1os suelen estar te\u00f1idos de misterio y magia, y conforman la identidad \u00fanica de las islas del Caribe. En este art\u00edculo, nos adentraremos en los cuentos tradicionales de Santa Luc\u00eda, Dominica, Trinidad y Tobago, Barbados, Anguila, Guadalupe y Martinica, para comprender c\u00f3mo estos cuentos caribe\u00f1os han contribuido a la formaci\u00f3n de sus respectivas identidades.  <\/p>\n\t\t\t\t\t\t\t\t<\/div>\n\t\t\t\t<\/div>\n\t\t\t\t\t<\/div>\n\t\t<\/div>\n\t\t\t\t\t<\/div>\n\t\t<\/section>\n\t\t\t\t\t<\/div>\n\t\t<\/div>\n\t\t\t\t\t<\/div>\n\t\t<\/section>\n\t\t\t\t<section class=\"elementor-section elementor-top-section elementor-element elementor-element-1389640 elementor-section-boxed elementor-section-height-default elementor-section-height-default\" data-id=\"1389640\" data-element_type=\"section\">\n\t\t\t\t\t\t<div class=\"elementor-container elementor-column-gap-default\">\n\t\t\t\t\t<div class=\"elementor-column elementor-col-100 elementor-top-column elementor-element elementor-element-62f5301\" data-id=\"62f5301\" data-element_type=\"column\">\n\t\t\t<div class=\"elementor-widget-wrap elementor-element-populated\">\n\t\t\t\t\t\t<div class=\"elementor-element elementor-element-07fed6e elementor-widget elementor-widget-heading\" data-id=\"07fed6e\" data-element_type=\"widget\" data-widget_type=\"heading.default\">\n\t\t\t\t<div class=\"elementor-widget-container\">\n\t\t\t\t\t<h2 class=\"elementor-heading-title elementor-size-default\">Cuentos de Santa Luc\u00eda: mitos y leyendas <\/h2>\t\t\t\t<\/div>\n\t\t\t\t<\/div>\n\t\t\t\t<div class=\"elementor-element elementor-element-5a71e13 elementor-widget elementor-widget-text-editor\" data-id=\"5a71e13\" data-element_type=\"widget\" data-widget_type=\"text-editor.default\">\n\t\t\t\t<div class=\"elementor-widget-container\">\n\t\t\t\t\t\t\t\t\t<p>En <a href=\"https:\/\/www.stlucia.org\/fr\/\" target=\"_blank\" rel=\"noopener nofollow\">Santa<\/a> Luc\u00eda, los cuentos tradicionales suelen estar relacionados con la naturaleza y las criaturas m\u00edticas. Son frecuentes las historias de <b>sirenas<\/b> y <b>tritones<\/b> que atraen a los pescadores incautos a las profundidades del oc\u00e9ano. Estos mitos reflejan la profunda conexi\u00f3n que los habitantes de Santa Luc\u00eda tienen con el mar y sus misterios.  <\/p>\n\t\t\t\t\t\t\t\t<\/div>\n\t\t\t\t<\/div>\n\t\t\t\t<div class=\"elementor-element elementor-element-88eb62f elementor-widget elementor-widget-text-editor\" data-id=\"88eb62f\" data-element_type=\"widget\" data-widget_type=\"text-editor.default\">\n\t\t\t\t<div class=\"elementor-widget-container\">\n\t\t\t\t\t\t\t\t\t<h3>\n            <b>La leyenda de la monta\u00f1a Pitons<\/b><br \/>\n          <\/h3>\n<p>Las Pitons, las dos monta\u00f1as emblem\u00e1ticas de Santa Luc\u00eda, son el centro de varias leyendas. Una de ellas cuenta la historia de una joven que, para escapar de un matrimonio forzado, se arroja desde la cima de una de las monta\u00f1as. Esta leyenda simboliza la lucha por la libertad y la autonom\u00eda de las mujeres en una sociedad tradicional.  <\/p>\n\t\t\t\t\t\t\t\t<\/div>\n\t\t\t\t<\/div>\n\t\t\t\t<section class=\"elementor-section elementor-inner-section elementor-element elementor-element-73a6ee1 elementor-section-boxed elementor-section-height-default elementor-section-height-default\" data-id=\"73a6ee1\" data-element_type=\"section\">\n\t\t\t\t\t\t<div class=\"elementor-container elementor-column-gap-default\">\n\t\t\t\t\t<div class=\"elementor-column elementor-col-100 elementor-inner-column elementor-element elementor-element-871827f\" data-id=\"871827f\" data-element_type=\"column\">\n\t\t\t<div class=\"elementor-widget-wrap elementor-element-populated\">\n\t\t\t\t\t\t<div class=\"elementor-element elementor-element-7c369d1 elementor-widget elementor-widget-image\" data-id=\"7c369d1\" data-element_type=\"widget\" data-widget_type=\"image.default\">\n\t\t\t\t<div class=\"elementor-widget-container\">\n\t\t\t\t\t\t\t\t\t\t\t\t<figure class=\"wp-caption\">\n\t\t\t\t\t\t\t\t\t\t<img fetchpriority=\"high\" decoding=\"async\" width=\"800\" height=\"598\" src=\"https:\/\/richeskarayib.com\/wp-content\/uploads\/2025\/01\/stock-photo-the-pitons-st-lucia-1121342045-Modifie-1024x765.jpg\" class=\"attachment-large size-large wp-image-43507\" alt=\"contes carib\u00e9ens\" srcset=\"https:\/\/richeskarayib.com\/wp-content\/uploads\/2025\/01\/stock-photo-the-pitons-st-lucia-1121342045-Modifie-1024x765.jpg 1024w, https:\/\/richeskarayib.com\/wp-content\/uploads\/2025\/01\/stock-photo-the-pitons-st-lucia-1121342045-Modifie-300x224.jpg 300w, https:\/\/richeskarayib.com\/wp-content\/uploads\/2025\/01\/stock-photo-the-pitons-st-lucia-1121342045-Modifie-768x573.jpg 768w, https:\/\/richeskarayib.com\/wp-content\/uploads\/2025\/01\/stock-photo-the-pitons-st-lucia-1121342045-Modifie-1320x986.jpg 1320w, https:\/\/richeskarayib.com\/wp-content\/uploads\/2025\/01\/stock-photo-the-pitons-st-lucia-1121342045-Modifie.jpg 1500w\" sizes=\"(max-width: 800px) 100vw, 800px\" \/>\t\t\t\t\t\t\t\t\t\t\t<figcaption class=\"widget-image-caption wp-caption-text\"> la montagne des Pitons\n<\/figcaption>\n\t\t\t\t\t\t\t\t\t\t<\/figure>\n\t\t\t\t\t\t\t\t\t<\/div>\n\t\t\t\t<\/div>\n\t\t\t\t\t<\/div>\n\t\t<\/div>\n\t\t\t\t\t<\/div>\n\t\t<\/section>\n\t\t\t\t\t<\/div>\n\t\t<\/div>\n\t\t\t\t\t<\/div>\n\t\t<\/section>\n\t\t\t\t<section class=\"elementor-section elementor-top-section elementor-element elementor-element-4020f89 elementor-section-boxed elementor-section-height-default elementor-section-height-default\" data-id=\"4020f89\" data-element_type=\"section\">\n\t\t\t\t\t\t<div class=\"elementor-container elementor-column-gap-default\">\n\t\t\t\t\t<div class=\"elementor-column elementor-col-100 elementor-top-column elementor-element elementor-element-98a76b8\" data-id=\"98a76b8\" data-element_type=\"column\">\n\t\t\t<div class=\"elementor-widget-wrap elementor-element-populated\">\n\t\t\t\t\t\t<div class=\"elementor-element elementor-element-c8bcd6e elementor-widget elementor-widget-heading\" data-id=\"c8bcd6e\" data-element_type=\"widget\" data-widget_type=\"heading.default\">\n\t\t\t\t<div class=\"elementor-widget-container\">\n\t\t\t\t\t<h2 class=\"elementor-heading-title elementor-size-default\">Cuentos de Dominica: La naturaleza y los esp\u00edritus<\/h2>\t\t\t\t<\/div>\n\t\t\t\t<\/div>\n\t\t\t\t<div class=\"elementor-element elementor-element-eed5b81 elementor-widget elementor-widget-text-editor\" data-id=\"eed5b81\" data-element_type=\"widget\" data-widget_type=\"text-editor.default\">\n\t\t\t\t<div class=\"elementor-widget-container\">\n\t\t\t\t\t\t\t\t\t<p><a href=\"https:\/\/discoverdominica.com\/fr\/home\" target=\"_blank\" rel=\"noopener nofollow\">Dominica<\/a>, a menudo llamada &#8220;la isla de la naturaleza&#8221;, alberga una rica tradici\u00f3n de cuentos relacionados con el medio ambiente. Son especialmente populares las historias de <b>ti-bonhomme<\/b>, una criatura legendaria parecida a un elfo que protege sus tesoros en los pantanos. Estos cuentos caribe\u00f1os hacen hincapi\u00e9 en la necesidad de proteger la naturaleza y los recursos naturales.  <\/p>\n\t\t\t\t\t\t\t\t<\/div>\n\t\t\t\t<\/div>\n\t\t\t\t<div class=\"elementor-element elementor-element-922b212 elementor-widget elementor-widget-text-editor\" data-id=\"922b212\" data-element_type=\"widget\" data-widget_type=\"text-editor.default\">\n\t\t\t\t<div class=\"elementor-widget-container\">\n\t\t\t\t\t\t\t\t\t<h3>\n            <b>Los esp\u00edritus del bosque<\/b><br \/>\n          <\/h3>\n<p>La selva tropical dominicana est\u00e1 habitada por esp\u00edritus y criaturas m\u00edticas. Los cuentos hablan de <b>Mama Dlo<\/b>, un esp\u00edritu del agua que protege los r\u00edos y las cascadas, y de <b>Bwa Bwa<\/b>, un esp\u00edritu de los \u00e1rboles que vigila la selva. Estas historias subrayan la importancia de respetar y proteger el entorno natural.  <\/p>\n\t\t\t\t\t\t\t\t<\/div>\n\t\t\t\t<\/div>\n\t\t\t\t<section class=\"elementor-section elementor-inner-section elementor-element elementor-element-7c32152 elementor-section-boxed elementor-section-height-default elementor-section-height-default\" data-id=\"7c32152\" data-element_type=\"section\">\n\t\t\t\t\t\t<div class=\"elementor-container elementor-column-gap-default\">\n\t\t\t\t\t<div class=\"elementor-column elementor-col-100 elementor-inner-column elementor-element elementor-element-9829e78\" data-id=\"9829e78\" data-element_type=\"column\">\n\t\t\t<div class=\"elementor-widget-wrap elementor-element-populated\">\n\t\t\t\t\t\t<div class=\"elementor-element elementor-element-c20e51b elementor-widget elementor-widget-image\" data-id=\"c20e51b\" data-element_type=\"widget\" data-widget_type=\"image.default\">\n\t\t\t\t<div class=\"elementor-widget-container\">\n\t\t\t\t\t\t\t\t\t\t\t\t<figure class=\"wp-caption\">\n\t\t\t\t\t\t\t\t\t\t<img decoding=\"async\" width=\"800\" height=\"450\" src=\"https:\/\/richeskarayib.com\/wp-content\/uploads\/2025\/01\/WhatsApp-Image-2024-10-30-a-06.21.54_01a91484-Modifie-1024x576.jpg\" class=\"attachment-large size-large wp-image-43511\" alt=\"contes carib\u00e9ens\" srcset=\"https:\/\/richeskarayib.com\/wp-content\/uploads\/2025\/01\/WhatsApp-Image-2024-10-30-a-06.21.54_01a91484-Modifie-1024x576.jpg 1024w, https:\/\/richeskarayib.com\/wp-content\/uploads\/2025\/01\/WhatsApp-Image-2024-10-30-a-06.21.54_01a91484-Modifie-300x169.jpg 300w, https:\/\/richeskarayib.com\/wp-content\/uploads\/2025\/01\/WhatsApp-Image-2024-10-30-a-06.21.54_01a91484-Modifie-768x432.jpg 768w, https:\/\/richeskarayib.com\/wp-content\/uploads\/2025\/01\/WhatsApp-Image-2024-10-30-a-06.21.54_01a91484-Modifie-1536x864.jpg 1536w, https:\/\/richeskarayib.com\/wp-content\/uploads\/2025\/01\/WhatsApp-Image-2024-10-30-a-06.21.54_01a91484-Modifie-1320x743.jpg 1320w, https:\/\/richeskarayib.com\/wp-content\/uploads\/2025\/01\/WhatsApp-Image-2024-10-30-a-06.21.54_01a91484-Modifie.jpg 1600w\" sizes=\"(max-width: 800px) 100vw, 800px\" \/>\t\t\t\t\t\t\t\t\t\t\t<figcaption class=\"widget-image-caption wp-caption-text\">La Dominique<\/figcaption>\n\t\t\t\t\t\t\t\t\t\t<\/figure>\n\t\t\t\t\t\t\t\t\t<\/div>\n\t\t\t\t<\/div>\n\t\t\t\t\t<\/div>\n\t\t<\/div>\n\t\t\t\t\t<\/div>\n\t\t<\/section>\n\t\t\t\t\t<\/div>\n\t\t<\/div>\n\t\t\t\t\t<\/div>\n\t\t<\/section>\n\t\t\t\t<section class=\"elementor-section elementor-top-section elementor-element elementor-element-c3c8588 elementor-section-boxed elementor-section-height-default elementor-section-height-default\" data-id=\"c3c8588\" data-element_type=\"section\">\n\t\t\t\t\t\t<div class=\"elementor-container elementor-column-gap-default\">\n\t\t\t\t\t<div class=\"elementor-column elementor-col-100 elementor-top-column elementor-element elementor-element-e04a3a4\" data-id=\"e04a3a4\" data-element_type=\"column\">\n\t\t\t<div class=\"elementor-widget-wrap elementor-element-populated\">\n\t\t\t\t\t\t<div class=\"elementor-element elementor-element-95aa255 elementor-widget elementor-widget-heading\" data-id=\"95aa255\" data-element_type=\"widget\" data-widget_type=\"heading.default\">\n\t\t\t\t<div class=\"elementor-widget-container\">\n\t\t\t\t\t<h2 class=\"elementor-heading-title elementor-size-default\">Cuentos de Trinidad y Tobago: diversidad cultural<\/h2>\t\t\t\t<\/div>\n\t\t\t\t<\/div>\n\t\t\t\t<div class=\"elementor-element elementor-element-98ea4fe elementor-widget elementor-widget-text-editor\" data-id=\"98ea4fe\" data-element_type=\"widget\" data-widget_type=\"text-editor.default\">\n\t\t\t\t<div class=\"elementor-widget-container\">\n\t\t\t\t\t\t\t\t\t<p><a href=\"https:\/\/mtca.gov.tt\/\" target=\"_blank\" rel=\"noopener nofollow\">Trinidad y Tobago<\/a>, con su mezcla \u00fanica de culturas, ofrece una variedad de cuentos que reflejan esta diversidad. Las historias de los <b>douens<\/b>, esp\u00edritus que rondan los bosques, y de la <b>Diablesa<\/b>, una mujer malvada con una pata de cabra, son ejemplos de la rica tradici\u00f3n oral de la isla. <\/p>\n\t\t\t\t\t\t\t\t<\/div>\n\t\t\t\t<\/div>\n\t\t\t\t<div class=\"elementor-element elementor-element-7670664 elementor-widget elementor-widget-text-editor\" data-id=\"7670664\" data-element_type=\"widget\" data-widget_type=\"text-editor.default\">\n\t\t\t\t<div class=\"elementor-widget-container\">\n\t\t\t\t\t\t\t\t\t<h3>\n            <b>El cuento de la diablesa<\/b><br \/>\n          <\/h3>\n<p>La Diablesa es una figura central en los cuentos de Trinidad y Tobago. Se la describe como una mujer hermosa que se transforma en una criatura maligna por la noche, que busca seducir a los hombres y llevarlos a su perdici\u00f3n. El cuento sirve de lecci\u00f3n sobre los peligros de la seducci\u00f3n y el atractivo del mal.  <\/p>\n\t\t\t\t\t\t\t\t<\/div>\n\t\t\t\t<\/div>\n\t\t\t\t<section class=\"elementor-section elementor-inner-section elementor-element elementor-element-5aad3a4 elementor-section-boxed elementor-section-height-default elementor-section-height-default\" data-id=\"5aad3a4\" data-element_type=\"section\">\n\t\t\t\t\t\t<div class=\"elementor-container elementor-column-gap-default\">\n\t\t\t\t\t<div class=\"elementor-column elementor-col-100 elementor-inner-column elementor-element elementor-element-8a56f48\" data-id=\"8a56f48\" data-element_type=\"column\">\n\t\t\t<div class=\"elementor-widget-wrap elementor-element-populated\">\n\t\t\t\t\t\t<div class=\"elementor-element elementor-element-d3ee551 elementor-widget elementor-widget-image\" data-id=\"d3ee551\" data-element_type=\"widget\" data-widget_type=\"image.default\">\n\t\t\t\t<div class=\"elementor-widget-container\">\n\t\t\t\t\t\t\t\t\t\t\t\t<figure class=\"wp-caption\">\n\t\t\t\t\t\t\t\t\t\t<img decoding=\"async\" width=\"800\" height=\"532\" src=\"https:\/\/richeskarayib.com\/wp-content\/uploads\/2025\/01\/stock-photo-parlatuvier-bay-tobago-52260106-Modifie-1024x681.jpg\" class=\"attachment-large size-large wp-image-43515\" alt=\"contes carib\u00e9ens\" srcset=\"https:\/\/richeskarayib.com\/wp-content\/uploads\/2025\/01\/stock-photo-parlatuvier-bay-tobago-52260106-Modifie-1024x681.jpg 1024w, https:\/\/richeskarayib.com\/wp-content\/uploads\/2025\/01\/stock-photo-parlatuvier-bay-tobago-52260106-Modifie-300x200.jpg 300w, https:\/\/richeskarayib.com\/wp-content\/uploads\/2025\/01\/stock-photo-parlatuvier-bay-tobago-52260106-Modifie-768x511.jpg 768w, https:\/\/richeskarayib.com\/wp-content\/uploads\/2025\/01\/stock-photo-parlatuvier-bay-tobago-52260106-Modifie-1320x878.jpg 1320w, https:\/\/richeskarayib.com\/wp-content\/uploads\/2025\/01\/stock-photo-parlatuvier-bay-tobago-52260106-Modifie.jpg 1500w\" sizes=\"(max-width: 800px) 100vw, 800px\" \/>\t\t\t\t\t\t\t\t\t\t\t<figcaption class=\"widget-image-caption wp-caption-text\">Trinidad et Tobago<\/figcaption>\n\t\t\t\t\t\t\t\t\t\t<\/figure>\n\t\t\t\t\t\t\t\t\t<\/div>\n\t\t\t\t<\/div>\n\t\t\t\t\t<\/div>\n\t\t<\/div>\n\t\t\t\t\t<\/div>\n\t\t<\/section>\n\t\t\t\t\t<\/div>\n\t\t<\/div>\n\t\t\t\t\t<\/div>\n\t\t<\/section>\n\t\t\t\t<section class=\"elementor-section elementor-top-section elementor-element elementor-element-c8fe56a elementor-section-boxed elementor-section-height-default elementor-section-height-default\" data-id=\"c8fe56a\" data-element_type=\"section\">\n\t\t\t\t\t\t<div class=\"elementor-container elementor-column-gap-default\">\n\t\t\t\t\t<div class=\"elementor-column elementor-col-100 elementor-top-column elementor-element elementor-element-7df91d7\" data-id=\"7df91d7\" data-element_type=\"column\">\n\t\t\t<div class=\"elementor-widget-wrap elementor-element-populated\">\n\t\t\t\t\t\t<div class=\"elementor-element elementor-element-8cec1ef elementor-widget elementor-widget-heading\" data-id=\"8cec1ef\" data-element_type=\"widget\" data-widget_type=\"heading.default\">\n\t\t\t\t<div class=\"elementor-widget-container\">\n\t\t\t\t\t<h2 class=\"elementor-heading-title elementor-size-default\">Cuentos de Barbados: historias de plantaciones<\/h2>\t\t\t\t<\/div>\n\t\t\t\t<\/div>\n\t\t\t\t<div class=\"elementor-element elementor-element-66b8e90 elementor-widget elementor-widget-text-editor\" data-id=\"66b8e90\" data-element_type=\"widget\" data-widget_type=\"text-editor.default\">\n\t\t\t\t<div class=\"elementor-widget-container\">\n\t\t\t\t\t\t\t\t\t<p>En<a href=\"https:\/\/www.visitbarbados.fr\/lander\" target=\"_blank\" rel=\"noopener nofollow\"> Barbados<\/a>, las antiguas plantaciones de ca\u00f1a de az\u00facar est\u00e1n llenas de historias fascinantes. Las historias de antiguos esclavos, sus luchas y esperanzas de libertad, siguen resonando entre los muros de estas plantaciones. Estos relatos recuerdan la compleja y a menudo dolorosa historia de la isla.  <\/p>\n\t\t\t\t\t\t\t\t<\/div>\n\t\t\t\t<\/div>\n\t\t\t\t<div class=\"elementor-element elementor-element-59fee48 elementor-widget elementor-widget-text-editor\" data-id=\"59fee48\" data-element_type=\"widget\" data-widget_type=\"text-editor.default\">\n\t\t\t\t<div class=\"elementor-widget-container\">\n\t\t\t\t\t\t\t\t\t<h3>\n            <b>Los esp\u00edritus de las plantaciones<\/b><br \/>\n          <\/h3>\n<p>Las plantaciones de Barbados est\u00e1n embrujadas por los esp\u00edritus de antiguos esclavos y plantadores. Las historias cuentan c\u00f3mo estos esp\u00edritus siguen rondando el lugar, buscando justicia o paz. Estos relatos son un homenaje a la vida y el sufrimiento de quienes trabajaron en las plantaciones.  <\/p>\n\t\t\t\t\t\t\t\t<\/div>\n\t\t\t\t<\/div>\n\t\t\t\t<section class=\"elementor-section elementor-inner-section elementor-element elementor-element-9c999fc elementor-section-boxed elementor-section-height-default elementor-section-height-default\" data-id=\"9c999fc\" data-element_type=\"section\">\n\t\t\t\t\t\t<div class=\"elementor-container elementor-column-gap-default\">\n\t\t\t\t\t<div class=\"elementor-column elementor-col-100 elementor-inner-column elementor-element elementor-element-700209d\" data-id=\"700209d\" data-element_type=\"column\">\n\t\t\t<div class=\"elementor-widget-wrap elementor-element-populated\">\n\t\t\t\t\t\t<div class=\"elementor-element elementor-element-7b7ae95 elementor-widget elementor-widget-image\" data-id=\"7b7ae95\" data-element_type=\"widget\" data-widget_type=\"image.default\">\n\t\t\t\t<div class=\"elementor-widget-container\">\n\t\t\t\t\t\t\t\t\t\t\t\t<figure class=\"wp-caption\">\n\t\t\t\t\t\t\t\t\t\t<img loading=\"lazy\" decoding=\"async\" width=\"800\" height=\"531\" src=\"https:\/\/richeskarayib.com\/wp-content\/uploads\/2025\/01\/stock-photo-sugar-cane-grows-in-a-field-beneath-the-blue-skies-of-barbados-1576089469-Modifie-1024x680.jpg\" class=\"attachment-large size-large wp-image-43519\" alt=\"contes carib\u00e9ens\" srcset=\"https:\/\/richeskarayib.com\/wp-content\/uploads\/2025\/01\/stock-photo-sugar-cane-grows-in-a-field-beneath-the-blue-skies-of-barbados-1576089469-Modifie-1024x680.jpg 1024w, https:\/\/richeskarayib.com\/wp-content\/uploads\/2025\/01\/stock-photo-sugar-cane-grows-in-a-field-beneath-the-blue-skies-of-barbados-1576089469-Modifie-300x199.jpg 300w, https:\/\/richeskarayib.com\/wp-content\/uploads\/2025\/01\/stock-photo-sugar-cane-grows-in-a-field-beneath-the-blue-skies-of-barbados-1576089469-Modifie-768x510.jpg 768w, https:\/\/richeskarayib.com\/wp-content\/uploads\/2025\/01\/stock-photo-sugar-cane-grows-in-a-field-beneath-the-blue-skies-of-barbados-1576089469-Modifie-1320x876.jpg 1320w, https:\/\/richeskarayib.com\/wp-content\/uploads\/2025\/01\/stock-photo-sugar-cane-grows-in-a-field-beneath-the-blue-skies-of-barbados-1576089469-Modifie.jpg 1500w\" sizes=\"(max-width: 800px) 100vw, 800px\" \/>\t\t\t\t\t\t\t\t\t\t\t<figcaption class=\"widget-image-caption wp-caption-text\">anciennes plantations de cannes \u00e0 sucre<\/figcaption>\n\t\t\t\t\t\t\t\t\t\t<\/figure>\n\t\t\t\t\t\t\t\t\t<\/div>\n\t\t\t\t<\/div>\n\t\t\t\t\t<\/div>\n\t\t<\/div>\n\t\t\t\t\t<\/div>\n\t\t<\/section>\n\t\t\t\t\t<\/div>\n\t\t<\/div>\n\t\t\t\t\t<\/div>\n\t\t<\/section>\n\t\t\t\t<section class=\"elementor-section elementor-top-section elementor-element elementor-element-e5ceeb9 elementor-section-boxed elementor-section-height-default elementor-section-height-default\" data-id=\"e5ceeb9\" data-element_type=\"section\">\n\t\t\t\t\t\t<div class=\"elementor-container elementor-column-gap-default\">\n\t\t\t\t\t<div class=\"elementor-column elementor-col-100 elementor-top-column elementor-element elementor-element-8687ff0\" data-id=\"8687ff0\" data-element_type=\"column\">\n\t\t\t<div class=\"elementor-widget-wrap elementor-element-populated\">\n\t\t\t\t\t\t<div class=\"elementor-element elementor-element-e46736a elementor-widget elementor-widget-heading\" data-id=\"e46736a\" data-element_type=\"widget\" data-widget_type=\"heading.default\">\n\t\t\t\t<div class=\"elementor-widget-container\">\n\t\t\t\t\t<h2 class=\"elementor-heading-title elementor-size-default\">Cuentos de Anguila: ciudades y pueblos encantados<\/h2>\t\t\t\t<\/div>\n\t\t\t\t<\/div>\n\t\t\t\t<div class=\"elementor-element elementor-element-e0d952f elementor-widget elementor-widget-text-editor\" data-id=\"e0d952f\" data-element_type=\"widget\" data-widget_type=\"text-editor.default\">\n\t\t\t\t<div class=\"elementor-widget-container\">\n\t\t\t\t\t\t\t\t\t<p><a href=\"https:\/\/ivisitanguilla.com\/fr\/\" target=\"_blank\" rel=\"noopener nofollow\">Anguila<\/a>, con sus peque\u00f1as ciudades y pueblos tradicionales, tiene fama de estar embrujada por los esp\u00edritus de antiguos terratenientes. Las casas criollas, con sus suelos chirriantes y sus ventanas oscilantes, a\u00f1aden una dimensi\u00f3n adicional a las espeluznantes pero cautivadoras historias. <\/p>\n\t\t\t\t\t\t\t\t<\/div>\n\t\t\t\t<\/div>\n\t\t\t\t<div class=\"elementor-element elementor-element-25d8391 elementor-widget elementor-widget-text-editor\" data-id=\"25d8391\" data-element_type=\"widget\" data-widget_type=\"text-editor.default\">\n\t\t\t\t<div class=\"elementor-widget-container\">\n\t\t\t\t\t\t\t\t\t<h3>\n            <b>La leyenda de la casa encantada<\/b><br \/>\n          <\/h3>\n<p>Una de las leyendas m\u00e1s famosas de Anguila es la de la casa encantada del <b>Valle<\/b>. Cuenta la leyenda que esta casa est\u00e1 habitada por el esp\u00edritu de un antiguo propietario que vigila la casa y sus alrededores. Los residentes cuentan que ven luces extra\u00f1as y oyen ruidos inexplicables procedentes de la casa, lo que a\u00f1ade un toque de misterio a la ya de por s\u00ed cargada atm\u00f3sfera de la isla.  <\/p>\n\t\t\t\t\t\t\t\t<\/div>\n\t\t\t\t<\/div>\n\t\t\t\t\t<\/div>\n\t\t<\/div>\n\t\t\t\t\t<\/div>\n\t\t<\/section>\n\t\t\t\t<section class=\"elementor-section elementor-top-section elementor-element elementor-element-4a06b7e elementor-section-boxed elementor-section-height-default elementor-section-height-default\" data-id=\"4a06b7e\" data-element_type=\"section\">\n\t\t\t\t\t\t<div class=\"elementor-container elementor-column-gap-default\">\n\t\t\t\t\t<div class=\"elementor-column elementor-col-100 elementor-top-column elementor-element elementor-element-1352a95\" data-id=\"1352a95\" data-element_type=\"column\">\n\t\t\t<div class=\"elementor-widget-wrap elementor-element-populated\">\n\t\t\t\t\t\t<div class=\"elementor-element elementor-element-d9be88b elementor-widget elementor-widget-heading\" data-id=\"d9be88b\" data-element_type=\"widget\" data-widget_type=\"heading.default\">\n\t\t\t\t<div class=\"elementor-widget-container\">\n\t\t\t\t\t<h2 class=\"elementor-heading-title elementor-size-default\">Cuentos de Guadalupe: un patrimonio m\u00edstico<\/h2>\t\t\t\t<\/div>\n\t\t\t\t<\/div>\n\t\t\t\t<div class=\"elementor-element elementor-element-08b073d elementor-widget elementor-widget-text-editor\" data-id=\"08b073d\" data-element_type=\"widget\" data-widget_type=\"text-editor.default\">\n\t\t\t\t<div class=\"elementor-widget-container\">\n\t\t\t\t\t\t\t\t\t<p><a href=\"https:\/\/www.guadeloupe.fr\/adresses-utiles\/offices-du-tourisme\/office-departemental-de-tourisme-de-guadeloupe\/\" target=\"_blank\" rel=\"noopener nofollow\">Guadalupe<\/a>, con sus bosques tropicales y volcanes, es terreno f\u00e9rtil para las leyendas. Seg\u00fan las leyendas locales, <b>bucaneros<\/b> como Jean Lafitte y el famoso capit\u00e1n Kidd escondieron sus tesoros en las islas del archipi\u00e9lago. Se dice que estos tesoros est\u00e1n ocultos en las profundidades de los bosques o enterrados bajo las arenas de playas aisladas.  <\/p>\n\t\t\t\t\t\t\t\t<\/div>\n\t\t\t\t<\/div>\n\t\t\t\t<div class=\"elementor-element elementor-element-cf01d3e elementor-widget elementor-widget-text-editor\" data-id=\"cf01d3e\" data-element_type=\"widget\" data-widget_type=\"text-editor.default\">\n\t\t\t\t<div class=\"elementor-widget-container\">\n\t\t\t\t\t\t\t\t\t<h3>\n            <b>Los misterios de la selva tropical<\/b><br \/>\n          <\/h3>\n<p>El <b>bosque de Mamelles<\/b> tiene fama de estar encantado por los esp\u00edritus de sus antiguos habitantes. Hechiceros y chamanes practicaban aqu\u00ed rituales para comunicarse con los antepasados y las deidades de la naturaleza. Este bosque es un lugar de encuentro entre la naturaleza y la espiritualidad. Los cuentos caribe\u00f1os de Guadalupe suelen incluir criaturas m\u00edticas como la diablesa, una mujer malvada con pata de cabra, que ronda los caminos y los bosques, buscando seducir a los hombres incautos.   <\/p>\n\t\t\t\t\t\t\t\t<\/div>\n\t\t\t\t<\/div>\n\t\t\t\t<div class=\"elementor-element elementor-element-a45477f elementor-widget elementor-widget-text-editor\" data-id=\"a45477f\" data-element_type=\"widget\" data-widget_type=\"text-editor.default\">\n\t\t\t\t<div class=\"elementor-widget-container\">\n\t\t\t\t\t\t\t\t\t<h3>\n            <b>La leyenda de la Dama de Blanco<\/b><br \/>\n          <\/h3>\n<p>El volc\u00e1n de la Soufri\u00e8re, apodado la &#8220;Vieja Dama&#8221;, es escenario de una leyenda popular. Se dice que la <b>Dama Blanca<\/b> protege el volc\u00e1n y sus alrededores, apareciendo en forma de nube de humo blanco para advertir a los residentes de una erupci\u00f3n inminente. Esta leyenda refleja la profunda conexi\u00f3n que los guadalupe\u00f1os tienen con su entorno natural y las fuerzas que lo gobiernan.  <\/p>\n\t\t\t\t\t\t\t\t<\/div>\n\t\t\t\t<\/div>\n\t\t\t\t<section class=\"elementor-section elementor-inner-section elementor-element elementor-element-6d2a6da elementor-section-boxed elementor-section-height-default elementor-section-height-default\" data-id=\"6d2a6da\" data-element_type=\"section\">\n\t\t\t\t\t\t<div class=\"elementor-container elementor-column-gap-default\">\n\t\t\t\t\t<div class=\"elementor-column elementor-col-100 elementor-inner-column elementor-element elementor-element-67e1c44\" data-id=\"67e1c44\" data-element_type=\"column\">\n\t\t\t<div class=\"elementor-widget-wrap elementor-element-populated\">\n\t\t\t\t\t\t<div class=\"elementor-element elementor-element-a68b019 elementor-widget elementor-widget-image\" data-id=\"a68b019\" data-element_type=\"widget\" data-widget_type=\"image.default\">\n\t\t\t\t<div class=\"elementor-widget-container\">\n\t\t\t\t\t\t\t\t\t\t\t\t<figure class=\"wp-caption\">\n\t\t\t\t\t\t\t\t\t\t<img loading=\"lazy\" decoding=\"async\" width=\"800\" height=\"534\" src=\"https:\/\/richeskarayib.com\/wp-content\/uploads\/2025\/01\/La-Soufriere-Volcano-1024x683.jpg\" class=\"attachment-large size-large wp-image-43523\" alt=\"contes carib\u00e9ens\" srcset=\"https:\/\/richeskarayib.com\/wp-content\/uploads\/2025\/01\/La-Soufriere-Volcano-1024x683.jpg 1024w, https:\/\/richeskarayib.com\/wp-content\/uploads\/2025\/01\/La-Soufriere-Volcano-300x200.jpg 300w, https:\/\/richeskarayib.com\/wp-content\/uploads\/2025\/01\/La-Soufriere-Volcano-768x512.jpg 768w, https:\/\/richeskarayib.com\/wp-content\/uploads\/2025\/01\/La-Soufriere-Volcano-1320x880.jpg 1320w, https:\/\/richeskarayib.com\/wp-content\/uploads\/2025\/01\/La-Soufriere-Volcano.jpg 1500w\" sizes=\"(max-width: 800px) 100vw, 800px\" \/>\t\t\t\t\t\t\t\t\t\t\t<figcaption class=\"widget-image-caption wp-caption-text\">Le Volcan Soufri\u00e8re <\/figcaption>\n\t\t\t\t\t\t\t\t\t\t<\/figure>\n\t\t\t\t\t\t\t\t\t<\/div>\n\t\t\t\t<\/div>\n\t\t\t\t\t<\/div>\n\t\t<\/div>\n\t\t\t\t\t<\/div>\n\t\t<\/section>\n\t\t\t\t\t<\/div>\n\t\t<\/div>\n\t\t\t\t\t<\/div>\n\t\t<\/section>\n\t\t\t\t<section class=\"elementor-section elementor-top-section elementor-element elementor-element-30d36a9 elementor-section-boxed elementor-section-height-default elementor-section-height-default\" data-id=\"30d36a9\" data-element_type=\"section\">\n\t\t\t\t\t\t<div class=\"elementor-container elementor-column-gap-default\">\n\t\t\t\t\t<div class=\"elementor-column elementor-col-100 elementor-top-column elementor-element elementor-element-b5e9c32\" data-id=\"b5e9c32\" data-element_type=\"column\">\n\t\t\t<div class=\"elementor-widget-wrap elementor-element-populated\">\n\t\t\t\t\t\t<div class=\"elementor-element elementor-element-908d532 elementor-widget elementor-widget-heading\" data-id=\"908d532\" data-element_type=\"widget\" data-widget_type=\"heading.default\">\n\t\t\t\t<div class=\"elementor-widget-container\">\n\t\t\t\t\t<h2 class=\"elementor-heading-title elementor-size-default\">Cuentos de Martinica: amor y tragedia <\/h2>\t\t\t\t<\/div>\n\t\t\t\t<\/div>\n\t\t\t\t<div class=\"elementor-element elementor-element-6d15293 elementor-widget elementor-widget-text-editor\" data-id=\"6d15293\" data-element_type=\"widget\" data-widget_type=\"text-editor.default\">\n\t\t\t\t<div class=\"elementor-widget-container\">\n\t\t\t\t\t\t\t\t\t<p>En <a href=\"https:\/\/www.martinique-tour.com\/pratique\/offices-de-tourisme\/\" target=\"_blank\" rel=\"noopener nofollow\">Martinica<\/a>, la antigua morada de La Mahaudi\u00e8re es el escenario de una misteriosa historia de amor. Seg\u00fan la leyenda, un joven plantador fue hechizado por una hermosa mulata, y su muerte fue su perdici\u00f3n. Esta tragedia nos recuerda los peligros de las relaciones apasionadas y malsanas.  <\/p>\n\t\t\t\t\t\t\t\t<\/div>\n\t\t\t\t<\/div>\n\t\t\t\t<div class=\"elementor-element elementor-element-2ed277e elementor-widget elementor-widget-text-editor\" data-id=\"2ed277e\" data-element_type=\"widget\" data-widget_type=\"text-editor.default\">\n\t\t\t\t<div class=\"elementor-widget-container\">\n\t\t\t\t\t\t\t\t\t<h3>\n            <b>Amigo conejo y amigo tigre<\/b><br \/>\n          <\/h3>\n<p>Uno de los cuentos m\u00e1s populares de Martinica y Guadalupe es el del <b>Comp\u00e8re Lapin y el Comp\u00e8re Tigre<\/b>. Este cuento habla del astuto Comp\u00e8re Lapin que utiliza su astucia para escapar de las garras del terrible Comp\u00e8re Tigre, subrayando la importancia de la inteligencia ante situaciones dif\u00edciles. Estos cuentos se cuentan a menudo para ense\u00f1ar lecciones morales y promover la sabidur\u00eda y la astucia.  <\/p>\n\t\t\t\t\t\t\t\t<\/div>\n\t\t\t\t<\/div>\n\t\t\t\t\t<\/div>\n\t\t<\/div>\n\t\t\t\t\t<\/div>\n\t\t<\/section>\n\t\t\t\t<section class=\"elementor-section elementor-top-section elementor-element elementor-element-a01a269 elementor-section-boxed elementor-section-height-default elementor-section-height-default\" data-id=\"a01a269\" data-element_type=\"section\">\n\t\t\t\t\t\t<div class=\"elementor-container elementor-column-gap-default\">\n\t\t\t\t\t<div class=\"elementor-column elementor-col-100 elementor-top-column elementor-element elementor-element-1c31bbd\" data-id=\"1c31bbd\" data-element_type=\"column\">\n\t\t\t<div class=\"elementor-widget-wrap elementor-element-populated\">\n\t\t\t\t\t\t<section class=\"elementor-section elementor-inner-section elementor-element elementor-element-c4da809 elementor-section-boxed elementor-section-height-default elementor-section-height-default\" data-id=\"c4da809\" data-element_type=\"section\">\n\t\t\t\t\t\t<div class=\"elementor-container elementor-column-gap-default\">\n\t\t\t\t\t<div class=\"elementor-column elementor-col-100 elementor-inner-column elementor-element elementor-element-1450e48\" data-id=\"1450e48\" data-element_type=\"column\">\n\t\t\t<div class=\"elementor-widget-wrap elementor-element-populated\">\n\t\t\t\t\t\t<div class=\"elementor-element elementor-element-31c8f7c elementor-widget elementor-widget-text-editor\" data-id=\"31c8f7c\" data-element_type=\"widget\" data-widget_type=\"text-editor.default\">\n\t\t\t\t<div class=\"elementor-widget-container\">\n\t\t\t\t\t\t\t\t\t<p>Los cuentos caribe\u00f1os son algo m\u00e1s que simples historias: est\u00e1n en el coraz\u00f3n de la identidad de las islas. Estos cuentos, transmitidos de generaci\u00f3n en generaci\u00f3n, perpet\u00faan los valores, tradiciones y creencias locales. Al explorar los cuentos caribe\u00f1os, descubrimos un mosaico cultural diverso que sigue fascinando e inspirando.  <\/p>\n\t\t\t\t\t\t\t\t<\/div>\n\t\t\t\t<\/div>\n\t\t\t\t\t<\/div>\n\t\t<\/div>\n\t\t\t\t\t<\/div>\n\t\t<\/section>\n\t\t\t\t\t<\/div>\n\t\t<\/div>\n\t\t\t\t\t<\/div>\n\t\t<\/section>\n\t\t\t\t<\/div>\n\t\t","protected":false},"excerpt":{"rendered":"<p>Los cuentos caribe\u00f1os reflejan una rica cultura y herencia oral que se ha transmitido de generaci\u00f3n en generaci\u00f3n. Los cuentos caribe\u00f1os suelen estar te\u00f1idos de misterio y magia, y conforman la identidad \u00fanica de las islas del Caribe. En este art\u00edculo, nos adentraremos en los cuentos tradicionales de Santa Luc\u00eda, Dominica, Trinidad y Tobago, Barbados, [&hellip;]<\/p>\n","protected":false},"author":400,"featured_media":43531,"comment_status":"open","ping_status":"open","sticky":false,"template":"","format":"standard","meta":{"_acf_changed":false,"footnotes":""},"categories":[1469],"tags":[1442,1593,1451,1547,816,1678,1519],"class_list":["post-43533","post","type-post","status-publish","format-standard","has-post-thumbnail","hentry","category-historia-patrimonio","tag-anguilla-es","tag-barbade-es","tag-dominica","tag-guadalupe","tag-martinique-es","tag-santa-lucia-es-3","tag-trinidad-y-tobago"],"acf":[],"_links":{"self":[{"href":"https:\/\/richeskarayib.com\/es\/wp-json\/wp\/v2\/posts\/43533","targetHints":{"allow":["GET"]}}],"collection":[{"href":"https:\/\/richeskarayib.com\/es\/wp-json\/wp\/v2\/posts"}],"about":[{"href":"https:\/\/richeskarayib.com\/es\/wp-json\/wp\/v2\/types\/post"}],"author":[{"embeddable":true,"href":"https:\/\/richeskarayib.com\/es\/wp-json\/wp\/v2\/users\/400"}],"replies":[{"embeddable":true,"href":"https:\/\/richeskarayib.com\/es\/wp-json\/wp\/v2\/comments?post=43533"}],"version-history":[{"count":0,"href":"https:\/\/richeskarayib.com\/es\/wp-json\/wp\/v2\/posts\/43533\/revisions"}],"wp:featuredmedia":[{"embeddable":true,"href":"https:\/\/richeskarayib.com\/es\/wp-json\/wp\/v2\/media\/43531"}],"wp:attachment":[{"href":"https:\/\/richeskarayib.com\/es\/wp-json\/wp\/v2\/media?parent=43533"}],"wp:term":[{"taxonomy":"category","embeddable":true,"href":"https:\/\/richeskarayib.com\/es\/wp-json\/wp\/v2\/categories?post=43533"},{"taxonomy":"post_tag","embeddable":true,"href":"https:\/\/richeskarayib.com\/es\/wp-json\/wp\/v2\/tags?post=43533"}],"curies":[{"name":"wp","href":"https:\/\/api.w.org\/{rel}","templated":true}]}}