{"id":43578,"date":"2025-01-09T10:36:27","date_gmt":"2025-01-09T14:36:27","guid":{"rendered":"https:\/\/richeskarayib.com\/la-resistencia-del-criollo-iniciativas-de-preservacion-y-futuro-de-las-lenguas-regionales\/"},"modified":"2025-01-09T10:36:29","modified_gmt":"2025-01-09T14:36:29","slug":"la-resistencia-del-criollo-iniciativas-de-preservacion-y-futuro-de-las-lenguas-regionales","status":"publish","type":"post","link":"https:\/\/richeskarayib.com\/es\/la-resistencia-del-criollo-iniciativas-de-preservacion-y-futuro-de-las-lenguas-regionales\/","title":{"rendered":"La resistencia del criollo: iniciativas de preservaci\u00f3n y futuro de las lenguas regionales"},"content":{"rendered":"\t\t<div data-elementor-type=\"wp-post\" data-elementor-id=\"43578\" class=\"elementor elementor-43578 elementor-43564\" data-elementor-post-type=\"post\">\n\t\t\t\t\t\t<section class=\"elementor-section elementor-top-section elementor-element elementor-element-b0ccd15 elementor-section-boxed elementor-section-height-default elementor-section-height-default\" data-id=\"b0ccd15\" data-element_type=\"section\">\n\t\t\t\t\t\t<div class=\"elementor-container elementor-column-gap-default\">\n\t\t\t\t\t<div class=\"elementor-column elementor-col-100 elementor-top-column elementor-element elementor-element-99dbec5\" data-id=\"99dbec5\" data-element_type=\"column\">\n\t\t\t<div class=\"elementor-widget-wrap elementor-element-populated\">\n\t\t\t\t\t\t<section class=\"elementor-section elementor-inner-section elementor-element elementor-element-23cdfd9 elementor-section-boxed elementor-section-height-default elementor-section-height-default\" data-id=\"23cdfd9\" data-element_type=\"section\">\n\t\t\t\t\t\t<div class=\"elementor-container elementor-column-gap-default\">\n\t\t\t\t\t<div class=\"elementor-column elementor-col-100 elementor-inner-column elementor-element elementor-element-50d8ace\" data-id=\"50d8ace\" data-element_type=\"column\">\n\t\t\t<div class=\"elementor-widget-wrap elementor-element-populated\">\n\t\t\t\t\t\t<div class=\"elementor-element elementor-element-4df4d99 elementor-widget elementor-widget-text-editor\" data-id=\"4df4d99\" data-element_type=\"widget\" data-widget_type=\"text-editor.default\">\n\t\t\t\t<div class=\"elementor-widget-container\">\n\t\t\t\t\t\t\t\t\t<p><span style=\"font-weight: 400;\">El <\/span><a href=\"https:\/\/fr.wikipedia.org\/wiki\/Cr%C3%A9oles\" target=\"_blank\" rel=\"noopener nofollow\"><b>criollo<\/b><\/a><span style=\"font-weight: 400;\">una lengua nacida de la necesidad de comunicaci\u00f3n entre los esclavos y sus amos en las colonias caribe\u00f1as, es un verdadero s\u00edmbolo de resistencia y herencia cultural. Esta lengua, que ha fusionado los sonidos del franc\u00e9s, el ingl\u00e9s, el portugu\u00e9s, el neerland\u00e9s, el espa\u00f1ol y varias lenguas africanas, sigue desempe\u00f1ando un papel crucial en la identidad de los pueblos del Caribe. <\/span><\/p>\n\t\t\t\t\t\t\t\t<\/div>\n\t\t\t\t<\/div>\n\t\t\t\t\t<\/div>\n\t\t<\/div>\n\t\t\t\t\t<\/div>\n\t\t<\/section>\n\t\t\t\t\t<\/div>\n\t\t<\/div>\n\t\t\t\t\t<\/div>\n\t\t<\/section>\n\t\t\t\t<section class=\"elementor-section elementor-top-section elementor-element elementor-element-1389640 elementor-section-boxed elementor-section-height-default elementor-section-height-default\" data-id=\"1389640\" data-element_type=\"section\">\n\t\t\t\t\t\t<div class=\"elementor-container elementor-column-gap-default\">\n\t\t\t\t\t<div class=\"elementor-column elementor-col-100 elementor-top-column elementor-element elementor-element-62f5301\" data-id=\"62f5301\" data-element_type=\"column\">\n\t\t\t<div class=\"elementor-widget-wrap elementor-element-populated\">\n\t\t\t\t\t\t<div class=\"elementor-element elementor-element-07fed6e elementor-widget elementor-widget-heading\" data-id=\"07fed6e\" data-element_type=\"widget\" data-widget_type=\"heading.default\">\n\t\t\t\t<div class=\"elementor-widget-container\">\n\t\t\t\t\t<h2 class=\"elementor-heading-title elementor-size-default\">Historia y desarrollo del criollo<\/h2>\t\t\t\t<\/div>\n\t\t\t\t<\/div>\n\t\t\t\t<div class=\"elementor-element elementor-element-5a71e13 elementor-widget elementor-widget-text-editor\" data-id=\"5a71e13\" data-element_type=\"widget\" data-widget_type=\"text-editor.default\">\n\t\t\t\t<div class=\"elementor-widget-container\">\n\t\t\t\t\t\t\t\t\t\n          <p>\n            <span style=\"font-weight: 400;\">El criollo naci\u00f3 en el tumultuoso contexto de la historia colonial, cuando la comunicaci\u00f3n entre los esclavos y sus amos era esencial. Esta lengua pidgin, utilizada inicialmente para simples intercambios, floreci\u00f3 r\u00e1pidamente hasta convertirse en una lengua compleja y rica, reflejo de la diversidad ling\u00fc\u00edstica africana y europea. <\/span>\n          <\/p>\n          \n\n          <p>\n            <span style=\"font-weight: 400;\">Cada isla caribe\u00f1a ha desarrollado su propia lengua, con rasgos ling\u00fc\u00edsticos \u00fanicos. Por ejemplo, el criollo de Guadalupe y el criollo de Martinica comparten similitudes l\u00e9xicas con el franc\u00e9s, pero tambi\u00e9n influencias de lenguas africanas como el lingala y el kikongo. <\/span>\n          <\/p>\n        \t\t\t\t\t\t\t\t<\/div>\n\t\t\t\t<\/div>\n\t\t\t\t<section class=\"elementor-section elementor-inner-section elementor-element elementor-element-a9de38e elementor-section-boxed elementor-section-height-default elementor-section-height-default\" data-id=\"a9de38e\" data-element_type=\"section\">\n\t\t\t\t\t\t<div class=\"elementor-container elementor-column-gap-default\">\n\t\t\t\t\t<div class=\"elementor-column elementor-col-100 elementor-inner-column elementor-element elementor-element-661c9c6\" data-id=\"661c9c6\" data-element_type=\"column\">\n\t\t\t<div class=\"elementor-widget-wrap elementor-element-populated\">\n\t\t\t\t\t\t<div class=\"elementor-element elementor-element-c30ec3b elementor-widget elementor-widget-image\" data-id=\"c30ec3b\" data-element_type=\"widget\" data-widget_type=\"image.default\">\n\t\t\t\t<div class=\"elementor-widget-container\">\n\t\t\t\t\t\t\t\t\t\t\t\t<figure class=\"wp-caption\">\n\t\t\t\t\t\t\t\t\t\t<img fetchpriority=\"high\" decoding=\"async\" width=\"800\" height=\"534\" src=\"https:\/\/richeskarayib.com\/wp-content\/uploads\/2025\/01\/deux-vieilles-femmes-assises-sous-la-porte-dune-maison-dans-la-ville-coloree-1-1024x683.jpg\" class=\"attachment-large size-large wp-image-43576\" alt=\"Cr\u00e9ole\" srcset=\"https:\/\/richeskarayib.com\/wp-content\/uploads\/2025\/01\/deux-vieilles-femmes-assises-sous-la-porte-dune-maison-dans-la-ville-coloree-1-1024x683.jpg 1024w, https:\/\/richeskarayib.com\/wp-content\/uploads\/2025\/01\/deux-vieilles-femmes-assises-sous-la-porte-dune-maison-dans-la-ville-coloree-1-300x200.jpg 300w, https:\/\/richeskarayib.com\/wp-content\/uploads\/2025\/01\/deux-vieilles-femmes-assises-sous-la-porte-dune-maison-dans-la-ville-coloree-1-768x513.jpg 768w, https:\/\/richeskarayib.com\/wp-content\/uploads\/2025\/01\/deux-vieilles-femmes-assises-sous-la-porte-dune-maison-dans-la-ville-coloree-1-1320x881.jpg 1320w, https:\/\/richeskarayib.com\/wp-content\/uploads\/2025\/01\/deux-vieilles-femmes-assises-sous-la-porte-dune-maison-dans-la-ville-coloree-1.jpg 1500w\" sizes=\"(max-width: 800px) 100vw, 800px\" \/>\t\t\t\t\t\t\t\t\t\t\t<figcaption class=\"widget-image-caption wp-caption-text\">Deux vieilles femmes assises sous la porte d'une maison dans la ville colore\u0301e<\/figcaption>\n\t\t\t\t\t\t\t\t\t\t<\/figure>\n\t\t\t\t\t\t\t\t\t<\/div>\n\t\t\t\t<\/div>\n\t\t\t\t\t<\/div>\n\t\t<\/div>\n\t\t\t\t\t<\/div>\n\t\t<\/section>\n\t\t\t\t\t<\/div>\n\t\t<\/div>\n\t\t\t\t\t<\/div>\n\t\t<\/section>\n\t\t\t\t<section class=\"elementor-section elementor-top-section elementor-element elementor-element-4020f89 elementor-section-boxed elementor-section-height-default elementor-section-height-default\" data-id=\"4020f89\" data-element_type=\"section\">\n\t\t\t\t\t\t<div class=\"elementor-container elementor-column-gap-default\">\n\t\t\t\t\t<div class=\"elementor-column elementor-col-100 elementor-top-column elementor-element elementor-element-98a76b8\" data-id=\"98a76b8\" data-element_type=\"column\">\n\t\t\t<div class=\"elementor-widget-wrap elementor-element-populated\">\n\t\t\t\t\t\t<div class=\"elementor-element elementor-element-c8bcd6e elementor-widget elementor-widget-heading\" data-id=\"c8bcd6e\" data-element_type=\"widget\" data-widget_type=\"heading.default\">\n\t\t\t\t<div class=\"elementor-widget-container\">\n\t\t\t\t\t<h2 class=\"elementor-heading-title elementor-size-default\">Otros criollos caribe\u00f1os\n<\/h2>\t\t\t\t<\/div>\n\t\t\t\t<\/div>\n\t\t\t\t<div class=\"elementor-element elementor-element-eed5b81 elementor-widget elementor-widget-text-editor\" data-id=\"eed5b81\" data-element_type=\"widget\" data-widget_type=\"text-editor.default\">\n\t\t\t\t<div class=\"elementor-widget-container\">\n\t\t\t\t\t\t\t\t\t<p>\n            <span style=\"font-weight: 400;\">Adem\u00e1s del criollo guadalupe\u00f1o y martiniqu\u00e9s, en la regi\u00f3n del Caribe se hablan otros criollos.<\/span>\n          <\/p>\n\t\t\t\t\t\t\t\t<\/div>\n\t\t\t\t<\/div>\n\t\t\t\t<div class=\"elementor-element elementor-element-922b212 elementor-widget elementor-widget-text-editor\" data-id=\"922b212\" data-element_type=\"widget\" data-widget_type=\"text-editor.default\">\n\t\t\t\t<div class=\"elementor-widget-container\">\n\t\t\t\t\t\t\t\t\t\n          <h4>\n            <b>Criollo haitiano<\/b>\n          <\/h4>\n          \n\n          <p>\n            <span style=\"font-weight: 400;\">El criollo haitiano es una de las lenguas m\u00e1s habladas del Caribe, con unos 11 millones de hablantes, principalmente en Hait\u00ed. Surgi\u00f3 del mismo periodo de colonizaci\u00f3n y esclavitud que el criollo guadalupe\u00f1o y el martiniqu\u00e9s, pero ha desarrollado rasgos l\u00e9xicos y gramaticales distintos. El criollo haitiano se basa en el franc\u00e9s, pero tambi\u00e9n incluye influencias africanas y amerindias.  <\/span>\n          <\/p>\n        \t\t\t\t\t\t\t\t<\/div>\n\t\t\t\t<\/div>\n\t\t\t\t<div class=\"elementor-element elementor-element-1006354 elementor-widget elementor-widget-text-editor\" data-id=\"1006354\" data-element_type=\"widget\" data-widget_type=\"text-editor.default\">\n\t\t\t\t<div class=\"elementor-widget-container\">\n\t\t\t\t\t\t\t\t\t\n          <h4>\n            <b>Criollo dominicano y sanluque\u00f1o<\/b>\n          <\/h4>\n          \n\n          <p>\n            <span style=\"font-weight: 400;\">El criollo dominicano y el criollo de Santa Luc\u00eda son muy parecidos al criollo guadalupe\u00f1o y al criollo martiniqu\u00e9s, y comparten estructuras sint\u00e1cticas y gramaticales similares. Estas lenguas se hablan en Dominica y Santa Luc\u00eda respectivamente. Contienen pr\u00e9stamos l\u00e9xicos del franc\u00e9s, el ingl\u00e9s y las lenguas africanas.  <\/span>\n          <\/p>\n        \t\t\t\t\t\t\t\t<\/div>\n\t\t\t\t<\/div>\n\t\t\t\t<div class=\"elementor-element elementor-element-080c892 elementor-widget elementor-widget-text-editor\" data-id=\"080c892\" data-element_type=\"widget\" data-widget_type=\"text-editor.default\">\n\t\t\t\t<div class=\"elementor-widget-container\">\n\t\t\t\t\t\t\t\t\t\n          <h4>\n            <b>Criollo guyan\u00e9s<\/b>\n          <\/h4>\n          \n\n          <p>\n            <span style=\"font-weight: 400;\">El criollo guayan\u00e9s, hablado en la Guayana Francesa, tambi\u00e9n se basa en el franc\u00e9s, pero incluye influencias portuguesas y africanas. Esta lengua se distingue de otros criollos antillanos por su contexto hist\u00f3rico y geogr\u00e1fico \u00fanico. <\/span>\n          <\/p>\n        \t\t\t\t\t\t\t\t<\/div>\n\t\t\t\t<\/div>\n\t\t\t\t<div class=\"elementor-element elementor-element-645e1e6 elementor-widget elementor-widget-text-editor\" data-id=\"645e1e6\" data-element_type=\"widget\" data-widget_type=\"text-editor.default\">\n\t\t\t\t<div class=\"elementor-widget-container\">\n\t\t\t\t\t\t\t\t\t\n          <h4>\n            <b>Criollo cubano<\/b>\n          <\/h4>\n          \n\n          <p>\n            <span style=\"font-weight: 400;\">En Cuba, el criollo haitiano es hablado por una importante comunidad de origen o ascendencia haitiana, sobre todo en las zonas a las que se llevaron trabajadores haitianos durante el periodo colonial. El &#8220;patois cubano&#8221; es una mezcla de criollo haitiano, espa\u00f1ol y lenguas africanas, y los cubanos lo aprenden y comprenden cada vez m\u00e1s. <\/span>\n          <\/p>\n        \t\t\t\t\t\t\t\t<\/div>\n\t\t\t\t<\/div>\n\t\t\t\t<div class=\"elementor-element elementor-element-66ec7a9 elementor-widget elementor-widget-text-editor\" data-id=\"66ec7a9\" data-element_type=\"widget\" data-widget_type=\"text-editor.default\">\n\t\t\t\t<div class=\"elementor-widget-container\">\n\t\t\t\t\t\t\t\t\t\n          <h4>\n            <b>Criollo colombiano<\/b>\n          <\/h4>\n          \n\n          <p>\n            <span style=\"font-weight: 400;\">Colombia tiene dos lenguas principales:<\/span>\n          <\/p>\n          \n\n          <ul>\n            \n\n            <li style=\"font-weight: 400;\" aria-level=\"2\">\n              <b>Sanandresano<\/b>\n              <span style=\"font-weight: 400;\"> Criollo: Hablado en el archipi\u00e9lago de San Andr\u00e9s, Providencia y Santa Catalina, tiene una base l\u00e9xica inglesa y es muy similar a los criollos de Panam\u00e1, Nicaragua y Costa Rica. Est\u00e1 reconocido como lengua oficial en esta regi\u00f3n. <\/span>\n            <\/li>\n            \n\n            <li style=\"font-weight: 400;\" aria-level=\"2\"><b>Palenquero<\/b>: Hablado en San Basilio de Palenque, cerca de Cartagena de Indias, el palenquero es una lengua de base espa\u00f1ola con influencias portuguesas y africanas (sobre todo de las lenguas kongo y kimbundu). Esta lengua se ha conservado gracias al relativo aislamiento de la comunidad. <\/li>\n            \n\n          <\/ul>\n        \t\t\t\t\t\t\t\t<\/div>\n\t\t\t\t<\/div>\n\t\t\t\t\t<\/div>\n\t\t<\/div>\n\t\t\t\t\t<\/div>\n\t\t<\/section>\n\t\t\t\t<section class=\"elementor-section elementor-top-section elementor-element elementor-element-c3c8588 elementor-section-boxed elementor-section-height-default elementor-section-height-default\" data-id=\"c3c8588\" data-element_type=\"section\">\n\t\t\t\t\t\t<div class=\"elementor-container elementor-column-gap-default\">\n\t\t\t\t\t<div class=\"elementor-column elementor-col-100 elementor-top-column elementor-element elementor-element-e04a3a4\" data-id=\"e04a3a4\" data-element_type=\"column\">\n\t\t\t<div class=\"elementor-widget-wrap elementor-element-populated\">\n\t\t\t\t\t\t<div class=\"elementor-element elementor-element-95aa255 elementor-widget elementor-widget-heading\" data-id=\"95aa255\" data-element_type=\"widget\" data-widget_type=\"heading.default\">\n\t\t\t\t<div class=\"elementor-widget-container\">\n\t\t\t\t\t<h2 class=\"elementor-heading-title elementor-size-default\">La importancia de la cultura y la identidad<\/h2>\t\t\t\t<\/div>\n\t\t\t\t<\/div>\n\t\t\t\t<div class=\"elementor-element elementor-element-98ea4fe elementor-widget elementor-widget-text-editor\" data-id=\"98ea4fe\" data-element_type=\"widget\" data-widget_type=\"text-editor.default\">\n\t\t\t\t<div class=\"elementor-widget-container\">\n\t\t\t\t\t\t\t\t\t<p>\n            <span style=\"font-weight: 400;\">M\u00e1s all\u00e1 de su funci\u00f3n ling\u00fc\u00edstica, esta lengua es un verdadero patrimonio e identidad. Se ha convertido en un s\u00edmbolo del alma de las Antillas, tendiendo puentes entre continentes y culturas. Ya no s\u00f3lo se asocia a los hijos de los colonos, sino que se extiende a todos los nacidos en las distintas colonias, representando una identidad colectiva y diversa.  <\/span>\n          <\/p>\n\t\t\t\t\t\t\t\t<\/div>\n\t\t\t\t<\/div>\n\t\t\t\t\t<\/div>\n\t\t<\/div>\n\t\t\t\t\t<\/div>\n\t\t<\/section>\n\t\t\t\t<section class=\"elementor-section elementor-top-section elementor-element elementor-element-c8fe56a elementor-section-boxed elementor-section-height-default elementor-section-height-default\" data-id=\"c8fe56a\" data-element_type=\"section\">\n\t\t\t\t\t\t<div class=\"elementor-container elementor-column-gap-default\">\n\t\t\t\t\t<div class=\"elementor-column elementor-col-100 elementor-top-column elementor-element elementor-element-7df91d7\" data-id=\"7df91d7\" data-element_type=\"column\">\n\t\t\t<div class=\"elementor-widget-wrap elementor-element-populated\">\n\t\t\t\t\t\t<div class=\"elementor-element elementor-element-8cec1ef elementor-widget elementor-widget-heading\" data-id=\"8cec1ef\" data-element_type=\"widget\" data-widget_type=\"heading.default\">\n\t\t\t\t<div class=\"elementor-widget-container\">\n\t\t\t\t\t<h2 class=\"elementor-heading-title elementor-size-default\">Iniciativas de conservaci\u00f3n y promoci\u00f3n\n<\/h2>\t\t\t\t<\/div>\n\t\t\t\t<\/div>\n\t\t\t\t<div class=\"elementor-element elementor-element-66b8e90 elementor-widget elementor-widget-text-editor\" data-id=\"66b8e90\" data-element_type=\"widget\" data-widget_type=\"text-editor.default\">\n\t\t\t\t<div class=\"elementor-widget-container\">\n\t\t\t\t\t\t\t\t\t\n          <h4><b>RichesKarayib: a <\/b><strong>\u00e9<\/strong><b>sistema cultural din\u00e1mico<\/b><\/h4>\n          \n\n          <p>\n            <span style=\"font-weight: 400;\">RichesKarayib es una iniciativa dedicada a la defensa y promoci\u00f3n de la lengua y la cultura. Este proyecto, apoyado por el programa INTERREG-Caribe, pretende preservar y celebrar el patrimonio cultural del Caribe a trav\u00e9s de diversas iniciativas y programas, como &#8220;Creole HeartBeat&#8221;. <\/span>\n          <\/p>\n          \n\n          <p>\n            <span style=\"font-weight: 400;\">RichesKarayib trabaja en colaboraci\u00f3n con asociaciones como Sa Kai Malad Karaib Ltd (SKMK) en Dominica y OMDAC en Martinica. Estas asociaciones tienen como objetivo desarrollar la industria cultural caribe\u00f1a, promover la cooperaci\u00f3n econ\u00f3mica y cultural y apoyar el crecimiento sostenible de la regi\u00f3n. El proyecto incluye actividades como el concurso de canciones RichesKarayib Voices, que ofrece una plataforma para que los j\u00f3venes artistas de la regi\u00f3n desarrollen su talento y adquieran proyecci\u00f3n internacional.  <\/span>\n          <\/p>\n        \t\t\t\t\t\t\t\t<\/div>\n\t\t\t\t<\/div>\n\t\t\t\t\t<\/div>\n\t\t<\/div>\n\t\t\t\t\t<\/div>\n\t\t<\/section>\n\t\t\t\t<section class=\"elementor-section elementor-top-section elementor-element elementor-element-e5ceeb9 elementor-section-boxed elementor-section-height-default elementor-section-height-default\" data-id=\"e5ceeb9\" data-element_type=\"section\">\n\t\t\t\t\t\t<div class=\"elementor-container elementor-column-gap-default\">\n\t\t\t\t\t<div class=\"elementor-column elementor-col-100 elementor-top-column elementor-element elementor-element-8687ff0\" data-id=\"8687ff0\" data-element_type=\"column\">\n\t\t\t<div class=\"elementor-widget-wrap elementor-element-populated\">\n\t\t\t\t\t\t<div class=\"elementor-element elementor-element-e46736a elementor-widget elementor-widget-heading\" data-id=\"e46736a\" data-element_type=\"widget\" data-widget_type=\"heading.default\">\n\t\t\t\t<div class=\"elementor-widget-container\">\n\t\t\t\t\t<h2 class=\"elementor-heading-title elementor-size-default\">Ense\u00f1anza y regeneraci\u00f3n ling\u00fc\u00edstica<\/h2>\t\t\t\t<\/div>\n\t\t\t\t<\/div>\n\t\t\t\t<div class=\"elementor-element elementor-element-e0d952f elementor-widget elementor-widget-text-editor\" data-id=\"e0d952f\" data-element_type=\"widget\" data-widget_type=\"text-editor.default\">\n\t\t\t\t<div class=\"elementor-widget-container\">\n\t\t\t\t\t\t\t\t\t\n          <p>\n            <span style=\"font-weight: 400;\">La ense\u00f1anza del criollo en las escuelas es crucial para su preservaci\u00f3n. Los estudios han demostrado que integrar el criollo en los programas escolares puede contribuir a la regeneraci\u00f3n ling\u00fc\u00edstica, al desarrollo intelectual y a la identidad, e incluso a reducir el fracaso escolar entre los j\u00f3venes estudiantes. <\/span>\n          <\/p>\n          \n\n          <p>\n            <span style=\"font-weight: 400;\">En Guadalupe, por ejemplo, lo habla casi el 93% de la poblaci\u00f3n, y su ense\u00f1anza desde la guarder\u00eda se considera esencial para mantener la diversidad cultural y ling\u00fc\u00edstica de la isla.<\/span>\n          <\/p>\n        \t\t\t\t\t\t\t\t<\/div>\n\t\t\t\t<\/div>\n\t\t\t\t\t<\/div>\n\t\t<\/div>\n\t\t\t\t\t<\/div>\n\t\t<\/section>\n\t\t\t\t<section class=\"elementor-section elementor-top-section elementor-element elementor-element-4a06b7e elementor-section-boxed elementor-section-height-default elementor-section-height-default\" data-id=\"4a06b7e\" data-element_type=\"section\">\n\t\t\t\t\t\t<div class=\"elementor-container elementor-column-gap-default\">\n\t\t\t\t\t<div class=\"elementor-column elementor-col-100 elementor-top-column elementor-element elementor-element-1352a95\" data-id=\"1352a95\" data-element_type=\"column\">\n\t\t\t<div class=\"elementor-widget-wrap elementor-element-populated\">\n\t\t\t\t\t\t<div class=\"elementor-element elementor-element-d9be88b elementor-widget elementor-widget-heading\" data-id=\"d9be88b\" data-element_type=\"widget\" data-widget_type=\"heading.default\">\n\t\t\t\t<div class=\"elementor-widget-container\">\n\t\t\t\t\t<h2 class=\"elementor-heading-title elementor-size-default\">Decenio Internacional de las Lenguas Ind\u00edgenas del Mundo<\/h2>\t\t\t\t<\/div>\n\t\t\t\t<\/div>\n\t\t\t\t<div class=\"elementor-element elementor-element-08b073d elementor-widget elementor-widget-text-editor\" data-id=\"08b073d\" data-element_type=\"widget\" data-widget_type=\"text-editor.default\">\n\t\t\t\t<div class=\"elementor-widget-container\">\n\t\t\t\t\t\t\t\t\t\n          <p>\n            <span style=\"font-weight: 400;\">El Decenio Internacional de las Lenguas Ind\u00edgenas del Mundo (2022-2032), declarado por las Naciones Unidas, es una oportunidad hist\u00f3rica para promover y salvar las lenguas ind\u00edgenas y regionales, incluido el criollo. Esta iniciativa pretende sensibilizar a la opini\u00f3n p\u00fablica mundial sobre la p\u00e9rdida cr\u00edtica de estas lenguas y emprender acciones inmediatas para protegerlas y revitalizarlas. <\/span>\n          <\/p>\n          \n\n          <p>\n            <span style=\"font-weight: 400;\"><a href=\"https:\/\/www.unesco.org\/fr\" target=\"_blank\" rel=\"noopener nofollow\">La UNESCO<\/a>, como organismo principal, organiza consultas regionales para determinar las prioridades regionales y establecer estrategias y asociaciones para promover y proteger estas lenguas. Este enfoque multidisciplinar incluye la participaci\u00f3n de representantes gubernamentales, pueblos ind\u00edgenas, organizaciones sociales, investigadores y expertos en el campo de las lenguas ind\u00edgenas. <\/span>\n          <\/p>\n        \t\t\t\t\t\t\t\t<\/div>\n\t\t\t\t<\/div>\n\t\t\t\t\t<\/div>\n\t\t<\/div>\n\t\t\t\t\t<\/div>\n\t\t<\/section>\n\t\t\t\t<section class=\"elementor-section elementor-top-section elementor-element elementor-element-30d36a9 elementor-section-boxed elementor-section-height-default elementor-section-height-default\" data-id=\"30d36a9\" data-element_type=\"section\">\n\t\t\t\t\t\t<div class=\"elementor-container elementor-column-gap-default\">\n\t\t\t\t\t<div class=\"elementor-column elementor-col-100 elementor-top-column elementor-element elementor-element-b5e9c32\" data-id=\"b5e9c32\" data-element_type=\"column\">\n\t\t\t<div class=\"elementor-widget-wrap elementor-element-populated\">\n\t\t\t\t\t\t<div class=\"elementor-element elementor-element-908d532 elementor-widget elementor-widget-heading\" data-id=\"908d532\" data-element_type=\"widget\" data-widget_type=\"heading.default\">\n\t\t\t\t<div class=\"elementor-widget-container\">\n\t\t\t\t\t<h2 class=\"elementor-heading-title elementor-size-default\">Amenazas y desaf\u00edos\n<\/h2>\t\t\t\t<\/div>\n\t\t\t\t<\/div>\n\t\t\t\t<div class=\"elementor-element elementor-element-6d15293 elementor-widget elementor-widget-text-editor\" data-id=\"6d15293\" data-element_type=\"widget\" data-widget_type=\"text-editor.default\">\n\t\t\t\t<div class=\"elementor-widget-container\">\n\t\t\t\t\t\t\t\t\t<p>\n            <span style=\"font-weight: 400;\">A pesar de los esfuerzos por preservarlas, las lenguas regionales se enfrentan a una serie de amenazas. La globalizaci\u00f3n y el creciente uso de las lenguas dominantes suelen marginar a las lenguas minoritarias. La pobreza, la exclusi\u00f3n, la discriminaci\u00f3n y las violaciones de los derechos humanos son tambi\u00e9n factores que contribuyen a la desaparici\u00f3n de estas lenguas.  <\/span>\n          <\/p>\n\t\t\t\t\t\t\t\t<\/div>\n\t\t\t\t<\/div>\n\t\t\t\t\t<\/div>\n\t\t<\/div>\n\t\t\t\t\t<\/div>\n\t\t<\/section>\n\t\t\t\t<section class=\"elementor-section elementor-top-section elementor-element elementor-element-abf4bab elementor-section-boxed elementor-section-height-default elementor-section-height-default\" data-id=\"abf4bab\" data-element_type=\"section\">\n\t\t\t\t\t\t<div class=\"elementor-container elementor-column-gap-default\">\n\t\t\t\t\t<div class=\"elementor-column elementor-col-100 elementor-top-column elementor-element elementor-element-c2e6edf\" data-id=\"c2e6edf\" data-element_type=\"column\">\n\t\t\t<div class=\"elementor-widget-wrap elementor-element-populated\">\n\t\t\t\t\t\t<div class=\"elementor-element elementor-element-8af1f3c elementor-widget elementor-widget-heading\" data-id=\"8af1f3c\" data-element_type=\"widget\" data-widget_type=\"heading.default\">\n\t\t\t\t<div class=\"elementor-widget-container\">\n\t\t\t\t\t<h2 class=\"elementor-heading-title elementor-size-default\">Iniciativas RichesKarayib<\/h2>\t\t\t\t<\/div>\n\t\t\t\t<\/div>\n\t\t\t\t<div class=\"elementor-element elementor-element-0a9a948 elementor-widget elementor-widget-text-editor\" data-id=\"0a9a948\" data-element_type=\"widget\" data-widget_type=\"text-editor.default\">\n\t\t\t\t<div class=\"elementor-widget-container\">\n\t\t\t\t\t\t\t\t\t\n          <p>\n            <span style=\"font-weight: 400;\">RichesKarayib participa en varias iniciativas para promover y preservar la cultura y las lenguas caribe\u00f1as. He aqu\u00ed algunos ejemplos clave: <\/span>\n          <\/p>\n          \n\n          <ul>\n            \n\n            <li style=\"font-weight: 400;\" aria-level=\"1\">\n              <b>Criollo HeartBeat y Riqueza Voces Karayib<\/b>\n              <span style=\"font-weight: 400;\"> Estos programas pretenden celebrar y preservar el patrimonio cultural del Caribe. El concurso de canciones RichesKarayib Voices, por ejemplo, es una competici\u00f3n musical que muestra el talento de j\u00f3venes artistas de la regi\u00f3n, ofreci\u00e9ndoles una plataforma para darse a conocer internacionalmente. <\/span>\n            <\/li>\n            \n\n            <li style=\"font-weight: 400;\" aria-level=\"1\"><b>Colaboraciones y asociaciones<\/b><span style=\"font-weight: 400;\"> RichesKarayib colabora estrechamente con asociaciones locales como SKMK y OMDAC para desarrollar la industria cultural caribe\u00f1a y promover la cooperaci\u00f3n econ\u00f3mica y cultural.<\/span><\/li>\n            \n\n            <li style=\"font-weight: 400;\" aria-level=\"1\"><b>Publicaci\u00f3n y Eventos Culturales<\/b>: El proyecto publica la revista RK, disponible en formato impreso y digital, que explora las vibrantes culturas y los territorios \u00fanicos de la regi\u00f3n. La plataforma tambi\u00e9n organiza actos culturales y talleres para celebrar la diversidad cultural del Caribe. <\/li>\n            \n\n          <\/ul>\n        \t\t\t\t\t\t\t\t<\/div>\n\t\t\t\t<\/div>\n\t\t\t\t\t<\/div>\n\t\t<\/div>\n\t\t\t\t\t<\/div>\n\t\t<\/section>\n\t\t\t\t<section class=\"elementor-section elementor-top-section elementor-element elementor-element-a01a269 elementor-section-boxed elementor-section-height-default elementor-section-height-default\" data-id=\"a01a269\" data-element_type=\"section\">\n\t\t\t\t\t\t<div class=\"elementor-container elementor-column-gap-default\">\n\t\t\t\t\t<div class=\"elementor-column elementor-col-100 elementor-top-column elementor-element elementor-element-1c31bbd\" data-id=\"1c31bbd\" data-element_type=\"column\">\n\t\t\t<div class=\"elementor-widget-wrap elementor-element-populated\">\n\t\t\t\t\t\t<section class=\"elementor-section elementor-inner-section elementor-element elementor-element-c4da809 elementor-section-boxed elementor-section-height-default elementor-section-height-default\" data-id=\"c4da809\" data-element_type=\"section\">\n\t\t\t\t\t\t<div class=\"elementor-container elementor-column-gap-default\">\n\t\t\t\t\t<div class=\"elementor-column elementor-col-100 elementor-inner-column elementor-element elementor-element-1450e48\" data-id=\"1450e48\" data-element_type=\"column\">\n\t\t\t<div class=\"elementor-widget-wrap elementor-element-populated\">\n\t\t\t\t\t\t<div class=\"elementor-element elementor-element-31c8f7c elementor-widget elementor-widget-text-editor\" data-id=\"31c8f7c\" data-element_type=\"widget\" data-widget_type=\"text-editor.default\">\n\t\t\t\t<div class=\"elementor-widget-container\">\n\t\t\t\t\t\t\t\t\t\n          <p><span style=\"font-weight: 400;\">El <\/span><a href=\"https:\/\/richeskarayib.com\/es\/informe-especial-parte-4-2020-2023-los-tesoros-culturales-del-caribe-patrimonio-inmaterial-reconocido-por-la-unesco\/\" target=\"_blank\" rel=\"noopener\"><b>criollo<\/b><\/a><span style=\"font-weight: 400;\">como lengua de resistencia y patrimonio, sigue desempe\u00f1ando un papel vital en la cultura e identidad caribe\u00f1as. Las iniciativas de RichesKarayib y los esfuerzos de la ONU en el marco del Decenio Internacional de las Lenguas Ind\u00edgenas del Mundo son esenciales para garantizar la preservaci\u00f3n y promoci\u00f3n de esta lengua. <\/span><\/p>\n          \n\n          <p>\n            <span style=\"font-weight: 400;\">Integr\u00e1ndola en los programas escolares, apoyando las iniciativas culturales y sensibilizando sobre la importancia de la diversidad ling\u00fc\u00edstica, podemos garantizar un futuro sostenible para esta lengua \u00fanica y rica. Es m\u00e1s que una lengua: es un puente entre culturas, continentes y generaciones. <\/span>\n          <\/p>\n        \t\t\t\t\t\t\t\t<\/div>\n\t\t\t\t<\/div>\n\t\t\t\t\t<\/div>\n\t\t<\/div>\n\t\t\t\t\t<\/div>\n\t\t<\/section>\n\t\t\t\t\t<\/div>\n\t\t<\/div>\n\t\t\t\t\t<\/div>\n\t\t<\/section>\n\t\t\t\t<\/div>\n\t\t","protected":false},"excerpt":{"rendered":"<p>El criollouna lengua nacida de la necesidad de comunicaci\u00f3n entre los esclavos y sus amos en las colonias caribe\u00f1as, es un verdadero s\u00edmbolo de resistencia y herencia cultural. Esta lengua, que ha fusionado los sonidos del franc\u00e9s, el ingl\u00e9s, el portugu\u00e9s, el neerland\u00e9s, el espa\u00f1ol y varias lenguas africanas, sigue desempe\u00f1ando un papel crucial en [&hellip;]<\/p>\n","protected":false},"author":400,"featured_media":43568,"comment_status":"open","ping_status":"open","sticky":false,"template":"","format":"standard","meta":{"_acf_changed":false,"footnotes":""},"categories":[1469],"tags":[1442,1593,1451,1547,816,1678,1519],"class_list":["post-43578","post","type-post","status-publish","format-standard","has-post-thumbnail","hentry","category-historia-patrimonio","tag-anguilla-es","tag-barbade-es","tag-dominica","tag-guadalupe","tag-martinique-es","tag-santa-lucia-es-3","tag-trinidad-y-tobago"],"acf":[],"_links":{"self":[{"href":"https:\/\/richeskarayib.com\/es\/wp-json\/wp\/v2\/posts\/43578","targetHints":{"allow":["GET"]}}],"collection":[{"href":"https:\/\/richeskarayib.com\/es\/wp-json\/wp\/v2\/posts"}],"about":[{"href":"https:\/\/richeskarayib.com\/es\/wp-json\/wp\/v2\/types\/post"}],"author":[{"embeddable":true,"href":"https:\/\/richeskarayib.com\/es\/wp-json\/wp\/v2\/users\/400"}],"replies":[{"embeddable":true,"href":"https:\/\/richeskarayib.com\/es\/wp-json\/wp\/v2\/comments?post=43578"}],"version-history":[{"count":0,"href":"https:\/\/richeskarayib.com\/es\/wp-json\/wp\/v2\/posts\/43578\/revisions"}],"wp:featuredmedia":[{"embeddable":true,"href":"https:\/\/richeskarayib.com\/es\/wp-json\/wp\/v2\/media\/43568"}],"wp:attachment":[{"href":"https:\/\/richeskarayib.com\/es\/wp-json\/wp\/v2\/media?parent=43578"}],"wp:term":[{"taxonomy":"category","embeddable":true,"href":"https:\/\/richeskarayib.com\/es\/wp-json\/wp\/v2\/categories?post=43578"},{"taxonomy":"post_tag","embeddable":true,"href":"https:\/\/richeskarayib.com\/es\/wp-json\/wp\/v2\/tags?post=43578"}],"curies":[{"name":"wp","href":"https:\/\/api.w.org\/{rel}","templated":true}]}}