{"id":43708,"date":"2025-01-13T13:42:14","date_gmt":"2025-01-13T17:42:14","guid":{"rendered":"https:\/\/richeskarayib.com\/martinica\/"},"modified":"2025-01-16T12:08:47","modified_gmt":"2025-01-16T16:08:47","slug":"martinica","status":"publish","type":"post","link":"https:\/\/richeskarayib.com\/es\/martinica\/","title":{"rendered":"Martinica"},"content":{"rendered":"\t\t<div data-elementor-type=\"wp-post\" data-elementor-id=\"43708\" class=\"elementor elementor-43708 elementor-43104\" data-elementor-post-type=\"post\">\n\t\t\t\t\t\t<section class=\"elementor-section elementor-top-section elementor-element elementor-element-7c8272d8 elementor-section-boxed elementor-section-height-default elementor-section-height-default\" data-id=\"7c8272d8\" data-element_type=\"section\">\n\t\t\t\t\t\t<div class=\"elementor-container elementor-column-gap-default\">\n\t\t\t\t\t<div class=\"elementor-column elementor-col-100 elementor-top-column elementor-element elementor-element-766c4b6a\" data-id=\"766c4b6a\" data-element_type=\"column\">\n\t\t\t<div class=\"elementor-widget-wrap elementor-element-populated\">\n\t\t\t\t\t\t<div class=\"elementor-element elementor-element-6e0a099 elementor-widget elementor-widget-text-editor\" data-id=\"6e0a099\" data-element_type=\"widget\" data-widget_type=\"text-editor.default\">\n\t\t\t\t<div class=\"elementor-widget-container\">\n\t\t\t\t\t\t\t\t\t<h1>\n            <b>Martinica<\/b><br \/>\n          <\/h1>\n\t\t\t\t\t\t\t\t<\/div>\n\t\t\t\t<\/div>\n\t\t\t\t<div class=\"elementor-element elementor-element-5996194 elementor-widget elementor-widget-text-editor\" data-id=\"5996194\" data-element_type=\"widget\" data-widget_type=\"text-editor.default\">\n\t\t\t\t<div class=\"elementor-widget-container\">\n\t\t\t\t\t\t\t\t\t<h2>\n            <b>Un para\u00edso caribe\u00f1o de maravillas culturales y naturales<\/b><br \/>\n          <\/h2>\n\t\t\t\t\t\t\t\t<\/div>\n\t\t\t\t<\/div>\n\t\t\t\t<div class=\"elementor-element elementor-element-1622da63 elementor-widget elementor-widget-text-editor\" data-id=\"1622da63\" data-element_type=\"widget\" data-widget_type=\"text-editor.default\">\n\t\t\t\t<div class=\"elementor-widget-container\">\n\t\t\t\t\t\t\t\t\t<p>Situada en el coraz\u00f3n del mar Caribe, <a href=\"https:\/\/richeskarayib.com\/es\/martinique-53o-festival-cultural-de-fort-de-france\/\" target=\"_blank\" rel=\"noopener\">Martinica<\/a> es una isla francesa que combina la belleza natural con la riqueza cultural. La capital, Fort-de-France, es una bulliciosa ciudad portuaria que sirve de centro econ\u00f3mico y cultural de la isla. Con sus exuberantes monta\u00f1as, playas de arena blanca y la famosa Monta\u00f1a Pelada, es un destino muy solicitado por los entusiastas de la naturaleza y la cultura.  <\/p>\n\t\t\t\t\t\t\t\t<\/div>\n\t\t\t\t<\/div>\n\t\t\t\t<section class=\"elementor-section elementor-inner-section elementor-element elementor-element-2d11c63a elementor-section-boxed elementor-section-height-default elementor-section-height-default\" data-id=\"2d11c63a\" data-element_type=\"section\">\n\t\t\t\t\t\t<div class=\"elementor-container elementor-column-gap-default\">\n\t\t\t\t\t<div class=\"elementor-column elementor-col-100 elementor-inner-column elementor-element elementor-element-522781ea\" data-id=\"522781ea\" data-element_type=\"column\">\n\t\t\t<div class=\"elementor-widget-wrap elementor-element-populated\">\n\t\t\t\t\t\t<div class=\"elementor-element elementor-element-22528d98 elementor-widget elementor-widget-image\" data-id=\"22528d98\" data-element_type=\"widget\" data-widget_type=\"image.default\">\n\t\t\t\t<div class=\"elementor-widget-container\">\n\t\t\t\t\t\t\t\t\t\t\t\t\t\t\t<img fetchpriority=\"high\" decoding=\"async\" width=\"800\" height=\"446\" src=\"https:\/\/richeskarayib.com\/wp-content\/uploads\/2025\/01\/Fiche-Territoire-FR-Modifiable-11-Modifie-1024x571.png\" class=\"attachment-large size-large wp-image-43271\" alt=\"Martinique\" srcset=\"https:\/\/richeskarayib.com\/wp-content\/uploads\/2025\/01\/Fiche-Territoire-FR-Modifiable-11-Modifie-1024x571.png 1024w, https:\/\/richeskarayib.com\/wp-content\/uploads\/2025\/01\/Fiche-Territoire-FR-Modifiable-11-Modifie-300x167.png 300w, https:\/\/richeskarayib.com\/wp-content\/uploads\/2025\/01\/Fiche-Territoire-FR-Modifiable-11-Modifie-768x429.png 768w, https:\/\/richeskarayib.com\/wp-content\/uploads\/2025\/01\/Fiche-Territoire-FR-Modifiable-11-Modifie-1320x737.png 1320w, https:\/\/richeskarayib.com\/wp-content\/uploads\/2025\/01\/Fiche-Territoire-FR-Modifiable-11-Modifie.png 1414w\" sizes=\"(max-width: 800px) 100vw, 800px\" \/>\t\t\t\t\t\t\t\t\t\t\t\t\t\t\t<\/div>\n\t\t\t\t<\/div>\n\t\t\t\t<div class=\"elementor-element elementor-element-14f3c3e1 elementor-widget elementor-widget-gallery\" data-id=\"14f3c3e1\" data-element_type=\"widget\" data-settings=\"{&quot;lazyload&quot;:&quot;yes&quot;,&quot;gallery_layout&quot;:&quot;grid&quot;,&quot;columns&quot;:4,&quot;columns_tablet&quot;:2,&quot;columns_mobile&quot;:1,&quot;gap&quot;:{&quot;unit&quot;:&quot;px&quot;,&quot;size&quot;:10,&quot;sizes&quot;:[]},&quot;gap_tablet&quot;:{&quot;unit&quot;:&quot;px&quot;,&quot;size&quot;:10,&quot;sizes&quot;:[]},&quot;gap_mobile&quot;:{&quot;unit&quot;:&quot;px&quot;,&quot;size&quot;:10,&quot;sizes&quot;:[]},&quot;link_to&quot;:&quot;file&quot;,&quot;aspect_ratio&quot;:&quot;3:2&quot;,&quot;overlay_background&quot;:&quot;yes&quot;,&quot;content_hover_animation&quot;:&quot;fade-in&quot;}\" data-widget_type=\"gallery.default\">\n\t\t\t\t<div class=\"elementor-widget-container\">\n\t\t\t\t\t\t\t<div class=\"elementor-gallery__container\">\n\t\t\t\t\t\t\t<a class=\"e-gallery-item elementor-gallery-item elementor-animated-content\" href=\"https:\/\/richeskarayib.com\/wp-content\/uploads\/2025\/01\/Fiche-Territoire-FR-Modifiable-12-Modifie.png\" data-elementor-open-lightbox=\"yes\" data-elementor-lightbox-slideshow=\"14f3c3e1\" data-elementor-lightbox-title=\"Fiche Territoire - FR Modifiable - 12 - Modifi\u00e9\" data-elementor-lightbox-description=\"Martinique\" data-e-action-hash=\"#elementor-action%3Aaction%3Dlightbox%26settings%3DeyJpZCI6NDMyNzUsInVybCI6Imh0dHBzOlwvXC9yaWNoZXNrYXJheWliLmNvbVwvd3AtY29udGVudFwvdXBsb2Fkc1wvMjAyNVwvMDFcL0ZpY2hlLVRlcnJpdG9pcmUtRlItTW9kaWZpYWJsZS0xMi1Nb2RpZmllLnBuZyIsInNsaWRlc2hvdyI6IjE0ZjNjM2UxIn0%3D\">\n\t\t\t\t\t<div class=\"e-gallery-image elementor-gallery-item__image\" data-thumbnail=\"https:\/\/richeskarayib.com\/wp-content\/uploads\/2025\/01\/Fiche-Territoire-FR-Modifiable-12-Modifie-300x243.png\" data-width=\"300\" data-height=\"243\" aria-label=\"Martinique\" role=\"img\" ><\/div>\n\t\t\t\t\t\t\t\t\t\t\t<div class=\"elementor-gallery-item__overlay\"><\/div>\n\t\t\t\t\t\t\t\t\t\t\t\t\t\t<\/a>\n\t\t\t\t\t\t\t<a class=\"e-gallery-item elementor-gallery-item elementor-animated-content\" href=\"https:\/\/richeskarayib.com\/wp-content\/uploads\/2025\/01\/Fiche-Territoire-FR-Modifiable-10-Modifie.png\" data-elementor-open-lightbox=\"yes\" data-elementor-lightbox-slideshow=\"14f3c3e1\" data-elementor-lightbox-title=\"Fiche Territoire - FR Modifiable - 10 - Modifi\u00e9\" data-elementor-lightbox-description=\"Martinique\" data-e-action-hash=\"#elementor-action%3Aaction%3Dlightbox%26settings%3DeyJpZCI6NDMyODMsInVybCI6Imh0dHBzOlwvXC9yaWNoZXNrYXJheWliLmNvbVwvd3AtY29udGVudFwvdXBsb2Fkc1wvMjAyNVwvMDFcL0ZpY2hlLVRlcnJpdG9pcmUtRlItTW9kaWZpYWJsZS0xMC1Nb2RpZmllLnBuZyIsInNsaWRlc2hvdyI6IjE0ZjNjM2UxIn0%3D\">\n\t\t\t\t\t<div class=\"e-gallery-image elementor-gallery-item__image\" data-thumbnail=\"https:\/\/richeskarayib.com\/wp-content\/uploads\/2025\/01\/Fiche-Territoire-FR-Modifiable-10-Modifie-212x300.png\" data-width=\"212\" data-height=\"300\" aria-label=\"Martinique\" role=\"img\" ><\/div>\n\t\t\t\t\t\t\t\t\t\t\t<div class=\"elementor-gallery-item__overlay\"><\/div>\n\t\t\t\t\t\t\t\t\t\t\t\t\t\t<\/a>\n\t\t\t\t\t\t\t<a class=\"e-gallery-item elementor-gallery-item elementor-animated-content\" href=\"https:\/\/richeskarayib.com\/wp-content\/uploads\/2025\/01\/Fiche-Territoire-FR-Modifiable-8-Modifie-1.png\" data-elementor-open-lightbox=\"yes\" data-elementor-lightbox-slideshow=\"14f3c3e1\" data-elementor-lightbox-title=\"Fiche Territoire - FR Modifiable - 8 - Modifi\u00e9\" data-elementor-lightbox-description=\"Martinique\" data-e-action-hash=\"#elementor-action%3Aaction%3Dlightbox%26settings%3DeyJpZCI6NDMyODcsInVybCI6Imh0dHBzOlwvXC9yaWNoZXNrYXJheWliLmNvbVwvd3AtY29udGVudFwvdXBsb2Fkc1wvMjAyNVwvMDFcL0ZpY2hlLVRlcnJpdG9pcmUtRlItTW9kaWZpYWJsZS04LU1vZGlmaWUtMS5wbmciLCJzbGlkZXNob3ciOiIxNGYzYzNlMSJ9\">\n\t\t\t\t\t<div class=\"e-gallery-image elementor-gallery-item__image\" data-thumbnail=\"https:\/\/richeskarayib.com\/wp-content\/uploads\/2025\/01\/Fiche-Territoire-FR-Modifiable-8-Modifie-1-300x168.png\" data-width=\"300\" data-height=\"168\" aria-label=\"Martinique\" role=\"img\" ><\/div>\n\t\t\t\t\t\t\t\t\t\t\t<div class=\"elementor-gallery-item__overlay\"><\/div>\n\t\t\t\t\t\t\t\t\t\t\t\t\t\t<\/a>\n\t\t\t\t\t\t\t<a class=\"e-gallery-item elementor-gallery-item elementor-animated-content\" href=\"https:\/\/richeskarayib.com\/wp-content\/uploads\/2025\/01\/Fiche-Territoire-FR-Modifiable-13-Modifie.png\" data-elementor-open-lightbox=\"yes\" data-elementor-lightbox-slideshow=\"14f3c3e1\" data-elementor-lightbox-title=\"Fiche Territoire - FR Modifiable - 13 - Modifi\u00e9\" data-elementor-lightbox-description=\"Martinique\" data-e-action-hash=\"#elementor-action%3Aaction%3Dlightbox%26settings%3DeyJpZCI6NDMyNzksInVybCI6Imh0dHBzOlwvXC9yaWNoZXNrYXJheWliLmNvbVwvd3AtY29udGVudFwvdXBsb2Fkc1wvMjAyNVwvMDFcL0ZpY2hlLVRlcnJpdG9pcmUtRlItTW9kaWZpYWJsZS0xMy1Nb2RpZmllLnBuZyIsInNsaWRlc2hvdyI6IjE0ZjNjM2UxIn0%3D\">\n\t\t\t\t\t<div class=\"e-gallery-image elementor-gallery-item__image\" data-thumbnail=\"https:\/\/richeskarayib.com\/wp-content\/uploads\/2025\/01\/Fiche-Territoire-FR-Modifiable-13-Modifie-300x96.png\" data-width=\"300\" data-height=\"96\" aria-label=\"Martinique\" role=\"img\" ><\/div>\n\t\t\t\t\t\t\t\t\t\t\t<div class=\"elementor-gallery-item__overlay\"><\/div>\n\t\t\t\t\t\t\t\t\t\t\t\t\t\t<\/a>\n\t\t\t\t\t<\/div>\n\t\t\t\t\t<\/div>\n\t\t\t\t<\/div>\n\t\t\t\t\t<\/div>\n\t\t<\/div>\n\t\t\t\t\t<\/div>\n\t\t<\/section>\n\t\t\t\t\t<\/div>\n\t\t<\/div>\n\t\t\t\t\t<\/div>\n\t\t<\/section>\n\t\t\t\t<section class=\"elementor-section elementor-top-section elementor-element elementor-element-abc72c9 elementor-section-boxed elementor-section-height-default elementor-section-height-default\" data-id=\"abc72c9\" data-element_type=\"section\" data-settings=\"{&quot;background_background&quot;:&quot;classic&quot;}\">\n\t\t\t\t\t\t\t<div class=\"elementor-background-overlay\"><\/div>\n\t\t\t\t\t\t\t<div class=\"elementor-container elementor-column-gap-default\">\n\t\t\t\t\t<div class=\"elementor-column elementor-col-100 elementor-top-column elementor-element elementor-element-bddbc75\" data-id=\"bddbc75\" data-element_type=\"column\">\n\t\t\t<div class=\"elementor-widget-wrap elementor-element-populated\">\n\t\t\t\t\t\t<div class=\"elementor-element elementor-element-ebf7d93 elementor-widget-divider--view-line elementor-widget elementor-widget-divider\" data-id=\"ebf7d93\" data-element_type=\"widget\" data-widget_type=\"divider.default\">\n\t\t\t\t<div class=\"elementor-widget-container\">\n\t\t\t\t\t\t\t<div class=\"elementor-divider\">\n\t\t\t<span class=\"elementor-divider-separator\">\n\t\t\t\t\t\t<\/span>\n\t\t<\/div>\n\t\t\t\t\t\t<\/div>\n\t\t\t\t<\/div>\n\t\t\t\t<div class=\"elementor-element elementor-element-a62f6f3 elementor-widget elementor-widget-text-editor\" data-id=\"a62f6f3\" data-element_type=\"widget\" data-widget_type=\"text-editor.default\">\n\t\t\t\t<div class=\"elementor-widget-container\">\n\t\t\t\t\t\t\t\t\t<h2>\n            <strong><br \/>\n              <b>Panorama geogr\u00e1fico y geol\u00f3gico<\/b><br \/>\n            <\/strong><br \/>\n          <\/h2>\n\t\t\t\t\t\t\t\t<\/div>\n\t\t\t\t<\/div>\n\t\t\t\t<section class=\"elementor-section elementor-inner-section elementor-element elementor-element-499f9459 elementor-section-boxed elementor-section-height-default elementor-section-height-default\" data-id=\"499f9459\" data-element_type=\"section\" data-settings=\"{&quot;background_background&quot;:&quot;classic&quot;}\">\n\t\t\t\t\t\t\t<div class=\"elementor-background-overlay\"><\/div>\n\t\t\t\t\t\t\t<div class=\"elementor-container elementor-column-gap-default\">\n\t\t\t\t\t<div class=\"elementor-column elementor-col-50 elementor-inner-column elementor-element elementor-element-175071a5\" data-id=\"175071a5\" data-element_type=\"column\">\n\t\t\t<div class=\"elementor-widget-wrap elementor-element-populated\">\n\t\t\t\t\t\t<div class=\"elementor-element elementor-element-fc1673e elementor-widget elementor-widget-text-editor\" data-id=\"fc1673e\" data-element_type=\"widget\" data-widget_type=\"text-editor.default\">\n\t\t\t\t<div class=\"elementor-widget-container\">\n\t\t\t\t\t\t\t\t\t<h2>\n            <strong>Una instant\u00e1nea geogr\u00e1fica<\/strong><br \/>\n          <\/h2>\n\t\t\t\t\t\t\t\t<\/div>\n\t\t\t\t<\/div>\n\t\t\t\t<section class=\"elementor-section elementor-inner-section elementor-element elementor-element-a1b3008 elementor-section-boxed elementor-section-height-default elementor-section-height-default\" data-id=\"a1b3008\" data-element_type=\"section\">\n\t\t\t\t\t\t<div class=\"elementor-container elementor-column-gap-default\">\n\t\t\t\t\t<div class=\"elementor-column elementor-col-50 elementor-inner-column elementor-element elementor-element-e89eaf5\" data-id=\"e89eaf5\" data-element_type=\"column\">\n\t\t\t<div class=\"elementor-widget-wrap elementor-element-populated\">\n\t\t\t\t\t\t<div class=\"elementor-element elementor-element-8992038 elementor-widget elementor-widget-image\" data-id=\"8992038\" data-element_type=\"widget\" data-widget_type=\"image.default\">\n\t\t\t\t<div class=\"elementor-widget-container\">\n\t\t\t\t\t\t\t\t\t\t\t\t\t\t\t<img decoding=\"async\" width=\"768\" height=\"556\" src=\"https:\/\/richeskarayib.com\/wp-content\/uploads\/2025\/01\/stock-photo-national-flag-of-martinique-high-resolution-2537466519-Modifie-768x556.jpg\" class=\"attachment-medium_large size-medium_large wp-image-43295\" alt=\"Martinique\" srcset=\"https:\/\/richeskarayib.com\/wp-content\/uploads\/2025\/01\/stock-photo-national-flag-of-martinique-high-resolution-2537466519-Modifie-768x556.jpg 768w, https:\/\/richeskarayib.com\/wp-content\/uploads\/2025\/01\/stock-photo-national-flag-of-martinique-high-resolution-2537466519-Modifie-300x217.jpg 300w, https:\/\/richeskarayib.com\/wp-content\/uploads\/2025\/01\/stock-photo-national-flag-of-martinique-high-resolution-2537466519-Modifie-1024x741.jpg 1024w, https:\/\/richeskarayib.com\/wp-content\/uploads\/2025\/01\/stock-photo-national-flag-of-martinique-high-resolution-2537466519-Modifie-1320x956.jpg 1320w, https:\/\/richeskarayib.com\/wp-content\/uploads\/2025\/01\/stock-photo-national-flag-of-martinique-high-resolution-2537466519-Modifie.jpg 1500w\" sizes=\"(max-width: 768px) 100vw, 768px\" \/>\t\t\t\t\t\t\t\t\t\t\t\t\t\t\t<\/div>\n\t\t\t\t<\/div>\n\t\t\t\t\t<\/div>\n\t\t<\/div>\n\t\t\t\t<div class=\"elementor-column elementor-col-50 elementor-inner-column elementor-element elementor-element-70ffd22\" data-id=\"70ffd22\" data-element_type=\"column\">\n\t\t\t<div class=\"elementor-widget-wrap elementor-element-populated\">\n\t\t\t\t\t\t<div class=\"elementor-element elementor-element-066453f elementor-widget elementor-widget-text-editor\" data-id=\"066453f\" data-element_type=\"widget\" data-widget_type=\"text-editor.default\">\n\t\t\t\t<div class=\"elementor-widget-container\">\n\t\t\t\t\t\t\t\t\t\n          <ul>\n<li aria-level=\"1\"><b>Tama\u00f1o<\/b>: Aproximadamente 1.128 kil\u00f3metros cuadrados (435 millas cuadradas).<\/li>\n<li aria-level=\"1\"><b>Capital<\/b>: Fort-de-France, situada en la costa oeste.<\/li>\n<\/ul>\n        \t\t\t\t\t\t\t\t<\/div>\n\t\t\t\t<\/div>\n\t\t\t\t\t<\/div>\n\t\t<\/div>\n\t\t\t\t\t<\/div>\n\t\t<\/section>\n\t\t\t\t<div class=\"elementor-element elementor-element-28160b28 elementor-widget elementor-widget-text-editor\" data-id=\"28160b28\" data-element_type=\"widget\" data-widget_type=\"text-editor.default\">\n\t\t\t\t<div class=\"elementor-widget-container\">\n\t\t\t\t\t\t\t\t\t\n          <ul>\n<li aria-level=\"1\"><b>Punto culminante<\/b>: Montagne Pel\u00e9e, que alcanza los 1.397 metros (4.583 pies).<\/li>\n<li aria-level=\"1\"><b>Poblaci\u00f3n<\/b>: Unos 375.000 habitantes (2022).<\/li>\n<li aria-level=\"1\"><b>Vegetaci\u00f3n<\/b>: Bosques tropicales, plantaciones de ca\u00f1a de az\u00facar y playas id\u00edlicas, sustentadas por un clima tropical.<\/li>\n<li aria-level=\"1\"><b>Cuerpos de agua<\/b>: Varios r\u00edos y cascadas, como el r\u00edo L\u00e9zarde y las cataratas del Carbet.<\/li>\n<\/ul>\n        \t\t\t\t\t\t\t\t<\/div>\n\t\t\t\t<\/div>\n\t\t\t\t\t<\/div>\n\t\t<\/div>\n\t\t\t\t<div class=\"elementor-column elementor-col-50 elementor-inner-column elementor-element elementor-element-1c348623\" data-id=\"1c348623\" data-element_type=\"column\">\n\t\t\t<div class=\"elementor-widget-wrap elementor-element-populated\">\n\t\t\t\t\t\t<section class=\"elementor-section elementor-inner-section elementor-element elementor-element-18c13ccc elementor-section-boxed elementor-section-height-default elementor-section-height-default\" data-id=\"18c13ccc\" data-element_type=\"section\">\n\t\t\t\t\t\t<div class=\"elementor-container elementor-column-gap-default\">\n\t\t\t\t\t<div class=\"elementor-column elementor-col-100 elementor-inner-column elementor-element elementor-element-501f56cf\" data-id=\"501f56cf\" data-element_type=\"column\">\n\t\t\t<div class=\"elementor-widget-wrap elementor-element-populated\">\n\t\t\t\t\t\t<div class=\"elementor-element elementor-element-93b29c1 elementor-widget elementor-widget-spacer\" data-id=\"93b29c1\" data-element_type=\"widget\" data-widget_type=\"spacer.default\">\n\t\t\t\t<div class=\"elementor-widget-container\">\n\t\t\t\t\t\t\t<div class=\"elementor-spacer\">\n\t\t\t<div class=\"elementor-spacer-inner\"><\/div>\n\t\t<\/div>\n\t\t\t\t\t\t<\/div>\n\t\t\t\t<\/div>\n\t\t\t\t<div class=\"elementor-element elementor-element-620c66b6 elementor-widget elementor-widget-image\" data-id=\"620c66b6\" data-element_type=\"widget\" data-widget_type=\"image.default\">\n\t\t\t\t<div class=\"elementor-widget-container\">\n\t\t\t\t\t\t\t\t\t\t\t\t\t\t\t<img decoding=\"async\" width=\"800\" height=\"465\" src=\"https:\/\/richeskarayib.com\/wp-content\/uploads\/2025\/01\/stock-photo-beach-of-buccaneers-at-pointe-marin-in-sainte-anne-martinique-french-antilles-2489347657-Modifie-1024x595.jpg\" class=\"attachment-large size-large wp-image-43291\" alt=\"Martinique\" srcset=\"https:\/\/richeskarayib.com\/wp-content\/uploads\/2025\/01\/stock-photo-beach-of-buccaneers-at-pointe-marin-in-sainte-anne-martinique-french-antilles-2489347657-Modifie-1024x595.jpg 1024w, https:\/\/richeskarayib.com\/wp-content\/uploads\/2025\/01\/stock-photo-beach-of-buccaneers-at-pointe-marin-in-sainte-anne-martinique-french-antilles-2489347657-Modifie-300x174.jpg 300w, https:\/\/richeskarayib.com\/wp-content\/uploads\/2025\/01\/stock-photo-beach-of-buccaneers-at-pointe-marin-in-sainte-anne-martinique-french-antilles-2489347657-Modifie-768x446.jpg 768w, https:\/\/richeskarayib.com\/wp-content\/uploads\/2025\/01\/stock-photo-beach-of-buccaneers-at-pointe-marin-in-sainte-anne-martinique-french-antilles-2489347657-Modifie-1320x767.jpg 1320w, https:\/\/richeskarayib.com\/wp-content\/uploads\/2025\/01\/stock-photo-beach-of-buccaneers-at-pointe-marin-in-sainte-anne-martinique-french-antilles-2489347657-Modifie.jpg 1500w\" sizes=\"(max-width: 800px) 100vw, 800px\" \/>\t\t\t\t\t\t\t\t\t\t\t\t\t\t\t<\/div>\n\t\t\t\t<\/div>\n\t\t\t\t\t<\/div>\n\t\t<\/div>\n\t\t\t\t\t<\/div>\n\t\t<\/section>\n\t\t\t\t\t<\/div>\n\t\t<\/div>\n\t\t\t\t\t<\/div>\n\t\t<\/section>\n\t\t\t\t<div class=\"elementor-element elementor-element-2f1e580 elementor-widget elementor-widget-text-editor\" data-id=\"2f1e580\" data-element_type=\"widget\" data-widget_type=\"text-editor.default\">\n\t\t\t\t<div class=\"elementor-widget-container\">\n\t\t\t\t\t\t\t\t\t<h3><b>Caracter\u00edsticas geol\u00f3gicas<\/b><\/h3>\n<ul>\n<li aria-level=\"1\"><b>Geolog\u00eda<\/b>: La isla es de origen volc\u00e1nico, siendo el Montagne Pel\u00e9e uno de los volcanes m\u00e1s activos de la regi\u00f3n.<\/li>\n<li aria-level=\"1\"><b>Maravillas naturales<\/b>: Martinica alberga parajes naturales \u00fanicos, como la pen\u00ednsula de Caravelle, conocida por sus manglares y su biodiversidad marina.<\/li>\n<\/ul>\t\t\t\t\t\t\t\t<\/div>\n\t\t\t\t<\/div>\n\t\t\t\t\t<\/div>\n\t\t<\/div>\n\t\t\t\t\t<\/div>\n\t\t<\/section>\n\t\t\t\t<section class=\"elementor-section elementor-top-section elementor-element elementor-element-4ab2d591 elementor-section-boxed elementor-section-height-default elementor-section-height-default\" data-id=\"4ab2d591\" data-element_type=\"section\">\n\t\t\t\t\t\t<div class=\"elementor-container elementor-column-gap-default\">\n\t\t\t\t\t<div class=\"elementor-column elementor-col-100 elementor-top-column elementor-element elementor-element-4c711312\" data-id=\"4c711312\" data-element_type=\"column\">\n\t\t\t<div class=\"elementor-widget-wrap elementor-element-populated\">\n\t\t\t\t\t\t<section class=\"elementor-section elementor-inner-section elementor-element elementor-element-318a4ddd elementor-section-boxed elementor-section-height-default elementor-section-height-default\" data-id=\"318a4ddd\" data-element_type=\"section\">\n\t\t\t\t\t\t<div class=\"elementor-container elementor-column-gap-default\">\n\t\t\t\t\t<div class=\"elementor-column elementor-col-100 elementor-inner-column elementor-element elementor-element-289f08e0\" data-id=\"289f08e0\" data-element_type=\"column\">\n\t\t\t<div class=\"elementor-widget-wrap elementor-element-populated\">\n\t\t\t\t\t\t<div class=\"elementor-element elementor-element-95be29a elementor-widget-divider--view-line elementor-widget elementor-widget-divider\" data-id=\"95be29a\" data-element_type=\"widget\" data-widget_type=\"divider.default\">\n\t\t\t\t<div class=\"elementor-widget-container\">\n\t\t\t\t\t\t\t<div class=\"elementor-divider\">\n\t\t\t<span class=\"elementor-divider-separator\">\n\t\t\t\t\t\t<\/span>\n\t\t<\/div>\n\t\t\t\t\t\t<\/div>\n\t\t\t\t<\/div>\n\t\t\t\t<div class=\"elementor-element elementor-element-1fe49cf elementor-widget elementor-widget-text-editor\" data-id=\"1fe49cf\" data-element_type=\"widget\" data-widget_type=\"text-editor.default\">\n\t\t\t\t<div class=\"elementor-widget-container\">\n\t\t\t\t\t\t\t\t\t<h2>\n            <strong>Paisaje cultural<\/strong><br \/>\n          <\/h2>\n\t\t\t\t\t\t\t\t<\/div>\n\t\t\t\t<\/div>\n\t\t\t\t<div class=\"elementor-element elementor-element-4e8a8952 elementor-widget elementor-widget-text-editor\" data-id=\"4e8a8952\" data-element_type=\"widget\" data-widget_type=\"text-editor.default\">\n\t\t\t\t<div class=\"elementor-widget-container\">\n\t\t\t\t\t\t\t\t\t<h4>\n            <b>Un rico paisaje cultural<\/b><br \/>\n          <\/h4>\n<p>La cultura martiniquesa es el resultado de una mezcla de influencias africanas, francesas e indias, visibles en la lengua, la m\u00fasica y la cocina. El Carnaval de Martinica es uno de los acontecimientos m\u00e1s emblem\u00e1ticos, que atrae a los visitantes con sus coloridos desfiles y su animada m\u00fasica. El criollo martiniqu\u00e9s, ampliamente hablado, enriquece la diversidad ling\u00fc\u00edstica de la isla.  <\/p>\n\t\t\t\t\t\t\t\t<\/div>\n\t\t\t\t<\/div>\n\t\t\t\t<section class=\"elementor-section elementor-inner-section elementor-element elementor-element-d002120 elementor-section-boxed elementor-section-height-default elementor-section-height-default\" data-id=\"d002120\" data-element_type=\"section\">\n\t\t\t\t\t\t<div class=\"elementor-container elementor-column-gap-default\">\n\t\t\t\t\t<div class=\"elementor-column elementor-col-50 elementor-inner-column elementor-element elementor-element-318ecd5\" data-id=\"318ecd5\" data-element_type=\"column\">\n\t\t\t<div class=\"elementor-widget-wrap elementor-element-populated\">\n\t\t\t\t\t\t<div class=\"elementor-element elementor-element-1ea9d62 elementor-widget elementor-widget-image\" data-id=\"1ea9d62\" data-element_type=\"widget\" data-widget_type=\"image.default\">\n\t\t\t\t<div class=\"elementor-widget-container\">\n\t\t\t\t\t\t\t\t\t\t\t\t\t\t\t<img loading=\"lazy\" decoding=\"async\" width=\"800\" height=\"529\" src=\"https:\/\/richeskarayib.com\/wp-content\/uploads\/2025\/01\/stock-photo-fort-de-france-martinique-march-street-carnival-days-event-with-parades-singing-294069038-Modifie-1024x677.jpg\" class=\"attachment-large size-large wp-image-43299\" alt=\"Martinique\" srcset=\"https:\/\/richeskarayib.com\/wp-content\/uploads\/2025\/01\/stock-photo-fort-de-france-martinique-march-street-carnival-days-event-with-parades-singing-294069038-Modifie-1024x677.jpg 1024w, https:\/\/richeskarayib.com\/wp-content\/uploads\/2025\/01\/stock-photo-fort-de-france-martinique-march-street-carnival-days-event-with-parades-singing-294069038-Modifie-300x198.jpg 300w, https:\/\/richeskarayib.com\/wp-content\/uploads\/2025\/01\/stock-photo-fort-de-france-martinique-march-street-carnival-days-event-with-parades-singing-294069038-Modifie-768x508.jpg 768w, https:\/\/richeskarayib.com\/wp-content\/uploads\/2025\/01\/stock-photo-fort-de-france-martinique-march-street-carnival-days-event-with-parades-singing-294069038-Modifie-1320x873.jpg 1320w, https:\/\/richeskarayib.com\/wp-content\/uploads\/2025\/01\/stock-photo-fort-de-france-martinique-march-street-carnival-days-event-with-parades-singing-294069038-Modifie.jpg 1500w\" sizes=\"(max-width: 800px) 100vw, 800px\" \/>\t\t\t\t\t\t\t\t\t\t\t\t\t\t\t<\/div>\n\t\t\t\t<\/div>\n\t\t\t\t\t<\/div>\n\t\t<\/div>\n\t\t\t\t<div class=\"elementor-column elementor-col-50 elementor-inner-column elementor-element elementor-element-7916bc1\" data-id=\"7916bc1\" data-element_type=\"column\">\n\t\t\t<div class=\"elementor-widget-wrap elementor-element-populated\">\n\t\t\t\t\t\t<div class=\"elementor-element elementor-element-4198ca2 elementor-widget elementor-widget-image\" data-id=\"4198ca2\" data-element_type=\"widget\" data-widget_type=\"image.default\">\n\t\t\t\t<div class=\"elementor-widget-container\">\n\t\t\t\t\t\t\t\t\t\t\t\t\t\t\t<img loading=\"lazy\" decoding=\"async\" width=\"800\" height=\"798\" src=\"https:\/\/richeskarayib.com\/wp-content\/uploads\/2025\/01\/stock-photo-carnival-in-martinique-in-the-city-of-sainte-anne-1372459232-Modifie-1024x1022.jpg\" class=\"attachment-large size-large wp-image-43303\" alt=\"Martinique\" srcset=\"https:\/\/richeskarayib.com\/wp-content\/uploads\/2025\/01\/stock-photo-carnival-in-martinique-in-the-city-of-sainte-anne-1372459232-Modifie-1024x1022.jpg 1024w, https:\/\/richeskarayib.com\/wp-content\/uploads\/2025\/01\/stock-photo-carnival-in-martinique-in-the-city-of-sainte-anne-1372459232-Modifie-300x300.jpg 300w, https:\/\/richeskarayib.com\/wp-content\/uploads\/2025\/01\/stock-photo-carnival-in-martinique-in-the-city-of-sainte-anne-1372459232-Modifie-150x150.jpg 150w, https:\/\/richeskarayib.com\/wp-content\/uploads\/2025\/01\/stock-photo-carnival-in-martinique-in-the-city-of-sainte-anne-1372459232-Modifie-768x766.jpg 768w, https:\/\/richeskarayib.com\/wp-content\/uploads\/2025\/01\/stock-photo-carnival-in-martinique-in-the-city-of-sainte-anne-1372459232-Modifie-1320x1317.jpg 1320w, https:\/\/richeskarayib.com\/wp-content\/uploads\/2025\/01\/stock-photo-carnival-in-martinique-in-the-city-of-sainte-anne-1372459232-Modifie.jpg 1500w\" sizes=\"(max-width: 800px) 100vw, 800px\" \/>\t\t\t\t\t\t\t\t\t\t\t\t\t\t\t<\/div>\n\t\t\t\t<\/div>\n\t\t\t\t\t<\/div>\n\t\t<\/div>\n\t\t\t\t\t<\/div>\n\t\t<\/section>\n\t\t\t\t<div class=\"elementor-element elementor-element-5d97a0e elementor-widget elementor-widget-spacer\" data-id=\"5d97a0e\" data-element_type=\"widget\" data-widget_type=\"spacer.default\">\n\t\t\t\t<div class=\"elementor-widget-container\">\n\t\t\t\t\t\t\t<div class=\"elementor-spacer\">\n\t\t\t<div class=\"elementor-spacer-inner\"><\/div>\n\t\t<\/div>\n\t\t\t\t\t\t<\/div>\n\t\t\t\t<\/div>\n\t\t\t\t\t<\/div>\n\t\t<\/div>\n\t\t\t\t\t<\/div>\n\t\t<\/section>\n\t\t\t\t\t<\/div>\n\t\t<\/div>\n\t\t\t\t\t<\/div>\n\t\t<\/section>\n\t\t\t\t<section class=\"elementor-section elementor-top-section elementor-element elementor-element-6da062f elementor-section-boxed elementor-section-height-default elementor-section-height-default\" data-id=\"6da062f\" data-element_type=\"section\" data-settings=\"{&quot;background_background&quot;:&quot;classic&quot;}\">\n\t\t\t\t\t\t\t<div class=\"elementor-background-overlay\"><\/div>\n\t\t\t\t\t\t\t<div class=\"elementor-container elementor-column-gap-default\">\n\t\t\t\t\t<div class=\"elementor-column elementor-col-100 elementor-top-column elementor-element elementor-element-9ae4dfe\" data-id=\"9ae4dfe\" data-element_type=\"column\">\n\t\t\t<div class=\"elementor-widget-wrap elementor-element-populated\">\n\t\t\t\t\t\t<div class=\"elementor-element elementor-element-e0f6e02 elementor-widget-divider--view-line elementor-widget elementor-widget-divider\" data-id=\"e0f6e02\" data-element_type=\"widget\" data-widget_type=\"divider.default\">\n\t\t\t\t<div class=\"elementor-widget-container\">\n\t\t\t\t\t\t\t<div class=\"elementor-divider\">\n\t\t\t<span class=\"elementor-divider-separator\">\n\t\t\t\t\t\t<\/span>\n\t\t<\/div>\n\t\t\t\t\t\t<\/div>\n\t\t\t\t<\/div>\n\t\t\t\t<div class=\"elementor-element elementor-element-82725ff elementor-widget elementor-widget-text-editor\" data-id=\"82725ff\" data-element_type=\"widget\" data-widget_type=\"text-editor.default\">\n\t\t\t\t<div class=\"elementor-widget-container\">\n\t\t\t\t\t\t\t\t\t<h2>\n            <strong>Cocina local<\/strong><br \/>\n          <\/h2>\n\t\t\t\t\t\t\t\t<\/div>\n\t\t\t\t<\/div>\n\t\t\t\t<section class=\"elementor-section elementor-inner-section elementor-element elementor-element-b15711a elementor-section-boxed elementor-section-height-default elementor-section-height-default\" data-id=\"b15711a\" data-element_type=\"section\">\n\t\t\t\t\t\t<div class=\"elementor-container elementor-column-gap-default\">\n\t\t\t\t\t<div class=\"elementor-column elementor-col-100 elementor-inner-column elementor-element elementor-element-e28e0da\" data-id=\"e28e0da\" data-element_type=\"column\">\n\t\t\t<div class=\"elementor-widget-wrap elementor-element-populated\">\n\t\t\t\t\t\t<div class=\"elementor-element elementor-element-d09f850 elementor-widget elementor-widget-text-editor\" data-id=\"d09f850\" data-element_type=\"widget\" data-widget_type=\"text-editor.default\">\n\t\t\t\t<div class=\"elementor-widget-container\">\n\t\t\t\t\t\t\t\t\t<h2>\n            <b>Delicias culinarias de Martinica<\/b><br \/>\n          <\/h2>\n\t\t\t\t\t\t\t\t<\/div>\n\t\t\t\t<\/div>\n\t\t\t\t<div class=\"elementor-element elementor-element-2607cde9 elementor-widget elementor-widget-text-editor\" data-id=\"2607cde9\" data-element_type=\"widget\" data-widget_type=\"text-editor.default\">\n\t\t\t\t<div class=\"elementor-widget-container\">\n\t\t\t\t\t\t\t\t\t<p>La cocina de Martinica refleja una h\u00e1bil mezcla de tradiciones culinarias, destacando los ingredientes frescos y locales. El plato nacional, el &#8220;colombo&#8221;, es un guiso picante hecho con carne o pescado, acompa\u00f1ado de verduras y arroz. El &#8220;boudin cr\u00e9ole&#8221;, una salchicha picante, tambi\u00e9n es un plato imprescindible. Las frutas tropicales como el mango y la papaya a\u00f1aden un toque dulce a los platos.   <\/p>\n\t\t\t\t\t\t\t\t<\/div>\n\t\t\t\t<\/div>\n\t\t\t\t<section class=\"elementor-section elementor-inner-section elementor-element elementor-element-489ef4d elementor-section-boxed elementor-section-height-default elementor-section-height-default\" data-id=\"489ef4d\" data-element_type=\"section\">\n\t\t\t\t\t\t<div class=\"elementor-container elementor-column-gap-default\">\n\t\t\t\t\t<div class=\"elementor-column elementor-col-33 elementor-inner-column elementor-element elementor-element-d87214b\" data-id=\"d87214b\" data-element_type=\"column\">\n\t\t\t<div class=\"elementor-widget-wrap elementor-element-populated\">\n\t\t\t\t\t\t<div class=\"elementor-element elementor-element-a18317c elementor-widget elementor-widget-image\" data-id=\"a18317c\" data-element_type=\"widget\" data-widget_type=\"image.default\">\n\t\t\t\t<div class=\"elementor-widget-container\">\n\t\t\t\t\t\t\t\t\t\t\t\t<figure class=\"wp-caption\">\n\t\t\t\t\t\t\t\t\t\t<img loading=\"lazy\" decoding=\"async\" width=\"800\" height=\"999\" src=\"https:\/\/richeskarayib.com\/wp-content\/uploads\/2025\/01\/42836385_2150974805117488_3500551290025410560_n-820x1024.jpg\" class=\"attachment-large size-large wp-image-43582\" alt=\"Martinique\" srcset=\"https:\/\/richeskarayib.com\/wp-content\/uploads\/2025\/01\/42836385_2150974805117488_3500551290025410560_n-820x1024.jpg 820w, https:\/\/richeskarayib.com\/wp-content\/uploads\/2025\/01\/42836385_2150974805117488_3500551290025410560_n-240x300.jpg 240w, https:\/\/richeskarayib.com\/wp-content\/uploads\/2025\/01\/42836385_2150974805117488_3500551290025410560_n-768x959.jpg 768w, https:\/\/richeskarayib.com\/wp-content\/uploads\/2025\/01\/42836385_2150974805117488_3500551290025410560_n.jpg 1080w\" sizes=\"(max-width: 800px) 100vw, 800px\" \/>\t\t\t\t\t\t\t\t\t\t\t<figcaption class=\"widget-image-caption wp-caption-text\">Colombo<\/figcaption>\n\t\t\t\t\t\t\t\t\t\t<\/figure>\n\t\t\t\t\t\t\t\t\t<\/div>\n\t\t\t\t<\/div>\n\t\t\t\t\t<\/div>\n\t\t<\/div>\n\t\t\t\t<div class=\"elementor-column elementor-col-33 elementor-inner-column elementor-element elementor-element-98a9000\" data-id=\"98a9000\" data-element_type=\"column\">\n\t\t\t<div class=\"elementor-widget-wrap elementor-element-populated\">\n\t\t\t\t\t\t<div class=\"elementor-element elementor-element-4362840 elementor-widget elementor-widget-image\" data-id=\"4362840\" data-element_type=\"widget\" data-widget_type=\"image.default\">\n\t\t\t\t<div class=\"elementor-widget-container\">\n\t\t\t\t\t\t\t\t\t\t\t\t<figure class=\"wp-caption\">\n\t\t\t\t\t\t\t\t\t\t<img loading=\"lazy\" decoding=\"async\" width=\"800\" height=\"532\" src=\"https:\/\/richeskarayib.com\/wp-content\/uploads\/2025\/01\/Boudin-1024x681.jpg\" class=\"attachment-large size-large wp-image-43586\" alt=\"Martinique\" srcset=\"https:\/\/richeskarayib.com\/wp-content\/uploads\/2025\/01\/Boudin-1024x681.jpg 1024w, https:\/\/richeskarayib.com\/wp-content\/uploads\/2025\/01\/Boudin-300x199.jpg 300w, https:\/\/richeskarayib.com\/wp-content\/uploads\/2025\/01\/Boudin-768x510.jpg 768w, https:\/\/richeskarayib.com\/wp-content\/uploads\/2025\/01\/Boudin-1320x877.jpg 1320w, https:\/\/richeskarayib.com\/wp-content\/uploads\/2025\/01\/Boudin.jpg 1500w\" sizes=\"(max-width: 800px) 100vw, 800px\" \/>\t\t\t\t\t\t\t\t\t\t\t<figcaption class=\"widget-image-caption wp-caption-text\">Boudin<\/figcaption>\n\t\t\t\t\t\t\t\t\t\t<\/figure>\n\t\t\t\t\t\t\t\t\t<\/div>\n\t\t\t\t<\/div>\n\t\t\t\t\t<\/div>\n\t\t<\/div>\n\t\t\t\t<div class=\"elementor-column elementor-col-33 elementor-inner-column elementor-element elementor-element-588c534\" data-id=\"588c534\" data-element_type=\"column\">\n\t\t\t<div class=\"elementor-widget-wrap elementor-element-populated\">\n\t\t\t\t\t\t<div class=\"elementor-element elementor-element-2696d73 elementor-widget elementor-widget-image\" data-id=\"2696d73\" data-element_type=\"widget\" data-widget_type=\"image.default\">\n\t\t\t\t<div class=\"elementor-widget-container\">\n\t\t\t\t\t\t\t\t\t\t\t\t<figure class=\"wp-caption\">\n\t\t\t\t\t\t\t\t\t\t<img loading=\"lazy\" decoding=\"async\" width=\"800\" height=\"530\" src=\"https:\/\/richeskarayib.com\/wp-content\/uploads\/2025\/01\/Fruits-exotic-1024x678.jpg\" class=\"attachment-large size-large wp-image-43590\" alt=\"Martinique\" srcset=\"https:\/\/richeskarayib.com\/wp-content\/uploads\/2025\/01\/Fruits-exotic-1024x678.jpg 1024w, https:\/\/richeskarayib.com\/wp-content\/uploads\/2025\/01\/Fruits-exotic-300x199.jpg 300w, https:\/\/richeskarayib.com\/wp-content\/uploads\/2025\/01\/Fruits-exotic-768x508.jpg 768w, https:\/\/richeskarayib.com\/wp-content\/uploads\/2025\/01\/Fruits-exotic-1320x874.jpg 1320w, https:\/\/richeskarayib.com\/wp-content\/uploads\/2025\/01\/Fruits-exotic.jpg 1500w\" sizes=\"(max-width: 800px) 100vw, 800px\" \/>\t\t\t\t\t\t\t\t\t\t\t<figcaption class=\"widget-image-caption wp-caption-text\"><\/figcaption>\n\t\t\t\t\t\t\t\t\t\t<\/figure>\n\t\t\t\t\t\t\t\t\t<\/div>\n\t\t\t\t<\/div>\n\t\t\t\t\t<\/div>\n\t\t<\/div>\n\t\t\t\t\t<\/div>\n\t\t<\/section>\n\t\t\t\t\t<\/div>\n\t\t<\/div>\n\t\t\t\t\t<\/div>\n\t\t<\/section>\n\t\t\t\t\t<\/div>\n\t\t<\/div>\n\t\t\t\t\t<\/div>\n\t\t<\/section>\n\t\t\t\t<section class=\"elementor-section elementor-top-section elementor-element elementor-element-986acf7 elementor-section-boxed elementor-section-height-default elementor-section-height-default\" data-id=\"986acf7\" data-element_type=\"section\">\n\t\t\t\t\t\t<div class=\"elementor-container elementor-column-gap-default\">\n\t\t\t\t\t<div class=\"elementor-column elementor-col-100 elementor-top-column elementor-element elementor-element-db354b7\" data-id=\"db354b7\" data-element_type=\"column\">\n\t\t\t<div class=\"elementor-widget-wrap elementor-element-populated\">\n\t\t\t\t\t\t<div class=\"elementor-element elementor-element-1e5a647 elementor-widget-divider--view-line elementor-widget elementor-widget-divider\" data-id=\"1e5a647\" data-element_type=\"widget\" data-widget_type=\"divider.default\">\n\t\t\t\t<div class=\"elementor-widget-container\">\n\t\t\t\t\t\t\t<div class=\"elementor-divider\">\n\t\t\t<span class=\"elementor-divider-separator\">\n\t\t\t\t\t\t<\/span>\n\t\t<\/div>\n\t\t\t\t\t\t<\/div>\n\t\t\t\t<\/div>\n\t\t\t\t<div class=\"elementor-element elementor-element-4bc3879 elementor-widget elementor-widget-text-editor\" data-id=\"4bc3879\" data-element_type=\"widget\" data-widget_type=\"text-editor.default\">\n\t\t\t\t<div class=\"elementor-widget-container\">\n\t\t\t\t\t\t\t\t\t<h2>\n            <strong>Econom\u00eda e infraestructuras<\/strong><br \/>\n          <\/h2>\n\t\t\t\t\t\t\t\t<\/div>\n\t\t\t\t<\/div>\n\t\t\t\t<div class=\"elementor-element elementor-element-d79dd17 elementor-widget elementor-widget-text-editor\" data-id=\"d79dd17\" data-element_type=\"widget\" data-widget_type=\"text-editor.default\">\n\t\t\t\t<div class=\"elementor-widget-container\">\n\t\t\t\t\t\t\t\t\t<h4><b>Panorama econ\u00f3mico<\/b><\/h4>\n<p> <\/p>\n<p>La econom\u00eda de Martinica es diversa, con el turismo, la agricultura y los servicios como motores clave.<\/p>\n<ul>\n<li aria-level=\"1\"><b>El turismo<\/b>: Representa alrededor del 20% del PIB, y atrae visitantes por sus paisajes, cultura y hospitalidad. Playas como Les Salines y Anse Dufour son especialmente populares. <\/li>\n<li aria-level=\"1\"><b>Sector agr\u00edcola<\/b>: La ca\u00f1a de az\u00facar es uno de los principales productos de exportaci\u00f3n, aunque la agricultura se enfrenta a retos como el cambio clim\u00e1tico.<\/li>\n<li aria-level=\"1\"><b>Infraestructuras<\/b>: La isla cuenta con infraestructuras bien desarrolladas, con el Aeropuerto Internacional Aim\u00e9 C\u00e9saire y una red de carreteras que facilitan el acceso a las atracciones tur\u00edsticas.<\/li>\n<li aria-level=\"1\">\n<p><b>Sostenibilidad medioambiental: <\/b><a href=\"https:\/\/www.martiniqueactive.com\/poi\/office-du-tourisme\/\" target=\"_blank\" rel=\"noopener nofollow\">Martinica<\/a>hace cada vez m\u00e1s hincapi\u00e9 en la sostenibilidad medioambiental. Las iniciativas pretenden proteger los ecosistemas marinos, promover un turismo respetuoso con el medio ambiente y conservar los recursos naturales. El gobierno trabaja en el desarrollo de fuentes de energ\u00eda renovables y pr\u00e1cticas agr\u00edcolas sostenibles.  <\/p>\n<\/li>\n<\/ul>\t\t\t\t\t\t\t\t<\/div>\n\t\t\t\t<\/div>\n\t\t\t\t<section class=\"elementor-section elementor-inner-section elementor-element elementor-element-b48cb5a elementor-section-boxed elementor-section-height-default elementor-section-height-default\" data-id=\"b48cb5a\" data-element_type=\"section\">\n\t\t\t\t\t\t<div class=\"elementor-container elementor-column-gap-default\">\n\t\t\t\t\t<div class=\"elementor-column elementor-col-33 elementor-inner-column elementor-element elementor-element-934a4a7\" data-id=\"934a4a7\" data-element_type=\"column\">\n\t\t\t<div class=\"elementor-widget-wrap elementor-element-populated\">\n\t\t\t\t\t\t<div class=\"elementor-element elementor-element-0beba4e elementor-widget elementor-widget-image\" data-id=\"0beba4e\" data-element_type=\"widget\" data-widget_type=\"image.default\">\n\t\t\t\t<div class=\"elementor-widget-container\">\n\t\t\t\t\t\t\t\t\t\t\t\t\t\t\t<img loading=\"lazy\" decoding=\"async\" width=\"800\" height=\"515\" src=\"https:\/\/richeskarayib.com\/wp-content\/uploads\/2025\/01\/stock-photo-church-at-anses-d-arlet-in-southern-martinique-french-west-indies-2407976289-Modifie-1024x659.jpg\" class=\"attachment-large size-large wp-image-43594\" alt=\"Martinique\" srcset=\"https:\/\/richeskarayib.com\/wp-content\/uploads\/2025\/01\/stock-photo-church-at-anses-d-arlet-in-southern-martinique-french-west-indies-2407976289-Modifie-1024x659.jpg 1024w, https:\/\/richeskarayib.com\/wp-content\/uploads\/2025\/01\/stock-photo-church-at-anses-d-arlet-in-southern-martinique-french-west-indies-2407976289-Modifie-300x193.jpg 300w, https:\/\/richeskarayib.com\/wp-content\/uploads\/2025\/01\/stock-photo-church-at-anses-d-arlet-in-southern-martinique-french-west-indies-2407976289-Modifie-768x494.jpg 768w, https:\/\/richeskarayib.com\/wp-content\/uploads\/2025\/01\/stock-photo-church-at-anses-d-arlet-in-southern-martinique-french-west-indies-2407976289-Modifie-1320x849.jpg 1320w, https:\/\/richeskarayib.com\/wp-content\/uploads\/2025\/01\/stock-photo-church-at-anses-d-arlet-in-southern-martinique-french-west-indies-2407976289-Modifie.jpg 1500w\" sizes=\"(max-width: 800px) 100vw, 800px\" \/>\t\t\t\t\t\t\t\t\t\t\t\t\t\t\t<\/div>\n\t\t\t\t<\/div>\n\t\t\t\t\t<\/div>\n\t\t<\/div>\n\t\t\t\t<div class=\"elementor-column elementor-col-33 elementor-inner-column elementor-element elementor-element-f4501c0\" data-id=\"f4501c0\" data-element_type=\"column\">\n\t\t\t<div class=\"elementor-widget-wrap elementor-element-populated\">\n\t\t\t\t\t\t<div class=\"elementor-element elementor-element-888b3df elementor-widget elementor-widget-image\" data-id=\"888b3df\" data-element_type=\"widget\" data-widget_type=\"image.default\">\n\t\t\t\t<div class=\"elementor-widget-container\">\n\t\t\t\t\t\t\t\t\t\t\t\t\t\t\t<img loading=\"lazy\" decoding=\"async\" width=\"800\" height=\"477\" src=\"https:\/\/richeskarayib.com\/wp-content\/uploads\/2025\/01\/stock-photo-fort-de-france-martinique-april-the-cruise-ship-dock-in-the-city-center-of-fort-de-2513149113-Modifie-1024x611.jpg\" class=\"attachment-large size-large wp-image-43598\" alt=\"Martinique\" srcset=\"https:\/\/richeskarayib.com\/wp-content\/uploads\/2025\/01\/stock-photo-fort-de-france-martinique-april-the-cruise-ship-dock-in-the-city-center-of-fort-de-2513149113-Modifie-1024x611.jpg 1024w, https:\/\/richeskarayib.com\/wp-content\/uploads\/2025\/01\/stock-photo-fort-de-france-martinique-april-the-cruise-ship-dock-in-the-city-center-of-fort-de-2513149113-Modifie-300x179.jpg 300w, https:\/\/richeskarayib.com\/wp-content\/uploads\/2025\/01\/stock-photo-fort-de-france-martinique-april-the-cruise-ship-dock-in-the-city-center-of-fort-de-2513149113-Modifie-768x458.jpg 768w, https:\/\/richeskarayib.com\/wp-content\/uploads\/2025\/01\/stock-photo-fort-de-france-martinique-april-the-cruise-ship-dock-in-the-city-center-of-fort-de-2513149113-Modifie-1320x788.jpg 1320w, https:\/\/richeskarayib.com\/wp-content\/uploads\/2025\/01\/stock-photo-fort-de-france-martinique-april-the-cruise-ship-dock-in-the-city-center-of-fort-de-2513149113-Modifie.jpg 1500w\" sizes=\"(max-width: 800px) 100vw, 800px\" \/>\t\t\t\t\t\t\t\t\t\t\t\t\t\t\t<\/div>\n\t\t\t\t<\/div>\n\t\t\t\t\t<\/div>\n\t\t<\/div>\n\t\t\t\t<div class=\"elementor-column elementor-col-33 elementor-inner-column elementor-element elementor-element-144e361\" data-id=\"144e361\" data-element_type=\"column\">\n\t\t\t<div class=\"elementor-widget-wrap elementor-element-populated\">\n\t\t\t\t\t\t<div class=\"elementor-element elementor-element-a6b3c53 elementor-widget elementor-widget-image\" data-id=\"a6b3c53\" data-element_type=\"widget\" data-widget_type=\"image.default\">\n\t\t\t\t<div class=\"elementor-widget-container\">\n\t\t\t\t\t\t\t\t\t\t\t\t\t\t\t<img loading=\"lazy\" decoding=\"async\" width=\"800\" height=\"505\" src=\"https:\/\/richeskarayib.com\/wp-content\/uploads\/2025\/01\/stock-photo-fort-de-france-martinique-january-the-ancient-town-hall-of-fort-de-france-and-aime-1538708213-Modifie-1024x646.jpg\" class=\"attachment-large size-large wp-image-43602\" alt=\"Martinique\" srcset=\"https:\/\/richeskarayib.com\/wp-content\/uploads\/2025\/01\/stock-photo-fort-de-france-martinique-january-the-ancient-town-hall-of-fort-de-france-and-aime-1538708213-Modifie-1024x646.jpg 1024w, https:\/\/richeskarayib.com\/wp-content\/uploads\/2025\/01\/stock-photo-fort-de-france-martinique-january-the-ancient-town-hall-of-fort-de-france-and-aime-1538708213-Modifie-300x189.jpg 300w, https:\/\/richeskarayib.com\/wp-content\/uploads\/2025\/01\/stock-photo-fort-de-france-martinique-january-the-ancient-town-hall-of-fort-de-france-and-aime-1538708213-Modifie-768x485.jpg 768w, https:\/\/richeskarayib.com\/wp-content\/uploads\/2025\/01\/stock-photo-fort-de-france-martinique-january-the-ancient-town-hall-of-fort-de-france-and-aime-1538708213-Modifie-1320x833.jpg 1320w, https:\/\/richeskarayib.com\/wp-content\/uploads\/2025\/01\/stock-photo-fort-de-france-martinique-january-the-ancient-town-hall-of-fort-de-france-and-aime-1538708213-Modifie.jpg 1500w\" sizes=\"(max-width: 800px) 100vw, 800px\" \/>\t\t\t\t\t\t\t\t\t\t\t\t\t\t\t<\/div>\n\t\t\t\t<\/div>\n\t\t\t\t\t<\/div>\n\t\t<\/div>\n\t\t\t\t\t<\/div>\n\t\t<\/section>\n\t\t\t\t<div class=\"elementor-element elementor-element-cddc167 elementor-widget elementor-widget-spacer\" data-id=\"cddc167\" data-element_type=\"widget\" data-widget_type=\"spacer.default\">\n\t\t\t\t<div class=\"elementor-widget-container\">\n\t\t\t\t\t\t\t<div class=\"elementor-spacer\">\n\t\t\t<div class=\"elementor-spacer-inner\"><\/div>\n\t\t<\/div>\n\t\t\t\t\t\t<\/div>\n\t\t\t\t<\/div>\n\t\t\t\t\t<\/div>\n\t\t<\/div>\n\t\t\t\t\t<\/div>\n\t\t<\/section>\n\t\t\t\t<section class=\"elementor-section elementor-top-section elementor-element elementor-element-0b6987a elementor-section-boxed elementor-section-height-default elementor-section-height-default\" data-id=\"0b6987a\" data-element_type=\"section\" data-settings=\"{&quot;background_background&quot;:&quot;classic&quot;}\">\n\t\t\t\t\t\t\t<div class=\"elementor-background-overlay\"><\/div>\n\t\t\t\t\t\t\t<div class=\"elementor-container elementor-column-gap-default\">\n\t\t\t\t\t<div class=\"elementor-column elementor-col-100 elementor-top-column elementor-element elementor-element-0db7194\" data-id=\"0db7194\" data-element_type=\"column\">\n\t\t\t<div class=\"elementor-widget-wrap elementor-element-populated\">\n\t\t\t\t\t\t<div class=\"elementor-element elementor-element-2f922a5 elementor-widget-divider--view-line elementor-widget elementor-widget-divider\" data-id=\"2f922a5\" data-element_type=\"widget\" data-widget_type=\"divider.default\">\n\t\t\t\t<div class=\"elementor-widget-container\">\n\t\t\t\t\t\t\t<div class=\"elementor-divider\">\n\t\t\t<span class=\"elementor-divider-separator\">\n\t\t\t\t\t\t<\/span>\n\t\t<\/div>\n\t\t\t\t\t\t<\/div>\n\t\t\t\t<\/div>\n\t\t\t\t<div class=\"elementor-element elementor-element-46d3dcc elementor-widget elementor-widget-text-editor\" data-id=\"46d3dcc\" data-element_type=\"widget\" data-widget_type=\"text-editor.default\">\n\t\t\t\t<div class=\"elementor-widget-container\">\n\t\t\t\t\t\t\t\t\t<h2>\n            <strong>Perspectivas hist\u00f3ricas<\/strong><br \/>\n          <\/h2>\n\t\t\t\t\t\t\t\t<\/div>\n\t\t\t\t<\/div>\n\t\t\t\t<div class=\"elementor-element elementor-element-413f656 elementor-widget elementor-widget-text-editor\" data-id=\"413f656\" data-element_type=\"widget\" data-widget_type=\"text-editor.default\">\n\t\t\t\t<div class=\"elementor-widget-container\">\n\t\t\t\t\t\t\t\t\t<h2>\n            <strong><br \/>\n              <b>De la colonizaci\u00f3n a la autonom\u00eda<\/b><br \/>\n            <\/strong><br \/>\n          <\/h2>\n\t\t\t\t\t\t\t\t<\/div>\n\t\t\t\t<\/div>\n\t\t\t\t<div class=\"elementor-element elementor-element-69e816a elementor-widget elementor-widget-text-editor\" data-id=\"69e816a\" data-element_type=\"widget\" data-widget_type=\"text-editor.default\">\n\t\t\t\t<div class=\"elementor-widget-container\">\n\t\t\t\t\t\t\t\t\t<p>Diversas influencias marcan la historia de <a href=\"https:\/\/www.martinique.org\/fr\" target=\"_blank\" rel=\"noopener nofollow\">Martinica<\/a>:<\/p>\n<ul>\n<li aria-level=\"1\"><b>Colonizaci\u00f3n<\/b>: Los franceses colonizaron la isla en el siglo XVII, lo que provoc\u00f3 conflictos con las poblaciones ind\u00edgenas.<\/li>\n<li aria-level=\"1\"><b>Esclavitud y Emancipaci\u00f3n<\/b>: La abolici\u00f3n de la esclavitud en 1848 fue un importante punto de inflexi\u00f3n, que dio lugar a una identidad cultural diversa.<\/li>\n<li aria-level=\"1\"><b>Estatuto actual<\/b>: Martinica es un departamento franc\u00e9s de ultramar que goza de un estatuto especial en el seno de la Uni\u00f3n Europea.<\/li>\n<\/ul>\t\t\t\t\t\t\t\t<\/div>\n\t\t\t\t<\/div>\n\t\t\t\t\t<\/div>\n\t\t<\/div>\n\t\t\t\t\t<\/div>\n\t\t<\/section>\n\t\t\t\t<section class=\"elementor-section elementor-top-section elementor-element elementor-element-272d71f elementor-section-boxed elementor-section-height-default elementor-section-height-default\" data-id=\"272d71f\" data-element_type=\"section\" data-settings=\"{&quot;background_background&quot;:&quot;classic&quot;}\">\n\t\t\t\t\t\t\t<div class=\"elementor-background-overlay\"><\/div>\n\t\t\t\t\t\t\t<div class=\"elementor-container elementor-column-gap-default\">\n\t\t\t\t\t<div class=\"elementor-column elementor-col-100 elementor-top-column elementor-element elementor-element-d93884a\" data-id=\"d93884a\" data-element_type=\"column\">\n\t\t\t<div class=\"elementor-widget-wrap elementor-element-populated\">\n\t\t\t\t\t\t<div class=\"elementor-element elementor-element-592a194 elementor-widget-divider--view-line elementor-widget elementor-widget-divider\" data-id=\"592a194\" data-element_type=\"widget\" data-widget_type=\"divider.default\">\n\t\t\t\t<div class=\"elementor-widget-container\">\n\t\t\t\t\t\t\t<div class=\"elementor-divider\">\n\t\t\t<span class=\"elementor-divider-separator\">\n\t\t\t\t\t\t<\/span>\n\t\t<\/div>\n\t\t\t\t\t\t<\/div>\n\t\t\t\t<\/div>\n\t\t\t\t<div class=\"elementor-element elementor-element-fb0d60e elementor-widget elementor-widget-text-editor\" data-id=\"fb0d60e\" data-element_type=\"widget\" data-widget_type=\"text-editor.default\">\n\t\t\t\t<div class=\"elementor-widget-container\">\n\t\t\t\t\t\t\t\t\t<h2>\n            <b>Lo que hace \u00fanica a Martinica<\/b><br \/>\n          <\/h2>\n\t\t\t\t\t\t\t\t<\/div>\n\t\t\t\t<\/div>\n\t\t\t\t<div class=\"elementor-element elementor-element-3e2ccd4 elementor-widget elementor-widget-text-editor\" data-id=\"3e2ccd4\" data-element_type=\"widget\" data-widget_type=\"text-editor.default\">\n\t\t\t\t<div class=\"elementor-widget-container\">\n\t\t\t\t\t\t\t\t\t<ul>\n<li aria-level=\"1\">\n<h4 class=\"MuiTypography-root MuiTypography-h4 css-clnrnq\">Paisajes naturales<\/h4>\n<ul>\n<li><strong>Monte Pel\u00e9e:<\/strong> Un volc\u00e1n activo con un paisaje espectacular.<\/li>\n<li><strong>Playas:<\/strong> Playas v\u00edrgenes como Les Salines y Anse \u00e0 l&#8217;Ane.<\/li>\n<li><strong>Selvas tropicales:<\/strong> Densos bosques tropicales perfectos para hacer senderismo y paseos por la naturaleza.<\/li>\n<\/ul>\n<h4 class=\"MuiTypography-root MuiTypography-h4 css-clnrnq\">Patrimonio cultural<\/h4>\n<ul>\n<li><strong>Lugares hist\u00f3ricos:<\/strong> La Catedral de Fort-de-France, la Biblioteca Schoelcher y el Museo de la Pagerie, que fue el lugar de nacimiento de Josefina de Beauharnais, esposa de Napole\u00f3n.<\/li>\n<li><strong>Festivales y Eventos:<\/strong> Los festivales y actos culturales de la isla muestran su rica identidad cultural.<\/li>\n<\/ul>\n<\/li>\n<\/ul>\n\t\t\t\t\t\t\t\t<\/div>\n\t\t\t\t<\/div>\n\t\t\t\t<div class=\"elementor-element elementor-element-870e653 elementor-widget elementor-widget-spacer\" data-id=\"870e653\" data-element_type=\"widget\" data-widget_type=\"spacer.default\">\n\t\t\t\t<div class=\"elementor-widget-container\">\n\t\t\t\t\t\t\t<div class=\"elementor-spacer\">\n\t\t\t<div class=\"elementor-spacer-inner\"><\/div>\n\t\t<\/div>\n\t\t\t\t\t\t<\/div>\n\t\t\t\t<\/div>\n\t\t\t\t\t<\/div>\n\t\t<\/div>\n\t\t\t\t\t<\/div>\n\t\t<\/section>\n\t\t\t\t<section class=\"elementor-section elementor-top-section elementor-element elementor-element-84cc197 elementor-section-boxed elementor-section-height-default elementor-section-height-default\" data-id=\"84cc197\" data-element_type=\"section\">\n\t\t\t\t\t\t<div class=\"elementor-container elementor-column-gap-default\">\n\t\t\t\t\t<div class=\"elementor-column elementor-col-100 elementor-top-column elementor-element elementor-element-0d92ae6\" data-id=\"0d92ae6\" data-element_type=\"column\">\n\t\t\t<div class=\"elementor-widget-wrap elementor-element-populated\">\n\t\t\t\t\t\t<div class=\"elementor-element elementor-element-ce19828 elementor-widget-divider--view-line elementor-widget elementor-widget-divider\" data-id=\"ce19828\" data-element_type=\"widget\" data-widget_type=\"divider.default\">\n\t\t\t\t<div class=\"elementor-widget-container\">\n\t\t\t\t\t\t\t<div class=\"elementor-divider\">\n\t\t\t<span class=\"elementor-divider-separator\">\n\t\t\t\t\t\t<\/span>\n\t\t<\/div>\n\t\t\t\t\t\t<\/div>\n\t\t\t\t<\/div>\n\t\t\t\t<section class=\"elementor-section elementor-inner-section elementor-element elementor-element-06bb975 elementor-section-boxed elementor-section-height-default elementor-section-height-default\" data-id=\"06bb975\" data-element_type=\"section\">\n\t\t\t\t\t\t<div class=\"elementor-container elementor-column-gap-default\">\n\t\t\t\t\t<div class=\"elementor-column elementor-col-100 elementor-inner-column elementor-element elementor-element-cb74043\" data-id=\"cb74043\" data-element_type=\"column\">\n\t\t\t<div class=\"elementor-widget-wrap elementor-element-populated\">\n\t\t\t\t\t\t<div class=\"elementor-element elementor-element-934e86f elementor-widget elementor-widget-text-editor\" data-id=\"934e86f\" data-element_type=\"widget\" data-widget_type=\"text-editor.default\">\n\t\t\t\t<div class=\"elementor-widget-container\">\n\t\t\t\t\t\t\t\t\t<h2>\n            <b>Lugares que visitar en Martinica<\/b><br \/>\n          <\/h2>\n\t\t\t\t\t\t\t\t<\/div>\n\t\t\t\t<\/div>\n\t\t\t\t\t<\/div>\n\t\t<\/div>\n\t\t\t\t\t<\/div>\n\t\t<\/section>\n\t\t\t\t<div class=\"elementor-element elementor-element-49ecfea premium-adv-carousel__infinite premium-adv-carousel__horizontal elementor-widget elementor-widget-premium-media-wheel\" data-id=\"49ecfea\" data-element_type=\"widget\" data-widget_type=\"premium-media-wheel.default\">\n\t\t\t\t<div class=\"elementor-widget-container\">\n\t\t\t\t\t\t\t<div class=\"premium-adv-carousel-no-lightbox premium-adv-carousel__container\" data-settings=\"{&quot;type&quot;:&quot;infinite&quot;,&quot;scroll&quot;:false,&quot;speed&quot;:50,&quot;pauseOnHover&quot;:true,&quot;dir&quot;:&quot;horizontal&quot;,&quot;reverse&quot;:&quot;normal&quot;,&quot;renderEvent&quot;:&quot;scroll&quot;}\">\n\n\t\t\t<div style=\"visibility:hidden;\" class=\"premium-adv-carousel__inner-container\">\n\n\t\t\t\t<div class=\"premium-adv-carousel__items\">\n\n\t\t\t\t\t\t\t\t<div class=\"premium-adv-carousel__item-outer-wrapper\">\n\t\t\t\t<div class=\"elementor-repeater-item-eeec7f8 premium-adv-carousel__item premium-adv-carousel__item-image\">\n\t\t\t\t\t<div class=\"premium-adv-carousel__media-wrap\">\n\t\t\t\t\t\t\t\t\t\t\t\t\t\t<img decoding=\"async\" src=\"https:\/\/richeskarayib.com\/wp-content\/uploads\/2025\/01\/Fort-de-France-Market.jpg\" alt=\"Martinique\" class=\"premium-adv-carousel__item-img premium-hover-effects__zoomin\">\n\t\t\t\t\t\t\t\t\t\t\t\t<\/div>\n\n\t\t\t\t\t\n\t\t\t\t\t\t\t\t\t\t\t<div class=\"premium-adv-carousel__media-info-wrap\">\n\t\t\t\t\t\t\t\t\t\t\t\t\t\t\t\t<span class=\"premium-adv-carousel__media-title\">Mercado de Fort de France<\/span>\n\t\t\t\t\t\t\t\t\t\t\t\t\t\t<\/div>\n\t\t\t\t\t\t\t\t\t\t<\/div>\n\t\t\t<\/div>\n\t\t\t\t\t\t<div class=\"premium-adv-carousel__item-outer-wrapper\">\n\t\t\t\t<div class=\"elementor-repeater-item-41f328b premium-adv-carousel__item premium-adv-carousel__item-image\">\n\t\t\t\t\t<div class=\"premium-adv-carousel__media-wrap\">\n\t\t\t\t\t\t\t\t\t\t\t\t\t\t<img decoding=\"async\" src=\"https:\/\/richeskarayib.com\/wp-content\/uploads\/2025\/01\/Gorges-de-la-Falaise-.jpg\" alt=\"Martinique\" class=\"premium-adv-carousel__item-img premium-hover-effects__zoomin\">\n\t\t\t\t\t\t\t\t\t\t\t\t<\/div>\n\n\t\t\t\t\t\n\t\t\t\t\t\t\t\t\t\t\t<div class=\"premium-adv-carousel__media-info-wrap\">\n\t\t\t\t\t\t\t\t\t\t\t\t\t\t\t\t<span class=\"premium-adv-carousel__media-title\">Gargantas de la Falaise<\/span>\n\t\t\t\t\t\t\t\t\t\t\t\t\t\t<\/div>\n\t\t\t\t\t\t\t\t\t\t<\/div>\n\t\t\t<\/div>\n\t\t\t\t\t\t<div class=\"premium-adv-carousel__item-outer-wrapper\">\n\t\t\t\t<div class=\"elementor-repeater-item-ad65621 premium-adv-carousel__item premium-adv-carousel__item-image\">\n\t\t\t\t\t<div class=\"premium-adv-carousel__media-wrap\">\n\t\t\t\t\t\t\t\t\t\t\t\t\t\t<img decoding=\"async\" src=\"https:\/\/richeskarayib.com\/wp-content\/uploads\/2025\/01\/Jardin-de-Balata-.jpg\" alt=\"Martinique\" class=\"premium-adv-carousel__item-img premium-hover-effects__zoomin\">\n\t\t\t\t\t\t\t\t\t\t\t\t<\/div>\n\n\t\t\t\t\t\n\t\t\t\t\t\t\t\t\t\t\t<div class=\"premium-adv-carousel__media-info-wrap\">\n\t\t\t\t\t\t\t\t\t\t\t\t\t\t\t\t<span class=\"premium-adv-carousel__media-title\">Jard\u00edn de Balata<\/span>\n\t\t\t\t\t\t\t\t\t\t\t\t\t\t<\/div>\n\t\t\t\t\t\t\t\t\t\t<\/div>\n\t\t\t<\/div>\n\t\t\t\t\t\t<div class=\"premium-adv-carousel__item-outer-wrapper\">\n\t\t\t\t<div class=\"elementor-repeater-item-5be7af6 premium-adv-carousel__item premium-adv-carousel__item-image\">\n\t\t\t\t\t<div class=\"premium-adv-carousel__media-wrap\">\n\t\t\t\t\t\t\t\t\t\t\t\t\t\t<img decoding=\"async\" src=\"https:\/\/richeskarayib.com\/wp-content\/uploads\/2025\/01\/La-montagne-pelee.jpg\" alt=\"Martinique\" class=\"premium-adv-carousel__item-img premium-hover-effects__zoomin\">\n\t\t\t\t\t\t\t\t\t\t\t\t<\/div>\n\n\t\t\t\t\t\n\t\t\t\t\t\t\t\t\t\t\t<div class=\"premium-adv-carousel__media-info-wrap\">\n\t\t\t\t\t\t\t\t\t\t\t\t\t\t\t\t<span class=\"premium-adv-carousel__media-title\">La montagne pelee<\/span>\n\t\t\t\t\t\t\t\t\t\t\t\t\t\t<\/div>\n\t\t\t\t\t\t\t\t\t\t<\/div>\n\t\t\t<\/div>\n\t\t\t\t\t\t<div class=\"premium-adv-carousel__item-outer-wrapper\">\n\t\t\t\t<div class=\"elementor-repeater-item-74706d0 premium-adv-carousel__item premium-adv-carousel__item-image\">\n\t\t\t\t\t<div class=\"premium-adv-carousel__media-wrap\">\n\t\t\t\t\t\t\t\t\t\t\t\t\t\t<img decoding=\"async\" src=\"https:\/\/richeskarayib.com\/wp-content\/uploads\/2025\/01\/Les-Salines-Beach.jpg\" alt=\"Martinique\" class=\"premium-adv-carousel__item-img premium-hover-effects__zoomin\">\n\t\t\t\t\t\t\t\t\t\t\t\t<\/div>\n\n\t\t\t\t\t\n\t\t\t\t\t\t\t\t\t\t\t<div class=\"premium-adv-carousel__media-info-wrap\">\n\t\t\t\t\t\t\t\t\t\t\t\t\t\t\t\t<span class=\"premium-adv-carousel__media-title\">Playa de Les Salines<\/span>\n\t\t\t\t\t\t\t\t\t\t\t\t\t\t<\/div>\n\t\t\t\t\t\t\t\t\t\t<\/div>\n\t\t\t<\/div>\n\t\t\t\t\t\t\t<\/div>\n\t\t\t<\/div>\n\t\t<\/div>\n\t\t\t\t\t\t<\/div>\n\t\t\t\t<\/div>\n\t\t\t\t\t<\/div>\n\t\t<\/div>\n\t\t\t\t\t<\/div>\n\t\t<\/section>\n\t\t\t\t<section class=\"elementor-section elementor-top-section elementor-element elementor-element-0a00733 elementor-section-boxed elementor-section-height-default elementor-section-height-default\" data-id=\"0a00733\" data-element_type=\"section\" data-settings=\"{&quot;background_background&quot;:&quot;classic&quot;}\">\n\t\t\t\t\t\t<div class=\"elementor-container elementor-column-gap-default\">\n\t\t\t\t\t<div class=\"elementor-column elementor-col-100 elementor-top-column elementor-element elementor-element-274f4e1\" data-id=\"274f4e1\" data-element_type=\"column\">\n\t\t\t<div class=\"elementor-widget-wrap elementor-element-populated\">\n\t\t\t\t\t\t<div class=\"elementor-element elementor-element-f9ef8fa elementor-widget-divider--view-line elementor-widget elementor-widget-divider\" data-id=\"f9ef8fa\" data-element_type=\"widget\" data-widget_type=\"divider.default\">\n\t\t\t\t<div class=\"elementor-widget-container\">\n\t\t\t\t\t\t\t<div class=\"elementor-divider\">\n\t\t\t<span class=\"elementor-divider-separator\">\n\t\t\t\t\t\t<\/span>\n\t\t<\/div>\n\t\t\t\t\t\t<\/div>\n\t\t\t\t<\/div>\n\t\t\t\t<section class=\"elementor-section elementor-inner-section elementor-element elementor-element-76be795 elementor-section-boxed elementor-section-height-default elementor-section-height-default\" data-id=\"76be795\" data-element_type=\"section\">\n\t\t\t\t\t\t<div class=\"elementor-container elementor-column-gap-default\">\n\t\t\t\t\t<div class=\"elementor-column elementor-col-100 elementor-inner-column elementor-element elementor-element-e81b9ec\" data-id=\"e81b9ec\" data-element_type=\"column\">\n\t\t\t<div class=\"elementor-widget-wrap elementor-element-populated\">\n\t\t\t\t\t\t<div class=\"elementor-element elementor-element-c33a9eb elementor-widget elementor-widget-text-editor\" data-id=\"c33a9eb\" data-element_type=\"widget\" data-widget_type=\"text-editor.default\">\n\t\t\t\t<div class=\"elementor-widget-container\">\n\t\t\t\t\t\t\t\t\t<h2>\n            <strong>Eventos<\/strong><br \/>\n          <\/h2>\n\t\t\t\t\t\t\t\t<\/div>\n\t\t\t\t<\/div>\n\t\t\t\t<div class=\"elementor-element elementor-element-be0ba21 elementor-widget elementor-widget-text-editor\" data-id=\"be0ba21\" data-element_type=\"widget\" data-widget_type=\"text-editor.default\">\n\t\t\t\t<div class=\"elementor-widget-container\">\n\t\t\t\t\t\t\t\t\t<p>La cultura de <a href=\"http:\/\/www.accueil-martinique.fr\/FR\/page-les-offices-de-tourisme-de-martinique-vous-accueillent-_704778.html\" target=\"_blank\" rel=\"noopener nofollow\">Martinica<\/a> se muestra a trav\u00e9s de diversos festivales y acontecimientos:<\/p>\n<ul>\n<li aria-level=\"1\"><b>Carnaval (febrero)<\/b>: Una colorida celebraci\u00f3n con desfiles y m\u00fasica.<\/li>\n<li aria-level=\"1\"><b>Fiesta de la M\u00fasica (junio)<\/b>: Un acontecimiento que pone de relieve los talentos musicales locales.<\/li>\n<li aria-level=\"1\"><b>Festival Gastron\u00f3mico (septiembre)<\/b>: Un homenaje a la cocina martiniquesa con degustaciones y talleres.<\/li>\n<li aria-level=\"1\"><b>D\u00eda de Todos los Santos (noviembre)<\/b>: Se celebra con actos culturales y religiosos.<\/li>\n<\/ul>\t\t\t\t\t\t\t\t<\/div>\n\t\t\t\t<\/div>\n\t\t\t\t\t<\/div>\n\t\t<\/div>\n\t\t\t\t\t<\/div>\n\t\t<\/section>\n\t\t\t\t<div class=\"elementor-element elementor-element-3c7460d elementor-widget elementor-widget-spacer\" data-id=\"3c7460d\" data-element_type=\"widget\" data-widget_type=\"spacer.default\">\n\t\t\t\t<div class=\"elementor-widget-container\">\n\t\t\t\t\t\t\t<div class=\"elementor-spacer\">\n\t\t\t<div class=\"elementor-spacer-inner\"><\/div>\n\t\t<\/div>\n\t\t\t\t\t\t<\/div>\n\t\t\t\t<\/div>\n\t\t\t\t\t<\/div>\n\t\t<\/div>\n\t\t\t\t\t<\/div>\n\t\t<\/section>\n\t\t\t\t<section class=\"elementor-section elementor-top-section elementor-element elementor-element-8f761a6 elementor-section-boxed elementor-section-height-default elementor-section-height-default\" data-id=\"8f761a6\" data-element_type=\"section\">\n\t\t\t\t\t\t<div class=\"elementor-container elementor-column-gap-default\">\n\t\t\t\t\t<div class=\"elementor-column elementor-col-100 elementor-top-column elementor-element elementor-element-bb05dde\" data-id=\"bb05dde\" data-element_type=\"column\">\n\t\t\t<div class=\"elementor-widget-wrap elementor-element-populated\">\n\t\t\t\t\t\t<div class=\"elementor-element elementor-element-77e4348 elementor-widget-divider--view-line elementor-widget elementor-widget-divider\" data-id=\"77e4348\" data-element_type=\"widget\" data-widget_type=\"divider.default\">\n\t\t\t\t<div class=\"elementor-widget-container\">\n\t\t\t\t\t\t\t<div class=\"elementor-divider\">\n\t\t\t<span class=\"elementor-divider-separator\">\n\t\t\t\t\t\t<\/span>\n\t\t<\/div>\n\t\t\t\t\t\t<\/div>\n\t\t\t\t<\/div>\n\t\t\t\t<div class=\"elementor-element elementor-element-c1a41c1 elementor-widget elementor-widget-heading\" data-id=\"c1a41c1\" data-element_type=\"widget\" data-widget_type=\"heading.default\">\n\t\t\t\t<div class=\"elementor-widget-container\">\n\t\t\t\t\t<h2 class=\"elementor-heading-title elementor-size-default\">Directorio<\/h2>\t\t\t\t<\/div>\n\t\t\t\t<\/div>\n\t\t\t\t<div class=\"elementor-element elementor-element-09f3297 elementor-widget elementor-widget-text-editor\" data-id=\"09f3297\" data-element_type=\"widget\" data-widget_type=\"text-editor.default\">\n\t\t\t\t<div class=\"elementor-widget-container\">\n\t\t\t\t\t\t\t\t\t<h2>\n            <strong><br \/>\n              <b>Espacios culturales y art\u00edsticos<\/b><br \/>\n            <\/strong><br \/>\n          <\/h2>\n\t\t\t\t\t\t\t\t<\/div>\n\t\t\t\t<\/div>\n\t\t\t\t<section class=\"elementor-section elementor-inner-section elementor-element elementor-element-b10345f elementor-section-boxed elementor-section-height-default elementor-section-height-default\" data-id=\"b10345f\" data-element_type=\"section\">\n\t\t\t\t\t\t<div class=\"elementor-container elementor-column-gap-default\">\n\t\t\t\t\t<div class=\"elementor-column elementor-col-100 elementor-inner-column elementor-element elementor-element-1865474\" data-id=\"1865474\" data-element_type=\"column\">\n\t\t\t<div class=\"elementor-widget-wrap elementor-element-populated\">\n\t\t\t\t\t\t<div class=\"elementor-element elementor-element-0523651 elementor-widget elementor-widget-text-editor\" data-id=\"0523651\" data-element_type=\"widget\" data-widget_type=\"text-editor.default\">\n\t\t\t\t<div class=\"elementor-widget-container\">\n\t\t\t\t\t\t\t\t\t\n          <ul>\n<li aria-level=\"1\"><b>Biblioteca Sch\u0153lcher<\/b>: Un edificio hist\u00f3rico con una rica colecci\u00f3n literaria.<\/li>\n<li aria-level=\"1\"><b>Centro de Arte de Fort-de-France<\/b>: Un espacio dedicado al arte contempor\u00e1neo y a la promoci\u00f3n de los artistas locales.<\/li>\n<li aria-level=\"1\"><b>Espacio Camille Darsi\u00e8res<\/b>: Un lugar de encuentro para actos culturales y art\u00edsticos.<\/li>\n<\/ul>\n        \t\t\t\t\t\t\t\t<\/div>\n\t\t\t\t<\/div>\n\t\t\t\t\t<\/div>\n\t\t<\/div>\n\t\t\t\t\t<\/div>\n\t\t<\/section>\n\t\t\t\t<div class=\"elementor-element elementor-element-a045be4 elementor-widget elementor-widget-text-editor\" data-id=\"a045be4\" data-element_type=\"widget\" data-widget_type=\"text-editor.default\">\n\t\t\t\t<div class=\"elementor-widget-container\">\n\t\t\t\t\t\t\t\t\t<h2>\n            <strong>Museos y patrimonio<\/strong><br \/>\n          <\/h2>\n\t\t\t\t\t\t\t\t<\/div>\n\t\t\t\t<\/div>\n\t\t\t\t<section class=\"elementor-section elementor-inner-section elementor-element elementor-element-93d48d5 elementor-section-boxed elementor-section-height-default elementor-section-height-default\" data-id=\"93d48d5\" data-element_type=\"section\">\n\t\t\t\t\t\t<div class=\"elementor-container elementor-column-gap-default\">\n\t\t\t\t\t<div class=\"elementor-column elementor-col-100 elementor-inner-column elementor-element elementor-element-12ed050\" data-id=\"12ed050\" data-element_type=\"column\">\n\t\t\t<div class=\"elementor-widget-wrap elementor-element-populated\">\n\t\t\t\t\t\t<div class=\"elementor-element elementor-element-bb5d324 elementor-widget elementor-widget-text-editor\" data-id=\"bb5d324\" data-element_type=\"widget\" data-widget_type=\"text-editor.default\">\n\t\t\t\t<div class=\"elementor-widget-container\">\n\t\t\t\t\t\t\t\t\t<ul>\n<li aria-level=\"1\"><b>Museo de la Pagerie<\/b>: La casa natal de Jos\u00e9phine de Beauharnais, que pone de relieve la historia colonial.<\/li>\n<li aria-level=\"1\"><b>La Aldea de los Esclavos<\/b>: Un lugar conmemorativo que evoca la historia de la esclavitud en Martinica.<\/li>\n<li aria-level=\"1\"><b>Museo del Az\u00facar<\/b>: Un espacio dedicado a la historia del cultivo de la ca\u00f1a de az\u00facar.<\/li>\n<\/ul>\n<p>Martinica, con su combinaci\u00f3n \u00fanica de belleza natural, rica cultura y c\u00e1lida hospitalidad, destaca como destino esencial en el Caribe, invitando a los visitantes a saborear sus paisajes, su cocina y su patrimonio.<\/p>\t\t\t\t\t\t\t\t<\/div>\n\t\t\t\t<\/div>\n\t\t\t\t\t<\/div>\n\t\t<\/div>\n\t\t\t\t\t<\/div>\n\t\t<\/section>\n\t\t\t\t\t<\/div>\n\t\t<\/div>\n\t\t\t\t\t<\/div>\n\t\t<\/section>\n\t\t\t\t<\/div>\n\t\t","protected":false},"excerpt":{"rendered":"<p>Martinica Un para\u00edso caribe\u00f1o de maravillas culturales y naturales Situada en el coraz\u00f3n del mar Caribe, Martinica es una isla francesa que combina la belleza natural con la riqueza cultural. La capital, Fort-de-France, es una bulliciosa ciudad portuaria que sirve de centro econ\u00f3mico y cultural de la isla. Con sus exuberantes monta\u00f1as, playas de arena [&hellip;]<\/p>\n","protected":false},"author":400,"featured_media":43267,"comment_status":"open","ping_status":"open","sticky":false,"template":"","format":"standard","meta":{"_acf_changed":false,"footnotes":""},"categories":[1383,832],"tags":[],"class_list":["post-43708","post","type-post","status-publish","format-standard","has-post-thumbnail","hentry","category-martinique-es","category-paises"],"acf":[],"_links":{"self":[{"href":"https:\/\/richeskarayib.com\/es\/wp-json\/wp\/v2\/posts\/43708","targetHints":{"allow":["GET"]}}],"collection":[{"href":"https:\/\/richeskarayib.com\/es\/wp-json\/wp\/v2\/posts"}],"about":[{"href":"https:\/\/richeskarayib.com\/es\/wp-json\/wp\/v2\/types\/post"}],"author":[{"embeddable":true,"href":"https:\/\/richeskarayib.com\/es\/wp-json\/wp\/v2\/users\/400"}],"replies":[{"embeddable":true,"href":"https:\/\/richeskarayib.com\/es\/wp-json\/wp\/v2\/comments?post=43708"}],"version-history":[{"count":0,"href":"https:\/\/richeskarayib.com\/es\/wp-json\/wp\/v2\/posts\/43708\/revisions"}],"wp:featuredmedia":[{"embeddable":true,"href":"https:\/\/richeskarayib.com\/es\/wp-json\/wp\/v2\/media\/43267"}],"wp:attachment":[{"href":"https:\/\/richeskarayib.com\/es\/wp-json\/wp\/v2\/media?parent=43708"}],"wp:term":[{"taxonomy":"category","embeddable":true,"href":"https:\/\/richeskarayib.com\/es\/wp-json\/wp\/v2\/categories?post=43708"},{"taxonomy":"post_tag","embeddable":true,"href":"https:\/\/richeskarayib.com\/es\/wp-json\/wp\/v2\/tags?post=43708"}],"curies":[{"name":"wp","href":"https:\/\/api.w.org\/{rel}","templated":true}]}}