{"id":43905,"date":"2025-01-17T09:09:42","date_gmt":"2025-01-17T13:09:42","guid":{"rendered":"https:\/\/richeskarayib.com\/johes-santana-como-numb-revoluciono-la-soca\/"},"modified":"2025-01-29T03:09:26","modified_gmt":"2025-01-29T07:09:26","slug":"johes-santana-como-numb-revoluciono-la-soca","status":"publish","type":"post","link":"https:\/\/richeskarayib.com\/es\/johes-santana-como-numb-revoluciono-la-soca\/","title":{"rendered":"Johes Santana: c\u00f3mo &#8220;Numb&#8221; revolucion\u00f3 la Soca"},"content":{"rendered":"\t\t<div data-elementor-type=\"wp-post\" data-elementor-id=\"43905\" class=\"elementor elementor-43905 elementor-43895\" data-elementor-post-type=\"post\">\n\t\t\t\t\t\t<section class=\"elementor-section elementor-top-section elementor-element elementor-element-b0ccd15 elementor-section-boxed elementor-section-height-default elementor-section-height-default\" data-id=\"b0ccd15\" data-element_type=\"section\">\n\t\t\t\t\t\t<div class=\"elementor-container elementor-column-gap-default\">\n\t\t\t\t\t<div class=\"elementor-column elementor-col-100 elementor-top-column elementor-element elementor-element-99dbec5\" data-id=\"99dbec5\" data-element_type=\"column\">\n\t\t\t<div class=\"elementor-widget-wrap elementor-element-populated\">\n\t\t\t\t\t\t<section class=\"elementor-section elementor-inner-section elementor-element elementor-element-23cdfd9 elementor-section-boxed elementor-section-height-default elementor-section-height-default\" data-id=\"23cdfd9\" data-element_type=\"section\">\n\t\t\t\t\t\t<div class=\"elementor-container elementor-column-gap-default\">\n\t\t\t\t\t<div class=\"elementor-column elementor-col-100 elementor-inner-column elementor-element elementor-element-50d8ace\" data-id=\"50d8ace\" data-element_type=\"column\">\n\t\t\t<div class=\"elementor-widget-wrap elementor-element-populated\">\n\t\t\t\t\t\t<div class=\"elementor-element elementor-element-4df4d99 elementor-widget elementor-widget-text-editor\" data-id=\"4df4d99\" data-element_type=\"widget\" data-widget_type=\"text-editor.default\">\n\t\t\t\t<div class=\"elementor-widget-container\">\n\t\t\t\t\t\t\t\t\t\n          <p><span style=\"font-weight: 400;\">En la v\u00edspera de su 28 cumplea\u00f1os, Josiah Santana, m\u00e1s conocido por su nombre art\u00edstico <\/span><b>Johes Santana<\/b><span style=\"font-weight: 400;\">ha irrumpido recientemente en la escena musical de Trinidad y Tobago con su primer sencillo de Soca, titulado <\/span><b>Numb<\/b><span style=\"font-weight: 400;\">. Cette chanson n\u2019est pas seulement une contribution \u00e0 la saison du Carnaval 2025, mais \u00e9galement un message personnel et profond sur l\u2019importance de la sant\u00e9 mentale et de la recharge. <\/span><\/p>\n          \n\n          <p><span style=\"font-weight: 400;\">Nacido en Tabaquite, ahora vive en San Juan, Trinidad, <\/span><b>Johes Santana<\/b><span style=\"font-weight: 400;\"> creci\u00f3 en una familia en la que la m\u00fasica era parte integrante de la vida cotidiana. &#8220;Nac\u00ed en una familia musical. Vivimos para la m\u00fasica. Para m\u00ed, la familia y los seres queridos son lo primero. Hago todo lo que puedo para estar ah\u00ed para los que quiero, y su apoyo ha sido incre\u00edble a lo largo del camino&#8221;, dijo. <\/span><\/p>\n        \t\t\t\t\t\t\t\t<\/div>\n\t\t\t\t<\/div>\n\t\t\t\t\t<\/div>\n\t\t<\/div>\n\t\t\t\t\t<\/div>\n\t\t<\/section>\n\t\t\t\t\t<\/div>\n\t\t<\/div>\n\t\t\t\t\t<\/div>\n\t\t<\/section>\n\t\t\t\t<section class=\"elementor-section elementor-top-section elementor-element elementor-element-1389640 elementor-section-boxed elementor-section-height-default elementor-section-height-default\" data-id=\"1389640\" data-element_type=\"section\">\n\t\t\t\t\t\t<div class=\"elementor-container elementor-column-gap-default\">\n\t\t\t\t\t<div class=\"elementor-column elementor-col-100 elementor-top-column elementor-element elementor-element-62f5301\" data-id=\"62f5301\" data-element_type=\"column\">\n\t\t\t<div class=\"elementor-widget-wrap elementor-element-populated\">\n\t\t\t\t\t\t<div class=\"elementor-element elementor-element-07fed6e elementor-widget elementor-widget-heading\" data-id=\"07fed6e\" data-element_type=\"widget\" data-widget_type=\"heading.default\">\n\t\t\t\t<div class=\"elementor-widget-container\">\n\t\t\t\t\t<h2 class=\"elementor-heading-title elementor-size-default\">El camino hacia \"Numb<\/h2>\t\t\t\t<\/div>\n\t\t\t\t<\/div>\n\t\t\t\t<div class=\"elementor-element elementor-element-5a71e13 elementor-widget elementor-widget-text-editor\" data-id=\"5a71e13\" data-element_type=\"widget\" data-widget_type=\"text-editor.default\">\n\t\t\t\t<div class=\"elementor-widget-container\">\n\t\t\t\t\t\t\t\t\t<p>\n            <b>Johes Santana <\/b><br \/>\n            <span style=\"font-weight: 400;\">no es un reci\u00e9n llegado al mundo de la m\u00fasica y la interpretaci\u00f3n. Compiti\u00f3 en varios concursos escolares, incluido el San Fest, durante sus a\u00f1os de instituto, y estudi\u00f3 educaci\u00f3n y danza en el Departamento de Estudios Creativos y Festivos de la Universidad de las Indias Occidentales (UWI). &#8220;Estudi\u00e9 educaci\u00f3n y danza, lo que me proporcion\u00f3 una clara comprensi\u00f3n de la educaci\u00f3n que hay detr\u00e1s del movimiento, en particular de la danza&#8221;, explic\u00f3.  <\/span>\n          <\/p>\n\t\t\t\t\t\t\t\t<\/div>\n\t\t\t\t<\/div>\n\t\t\t\t<section class=\"elementor-section elementor-inner-section elementor-element elementor-element-a0b8271 elementor-section-boxed elementor-section-height-default elementor-section-height-default\" data-id=\"a0b8271\" data-element_type=\"section\">\n\t\t\t\t\t\t<div class=\"elementor-container elementor-column-gap-default\">\n\t\t\t\t\t<div class=\"elementor-column elementor-col-100 elementor-inner-column elementor-element elementor-element-3a080f1\" data-id=\"3a080f1\" data-element_type=\"column\">\n\t\t\t<div class=\"elementor-widget-wrap elementor-element-populated\">\n\t\t\t\t\t\t<div class=\"elementor-element elementor-element-5276bc2 elementor-widget elementor-widget-image\" data-id=\"5276bc2\" data-element_type=\"widget\" data-widget_type=\"image.default\">\n\t\t\t\t<div class=\"elementor-widget-container\">\n\t\t\t\t\t\t\t\t\t\t\t\t<figure class=\"wp-caption\">\n\t\t\t\t\t\t\t\t\t\t<img fetchpriority=\"high\" decoding=\"async\" width=\"800\" height=\"400\" src=\"https:\/\/richeskarayib.com\/wp-content\/uploads\/2025\/01\/Johes-Image1-OMG-1280x640-1-1024x512.jpg\" class=\"attachment-large size-large wp-image-43903\" alt=\"Johes Santana\" srcset=\"https:\/\/richeskarayib.com\/wp-content\/uploads\/2025\/01\/Johes-Image1-OMG-1280x640-1-1024x512.jpg 1024w, https:\/\/richeskarayib.com\/wp-content\/uploads\/2025\/01\/Johes-Image1-OMG-1280x640-1-300x150.jpg 300w, https:\/\/richeskarayib.com\/wp-content\/uploads\/2025\/01\/Johes-Image1-OMG-1280x640-1-768x384.jpg 768w, https:\/\/richeskarayib.com\/wp-content\/uploads\/2025\/01\/Johes-Image1-OMG-1280x640-1.jpg 1280w\" sizes=\"(max-width: 800px) 100vw, 800px\" \/>\t\t\t\t\t\t\t\t\t\t\t<figcaption class=\"widget-image-caption wp-caption-text\">Johes Santana.\n\nSource : OmgEntertainment<\/figcaption>\n\t\t\t\t\t\t\t\t\t\t<\/figure>\n\t\t\t\t\t\t\t\t\t<\/div>\n\t\t\t\t<\/div>\n\t\t\t\t\t<\/div>\n\t\t<\/div>\n\t\t\t\t\t<\/div>\n\t\t<\/section>\n\t\t\t\t\t<\/div>\n\t\t<\/div>\n\t\t\t\t\t<\/div>\n\t\t<\/section>\n\t\t\t\t<section class=\"elementor-section elementor-top-section elementor-element elementor-element-a7a4b32 elementor-section-boxed elementor-section-height-default elementor-section-height-default\" data-id=\"a7a4b32\" data-element_type=\"section\">\n\t\t\t\t\t\t<div class=\"elementor-container elementor-column-gap-default\">\n\t\t\t\t\t<div class=\"elementor-column elementor-col-100 elementor-top-column elementor-element elementor-element-f79b573\" data-id=\"f79b573\" data-element_type=\"column\">\n\t\t\t<div class=\"elementor-widget-wrap elementor-element-populated\">\n\t\t\t\t\t\t<div class=\"elementor-element elementor-element-c00f5b2 elementor-widget elementor-widget-heading\" data-id=\"c00f5b2\" data-element_type=\"widget\" data-widget_type=\"heading.default\">\n\t\t\t\t<div class=\"elementor-widget-container\">\n\t\t\t\t\t<h2 class=\"elementor-heading-title elementor-size-default\">Una mezcla de Calypso y Soca<\/h2>\t\t\t\t<\/div>\n\t\t\t\t<\/div>\n\t\t\t\t<section class=\"elementor-section elementor-inner-section elementor-element elementor-element-a24e32c elementor-section-boxed elementor-section-height-default elementor-section-height-default\" data-id=\"a24e32c\" data-element_type=\"section\">\n\t\t\t\t\t\t<div class=\"elementor-container elementor-column-gap-default\">\n\t\t\t\t\t<div class=\"elementor-column elementor-col-100 elementor-inner-column elementor-element elementor-element-31f95b2\" data-id=\"31f95b2\" data-element_type=\"column\">\n\t\t\t<div class=\"elementor-widget-wrap elementor-element-populated\">\n\t\t\t\t\t\t<div class=\"elementor-element elementor-element-0e46832 elementor-widget elementor-widget-text-editor\" data-id=\"0e46832\" data-element_type=\"widget\" data-widget_type=\"text-editor.default\">\n\t\t\t\t<div class=\"elementor-widget-container\">\n\t\t\t\t\t\t\t\t\t<p>\n            <span style=\"font-weight: 400;\">Inspirado por leyendas como Ras Shorty I, Machel Montano, Mical Teja y Kees, Johes Santana combina el coraz\u00f3n del Calypso con la energ\u00eda de la Soca. Numb&#8221; es un sencillo groovy y de ritmo r\u00e1pido, pero mi m\u00fasica es en general un h\u00edbrido de los g\u00e9neros Calypso y <a href=\"https:\/\/richeskarayib.com\/es\/soka-en-moka-25-anos-de-excelencia-en-el-carnaval-de-trinidad-y-tobago\/\" target=\"_blank\" rel=\"noopener\">Soca<\/a>&#8220;, afirma. La canci\u00f3n fue producida por Stephon Gabriel, cuya paciencia y consejos fueron esenciales para el joven artista en su primera grabaci\u00f3n de estudio.  <\/span>\n          <\/p>\n\t\t\t\t\t\t\t\t<\/div>\n\t\t\t\t<\/div>\n\t\t\t\t\t<\/div>\n\t\t<\/div>\n\t\t\t\t\t<\/div>\n\t\t<\/section>\n\t\t\t\t\t<\/div>\n\t\t<\/div>\n\t\t\t\t\t<\/div>\n\t\t<\/section>\n\t\t\t\t<section class=\"elementor-section elementor-top-section elementor-element elementor-element-a95c33f elementor-section-boxed elementor-section-height-default elementor-section-height-default\" data-id=\"a95c33f\" data-element_type=\"section\">\n\t\t\t\t\t\t<div class=\"elementor-container elementor-column-gap-default\">\n\t\t\t\t\t<div class=\"elementor-column elementor-col-100 elementor-top-column elementor-element elementor-element-d2ff6a2\" data-id=\"d2ff6a2\" data-element_type=\"column\">\n\t\t\t<div class=\"elementor-widget-wrap elementor-element-populated\">\n\t\t\t\t\t\t<div class=\"elementor-element elementor-element-8de7f5e elementor-widget elementor-widget-heading\" data-id=\"8de7f5e\" data-element_type=\"widget\" data-widget_type=\"heading.default\">\n\t\t\t\t<div class=\"elementor-widget-container\">\n\t\t\t\t\t<h2 class=\"elementor-heading-title elementor-size-default\">El mensaje de \"Numb<\/h2>\t\t\t\t<\/div>\n\t\t\t\t<\/div>\n\t\t\t\t<section class=\"elementor-section elementor-inner-section elementor-element elementor-element-72ef417 elementor-section-boxed elementor-section-height-default elementor-section-height-default\" data-id=\"72ef417\" data-element_type=\"section\">\n\t\t\t\t\t\t<div class=\"elementor-container elementor-column-gap-default\">\n\t\t\t\t\t<div class=\"elementor-column elementor-col-100 elementor-inner-column elementor-element elementor-element-4320b47\" data-id=\"4320b47\" data-element_type=\"column\">\n\t\t\t<div class=\"elementor-widget-wrap elementor-element-populated\">\n\t\t\t\t\t\t<div class=\"elementor-element elementor-element-a37caff elementor-widget elementor-widget-text-editor\" data-id=\"a37caff\" data-element_type=\"widget\" data-widget_type=\"text-editor.default\">\n\t\t\t\t<div class=\"elementor-widget-container\">\n\t\t\t\t\t\t\t\t\t<p>\n            <a href=\"https:\/\/sflcn.com\/numb-a-soca-single-by-johes-inspiring-change\/\" target=\"_blank\" rel=\"noopener nofollow\"><br \/>\n              <b>Entumecido<\/b><br \/>\n            <\/a><br \/>\n            <span style=\"font-weight: 400;\"> es algo m\u00e1s que una canci\u00f3n de fiesta: es una llamada a la acci\u00f3n para quienes luchan contra los retos de la salud mental. &#8220;Esta canci\u00f3n es una invitaci\u00f3n para que quienes se sienten abrumados por las luchas de la vida cotidiana se embarquen mentalmente en un viaje lleno de color, vibraci\u00f3n y felicidad, para recargarse y regenerarse, durante este periodo de Carnaval o en cualquier otro momento&#8221;, comparte Johes Santana. &#8220;Espero que mi m\u00fasica anime a alguien a dejar libre su mente, a darse tiempo para recargarse, con el fin de convertirse en una persona m\u00e1s equilibrada&#8221;.  <\/span>\n          <\/p>\n\t\t\t\t\t\t\t\t<\/div>\n\t\t\t\t<\/div>\n\t\t\t\t<section class=\"elementor-section elementor-inner-section elementor-element elementor-element-69b9d10 elementor-section-boxed elementor-section-height-default elementor-section-height-default\" data-id=\"69b9d10\" data-element_type=\"section\">\n\t\t\t\t\t\t<div class=\"elementor-container elementor-column-gap-default\">\n\t\t\t\t\t<div class=\"elementor-column elementor-col-100 elementor-inner-column elementor-element elementor-element-41e8f6f\" data-id=\"41e8f6f\" data-element_type=\"column\">\n\t\t\t<div class=\"elementor-widget-wrap elementor-element-populated\">\n\t\t\t\t\t\t<div class=\"elementor-element elementor-element-b387f77 elementor-widget elementor-widget-video\" data-id=\"b387f77\" data-element_type=\"widget\" data-settings=\"{&quot;youtube_url&quot;:&quot;https:\\\/\\\/www.youtube.com\\\/watch?v=7_ORaHkdVtk&amp;ab_channel=JulianspromosTV%7CSocaMusic&quot;,&quot;video_type&quot;:&quot;youtube&quot;,&quot;controls&quot;:&quot;yes&quot;}\" data-widget_type=\"video.default\">\n\t\t\t\t<div class=\"elementor-widget-container\">\n\t\t\t\t\t\t\t<div class=\"elementor-wrapper elementor-open-inline\">\n\t\t\t<div class=\"elementor-video\"><\/div>\t\t<\/div>\n\t\t\t\t\t\t<\/div>\n\t\t\t\t<\/div>\n\t\t\t\t\t<\/div>\n\t\t<\/div>\n\t\t\t\t\t<\/div>\n\t\t<\/section>\n\t\t\t\t\t<\/div>\n\t\t<\/div>\n\t\t\t\t\t<\/div>\n\t\t<\/section>\n\t\t\t\t\t<\/div>\n\t\t<\/div>\n\t\t\t\t\t<\/div>\n\t\t<\/section>\n\t\t\t\t<section class=\"elementor-section elementor-top-section elementor-element elementor-element-b9655ad elementor-section-boxed elementor-section-height-default elementor-section-height-default\" data-id=\"b9655ad\" data-element_type=\"section\">\n\t\t\t\t\t\t<div class=\"elementor-container elementor-column-gap-default\">\n\t\t\t\t\t<div class=\"elementor-column elementor-col-100 elementor-top-column elementor-element elementor-element-a65bce4\" data-id=\"a65bce4\" data-element_type=\"column\">\n\t\t\t<div class=\"elementor-widget-wrap elementor-element-populated\">\n\t\t\t\t\t\t<div class=\"elementor-element elementor-element-c41a73b elementor-widget elementor-widget-heading\" data-id=\"c41a73b\" data-element_type=\"widget\" data-widget_type=\"heading.default\">\n\t\t\t\t<div class=\"elementor-widget-container\">\n\t\t\t\t\t<h2 class=\"elementor-heading-title elementor-size-default\">El impacto de la m\u00fasica en la salud mental<\/h2>\t\t\t\t<\/div>\n\t\t\t\t<\/div>\n\t\t\t\t<section class=\"elementor-section elementor-inner-section elementor-element elementor-element-7a58c63 elementor-section-boxed elementor-section-height-default elementor-section-height-default\" data-id=\"7a58c63\" data-element_type=\"section\">\n\t\t\t\t\t\t<div class=\"elementor-container elementor-column-gap-default\">\n\t\t\t\t\t<div class=\"elementor-column elementor-col-100 elementor-inner-column elementor-element elementor-element-96383e5\" data-id=\"96383e5\" data-element_type=\"column\">\n\t\t\t<div class=\"elementor-widget-wrap elementor-element-populated\">\n\t\t\t\t\t\t<div class=\"elementor-element elementor-element-8abb4ac elementor-widget elementor-widget-text-editor\" data-id=\"8abb4ac\" data-element_type=\"widget\" data-widget_type=\"text-editor.default\">\n\t\t\t\t<div class=\"elementor-widget-container\">\n\t\t\t\t\t\t\t\t\t\n          <p>\n            <span style=\"font-weight: 400;\">La m\u00fasica siempre ha sido una poderosa herramienta para la salud mental. Los estudios han demostrado que la m\u00fasica puede reducir el estr\u00e9s, mejorar el estado de \u00e1nimo e incluso ayudar a curar traumas. Seg\u00fan un estudio de Tebra, el 79% de las personas han utilizado la m\u00fasica para superar momentos dif\u00edciles, y artistas como Taylor Swift, Billie Eilish y Kendrick Lamar son citados a menudo por su capacidad para ayudar a la gente a superar momentos oscuros.  <\/span>\n          <\/p>\n          \n\n          <p>\n            <span style=\"font-weight: 400;\">Johes Santana comparte esta convicci\u00f3n: &#8220;Escribo m\u00fasica porque quiero ayudar a la gente, mostrarles que todos pasamos por cosas y que, igual que la m\u00fasica me ha hecho compa\u00f1\u00eda y me ha ayudado a sentirme seguro, s\u00e9 que puede hacer lo mismo por los dem\u00e1s&#8221;.<\/span>\n          <\/p>\n        \t\t\t\t\t\t\t\t<\/div>\n\t\t\t\t<\/div>\n\t\t\t\t\t<\/div>\n\t\t<\/div>\n\t\t\t\t\t<\/div>\n\t\t<\/section>\n\t\t\t\t\t<\/div>\n\t\t<\/div>\n\t\t\t\t\t<\/div>\n\t\t<\/section>\n\t\t\t\t<section class=\"elementor-section elementor-top-section elementor-element elementor-element-72cf03a elementor-section-boxed elementor-section-height-default elementor-section-height-default\" data-id=\"72cf03a\" data-element_type=\"section\">\n\t\t\t\t\t\t<div class=\"elementor-container elementor-column-gap-default\">\n\t\t\t\t\t<div class=\"elementor-column elementor-col-100 elementor-top-column elementor-element elementor-element-b54309d\" data-id=\"b54309d\" data-element_type=\"column\">\n\t\t\t<div class=\"elementor-widget-wrap elementor-element-populated\">\n\t\t\t\t\t\t<div class=\"elementor-element elementor-element-981112b elementor-widget elementor-widget-heading\" data-id=\"981112b\" data-element_type=\"widget\" data-widget_type=\"heading.default\">\n\t\t\t\t<div class=\"elementor-widget-container\">\n\t\t\t\t\t<h2 class=\"elementor-heading-title elementor-size-default\">Temporada de Carnaval 2025<\/h2>\t\t\t\t<\/div>\n\t\t\t\t<\/div>\n\t\t\t\t<section class=\"elementor-section elementor-inner-section elementor-element elementor-element-360e343 elementor-section-boxed elementor-section-height-default elementor-section-height-default\" data-id=\"360e343\" data-element_type=\"section\">\n\t\t\t\t\t\t<div class=\"elementor-container elementor-column-gap-default\">\n\t\t\t\t\t<div class=\"elementor-column elementor-col-100 elementor-inner-column elementor-element elementor-element-2321971\" data-id=\"2321971\" data-element_type=\"column\">\n\t\t\t<div class=\"elementor-widget-wrap elementor-element-populated\">\n\t\t\t\t\t\t<div class=\"elementor-element elementor-element-67c1e8e elementor-widget elementor-widget-text-editor\" data-id=\"67c1e8e\" data-element_type=\"widget\" data-widget_type=\"text-editor.default\">\n\t\t\t\t<div class=\"elementor-widget-container\">\n\t\t\t\t\t\t\t\t\t<p>\n            <span style=\"font-weight: 400;\">Durante la temporada de Carnaval 2025 en Trinidad y Tobago, Johes Santana entra en la escena musical con optimismo y gran ambici\u00f3n. &#8220;Mi madre, mi padre y otros miembros de mi familia inmediata est\u00e1n muy ilusionados. Tambi\u00e9n tengo un c\u00edrculo de amigos que me apoya mucho y me empuja a seguir mis sue\u00f1os. Uno de mis mayores miedos es no conectar con el p\u00fablico de forma que realmente entiendan la historia que hay detr\u00e1s de mi m\u00fasica. Espero que lo hagan. <\/span>\n          <\/p>\n\t\t\t\t\t\t\t\t<\/div>\n\t\t\t\t<\/div>\n\t\t\t\t\t<\/div>\n\t\t<\/div>\n\t\t\t\t\t<\/div>\n\t\t<\/section>\n\t\t\t\t\t<\/div>\n\t\t<\/div>\n\t\t\t\t\t<\/div>\n\t\t<\/section>\n\t\t\t\t<section class=\"elementor-section elementor-top-section elementor-element elementor-element-051d484 elementor-section-boxed elementor-section-height-default elementor-section-height-default\" data-id=\"051d484\" data-element_type=\"section\">\n\t\t\t\t\t\t<div class=\"elementor-container elementor-column-gap-default\">\n\t\t\t\t\t<div class=\"elementor-column elementor-col-100 elementor-top-column elementor-element elementor-element-d839af9\" data-id=\"d839af9\" data-element_type=\"column\">\n\t\t\t<div class=\"elementor-widget-wrap elementor-element-populated\">\n\t\t\t\t\t\t<div class=\"elementor-element elementor-element-b31db18 elementor-widget elementor-widget-heading\" data-id=\"b31db18\" data-element_type=\"widget\" data-widget_type=\"heading.default\">\n\t\t\t\t<div class=\"elementor-widget-container\">\n\t\t\t\t\t<h2 class=\"elementor-heading-title elementor-size-default\">La importancia de la expresi\u00f3n personal<\/h2>\t\t\t\t<\/div>\n\t\t\t\t<\/div>\n\t\t\t\t<section class=\"elementor-section elementor-inner-section elementor-element elementor-element-a5a636f elementor-section-boxed elementor-section-height-default elementor-section-height-default\" data-id=\"a5a636f\" data-element_type=\"section\">\n\t\t\t\t\t\t<div class=\"elementor-container elementor-column-gap-default\">\n\t\t\t\t\t<div class=\"elementor-column elementor-col-100 elementor-inner-column elementor-element elementor-element-bc9ec1a\" data-id=\"bc9ec1a\" data-element_type=\"column\">\n\t\t\t<div class=\"elementor-widget-wrap elementor-element-populated\">\n\t\t\t\t\t\t<div class=\"elementor-element elementor-element-900bdd9 elementor-widget elementor-widget-text-editor\" data-id=\"900bdd9\" data-element_type=\"widget\" data-widget_type=\"text-editor.default\">\n\t\t\t\t<div class=\"elementor-widget-container\">\n\t\t\t\t\t\t\t\t\t<p>\n            <span style=\"font-weight: 400;\">Johes Santana subraya la importancia de la expresi\u00f3n personal, especialmente durante el Carnaval. &#8220;El Carnaval tiene que ver con la expresi\u00f3n y la libertad. Realmente creo que los ni\u00f1os deber\u00edan tener la oportunidad de descubrir qui\u00e9nes son a trav\u00e9s de las distintas formas de expresi\u00f3n del Carnaval de Trinidad y Tobago. No todo el mundo participar\u00e1 en la lucha de palos o en el pan cheek, pero hay tantos aspectos en el festival que creo que, si se les da la oportunidad, todos y cada uno pueden encontrar un lugar donde expresarse.&#8221; <\/span>\n          <\/p>\n\t\t\t\t\t\t\t\t<\/div>\n\t\t\t\t<\/div>\n\t\t\t\t\t<\/div>\n\t\t<\/div>\n\t\t\t\t\t<\/div>\n\t\t<\/section>\n\t\t\t\t\t<\/div>\n\t\t<\/div>\n\t\t\t\t\t<\/div>\n\t\t<\/section>\n\t\t\t\t<section class=\"elementor-section elementor-top-section elementor-element elementor-element-75993e5 elementor-section-boxed elementor-section-height-default elementor-section-height-default\" data-id=\"75993e5\" data-element_type=\"section\">\n\t\t\t\t\t\t<div class=\"elementor-container elementor-column-gap-default\">\n\t\t\t\t\t<div class=\"elementor-column elementor-col-100 elementor-top-column elementor-element elementor-element-f75f644\" data-id=\"f75f644\" data-element_type=\"column\">\n\t\t\t<div class=\"elementor-widget-wrap elementor-element-populated\">\n\t\t\t\t\t\t<div class=\"elementor-element elementor-element-c0634a8 elementor-widget elementor-widget-heading\" data-id=\"c0634a8\" data-element_type=\"widget\" data-widget_type=\"heading.default\">\n\t\t\t\t<div class=\"elementor-widget-container\">\n\t\t\t\t\t<h2 class=\"elementor-heading-title elementor-size-default\">La importancia de la expresi\u00f3n personal<\/h2>\t\t\t\t<\/div>\n\t\t\t\t<\/div>\n\t\t\t\t<section class=\"elementor-section elementor-inner-section elementor-element elementor-element-eb54c7b elementor-section-boxed elementor-section-height-default elementor-section-height-default\" data-id=\"eb54c7b\" data-element_type=\"section\">\n\t\t\t\t\t\t<div class=\"elementor-container elementor-column-gap-default\">\n\t\t\t\t\t<div class=\"elementor-column elementor-col-100 elementor-inner-column elementor-element elementor-element-0013845\" data-id=\"0013845\" data-element_type=\"column\">\n\t\t\t<div class=\"elementor-widget-wrap elementor-element-populated\">\n\t\t\t\t\t\t<div class=\"elementor-element elementor-element-23147b9 elementor-widget elementor-widget-text-editor\" data-id=\"23147b9\" data-element_type=\"widget\" data-widget_type=\"text-editor.default\">\n\t\t\t\t<div class=\"elementor-widget-container\">\n\t\t\t\t\t\t\t\t\t<p>\n            <span style=\"font-weight: 400;\">Johes Santana subraya la importancia de la expresi\u00f3n personal, especialmente durante el Carnaval. &#8220;El Carnaval tiene que ver con la expresi\u00f3n y la libertad. Realmente creo que los ni\u00f1os deber\u00edan tener la oportunidad de descubrir qui\u00e9nes son a trav\u00e9s de las distintas formas de expresi\u00f3n del Carnaval de Trinidad y Tobago. No todo el mundo participar\u00e1 en la lucha de palos o en el pan cheek, pero hay tantos aspectos en el festival que creo que, si se les da la oportunidad, todos y cada uno pueden encontrar un lugar donde expresarse.&#8221; <\/span>\n          <\/p>\n\t\t\t\t\t\t\t\t<\/div>\n\t\t\t\t<\/div>\n\t\t\t\t\t<\/div>\n\t\t<\/div>\n\t\t\t\t\t<\/div>\n\t\t<\/section>\n\t\t\t\t\t<\/div>\n\t\t<\/div>\n\t\t\t\t\t<\/div>\n\t\t<\/section>\n\t\t\t\t<section class=\"elementor-section elementor-top-section elementor-element elementor-element-e321507 elementor-section-boxed elementor-section-height-default elementor-section-height-default\" data-id=\"e321507\" data-element_type=\"section\">\n\t\t\t\t\t\t<div class=\"elementor-container elementor-column-gap-default\">\n\t\t\t\t\t<div class=\"elementor-column elementor-col-100 elementor-top-column elementor-element elementor-element-eb42769\" data-id=\"eb42769\" data-element_type=\"column\">\n\t\t\t<div class=\"elementor-widget-wrap elementor-element-populated\">\n\t\t\t\t\t\t<section class=\"elementor-section elementor-inner-section elementor-element elementor-element-ce9d4ff elementor-section-boxed elementor-section-height-default elementor-section-height-default\" data-id=\"ce9d4ff\" data-element_type=\"section\">\n\t\t\t\t\t\t<div class=\"elementor-container elementor-column-gap-default\">\n\t\t\t\t\t<div class=\"elementor-column elementor-col-100 elementor-inner-column elementor-element elementor-element-ba602da\" data-id=\"ba602da\" data-element_type=\"column\">\n\t\t\t<div class=\"elementor-widget-wrap elementor-element-populated\">\n\t\t\t\t\t\t<div class=\"elementor-element elementor-element-ff7aad2 elementor-widget elementor-widget-text-editor\" data-id=\"ff7aad2\" data-element_type=\"widget\" data-widget_type=\"text-editor.default\">\n\t\t\t\t<div class=\"elementor-widget-container\">\n\t\t\t\t\t\t\t\t\t\n          <p>\n            <b>Entumecido<\/b>\n            <span style=\"font-weight: 400;\"> de Johes Santana no es s\u00f3lo una canci\u00f3n; es un mensaje de esperanza y curaci\u00f3n. Integrando la m\u00fasica en nuestra vida cotidiana, podemos mejorar nuestro bienestar mental y encontrar un verdadero alivio. Como se\u00f1ala Johes: &#8220;La m\u00fasica siempre ha sido mi espacio seguro, y quiero crear ese espacio para los dem\u00e1s&#8221;.  <\/span>\n          <\/p>\n          \n\n          <p>\n            <span style=\"font-weight: 400;\">Si te inspira la historia de Johes Santana y su misi\u00f3n de promover la salud mental a trav\u00e9s de la m\u00fasica, s\u00edguelo en Instagram <a href=\"https:\/\/www.instagram.com\/johesofficial\" target=\"_blank\" rel=\"noopener nofollow\">@johesofficial<\/a> y \u00fanete a \u00e9l en su viaje para difundir positividad y alegr\u00eda a trav\u00e9s de la m\u00fasica.<\/span>\n          <\/p>\n        \t\t\t\t\t\t\t\t<\/div>\n\t\t\t\t<\/div>\n\t\t\t\t\t<\/div>\n\t\t<\/div>\n\t\t\t\t\t<\/div>\n\t\t<\/section>\n\t\t\t\t\t<\/div>\n\t\t<\/div>\n\t\t\t\t\t<\/div>\n\t\t<\/section>\n\t\t\t\t<\/div>\n\t\t","protected":false},"excerpt":{"rendered":"<p>En la v\u00edspera de su 28 cumplea\u00f1os, Josiah Santana, m\u00e1s conocido por su nombre art\u00edstico Johes Santanaha irrumpido recientemente en la escena musical de Trinidad y Tobago con su primer sencillo de Soca, titulado Numb. Cette chanson n\u2019est pas seulement une contribution \u00e0 la saison du Carnaval 2025, mais \u00e9galement un message personnel et profond [&hellip;]<\/p>\n","protected":false},"author":662,"featured_media":43899,"comment_status":"open","ping_status":"open","sticky":false,"template":"","format":"standard","meta":{"_acf_changed":false,"footnotes":""},"categories":[834],"tags":[1519],"class_list":["post-43905","post","type-post","status-publish","format-standard","has-post-thumbnail","hentry","category-musica","tag-trinidad-y-tobago"],"acf":[],"_links":{"self":[{"href":"https:\/\/richeskarayib.com\/es\/wp-json\/wp\/v2\/posts\/43905","targetHints":{"allow":["GET"]}}],"collection":[{"href":"https:\/\/richeskarayib.com\/es\/wp-json\/wp\/v2\/posts"}],"about":[{"href":"https:\/\/richeskarayib.com\/es\/wp-json\/wp\/v2\/types\/post"}],"author":[{"embeddable":true,"href":"https:\/\/richeskarayib.com\/es\/wp-json\/wp\/v2\/users\/662"}],"replies":[{"embeddable":true,"href":"https:\/\/richeskarayib.com\/es\/wp-json\/wp\/v2\/comments?post=43905"}],"version-history":[{"count":0,"href":"https:\/\/richeskarayib.com\/es\/wp-json\/wp\/v2\/posts\/43905\/revisions"}],"wp:featuredmedia":[{"embeddable":true,"href":"https:\/\/richeskarayib.com\/es\/wp-json\/wp\/v2\/media\/43899"}],"wp:attachment":[{"href":"https:\/\/richeskarayib.com\/es\/wp-json\/wp\/v2\/media?parent=43905"}],"wp:term":[{"taxonomy":"category","embeddable":true,"href":"https:\/\/richeskarayib.com\/es\/wp-json\/wp\/v2\/categories?post=43905"},{"taxonomy":"post_tag","embeddable":true,"href":"https:\/\/richeskarayib.com\/es\/wp-json\/wp\/v2\/tags?post=43905"}],"curies":[{"name":"wp","href":"https:\/\/api.w.org\/{rel}","templated":true}]}}