{"id":44343,"date":"2025-01-28T13:23:55","date_gmt":"2025-01-28T17:23:55","guid":{"rendered":"https:\/\/richeskarayib.com\/montserrat-un-plan-revolutionnaire-pour-sauver-sa-biodiversite-unique\/"},"modified":"2025-01-28T13:23:57","modified_gmt":"2025-01-28T17:23:57","slug":"montserrat-un-plan-revolutionnaire-pour-sauver-sa-biodiversite-unique","status":"publish","type":"post","link":"https:\/\/richeskarayib.com\/es\/montserrat-un-plan-revolutionnaire-pour-sauver-sa-biodiversite-unique\/","title":{"rendered":"Montserrat : un plan r\u00e9volutionnaire pour sauver sa biodiversit\u00e9 unique"},"content":{"rendered":"\t\t<div data-elementor-type=\"wp-post\" data-elementor-id=\"44343\" class=\"elementor elementor-44343 elementor-44329\" data-elementor-post-type=\"post\">\n\t\t\t\t\t\t<section class=\"elementor-section elementor-top-section elementor-element elementor-element-20d987e6 elementor-section-boxed elementor-section-height-default elementor-section-height-default\" data-id=\"20d987e6\" data-element_type=\"section\">\n\t\t\t\t\t\t<div class=\"elementor-container elementor-column-gap-default\">\n\t\t\t\t\t<div class=\"elementor-column elementor-col-100 elementor-top-column elementor-element elementor-element-a2aecad\" data-id=\"a2aecad\" data-element_type=\"column\">\n\t\t\t<div class=\"elementor-widget-wrap elementor-element-populated\">\n\t\t\t\t\t\t<div class=\"elementor-element elementor-element-73883ef1 elementor-widget elementor-widget-text-editor\" data-id=\"73883ef1\" data-element_type=\"widget\" data-widget_type=\"text-editor.default\">\n\t\t\t\t<div class=\"elementor-widget-container\">\n\t\t\t\t\t\t\t\t\t\n          \n\n          <h1 class=\"wp-block-heading\"><\/h1>\n          \n\n        \t\t\t\t\t\t\t\t<\/div>\n\t\t\t\t<\/div>\n\t\t\t\t\t<\/div>\n\t\t<\/div>\n\t\t\t\t\t<\/div>\n\t\t<\/section>\n\t\t\t\t<section class=\"elementor-section elementor-top-section elementor-element elementor-element-28399df elementor-section-boxed elementor-section-height-default elementor-section-height-default\" data-id=\"28399df\" data-element_type=\"section\">\n\t\t\t\t\t\t<div class=\"elementor-container elementor-column-gap-default\">\n\t\t\t\t\t<div class=\"elementor-column elementor-col-100 elementor-top-column elementor-element elementor-element-6460ea6\" data-id=\"6460ea6\" data-element_type=\"column\">\n\t\t\t<div class=\"elementor-widget-wrap elementor-element-populated\">\n\t\t\t\t\t\t<div class=\"elementor-element elementor-element-0c697e7 elementor-widget elementor-widget-heading\" data-id=\"0c697e7\" data-element_type=\"widget\" data-widget_type=\"heading.default\">\n\t\t\t\t<div class=\"elementor-widget-container\">\n\t\t\t\t\t<h2 class=\"elementor-heading-title elementor-size-default\">Montserrat et sa biodiversit\u00e9 exceptionnelle\n<\/h2>\t\t\t\t<\/div>\n\t\t\t\t<\/div>\n\t\t\t\t<div class=\"elementor-element elementor-element-db84ae5 elementor-widget elementor-widget-text-editor\" data-id=\"db84ae5\" data-element_type=\"widget\" data-widget_type=\"text-editor.default\">\n\t\t\t\t<div class=\"elementor-widget-container\">\n\t\t\t\t\t\t\t\t\t<p><span style=\"font-weight: 400;\"><a href=\"https:\/\/www.montserratvisita.com\/fr\" target=\"_blank\" rel=\"noopener nofollow\">Montserrat<\/a>, la petite \u00eele carib\u00e9enne vient de franchir une \u00e9tape cruciale dans la protection de sa <\/span><b>biodiversit\u00e9<\/b><span style=\"font-weight: 400;\"> unique. En d\u00e9cembre 2024, les autorit\u00e9s ont lanc\u00e9 la Strat\u00e9gie et Plan d&#8217;Action National pour la Biodiversit\u00e9 (SPANB) de l&#8217;\u00eele, marquant un tournant dans ses efforts de conservation. <\/span><\/p>\n<p>\n            <span style=\"font-weight: 400;\">Nich\u00e9e au c\u0153ur des Petites Antilles, elle abrite une biodiversit\u00e9 d&#8217;une richesse surprenante. L&#8217;\u00eele fait partie des territoires britanniques d&#8217;outre-mer qui concentrent plus de 90 % de la biodiversit\u00e9 totale du Royaume-Uni. Cette importance \u00e9cologique contraste avec la taille modeste de cette \u00eele, soulignant la n\u00e9cessit\u00e9 d&#8217;une action urgente pour pr\u00e9server ce tr\u00e9sor naturel.  <\/span>\n          <\/p>\n\t\t\t\t\t\t\t\t<\/div>\n\t\t\t\t<\/div>\n\t\t\t\t\t<\/div>\n\t\t<\/div>\n\t\t\t\t\t<\/div>\n\t\t<\/section>\n\t\t\t\t<section class=\"elementor-section elementor-top-section elementor-element elementor-element-1c00be6 elementor-section-boxed elementor-section-height-default elementor-section-height-default\" data-id=\"1c00be6\" data-element_type=\"section\">\n\t\t\t\t\t\t<div class=\"elementor-container elementor-column-gap-default\">\n\t\t\t\t\t<div class=\"elementor-column elementor-col-100 elementor-top-column elementor-element elementor-element-3792169\" data-id=\"3792169\" data-element_type=\"column\">\n\t\t\t<div class=\"elementor-widget-wrap elementor-element-populated\">\n\t\t\t\t\t\t<div class=\"elementor-element elementor-element-cc2833c elementor-widget elementor-widget-heading\" data-id=\"cc2833c\" data-element_type=\"widget\" data-widget_type=\"heading.default\">\n\t\t\t\t<div class=\"elementor-widget-container\">\n\t\t\t\t\t<h2 class=\"elementor-heading-title elementor-size-default\">Un joyau \u00e9cologique menac\u00e9\n\n<\/h2>\t\t\t\t<\/div>\n\t\t\t\t<\/div>\n\t\t\t\t<div class=\"elementor-element elementor-element-fcdb380 elementor-widget elementor-widget-text-editor\" data-id=\"fcdb380\" data-element_type=\"widget\" data-widget_type=\"text-editor.default\">\n\t\t\t\t<div class=\"elementor-widget-container\">\n\t\t\t\t\t\t\t\t\t<p>\n            <span style=\"font-weight: 400;\">L&#8217;\u00eele est surnomm\u00e9e &#8220;l&#8217;\u00eele verte&#8221;, se distingue par sa topographie vari\u00e9e et ses paysages \u00e0 couper le souffle. Les for\u00eats tropical dense, les plages de sable fin et les montagnes volcaniques en font un habitat id\u00e9al pour de nombreuses esp\u00e8ces end\u00e9miques. Cependant, cette biodiversit\u00e9 est menac\u00e9e par divers facteurs, notamment le changement climatique et les activit\u00e9s humaines.  <\/span>\n          <\/p>\n\t\t\t\t\t\t\t\t<\/div>\n\t\t\t\t<\/div>\n\t\t\t\t<section class=\"elementor-section elementor-inner-section elementor-element elementor-element-f6176ce elementor-section-boxed elementor-section-height-default elementor-section-height-default\" data-id=\"f6176ce\" data-element_type=\"section\">\n\t\t\t\t\t\t<div class=\"elementor-container elementor-column-gap-default\">\n\t\t\t\t\t<div class=\"elementor-column elementor-col-100 elementor-inner-column elementor-element elementor-element-507aa7e\" data-id=\"507aa7e\" data-element_type=\"column\">\n\t\t\t<div class=\"elementor-widget-wrap elementor-element-populated\">\n\t\t\t\t\t\t<div class=\"elementor-element elementor-element-459a86d elementor-widget elementor-widget-image\" data-id=\"459a86d\" data-element_type=\"widget\" data-widget_type=\"image.default\">\n\t\t\t\t<div class=\"elementor-widget-container\">\n\t\t\t\t\t\t\t\t\t\t\t\t<figure class=\"wp-caption\">\n\t\t\t\t\t\t\t\t\t\t<img fetchpriority=\"high\" decoding=\"async\" width=\"800\" height=\"528\" src=\"https:\/\/richeskarayib.com\/wp-content\/uploads\/2025\/01\/vue-sur-le-volcan-actif-qui-a-detruit-les-villes-montserrat-caraibes-orientales-mars-2015-panorama-numerique-assemble-2xfxc2a-Modifie-1-1024x676.jpg\" class=\"attachment-large size-large wp-image-44341\" alt=\"Montserrat\" srcset=\"https:\/\/richeskarayib.com\/wp-content\/uploads\/2025\/01\/vue-sur-le-volcan-actif-qui-a-detruit-les-villes-montserrat-caraibes-orientales-mars-2015-panorama-numerique-assemble-2xfxc2a-Modifie-1-1024x676.jpg 1024w, https:\/\/richeskarayib.com\/wp-content\/uploads\/2025\/01\/vue-sur-le-volcan-actif-qui-a-detruit-les-villes-montserrat-caraibes-orientales-mars-2015-panorama-numerique-assemble-2xfxc2a-Modifie-1-300x198.jpg 300w, https:\/\/richeskarayib.com\/wp-content\/uploads\/2025\/01\/vue-sur-le-volcan-actif-qui-a-detruit-les-villes-montserrat-caraibes-orientales-mars-2015-panorama-numerique-assemble-2xfxc2a-Modifie-1-768x507.jpg 768w, https:\/\/richeskarayib.com\/wp-content\/uploads\/2025\/01\/vue-sur-le-volcan-actif-qui-a-detruit-les-villes-montserrat-caraibes-orientales-mars-2015-panorama-numerique-assemble-2xfxc2a-Modifie-1.jpg 1300w\" sizes=\"(max-width: 800px) 100vw, 800px\" \/>\t\t\t\t\t\t\t\t\t\t\t<figcaption class=\"widget-image-caption wp-caption-text\">Volcan actif de Montserrat<\/figcaption>\n\t\t\t\t\t\t\t\t\t\t<\/figure>\n\t\t\t\t\t\t\t\t\t<\/div>\n\t\t\t\t<\/div>\n\t\t\t\t\t<\/div>\n\t\t<\/div>\n\t\t\t\t\t<\/div>\n\t\t<\/section>\n\t\t\t\t\t<\/div>\n\t\t<\/div>\n\t\t\t\t\t<\/div>\n\t\t<\/section>\n\t\t\t\t<section class=\"elementor-section elementor-top-section elementor-element elementor-element-3187633 elementor-section-boxed elementor-section-height-default elementor-section-height-default\" data-id=\"3187633\" data-element_type=\"section\">\n\t\t\t\t\t\t<div class=\"elementor-container elementor-column-gap-default\">\n\t\t\t\t\t<div class=\"elementor-column elementor-col-100 elementor-top-column elementor-element elementor-element-c032e63\" data-id=\"c032e63\" data-element_type=\"column\">\n\t\t\t<div class=\"elementor-widget-wrap elementor-element-populated\">\n\t\t\t\t\t\t<div class=\"elementor-element elementor-element-9d5dacd elementor-widget elementor-widget-heading\" data-id=\"9d5dacd\" data-element_type=\"widget\" data-widget_type=\"heading.default\">\n\t\t\t\t<div class=\"elementor-widget-container\">\n\t\t\t\t\t<h2 class=\"elementor-heading-title elementor-size-default\">Des \u00e9cosyst\u00e8mes uniques \u00e0 prot\u00e9ger<\/h2>\t\t\t\t<\/div>\n\t\t\t\t<\/div>\n\t\t\t\t<div class=\"elementor-element elementor-element-81e86bb elementor-widget elementor-widget-text-editor\" data-id=\"81e86bb\" data-element_type=\"widget\" data-widget_type=\"text-editor.default\">\n\t\t\t\t<div class=\"elementor-widget-container\">\n\t\t\t\t\t\t\t\t\t<p>\n            <span style=\"font-weight: 400;\"><a href=\"https:\/\/www.google.com\/search?q=Montserrat+Caraibe&amp;sca_esv=46890ce5d97cd057&amp;ei=mgmZZ_a6EIqH9u8P3-u8-AU&amp;ved=0ahUKEwj275jW7piLAxWKg_0HHd81D18Q4dUDCBA&amp;uact=5&amp;oq=Montserrat+Caraibe&amp;gs_lp=Egxnd3Mtd2l6LXNlcnAiEk1vbnRzZXJyYXQgQ2FyYWliZTIEEAAYRzIEEAAYRzIEEAAYRzIEEAAYRzIEEAAYRzIEEAAYRzIEEAAYRzIEEAAYR0jOEFDZCljZCnAAeAOQAQCYAQCgAQCqAQC4AQPIAQD4AQGYAgKgAg6YAwDiAwUSATEgQIgGAZAGCJIHATKgBwA&amp;sclient=gws-wiz-serp\" target=\"_blank\" rel=\"noopener nofollow\">Montserrat<\/a> se distingue par la diversit\u00e9 de ses habitats, allant des for\u00eats tropicales humides aux r\u00e9cifs coralliens, ainsi que des zones volcaniques. Le Centre Hills Forest Reserve, en particulier, joue un r\u00f4le crucial en abritant de nombreuses esp\u00e8ces end\u00e9miques menac\u00e9es, comme l&#8217;oriole de Montserrat et la grenouille des montagnes. Ces esp\u00e8ces sont non seulement pr\u00e9cieuses sur le plan \u00e9cologique, mais elles constituent \u00e9galement un patrimoine culturel pour les habitants de l&#8217;\u00eele.  <\/span>\n          <\/p>\n\t\t\t\t\t\t\t\t<\/div>\n\t\t\t\t<\/div>\n\t\t\t\t\t<\/div>\n\t\t<\/div>\n\t\t\t\t\t<\/div>\n\t\t<\/section>\n\t\t\t\t<section class=\"elementor-section elementor-top-section elementor-element elementor-element-6ac8ac2 elementor-section-boxed elementor-section-height-default elementor-section-height-default\" data-id=\"6ac8ac2\" data-element_type=\"section\">\n\t\t\t\t\t\t<div class=\"elementor-container elementor-column-gap-default\">\n\t\t\t\t\t<div class=\"elementor-column elementor-col-100 elementor-top-column elementor-element elementor-element-94356bc\" data-id=\"94356bc\" data-element_type=\"column\">\n\t\t\t<div class=\"elementor-widget-wrap elementor-element-populated\">\n\t\t\t\t\t\t<div class=\"elementor-element elementor-element-5d15014 elementor-widget elementor-widget-heading\" data-id=\"5d15014\" data-element_type=\"widget\" data-widget_type=\"heading.default\">\n\t\t\t\t<div class=\"elementor-widget-container\">\n\t\t\t\t\t<h2 class=\"elementor-heading-title elementor-size-default\">Une initiative ambitieuse soutenue par l'OECO\n<\/h2>\t\t\t\t<\/div>\n\t\t\t\t<\/div>\n\t\t\t\t<div class=\"elementor-element elementor-element-cd463e0 elementor-widget elementor-widget-text-editor\" data-id=\"cd463e0\" data-element_type=\"widget\" data-widget_type=\"text-editor.default\">\n\t\t\t\t<div class=\"elementor-widget-container\">\n\t\t\t\t\t\t\t\t\t<p data-pm-slice=\"1 1 []\">\n            <span style=\"font-weight: 400;\">Le lancement de la SPANB s&#8217;inscrit dans le cadre plus large du programme BioSPACE (Programme de soutien \u00e0 la biodiversit\u00e9 pour les environnements c\u00f4tiers), une initiative financ\u00e9e par l&#8217;Union europ\u00e9enne \u00e0 hauteur de 10,7 millions d&#8217;euros. Ce programme, coordonn\u00e9 par l&#8217;Organisation des \u00c9tats de la Cara\u00efbe Orientale (OECO), vise \u00e0 renforcer la gestion de la biodiversit\u00e9 dans toute la r\u00e9gion carib\u00e9enne. <\/span>\n          <\/p>\n\t\t\t\t\t\t\t\t<\/div>\n\t\t\t\t<\/div>\n\t\t\t\t\t<\/div>\n\t\t<\/div>\n\t\t\t\t\t<\/div>\n\t\t<\/section>\n\t\t\t\t<section class=\"elementor-section elementor-top-section elementor-element elementor-element-da6925e elementor-section-boxed elementor-section-height-default elementor-section-height-default\" data-id=\"da6925e\" data-element_type=\"section\">\n\t\t\t\t\t\t<div class=\"elementor-container elementor-column-gap-default\">\n\t\t\t\t\t<div class=\"elementor-column elementor-col-100 elementor-top-column elementor-element elementor-element-218c5e5\" data-id=\"218c5e5\" data-element_type=\"column\">\n\t\t\t<div class=\"elementor-widget-wrap elementor-element-populated\">\n\t\t\t\t\t\t<div class=\"elementor-element elementor-element-5144555 elementor-widget elementor-widget-heading\" data-id=\"5144555\" data-element_type=\"widget\" data-widget_type=\"heading.default\">\n\t\t\t\t<div class=\"elementor-widget-container\">\n\t\t\t\t\t<h2 class=\"elementor-heading-title elementor-size-default\">Des actions concr\u00e8tes pour restaurer les \u00e9cosyst\u00e8mes<\/h2>\t\t\t\t<\/div>\n\t\t\t\t<\/div>\n\t\t\t\t<section class=\"elementor-section elementor-inner-section elementor-element elementor-element-e1516ef elementor-section-boxed elementor-section-height-default elementor-section-height-default\" data-id=\"e1516ef\" data-element_type=\"section\">\n\t\t\t\t\t\t<div class=\"elementor-container elementor-column-gap-default\">\n\t\t\t\t\t<div class=\"elementor-column elementor-col-100 elementor-inner-column elementor-element elementor-element-b8178a5\" data-id=\"b8178a5\" data-element_type=\"column\">\n\t\t\t<div class=\"elementor-widget-wrap elementor-element-populated\">\n\t\t\t\t\t\t<div class=\"elementor-element elementor-element-cbf633c elementor-widget elementor-widget-text-editor\" data-id=\"cbf633c\" data-element_type=\"widget\" data-widget_type=\"text-editor.default\">\n\t\t\t\t<div class=\"elementor-widget-container\">\n\t\t\t\t\t\t\t\t\t<p>\n            <span style=\"font-weight: 400;\">Parmi les mesures phares du plan, on trouve :<\/span>\n          <\/p>\n<ul>\n<li style=\"font-weight: 400;\" aria-level=\"1\">\n              <span style=\"font-weight: 400;\">L&#8217;installation d&#8217;un r\u00e9cif artificiel pour compenser la perte des r\u00e9cifs naturels suite aux \u00e9ruptions volcaniques.<\/span>\n            <\/li>\n<li style=\"font-weight: 400;\" aria-level=\"1\">\n              <span style=\"font-weight: 400;\">L&#8217;int\u00e9gration de cette \u00eele au Portail r\u00e9gional des donn\u00e9es environnementales, facilitant ainsi la prise de d\u00e9cision bas\u00e9e sur des donn\u00e9es scientifiques.<\/span>\n            <\/li>\n<li style=\"font-weight: 400;\" aria-level=\"1\">\n              <span style=\"font-weight: 400;\">La mise en place de programmes \u00e9ducatifs pour sensibiliser la population locale \u00e0 l&#8217;importance de la biodiversit\u00e9.<\/span>\n            <\/li>\n<\/ul>\n\t\t\t\t\t\t\t\t<\/div>\n\t\t\t\t<\/div>\n\t\t\t\t\t<\/div>\n\t\t<\/div>\n\t\t\t\t\t<\/div>\n\t\t<\/section>\n\t\t\t\t\t<\/div>\n\t\t<\/div>\n\t\t\t\t\t<\/div>\n\t\t<\/section>\n\t\t\t\t<section class=\"elementor-section elementor-top-section elementor-element elementor-element-86fa2b5 elementor-section-boxed elementor-section-height-default elementor-section-height-default\" data-id=\"86fa2b5\" data-element_type=\"section\">\n\t\t\t\t\t\t<div class=\"elementor-container elementor-column-gap-default\">\n\t\t\t\t\t<div class=\"elementor-column elementor-col-100 elementor-top-column elementor-element elementor-element-cc825a6\" data-id=\"cc825a6\" data-element_type=\"column\">\n\t\t\t<div class=\"elementor-widget-wrap elementor-element-populated\">\n\t\t\t\t\t\t<div class=\"elementor-element elementor-element-56fe5e3 elementor-widget elementor-widget-heading\" data-id=\"56fe5e3\" data-element_type=\"widget\" data-widget_type=\"heading.default\">\n\t\t\t\t<div class=\"elementor-widget-container\">\n\t\t\t\t\t<h2 class=\"elementor-heading-title elementor-size-default\">Un mod\u00e8le de d\u00e9veloppement durable pour les Cara\u00efbes<\/h2>\t\t\t\t<\/div>\n\t\t\t\t<\/div>\n\t\t\t\t<div class=\"elementor-element elementor-element-e5377ef elementor-widget elementor-widget-text-editor\" data-id=\"e5377ef\" data-element_type=\"widget\" data-widget_type=\"text-editor.default\">\n\t\t\t\t<div class=\"elementor-widget-container\">\n\t\t\t\t\t\t\t\t\t<p data-pm-slice=\"1 1 []\">\n            <span style=\"font-weight: 400;\">John Osborne, Ministre de l&#8217;Agriculture, des Terres, du Logement et de l&#8217;Environnement de Montserrat, souligne l&#8217;importance de cette strat\u00e9gie : &#8220;La SPANB sera adapt\u00e9e aux sp\u00e9cificit\u00e9s de Montserrat, abordant ses d\u00e9fis tout en tirant parti de ses atouts. Une strat\u00e9gie bien con\u00e7ue pourra ouvrir des opportunit\u00e9s dans l&#8217;\u00e9cotourisme, l&#8217;agriculture durable et les industries artisanales, garantissant que le patrimoine naturel de l&#8217;\u00eele profite \u00e0 tous les Montserratiens.&#8221;<\/span>\n          <\/p>\n\t\t\t\t\t\t\t\t<\/div>\n\t\t\t\t<\/div>\n\t\t\t\t\t<\/div>\n\t\t<\/div>\n\t\t\t\t\t<\/div>\n\t\t<\/section>\n\t\t\t\t<section class=\"elementor-section elementor-top-section elementor-element elementor-element-92128f4 elementor-section-boxed elementor-section-height-default elementor-section-height-default\" data-id=\"92128f4\" data-element_type=\"section\">\n\t\t\t\t\t\t<div class=\"elementor-container elementor-column-gap-default\">\n\t\t\t\t\t<div class=\"elementor-column elementor-col-100 elementor-top-column elementor-element elementor-element-9d407cd\" data-id=\"9d407cd\" data-element_type=\"column\">\n\t\t\t<div class=\"elementor-widget-wrap elementor-element-populated\">\n\t\t\t\t\t\t<div class=\"elementor-element elementor-element-a86e6f4 elementor-widget elementor-widget-heading\" data-id=\"a86e6f4\" data-element_type=\"widget\" data-widget_type=\"heading.default\">\n\t\t\t\t<div class=\"elementor-widget-container\">\n\t\t\t\t\t<h2 class=\"elementor-heading-title elementor-size-default\">Une approche collaborative et inclusive<\/h2>\t\t\t\t<\/div>\n\t\t\t\t<\/div>\n\t\t\t\t<div class=\"elementor-element elementor-element-70e6108 elementor-widget elementor-widget-text-editor\" data-id=\"70e6108\" data-element_type=\"widget\" data-widget_type=\"text-editor.default\">\n\t\t\t\t<div class=\"elementor-widget-container\">\n\t\t\t\t\t\t\t\t\t<p data-pm-slice=\"1 1 []\">\n            <span style=\"font-weight: 400;\">La mise en \u0153uvre de la SPANB repose sur une large consultation des parties prenantes. Au cours des prochains mois, le D\u00e9partement de l&#8217;Environnement et l&#8217;\u00e9quipe de planification du projet m\u00e8neront des r\u00e9unions bilat\u00e9rales, des visites de terrain et des ateliers pour assurer une approche v\u00e9ritablement collaborative. <\/span>\n          <\/p>\n\t\t\t\t\t\t\t\t<\/div>\n\t\t\t\t<\/div>\n\t\t\t\t\t<\/div>\n\t\t<\/div>\n\t\t\t\t\t<\/div>\n\t\t<\/section>\n\t\t\t\t<section class=\"elementor-section elementor-top-section elementor-element elementor-element-273ea81 elementor-section-boxed elementor-section-height-default elementor-section-height-default\" data-id=\"273ea81\" data-element_type=\"section\">\n\t\t\t\t\t\t<div class=\"elementor-container elementor-column-gap-default\">\n\t\t\t\t\t<div class=\"elementor-column elementor-col-100 elementor-top-column elementor-element elementor-element-19453d9\" data-id=\"19453d9\" data-element_type=\"column\">\n\t\t\t<div class=\"elementor-widget-wrap elementor-element-populated\">\n\t\t\t\t\t\t<div class=\"elementor-element elementor-element-8730757 elementor-widget elementor-widget-heading\" data-id=\"8730757\" data-element_type=\"widget\" data-widget_type=\"heading.default\">\n\t\t\t\t<div class=\"elementor-widget-container\">\n\t\t\t\t\t<h2 class=\"elementor-heading-title elementor-size-default\">Les d\u00e9fis \u00e0 relever pour Montserrat\n<\/h2>\t\t\t\t<\/div>\n\t\t\t\t<\/div>\n\t\t\t\t<div class=\"elementor-element elementor-element-268de77 elementor-widget elementor-widget-text-editor\" data-id=\"268de77\" data-element_type=\"widget\" data-widget_type=\"text-editor.default\">\n\t\t\t\t<div class=\"elementor-widget-container\">\n\t\t\t\t\t\t\t\t\t<p>\n            <span style=\"font-weight: 400;\">Malgr\u00e9 l&#8217;enthousiasme suscit\u00e9 par ce nouveau plan, l&#8217;\u00eele devra faire face \u00e0 plusieurs d\u00e9fis dans sa mise en \u0153uvre :<\/span>\n          <\/p>\n<ul>\n<li style=\"font-weight: 400;\" aria-level=\"1\">\n              <span style=\"font-weight: 400;\">Le financement \u00e0 long terme des actions de conservation<\/span>\n            <\/li>\n<li style=\"font-weight: 400;\" aria-level=\"1\">\n              <span style=\"font-weight: 400;\">La gestion des impacts du changement climatique sur les \u00e9cosyst\u00e8mes insulaires<\/span>\n            <\/li>\n<li style=\"font-weight: 400;\" aria-level=\"1\">\n              <span style=\"font-weight: 400;\">La conciliation entre d\u00e9veloppement \u00e9conomique et pr\u00e9servation de l&#8217;environnement<\/span>\n            <\/li>\n<li style=\"font-weight: 400;\" aria-level=\"1\">\n              <span style=\"font-weight: 400;\">La sensibilisation et l&#8217;implication continue de la population locale.<\/span>\n            <\/li>\n<\/ul>\n\t\t\t\t\t\t\t\t<\/div>\n\t\t\t\t<\/div>\n\t\t\t\t\t<\/div>\n\t\t<\/div>\n\t\t\t\t\t<\/div>\n\t\t<\/section>\n\t\t\t\t<section class=\"elementor-section elementor-top-section elementor-element elementor-element-71888d9 elementor-section-boxed elementor-section-height-default elementor-section-height-default\" data-id=\"71888d9\" data-element_type=\"section\">\n\t\t\t\t\t\t<div class=\"elementor-container elementor-column-gap-default\">\n\t\t\t\t\t<div class=\"elementor-column elementor-col-100 elementor-top-column elementor-element elementor-element-6bd70b0\" data-id=\"6bd70b0\" data-element_type=\"column\">\n\t\t\t<div class=\"elementor-widget-wrap elementor-element-populated\">\n\t\t\t\t\t\t<div class=\"elementor-element elementor-element-6fcf86e elementor-widget elementor-widget-heading\" data-id=\"6fcf86e\" data-element_type=\"widget\" data-widget_type=\"heading.default\">\n\t\t\t\t<div class=\"elementor-widget-container\">\n\t\t\t\t\t<h2 class=\"elementor-heading-title elementor-size-default\">Une lueur d'espoir pour la biodiversit\u00e9 carib\u00e9enne<\/h2>\t\t\t\t<\/div>\n\t\t\t\t<\/div>\n\t\t\t\t<div class=\"elementor-element elementor-element-29792a5 elementor-widget elementor-widget-text-editor\" data-id=\"29792a5\" data-element_type=\"widget\" data-widget_type=\"text-editor.default\">\n\t\t\t\t<div class=\"elementor-widget-container\">\n\t\t\t\t\t\t\t\t\t<p>\n            <span style=\"font-weight: 400;\">L&#8217;initiative de Montserrat repr\u00e9sente un pas important vers une gestion plus durable des ressources naturelles dans les <a href=\"https:\/\/richeskarayib.com\/es\/unesco-informe-especial-parte-3-2016-2019-los-tesoros-culturales-del-caribe-patrimonio-inmaterial-reconocido\/\" target=\"_blank\" rel=\"noopener\">Cara\u00efbes<\/a>. En adoptant une approche holistique qui int\u00e8gre conservation, d\u00e9veloppement \u00e9conomique et participation communautaire, l&#8217;\u00eele ouvre la voie \u00e0 un mod\u00e8le de d\u00e9veloppement plus respectueux de l&#8217;environnement. <\/span>\n          <\/p>\n<p>\n            <span style=\"font-weight: 400;\">Alors que la r\u00e9gion fait face \u00e0 des menaces croissantes li\u00e9es au changement climatique et \u00e0 la pression humaine, l&#8217;exemple de Montserrat pourrait bien inspirer d&#8217;autres \u00eeles \u00e0 prendre des mesures similaires. L&#8217;avenir de la riche biodiversit\u00e9 carib\u00e9enne d\u00e9pendra de la capacit\u00e9 de ces nations insulaires \u00e0 trouver un \u00e9quilibre entre pr\u00e9servation et d\u00e9veloppement, un d\u00e9fi que l&#8217;\u00eele semble pr\u00eate \u00e0 relever avec d\u00e9termination. <\/span>\n          <\/p>\n\t\t\t\t\t\t\t\t<\/div>\n\t\t\t\t<\/div>\n\t\t\t\t\t<\/div>\n\t\t<\/div>\n\t\t\t\t\t<\/div>\n\t\t<\/section>\n\t\t\t\t<section class=\"elementor-section elementor-top-section elementor-element elementor-element-1143608 elementor-section-boxed elementor-section-height-default elementor-section-height-default\" data-id=\"1143608\" data-element_type=\"section\">\n\t\t\t\t\t\t<div class=\"elementor-container elementor-column-gap-default\">\n\t\t\t\t\t<div class=\"elementor-column elementor-col-100 elementor-top-column elementor-element elementor-element-9e8d97e\" data-id=\"9e8d97e\" data-element_type=\"column\">\n\t\t\t<div class=\"elementor-widget-wrap elementor-element-populated\">\n\t\t\t\t\t\t<div class=\"elementor-element elementor-element-480f7e9 elementor-widget elementor-widget-text-editor\" data-id=\"480f7e9\" data-element_type=\"widget\" data-widget_type=\"text-editor.default\">\n\t\t\t\t<div class=\"elementor-widget-container\">\n\t\t\t\t\t\t\t\t\t<p><span style=\"font-weight: 400;\">En conclusion, la <\/span><a href=\"https:\/\/richeskarayib.com\/es\/chukka-aventuras-en-el-caribe-liderando-experiencias-de-turismo-sostenible\/\" target=\"_blank\" rel=\"noopener\">biodiversit\u00e9<\/a> de Montserrat<span style=\"font-weight: 400;\"> est un enjeu crucial non seulement pour l&#8217;\u00eele, mais aussi pour toute la r\u00e9gion des Cara\u00efbes. Gr\u00e2ce \u00e0 des initiatives comme la SPANB, Montserrat s&#8217;engage sur la voie de la durabilit\u00e9. Il est essentiel que l&#8217;\u00eele continue \u00e0 renforcer ses efforts de conservation tout en sensibilisant la population \u00e0 l&#8217;importance de pr\u00e9server cet h\u00e9ritage naturel.  <\/span><\/p>\n<p>\n            <span style=\"font-weight: 400;\">L&#8217;avenir de la biodiversit\u00e9 dans les Cara\u00efbes repose sur des actions concr\u00e8tes et une collaboration entre tous les acteurs concern\u00e9s. Montserrat est sur la bonne voie, et l&#8217;espoir demeure pour la pr\u00e9servation de sa biodiversit\u00e9 unique. <\/span>\n          <\/p>\n\t\t\t\t\t\t\t\t<\/div>\n\t\t\t\t<\/div>\n\t\t\t\t\t<\/div>\n\t\t<\/div>\n\t\t\t\t\t<\/div>\n\t\t<\/section>\n\t\t\t\t<\/div>\n\t\t","protected":false},"excerpt":{"rendered":"<p>Montserrat et sa biodiversit\u00e9 exceptionnelle Montserrat, la petite \u00eele carib\u00e9enne vient de franchir une \u00e9tape cruciale dans la protection de sa biodiversit\u00e9 unique. En d\u00e9cembre 2024, les autorit\u00e9s ont lanc\u00e9 la Strat\u00e9gie et Plan d&#8217;Action National pour la Biodiversit\u00e9 (SPANB) de l&#8217;\u00eele, marquant un tournant dans ses efforts de conservation. Nich\u00e9e au c\u0153ur des Petites [&hellip;]<\/p>\n","protected":false},"author":662,"featured_media":44333,"comment_status":"open","ping_status":"open","sticky":false,"template":"","format":"standard","meta":{"_acf_changed":false,"footnotes":""},"categories":[839],"tags":[1699],"class_list":["post-44343","post","type-post","status-publish","format-standard","has-post-thumbnail","hentry","category-noticias","tag-montserrat-es"],"acf":[],"_links":{"self":[{"href":"https:\/\/richeskarayib.com\/es\/wp-json\/wp\/v2\/posts\/44343","targetHints":{"allow":["GET"]}}],"collection":[{"href":"https:\/\/richeskarayib.com\/es\/wp-json\/wp\/v2\/posts"}],"about":[{"href":"https:\/\/richeskarayib.com\/es\/wp-json\/wp\/v2\/types\/post"}],"author":[{"embeddable":true,"href":"https:\/\/richeskarayib.com\/es\/wp-json\/wp\/v2\/users\/662"}],"replies":[{"embeddable":true,"href":"https:\/\/richeskarayib.com\/es\/wp-json\/wp\/v2\/comments?post=44343"}],"version-history":[{"count":0,"href":"https:\/\/richeskarayib.com\/es\/wp-json\/wp\/v2\/posts\/44343\/revisions"}],"wp:featuredmedia":[{"embeddable":true,"href":"https:\/\/richeskarayib.com\/es\/wp-json\/wp\/v2\/media\/44333"}],"wp:attachment":[{"href":"https:\/\/richeskarayib.com\/es\/wp-json\/wp\/v2\/media?parent=44343"}],"wp:term":[{"taxonomy":"category","embeddable":true,"href":"https:\/\/richeskarayib.com\/es\/wp-json\/wp\/v2\/categories?post=44343"},{"taxonomy":"post_tag","embeddable":true,"href":"https:\/\/richeskarayib.com\/es\/wp-json\/wp\/v2\/tags?post=44343"}],"curies":[{"name":"wp","href":"https:\/\/api.w.org\/{rel}","templated":true}]}}