{"id":44727,"date":"2025-02-06T00:58:37","date_gmt":"2025-02-06T04:58:37","guid":{"rendered":"https:\/\/richeskarayib.com\/reinventar-la-cultura-caribena-retos-y-oportunidades-para-un-futuro-sostenible\/"},"modified":"2025-02-06T00:58:40","modified_gmt":"2025-02-06T04:58:40","slug":"reinventar-la-cultura-caribena-retos-y-oportunidades-para-un-futuro-sostenible","status":"publish","type":"post","link":"https:\/\/richeskarayib.com\/es\/reinventar-la-cultura-caribena-retos-y-oportunidades-para-un-futuro-sostenible\/","title":{"rendered":"Reinventar la cultura caribe\u00f1a: retos y oportunidades para un futuro sostenible"},"content":{"rendered":"\t\t<div data-elementor-type=\"wp-post\" data-elementor-id=\"44727\" class=\"elementor elementor-44727 elementor-44698\" data-elementor-post-type=\"post\">\n\t\t\t\t\t\t<section class=\"elementor-section elementor-top-section elementor-element elementor-element-4020f89 elementor-section-boxed elementor-section-height-default elementor-section-height-default\" data-id=\"4020f89\" data-element_type=\"section\">\n\t\t\t\t\t\t<div class=\"elementor-container elementor-column-gap-default\">\n\t\t\t\t\t<div class=\"elementor-column elementor-col-100 elementor-top-column elementor-element elementor-element-98a76b8\" data-id=\"98a76b8\" data-element_type=\"column\">\n\t\t\t<div class=\"elementor-widget-wrap elementor-element-populated\">\n\t\t\t\t\t\t<div class=\"elementor-element elementor-element-eed5b81 elementor-widget elementor-widget-text-editor\" data-id=\"eed5b81\" data-element_type=\"widget\" data-widget_type=\"text-editor.default\">\n\t\t\t\t<div class=\"elementor-widget-container\">\n\t\t\t\t\t\t\t\t\t<p><span style=\"font-weight: 400;\">La p\u00e1gina <\/span><a href=\"https:\/\/www.caribbeanislands.com\/fr\/culture-caribeenne\/#:~:text=L&#039;un%20des%20aspects%20les,du%20zouk%20sont%20typiquement%20carib%C3%A9ens.\" target=\"_blank\" rel=\"noopener nofollow\"><b>cultura caribe\u00f1a<\/b><\/a><span style=\"font-weight: 400;\">  es un tesoro de valor incalculable, rico en tradiciones, m\u00fasica y artes que son el orgullo de sus pueblos. Sin embargo, tras esta belleza se esconden grandes retos, sobre todo en t\u00e9rminos de sostenibilidad y financiaci\u00f3n. Ante estos problemas, \u00bfc\u00f3mo pueden los profesionales de la cultura abrirse camino hacia un futuro pr\u00f3spero? Este art\u00edculo examina estas cuestiones, proponiendo soluciones concretas y pertinentes.   <\/span><\/p>\n\t\t\t\t\t\t\t\t<\/div>\n\t\t\t\t<\/div>\n\t\t\t\t\t<\/div>\n\t\t<\/div>\n\t\t\t\t\t<\/div>\n\t\t<\/section>\n\t\t\t\t<section class=\"elementor-section elementor-top-section elementor-element elementor-element-329a1c4 elementor-section-boxed elementor-section-height-default elementor-section-height-default\" data-id=\"329a1c4\" data-element_type=\"section\">\n\t\t\t\t\t\t<div class=\"elementor-container elementor-column-gap-default\">\n\t\t\t\t\t<div class=\"elementor-column elementor-col-100 elementor-top-column elementor-element elementor-element-43de922\" data-id=\"43de922\" data-element_type=\"column\">\n\t\t\t<div class=\"elementor-widget-wrap elementor-element-populated\">\n\t\t\t\t\t\t<div class=\"elementor-element elementor-element-9de5902 elementor-widget elementor-widget-heading\" data-id=\"9de5902\" data-element_type=\"widget\" data-widget_type=\"heading.default\">\n\t\t\t\t<div class=\"elementor-widget-container\">\n\t\t\t\t\t<h2 class=\"elementor-heading-title elementor-size-default\">La econom\u00eda cultural en peligro<\/h2>\t\t\t\t<\/div>\n\t\t\t\t<\/div>\n\t\t\t\t<div class=\"elementor-element elementor-element-f766302 elementor-widget elementor-widget-text-editor\" data-id=\"f766302\" data-element_type=\"widget\" data-widget_type=\"text-editor.default\">\n\t\t\t\t<div class=\"elementor-widget-container\">\n\t\t\t\t\t\t\t\t\t<h3>\n            <b>Una dependencia arriesgada<\/b><br \/>\n          <\/h3>\n<p><span style=\"font-weight: 400;\">El sector cultural del Caribe depende en gran medida del turismo y de las subvenciones p\u00fablicas. Esta dependencia es especialmente preocupante, como ha demostrado la pandemia de COVID-19, que ha afectado gravemente a muchos artistas y eventos. Para reforzar la resistencia del    <\/span><a href=\"http:\/\/www.caribbean-atlas.com\/fr\/thematiques\/qu-est-ce-que-la-caraibe\/la-caraibe-espace-culturel.html\" target=\"_blank\" rel=\"noopener nofollow\"><b>Cultura caribe\u00f1a<\/b><\/a><span style=\"font-weight: 400;\">Es esencial diversificar las fuentes de ingresos.<\/span><\/p>\n<p>\n            <b>Soluci\u00f3n a explorar: diversificaci\u00f3n de ingresos<\/b>\n          <\/p>\n<ul>\n<li style=\"font-weight: 400;\" aria-level=\"1\">\n              <b>Financiaci\u00f3n colectiva<\/b><br \/>\n              <span style=\"font-weight: 400;\">  Los artistas pueden lanzar campa\u00f1as en plataformas de crowdfunding para financiar proyectos espec\u00edficos. Esto no s\u00f3lo permite recaudar fondos, sino tambi\u00e9n crear una comunidad en torno a su trabajo. <\/span>\n            <\/li>\n<li style=\"font-weight: 400;\" aria-level=\"1\">\n              <b>Derivados<\/b><br \/>\n              <span style=\"font-weight: 400;\">  Desarrollar y vender productos derivados (merchandising, obras de arte de edici\u00f3n limitada, etc.) puede suponer una fuente de ingresos adicional. Los artistas deben recibir formaci\u00f3n sobre la creaci\u00f3n y comercializaci\u00f3n de estos productos para maximizar sus beneficios. <\/span>\n            <\/li>\n<li style=\"font-weight: 400;\" aria-level=\"1\"><b>Eventos internacionales<\/b><span style=\"font-weight: 400;\"> Participar en festivales y actos culturales en el extranjero puede abrirte nuevas fuentes de ingresos, al tiempo que promocionas <\/span><b>la cultura caribe\u00f1a<\/b><span style=\"font-weight: 400;\">  a escala mundial. Tambi\u00e9n tiende puentes entre los artistas locales y el p\u00fablico internacional. <\/span><\/li>\n<\/ul>\n\t\t\t\t\t\t\t\t<\/div>\n\t\t\t\t<\/div>\n\t\t\t\t<div class=\"elementor-element elementor-element-2c21c84 elementor-widget elementor-widget-text-editor\" data-id=\"2c21c84\" data-element_type=\"widget\" data-widget_type=\"text-editor.default\">\n\t\t\t\t<div class=\"elementor-widget-container\">\n\t\t\t\t\t\t\t\t\t<h3>\n            <b>La lucha por el patrimonio<\/b><br \/>\n          <\/h3>\n<p>\n            <span style=\"font-weight: 400;\">La globalizaci\u00f3n representa un gran reto para la conservaci\u00f3n de las tradiciones culturales. Los j\u00f3venes, cada vez m\u00e1s atra\u00eddos por influencias externas, corren el peligro de perder el contacto con su patrimonio. <\/span>\n          <\/p>\n<p>\n            <b>Soluci\u00f3n a considerar: Integraci\u00f3n educativa<\/b>\n          <\/p>\n<ul>\n<li style=\"font-weight: 400;\" aria-level=\"1\">\n              <b>Programas escolares<\/b><br \/>\n              <span style=\"font-weight: 400;\">  Desarrollar programas educativos que integren la historia local, la m\u00fasica, la danza y las artes visuales en el curr\u00edculo escolar puede reforzar la identidad cultural de los j\u00f3venes. Las excursiones a lugares hist\u00f3ricos o los talleres con artistas locales tambi\u00e9n podr\u00edan enriquecer esta experiencia. <\/span>\n            <\/li>\n<li style=\"font-weight: 400;\" aria-level=\"1\">\n              <b>Tutor\u00eda<\/b><br \/>\n              <span style=\"font-weight: 400;\">  Crear programas de tutor\u00eda en los que artistas consagrados compartan sus conocimientos con j\u00f3venes talentos puede fomentar la transmisi\u00f3n de habilidades y tradiciones. Estas iniciativas ayudan a reforzar los v\u00ednculos entre generaciones y garantizan la transmisi\u00f3n de conocimientos. <\/span>\n            <\/li>\n<\/ul>\n\t\t\t\t\t\t\t\t<\/div>\n\t\t\t\t<\/div>\n\t\t\t\t<div class=\"elementor-element elementor-element-f47da2c elementor-widget elementor-widget-text-editor\" data-id=\"f47da2c\" data-element_type=\"widget\" data-widget_type=\"text-editor.default\">\n\t\t\t\t<div class=\"elementor-widget-container\">\n\t\t\t\t\t\t\t\t\t<h4>\n            <b>Infraestructuras: Una cruel carencia<\/b><br \/>\n          <\/h4>\n<p>\n            <span style=\"font-weight: 400;\">La creaci\u00f3n art\u00edstica requiere espacios adecuados. Sin embargo, muchos artistas se ven obstaculizados por la falta de infraestructuras adecuadas, lo que limita su capacidad para expresarse y llegar al p\u00fablico. <\/span>\n          <\/p>\n<p>\n            <b>Soluci\u00f3n a aplicar: Inversi\u00f3n en infraestructuras<\/b>\n          <\/p>\n<ul>\n<li style=\"font-weight: 400;\" aria-level=\"1\">\n              <b>Centros Culturales Multifuncionales<\/b><br \/>\n              <span style=\"font-weight: 400;\">  Los gobiernos deber\u00edan invertir en la creaci\u00f3n de centros culturales que ofrezcan estudios creativos, salas de exposiciones y espacios para actuaciones. Estos centros podr\u00edan servir como puntos de encuentro para artistas y p\u00fablico, facilitando el intercambio cultural. <\/span>\n            <\/li>\n<li style=\"font-weight: 400;\" aria-level=\"1\">\n              <b>Asociaciones con ONG<\/b><br \/>\n              <span style=\"font-weight: 400;\">  Trabajar con organizaciones no gubernamentales para desarrollar infraestructuras tambi\u00e9n puede ser una soluci\u00f3n. Estas ONG pueden aportar financiaci\u00f3n y conocimientos t\u00e9cnicos para crear estas zonas, al tiempo que fomentan la participaci\u00f3n de las comunidades locales. <\/span>\n            <\/li>\n<\/ul>\n\t\t\t\t\t\t\t\t<\/div>\n\t\t\t\t<\/div>\n\t\t\t\t\t<\/div>\n\t\t<\/div>\n\t\t\t\t\t<\/div>\n\t\t<\/section>\n\t\t\t\t<section class=\"elementor-section elementor-top-section elementor-element elementor-element-c8fe56a elementor-section-boxed elementor-section-height-default elementor-section-height-default\" data-id=\"c8fe56a\" data-element_type=\"section\">\n\t\t\t\t\t\t<div class=\"elementor-container elementor-column-gap-default\">\n\t\t\t\t\t<div class=\"elementor-column elementor-col-100 elementor-top-column elementor-element elementor-element-7df91d7\" data-id=\"7df91d7\" data-element_type=\"column\">\n\t\t\t<div class=\"elementor-widget-wrap elementor-element-populated\">\n\t\t\t\t\t\t<div class=\"elementor-element elementor-element-8cec1ef elementor-widget elementor-widget-heading\" data-id=\"8cec1ef\" data-element_type=\"widget\" data-widget_type=\"heading.default\">\n\t\t\t\t<div class=\"elementor-widget-container\">\n\t\t\t\t\t<h2 class=\"elementor-heading-title elementor-size-default\">Financiaci\u00f3n: Descifrando el laberinto<\/h2>\t\t\t\t<\/div>\n\t\t\t\t<\/div>\n\t\t\t\t\t<\/div>\n\t\t<\/div>\n\t\t\t\t\t<\/div>\n\t\t<\/section>\n\t\t\t\t<section class=\"elementor-section elementor-top-section elementor-element elementor-element-e5ceeb9 elementor-section-boxed elementor-section-height-default elementor-section-height-default\" data-id=\"e5ceeb9\" data-element_type=\"section\">\n\t\t\t\t\t\t<div class=\"elementor-container elementor-column-gap-default\">\n\t\t\t\t\t<div class=\"elementor-column elementor-col-100 elementor-top-column elementor-element elementor-element-8687ff0\" data-id=\"8687ff0\" data-element_type=\"column\">\n\t\t\t<div class=\"elementor-widget-wrap elementor-element-populated\">\n\t\t\t\t\t\t<div class=\"elementor-element elementor-element-8637873 elementor-widget elementor-widget-text-editor\" data-id=\"8637873\" data-element_type=\"widget\" data-widget_type=\"text-editor.default\">\n\t\t\t\t<div class=\"elementor-widget-container\">\n\t\t\t\t\t\t\t\t\t<h3>\n            <b>Acceso a los fondos: el viaje de un combatiente<\/b><br \/>\n          <\/h3>\n<p>\n            <span style=\"font-weight: 400;\">Muchos artistas se encuentran con complejas barreras administrativas cuando buscan financiaci\u00f3n. Esto puede desanimar incluso a los proyectos m\u00e1s prometedores. <\/span>\n          <\/p>\n<p>\n            <b>Soluci\u00f3n a considerar: simplificaci\u00f3n administrativa<\/b>\n          <\/p>\n<ul>\n<li style=\"font-weight: 400;\" aria-level=\"1\"><b>Gu\u00edas pr\u00e1cticas<\/b><span style=\"font-weight: 400;\"> Crear gu\u00edas pr\u00e1cticas sobre las distintas fuentes de financiaci\u00f3n disponibles, que incluyan consejos sobre la redacci\u00f3n de propuestas y la gesti\u00f3n de proyectos, puede ayudar a los artistas a prepararse mejor.<\/span><\/li>\n<\/ul>\n<p><b>Talleres de formaci\u00f3n<\/b><span style=\"font-weight: 400;\"> Organizar talleres sobre recaudaci\u00f3n de fondos, en los que los artistas puedan aprender a desenvolverse en el proceso de solicitud y a elaborar propuestas convincentes, es esencial para superar estos obst\u00e1culos.<\/span><\/p>\n\t\t\t\t\t\t\t\t<\/div>\n\t\t\t\t<\/div>\n\t\t\t\t<div class=\"elementor-element elementor-element-da295d3 elementor-widget elementor-widget-text-editor\" data-id=\"da295d3\" data-element_type=\"widget\" data-widget_type=\"text-editor.default\">\n\t\t\t\t<div class=\"elementor-widget-container\">\n\t\t\t\t\t\t\t\t\t<h3>\n            <b>Apoyo insuficiente<\/b><br \/>\n          <\/h3>\n<p>\n            <span style=\"font-weight: 400;\">A pesar de su importancia, los presupuestos asignados a la cultura son a menudo irrisorios. Es necesaria una toma de conciencia para cambiar esta situaci\u00f3n. <\/span>\n          <\/p>\n<p>\n            <b>Soluci\u00f3n a promover : Defensa y sensibilizaci\u00f3n<\/b>\n          <\/p>\n<ul>\n<li style=\"font-weight: 400;\" aria-level=\"1\"><b>Campa\u00f1as de sensibilizaci\u00f3n<\/b><span style=\"font-weight: 400;\"> Poner en marcha campa\u00f1as de promoci\u00f3n para sensibilizar a los responsables pol\u00edticos sobre el impacto econ\u00f3mico y social de la <\/span><b>la cultura caribe\u00f1a<\/b><span style=\"font-weight: 400;\">. El uso de estudios de casos y testimonios de artistas podr\u00eda reforzar este enfoque. <\/span><\/li>\n<li style=\"font-weight: 400;\" aria-level=\"1\">\n              <b>Asociaciones con instituciones<\/b><br \/>\n              <span style=\"font-weight: 400;\">  Establecer asociaciones con instituciones acad\u00e9micas para llevar a cabo investigaciones sobre el impacto de la cultura puede aportar pruebas en apoyo de la defensa. Esto facilitar\u00eda argumentar la importancia de invertir en el sector cultural. <\/span>\n            <\/li>\n<\/ul>\n\t\t\t\t\t\t\t\t<\/div>\n\t\t\t\t<\/div>\n\t\t\t\t<div class=\"elementor-element elementor-element-ff2a4e9 elementor-widget elementor-widget-text-editor\" data-id=\"ff2a4e9\" data-element_type=\"widget\" data-widget_type=\"text-editor.default\">\n\t\t\t\t<div class=\"elementor-widget-container\">\n\t\t\t\t\t\t\t\t\t<h3>\n            <b>Sensibilizar: un reto importante<\/b><br \/>\n          <\/h3>\n<p><span style=\"font-weight: 400;\">La p\u00e1gina <\/span><a href=\"https:\/\/richeskarayib.com\/es\/?p=43704\" target=\"_blank\" rel=\"noopener\"><b>cultura caribe\u00f1a<\/b><\/a><span style=\"font-weight: 400;\">  a menudo se percibe como un sector secundario, lo que va en detrimento de su reconocimiento. Los artistas deben hacer o\u00edr su voz para cambiar esta percepci\u00f3n. <\/span><\/p>\n<p>\n            <b>Soluci\u00f3n a explorar: Campa\u00f1as de sensibilizaci\u00f3n<\/b>\n          <\/p>\n<ul>\n<li style=\"font-weight: 400;\" aria-level=\"1\">\n              <b>Medios sociales y digitales<\/b><br \/>\n              <span style=\"font-weight: 400;\">  Utiliza las plataformas digitales para compartir historias inspiradoras sobre el impacto de la cultura. Los v\u00eddeos, podcasts o blogs pueden llegar a un p\u00fablico amplio y despertar el inter\u00e9s por las artes. <\/span>\n            <\/li>\n<li style=\"font-weight: 400;\" aria-level=\"1\"><b>Actos comunitarios<\/b><span style=\"font-weight: 400;\"> La organizaci\u00f3n de actos culturales locales, como festivales o exposiciones, puede atraer la atenci\u00f3n del p\u00fablico hacia los artistas y su trabajo, al tiempo que refuerza el sentimiento de pertenencia a la comunidad.<\/span><\/li>\n<\/ul>\n\t\t\t\t\t\t\t\t<\/div>\n\t\t\t\t<\/div>\n\t\t\t\t\t<\/div>\n\t\t<\/div>\n\t\t\t\t\t<\/div>\n\t\t<\/section>\n\t\t\t\t<section class=\"elementor-section elementor-top-section elementor-element elementor-element-4a06b7e elementor-section-boxed elementor-section-height-default elementor-section-height-default\" data-id=\"4a06b7e\" data-element_type=\"section\">\n\t\t\t\t\t\t<div class=\"elementor-container elementor-column-gap-default\">\n\t\t\t\t\t<div class=\"elementor-column elementor-col-100 elementor-top-column elementor-element elementor-element-1352a95\" data-id=\"1352a95\" data-element_type=\"column\">\n\t\t\t<div class=\"elementor-widget-wrap elementor-element-populated\">\n\t\t\t\t\t\t<div class=\"elementor-element elementor-element-d9be88b elementor-widget elementor-widget-heading\" data-id=\"d9be88b\" data-element_type=\"widget\" data-widget_type=\"heading.default\">\n\t\t\t\t<div class=\"elementor-widget-container\">\n\t\t\t\t\t<h2 class=\"elementor-heading-title elementor-size-default\">Hacia un futuro prometedor<\/h2>\t\t\t\t<\/div>\n\t\t\t\t<\/div>\n\t\t\t\t<div class=\"elementor-element elementor-element-4009aad elementor-widget elementor-widget-text-editor\" data-id=\"4009aad\" data-element_type=\"widget\" data-widget_type=\"text-editor.default\">\n\t\t\t\t<div class=\"elementor-widget-container\">\n\t\t\t\t\t\t\t\t\t<h3>\n            <b>Asociaciones p\u00fablico-privadas<\/b><br \/>\n          <\/h3>\n<p>\n            <span style=\"font-weight: 400;\">La colaboraci\u00f3n entre los sectores p\u00fablico y privado podr\u00eda abrir nuevas v\u00edas de financiaci\u00f3n. Las empresas locales podr\u00edan patrocinar actos culturales a cambio de visibilidad. <\/span>\n          <\/p>\n<p><b>Ejemplos de colaboraci\u00f3n<\/b><span style=\"font-weight: 400;\"> :<\/span><\/p>\n<ul>\n<li style=\"font-weight: 400;\" aria-level=\"1\">\n              <b>Patrocinio de eventos<\/b><br \/>\n              <span style=\"font-weight: 400;\">  Las empresas pueden patrocinar festivales de m\u00fasica o exposiciones de arte a cambio de publicidad. Esto permite a los artistas beneficiarse de recursos al tiempo que ofrece a las empresas una visibilidad positiva. <\/span>\n            <\/li>\n<li style=\"font-weight: 400;\" aria-level=\"1\"><b>Programas de responsabilidad social<\/b>: Animar a las empresas a invertir en programas de responsabilidad social centrados en la cultura tambi\u00e9n puede reforzar la participaci\u00f3n de la comunidad. Esto ayuda a establecer relaciones positivas entre las empresas y las comunidades. <\/li>\n<\/ul>\n\t\t\t\t\t\t\t\t<\/div>\n\t\t\t\t<\/div>\n\t\t\t\t<div class=\"elementor-element elementor-element-0e7304e elementor-widget elementor-widget-text-editor\" data-id=\"0e7304e\" data-element_type=\"widget\" data-widget_type=\"text-editor.default\">\n\t\t\t\t<div class=\"elementor-widget-container\">\n\t\t\t\t\t\t\t\t\t<h3>\n            <b>Iniciativas a desarrollar :<\/b><br \/>\n          <\/h3>\n<ul>\n<li style=\"font-weight: 400;\" aria-level=\"1\"><b>Talleres de Gesti\u00f3n Art\u00edstica<\/b><span style=\"font-weight: 400;\"> Ofrecer talleres sobre gesti\u00f3n profesional, contabilidad y marketing puede ayudar a los artistas a gestionar mejor sus proyectos y maximizar sus ingresos.<\/span><\/li>\n<li style=\"font-weight: 400;\" aria-level=\"1\">\n              <b>Redes de apoyo<\/b><br \/>\n              <span style=\"font-weight: 400;\">  La creaci\u00f3n de redes de apoyo entre artistas para compartir recursos, consejos y oportunidades puede fortalecer la comunidad art\u00edstica. Estas redes pueden proporcionar un espacio para el intercambio de ideas y buenas pr\u00e1cticas. <\/span>\n            <\/li>\n<\/ul>\n\t\t\t\t\t\t\t\t<\/div>\n\t\t\t\t<\/div>\n\t\t\t\t<div class=\"elementor-element elementor-element-591065f elementor-widget elementor-widget-text-editor\" data-id=\"591065f\" data-element_type=\"widget\" data-widget_type=\"text-editor.default\">\n\t\t\t\t<div class=\"elementor-widget-container\">\n\t\t\t\t\t\t\t\t\t<h3>\n            <b>Cultura en primera l\u00ednea<\/b><br \/>\n          <\/h3>\n<p><span style=\"font-weight: 400;\">Mostrar el talento local refuerza la identidad regional y atrae a los inversores. La creaci\u00f3n de festivales dedicados a   <\/span><b>cultura caribe\u00f1a<\/b><span style=\"font-weight: 400;\"> es una forma eficaz de celebrar esta riqueza.<\/span><\/p>\n<p><b>Modelos de festivales<\/b><span style=\"font-weight: 400;\"> :<\/span><\/p>\n<ul>\n<li style=\"font-weight: 400;\" aria-level=\"1\"><b>Festivales tem\u00e1ticos<\/b><span style=\"font-weight: 400;\"> Crear festivales en torno a temas espec\u00edficos, como la m\u00fasica, la gastronom\u00eda o la artesan\u00eda local, puede atraer a un p\u00fablico diverso y promover <\/span><b>la cultura caribe\u00f1a<\/b><span style=\"font-weight: 400;\">.<\/span><\/li>\n<li style=\"font-weight: 400;\" aria-level=\"1\"><b>Actos de colaboraci\u00f3n<\/b>: Fomentar la colaboraci\u00f3n entre artistas de distintas disciplinas (m\u00fasica, danza, artes visuales) puede enriquecer la experiencia cultural y crear una sinergia positiva.<\/li>\n<\/ul>\n\t\t\t\t\t\t\t\t<\/div>\n\t\t\t\t<\/div>\n\t\t\t\t\t<\/div>\n\t\t<\/div>\n\t\t\t\t\t<\/div>\n\t\t<\/section>\n\t\t\t\t<section class=\"elementor-section elementor-top-section elementor-element elementor-element-dacb5de elementor-section-boxed elementor-section-height-default elementor-section-height-default\" data-id=\"dacb5de\" data-element_type=\"section\">\n\t\t\t\t\t\t<div class=\"elementor-container elementor-column-gap-default\">\n\t\t\t\t\t<div class=\"elementor-column elementor-col-100 elementor-top-column elementor-element elementor-element-fd64481\" data-id=\"fd64481\" data-element_type=\"column\">\n\t\t\t<div class=\"elementor-widget-wrap elementor-element-populated\">\n\t\t\t\t\t\t<div class=\"elementor-element elementor-element-5c1e04c elementor-widget elementor-widget-text-editor\" data-id=\"5c1e04c\" data-element_type=\"widget\" data-widget_type=\"text-editor.default\">\n\t\t\t\t<div class=\"elementor-widget-container\">\n\t\t\t\t\t\t\t\t\t<p><span style=\"font-weight: 400;\">Profesionales de <\/span><a href=\"https:\/\/richeskarayib.com\/es\/el-steelpan-de-trinidad-y-tobago-una-potencia-cultural\/\" target=\"_blank\" rel=\"noopener\"><b>Cultura caribe\u00f1a<\/b><\/a><span style=\"font-weight: 400;\">  se encuentran en una encrucijada crucial. Los retos de la sostenibilidad y la financiaci\u00f3n son reales, pero no insuperables. Adoptando un enfoque innovador y colaborativo, es posible construir un sector cultural resistente y pr\u00f3spero. En     <\/span><b>Cultura caribe\u00f1a<\/b><span style=\"font-weight: 400;\">  no es s\u00f3lo un activo econ\u00f3mico, sino tambi\u00e9n una fuente de orgullo e identidad para toda una regi\u00f3n. \u00a1Trabajemos juntos para reinventar el futuro cultural del Caribe! <\/span><\/p>\n\t\t\t\t\t\t\t\t<\/div>\n\t\t\t\t<\/div>\n\t\t\t\t<section class=\"elementor-section elementor-inner-section elementor-element elementor-element-9a568c7 elementor-section-boxed elementor-section-height-default elementor-section-height-default\" data-id=\"9a568c7\" data-element_type=\"section\">\n\t\t\t\t\t\t<div class=\"elementor-container elementor-column-gap-default\">\n\t\t\t\t\t<div class=\"elementor-column elementor-col-50 elementor-inner-column elementor-element elementor-element-3b5b150\" data-id=\"3b5b150\" data-element_type=\"column\">\n\t\t\t<div class=\"elementor-widget-wrap elementor-element-populated\">\n\t\t\t\t\t\t<div class=\"elementor-element elementor-element-8f36a4c elementor-widget elementor-widget-image\" data-id=\"8f36a4c\" data-element_type=\"widget\" data-widget_type=\"image.default\">\n\t\t\t\t<div class=\"elementor-widget-container\">\n\t\t\t\t\t\t\t\t\t\t\t\t\t\t\t<img fetchpriority=\"high\" decoding=\"async\" width=\"800\" height=\"532\" src=\"https:\/\/richeskarayib.com\/wp-content\/uploads\/2025\/02\/l-art-des-caraibes-a-vendre-sur-la-plage-a-playa-macao-punta-cana-republique-dominicaine-d29pbh-Modifie-Modifie-1024x681.jpg\" class=\"attachment-large size-large wp-image-44715\" alt=\"culture carib\u00e9enne\" srcset=\"https:\/\/richeskarayib.com\/wp-content\/uploads\/2025\/02\/l-art-des-caraibes-a-vendre-sur-la-plage-a-playa-macao-punta-cana-republique-dominicaine-d29pbh-Modifie-Modifie-1024x681.jpg 1024w, https:\/\/richeskarayib.com\/wp-content\/uploads\/2025\/02\/l-art-des-caraibes-a-vendre-sur-la-plage-a-playa-macao-punta-cana-republique-dominicaine-d29pbh-Modifie-Modifie-300x200.jpg 300w, https:\/\/richeskarayib.com\/wp-content\/uploads\/2025\/02\/l-art-des-caraibes-a-vendre-sur-la-plage-a-playa-macao-punta-cana-republique-dominicaine-d29pbh-Modifie-Modifie-768x511.jpg 768w, https:\/\/richeskarayib.com\/wp-content\/uploads\/2025\/02\/l-art-des-caraibes-a-vendre-sur-la-plage-a-playa-macao-punta-cana-republique-dominicaine-d29pbh-Modifie-Modifie.jpg 1300w\" sizes=\"(max-width: 800px) 100vw, 800px\" \/>\t\t\t\t\t\t\t\t\t\t\t\t\t\t\t<\/div>\n\t\t\t\t<\/div>\n\t\t\t\t\t<\/div>\n\t\t<\/div>\n\t\t\t\t<div class=\"elementor-column elementor-col-50 elementor-inner-column elementor-element elementor-element-c7b16e8\" data-id=\"c7b16e8\" data-element_type=\"column\">\n\t\t\t<div class=\"elementor-widget-wrap elementor-element-populated\">\n\t\t\t\t\t\t<div class=\"elementor-element elementor-element-2a5e2f7 elementor-widget elementor-widget-image\" data-id=\"2a5e2f7\" data-element_type=\"widget\" data-widget_type=\"image.default\">\n\t\t\t\t<div class=\"elementor-widget-container\">\n\t\t\t\t\t\t\t\t\t\t\t\t\t\t\t<img decoding=\"async\" width=\"800\" height=\"529\" src=\"https:\/\/richeskarayib.com\/wp-content\/uploads\/2025\/02\/le-garifuna-effectuer-danse-traditionnelle-la-musique-garifuna-et-la-danse-font-partie-integrante-de-cette-culture-dp4003-Modifie-1024x677.jpg\" class=\"attachment-large size-large wp-image-44719\" alt=\"culture carib\u00e9enne\" srcset=\"https:\/\/richeskarayib.com\/wp-content\/uploads\/2025\/02\/le-garifuna-effectuer-danse-traditionnelle-la-musique-garifuna-et-la-danse-font-partie-integrante-de-cette-culture-dp4003-Modifie-1024x677.jpg 1024w, https:\/\/richeskarayib.com\/wp-content\/uploads\/2025\/02\/le-garifuna-effectuer-danse-traditionnelle-la-musique-garifuna-et-la-danse-font-partie-integrante-de-cette-culture-dp4003-Modifie-300x198.jpg 300w, https:\/\/richeskarayib.com\/wp-content\/uploads\/2025\/02\/le-garifuna-effectuer-danse-traditionnelle-la-musique-garifuna-et-la-danse-font-partie-integrante-de-cette-culture-dp4003-Modifie-768x508.jpg 768w, https:\/\/richeskarayib.com\/wp-content\/uploads\/2025\/02\/le-garifuna-effectuer-danse-traditionnelle-la-musique-garifuna-et-la-danse-font-partie-integrante-de-cette-culture-dp4003-Modifie.jpg 1300w\" sizes=\"(max-width: 800px) 100vw, 800px\" \/>\t\t\t\t\t\t\t\t\t\t\t\t\t\t\t<\/div>\n\t\t\t\t<\/div>\n\t\t\t\t\t<\/div>\n\t\t<\/div>\n\t\t\t\t\t<\/div>\n\t\t<\/section>\n\t\t\t\t\t<\/div>\n\t\t<\/div>\n\t\t\t\t\t<\/div>\n\t\t<\/section>\n\t\t\t\t<\/div>\n\t\t","protected":false},"excerpt":{"rendered":"<p>La p\u00e1gina cultura caribe\u00f1a es un tesoro de valor incalculable, rico en tradiciones, m\u00fasica y artes que son el orgullo de sus pueblos. Sin embargo, tras esta belleza se esconden grandes retos, sobre todo en t\u00e9rminos de sostenibilidad y financiaci\u00f3n. Ante estos problemas, \u00bfc\u00f3mo pueden los profesionales de la cultura abrirse camino hacia un futuro [&hellip;]<\/p>\n","protected":false},"author":662,"featured_media":44708,"comment_status":"open","ping_status":"open","sticky":false,"template":"","format":"standard","meta":{"_acf_changed":false,"footnotes":""},"categories":[839],"tags":[1442,1593,1547,816,1678],"class_list":["post-44727","post","type-post","status-publish","format-standard","has-post-thumbnail","hentry","category-noticias","tag-anguilla-es","tag-barbade-es","tag-guadalupe","tag-martinique-es","tag-santa-lucia-es-3"],"acf":[],"_links":{"self":[{"href":"https:\/\/richeskarayib.com\/es\/wp-json\/wp\/v2\/posts\/44727","targetHints":{"allow":["GET"]}}],"collection":[{"href":"https:\/\/richeskarayib.com\/es\/wp-json\/wp\/v2\/posts"}],"about":[{"href":"https:\/\/richeskarayib.com\/es\/wp-json\/wp\/v2\/types\/post"}],"author":[{"embeddable":true,"href":"https:\/\/richeskarayib.com\/es\/wp-json\/wp\/v2\/users\/662"}],"replies":[{"embeddable":true,"href":"https:\/\/richeskarayib.com\/es\/wp-json\/wp\/v2\/comments?post=44727"}],"version-history":[{"count":0,"href":"https:\/\/richeskarayib.com\/es\/wp-json\/wp\/v2\/posts\/44727\/revisions"}],"wp:featuredmedia":[{"embeddable":true,"href":"https:\/\/richeskarayib.com\/es\/wp-json\/wp\/v2\/media\/44708"}],"wp:attachment":[{"href":"https:\/\/richeskarayib.com\/es\/wp-json\/wp\/v2\/media?parent=44727"}],"wp:term":[{"taxonomy":"category","embeddable":true,"href":"https:\/\/richeskarayib.com\/es\/wp-json\/wp\/v2\/categories?post=44727"},{"taxonomy":"post_tag","embeddable":true,"href":"https:\/\/richeskarayib.com\/es\/wp-json\/wp\/v2\/tags?post=44727"}],"curies":[{"name":"wp","href":"https:\/\/api.w.org\/{rel}","templated":true}]}}