{"id":44817,"date":"2025-02-10T10:12:20","date_gmt":"2025-02-10T14:12:20","guid":{"rendered":"https:\/\/richeskarayib.com\/san-cristobal-brilla-en-el-sobewff-2025-un-escaparate-culinario-excepcional\/"},"modified":"2025-02-10T10:12:22","modified_gmt":"2025-02-10T14:12:22","slug":"san-cristobal-brilla-en-el-sobewff-2025-un-escaparate-culinario-excepcional","status":"publish","type":"post","link":"https:\/\/richeskarayib.com\/es\/san-cristobal-brilla-en-el-sobewff-2025-un-escaparate-culinario-excepcional\/","title":{"rendered":"San Crist\u00f3bal brilla en el SOBEWFF\u00ae 2025: Un escaparate culinario excepcional"},"content":{"rendered":"\t\t<div data-elementor-type=\"wp-post\" data-elementor-id=\"44817\" class=\"elementor elementor-44817 elementor-44793\" data-elementor-post-type=\"post\">\n\t\t\t\t\t\t<section class=\"elementor-section elementor-top-section elementor-element elementor-element-329a1c4 elementor-section-boxed elementor-section-height-default elementor-section-height-default\" data-id=\"329a1c4\" data-element_type=\"section\">\n\t\t\t\t\t\t<div class=\"elementor-container elementor-column-gap-default\">\n\t\t\t\t\t<div class=\"elementor-column elementor-col-100 elementor-top-column elementor-element elementor-element-43de922\" data-id=\"43de922\" data-element_type=\"column\">\n\t\t\t<div class=\"elementor-widget-wrap elementor-element-populated\">\n\t\t\t\t\t\t<section class=\"elementor-section elementor-inner-section elementor-element elementor-element-1c27136 elementor-section-boxed elementor-section-height-default elementor-section-height-default\" data-id=\"1c27136\" data-element_type=\"section\">\n\t\t\t\t\t\t<div class=\"elementor-container elementor-column-gap-default\">\n\t\t\t\t\t<div class=\"elementor-column elementor-col-100 elementor-inner-column elementor-element elementor-element-c05a8aa\" data-id=\"c05a8aa\" data-element_type=\"column\">\n\t\t\t<div class=\"elementor-widget-wrap elementor-element-populated\">\n\t\t\t\t\t\t<div class=\"elementor-element elementor-element-14845c3 elementor-widget elementor-widget-text-editor\" data-id=\"14845c3\" data-element_type=\"widget\" data-widget_type=\"text-editor.default\">\n\t\t\t\t<div class=\"elementor-widget-container\">\n\t\t\t\t\t\t\t\t\t<p><span style=\"font-weight: 400;\">El <\/span><a href=\"https:\/\/sobewff.org\/\" target=\"_blank\" rel=\"noopener nofollow\"><b>SOBEWFF<\/b><\/a> <span style=\"font-weight: 400;\">(<\/span><span style=\"font-weight: 400;\">Festival de Vino y Comida de South Beach)<\/span> <span style=\"font-weight: 400;\">2025 promete ser un acontecimiento gastron\u00f3mico que no te puedes perder, en el que se mostrar\u00e1 el talento culinario de San Crist\u00f3bal. Del 20 al 23 de febrero, Miami acoger\u00e1 este prestigioso festival, en el que los chefs de San Crist\u00f3bal Stephen Marsham y Alaric Arache representar\u00e1n con orgullo a su isla.  <\/span><\/p>\n\t\t\t\t\t\t\t\t<\/div>\n\t\t\t\t<\/div>\n\t\t\t\t\t<\/div>\n\t\t<\/div>\n\t\t\t\t\t<\/div>\n\t\t<\/section>\n\t\t\t\t\t<\/div>\n\t\t<\/div>\n\t\t\t\t\t<\/div>\n\t\t<\/section>\n\t\t\t\t<section class=\"elementor-section elementor-top-section elementor-element elementor-element-4a06b7e elementor-section-boxed elementor-section-height-default elementor-section-height-default\" data-id=\"4a06b7e\" data-element_type=\"section\">\n\t\t\t\t\t\t<div class=\"elementor-container elementor-column-gap-default\">\n\t\t\t\t\t<div class=\"elementor-column elementor-col-100 elementor-top-column elementor-element elementor-element-1352a95\" data-id=\"1352a95\" data-element_type=\"column\">\n\t\t\t<div class=\"elementor-widget-wrap elementor-element-populated\">\n\t\t\t\t\t\t<div class=\"elementor-element elementor-element-d9be88b elementor-widget elementor-widget-heading\" data-id=\"d9be88b\" data-element_type=\"widget\" data-widget_type=\"heading.default\">\n\t\t\t\t<div class=\"elementor-widget-container\">\n\t\t\t\t\t<h2 class=\"elementor-heading-title elementor-size-default\">Celebrando la excelencia culinaria de San Crist\u00f3bal \n<\/h2>\t\t\t\t<\/div>\n\t\t\t\t<\/div>\n\t\t\t\t<div class=\"elementor-element elementor-element-4009aad elementor-widget elementor-widget-text-editor\" data-id=\"4009aad\" data-element_type=\"widget\" data-widget_type=\"text-editor.default\">\n\t\t\t\t<div class=\"elementor-widget-container\">\n\t\t\t\t\t\t\t\t\t<p>\n            <span style=\"font-weight: 400;\">Los chefs <a href=\"https:\/\/www.instagram.com\/chefstephenmarsham\/\" target=\"_blank\" rel=\"noopener nofollow\">Stephen Marsham<\/a> y <a href=\"https:\/\/www.instagram.com\/chef_arache\/\" target=\"_blank\" rel=\"noopener nofollow\">Alaric Arache<\/a> aportar\u00e1n un toque caribe\u00f1o \u00fanico a este acontecimiento de fama mundial. Su participaci\u00f3n, orquestada por la Oficina de Turismo de San Crist\u00f3bal, pretende poner de relieve el rico patrimonio gastron\u00f3mico de la isla. Estos talentosos chefs presentar\u00e1n platos aut\u00e9nticos que reflejan fielmente los sabores locales y la cultura culinaria de San Crist\u00f3bal.   <\/span>\n          <\/p>\n<p><span style=\"font-weight: 400;\">Kelly Fontenelle, Directora General de la Oficina de Turismo de San Crist\u00f3bal, subraya la importancia estrat\u00e9gica de esta participaci\u00f3n: &#8220;La Oficina de Turismo de San Crist\u00f3bal es un actor importante en la industria del turismo.   <\/span><b>SOBEWFF<\/b> <span style=\"font-weight: 400;\">(<\/span><span style=\"font-weight: 400;\">Festival de Vino y Comida de South Beach) <\/span> <span style=\"font-weight: 400;\">ofrece una plataforma inigualable para promocionar nuestra diversa y sabrosa cocina. Nuestros chefs locales encarnan la creatividad y autenticidad de nuestra cultura culinaria&#8221;. <\/span><\/p>\n\t\t\t\t\t\t\t\t<\/div>\n\t\t\t\t<\/div>\n\t\t\t\t<section class=\"elementor-section elementor-inner-section elementor-element elementor-element-0351fb6 elementor-section-boxed elementor-section-height-default elementor-section-height-default\" data-id=\"0351fb6\" data-element_type=\"section\">\n\t\t\t\t\t\t<div class=\"elementor-container elementor-column-gap-default\">\n\t\t\t\t\t<div class=\"elementor-column elementor-col-50 elementor-inner-column elementor-element elementor-element-06feb6e\" data-id=\"06feb6e\" data-element_type=\"column\">\n\t\t\t<div class=\"elementor-widget-wrap elementor-element-populated\">\n\t\t\t\t\t\t<div class=\"elementor-element elementor-element-0affd17 elementor-widget elementor-widget-image\" data-id=\"0affd17\" data-element_type=\"widget\" data-widget_type=\"image.default\">\n\t\t\t\t<div class=\"elementor-widget-container\">\n\t\t\t\t\t\t\t\t\t\t\t\t<figure class=\"wp-caption\">\n\t\t\t\t\t\t\t\t\t\t<img fetchpriority=\"high\" decoding=\"async\" width=\"800\" height=\"954\" src=\"https:\/\/richeskarayib.com\/wp-content\/uploads\/2025\/02\/476458177_1183090200232894_1063521816332413047_n-859x1024.jpg\" class=\"attachment-large size-large wp-image-44804\" alt=\"SOBEWFF\" srcset=\"https:\/\/richeskarayib.com\/wp-content\/uploads\/2025\/02\/476458177_1183090200232894_1063521816332413047_n-859x1024.jpg 859w, https:\/\/richeskarayib.com\/wp-content\/uploads\/2025\/02\/476458177_1183090200232894_1063521816332413047_n-252x300.jpg 252w, https:\/\/richeskarayib.com\/wp-content\/uploads\/2025\/02\/476458177_1183090200232894_1063521816332413047_n-768x915.jpg 768w, https:\/\/richeskarayib.com\/wp-content\/uploads\/2025\/02\/476458177_1183090200232894_1063521816332413047_n-1289x1536.jpg 1289w, https:\/\/richeskarayib.com\/wp-content\/uploads\/2025\/02\/476458177_1183090200232894_1063521816332413047_n-1320x1573.jpg 1320w, https:\/\/richeskarayib.com\/wp-content\/uploads\/2025\/02\/476458177_1183090200232894_1063521816332413047_n.jpg 1611w\" sizes=\"(max-width: 800px) 100vw, 800px\" \/>\t\t\t\t\t\t\t\t\t\t\t<figcaption class=\"widget-image-caption wp-caption-text\">Stephen Marsham.\n\nSource:Stephen Marsham<\/figcaption>\n\t\t\t\t\t\t\t\t\t\t<\/figure>\n\t\t\t\t\t\t\t\t\t<\/div>\n\t\t\t\t<\/div>\n\t\t\t\t\t<\/div>\n\t\t<\/div>\n\t\t\t\t<div class=\"elementor-column elementor-col-50 elementor-inner-column elementor-element elementor-element-08ec640\" data-id=\"08ec640\" data-element_type=\"column\">\n\t\t\t<div class=\"elementor-widget-wrap elementor-element-populated\">\n\t\t\t\t\t\t<div class=\"elementor-element elementor-element-65b8974 elementor-widget elementor-widget-image\" data-id=\"65b8974\" data-element_type=\"widget\" data-widget_type=\"image.default\">\n\t\t\t\t<div class=\"elementor-widget-container\">\n\t\t\t\t\t\t\t\t\t\t\t\t<figure class=\"wp-caption\">\n\t\t\t\t\t\t\t\t\t\t<img decoding=\"async\" width=\"800\" height=\"1000\" src=\"https:\/\/richeskarayib.com\/wp-content\/uploads\/2025\/02\/476342353_1183090180232896_584524902159421381_n-819x1024.jpg\" class=\"attachment-large size-large wp-image-44808\" alt=\"SOBEWFF\" srcset=\"https:\/\/richeskarayib.com\/wp-content\/uploads\/2025\/02\/476342353_1183090180232896_584524902159421381_n-819x1024.jpg 819w, https:\/\/richeskarayib.com\/wp-content\/uploads\/2025\/02\/476342353_1183090180232896_584524902159421381_n-240x300.jpg 240w, https:\/\/richeskarayib.com\/wp-content\/uploads\/2025\/02\/476342353_1183090180232896_584524902159421381_n-768x960.jpg 768w, https:\/\/richeskarayib.com\/wp-content\/uploads\/2025\/02\/476342353_1183090180232896_584524902159421381_n-1229x1536.jpg 1229w, https:\/\/richeskarayib.com\/wp-content\/uploads\/2025\/02\/476342353_1183090180232896_584524902159421381_n-1320x1650.jpg 1320w, https:\/\/richeskarayib.com\/wp-content\/uploads\/2025\/02\/476342353_1183090180232896_584524902159421381_n.jpg 1536w\" sizes=\"(max-width: 800px) 100vw, 800px\" \/>\t\t\t\t\t\t\t\t\t\t\t<figcaption class=\"widget-image-caption wp-caption-text\">Alaric Arache.\n\nSource: Alaric Arache<\/figcaption>\n\t\t\t\t\t\t\t\t\t\t<\/figure>\n\t\t\t\t\t\t\t\t\t<\/div>\n\t\t\t\t<\/div>\n\t\t\t\t\t<\/div>\n\t\t<\/div>\n\t\t\t\t\t<\/div>\n\t\t<\/section>\n\t\t\t\t\t<\/div>\n\t\t<\/div>\n\t\t\t\t\t<\/div>\n\t\t<\/section>\n\t\t\t\t<section class=\"elementor-section elementor-top-section elementor-element elementor-element-81870ce elementor-section-boxed elementor-section-height-default elementor-section-height-default\" data-id=\"81870ce\" data-element_type=\"section\">\n\t\t\t\t\t\t<div class=\"elementor-container elementor-column-gap-default\">\n\t\t\t\t\t<div class=\"elementor-column elementor-col-100 elementor-top-column elementor-element elementor-element-b229cc7\" data-id=\"b229cc7\" data-element_type=\"column\">\n\t\t\t<div class=\"elementor-widget-wrap elementor-element-populated\">\n\t\t\t\t\t\t<div class=\"elementor-element elementor-element-e9c6d5b elementor-widget elementor-widget-heading\" data-id=\"e9c6d5b\" data-element_type=\"widget\" data-widget_type=\"heading.default\">\n\t\t\t\t<div class=\"elementor-widget-container\">\n\t\t\t\t\t<h2 class=\"elementor-heading-title elementor-size-default\">Un festival internacional<\/h2>\t\t\t\t<\/div>\n\t\t\t\t<\/div>\n\t\t\t\t<div class=\"elementor-element elementor-element-a75e9bf elementor-widget elementor-widget-text-editor\" data-id=\"a75e9bf\" data-element_type=\"widget\" data-widget_type=\"text-editor.default\">\n\t\t\t\t<div class=\"elementor-widget-container\">\n\t\t\t\t\t\t\t\t\t<p><span style=\"font-weight: 400;\">El <\/span><b>SOBEWFF<\/b> <span style=\"font-weight: 400;\">(<\/span><span style=\"font-weight: 400;\">Festival de Vino y Comida de South Beach) <\/span> <span style=\"font-weight: 400;\">2025 promete ser un acontecimiento espectacular, que reunir\u00e1 a m\u00e1s de 500 expertos culinarios, celebridades y personalidades de la alimentaci\u00f3n. Con m\u00e1s de 105 actos programados a lo largo de cuatro d\u00edas, el festival atrae a amantes de la gastronom\u00eda de todo el mundo. Esta 24\u00aa edici\u00f3n da continuidad a un evento que ya ha recaudado m\u00e1s de 40 millones de d\u00f3lares para la Escuela Chaplin de Hosteler\u00eda y Turismo de la Universidad Internacional de Florida.  <\/span><\/p>\n\t\t\t\t\t\t\t\t<\/div>\n\t\t\t\t<\/div>\n\t\t\t\t\t<\/div>\n\t\t<\/div>\n\t\t\t\t\t<\/div>\n\t\t<\/section>\n\t\t\t\t<section class=\"elementor-section elementor-top-section elementor-element elementor-element-5fd8ee0 elementor-section-boxed elementor-section-height-default elementor-section-height-default\" data-id=\"5fd8ee0\" data-element_type=\"section\">\n\t\t\t\t\t\t<div class=\"elementor-container elementor-column-gap-default\">\n\t\t\t\t\t<div class=\"elementor-column elementor-col-100 elementor-top-column elementor-element elementor-element-b7316a2\" data-id=\"b7316a2\" data-element_type=\"column\">\n\t\t\t<div class=\"elementor-widget-wrap elementor-element-populated\">\n\t\t\t\t\t\t<div class=\"elementor-element elementor-element-96314ef elementor-widget elementor-widget-heading\" data-id=\"96314ef\" data-element_type=\"widget\" data-widget_type=\"heading.default\">\n\t\t\t\t<div class=\"elementor-widget-container\">\n\t\t\t\t\t<h2 class=\"elementor-heading-title elementor-size-default\">San Crist\u00f3bal: Un destino culinario emergente <\/h2>\t\t\t\t<\/div>\n\t\t\t\t<\/div>\n\t\t\t\t<div class=\"elementor-element elementor-element-d5b8f9e elementor-widget elementor-widget-text-editor\" data-id=\"d5b8f9e\" data-element_type=\"widget\" data-widget_type=\"text-editor.default\">\n\t\t\t\t<div class=\"elementor-widget-container\">\n\t\t\t\t\t\t\t\t\t<p><span style=\"font-weight: 400;\">La participaci\u00f3n de San Crist\u00f3bal en la   <\/span><b>SOBEWFF<\/b> <span style=\"font-weight: 400;\">(<\/span><span style=\"font-weight: 400;\">Festival de Vino y Comida de South Beach) <\/span> <span style=\"font-weight: 400;\">forma parte de una estrategia m\u00e1s amplia de promoci\u00f3n del turismo culinario. La isla se est\u00e1 posicionando como un destino que combina tradiciones culinarias e innovaciones gastron\u00f3micas. Este enfoque pretende atraer no s\u00f3lo a los gourmets, sino tambi\u00e9n a los amantes de la cultura y la aventura.  <\/span><\/p>\n\t\t\t\t\t\t\t\t<\/div>\n\t\t\t\t<\/div>\n\t\t\t\t\t<\/div>\n\t\t<\/div>\n\t\t\t\t\t<\/div>\n\t\t<\/section>\n\t\t\t\t<section class=\"elementor-section elementor-top-section elementor-element elementor-element-fdb48d4 elementor-section-boxed elementor-section-height-default elementor-section-height-default\" data-id=\"fdb48d4\" data-element_type=\"section\">\n\t\t\t\t\t\t<div class=\"elementor-container elementor-column-gap-default\">\n\t\t\t\t\t<div class=\"elementor-column elementor-col-100 elementor-top-column elementor-element elementor-element-262484a\" data-id=\"262484a\" data-element_type=\"column\">\n\t\t\t<div class=\"elementor-widget-wrap elementor-element-populated\">\n\t\t\t\t\t\t<div class=\"elementor-element elementor-element-fd51d44 elementor-widget elementor-widget-heading\" data-id=\"fd51d44\" data-element_type=\"widget\" data-widget_type=\"heading.default\">\n\t\t\t\t<div class=\"elementor-widget-container\">\n\t\t\t\t\t<h2 class=\"elementor-heading-title elementor-size-default\">El auge del turismo gastron\u00f3mico en San Crist\u00f3bal \n<\/h2>\t\t\t\t<\/div>\n\t\t\t\t<\/div>\n\t\t\t\t<div class=\"elementor-element elementor-element-ba2f1cc elementor-widget elementor-widget-text-editor\" data-id=\"ba2f1cc\" data-element_type=\"widget\" data-widget_type=\"text-editor.default\">\n\t\t\t\t<div class=\"elementor-widget-container\">\n\t\t\t\t\t\t\t\t\t<ul>\n<li style=\"font-weight: 400;\" aria-level=\"1\"><b>Diversas influencias culinarias:<\/b><span style=\"font-weight: 400;\"> La cocina gitana refleja una mezcla \u00fanica de influencias africanas, brit\u00e1nicas y caribe\u00f1as.<\/span><\/li>\n<li style=\"font-weight: 400;\" aria-level=\"1\"><b>Productos locales de calidad:<\/b><span style=\"font-weight: 400;\"> La isla es famosa por su marisco fresco, frutas tropicales y especias locales.<\/span><\/li>\n<li style=\"font-weight: 400;\" aria-level=\"1\"><b>Restaurantes innovadores:<\/b> Nuevos establecimientos ofrecen interpretaciones modernas de platos tradicionales.<\/li>\n<\/ul>\n\t\t\t\t\t\t\t\t<\/div>\n\t\t\t\t<\/div>\n\t\t\t\t\t<\/div>\n\t\t<\/div>\n\t\t\t\t\t<\/div>\n\t\t<\/section>\n\t\t\t\t<section class=\"elementor-section elementor-top-section elementor-element elementor-element-1c2eb7c elementor-section-boxed elementor-section-height-default elementor-section-height-default\" data-id=\"1c2eb7c\" data-element_type=\"section\">\n\t\t\t\t\t\t<div class=\"elementor-container elementor-column-gap-default\">\n\t\t\t\t\t<div class=\"elementor-column elementor-col-100 elementor-top-column elementor-element elementor-element-630fa63\" data-id=\"630fa63\" data-element_type=\"column\">\n\t\t\t<div class=\"elementor-widget-wrap elementor-element-populated\">\n\t\t\t\t\t\t<div class=\"elementor-element elementor-element-61310e3 elementor-widget elementor-widget-heading\" data-id=\"61310e3\" data-element_type=\"widget\" data-widget_type=\"heading.default\">\n\t\t\t\t<div class=\"elementor-widget-container\">\n\t\t\t\t\t<h2 class=\"elementor-heading-title elementor-size-default\">Impacto econ\u00f3mico y cultural<\/h2>\t\t\t\t<\/div>\n\t\t\t\t<\/div>\n\t\t\t\t<div class=\"elementor-element elementor-element-0040740 elementor-widget elementor-widget-text-editor\" data-id=\"0040740\" data-element_type=\"widget\" data-widget_type=\"text-editor.default\">\n\t\t\t\t<div class=\"elementor-widget-container\">\n\t\t\t\t\t\t\t\t\t<p><span style=\"font-weight: 400;\">La presencia de San Crist\u00f3bal en la   <\/span><b>SOBEWFF<\/b> <span style=\"font-weight: 400;\">(<\/span><span style=\"font-weight: 400;\">Festival del Vino y la Comida de South Beach) <\/span><span style=\"font-weight: 400;\">2025 deber\u00eda tener un impacto significativo:<\/span><\/p>\n<ul>\n<li style=\"font-weight: 400;\" aria-level=\"1\">\n              <span style=\"font-weight: 400;\">Mayor visibilidad internacional del destino<\/span>\n            <\/li>\n<li style=\"font-weight: 400;\" aria-level=\"1\">\n              <span style=\"font-weight: 400;\">Impulsar el sector tur\u00edstico local<\/span>\n            <\/li>\n<li style=\"font-weight: 400;\" aria-level=\"1\">\n              <span style=\"font-weight: 400;\">Mostrar el talento culinario de los kittianos<\/span>\n            <\/li>\n<li style=\"font-weight: 400;\" aria-level=\"1\">\n              <span style=\"font-weight: 400;\">Reforzar la identidad cultural a trav\u00e9s de la gastronom\u00eda<\/span>\n            <\/li>\n<\/ul>\n\t\t\t\t\t\t\t\t<\/div>\n\t\t\t\t<\/div>\n\t\t\t\t\t<\/div>\n\t\t<\/div>\n\t\t\t\t\t<\/div>\n\t\t<\/section>\n\t\t\t\t<section class=\"elementor-section elementor-top-section elementor-element elementor-element-a0af84d elementor-section-boxed elementor-section-height-default elementor-section-height-default\" data-id=\"a0af84d\" data-element_type=\"section\">\n\t\t\t\t\t\t<div class=\"elementor-container elementor-column-gap-default\">\n\t\t\t\t\t<div class=\"elementor-column elementor-col-100 elementor-top-column elementor-element elementor-element-e416a11\" data-id=\"e416a11\" data-element_type=\"column\">\n\t\t\t<div class=\"elementor-widget-wrap elementor-element-populated\">\n\t\t\t\t\t\t<div class=\"elementor-element elementor-element-98277db elementor-widget elementor-widget-heading\" data-id=\"98277db\" data-element_type=\"widget\" data-widget_type=\"heading.default\">\n\t\t\t\t<div class=\"elementor-widget-container\">\n\t\t\t\t\t<h2 class=\"elementor-heading-title elementor-size-default\">Chef embajadores: Marsham y Arache<\/h2>\t\t\t\t<\/div>\n\t\t\t\t<\/div>\n\t\t\t\t<div class=\"elementor-element elementor-element-46e4d87 elementor-widget elementor-widget-text-editor\" data-id=\"46e4d87\" data-element_type=\"widget\" data-widget_type=\"text-editor.default\">\n\t\t\t\t<div class=\"elementor-widget-container\">\n\t\t\t\t\t\t\t\t\t<p>\n            <span style=\"font-weight: 400;\">Stephen Marsham y Alaric Arache, aut\u00e9nticos embajadores de la cocina gitana, aportar\u00e1n su experiencia y creatividad al festival. Sus trayectorias ilustran el rico patrimonio culinario de la isla: <\/span>\n          <\/p>\n<ul>\n<li style=\"font-weight: 400;\" aria-level=\"1\"><b>Chef Stephen Marsham:<\/b><span style=\"font-weight: 400;\"> Conocido por su dominio de las t\u00e9cnicas culinarias tradicionales y su enfoque innovador de los ingredientes locales.<\/span><\/li>\n<li style=\"font-weight: 400;\" aria-level=\"1\"><b>Chef Alaric Arache:<\/b><span style=\"font-weight: 400;\"> Especialista en la fusi\u00f3n de la cocina caribe\u00f1a y las influencias internacionales, es conocido por sus art\u00edsticas presentaciones.<\/span><\/li>\n<\/ul>\n\t\t\t\t\t\t\t\t<\/div>\n\t\t\t\t<\/div>\n\t\t\t\t\t<\/div>\n\t\t<\/div>\n\t\t\t\t\t<\/div>\n\t\t<\/section>\n\t\t\t\t<section class=\"elementor-section elementor-top-section elementor-element elementor-element-4db601d elementor-section-boxed elementor-section-height-default elementor-section-height-default\" data-id=\"4db601d\" data-element_type=\"section\">\n\t\t\t\t\t\t<div class=\"elementor-container elementor-column-gap-default\">\n\t\t\t\t\t<div class=\"elementor-column elementor-col-100 elementor-top-column elementor-element elementor-element-8ce7cc4\" data-id=\"8ce7cc4\" data-element_type=\"column\">\n\t\t\t<div class=\"elementor-widget-wrap elementor-element-populated\">\n\t\t\t\t\t\t<div class=\"elementor-element elementor-element-aacd02d elementor-widget elementor-widget-heading\" data-id=\"aacd02d\" data-element_type=\"widget\" data-widget_type=\"heading.default\">\n\t\t\t\t<div class=\"elementor-widget-container\">\n\t\t\t\t\t<h2 class=\"elementor-heading-title elementor-size-default\">SOBEWFF\u00ae: Un trampol\u00edn para San Crist\u00f3bal \n<\/h2>\t\t\t\t<\/div>\n\t\t\t\t<\/div>\n\t\t\t\t<div class=\"elementor-element elementor-element-e20e1d8 elementor-widget elementor-widget-text-editor\" data-id=\"e20e1d8\" data-element_type=\"widget\" data-widget_type=\"text-editor.default\">\n\t\t\t\t<div class=\"elementor-widget-container\">\n\t\t\t\t\t\t\t\t\t<p><span style=\"font-weight: 400;\">Participaci\u00f3n en el <\/span><b>SOBEWFF<\/b><span style=\"font-weight: 400;\">(<\/span><span style=\"font-weight: 400;\">Festival de Vino y Comida de South Beach)<\/span><span style=\"font-weight: 400;\">  representa una oportunidad \u00fanica para que San Crist\u00f3bal se posicione en el escenario gastron\u00f3mico mundial. El evento, que atrae a m\u00e1s de 65.000 visitantes cada a\u00f1o, ofrece una visibilidad excepcional a los destinos participantes.  <\/span><\/p>\n\t\t\t\t\t\t\t\t<\/div>\n\t\t\t\t<\/div>\n\t\t\t\t<section class=\"elementor-section elementor-inner-section elementor-element elementor-element-bce4858 elementor-section-boxed elementor-section-height-default elementor-section-height-default\" data-id=\"bce4858\" data-element_type=\"section\">\n\t\t\t\t\t\t<div class=\"elementor-container elementor-column-gap-default\">\n\t\t\t\t\t<div class=\"elementor-column elementor-col-100 elementor-inner-column elementor-element elementor-element-c1d0636\" data-id=\"c1d0636\" data-element_type=\"column\">\n\t\t\t<div class=\"elementor-widget-wrap elementor-element-populated\">\n\t\t\t\t\t\t<div class=\"elementor-element elementor-element-5068f46 elementor-widget elementor-widget-image\" data-id=\"5068f46\" data-element_type=\"widget\" data-widget_type=\"image.default\">\n\t\t\t\t<div class=\"elementor-widget-container\">\n\t\t\t\t\t\t\t\t\t\t\t\t<figure class=\"wp-caption\">\n\t\t\t\t\t\t\t\t\t\t<img decoding=\"async\" width=\"800\" height=\"800\" src=\"https:\/\/richeskarayib.com\/wp-content\/uploads\/2025\/02\/476245353_1183092140232700_7561633341515973587_n-1024x1024.jpg\" class=\"attachment-large size-large wp-image-44812\" alt=\"SOBEWFF\" srcset=\"https:\/\/richeskarayib.com\/wp-content\/uploads\/2025\/02\/476245353_1183092140232700_7561633341515973587_n-1024x1024.jpg 1024w, https:\/\/richeskarayib.com\/wp-content\/uploads\/2025\/02\/476245353_1183092140232700_7561633341515973587_n-300x300.jpg 300w, https:\/\/richeskarayib.com\/wp-content\/uploads\/2025\/02\/476245353_1183092140232700_7561633341515973587_n-150x150.jpg 150w, https:\/\/richeskarayib.com\/wp-content\/uploads\/2025\/02\/476245353_1183092140232700_7561633341515973587_n-768x768.jpg 768w, https:\/\/richeskarayib.com\/wp-content\/uploads\/2025\/02\/476245353_1183092140232700_7561633341515973587_n.jpg 1080w\" sizes=\"(max-width: 800px) 100vw, 800px\" \/>\t\t\t\t\t\t\t\t\t\t\t<figcaption class=\"widget-image-caption wp-caption-text\">SOBEWFF<\/figcaption>\n\t\t\t\t\t\t\t\t\t\t<\/figure>\n\t\t\t\t\t\t\t\t\t<\/div>\n\t\t\t\t<\/div>\n\t\t\t\t\t<\/div>\n\t\t<\/div>\n\t\t\t\t\t<\/div>\n\t\t<\/section>\n\t\t\t\t\t<\/div>\n\t\t<\/div>\n\t\t\t\t\t<\/div>\n\t\t<\/section>\n\t\t\t\t<section class=\"elementor-section elementor-top-section elementor-element elementor-element-4b23550 elementor-section-boxed elementor-section-height-default elementor-section-height-default\" data-id=\"4b23550\" data-element_type=\"section\">\n\t\t\t\t\t\t<div class=\"elementor-container elementor-column-gap-default\">\n\t\t\t\t\t<div class=\"elementor-column elementor-col-100 elementor-top-column elementor-element elementor-element-c66fdb4\" data-id=\"c66fdb4\" data-element_type=\"column\">\n\t\t\t<div class=\"elementor-widget-wrap elementor-element-populated\">\n\t\t\t\t\t\t<div class=\"elementor-element elementor-element-938f963 elementor-widget elementor-widget-heading\" data-id=\"938f963\" data-element_type=\"widget\" data-widget_type=\"heading.default\">\n\t\t\t\t<div class=\"elementor-widget-container\">\n\t\t\t\t\t<h2 class=\"elementor-heading-title elementor-size-default\">Perspectivas de futuro del turismo gastron\u00f3mico en San Crist\u00f3bal <\/h2>\t\t\t\t<\/div>\n\t\t\t\t<\/div>\n\t\t\t\t<div class=\"elementor-element elementor-element-6a634a7 elementor-widget elementor-widget-text-editor\" data-id=\"6a634a7\" data-element_type=\"widget\" data-widget_type=\"text-editor.default\">\n\t\t\t\t<div class=\"elementor-widget-container\">\n\t\t\t\t\t\t\t\t\t<p>\n            <span style=\"font-weight: 400;\">La Oficina de Turismo de San Crist\u00f3bal considera esta participaci\u00f3n como un catalizador para el desarrollo del turismo gastron\u00f3mico en la isla. Se han previsto iniciativas para aprovechar esta exposici\u00f3n:  <\/span>\n          <\/p>\n<ul>\n<li style=\"font-weight: 400;\" aria-level=\"1\">\n              <span style=\"font-weight: 400;\">Organizaci\u00f3n de festivales culinarios locales<\/span>\n            <\/li>\n<li style=\"font-weight: 400;\" aria-level=\"1\">\n              <span style=\"font-weight: 400;\">Desarrollar rutas gastron\u00f3micas por la isla<\/span>\n            <\/li>\n<li style=\"font-weight: 400;\" aria-level=\"1\">\n              <span style=\"font-weight: 400;\">Formar y promover a los j\u00f3venes talentos culinarios de Kittia<\/span>\n            <\/li>\n<\/ul>\n\t\t\t\t\t\t\t\t<\/div>\n\t\t\t\t<\/div>\n\t\t\t\t\t<\/div>\n\t\t<\/div>\n\t\t\t\t\t<\/div>\n\t\t<\/section>\n\t\t\t\t<section class=\"elementor-section elementor-top-section elementor-element elementor-element-16b5d64 elementor-section-boxed elementor-section-height-default elementor-section-height-default\" data-id=\"16b5d64\" data-element_type=\"section\">\n\t\t\t\t\t\t<div class=\"elementor-container elementor-column-gap-default\">\n\t\t\t\t\t<div class=\"elementor-column elementor-col-100 elementor-top-column elementor-element elementor-element-2e214ec\" data-id=\"2e214ec\" data-element_type=\"column\">\n\t\t\t<div class=\"elementor-widget-wrap elementor-element-populated\">\n\t\t\t\t\t\t<div class=\"elementor-element elementor-element-d3c0d40 elementor-widget elementor-widget-text-editor\" data-id=\"d3c0d40\" data-element_type=\"widget\" data-widget_type=\"text-editor.default\">\n\t\t\t\t<div class=\"elementor-widget-container\">\n\t\t\t\t\t\t\t\t\t<p><span style=\"font-weight: 400;\">La participaci\u00f3n de San Crist\u00f3bal en la   <\/span><b>SOBEWFF <\/b><span style=\"font-weight: 400;\">(<\/span><span style=\"font-weight: 400;\">Festival de Vino y Comida de South Beach)<\/span><span style=\"font-weight: 400;\">  2025 marca un hito importante en el reconocimiento de la isla como destino gastron\u00f3mico de primer orden. Este evento proporciona una plataforma \u00fanica para mostrar la riqueza culinaria de San Crist\u00f3bal y estimular el inter\u00e9s de los viajeros gourmet de todo el mundo. Con sus talentosos chefs y su aut\u00e9ntica cocina, San Crist\u00f3bal est\u00e1 preparada para conquistar las papilas gustativas de los asistentes al festival y establecerse como destino de visita obligada para los amantes de <a href=\"https:\/\/richeskarayib.com\/es\/festival-gastronomico-de-saint-martin-una-celebracion-culinaria\/\" target=\"_blank\" rel=\"noopener\">la gastronom\u00eda caribe\u00f1a<\/a>.    <\/span><\/p>\n\t\t\t\t\t\t\t\t<\/div>\n\t\t\t\t<\/div>\n\t\t\t\t\t<\/div>\n\t\t<\/div>\n\t\t\t\t\t<\/div>\n\t\t<\/section>\n\t\t\t\t<\/div>\n\t\t","protected":false},"excerpt":{"rendered":"<p>El SOBEWFF (Festival de Vino y Comida de South Beach) 2025 promete ser un acontecimiento gastron\u00f3mico que no te puedes perder, en el que se mostrar\u00e1 el talento culinario de San Crist\u00f3bal. Del 20 al 23 de febrero, Miami acoger\u00e1 este prestigioso festival, en el que los chefs de San Crist\u00f3bal Stephen Marsham y Alaric [&hellip;]<\/p>\n","protected":false},"author":662,"featured_media":44797,"comment_status":"open","ping_status":"open","sticky":false,"template":"","format":"standard","meta":{"_acf_changed":false,"footnotes":""},"categories":[839],"tags":[1712],"class_list":["post-44817","post","type-post","status-publish","format-standard","has-post-thumbnail","hentry","category-noticias","tag-saint-christophe-y-nieves"],"acf":[],"_links":{"self":[{"href":"https:\/\/richeskarayib.com\/es\/wp-json\/wp\/v2\/posts\/44817","targetHints":{"allow":["GET"]}}],"collection":[{"href":"https:\/\/richeskarayib.com\/es\/wp-json\/wp\/v2\/posts"}],"about":[{"href":"https:\/\/richeskarayib.com\/es\/wp-json\/wp\/v2\/types\/post"}],"author":[{"embeddable":true,"href":"https:\/\/richeskarayib.com\/es\/wp-json\/wp\/v2\/users\/662"}],"replies":[{"embeddable":true,"href":"https:\/\/richeskarayib.com\/es\/wp-json\/wp\/v2\/comments?post=44817"}],"version-history":[{"count":0,"href":"https:\/\/richeskarayib.com\/es\/wp-json\/wp\/v2\/posts\/44817\/revisions"}],"wp:featuredmedia":[{"embeddable":true,"href":"https:\/\/richeskarayib.com\/es\/wp-json\/wp\/v2\/media\/44797"}],"wp:attachment":[{"href":"https:\/\/richeskarayib.com\/es\/wp-json\/wp\/v2\/media?parent=44817"}],"wp:term":[{"taxonomy":"category","embeddable":true,"href":"https:\/\/richeskarayib.com\/es\/wp-json\/wp\/v2\/categories?post=44817"},{"taxonomy":"post_tag","embeddable":true,"href":"https:\/\/richeskarayib.com\/es\/wp-json\/wp\/v2\/tags?post=44817"}],"curies":[{"name":"wp","href":"https:\/\/api.w.org\/{rel}","templated":true}]}}