{"id":44852,"date":"2025-02-10T13:21:56","date_gmt":"2025-02-10T17:21:56","guid":{"rendered":"https:\/\/richeskarayib.com\/rutas-americas-2025-un-evento-clave-para-el-futuro-del-turismo-aereo-en-el-caribe\/"},"modified":"2025-02-10T13:21:57","modified_gmt":"2025-02-10T17:21:57","slug":"rutas-americas-2025-un-evento-clave-para-el-futuro-del-turismo-aereo-en-el-caribe","status":"publish","type":"post","link":"https:\/\/richeskarayib.com\/es\/rutas-americas-2025-un-evento-clave-para-el-futuro-del-turismo-aereo-en-el-caribe\/","title":{"rendered":"Rutas Am\u00e9ricas 2025: Un evento clave para el futuro del turismo a\u00e9reo en el Caribe"},"content":{"rendered":"\t\t<div data-elementor-type=\"wp-post\" data-elementor-id=\"44852\" class=\"elementor elementor-44852 elementor-44824\" data-elementor-post-type=\"post\">\n\t\t\t\t\t\t<section class=\"elementor-section elementor-top-section elementor-element elementor-element-329a1c4 elementor-section-boxed elementor-section-height-default elementor-section-height-default\" data-id=\"329a1c4\" data-element_type=\"section\">\n\t\t\t\t\t\t<div class=\"elementor-container elementor-column-gap-default\">\n\t\t\t\t\t<div class=\"elementor-column elementor-col-100 elementor-top-column elementor-element elementor-element-43de922\" data-id=\"43de922\" data-element_type=\"column\">\n\t\t\t<div class=\"elementor-widget-wrap elementor-element-populated\">\n\t\t\t\t\t\t<section class=\"elementor-section elementor-inner-section elementor-element elementor-element-1c27136 elementor-section-boxed elementor-section-height-default elementor-section-height-default\" data-id=\"1c27136\" data-element_type=\"section\">\n\t\t\t\t\t\t<div class=\"elementor-container elementor-column-gap-default\">\n\t\t\t\t\t<div class=\"elementor-column elementor-col-100 elementor-inner-column elementor-element elementor-element-c05a8aa\" data-id=\"c05a8aa\" data-element_type=\"column\">\n\t\t\t<div class=\"elementor-widget-wrap elementor-element-populated\">\n\t\t\t\t\t\t<div class=\"elementor-element elementor-element-14845c3 elementor-widget elementor-widget-text-editor\" data-id=\"14845c3\" data-element_type=\"widget\" data-widget_type=\"text-editor.default\">\n\t\t\t\t<div class=\"elementor-widget-container\">\n\t\t\t\t\t\t\t\t\t<p><b><a href=\"https:\/\/sflcn.com\/routes-americas-enhancing-air-connectivity-in-the-caribbean\/\" target=\"_blank\" rel=\"noopener nofollow\">Rutas Am\u00e9ricas 2025<\/a>: <\/b><span style=\"font-weight: 400;\">El <\/span><b>conectividad a\u00e9rea<\/b><span style=\"font-weight: 400;\"> en el Caribe est\u00e1 a punto de dar un paso decisivo con el evento <\/span><b>Rutas Am\u00e9ricas 2025<\/b><span style=\"font-weight: 400;\">  que se celebrar\u00e1 en Nassau, Bahamas, del 10 al 12 de febrero de 2025. El evento reunir\u00e1 a m\u00e1s de 900 profesionales de la aviaci\u00f3n, incluidos representantes de aerol\u00edneas, aeropuertos y destinos tur\u00edsticos. Constituye una plataforma estrat\u00e9gica para debatir los retos y oportunidades a los que se enfrenta la industria de la aviaci\u00f3n en esta regi\u00f3n.  <\/span><\/p>\n\t\t\t\t\t\t\t\t<\/div>\n\t\t\t\t<\/div>\n\t\t\t\t\t<\/div>\n\t\t<\/div>\n\t\t\t\t\t<\/div>\n\t\t<\/section>\n\t\t\t\t\t<\/div>\n\t\t<\/div>\n\t\t\t\t\t<\/div>\n\t\t<\/section>\n\t\t\t\t<section class=\"elementor-section elementor-top-section elementor-element elementor-element-4a06b7e elementor-section-boxed elementor-section-height-default elementor-section-height-default\" data-id=\"4a06b7e\" data-element_type=\"section\">\n\t\t\t\t\t\t<div class=\"elementor-container elementor-column-gap-default\">\n\t\t\t\t\t<div class=\"elementor-column elementor-col-100 elementor-top-column elementor-element elementor-element-1352a95\" data-id=\"1352a95\" data-element_type=\"column\">\n\t\t\t<div class=\"elementor-widget-wrap elementor-element-populated\">\n\t\t\t\t\t\t<div class=\"elementor-element elementor-element-d9be88b elementor-widget elementor-widget-heading\" data-id=\"d9be88b\" data-element_type=\"widget\" data-widget_type=\"heading.default\">\n\t\t\t\t<div class=\"elementor-widget-container\">\n\t\t\t\t\t<h2 class=\"elementor-heading-title elementor-size-default\">Un foro estrat\u00e9gico para la conectividad a\u00e9rea<\/h2>\t\t\t\t<\/div>\n\t\t\t\t<\/div>\n\t\t\t\t<div class=\"elementor-element elementor-element-4009aad elementor-widget elementor-widget-text-editor\" data-id=\"4009aad\" data-element_type=\"widget\" data-widget_type=\"text-editor.default\">\n\t\t\t\t<div class=\"elementor-widget-container\">\n\t\t\t\t\t\t\t\t\t<p>\n            <a href=\"https:\/\/nassaulpia.com\/routes-americas-2025\/\" target=\"_blank\" rel=\"noopener nofollow\"><br \/>\n              <b>Rutas Am\u00e9ricas 2025<\/b><br \/>\n            <\/a><br \/>\n            <span style=\"font-weight: 400;\">  se est\u00e1 consolidando como un foro clave para configurar el futuro del transporte a\u00e9reo en el Caribe. Al reunir a los actores clave del sector, este evento pretende reforzar la colaboraci\u00f3n entre las compa\u00f1\u00edas a\u00e9reas y los destinos tur\u00edsticos. La Organizaci\u00f3n de Turismo del Caribe (CTO) desempe\u00f1ar\u00e1 un papel central, promoviendo los intereses de sus miembros y facilitando los debates sobre las cuestiones cruciales a las que se enfrenta el sector.  <\/span>\n          <\/p>\n<p>\n            <span style=\"font-weight: 400;\">La elecci\u00f3n de las Bahamas como sede del evento de este a\u00f1o no es balad\u00ed. Refleja el compromiso del pa\u00eds de impulsar su conectividad a\u00e9rea mundial y apoyar el crecimiento sostenible del turismo. Los beneficios econ\u00f3micos de este acontecimiento se dejar\u00e1n sentir en diversos sectores de la industria tur\u00edstica local, desde el transporte y el alojamiento hasta el comercio minorista y las excursiones.  <\/span>\n          <\/p>\n\t\t\t\t\t\t\t\t<\/div>\n\t\t\t\t<\/div>\n\t\t\t\t\t<\/div>\n\t\t<\/div>\n\t\t\t\t\t<\/div>\n\t\t<\/section>\n\t\t\t\t<section class=\"elementor-section elementor-top-section elementor-element elementor-element-81870ce elementor-section-boxed elementor-section-height-default elementor-section-height-default\" data-id=\"81870ce\" data-element_type=\"section\">\n\t\t\t\t\t\t<div class=\"elementor-container elementor-column-gap-default\">\n\t\t\t\t\t<div class=\"elementor-column elementor-col-100 elementor-top-column elementor-element elementor-element-b229cc7\" data-id=\"b229cc7\" data-element_type=\"column\">\n\t\t\t<div class=\"elementor-widget-wrap elementor-element-populated\">\n\t\t\t\t\t\t<div class=\"elementor-element elementor-element-e9c6d5b elementor-widget elementor-widget-heading\" data-id=\"e9c6d5b\" data-element_type=\"widget\" data-widget_type=\"heading.default\">\n\t\t\t\t<div class=\"elementor-widget-container\">\n\t\t\t\t\t<h2 class=\"elementor-heading-title elementor-size-default\">Di\u00e1logo de alto nivel<\/h2>\t\t\t\t<\/div>\n\t\t\t\t<\/div>\n\t\t\t\t<div class=\"elementor-element elementor-element-a75e9bf elementor-widget elementor-widget-text-editor\" data-id=\"a75e9bf\" data-element_type=\"widget\" data-widget_type=\"text-editor.default\">\n\t\t\t\t<div class=\"elementor-widget-container\">\n\t\t\t\t\t\t\t\t\t<p>\n            <span style=\"font-weight: 400;\">Uno de los aspectos m\u00e1s destacados del evento ser\u00e1 el di\u00e1logo ministerial titulado &#8220;Modelar el futuro del turismo caribe\u00f1o&#8221;. Esta mesa redonda reunir\u00e1 a figuras destacadas del turismo regional, entre ellas Ian Gooding-Edghill, Ministro de Turismo y Transporte Internacional de Barbados. La Secretaria General de la CTO, Dona Regis-Prosper, tambi\u00e9n desempe\u00f1ar\u00e1 un papel clave en los debates, cuyo objetivo es mejorar la conectividad y aumentar el n\u00famero de vuelos internacionales a destinos caribe\u00f1os.  <\/span>\n          <\/p>\n\t\t\t\t\t\t\t\t<\/div>\n\t\t\t\t<\/div>\n\t\t\t\t\t<\/div>\n\t\t<\/div>\n\t\t\t\t\t<\/div>\n\t\t<\/section>\n\t\t\t\t<section class=\"elementor-section elementor-top-section elementor-element elementor-element-5fd8ee0 elementor-section-boxed elementor-section-height-default elementor-section-height-default\" data-id=\"5fd8ee0\" data-element_type=\"section\">\n\t\t\t\t\t\t<div class=\"elementor-container elementor-column-gap-default\">\n\t\t\t\t\t<div class=\"elementor-column elementor-col-100 elementor-top-column elementor-element elementor-element-b7316a2\" data-id=\"b7316a2\" data-element_type=\"column\">\n\t\t\t<div class=\"elementor-widget-wrap elementor-element-populated\">\n\t\t\t\t\t\t<div class=\"elementor-element elementor-element-96314ef elementor-widget elementor-widget-heading\" data-id=\"96314ef\" data-element_type=\"widget\" data-widget_type=\"heading.default\">\n\t\t\t\t<div class=\"elementor-widget-container\">\n\t\t\t\t\t<h2 class=\"elementor-heading-title elementor-size-default\">Hacia asociaciones estrat\u00e9gicas<\/h2>\t\t\t\t<\/div>\n\t\t\t\t<\/div>\n\t\t\t\t<div class=\"elementor-element elementor-element-d5b8f9e elementor-widget elementor-widget-text-editor\" data-id=\"d5b8f9e\" data-element_type=\"widget\" data-widget_type=\"text-editor.default\">\n\t\t\t\t<div class=\"elementor-widget-container\">\n\t\t\t\t\t\t\t\t\t<p><span style=\"font-weight: 400;\">En <\/span><b>Rutas Am\u00e9ricas 2025<\/b><span style=\"font-weight: 400;\">  ofrece una oportunidad \u00fanica para forjar asociaciones estrat\u00e9gicas. Reforzar la conectividad a\u00e9rea hacia y desde el Caribe requiere un enfoque unificado entre todas las partes interesadas. La colaboraci\u00f3n entre los actores de la aviaci\u00f3n y el turismo es esencial para estimular el crecimiento econ\u00f3mico de la regi\u00f3n.  <\/span><\/p>\n<p>\n            <span style=\"font-weight: 400;\">Dona Regis-Prosper subray\u00f3 la importancia de trabajar juntos para hacer frente a los retos que plantea la singular geograf\u00eda del Caribe, donde una multitud de islas y peque\u00f1os estados requieren una red de transporte a\u00e9reo eficaz y bien coordinada.<\/span>\n          <\/p>\n\t\t\t\t\t\t\t\t<\/div>\n\t\t\t\t<\/div>\n\t\t\t\t\t<\/div>\n\t\t<\/div>\n\t\t\t\t\t<\/div>\n\t\t<\/section>\n\t\t\t\t<section class=\"elementor-section elementor-top-section elementor-element elementor-element-fdb48d4 elementor-section-boxed elementor-section-height-default elementor-section-height-default\" data-id=\"fdb48d4\" data-element_type=\"section\">\n\t\t\t\t\t\t<div class=\"elementor-container elementor-column-gap-default\">\n\t\t\t\t\t<div class=\"elementor-column elementor-col-100 elementor-top-column elementor-element elementor-element-262484a\" data-id=\"262484a\" data-element_type=\"column\">\n\t\t\t<div class=\"elementor-widget-wrap elementor-element-populated\">\n\t\t\t\t\t\t<div class=\"elementor-element elementor-element-fd51d44 elementor-widget elementor-widget-heading\" data-id=\"fd51d44\" data-element_type=\"widget\" data-widget_type=\"heading.default\">\n\t\t\t\t<div class=\"elementor-widget-container\">\n\t\t\t\t\t<h2 class=\"elementor-heading-title elementor-size-default\">El impacto de la pandemia en el sector tur\u00edstico<\/h2>\t\t\t\t<\/div>\n\t\t\t\t<\/div>\n\t\t\t\t<div class=\"elementor-element elementor-element-ba2f1cc elementor-widget elementor-widget-text-editor\" data-id=\"ba2f1cc\" data-element_type=\"widget\" data-widget_type=\"text-editor.default\">\n\t\t\t\t<div class=\"elementor-widget-container\">\n\t\t\t\t\t\t\t\t\t<p>\n            <span style=\"font-weight: 400;\">La pandemia de COVID-19 ha tenido un profundo impacto en el sector tur\u00edstico del Caribe.  <\/span><br \/>\n            <b>Rutas Am\u00e9ricas 2025<\/b><br \/>\n            <span style=\"font-weight: 400;\">  brindar\u00e1 la oportunidad de hacer balance de la recuperaci\u00f3n econ\u00f3mica y desarrollar estrategias para reforzar la resistencia del sector ante futuras crisis. Los debates se centrar\u00e1n en particular en la adaptaci\u00f3n de las infraestructuras aeroportuarias a las nuevas normas sanitarias y en la diversificaci\u00f3n de los mercados tur\u00edsticos. <\/span>\n          <\/p>\n\t\t\t\t\t\t\t\t<\/div>\n\t\t\t\t<\/div>\n\t\t\t\t\t<\/div>\n\t\t<\/div>\n\t\t\t\t\t<\/div>\n\t\t<\/section>\n\t\t\t\t<section class=\"elementor-section elementor-top-section elementor-element elementor-element-1c2eb7c elementor-section-boxed elementor-section-height-default elementor-section-height-default\" data-id=\"1c2eb7c\" data-element_type=\"section\">\n\t\t\t\t\t\t<div class=\"elementor-container elementor-column-gap-default\">\n\t\t\t\t\t<div class=\"elementor-column elementor-col-100 elementor-top-column elementor-element elementor-element-630fa63\" data-id=\"630fa63\" data-element_type=\"column\">\n\t\t\t<div class=\"elementor-widget-wrap elementor-element-populated\">\n\t\t\t\t\t\t<div class=\"elementor-element elementor-element-61310e3 elementor-widget elementor-widget-heading\" data-id=\"61310e3\" data-element_type=\"widget\" data-widget_type=\"heading.default\">\n\t\t\t\t<div class=\"elementor-widget-container\">\n\t\t\t\t\t<h2 class=\"elementor-heading-title elementor-size-default\">La innovaci\u00f3n en el coraz\u00f3n de los intercambios<\/h2>\t\t\t\t<\/div>\n\t\t\t\t<\/div>\n\t\t\t\t<div class=\"elementor-element elementor-element-0040740 elementor-widget elementor-widget-text-editor\" data-id=\"0040740\" data-element_type=\"widget\" data-widget_type=\"text-editor.default\">\n\t\t\t\t<div class=\"elementor-widget-container\">\n\t\t\t\t\t\t\t\t\t<p><span style=\"font-weight: 400;\">La innovaci\u00f3n tecnol\u00f3gica ser\u00e1 un elemento clave en los debates de <\/span><b>Rutas Am\u00e9ricas 2025<\/b><span style=\"font-weight: 400;\">. Las compa\u00f1\u00edas a\u00e9reas y los aeropuertos tendr\u00e1n la oportunidad de presentar sus planes para hacer los viajes m\u00e1s suaves y sostenibles. El uso de combustibles de aviaci\u00f3n sostenibles y la reducci\u00f3n de la huella de carbono ser\u00e1n tambi\u00e9n preocupaciones importantes.  <\/span><\/p>\n\t\t\t\t\t\t\t\t<\/div>\n\t\t\t\t<\/div>\n\t\t\t\t\t<\/div>\n\t\t<\/div>\n\t\t\t\t\t<\/div>\n\t\t<\/section>\n\t\t\t\t<section class=\"elementor-section elementor-top-section elementor-element elementor-element-a0af84d elementor-section-boxed elementor-section-height-default elementor-section-height-default\" data-id=\"a0af84d\" data-element_type=\"section\">\n\t\t\t\t\t\t<div class=\"elementor-container elementor-column-gap-default\">\n\t\t\t\t\t<div class=\"elementor-column elementor-col-100 elementor-top-column elementor-element elementor-element-e416a11\" data-id=\"e416a11\" data-element_type=\"column\">\n\t\t\t<div class=\"elementor-widget-wrap elementor-element-populated\">\n\t\t\t\t\t\t<div class=\"elementor-element elementor-element-98277db elementor-widget elementor-widget-heading\" data-id=\"98277db\" data-element_type=\"widget\" data-widget_type=\"heading.default\">\n\t\t\t\t<div class=\"elementor-widget-container\">\n\t\t\t\t\t<h2 class=\"elementor-heading-title elementor-size-default\">Un trampol\u00edn para nuevas conexiones a\u00e9reas<\/h2>\t\t\t\t<\/div>\n\t\t\t\t<\/div>\n\t\t\t\t<div class=\"elementor-element elementor-element-46e4d87 elementor-widget elementor-widget-text-editor\" data-id=\"46e4d87\" data-element_type=\"widget\" data-widget_type=\"text-editor.default\">\n\t\t\t\t<div class=\"elementor-widget-container\">\n\t\t\t\t\t\t\t\t\t<p>\n            <span style=\"font-weight: 400;\">Uno de los objetivos concretos de este evento es fomentar la creaci\u00f3n de nuevos enlaces a\u00e9reos con el Caribe y dentro de \u00e9l. Las reuniones entre las compa\u00f1\u00edas a\u00e9reas y los representantes de los destinos ayudar\u00e1n a identificar oportunidades de mercado y a negociar nuevas rutas. Estas nuevas rutas no s\u00f3lo podr\u00edan mejorar la accesibilidad de los destinos caribe\u00f1os para los turistas internacionales, sino tambi\u00e9n estimular el turismo intrarregional, un segmento de crecimiento a menudo descuidado pero prometedor.  <\/span>\n          <\/p>\n\t\t\t\t\t\t\t\t<\/div>\n\t\t\t\t<\/div>\n\t\t\t\t\t<\/div>\n\t\t<\/div>\n\t\t\t\t\t<\/div>\n\t\t<\/section>\n\t\t\t\t<section class=\"elementor-section elementor-top-section elementor-element elementor-element-4db601d elementor-section-boxed elementor-section-height-default elementor-section-height-default\" data-id=\"4db601d\" data-element_type=\"section\">\n\t\t\t\t\t\t<div class=\"elementor-container elementor-column-gap-default\">\n\t\t\t\t\t<div class=\"elementor-column elementor-col-100 elementor-top-column elementor-element elementor-element-8ce7cc4\" data-id=\"8ce7cc4\" data-element_type=\"column\">\n\t\t\t<div class=\"elementor-widget-wrap elementor-element-populated\">\n\t\t\t\t\t\t<div class=\"elementor-element elementor-element-aacd02d elementor-widget elementor-widget-heading\" data-id=\"aacd02d\" data-element_type=\"widget\" data-widget_type=\"heading.default\">\n\t\t\t\t<div class=\"elementor-widget-container\">\n\t\t\t\t\t<h2 class=\"elementor-heading-title elementor-size-default\">Sostenibilidad: un tema central<\/h2>\t\t\t\t<\/div>\n\t\t\t\t<\/div>\n\t\t\t\t<div class=\"elementor-element elementor-element-e20e1d8 elementor-widget elementor-widget-text-editor\" data-id=\"e20e1d8\" data-element_type=\"widget\" data-widget_type=\"text-editor.default\">\n\t\t\t\t<div class=\"elementor-widget-container\">\n\t\t\t\t\t\t\t\t\t<p>\n            <span style=\"font-weight: 400;\">La sostenibilidad ser\u00e1 un tema transversal. Los destinos caribe\u00f1os son especialmente vulnerables a los efectos del cambio clim\u00e1tico. El desarrollo de <a href=\"https:\/\/richeskarayib.com\/es\/turismo-en-el-caribe-interconexiones-y-oportunidades-de-viaje\/\" target=\"_blank\" rel=\"noopener\">un turismo responsable<\/a> es crucial para su futuro. Los debates se centrar\u00e1n en c\u00f3mo conciliar el crecimiento del tr\u00e1fico a\u00e9reo con la protecci\u00f3n del medio ambiente. Se explorar\u00e1n soluciones innovadoras, como el uso de energ\u00edas renovables en los aeropuertos.    <\/span>\n          <\/p>\n\t\t\t\t\t\t\t\t<\/div>\n\t\t\t\t<\/div>\n\t\t\t\t\t<\/div>\n\t\t<\/div>\n\t\t\t\t\t<\/div>\n\t\t<\/section>\n\t\t\t\t<section class=\"elementor-section elementor-top-section elementor-element elementor-element-4b23550 elementor-section-boxed elementor-section-height-default elementor-section-height-default\" data-id=\"4b23550\" data-element_type=\"section\">\n\t\t\t\t\t\t<div class=\"elementor-container elementor-column-gap-default\">\n\t\t\t\t\t<div class=\"elementor-column elementor-col-100 elementor-top-column elementor-element elementor-element-c66fdb4\" data-id=\"c66fdb4\" data-element_type=\"column\">\n\t\t\t<div class=\"elementor-widget-wrap elementor-element-populated\">\n\t\t\t\t\t\t<div class=\"elementor-element elementor-element-938f963 elementor-widget elementor-widget-heading\" data-id=\"938f963\" data-element_type=\"widget\" data-widget_type=\"heading.default\">\n\t\t\t\t<div class=\"elementor-widget-container\">\n\t\t\t\t\t<h2 class=\"elementor-heading-title elementor-size-default\">Una reuni\u00f3n esencial<\/h2>\t\t\t\t<\/div>\n\t\t\t\t<\/div>\n\t\t\t\t<div class=\"elementor-element elementor-element-6a634a7 elementor-widget elementor-widget-text-editor\" data-id=\"6a634a7\" data-element_type=\"widget\" data-widget_type=\"text-editor.default\">\n\t\t\t\t<div class=\"elementor-widget-container\">\n\t\t\t\t\t\t\t\t\t<p>\n            <span style=\"font-weight: 400;\">La Oficina de Turismo de San Crist\u00f3bal considera esta participaci\u00f3n como un catalizador para el desarrollo del <a href=\"https:\/\/richeskarayib.com\/es\/festival-gastronomico-de-saint-martin-una-celebracion-culinaria\/\" target=\"_blank\" rel=\"noopener\">turismo gastron\u00f3mico<\/a> en la isla. Se han previsto iniciativas para aprovechar esta exposici\u00f3n:  <\/span>\n          <\/p>\n<ul>\n<li style=\"font-weight: 400;\" aria-level=\"1\">\n              <span style=\"font-weight: 400;\">Organizaci\u00f3n de festivales culinarios locales<\/span>\n            <\/li>\n<li style=\"font-weight: 400;\" aria-level=\"1\">\n              <span style=\"font-weight: 400;\">Desarrollar rutas gastron\u00f3micas por la isla<\/span>\n            <\/li>\n<li style=\"font-weight: 400;\" aria-level=\"1\">\n              <span style=\"font-weight: 400;\">Formar y promover a los j\u00f3venes talentos culinarios de Kittia<\/span>\n            <\/li>\n<\/ul>\n\t\t\t\t\t\t\t\t<\/div>\n\t\t\t\t<\/div>\n\t\t\t\t\t<\/div>\n\t\t<\/div>\n\t\t\t\t\t<\/div>\n\t\t<\/section>\n\t\t\t\t<section class=\"elementor-section elementor-top-section elementor-element elementor-element-16b5d64 elementor-section-boxed elementor-section-height-default elementor-section-height-default\" data-id=\"16b5d64\" data-element_type=\"section\">\n\t\t\t\t\t\t<div class=\"elementor-container elementor-column-gap-default\">\n\t\t\t\t\t<div class=\"elementor-column elementor-col-100 elementor-top-column elementor-element elementor-element-2e214ec\" data-id=\"2e214ec\" data-element_type=\"column\">\n\t\t\t<div class=\"elementor-widget-wrap elementor-element-populated\">\n\t\t\t\t\t\t<div class=\"elementor-element elementor-element-d3c0d40 elementor-widget elementor-widget-text-editor\" data-id=\"d3c0d40\" data-element_type=\"widget\" data-widget_type=\"text-editor.default\">\n\t\t\t\t<div class=\"elementor-widget-container\">\n\t\t\t\t\t\t\t\t\t<p>\n            <b>Rutas Am\u00e9ricas 2025<\/b><br \/>\n            <span style=\"font-weight: 400;\">  est\u00e1 llamado a ser un acontecimiento clave para el futuro del turismo y el transporte a\u00e9reo en <a href=\"https:\/\/richeskarayib.com\/es\/las-playas-secretas-del-caribe-huye-de-las-multitudes-y-descubre-la-belleza-natural\/\" target=\"_blank\" rel=\"noopener\">el Caribe<\/a>. Al reunir a los principales agentes del sector, este foro ofrece una oportunidad \u00fanica para abordar los retos actuales y allanar el camino hacia un desarrollo tur\u00edstico sostenible e integrador. Los beneficios de este evento deber\u00edan dejarse sentir mucho m\u00e1s all\u00e1 de 2025, con la puesta en marcha de nuevas estrategias y asociaciones que dar\u00e1n forma a la industria tur\u00edstica del Caribe en los a\u00f1os venideros. Para los profesionales y entusiastas del turismo de la regi\u00f3n, se trata sin duda de un acontecimiento que no deben perderse.   <\/span>\n          <\/p>\n\t\t\t\t\t\t\t\t<\/div>\n\t\t\t\t<\/div>\n\t\t\t\t<section class=\"elementor-section elementor-inner-section elementor-element elementor-element-17a7ee2 elementor-section-boxed elementor-section-height-default elementor-section-height-default\" data-id=\"17a7ee2\" data-element_type=\"section\">\n\t\t\t\t\t\t<div class=\"elementor-container elementor-column-gap-default\">\n\t\t\t\t\t<div class=\"elementor-column elementor-col-25 elementor-inner-column elementor-element elementor-element-df24043\" data-id=\"df24043\" data-element_type=\"column\">\n\t\t\t<div class=\"elementor-widget-wrap elementor-element-populated\">\n\t\t\t\t\t\t<div class=\"elementor-element elementor-element-cff1eb4 elementor-widget elementor-widget-image\" data-id=\"cff1eb4\" data-element_type=\"widget\" data-widget_type=\"image.default\">\n\t\t\t\t<div class=\"elementor-widget-container\">\n\t\t\t\t\t\t\t\t\t\t\t\t\t\t\t<img fetchpriority=\"high\" decoding=\"async\" width=\"800\" height=\"587\" src=\"https:\/\/richeskarayib.com\/wp-content\/uploads\/2025\/02\/vue-panoramique-de-nassau-aux-bahamas-situe-a-nassau-sur-l-ile-de-new-providence-le-climat-tropical-et-la-beaute-naturelle-des-bahamas-eckwp4-Modifie-1024x751.jpg\" class=\"attachment-large size-large wp-image-44832\" alt=\"Routes Americas 2025\" srcset=\"https:\/\/richeskarayib.com\/wp-content\/uploads\/2025\/02\/vue-panoramique-de-nassau-aux-bahamas-situe-a-nassau-sur-l-ile-de-new-providence-le-climat-tropical-et-la-beaute-naturelle-des-bahamas-eckwp4-Modifie-1024x751.jpg 1024w, https:\/\/richeskarayib.com\/wp-content\/uploads\/2025\/02\/vue-panoramique-de-nassau-aux-bahamas-situe-a-nassau-sur-l-ile-de-new-providence-le-climat-tropical-et-la-beaute-naturelle-des-bahamas-eckwp4-Modifie-300x220.jpg 300w, https:\/\/richeskarayib.com\/wp-content\/uploads\/2025\/02\/vue-panoramique-de-nassau-aux-bahamas-situe-a-nassau-sur-l-ile-de-new-providence-le-climat-tropical-et-la-beaute-naturelle-des-bahamas-eckwp4-Modifie-768x564.jpg 768w, https:\/\/richeskarayib.com\/wp-content\/uploads\/2025\/02\/vue-panoramique-de-nassau-aux-bahamas-situe-a-nassau-sur-l-ile-de-new-providence-le-climat-tropical-et-la-beaute-naturelle-des-bahamas-eckwp4-Modifie.jpg 1300w\" sizes=\"(max-width: 800px) 100vw, 800px\" \/>\t\t\t\t\t\t\t\t\t\t\t\t\t\t\t<\/div>\n\t\t\t\t<\/div>\n\t\t\t\t\t<\/div>\n\t\t<\/div>\n\t\t\t\t<div class=\"elementor-column elementor-col-25 elementor-inner-column elementor-element elementor-element-533d7f0\" data-id=\"533d7f0\" data-element_type=\"column\">\n\t\t\t<div class=\"elementor-widget-wrap elementor-element-populated\">\n\t\t\t\t\t\t<div class=\"elementor-element elementor-element-b69ad28 elementor-widget elementor-widget-image\" data-id=\"b69ad28\" data-element_type=\"widget\" data-widget_type=\"image.default\">\n\t\t\t\t<div class=\"elementor-widget-container\">\n\t\t\t\t\t\t\t\t\t\t\t\t\t\t\t<img decoding=\"async\" width=\"800\" height=\"533\" src=\"https:\/\/richeskarayib.com\/wp-content\/uploads\/2025\/02\/nassau-bahamas-poisson-fray-heritage-village-e7fpjg-Modifie-1024x682.jpg\" class=\"attachment-large size-large wp-image-44836\" alt=\"Routes Americas 2025\" srcset=\"https:\/\/richeskarayib.com\/wp-content\/uploads\/2025\/02\/nassau-bahamas-poisson-fray-heritage-village-e7fpjg-Modifie-1024x682.jpg 1024w, https:\/\/richeskarayib.com\/wp-content\/uploads\/2025\/02\/nassau-bahamas-poisson-fray-heritage-village-e7fpjg-Modifie-300x200.jpg 300w, https:\/\/richeskarayib.com\/wp-content\/uploads\/2025\/02\/nassau-bahamas-poisson-fray-heritage-village-e7fpjg-Modifie-768x512.jpg 768w, https:\/\/richeskarayib.com\/wp-content\/uploads\/2025\/02\/nassau-bahamas-poisson-fray-heritage-village-e7fpjg-Modifie.jpg 1300w\" sizes=\"(max-width: 800px) 100vw, 800px\" \/>\t\t\t\t\t\t\t\t\t\t\t\t\t\t\t<\/div>\n\t\t\t\t<\/div>\n\t\t\t\t\t<\/div>\n\t\t<\/div>\n\t\t\t\t<div class=\"elementor-column elementor-col-25 elementor-inner-column elementor-element elementor-element-57c0546\" data-id=\"57c0546\" data-element_type=\"column\">\n\t\t\t<div class=\"elementor-widget-wrap elementor-element-populated\">\n\t\t\t\t\t\t<div class=\"elementor-element elementor-element-a450735 elementor-widget elementor-widget-image\" data-id=\"a450735\" data-element_type=\"widget\" data-widget_type=\"image.default\">\n\t\t\t\t<div class=\"elementor-widget-container\">\n\t\t\t\t\t\t\t\t\t\t\t\t\t\t\t<img decoding=\"async\" width=\"800\" height=\"532\" src=\"https:\/\/richeskarayib.com\/wp-content\/uploads\/2025\/02\/hog-island-paradise-island-lighthouse-nassau-bahamas-caraibes-d1y608-Modifie-1024x681.jpg\" class=\"attachment-large size-large wp-image-44840\" alt=\"Routes Americas 2025\" srcset=\"https:\/\/richeskarayib.com\/wp-content\/uploads\/2025\/02\/hog-island-paradise-island-lighthouse-nassau-bahamas-caraibes-d1y608-Modifie-1024x681.jpg 1024w, https:\/\/richeskarayib.com\/wp-content\/uploads\/2025\/02\/hog-island-paradise-island-lighthouse-nassau-bahamas-caraibes-d1y608-Modifie-300x199.jpg 300w, https:\/\/richeskarayib.com\/wp-content\/uploads\/2025\/02\/hog-island-paradise-island-lighthouse-nassau-bahamas-caraibes-d1y608-Modifie-768x510.jpg 768w, https:\/\/richeskarayib.com\/wp-content\/uploads\/2025\/02\/hog-island-paradise-island-lighthouse-nassau-bahamas-caraibes-d1y608-Modifie.jpg 1300w\" sizes=\"(max-width: 800px) 100vw, 800px\" \/>\t\t\t\t\t\t\t\t\t\t\t\t\t\t\t<\/div>\n\t\t\t\t<\/div>\n\t\t\t\t\t<\/div>\n\t\t<\/div>\n\t\t\t\t<div class=\"elementor-column elementor-col-25 elementor-inner-column elementor-element elementor-element-254f0c5\" data-id=\"254f0c5\" data-element_type=\"column\">\n\t\t\t<div class=\"elementor-widget-wrap elementor-element-populated\">\n\t\t\t\t\t\t<div class=\"elementor-element elementor-element-e88aff2 elementor-widget elementor-widget-image\" data-id=\"e88aff2\" data-element_type=\"widget\" data-widget_type=\"image.default\">\n\t\t\t\t<div class=\"elementor-widget-container\">\n\t\t\t\t\t\t\t\t\t\t\t\t\t\t\t<img loading=\"lazy\" decoding=\"async\" width=\"800\" height=\"530\" src=\"https:\/\/richeskarayib.com\/wp-content\/uploads\/2025\/02\/nassau-bahamas-et-le-phare-a-l-aube-da3an8-Modifie-1024x679.jpg\" class=\"attachment-large size-large wp-image-44844\" alt=\"Routes Americas 2025\" srcset=\"https:\/\/richeskarayib.com\/wp-content\/uploads\/2025\/02\/nassau-bahamas-et-le-phare-a-l-aube-da3an8-Modifie-1024x679.jpg 1024w, https:\/\/richeskarayib.com\/wp-content\/uploads\/2025\/02\/nassau-bahamas-et-le-phare-a-l-aube-da3an8-Modifie-300x199.jpg 300w, https:\/\/richeskarayib.com\/wp-content\/uploads\/2025\/02\/nassau-bahamas-et-le-phare-a-l-aube-da3an8-Modifie-768x509.jpg 768w, https:\/\/richeskarayib.com\/wp-content\/uploads\/2025\/02\/nassau-bahamas-et-le-phare-a-l-aube-da3an8-Modifie.jpg 1300w\" sizes=\"(max-width: 800px) 100vw, 800px\" \/>\t\t\t\t\t\t\t\t\t\t\t\t\t\t\t<\/div>\n\t\t\t\t<\/div>\n\t\t\t\t\t<\/div>\n\t\t<\/div>\n\t\t\t\t\t<\/div>\n\t\t<\/section>\n\t\t\t\t\t<\/div>\n\t\t<\/div>\n\t\t\t\t\t<\/div>\n\t\t<\/section>\n\t\t\t\t<\/div>\n\t\t","protected":false},"excerpt":{"rendered":"<p>Rutas Am\u00e9ricas 2025: El conectividad a\u00e9rea en el Caribe est\u00e1 a punto de dar un paso decisivo con el evento Rutas Am\u00e9ricas 2025 que se celebrar\u00e1 en Nassau, Bahamas, del 10 al 12 de febrero de 2025. El evento reunir\u00e1 a m\u00e1s de 900 profesionales de la aviaci\u00f3n, incluidos representantes de aerol\u00edneas, aeropuertos y destinos [&hellip;]<\/p>\n","protected":false},"author":662,"featured_media":44828,"comment_status":"open","ping_status":"open","sticky":false,"template":"","format":"standard","meta":{"_acf_changed":false,"footnotes":""},"categories":[839],"tags":[1674],"class_list":["post-44852","post","type-post","status-publish","format-standard","has-post-thumbnail","hentry","category-noticias","tag-bahamas-es"],"acf":[],"_links":{"self":[{"href":"https:\/\/richeskarayib.com\/es\/wp-json\/wp\/v2\/posts\/44852","targetHints":{"allow":["GET"]}}],"collection":[{"href":"https:\/\/richeskarayib.com\/es\/wp-json\/wp\/v2\/posts"}],"about":[{"href":"https:\/\/richeskarayib.com\/es\/wp-json\/wp\/v2\/types\/post"}],"author":[{"embeddable":true,"href":"https:\/\/richeskarayib.com\/es\/wp-json\/wp\/v2\/users\/662"}],"replies":[{"embeddable":true,"href":"https:\/\/richeskarayib.com\/es\/wp-json\/wp\/v2\/comments?post=44852"}],"version-history":[{"count":0,"href":"https:\/\/richeskarayib.com\/es\/wp-json\/wp\/v2\/posts\/44852\/revisions"}],"wp:featuredmedia":[{"embeddable":true,"href":"https:\/\/richeskarayib.com\/es\/wp-json\/wp\/v2\/media\/44828"}],"wp:attachment":[{"href":"https:\/\/richeskarayib.com\/es\/wp-json\/wp\/v2\/media?parent=44852"}],"wp:term":[{"taxonomy":"category","embeddable":true,"href":"https:\/\/richeskarayib.com\/es\/wp-json\/wp\/v2\/categories?post=44852"},{"taxonomy":"post_tag","embeddable":true,"href":"https:\/\/richeskarayib.com\/es\/wp-json\/wp\/v2\/tags?post=44852"}],"curies":[{"name":"wp","href":"https:\/\/api.w.org\/{rel}","templated":true}]}}