{"id":44940,"date":"2025-02-13T07:01:12","date_gmt":"2025-02-13T11:01:12","guid":{"rendered":"https:\/\/richeskarayib.com\/revive-la-magia-del-touloulou-un-baile-sin-precedentes-en-el-carnaval-de-guayana-2025\/"},"modified":"2025-02-13T07:01:14","modified_gmt":"2025-02-13T11:01:14","slug":"revive-la-magia-del-touloulou-un-baile-sin-precedentes-en-el-carnaval-de-guayana-2025","status":"publish","type":"post","link":"https:\/\/richeskarayib.com\/es\/revive-la-magia-del-touloulou-un-baile-sin-precedentes-en-el-carnaval-de-guayana-2025\/","title":{"rendered":"Revive la magia del Touloulou: un baile sin precedentes en el Carnaval de Guayana 2025"},"content":{"rendered":"\t\t<div data-elementor-type=\"wp-post\" data-elementor-id=\"44940\" class=\"elementor elementor-44940 elementor-44923\" data-elementor-post-type=\"post\">\n\t\t\t\t\t\t<section class=\"elementor-section elementor-top-section elementor-element elementor-element-329a1c4 elementor-section-boxed elementor-section-height-default elementor-section-height-default\" data-id=\"329a1c4\" data-element_type=\"section\">\n\t\t\t\t\t\t<div class=\"elementor-container elementor-column-gap-default\">\n\t\t\t\t\t<div class=\"elementor-column elementor-col-100 elementor-top-column elementor-element elementor-element-43de922\" data-id=\"43de922\" data-element_type=\"column\">\n\t\t\t<div class=\"elementor-widget-wrap elementor-element-populated\">\n\t\t\t\t\t\t<section class=\"elementor-section elementor-inner-section elementor-element elementor-element-1c27136 elementor-section-boxed elementor-section-height-default elementor-section-height-default\" data-id=\"1c27136\" data-element_type=\"section\">\n\t\t\t\t\t\t<div class=\"elementor-container elementor-column-gap-default\">\n\t\t\t\t\t<div class=\"elementor-column elementor-col-100 elementor-inner-column elementor-element elementor-element-c05a8aa\" data-id=\"c05a8aa\" data-element_type=\"column\">\n\t\t\t<div class=\"elementor-widget-wrap elementor-element-populated\">\n\t\t\t\t\t\t<div class=\"elementor-element elementor-element-14845c3 elementor-widget elementor-widget-text-editor\" data-id=\"14845c3\" data-element_type=\"widget\" data-widget_type=\"text-editor.default\">\n\t\t\t\t<div class=\"elementor-widget-container\">\n\t\t\t\t\t\t\t\t\t<p><span style=\"font-weight: 400;\">Visita <\/span><a href=\"https:\/\/la1ere.francetvinfo.fr\/guyane\/ouest-guyanais\/guyane\/carnaval-de-guyane-2025-le-bal-touloulou-d-antan-revient-a-saint-laurent-ce-samedi-1561135.html\" target=\"_blank\" rel=\"noopener nofollow\"><b>Carnaval de Guyana 2025<\/b><\/a><span style=\"font-weight: 400;\">  va a ser un acontecimiento memorable con el regreso del Bal Touloulou, previsto para el 17 de febrero en el Espacio &#8220;TIBUZEL&#8221;. Esta iniciativa, organizada por la   <\/span><b>Tak Pi Tak Kamalaguli<\/b><span style=\"font-weight: 400;\">  y presidida por Gina Omear Laville, pretende insuflar nueva vida a una tradici\u00f3n que se desvanece poco a poco. A trav\u00e9s de la   <\/span><b>Carnaval de Guyana 2025<\/b><span style=\"font-weight: 400;\">El deseo de volver a las ra\u00edces aut\u00e9nticas y festivas es m\u00e1s relevante que nunca.<\/span><\/p>\n\t\t\t\t\t\t\t\t<\/div>\n\t\t\t\t<\/div>\n\t\t\t\t\t<\/div>\n\t\t<\/div>\n\t\t\t\t\t<\/div>\n\t\t<\/section>\n\t\t\t\t\t<\/div>\n\t\t<\/div>\n\t\t\t\t\t<\/div>\n\t\t<\/section>\n\t\t\t\t<section class=\"elementor-section elementor-top-section elementor-element elementor-element-4a06b7e elementor-section-boxed elementor-section-height-default elementor-section-height-default\" data-id=\"4a06b7e\" data-element_type=\"section\">\n\t\t\t\t\t\t<div class=\"elementor-container elementor-column-gap-default\">\n\t\t\t\t\t<div class=\"elementor-column elementor-col-100 elementor-top-column elementor-element elementor-element-1352a95\" data-id=\"1352a95\" data-element_type=\"column\">\n\t\t\t<div class=\"elementor-widget-wrap elementor-element-populated\">\n\t\t\t\t\t\t<div class=\"elementor-element elementor-element-d9be88b elementor-widget elementor-widget-heading\" data-id=\"d9be88b\" data-element_type=\"widget\" data-widget_type=\"heading.default\">\n\t\t\t\t<div class=\"elementor-widget-container\">\n\t\t\t\t\t<h2 class=\"elementor-heading-title elementor-size-default\">De las Antillas francesas a la capital de la modaCarnaval en peligro: la necesidad de renovaci\u00f3n<\/h2>\t\t\t\t<\/div>\n\t\t\t\t<\/div>\n\t\t\t\t<div class=\"elementor-element elementor-element-4009aad elementor-widget elementor-widget-text-editor\" data-id=\"4009aad\" data-element_type=\"widget\" data-widget_type=\"text-editor.default\">\n\t\t\t\t<div class=\"elementor-widget-container\">\n\t\t\t\t\t\t\t\t\t<p><span style=\"font-weight: 400;\">El carnaval nocturno, en particular el bal par\u00e9-masqu\u00e9, atraves\u00f3 un periodo de declive en Saint-Laurent du Maroni. Los miembros de la asociaci\u00f3n observaron cierto hast\u00edo entre los participantes, a menudo preocupados por trajes demasiado sofisticados. Gina Omear Laville se\u00f1ala: &#8220;Queremos un carnaval m\u00e1s sencillo, m\u00e1s festivo, m\u00e1s aut\u00e9ntico&#8221;. Con este planteamiento,     <\/span><b>Tak Pi Tak Kamalaguli<\/b><span style=\"font-weight: 400;\"> espera revivir la esencia misma de <\/span><b>Touloulou<\/b><span style=\"font-weight: 400;\">.<\/span><\/p>\n<p>\n            <span style=\"font-weight: 400;\">Creada en noviembre de 2024, la asociaci\u00f3n se ha comprometido a revivir las tradiciones carnavalescas. Cada semana se organizan talleres de baile y costura para preparar a las nuevas generaciones a revivir el ambiente de los bailes de anta\u00f1o. Estos esfuerzos no s\u00f3lo pretenden preservar el patrimonio cultural, sino tambi\u00e9n fomentar la participaci\u00f3n de los j\u00f3venes.  <\/span>\n          <\/p>\n\t\t\t\t\t\t\t\t<\/div>\n\t\t\t\t<\/div>\n\t\t\t\t\t<\/div>\n\t\t<\/div>\n\t\t\t\t\t<\/div>\n\t\t<\/section>\n\t\t\t\t<section class=\"elementor-section elementor-top-section elementor-element elementor-element-81870ce elementor-section-boxed elementor-section-height-default elementor-section-height-default\" data-id=\"81870ce\" data-element_type=\"section\">\n\t\t\t\t\t\t<div class=\"elementor-container elementor-column-gap-default\">\n\t\t\t\t\t<div class=\"elementor-column elementor-col-100 elementor-top-column elementor-element elementor-element-b229cc7\" data-id=\"b229cc7\" data-element_type=\"column\">\n\t\t\t<div class=\"elementor-widget-wrap elementor-element-populated\">\n\t\t\t\t\t\t<div class=\"elementor-element elementor-element-e9c6d5b elementor-widget elementor-widget-heading\" data-id=\"e9c6d5b\" data-element_type=\"widget\" data-widget_type=\"heading.default\">\n\t\t\t\t<div class=\"elementor-widget-container\">\n\t\t\t\t\t<h2 class=\"elementor-heading-title elementor-size-default\">Una velada \u00fanica: el Baile de Touloulou el 17 de febrero\n<\/h2>\t\t\t\t<\/div>\n\t\t\t\t<\/div>\n\t\t\t\t<div class=\"elementor-element elementor-element-a75e9bf elementor-widget elementor-widget-text-editor\" data-id=\"a75e9bf\" data-element_type=\"widget\" data-widget_type=\"text-editor.default\">\n\t\t\t\t<div class=\"elementor-widget-container\">\n\t\t\t\t\t\t\t\t\t<p><span style=\"font-weight: 400;\">Visita <\/span><b><a href=\"https:\/\/www.guyane-amazonie.fr\/agenda\/FMACTG973V500N35\/detail\/guyane\/programme-du-carnaval-2025\" target=\"_blank\" rel=\"noopener nofollow\">Carnaval de Guyana 2025<\/a>, un <\/b> <span style=\"font-weight: 400;\">l esperado baile promete ser uno de los momentos culminantes del carnaval de Saint Laurent. Tendr\u00e1 lugar en un marco excepcional, el Espacio &#8220;TIBUZEL&#8221;, y presentar\u00e1 a artistas locales de renombre. El programa incluye una actuaci\u00f3n inaugural de la orquesta    <\/span><b>Se Konsa<\/b><span style=\"font-weight: 400;\">seguido de las actuaciones de <\/span><b>Lexios de Sinnamary<\/b><span style=\"font-weight: 400;\"> y <\/span><b>Jules Thomas<\/b><span style=\"font-weight: 400;\">cantante de <\/span><b>La Difficile<\/b><span style=\"font-weight: 400;\">. Como invitado de honor,   <\/span><b>Nad\u00e8ge Chovey<\/b><span style=\"font-weight: 400;\"> encender\u00e1 la noche, antes del cl\u00edmax con el grupo <\/span><b>Infuzion<\/b><span style=\"font-weight: 400;\">.<\/span><\/p>\n<p><span style=\"font-weight: 400;\">La asociaci\u00f3n <\/span><b>Tak Pi Tak Kamalaguli<\/b><span style=\"font-weight: 400;\"> hace algo m\u00e1s que organizar el <\/span><b>Carnaval de Guayana 2025<\/b><span style=\"font-weight: 400;\">. Colabora estrechamente con otros agentes culturales, como la   <\/span><b>Grupo Privado de Karnaval (GPK)<\/b><span style=\"font-weight: 400;\">para aportar nuevos conocimientos y energ\u00eda a esta celebraci\u00f3n. El objetivo es crear un impulso duradero que se extienda mucho m\u00e1s all\u00e1 del evento de este a\u00f1o. <\/span><\/p>\n\t\t\t\t\t\t\t\t<\/div>\n\t\t\t\t<\/div>\n\t\t\t\t<section class=\"elementor-section elementor-inner-section elementor-element elementor-element-1a3b9ba elementor-section-boxed elementor-section-height-default elementor-section-height-default\" data-id=\"1a3b9ba\" data-element_type=\"section\">\n\t\t\t\t\t\t<div class=\"elementor-container elementor-column-gap-default\">\n\t\t\t\t\t<div class=\"elementor-column elementor-col-50 elementor-inner-column elementor-element elementor-element-64cd261\" data-id=\"64cd261\" data-element_type=\"column\">\n\t\t\t<div class=\"elementor-widget-wrap elementor-element-populated\">\n\t\t\t\t\t\t<div class=\"elementor-element elementor-element-9775975 elementor-widget elementor-widget-image\" data-id=\"9775975\" data-element_type=\"widget\" data-widget_type=\"image.default\">\n\t\t\t\t<div class=\"elementor-widget-container\">\n\t\t\t\t\t\t\t\t\t\t\t\t<figure class=\"wp-caption\">\n\t\t\t\t\t\t\t\t\t\t<img fetchpriority=\"high\" decoding=\"async\" width=\"800\" height=\"534\" src=\"https:\/\/richeskarayib.com\/wp-content\/uploads\/2025\/02\/stock-photo-french-guiana-carnival-25355986-Modifie-1024x683.jpg\" class=\"attachment-large size-large wp-image-44931\" alt=\"Carnaval de Guyane 2025\" srcset=\"https:\/\/richeskarayib.com\/wp-content\/uploads\/2025\/02\/stock-photo-french-guiana-carnival-25355986-Modifie-1024x683.jpg 1024w, https:\/\/richeskarayib.com\/wp-content\/uploads\/2025\/02\/stock-photo-french-guiana-carnival-25355986-Modifie-300x200.jpg 300w, https:\/\/richeskarayib.com\/wp-content\/uploads\/2025\/02\/stock-photo-french-guiana-carnival-25355986-Modifie-768x512.jpg 768w, https:\/\/richeskarayib.com\/wp-content\/uploads\/2025\/02\/stock-photo-french-guiana-carnival-25355986-Modifie-1320x880.jpg 1320w, https:\/\/richeskarayib.com\/wp-content\/uploads\/2025\/02\/stock-photo-french-guiana-carnival-25355986-Modifie.jpg 1500w\" sizes=\"(max-width: 800px) 100vw, 800px\" \/>\t\t\t\t\t\t\t\t\t\t\t<figcaption class=\"widget-image-caption wp-caption-text\">Carnaval de Guyane 2025<\/figcaption>\n\t\t\t\t\t\t\t\t\t\t<\/figure>\n\t\t\t\t\t\t\t\t\t<\/div>\n\t\t\t\t<\/div>\n\t\t\t\t\t<\/div>\n\t\t<\/div>\n\t\t\t\t<div class=\"elementor-column elementor-col-50 elementor-inner-column elementor-element elementor-element-71e9305\" data-id=\"71e9305\" data-element_type=\"column\">\n\t\t\t<div class=\"elementor-widget-wrap elementor-element-populated\">\n\t\t\t\t\t\t<div class=\"elementor-element elementor-element-fd4bea2 elementor-widget elementor-widget-image\" data-id=\"fd4bea2\" data-element_type=\"widget\" data-widget_type=\"image.default\">\n\t\t\t\t<div class=\"elementor-widget-container\">\n\t\t\t\t\t\t\t\t\t\t\t\t<figure class=\"wp-caption\">\n\t\t\t\t\t\t\t\t\t\t<img decoding=\"async\" width=\"800\" height=\"534\" src=\"https:\/\/richeskarayib.com\/wp-content\/uploads\/2025\/02\/stock-photo-french-guiana-carnival-25355917-Modifie-1024x684.jpg\" class=\"attachment-large size-large wp-image-44935\" alt=\"Carnaval de Guyane 2025\" srcset=\"https:\/\/richeskarayib.com\/wp-content\/uploads\/2025\/02\/stock-photo-french-guiana-carnival-25355917-Modifie-1024x684.jpg 1024w, https:\/\/richeskarayib.com\/wp-content\/uploads\/2025\/02\/stock-photo-french-guiana-carnival-25355917-Modifie-300x200.jpg 300w, https:\/\/richeskarayib.com\/wp-content\/uploads\/2025\/02\/stock-photo-french-guiana-carnival-25355917-Modifie-768x513.jpg 768w, https:\/\/richeskarayib.com\/wp-content\/uploads\/2025\/02\/stock-photo-french-guiana-carnival-25355917-Modifie-1320x882.jpg 1320w, https:\/\/richeskarayib.com\/wp-content\/uploads\/2025\/02\/stock-photo-french-guiana-carnival-25355917-Modifie.jpg 1500w\" sizes=\"(max-width: 800px) 100vw, 800px\" \/>\t\t\t\t\t\t\t\t\t\t\t<figcaption class=\"widget-image-caption wp-caption-text\">Carnaval de Guyane<\/figcaption>\n\t\t\t\t\t\t\t\t\t\t<\/figure>\n\t\t\t\t\t\t\t\t\t<\/div>\n\t\t\t\t<\/div>\n\t\t\t\t\t<\/div>\n\t\t<\/div>\n\t\t\t\t\t<\/div>\n\t\t<\/section>\n\t\t\t\t\t<\/div>\n\t\t<\/div>\n\t\t\t\t\t<\/div>\n\t\t<\/section>\n\t\t\t\t<section class=\"elementor-section elementor-top-section elementor-element elementor-element-5fd8ee0 elementor-section-boxed elementor-section-height-default elementor-section-height-default\" data-id=\"5fd8ee0\" data-element_type=\"section\">\n\t\t\t\t\t\t<div class=\"elementor-container elementor-column-gap-default\">\n\t\t\t\t\t<div class=\"elementor-column elementor-col-100 elementor-top-column elementor-element elementor-element-b7316a2\" data-id=\"b7316a2\" data-element_type=\"column\">\n\t\t\t<div class=\"elementor-widget-wrap elementor-element-populated\">\n\t\t\t\t\t\t<div class=\"elementor-element elementor-element-96314ef elementor-widget elementor-widget-heading\" data-id=\"96314ef\" data-element_type=\"widget\" data-widget_type=\"heading.default\">\n\t\t\t\t<div class=\"elementor-widget-container\">\n\t\t\t\t\t<h2 class=\"elementor-heading-title elementor-size-default\">Transmisi\u00f3n cultural: un fuerte compromiso<\/h2>\t\t\t\t<\/div>\n\t\t\t\t<\/div>\n\t\t\t\t<div class=\"elementor-element elementor-element-d5b8f9e elementor-widget elementor-widget-text-editor\" data-id=\"d5b8f9e\" data-element_type=\"widget\" data-widget_type=\"text-editor.default\">\n\t\t\t\t<div class=\"elementor-widget-container\">\n\t\t\t\t\t\t\t\t\t<p>\n            <span style=\"font-weight: 400;\">La asociaci\u00f3n no s\u00f3lo organiza un baile. Tambi\u00e9n organiza una serie de actividades para sensibilizar al p\u00fablico sobre la historia y la cultura de la   <\/span><br \/>\n            <b>Touloulou<\/b><br \/>\n            <span style=\"font-weight: 400;\">. Los talleres de baile y costura permiten a los miembros confeccionar sus propios trajes. Un miembro de la asociaci\u00f3n coment\u00f3: &#8220;Este a\u00f1o, varias se\u00f1oras vendr\u00e1n con vestidos tradicionales que han cosido ellas mismas. Es un bienvenido retorno a nuestras ra\u00edces&#8221;.  <\/span>\n          <\/p>\n<p><b>Tak Pi Tak Kamalaguli<\/b><span style=\"font-weight: 400;\"> tambi\u00e9n ha unido sus fuerzas con el <\/span><b>Centro de Creaci\u00f3n Art\u00edstica Muriel Merlin<\/b><span style=\"font-weight: 400;\"> y la empresa espa\u00f1ola <\/span><b>Lodudo Prod<\/b><span style=\"font-weight: 400;\"> para una creaci\u00f3n coreogr\u00e1fica original basada en el <\/span><b>Touloulou<\/b><span style=\"font-weight: 400;\">que se presentar\u00e1 durante la velada.<\/span><\/p>\n\t\t\t\t\t\t\t\t<\/div>\n\t\t\t\t<\/div>\n\t\t\t\t\t<\/div>\n\t\t<\/div>\n\t\t\t\t\t<\/div>\n\t\t<\/section>\n\t\t\t\t<section class=\"elementor-section elementor-top-section elementor-element elementor-element-fdb48d4 elementor-section-boxed elementor-section-height-default elementor-section-height-default\" data-id=\"fdb48d4\" data-element_type=\"section\">\n\t\t\t\t\t\t<div class=\"elementor-container elementor-column-gap-default\">\n\t\t\t\t\t<div class=\"elementor-column elementor-col-100 elementor-top-column elementor-element elementor-element-262484a\" data-id=\"262484a\" data-element_type=\"column\">\n\t\t\t<div class=\"elementor-widget-wrap elementor-element-populated\">\n\t\t\t\t\t\t<div class=\"elementor-element elementor-element-fd51d44 elementor-widget elementor-widget-heading\" data-id=\"fd51d44\" data-element_type=\"widget\" data-widget_type=\"heading.default\">\n\t\t\t\t<div class=\"elementor-widget-container\">\n\t\t\t\t\t<h2 class=\"elementor-heading-title elementor-size-default\">Una velada que no te puedes perder<\/h2>\t\t\t\t<\/div>\n\t\t\t\t<\/div>\n\t\t\t\t<div class=\"elementor-element elementor-element-ba2f1cc elementor-widget elementor-widget-text-editor\" data-id=\"ba2f1cc\" data-element_type=\"widget\" data-widget_type=\"text-editor.default\">\n\t\t\t\t<div class=\"elementor-widget-container\">\n\t\t\t\t\t\t\t\t\t<p><span style=\"font-weight: 400;\">Con capacidad para 150 coches y seguridad reforzada en colaboraci\u00f3n con la <\/span><b>RSMA<\/b><span style=\"font-weight: 400;\">El baile del 17 de febrero promete ser un gran acontecimiento del Carnaval de Guayana 2025. Gina Omear Laville insiste: &#8220;Es una velada llena de novedades: un nuevo espacio, un nuevo concepto, una vuelta a la tradici\u00f3n. Tienes que estar all\u00ed para vivirlo&#8221;. <\/span><\/p>\n<p><span style=\"font-weight: 400;\">La fecha est\u00e1 fijada para <\/span><b>17 de febrero de 2025<\/b><span style=\"font-weight: 400;\">de 22:00 a 5:00 h en el Espacio &#8220;TIBUZEL&#8221;. Ser\u00e1 una oportunidad \u00fanica para redescubrir la magia de la   <\/span><b>Touloulou<\/b><span style=\"font-weight: 400;\">  en un ambiente festivo y amistoso. Como experto caribe\u00f1o, no te pierdas esta oportunidad de participar en un evento que combina tradici\u00f3n y modernidad. <\/span><\/p>\n\t\t\t\t\t\t\t\t<\/div>\n\t\t\t\t<\/div>\n\t\t\t\t\t<\/div>\n\t\t<\/div>\n\t\t\t\t\t<\/div>\n\t\t<\/section>\n\t\t\t\t<section class=\"elementor-section elementor-top-section elementor-element elementor-element-5f217aa elementor-section-boxed elementor-section-height-default elementor-section-height-default\" data-id=\"5f217aa\" data-element_type=\"section\">\n\t\t\t\t\t\t<div class=\"elementor-container elementor-column-gap-default\">\n\t\t\t\t\t<div class=\"elementor-column elementor-col-100 elementor-top-column elementor-element elementor-element-5f76401\" data-id=\"5f76401\" data-element_type=\"column\">\n\t\t\t<div class=\"elementor-widget-wrap elementor-element-populated\">\n\t\t\t\t\t\t<div class=\"elementor-element elementor-element-be75097 elementor-widget elementor-widget-heading\" data-id=\"be75097\" data-element_type=\"widget\" data-widget_type=\"heading.default\">\n\t\t\t\t<div class=\"elementor-widget-container\">\n\t\t\t\t\t<h2 class=\"elementor-heading-title elementor-size-default\">Mirando al futuro<\/h2>\t\t\t\t<\/div>\n\t\t\t\t<\/div>\n\t\t\t\t<div class=\"elementor-element elementor-element-72c5cb2 elementor-widget elementor-widget-text-editor\" data-id=\"72c5cb2\" data-element_type=\"widget\" data-widget_type=\"text-editor.default\">\n\t\t\t\t<div class=\"elementor-widget-container\">\n\t\t\t\t\t\t\t\t\t<p>\n            <span style=\"font-weight: 400;\">El Carnaval de <a href=\"https:\/\/richeskarayib.com\/fr\/events\/20eme-edition-du-festival-danses-metisses\/\" target=\"_blank\" rel=\"noopener\">Guayana<\/a> 2025 y el Bal Touloulou son mucho m\u00e1s que una simple celebraci\u00f3n. Encarnan un aut\u00e9ntico retorno a las ra\u00edces culturales de la Guayana Francesa, un deseo de transmitir y compartir la herencia carnavalesca. Al participar en el Carnaval de Guyana 2025, cada visitante se convierte en protagonista de este renacimiento, contribuyendo a garantizar la pervivencia de las tradiciones que constituyen la riqueza de la cultura guayanesa.  <\/span>\n          <\/p>\n\t\t\t\t\t\t\t\t<\/div>\n\t\t\t\t<\/div>\n\t\t\t\t\t<\/div>\n\t\t<\/div>\n\t\t\t\t\t<\/div>\n\t\t<\/section>\n\t\t\t\t<\/div>\n\t\t","protected":false},"excerpt":{"rendered":"<p>Visita Carnaval de Guyana 2025 va a ser un acontecimiento memorable con el regreso del Bal Touloulou, previsto para el 17 de febrero en el Espacio &#8220;TIBUZEL&#8221;. Esta iniciativa, organizada por la Tak Pi Tak Kamalaguli y presidida por Gina Omear Laville, pretende insuflar nueva vida a una tradici\u00f3n que se desvanece poco a poco. [&hellip;]<\/p>\n","protected":false},"author":662,"featured_media":44927,"comment_status":"open","ping_status":"open","sticky":false,"template":"","format":"standard","meta":{"_acf_changed":false,"footnotes":""},"categories":[839],"tags":[1549],"class_list":["post-44940","post","type-post","status-publish","format-standard","has-post-thumbnail","hentry","category-noticias","tag-guayana-francesa"],"acf":[],"_links":{"self":[{"href":"https:\/\/richeskarayib.com\/es\/wp-json\/wp\/v2\/posts\/44940","targetHints":{"allow":["GET"]}}],"collection":[{"href":"https:\/\/richeskarayib.com\/es\/wp-json\/wp\/v2\/posts"}],"about":[{"href":"https:\/\/richeskarayib.com\/es\/wp-json\/wp\/v2\/types\/post"}],"author":[{"embeddable":true,"href":"https:\/\/richeskarayib.com\/es\/wp-json\/wp\/v2\/users\/662"}],"replies":[{"embeddable":true,"href":"https:\/\/richeskarayib.com\/es\/wp-json\/wp\/v2\/comments?post=44940"}],"version-history":[{"count":0,"href":"https:\/\/richeskarayib.com\/es\/wp-json\/wp\/v2\/posts\/44940\/revisions"}],"wp:featuredmedia":[{"embeddable":true,"href":"https:\/\/richeskarayib.com\/es\/wp-json\/wp\/v2\/media\/44927"}],"wp:attachment":[{"href":"https:\/\/richeskarayib.com\/es\/wp-json\/wp\/v2\/media?parent=44940"}],"wp:term":[{"taxonomy":"category","embeddable":true,"href":"https:\/\/richeskarayib.com\/es\/wp-json\/wp\/v2\/categories?post=44940"},{"taxonomy":"post_tag","embeddable":true,"href":"https:\/\/richeskarayib.com\/es\/wp-json\/wp\/v2\/tags?post=44940"}],"curies":[{"name":"wp","href":"https:\/\/api.w.org\/{rel}","templated":true}]}}