{"id":45251,"date":"2025-02-19T14:29:52","date_gmt":"2025-02-19T18:29:52","guid":{"rendered":"https:\/\/richeskarayib.com\/hub-antilles-un-proyecto-para-revolucionar-los-puertos-el-comercio-y-la-cultura-en-el-caribe\/"},"modified":"2025-02-24T11:35:46","modified_gmt":"2025-02-24T15:35:46","slug":"hub-antilles-un-proyecto-para-revolucionar-los-puertos-el-comercio-y-la-cultura-en-el-caribe","status":"publish","type":"post","link":"https:\/\/richeskarayib.com\/es\/hub-antilles-un-proyecto-para-revolucionar-los-puertos-el-comercio-y-la-cultura-en-el-caribe\/","title":{"rendered":"Reinventar el Gran Puerto de Martinica: Comercio, Ecolog\u00eda y Cultura en Armon\u00eda"},"content":{"rendered":"\t\t<div data-elementor-type=\"wp-post\" data-elementor-id=\"45251\" class=\"elementor elementor-45251 elementor-45233\" data-elementor-post-type=\"post\">\n\t\t\t\t\t\t<section class=\"elementor-section elementor-top-section elementor-element elementor-element-329a1c4 elementor-section-boxed elementor-section-height-default elementor-section-height-default\" data-id=\"329a1c4\" data-element_type=\"section\">\n\t\t\t\t\t\t<div class=\"elementor-container elementor-column-gap-default\">\n\t\t\t\t\t<div class=\"elementor-column elementor-col-100 elementor-top-column elementor-element elementor-element-43de922\" data-id=\"43de922\" data-element_type=\"column\">\n\t\t\t<div class=\"elementor-widget-wrap elementor-element-populated\">\n\t\t\t\t\t\t<section class=\"elementor-section elementor-inner-section elementor-element elementor-element-1c27136 elementor-section-boxed elementor-section-height-default elementor-section-height-default\" data-id=\"1c27136\" data-element_type=\"section\">\n\t\t\t\t\t\t<div class=\"elementor-container elementor-column-gap-default\">\n\t\t\t\t\t<div class=\"elementor-column elementor-col-100 elementor-inner-column elementor-element elementor-element-c05a8aa\" data-id=\"c05a8aa\" data-element_type=\"column\">\n\t\t\t<div class=\"elementor-widget-wrap elementor-element-populated\">\n\t\t\t\t\t\t<div class=\"elementor-element elementor-element-14845c3 elementor-widget elementor-widget-text-editor\" data-id=\"14845c3\" data-element_type=\"widget\" data-widget_type=\"text-editor.default\">\n\t\t\t\t<div class=\"elementor-widget-container\">\n\t\t\t\t\t\t\t\t\t<p><span style=\"font-weight: 400;\"><a href=\"https:\/\/www.martinique.port.fr\/\" rel=\"nofollow noopener\" target=\"_blank\">Puerto de Martinica<\/a>: el Gran Puerto Mar\u00edtimo de Martinica, pilar econ\u00f3mico de la isla, est\u00e1 en el centro de una ambiciosa transformaci\u00f3n. Combinando modernizaci\u00f3n de infraestructuras, transici\u00f3n energ\u00e9tica y apertura cultural, el proyecto -valorado en 120 millones de euros seg\u00fan Bruno Menc\u00e9- no se limita a una simple renovaci\u00f3n log\u00edstica.   <\/span><span style=\"font-weight: 400;\">Este proyecto, conocido como <\/span><span style=\"font-weight: 400;\"><b><a href=\"https:\/\/portsetcorridors.com\/2024\/hub-antilles-le-reve-antillais-passe-par-une-baisse-des-couts\/\" target=\"_blank\" rel=\"noopener nofollow\">Hub Antillas<\/a><\/b><\/span><span style=\"font-weight: 400;\">forma parte de una estrategia global para revitalizar la regi\u00f3n, impulsar el comercio internacional y dotar a Martinica de un nuevo espacio vital y cultural.<\/span><\/p>\n\t\t\t\t\t\t\t\t<\/div>\n\t\t\t\t<\/div>\n\t\t\t\t\t<\/div>\n\t\t<\/div>\n\t\t\t\t\t<\/div>\n\t\t<\/section>\n\t\t\t\t\t<\/div>\n\t\t<\/div>\n\t\t\t\t\t<\/div>\n\t\t<\/section>\n\t\t\t\t<section class=\"elementor-section elementor-top-section elementor-element elementor-element-4a06b7e elementor-section-boxed elementor-section-height-default elementor-section-height-default\" data-id=\"4a06b7e\" data-element_type=\"section\">\n\t\t\t\t\t\t<div class=\"elementor-container elementor-column-gap-default\">\n\t\t\t\t\t<div class=\"elementor-column elementor-col-100 elementor-top-column elementor-element elementor-element-1352a95\" data-id=\"1352a95\" data-element_type=\"column\">\n\t\t\t<div class=\"elementor-widget-wrap elementor-element-populated\">\n\t\t\t\t\t\t<div class=\"elementor-element elementor-element-d9be88b elementor-widget elementor-widget-heading\" data-id=\"d9be88b\" data-element_type=\"widget\" data-widget_type=\"heading.default\">\n\t\t\t\t<div class=\"elementor-widget-container\">\n\t\t\t\t\t<h2 class=\"elementor-heading-title elementor-size-default\">Un puerto moderno con ambiciones internacionales<\/h2>\t\t\t\t<\/div>\n\t\t\t\t<\/div>\n\t\t\t\t<div class=\"elementor-element elementor-element-4009aad elementor-widget elementor-widget-text-editor\" data-id=\"4009aad\" data-element_type=\"widget\" data-widget_type=\"text-editor.default\">\n\t\t\t\t<div class=\"elementor-widget-container\">\n\t\t\t\t\t\t\t\t\t<p>\n            <span style=\"font-weight: 400;\">El puerto de <a href=\"https:\/\/richeskarayib.com\/es\/miss-francia-2025-angelique-angarni-filopon-un-regreso-deslumbrante-a-martinica\/\" target=\"_blank\" rel=\"noopener\">Martinica <\/a> <\/span><br \/>\n            <span style=\"font-weight: 400;\">se prepara para acoger buques m\u00e1s grandes de aqu\u00ed a septiembre, ampliando los muelles y elevando las gr\u00faas p\u00f3rtico. Este proyecto, centrado principalmente en obras p\u00fablicas de gran envergadura, permitir\u00e1 a Martinica posicionarse como nudo mar\u00edtimo estrat\u00e9gico de enlace entre Sudam\u00e9rica -con especial atenci\u00f3n a Brasil- y Europa. Al modernizar las infraestructuras del Puerto de Martinica, el Gran Puerto pretende atraer nuevas asociaciones comerciales e impulsar el comercio con las islas del Caribe, Centroam\u00e9rica y, potencialmente, Norteam\u00e9rica.  <\/span>\n          <\/p>\n\t\t\t\t\t\t\t\t<\/div>\n\t\t\t\t<\/div>\n\t\t\t\t<section class=\"elementor-section elementor-inner-section elementor-element elementor-element-a6b4456 elementor-section-boxed elementor-section-height-default elementor-section-height-default\" data-id=\"a6b4456\" data-element_type=\"section\">\n\t\t\t\t\t\t<div class=\"elementor-container elementor-column-gap-default\">\n\t\t\t\t\t<div class=\"elementor-column elementor-col-50 elementor-inner-column elementor-element elementor-element-47614fe\" data-id=\"47614fe\" data-element_type=\"column\">\n\t\t\t<div class=\"elementor-widget-wrap elementor-element-populated\">\n\t\t\t\t\t\t<div class=\"elementor-element elementor-element-eee55f3 elementor-widget elementor-widget-image\" data-id=\"eee55f3\" data-element_type=\"widget\" data-widget_type=\"image.default\">\n\t\t\t\t<div class=\"elementor-widget-container\">\n\t\t\t\t\t\t\t\t\t\t\t\t<figure class=\"wp-caption\">\n\t\t\t\t\t\t\t\t\t\t<img fetchpriority=\"high\" decoding=\"async\" width=\"576\" height=\"1024\" src=\"https:\/\/richeskarayib.com\/wp-content\/uploads\/2025\/02\/WhatsApp-Image-2025-02-14-at-15.18.15-576x1024.jpeg\" class=\"attachment-large size-large wp-image-45249\" alt=\"Hub Antilles\" srcset=\"https:\/\/richeskarayib.com\/wp-content\/uploads\/2025\/02\/WhatsApp-Image-2025-02-14-at-15.18.15-576x1024.jpeg 576w, https:\/\/richeskarayib.com\/wp-content\/uploads\/2025\/02\/WhatsApp-Image-2025-02-14-at-15.18.15-169x300.jpeg 169w, https:\/\/richeskarayib.com\/wp-content\/uploads\/2025\/02\/WhatsApp-Image-2025-02-14-at-15.18.15-768x1365.jpeg 768w, https:\/\/richeskarayib.com\/wp-content\/uploads\/2025\/02\/WhatsApp-Image-2025-02-14-at-15.18.15-864x1536.jpeg 864w, https:\/\/richeskarayib.com\/wp-content\/uploads\/2025\/02\/WhatsApp-Image-2025-02-14-at-15.18.15.jpeg 900w\" sizes=\"(max-width: 576px) 100vw, 576px\" \/>\t\t\t\t\t\t\t\t\t\t\t<figcaption class=\"widget-image-caption wp-caption-text\">Visite des travaux<\/figcaption>\n\t\t\t\t\t\t\t\t\t\t<\/figure>\n\t\t\t\t\t\t\t\t\t<\/div>\n\t\t\t\t<\/div>\n\t\t\t\t\t<\/div>\n\t\t<\/div>\n\t\t\t\t<div class=\"elementor-column elementor-col-50 elementor-inner-column elementor-element elementor-element-0f4cf76\" data-id=\"0f4cf76\" data-element_type=\"column\">\n\t\t\t<div class=\"elementor-widget-wrap elementor-element-populated\">\n\t\t\t\t\t\t<div class=\"elementor-element elementor-element-44dec0f elementor-widget elementor-widget-image\" data-id=\"44dec0f\" data-element_type=\"widget\" data-widget_type=\"image.default\">\n\t\t\t\t<div class=\"elementor-widget-container\">\n\t\t\t\t\t\t\t\t\t\t\t\t<figure class=\"wp-caption\">\n\t\t\t\t\t\t\t\t\t\t<img decoding=\"async\" width=\"576\" height=\"1024\" src=\"https:\/\/richeskarayib.com\/wp-content\/uploads\/2025\/02\/Port-de-Fort-de-FRance-576x1024.jpeg\" class=\"attachment-large size-large wp-image-45245\" alt=\"Hub Antilles\" srcset=\"https:\/\/richeskarayib.com\/wp-content\/uploads\/2025\/02\/Port-de-Fort-de-FRance-576x1024.jpeg 576w, https:\/\/richeskarayib.com\/wp-content\/uploads\/2025\/02\/Port-de-Fort-de-FRance-169x300.jpeg 169w, https:\/\/richeskarayib.com\/wp-content\/uploads\/2025\/02\/Port-de-Fort-de-FRance-768x1365.jpeg 768w, https:\/\/richeskarayib.com\/wp-content\/uploads\/2025\/02\/Port-de-Fort-de-FRance-864x1536.jpeg 864w, https:\/\/richeskarayib.com\/wp-content\/uploads\/2025\/02\/Port-de-Fort-de-FRance.jpeg 900w\" sizes=\"(max-width: 576px) 100vw, 576px\" \/>\t\t\t\t\t\t\t\t\t\t\t<figcaption class=\"widget-image-caption wp-caption-text\">Port de Fort de France<\/figcaption>\n\t\t\t\t\t\t\t\t\t\t<\/figure>\n\t\t\t\t\t\t\t\t\t<\/div>\n\t\t\t\t<\/div>\n\t\t\t\t\t<\/div>\n\t\t<\/div>\n\t\t\t\t\t<\/div>\n\t\t<\/section>\n\t\t\t\t\t<\/div>\n\t\t<\/div>\n\t\t\t\t\t<\/div>\n\t\t<\/section>\n\t\t\t\t<section class=\"elementor-section elementor-top-section elementor-element elementor-element-81870ce elementor-section-boxed elementor-section-height-default elementor-section-height-default\" data-id=\"81870ce\" data-element_type=\"section\">\n\t\t\t\t\t\t<div class=\"elementor-container elementor-column-gap-default\">\n\t\t\t\t\t<div class=\"elementor-column elementor-col-100 elementor-top-column elementor-element elementor-element-b229cc7\" data-id=\"b229cc7\" data-element_type=\"column\">\n\t\t\t<div class=\"elementor-widget-wrap elementor-element-populated\">\n\t\t\t\t\t\t<div class=\"elementor-element elementor-element-e9c6d5b elementor-widget elementor-widget-heading\" data-id=\"e9c6d5b\" data-element_type=\"widget\" data-widget_type=\"heading.default\">\n\t\t\t\t<div class=\"elementor-widget-container\">\n\t\t\t\t\t<h2 class=\"elementor-heading-title elementor-size-default\">Soluciones ecol\u00f3gicas para un Puerto m\u00e1s verde<\/h2>\t\t\t\t<\/div>\n\t\t\t\t<\/div>\n\t\t\t\t<div class=\"elementor-element elementor-element-a75e9bf elementor-widget elementor-widget-text-editor\" data-id=\"a75e9bf\" data-element_type=\"widget\" data-widget_type=\"text-editor.default\">\n\t\t\t\t<div class=\"elementor-widget-container\">\n\t\t\t\t\t\t\t\t\t<p>\n            <span style=\"font-weight: 400;\">La transici\u00f3n energ\u00e9tica es fundamental en el proyecto Hub Antilles. Para reducir su consumo de combustibles f\u00f3siles en un 50%, el puerto instalar\u00e1 paneles fotovoltaicos en su terminal. Bruno Menc\u00e9 insiste en esta innovaci\u00f3n:    <\/span><br \/>\n            <span style=\"font-weight: 400;\">&#8220;Nos convertiremos en productores de energ\u00eda solar.<\/span><br \/>\n            <span style=\"font-weight: 400;\"><br \/>\n              <br \/>\n            <\/span>\n          <\/p>\n\t\t\t\t\t\t\t\t<\/div>\n\t\t\t\t<\/div>\n\t\t\t\t<div class=\"elementor-element elementor-element-86c6c98 elementor-widget elementor-widget-text-editor\" data-id=\"86c6c98\" data-element_type=\"widget\" data-widget_type=\"text-editor.default\">\n\t\t\t\t<div class=\"elementor-widget-container\">\n\t\t\t\t\t\t\t\t\t<p>\n            <span style=\"font-weight: 400;\">Al adoptar este enfoque, el Gran Puerto de Martinica no s\u00f3lo optimiza sus costes energ\u00e9ticos, sino que contribuye activamente a la reducci\u00f3n de las emisiones de CO\u2082 y a la autonom\u00eda energ\u00e9tica de la isla. Este cambio ecol\u00f3gico responde a un reto crucial para Martinica, hist\u00f3ricamente dependiente de los combustibles f\u00f3siles, y se hace eco de la voluntad de apoyar una econom\u00eda verde. <\/span>\n          <\/p>\n\t\t\t\t\t\t\t\t<\/div>\n\t\t\t\t<\/div>\n\t\t\t\t<section class=\"elementor-section elementor-inner-section elementor-element elementor-element-f247198 elementor-section-boxed elementor-section-height-default elementor-section-height-default\" data-id=\"f247198\" data-element_type=\"section\">\n\t\t\t\t\t\t<div class=\"elementor-container elementor-column-gap-default\">\n\t\t\t\t\t<div class=\"elementor-column elementor-col-100 elementor-inner-column elementor-element elementor-element-996ae83\" data-id=\"996ae83\" data-element_type=\"column\">\n\t\t\t<div class=\"elementor-widget-wrap elementor-element-populated\">\n\t\t\t\t\t\t<div class=\"elementor-element elementor-element-f11491a elementor-widget elementor-widget-video\" data-id=\"f11491a\" data-element_type=\"widget\" data-settings=\"{&quot;youtube_url&quot;:&quot;https:\\\/\\\/www.youtube.com\\\/watch?v=0gPFbDUcnaQ&quot;,&quot;video_type&quot;:&quot;youtube&quot;,&quot;controls&quot;:&quot;yes&quot;}\" data-widget_type=\"video.default\">\n\t\t\t\t<div class=\"elementor-widget-container\">\n\t\t\t\t\t\t\t<div class=\"elementor-wrapper elementor-open-inline\">\n\t\t\t<div class=\"elementor-video\"><\/div>\t\t<\/div>\n\t\t\t\t\t\t<\/div>\n\t\t\t\t<\/div>\n\t\t\t\t\t<\/div>\n\t\t<\/div>\n\t\t\t\t\t<\/div>\n\t\t<\/section>\n\t\t\t\t\t<\/div>\n\t\t<\/div>\n\t\t\t\t\t<\/div>\n\t\t<\/section>\n\t\t\t\t<section class=\"elementor-section elementor-top-section elementor-element elementor-element-5fd8ee0 elementor-section-boxed elementor-section-height-default elementor-section-height-default\" data-id=\"5fd8ee0\" data-element_type=\"section\">\n\t\t\t\t\t\t<div class=\"elementor-container elementor-column-gap-default\">\n\t\t\t\t\t<div class=\"elementor-column elementor-col-100 elementor-top-column elementor-element elementor-element-b7316a2\" data-id=\"b7316a2\" data-element_type=\"column\">\n\t\t\t<div class=\"elementor-widget-wrap elementor-element-populated\">\n\t\t\t\t\t\t<div class=\"elementor-element elementor-element-96314ef elementor-widget elementor-widget-heading\" data-id=\"96314ef\" data-element_type=\"widget\" data-widget_type=\"heading.default\">\n\t\t\t\t<div class=\"elementor-widget-container\">\n\t\t\t\t\t<h2 class=\"elementor-heading-title elementor-size-default\">Reforzar la cooperaci\u00f3n regional para impulsar el comercio caribe\u00f1o<\/h2>\t\t\t\t<\/div>\n\t\t\t\t<\/div>\n\t\t\t\t<div class=\"elementor-element elementor-element-d5b8f9e elementor-widget elementor-widget-text-editor\" data-id=\"d5b8f9e\" data-element_type=\"widget\" data-widget_type=\"text-editor.default\">\n\t\t\t\t<div class=\"elementor-widget-container\">\n\t\t\t\t\t\t\t\t\t<p>\n            <span style=\"font-weight: 400;\">La modernizaci\u00f3n del Puerto de Martinica va acompa\u00f1ada de una estrategia de cooperaci\u00f3n regional. Como miembro de la Asociaci\u00f3n de Gesti\u00f3n Portuaria del Caribe (PMAC), el Grand Port Maritime de la Martinique   <\/span><br \/>\n            <span style=\"font-weight: 400;\">participa en iniciativas colectivas para facilitar el comercio entre los puertos de la regi\u00f3n.<\/span><br \/>\n            <span style=\"font-weight: 400;\">  Bruno Menc\u00e9 subraya la importancia de esta colaboraci\u00f3n para superar los retos que plantean unas normativas a veces demasiado espec\u00edficas o divergentes:<\/span>\n          <\/p>\n\t\t\t\t\t\t\t\t<\/div>\n\t\t\t\t<\/div>\n\t\t\t\t<div class=\"elementor-element elementor-element-3a95937 elementor-widget elementor-widget-text-editor\" data-id=\"3a95937\" data-element_type=\"widget\" data-widget_type=\"text-editor.default\">\n\t\t\t\t<div class=\"elementor-widget-container\">\n\t\t\t\t\t\t\t\t\t<p>\n            <span style=\"font-weight: 400;\">Bruno Menc\u00e9 destac\u00f3 la importancia de esta colaboraci\u00f3n para superar los retos que plantean las diferencias reglamentarias y optimizar el rendimiento del comercio internacional. Este enfoque concertado contribuir\u00e1 a impulsar el tr\u00e1fico mar\u00edtimo en el Caribe y a reforzar la competitividad de Martinica en la escena regional. <\/span>\n          <\/p>\n\t\t\t\t\t\t\t\t<\/div>\n\t\t\t\t<\/div>\n\t\t\t\t\t<\/div>\n\t\t<\/div>\n\t\t\t\t\t<\/div>\n\t\t<\/section>\n\t\t\t\t<section class=\"elementor-section elementor-top-section elementor-element elementor-element-fdb48d4 elementor-section-boxed elementor-section-height-default elementor-section-height-default\" data-id=\"fdb48d4\" data-element_type=\"section\">\n\t\t\t\t\t\t<div class=\"elementor-container elementor-column-gap-default\">\n\t\t\t\t\t<div class=\"elementor-column elementor-col-100 elementor-top-column elementor-element elementor-element-262484a\" data-id=\"262484a\" data-element_type=\"column\">\n\t\t\t<div class=\"elementor-widget-wrap elementor-element-populated\">\n\t\t\t\t\t\t<div class=\"elementor-element elementor-element-fd51d44 elementor-widget elementor-widget-heading\" data-id=\"fd51d44\" data-element_type=\"widget\" data-widget_type=\"heading.default\">\n\t\t\t\t<div class=\"elementor-widget-container\">\n\t\t\t\t\t<h2 class=\"elementor-heading-title elementor-size-default\">El Puerto al servicio de la cultura y de la regi\u00f3n<\/h2>\t\t\t\t<\/div>\n\t\t\t\t<\/div>\n\t\t\t\t<div class=\"elementor-element elementor-element-ba2f1cc elementor-widget elementor-widget-text-editor\" data-id=\"ba2f1cc\" data-element_type=\"widget\" data-widget_type=\"text-editor.default\">\n\t\t\t\t<div class=\"elementor-widget-container\">\n\t\t\t\t\t\t\t\t\t<p>\n            <span style=\"font-weight: 400;\">Adem\u00e1s de sus funciones econ\u00f3micas, el puerto es tambi\u00e9n un lugar de vida y de encuentro. Bruno Menc\u00e9 afirma que &#8220;el puerto est\u00e1 al servicio de la regi\u00f3n&#8221; e insiste en la necesidad de crear una interfaz entre el puerto y la ciudad, e incluso entre el puerto y la regi\u00f3n. <\/span><br \/>\n            <span style=\"font-weight: 400;\"><br \/>\n              <br \/>\n            <\/span><br \/>\n            <span style=\"font-weight: 400;\">En colaboraci\u00f3n con la ciudad de Fort-de-France, el Grand Port Maritime de la Martinique pretende abrir el puerto a iniciativas culturales -como exposiciones- para conciliar el espacio urbano con las infraestructuras portuarias. Inspir\u00e1ndose en el legado cultural de Aim\u00e9 C\u00e9saire y en el ejemplo del SERMAC, el objetivo es reforzar los v\u00ednculos entre comercio, cultura y desarrollo territorial, transformando el puerto en un aut\u00e9ntico catalizador de la vida local. <\/span>\n          <\/p>\n\t\t\t\t\t\t\t\t<\/div>\n\t\t\t\t<\/div>\n\t\t\t\t\t<\/div>\n\t\t<\/div>\n\t\t\t\t\t<\/div>\n\t\t<\/section>\n\t\t\t\t<section class=\"elementor-section elementor-top-section elementor-element elementor-element-5f217aa elementor-section-boxed elementor-section-height-default elementor-section-height-default\" data-id=\"5f217aa\" data-element_type=\"section\">\n\t\t\t\t\t\t<div class=\"elementor-container elementor-column-gap-default\">\n\t\t\t\t\t<div class=\"elementor-column elementor-col-100 elementor-top-column elementor-element elementor-element-5f76401\" data-id=\"5f76401\" data-element_type=\"column\">\n\t\t\t<div class=\"elementor-widget-wrap elementor-element-populated\">\n\t\t\t\t\t\t<div class=\"elementor-element elementor-element-72c5cb2 elementor-widget elementor-widget-text-editor\" data-id=\"72c5cb2\" data-element_type=\"widget\" data-widget_type=\"text-editor.default\">\n\t\t\t\t<div class=\"elementor-widget-container\">\n\t\t\t\t\t\t\t\t\t<p>\n            <span style=\"font-weight: 400;\">La transformaci\u00f3n del Gran Puerto de Martinica, presentada por Bruno Menc\u00e9, encarna una visi\u00f3n audaz e integrada. La modernizaci\u00f3n de las infraestructuras, una transici\u00f3n energ\u00e9tica innovadora y la apertura cultural se combinan para hacer del puerto un actor principal del desarrollo econ\u00f3mico y territorial de la isla. Adem\u00e1s de sus ventajas log\u00edsticas, el proyecto promete reinventar el v\u00ednculo entre comercio y cultura, ofreciendo a Martinica un modelo inspirador de sostenibilidad y cooperaci\u00f3n regional. El puerto se posiciona as\u00ed como una palanca de progreso y un poderoso s\u00edmbolo de la renovaci\u00f3n de Martinica.   <\/span>\n          <\/p>\n\t\t\t\t\t\t\t\t<\/div>\n\t\t\t\t<\/div>\n\t\t\t\t\t<\/div>\n\t\t<\/div>\n\t\t\t\t\t<\/div>\n\t\t<\/section>\n\t\t\t\t<\/div>\n\t\t","protected":false},"excerpt":{"rendered":"<p>Puerto de Martinica: el Gran Puerto Mar\u00edtimo de Martinica, pilar econ\u00f3mico de la isla, est\u00e1 en el centro de una ambiciosa transformaci\u00f3n. Combinando modernizaci\u00f3n de infraestructuras, transici\u00f3n energ\u00e9tica y apertura cultural, el proyecto -valorado en 120 millones de euros seg\u00fan Bruno Menc\u00e9- no se limita a una simple renovaci\u00f3n log\u00edstica. Este proyecto, conocido como Hub [&hellip;]<\/p>\n","protected":false},"author":662,"featured_media":45237,"comment_status":"open","ping_status":"open","sticky":false,"template":"","format":"standard","meta":{"_acf_changed":false,"footnotes":""},"categories":[1723,839],"tags":[816],"class_list":["post-45251","post","type-post","status-publish","format-standard","has-post-thumbnail","hentry","category-maritime-fr","category-noticias","tag-martinique-es"],"acf":[],"_links":{"self":[{"href":"https:\/\/richeskarayib.com\/es\/wp-json\/wp\/v2\/posts\/45251","targetHints":{"allow":["GET"]}}],"collection":[{"href":"https:\/\/richeskarayib.com\/es\/wp-json\/wp\/v2\/posts"}],"about":[{"href":"https:\/\/richeskarayib.com\/es\/wp-json\/wp\/v2\/types\/post"}],"author":[{"embeddable":true,"href":"https:\/\/richeskarayib.com\/es\/wp-json\/wp\/v2\/users\/662"}],"replies":[{"embeddable":true,"href":"https:\/\/richeskarayib.com\/es\/wp-json\/wp\/v2\/comments?post=45251"}],"version-history":[{"count":0,"href":"https:\/\/richeskarayib.com\/es\/wp-json\/wp\/v2\/posts\/45251\/revisions"}],"wp:featuredmedia":[{"embeddable":true,"href":"https:\/\/richeskarayib.com\/es\/wp-json\/wp\/v2\/media\/45237"}],"wp:attachment":[{"href":"https:\/\/richeskarayib.com\/es\/wp-json\/wp\/v2\/media?parent=45251"}],"wp:term":[{"taxonomy":"category","embeddable":true,"href":"https:\/\/richeskarayib.com\/es\/wp-json\/wp\/v2\/categories?post=45251"},{"taxonomy":"post_tag","embeddable":true,"href":"https:\/\/richeskarayib.com\/es\/wp-json\/wp\/v2\/tags?post=45251"}],"curies":[{"name":"wp","href":"https:\/\/api.w.org\/{rel}","templated":true}]}}