{"id":45436,"date":"2025-02-24T13:24:35","date_gmt":"2025-02-24T17:24:35","guid":{"rendered":"https:\/\/richeskarayib.com\/martinica-y-caricom-descubrirse-mutuamente-para-construir-juntos-un-caribe-mas-fuerte\/"},"modified":"2025-03-03T16:48:17","modified_gmt":"2025-03-03T20:48:17","slug":"martinica-y-caricom-descubrirse-mutuamente-para-construir-juntos-un-caribe-mas-fuerte","status":"publish","type":"post","link":"https:\/\/richeskarayib.com\/es\/martinica-y-caricom-descubrirse-mutuamente-para-construir-juntos-un-caribe-mas-fuerte\/","title":{"rendered":"Martinica y CARICOM: descubrirse mutuamente para construir juntos un Caribe m\u00e1s fuerte"},"content":{"rendered":"\t\t<div data-elementor-type=\"wp-post\" data-elementor-id=\"45436\" class=\"elementor elementor-45436 elementor-45406\" data-elementor-post-type=\"post\">\n\t\t\t\t\t\t<section class=\"elementor-section elementor-top-section elementor-element elementor-element-329a1c4 elementor-section-boxed elementor-section-height-default elementor-section-height-default\" data-id=\"329a1c4\" data-element_type=\"section\">\n\t\t\t\t\t\t<div class=\"elementor-container elementor-column-gap-default\">\n\t\t\t\t\t<div class=\"elementor-column elementor-col-100 elementor-top-column elementor-element elementor-element-43de922\" data-id=\"43de922\" data-element_type=\"column\">\n\t\t\t<div class=\"elementor-widget-wrap elementor-element-populated\">\n\t\t\t\t\t\t<section class=\"elementor-section elementor-inner-section elementor-element elementor-element-1c27136 elementor-section-boxed elementor-section-height-default elementor-section-height-default\" data-id=\"1c27136\" data-element_type=\"section\">\n\t\t\t\t\t\t<div class=\"elementor-container elementor-column-gap-default\">\n\t\t\t\t\t<div class=\"elementor-column elementor-col-100 elementor-inner-column elementor-element elementor-element-c05a8aa\" data-id=\"c05a8aa\" data-element_type=\"column\">\n\t\t\t<div class=\"elementor-widget-wrap elementor-element-populated\">\n\t\t\t\t\t\t<div class=\"elementor-element elementor-element-14845c3 elementor-widget elementor-widget-text-editor\" data-id=\"14845c3\" data-element_type=\"widget\" data-widget_type=\"text-editor.default\">\n\t\t\t\t<div class=\"elementor-widget-container\">\n\t\t\t\t\t\t\t\t\t<h3>\n            <b><br \/>\n              <i>Un repaso a las visitas oficiales de Serge Letchimy a Barbados<\/i><br \/>\n            <\/b><br \/>\n          <\/h3>\n\t\t\t\t\t\t\t\t<\/div>\n\t\t\t\t<\/div>\n\t\t\t\t<div class=\"elementor-element elementor-element-9f7119c elementor-widget elementor-widget-text-editor\" data-id=\"9f7119c\" data-element_type=\"widget\" data-widget_type=\"text-editor.default\">\n\t\t\t\t<div class=\"elementor-widget-container\">\n\t\t\t\t\t\t\t\t\t<p>\n            <span style=\"font-weight: 400;\"><a href=\"https:\/\/la1ere.francetvinfo.fr\/martinique\/la-martinique-a-signe-son-adhesion-a-la-caricom-en-tant-que-membre-associe-1563133.html\" target=\"_blank\" rel=\"noopener nofollow\">CARICOM<\/a>: La hist\u00f3rica adhesi\u00f3n de Martinica a CARICOM abre una oportunidad \u00fanica para reforzar los intercambios humanos, culturales y econ\u00f3micos entre la isla y sus vecinos caribe\u00f1os. M\u00e1s all\u00e1 de los intereses comerciales, es una invitaci\u00f3n a descubrir las realidades, los talentos, los conocimientos y los retos compartidos que est\u00e1n dando forma al Gran Caribe en la actualidad.   <\/span>\n          <\/p>\n\t\t\t\t\t\t\t\t<\/div>\n\t\t\t\t<\/div>\n\t\t\t\t<div class=\"elementor-element elementor-element-91a1b15 elementor-widget elementor-widget-text-editor\" data-id=\"91a1b15\" data-element_type=\"widget\" data-widget_type=\"text-editor.default\">\n\t\t\t\t<div class=\"elementor-widget-container\">\n\t\t\t\t\t\t\t\t\t<p>\n            <span style=\"font-weight: 400;\">Con esta perspectiva, Serge Letchimy, Presidente del Consejo Ejecutivo de Martinica, viaj\u00f3 a Barbados para reunirse con varios actores clave del desarrollo regional. El objetivo era trabajar juntos para construir una aut\u00e9ntica cooperaci\u00f3n econ\u00f3mica, basada en un profundo entendimiento mutuo. <\/span>\n          <\/p>\n\t\t\t\t\t\t\t\t<\/div>\n\t\t\t\t<\/div>\n\t\t\t\t<div class=\"elementor-element elementor-element-17ba3cc elementor-widget elementor-widget-text-editor\" data-id=\"17ba3cc\" data-element_type=\"widget\" data-widget_type=\"text-editor.default\">\n\t\t\t\t<div class=\"elementor-widget-container\">\n\t\t\t\t\t\t\t\t\t\n          <p>\n            <span style=\"font-weight: 400;\">Estas reuniones estrat\u00e9gicas pusieron de relieve el car\u00e1cter complementario y mutuamente enriquecedor de varios sectores prioritarios:  <\/span>\n          <\/p>\n          \n\n          <p>\n            <span style=\"font-weight: 400;\">\u2714 Transformaci\u00f3n agroalimentaria y seguridad alimentaria,  <\/span>\n          <\/p>\n          \n\n          <p>\n            <span style=\"font-weight: 400;\">\u2714 La pesca sostenible y la econom\u00eda azul,  <\/span>\n          <\/p>\n          \n\n          <p>\n            <span style=\"font-weight: 400;\">\u2714 Log\u00edstica comercial y tur\u00edstica,  <\/span>\n          <\/p>\n          \n\n          <p>\n            <span style=\"font-weight: 400;\">\u2714 El desarrollo del sector privado regional.<\/span>\n          <\/p>\n        \t\t\t\t\t\t\t\t<\/div>\n\t\t\t\t<\/div>\n\t\t\t\t\t<\/div>\n\t\t<\/div>\n\t\t\t\t\t<\/div>\n\t\t<\/section>\n\t\t\t\t\t<\/div>\n\t\t<\/div>\n\t\t\t\t\t<\/div>\n\t\t<\/section>\n\t\t\t\t<section class=\"elementor-section elementor-top-section elementor-element elementor-element-4a06b7e elementor-section-boxed elementor-section-height-default elementor-section-height-default\" data-id=\"4a06b7e\" data-element_type=\"section\">\n\t\t\t\t\t\t<div class=\"elementor-container elementor-column-gap-default\">\n\t\t\t\t\t<div class=\"elementor-column elementor-col-100 elementor-top-column elementor-element elementor-element-1352a95\" data-id=\"1352a95\" data-element_type=\"column\">\n\t\t\t<div class=\"elementor-widget-wrap elementor-element-populated\">\n\t\t\t\t\t\t<div class=\"elementor-element elementor-element-d9be88b elementor-widget elementor-widget-heading\" data-id=\"d9be88b\" data-element_type=\"widget\" data-widget_type=\"heading.default\">\n\t\t\t\t<div class=\"elementor-widget-container\">\n\t\t\t\t\t<h2 class=\"elementor-heading-title elementor-size-default\">Integraci\u00f3n para impulsar el sector privado<\/h2>\t\t\t\t<\/div>\n\t\t\t\t<\/div>\n\t\t\t\t<section class=\"elementor-section elementor-inner-section elementor-element elementor-element-f2275ff elementor-section-boxed elementor-section-height-default elementor-section-height-default\" data-id=\"f2275ff\" data-element_type=\"section\">\n\t\t\t\t\t\t<div class=\"elementor-container elementor-column-gap-default\">\n\t\t\t\t\t<div class=\"elementor-column elementor-col-100 elementor-inner-column elementor-element elementor-element-bd0b0ee\" data-id=\"bd0b0ee\" data-element_type=\"column\">\n\t\t\t<div class=\"elementor-widget-wrap elementor-element-populated\">\n\t\t\t\t\t\t<div class=\"elementor-element elementor-element-fd87f9f elementor-widget elementor-widget-text-editor\" data-id=\"fd87f9f\" data-element_type=\"widget\" data-widget_type=\"text-editor.default\">\n\t\t\t\t<div class=\"elementor-widget-container\">\n\t\t\t\t\t\t\t\t\t\n          <p>\n            <b>La exportaci\u00f3n caribe\u00f1a: una palanca para la cooperaci\u00f3n econ\u00f3mica<\/b>\n          <\/p>\n          \n\n          <p><span style=\"font-weight: 400;\">Uno de los aspectos m\u00e1s destacados fue la reuni\u00f3n con  <\/span><b>Dr. Damie Sinanan <\/b><span style=\"font-weight: 400;\">, <\/span><b>Director Ejecutivo de la Agencia de Desarrollo de las Exportaciones del Caribe y su equipo<\/b><span style=\"font-weight: 400;\">La Agencia de Desarrollo de las Exportaciones del Caribe es un organismo regional que apoya el desarrollo del sector privado.<\/span><\/p>\n        \t\t\t\t\t\t\t\t<\/div>\n\t\t\t\t<\/div>\n\t\t\t\t<div class=\"elementor-element elementor-element-2cfe4bd elementor-widget elementor-widget-text-editor\" data-id=\"2cfe4bd\" data-element_type=\"widget\" data-widget_type=\"text-editor.default\">\n\t\t\t\t<div class=\"elementor-widget-container\">\n\t\t\t\t\t\t\t\t\t<p>\n            <i><br \/>\n              <span style=\"font-weight: 400;\">&#8220;Se trata de un fant\u00e1stico paso adelante. Caribbean Export consiste en reunir a las empresas de la regi\u00f3n para generar oportunidades de negocio. La integraci\u00f3n de Martinica en <a href=\"https:\/\/www.lemonde.fr\/politique\/article\/2025\/02\/21\/en-quete-d-integration-regionale-la-martinique-adhere-a-la-communaute-caribeenne_6557607_823448.html\" target=\"_blank\" rel=\"noopener nofollow\">CARICOM<\/a> abrir\u00e1 muchas puertas.  <\/span><br \/>\n            <\/i><br \/>\n            <span style=\"font-weight: 400;\">  &#8211; Dr. Dimi Sinanan <\/span>\n          <\/p>\n\t\t\t\t\t\t\t\t<\/div>\n\t\t\t\t<\/div>\n\t\t\t\t<div class=\"elementor-element elementor-element-93a0952 elementor-widget elementor-widget-text-editor\" data-id=\"93a0952\" data-element_type=\"widget\" data-widget_type=\"text-editor.default\">\n\t\t\t\t<div class=\"elementor-widget-container\">\n\t\t\t\t\t\t\t\t\t<p><span style=\"font-weight: 400;\">La agencia se centra en tres \u00e1reas prioritarias:<\/span><span style=\"font-weight: 400;\"><br \/><\/span><span style=\"font-weight: 400;\">\u2714 <\/span><b>Seguridad alimentaria y optimizaci\u00f3n de la cadena de suministro.<\/b><span style=\"font-weight: 400;\">,<\/span><span style=\"font-weight: 400;\"><br \/><\/span><span style=\"font-weight: 400;\">\u2714 <\/span><b>La transici\u00f3n a una econom\u00eda verde<\/b><span style=\"font-weight: 400;\">,<\/span><span style=\"font-weight: 400;\"><br \/><\/span><span style=\"font-weight: 400;\">\u2714 <\/span><b>La digitalizaci\u00f3n de las empresas<\/b><span style=\"font-weight: 400;\">.<\/span><\/p>\n\t\t\t\t\t\t\t\t<\/div>\n\t\t\t\t<\/div>\n\t\t\t\t<section class=\"elementor-section elementor-inner-section elementor-element elementor-element-4ffac9e elementor-section-boxed elementor-section-height-default elementor-section-height-default\" data-id=\"4ffac9e\" data-element_type=\"section\">\n\t\t\t\t\t\t<div class=\"elementor-container elementor-column-gap-default\">\n\t\t\t\t\t<div class=\"elementor-column elementor-col-100 elementor-inner-column elementor-element elementor-element-901f1c8\" data-id=\"901f1c8\" data-element_type=\"column\">\n\t\t\t<div class=\"elementor-widget-wrap elementor-element-populated\">\n\t\t\t\t\t\t<div class=\"elementor-element elementor-element-3ba6f91 elementor-widget elementor-widget-image\" data-id=\"3ba6f91\" data-element_type=\"widget\" data-widget_type=\"image.default\">\n\t\t\t\t<div class=\"elementor-widget-container\">\n\t\t\t\t\t\t\t\t\t\t\t\t<figure class=\"wp-caption\">\n\t\t\t\t\t\t\t\t\t\t<img fetchpriority=\"high\" decoding=\"async\" width=\"800\" height=\"634\" src=\"https:\/\/richeskarayib.com\/wp-content\/uploads\/2025\/02\/7-1-1024x811.jpeg\" class=\"attachment-large size-large wp-image-45414\" alt=\"CARICOM\" srcset=\"https:\/\/richeskarayib.com\/wp-content\/uploads\/2025\/02\/7-1-1024x811.jpeg 1024w, https:\/\/richeskarayib.com\/wp-content\/uploads\/2025\/02\/7-1-300x238.jpeg 300w, https:\/\/richeskarayib.com\/wp-content\/uploads\/2025\/02\/7-1-768x608.jpeg 768w, https:\/\/richeskarayib.com\/wp-content\/uploads\/2025\/02\/7-1.jpeg 1280w\" sizes=\"(max-width: 800px) 100vw, 800px\" \/>\t\t\t\t\t\t\t\t\t\t\t<figcaption class=\"widget-image-caption wp-caption-text\">Retour sur les visites officiellse de Serge Letchimy \u00e0 la Barbade\n<\/figcaption>\n\t\t\t\t\t\t\t\t\t\t<\/figure>\n\t\t\t\t\t\t\t\t\t<\/div>\n\t\t\t\t<\/div>\n\t\t\t\t\t<\/div>\n\t\t<\/div>\n\t\t\t\t\t<\/div>\n\t\t<\/section>\n\t\t\t\t\t<\/div>\n\t\t<\/div>\n\t\t\t\t\t<\/div>\n\t\t<\/section>\n\t\t\t\t\t<\/div>\n\t\t<\/div>\n\t\t\t\t\t<\/div>\n\t\t<\/section>\n\t\t\t\t<section class=\"elementor-section elementor-top-section elementor-element elementor-element-81870ce elementor-section-boxed elementor-section-height-default elementor-section-height-default\" data-id=\"81870ce\" data-element_type=\"section\">\n\t\t\t\t\t\t<div class=\"elementor-container elementor-column-gap-default\">\n\t\t\t\t\t<div class=\"elementor-column elementor-col-100 elementor-top-column elementor-element elementor-element-b229cc7\" data-id=\"b229cc7\" data-element_type=\"column\">\n\t\t\t<div class=\"elementor-widget-wrap elementor-element-populated\">\n\t\t\t\t\t\t<div class=\"elementor-element elementor-element-e9c6d5b elementor-widget elementor-widget-heading\" data-id=\"e9c6d5b\" data-element_type=\"widget\" data-widget_type=\"heading.default\">\n\t\t\t\t<div class=\"elementor-widget-container\">\n\t\t\t\t\t<h2 class=\"elementor-heading-title elementor-size-default\">El Foro de Inversiones del Caribe: una oportunidad para las empresas de Martinica<\/h2>\t\t\t\t<\/div>\n\t\t\t\t<\/div>\n\t\t\t\t<div class=\"elementor-element elementor-element-a75e9bf elementor-widget elementor-widget-text-editor\" data-id=\"a75e9bf\" data-element_type=\"widget\" data-widget_type=\"text-editor.default\">\n\t\t\t\t<div class=\"elementor-widget-container\">\n\t\t\t\t\t\t\t\t\t<p><span style=\"font-weight: 400;\">Todos los a\u00f1os, Caribbean Export organiza el <\/span><b>Foro de Inversiones del Caribe (FIC)<\/b><span style=\"font-weight: 400;\">una cita ineludible en la que inversores internacionales se re\u00fanen con empresas caribe\u00f1as.<\/span><\/p>\n\t\t\t\t\t\t\t\t<\/div>\n\t\t\t\t<\/div>\n\t\t\t\t<div class=\"elementor-element elementor-element-cac2ab6 elementor-widget elementor-widget-text-editor\" data-id=\"cac2ab6\" data-element_type=\"widget\" data-widget_type=\"text-editor.default\">\n\t\t\t\t<div class=\"elementor-widget-container\">\n\t\t\t\t\t\t\t\t\t<p>\n            <i><br \/>\n              <span style=\"font-weight: 400;\">&#8220;Tenemos inversores de Estados Unidos, Europa, \u00c1frica y Oriente Medio. Nuestra misi\u00f3n es poner en contacto a estos inversores con las empresas locales para estimular el desarrollo econ\u00f3mico regional.&#8221;<\/span><br \/>\n            <\/i><br \/>\n            <span style=\"font-weight: 400;\">  &#8211; Dr. Dimi Sinanan <\/span>\n          <\/p>\n\t\t\t\t\t\t\t\t<\/div>\n\t\t\t\t<\/div>\n\t\t\t\t<div class=\"elementor-element elementor-element-e616367 elementor-widget elementor-widget-text-editor\" data-id=\"e616367\" data-element_type=\"widget\" data-widget_type=\"text-editor.default\">\n\t\t\t\t<div class=\"elementor-widget-container\">\n\t\t\t\t\t\t\t\t\t\n          <p><span style=\"font-weight: 400;\">Por primera vez <\/span><b>las empresas de Martinica pueden presentar sus proyectos para participar y acceder a financiaci\u00f3n internacional<\/b><span style=\"font-weight: 400;\">. <\/span> <\/p>\n          \n\n          <p><span style=\"font-weight: 400;\">Enlace a la convocatoria de proyectos : <\/span><a href=\"https:\/\/carib-export.com\/opportunities\/call-for-projects-caribbean-investment-forum-2025-cif\/\" rel=\"nofollow noopener\" target=\"_blank\"><span style=\"font-weight: 400;\">https:\/\/carib-export.com\/opportunities\/call-for-projects-caribbean-investment-forum-2025-cif\/<\/span><\/a><\/p>\n        \t\t\t\t\t\t\t\t<\/div>\n\t\t\t\t<\/div>\n\t\t\t\t\t<\/div>\n\t\t<\/div>\n\t\t\t\t\t<\/div>\n\t\t<\/section>\n\t\t\t\t<section class=\"elementor-section elementor-top-section elementor-element elementor-element-5fd8ee0 elementor-section-boxed elementor-section-height-default elementor-section-height-default\" data-id=\"5fd8ee0\" data-element_type=\"section\">\n\t\t\t\t\t\t<div class=\"elementor-container elementor-column-gap-default\">\n\t\t\t\t\t<div class=\"elementor-column elementor-col-100 elementor-top-column elementor-element elementor-element-b7316a2\" data-id=\"b7316a2\" data-element_type=\"column\">\n\t\t\t<div class=\"elementor-widget-wrap elementor-element-populated\">\n\t\t\t\t\t\t<div class=\"elementor-element elementor-element-96314ef elementor-widget elementor-widget-heading\" data-id=\"96314ef\" data-element_type=\"widget\" data-widget_type=\"heading.default\">\n\t\t\t\t<div class=\"elementor-widget-container\">\n\t\t\t\t\t<h2 class=\"elementor-heading-title elementor-size-default\">DigiLabels: un modelo de negocio local orientado a la exportaci\u00f3n\n<\/h2>\t\t\t\t<\/div>\n\t\t\t\t<\/div>\n\t\t\t\t<section class=\"elementor-section elementor-inner-section elementor-element elementor-element-2331f9e elementor-section-boxed elementor-section-height-default elementor-section-height-default\" data-id=\"2331f9e\" data-element_type=\"section\">\n\t\t\t\t\t\t<div class=\"elementor-container elementor-column-gap-default\">\n\t\t\t\t\t<div class=\"elementor-column elementor-col-100 elementor-inner-column elementor-element elementor-element-90faa67\" data-id=\"90faa67\" data-element_type=\"column\">\n\t\t\t<div class=\"elementor-widget-wrap elementor-element-populated\">\n\t\t\t\t\t\t<div class=\"elementor-element elementor-element-3e515a0 elementor-widget elementor-widget-image\" data-id=\"3e515a0\" data-element_type=\"widget\" data-widget_type=\"image.default\">\n\t\t\t\t<div class=\"elementor-widget-container\">\n\t\t\t\t\t\t\t\t\t\t\t\t<figure class=\"wp-caption\">\n\t\t\t\t\t\t\t\t\t\t<img decoding=\"async\" width=\"800\" height=\"695\" src=\"https:\/\/richeskarayib.com\/wp-content\/uploads\/2025\/02\/5-1024x890.jpeg\" class=\"attachment-large size-large wp-image-45418\" alt=\"CARICOM\" srcset=\"https:\/\/richeskarayib.com\/wp-content\/uploads\/2025\/02\/5-1024x890.jpeg 1024w, https:\/\/richeskarayib.com\/wp-content\/uploads\/2025\/02\/5-300x261.jpeg 300w, https:\/\/richeskarayib.com\/wp-content\/uploads\/2025\/02\/5-768x668.jpeg 768w, https:\/\/richeskarayib.com\/wp-content\/uploads\/2025\/02\/5.jpeg 1280w\" sizes=\"(max-width: 800px) 100vw, 800px\" \/>\t\t\t\t\t\t\t\t\t\t\t<figcaption class=\"widget-image-caption wp-caption-text\">Edzii Edinboro et son \u00e9quipe<\/figcaption>\n\t\t\t\t\t\t\t\t\t\t<\/figure>\n\t\t\t\t\t\t\t\t\t<\/div>\n\t\t\t\t<\/div>\n\t\t\t\t\t<\/div>\n\t\t<\/div>\n\t\t\t\t\t<\/div>\n\t\t<\/section>\n\t\t\t\t<div class=\"elementor-element elementor-element-d5b8f9e elementor-widget elementor-widget-text-editor\" data-id=\"d5b8f9e\" data-element_type=\"widget\" data-widget_type=\"text-editor.default\">\n\t\t\t\t<div class=\"elementor-widget-container\">\n\t\t\t\t\t\t\t\t\t<p><span style=\"font-weight: 400;\">Una visita a <\/span><b>DigiLabels Inc.<\/b><span style=\"font-weight: 400;\">con Edzii Edinboro, nos permiti\u00f3 comprender mejor c\u00f3mo un local <\/span><b>de una empresa exportadora local<\/b><span style=\"font-weight: 400;\">  operando con \u00e9xito en la regi\u00f3n. Con sede en Barbados, DigiLabels ya trabaja con varios   <\/span><b>clientes en Martinica<\/b><span style=\"font-weight: 400;\"> y exporta sus etiquetas a varias islas del Caribe.<\/span><\/p>\n\t\t\t\t\t\t\t\t<\/div>\n\t\t\t\t<\/div>\n\t\t\t\t<div class=\"elementor-element elementor-element-2f99fdb elementor-widget elementor-widget-text-editor\" data-id=\"2f99fdb\" data-element_type=\"widget\" data-widget_type=\"text-editor.default\">\n\t\t\t\t<div class=\"elementor-widget-container\">\n\t\t\t\t\t\t\t\t\t<p><i><span style=\"font-weight: 400;\">&#8220;DigiLabels es la \u00fanica empresa de Barbados que ofrece una combinaci\u00f3n de impresi\u00f3n h\u00edbrida digital y flexogr\u00e1fica, lo que garantiza una alta calidad y plazos de entrega r\u00e1pidos&#8221;.<\/span><\/i><span style=\"font-weight: 400;\"> &#8211; Edzii Edinboro.<\/span><\/p>\n\t\t\t\t\t\t\t\t<\/div>\n\t\t\t\t<\/div>\n\t\t\t\t<div class=\"elementor-element elementor-element-2f9db73 elementor-widget elementor-widget-text-editor\" data-id=\"2f9db73\" data-element_type=\"widget\" data-widget_type=\"text-editor.default\">\n\t\t\t\t<div class=\"elementor-widget-container\">\n\t\t\t\t\t\t\t\t\t<p><span style=\"font-weight: 400;\">La reuni\u00f3n puso de relieve <\/span><b>los retos y las mejores pr\u00e1cticas de las empresas caribe\u00f1as dedicadas a la exportaci\u00f3n<\/b><span style=\"font-weight: 400;\">DigiLabels aporta valiosas lecciones para el desarrollo de las empresas con sede en Martinica que pretendan introducirse en el mercado regional. DigiLabels ilustra c\u00f3mo   <\/span><b>una PYME puede tener \u00e9xito a nivel internacional bas\u00e1ndose en normas de alta calidad y estrategias de marketing adecuadas<\/b><span style=\"font-weight: 400;\">.<\/span><\/p>\n\t\t\t\t\t\t\t\t<\/div>\n\t\t\t\t<\/div>\n\t\t\t\t\t<\/div>\n\t\t<\/div>\n\t\t\t\t\t<\/div>\n\t\t<\/section>\n\t\t\t\t<section class=\"elementor-section elementor-top-section elementor-element elementor-element-3ccd579 elementor-section-boxed elementor-section-height-default elementor-section-height-default\" data-id=\"3ccd579\" data-element_type=\"section\">\n\t\t\t\t\t\t<div class=\"elementor-container elementor-column-gap-default\">\n\t\t\t\t\t<div class=\"elementor-column elementor-col-100 elementor-top-column elementor-element elementor-element-7710009\" data-id=\"7710009\" data-element_type=\"column\">\n\t\t\t<div class=\"elementor-widget-wrap elementor-element-populated\">\n\t\t\t\t\t\t<div class=\"elementor-element elementor-element-6d9ebef elementor-widget elementor-widget-heading\" data-id=\"6d9ebef\" data-element_type=\"widget\" data-widget_type=\"heading.default\">\n\t\t\t\t<div class=\"elementor-widget-container\">\n\t\t\t\t\t<h2 class=\"elementor-heading-title elementor-size-default\">Pesca y econom\u00eda azul: tendiendo puentes entre Martinica y Barbados\n<\/h2>\t\t\t\t<\/div>\n\t\t\t\t<\/div>\n\t\t\t\t<div class=\"elementor-element elementor-element-fe8cf3c elementor-widget elementor-widget-text-editor\" data-id=\"fe8cf3c\" data-element_type=\"widget\" data-widget_type=\"text-editor.default\">\n\t\t\t\t<div class=\"elementor-widget-container\">\n\t\t\t\t\t\t\t\t\t<p><span style=\"font-weight: 400;\">Durante la visita a la <\/span><b>Divisi\u00f3n de Pesca de Barbados<\/b><span style=\"font-weight: 400;\">, <\/span> <b>Dra. Shelly-Ann Cox <\/b><span style=\"font-weight: 400;\">, <\/span><b>Jefe de Pesca<\/b><span style=\"font-weight: 400;\">y <\/span><b>Adrian Forde<\/b><span style=\"font-weight: 400;\">, <\/span><b>Ministro de Medio Ambiente y Econom\u00eda Azul de Barbados<\/b><span style=\"font-weight: 400;\">debatieron con Serge Letchimy los retos y oportunidades a los que se enfrenta el sector.<\/span><\/p>\n\t\t\t\t\t\t\t\t<\/div>\n\t\t\t\t<\/div>\n\t\t\t\t<section class=\"elementor-section elementor-inner-section elementor-element elementor-element-ade561b elementor-section-boxed elementor-section-height-default elementor-section-height-default\" data-id=\"ade561b\" data-element_type=\"section\">\n\t\t\t\t\t\t<div class=\"elementor-container elementor-column-gap-default\">\n\t\t\t\t\t<div class=\"elementor-column elementor-col-100 elementor-inner-column elementor-element elementor-element-c6a34b5\" data-id=\"c6a34b5\" data-element_type=\"column\">\n\t\t\t<div class=\"elementor-widget-wrap elementor-element-populated\">\n\t\t\t\t\t\t<div class=\"elementor-element elementor-element-e59f56f elementor-widget elementor-widget-image\" data-id=\"e59f56f\" data-element_type=\"widget\" data-widget_type=\"image.default\">\n\t\t\t\t<div class=\"elementor-widget-container\">\n\t\t\t\t\t\t\t\t\t\t\t\t<figure class=\"wp-caption\">\n\t\t\t\t\t\t\t\t\t\t<img decoding=\"async\" width=\"800\" height=\"450\" src=\"https:\/\/richeskarayib.com\/wp-content\/uploads\/2025\/02\/3-1024x576.jpeg\" class=\"attachment-large size-large wp-image-45422\" alt=\"CARICOM\" srcset=\"https:\/\/richeskarayib.com\/wp-content\/uploads\/2025\/02\/3-1024x576.jpeg 1024w, https:\/\/richeskarayib.com\/wp-content\/uploads\/2025\/02\/3-300x169.jpeg 300w, https:\/\/richeskarayib.com\/wp-content\/uploads\/2025\/02\/3-768x432.jpeg 768w, https:\/\/richeskarayib.com\/wp-content\/uploads\/2025\/02\/3.jpeg 1280w\" sizes=\"(max-width: 800px) 100vw, 800px\" \/>\t\t\t\t\t\t\t\t\t\t\t<figcaption class=\"widget-image-caption wp-caption-text\">D\u00e9l\u00e9gation de Martinique, Adrian Forde (Ministre de l\u2019\u00e9conomie Bleue) , Shelly Ann Cox et les \u00e9quipes du Barbados Fishering Division<\/figcaption>\n\t\t\t\t\t\t\t\t\t\t<\/figure>\n\t\t\t\t\t\t\t\t\t<\/div>\n\t\t\t\t<\/div>\n\t\t\t\t\t<\/div>\n\t\t<\/div>\n\t\t\t\t\t<\/div>\n\t\t<\/section>\n\t\t\t\t<div class=\"elementor-element elementor-element-3f9982b elementor-widget elementor-widget-text-editor\" data-id=\"3f9982b\" data-element_type=\"widget\" data-widget_type=\"text-editor.default\">\n\t\t\t\t<div class=\"elementor-widget-container\">\n\t\t\t\t\t\t\t\t\t<p><span style=\"font-weight: 400;\">Los debates se centraron en :<\/span><span style=\"font-weight: 400;\"><br \/><\/span><span style=\"font-weight: 400;\">\u2714 <\/span><b>Refuerzo de las infraestructuras portuarias y de transformaci\u00f3n de productos del mar.<\/b><span style=\"font-weight: 400;\">,<\/span><span style=\"font-weight: 400;\"><br \/><\/span><span style=\"font-weight: 400;\">\u2714 <\/span><b>El desarrollo de la acuicultura y de nuevas t\u00e9cnicas de pesca<\/b><span style=\"font-weight: 400;\">,<\/span><span style=\"font-weight: 400;\"><br \/><\/span><span style=\"font-weight: 400;\">\u2714 <\/span><b>La lucha contra el sargazo y la valorizaci\u00f3n de los residuos marinos<\/b><span style=\"font-weight: 400;\">.<\/span><\/p>\n\t\t\t\t\t\t\t\t<\/div>\n\t\t\t\t<\/div>\n\t\t\t\t<div class=\"elementor-element elementor-element-09a705d elementor-widget elementor-widget-text-editor\" data-id=\"09a705d\" data-element_type=\"widget\" data-widget_type=\"text-editor.default\">\n\t\t\t\t<div class=\"elementor-widget-container\">\n\t\t\t\t\t\t\t\t\t\n          <p><i><span style=\"font-weight: 400;\">&#8220;Necesitamos construir una colaboraci\u00f3n basada en el intercambio de conocimientos cient\u00edficos y tecnol\u00f3gicos. As\u00ed es como podemos garantizar la sostenibilidad de nuestras industrias y la seguridad alimentaria de la regi\u00f3n&#8221;.<\/span><\/i><span style=\"font-weight: 400;\"> &#8211; Adrian Forde<\/span><\/p>\n          \n\n          <p><span style=\"font-weight: 400;\">A <\/span><b>Memorando de Entendimiento (MoU)<\/b><span style=\"font-weight: 400;\"> para estructurar una asociaci\u00f3n <\/span><b>asociaci\u00f3n duradera entre Barbados y Martinica<\/b><span style=\"font-weight: 400;\">Se est\u00e1 debatiendo un Memorando de Entendimiento (MdE) para estructurar una asociaci\u00f3n duradera entre Barbados y Martinica, que promueva el intercambio de mejores pr\u00e1cticas y refuerce la industria pesquera.<\/span><\/p>\n        \t\t\t\t\t\t\t\t<\/div>\n\t\t\t\t<\/div>\n\t\t\t\t\t<\/div>\n\t\t<\/div>\n\t\t\t\t\t<\/div>\n\t\t<\/section>\n\t\t\t\t<section class=\"elementor-section elementor-top-section elementor-element elementor-element-fdb48d4 elementor-section-boxed elementor-section-height-default elementor-section-height-default\" data-id=\"fdb48d4\" data-element_type=\"section\">\n\t\t\t\t\t\t<div class=\"elementor-container elementor-column-gap-default\">\n\t\t\t\t\t<div class=\"elementor-column elementor-col-100 elementor-top-column elementor-element elementor-element-262484a\" data-id=\"262484a\" data-element_type=\"column\">\n\t\t\t<div class=\"elementor-widget-wrap elementor-element-populated\">\n\t\t\t\t\t\t<div class=\"elementor-element elementor-element-fd51d44 elementor-widget elementor-widget-heading\" data-id=\"fd51d44\" data-element_type=\"widget\" data-widget_type=\"heading.default\">\n\t\t\t\t<div class=\"elementor-widget-container\">\n\t\t\t\t\t<h2 class=\"elementor-heading-title elementor-size-default\">La transformaci\u00f3n alimentaria: un modelo a seguir en Martinica<\/h2>\t\t\t\t<\/div>\n\t\t\t\t<\/div>\n\t\t\t\t<div class=\"elementor-element elementor-element-855dc7a elementor-widget elementor-widget-image\" data-id=\"855dc7a\" data-element_type=\"widget\" data-widget_type=\"image.default\">\n\t\t\t\t<div class=\"elementor-widget-container\">\n\t\t\t\t\t\t\t\t\t\t\t\t\t\t\t<img loading=\"lazy\" decoding=\"async\" width=\"800\" height=\"450\" src=\"https:\/\/richeskarayib.com\/wp-content\/uploads\/2025\/02\/WhatsApp-Image-2025-02-24-at-04.56.06-1024x576.jpeg\" class=\"attachment-large size-large wp-image-45426\" alt=\"CARICOM\" srcset=\"https:\/\/richeskarayib.com\/wp-content\/uploads\/2025\/02\/WhatsApp-Image-2025-02-24-at-04.56.06-1024x576.jpeg 1024w, https:\/\/richeskarayib.com\/wp-content\/uploads\/2025\/02\/WhatsApp-Image-2025-02-24-at-04.56.06-300x169.jpeg 300w, https:\/\/richeskarayib.com\/wp-content\/uploads\/2025\/02\/WhatsApp-Image-2025-02-24-at-04.56.06-768x432.jpeg 768w, https:\/\/richeskarayib.com\/wp-content\/uploads\/2025\/02\/WhatsApp-Image-2025-02-24-at-04.56.06.jpeg 1280w\" sizes=\"(max-width: 800px) 100vw, 800px\" \/>\t\t\t\t\t\t\t\t\t\t\t\t\t\t\t<\/div>\n\t\t\t\t<\/div>\n\t\t\t\t<div class=\"elementor-element elementor-element-ba2f1cc elementor-widget elementor-widget-text-editor\" data-id=\"ba2f1cc\" data-element_type=\"widget\" data-widget_type=\"text-editor.default\">\n\t\t\t\t<div class=\"elementor-widget-container\">\n\t\t\t\t\t\t\t\t\t<p><span style=\"font-weight: 400;\">En el Centro<\/span><b> Centro Internacional de Ciencias de la Alimentaci\u00f3n<\/b><span style=\"font-weight: 400;\">dirigido por <\/span> <b>Dr. Mark Hill <\/b><span style=\"font-weight: 400;\">la delegaci\u00f3n descubri\u00f3 un modelo innovador de apoyo a los productores locales. Este centro les da acceso a : <\/span><span style=\"font-weight: 400;\"><br \/><\/span><span style=\"font-weight: 400;\">\u2714 <\/span><b>Instalaciones de transformaci\u00f3n modernas y certificadas<\/b><span style=\"font-weight: 400;\">,<\/span><span style=\"font-weight: 400;\"><br \/><\/span><span style=\"font-weight: 400;\">\u2714 <\/span><b>Apoyo t\u00e9cnico y normativo para fomentar las exportaciones<\/b><span style=\"font-weight: 400;\">,<\/span><span style=\"font-weight: 400;\"><br \/><\/span><span style=\"font-weight: 400;\">\u2714 <\/span><b>Creaci\u00f3n de redes con los mercados internacionales<\/b><span style=\"font-weight: 400;\">.<\/span><\/p>\n\t\t\t\t\t\t\t\t<\/div>\n\t\t\t\t<\/div>\n\t\t\t\t<section class=\"elementor-section elementor-inner-section elementor-element elementor-element-943bb76 elementor-section-boxed elementor-section-height-default elementor-section-height-default\" data-id=\"943bb76\" data-element_type=\"section\">\n\t\t\t\t\t\t<div class=\"elementor-container elementor-column-gap-default\">\n\t\t\t\t\t<div class=\"elementor-column elementor-col-100 elementor-inner-column elementor-element elementor-element-5fce18d\" data-id=\"5fce18d\" data-element_type=\"column\">\n\t\t\t<div class=\"elementor-widget-wrap elementor-element-populated\">\n\t\t\t\t\t\t<div class=\"elementor-element elementor-element-429d230 elementor-widget elementor-widget-image\" data-id=\"429d230\" data-element_type=\"widget\" data-widget_type=\"image.default\">\n\t\t\t\t<div class=\"elementor-widget-container\">\n\t\t\t\t\t\t\t\t\t\t\t\t<figure class=\"wp-caption\">\n\t\t\t\t\t\t\t\t\t\t<img loading=\"lazy\" decoding=\"async\" width=\"800\" height=\"845\" src=\"https:\/\/richeskarayib.com\/wp-content\/uploads\/2025\/02\/8-1-970x1024.jpeg\" class=\"attachment-large size-large wp-image-45430\" alt=\"CARICOM\" srcset=\"https:\/\/richeskarayib.com\/wp-content\/uploads\/2025\/02\/8-1-970x1024.jpeg 970w, https:\/\/richeskarayib.com\/wp-content\/uploads\/2025\/02\/8-1-284x300.jpeg 284w, https:\/\/richeskarayib.com\/wp-content\/uploads\/2025\/02\/8-1-768x811.jpeg 768w, https:\/\/richeskarayib.com\/wp-content\/uploads\/2025\/02\/8-1.jpeg 1212w\" sizes=\"(max-width: 800px) 100vw, 800px\" \/>\t\t\t\t\t\t\t\t\t\t\t<figcaption class=\"widget-image-caption wp-caption-text\">Serge Letchimy et Mark Hill\n<\/figcaption>\n\t\t\t\t\t\t\t\t\t\t<\/figure>\n\t\t\t\t\t\t\t\t\t<\/div>\n\t\t\t\t<\/div>\n\t\t\t\t\t<\/div>\n\t\t<\/div>\n\t\t\t\t\t<\/div>\n\t\t<\/section>\n\t\t\t\t<div class=\"elementor-element elementor-element-e50e912 elementor-widget elementor-widget-text-editor\" data-id=\"e50e912\" data-element_type=\"widget\" data-widget_type=\"text-editor.default\">\n\t\t\t\t<div class=\"elementor-widget-container\">\n\t\t\t\t\t\t\t\t\t\n          <p>\n            <span style=\"font-weight: 400;\">Serge Letchimy subray\u00f3 la importancia de adoptar un modelo similar en Martinica:<\/span>\n          <\/p>\n          \n\n          <p>\n            <span style=\"font-weight: 400;\">&#8220;Es muy importante, permite al agricultor concentrarse en la producci\u00f3n, garantizando la regularidad y la calidad de su producci\u00f3n. &#8211; Serge Letchimy<\/span>\n            <span style=\"font-weight: 400;\"> <\/span>\n          <\/p>\n        \t\t\t\t\t\t\t\t<\/div>\n\t\t\t\t<\/div>\n\t\t\t\t<section class=\"elementor-section elementor-inner-section elementor-element elementor-element-66733b5 elementor-section-boxed elementor-section-height-default elementor-section-height-default\" data-id=\"66733b5\" data-element_type=\"section\">\n\t\t\t\t\t\t<div class=\"elementor-container elementor-column-gap-default\">\n\t\t\t\t\t<div class=\"elementor-column elementor-col-100 elementor-inner-column elementor-element elementor-element-ea4df54\" data-id=\"ea4df54\" data-element_type=\"column\">\n\t\t\t<div class=\"elementor-widget-wrap elementor-element-populated\">\n\t\t\t\t\t\t<div class=\"elementor-element elementor-element-036d2f8 elementor-widget elementor-widget-image\" data-id=\"036d2f8\" data-element_type=\"widget\" data-widget_type=\"image.default\">\n\t\t\t\t<div class=\"elementor-widget-container\">\n\t\t\t\t\t\t\t\t\t\t\t\t<figure class=\"wp-caption\">\n\t\t\t\t\t\t\t\t\t\t<img loading=\"lazy\" decoding=\"async\" width=\"800\" height=\"450\" src=\"https:\/\/richeskarayib.com\/wp-content\/uploads\/2025\/02\/4-1-1024x576.jpeg\" class=\"attachment-large size-large wp-image-45434\" alt=\"CARICOM\" srcset=\"https:\/\/richeskarayib.com\/wp-content\/uploads\/2025\/02\/4-1-1024x576.jpeg 1024w, https:\/\/richeskarayib.com\/wp-content\/uploads\/2025\/02\/4-1-300x169.jpeg 300w, https:\/\/richeskarayib.com\/wp-content\/uploads\/2025\/02\/4-1-768x432.jpeg 768w, https:\/\/richeskarayib.com\/wp-content\/uploads\/2025\/02\/4-1.jpeg 1280w\" sizes=\"(max-width: 800px) 100vw, 800px\" \/>\t\t\t\t\t\t\t\t\t\t\t<figcaption class=\"widget-image-caption wp-caption-text\">Negus SELLY pr\u00e9sente une gamme de produit<\/figcaption>\n\t\t\t\t\t\t\t\t\t\t<\/figure>\n\t\t\t\t\t\t\t\t\t<\/div>\n\t\t\t\t<\/div>\n\t\t\t\t\t<\/div>\n\t\t<\/div>\n\t\t\t\t\t<\/div>\n\t\t<\/section>\n\t\t\t\t\t<\/div>\n\t\t<\/div>\n\t\t\t\t\t<\/div>\n\t\t<\/section>\n\t\t\t\t<section class=\"elementor-section elementor-top-section elementor-element elementor-element-0b7f19f elementor-section-boxed elementor-section-height-default elementor-section-height-default\" data-id=\"0b7f19f\" data-element_type=\"section\">\n\t\t\t\t\t\t<div class=\"elementor-container elementor-column-gap-default\">\n\t\t\t\t\t<div class=\"elementor-column elementor-col-100 elementor-top-column elementor-element elementor-element-e1c6c9b\" data-id=\"e1c6c9b\" data-element_type=\"column\">\n\t\t\t<div class=\"elementor-widget-wrap elementor-element-populated\">\n\t\t\t\t\t\t<div class=\"elementor-element elementor-element-152c9ff elementor-widget elementor-widget-heading\" data-id=\"152c9ff\" data-element_type=\"widget\" data-widget_type=\"heading.default\">\n\t\t\t\t<div class=\"elementor-widget-container\">\n\t\t\t\t\t<h2 class=\"elementor-heading-title elementor-size-default\">Un plan para animar a las empresas de Martinica: la ayuda al transporte de mercanc\u00edas B\u00f2Kay<\/h2>\t\t\t\t<\/div>\n\t\t\t\t<\/div>\n\t\t\t\t<div class=\"elementor-element elementor-element-5264954 elementor-widget elementor-widget-text-editor\" data-id=\"5264954\" data-element_type=\"widget\" data-widget_type=\"text-editor.default\">\n\t\t\t\t<div class=\"elementor-widget-container\">\n\t\t\t\t\t\t\t\t\t<p>\n            <span style=\"font-weight: 400;\">Durante su visita a <a href=\"https:\/\/richeskarayib.com\/es\/?p=45392\" target=\"_blank\" rel=\"noopener\">Barbados<\/a>, Serge Letchimy puso de relieve el plan &#8220;Fret B\u00f2Kay&#8221;, concebido para prestar apoyo pr\u00e1ctico a las empresas martinique\u00f1as que comercian con el <a href=\"https:\/\/richeskarayib.com\/es\/rutas-americas-2025-un-evento-clave-para-el-futuro-del-turismo-aereo-en-el-caribe\/\" target=\"_blank\" rel=\"noopener\">Caribe<\/a> y Am\u00e9rica. Seg\u00fan el Presidente del Consejo Ejecutivo, el objetivo es &#8220;compensar los costes adicionales de transporte entre Martinica y terceros pa\u00edses del Caribe&#8221;. <\/span>\n          <\/p>\n\t\t\t\t\t\t\t\t<\/div>\n\t\t\t\t<\/div>\n\t\t\t\t\t<\/div>\n\t\t<\/div>\n\t\t\t\t\t<\/div>\n\t\t<\/section>\n\t\t\t\t<section class=\"elementor-section elementor-top-section elementor-element elementor-element-f59bed6 elementor-section-boxed elementor-section-height-default elementor-section-height-default\" data-id=\"f59bed6\" data-element_type=\"section\">\n\t\t\t\t\t\t<div class=\"elementor-container elementor-column-gap-default\">\n\t\t\t\t\t<div class=\"elementor-column elementor-col-100 elementor-top-column elementor-element elementor-element-13fc8de\" data-id=\"13fc8de\" data-element_type=\"column\">\n\t\t\t<div class=\"elementor-widget-wrap elementor-element-populated\">\n\t\t\t\t\t\t<div class=\"elementor-element elementor-element-d88da47 elementor-widget elementor-widget-heading\" data-id=\"d88da47\" data-element_type=\"widget\" data-widget_type=\"heading.default\">\n\t\t\t\t<div class=\"elementor-widget-container\">\n\t\t\t\t\t<h2 class=\"elementor-heading-title elementor-size-default\">Un Caribe unido por sus talentos, conocimientos e intercambios<\/h2>\t\t\t\t<\/div>\n\t\t\t\t<\/div>\n\t\t\t\t<div class=\"elementor-element elementor-element-faebe26 elementor-widget elementor-widget-text-editor\" data-id=\"faebe26\" data-element_type=\"widget\" data-widget_type=\"text-editor.default\">\n\t\t\t\t<div class=\"elementor-widget-container\">\n\t\t\t\t\t\t\t\t\t<p>\n            <span style=\"font-weight: 400;\">Estos encuentros entre Martinica y Barbados abren una v\u00eda prometedora hacia un modelo regional en el que la cooperaci\u00f3n econ\u00f3mica se construya ante todo sobre el descubrimiento mutuo, el intercambio de conocimientos y la valorizaci\u00f3n de las realidades locales.  <\/span>\n          <\/p>\n\t\t\t\t\t\t\t\t<\/div>\n\t\t\t\t<\/div>\n\t\t\t\t\t<\/div>\n\t\t<\/div>\n\t\t\t\t\t<\/div>\n\t\t<\/section>\n\t\t\t\t<section class=\"elementor-section elementor-top-section elementor-element elementor-element-d395ede elementor-section-boxed elementor-section-height-default elementor-section-height-default\" data-id=\"d395ede\" data-element_type=\"section\">\n\t\t\t\t\t\t<div class=\"elementor-container elementor-column-gap-default\">\n\t\t\t\t\t<div class=\"elementor-column elementor-col-100 elementor-top-column elementor-element elementor-element-3d9316a\" data-id=\"3d9316a\" data-element_type=\"column\">\n\t\t\t<div class=\"elementor-widget-wrap elementor-element-populated\">\n\t\t\t\t\t\t<div class=\"elementor-element elementor-element-0a12054 elementor-widget elementor-widget-text-editor\" data-id=\"0a12054\" data-element_type=\"widget\" data-widget_type=\"text-editor.default\">\n\t\t\t\t<div class=\"elementor-widget-container\">\n\t\t\t\t\t\t\t\t\t<p>\n            <span style=\"font-weight: 400;\">Profundizando en estos v\u00ednculos aut\u00e9nticos y humanos, toda la regi\u00f3n del Caribe puede avanzar hacia una econom\u00eda m\u00e1s fuerte, sostenible y pr\u00f3spera, anteponiendo sus activos m\u00e1s preciados: sus talentos, su saber hacer y su identidad compartida.<\/span>\n          <\/p>\n\t\t\t\t\t\t\t\t<\/div>\n\t\t\t\t<\/div>\n\t\t\t\t<section class=\"elementor-section elementor-inner-section elementor-element elementor-element-08245da elementor-section-boxed elementor-section-height-default elementor-section-height-default\" data-id=\"08245da\" data-element_type=\"section\">\n\t\t\t\t\t\t<div class=\"elementor-container elementor-column-gap-default\">\n\t\t\t\t\t<div class=\"elementor-column elementor-col-100 elementor-inner-column elementor-element elementor-element-ac5fd74\" data-id=\"ac5fd74\" data-element_type=\"column\">\n\t\t\t<div class=\"elementor-widget-wrap elementor-element-populated\">\n\t\t\t\t\t\t<div class=\"elementor-element elementor-element-15db887 elementor-widget elementor-widget-image\" data-id=\"15db887\" data-element_type=\"widget\" data-widget_type=\"image.default\">\n\t\t\t\t<div class=\"elementor-widget-container\">\n\t\t\t\t\t\t\t\t\t\t\t\t\t\t\t<img loading=\"lazy\" decoding=\"async\" width=\"800\" height=\"353\" src=\"https:\/\/richeskarayib.com\/wp-content\/uploads\/2025\/02\/6-1-1024x452.jpeg\" class=\"attachment-large size-large wp-image-45410\" alt=\"CARICOM\" srcset=\"https:\/\/richeskarayib.com\/wp-content\/uploads\/2025\/02\/6-1-1024x452.jpeg 1024w, https:\/\/richeskarayib.com\/wp-content\/uploads\/2025\/02\/6-1-300x132.jpeg 300w, https:\/\/richeskarayib.com\/wp-content\/uploads\/2025\/02\/6-1-768x339.jpeg 768w, https:\/\/richeskarayib.com\/wp-content\/uploads\/2025\/02\/6-1.jpeg 1280w\" sizes=\"(max-width: 800px) 100vw, 800px\" \/>\t\t\t\t\t\t\t\t\t\t\t\t\t\t\t<\/div>\n\t\t\t\t<\/div>\n\t\t\t\t\t<\/div>\n\t\t<\/div>\n\t\t\t\t\t<\/div>\n\t\t<\/section>\n\t\t\t\t\t<\/div>\n\t\t<\/div>\n\t\t\t\t\t<\/div>\n\t\t<\/section>\n\t\t\t\t<\/div>\n\t\t","protected":false},"excerpt":{"rendered":"<p>Un repaso a las visitas oficiales de Serge Letchimy a Barbados CARICOM: La hist\u00f3rica adhesi\u00f3n de Martinica a CARICOM abre una oportunidad \u00fanica para reforzar los intercambios humanos, culturales y econ\u00f3micos entre la isla y sus vecinos caribe\u00f1os. M\u00e1s all\u00e1 de los intereses comerciales, es una invitaci\u00f3n a descubrir las realidades, los talentos, los conocimientos [&hellip;]<\/p>\n","protected":false},"author":662,"featured_media":45770,"comment_status":"open","ping_status":"open","sticky":false,"template":"","format":"standard","meta":{"_acf_changed":false,"footnotes":""},"categories":[839],"tags":[1593,816],"class_list":["post-45436","post","type-post","status-publish","format-standard","has-post-thumbnail","hentry","category-noticias","tag-barbade-es","tag-martinique-es"],"acf":[],"_links":{"self":[{"href":"https:\/\/richeskarayib.com\/es\/wp-json\/wp\/v2\/posts\/45436","targetHints":{"allow":["GET"]}}],"collection":[{"href":"https:\/\/richeskarayib.com\/es\/wp-json\/wp\/v2\/posts"}],"about":[{"href":"https:\/\/richeskarayib.com\/es\/wp-json\/wp\/v2\/types\/post"}],"author":[{"embeddable":true,"href":"https:\/\/richeskarayib.com\/es\/wp-json\/wp\/v2\/users\/662"}],"replies":[{"embeddable":true,"href":"https:\/\/richeskarayib.com\/es\/wp-json\/wp\/v2\/comments?post=45436"}],"version-history":[{"count":0,"href":"https:\/\/richeskarayib.com\/es\/wp-json\/wp\/v2\/posts\/45436\/revisions"}],"wp:featuredmedia":[{"embeddable":true,"href":"https:\/\/richeskarayib.com\/es\/wp-json\/wp\/v2\/media\/45770"}],"wp:attachment":[{"href":"https:\/\/richeskarayib.com\/es\/wp-json\/wp\/v2\/media?parent=45436"}],"wp:term":[{"taxonomy":"category","embeddable":true,"href":"https:\/\/richeskarayib.com\/es\/wp-json\/wp\/v2\/categories?post=45436"},{"taxonomy":"post_tag","embeddable":true,"href":"https:\/\/richeskarayib.com\/es\/wp-json\/wp\/v2\/tags?post=45436"}],"curies":[{"name":"wp","href":"https:\/\/api.w.org\/{rel}","templated":true}]}}