{"id":45552,"date":"2025-02-26T10:17:33","date_gmt":"2025-02-26T14:17:33","guid":{"rendered":"https:\/\/richeskarayib.com\/carnaval-en-martinica-por-marie-lyne-psyche-salpetrier\/"},"modified":"2025-02-26T11:35:47","modified_gmt":"2025-02-26T15:35:47","slug":"carnaval-en-martinica-por-marie-lyne-psyche-salpetrier","status":"publish","type":"post","link":"https:\/\/richeskarayib.com\/es\/carnaval-en-martinica-por-marie-lyne-psyche-salpetrier\/","title":{"rendered":"Carnaval en Martinica por MARIE-LYNE PSYCHE-SALPETRIER"},"content":{"rendered":"\t\t<div data-elementor-type=\"wp-post\" data-elementor-id=\"45552\" class=\"elementor elementor-45552 elementor-45491\" data-elementor-post-type=\"post\">\n\t\t\t\t\t\t<section class=\"elementor-section elementor-top-section elementor-element elementor-element-28399df elementor-section-boxed elementor-section-height-default elementor-section-height-default\" data-id=\"28399df\" data-element_type=\"section\">\n\t\t\t\t\t\t<div class=\"elementor-container elementor-column-gap-default\">\n\t\t\t\t\t<div class=\"elementor-column elementor-col-100 elementor-top-column elementor-element elementor-element-6460ea6\" data-id=\"6460ea6\" data-element_type=\"column\">\n\t\t\t<div class=\"elementor-widget-wrap elementor-element-populated\">\n\t\t\t\t\t\t<div class=\"elementor-element elementor-element-db84ae5 elementor-widget elementor-widget-text-editor\" data-id=\"db84ae5\" data-element_type=\"widget\" data-widget_type=\"text-editor.default\">\n\t\t\t\t<div class=\"elementor-widget-container\">\n\t\t\t\t\t\t\t\t\t<p><span style=\"font-weight: 400;\"><a href=\"https:\/\/asis-wi.com\/association\/le-carnaval-de-martinique-par-marie-lyne-psyche-salpetrier\/\" target=\"_blank\" rel=\"noopener nofollow\">Carnaval en Martinica<\/a>: entre <\/span><b>martiniquesa MARIE-LYNE PSYCHE-SALPETRIER<\/b><span style=\"font-weight: 400;\"> y el carnaval de Martinica, hay una verdadera historia de amor que se ha transmitido de generaci\u00f3n en generaci\u00f3n.<\/span><\/p>\n<p>\n            <span style=\"font-weight: 400;\">Presidente de la Asociaci\u00f3n Recherches &amp; Traditions (A.R.T.), que realiza investigaciones hist\u00f3ricas sobre el Carnaval, sus or\u00edgenes y la historia de sus personajes emblem\u00e1ticos.<\/span>\n          <\/p>\n<p data-pm-slice=\"1 1 []\"><span style=\"font-weight: 400;\">MARIE-LYNE PSYCHE-SALPETRIER es profesora de escuela, asesora acad\u00e9mica en artes visuales y formadora de profesores.<\/span><b> Comparte con nosotros su pasi\u00f3n y sus conocimientos sobre el Carnaval.<\/b><\/p>\n\t\t\t\t\t\t\t\t<\/div>\n\t\t\t\t<\/div>\n\t\t\t\t\t<\/div>\n\t\t<\/div>\n\t\t\t\t\t<\/div>\n\t\t<\/section>\n\t\t\t\t<section class=\"elementor-section elementor-top-section elementor-element elementor-element-1c00be6 elementor-section-boxed elementor-section-height-default elementor-section-height-default\" data-id=\"1c00be6\" data-element_type=\"section\">\n\t\t\t\t\t\t<div class=\"elementor-container elementor-column-gap-default\">\n\t\t\t\t\t<div class=\"elementor-column elementor-col-100 elementor-top-column elementor-element elementor-element-3792169\" data-id=\"3792169\" data-element_type=\"column\">\n\t\t\t<div class=\"elementor-widget-wrap elementor-element-populated\">\n\t\t\t\t\t\t<div class=\"elementor-element elementor-element-cc2833c elementor-widget elementor-widget-heading\" data-id=\"cc2833c\" data-element_type=\"widget\" data-widget_type=\"heading.default\">\n\t\t\t\t<div class=\"elementor-widget-container\">\n\t\t\t\t\t<h2 class=\"elementor-heading-title elementor-size-default\">UNAS PALABRAS SOBRE LA ASOCIACI\u00d3N RECHERCHES &amp; TRADITIONS\n<\/h2>\t\t\t\t<\/div>\n\t\t\t\t<\/div>\n\t\t\t\t<section class=\"elementor-section elementor-inner-section elementor-element elementor-element-fe7db12 elementor-section-boxed elementor-section-height-default elementor-section-height-default\" data-id=\"fe7db12\" data-element_type=\"section\">\n\t\t\t\t\t\t<div class=\"elementor-container elementor-column-gap-default\">\n\t\t\t\t\t<div class=\"elementor-column elementor-col-50 elementor-inner-column elementor-element elementor-element-5301310\" data-id=\"5301310\" data-element_type=\"column\">\n\t\t\t<div class=\"elementor-widget-wrap elementor-element-populated\">\n\t\t\t\t\t\t<div class=\"elementor-element elementor-element-3dd61a5 elementor-widget elementor-widget-text-editor\" data-id=\"3dd61a5\" data-element_type=\"widget\" data-widget_type=\"text-editor.default\">\n\t\t\t\t<div class=\"elementor-widget-container\">\n\t\t\t\t\t\t\t\t\t<p>\n            <span style=\"font-weight: 400;\">La asociaci\u00f3n fue fundada por George Louis-r\u00e9gis Psych\u00e9, madre de MARIE-LYNE PSYCHE-SALPETRIER.<\/span>\n          <\/p>\n<h3>\n            <b>Su misi\u00f3n<\/b><br \/>\n          <\/h3>\n<p>\n            <span style=\"font-weight: 400;\">Investigaci\u00f3n y promoci\u00f3n de las tradiciones populares de Martinica.<\/span>\n          <\/p>\n<p>\n            <span style=\"font-weight: 400;\">Promover la cultura y las tradiciones de Martinica a trav\u00e9s del Carnaval.<\/span>\n          <\/p>\n<h3>\n            <b>Su objetivo<\/b><br \/>\n          <\/h3>\n<p>\n            <span style=\"font-weight: 400;\">Salvaguardar el patrimonio de Martinica.<\/span>\n          <\/p>\n\t\t\t\t\t\t\t\t<\/div>\n\t\t\t\t<\/div>\n\t\t\t\t\t<\/div>\n\t\t<\/div>\n\t\t\t\t<div class=\"elementor-column elementor-col-50 elementor-inner-column elementor-element elementor-element-4d3771b\" data-id=\"4d3771b\" data-element_type=\"column\">\n\t\t\t<div class=\"elementor-widget-wrap elementor-element-populated\">\n\t\t\t\t\t\t<div class=\"elementor-element elementor-element-20e0ae4 elementor-widget elementor-widget-image\" data-id=\"20e0ae4\" data-element_type=\"widget\" data-widget_type=\"image.default\">\n\t\t\t\t<div class=\"elementor-widget-container\">\n\t\t\t\t\t\t\t\t\t\t\t\t\t\t\t<img fetchpriority=\"high\" decoding=\"async\" width=\"800\" height=\"800\" src=\"https:\/\/richeskarayib.com\/wp-content\/uploads\/2025\/02\/20-1024x1024.png\" class=\"attachment-large size-large wp-image-45509\" alt=\"carnaval de Martinique\" srcset=\"https:\/\/richeskarayib.com\/wp-content\/uploads\/2025\/02\/20-1024x1024.png 1024w, https:\/\/richeskarayib.com\/wp-content\/uploads\/2025\/02\/20-300x300.png 300w, https:\/\/richeskarayib.com\/wp-content\/uploads\/2025\/02\/20-150x150.png 150w, https:\/\/richeskarayib.com\/wp-content\/uploads\/2025\/02\/20-768x768.png 768w, https:\/\/richeskarayib.com\/wp-content\/uploads\/2025\/02\/20.png 1080w\" sizes=\"(max-width: 800px) 100vw, 800px\" \/>\t\t\t\t\t\t\t\t\t\t\t\t\t\t\t<\/div>\n\t\t\t\t<\/div>\n\t\t\t\t\t<\/div>\n\t\t<\/div>\n\t\t\t\t\t<\/div>\n\t\t<\/section>\n\t\t\t\t\t<\/div>\n\t\t<\/div>\n\t\t\t\t\t<\/div>\n\t\t<\/section>\n\t\t\t\t<section class=\"elementor-section elementor-top-section elementor-element elementor-element-3187633 elementor-section-boxed elementor-section-height-default elementor-section-height-default\" data-id=\"3187633\" data-element_type=\"section\">\n\t\t\t\t\t\t<div class=\"elementor-container elementor-column-gap-default\">\n\t\t\t\t\t<div class=\"elementor-column elementor-col-100 elementor-top-column elementor-element elementor-element-c032e63\" data-id=\"c032e63\" data-element_type=\"column\">\n\t\t\t<div class=\"elementor-widget-wrap elementor-element-populated\">\n\t\t\t\t\t\t<div class=\"elementor-element elementor-element-9d5dacd elementor-widget elementor-widget-heading\" data-id=\"9d5dacd\" data-element_type=\"widget\" data-widget_type=\"heading.default\">\n\t\t\t\t<div class=\"elementor-widget-container\">\n\t\t\t\t\t<h2 class=\"elementor-heading-title elementor-size-default\">Carnaval en Martinica, NUESTRA HISTORIA<\/h2>\t\t\t\t<\/div>\n\t\t\t\t<\/div>\n\t\t\t\t<section class=\"elementor-section elementor-inner-section elementor-element elementor-element-3a9ca9e elementor-section-boxed elementor-section-height-default elementor-section-height-default\" data-id=\"3a9ca9e\" data-element_type=\"section\">\n\t\t\t\t\t\t<div class=\"elementor-container elementor-column-gap-default\">\n\t\t\t\t\t<div class=\"elementor-column elementor-col-100 elementor-inner-column elementor-element elementor-element-210cb6a\" data-id=\"210cb6a\" data-element_type=\"column\">\n\t\t\t<div class=\"elementor-widget-wrap elementor-element-populated\">\n\t\t\t\t\t\t<div class=\"elementor-element elementor-element-bcf478d elementor-widget elementor-widget-text-editor\" data-id=\"bcf478d\" data-element_type=\"widget\" data-widget_type=\"text-editor.default\">\n\t\t\t\t<div class=\"elementor-widget-container\">\n\t\t\t\t\t\t\t\t\t<p>\n            <a href=\"https:\/\/asis-wi.com\/association\/le-carnaval-de-martinique-par-marie-lyne-psyche-salpetrier\/\" rel=\"nofollow noopener\" target=\"_blank\"><br \/>\n              <span style=\"font-weight: 400;\">&#8220;Nuestro Carnaval nos cuenta nuestra historia&#8221;, dec\u00eda Aim\u00e9 C\u00e9saire, palad\u00edn de la N\u00e9gritude.<\/span><br \/>\n            <\/a>\n          <\/p>\n<p>\n            <span style=\"font-weight: 400;\">El <a href=\"https:\/\/travelart.fr\/toutes-les-dates-et-lieux-du-carnaval-de-martinique\/\" target=\"_blank\" rel=\"noopener nofollow\">Carnaval de Martinica<\/a> y del Caribe est\u00e1 arraigado en nuestra historia. Es un reflejo de nuestro pueblo, resultado de una compleja y variada mezcla de culturas. <\/span>\n          <\/p>\n<p>\n            <b>Un carnaval polisincr\u00e1tico, como nosotros.<\/b>\n          <\/p>\n<p>\n            <span style=\"font-weight: 400;\">Aunque sus or\u00edgenes se remontan a la ocupaci\u00f3n de Martinica por el gobernador Duparquet a principios del siglo XVII, con los bailes de m\u00e1scaras que Marie Duparquet trajo de la corte francesa.<\/span>\n          <\/p>\n<p>\n            <span style=\"font-weight: 400;\">Tras su deportaci\u00f3n, los africanos esclavizados pudieron vivir estos bailes de disfraces de cerca (como sirvientes) y de lejos.<\/span>\n          <\/p>\n\t\t\t\t\t\t\t\t<\/div>\n\t\t\t\t<\/div>\n\t\t\t\t<div class=\"elementor-element elementor-element-02cfe7e elementor-widget elementor-widget-text-editor\" data-id=\"02cfe7e\" data-element_type=\"widget\" data-widget_type=\"text-editor.default\">\n\t\t\t\t<div class=\"elementor-widget-container\">\n\t\t\t\t\t\t\t\t\t<p>\n            <strong>El <a href=\"https:\/\/www.martinique.org\/fr\/tout-savoir\/culture\/carnaval\" target=\"_blank\" rel=\"noopener nofollow\">Carnaval de Martinica<\/a> podr\u00eda convertirse entonces en un lugar de expresi\u00f3n enmascarada de creencias y rituales prohibidos.<\/strong>\n          <\/p>\n<p>\n            <span style=\"font-weight: 400;\">Ellos mismos se ocultaron para reapropiarse de estas divinidades, espiritualidades, habilidades, lenguas, m\u00fasica, danzas y m\u00e1scaras rituales. A trav\u00e9s del Carnaval, nos legaron una parte de nuestra herencia ancestral africana. <\/span>\n          <\/p>\n<p>\n            <strong>Es una diversi\u00f3n, porque a los ojos de los colonos s\u00f3lo era una mascarada, con gente que s\u00f3lo parec\u00eda divertirse cantando y bailando.<\/strong>\n          <\/p>\n<p><span style=\"font-weight: 400;\">Un rito de paso, el poder de los colores (rojo y negro, blanco y amarillo), la codificaci\u00f3n de los &#8220;jours Gras&#8221; (d\u00edas gordos), el poder y el simbolismo del Mas (m\u00e1s) dieron lugar a finales del siglo XVIII al <\/span><i><span style=\"font-weight: 400;\">Djab Wouj<\/span><\/i><span style=\"font-weight: 400;\"> y otros <\/span><i><span style=\"font-weight: 400;\">Mary\u00e0n Lapofig<\/span><\/i><span style=\"font-weight: 400;\"> que est\u00e1n directamente enraizados en estos rituales ancestrales y llevan toda esta carga sagrada a trav\u00e9s de las m\u00e1scaras y lo que representan.<\/span><\/p>\n\t\t\t\t\t\t\t\t<\/div>\n\t\t\t\t<\/div>\n\t\t\t\t<section class=\"elementor-section elementor-inner-section elementor-element elementor-element-57283b3 elementor-section-boxed elementor-section-height-default elementor-section-height-default\" data-id=\"57283b3\" data-element_type=\"section\">\n\t\t\t\t\t\t<div class=\"elementor-container elementor-column-gap-default\">\n\t\t\t\t\t<div class=\"elementor-column elementor-col-50 elementor-inner-column elementor-element elementor-element-6295e90\" data-id=\"6295e90\" data-element_type=\"column\">\n\t\t\t<div class=\"elementor-widget-wrap elementor-element-populated\">\n\t\t\t\t\t\t<div class=\"elementor-element elementor-element-2165aab elementor-widget elementor-widget-image\" data-id=\"2165aab\" data-element_type=\"widget\" data-widget_type=\"image.default\">\n\t\t\t\t<div class=\"elementor-widget-container\">\n\t\t\t\t\t\t\t\t\t\t\t\t\t\t\t<img decoding=\"async\" width=\"800\" height=\"800\" src=\"https:\/\/richeskarayib.com\/wp-content\/uploads\/2025\/02\/11-1024x1024.png\" class=\"attachment-large size-large wp-image-45513\" alt=\"carnaval de Martinique\" srcset=\"https:\/\/richeskarayib.com\/wp-content\/uploads\/2025\/02\/11-1024x1024.png 1024w, https:\/\/richeskarayib.com\/wp-content\/uploads\/2025\/02\/11-300x300.png 300w, https:\/\/richeskarayib.com\/wp-content\/uploads\/2025\/02\/11-150x150.png 150w, https:\/\/richeskarayib.com\/wp-content\/uploads\/2025\/02\/11-768x768.png 768w, https:\/\/richeskarayib.com\/wp-content\/uploads\/2025\/02\/11.png 1080w\" sizes=\"(max-width: 800px) 100vw, 800px\" \/>\t\t\t\t\t\t\t\t\t\t\t\t\t\t\t<\/div>\n\t\t\t\t<\/div>\n\t\t\t\t\t<\/div>\n\t\t<\/div>\n\t\t\t\t<div class=\"elementor-column elementor-col-50 elementor-inner-column elementor-element elementor-element-8dcdf8e\" data-id=\"8dcdf8e\" data-element_type=\"column\">\n\t\t\t<div class=\"elementor-widget-wrap elementor-element-populated\">\n\t\t\t\t\t\t<div class=\"elementor-element elementor-element-0efbe2b elementor-widget elementor-widget-image\" data-id=\"0efbe2b\" data-element_type=\"widget\" data-widget_type=\"image.default\">\n\t\t\t\t<div class=\"elementor-widget-container\">\n\t\t\t\t\t\t\t\t\t\t\t\t\t\t\t<img decoding=\"async\" width=\"800\" height=\"800\" src=\"https:\/\/richeskarayib.com\/wp-content\/uploads\/2025\/02\/12-1024x1024.png\" class=\"attachment-large size-large wp-image-45517\" alt=\"carnaval de Martinique\" srcset=\"https:\/\/richeskarayib.com\/wp-content\/uploads\/2025\/02\/12-1024x1024.png 1024w, https:\/\/richeskarayib.com\/wp-content\/uploads\/2025\/02\/12-300x300.png 300w, https:\/\/richeskarayib.com\/wp-content\/uploads\/2025\/02\/12-150x150.png 150w, https:\/\/richeskarayib.com\/wp-content\/uploads\/2025\/02\/12-768x768.png 768w, https:\/\/richeskarayib.com\/wp-content\/uploads\/2025\/02\/12.png 1080w\" sizes=\"(max-width: 800px) 100vw, 800px\" \/>\t\t\t\t\t\t\t\t\t\t\t\t\t\t\t<\/div>\n\t\t\t\t<\/div>\n\t\t\t\t\t<\/div>\n\t\t<\/div>\n\t\t\t\t\t<\/div>\n\t\t<\/section>\n\t\t\t\t\t<\/div>\n\t\t<\/div>\n\t\t\t\t\t<\/div>\n\t\t<\/section>\n\t\t\t\t\t<\/div>\n\t\t<\/div>\n\t\t\t\t\t<\/div>\n\t\t<\/section>\n\t\t\t\t<section class=\"elementor-section elementor-top-section elementor-element elementor-element-de2ec24 elementor-section-boxed elementor-section-height-default elementor-section-height-default\" data-id=\"de2ec24\" data-element_type=\"section\">\n\t\t\t\t\t\t<div class=\"elementor-container elementor-column-gap-default\">\n\t\t\t\t\t<div class=\"elementor-column elementor-col-100 elementor-top-column elementor-element elementor-element-39ec5bd\" data-id=\"39ec5bd\" data-element_type=\"column\">\n\t\t\t<div class=\"elementor-widget-wrap elementor-element-populated\">\n\t\t\t\t\t\t<div class=\"elementor-element elementor-element-d4f3fc6 elementor-widget elementor-widget-heading\" data-id=\"d4f3fc6\" data-element_type=\"widget\" data-widget_type=\"heading.default\">\n\t\t\t\t<div class=\"elementor-widget-container\">\n\t\t\t\t\t<h2 class=\"elementor-heading-title elementor-size-default\">Carnaval, una herencia<\/h2>\t\t\t\t<\/div>\n\t\t\t\t<\/div>\n\t\t\t\t<section class=\"elementor-section elementor-inner-section elementor-element elementor-element-42f96f5 elementor-section-boxed elementor-section-height-default elementor-section-height-default\" data-id=\"42f96f5\" data-element_type=\"section\">\n\t\t\t\t\t\t<div class=\"elementor-container elementor-column-gap-default\">\n\t\t\t\t\t<div class=\"elementor-column elementor-col-100 elementor-inner-column elementor-element elementor-element-dfba169\" data-id=\"dfba169\" data-element_type=\"column\">\n\t\t\t<div class=\"elementor-widget-wrap elementor-element-populated\">\n\t\t\t\t\t\t<div class=\"elementor-element elementor-element-a363498 elementor-widget elementor-widget-text-editor\" data-id=\"a363498\" data-element_type=\"widget\" data-widget_type=\"text-editor.default\">\n\t\t\t\t<div class=\"elementor-widget-container\">\n\t\t\t\t\t\t\t\t\t<p><span style=\"font-weight: 400;\">Aunque el carnaval de Martinica es tambi\u00e9n el primero del Caribe y de Am\u00e9rica, lleva consigo <\/span><b>herencia africana y europea<\/b><span style=\"font-weight: 400;\"> &#8211; con el carnaval medieval original, y tambi\u00e9n la parte de<\/span><b>herencia kalinago<\/b><span style=\"font-weight: 400;\"> con su culto al cuerpo, la expresi\u00f3n de la belleza, la explosi\u00f3n de color, el esp\u00edritu festivo y la celebraci\u00f3n de todos los acontecimientos.<\/span><\/p>\n<p>\n            <span style=\"font-weight: 400;\">Nociones de ritmos propios de cada personaje del Carnaval y de cada carnavalero, de movimientos y desplazamientos en lo que conocemos, que son nuestros vac\u00edos que se despliegan y son la expresi\u00f3n de un inmenso j\u00fabilo popular.<\/span>\n          <\/p>\n\t\t\t\t\t\t\t\t<\/div>\n\t\t\t\t<\/div>\n\t\t\t\t<section class=\"elementor-section elementor-inner-section elementor-element elementor-element-ec6b008 elementor-section-boxed elementor-section-height-default elementor-section-height-default\" data-id=\"ec6b008\" data-element_type=\"section\">\n\t\t\t\t\t\t<div class=\"elementor-container elementor-column-gap-default\">\n\t\t\t\t\t<div class=\"elementor-column elementor-col-50 elementor-inner-column elementor-element elementor-element-b939904\" data-id=\"b939904\" data-element_type=\"column\">\n\t\t\t<div class=\"elementor-widget-wrap elementor-element-populated\">\n\t\t\t\t\t\t<div class=\"elementor-element elementor-element-90ebc1d elementor-widget elementor-widget-image\" data-id=\"90ebc1d\" data-element_type=\"widget\" data-widget_type=\"image.default\">\n\t\t\t\t<div class=\"elementor-widget-container\">\n\t\t\t\t\t\t\t\t\t\t\t\t<figure class=\"wp-caption\">\n\t\t\t\t\t\t\t\t\t\t<img loading=\"lazy\" decoding=\"async\" width=\"800\" height=\"800\" src=\"https:\/\/richeskarayib.com\/wp-content\/uploads\/2025\/02\/13-1024x1024.png\" class=\"attachment-large size-large wp-image-45521\" alt=\"carnaval de Martinique\" srcset=\"https:\/\/richeskarayib.com\/wp-content\/uploads\/2025\/02\/13-1024x1024.png 1024w, https:\/\/richeskarayib.com\/wp-content\/uploads\/2025\/02\/13-300x300.png 300w, https:\/\/richeskarayib.com\/wp-content\/uploads\/2025\/02\/13-150x150.png 150w, https:\/\/richeskarayib.com\/wp-content\/uploads\/2025\/02\/13-768x768.png 768w, https:\/\/richeskarayib.com\/wp-content\/uploads\/2025\/02\/13.png 1080w\" sizes=\"(max-width: 800px) 100vw, 800px\" \/>\t\t\t\t\t\t\t\t\t\t\t<figcaption class=\"widget-image-caption wp-caption-text\">CARNAVAL DE SAINT-PIERRE AVANT 1902<\/figcaption>\n\t\t\t\t\t\t\t\t\t\t<\/figure>\n\t\t\t\t\t\t\t\t\t<\/div>\n\t\t\t\t<\/div>\n\t\t\t\t\t<\/div>\n\t\t<\/div>\n\t\t\t\t<div class=\"elementor-column elementor-col-50 elementor-inner-column elementor-element elementor-element-85c9aff\" data-id=\"85c9aff\" data-element_type=\"column\">\n\t\t\t<div class=\"elementor-widget-wrap elementor-element-populated\">\n\t\t\t\t\t\t<div class=\"elementor-element elementor-element-792b50c elementor-widget elementor-widget-image\" data-id=\"792b50c\" data-element_type=\"widget\" data-widget_type=\"image.default\">\n\t\t\t\t<div class=\"elementor-widget-container\">\n\t\t\t\t\t\t\t\t\t\t\t\t<figure class=\"wp-caption\">\n\t\t\t\t\t\t\t\t\t\t<img loading=\"lazy\" decoding=\"async\" width=\"800\" height=\"800\" src=\"https:\/\/richeskarayib.com\/wp-content\/uploads\/2025\/02\/13-3-1024x1024.png\" class=\"attachment-large size-large wp-image-45525\" alt=\"carnaval de Martinique\" srcset=\"https:\/\/richeskarayib.com\/wp-content\/uploads\/2025\/02\/13-3-1024x1024.png 1024w, https:\/\/richeskarayib.com\/wp-content\/uploads\/2025\/02\/13-3-300x300.png 300w, https:\/\/richeskarayib.com\/wp-content\/uploads\/2025\/02\/13-3-150x150.png 150w, https:\/\/richeskarayib.com\/wp-content\/uploads\/2025\/02\/13-3-768x768.png 768w, https:\/\/richeskarayib.com\/wp-content\/uploads\/2025\/02\/13-3.png 1080w\" sizes=\"(max-width: 800px) 100vw, 800px\" \/>\t\t\t\t\t\t\t\t\t\t\t<figcaption class=\"widget-image-caption wp-caption-text\">CARNAVAL AU D\u00c9BUT DU XXe SI\u00c8CLE<\/figcaption>\n\t\t\t\t\t\t\t\t\t\t<\/figure>\n\t\t\t\t\t\t\t\t\t<\/div>\n\t\t\t\t<\/div>\n\t\t\t\t\t<\/div>\n\t\t<\/div>\n\t\t\t\t\t<\/div>\n\t\t<\/section>\n\t\t\t\t\t<\/div>\n\t\t<\/div>\n\t\t\t\t\t<\/div>\n\t\t<\/section>\n\t\t\t\t\t<\/div>\n\t\t<\/div>\n\t\t\t\t\t<\/div>\n\t\t<\/section>\n\t\t\t\t<section class=\"elementor-section elementor-top-section elementor-element elementor-element-6ac8ac2 elementor-section-boxed elementor-section-height-default elementor-section-height-default\" data-id=\"6ac8ac2\" data-element_type=\"section\">\n\t\t\t\t\t\t<div class=\"elementor-container elementor-column-gap-default\">\n\t\t\t\t\t<div class=\"elementor-column elementor-col-100 elementor-top-column elementor-element elementor-element-94356bc\" data-id=\"94356bc\" data-element_type=\"column\">\n\t\t\t<div class=\"elementor-widget-wrap elementor-element-populated\">\n\t\t\t\t\t\t<div class=\"elementor-element elementor-element-5d15014 elementor-widget elementor-widget-heading\" data-id=\"5d15014\" data-element_type=\"widget\" data-widget_type=\"heading.default\">\n\t\t\t\t<div class=\"elementor-widget-container\">\n\t\t\t\t\t<h2 class=\"elementor-heading-title elementor-size-default\">Una expresi\u00f3n de j\u00fabilo<\/h2>\t\t\t\t<\/div>\n\t\t\t\t<\/div>\n\t\t\t\t<div class=\"elementor-element elementor-element-cd463e0 elementor-widget elementor-widget-text-editor\" data-id=\"cd463e0\" data-element_type=\"widget\" data-widget_type=\"text-editor.default\">\n\t\t\t\t<div class=\"elementor-widget-container\">\n\t\t\t\t\t\t\t\t\t<p>Nuestros vac\u00edos proceden de los convoyes y compa\u00f1\u00edas de comercio de esclavos que existieron entre los siglos XVII y XIX, prohibidos varias veces cuando su n\u00famero y valor se hicieron demasiado peligrosos a los ojos de los gobernantes de la \u00e9poca.<\/p>\n<p>Sea como fuere, nuestro Carnaval de las Am\u00e9ricas, el Carnaval de Martinica y de las <a href=\"https:\/\/richeskarayib.com\/es\/informe-especial-parte-1-2008-2011-los-tesoros-culturales-del-caribe-patrimonio-inmaterial-reconocido-por-la-unesco\/\" target=\"_blank\" rel=\"noopener\">Islas del<\/a> Caribe, es totalmente esta expresi\u00f3n de j\u00fabilo, con algunas invariantes que lo caracterizan. Se trata de inversi\u00f3n de papeles, burla y escarnio, igual que el Lundi Gras. <\/p>\n<p>\n            <strong>Se trata de desafiar y transgredir el orden social, pol\u00edtico, familiar y religioso establecido. Trata sobre los rituales de la vida y la muerte, como en el caso de Mas Lanm\u00f2. <\/strong>\n          <\/p>\n\t\t\t\t\t\t\t\t<\/div>\n\t\t\t\t<\/div>\n\t\t\t\t<section class=\"elementor-section elementor-inner-section elementor-element elementor-element-ed62d9a elementor-section-boxed elementor-section-height-default elementor-section-height-default\" data-id=\"ed62d9a\" data-element_type=\"section\">\n\t\t\t\t\t\t<div class=\"elementor-container elementor-column-gap-default\">\n\t\t\t\t\t<div class=\"elementor-column elementor-col-100 elementor-inner-column elementor-element elementor-element-0adffce\" data-id=\"0adffce\" data-element_type=\"column\">\n\t\t\t<div class=\"elementor-widget-wrap elementor-element-populated\">\n\t\t\t\t\t\t<div class=\"elementor-element elementor-element-d9950bc elementor-widget elementor-widget-image\" data-id=\"d9950bc\" data-element_type=\"widget\" data-widget_type=\"image.default\">\n\t\t\t\t<div class=\"elementor-widget-container\">\n\t\t\t\t\t\t\t\t\t\t\t\t<figure class=\"wp-caption\">\n\t\t\t\t\t\t\t\t\t\t<img loading=\"lazy\" decoding=\"async\" width=\"800\" height=\"600\" src=\"https:\/\/richeskarayib.com\/wp-content\/uploads\/2025\/02\/WhatsApp-Image-2021-02-16-at-00.18.15.jpeg\" class=\"attachment-large size-large wp-image-45529\" alt=\"carnaval de Martinique\" srcset=\"https:\/\/richeskarayib.com\/wp-content\/uploads\/2025\/02\/WhatsApp-Image-2021-02-16-at-00.18.15.jpeg 1024w, https:\/\/richeskarayib.com\/wp-content\/uploads\/2025\/02\/WhatsApp-Image-2021-02-16-at-00.18.15-300x225.jpeg 300w, https:\/\/richeskarayib.com\/wp-content\/uploads\/2025\/02\/WhatsApp-Image-2021-02-16-at-00.18.15-768x576.jpeg 768w\" sizes=\"(max-width: 800px) 100vw, 800px\" \/>\t\t\t\t\t\t\t\t\t\t\t<figcaption class=\"widget-image-caption wp-caption-text\">LES \"MAS LANM\u00d2\"\nmunis de leur lanterne sortent \u00e0 la tomb\u00e9e de la nuit \u2013 Carnaval 2020 vid\u00e9 de la B\u00e8t a F\u00e9 \u00e0 Fort-De-France.<\/figcaption>\n\t\t\t\t\t\t\t\t\t\t<\/figure>\n\t\t\t\t\t\t\t\t\t<\/div>\n\t\t\t\t<\/div>\n\t\t\t\t\t<\/div>\n\t\t<\/div>\n\t\t\t\t\t<\/div>\n\t\t<\/section>\n\t\t\t\t<div class=\"elementor-element elementor-element-3720e7e elementor-widget elementor-widget-text-editor\" data-id=\"3720e7e\" data-element_type=\"widget\" data-widget_type=\"text-editor.default\">\n\t\t\t\t<div class=\"elementor-widget-container\">\n\t\t\t\t\t\t\t\t\t<p>Rituales de paso inherentes y comunes a los carnavales de todo el planeta, en todas las \u00e9pocas. Se trata de una relaci\u00f3n muy especial entre el espacio y el tiempo, que tiene lugar en un lugar determinado -la calle, el campo- durante un periodo de tiempo determinado -cinco d\u00edas de Carnaval-. <\/p>\n\t\t\t\t\t\t\t\t<\/div>\n\t\t\t\t<\/div>\n\t\t\t\t<section class=\"elementor-section elementor-inner-section elementor-element elementor-element-e66106c elementor-section-boxed elementor-section-height-default elementor-section-height-default\" data-id=\"e66106c\" data-element_type=\"section\">\n\t\t\t\t\t\t<div class=\"elementor-container elementor-column-gap-default\">\n\t\t\t\t\t<div class=\"elementor-column elementor-col-50 elementor-inner-column elementor-element elementor-element-cbf3daf\" data-id=\"cbf3daf\" data-element_type=\"column\">\n\t\t\t<div class=\"elementor-widget-wrap elementor-element-populated\">\n\t\t\t\t\t\t<div class=\"elementor-element elementor-element-fe74c60 elementor-widget elementor-widget-image\" data-id=\"fe74c60\" data-element_type=\"widget\" data-widget_type=\"image.default\">\n\t\t\t\t<div class=\"elementor-widget-container\">\n\t\t\t\t\t\t\t\t\t\t\t\t<figure class=\"wp-caption\">\n\t\t\t\t\t\t\t\t\t\t<img loading=\"lazy\" decoding=\"async\" width=\"800\" height=\"800\" src=\"https:\/\/richeskarayib.com\/wp-content\/uploads\/2025\/02\/17-1024x1024.png\" class=\"attachment-large size-large wp-image-45533\" alt=\"carnaval de Martinique\" srcset=\"https:\/\/richeskarayib.com\/wp-content\/uploads\/2025\/02\/17-1024x1024.png 1024w, https:\/\/richeskarayib.com\/wp-content\/uploads\/2025\/02\/17-300x300.png 300w, https:\/\/richeskarayib.com\/wp-content\/uploads\/2025\/02\/17-150x150.png 150w, https:\/\/richeskarayib.com\/wp-content\/uploads\/2025\/02\/17-768x768.png 768w, https:\/\/richeskarayib.com\/wp-content\/uploads\/2025\/02\/17.png 1080w\" sizes=\"(max-width: 800px) 100vw, 800px\" \/>\t\t\t\t\t\t\t\t\t\t\t<figcaption class=\"widget-image-caption wp-caption-text\">Mariages burlesques<\/figcaption>\n\t\t\t\t\t\t\t\t\t\t<\/figure>\n\t\t\t\t\t\t\t\t\t<\/div>\n\t\t\t\t<\/div>\n\t\t\t\t\t<\/div>\n\t\t<\/div>\n\t\t\t\t<div class=\"elementor-column elementor-col-50 elementor-inner-column elementor-element elementor-element-eafd22f\" data-id=\"eafd22f\" data-element_type=\"column\">\n\t\t\t<div class=\"elementor-widget-wrap elementor-element-populated\">\n\t\t\t\t\t\t<div class=\"elementor-element elementor-element-d8afcd7 elementor-widget elementor-widget-image\" data-id=\"d8afcd7\" data-element_type=\"widget\" data-widget_type=\"image.default\">\n\t\t\t\t<div class=\"elementor-widget-container\">\n\t\t\t\t\t\t\t\t\t\t\t\t\t\t\t<img loading=\"lazy\" decoding=\"async\" width=\"800\" height=\"800\" src=\"https:\/\/richeskarayib.com\/wp-content\/uploads\/2025\/02\/18-1024x1024.png\" class=\"attachment-large size-large wp-image-45537\" alt=\"carnaval de Martinique\" srcset=\"https:\/\/richeskarayib.com\/wp-content\/uploads\/2025\/02\/18-1024x1024.png 1024w, https:\/\/richeskarayib.com\/wp-content\/uploads\/2025\/02\/18-300x300.png 300w, https:\/\/richeskarayib.com\/wp-content\/uploads\/2025\/02\/18-150x150.png 150w, https:\/\/richeskarayib.com\/wp-content\/uploads\/2025\/02\/18-768x768.png 768w, https:\/\/richeskarayib.com\/wp-content\/uploads\/2025\/02\/18.png 1080w\" sizes=\"(max-width: 800px) 100vw, 800px\" \/>\t\t\t\t\t\t\t\t\t\t\t\t\t\t\t<\/div>\n\t\t\t\t<\/div>\n\t\t\t\t\t<\/div>\n\t\t<\/div>\n\t\t\t\t\t<\/div>\n\t\t<\/section>\n\t\t\t\t<div class=\"elementor-element elementor-element-4b2fcb3 elementor-widget elementor-widget-text-editor\" data-id=\"4b2fcb3\" data-element_type=\"widget\" data-widget_type=\"text-editor.default\">\n\t\t\t\t<div class=\"elementor-widget-container\">\n\t\t\t\t\t\t\t\t\t<p>En una medida sin precedentes, Martinica ampl\u00eda un d\u00eda su Carnaval, con el Mi\u00e9rcoles de Ceniza &#8230; \u00faltimo d\u00eda del Carnaval celebrado por los <i>Guiabl\u00e9s<\/i>, vestidos de blanco y negro y cubiertos con un largo tocado puntiagudo, que anuncian su llegada con un estruendo y hojas de guan\u00e1bana.<\/p>\n\t\t\t\t\t\t\t\t<\/div>\n\t\t\t\t<\/div>\n\t\t\t\t<section class=\"elementor-section elementor-inner-section elementor-element elementor-element-ed613ed elementor-section-boxed elementor-section-height-default elementor-section-height-default\" data-id=\"ed613ed\" data-element_type=\"section\">\n\t\t\t\t\t\t<div class=\"elementor-container elementor-column-gap-default\">\n\t\t\t\t\t<div class=\"elementor-column elementor-col-50 elementor-inner-column elementor-element elementor-element-1e9a060\" data-id=\"1e9a060\" data-element_type=\"column\">\n\t\t\t<div class=\"elementor-widget-wrap elementor-element-populated\">\n\t\t\t\t\t\t<div class=\"elementor-element elementor-element-a0c35e9 elementor-widget elementor-widget-image\" data-id=\"a0c35e9\" data-element_type=\"widget\" data-widget_type=\"image.default\">\n\t\t\t\t<div class=\"elementor-widget-container\">\n\t\t\t\t\t\t\t\t\t\t\t\t\t\t\t<img loading=\"lazy\" decoding=\"async\" width=\"800\" height=\"800\" src=\"https:\/\/richeskarayib.com\/wp-content\/uploads\/2025\/02\/14-1-1024x1024.png\" class=\"attachment-large size-large wp-image-45541\" alt=\"carnaval de Martinique\" srcset=\"https:\/\/richeskarayib.com\/wp-content\/uploads\/2025\/02\/14-1-1024x1024.png 1024w, https:\/\/richeskarayib.com\/wp-content\/uploads\/2025\/02\/14-1-300x300.png 300w, https:\/\/richeskarayib.com\/wp-content\/uploads\/2025\/02\/14-1-150x150.png 150w, https:\/\/richeskarayib.com\/wp-content\/uploads\/2025\/02\/14-1-768x768.png 768w, https:\/\/richeskarayib.com\/wp-content\/uploads\/2025\/02\/14-1.png 1080w\" sizes=\"(max-width: 800px) 100vw, 800px\" \/>\t\t\t\t\t\t\t\t\t\t\t\t\t\t\t<\/div>\n\t\t\t\t<\/div>\n\t\t\t\t\t<\/div>\n\t\t<\/div>\n\t\t\t\t<div class=\"elementor-column elementor-col-50 elementor-inner-column elementor-element elementor-element-55762c0\" data-id=\"55762c0\" data-element_type=\"column\">\n\t\t\t<div class=\"elementor-widget-wrap elementor-element-populated\">\n\t\t\t\t\t\t<div class=\"elementor-element elementor-element-7d0cdfc elementor-widget elementor-widget-image\" data-id=\"7d0cdfc\" data-element_type=\"widget\" data-widget_type=\"image.default\">\n\t\t\t\t<div class=\"elementor-widget-container\">\n\t\t\t\t\t\t\t\t\t\t\t\t\t\t\t<img loading=\"lazy\" decoding=\"async\" width=\"800\" height=\"800\" src=\"https:\/\/richeskarayib.com\/wp-content\/uploads\/2025\/02\/16-1024x1024.png\" class=\"attachment-large size-large wp-image-45545\" alt=\"carnaval de Martinique\" srcset=\"https:\/\/richeskarayib.com\/wp-content\/uploads\/2025\/02\/16-1024x1024.png 1024w, https:\/\/richeskarayib.com\/wp-content\/uploads\/2025\/02\/16-300x300.png 300w, https:\/\/richeskarayib.com\/wp-content\/uploads\/2025\/02\/16-150x150.png 150w, https:\/\/richeskarayib.com\/wp-content\/uploads\/2025\/02\/16-768x768.png 768w, https:\/\/richeskarayib.com\/wp-content\/uploads\/2025\/02\/16.png 1080w\" sizes=\"(max-width: 800px) 100vw, 800px\" \/>\t\t\t\t\t\t\t\t\t\t\t\t\t\t\t<\/div>\n\t\t\t\t<\/div>\n\t\t\t\t\t<\/div>\n\t\t<\/div>\n\t\t\t\t\t<\/div>\n\t\t<\/section>\n\t\t\t\t<div class=\"elementor-element elementor-element-1999560 elementor-widget elementor-widget-text-editor\" data-id=\"1999560\" data-element_type=\"widget\" data-widget_type=\"text-editor.default\">\n\t\t\t\t<div class=\"elementor-widget-container\">\n\t\t\t\t\t\t\t\t\t<p>Otra constante es este espacio de creaci\u00f3n popular, entre la est\u00e9tica, la creatividad, la memoria residual y el mensaje de la expresi\u00f3n colectiva e individual.<\/p>\n\t\t\t\t\t\t\t\t<\/div>\n\t\t\t\t<\/div>\n\t\t\t\t<div class=\"elementor-element elementor-element-6948779 elementor-widget elementor-widget-text-editor\" data-id=\"6948779\" data-element_type=\"widget\" data-widget_type=\"text-editor.default\">\n\t\t\t\t<div class=\"elementor-widget-container\">\n\t\t\t\t\t\t\t\t\t<p>\n            <strong>Un momento de j\u00fabilo y liberaci\u00f3n de los impulsos humanos, una oportunidad de superar las cargas cotidianas de las que queremos deshacernos, de ah\u00ed la palabra <i>&#8220;vaciado<\/i> &#8220;&#8230;<\/strong>\n          <\/p>\n<p>Estos impulsos se canalizaron especialmente durante un periodo de explosi\u00f3n y expresi\u00f3n del genio creador humano y popular.<\/p>\n<p>Este vac\u00edo, esta efusi\u00f3n de j\u00fabilo proviene de eso, de esa necesidad vital que, seg\u00fan Goethe en <i>Viaje a Italia<\/i> en 1788,<\/p>\n<p>\n            <a href=\"https:\/\/asis-wi.com\/association\/le-carnaval-de-martinique-par-marie-lyne-psyche-salpetrier\/\" rel=\"nofollow noopener\" target=\"_blank\">&#8220;El Carnaval es una fiesta que, a decir verdad, no se regala al pueblo, sino que el pueblo se regala a s\u00ed mismo.<\/a>\n          <\/p>\n\t\t\t\t\t\t\t\t<\/div>\n\t\t\t\t<\/div>\n\t\t\t\t<section class=\"elementor-section elementor-inner-section elementor-element elementor-element-ce5e402 elementor-section-boxed elementor-section-height-default elementor-section-height-default\" data-id=\"ce5e402\" data-element_type=\"section\">\n\t\t\t\t\t\t<div class=\"elementor-container elementor-column-gap-default\">\n\t\t\t\t\t<div class=\"elementor-column elementor-col-100 elementor-inner-column elementor-element elementor-element-8e8b794\" data-id=\"8e8b794\" data-element_type=\"column\">\n\t\t\t<div class=\"elementor-widget-wrap elementor-element-populated\">\n\t\t\t\t\t\t<div class=\"elementor-element elementor-element-cfddbb8 elementor-widget elementor-widget-video\" data-id=\"cfddbb8\" data-element_type=\"widget\" data-settings=\"{&quot;youtube_url&quot;:&quot;https:\\\/\\\/www.youtube.com\\\/watch?v=k4C6kIRDQZc&amp;ab_channel=RICHESKARAYIB&quot;,&quot;video_type&quot;:&quot;youtube&quot;,&quot;controls&quot;:&quot;yes&quot;}\" data-widget_type=\"video.default\">\n\t\t\t\t<div class=\"elementor-widget-container\">\n\t\t\t\t\t\t\t<div class=\"elementor-wrapper elementor-open-inline\">\n\t\t\t<div class=\"elementor-video\"><\/div>\t\t<\/div>\n\t\t\t\t\t\t<\/div>\n\t\t\t\t<\/div>\n\t\t\t\t\t<\/div>\n\t\t<\/div>\n\t\t\t\t\t<\/div>\n\t\t<\/section>\n\t\t\t\t\t<\/div>\n\t\t<\/div>\n\t\t\t\t\t<\/div>\n\t\t<\/section>\n\t\t\t\t<section class=\"elementor-section elementor-top-section elementor-element elementor-element-da6925e elementor-section-boxed elementor-section-height-default elementor-section-height-default\" data-id=\"da6925e\" data-element_type=\"section\">\n\t\t\t\t\t\t<div class=\"elementor-container elementor-column-gap-default\">\n\t\t\t\t\t<div class=\"elementor-column elementor-col-100 elementor-top-column elementor-element elementor-element-218c5e5\" data-id=\"218c5e5\" data-element_type=\"column\">\n\t\t\t<div class=\"elementor-widget-wrap elementor-element-populated\">\n\t\t\t\t\t\t<div class=\"elementor-element elementor-element-5144555 elementor-widget elementor-widget-heading\" data-id=\"5144555\" data-element_type=\"widget\" data-widget_type=\"heading.default\">\n\t\t\t\t<div class=\"elementor-widget-container\">\n\t\t\t\t\t<h2 class=\"elementor-heading-title elementor-size-default\">5 d\u00edas de fervor<\/h2>\t\t\t\t<\/div>\n\t\t\t\t<\/div>\n\t\t\t\t<div class=\"elementor-element elementor-element-fdf7ed1 elementor-widget elementor-widget-text-editor\" data-id=\"fdf7ed1\" data-element_type=\"widget\" data-widget_type=\"text-editor.default\">\n\t\t\t\t<div class=\"elementor-widget-container\">\n\t\t\t\t\t\t\t\t\t<p>Durante d\u00edas enteros, los carnavaleros corren fervientemente durante horas y kil\u00f3metros con una energ\u00eda regeneradora colectiva.<\/p>\n<p>Se dice que lleva en su interior las divinidades que queremos revelar a trav\u00e9s de algunos de nuestros personajes tradicionales: <i>Papa Djab, Guiabl\u00e8s, Mary\u00e0n Lapofig, N\u00e8g Gwo Siwo, Mas Lanm\u00f2<\/i>&#8230; Todos ellos se encuentran en varias islas del Caribe.<\/p>\n\t\t\t\t\t\t\t\t<\/div>\n\t\t\t\t<\/div>\n\t\t\t\t\t<\/div>\n\t\t<\/div>\n\t\t\t\t\t<\/div>\n\t\t<\/section>\n\t\t\t\t<section class=\"elementor-section elementor-top-section elementor-element elementor-element-86fa2b5 elementor-section-boxed elementor-section-height-default elementor-section-height-default\" data-id=\"86fa2b5\" data-element_type=\"section\">\n\t\t\t\t\t\t<div class=\"elementor-container elementor-column-gap-default\">\n\t\t\t\t\t<div class=\"elementor-column elementor-col-100 elementor-top-column elementor-element elementor-element-cc825a6\" data-id=\"cc825a6\" data-element_type=\"column\">\n\t\t\t<div class=\"elementor-widget-wrap elementor-element-populated\">\n\t\t\t\t\t\t<div class=\"elementor-element elementor-element-56fe5e3 elementor-widget elementor-widget-heading\" data-id=\"56fe5e3\" data-element_type=\"widget\" data-widget_type=\"heading.default\">\n\t\t\t\t<div class=\"elementor-widget-container\">\n\t\t\t\t\t<h2 class=\"elementor-heading-title elementor-size-default\">Movimiento popular<\/h2>\t\t\t\t<\/div>\n\t\t\t\t<\/div>\n\t\t\t\t<div class=\"elementor-element elementor-element-e5377ef elementor-widget elementor-widget-text-editor\" data-id=\"e5377ef\" data-element_type=\"widget\" data-widget_type=\"text-editor.default\">\n\t\t\t\t<div class=\"elementor-widget-container\">\n\t\t\t\t\t\t\t\t\t<p>Y en m\u00fasica, a menudo en canciones, al ritmo de los instrumentos, en un \u00fanico desbordamiento humano, derram\u00e1ndose por las arterias de las ciudades o las pistas del campo, bwabwa arremolin\u00e1ndose sobre el r\u00edo de carnavaleros.<\/p>\n<p>El Carnaval de Martinica saca a todo el mundo a la calle, abierto a todos sin distinci\u00f3n.<\/p>\n<p>En la calle, los cuerpos hablan, expres\u00e1ndose libremente al ritmo del comp\u00e1s. El sonido de los tambores, las caracolas lambi y el bajo de los sonos invaden los cuerpos con un frenes\u00ed alegre y transgresor. <\/p>\n\t\t\t\t\t\t\t\t<\/div>\n\t\t\t\t<\/div>\n\t\t\t\t<section class=\"elementor-section elementor-inner-section elementor-element elementor-element-99b23d6 elementor-section-boxed elementor-section-height-default elementor-section-height-default\" data-id=\"99b23d6\" data-element_type=\"section\">\n\t\t\t\t\t\t<div class=\"elementor-container elementor-column-gap-default\">\n\t\t\t\t\t<div class=\"elementor-column elementor-col-100 elementor-inner-column elementor-element elementor-element-a4d8063\" data-id=\"a4d8063\" data-element_type=\"column\">\n\t\t\t<div class=\"elementor-widget-wrap elementor-element-populated\">\n\t\t\t\t\t\t<div class=\"elementor-element elementor-element-a2e638a elementor-widget elementor-widget-image\" data-id=\"a2e638a\" data-element_type=\"widget\" data-widget_type=\"image.default\">\n\t\t\t\t<div class=\"elementor-widget-container\">\n\t\t\t\t\t\t\t\t\t\t\t\t<figure class=\"wp-caption\">\n\t\t\t\t\t\t\t\t\t\t<img loading=\"lazy\" decoding=\"async\" width=\"800\" height=\"261\" src=\"https:\/\/richeskarayib.com\/wp-content\/uploads\/2025\/02\/13.02-henri-salomon.jpeg\" class=\"attachment-large size-large wp-image-45549\" alt=\"carnaval de Martinique\" srcset=\"https:\/\/richeskarayib.com\/wp-content\/uploads\/2025\/02\/13.02-henri-salomon.jpeg 1024w, https:\/\/richeskarayib.com\/wp-content\/uploads\/2025\/02\/13.02-henri-salomon-300x98.jpeg 300w, https:\/\/richeskarayib.com\/wp-content\/uploads\/2025\/02\/13.02-henri-salomon-768x251.jpeg 768w\" sizes=\"(max-width: 800px) 100vw, 800px\" \/>\t\t\t\t\t\t\t\t\t\t\t<figcaption class=\"widget-image-caption wp-caption-text\">@Henri Salomon \u2013 Mardi Gras 2010<\/figcaption>\n\t\t\t\t\t\t\t\t\t\t<\/figure>\n\t\t\t\t\t\t\t\t\t<\/div>\n\t\t\t\t<\/div>\n\t\t\t\t\t<\/div>\n\t\t<\/div>\n\t\t\t\t\t<\/div>\n\t\t<\/section>\n\t\t\t\t\t<\/div>\n\t\t<\/div>\n\t\t\t\t\t<\/div>\n\t\t<\/section>\n\t\t\t\t<\/div>\n\t\t","protected":false},"excerpt":{"rendered":"<p>Carnaval en Martinica: entre martiniquesa MARIE-LYNE PSYCHE-SALPETRIER y el carnaval de Martinica, hay una verdadera historia de amor que se ha transmitido de generaci\u00f3n en generaci\u00f3n. Presidente de la Asociaci\u00f3n Recherches &amp; Traditions (A.R.T.), que realiza investigaciones hist\u00f3ricas sobre el Carnaval, sus or\u00edgenes y la historia de sus personajes emblem\u00e1ticos. MARIE-LYNE PSYCHE-SALPETRIER es profesora de [&hellip;]<\/p>\n","protected":false},"author":662,"featured_media":45505,"comment_status":"open","ping_status":"open","sticky":false,"template":"","format":"standard","meta":{"_acf_changed":false,"footnotes":""},"categories":[1469],"tags":[816],"class_list":["post-45552","post","type-post","status-publish","format-standard","has-post-thumbnail","hentry","category-historia-patrimonio","tag-martinique-es"],"acf":[],"_links":{"self":[{"href":"https:\/\/richeskarayib.com\/es\/wp-json\/wp\/v2\/posts\/45552","targetHints":{"allow":["GET"]}}],"collection":[{"href":"https:\/\/richeskarayib.com\/es\/wp-json\/wp\/v2\/posts"}],"about":[{"href":"https:\/\/richeskarayib.com\/es\/wp-json\/wp\/v2\/types\/post"}],"author":[{"embeddable":true,"href":"https:\/\/richeskarayib.com\/es\/wp-json\/wp\/v2\/users\/662"}],"replies":[{"embeddable":true,"href":"https:\/\/richeskarayib.com\/es\/wp-json\/wp\/v2\/comments?post=45552"}],"version-history":[{"count":0,"href":"https:\/\/richeskarayib.com\/es\/wp-json\/wp\/v2\/posts\/45552\/revisions"}],"wp:featuredmedia":[{"embeddable":true,"href":"https:\/\/richeskarayib.com\/es\/wp-json\/wp\/v2\/media\/45505"}],"wp:attachment":[{"href":"https:\/\/richeskarayib.com\/es\/wp-json\/wp\/v2\/media?parent=45552"}],"wp:term":[{"taxonomy":"category","embeddable":true,"href":"https:\/\/richeskarayib.com\/es\/wp-json\/wp\/v2\/categories?post=45552"},{"taxonomy":"post_tag","embeddable":true,"href":"https:\/\/richeskarayib.com\/es\/wp-json\/wp\/v2\/tags?post=45552"}],"curies":[{"name":"wp","href":"https:\/\/api.w.org\/{rel}","templated":true}]}}