{"id":45648,"date":"2025-02-28T11:16:42","date_gmt":"2025-02-28T15:16:42","guid":{"rendered":"https:\/\/richeskarayib.com\/dominica-y-las-industrias-culturales-liberar-el-poder-del-carnaval-y-las-artes-para-el-crecimiento-economico\/"},"modified":"2025-03-08T22:03:37","modified_gmt":"2025-03-09T02:03:37","slug":"dominica-y-las-industrias-culturales-liberar-el-poder-del-carnaval-y-las-artes-para-el-crecimiento-economico","status":"publish","type":"post","link":"https:\/\/richeskarayib.com\/es\/dominica-y-las-industrias-culturales-liberar-el-poder-del-carnaval-y-las-artes-para-el-crecimiento-economico\/","title":{"rendered":"Dominica y las Industrias Culturales: Liberar el poder del Carnaval y las Artes para el crecimiento econ\u00f3mico &#8211; reuni\u00f3n con Sobers Esprit"},"content":{"rendered":"\t\t<div data-elementor-type=\"wp-post\" data-elementor-id=\"45648\" class=\"elementor elementor-45648 elementor-45626\" data-elementor-post-type=\"post\">\n\t\t\t\t\t\t<section class=\"elementor-section elementor-top-section elementor-element elementor-element-28399df elementor-section-boxed elementor-section-height-default elementor-section-height-default\" data-id=\"28399df\" data-element_type=\"section\">\n\t\t\t\t\t\t<div class=\"elementor-container elementor-column-gap-default\">\n\t\t\t\t\t<div class=\"elementor-column elementor-col-100 elementor-top-column elementor-element elementor-element-6460ea6\" data-id=\"6460ea6\" data-element_type=\"column\">\n\t\t\t<div class=\"elementor-widget-wrap elementor-element-populated\">\n\t\t\t\t\t\t<div class=\"elementor-element elementor-element-db84ae5 elementor-widget elementor-widget-text-editor\" data-id=\"db84ae5\" data-element_type=\"widget\" data-widget_type=\"text-editor.default\">\n\t\t\t\t<div class=\"elementor-widget-container\">\n\t\t\t\t\t\t\t\t\t<p>\n            <span style=\"font-weight: 400;\"><a href=\"https:\/\/www.linkedin.com\/in\/sobers-esprit-93564236\/?originalSubdomain=dm\" target=\"_blank\" rel=\"noopener nofollow\">Sobers Esprit<\/a>, experto en turismo e industrias culturales, ofrece una perspicaz perspectiva sobre el papel de las artes y los festivales en la configuraci\u00f3n del paisaje socioecon\u00f3mico de Dominica.  <\/span>\n          <\/p>\n<p>\n            <span style=\"font-weight: 400;\">El Caribe, a menudo c\u00e9lebre por sus playas ba\u00f1adas por el sol y su cultura, reconoce cada vez m\u00e1s el potencial sin explotar de sus industrias creativas. En el centro de esta transformaci\u00f3n est\u00e1 Dominica, una isla donde la cultura palpita en todas las facetas de la vida.   <\/span>\n          <\/p>\n\t\t\t\t\t\t\t\t<\/div>\n\t\t\t\t<\/div>\n\t\t\t\t\t<\/div>\n\t\t<\/div>\n\t\t\t\t\t<\/div>\n\t\t<\/section>\n\t\t\t\t<section class=\"elementor-section elementor-top-section elementor-element elementor-element-3187633 elementor-section-boxed elementor-section-height-default elementor-section-height-default\" data-id=\"3187633\" data-element_type=\"section\">\n\t\t\t\t\t\t<div class=\"elementor-container elementor-column-gap-default\">\n\t\t\t\t\t<div class=\"elementor-column elementor-col-100 elementor-top-column elementor-element elementor-element-c032e63\" data-id=\"c032e63\" data-element_type=\"column\">\n\t\t\t<div class=\"elementor-widget-wrap elementor-element-populated\">\n\t\t\t\t\t\t<div class=\"elementor-element elementor-element-9d5dacd elementor-widget elementor-widget-heading\" data-id=\"9d5dacd\" data-element_type=\"widget\" data-widget_type=\"heading.default\">\n\t\t\t\t<div class=\"elementor-widget-container\">\n\t\t\t\t\t<h2 class=\"elementor-heading-title elementor-size-default\">Industrias culturales: del entretenimiento al motor econ\u00f3mico\n<\/h2>\t\t\t\t<\/div>\n\t\t\t\t<\/div>\n\t\t\t\t<section class=\"elementor-section elementor-inner-section elementor-element elementor-element-3a9ca9e elementor-section-boxed elementor-section-height-default elementor-section-height-default\" data-id=\"3a9ca9e\" data-element_type=\"section\">\n\t\t\t\t\t\t<div class=\"elementor-container elementor-column-gap-default\">\n\t\t\t\t\t<div class=\"elementor-column elementor-col-100 elementor-inner-column elementor-element elementor-element-210cb6a\" data-id=\"210cb6a\" data-element_type=\"column\">\n\t\t\t<div class=\"elementor-widget-wrap elementor-element-populated\">\n\t\t\t\t\t\t<div class=\"elementor-element elementor-element-bcf478d elementor-widget elementor-widget-text-editor\" data-id=\"bcf478d\" data-element_type=\"widget\" data-widget_type=\"text-editor.default\">\n\t\t\t\t<div class=\"elementor-widget-container\">\n\t\t\t\t\t\t\t\t\t<p>\n            <span style=\"font-weight: 400;\">&#8220;Durante mucho tiempo, las artes y la cultura en el Caribe se consideraron mero entretenimiento&#8221;, explica <a href=\"https:\/\/musictt.co.tt\/sobers-esprit\/\" target=\"_blank\" rel=\"noopener nofollow\">Sobers Esprit<\/a>. &#8220;Pero hoy se reconocen como poderosos motores del crecimiento econ\u00f3mico y la construcci\u00f3n de la identidad&#8221;. Este cambio de paradigma coincide con las tendencias mundiales, en las que la creatividad, el conocimiento y las experiencias se est\u00e1n convirtiendo en activos econ\u00f3micos cruciales.  <\/span>\n          <\/p>\n<p>\n            <span style=\"font-weight: 400;\">Sobers Esprit destaca c\u00f3mo pa\u00edses como <a href=\"https:\/\/richeskarayib.com\/es\/la-musica-reggae-de-jamaica-influencia-e-impacto-mundial\/\" target=\"_blank\" rel=\"noopener\">Jamaica<\/a> y <a href=\"https:\/\/richeskarayib.com\/es\/carnaval-en-trinidad-y-tobago-por-el-dr-hollis-liverpool-chalkdust\/\" target=\"_blank\" rel=\"noopener\">Trinidad y Tobago<\/a> han aprovechado sus industrias musicales para establecer marcas culturales reconocidas en todo el mundo. &#8220;En Dominica tenemos talento, pero nos faltan infraestructuras e inversiones estrat\u00e9gicas para construir una industria creativa sostenible&#8221;, afirma. <\/span>\n          <\/p>\n\t\t\t\t\t\t\t\t<\/div>\n\t\t\t\t<\/div>\n\t\t\t\t<section class=\"elementor-section elementor-inner-section elementor-element elementor-element-e4ca9f6 elementor-section-boxed elementor-section-height-default elementor-section-height-default\" data-id=\"e4ca9f6\" data-element_type=\"section\">\n\t\t\t\t\t\t<div class=\"elementor-container elementor-column-gap-default\">\n\t\t\t\t\t<div class=\"elementor-column elementor-col-50 elementor-inner-column elementor-element elementor-element-327fcd8\" data-id=\"327fcd8\" data-element_type=\"column\">\n\t\t\t<div class=\"elementor-widget-wrap elementor-element-populated\">\n\t\t\t\t\t\t<div class=\"elementor-element elementor-element-6facbcf elementor-widget elementor-widget-image\" data-id=\"6facbcf\" data-element_type=\"widget\" data-widget_type=\"image.default\">\n\t\t\t\t<div class=\"elementor-widget-container\">\n\t\t\t\t\t\t\t\t\t\t\t\t<figure class=\"wp-caption\">\n\t\t\t\t\t\t\t\t\t\t<img fetchpriority=\"high\" decoding=\"async\" width=\"800\" height=\"800\" src=\"https:\/\/richeskarayib.com\/wp-content\/uploads\/2025\/02\/1-1-1024x1024.png\" class=\"attachment-large size-large wp-image-45642\" alt=\"Sobers Esprit\" srcset=\"https:\/\/richeskarayib.com\/wp-content\/uploads\/2025\/02\/1-1-1024x1024.png 1024w, https:\/\/richeskarayib.com\/wp-content\/uploads\/2025\/02\/1-1-300x300.png 300w, https:\/\/richeskarayib.com\/wp-content\/uploads\/2025\/02\/1-1-150x150.png 150w, https:\/\/richeskarayib.com\/wp-content\/uploads\/2025\/02\/1-1-768x768.png 768w, https:\/\/richeskarayib.com\/wp-content\/uploads\/2025\/02\/1-1.png 1080w\" sizes=\"(max-width: 800px) 100vw, 800px\" \/>\t\t\t\t\t\t\t\t\t\t\t<figcaption class=\"widget-image-caption wp-caption-text\">Sobers Esprit<\/figcaption>\n\t\t\t\t\t\t\t\t\t\t<\/figure>\n\t\t\t\t\t\t\t\t\t<\/div>\n\t\t\t\t<\/div>\n\t\t\t\t\t<\/div>\n\t\t<\/div>\n\t\t\t\t<div class=\"elementor-column elementor-col-50 elementor-inner-column elementor-element elementor-element-c4c2769\" data-id=\"c4c2769\" data-element_type=\"column\">\n\t\t\t<div class=\"elementor-widget-wrap elementor-element-populated\">\n\t\t\t\t\t\t<div class=\"elementor-element elementor-element-ed44737 elementor-widget elementor-widget-image\" data-id=\"ed44737\" data-element_type=\"widget\" data-widget_type=\"image.default\">\n\t\t\t\t<div class=\"elementor-widget-container\">\n\t\t\t\t\t\t\t\t\t\t\t\t<figure class=\"wp-caption\">\n\t\t\t\t\t\t\t\t\t\t<img decoding=\"async\" width=\"800\" height=\"800\" src=\"https:\/\/richeskarayib.com\/wp-content\/uploads\/2025\/02\/2-1-1024x1024.png\" class=\"attachment-large size-large wp-image-45646\" alt=\"Sobers Esprit\" srcset=\"https:\/\/richeskarayib.com\/wp-content\/uploads\/2025\/02\/2-1-1024x1024.png 1024w, https:\/\/richeskarayib.com\/wp-content\/uploads\/2025\/02\/2-1-300x300.png 300w, https:\/\/richeskarayib.com\/wp-content\/uploads\/2025\/02\/2-1-150x150.png 150w, https:\/\/richeskarayib.com\/wp-content\/uploads\/2025\/02\/2-1-768x768.png 768w, https:\/\/richeskarayib.com\/wp-content\/uploads\/2025\/02\/2-1.png 1080w\" sizes=\"(max-width: 800px) 100vw, 800px\" \/>\t\t\t\t\t\t\t\t\t\t\t<figcaption class=\"widget-image-caption wp-caption-text\">Sobers Esprit<\/figcaption>\n\t\t\t\t\t\t\t\t\t\t<\/figure>\n\t\t\t\t\t\t\t\t\t<\/div>\n\t\t\t\t<\/div>\n\t\t\t\t\t<\/div>\n\t\t<\/div>\n\t\t\t\t\t<\/div>\n\t\t<\/section>\n\t\t\t\t\t<\/div>\n\t\t<\/div>\n\t\t\t\t\t<\/div>\n\t\t<\/section>\n\t\t\t\t\t<\/div>\n\t\t<\/div>\n\t\t\t\t\t<\/div>\n\t\t<\/section>\n\t\t\t\t<section class=\"elementor-section elementor-top-section elementor-element elementor-element-e2af31e elementor-section-boxed elementor-section-height-default elementor-section-height-default\" data-id=\"e2af31e\" data-element_type=\"section\">\n\t\t\t\t\t\t<div class=\"elementor-container elementor-column-gap-default\">\n\t\t\t\t\t<div class=\"elementor-column elementor-col-100 elementor-top-column elementor-element elementor-element-fa3add0\" data-id=\"fa3add0\" data-element_type=\"column\">\n\t\t\t<div class=\"elementor-widget-wrap elementor-element-populated\">\n\t\t\t\t\t\t<div class=\"elementor-element elementor-element-ec22d48 elementor-widget elementor-widget-heading\" data-id=\"ec22d48\" data-element_type=\"widget\" data-widget_type=\"heading.default\">\n\t\t\t\t<div class=\"elementor-widget-container\">\n\t\t\t\t\t<h2 class=\"elementor-heading-title elementor-size-default\">La importancia econ\u00f3mica del carnaval de Dominica<\/h2>\t\t\t\t<\/div>\n\t\t\t\t<\/div>\n\t\t\t\t<section class=\"elementor-section elementor-inner-section elementor-element elementor-element-3d4f11a elementor-section-boxed elementor-section-height-default elementor-section-height-default\" data-id=\"3d4f11a\" data-element_type=\"section\">\n\t\t\t\t\t\t<div class=\"elementor-container elementor-column-gap-default\">\n\t\t\t\t\t<div class=\"elementor-column elementor-col-100 elementor-inner-column elementor-element elementor-element-75cf854\" data-id=\"75cf854\" data-element_type=\"column\">\n\t\t\t<div class=\"elementor-widget-wrap elementor-element-populated\">\n\t\t\t\t\t\t<div class=\"elementor-element elementor-element-c063a71 elementor-widget elementor-widget-text-editor\" data-id=\"c063a71\" data-element_type=\"widget\" data-widget_type=\"text-editor.default\">\n\t\t\t\t<div class=\"elementor-widget-container\">\n\t\t\t\t\t\t\t\t\t<p>\n            <span style=\"font-weight: 400;\">El carnaval de Dominica es algo m\u00e1s que una celebraci\u00f3n: es un catalizador econ\u00f3mico. Arraigado en la herencia africana y en las tradiciones posteriores a la emancipaci\u00f3n, el carnaval de la isla exhibe disfraces \u00fanicos, como el ic\u00f3nico Sennse, elaborado con materiales reciclados. &#8220;El carnaval genera millones de ingresos y crea un vasto ecosistema en el que participan m\u00fasicos, dise\u00f1adores de disfraces y constructores de formas tradicionales de mascarada, compositores de canciones, artistas esc\u00e9nicos (cantantes de calypso y bouyon), planificadores y competidores de concursos, organizadores de eventos y peque\u00f1as empresas, entre otros&#8221;, afirma Sobers Esprit.  <\/span>\n          <\/p>\n<p>\n            <span style=\"font-weight: 400;\">A pesar de su promesa econ\u00f3mica, persisten los retos. El acceso a\u00e9reo limitado y la insuficiente capacidad de alojamiento siguen siendo obst\u00e1culos importantes. &#8220;Si queremos aprovechar plenamente el potencial de nuestro carnaval, debemos abordar estas limitaciones log\u00edsticas&#8221;, subraya.  <\/span>\n          <\/p>\n\t\t\t\t\t\t\t\t<\/div>\n\t\t\t\t<\/div>\n\t\t\t\t<section class=\"elementor-section elementor-inner-section elementor-element elementor-element-d36d486 elementor-section-boxed elementor-section-height-default elementor-section-height-default\" data-id=\"d36d486\" data-element_type=\"section\">\n\t\t\t\t\t\t<div class=\"elementor-container elementor-column-gap-default\">\n\t\t\t\t\t<div class=\"elementor-column elementor-col-50 elementor-inner-column elementor-element elementor-element-0c760d0\" data-id=\"0c760d0\" data-element_type=\"column\">\n\t\t\t<div class=\"elementor-widget-wrap elementor-element-populated\">\n\t\t\t\t\t\t<div class=\"elementor-element elementor-element-f23ad46 elementor-widget elementor-widget-image\" data-id=\"f23ad46\" data-element_type=\"widget\" data-widget_type=\"image.default\">\n\t\t\t\t<div class=\"elementor-widget-container\">\n\t\t\t\t\t\t\t\t\t\t\t\t\t\t\t<img decoding=\"async\" width=\"800\" height=\"800\" src=\"https:\/\/richeskarayib.com\/wp-content\/uploads\/2025\/02\/4-1-1024x1024.png\" class=\"attachment-large size-large wp-image-45634\" alt=\"Sobers Esprit\" srcset=\"https:\/\/richeskarayib.com\/wp-content\/uploads\/2025\/02\/4-1-1024x1024.png 1024w, https:\/\/richeskarayib.com\/wp-content\/uploads\/2025\/02\/4-1-300x300.png 300w, https:\/\/richeskarayib.com\/wp-content\/uploads\/2025\/02\/4-1-150x150.png 150w, https:\/\/richeskarayib.com\/wp-content\/uploads\/2025\/02\/4-1-768x768.png 768w, https:\/\/richeskarayib.com\/wp-content\/uploads\/2025\/02\/4-1.png 1080w\" sizes=\"(max-width: 800px) 100vw, 800px\" \/>\t\t\t\t\t\t\t\t\t\t\t\t\t\t\t<\/div>\n\t\t\t\t<\/div>\n\t\t\t\t\t<\/div>\n\t\t<\/div>\n\t\t\t\t<div class=\"elementor-column elementor-col-50 elementor-inner-column elementor-element elementor-element-6a5eb63\" data-id=\"6a5eb63\" data-element_type=\"column\">\n\t\t\t<div class=\"elementor-widget-wrap elementor-element-populated\">\n\t\t\t\t\t\t<div class=\"elementor-element elementor-element-e0db693 elementor-widget elementor-widget-image\" data-id=\"e0db693\" data-element_type=\"widget\" data-widget_type=\"image.default\">\n\t\t\t\t<div class=\"elementor-widget-container\">\n\t\t\t\t\t\t\t\t\t\t\t\t\t\t\t<img loading=\"lazy\" decoding=\"async\" width=\"800\" height=\"800\" src=\"https:\/\/richeskarayib.com\/wp-content\/uploads\/2025\/02\/5-1024x1024.png\" class=\"attachment-large size-large wp-image-45638\" alt=\"Sobers Esprit\" srcset=\"https:\/\/richeskarayib.com\/wp-content\/uploads\/2025\/02\/5-1024x1024.png 1024w, https:\/\/richeskarayib.com\/wp-content\/uploads\/2025\/02\/5-300x300.png 300w, https:\/\/richeskarayib.com\/wp-content\/uploads\/2025\/02\/5-150x150.png 150w, https:\/\/richeskarayib.com\/wp-content\/uploads\/2025\/02\/5-768x768.png 768w, https:\/\/richeskarayib.com\/wp-content\/uploads\/2025\/02\/5.png 1080w\" sizes=\"(max-width: 800px) 100vw, 800px\" \/>\t\t\t\t\t\t\t\t\t\t\t\t\t\t\t<\/div>\n\t\t\t\t<\/div>\n\t\t\t\t\t<\/div>\n\t\t<\/div>\n\t\t\t\t\t<\/div>\n\t\t<\/section>\n\t\t\t\t\t<\/div>\n\t\t<\/div>\n\t\t\t\t\t<\/div>\n\t\t<\/section>\n\t\t\t\t\t<\/div>\n\t\t<\/div>\n\t\t\t\t\t<\/div>\n\t\t<\/section>\n\t\t\t\t<section class=\"elementor-section elementor-top-section elementor-element elementor-element-526a4fb elementor-section-boxed elementor-section-height-default elementor-section-height-default\" data-id=\"526a4fb\" data-element_type=\"section\">\n\t\t\t\t\t\t<div class=\"elementor-container elementor-column-gap-default\">\n\t\t\t\t\t<div class=\"elementor-column elementor-col-100 elementor-top-column elementor-element elementor-element-0aa56a7\" data-id=\"0aa56a7\" data-element_type=\"column\">\n\t\t\t<div class=\"elementor-widget-wrap elementor-element-populated\">\n\t\t\t\t\t\t<div class=\"elementor-element elementor-element-6576687 elementor-widget elementor-widget-heading\" data-id=\"6576687\" data-element_type=\"widget\" data-widget_type=\"heading.default\">\n\t\t\t\t<div class=\"elementor-widget-container\">\n\t\t\t\t\t<h2 class=\"elementor-heading-title elementor-size-default\">Construir una econom\u00eda cultural sostenible<\/h2>\t\t\t\t<\/div>\n\t\t\t\t<\/div>\n\t\t\t\t<section class=\"elementor-section elementor-inner-section elementor-element elementor-element-19da78e elementor-section-boxed elementor-section-height-default elementor-section-height-default\" data-id=\"19da78e\" data-element_type=\"section\">\n\t\t\t\t\t\t<div class=\"elementor-container elementor-column-gap-default\">\n\t\t\t\t\t<div class=\"elementor-column elementor-col-100 elementor-inner-column elementor-element elementor-element-12ca3cd\" data-id=\"12ca3cd\" data-element_type=\"column\">\n\t\t\t<div class=\"elementor-widget-wrap elementor-element-populated\">\n\t\t\t\t\t\t<div class=\"elementor-element elementor-element-10be363 elementor-widget elementor-widget-text-editor\" data-id=\"10be363\" data-element_type=\"widget\" data-widget_type=\"text-editor.default\">\n\t\t\t\t<div class=\"elementor-widget-container\">\n\t\t\t\t\t\t\t\t\t<p>\n            <span style=\"font-weight: 400;\">Para transformar la cultura en un motor econ\u00f3mico a largo plazo, Sobers Esprit aboga por inversiones estrat\u00e9gicas en \u00e1reas clave:<\/span>\n          <\/p>\n<ul>\n<li style=\"font-weight: 400;\" aria-level=\"1\"><b>Desarrollo de infraestructuras:<\/b><span style=\"font-weight: 400;\"> &#8220;Necesitamos espacios dedicados a las actuaciones e instalaciones de producci\u00f3n para cultivar el talento&#8221;, sugiere.<\/span><\/li>\n<li style=\"font-weight: 400;\" aria-level=\"1\"><b>Formaci\u00f3n Continua:<\/b><span style=\"font-weight: 400;\"> Invertir en programas educativos para mejorar las habilidades de los artistas y profesionales de la cultura.<\/span><\/li>\n<li style=\"font-weight: 400;\" aria-level=\"1\"><b>Protecci\u00f3n de los derechos de autor:<\/b><span style=\"font-weight: 400;\"> &#8220;Los artistas deben tener la seguridad de que su propiedad intelectual est\u00e1 salvaguardada para garantizar una compensaci\u00f3n justa&#8221;.<\/span><\/li>\n<li style=\"font-weight: 400;\" aria-level=\"1\"><b>Incentivos fiscales:<\/b><span style=\"font-weight: 400;\"> Reducci\u00f3n de los derechos de importaci\u00f3n de los materiales utilizados en la producci\u00f3n cultural para apoyar a los empresarios locales.<\/span><\/li>\n<\/ul>\n\t\t\t\t\t\t\t\t<\/div>\n\t\t\t\t<\/div>\n\t\t\t\t\t<\/div>\n\t\t<\/div>\n\t\t\t\t\t<\/div>\n\t\t<\/section>\n\t\t\t\t\t<\/div>\n\t\t<\/div>\n\t\t\t\t\t<\/div>\n\t\t<\/section>\n\t\t\t\t<section class=\"elementor-section elementor-top-section elementor-element elementor-element-df919cb elementor-section-boxed elementor-section-height-default elementor-section-height-default\" data-id=\"df919cb\" data-element_type=\"section\">\n\t\t\t\t\t\t<div class=\"elementor-container elementor-column-gap-default\">\n\t\t\t\t\t<div class=\"elementor-column elementor-col-100 elementor-top-column elementor-element elementor-element-0763e35\" data-id=\"0763e35\" data-element_type=\"column\">\n\t\t\t<div class=\"elementor-widget-wrap elementor-element-populated\">\n\t\t\t\t\t\t<div class=\"elementor-element elementor-element-486a632 elementor-widget elementor-widget-heading\" data-id=\"486a632\" data-element_type=\"widget\" data-widget_type=\"heading.default\">\n\t\t\t\t<div class=\"elementor-widget-container\">\n\t\t\t\t\t<h2 class=\"elementor-heading-title elementor-size-default\">Comercializar la cultura caribe\u00f1a en un escenario global<\/h2>\t\t\t\t<\/div>\n\t\t\t\t<\/div>\n\t\t\t\t<section class=\"elementor-section elementor-inner-section elementor-element elementor-element-8a867b8 elementor-section-boxed elementor-section-height-default elementor-section-height-default\" data-id=\"8a867b8\" data-element_type=\"section\">\n\t\t\t\t\t\t<div class=\"elementor-container elementor-column-gap-default\">\n\t\t\t\t\t<div class=\"elementor-column elementor-col-100 elementor-inner-column elementor-element elementor-element-3df625f\" data-id=\"3df625f\" data-element_type=\"column\">\n\t\t\t<div class=\"elementor-widget-wrap elementor-element-populated\">\n\t\t\t\t\t\t<div class=\"elementor-element elementor-element-72b6718 elementor-widget elementor-widget-text-editor\" data-id=\"72b6718\" data-element_type=\"widget\" data-widget_type=\"text-editor.default\">\n\t\t\t\t<div class=\"elementor-widget-container\">\n\t\t\t\t\t\t\t\t\t<p>\n            <span style=\"font-weight: 400;\">Un calendario compartido de carnavales caribe\u00f1os podr\u00eda impulsar significativamente el turismo regional y atraer a un p\u00fablico m\u00e1s amplio. &#8220;Los esfuerzos conjuntos de marketing pueden posicionar al Caribe como destino cultural durante todo el a\u00f1o&#8221;, se\u00f1ala Sobers Esprit. Colaborando m\u00e1s all\u00e1 de las fronteras, la regi\u00f3n puede presentar un frente unido y maximizar su potencial colectivo.  <\/span>\n          <\/p>\n\t\t\t\t\t\t\t\t<\/div>\n\t\t\t\t<\/div>\n\t\t\t\t\t<\/div>\n\t\t<\/div>\n\t\t\t\t\t<\/div>\n\t\t<\/section>\n\t\t\t\t\t<\/div>\n\t\t<\/div>\n\t\t\t\t\t<\/div>\n\t\t<\/section>\n\t\t\t\t<section class=\"elementor-section elementor-top-section elementor-element elementor-element-bdaf71e elementor-section-boxed elementor-section-height-default elementor-section-height-default\" data-id=\"bdaf71e\" data-element_type=\"section\">\n\t\t\t\t\t\t<div class=\"elementor-container elementor-column-gap-default\">\n\t\t\t\t\t<div class=\"elementor-column elementor-col-100 elementor-top-column elementor-element elementor-element-15cc7bc\" data-id=\"15cc7bc\" data-element_type=\"column\">\n\t\t\t<div class=\"elementor-widget-wrap elementor-element-populated\">\n\t\t\t\t\t\t<div class=\"elementor-element elementor-element-5bd575e elementor-widget elementor-widget-heading\" data-id=\"5bd575e\" data-element_type=\"widget\" data-widget_type=\"heading.default\">\n\t\t\t\t<div class=\"elementor-widget-container\">\n\t\t\t\t\t<h2 class=\"elementor-heading-title elementor-size-default\">Colaboraci\u00f3n regional: reforzar los lazos culturales<\/h2>\t\t\t\t<\/div>\n\t\t\t\t<\/div>\n\t\t\t\t<section class=\"elementor-section elementor-inner-section elementor-element elementor-element-b31d81f elementor-section-boxed elementor-section-height-default elementor-section-height-default\" data-id=\"b31d81f\" data-element_type=\"section\">\n\t\t\t\t\t\t<div class=\"elementor-container elementor-column-gap-default\">\n\t\t\t\t\t<div class=\"elementor-column elementor-col-100 elementor-inner-column elementor-element elementor-element-fc79262\" data-id=\"fc79262\" data-element_type=\"column\">\n\t\t\t<div class=\"elementor-widget-wrap elementor-element-populated\">\n\t\t\t\t\t\t<div class=\"elementor-element elementor-element-9fbd7da elementor-widget elementor-widget-text-editor\" data-id=\"9fbd7da\" data-element_type=\"widget\" data-widget_type=\"text-editor.default\">\n\t\t\t\t<div class=\"elementor-widget-container\">\n\t\t\t\t\t\t\t\t\t<p>\n            <span style=\"font-weight: 400;\">Esprit subraya la importancia de la colaboraci\u00f3n entre las islas del Caribe para crear una econom\u00eda cultural pr\u00f3spera. &#8220;Hemos estado trabajando con islas vecinas como Santa Luc\u00eda, Guadalupe, Trinidad y Tobago y otras para compartir las mejores pr\u00e1cticas, promover los intercambios culturales y fomentar la unidad regional a trav\u00e9s de nuestros festivales&#8221;, comparte. Estas asociaciones han permitido el intercambio de conocimientos y el desarrollo de capacidades, esenciales para reforzar las industrias creativas en toda la regi\u00f3n.  <\/span>\n          <\/p>\n<p>\n            <span style=\"font-weight: 400;\">Una de esas iniciativas incluye conversaciones con los organizadores del Carnaval de Nueva Orleans para establecer una plataforma de intercambio de ideas y estrategias. &#8220;Esta colaboraci\u00f3n nos permitir\u00e1 aprender de las experiencias internacionales al tiempo que mostramos al mundo la riqueza \u00fanica de nuestra cultura caribe\u00f1a&#8221;, se\u00f1ala Esprit. <\/span>\n          <\/p>\n<p>\n            <span style=\"font-weight: 400;\">Adem\u00e1s, proyectos conjuntos como un calendario regional de carnaval y actos organizados conjuntamente pretenden aumentar la visibilidad y atraer a un p\u00fablico m\u00e1s amplio a la oferta cultural caribe\u00f1a. &#8220;Trabajando juntos, podemos posicionar al Caribe como destino cultural de primer orden durante todo el a\u00f1o&#8221;, a\u00f1ade. <\/span>\n          <\/p>\n\t\t\t\t\t\t\t\t<\/div>\n\t\t\t\t<\/div>\n\t\t\t\t\t<\/div>\n\t\t<\/div>\n\t\t\t\t\t<\/div>\n\t\t<\/section>\n\t\t\t\t\t<\/div>\n\t\t<\/div>\n\t\t\t\t\t<\/div>\n\t\t<\/section>\n\t\t\t\t<section class=\"elementor-section elementor-top-section elementor-element elementor-element-ade3659 elementor-section-boxed elementor-section-height-default elementor-section-height-default\" data-id=\"ade3659\" data-element_type=\"section\">\n\t\t\t\t\t\t<div class=\"elementor-container elementor-column-gap-default\">\n\t\t\t\t\t<div class=\"elementor-column elementor-col-100 elementor-top-column elementor-element elementor-element-c99c413\" data-id=\"c99c413\" data-element_type=\"column\">\n\t\t\t<div class=\"elementor-widget-wrap elementor-element-populated\">\n\t\t\t\t\t\t<div class=\"elementor-element elementor-element-c4fcd34 elementor-widget elementor-widget-heading\" data-id=\"c4fcd34\" data-element_type=\"widget\" data-widget_type=\"heading.default\">\n\t\t\t\t<div class=\"elementor-widget-container\">\n\t\t\t\t\t<h2 class=\"elementor-heading-title elementor-size-default\">Un llamamiento a la colaboraci\u00f3n y la inversi\u00f3n<\/h2>\t\t\t\t<\/div>\n\t\t\t\t<\/div>\n\t\t\t\t<section class=\"elementor-section elementor-inner-section elementor-element elementor-element-0473b61 elementor-section-boxed elementor-section-height-default elementor-section-height-default\" data-id=\"0473b61\" data-element_type=\"section\">\n\t\t\t\t\t\t<div class=\"elementor-container elementor-column-gap-default\">\n\t\t\t\t\t<div class=\"elementor-column elementor-col-100 elementor-inner-column elementor-element elementor-element-1e0691b\" data-id=\"1e0691b\" data-element_type=\"column\">\n\t\t\t<div class=\"elementor-widget-wrap elementor-element-populated\">\n\t\t\t\t\t\t<div class=\"elementor-element elementor-element-2a076a6 elementor-widget elementor-widget-text-editor\" data-id=\"2a076a6\" data-element_type=\"widget\" data-widget_type=\"text-editor.default\">\n\t\t\t\t<div class=\"elementor-widget-container\">\n\t\t\t\t\t\t\t\t\t<p>\n            <span style=\"font-weight: 400;\">Para que el Caribe se beneficie plenamente de sus activos culturales, la colaboraci\u00f3n es crucial. &#8220;Tenemos que trabajar juntos, promocionar nuestros festivales como un producto unificado, trabajar para resolver la dif\u00edcil cuesti\u00f3n de los viajes intrarregionales y el alojamiento asequible, especialmente para los viajeros regionales, dar prioridad a la formaci\u00f3n y la capacitaci\u00f3n de los profesionales creativos y garantizar inversiones significativas para reforzar el ecosistema de nuestra econom\u00eda creativa&#8221;, insta Sobers Esprit. Subraya la importancia de cambiar las percepciones: &#8220;El arte y la cultura no son meros pasatiempos; son componentes esenciales de nuestro tejido econ\u00f3mico y social&#8221;.  <\/span>\n          <\/p>\n\t\t\t\t\t\t\t\t<\/div>\n\t\t\t\t<\/div>\n\t\t\t\t\t<\/div>\n\t\t<\/div>\n\t\t\t\t\t<\/div>\n\t\t<\/section>\n\t\t\t\t\t<\/div>\n\t\t<\/div>\n\t\t\t\t\t<\/div>\n\t\t<\/section>\n\t\t\t\t<section class=\"elementor-section elementor-top-section elementor-element elementor-element-9602363 elementor-section-boxed elementor-section-height-default elementor-section-height-default\" data-id=\"9602363\" data-element_type=\"section\">\n\t\t\t\t\t\t<div class=\"elementor-container elementor-column-gap-default\">\n\t\t\t\t\t<div class=\"elementor-column elementor-col-100 elementor-top-column elementor-element elementor-element-3cbfb61\" data-id=\"3cbfb61\" data-element_type=\"column\">\n\t\t\t<div class=\"elementor-widget-wrap elementor-element-populated\">\n\t\t\t\t\t\t<div class=\"elementor-element elementor-element-da5ebee elementor-widget elementor-widget-heading\" data-id=\"da5ebee\" data-element_type=\"widget\" data-widget_type=\"heading.default\">\n\t\t\t\t<div class=\"elementor-widget-container\">\n\t\t\t\t\t<h2 class=\"elementor-heading-title elementor-size-default\">Una visi\u00f3n de futuro<\/h2>\t\t\t\t<\/div>\n\t\t\t\t<\/div>\n\t\t\t\t<section class=\"elementor-section elementor-inner-section elementor-element elementor-element-5d0f9d7 elementor-section-boxed elementor-section-height-default elementor-section-height-default\" data-id=\"5d0f9d7\" data-element_type=\"section\">\n\t\t\t\t\t\t<div class=\"elementor-container elementor-column-gap-default\">\n\t\t\t\t\t<div class=\"elementor-column elementor-col-100 elementor-inner-column elementor-element elementor-element-d1f294a\" data-id=\"d1f294a\" data-element_type=\"column\">\n\t\t\t<div class=\"elementor-widget-wrap elementor-element-populated\">\n\t\t\t\t\t\t<div class=\"elementor-element elementor-element-22f92b5 elementor-widget elementor-widget-text-editor\" data-id=\"22f92b5\" data-element_type=\"widget\" data-widget_type=\"text-editor.default\">\n\t\t\t\t<div class=\"elementor-widget-container\">\n\t\t\t\t\t\t\t\t\t<p>\n            <span style=\"font-weight: 400;\">A medida que Dominica y el resto del Caribe avanzan hacia una econom\u00eda centrada en la creatividad y el conocimiento, las partes interesadas deben tomar medidas decisivas. &#8220;El futuro de nuestra regi\u00f3n depende de nuestra capacidad para generar y comercializar nuevos contenidos culturales&#8221;, concluye Sobers Esprit. &#8220;Con el apoyo adecuado, las industrias creativas pueden impulsar el desarrollo sostenible, fomentar el orgullo nacional y crear oportunidades para las generaciones venideras.&#8221;  <\/span>\n          <\/p>\n<p>\n            <span style=\"font-weight: 400;\">Rich\u00e8s Karayib, dedicada a mostrar la riqueza de la cultura caribe\u00f1a, es un testimonio de esta visi\u00f3n. Mediante asociaciones estrat\u00e9gicas y la narraci\u00f3n de historias, la plataforma sigue abogando por el reconocimiento y el crecimiento de las industrias culturales de la regi\u00f3n. <\/span>\n          <\/p>\n<p>\n            <span style=\"font-weight: 400;\">El latido cultural de Dominica es fuerte: es hora de subir el volumen y dejar que el mundo lo escuche.<\/span>\n          <\/p>\n\t\t\t\t\t\t\t\t<\/div>\n\t\t\t\t<\/div>\n\t\t\t\t\t<\/div>\n\t\t<\/div>\n\t\t\t\t\t<\/div>\n\t\t<\/section>\n\t\t\t\t\t<\/div>\n\t\t<\/div>\n\t\t\t\t\t<\/div>\n\t\t<\/section>\n\t\t\t\t<\/div>\n\t\t","protected":false},"excerpt":{"rendered":"<p>Sobers Esprit, experto en turismo e industrias culturales, ofrece una perspicaz perspectiva sobre el papel de las artes y los festivales en la configuraci\u00f3n del paisaje socioecon\u00f3mico de Dominica. El Caribe, a menudo c\u00e9lebre por sus playas ba\u00f1adas por el sol y su cultura, reconoce cada vez m\u00e1s el potencial sin explotar de sus industrias [&hellip;]<\/p>\n","protected":false},"author":662,"featured_media":45630,"comment_status":"open","ping_status":"open","sticky":false,"template":"","format":"standard","meta":{"_acf_changed":false,"footnotes":""},"categories":[1499],"tags":[1451],"class_list":["post-45648","post","type-post","status-publish","format-standard","has-post-thumbnail","hentry","category-gestion-de-eventos","tag-dominica"],"acf":[],"_links":{"self":[{"href":"https:\/\/richeskarayib.com\/es\/wp-json\/wp\/v2\/posts\/45648","targetHints":{"allow":["GET"]}}],"collection":[{"href":"https:\/\/richeskarayib.com\/es\/wp-json\/wp\/v2\/posts"}],"about":[{"href":"https:\/\/richeskarayib.com\/es\/wp-json\/wp\/v2\/types\/post"}],"author":[{"embeddable":true,"href":"https:\/\/richeskarayib.com\/es\/wp-json\/wp\/v2\/users\/662"}],"replies":[{"embeddable":true,"href":"https:\/\/richeskarayib.com\/es\/wp-json\/wp\/v2\/comments?post=45648"}],"version-history":[{"count":0,"href":"https:\/\/richeskarayib.com\/es\/wp-json\/wp\/v2\/posts\/45648\/revisions"}],"wp:featuredmedia":[{"embeddable":true,"href":"https:\/\/richeskarayib.com\/es\/wp-json\/wp\/v2\/media\/45630"}],"wp:attachment":[{"href":"https:\/\/richeskarayib.com\/es\/wp-json\/wp\/v2\/media?parent=45648"}],"wp:term":[{"taxonomy":"category","embeddable":true,"href":"https:\/\/richeskarayib.com\/es\/wp-json\/wp\/v2\/categories?post=45648"},{"taxonomy":"post_tag","embeddable":true,"href":"https:\/\/richeskarayib.com\/es\/wp-json\/wp\/v2\/tags?post=45648"}],"curies":[{"name":"wp","href":"https:\/\/api.w.org\/{rel}","templated":true}]}}