{"id":45848,"date":"2025-03-05T12:12:47","date_gmt":"2025-03-05T16:12:47","guid":{"rendered":"https:\/\/richeskarayib.com\/carnaval-de-martinica-2025-mardi-gras-el-corazon-palpitante-de-la-fiesta\/"},"modified":"2025-03-05T12:12:47","modified_gmt":"2025-03-05T16:12:47","slug":"carnaval-de-martinica-2025-mardi-gras-el-corazon-palpitante-de-la-fiesta","status":"publish","type":"post","link":"https:\/\/richeskarayib.com\/es\/carnaval-de-martinica-2025-mardi-gras-el-corazon-palpitante-de-la-fiesta\/","title":{"rendered":"Carnaval de Martinica 2025: Mardi Gras, el coraz\u00f3n palpitante de la fiesta"},"content":{"rendered":"\t\t<div data-elementor-type=\"wp-post\" data-elementor-id=\"45848\" class=\"elementor elementor-45848 elementor-45832\" data-elementor-post-type=\"post\">\n\t\t\t\t\t\t<section class=\"elementor-section elementor-top-section elementor-element elementor-element-7d71f82 elementor-section-boxed elementor-section-height-default elementor-section-height-default\" data-id=\"7d71f82\" data-element_type=\"section\">\n\t\t\t\t\t\t<div class=\"elementor-container elementor-column-gap-default\">\n\t\t\t\t\t<div class=\"elementor-column elementor-col-100 elementor-top-column elementor-element elementor-element-c153284\" data-id=\"c153284\" data-element_type=\"column\">\n\t\t\t<div class=\"elementor-widget-wrap elementor-element-populated\">\n\t\t\t\t\t\t<div class=\"elementor-element elementor-element-4f6c6de elementor-widget elementor-widget-text-editor\" data-id=\"4f6c6de\" data-element_type=\"widget\" data-widget_type=\"text-editor.default\">\n\t\t\t\t<div class=\"elementor-widget-container\">\n\t\t\t\t\t\t\t\t\t<p>\n            <span style=\"font-weight: 400;\"><a href=\"https:\/\/la1ere.francetvinfo.fr\/martinique\/carnaval-de-martinique-2025-pourquoi-le-mardi-gras-est-il-le-jour-le-plus-populaire-du-carnaval-1565977.html\" target=\"_blank\" rel=\"noopener nofollow\">El Carnaval de Martinica<\/a>, acontecimiento cultural emblem\u00e1tico del Caribe, atrae cada a\u00f1o a miles de personas para celebrar la m\u00fasica, la danza y la creatividad. En la edici\u00f3n de 2025, el Mardi Gras parece que ser\u00e1 el d\u00eda m\u00e1s popular, ya que se espera que unas 80.000 personas tomen las calles de Fort-de-France. Pero, \u00bfqu\u00e9 hace que este d\u00eda sea tan especial? En este art\u00edculo, exploramos la historia del Carnaval en Martinica, las particularidades de cada d\u00eda, c\u00f3mo ha evolucionado a lo largo de los a\u00f1os y las tradiciones m\u00e1s llamativas.   <\/span>\n          <\/p>\n\t\t\t\t\t\t\t\t<\/div>\n\t\t\t\t<\/div>\n\t\t\t\t\t<\/div>\n\t\t<\/div>\n\t\t\t\t\t<\/div>\n\t\t<\/section>\n\t\t\t\t<section class=\"elementor-section elementor-top-section elementor-element elementor-element-7d4f952 elementor-section-boxed elementor-section-height-default elementor-section-height-default\" data-id=\"7d4f952\" data-element_type=\"section\">\n\t\t\t\t\t\t<div class=\"elementor-container elementor-column-gap-default\">\n\t\t\t\t\t<div class=\"elementor-column elementor-col-100 elementor-top-column elementor-element elementor-element-f3833fa\" data-id=\"f3833fa\" data-element_type=\"column\">\n\t\t\t<div class=\"elementor-widget-wrap elementor-element-populated\">\n\t\t\t\t\t\t<div class=\"elementor-element elementor-element-7072b3d elementor-widget elementor-widget-heading\" data-id=\"7072b3d\" data-element_type=\"widget\" data-widget_type=\"heading.default\">\n\t\t\t\t<div class=\"elementor-widget-container\">\n\t\t\t\t\t<h2 class=\"elementor-heading-title elementor-size-default\">Historia del Carnaval de Martinica\n<\/h2>\t\t\t\t<\/div>\n\t\t\t\t<\/div>\n\t\t\t\t<div class=\"elementor-element elementor-element-6cd393f elementor-widget elementor-widget-text-editor\" data-id=\"6cd393f\" data-element_type=\"widget\" data-widget_type=\"text-editor.default\">\n\t\t\t\t<div class=\"elementor-widget-container\">\n\t\t\t\t\t\t\t\t\t<p>\n            <span style=\"font-weight: 400;\">El Carnaval de Martinica tiene una rica historia que se remonta a la \u00e9poca colonial. Influido inicialmente por las tradiciones europeas, ha evolucionado con el tiempo para incorporar elementos culturales africanos y criollos. Los esclavos utilizaban el Carnaval como medio de expresi\u00f3n y resistencia, incorporando sus propios s\u00edmbolos y rituales a las celebraciones. Hoy, el Carnaval es una vibrante mezcla de m\u00fasica, danza y coloridos disfraces, que refleja la diversidad cultural de la isla.   <\/span>\n          <\/p>\n\t\t\t\t\t\t\t\t<\/div>\n\t\t\t\t<\/div>\n\t\t\t\t\t<\/div>\n\t\t<\/div>\n\t\t\t\t\t<\/div>\n\t\t<\/section>\n\t\t\t\t<section class=\"elementor-section elementor-top-section elementor-element elementor-element-7c727fe elementor-section-boxed elementor-section-height-default elementor-section-height-default\" data-id=\"7c727fe\" data-element_type=\"section\">\n\t\t\t\t\t\t<div class=\"elementor-container elementor-column-gap-default\">\n\t\t\t\t\t<div class=\"elementor-column elementor-col-100 elementor-top-column elementor-element elementor-element-2675508\" data-id=\"2675508\" data-element_type=\"column\">\n\t\t\t<div class=\"elementor-widget-wrap elementor-element-populated\">\n\t\t\t\t\t\t<div class=\"elementor-element elementor-element-86f7f71 elementor-widget elementor-widget-heading\" data-id=\"86f7f71\" data-element_type=\"widget\" data-widget_type=\"heading.default\">\n\t\t\t\t<div class=\"elementor-widget-container\">\n\t\t\t\t\t<h2 class=\"elementor-heading-title elementor-size-default\">D\u00edas de Carnaval en Martinica<\/h2>\t\t\t\t<\/div>\n\t\t\t\t<\/div>\n\t\t\t\t<div class=\"elementor-element elementor-element-3f26691 elementor-widget elementor-widget-text-editor\" data-id=\"3f26691\" data-element_type=\"widget\" data-widget_type=\"text-editor.default\">\n\t\t\t\t<div class=\"elementor-widget-container\">\n\t\t\t\t\t\t\t\t\t<p>\n            <span style=\"font-weight: 400;\">Cada d\u00eda de Carnaval en Martinica tiene sus propias tradiciones y caracter\u00edsticas especiales:<\/span>\n          <\/p>\n<h2>\n            <b>S\u00e1bado Gras<\/b><br \/>\n          <\/h2>\n<p>\n            <span style=\"font-weight: 400;\">El Samedi Gras suele considerarse un d\u00eda de preparaci\u00f3n, pero tambi\u00e9n es una oportunidad para que los ni\u00f1os desfilen por las calles con sus escuelas, cada una con un tema diferente.<\/span><br \/>\n            <span style=\"font-weight: 400;\">. Tambi\u00e9n es el momento en que los participantes empiezan a prepararse para los d\u00edas venideros. <\/span>\n          <\/p>\n\t\t\t\t\t\t\t\t<\/div>\n\t\t\t\t<\/div>\n\t\t\t\t<div class=\"elementor-element elementor-element-4d57056 elementor-widget elementor-widget-text-editor\" data-id=\"4d57056\" data-element_type=\"widget\" data-widget_type=\"text-editor.default\">\n\t\t\t\t<div class=\"elementor-widget-container\">\n\t\t\t\t\t\t\t\t\t<h2>\n            <b>Dimanche Gras<\/b><br \/>\n          <\/h2>\n<p>\n            <span style=\"font-weight: 400;\">El Dimanche Gras marca la apertura oficial del Carnaval con la presentaci\u00f3n de las Reinas del Carnaval de cada municipio. Las Reinas desfilan con sus majestuosos trajes, encarnando la elegancia y el orgullo de Martinica. Tambi\u00e9n es el d\u00eda en que Vaval, el Rey del Carnaval, hace su entrada triunfal, rodeado de bandas de m\u00fasica a pie y bandas callejeras.  <\/span>\n          <\/p>\n\t\t\t\t\t\t\t\t<\/div>\n\t\t\t\t<\/div>\n\t\t\t\t<div class=\"elementor-element elementor-element-b78739e elementor-widget elementor-widget-text-editor\" data-id=\"b78739e\" data-element_type=\"widget\" data-widget_type=\"text-editor.default\">\n\t\t\t\t<div class=\"elementor-widget-container\">\n\t\t\t\t\t\t\t\t\t<h2>\n            <b>Lundi Gras<\/b><br \/>\n          <\/h2>\n<p>\n            <span style=\"font-weight: 400;\">El Lundi Gras est\u00e1 dedicado a las bodas burlescas, una divertid\u00edsima tradici\u00f3n en la que todo se invierte. Los hombres se disfrazan de novias extravagantes, mientras que las mujeres se travisten de novios exc\u00e9ntricos. El d\u00eda es una colorida s\u00e1tira que celebra la libertad de expresi\u00f3n y la identidad, rompiendo alegremente las convenciones sociales.  <\/span>\n          <\/p>\n\t\t\t\t\t\t\t\t<\/div>\n\t\t\t\t<\/div>\n\t\t\t\t<div class=\"elementor-element elementor-element-2260cfc elementor-widget elementor-widget-text-editor\" data-id=\"2260cfc\" data-element_type=\"widget\" data-widget_type=\"text-editor.default\">\n\t\t\t\t<div class=\"elementor-widget-container\">\n\t\t\t\t\t\t\t\t\t<h2>\n            <b>Mardi Gras<\/b><br \/>\n          <\/h2>\n<p>\n            <span style=\"font-weight: 400;\">El Mardi Gras es el d\u00eda m\u00e1s popular del Carnaval, marcado por la espectacular aparici\u00f3n de los Diablos Rojos. Estos emblem\u00e1ticos personajes, con sus trajes rojos, m\u00e1scaras terror\u00edficas y cuernos, fascinan tanto como impresionan. El rojo brillante de sus trajes evoca el fuego y la sangre, mientras que los espejos simbolizan el conocimiento. El Mardi Gras es tambi\u00e9n el d\u00eda de la gran fiesta del pijama, cuando todo el mundo se viste de rojo y negro.   <\/span>\n          <\/p>\n\t\t\t\t\t\t\t\t<\/div>\n\t\t\t\t<\/div>\n\t\t\t\t<div class=\"elementor-element elementor-element-510a5b9 elementor-widget elementor-widget-text-editor\" data-id=\"510a5b9\" data-element_type=\"widget\" data-widget_type=\"text-editor.default\">\n\t\t\t\t<div class=\"elementor-widget-container\">\n\t\t\t\t\t\t\t\t\t<h2>\n            <b>Mi\u00e9rcoles de Ceniza<\/b><br \/>\n          <\/h2>\n<p>\n            <span style=\"font-weight: 400;\">El Mi\u00e9rcoles de Ceniza marca el final del Carnaval con un ambiente que combina emoci\u00f3n y simbolismo. Carnavaleros y espectadores se re\u00fanen para dar el \u00faltimo adi\u00f3s a Vaval. La procesi\u00f3n est\u00e1 marcada por la conmovedora canci\u00f3n &#8220;Mag\u00e9 lavi-a r\u00e8d, Vaval ka kit\u00e9 nou&#8221; (&#8220;A pesar de la dureza de la vida, Vaval nos deja&#8221;). La cremaci\u00f3n de Vaval pone fin a los festejos, simbolizando el final del Carnaval y el comienzo de la Cuaresma.   <\/span>\n          <\/p>\n\t\t\t\t\t\t\t\t<\/div>\n\t\t\t\t<\/div>\n\t\t\t\t<section class=\"elementor-section elementor-inner-section elementor-element elementor-element-59c5fff elementor-section-boxed elementor-section-height-default elementor-section-height-default\" data-id=\"59c5fff\" data-element_type=\"section\">\n\t\t\t\t\t\t<div class=\"elementor-container elementor-column-gap-default\">\n\t\t\t\t\t<div class=\"elementor-column elementor-col-33 elementor-inner-column elementor-element elementor-element-85e9118\" data-id=\"85e9118\" data-element_type=\"column\">\n\t\t\t<div class=\"elementor-widget-wrap elementor-element-populated\">\n\t\t\t\t\t\t<div class=\"elementor-element elementor-element-43cf4b5 elementor-widget elementor-widget-video\" data-id=\"43cf4b5\" data-element_type=\"widget\" data-settings=\"{&quot;youtube_url&quot;:&quot;https:\\\/\\\/www.youtube.com\\\/watch?v=iEXJpUfKRVc&amp;ab_channel=LynlyninMartinique&quot;,&quot;video_type&quot;:&quot;youtube&quot;,&quot;controls&quot;:&quot;yes&quot;}\" data-widget_type=\"video.default\">\n\t\t\t\t<div class=\"elementor-widget-container\">\n\t\t\t\t\t\t\t<div class=\"elementor-wrapper elementor-open-inline\">\n\t\t\t<div class=\"elementor-video\"><\/div>\t\t<\/div>\n\t\t\t\t\t\t<\/div>\n\t\t\t\t<\/div>\n\t\t\t\t\t<\/div>\n\t\t<\/div>\n\t\t\t\t<div class=\"elementor-column elementor-col-33 elementor-inner-column elementor-element elementor-element-bfad7a2\" data-id=\"bfad7a2\" data-element_type=\"column\">\n\t\t\t<div class=\"elementor-widget-wrap elementor-element-populated\">\n\t\t\t\t\t\t<div class=\"elementor-element elementor-element-40ea1dd elementor-widget elementor-widget-video\" data-id=\"40ea1dd\" data-element_type=\"widget\" data-settings=\"{&quot;youtube_url&quot;:&quot;https:\\\/\\\/www.youtube.com\\\/watch?v=D5ouGHuTk70&amp;ab_channel=MartiniqueTravel&quot;,&quot;video_type&quot;:&quot;youtube&quot;,&quot;controls&quot;:&quot;yes&quot;}\" data-widget_type=\"video.default\">\n\t\t\t\t<div class=\"elementor-widget-container\">\n\t\t\t\t\t\t\t<div class=\"elementor-wrapper elementor-open-inline\">\n\t\t\t<div class=\"elementor-video\"><\/div>\t\t<\/div>\n\t\t\t\t\t\t<\/div>\n\t\t\t\t<\/div>\n\t\t\t\t\t<\/div>\n\t\t<\/div>\n\t\t\t\t<div class=\"elementor-column elementor-col-33 elementor-inner-column elementor-element elementor-element-beecde2\" data-id=\"beecde2\" data-element_type=\"column\">\n\t\t\t<div class=\"elementor-widget-wrap elementor-element-populated\">\n\t\t\t\t\t\t<div class=\"elementor-element elementor-element-b1bd0e8 elementor-widget elementor-widget-video\" data-id=\"b1bd0e8\" data-element_type=\"widget\" data-settings=\"{&quot;youtube_url&quot;:&quot;https:\\\/\\\/www.youtube.com\\\/watch?v=GIRUzYXNspw&amp;ab_channel=SuzuKube&quot;,&quot;video_type&quot;:&quot;youtube&quot;,&quot;controls&quot;:&quot;yes&quot;}\" data-widget_type=\"video.default\">\n\t\t\t\t<div class=\"elementor-widget-container\">\n\t\t\t\t\t\t\t<div class=\"elementor-wrapper elementor-open-inline\">\n\t\t\t<div class=\"elementor-video\"><\/div>\t\t<\/div>\n\t\t\t\t\t\t<\/div>\n\t\t\t\t<\/div>\n\t\t\t\t\t<\/div>\n\t\t<\/div>\n\t\t\t\t\t<\/div>\n\t\t<\/section>\n\t\t\t\t\t<\/div>\n\t\t<\/div>\n\t\t\t\t\t<\/div>\n\t\t<\/section>\n\t\t\t\t<section class=\"elementor-section elementor-top-section elementor-element elementor-element-1a0b771 elementor-section-boxed elementor-section-height-default elementor-section-height-default\" data-id=\"1a0b771\" data-element_type=\"section\">\n\t\t\t\t\t\t<div class=\"elementor-container elementor-column-gap-default\">\n\t\t\t\t\t<div class=\"elementor-column elementor-col-100 elementor-top-column elementor-element elementor-element-345f4b7\" data-id=\"345f4b7\" data-element_type=\"column\">\n\t\t\t<div class=\"elementor-widget-wrap elementor-element-populated\">\n\t\t\t\t\t\t<div class=\"elementor-element elementor-element-d6a712a elementor-widget elementor-widget-heading\" data-id=\"d6a712a\" data-element_type=\"widget\" data-widget_type=\"heading.default\">\n\t\t\t\t<div class=\"elementor-widget-container\">\n\t\t\t\t\t<h2 class=\"elementor-heading-title elementor-size-default\">Evoluci\u00f3n del Carnaval de Martinica<\/h2>\t\t\t\t<\/div>\n\t\t\t\t<\/div>\n\t\t\t\t<div class=\"elementor-element elementor-element-f9582c3 elementor-widget elementor-widget-text-editor\" data-id=\"f9582c3\" data-element_type=\"widget\" data-widget_type=\"text-editor.default\">\n\t\t\t\t<div class=\"elementor-widget-container\">\n\t\t\t\t\t\t\t\t\t<p>\n            <span style=\"font-weight: 400;\">A lo largo de los a\u00f1os, el <a href=\"https:\/\/richeskarayib.com\/es\/carnaval-en-martinica-por-marie-lyne-psyche-salpetrier\/\" target=\"_blank\" rel=\"noopener\">Carnaval de Martinica<\/a> ha evolucionado, integrando nuevas tecnolog\u00edas y medios de comunicaci\u00f3n para llevar el acontecimiento a un p\u00fablico m\u00e1s amplio. En 2025, <a href=\"https:\/\/la1ere.francetvinfo.fr\/martinique\/\" target=\"_blank\" rel=\"noopener nofollow\">Martinique la 1\u00e8re<\/a> ofrecer\u00e1 una programaci\u00f3n inmersiva en televisi\u00f3n, radio, web y redes sociales, que permitir\u00e1 a los espectadores vivir el acontecimiento en profundidad. Este desarrollo tambi\u00e9n nos ha permitido mostrar la creatividad y diversidad de los trajes, que reflejan la historia y las leyendas de la isla.  <\/span>\n          <\/p>\n\t\t\t\t\t\t\t\t<\/div>\n\t\t\t\t<\/div>\n\t\t\t\t<section class=\"elementor-section elementor-inner-section elementor-element elementor-element-2580236 elementor-section-boxed elementor-section-height-default elementor-section-height-default\" data-id=\"2580236\" data-element_type=\"section\">\n\t\t\t\t\t\t<div class=\"elementor-container elementor-column-gap-default\">\n\t\t\t\t\t<div class=\"elementor-column elementor-col-50 elementor-inner-column elementor-element elementor-element-534abeb\" data-id=\"534abeb\" data-element_type=\"column\">\n\t\t\t<div class=\"elementor-widget-wrap elementor-element-populated\">\n\t\t\t\t\t\t<div class=\"elementor-element elementor-element-077cb7c elementor-widget elementor-widget-image\" data-id=\"077cb7c\" data-element_type=\"widget\" data-widget_type=\"image.default\">\n\t\t\t\t<div class=\"elementor-widget-container\">\n\t\t\t\t\t\t\t\t\t\t\t\t<figure class=\"wp-caption\">\n\t\t\t\t\t\t\t\t\t\t<img fetchpriority=\"high\" decoding=\"async\" width=\"800\" height=\"534\" src=\"https:\/\/richeskarayib.com\/wp-content\/uploads\/2025\/03\/diable-rouge-mardi-gras-67c62967c99b4961123903-1024x683.jpg\" class=\"attachment-large size-large wp-image-45840\" alt=\"Carnaval de Martinique\" srcset=\"https:\/\/richeskarayib.com\/wp-content\/uploads\/2025\/03\/diable-rouge-mardi-gras-67c62967c99b4961123903-1024x683.jpg 1024w, https:\/\/richeskarayib.com\/wp-content\/uploads\/2025\/03\/diable-rouge-mardi-gras-67c62967c99b4961123903-300x200.jpg 300w, https:\/\/richeskarayib.com\/wp-content\/uploads\/2025\/03\/diable-rouge-mardi-gras-67c62967c99b4961123903-768x512.jpg 768w, https:\/\/richeskarayib.com\/wp-content\/uploads\/2025\/03\/diable-rouge-mardi-gras-67c62967c99b4961123903-1536x1024.jpg 1536w, https:\/\/richeskarayib.com\/wp-content\/uploads\/2025\/03\/diable-rouge-mardi-gras-67c62967c99b4961123903-1320x880.jpg 1320w, https:\/\/richeskarayib.com\/wp-content\/uploads\/2025\/03\/diable-rouge-mardi-gras-67c62967c99b4961123903.jpg 1920w\" sizes=\"(max-width: 800px) 100vw, 800px\" \/>\t\t\t\t\t\t\t\t\t\t\t<figcaption class=\"widget-image-caption wp-caption-text\">Diable rouge mardi gras.\n\n<\/figcaption>\n\t\t\t\t\t\t\t\t\t\t<\/figure>\n\t\t\t\t\t\t\t\t\t<\/div>\n\t\t\t\t<\/div>\n\t\t\t\t\t<\/div>\n\t\t<\/div>\n\t\t\t\t<div class=\"elementor-column elementor-col-50 elementor-inner-column elementor-element elementor-element-8f79795\" data-id=\"8f79795\" data-element_type=\"column\">\n\t\t\t<div class=\"elementor-widget-wrap elementor-element-populated\">\n\t\t\t\t\t\t<div class=\"elementor-element elementor-element-b7d0dd4 elementor-widget elementor-widget-image\" data-id=\"b7d0dd4\" data-element_type=\"widget\" data-widget_type=\"image.default\">\n\t\t\t\t<div class=\"elementor-widget-container\">\n\t\t\t\t\t\t\t\t\t\t\t\t<figure class=\"wp-caption\">\n\t\t\t\t\t\t\t\t\t\t<img decoding=\"async\" width=\"800\" height=\"534\" src=\"https:\/\/richeskarayib.com\/wp-content\/uploads\/2025\/03\/diable-rouge-65cbae30baaa2776822138-1024x683.jpg\" class=\"attachment-large size-large wp-image-45844\" alt=\"Carnaval de Martinique\" srcset=\"https:\/\/richeskarayib.com\/wp-content\/uploads\/2025\/03\/diable-rouge-65cbae30baaa2776822138-1024x683.jpg 1024w, https:\/\/richeskarayib.com\/wp-content\/uploads\/2025\/03\/diable-rouge-65cbae30baaa2776822138-300x200.jpg 300w, https:\/\/richeskarayib.com\/wp-content\/uploads\/2025\/03\/diable-rouge-65cbae30baaa2776822138-768x512.jpg 768w, https:\/\/richeskarayib.com\/wp-content\/uploads\/2025\/03\/diable-rouge-65cbae30baaa2776822138-1536x1024.jpg 1536w, https:\/\/richeskarayib.com\/wp-content\/uploads\/2025\/03\/diable-rouge-65cbae30baaa2776822138-1320x880.jpg 1320w, https:\/\/richeskarayib.com\/wp-content\/uploads\/2025\/03\/diable-rouge-65cbae30baaa2776822138.jpg 1920w\" sizes=\"(max-width: 800px) 100vw, 800px\" \/>\t\t\t\t\t\t\t\t\t\t\t<figcaption class=\"widget-image-caption wp-caption-text\">Diable rouge mardi gras.\n\nSource\u00a0: Outre-mer la 1\u00e8re.<\/figcaption>\n\t\t\t\t\t\t\t\t\t\t<\/figure>\n\t\t\t\t\t\t\t\t\t<\/div>\n\t\t\t\t<\/div>\n\t\t\t\t\t<\/div>\n\t\t<\/div>\n\t\t\t\t\t<\/div>\n\t\t<\/section>\n\t\t\t\t\t<\/div>\n\t\t<\/div>\n\t\t\t\t\t<\/div>\n\t\t<\/section>\n\t\t\t\t<section class=\"elementor-section elementor-top-section elementor-element elementor-element-0837fcd elementor-section-boxed elementor-section-height-default elementor-section-height-default\" data-id=\"0837fcd\" data-element_type=\"section\">\n\t\t\t\t\t\t<div class=\"elementor-container elementor-column-gap-default\">\n\t\t\t\t\t<div class=\"elementor-column elementor-col-100 elementor-top-column elementor-element elementor-element-0ac3728\" data-id=\"0ac3728\" data-element_type=\"column\">\n\t\t\t<div class=\"elementor-widget-wrap elementor-element-populated\">\n\t\t\t\t\t\t<div class=\"elementor-element elementor-element-f36c3be elementor-widget elementor-widget-heading\" data-id=\"f36c3be\" data-element_type=\"widget\" data-widget_type=\"heading.default\">\n\t\t\t\t<div class=\"elementor-widget-container\">\n\t\t\t\t\t<h2 class=\"elementor-heading-title elementor-size-default\">Tradiciones clave del Carnaval de Martinica<\/h2>\t\t\t\t<\/div>\n\t\t\t\t<\/div>\n\t\t\t\t<div class=\"elementor-element elementor-element-ffcaf60 elementor-widget elementor-widget-text-editor\" data-id=\"ffcaf60\" data-element_type=\"widget\" data-widget_type=\"text-editor.default\">\n\t\t\t\t<div class=\"elementor-widget-container\">\n\t\t\t\t\t\t\t\t\t<p>\n            <span style=\"font-weight: 400;\">Varias tradiciones son especialmente importantes en el Carnaval de Martinica:<\/span>\n          <\/p>\n<ol>\n<li style=\"font-weight: 400;\" aria-level=\"1\">\n              <span style=\"font-weight: 400;\"><strong>Disfraces elaborados<\/strong>: Los disfraces son una caracter\u00edstica esencial del Carnaval. A menudo se crean con plumas, lentejuelas y telas brillantes, contando historias y reflejando la historia de la isla. <\/span><br \/>\n              <span style=\"font-weight: 400;\">.<\/span>\n            <\/li>\n<li style=\"font-weight: 400;\" aria-level=\"1\">\n              <span style=\"font-weight: 400;\"><strong>Los Diab<\/strong> los Rojos<strong>:<\/strong> El personaje del Diablo Rojo es \u00fanico en Martinica. Simboliza el conocimiento y la abundancia, y su traje rojo es sin\u00f3nimo de vida y energ\u00eda. <\/span>\n            <\/li>\n<li style=\"font-weight: 400;\" aria-level=\"1\">\n              <span style=\"font-weight: 400;\">Vid\u00e9s y <strong>desfiles:<\/strong> Los vid\u00e9s y los desfiles son el coraz\u00f3n del Carnaval. Re\u00fanen a la gente en un ambiente festivo, con ritmos vivos y bailes exuberantes. <\/span>\n            <\/li>\n<li style=\"font-weight: 400;\" aria-level=\"1\">\n              <span style=\"font-weight: 400;\">La cremaci\u00f3n de Vaval<strong>:<\/strong> La cremaci\u00f3n de Vaval es un ritual simb\u00f3lico que marca el final del Carnaval. Es un momento conmovedor que marca el final de las fiestas y el comienzo de la Cuaresma. <\/span>\n            <\/li>\n<\/ol>\n\t\t\t\t\t\t\t\t<\/div>\n\t\t\t\t<\/div>\n\t\t\t\t\t<\/div>\n\t\t<\/div>\n\t\t\t\t\t<\/div>\n\t\t<\/section>\n\t\t\t\t<section class=\"elementor-section elementor-top-section elementor-element elementor-element-c0846fc elementor-section-boxed elementor-section-height-default elementor-section-height-default\" data-id=\"c0846fc\" data-element_type=\"section\">\n\t\t\t\t\t\t<div class=\"elementor-container elementor-column-gap-default\">\n\t\t\t\t\t<div class=\"elementor-column elementor-col-100 elementor-top-column elementor-element elementor-element-16450d1\" data-id=\"16450d1\" data-element_type=\"column\">\n\t\t\t<div class=\"elementor-widget-wrap elementor-element-populated\">\n\t\t\t\t\t\t<div class=\"elementor-element elementor-element-6687529 elementor-widget elementor-widget-text-editor\" data-id=\"6687529\" data-element_type=\"widget\" data-widget_type=\"text-editor.default\">\n\t\t\t\t<div class=\"elementor-widget-container\">\n\t\t\t\t\t\t\t\t\t<p>\n            <span style=\"font-weight: 400;\">El Carnaval de Martinica, y el Mardi Gras en particular, es un acontecimiento \u00fanico que combina m\u00fasica, danza y expresi\u00f3n cultural. En 2025, con una asistencia prevista de m\u00e1s de 243.000 personas a lo largo de los &#8220;jours gras&#8221;, el Carnaval promete volver a ser el punto culminante de las festividades. Tanto si eres un experto en el Caribe como si simplemente tienes curiosidad por descubrir esta rica cultura, el Carnaval de Martinica es una experiencia inolvidable que te espera.  <\/span>\n          <\/p>\n\t\t\t\t\t\t\t\t<\/div>\n\t\t\t\t<\/div>\n\t\t\t\t<section class=\"elementor-section elementor-inner-section elementor-element elementor-element-795a5a6 elementor-section-boxed elementor-section-height-default elementor-section-height-default\" data-id=\"795a5a6\" data-element_type=\"section\">\n\t\t\t\t\t\t<div class=\"elementor-container elementor-column-gap-default\">\n\t\t\t\t\t<div class=\"elementor-column elementor-col-100 elementor-inner-column elementor-element elementor-element-de8beb7\" data-id=\"de8beb7\" data-element_type=\"column\">\n\t\t\t<div class=\"elementor-widget-wrap elementor-element-populated\">\n\t\t\t\t\t\t<div class=\"elementor-element elementor-element-94f0252 elementor-widget elementor-widget-video\" data-id=\"94f0252\" data-element_type=\"widget\" data-settings=\"{&quot;youtube_url&quot;:&quot;https:\\\/\\\/www.youtube.com\\\/watch?v=CcaidKo1vZs&amp;ab_channel=LynlyninMartinique&quot;,&quot;video_type&quot;:&quot;youtube&quot;,&quot;controls&quot;:&quot;yes&quot;}\" data-widget_type=\"video.default\">\n\t\t\t\t<div class=\"elementor-widget-container\">\n\t\t\t\t\t\t\t<div class=\"elementor-wrapper elementor-open-inline\">\n\t\t\t<div class=\"elementor-video\"><\/div>\t\t<\/div>\n\t\t\t\t\t\t<\/div>\n\t\t\t\t<\/div>\n\t\t\t\t\t<\/div>\n\t\t<\/div>\n\t\t\t\t\t<\/div>\n\t\t<\/section>\n\t\t\t\t\t<\/div>\n\t\t<\/div>\n\t\t\t\t\t<\/div>\n\t\t<\/section>\n\t\t\t\t<\/div>\n\t\t","protected":false},"excerpt":{"rendered":"<p>El Carnaval de Martinica, acontecimiento cultural emblem\u00e1tico del Caribe, atrae cada a\u00f1o a miles de personas para celebrar la m\u00fasica, la danza y la creatividad. En la edici\u00f3n de 2025, el Mardi Gras parece que ser\u00e1 el d\u00eda m\u00e1s popular, ya que se espera que unas 80.000 personas tomen las calles de Fort-de-France. Pero, \u00bfqu\u00e9 [&hellip;]<\/p>\n","protected":false},"author":662,"featured_media":45836,"comment_status":"open","ping_status":"open","sticky":false,"template":"","format":"standard","meta":{"_acf_changed":false,"footnotes":""},"categories":[839],"tags":[816],"class_list":["post-45848","post","type-post","status-publish","format-standard","has-post-thumbnail","hentry","category-noticias","tag-martinique-es"],"acf":[],"_links":{"self":[{"href":"https:\/\/richeskarayib.com\/es\/wp-json\/wp\/v2\/posts\/45848","targetHints":{"allow":["GET"]}}],"collection":[{"href":"https:\/\/richeskarayib.com\/es\/wp-json\/wp\/v2\/posts"}],"about":[{"href":"https:\/\/richeskarayib.com\/es\/wp-json\/wp\/v2\/types\/post"}],"author":[{"embeddable":true,"href":"https:\/\/richeskarayib.com\/es\/wp-json\/wp\/v2\/users\/662"}],"replies":[{"embeddable":true,"href":"https:\/\/richeskarayib.com\/es\/wp-json\/wp\/v2\/comments?post=45848"}],"version-history":[{"count":0,"href":"https:\/\/richeskarayib.com\/es\/wp-json\/wp\/v2\/posts\/45848\/revisions"}],"wp:featuredmedia":[{"embeddable":true,"href":"https:\/\/richeskarayib.com\/es\/wp-json\/wp\/v2\/media\/45836"}],"wp:attachment":[{"href":"https:\/\/richeskarayib.com\/es\/wp-json\/wp\/v2\/media?parent=45848"}],"wp:term":[{"taxonomy":"category","embeddable":true,"href":"https:\/\/richeskarayib.com\/es\/wp-json\/wp\/v2\/categories?post=45848"},{"taxonomy":"post_tag","embeddable":true,"href":"https:\/\/richeskarayib.com\/es\/wp-json\/wp\/v2\/tags?post=45848"}],"curies":[{"name":"wp","href":"https:\/\/api.w.org\/{rel}","templated":true}]}}