{"id":45909,"date":"2025-03-06T09:43:37","date_gmt":"2025-03-06T13:43:37","guid":{"rendered":"https:\/\/richeskarayib.com\/santa-lucia-la-ressource-wellness-center-un-nuevo-impulso-para-la-salud-en-santa-lucia\/"},"modified":"2025-03-06T09:50:53","modified_gmt":"2025-03-06T13:50:53","slug":"santa-lucia-la-ressource-wellness-center-un-nuevo-impulso-para-la-salud-en-santa-lucia","status":"publish","type":"post","link":"https:\/\/richeskarayib.com\/es\/santa-lucia-la-ressource-wellness-center-un-nuevo-impulso-para-la-salud-en-santa-lucia\/","title":{"rendered":"Santa Luc\u00eda : Centro de Bienestar La Ressource: Salud, Patrimonio y Atractivo en el Coraz\u00f3n del Desarrollo Regional"},"content":{"rendered":"\t\t<div data-elementor-type=\"wp-post\" data-elementor-id=\"45909\" class=\"elementor elementor-45909 elementor-45884\" data-elementor-post-type=\"post\">\n\t\t\t\t\t\t<section class=\"elementor-section elementor-top-section elementor-element elementor-element-7d71f82 elementor-section-boxed elementor-section-height-default elementor-section-height-default\" data-id=\"7d71f82\" data-element_type=\"section\">\n\t\t\t\t\t\t<div class=\"elementor-container elementor-column-gap-default\">\n\t\t\t\t\t<div class=\"elementor-column elementor-col-100 elementor-top-column elementor-element elementor-element-c153284\" data-id=\"c153284\" data-element_type=\"column\">\n\t\t\t<div class=\"elementor-widget-wrap elementor-element-populated\">\n\t\t\t\t\t\t<div class=\"elementor-element elementor-element-4f6c6de elementor-widget elementor-widget-text-editor\" data-id=\"4f6c6de\" data-element_type=\"widget\" data-widget_type=\"text-editor.default\">\n\t\t\t\t<div class=\"elementor-widget-container\">\n\t\t\t\t\t\t\t\t\t\n          <p><b>Por fin reabre el <a href=\"https:\/\/stlucia.loopnews.com\/content\/la-ressource-wellness-centre-officially-reopens-731445\" target=\"_blank\" rel=\"noopener nofollow\">Centro de Bienestar La Ressource<\/a> <\/b><span style=\"font-weight: 400;\">ofreciendo mucho m\u00e1s que el acceso a la asistencia sanitaria. Esta rehabilitaci\u00f3n forma parte de una din\u00e1mica esencial para el Caribe:   <\/span><b>preservar a las personas tambi\u00e9n significa preservar el futuro de nuestras regiones<\/b><span style=\"font-weight: 400;\">. <\/span><span style=\"font-weight: 400;\">Al garantizar unas infraestructuras adaptadas a las realidades locales, este espacio modernizado contribuye a <\/span><b>el atractivo de la regi\u00f3n, la resiliencia de las comunidades y la valorizaci\u00f3n del patrimonio local<\/b><span style=\"font-weight: 400;\">. Una regi\u00f3n din\u00e1mica es aquella en la que sus habitantes pueden vivir, prosperar y construir su futuro. <\/span><\/p>\n          \n\n          <p><span style=\"font-weight: 400;\">Con esta reapertura <\/span><b>Santa Luc\u00eda est\u00e1 demostrando que la salud es una poderosa palanca para el desarrollo sostenible<\/b><span style=\"font-weight: 400;\">una fuerza motriz para <\/span><b>la cohesi\u00f3n social y la valorizaci\u00f3n de los recursos locales<\/b><span style=\"font-weight: 400;\">.<\/span><\/p>\n        \t\t\t\t\t\t\t\t<\/div>\n\t\t\t\t<\/div>\n\t\t\t\t\t<\/div>\n\t\t<\/div>\n\t\t\t\t\t<\/div>\n\t\t<\/section>\n\t\t\t\t<section class=\"elementor-section elementor-top-section elementor-element elementor-element-7d4f952 elementor-section-boxed elementor-section-height-default elementor-section-height-default\" data-id=\"7d4f952\" data-element_type=\"section\">\n\t\t\t\t\t\t<div class=\"elementor-container elementor-column-gap-default\">\n\t\t\t\t\t<div class=\"elementor-column elementor-col-100 elementor-top-column elementor-element elementor-element-f3833fa\" data-id=\"f3833fa\" data-element_type=\"column\">\n\t\t\t<div class=\"elementor-widget-wrap elementor-element-populated\">\n\t\t\t\t\t\t<div class=\"elementor-element elementor-element-7072b3d elementor-widget elementor-widget-heading\" data-id=\"7072b3d\" data-element_type=\"widget\" data-widget_type=\"heading.default\">\n\t\t\t\t<div class=\"elementor-widget-container\">\n\t\t\t\t\t<h2 class=\"elementor-heading-title elementor-size-default\">Un centro en el coraz\u00f3n de la vida comunitaria<\/h2>\t\t\t\t<\/div>\n\t\t\t\t<\/div>\n\t\t\t\t<div class=\"elementor-element elementor-element-6cd393f elementor-widget elementor-widget-text-editor\" data-id=\"6cd393f\" data-element_type=\"widget\" data-widget_type=\"text-editor.default\">\n\t\t\t\t<div class=\"elementor-widget-container\">\n\t\t\t\t\t\t\t\t\t<p><span style=\"font-weight: 400;\">El incendio del<\/span><b> <a href=\"https:\/\/stluciatimes.com\/169169\/2025\/02\/10-years-later-la-ressource-wellness-centre-in-dennery-to-reopen-march-3\/\" target=\"_blank\" rel=\"noopener nofollow\">Centro de Bienestar Ressource<\/a><\/b><span style=\"font-weight: 400;\">  en 2015 dej\u00f3 un vac\u00edo importante para la poblaci\u00f3n del valle de Mabouya. Privados de atenci\u00f3n m\u00e9dica local, ten\u00edan que desplazarse a otros establecimientos, a menudo lejanos, para sus consultas. Durante casi una d\u00e9cada, esta ausencia ha reforzado las desigualdades en el acceso a la asistencia sanitaria, que afectan especialmente a las personas vulnerables y ancianas.  <\/span><\/p>\n\t\t\t\t\t\t\t\t<\/div>\n\t\t\t\t<\/div>\n\t\t\t\t<div class=\"elementor-element elementor-element-e0aadce elementor-widget elementor-widget-text-editor\" data-id=\"e0aadce\" data-element_type=\"widget\" data-widget_type=\"text-editor.default\">\n\t\t\t\t<div class=\"elementor-widget-container\">\n\t\t\t\t\t\t\t\t\t<p><span style=\"font-weight: 400;\">La reapertura de hoy marca una nueva era. Modernizada y mejor equipada,   <\/span><b>El Centro de Bienestar La Ressource ofrece ahora una gama m\u00e1s amplia de servicios<\/b><span style=\"font-weight: 400;\"> desde atenci\u00f3n m\u00e9dica general y tratamiento de enfermedades cr\u00f3nicas hasta especialidades como salud dental, salud mental, podolog\u00eda y salud masculina. <\/span><b>salud dental, salud mental, podolog\u00eda y salud masculina<\/b><span style=\"font-weight: 400;\">. M\u00e1s que un simple dispensario, este centro se est\u00e1 convirtiendo en un   <\/span><b>pilar de la cohesi\u00f3n social<\/b><span style=\"font-weight: 400;\">permitir que los residentes locales tengan acceso a la asistencia sanitaria independientemente de la distancia o los recursos.<\/span><\/p>\n\t\t\t\t\t\t\t\t<\/div>\n\t\t\t\t<\/div>\n\t\t\t\t<section class=\"elementor-section elementor-inner-section elementor-element elementor-element-711c8d5 elementor-section-boxed elementor-section-height-default elementor-section-height-default\" data-id=\"711c8d5\" data-element_type=\"section\">\n\t\t\t\t\t\t<div class=\"elementor-container elementor-column-gap-default\">\n\t\t\t\t\t<div class=\"elementor-column elementor-col-33 elementor-inner-column elementor-element elementor-element-3d3228e\" data-id=\"3d3228e\" data-element_type=\"column\">\n\t\t\t<div class=\"elementor-widget-wrap elementor-element-populated\">\n\t\t\t\t\t\t<div class=\"elementor-element elementor-element-9717de1 elementor-widget elementor-widget-image\" data-id=\"9717de1\" data-element_type=\"widget\" data-widget_type=\"image.default\">\n\t\t\t\t<div class=\"elementor-widget-container\">\n\t\t\t\t\t\t\t\t\t\t\t\t\t\t\t<img fetchpriority=\"high\" decoding=\"async\" width=\"800\" height=\"450\" src=\"https:\/\/richeskarayib.com\/wp-content\/uploads\/2025\/03\/5-Official-Reopening-of-the-La-Ressource-Dennery-Wellness-Centre-1024x576.png\" class=\"attachment-large size-large wp-image-45904\" alt=\"Ressource Wellness Center\" srcset=\"https:\/\/richeskarayib.com\/wp-content\/uploads\/2025\/03\/5-Official-Reopening-of-the-La-Ressource-Dennery-Wellness-Centre-1024x576.png 1024w, https:\/\/richeskarayib.com\/wp-content\/uploads\/2025\/03\/5-Official-Reopening-of-the-La-Ressource-Dennery-Wellness-Centre-300x169.png 300w, https:\/\/richeskarayib.com\/wp-content\/uploads\/2025\/03\/5-Official-Reopening-of-the-La-Ressource-Dennery-Wellness-Centre-768x432.png 768w, https:\/\/richeskarayib.com\/wp-content\/uploads\/2025\/03\/5-Official-Reopening-of-the-La-Ressource-Dennery-Wellness-Centre-1536x864.png 1536w, https:\/\/richeskarayib.com\/wp-content\/uploads\/2025\/03\/5-Official-Reopening-of-the-La-Ressource-Dennery-Wellness-Centre-1320x743.png 1320w, https:\/\/richeskarayib.com\/wp-content\/uploads\/2025\/03\/5-Official-Reopening-of-the-La-Ressource-Dennery-Wellness-Centre.png 1920w\" sizes=\"(max-width: 800px) 100vw, 800px\" \/>\t\t\t\t\t\t\t\t\t\t\t\t\t\t\t<\/div>\n\t\t\t\t<\/div>\n\t\t\t\t\t<\/div>\n\t\t<\/div>\n\t\t\t\t<div class=\"elementor-column elementor-col-33 elementor-inner-column elementor-element elementor-element-f784e68\" data-id=\"f784e68\" data-element_type=\"column\">\n\t\t\t<div class=\"elementor-widget-wrap elementor-element-populated\">\n\t\t\t\t\t\t<div class=\"elementor-element elementor-element-28f0269 elementor-widget elementor-widget-image\" data-id=\"28f0269\" data-element_type=\"widget\" data-widget_type=\"image.default\">\n\t\t\t\t<div class=\"elementor-widget-container\">\n\t\t\t\t\t\t\t\t\t\t\t\t\t\t\t<img decoding=\"async\" width=\"800\" height=\"600\" src=\"https:\/\/richeskarayib.com\/wp-content\/uploads\/2025\/03\/2.-Official-Reopening-of-the-La-Ressource-Dennery-Wellness-Centre-1024x768.jpg\" class=\"attachment-large size-large wp-image-45900\" alt=\"Ressource Wellness Center\" srcset=\"https:\/\/richeskarayib.com\/wp-content\/uploads\/2025\/03\/2.-Official-Reopening-of-the-La-Ressource-Dennery-Wellness-Centre-1024x768.jpg 1024w, https:\/\/richeskarayib.com\/wp-content\/uploads\/2025\/03\/2.-Official-Reopening-of-the-La-Ressource-Dennery-Wellness-Centre-300x225.jpg 300w, https:\/\/richeskarayib.com\/wp-content\/uploads\/2025\/03\/2.-Official-Reopening-of-the-La-Ressource-Dennery-Wellness-Centre-768x576.jpg 768w, https:\/\/richeskarayib.com\/wp-content\/uploads\/2025\/03\/2.-Official-Reopening-of-the-La-Ressource-Dennery-Wellness-Centre-1536x1152.jpg 1536w, https:\/\/richeskarayib.com\/wp-content\/uploads\/2025\/03\/2.-Official-Reopening-of-the-La-Ressource-Dennery-Wellness-Centre-1320x990.jpg 1320w, https:\/\/richeskarayib.com\/wp-content\/uploads\/2025\/03\/2.-Official-Reopening-of-the-La-Ressource-Dennery-Wellness-Centre.jpg 1920w\" sizes=\"(max-width: 800px) 100vw, 800px\" \/>\t\t\t\t\t\t\t\t\t\t\t\t\t\t\t<\/div>\n\t\t\t\t<\/div>\n\t\t\t\t\t<\/div>\n\t\t<\/div>\n\t\t\t\t<div class=\"elementor-column elementor-col-33 elementor-inner-column elementor-element elementor-element-00e9fad\" data-id=\"00e9fad\" data-element_type=\"column\">\n\t\t\t<div class=\"elementor-widget-wrap elementor-element-populated\">\n\t\t\t\t\t\t<div class=\"elementor-element elementor-element-c286a83 elementor-widget elementor-widget-image\" data-id=\"c286a83\" data-element_type=\"widget\" data-widget_type=\"image.default\">\n\t\t\t\t<div class=\"elementor-widget-container\">\n\t\t\t\t\t\t\t\t\t\t\t\t\t\t\t<img decoding=\"async\" width=\"800\" height=\"600\" src=\"https:\/\/richeskarayib.com\/wp-content\/uploads\/2025\/03\/3-Official-Reopening-of-the-La-Ressource-Dennery-Wellness-Centre-1024x768.jpg\" class=\"attachment-large size-large wp-image-45896\" alt=\"Ressource Wellness Center\" srcset=\"https:\/\/richeskarayib.com\/wp-content\/uploads\/2025\/03\/3-Official-Reopening-of-the-La-Ressource-Dennery-Wellness-Centre-1024x768.jpg 1024w, https:\/\/richeskarayib.com\/wp-content\/uploads\/2025\/03\/3-Official-Reopening-of-the-La-Ressource-Dennery-Wellness-Centre-300x225.jpg 300w, https:\/\/richeskarayib.com\/wp-content\/uploads\/2025\/03\/3-Official-Reopening-of-the-La-Ressource-Dennery-Wellness-Centre-768x576.jpg 768w, https:\/\/richeskarayib.com\/wp-content\/uploads\/2025\/03\/3-Official-Reopening-of-the-La-Ressource-Dennery-Wellness-Centre-1536x1152.jpg 1536w, https:\/\/richeskarayib.com\/wp-content\/uploads\/2025\/03\/3-Official-Reopening-of-the-La-Ressource-Dennery-Wellness-Centre-1320x990.jpg 1320w, https:\/\/richeskarayib.com\/wp-content\/uploads\/2025\/03\/3-Official-Reopening-of-the-La-Ressource-Dennery-Wellness-Centre.jpg 1920w\" sizes=\"(max-width: 800px) 100vw, 800px\" \/>\t\t\t\t\t\t\t\t\t\t\t\t\t\t\t<\/div>\n\t\t\t\t<\/div>\n\t\t\t\t\t<\/div>\n\t\t<\/div>\n\t\t\t\t\t<\/div>\n\t\t<\/section>\n\t\t\t\t\t<\/div>\n\t\t<\/div>\n\t\t\t\t\t<\/div>\n\t\t<\/section>\n\t\t\t\t<section class=\"elementor-section elementor-top-section elementor-element elementor-element-7c727fe elementor-section-boxed elementor-section-height-default elementor-section-height-default\" data-id=\"7c727fe\" data-element_type=\"section\">\n\t\t\t\t\t\t<div class=\"elementor-container elementor-column-gap-default\">\n\t\t\t\t\t<div class=\"elementor-column elementor-col-100 elementor-top-column elementor-element elementor-element-2675508\" data-id=\"2675508\" data-element_type=\"column\">\n\t\t\t<div class=\"elementor-widget-wrap elementor-element-populated\">\n\t\t\t\t\t\t<div class=\"elementor-element elementor-element-86f7f71 elementor-widget elementor-widget-heading\" data-id=\"86f7f71\" data-element_type=\"widget\" data-widget_type=\"heading.default\">\n\t\t\t\t<div class=\"elementor-widget-container\">\n\t\t\t\t\t<h2 class=\"elementor-heading-title elementor-size-default\">Salud y desarrollo sostenible: infraestructuras para la resiliencia<\/h2>\t\t\t\t<\/div>\n\t\t\t\t<\/div>\n\t\t\t\t<div class=\"elementor-element elementor-element-3f26691 elementor-widget elementor-widget-text-editor\" data-id=\"3f26691\" data-element_type=\"widget\" data-widget_type=\"text-editor.default\">\n\t\t\t\t<div class=\"elementor-widget-container\">\n\t\t\t\t\t\t\t\t\t<p><span style=\"font-weight: 400;\">En un Caribe que se enfrenta a los retos del cambio clim\u00e1tico, el \u00e9xodo rural y la desigualdad en el acceso a los servicios, la rehabilitaci\u00f3n de infraestructuras como <\/span><b>Centro de Bienestar La Ressource<\/b><span style=\"font-weight: 400;\"> forma parte de una <\/span><b>visi\u00f3n sostenible del desarrollo regional<\/b><span style=\"font-weight: 400;\">. <\/span><span style=\"font-weight: 400;\">El acceso a la asistencia sanitaria es un <\/span><b>elemento clave del desarrollo sostenible<\/b><span style=\"font-weight: 400;\">del mismo modo que la conservaci\u00f3n de nuestro patrimonio cultural y natural. <\/span> <\/p>\n\t\t\t\t\t\t\t\t<\/div>\n\t\t\t\t<\/div>\n\t\t\t\t<div class=\"elementor-element elementor-element-1931a91 elementor-widget elementor-widget-text-editor\" data-id=\"1931a91\" data-element_type=\"widget\" data-widget_type=\"text-editor.default\">\n\t\t\t\t<div class=\"elementor-widget-container\">\n\t\t\t\t\t\t\t\t\t\n          <p><span style=\"font-weight: 400;\">Al reforzar el sistema sanitario local, Santa Luc\u00eda garantiza <\/span><b>una mejor calidad de vida<\/b><span style=\"font-weight: 400;\">Una comunidad sana es m\u00e1s capaz de preservar su entorno vital, transmitir sus conocimientos e impulsar su econom\u00eda local. Una comunidad sana es m\u00e1s capaz de preservar su entorno vital, transmitir sus conocimientos e impulsar su econom\u00eda local. <\/span><\/p>\n          \n\n          <p><span style=\"font-weight: 400;\">Esta iniciativa tambi\u00e9n ilustra <\/span><b>la importancia de invertir en infraestructuras adaptadas a las realidades insulares<\/b><span style=\"font-weight: 400;\">. Lejos de ser un simple centro m\u00e9dico,   <\/span><b>El Centro de Bienestar La Ressource<\/b><span style=\"font-weight: 400;\"> forma parte de una visi\u00f3n global en la que confluyen salud, bienestar y atractivo regional.<\/span><\/p>\n        \t\t\t\t\t\t\t\t<\/div>\n\t\t\t\t<\/div>\n\t\t\t\t<section class=\"elementor-section elementor-inner-section elementor-element elementor-element-f3dfab3 elementor-section-boxed elementor-section-height-default elementor-section-height-default\" data-id=\"f3dfab3\" data-element_type=\"section\">\n\t\t\t\t\t\t<div class=\"elementor-container elementor-column-gap-default\">\n\t\t\t\t\t<div class=\"elementor-column elementor-col-100 elementor-inner-column elementor-element elementor-element-5808d53\" data-id=\"5808d53\" data-element_type=\"column\">\n\t\t\t<div class=\"elementor-widget-wrap elementor-element-populated\">\n\t\t\t\t\t\t<div class=\"elementor-element elementor-element-473886e elementor-widget elementor-widget-image\" data-id=\"473886e\" data-element_type=\"widget\" data-widget_type=\"image.default\">\n\t\t\t\t<div class=\"elementor-widget-container\">\n\t\t\t\t\t\t\t\t\t\t\t\t<figure class=\"wp-caption\">\n\t\t\t\t\t\t\t\t\t\t<img loading=\"lazy\" decoding=\"async\" width=\"800\" height=\"600\" src=\"https:\/\/richeskarayib.com\/wp-content\/uploads\/2025\/03\/4-Official-Reopening-of-the-La-Ressource-Dennery-Wellness-Centre-1-1024x768.jpg\" class=\"attachment-large size-large wp-image-45908\" alt=\"Ressource Wellness Center\" srcset=\"https:\/\/richeskarayib.com\/wp-content\/uploads\/2025\/03\/4-Official-Reopening-of-the-La-Ressource-Dennery-Wellness-Centre-1-1024x768.jpg 1024w, https:\/\/richeskarayib.com\/wp-content\/uploads\/2025\/03\/4-Official-Reopening-of-the-La-Ressource-Dennery-Wellness-Centre-1-300x225.jpg 300w, https:\/\/richeskarayib.com\/wp-content\/uploads\/2025\/03\/4-Official-Reopening-of-the-La-Ressource-Dennery-Wellness-Centre-1-768x576.jpg 768w, https:\/\/richeskarayib.com\/wp-content\/uploads\/2025\/03\/4-Official-Reopening-of-the-La-Ressource-Dennery-Wellness-Centre-1-1536x1152.jpg 1536w, https:\/\/richeskarayib.com\/wp-content\/uploads\/2025\/03\/4-Official-Reopening-of-the-La-Ressource-Dennery-Wellness-Centre-1-1320x990.jpg 1320w, https:\/\/richeskarayib.com\/wp-content\/uploads\/2025\/03\/4-Official-Reopening-of-the-La-Ressource-Dennery-Wellness-Centre-1.jpg 1920w\" sizes=\"(max-width: 800px) 100vw, 800px\" \/>\t\t\t\t\t\t\t\t\t\t\t<figcaption class=\"widget-image-caption wp-caption-text\">R\u00e9ouverture officielle du centre de bien-\u00eatre La Ressource Dennery<\/figcaption>\n\t\t\t\t\t\t\t\t\t\t<\/figure>\n\t\t\t\t\t\t\t\t\t<\/div>\n\t\t\t\t<\/div>\n\t\t\t\t\t<\/div>\n\t\t<\/div>\n\t\t\t\t\t<\/div>\n\t\t<\/section>\n\t\t\t\t\t<\/div>\n\t\t<\/div>\n\t\t\t\t\t<\/div>\n\t\t<\/section>\n\t\t\t\t<section class=\"elementor-section elementor-top-section elementor-element elementor-element-1a0b771 elementor-section-boxed elementor-section-height-default elementor-section-height-default\" data-id=\"1a0b771\" data-element_type=\"section\">\n\t\t\t\t\t\t<div class=\"elementor-container elementor-column-gap-default\">\n\t\t\t\t\t<div class=\"elementor-column elementor-col-100 elementor-top-column elementor-element elementor-element-345f4b7\" data-id=\"345f4b7\" data-element_type=\"column\">\n\t\t\t<div class=\"elementor-widget-wrap elementor-element-populated\">\n\t\t\t\t\t\t<div class=\"elementor-element elementor-element-d6a712a elementor-widget elementor-widget-heading\" data-id=\"d6a712a\" data-element_type=\"widget\" data-widget_type=\"heading.default\">\n\t\t\t\t<div class=\"elementor-widget-container\">\n\t\t\t\t\t<h2 class=\"elementor-heading-title elementor-size-default\">La renovaci\u00f3n aumenta el atractivo de Sainte-Lucie<\/h2>\t\t\t\t<\/div>\n\t\t\t\t<\/div>\n\t\t\t\t<div class=\"elementor-element elementor-element-f9582c3 elementor-widget elementor-widget-text-editor\" data-id=\"f9582c3\" data-element_type=\"widget\" data-widget_type=\"text-editor.default\">\n\t\t\t\t<div class=\"elementor-widget-container\">\n\t\t\t\t\t\t\t\t\t<p><span style=\"font-weight: 400;\">Una zona que invierte en salud tambi\u00e9n invierte en <\/span><b>su imagen y desarrollo tur\u00edstico<\/b><span style=\"font-weight: 400;\">. Santa Luc\u00eda, como muchas de las islas de la regi\u00f3n, apuesta por una econom\u00eda que aproveche al m\u00e1ximo su patrimonio, su cultura y su medio ambiente. Ofrecer servicios sanitarios modernos y accesibles contribuye a hacer m\u00e1s atractiva la regi\u00f3n, tanto para sus residentes como para los visitantes que buscan experiencias diversas.    <\/span><b>aut\u00e9ntico y responsable<\/b><span style=\"font-weight: 400;\">.<\/span><\/p>\n\t\t\t\t\t\t\t\t<\/div>\n\t\t\t\t<\/div>\n\t\t\t\t<div class=\"elementor-element elementor-element-055b278 elementor-widget elementor-widget-text-editor\" data-id=\"055b278\" data-element_type=\"widget\" data-widget_type=\"text-editor.default\">\n\t\t\t\t<div class=\"elementor-widget-container\">\n\t\t\t\t\t\t\t\t\t<p><span style=\"font-weight: 400;\">El desarrollo del <\/span><b><a href=\"https:\/\/richeskarayib.com\/es\/turismo-sostenible-en-el-caribe-retos-y-oportunidades\/\" target=\"_blank\" rel=\"noopener\">turismo<\/a> y bienestar<\/b><span style=\"font-weight: 400;\"> en el Caribe tambi\u00e9n depende de infraestructuras capaces de apoyar esta din\u00e1mica. <\/span><b>El Centro de Bienestar Ressource<\/b><span style=\"font-weight: 400;\">al garantizar servicios sanitarios de calidad, contribuye indirectamente a esta transformaci\u00f3n, haciendo que el destino sea m\u00e1s seguro y agradable para vivir.<\/span><\/p>\n\t\t\t\t\t\t\t\t<\/div>\n\t\t\t\t<\/div>\n\t\t\t\t\t<\/div>\n\t\t<\/div>\n\t\t\t\t\t<\/div>\n\t\t<\/section>\n\t\t\t\t<section class=\"elementor-section elementor-top-section elementor-element elementor-element-0837fcd elementor-section-boxed elementor-section-height-default elementor-section-height-default\" data-id=\"0837fcd\" data-element_type=\"section\">\n\t\t\t\t\t\t<div class=\"elementor-container elementor-column-gap-default\">\n\t\t\t\t\t<div class=\"elementor-column elementor-col-100 elementor-top-column elementor-element elementor-element-0ac3728\" data-id=\"0ac3728\" data-element_type=\"column\">\n\t\t\t<div class=\"elementor-widget-wrap elementor-element-populated\">\n\t\t\t\t\t\t<div class=\"elementor-element elementor-element-f36c3be elementor-widget elementor-widget-heading\" data-id=\"f36c3be\" data-element_type=\"widget\" data-widget_type=\"heading.default\">\n\t\t\t\t<div class=\"elementor-widget-container\">\n\t\t\t\t\t<h2 class=\"elementor-heading-title elementor-size-default\">Una se\u00f1al fuerte para el futuro del Caribe<\/h2>\t\t\t\t<\/div>\n\t\t\t\t<\/div>\n\t\t\t\t<div class=\"elementor-element elementor-element-ffcaf60 elementor-widget elementor-widget-text-editor\" data-id=\"ffcaf60\" data-element_type=\"widget\" data-widget_type=\"text-editor.default\">\n\t\t\t\t<div class=\"elementor-widget-container\">\n\t\t\t\t\t\t\t\t\t\n          <p><span style=\"font-weight: 400;\">Con <\/span><b>Centro de Bienestar La Ressource<\/b><span style=\"font-weight: 400;\">Santa Luc\u00eda env\u00eda un mensaje claro: el bienestar de las personas debe estar en el centro del desarrollo regional. <\/span><b>en el centro del desarrollo regional<\/b><span style=\"font-weight: 400;\">. Esta reapertura subraya la importancia de modernizar y conservar las infraestructuras esenciales para garantizar un futuro m\u00e1s equilibrado y pr\u00f3spero. <\/span><\/p>\n          \n\n          <p><span style=\"font-weight: 400;\">En un Caribe en el que todas las islas intentan reforzar su independencia y resistencia, este ejemplo demuestra que la inversi\u00f3n en salud es <\/span><b>una poderosa palanca para el desarrollo sostenible<\/b><span style=\"font-weight: 400;\">. Al centrarse en iniciativas integradoras adaptadas a las necesidades de su poblaci\u00f3n, la regi\u00f3n sigue afirmando su identidad y trazando su propio rumbo hacia un futuro m\u00e1s fuerte y cohesionado. <\/span><\/p>\n        \t\t\t\t\t\t\t\t<\/div>\n\t\t\t\t<\/div>\n\t\t\t\t<section class=\"elementor-section elementor-inner-section elementor-element elementor-element-e8c2101 elementor-section-boxed elementor-section-height-default elementor-section-height-default\" data-id=\"e8c2101\" data-element_type=\"section\">\n\t\t\t\t\t\t<div class=\"elementor-container elementor-column-gap-default\">\n\t\t\t\t\t<div class=\"elementor-column elementor-col-100 elementor-inner-column elementor-element elementor-element-8cd981f\" data-id=\"8cd981f\" data-element_type=\"column\">\n\t\t\t<div class=\"elementor-widget-wrap elementor-element-populated\">\n\t\t\t\t\t\t<div class=\"elementor-element elementor-element-89780e2 elementor-widget elementor-widget-video\" data-id=\"89780e2\" data-element_type=\"widget\" data-settings=\"{&quot;youtube_url&quot;:&quot;https:\\\/\\\/youtu.be\\\/eWnOQLxMXLU&quot;,&quot;video_type&quot;:&quot;youtube&quot;,&quot;controls&quot;:&quot;yes&quot;}\" data-widget_type=\"video.default\">\n\t\t\t\t<div class=\"elementor-widget-container\">\n\t\t\t\t\t\t\t<div class=\"elementor-wrapper elementor-open-inline\">\n\t\t\t<div class=\"elementor-video\"><\/div>\t\t<\/div>\n\t\t\t\t\t\t<\/div>\n\t\t\t\t<\/div>\n\t\t\t\t\t<\/div>\n\t\t<\/div>\n\t\t\t\t\t<\/div>\n\t\t<\/section>\n\t\t\t\t\t<\/div>\n\t\t<\/div>\n\t\t\t\t\t<\/div>\n\t\t<\/section>\n\t\t\t\t<section class=\"elementor-section elementor-top-section elementor-element elementor-element-fbe195e elementor-section-boxed elementor-section-height-default elementor-section-height-default\" data-id=\"fbe195e\" data-element_type=\"section\">\n\t\t\t\t\t\t<div class=\"elementor-container elementor-column-gap-default\">\n\t\t\t\t\t<div class=\"elementor-column elementor-col-100 elementor-top-column elementor-element elementor-element-8dbf86c\" data-id=\"8dbf86c\" data-element_type=\"column\">\n\t\t\t<div class=\"elementor-widget-wrap elementor-element-populated\">\n\t\t\t\t\t\t<div class=\"elementor-element elementor-element-b2fbc92 elementor-widget elementor-widget-text-editor\" data-id=\"b2fbc92\" data-element_type=\"widget\" data-widget_type=\"text-editor.default\">\n\t\t\t\t<div class=\"elementor-widget-container\">\n\t\t\t\t\t\t\t\t\t\n          <p>\n            <span style=\"font-weight: 400;\">Informaci\u00f3n pr\u00e1ctica :<\/span>\n          <\/p>\n          \n\n          <ul>\n            \n\n            <li style=\"font-weight: 400;\" aria-level=\"1\">\n              <span style=\"font-weight: 400;\"><strong>Horario:<\/strong> el centro est\u00e1 abierto de 8.00 a 16.30 horas.<\/span>\n            <\/li>\n            \n\n            <li style=\"font-weight: 400;\" aria-level=\"1\">\n              <span style=\"font-weight: 400;\"><strong>Servicios ofrecidos:<\/strong> atenci\u00f3n maternoinfantil, gesti\u00f3n de enfermedades cr\u00f3nicas, cl\u00ednicas m\u00e9dicas generales, salud dental, salud mental, salud masculina y podolog\u00eda.<\/span>\n            <\/li>\n            \n\n            <li style=\"font-weight: 400;\" aria-level=\"1\">\n              <span style=\"font-weight: 400;\"><strong>Localizaci\u00f3n:<\/strong> en la comunidad de Dennery, Santa Luc\u00eda.<\/span>\n            <\/li>\n            \n\n          <\/ul>\n        \t\t\t\t\t\t\t\t<\/div>\n\t\t\t\t<\/div>\n\t\t\t\t\t<\/div>\n\t\t<\/div>\n\t\t\t\t\t<\/div>\n\t\t<\/section>\n\t\t\t\t<\/div>\n\t\t","protected":false},"excerpt":{"rendered":"<p>Por fin reabre el Centro de Bienestar La Ressource ofreciendo mucho m\u00e1s que el acceso a la asistencia sanitaria. Esta rehabilitaci\u00f3n forma parte de una din\u00e1mica esencial para el Caribe: preservar a las personas tambi\u00e9n significa preservar el futuro de nuestras regiones. Al garantizar unas infraestructuras adaptadas a las realidades locales, este espacio modernizado contribuye [&hellip;]<\/p>\n","protected":false},"author":662,"featured_media":45892,"comment_status":"open","ping_status":"open","sticky":false,"template":"","format":"standard","meta":{"_acf_changed":false,"footnotes":""},"categories":[32],"tags":[1594],"class_list":["post-45909","post","type-post","status-publish","format-standard","has-post-thumbnail","hentry","category-sin-categorizar","tag-sainte-lucie-es"],"acf":[],"_links":{"self":[{"href":"https:\/\/richeskarayib.com\/es\/wp-json\/wp\/v2\/posts\/45909","targetHints":{"allow":["GET"]}}],"collection":[{"href":"https:\/\/richeskarayib.com\/es\/wp-json\/wp\/v2\/posts"}],"about":[{"href":"https:\/\/richeskarayib.com\/es\/wp-json\/wp\/v2\/types\/post"}],"author":[{"embeddable":true,"href":"https:\/\/richeskarayib.com\/es\/wp-json\/wp\/v2\/users\/662"}],"replies":[{"embeddable":true,"href":"https:\/\/richeskarayib.com\/es\/wp-json\/wp\/v2\/comments?post=45909"}],"version-history":[{"count":0,"href":"https:\/\/richeskarayib.com\/es\/wp-json\/wp\/v2\/posts\/45909\/revisions"}],"wp:featuredmedia":[{"embeddable":true,"href":"https:\/\/richeskarayib.com\/es\/wp-json\/wp\/v2\/media\/45892"}],"wp:attachment":[{"href":"https:\/\/richeskarayib.com\/es\/wp-json\/wp\/v2\/media?parent=45909"}],"wp:term":[{"taxonomy":"category","embeddable":true,"href":"https:\/\/richeskarayib.com\/es\/wp-json\/wp\/v2\/categories?post=45909"},{"taxonomy":"post_tag","embeddable":true,"href":"https:\/\/richeskarayib.com\/es\/wp-json\/wp\/v2\/tags?post=45909"}],"curies":[{"name":"wp","href":"https:\/\/api.w.org\/{rel}","templated":true}]}}