{"id":45933,"date":"2025-03-06T12:25:57","date_gmt":"2025-03-06T16:25:57","guid":{"rendered":"https:\/\/richeskarayib.com\/gobernanza-de-los-oceanos-en-el-gran-caribe-un-punto-de-inflexion-para-el-sector-maritimo\/"},"modified":"2025-03-06T13:59:18","modified_gmt":"2025-03-06T17:59:18","slug":"gobernanza-de-los-oceanos-en-el-gran-caribe-un-punto-de-inflexion-para-el-sector-maritimo","status":"publish","type":"post","link":"https:\/\/richeskarayib.com\/es\/gobernanza-de-los-oceanos-en-el-gran-caribe-un-punto-de-inflexion-para-el-sector-maritimo\/","title":{"rendered":"Gobernanza de los oc\u00e9anos en el Gran Caribe: un punto de inflexi\u00f3n para el sector mar\u00edtimo"},"content":{"rendered":"\t\t<div data-elementor-type=\"wp-post\" data-elementor-id=\"45933\" class=\"elementor elementor-45933 elementor-45915\" data-elementor-post-type=\"post\">\n\t\t\t\t\t\t<section class=\"elementor-section elementor-top-section elementor-element elementor-element-7d71f82 elementor-section-boxed elementor-section-height-default elementor-section-height-default\" data-id=\"7d71f82\" data-element_type=\"section\">\n\t\t\t\t\t\t<div class=\"elementor-container elementor-column-gap-default\">\n\t\t\t\t\t<div class=\"elementor-column elementor-col-100 elementor-top-column elementor-element elementor-element-c153284\" data-id=\"c153284\" data-element_type=\"column\">\n\t\t\t<div class=\"elementor-widget-wrap elementor-element-populated\">\n\t\t\t\t\t\t<div class=\"elementor-element elementor-element-4f6c6de elementor-widget elementor-widget-text-editor\" data-id=\"4f6c6de\" data-element_type=\"widget\" data-widget_type=\"text-editor.default\">\n\t\t\t\t<div class=\"elementor-widget-container\">\n\t\t\t\t\t\t\t\t\t<p>\n            <span style=\"font-weight: 400;\">La <a href=\"https:\/\/pressroom.oecs.int\/une-avancee-historique-pour-la-gouvernance-des-oceans-dans-la-grande-caraibe?utm_source=chatgpt.com\" target=\"_blank\" rel=\"noopener nofollow\">gobernanza de los oc\u00e9anos en el Gran Caribe<\/a> est\u00e1 experimentando una importante transformaci\u00f3n con la activaci\u00f3n del Mecanismo de Coordinaci\u00f3n de los Oc\u00e9anos (MCO). Esta iniciativa de PROCARIBE+ supone un avance decisivo para la gesti\u00f3n sostenible de los recursos marinos, una prioridad estrat\u00e9gica para los profesionales mar\u00edtimos y econ\u00f3micos de la regi\u00f3n. La gobernanza de los oc\u00e9anos en el Gran Caribe es una cuesti\u00f3n vital que merece toda nuestra atenci\u00f3n, especialmente en un contexto en el que los retos medioambientales son cada vez m\u00e1s acuciantes.  <\/span>\n          <\/p>\n\t\t\t\t\t\t\t\t<\/div>\n\t\t\t\t<\/div>\n\t\t\t\t\t<\/div>\n\t\t<\/div>\n\t\t\t\t\t<\/div>\n\t\t<\/section>\n\t\t\t\t<section class=\"elementor-section elementor-top-section elementor-element elementor-element-7d4f952 elementor-section-boxed elementor-section-height-default elementor-section-height-default\" data-id=\"7d4f952\" data-element_type=\"section\">\n\t\t\t\t\t\t<div class=\"elementor-container elementor-column-gap-default\">\n\t\t\t\t\t<div class=\"elementor-column elementor-col-100 elementor-top-column elementor-element elementor-element-f3833fa\" data-id=\"f3833fa\" data-element_type=\"column\">\n\t\t\t<div class=\"elementor-widget-wrap elementor-element-populated\">\n\t\t\t\t\t\t<div class=\"elementor-element elementor-element-7072b3d elementor-widget elementor-widget-heading\" data-id=\"7072b3d\" data-element_type=\"widget\" data-widget_type=\"heading.default\">\n\t\t\t\t<div class=\"elementor-widget-container\">\n\t\t\t\t\t<h2 class=\"elementor-heading-title elementor-size-default\">Una cuesti\u00f3n crucial para los actores mar\u00edtimos del Caribe<\/h2>\t\t\t\t<\/div>\n\t\t\t\t<\/div>\n\t\t\t\t<div class=\"elementor-element elementor-element-6cd393f elementor-widget elementor-widget-text-editor\" data-id=\"6cd393f\" data-element_type=\"widget\" data-widget_type=\"text-editor.default\">\n\t\t\t\t<div class=\"elementor-widget-container\">\n\t\t\t\t\t\t\t\t\t<p>\n            <span style=\"font-weight: 400;\">El sector mar\u00edtimo caribe\u00f1o se basa en <a href=\"https:\/\/richeskarayib.com\/es\/turismo-sostenible-en-el-caribe-retos-y-oportunidades\/\" target=\"_blank\" rel=\"noopener\">ecosistemas marinos ricos y variados<\/a>, que sustentan industrias esenciales como la pesca, la navegaci\u00f3n y el turismo costero. Sin embargo, estos recursos est\u00e1n cada vez m\u00e1s amenazados por la contaminaci\u00f3n, la sobreexplotaci\u00f3n y los efectos del cambio clim\u00e1tico. Estos retos hacen a\u00fan m\u00e1s urgente la necesidad de una gobernanza eficaz. La creaci\u00f3n de la OCM pretende mejorar la coordinaci\u00f3n regional para hacer frente a estos retos y garantizar la viabilidad econ\u00f3mica de las actividades mar\u00edtimas. La gobernanza de los oc\u00e9anos en el Gran Caribe se est\u00e1 convirtiendo as\u00ed en un imperativo para las partes interesadas locales, que tienen que navegar en un entorno complejo y en constante cambio.    <\/span>\n          <\/p>\n\t\t\t\t\t\t\t\t<\/div>\n\t\t\t\t<\/div>\n\t\t\t\t<section class=\"elementor-section elementor-inner-section elementor-element elementor-element-7a3b871 elementor-section-boxed elementor-section-height-default elementor-section-height-default\" data-id=\"7a3b871\" data-element_type=\"section\">\n\t\t\t\t\t\t<div class=\"elementor-container elementor-column-gap-default\">\n\t\t\t\t\t<div class=\"elementor-column elementor-col-33 elementor-inner-column elementor-element elementor-element-5285124\" data-id=\"5285124\" data-element_type=\"column\">\n\t\t\t<div class=\"elementor-widget-wrap elementor-element-populated\">\n\t\t\t\t\t\t<div class=\"elementor-element elementor-element-303925e elementor-widget elementor-widget-image\" data-id=\"303925e\" data-element_type=\"widget\" data-widget_type=\"image.default\">\n\t\t\t\t<div class=\"elementor-widget-container\">\n\t\t\t\t\t\t\t\t\t\t\t\t\t\t\t<img fetchpriority=\"high\" decoding=\"async\" width=\"800\" height=\"467\" src=\"https:\/\/richeskarayib.com\/wp-content\/uploads\/2025\/03\/476248761_604903638821913_4395793577298272803_n-1024x598.jpg\" class=\"attachment-large size-large wp-image-45923\" alt=\"gouvernance des oc\u00e9ans dans la Grande Cara\u00efbe\" srcset=\"https:\/\/richeskarayib.com\/wp-content\/uploads\/2025\/03\/476248761_604903638821913_4395793577298272803_n-1024x598.jpg 1024w, https:\/\/richeskarayib.com\/wp-content\/uploads\/2025\/03\/476248761_604903638821913_4395793577298272803_n-300x175.jpg 300w, https:\/\/richeskarayib.com\/wp-content\/uploads\/2025\/03\/476248761_604903638821913_4395793577298272803_n-768x449.jpg 768w, https:\/\/richeskarayib.com\/wp-content\/uploads\/2025\/03\/476248761_604903638821913_4395793577298272803_n.jpg 1212w\" sizes=\"(max-width: 800px) 100vw, 800px\" \/>\t\t\t\t\t\t\t\t\t\t\t\t\t\t\t<\/div>\n\t\t\t\t<\/div>\n\t\t\t\t\t<\/div>\n\t\t<\/div>\n\t\t\t\t<div class=\"elementor-column elementor-col-33 elementor-inner-column elementor-element elementor-element-b3e8d6c\" data-id=\"b3e8d6c\" data-element_type=\"column\">\n\t\t\t<div class=\"elementor-widget-wrap elementor-element-populated\">\n\t\t\t\t\t\t<div class=\"elementor-element elementor-element-6f8aa30 elementor-widget elementor-widget-image\" data-id=\"6f8aa30\" data-element_type=\"widget\" data-widget_type=\"image.default\">\n\t\t\t\t<div class=\"elementor-widget-container\">\n\t\t\t\t\t\t\t\t\t\t\t\t\t\t\t<img decoding=\"async\" width=\"800\" height=\"477\" src=\"https:\/\/richeskarayib.com\/wp-content\/uploads\/2025\/03\/476248038_604903598821917_8328836305982254277_n-1024x610.jpg\" class=\"attachment-large size-large wp-image-45927\" alt=\"gouvernance des oc\u00e9ans dans la Grande Cara\u00efbe\" srcset=\"https:\/\/richeskarayib.com\/wp-content\/uploads\/2025\/03\/476248038_604903598821917_8328836305982254277_n-1024x610.jpg 1024w, https:\/\/richeskarayib.com\/wp-content\/uploads\/2025\/03\/476248038_604903598821917_8328836305982254277_n-300x179.jpg 300w, https:\/\/richeskarayib.com\/wp-content\/uploads\/2025\/03\/476248038_604903598821917_8328836305982254277_n-768x457.jpg 768w, https:\/\/richeskarayib.com\/wp-content\/uploads\/2025\/03\/476248038_604903598821917_8328836305982254277_n.jpg 1194w\" sizes=\"(max-width: 800px) 100vw, 800px\" \/>\t\t\t\t\t\t\t\t\t\t\t\t\t\t\t<\/div>\n\t\t\t\t<\/div>\n\t\t\t\t\t<\/div>\n\t\t<\/div>\n\t\t\t\t<div class=\"elementor-column elementor-col-33 elementor-inner-column elementor-element elementor-element-db6b99e\" data-id=\"db6b99e\" data-element_type=\"column\">\n\t\t\t<div class=\"elementor-widget-wrap elementor-element-populated\">\n\t\t\t\t\t\t<div class=\"elementor-element elementor-element-33cfb43 elementor-widget elementor-widget-image\" data-id=\"33cfb43\" data-element_type=\"widget\" data-widget_type=\"image.default\">\n\t\t\t\t<div class=\"elementor-widget-container\">\n\t\t\t\t\t\t\t\t\t\t\t\t\t\t\t<img decoding=\"async\" width=\"800\" height=\"363\" src=\"https:\/\/richeskarayib.com\/wp-content\/uploads\/2025\/03\/472239081_1003968438437794_2547344363486418031_n.jpg\" class=\"attachment-large size-large wp-image-45931\" alt=\"gouvernance des oc\u00e9ans dans la Grande Cara\u00efbe\" srcset=\"https:\/\/richeskarayib.com\/wp-content\/uploads\/2025\/03\/472239081_1003968438437794_2547344363486418031_n.jpg 881w, https:\/\/richeskarayib.com\/wp-content\/uploads\/2025\/03\/472239081_1003968438437794_2547344363486418031_n-300x136.jpg 300w, https:\/\/richeskarayib.com\/wp-content\/uploads\/2025\/03\/472239081_1003968438437794_2547344363486418031_n-768x349.jpg 768w\" sizes=\"(max-width: 800px) 100vw, 800px\" \/>\t\t\t\t\t\t\t\t\t\t\t\t\t\t\t<\/div>\n\t\t\t\t<\/div>\n\t\t\t\t\t<\/div>\n\t\t<\/div>\n\t\t\t\t\t<\/div>\n\t\t<\/section>\n\t\t\t\t\t<\/div>\n\t\t<\/div>\n\t\t\t\t\t<\/div>\n\t\t<\/section>\n\t\t\t\t<section class=\"elementor-section elementor-top-section elementor-element elementor-element-7c727fe elementor-section-boxed elementor-section-height-default elementor-section-height-default\" data-id=\"7c727fe\" data-element_type=\"section\">\n\t\t\t\t\t\t<div class=\"elementor-container elementor-column-gap-default\">\n\t\t\t\t\t<div class=\"elementor-column elementor-col-100 elementor-top-column elementor-element elementor-element-2675508\" data-id=\"2675508\" data-element_type=\"column\">\n\t\t\t<div class=\"elementor-widget-wrap elementor-element-populated\">\n\t\t\t\t\t\t<div class=\"elementor-element elementor-element-86f7f71 elementor-widget elementor-widget-heading\" data-id=\"86f7f71\" data-element_type=\"widget\" data-widget_type=\"heading.default\">\n\t\t\t\t<div class=\"elementor-widget-container\">\n\t\t\t\t\t<h2 class=\"elementor-heading-title elementor-size-default\">Un programa de acci\u00f3n estructurado<\/h2>\t\t\t\t<\/div>\n\t\t\t\t<\/div>\n\t\t\t\t<div class=\"elementor-element elementor-element-3f26691 elementor-widget elementor-widget-text-editor\" data-id=\"3f26691\" data-element_type=\"widget\" data-widget_type=\"text-editor.default\">\n\t\t\t\t<div class=\"elementor-widget-container\">\n\t\t\t\t\t\t\t\t\t<p>\n            <span style=\"font-weight: 400;\">La OCM se basa en tres grandes ejes para reforzar la gobernanza de los oc\u00e9anos:<\/span>\n          <\/p>\n\t\t\t\t\t\t\t\t<\/div>\n\t\t\t\t<\/div>\n\t\t\t\t<div class=\"elementor-element elementor-element-1931a91 elementor-widget elementor-widget-text-editor\" data-id=\"1931a91\" data-element_type=\"widget\" data-widget_type=\"text-editor.default\">\n\t\t\t\t<div class=\"elementor-widget-container\">\n\t\t\t\t\t\t\t\t\t\n          <ul>\n            \n\n            <li>\n              <b>Armonizaci\u00f3n de las pol\u00edticas mar\u00edtimas<\/b>\n            <\/li>\n            \n\n          <\/ul>\n          \n\n          <p>\n            <span style=\"font-weight: 400;\">La OCM facilita la armonizaci\u00f3n de las normativas nacionales con los compromisos regionales e internacionales en materia de gesti\u00f3n de los oc\u00e9anos. Esta armonizaci\u00f3n es esencial para optimizar la cooperaci\u00f3n entre Estados y garantizar la explotaci\u00f3n sostenible de los recursos marinos. Es crucial que todos los pa\u00edses de la regi\u00f3n comprendan la importancia de esta armonizaci\u00f3n. La gobernanza de los oc\u00e9anos en el Gran Caribe requiere un marco legislativo coherente y respetado por todos.   <\/span>\n          <\/p>\n        \t\t\t\t\t\t\t\t<\/div>\n\t\t\t\t<\/div>\n\t\t\t\t<div class=\"elementor-element elementor-element-5d8292a elementor-widget elementor-widget-text-editor\" data-id=\"5d8292a\" data-element_type=\"widget\" data-widget_type=\"text-editor.default\">\n\t\t\t\t<div class=\"elementor-widget-container\">\n\t\t\t\t\t\t\t\t\t\n          <ul>\n            \n\n            <li>\n              <b>Un mecanismo de vigilancia de los ecosistemas marinos<\/b>\n            <\/li>\n            \n\n          <\/ul>\n          \n\n          <p>\n            <span style=\"font-weight: 400;\">Se est\u00e1 creando un sistema de seguimiento continuo para evaluar el estado de los oc\u00e9anos y la eficacia de las medidas de conservaci\u00f3n. Este seguimiento permitir\u00e1 a los responsables pol\u00edticos y a las empresas adaptar sus estrategias en funci\u00f3n de la evoluci\u00f3n medioambiental y econ\u00f3mica. La gobernanza de los oc\u00e9anos en el Gran Caribe depende de datos fiables y actualizados. Tambi\u00e9n requiere informes transparentes y una comunicaci\u00f3n clara entre todas las partes interesadas.   <\/span>\n          <\/p>\n        \t\t\t\t\t\t\t\t<\/div>\n\t\t\t\t<\/div>\n\t\t\t\t<div class=\"elementor-element elementor-element-8ca0da7 elementor-widget elementor-widget-text-editor\" data-id=\"8ca0da7\" data-element_type=\"widget\" data-widget_type=\"text-editor.default\">\n\t\t\t\t<div class=\"elementor-widget-container\">\n\t\t\t\t\t\t\t\t\t\n          <ul>\n            \n\n            <li>\n              <b>Desarrollar una econom\u00eda azul resistente<\/b>\n            <\/li>\n            \n\n          <\/ul>\n          \n\n          <p>\n            <span style=\"font-weight: 400;\">La OCM fomenta un enfoque sostenible de las actividades mar\u00edtimas promoviendo modelos econ\u00f3micos innovadores que integren la protecci\u00f3n de los ecosistemas. La econom\u00eda azul representa una oportunidad considerable para los empresarios e inversores que deseen conciliar el crecimiento econ\u00f3mico con la preservaci\u00f3n de los oc\u00e9anos. La gobernanza de los oc\u00e9anos en el Gran Caribe debe incluir tambi\u00e9n esta dimensi\u00f3n econ\u00f3mica, apoyando iniciativas que promuevan el desarrollo sostenible al tiempo que garantizan la rentabilidad de las empresas.  <\/span>\n          <\/p>\n        \t\t\t\t\t\t\t\t<\/div>\n\t\t\t\t<\/div>\n\t\t\t\t\t<\/div>\n\t\t<\/div>\n\t\t\t\t\t<\/div>\n\t\t<\/section>\n\t\t\t\t<section class=\"elementor-section elementor-top-section elementor-element elementor-element-16ba7e0 elementor-section-boxed elementor-section-height-default elementor-section-height-default\" data-id=\"16ba7e0\" data-element_type=\"section\">\n\t\t\t\t\t\t<div class=\"elementor-container elementor-column-gap-default\">\n\t\t\t\t\t<div class=\"elementor-column elementor-col-100 elementor-top-column elementor-element elementor-element-f6fb52b\" data-id=\"f6fb52b\" data-element_type=\"column\">\n\t\t\t<div class=\"elementor-widget-wrap elementor-element-populated\">\n\t\t\t\t\t\t<div class=\"elementor-element elementor-element-0ce05bd elementor-widget elementor-widget-heading\" data-id=\"0ce05bd\" data-element_type=\"widget\" data-widget_type=\"heading.default\">\n\t\t\t\t<div class=\"elementor-widget-container\">\n\t\t\t\t\t<h2 class=\"elementor-heading-title elementor-size-default\">El papel de PROCARIBE+ en esta iniciativa<\/h2>\t\t\t\t<\/div>\n\t\t\t\t<\/div>\n\t\t\t\t<div class=\"elementor-element elementor-element-bc90308 elementor-widget elementor-widget-text-editor\" data-id=\"bc90308\" data-element_type=\"widget\" data-widget_type=\"text-editor.default\">\n\t\t\t\t<div class=\"elementor-widget-container\">\n\t\t\t\t\t\t\t\t\t<p>PROCARIBE+ es un programa regional que apoya activamente la puesta en marcha del Mecanismo de Coordinaci\u00f3n de los Oc\u00e9anos (MCO). Es una continuaci\u00f3n del proyecto CLME+ y pretende reforzar la gobernanza integrada de los oc\u00e9anos en el Gran Caribe. Su objetivo es promover una colaboraci\u00f3n eficaz entre los Estados, las organizaciones intergubernamentales y los agentes econ\u00f3micos para garantizar la conservaci\u00f3n y la explotaci\u00f3n sostenible de los recursos marinos.  <\/p>\n\t\t\t\t\t\t\t\t<\/div>\n\t\t\t\t<\/div>\n\t\t\t\t<div class=\"elementor-element elementor-element-9b71da9 elementor-widget elementor-widget-text-editor\" data-id=\"9b71da9\" data-element_type=\"widget\" data-widget_type=\"text-editor.default\">\n\t\t\t\t<div class=\"elementor-widget-container\">\n\t\t\t\t\t\t\t\t\t<p data-start=\"2353\" data-end=\"2400\">PROCARIBE+ se basa en varios pilares:<\/p>\n<ul data-start=\"2401\" data-end=\"3079\">\n<li data-start=\"2401\" data-end=\"2540\"><strong data-start=\"2403\" data-end=\"2455\">La inclusi\u00f3n de los estados y territorios del Caribe<\/strong> en el proceso de toma de decisiones para garantizar una mejor coordinaci\u00f3n regional.<\/li>\n<li data-start=\"2541\" data-end=\"2710\"><strong data-start=\"2543\" data-end=\"2590\">Apoyo a las pol\u00edticas medioambientales<\/strong>, adecuando las normativas nacionales a los compromisos internacionales para garantizar una gesti\u00f3n coherente de los oc\u00e9anos.<\/li>\n<li data-start=\"2711\" data-end=\"2878\"><strong data-start=\"2713\" data-end=\"2764\">Financiaci\u00f3n y movilizaci\u00f3n de recursos<\/strong>, atrayendo inversiones y facilitando el acceso a fondos internacionales para la protecci\u00f3n marina.<\/li>\n<li data-start=\"2879\" data-end=\"3079\"><strong data-start=\"2881\" data-end=\"2927\">La innovaci\u00f3n tecnol\u00f3gica y la investigaci\u00f3n<\/strong>, fomentando el desarrollo de soluciones modernas para la vigilancia de los ecosistemas marinos y la transici\u00f3n hacia una econom\u00eda azul sostenible.<\/li>\n<\/ul>\n\t\t\t\t\t\t\t\t<\/div>\n\t\t\t\t<\/div>\n\t\t\t\t<div class=\"elementor-element elementor-element-19d2367 elementor-widget elementor-widget-text-editor\" data-id=\"19d2367\" data-element_type=\"widget\" data-widget_type=\"text-editor.default\">\n\t\t\t\t<div class=\"elementor-widget-container\">\n\t\t\t\t\t\t\t\t\t<p>Con PROCARIBE+, la gobernanza de los oc\u00e9anos en el Gran Caribe se beneficiar\u00e1 de una estructura reforzada, que garantizar\u00e1 una mejor gesti\u00f3n de los recursos marinos y una respuesta m\u00e1s eficaz a los retos medioambientales.<\/p>\n\t\t\t\t\t\t\t\t<\/div>\n\t\t\t\t<\/div>\n\t\t\t\t\t<\/div>\n\t\t<\/div>\n\t\t\t\t\t<\/div>\n\t\t<\/section>\n\t\t\t\t<section class=\"elementor-section elementor-top-section elementor-element elementor-element-1a0b771 elementor-section-boxed elementor-section-height-default elementor-section-height-default\" data-id=\"1a0b771\" data-element_type=\"section\">\n\t\t\t\t\t\t<div class=\"elementor-container elementor-column-gap-default\">\n\t\t\t\t\t<div class=\"elementor-column elementor-col-100 elementor-top-column elementor-element elementor-element-345f4b7\" data-id=\"345f4b7\" data-element_type=\"column\">\n\t\t\t<div class=\"elementor-widget-wrap elementor-element-populated\">\n\t\t\t\t\t\t<div class=\"elementor-element elementor-element-d6a712a elementor-widget elementor-widget-heading\" data-id=\"d6a712a\" data-element_type=\"widget\" data-widget_type=\"heading.default\">\n\t\t\t\t<div class=\"elementor-widget-container\">\n\t\t\t\t\t<h2 class=\"elementor-heading-title elementor-size-default\">\u00bfQu\u00e9 impacto tendr\u00e1 esto en las empresas y pa\u00edses del Caribe?<\/h2>\t\t\t\t<\/div>\n\t\t\t\t<\/div>\n\t\t\t\t<div class=\"elementor-element elementor-element-f9582c3 elementor-widget elementor-widget-text-editor\" data-id=\"f9582c3\" data-element_type=\"widget\" data-widget_type=\"text-editor.default\">\n\t\t\t\t<div class=\"elementor-widget-container\">\n\t\t\t\t\t\t\t\t\t<p>\n            <span style=\"font-weight: 400;\">La activaci\u00f3n de la OCM representa una oportunidad estrat\u00e9gica para las empresas del sector mar\u00edtimo:<\/span>\n          <\/p>\n\t\t\t\t\t\t\t\t<\/div>\n\t\t\t\t<\/div>\n\t\t\t\t<div class=\"elementor-element elementor-element-055b278 elementor-widget elementor-widget-text-editor\" data-id=\"055b278\" data-element_type=\"widget\" data-widget_type=\"text-editor.default\">\n\t\t\t\t<div class=\"elementor-widget-container\">\n\t\t\t\t\t\t\t\t\t<p>\n            <b>Pesca sostenible :<\/b><br \/>\n            <span style=\"font-weight: 400;\">  La adopci\u00f3n de nuevas normativas para garantizar la recuperaci\u00f3n de las poblaciones de peces y asegurar la sostenibilidad del sector es una prioridad. Esto incluye la introducci\u00f3n de cuotas de pesca y temporadas de veda para permitir que las poblaciones de peces se reproduzcan. <\/span>\n          <\/p>\n\t\t\t\t\t\t\t\t<\/div>\n\t\t\t\t<\/div>\n\t\t\t\t<div class=\"elementor-element elementor-element-2fa8f0a elementor-widget elementor-widget-text-editor\" data-id=\"2fa8f0a\" data-element_type=\"widget\" data-widget_type=\"text-editor.default\">\n\t\t\t\t<div class=\"elementor-widget-container\">\n\t\t\t\t\t\t\t\t\t<p>\n            <b>Transporte mar\u00edtimo :<\/b><br \/>\n            <span style=\"font-weight: 400;\">  Reforzar las infraestructuras portuarias y adecuarlas a las normas internacionales es esencial para atraer m\u00e1s inversiones. Unos puertos modernos y eficientes pueden actuar como motores del crecimiento de las econom\u00edas locales. <\/span>\n          <\/p>\n\t\t\t\t\t\t\t\t<\/div>\n\t\t\t\t<\/div>\n\t\t\t\t<div class=\"elementor-element elementor-element-245588d elementor-widget elementor-widget-text-editor\" data-id=\"245588d\" data-element_type=\"widget\" data-widget_type=\"text-editor.default\">\n\t\t\t\t<div class=\"elementor-widget-container\">\n\t\t\t\t\t\t\t\t\t<p>\n            <b>Turismo costero :<\/b><br \/>\n            <span style=\"font-weight: 400;\">  Es crucial aplicar pr\u00e1cticas sostenibles para preservar las playas y los arrecifes de coral que hacen tan atractiva la regi\u00f3n. El turismo sostenible tambi\u00e9n puede ayudar a concienciar a los visitantes sobre la importancia de la conservaci\u00f3n marina. <\/span>\n          <\/p>\n\t\t\t\t\t\t\t\t<\/div>\n\t\t\t\t<\/div>\n\t\t\t\t<div class=\"elementor-element elementor-element-ec295c3 elementor-widget elementor-widget-text-editor\" data-id=\"ec295c3\" data-element_type=\"widget\" data-widget_type=\"text-editor.default\">\n\t\t\t\t<div class=\"elementor-widget-container\">\n\t\t\t\t\t\t\t\t\t<p>\n            <b>Financiaci\u00f3n y asociaciones :<\/b><br \/>\n            <span style=\"font-weight: 400;\">  La movilizaci\u00f3n de fondos internacionales y el fomento de la colaboraci\u00f3n entre agentes p\u00fablicos y privados son necesarios para acelerar la innovaci\u00f3n mar\u00edtima. Las asociaciones entre los gobiernos y el sector privado pueden ayudar a crear soluciones innovadoras a retos complejos. <\/span>\n          <\/p>\n\t\t\t\t\t\t\t\t<\/div>\n\t\t\t\t<\/div>\n\t\t\t\t\t<\/div>\n\t\t<\/div>\n\t\t\t\t\t<\/div>\n\t\t<\/section>\n\t\t\t\t<section class=\"elementor-section elementor-top-section elementor-element elementor-element-0837fcd elementor-section-boxed elementor-section-height-default elementor-section-height-default\" data-id=\"0837fcd\" data-element_type=\"section\">\n\t\t\t\t\t\t<div class=\"elementor-container elementor-column-gap-default\">\n\t\t\t\t\t<div class=\"elementor-column elementor-col-100 elementor-top-column elementor-element elementor-element-0ac3728\" data-id=\"0ac3728\" data-element_type=\"column\">\n\t\t\t<div class=\"elementor-widget-wrap elementor-element-populated\">\n\t\t\t\t\t\t<div class=\"elementor-element elementor-element-f36c3be elementor-widget elementor-widget-heading\" data-id=\"f36c3be\" data-element_type=\"widget\" data-widget_type=\"heading.default\">\n\t\t\t\t<div class=\"elementor-widget-container\">\n\t\t\t\t\t<h2 class=\"elementor-heading-title elementor-size-default\">Retos y perspectivas<\/h2>\t\t\t\t<\/div>\n\t\t\t\t<\/div>\n\t\t\t\t<div class=\"elementor-element elementor-element-ffcaf60 elementor-widget elementor-widget-text-editor\" data-id=\"ffcaf60\" data-element_type=\"widget\" data-widget_type=\"text-editor.default\">\n\t\t\t\t<div class=\"elementor-widget-container\">\n\t\t\t\t\t\t\t\t\t<p>\n            <span style=\"font-weight: 400;\">A pesar de estos avances, sigue habiendo una serie de retos:<\/span>\n          <\/p>\n\t\t\t\t\t\t\t\t<\/div>\n\t\t\t\t<\/div>\n\t\t\t\t<div class=\"elementor-element elementor-element-a938a42 elementor-widget elementor-widget-text-editor\" data-id=\"a938a42\" data-element_type=\"widget\" data-widget_type=\"text-editor.default\">\n\t\t\t\t<div class=\"elementor-widget-container\">\n\t\t\t\t\t\t\t\t\t\n          <ul>\n            \n\n            <li style=\"font-weight: 400;\" aria-level=\"1\">\n              <b>Coordinaci\u00f3n regional :<\/b>\n              <span style=\"font-weight: 400;\">  Es fundamental garantizar una cooperaci\u00f3n eficaz entre los distintos Estados y organizaciones intergubernamentales. La diversidad de las pol\u00edticas nacionales puede a veces obstaculizar la armonizaci\u00f3n necesaria para una gobernanza eficaz. <\/span>\n            <\/li>\n            \n\n          <\/ul>\n        \t\t\t\t\t\t\t\t<\/div>\n\t\t\t\t<\/div>\n\t\t\t\t<div class=\"elementor-element elementor-element-f0af48e elementor-widget elementor-widget-text-editor\" data-id=\"f0af48e\" data-element_type=\"widget\" data-widget_type=\"text-editor.default\">\n\t\t\t\t<div class=\"elementor-widget-container\">\n\t\t\t\t\t\t\t\t\t\n          <ul>\n            \n\n            <li style=\"font-weight: 400;\" aria-level=\"1\">\n              <b>Recursos limitados :<\/b>\n              <span style=\"font-weight: 400;\">  Financiar la aplicaci\u00f3n de las pol\u00edticas de protecci\u00f3n marina sin frenar el desarrollo econ\u00f3mico sigue siendo un reto. Los gobiernos deben encontrar formas de financiar estas iniciativas manteniendo al mismo tiempo el crecimiento econ\u00f3mico. <\/span>\n            <\/li>\n            \n\n          <\/ul>\n        \t\t\t\t\t\t\t\t<\/div>\n\t\t\t\t<\/div>\n\t\t\t\t<div class=\"elementor-element elementor-element-e6def83 elementor-widget elementor-widget-text-editor\" data-id=\"e6def83\" data-element_type=\"widget\" data-widget_type=\"text-editor.default\">\n\t\t\t\t<div class=\"elementor-widget-container\">\n\t\t\t\t\t\t\t\t\t\n          <ul>\n            \n\n            <li style=\"font-weight: 400;\" aria-level=\"1\">\n              <b>Compromiso de las partes interesadas :<\/b>\n              <span style=\"font-weight: 400;\">  Sensibilizar e implicar a las partes interesadas locales en la gesti\u00f3n responsable de los oc\u00e9anos es esencial para garantizar el \u00e9xito de las iniciativas. La implicaci\u00f3n de la comunidad puede reforzar los esfuerzos de conservaci\u00f3n. <\/span>\n            <\/li>\n            \n\n          <\/ul>\n        \t\t\t\t\t\t\t\t<\/div>\n\t\t\t\t<\/div>\n\t\t\t\t<div class=\"elementor-element elementor-element-5e2ce80 elementor-widget elementor-widget-text-editor\" data-id=\"5e2ce80\" data-element_type=\"widget\" data-widget_type=\"text-editor.default\">\n\t\t\t\t<div class=\"elementor-widget-container\">\n\t\t\t\t\t\t\t\t\t\n          <ul>\n            \n\n            <li style=\"font-weight: 400;\" aria-level=\"1\">\n              <b>Tecnolog\u00edas innovadoras :<\/b>\n              <span style=\"font-weight: 400;\">  Integrar nuevas soluciones tecnol\u00f3gicas para mejorar la eficacia de las pol\u00edticas de conservaci\u00f3n y optimizar el uso de los recursos marinos es una cuesti\u00f3n clave. Las tecnolog\u00edas pueden contribuir a la recogida de datos y a la vigilancia de los ecosistemas. <\/span>\n            <\/li>\n            \n\n            <li style=\"font-weight: 400;\" aria-level=\"1\"> <\/li>\n            \n\n          <\/ul>\n        \t\t\t\t\t\t\t\t<\/div>\n\t\t\t\t<\/div>\n\t\t\t\t<div class=\"elementor-element elementor-element-733f42d elementor-widget elementor-widget-text-editor\" data-id=\"733f42d\" data-element_type=\"widget\" data-widget_type=\"text-editor.default\">\n\t\t\t\t<div class=\"elementor-widget-container\">\n\t\t\t\t\t\t\t\t\t\n          <ul>\n            \n\n            <li style=\"font-weight: 400;\" aria-level=\"1\">\n              <b>Educaci\u00f3n y formaci\u00f3n :<\/b>\n              <span style=\"font-weight: 400;\">  Es esencial desarrollar programas de formaci\u00f3n especializados para los profesionales del sector mar\u00edtimo, con el fin de mejorar sus competencias y promover el uso sostenible de los recursos oce\u00e1nicos. La educaci\u00f3n desempe\u00f1a un papel crucial en el cambio de actitudes hacia los recursos marinos. <\/span>\n            <\/li>\n            \n\n          <\/ul>\n        \t\t\t\t\t\t\t\t<\/div>\n\t\t\t\t<\/div>\n\t\t\t\t\t<\/div>\n\t\t<\/div>\n\t\t\t\t\t<\/div>\n\t\t<\/section>\n\t\t\t\t<section class=\"elementor-section elementor-top-section elementor-element elementor-element-fbe195e elementor-section-boxed elementor-section-height-default elementor-section-height-default\" data-id=\"fbe195e\" data-element_type=\"section\">\n\t\t\t\t\t\t<div class=\"elementor-container elementor-column-gap-default\">\n\t\t\t\t\t<div class=\"elementor-column elementor-col-100 elementor-top-column elementor-element elementor-element-8dbf86c\" data-id=\"8dbf86c\" data-element_type=\"column\">\n\t\t\t<div class=\"elementor-widget-wrap elementor-element-populated\">\n\t\t\t\t\t\t<div class=\"elementor-element elementor-element-b2fbc92 elementor-widget elementor-widget-text-editor\" data-id=\"b2fbc92\" data-element_type=\"widget\" data-widget_type=\"text-editor.default\">\n\t\t\t\t<div class=\"elementor-widget-container\">\n\t\t\t\t\t\t\t\t\t<p>\n            <span style=\"font-weight: 400;\">La activaci\u00f3n del Mecanismo de Coordinaci\u00f3n de los Oc\u00e9anos representa un punto de inflexi\u00f3n decisivo para la gobernanza de los oc\u00e9anos en el Gran Caribe. Al optimizar la gesti\u00f3n de los recursos marinos, esta iniciativa refuerza la resistencia de las econom\u00edas insulares y ofrece a los profesionales de la regi\u00f3n nuevas perspectivas de crecimiento sostenible. El futuro del sector mar\u00edtimo caribe\u00f1o depender\u00e1 de la capacidad de los Estados y las empresas para aprovechar esta din\u00e1mica y conciliar la explotaci\u00f3n econ\u00f3mica con la preservaci\u00f3n del medio ambiente.    <\/span>\n          <\/p>\n\t\t\t\t\t\t\t\t<\/div>\n\t\t\t\t<\/div>\n\t\t\t\t<div class=\"elementor-element elementor-element-bf2cfbd elementor-widget elementor-widget-text-editor\" data-id=\"bf2cfbd\" data-element_type=\"widget\" data-widget_type=\"text-editor.default\">\n\t\t\t\t<div class=\"elementor-widget-container\">\n\t\t\t\t\t\t\t\t\t<p>\n            <span style=\"font-weight: 400;\">Mediante una estrecha colaboraci\u00f3n entre gobiernos, instituciones y agentes econ\u00f3micos, la regi\u00f3n podr\u00e1 construir un modelo ejemplar de gobernanza mar\u00edtima, que garantice un futuro pr\u00f3spero a las generaciones venideras. La gobernanza oce\u00e1nica en el Gran Caribe es m\u00e1s que una necesidad, es un compromiso para el futuro, y es imperativo que todas las partes interesadas trabajen juntas para hacer frente a los retos que se avecinan. <\/span>\n          <\/p>\n\t\t\t\t\t\t\t\t<\/div>\n\t\t\t\t<\/div>\n\t\t\t\t\t<\/div>\n\t\t<\/div>\n\t\t\t\t\t<\/div>\n\t\t<\/section>\n\t\t\t\t<\/div>\n\t\t","protected":false},"excerpt":{"rendered":"<p>La gobernanza de los oc\u00e9anos en el Gran Caribe est\u00e1 experimentando una importante transformaci\u00f3n con la activaci\u00f3n del Mecanismo de Coordinaci\u00f3n de los Oc\u00e9anos (MCO). Esta iniciativa de PROCARIBE+ supone un avance decisivo para la gesti\u00f3n sostenible de los recursos marinos, una prioridad estrat\u00e9gica para los profesionales mar\u00edtimos y econ\u00f3micos de la regi\u00f3n. La gobernanza [&hellip;]<\/p>\n","protected":false},"author":662,"featured_media":45919,"comment_status":"open","ping_status":"open","sticky":false,"template":"","format":"standard","meta":{"_acf_changed":false,"footnotes":""},"categories":[1723,839],"tags":[1442,1593,825,1451,1716,1547,1693,816,1481,1594],"class_list":["post-45933","post","type-post","status-publish","format-standard","has-post-thumbnail","hentry","category-maritime-fr","category-noticias","tag-anguilla-es","tag-barbade-es","tag-colombia","tag-dominica","tag-dominique-fr-2","tag-guadalupe","tag-jamaique-2","tag-martinique-es","tag-republica-dominicana","tag-sainte-lucie-es"],"acf":[],"_links":{"self":[{"href":"https:\/\/richeskarayib.com\/es\/wp-json\/wp\/v2\/posts\/45933","targetHints":{"allow":["GET"]}}],"collection":[{"href":"https:\/\/richeskarayib.com\/es\/wp-json\/wp\/v2\/posts"}],"about":[{"href":"https:\/\/richeskarayib.com\/es\/wp-json\/wp\/v2\/types\/post"}],"author":[{"embeddable":true,"href":"https:\/\/richeskarayib.com\/es\/wp-json\/wp\/v2\/users\/662"}],"replies":[{"embeddable":true,"href":"https:\/\/richeskarayib.com\/es\/wp-json\/wp\/v2\/comments?post=45933"}],"version-history":[{"count":0,"href":"https:\/\/richeskarayib.com\/es\/wp-json\/wp\/v2\/posts\/45933\/revisions"}],"wp:featuredmedia":[{"embeddable":true,"href":"https:\/\/richeskarayib.com\/es\/wp-json\/wp\/v2\/media\/45919"}],"wp:attachment":[{"href":"https:\/\/richeskarayib.com\/es\/wp-json\/wp\/v2\/media?parent=45933"}],"wp:term":[{"taxonomy":"category","embeddable":true,"href":"https:\/\/richeskarayib.com\/es\/wp-json\/wp\/v2\/categories?post=45933"},{"taxonomy":"post_tag","embeddable":true,"href":"https:\/\/richeskarayib.com\/es\/wp-json\/wp\/v2\/tags?post=45933"}],"curies":[{"name":"wp","href":"https:\/\/api.w.org\/{rel}","templated":true}]}}