{"id":46021,"date":"2025-03-08T21:30:25","date_gmt":"2025-03-09T01:30:25","guid":{"rendered":"https:\/\/richeskarayib.com\/mujeres-caribenas-guardianas-del-tiempo-arquitectas-del-manana\/"},"modified":"2025-03-12T05:15:21","modified_gmt":"2025-03-12T09:15:21","slug":"mujeres-caribenas-guardianas-del-tiempo-arquitectas-del-manana","status":"publish","type":"post","link":"https:\/\/richeskarayib.com\/es\/mujeres-caribenas-guardianas-del-tiempo-arquitectas-del-manana\/","title":{"rendered":"Mujeres caribe\u00f1as: guardianas del tiempo, arquitectas del ma\u00f1ana"},"content":{"rendered":"\t\t<div data-elementor-type=\"wp-post\" data-elementor-id=\"46021\" class=\"elementor elementor-46021 elementor-46000\" data-elementor-post-type=\"post\">\n\t\t\t\t\t\t<section class=\"elementor-section elementor-top-section elementor-element elementor-element-fcd6e19 elementor-section-boxed elementor-section-height-default elementor-section-height-default\" data-id=\"fcd6e19\" data-element_type=\"section\">\n\t\t\t\t\t\t<div class=\"elementor-container elementor-column-gap-default\">\n\t\t\t\t\t<div class=\"elementor-column elementor-col-100 elementor-top-column elementor-element elementor-element-f228a0e\" data-id=\"f228a0e\" data-element_type=\"column\">\n\t\t\t<div class=\"elementor-widget-wrap elementor-element-populated\">\n\t\t\t\t\t\t<div class=\"elementor-element elementor-element-9aeac32 elementor-widget elementor-widget-text-editor\" data-id=\"9aeac32\" data-element_type=\"widget\" data-widget_type=\"text-editor.default\">\n\t\t\t\t<div class=\"elementor-widget-container\">\n\t\t\t\t\t\t\t\t\t<p><strong><a href=\"_wp_link_placeholder\">Las mujeres caribe\u00f1as<\/a> han dado forma a la historia<\/strong>, atravesando los siglos como <strong data-start=\"161\" data-end=\"202\">guardianas del tiempo y la tradici\u00f3n<\/strong>, pero tambi\u00e9n como <strong data-start=\"225\" data-end=\"262\">arquitectas visionarias del futuro<\/strong>.  <\/p>\n<p>Esta frase ilustra perfectamente el papel crucial que las mujeres caribe\u00f1as han desempe\u00f1ado y siguen desempe\u00f1ando a lo largo de la historia. Desde las plantaciones de esclavos del siglo XVIII hasta los podios de la ONU del siglo XXI, estas mujeres caribe\u00f1as han sido a la vez depositarias de la memoria colectiva y constructoras de un futuro mejor. Procedan de islas franc\u00f3fonas, angl\u00f3fonas o hispanohablantes, se dediquen a la pol\u00edtica, la cultura, la ciencia o las luchas sociales, su impacto es profundo y polifac\u00e9tico. Desde <strong data-start=\"679\" data-end=\"694\">la Reina Nanny<\/strong>, la hero\u00edna cimarrona de Jamaica, hasta <strong data-start=\"731\" data-end=\"746\">Mia Mottley<\/strong>, la visionaria Primera Ministra de Barbados, sin olvidar a artistas y activistas de renombre, las mujeres del Caribe merecen un sentido homenaje en este D\u00eda Internacional de los Derechos de la Mujer.   <\/p>\n\t\t\t\t\t\t\t\t<\/div>\n\t\t\t\t<\/div>\n\t\t\t\t\t<\/div>\n\t\t<\/div>\n\t\t\t\t\t<\/div>\n\t\t<\/section>\n\t\t\t\t<section class=\"elementor-section elementor-top-section elementor-element elementor-element-0035235 elementor-section-boxed elementor-section-height-default elementor-section-height-default\" data-id=\"0035235\" data-element_type=\"section\">\n\t\t\t\t\t\t<div class=\"elementor-container elementor-column-gap-default\">\n\t\t\t\t\t<div class=\"elementor-column elementor-col-100 elementor-top-column elementor-element elementor-element-8be1fb5\" data-id=\"8be1fb5\" data-element_type=\"column\">\n\t\t\t<div class=\"elementor-widget-wrap elementor-element-populated\">\n\t\t\t\t\t\t<div class=\"elementor-element elementor-element-7bfb31e elementor-widget elementor-widget-text-editor\" data-id=\"7bfb31e\" data-element_type=\"widget\" data-widget_type=\"text-editor.default\">\n\t\t\t\t<div class=\"elementor-widget-container\">\n\t\t\t\t\t\t\t\t\t<h1>Pioneros de la pol\u00edtica caribe\u00f1a<\/h1>\n\t\t\t\t\t\t\t\t<\/div>\n\t\t\t\t<\/div>\n\t\t\t\t<div class=\"elementor-element elementor-element-2063fea elementor-widget elementor-widget-text-editor\" data-id=\"2063fea\" data-element_type=\"widget\" data-widget_type=\"text-editor.default\">\n\t\t\t\t<div class=\"elementor-widget-container\">\n\t\t\t\t\t\t\t\t\t<p data-start=\"69\" data-end=\"953\">Cuando se trata de pol\u00edtica, las mujeres caribe\u00f1as han roto muchos techos de cristal. <strong data-start=\"1084\" data-end=\"1120\">Dame Eugenia Charles (Dominica)<\/strong> fue una pionera: en 1980 se convirti\u00f3 en la primera mujer Primera Ministra del Caribe, gan\u00e1ndose el apodo de la &#8220;Dama de Hierro&#8221; de la regi\u00f3n. Durante 15 a\u00f1os gobern\u00f3 Dominica con firmeza, allanando el camino a otras l\u00edderes femeninas. <\/p>\n<p data-start=\"1005\" data-end=\"1728\">Se la cita diciendo: <em data-start=\"1447\" data-end=\"1567\">&#8220;Los hombres tienen la gran visi\u00f3n&#8230; las mujeres siguen los detalles para asegurarse de que se haga realidad&#8221;.<\/em><\/p>\n\t\t\t\t\t\t\t\t<\/div>\n\t\t\t\t<\/div>\n\t\t\t\t<div class=\"elementor-element elementor-element-f3c7ebb elementor-widget elementor-widget-text-editor\" data-id=\"f3c7ebb\" data-element_type=\"widget\" data-widget_type=\"text-editor.default\">\n\t\t\t\t<div class=\"elementor-widget-container\">\n\t\t\t\t\t\t\t\t\t<p data-start=\"69\" data-end=\"953\">Esta cita refleja el enfoque pragm\u00e1tico y decidido que las mujeres han aportado al ejercicio del poder.<\/p>\n<p data-start=\"1730\" data-end=\"2853\">Desde entonces, varias islas han estado dirigidas por mujeres. <strong data-start=\"1787\" data-end=\"1823\">Portia Simpson-Miller (Jamaica)<\/strong>, por ejemplo, ha sido dos veces Primera Ministra de Jamaica (2006-2007, 2012-2016), encarnando las esperanzas de las clases trabajadoras. <strong data-start=\"1954\" data-end=\"1988\">Ertha Pascal-Trouillot (Hait\u00ed)<\/strong>, abogada de formaci\u00f3n, rompi\u00f3 un tab\u00fa al convertirse en la primera mujer presidenta de su pa\u00eds en 1990. M\u00e1s recientemente, en 2018, Barbados eligi\u00f3 Primera Ministra <strong data-start=\"2133\" data-end=\"2148\">a Mia Mottley<\/strong>, la primera mujer que dirige este joven Estado insular desde su independencia. <\/p>\n\t\t\t\t\t\t\t\t<\/div>\n\t\t\t\t<\/div>\n\t\t\t\t<div class=\"elementor-element elementor-element-06998f1 elementor-widget elementor-widget-text-editor\" data-id=\"06998f1\" data-element_type=\"widget\" data-widget_type=\"text-editor.default\">\n\t\t\t\t<div class=\"elementor-widget-container\">\n\t\t\t\t\t\t\t\t\t<p data-start=\"1730\" data-end=\"2853\">Mia Mottley se impuso r\u00e1pidamente como una voz fuerte mucho m\u00e1s all\u00e1 de su isla. Bajo su liderazgo, Barbados lleg\u00f3 a convertirse en rep\u00fablica en 2021, pasando p\u00e1gina a la monarqu\u00eda brit\u00e1nica, y nombr\u00f3 a la cantante Rihanna hero\u00edna nacional durante esta transici\u00f3n hist\u00f3rica. Hoy, Mia Mottley es reconocida como <em data-start=\"2629\" data-end=\"2729\">&#8220;la principal voz de los pueblos caribe\u00f1os y las naciones en desarrollo en la escena internacional&#8221;,<\/em> gracias a su inteligencia, elocuencia y pasi\u00f3n por la justicia social.   <span class=\"relative -mx-px my-[-0.2rem] rounded px-px py-[0.2rem]\">Desde el 1\u1d49\u02b3 de enero de 2025, Mia Mottley, Primera Ministra de Barbados, ocupa la presidencia de la Comunidad del Caribe (CARICOM). Rich\u00e8s Karayib tambi\u00e9n le ha dedicado un art\u00edculo. Para saber m\u00e1s sobre su trayectoria e impacto, lee nuestro art\u00edculo sobre <a href=\"https:\/\/richeskarayib.com\/es\/barbados-mia-mottley-el-aura-de-una-mujer-excepcional\/\" target=\"_blank\" rel=\"noopener\">Mia Mot<\/a>tley.  <\/span><\/p>\n\t\t\t\t\t\t\t\t<\/div>\n\t\t\t\t<\/div>\n\t\t\t\t<div class=\"elementor-element elementor-element-44e4e26 elementor-widget elementor-widget-text-editor\" data-id=\"44e4e26\" data-element_type=\"widget\" data-widget_type=\"text-editor.default\">\n\t\t\t\t<div class=\"elementor-widget-container\">\n\t\t\t\t\t\t\t\t\t<p data-start=\"2855\" data-end=\"3244\">Estas figuras pol\u00edticas -ya sean jefes de gobierno, ministros o representantes electos locales- comparten a menudo la misma lucha: hacer o\u00edr los intereses de las peque\u00f1as naciones insulares y las poblaciones marginadas. Sus trayectorias, llenas de escollos en mundos dominados durante mucho tiempo por los hombres, las convierten en modelos de audacia y resistencia para las nuevas generaciones. <\/p>\n\t\t\t\t\t\t\t\t<\/div>\n\t\t\t\t<\/div>\n\t\t\t\t<section class=\"elementor-section elementor-inner-section elementor-element elementor-element-95a624d elementor-section-boxed elementor-section-height-default elementor-section-height-default\" data-id=\"95a624d\" data-element_type=\"section\">\n\t\t\t\t\t\t<div class=\"elementor-container elementor-column-gap-default\">\n\t\t\t\t\t<div class=\"elementor-column elementor-col-33 elementor-inner-column elementor-element elementor-element-8776f53\" data-id=\"8776f53\" data-element_type=\"column\">\n\t\t\t<div class=\"elementor-widget-wrap elementor-element-populated\">\n\t\t\t\t\t\t<div class=\"elementor-element elementor-element-2f632ac elementor-widget elementor-widget-image\" data-id=\"2f632ac\" data-element_type=\"widget\" data-widget_type=\"image.default\">\n\t\t\t\t<div class=\"elementor-widget-container\">\n\t\t\t\t\t\t\t\t\t\t\t\t<figure class=\"wp-caption\">\n\t\t\t\t\t\t\t\t\t\t<img fetchpriority=\"high\" decoding=\"async\" width=\"681\" height=\"842\" src=\"https:\/\/richeskarayib.com\/wp-content\/uploads\/2025\/03\/Island-SPACE.-Dame-Eugenia-Charles.jpg\" class=\"attachment-large size-large wp-image-46035\" alt=\"Femmes de la Cara\u00efbe : Gardiennes du Temps, Architectes de Demain\" srcset=\"https:\/\/richeskarayib.com\/wp-content\/uploads\/2025\/03\/Island-SPACE.-Dame-Eugenia-Charles.jpg 681w, https:\/\/richeskarayib.com\/wp-content\/uploads\/2025\/03\/Island-SPACE.-Dame-Eugenia-Charles-243x300.jpg 243w\" sizes=\"(max-width: 681px) 100vw, 681px\" \/>\t\t\t\t\t\t\t\t\t\t\t<figcaption class=\"widget-image-caption wp-caption-text\">Dame Eugenia Charles.\n\nSource: Island SPACE. <\/figcaption>\n\t\t\t\t\t\t\t\t\t\t<\/figure>\n\t\t\t\t\t\t\t\t\t<\/div>\n\t\t\t\t<\/div>\n\t\t\t\t\t<\/div>\n\t\t<\/div>\n\t\t\t\t<div class=\"elementor-column elementor-col-33 elementor-inner-column elementor-element elementor-element-fc4967b\" data-id=\"fc4967b\" data-element_type=\"column\">\n\t\t\t<div class=\"elementor-widget-wrap elementor-element-populated\">\n\t\t\t\t\t\t<div class=\"elementor-element elementor-element-341d716 elementor-widget elementor-widget-image\" data-id=\"341d716\" data-element_type=\"widget\" data-widget_type=\"image.default\">\n\t\t\t\t<div class=\"elementor-widget-container\">\n\t\t\t\t\t\t\t\t\t\t\t\t<figure class=\"wp-caption\">\n\t\t\t\t\t\t\t\t\t\t<img decoding=\"async\" width=\"800\" height=\"800\" src=\"https:\/\/richeskarayib.com\/wp-content\/uploads\/2025\/03\/Portia-Simpson-Miller-1024x1024.jpg\" class=\"attachment-large size-large wp-image-46039\" alt=\"Femmes de la Cara\u00efbe\" srcset=\"https:\/\/richeskarayib.com\/wp-content\/uploads\/2025\/03\/Portia-Simpson-Miller-1024x1024.jpg 1024w, https:\/\/richeskarayib.com\/wp-content\/uploads\/2025\/03\/Portia-Simpson-Miller-300x300.jpg 300w, https:\/\/richeskarayib.com\/wp-content\/uploads\/2025\/03\/Portia-Simpson-Miller-150x150.jpg 150w, https:\/\/richeskarayib.com\/wp-content\/uploads\/2025\/03\/Portia-Simpson-Miller-768x768.jpg 768w, https:\/\/richeskarayib.com\/wp-content\/uploads\/2025\/03\/Portia-Simpson-Miller-1536x1536.jpg 1536w, https:\/\/richeskarayib.com\/wp-content\/uploads\/2025\/03\/Portia-Simpson-Miller-1320x1320.jpg 1320w, https:\/\/richeskarayib.com\/wp-content\/uploads\/2025\/03\/Portia-Simpson-Miller.jpg 1610w\" sizes=\"(max-width: 800px) 100vw, 800px\" \/>\t\t\t\t\t\t\t\t\t\t\t<figcaption class=\"widget-image-caption wp-caption-text\">Portia Simpson Miller.\n\nSource : Portia Simpson Miller<\/figcaption>\n\t\t\t\t\t\t\t\t\t\t<\/figure>\n\t\t\t\t\t\t\t\t\t<\/div>\n\t\t\t\t<\/div>\n\t\t\t\t\t<\/div>\n\t\t<\/div>\n\t\t\t\t<div class=\"elementor-column elementor-col-33 elementor-inner-column elementor-element elementor-element-80a9496\" data-id=\"80a9496\" data-element_type=\"column\">\n\t\t\t<div class=\"elementor-widget-wrap elementor-element-populated\">\n\t\t\t\t\t\t<div class=\"elementor-element elementor-element-0c020b2 elementor-widget elementor-widget-image\" data-id=\"0c020b2\" data-element_type=\"widget\" data-widget_type=\"image.default\">\n\t\t\t\t<div class=\"elementor-widget-container\">\n\t\t\t\t\t\t\t\t\t\t\t\t<figure class=\"wp-caption\">\n\t\t\t\t\t\t\t\t\t\t<img decoding=\"async\" width=\"680\" height=\"1024\" src=\"https:\/\/richeskarayib.com\/wp-content\/uploads\/2025\/03\/Wendy-Emmanuel.-Ertha-Pascal.jpg\" class=\"attachment-large size-large wp-image-46043\" alt=\"Ertha Pascal-Trouillot\" srcset=\"https:\/\/richeskarayib.com\/wp-content\/uploads\/2025\/03\/Wendy-Emmanuel.-Ertha-Pascal.jpg 680w, https:\/\/richeskarayib.com\/wp-content\/uploads\/2025\/03\/Wendy-Emmanuel.-Ertha-Pascal-199x300.jpg 199w\" sizes=\"(max-width: 680px) 100vw, 680px\" \/>\t\t\t\t\t\t\t\t\t\t\t<figcaption class=\"widget-image-caption wp-caption-text\">Wendy Emmanuel.<\/figcaption>\n\t\t\t\t\t\t\t\t\t\t<\/figure>\n\t\t\t\t\t\t\t\t\t<\/div>\n\t\t\t\t<\/div>\n\t\t\t\t\t<\/div>\n\t\t<\/div>\n\t\t\t\t\t<\/div>\n\t\t<\/section>\n\t\t\t\t\t<\/div>\n\t\t<\/div>\n\t\t\t\t\t<\/div>\n\t\t<\/section>\n\t\t\t\t<section class=\"elementor-section elementor-top-section elementor-element elementor-element-4ceea02 elementor-section-boxed elementor-section-height-default elementor-section-height-default\" data-id=\"4ceea02\" data-element_type=\"section\">\n\t\t\t\t\t\t<div class=\"elementor-container elementor-column-gap-default\">\n\t\t\t\t\t<div class=\"elementor-column elementor-col-100 elementor-top-column elementor-element elementor-element-54d0503\" data-id=\"54d0503\" data-element_type=\"column\">\n\t\t\t<div class=\"elementor-widget-wrap elementor-element-populated\">\n\t\t\t\t\t\t<div class=\"elementor-element elementor-element-76fad8d elementor-widget elementor-widget-text-editor\" data-id=\"76fad8d\" data-element_type=\"widget\" data-widget_type=\"text-editor.default\">\n\t\t\t\t<div class=\"elementor-widget-container\">\n\t\t\t\t\t\t\t\t\t<h1>Iconos culturales y guardianes de la memoria<\/h1>\n\t\t\t\t\t\t\t\t<\/div>\n\t\t\t\t<\/div>\n\t\t\t\t<div class=\"elementor-element elementor-element-9426cf6 elementor-widget elementor-widget-text-editor\" data-id=\"9426cf6\" data-element_type=\"widget\" data-widget_type=\"text-editor.default\">\n\t\t\t\t<div class=\"elementor-widget-container\">\n\t\t\t\t\t\t\t\t\t<p data-start=\"2855\" data-end=\"3244\"><strong data-start=\"3335\" data-end=\"3364\">Maryse Cond\u00e9 (Guadalupe)<\/strong> es una de las escritoras caribe\u00f1as m\u00e1s admiradas. Novelista de genio, sus obras ponen de relieve la riqueza de la cultura antillana, la memoria de la esclavitud y la fuerza de las mujeres. Ganadora de m\u00faltiples premios, <strong>Maryse<\/strong> <strong data-start=\"3592\" data-end=\"3601\">Cond\u00e9<\/strong> ha viajado por todo el mundo sin dejar de ser una voz orgullosa de su Guadalupe natal. A trav\u00e9s de novelas como <em data-start=\"3705\" data-end=\"3712\">S\u00e9gou<\/em> y <em data-start=\"3716\" data-end=\"3739\">Moi, Tituba sorci\u00e8re,<\/em> ha mostrado c\u00f3mo las mujeres caribe\u00f1as son las guardianas del tiempo, las portadoras de historias transmitidas de generaci\u00f3n en generaci\u00f3n, a la vez que agentes del cambio. Su obra ha inspirado a muchas escritoras e intelectuales de la regi\u00f3n y de fuera de ella.    <\/p>\n\t\t\t\t\t\t\t\t<\/div>\n\t\t\t\t<\/div>\n\t\t\t\t<div class=\"elementor-element elementor-element-1c6e33f elementor-widget elementor-widget-text-editor\" data-id=\"1c6e33f\" data-element_type=\"widget\" data-widget_type=\"text-editor.default\">\n\t\t\t\t<div class=\"elementor-widget-container\">\n\t\t\t\t\t\t\t\t\t<p data-start=\"4009\" data-end=\"4669\">Cuando se trata de m\u00fasica, es imposible no mencionar a <strong data-start=\"4050\" data-end=\"4071\">Celia Cruz (Cuba)<\/strong>, la &#8220;Reina de la Salsa&#8221;. Con su poderosa voz y su legendario grito de <em data-start=\"4144\" data-end=\"4158\">&#8220;\u00a1Az\u00facar!&#8221;<\/em>, Celia Cruz lleva m\u00e1s de cinco d\u00e9cadas incendiando escenarios en todo el mundo, convirti\u00e9ndose en la embajadora por excelencia de la m\u00fasica caribe\u00f1a. Nacida en La Habana, ha conquistado a un p\u00fablico mundial y ha ganado m\u00faltiples premios Grammy, sin dejar de sentirse orgullosa de sus ra\u00edces afrocubanas.   Su \u00e9xito allan\u00f3 el camino a otros artistas latinos y llev\u00f3 la cultura caribe\u00f1a al primer plano de la escena internacional.<\/p>\n\t\t\t\t\t\t\t\t<\/div>\n\t\t\t\t<\/div>\n\t\t\t\t<div class=\"elementor-element elementor-element-68a8d1c elementor-widget elementor-widget-text-editor\" data-id=\"68a8d1c\" data-element_type=\"widget\" data-widget_type=\"text-editor.default\">\n\t\t\t\t<div class=\"elementor-widget-container\">\n\t\t\t\t\t\t\t\t\t<p data-start=\"4009\" data-end=\"4669\">Del mismo modo, <strong data-start=\"9\" data-end=\"29\">Jocelyne B\u00e9roard<\/strong>, cantante de Martinica y miembro del grupo Kassav, desempe\u00f1\u00f3 un papel central en la popularizaci\u00f3n del zouk, contribuyendo a la identidad musical del Caribe franc\u00f3fono.<\/p>\n<p data-start=\"4671\" data-end=\"5636\">La nueva generaci\u00f3n contin\u00faa en esta l\u00ednea. <strong data-start=\"4721\" data-end=\"4742\">Rihanna (Barbados)<\/strong>, superestrella mundial del pop y empresaria consumada, abraza plenamente su herencia caribe\u00f1a y le da un buen uso, ya sea en su m\u00fasica, en su marca de cosm\u00e9ticos inclusivos o en su compromiso filantr\u00f3pico. En 2021, Barbados la elev\u00f3 al rango de H\u00e9roe Nacional, simbolizando hasta qu\u00e9 punto la cultura puede ser un veh\u00edculo de orgullo y unidad nacionales. Otras figuras, como la directora <strong data-start=\"5167\" data-end=\"5196\">Euzhan Palcy (Martinica<\/strong> ) -la primera mujer negra directora producida por Hollywood- y la poetisa <strong data-start=\"5267\" data-end=\"5305\">Louise Bennett-Coverley (<a href=\"https:\/\/richeskarayib.com\/es\/la-3%e1%b5%89-conferencia-mundial-sobre-resiliencia-turistica-la-ia-y-la-resiliencia-en-el-centro-de-los-debates-en-jamaica\/\" target=\"_blank\" rel=\"noopener\">Jamaica<\/a><\/strong> ) -un icono del criollo jamaicano- tambi\u00e9n han contribuido a preservar y magnificar la identidad caribe\u00f1a. A trav\u00e9s de las artes, estas mujeres son las verdaderas arquitectas del <em data-start=\"5473\" data-end=\"5481\">ma\u00f1ana<\/em>: dan forma al imaginario colectivo y transmiten a las generaciones futuras un patrimonio vivo, confianza en s\u00ed mismas y apertura al mundo.   <\/p>\n\t\t\t\t\t\t\t\t<\/div>\n\t\t\t\t<\/div>\n\t\t\t\t<section class=\"elementor-section elementor-inner-section elementor-element elementor-element-329560f elementor-section-boxed elementor-section-height-default elementor-section-height-default\" data-id=\"329560f\" data-element_type=\"section\">\n\t\t\t\t\t\t<div class=\"elementor-container elementor-column-gap-default\">\n\t\t\t\t\t<div class=\"elementor-column elementor-col-33 elementor-inner-column elementor-element elementor-element-0977e03\" data-id=\"0977e03\" data-element_type=\"column\">\n\t\t\t<div class=\"elementor-widget-wrap elementor-element-populated\">\n\t\t\t\t\t\t<div class=\"elementor-element elementor-element-1ca22ca elementor-widget elementor-widget-image\" data-id=\"1ca22ca\" data-element_type=\"widget\" data-widget_type=\"image.default\">\n\t\t\t\t<div class=\"elementor-widget-container\">\n\t\t\t\t\t\t\t\t\t\t\t\t<figure class=\"wp-caption\">\n\t\t\t\t\t\t\t\t\t\t<img loading=\"lazy\" decoding=\"async\" width=\"800\" height=\"800\" src=\"https:\/\/richeskarayib.com\/wp-content\/uploads\/2025\/03\/Carrousel-des-artistes-avec-le-magazine-1-1024x1024.png\" class=\"attachment-large size-large wp-image-46209\" alt=\"Femmes de la Cara\u00efbe\" srcset=\"https:\/\/richeskarayib.com\/wp-content\/uploads\/2025\/03\/Carrousel-des-artistes-avec-le-magazine-1-1024x1024.png 1024w, https:\/\/richeskarayib.com\/wp-content\/uploads\/2025\/03\/Carrousel-des-artistes-avec-le-magazine-1-300x300.png 300w, https:\/\/richeskarayib.com\/wp-content\/uploads\/2025\/03\/Carrousel-des-artistes-avec-le-magazine-1-150x150.png 150w, https:\/\/richeskarayib.com\/wp-content\/uploads\/2025\/03\/Carrousel-des-artistes-avec-le-magazine-1-768x768.png 768w, https:\/\/richeskarayib.com\/wp-content\/uploads\/2025\/03\/Carrousel-des-artistes-avec-le-magazine-1.png 1080w\" sizes=\"(max-width: 800px) 100vw, 800px\" \/>\t\t\t\t\t\t\t\t\t\t\t<figcaption class=\"widget-image-caption wp-caption-text\">Maryse Conde\u0301.\n\nSource : Maryse Conde\u0301<\/figcaption>\n\t\t\t\t\t\t\t\t\t\t<\/figure>\n\t\t\t\t\t\t\t\t\t<\/div>\n\t\t\t\t<\/div>\n\t\t\t\t\t<\/div>\n\t\t<\/div>\n\t\t\t\t<div class=\"elementor-column elementor-col-33 elementor-inner-column elementor-element elementor-element-d6ced5f\" data-id=\"d6ced5f\" data-element_type=\"column\">\n\t\t\t<div class=\"elementor-widget-wrap elementor-element-populated\">\n\t\t\t\t\t\t<div class=\"elementor-element elementor-element-066021e elementor-widget elementor-widget-image\" data-id=\"066021e\" data-element_type=\"widget\" data-widget_type=\"image.default\">\n\t\t\t\t<div class=\"elementor-widget-container\">\n\t\t\t\t\t\t\t\t\t\t\t\t<figure class=\"wp-caption\">\n\t\t\t\t\t\t\t\t\t\t<img loading=\"lazy\" decoding=\"async\" width=\"640\" height=\"633\" src=\"https:\/\/richeskarayib.com\/wp-content\/uploads\/2025\/03\/Celia-Cruz.jpg\" class=\"attachment-large size-large wp-image-46051\" alt=\"Femmes de la Cara\u00efbe\" srcset=\"https:\/\/richeskarayib.com\/wp-content\/uploads\/2025\/03\/Celia-Cruz.jpg 640w, https:\/\/richeskarayib.com\/wp-content\/uploads\/2025\/03\/Celia-Cruz-300x297.jpg 300w\" sizes=\"(max-width: 640px) 100vw, 640px\" \/>\t\t\t\t\t\t\t\t\t\t\t<figcaption class=\"widget-image-caption wp-caption-text\">Celia Cruz.\n\nSource : Celia Cruz<\/figcaption>\n\t\t\t\t\t\t\t\t\t\t<\/figure>\n\t\t\t\t\t\t\t\t\t<\/div>\n\t\t\t\t<\/div>\n\t\t\t\t\t<\/div>\n\t\t<\/div>\n\t\t\t\t<div class=\"elementor-column elementor-col-33 elementor-inner-column elementor-element elementor-element-cf90dab\" data-id=\"cf90dab\" data-element_type=\"column\">\n\t\t\t<div class=\"elementor-widget-wrap elementor-element-populated\">\n\t\t\t\t\t\t<div class=\"elementor-element elementor-element-b754ae0 elementor-widget elementor-widget-image\" data-id=\"b754ae0\" data-element_type=\"widget\" data-widget_type=\"image.default\">\n\t\t\t\t<div class=\"elementor-widget-container\">\n\t\t\t\t\t\t\t\t\t\t\t\t<figure class=\"wp-caption\">\n\t\t\t\t\t\t\t\t\t\t<img loading=\"lazy\" decoding=\"async\" width=\"800\" height=\"800\" src=\"https:\/\/richeskarayib.com\/wp-content\/uploads\/2025\/03\/Carrousel-des-artistes-avec-le-magazine-2-1024x1024.png\" class=\"attachment-large size-large wp-image-46213\" alt=\"Femmes de la Cara\u00efbe\" srcset=\"https:\/\/richeskarayib.com\/wp-content\/uploads\/2025\/03\/Carrousel-des-artistes-avec-le-magazine-2-1024x1024.png 1024w, https:\/\/richeskarayib.com\/wp-content\/uploads\/2025\/03\/Carrousel-des-artistes-avec-le-magazine-2-300x300.png 300w, https:\/\/richeskarayib.com\/wp-content\/uploads\/2025\/03\/Carrousel-des-artistes-avec-le-magazine-2-150x150.png 150w, https:\/\/richeskarayib.com\/wp-content\/uploads\/2025\/03\/Carrousel-des-artistes-avec-le-magazine-2-768x768.png 768w, https:\/\/richeskarayib.com\/wp-content\/uploads\/2025\/03\/Carrousel-des-artistes-avec-le-magazine-2.png 1080w\" sizes=\"(max-width: 800px) 100vw, 800px\" \/>\t\t\t\t\t\t\t\t\t\t\t<figcaption class=\"widget-image-caption wp-caption-text\">Rihanna.\n\nSource: Rihanna<\/figcaption>\n\t\t\t\t\t\t\t\t\t\t<\/figure>\n\t\t\t\t\t\t\t\t\t<\/div>\n\t\t\t\t<\/div>\n\t\t\t\t\t<\/div>\n\t\t<\/div>\n\t\t\t\t\t<\/div>\n\t\t<\/section>\n\t\t\t\t<section class=\"elementor-section elementor-inner-section elementor-element elementor-element-f1d1be4 elementor-section-boxed elementor-section-height-default elementor-section-height-default\" data-id=\"f1d1be4\" data-element_type=\"section\">\n\t\t\t\t\t\t<div class=\"elementor-container elementor-column-gap-default\">\n\t\t\t\t\t<div class=\"elementor-column elementor-col-33 elementor-inner-column elementor-element elementor-element-500deb2\" data-id=\"500deb2\" data-element_type=\"column\">\n\t\t\t<div class=\"elementor-widget-wrap elementor-element-populated\">\n\t\t\t\t\t\t<div class=\"elementor-element elementor-element-dceea9b elementor-widget elementor-widget-image\" data-id=\"dceea9b\" data-element_type=\"widget\" data-widget_type=\"image.default\">\n\t\t\t\t<div class=\"elementor-widget-container\">\n\t\t\t\t\t\t\t\t\t\t\t\t<figure class=\"wp-caption\">\n\t\t\t\t\t\t\t\t\t\t<img loading=\"lazy\" decoding=\"async\" width=\"800\" height=\"800\" src=\"https:\/\/richeskarayib.com\/wp-content\/uploads\/2025\/03\/Carrousel-des-artistes-avec-le-magazine-1024x1024.png\" class=\"attachment-large size-large wp-image-46205\" alt=\"Femmes de la Cara\u00efbe\" srcset=\"https:\/\/richeskarayib.com\/wp-content\/uploads\/2025\/03\/Carrousel-des-artistes-avec-le-magazine-1024x1024.png 1024w, https:\/\/richeskarayib.com\/wp-content\/uploads\/2025\/03\/Carrousel-des-artistes-avec-le-magazine-300x300.png 300w, https:\/\/richeskarayib.com\/wp-content\/uploads\/2025\/03\/Carrousel-des-artistes-avec-le-magazine-150x150.png 150w, https:\/\/richeskarayib.com\/wp-content\/uploads\/2025\/03\/Carrousel-des-artistes-avec-le-magazine-768x768.png 768w, https:\/\/richeskarayib.com\/wp-content\/uploads\/2025\/03\/Carrousel-des-artistes-avec-le-magazine.png 1080w\" sizes=\"(max-width: 800px) 100vw, 800px\" \/>\t\t\t\t\t\t\t\t\t\t\t<figcaption class=\"widget-image-caption wp-caption-text\">Jocelyne Beroard - Source : Rich\u00e8s Karayib<\/figcaption>\n\t\t\t\t\t\t\t\t\t\t<\/figure>\n\t\t\t\t\t\t\t\t\t<\/div>\n\t\t\t\t<\/div>\n\t\t\t\t\t<\/div>\n\t\t<\/div>\n\t\t\t\t<div class=\"elementor-column elementor-col-33 elementor-inner-column elementor-element elementor-element-de00352\" data-id=\"de00352\" data-element_type=\"column\">\n\t\t\t<div class=\"elementor-widget-wrap elementor-element-populated\">\n\t\t\t\t\t\t<div class=\"elementor-element elementor-element-2097b7c elementor-widget elementor-widget-image\" data-id=\"2097b7c\" data-element_type=\"widget\" data-widget_type=\"image.default\">\n\t\t\t\t<div class=\"elementor-widget-container\">\n\t\t\t\t\t\t\t\t\t\t\t\t<figure class=\"wp-caption\">\n\t\t\t\t\t\t\t\t\t\t<img loading=\"lazy\" decoding=\"async\" width=\"800\" height=\"800\" src=\"https:\/\/richeskarayib.com\/wp-content\/uploads\/2025\/03\/palcy-1024x1024.png\" class=\"attachment-large size-large wp-image-46217\" alt=\"Femmes de la Cara\u00efbe\" srcset=\"https:\/\/richeskarayib.com\/wp-content\/uploads\/2025\/03\/palcy-1024x1024.png 1024w, https:\/\/richeskarayib.com\/wp-content\/uploads\/2025\/03\/palcy-300x300.png 300w, https:\/\/richeskarayib.com\/wp-content\/uploads\/2025\/03\/palcy-150x150.png 150w, https:\/\/richeskarayib.com\/wp-content\/uploads\/2025\/03\/palcy-768x768.png 768w, https:\/\/richeskarayib.com\/wp-content\/uploads\/2025\/03\/palcy.png 1080w\" sizes=\"(max-width: 800px) 100vw, 800px\" \/>\t\t\t\t\t\t\t\t\t\t\t<figcaption class=\"widget-image-caption wp-caption-text\">Euzhan Palcy.\n\nSource: Euzhan Palcy.<\/figcaption>\n\t\t\t\t\t\t\t\t\t\t<\/figure>\n\t\t\t\t\t\t\t\t\t<\/div>\n\t\t\t\t<\/div>\n\t\t\t\t\t<\/div>\n\t\t<\/div>\n\t\t\t\t<div class=\"elementor-column elementor-col-33 elementor-inner-column elementor-element elementor-element-e1f5f83\" data-id=\"e1f5f83\" data-element_type=\"column\">\n\t\t\t<div class=\"elementor-widget-wrap elementor-element-populated\">\n\t\t\t\t\t\t<div class=\"elementor-element elementor-element-ddf9063 elementor-widget elementor-widget-image\" data-id=\"ddf9063\" data-element_type=\"widget\" data-widget_type=\"image.default\">\n\t\t\t\t<div class=\"elementor-widget-container\">\n\t\t\t\t\t\t\t\t\t\t\t\t<figure class=\"wp-caption\">\n\t\t\t\t\t\t\t\t\t\t<img loading=\"lazy\" decoding=\"async\" width=\"800\" height=\"800\" src=\"https:\/\/richeskarayib.com\/wp-content\/uploads\/2025\/03\/Louise-Bennett-Coverley-1024x1024.jpg\" class=\"attachment-large size-large wp-image-46063\" alt=\"Femmes de la Cara\u00efbe\" srcset=\"https:\/\/richeskarayib.com\/wp-content\/uploads\/2025\/03\/Louise-Bennett-Coverley-1024x1024.jpg 1024w, https:\/\/richeskarayib.com\/wp-content\/uploads\/2025\/03\/Louise-Bennett-Coverley-300x300.jpg 300w, https:\/\/richeskarayib.com\/wp-content\/uploads\/2025\/03\/Louise-Bennett-Coverley-150x150.jpg 150w, https:\/\/richeskarayib.com\/wp-content\/uploads\/2025\/03\/Louise-Bennett-Coverley-768x768.jpg 768w, https:\/\/richeskarayib.com\/wp-content\/uploads\/2025\/03\/Louise-Bennett-Coverley.jpg 1080w\" sizes=\"(max-width: 800px) 100vw, 800px\" \/>\t\t\t\t\t\t\t\t\t\t\t<figcaption class=\"widget-image-caption wp-caption-text\">Louise Bennett-Coverley.\n\nSource: Louise Bennett-Coverley<\/figcaption>\n\t\t\t\t\t\t\t\t\t\t<\/figure>\n\t\t\t\t\t\t\t\t\t<\/div>\n\t\t\t\t<\/div>\n\t\t\t\t\t<\/div>\n\t\t<\/div>\n\t\t\t\t\t<\/div>\n\t\t<\/section>\n\t\t\t\t\t<\/div>\n\t\t<\/div>\n\t\t\t\t\t<\/div>\n\t\t<\/section>\n\t\t\t\t<section class=\"elementor-section elementor-top-section elementor-element elementor-element-67dda64 elementor-section-boxed elementor-section-height-default elementor-section-height-default\" data-id=\"67dda64\" data-element_type=\"section\">\n\t\t\t\t\t\t<div class=\"elementor-container elementor-column-gap-default\">\n\t\t\t\t\t<div class=\"elementor-column elementor-col-100 elementor-top-column elementor-element elementor-element-39680f0\" data-id=\"39680f0\" data-element_type=\"column\">\n\t\t\t<div class=\"elementor-widget-wrap elementor-element-populated\">\n\t\t\t\t\t\t<div class=\"elementor-element elementor-element-185fae8 elementor-widget elementor-widget-text-editor\" data-id=\"185fae8\" data-element_type=\"widget\" data-widget_type=\"text-editor.default\">\n\t\t\t\t<div class=\"elementor-widget-container\">\n\t\t\t\t\t\t\t\t\t<h1>Mentes brillantes en la ciencia caribe\u00f1a<\/h1>\n\t\t\t\t\t\t\t\t<\/div>\n\t\t\t\t<\/div>\n\t\t\t\t<div class=\"elementor-element elementor-element-7c6650b elementor-widget elementor-widget-text-editor\" data-id=\"7c6650b\" data-element_type=\"widget\" data-widget_type=\"text-editor.default\">\n\t\t\t\t<div class=\"elementor-widget-container\">\n\t\t\t\t\t\t\t\t\t<p data-start=\"5685\" data-end=\"6753\">Aunque se habla menos de ellas, las mujeres caribe\u00f1as tambi\u00e9n destacan en ciencia e innovaci\u00f3n.  <strong data-start=\"5788\" data-end=\"5839\">Dra. Camille Wardrop Alleyne (Trinidad y Tobago) <\/strong>  es un buen ejemplo. Ingeniera aeroespacial, ascendi\u00f3 en la NASA hasta ocupar un alto cargo en el programa de la Estaci\u00f3n Espacial Internacional. <\/p>\n\t\t\t\t\t\t\t\t<\/div>\n\t\t\t\t<\/div>\n\t\t\t\t<div class=\"elementor-element elementor-element-ed268ed elementor-widget elementor-widget-text-editor\" data-id=\"ed268ed\" data-element_type=\"widget\" data-widget_type=\"text-editor.default\">\n\t\t\t\t<div class=\"elementor-widget-container\">\n\t\t\t\t\t\t\t\t\t<p data-start=\"5685\" data-end=\"6753\">As\u00ed, la Dra. Camille Wardrop Alleyne es la \u00fanica mujer caribe\u00f1a que ocupa un alto cargo en la agencia espacial estadounidense, un logro notable en un campo que sigue estando muy dominado por los hombres. Consciente de la falta de mujeres caribe\u00f1as en STEM, fund\u00f3 la organizaci\u00f3n <em data-start=\"6376\" data-end=\"6393\">Brightest<\/em> Stars para animar a las ni\u00f1as y mujeres del Caribe, \u00c1frica y Am\u00e9rica Latina a seguir carreras cient\u00edficas. Su trayectoria profesional ilustra la audacia y el talento de los cerebros femeninos caribe\u00f1os, que a menudo se ven obligados a trasladarse al extranjero para desarrollar todo su potencial, pero que est\u00e1n profundamente comprometidos con elevar el perfil de su regi\u00f3n.   <\/p>\n\t\t\t\t\t\t\t\t<\/div>\n\t\t\t\t<\/div>\n\t\t\t\t<div class=\"elementor-element elementor-element-7e5e823 elementor-widget elementor-widget-text-editor\" data-id=\"7e5e823\" data-element_type=\"widget\" data-widget_type=\"text-editor.default\">\n\t\t\t\t<div class=\"elementor-widget-container\">\n\t\t\t\t\t\t\t\t\t<p data-start=\"6755\" data-end=\"7610\">Las mujeres caribe\u00f1as tambi\u00e9n contribuyen al progreso m\u00e9dico mundial.  <strong data-start=\"6824\" data-end=\"6856\">Dra. Deborah Persaud (Guyana) <\/strong>vir\u00f3loga, salt\u00f3 a los titulares en 2013 al contribuir a la <em data-start=\"6920\" data-end=\"6954\">primera remisi\u00f3n funcional de<\/em> un beb\u00e9 nacido con VIH. Nacida en Georgetown y emigrada a Estados Unidos, esta pediatra especialista en VIH -aclamada como una de las mejores investigadoras en su campo- dirigi\u00f3 el equipo que administr\u00f3 un tratamiento antirretroviral muy temprano a un reci\u00e9n nacido, lo que permiti\u00f3 al ni\u00f1o vivir sin ning\u00fan virus detectable. Este importante avance cient\u00edfico ha dado nuevas esperanzas en la lucha contra el sida infantil. El viaje del Dr. Persaud, desde su infancia en Guyana hasta los laboratorios de la Universidad Johns Hopkins, da testimonio de la inestimable contribuci\u00f3n de la di\u00e1spora caribe\u00f1a a la ciencia.    <\/p>\n\t\t\t\t\t\t\t\t<\/div>\n\t\t\t\t<\/div>\n\t\t\t\t<div class=\"elementor-element elementor-element-863ccf0 elementor-widget elementor-widget-text-editor\" data-id=\"863ccf0\" data-element_type=\"widget\" data-widget_type=\"text-editor.default\">\n\t\t\t\t<div class=\"elementor-widget-container\">\n\t\t\t\t\t\t\t\t\t<p data-start=\"7612\" data-end=\"8273\">Ya se trate de innovaciones en agronom\u00eda tropical, investigaci\u00f3n clim\u00e1tica o emprendimiento tecnol\u00f3gico, muchas otras mujeres del Caribe lideran proyectos pioneros. La climat\u00f3loga <strong data-start=\"7839\" data-end=\"7874\">Courtnae Bailey (San Vicente)<\/strong>, por ejemplo, se ha comprometido a hacer que las islas sean m\u00e1s resistentes a volcanes y huracanes. <\/p>\n<p data-start=\"7612\" data-end=\"8273\">Aunque a menudo entre bastidores, estas &#8220;guardianas del conocimiento&#8221; est\u00e1n allanando el camino para que las ni\u00f1as de hoy se conviertan en las innovadoras de ma\u00f1ana.<\/p>\n\t\t\t\t\t\t\t\t<\/div>\n\t\t\t\t<\/div>\n\t\t\t\t<section class=\"elementor-section elementor-inner-section elementor-element elementor-element-cfb6c49 elementor-section-boxed elementor-section-height-default elementor-section-height-default\" data-id=\"cfb6c49\" data-element_type=\"section\">\n\t\t\t\t\t\t<div class=\"elementor-container elementor-column-gap-default\">\n\t\t\t\t\t<div class=\"elementor-column elementor-col-33 elementor-inner-column elementor-element elementor-element-8c995b6\" data-id=\"8c995b6\" data-element_type=\"column\">\n\t\t\t<div class=\"elementor-widget-wrap elementor-element-populated\">\n\t\t\t\t\t\t<div class=\"elementor-element elementor-element-23a91af elementor-widget elementor-widget-image\" data-id=\"23a91af\" data-element_type=\"widget\" data-widget_type=\"image.default\">\n\t\t\t\t<div class=\"elementor-widget-container\">\n\t\t\t\t\t\t\t\t\t\t\t\t<figure class=\"wp-caption\">\n\t\t\t\t\t\t\t\t\t\t<img loading=\"lazy\" decoding=\"async\" width=\"800\" height=\"800\" src=\"https:\/\/richeskarayib.com\/wp-content\/uploads\/2025\/03\/phd-1024x1024.png\" class=\"attachment-large size-large wp-image-46221\" alt=\"Femmes de la Cara\u00efbe\" srcset=\"https:\/\/richeskarayib.com\/wp-content\/uploads\/2025\/03\/phd-1024x1024.png 1024w, https:\/\/richeskarayib.com\/wp-content\/uploads\/2025\/03\/phd-300x300.png 300w, https:\/\/richeskarayib.com\/wp-content\/uploads\/2025\/03\/phd-150x150.png 150w, https:\/\/richeskarayib.com\/wp-content\/uploads\/2025\/03\/phd-768x768.png 768w, https:\/\/richeskarayib.com\/wp-content\/uploads\/2025\/03\/phd.png 1080w\" sizes=\"(max-width: 800px) 100vw, 800px\" \/>\t\t\t\t\t\t\t\t\t\t\t<figcaption class=\"widget-image-caption wp-caption-text\">Dr. Camille Wardrop Alleyne.\n\nSource : UWI St. Augustine. <\/figcaption>\n\t\t\t\t\t\t\t\t\t\t<\/figure>\n\t\t\t\t\t\t\t\t\t<\/div>\n\t\t\t\t<\/div>\n\t\t\t\t\t<\/div>\n\t\t<\/div>\n\t\t\t\t<div class=\"elementor-column elementor-col-33 elementor-inner-column elementor-element elementor-element-08e4d8c\" data-id=\"08e4d8c\" data-element_type=\"column\">\n\t\t\t<div class=\"elementor-widget-wrap elementor-element-populated\">\n\t\t\t\t\t\t<div class=\"elementor-element elementor-element-0e6d725 elementor-widget elementor-widget-image\" data-id=\"0e6d725\" data-element_type=\"widget\" data-widget_type=\"image.default\">\n\t\t\t\t<div class=\"elementor-widget-container\">\n\t\t\t\t\t\t\t\t\t\t\t\t<figure class=\"wp-caption\">\n\t\t\t\t\t\t\t\t\t\t<img loading=\"lazy\" decoding=\"async\" width=\"750\" height=\"750\" src=\"https:\/\/richeskarayib.com\/wp-content\/uploads\/2025\/03\/Deborah_Persuad.jpg\" class=\"attachment-large size-large wp-image-46071\" alt=\"Femmes de la Cara\u00efbe\" srcset=\"https:\/\/richeskarayib.com\/wp-content\/uploads\/2025\/03\/Deborah_Persuad.jpg 750w, https:\/\/richeskarayib.com\/wp-content\/uploads\/2025\/03\/Deborah_Persuad-300x300.jpg 300w, https:\/\/richeskarayib.com\/wp-content\/uploads\/2025\/03\/Deborah_Persuad-150x150.jpg 150w\" sizes=\"(max-width: 750px) 100vw, 750px\" \/>\t\t\t\t\t\t\t\t\t\t\t<figcaption class=\"widget-image-caption wp-caption-text\"> Dr. Deborah Persaud.\n\nSource : Dr. Deborah Persaud<\/figcaption>\n\t\t\t\t\t\t\t\t\t\t<\/figure>\n\t\t\t\t\t\t\t\t\t<\/div>\n\t\t\t\t<\/div>\n\t\t\t\t\t<\/div>\n\t\t<\/div>\n\t\t\t\t<div class=\"elementor-column elementor-col-33 elementor-inner-column elementor-element elementor-element-3d209ab\" data-id=\"3d209ab\" data-element_type=\"column\">\n\t\t\t<div class=\"elementor-widget-wrap elementor-element-populated\">\n\t\t\t\t\t\t<div class=\"elementor-element elementor-element-389dce3 elementor-widget elementor-widget-image\" data-id=\"389dce3\" data-element_type=\"widget\" data-widget_type=\"image.default\">\n\t\t\t\t<div class=\"elementor-widget-container\">\n\t\t\t\t\t\t\t\t\t\t\t\t<figure class=\"wp-caption\">\n\t\t\t\t\t\t\t\t\t\t<img loading=\"lazy\" decoding=\"async\" width=\"800\" height=\"1000\" src=\"https:\/\/richeskarayib.com\/wp-content\/uploads\/2025\/03\/Dr.-Courtnae-Bailey-819x1024.jpg\" class=\"attachment-large size-large wp-image-46075\" alt=\"Femmes de la Cara\u00efbe\" srcset=\"https:\/\/richeskarayib.com\/wp-content\/uploads\/2025\/03\/Dr.-Courtnae-Bailey-819x1024.jpg 819w, https:\/\/richeskarayib.com\/wp-content\/uploads\/2025\/03\/Dr.-Courtnae-Bailey-240x300.jpg 240w, https:\/\/richeskarayib.com\/wp-content\/uploads\/2025\/03\/Dr.-Courtnae-Bailey-768x960.jpg 768w, https:\/\/richeskarayib.com\/wp-content\/uploads\/2025\/03\/Dr.-Courtnae-Bailey.jpg 1080w\" sizes=\"(max-width: 800px) 100vw, 800px\" \/>\t\t\t\t\t\t\t\t\t\t\t<figcaption class=\"widget-image-caption wp-caption-text\">Courtnae Bailey.\n\nSource : Courtnae Bailey<\/figcaption>\n\t\t\t\t\t\t\t\t\t\t<\/figure>\n\t\t\t\t\t\t\t\t\t<\/div>\n\t\t\t\t<\/div>\n\t\t\t\t\t<\/div>\n\t\t<\/div>\n\t\t\t\t\t<\/div>\n\t\t<\/section>\n\t\t\t\t\t<\/div>\n\t\t<\/div>\n\t\t\t\t\t<\/div>\n\t\t<\/section>\n\t\t\t\t<section class=\"elementor-section elementor-top-section elementor-element elementor-element-d59b8f4 elementor-section-boxed elementor-section-height-default elementor-section-height-default\" data-id=\"d59b8f4\" data-element_type=\"section\">\n\t\t\t\t\t\t<div class=\"elementor-container elementor-column-gap-default\">\n\t\t\t\t\t<div class=\"elementor-column elementor-col-100 elementor-top-column elementor-element elementor-element-5782f4a\" data-id=\"5782f4a\" data-element_type=\"column\">\n\t\t\t<div class=\"elementor-widget-wrap elementor-element-populated\">\n\t\t\t\t\t\t<div class=\"elementor-element elementor-element-8746900 elementor-widget elementor-widget-text-editor\" data-id=\"8746900\" data-element_type=\"widget\" data-widget_type=\"text-editor.default\">\n\t\t\t\t<div class=\"elementor-widget-container\">\n\t\t\t\t\t\t\t\t\t<h1>Luchadores por los derechos y la justicia social<\/h1>\n\t\t\t\t\t\t\t\t<\/div>\n\t\t\t\t<\/div>\n\t\t\t\t<div class=\"elementor-element elementor-element-61fa896 elementor-widget elementor-widget-text-editor\" data-id=\"61fa896\" data-element_type=\"widget\" data-widget_type=\"text-editor.default\">\n\t\t\t\t<div class=\"elementor-widget-container\">\n\t\t\t\t\t\t\t\t\t<p data-start=\"8328\" data-end=\"9164\">Las mujeres caribe\u00f1as tambi\u00e9n han estado en la vanguardia de las luchas sociales y por la igualdad. Ya en el siglo XVIII, <strong data-start=\"8469\" data-end=\"8484\">la Reina Nanny<\/strong> -tambi\u00e9n conocida como <strong data-start=\"8506\" data-end=\"8527\">Nanny de los Cimarrones-<\/strong> dirigi\u00f3 una comunidad de esclavos cimarrones en las colinas de Jamaica y libr\u00f3 una aut\u00e9ntica guerra de guerrillas contra los colonizadores brit\u00e1nicos. Reputada estratega militar y l\u00edder espiritual (se dice que fue sacerdotisa de Obeah), la Reina Nanny ayud\u00f3 a establecer hogares de libertad para los esclavos fugitivos. Su nombre se hizo tan legendario que fue coronada H\u00e9roe Nacional de Jamaica. Guardiana del tiempo, encarna la resistencia ancestral a la opresi\u00f3n, y su legado militante pervive en la Jamaica moderna.    <\/p>\n\t\t\t\t\t\t\t\t<\/div>\n\t\t\t\t<\/div>\n\t\t\t\t<div class=\"elementor-element elementor-element-09a65fd elementor-widget elementor-widget-text-editor\" data-id=\"09a65fd\" data-element_type=\"widget\" data-widget_type=\"text-editor.default\">\n\t\t\t\t<div class=\"elementor-widget-container\">\n\t\t\t\t\t\t\t\t\t<p data-start=\"9166\" data-end=\"10062\">Otro s\u00edmbolo fuerte procede de la Rep\u00fablica Dominicana con las <strong data-start=\"9232\" data-end=\"9249\">hermanas Mirabal<\/strong>: Patria, Minerva y Mar\u00eda Teresa. En la d\u00e9cada de 1950, estas tres mujeres caribe\u00f1as se atrevieron a desafiar a la sangrienta dictadura de Rafael Trujillo. Su compromiso con la libertad y la justicia les cost\u00f3 la vida: fueron brutalmente asesinadas el 25 de noviembre de 1960 por orden del r\u00e9gimen. Pero su martirio no fue en vano. Las <em data-start=\"9574\" data-end=\"9587\">&#8220;Mariposas<\/em> &#8221; (su nombre en clave en la clandestinidad) se han convertido en emblemas de la lucha contra la violencia hacia las mujeres. Como homenaje a su lucha, la ONU eligi\u00f3 el aniversario de su asesinato, el 25 de noviembre, como D\u00eda Internacional de la Eliminaci\u00f3n de la Violencia contra la Mujer. A\u00fan hoy, la memoria de las hermanas Mirabal inspira a los movimientos feministas de toda Am\u00e9rica Latina y del mundo.      <\/p>\n\t\t\t\t\t\t\t\t<\/div>\n\t\t\t\t<\/div>\n\t\t\t\t<div class=\"elementor-element elementor-element-ea38fd0 elementor-widget elementor-widget-text-editor\" data-id=\"ea38fd0\" data-element_type=\"widget\" data-widget_type=\"text-editor.default\">\n\t\t\t\t<div class=\"elementor-widget-container\">\n\t\t\t\t\t\t\t\t\t<p data-start=\"6755\" data-end=\"7610\">En las Antillas franc\u00f3fonas, <strong data-start=\"10096\" data-end=\"10128\">Gerty Archim\u00e8de (Guadalupe)<\/strong> es una pionera de los derechos civiles. Nacida en 1909, en 1939 se convirti\u00f3 en la primera mujer del Caribe en ejercer la abogac\u00eda en Guadalupe, y en 1946 en la primera diputada guadalupe\u00f1a en la Asamblea Nacional francesa. Gerty Archim\u00e8de dedic\u00f3 su vida a defender a los oprimidos y a promover los derechos de la mujer. Activista comunista, cre\u00f3 la Union des Femmes Guadeloup\u00e9ennes para estructurar la lucha feminista local. Tambi\u00e9n apoy\u00f3 causas internacionales, organizando comit\u00e9s de apoyo a Angela Davis en la d\u00e9cada de 1970. Hasta su muerte en 1980, esta &#8220;mujer excepcional&#8221; se mantuvo fiel a sus convicciones. <strong data-start=\"10967\" data-end=\"11081\">&#8220;Gerty Archim\u00e8de es un verdadero s\u00edmbolo de la mujer antillana y un modelo para todas las mujeres&#8221;,<\/strong> resume una semblanza suya realizada por una fundaci\u00f3n conmemorativa. El legado de esta mujer caribe\u00f1a puede verse hoy en todos los cargos electos y activistas de Guadalupe.      <\/p>\n\t\t\t\t\t\t\t\t<\/div>\n\t\t\t\t<\/div>\n\t\t\t\t<div class=\"elementor-element elementor-element-75322d2 elementor-widget elementor-widget-text-editor\" data-id=\"75322d2\" data-element_type=\"widget\" data-widget_type=\"text-editor.default\">\n\t\t\t\t<div class=\"elementor-widget-container\">\n\t\t\t\t\t\t\t\t\t<p data-start=\"11277\" data-end=\"11798\">Del mismo modo, en todo el Caribe, innumerables hero\u00ednas an\u00f3nimas o menos publicitadas se han alzado para defender los derechos humanos, la educaci\u00f3n, el medio ambiente o la igualdad de g\u00e9nero.  <\/p>\n\t\t\t\t\t\t\t\t<\/div>\n\t\t\t\t<\/div>\n\t\t\t\t<section class=\"elementor-section elementor-inner-section elementor-element elementor-element-877c270 elementor-section-boxed elementor-section-height-default elementor-section-height-default\" data-id=\"877c270\" data-element_type=\"section\">\n\t\t\t\t\t\t<div class=\"elementor-container elementor-column-gap-default\">\n\t\t\t\t\t<div class=\"elementor-column elementor-col-33 elementor-inner-column elementor-element elementor-element-d29187d\" data-id=\"d29187d\" data-element_type=\"column\">\n\t\t\t<div class=\"elementor-widget-wrap elementor-element-populated\">\n\t\t\t\t\t\t<div class=\"elementor-element elementor-element-903d608 elementor-widget elementor-widget-image\" data-id=\"903d608\" data-element_type=\"widget\" data-widget_type=\"image.default\">\n\t\t\t\t<div class=\"elementor-widget-container\">\n\t\t\t\t\t\t\t\t\t\t\t\t<figure class=\"wp-caption\">\n\t\t\t\t\t\t\t\t\t\t<img loading=\"lazy\" decoding=\"async\" width=\"800\" height=\"800\" src=\"https:\/\/richeskarayib.com\/wp-content\/uploads\/2025\/03\/KeTia-Star-Art-Queen-Nany.jpg\" class=\"attachment-large size-large wp-image-46079\" alt=\"Femmes de la Cara\u00efbe\" srcset=\"https:\/\/richeskarayib.com\/wp-content\/uploads\/2025\/03\/KeTia-Star-Art-Queen-Nany.jpg 960w, https:\/\/richeskarayib.com\/wp-content\/uploads\/2025\/03\/KeTia-Star-Art-Queen-Nany-300x300.jpg 300w, https:\/\/richeskarayib.com\/wp-content\/uploads\/2025\/03\/KeTia-Star-Art-Queen-Nany-150x150.jpg 150w, https:\/\/richeskarayib.com\/wp-content\/uploads\/2025\/03\/KeTia-Star-Art-Queen-Nany-768x768.jpg 768w\" sizes=\"(max-width: 800px) 100vw, 800px\" \/>\t\t\t\t\t\t\t\t\t\t\t<figcaption class=\"widget-image-caption wp-caption-text\">Queen Nany<\/figcaption>\n\t\t\t\t\t\t\t\t\t\t<\/figure>\n\t\t\t\t\t\t\t\t\t<\/div>\n\t\t\t\t<\/div>\n\t\t\t\t\t<\/div>\n\t\t<\/div>\n\t\t\t\t<div class=\"elementor-column elementor-col-33 elementor-inner-column elementor-element elementor-element-f7958ea\" data-id=\"f7958ea\" data-element_type=\"column\">\n\t\t\t<div class=\"elementor-widget-wrap elementor-element-populated\">\n\t\t\t\t\t\t<div class=\"elementor-element elementor-element-55cdaaa elementor-widget elementor-widget-image\" data-id=\"55cdaaa\" data-element_type=\"widget\" data-widget_type=\"image.default\">\n\t\t\t\t<div class=\"elementor-widget-container\">\n\t\t\t\t\t\t\t\t\t\t\t\t<figure class=\"wp-caption\">\n\t\t\t\t\t\t\t\t\t\t<img loading=\"lazy\" decoding=\"async\" width=\"739\" height=\"415\" src=\"https:\/\/richeskarayib.com\/wp-content\/uploads\/2025\/03\/Chaika.-Soeur-Mirabal.jpg\" class=\"attachment-large size-large wp-image-46083\" alt=\"Femmes de la Cara\u00efbe\" srcset=\"https:\/\/richeskarayib.com\/wp-content\/uploads\/2025\/03\/Chaika.-Soeur-Mirabal.jpg 739w, https:\/\/richeskarayib.com\/wp-content\/uploads\/2025\/03\/Chaika.-Soeur-Mirabal-300x168.jpg 300w\" sizes=\"(max-width: 739px) 100vw, 739px\" \/>\t\t\t\t\t\t\t\t\t\t\t<figcaption class=\"widget-image-caption wp-caption-text\">Les s\u0153urs Mirabal.<\/figcaption>\n\t\t\t\t\t\t\t\t\t\t<\/figure>\n\t\t\t\t\t\t\t\t\t<\/div>\n\t\t\t\t<\/div>\n\t\t\t\t\t<\/div>\n\t\t<\/div>\n\t\t\t\t<div class=\"elementor-column elementor-col-33 elementor-inner-column elementor-element elementor-element-c413720\" data-id=\"c413720\" data-element_type=\"column\">\n\t\t\t<div class=\"elementor-widget-wrap elementor-element-populated\">\n\t\t\t\t\t\t<div class=\"elementor-element elementor-element-1059b38 elementor-widget elementor-widget-image\" data-id=\"1059b38\" data-element_type=\"widget\" data-widget_type=\"image.default\">\n\t\t\t\t<div class=\"elementor-widget-container\">\n\t\t\t\t\t\t\t\t\t\t\t\t<figure class=\"wp-caption\">\n\t\t\t\t\t\t\t\t\t\t<img loading=\"lazy\" decoding=\"async\" width=\"720\" height=\"960\" src=\"https:\/\/richeskarayib.com\/wp-content\/uploads\/2025\/03\/Ville-de-Basse-Terre.-Guerty-Archimede.jpg\" class=\"attachment-large size-large wp-image-46087\" alt=\"Femmes de la Cara\u00efbe\" srcset=\"https:\/\/richeskarayib.com\/wp-content\/uploads\/2025\/03\/Ville-de-Basse-Terre.-Guerty-Archimede.jpg 720w, https:\/\/richeskarayib.com\/wp-content\/uploads\/2025\/03\/Ville-de-Basse-Terre.-Guerty-Archimede-225x300.jpg 225w\" sizes=\"(max-width: 720px) 100vw, 720px\" \/>\t\t\t\t\t\t\t\t\t\t\t<figcaption class=\"widget-image-caption wp-caption-text\">Ville de Basse-Terre.<\/figcaption>\n\t\t\t\t\t\t\t\t\t\t<\/figure>\n\t\t\t\t\t\t\t\t\t<\/div>\n\t\t\t\t<\/div>\n\t\t\t\t\t<\/div>\n\t\t<\/div>\n\t\t\t\t\t<\/div>\n\t\t<\/section>\n\t\t\t\t\t<\/div>\n\t\t<\/div>\n\t\t\t\t\t<\/div>\n\t\t<\/section>\n\t\t\t\t<section class=\"elementor-section elementor-top-section elementor-element elementor-element-4caa463 elementor-section-boxed elementor-section-height-default elementor-section-height-default\" data-id=\"4caa463\" data-element_type=\"section\">\n\t\t\t\t\t\t<div class=\"elementor-container elementor-column-gap-default\">\n\t\t\t\t\t<div class=\"elementor-column elementor-col-100 elementor-top-column elementor-element elementor-element-6fb1208\" data-id=\"6fb1208\" data-element_type=\"column\">\n\t\t\t<div class=\"elementor-widget-wrap elementor-element-populated\">\n\t\t\t\t\t\t<div class=\"elementor-element elementor-element-5cfddcf elementor-widget elementor-widget-text-editor\" data-id=\"5cfddcf\" data-element_type=\"widget\" data-widget_type=\"text-editor.default\">\n\t\t\t\t<div class=\"elementor-widget-container\">\n\t\t\t\t\t\t\t\t\t<h1>Mujer Maravilla del Caribe<\/h1>\n\t\t\t\t\t\t\t\t<\/div>\n\t\t\t\t<\/div>\n\t\t\t\t<div class=\"elementor-element elementor-element-25b10e2 elementor-widget elementor-widget-text-editor\" data-id=\"25b10e2\" data-element_type=\"widget\" data-widget_type=\"text-editor.default\">\n\t\t\t\t<div class=\"elementor-widget-container\">\n\t\t\t\t\t\t\t\t\t<p data-start=\"11805\" data-end=\"12789\">De los palacios presidenciales a los laboratorios de investigaci\u00f3n, de los escenarios de conciertos a las barricadas callejeras, las mujeres del Caribe han demostrado que son <em data-start=\"11959\" data-end=\"12015\">a la vez guardianas del tiempo y arquitectas del ma\u00f1ana<\/em>. Guardianas del tiempo, porque preservan la cultura, la memoria y las tradiciones de sus islas. Arquitectas del ma\u00f1ana, porque imaginan y construyen un futuro m\u00e1s justo, m\u00e1s pr\u00f3spero y m\u00e1s libre para sus comunidades. En este D\u00eda Internacional de los Derechos de la Mujer, el homenaje que les rinde <strong data-start=\"12345\" data-end=\"12363\">Rich\u00e8s Karayib<\/strong> es un recordatorio de lo valiosa que es su influencia. Este resumen destaca algunas de estas <strong data-start=\"12502\" data-end=\"12528\">Mujeres Maravilla del Caribe<\/strong>, aunque hay muchas otras, a menudo en la sombra, que merecen ser mencionadas. Que sus historias inspiren a las generaciones futuras a continuar su labor, para que el legado de las mujeres caribe\u00f1as siga brillando en todo el mundo.     <\/p>\n\t\t\t\t\t\t\t\t<\/div>\n\t\t\t\t<\/div>\n\t\t\t\t\t<\/div>\n\t\t<\/div>\n\t\t\t\t\t<\/div>\n\t\t<\/section>\n\t\t\t\t<\/div>\n\t\t","protected":false},"excerpt":{"rendered":"<p>Las mujeres caribe\u00f1as han dado forma a la historia, atravesando los siglos como guardianas del tiempo y la tradici\u00f3n, pero tambi\u00e9n como arquitectas visionarias del futuro. Esta frase ilustra perfectamente el papel crucial que las mujeres caribe\u00f1as han desempe\u00f1ado y siguen desempe\u00f1ando a lo largo de la historia. Desde las plantaciones de esclavos del siglo [&hellip;]<\/p>\n","protected":false},"author":47,"featured_media":46225,"comment_status":"open","ping_status":"open","sticky":false,"template":"","format":"standard","meta":{"_acf_changed":false,"footnotes":""},"categories":[839],"tags":[1593,1451,1547,1668,810,818,816,1481,1649,1594],"class_list":["post-46021","post","type-post","status-publish","format-standard","has-post-thumbnail","hentry","category-noticias","tag-barbade-es","tag-dominica","tag-guadalupe","tag-guyana-es-2","tag-haiti-es-2","tag-jamaica","tag-martinique-es","tag-republica-dominicana","tag-saint-vincent-es","tag-sainte-lucie-es"],"acf":[],"_links":{"self":[{"href":"https:\/\/richeskarayib.com\/es\/wp-json\/wp\/v2\/posts\/46021","targetHints":{"allow":["GET"]}}],"collection":[{"href":"https:\/\/richeskarayib.com\/es\/wp-json\/wp\/v2\/posts"}],"about":[{"href":"https:\/\/richeskarayib.com\/es\/wp-json\/wp\/v2\/types\/post"}],"author":[{"embeddable":true,"href":"https:\/\/richeskarayib.com\/es\/wp-json\/wp\/v2\/users\/47"}],"replies":[{"embeddable":true,"href":"https:\/\/richeskarayib.com\/es\/wp-json\/wp\/v2\/comments?post=46021"}],"version-history":[{"count":0,"href":"https:\/\/richeskarayib.com\/es\/wp-json\/wp\/v2\/posts\/46021\/revisions"}],"wp:featuredmedia":[{"embeddable":true,"href":"https:\/\/richeskarayib.com\/es\/wp-json\/wp\/v2\/media\/46225"}],"wp:attachment":[{"href":"https:\/\/richeskarayib.com\/es\/wp-json\/wp\/v2\/media?parent=46021"}],"wp:term":[{"taxonomy":"category","embeddable":true,"href":"https:\/\/richeskarayib.com\/es\/wp-json\/wp\/v2\/categories?post=46021"},{"taxonomy":"post_tag","embeddable":true,"href":"https:\/\/richeskarayib.com\/es\/wp-json\/wp\/v2\/tags?post=46021"}],"curies":[{"name":"wp","href":"https:\/\/api.w.org\/{rel}","templated":true}]}}