{"id":46538,"date":"2025-03-18T11:50:50","date_gmt":"2025-03-18T15:50:50","guid":{"rendered":"https:\/\/richeskarayib.com\/san-martin-oeco-organizacion-de-estados-del-caribe-oriental-un-nuevo-capitulo-para-san-martin\/"},"modified":"2025-03-18T11:50:50","modified_gmt":"2025-03-18T15:50:50","slug":"san-martin-oeco-organizacion-de-estados-del-caribe-oriental-un-nuevo-capitulo-para-san-martin","status":"publish","type":"post","link":"https:\/\/richeskarayib.com\/es\/san-martin-oeco-organizacion-de-estados-del-caribe-oriental-un-nuevo-capitulo-para-san-martin\/","title":{"rendered":"SAN MART\u00cdN: OECO (Organizaci\u00f3n de Estados del Caribe Oriental): Un nuevo cap\u00edtulo para San Mart\u00edn"},"content":{"rendered":"\t\t<div data-elementor-type=\"wp-post\" data-elementor-id=\"46538\" class=\"elementor elementor-46538 elementor-46528\" data-elementor-post-type=\"post\">\n\t\t\t\t\t\t<section class=\"elementor-section elementor-top-section elementor-element elementor-element-7d71f82 elementor-section-boxed elementor-section-height-default elementor-section-height-default\" data-id=\"7d71f82\" data-element_type=\"section\">\n\t\t\t\t\t\t<div class=\"elementor-container elementor-column-gap-default\">\n\t\t\t\t\t<div class=\"elementor-column elementor-col-100 elementor-top-column elementor-element elementor-element-c153284\" data-id=\"c153284\" data-element_type=\"column\">\n\t\t\t<div class=\"elementor-widget-wrap elementor-element-populated\">\n\t\t\t\t\t\t<div class=\"elementor-element elementor-element-4f6c6de elementor-widget elementor-widget-text-editor\" data-id=\"4f6c6de\" data-element_type=\"widget\" data-widget_type=\"text-editor.default\">\n\t\t\t\t<div class=\"elementor-widget-container\">\n\t\t\t\t\t\t\t\t\t<p><span style=\"font-weight: 400;\">L&#8217;<\/span><b>OECO<\/b> <a href=\"https:\/\/oecs.int\/fr\/\" target=\"_blank\" rel=\"noopener nofollow\"><b>(Organizaci\u00f3n de Estados del Caribe Oriental) <\/b><\/a> <span style=\"font-weight: 400;\">es una instituci\u00f3n intergubernamental que facilita la cooperaci\u00f3n econ\u00f3mica, social, medioambiental y pol\u00edtica entre sus miembros. Desde su fundaci\u00f3n en   <\/span>1981<span style=\"font-weight: 400;\">, trabaja por la integraci\u00f3n regional promoviendo pol\u00edticas comunes en \u00e1mbitos estrat\u00e9gicos como <\/span>el comercio, la educaci\u00f3n, la sanidad, el turismo y la gobernanza<span style=\"font-weight: 400;\">.<\/span><\/p>\n\t\t\t\t\t\t\t\t<\/div>\n\t\t\t\t<\/div>\n\t\t\t\t<div class=\"elementor-element elementor-element-a74175a elementor-widget elementor-widget-text-editor\" data-id=\"a74175a\" data-element_type=\"widget\" data-widget_type=\"text-editor.default\">\n\t\t\t\t<div class=\"elementor-widget-container\">\n\t\t\t\t\t\t\t\t\t<p><span style=\"font-weight: 400;\">Comprende siete Estados miembros de pleno derecho: <\/span><b>ANTIGUA-ET-BARBUDA, LA DOMINIQUE, GRANADA, MONTSERRAT, SAINT-KITTS-ET-NEVIS, SAINTE-LUCIE y SAINT-VINCENT-ET-LES-GRENADINES.<\/b><span style=\"font-weight: 400;\">. Adem\u00e1s de estos miembros soberanos, la organizaci\u00f3n tambi\u00e9n incluye a   <\/span><b>cuatro miembros asociados<\/b><span style=\"font-weight: 400;\"> : <\/span><b>ISLAS BRIT\u00c1NICAS, ANGUILLA, MARTINICA y GUADALUPE<\/b><span style=\"font-weight: 400;\">. Miembros de   <\/span><b>SAN MART\u00cdN<\/b><span style=\"font-weight: 400;\"> como <\/span>miembro asociado 5\u1d49<span style=\"font-weight: 400;\"> es un gran paso adelante para la integraci\u00f3n de la isla en la zona del Caribe.<\/span><\/p>\n\t\t\t\t\t\t\t\t<\/div>\n\t\t\t\t<\/div>\n\t\t\t\t\t<\/div>\n\t\t<\/div>\n\t\t\t\t\t<\/div>\n\t\t<\/section>\n\t\t\t\t<section class=\"elementor-section elementor-top-section elementor-element elementor-element-9be5ad7 elementor-section-boxed elementor-section-height-default elementor-section-height-default\" data-id=\"9be5ad7\" data-element_type=\"section\">\n\t\t\t\t\t\t<div class=\"elementor-container elementor-column-gap-default\">\n\t\t\t\t\t<div class=\"elementor-column elementor-col-100 elementor-top-column elementor-element elementor-element-76aecaa\" data-id=\"76aecaa\" data-element_type=\"column\">\n\t\t\t<div class=\"elementor-widget-wrap elementor-element-populated\">\n\t\t\t\t\t\t<div class=\"elementor-element elementor-element-96fb8e3 elementor-widget elementor-widget-heading\" data-id=\"96fb8e3\" data-element_type=\"widget\" data-widget_type=\"heading.default\">\n\t\t\t\t<div class=\"elementor-widget-container\">\n\t\t\t\t\t<h2 class=\"elementor-heading-title elementor-size-default\">\u00bfPor qu\u00e9 quer\u00eda Saint-Martin adherirse a la OECO?\n<\/h2>\t\t\t\t<\/div>\n\t\t\t\t<\/div>\n\t\t\t\t<div class=\"elementor-element elementor-element-fc48138 elementor-widget elementor-widget-text-editor\" data-id=\"fc48138\" data-element_type=\"widget\" data-widget_type=\"text-editor.default\">\n\t\t\t\t<div class=\"elementor-widget-container\">\n\t\t\t\t\t\t\t\t\t<p><a href=\"https:\/\/richeskarayib.com\/es\/festival-gastronomico-de-saint-martin-una-celebracion-culinaria\/\" target=\"_blank\" rel=\"noopener\">SAINT-MARTIN<\/a><span style=\"font-weight: 400;\">Sint Maarten, territorio franc\u00e9s situado en la parte norte de la isla compartida con Sint Maarten (territorio holand\u00e9s), mantiene desde hace tiempo v\u00ednculos econ\u00f3micos y culturales con sus vecinos caribe\u00f1os. Su pertenencia a la <\/span>La Organizaci\u00f3n de Estados del Caribe Oriental<span style=\"font-weight: 400;\"> est\u00e1 respondiendo a una serie de retos:<\/span><\/p>\n\t\t\t\t\t\t\t\t<\/div>\n\t\t\t\t<\/div>\n\t\t\t\t<div class=\"elementor-element elementor-element-b1949f3 elementor-widget elementor-widget-text-editor\" data-id=\"b1949f3\" data-element_type=\"widget\" data-widget_type=\"text-editor.default\">\n\t\t\t\t<div class=\"elementor-widget-container\">\n\t\t\t\t\t\t\t\t\t<ul>\n<li style=\"font-weight: 400;\" aria-level=\"1\"><b>Reforzar su posici\u00f3n regional<\/b><span style=\"font-weight: 400;\">: al unirse a una organizaci\u00f3n influyente en el Caribe Oriental, <\/span>San Mart\u00edn<span style=\"font-weight: 400;\"> afirma su papel como socio econ\u00f3mico y estrat\u00e9gico.<\/span><\/li>\n<li style=\"font-weight: 400;\" aria-level=\"1\"><b>Aumentar las oportunidades empresariales<\/b><span style=\"font-weight: 400;\">: la afiliaci\u00f3n facilita el acceso a los mercados de otros miembros y fomenta <\/span>el comercio, la inversi\u00f3n y la cooperaci\u00f3n econ\u00f3mica<span style=\"font-weight: 400;\">.<\/span><\/li>\n<li style=\"font-weight: 400;\" aria-level=\"1\"><b>Apoyar el desarrollo sostenible<\/b><span style=\"font-weight: 400;\">: la<\/span>OECO<span style=\"font-weight: 400;\"> desempe\u00f1a un papel clave en el desarrollo de estrategias medioambientales y econ\u00f3micas adaptadas a los retos clim\u00e1ticos y sociales de la regi\u00f3n.<\/span><\/li>\n<li style=\"font-weight: 400;\" aria-level=\"1\"><b>Facilitar la movilidad de los ciudadanos<\/b>: los residentes en San Mart\u00edn podr\u00e1n beneficiarse de programas de movilidad, facilitando los intercambios profesionales, estudiantiles y culturales con otros territorios miembros.<\/li>\n<\/ul>\n\t\t\t\t\t\t\t\t<\/div>\n\t\t\t\t<\/div>\n\t\t\t\t\t<\/div>\n\t\t<\/div>\n\t\t\t\t\t<\/div>\n\t\t<\/section>\n\t\t\t\t<section class=\"elementor-section elementor-top-section elementor-element elementor-element-889dceb elementor-section-boxed elementor-section-height-default elementor-section-height-default\" data-id=\"889dceb\" data-element_type=\"section\">\n\t\t\t\t\t\t<div class=\"elementor-container elementor-column-gap-default\">\n\t\t\t\t\t<div class=\"elementor-column elementor-col-100 elementor-top-column elementor-element elementor-element-cb266eb\" data-id=\"cb266eb\" data-element_type=\"column\">\n\t\t\t<div class=\"elementor-widget-wrap elementor-element-populated\">\n\t\t\t\t\t\t<div class=\"elementor-element elementor-element-8edf822 elementor-widget elementor-widget-heading\" data-id=\"8edf822\" data-element_type=\"widget\" data-widget_type=\"heading.default\">\n\t\t\t\t<div class=\"elementor-widget-container\">\n\t\t\t\t\t<h2 class=\"elementor-heading-title elementor-size-default\">Un proceso de afiliaci\u00f3n en varias fases\n<\/h2>\t\t\t\t<\/div>\n\t\t\t\t<\/div>\n\t\t\t\t<div class=\"elementor-element elementor-element-6d1f975 elementor-widget elementor-widget-text-editor\" data-id=\"6d1f975\" data-element_type=\"widget\" data-widget_type=\"text-editor.default\">\n\t\t\t\t<div class=\"elementor-widget-container\">\n\t\t\t\t\t\t\t\t\t<p><span style=\"font-weight: 400;\">Integraci\u00f3n de <\/span>San Mart\u00edn en la OECO  <span style=\"font-weight: 400;\">no es casual. Este proceso comenz\u00f3   <\/span><b>hace<\/b>m\u00e1s de diez a\u00f1os<span style=\"font-weight: 400;\"> y ha seguido varias etapas clave:<\/span><\/p>\n<ol>\n<li style=\"font-weight: 400;\" aria-level=\"1\"><b>2019<\/b><span style=\"font-weight: 400;\">: fin del estatus de observador de <\/span>San Mart\u00edn<span style=\"font-weight: 400;\">, que permite el acceso a la siguiente fase de adhesi\u00f3n.<\/span><\/li>\n<li style=\"font-weight: 400;\" aria-level=\"1\"><b>Enero de 2021<\/b><span style=\"font-weight: 400;\"> Presentaci\u00f3n oficial de la solicitud de adhesi\u00f3n por parte de la autoridad local.<\/span><\/li>\n<li style=\"font-weight: 400;\" aria-level=\"1\"><b>2022<\/b><span style=\"font-weight: 400;\"> La aprobaci\u00f3n del gobierno franc\u00e9s, condici\u00f3n indispensable para que un territorio franc\u00e9s se adhiera a una organizaci\u00f3n internacional.<\/span><\/li>\n<li style=\"font-weight: 400;\" aria-level=\"1\"><b>Marzo de 2024<\/b>: firma oficial de adhesi\u00f3n y participaci\u00f3n en la 76\u1d49 reuni\u00f3n plenaria de la OECO.<\/li>\n<\/ol>\n\t\t\t\t\t\t\t\t<\/div>\n\t\t\t\t<\/div>\n\t\t\t\t\t<\/div>\n\t\t<\/div>\n\t\t\t\t\t<\/div>\n\t\t<\/section>\n\t\t\t\t<section class=\"elementor-section elementor-top-section elementor-element elementor-element-53262f1 elementor-section-boxed elementor-section-height-default elementor-section-height-default\" data-id=\"53262f1\" data-element_type=\"section\">\n\t\t\t\t\t\t<div class=\"elementor-container elementor-column-gap-default\">\n\t\t\t\t\t<div class=\"elementor-column elementor-col-100 elementor-top-column elementor-element elementor-element-eac4faf\" data-id=\"eac4faf\" data-element_type=\"column\">\n\t\t\t<div class=\"elementor-widget-wrap elementor-element-populated\">\n\t\t\t\t\t\t<div class=\"elementor-element elementor-element-05782f7 elementor-widget elementor-widget-heading\" data-id=\"05782f7\" data-element_type=\"widget\" data-widget_type=\"heading.default\">\n\t\t\t\t<div class=\"elementor-widget-container\">\n\t\t\t\t\t<h2 class=\"elementor-heading-title elementor-size-default\">Una ceremonia oficial en Saint-Martin<\/h2>\t\t\t\t<\/div>\n\t\t\t\t<\/div>\n\t\t\t\t<div class=\"elementor-element elementor-element-9c39683 elementor-widget elementor-widget-text-editor\" data-id=\"9c39683\" data-element_type=\"widget\" data-widget_type=\"text-editor.default\">\n\t\t\t\t<div class=\"elementor-widget-container\">\n\t\t\t\t\t\t\t\t\t<p><span style=\"font-weight: 400;\">Para conmemorar este acontecimiento hist\u00f3rico, se celebrar\u00e1 una <\/span>ceremonia de adhesi\u00f3n los d\u00edas 19 y 20 de marzo de 2024 en Anse Marcel. Reunir\u00e1 a los once Jefes de Estado y de Gobierno de los miembros de la OECO<span style=\"font-weight: 400;\">, as\u00ed como a personalidades clave como :<\/span> <\/p>\n<ul>\n<li style=\"font-weight: 400;\" aria-level=\"1\"><b>Didacus Jules<\/b><span style=\"font-weight: 400;\">Director General de la OECO<\/span><\/li>\n<li style=\"font-weight: 400;\" aria-level=\"1\"><b>Reuben Meade<\/b><span style=\"font-weight: 400;\">, Primer Ministro de <\/span>MONTSERRAT<\/li>\n<li style=\"font-weight: 400;\" aria-level=\"1\"><b>Philip J. Pierre<\/b><span style=\"font-weight: 400;\">, Primer Ministro de <\/span>SANTA LUC\u00cdA<\/li>\n<li style=\"font-weight: 400;\" aria-level=\"1\"><b>Louis Mussington<\/b>, Presidente de la Colectividad de SAINT-MARTIN<\/li>\n<\/ul>\n\t\t\t\t\t\t\t\t<\/div>\n\t\t\t\t<\/div>\n\t\t\t\t<div class=\"elementor-element elementor-element-3d05ecc elementor-widget elementor-widget-text-editor\" data-id=\"3d05ecc\" data-element_type=\"widget\" data-widget_type=\"text-editor.default\">\n\t\t\t\t<div class=\"elementor-widget-container\">\n\t\t\t\t\t\t\t\t\t<p><span style=\"font-weight: 400;\">El <\/span>19 de marzo<span style=\"font-weight: 400;\">, la ceremonia oficial comenzar\u00e1 a <\/span>las 16.30 horas<span style=\"font-weight: 400;\"> y estar\u00e1 <\/span>abierta al p\u00fablico, a los representantes electos y a los socios locales<span style=\"font-weight: 400;\">.<\/span><\/p>\n<p>El 20 de <span style=\"font-weight: 400;\">marzo <\/span><span style=\"font-weight: 400;\">, <\/span>la 76\u1d49 reuni\u00f3n plenaria de la OECO<span style=\"font-weight: 400;\"> formalizar\u00e1 la adhesi\u00f3n de <\/span>SAN MART\u00cdN<span style=\"font-weight: 400;\">, seguida de un almuerzo que reunir\u00e1 a los jefes de Estado y a los alumnos de la <\/span>escuela profesional Daniella Jeffry<span style=\"font-weight: 400;\">, que ofrece a los j\u00f3venes un contacto directo con los principales actores de la regi\u00f3n.<\/span><\/p>\n\t\t\t\t\t\t\t\t<\/div>\n\t\t\t\t<\/div>\n\t\t\t\t<section class=\"elementor-section elementor-inner-section elementor-element elementor-element-775066d elementor-section-boxed elementor-section-height-default elementor-section-height-default\" data-id=\"775066d\" data-element_type=\"section\">\n\t\t\t\t\t\t<div class=\"elementor-container elementor-column-gap-default\">\n\t\t\t\t\t<div class=\"elementor-column elementor-col-50 elementor-inner-column elementor-element elementor-element-7b93a6e\" data-id=\"7b93a6e\" data-element_type=\"column\">\n\t\t\t<div class=\"elementor-widget-wrap elementor-element-populated\">\n\t\t\t\t\t\t<div class=\"elementor-element elementor-element-8174599 elementor-widget elementor-widget-image\" data-id=\"8174599\" data-element_type=\"widget\" data-widget_type=\"image.default\">\n\t\t\t\t<div class=\"elementor-widget-container\">\n\t\t\t\t\t\t\t\t\t\t\t\t<figure class=\"wp-caption\">\n\t\t\t\t\t\t\t\t\t\t<img fetchpriority=\"high\" decoding=\"async\" width=\"800\" height=\"623\" src=\"https:\/\/richeskarayib.com\/wp-content\/uploads\/2025\/03\/Capture-d-ecran-2025-03-11-a-17-19-13-67d06337dd183.webp\" class=\"attachment-large size-large wp-image-46536\" alt=\"Organisation des \u00c9tats de la Cara\u00efbe Orientale\" srcset=\"https:\/\/richeskarayib.com\/wp-content\/uploads\/2025\/03\/Capture-d-ecran-2025-03-11-a-17-19-13-67d06337dd183.webp 902w, https:\/\/richeskarayib.com\/wp-content\/uploads\/2025\/03\/Capture-d-ecran-2025-03-11-a-17-19-13-67d06337dd183-300x233.webp 300w, https:\/\/richeskarayib.com\/wp-content\/uploads\/2025\/03\/Capture-d-ecran-2025-03-11-a-17-19-13-67d06337dd183-768x598.webp 768w\" sizes=\"(max-width: 800px) 100vw, 800px\" \/>\t\t\t\t\t\t\t\t\t\t\t<figcaption class=\"widget-image-caption wp-caption-text\">Didacus Jules, directeur g\u00e9n\u00e9ral de l\u2019Organisation des \u00c9tats de la Cara\u00efbe orientale (OECO) et le pr\u00e9sident du Conseil territorial de Saint-Martin, Louis Mussington, mai 2024<\/figcaption>\n\t\t\t\t\t\t\t\t\t\t<\/figure>\n\t\t\t\t\t\t\t\t\t<\/div>\n\t\t\t\t<\/div>\n\t\t\t\t\t<\/div>\n\t\t<\/div>\n\t\t\t\t<div class=\"elementor-column elementor-col-50 elementor-inner-column elementor-element elementor-element-8138500\" data-id=\"8138500\" data-element_type=\"column\">\n\t\t\t<div class=\"elementor-widget-wrap elementor-element-populated\">\n\t\t\t\t\t\t<div class=\"elementor-element elementor-element-646855d elementor-widget elementor-widget-image\" data-id=\"646855d\" data-element_type=\"widget\" data-widget_type=\"image.default\">\n\t\t\t\t<div class=\"elementor-widget-container\">\n\t\t\t\t\t\t\t\t\t\t\t\t<figure class=\"wp-caption\">\n\t\t\t\t\t\t\t\t\t\t<img decoding=\"async\" width=\"800\" height=\"533\" src=\"https:\/\/richeskarayib.com\/wp-content\/uploads\/2025\/03\/Didacus-Jules-directeur-general-de-lOrganisation-des-Etats-de-la-Caraibe-orientale-OECO-et-le-president-du-Conseil-territorial-de-Saint-Martin-Louis-Mussington-mai-2024-.webp\" class=\"attachment-large size-large wp-image-46532\" alt=\"Organisation des \u00c9tats de la Cara\u00efbe Orientale\" srcset=\"https:\/\/richeskarayib.com\/wp-content\/uploads\/2025\/03\/Didacus-Jules-directeur-general-de-lOrganisation-des-Etats-de-la-Caraibe-orientale-OECO-et-le-president-du-Conseil-territorial-de-Saint-Martin-Louis-Mussington-mai-2024-.webp 930w, https:\/\/richeskarayib.com\/wp-content\/uploads\/2025\/03\/Didacus-Jules-directeur-general-de-lOrganisation-des-Etats-de-la-Caraibe-orientale-OECO-et-le-president-du-Conseil-territorial-de-Saint-Martin-Louis-Mussington-mai-2024--300x200.webp 300w, https:\/\/richeskarayib.com\/wp-content\/uploads\/2025\/03\/Didacus-Jules-directeur-general-de-lOrganisation-des-Etats-de-la-Caraibe-orientale-OECO-et-le-president-du-Conseil-territorial-de-Saint-Martin-Louis-Mussington-mai-2024--768x512.webp 768w\" sizes=\"(max-width: 800px) 100vw, 800px\" \/>\t\t\t\t\t\t\t\t\t\t\t<figcaption class=\"widget-image-caption wp-caption-text\">Didacus Jules, directeur g\u00e9n\u00e9ral de l\u2019Organisation des \u00c9tats de la Cara\u00efbe orientale (OECO) et le pr\u00e9sident du Conseil territorial de Saint-Martin, Louis Mussington, mai 2024.\n\n\nSource: franceinfo<\/figcaption>\n\t\t\t\t\t\t\t\t\t\t<\/figure>\n\t\t\t\t\t\t\t\t\t<\/div>\n\t\t\t\t<\/div>\n\t\t\t\t\t<\/div>\n\t\t<\/div>\n\t\t\t\t\t<\/div>\n\t\t<\/section>\n\t\t\t\t\t<\/div>\n\t\t<\/div>\n\t\t\t\t\t<\/div>\n\t\t<\/section>\n\t\t\t\t<section class=\"elementor-section elementor-top-section elementor-element elementor-element-3a876d3 elementor-section-boxed elementor-section-height-default elementor-section-height-default\" data-id=\"3a876d3\" data-element_type=\"section\">\n\t\t\t\t\t\t<div class=\"elementor-container elementor-column-gap-default\">\n\t\t\t\t\t<div class=\"elementor-column elementor-col-100 elementor-top-column elementor-element elementor-element-69cb312\" data-id=\"69cb312\" data-element_type=\"column\">\n\t\t\t<div class=\"elementor-widget-wrap elementor-element-populated\">\n\t\t\t\t\t\t<div class=\"elementor-element elementor-element-97eb546 elementor-widget elementor-widget-heading\" data-id=\"97eb546\" data-element_type=\"widget\" data-widget_type=\"heading.default\">\n\t\t\t\t<div class=\"elementor-widget-container\">\n\t\t\t\t\t<h2 class=\"elementor-heading-title elementor-size-default\">\u00bfCu\u00e1les son las ventajas para Saint-Martin?<\/h2>\t\t\t\t<\/div>\n\t\t\t\t<\/div>\n\t\t\t\t<div class=\"elementor-element elementor-element-b5df144 elementor-widget elementor-widget-text-editor\" data-id=\"b5df144\" data-element_type=\"widget\" data-widget_type=\"text-editor.default\">\n\t\t\t\t<div class=\"elementor-widget-container\">\n\t\t\t\t\t\t\t\t\t<p><span style=\"font-weight: 400;\">La pertenencia a<\/span><a href=\"https:\/\/la1ere.francetvinfo.fr\/guadeloupe\/saint-martin\/saint-martin-a-quelques-jours-de-son-entree-historique-au-sein-de-l-organisation-des-etats-de-la-caraibe-orientale-1569022.html\" target=\"_blank\" rel=\"noopener nofollow\">la OECO<\/a> <span style=\"font-weight: 400;\">aporta <\/span><span style=\"font-weight: 400;\"> una serie de beneficios tangibles a San Mart\u00edn:<\/span><\/p>\n<ul>\n<li style=\"font-weight: 400;\" aria-level=\"1\"><b>Acceso a una red de socios econ\u00f3micos e institucionales<\/b><span style=\"font-weight: 400;\"> facilitando la colaboraci\u00f3n y las oportunidades de inversi\u00f3n.<\/span><\/li>\n<li style=\"font-weight: 400;\" aria-level=\"1\"><b>Participaci\u00f3n en programas regionales en \u00e1mbitos clave como la educaci\u00f3n<\/b><span style=\"font-weight: 400;\"> como la educaci\u00f3n, las energ\u00edas renovables y la gesti\u00f3n del riesgo clim\u00e1tico.<\/span><\/li>\n<li style=\"font-weight: 400;\" aria-level=\"1\"><b>Poner en marcha estrategias conjuntas para el turismo<\/b><span style=\"font-weight: 400;\">, un sector esencial para la econom\u00eda de <\/span>San Mart\u00edn<span style=\"font-weight: 400;\">.<\/span><\/li>\n<li style=\"font-weight: 400;\" aria-level=\"1\"><b>Reforzar la diplomacia regional<\/b><span style=\"font-weight: 400;\">, dando <\/span><span style=\"font-weight: 400;\"> voz a San Mart\u00edn en los debates estrat\u00e9gicos sobre el futuro del Caribe Oriental.<\/span><\/li>\n<\/ul>\n<p><span style=\"font-weight: 400;\">La afiliaci\u00f3n tambi\u00e9n implica una contribuci\u00f3n financiera de <\/span><b>201.000 al a\u00f1o<\/b><span style=\"font-weight: 400;\">Se trata de una inversi\u00f3n estrat\u00e9gica para reforzar la posici\u00f3n de la isla en la regi\u00f3n.<\/span><\/p>\n\t\t\t\t\t\t\t\t<\/div>\n\t\t\t\t<\/div>\n\t\t\t\t\t<\/div>\n\t\t<\/div>\n\t\t\t\t\t<\/div>\n\t\t<\/section>\n\t\t\t\t<section class=\"elementor-section elementor-top-section elementor-element elementor-element-5b9197f elementor-section-boxed elementor-section-height-default elementor-section-height-default\" data-id=\"5b9197f\" data-element_type=\"section\">\n\t\t\t\t\t\t<div class=\"elementor-container elementor-column-gap-default\">\n\t\t\t\t\t<div class=\"elementor-column elementor-col-100 elementor-top-column elementor-element elementor-element-7e97302\" data-id=\"7e97302\" data-element_type=\"column\">\n\t\t\t<div class=\"elementor-widget-wrap elementor-element-populated\">\n\t\t\t\t\t\t<div class=\"elementor-element elementor-element-5f85714 elementor-widget elementor-widget-heading\" data-id=\"5f85714\" data-element_type=\"widget\" data-widget_type=\"heading.default\">\n\t\t\t\t<div class=\"elementor-widget-container\">\n\t\t\t\t\t<h2 class=\"elementor-heading-title elementor-size-default\">\u00bfCu\u00e1les son las repercusiones en la integraci\u00f3n regional?<\/h2>\t\t\t\t<\/div>\n\t\t\t\t<\/div>\n\t\t\t\t<div class=\"elementor-element elementor-element-f1ca1bd elementor-widget elementor-widget-text-editor\" data-id=\"f1ca1bd\" data-element_type=\"widget\" data-widget_type=\"text-editor.default\">\n\t\t\t\t<div class=\"elementor-widget-container\">\n\t\t\t\t\t\t\t\t\t<p><span style=\"font-weight: 400;\">La<\/span>OECO<span style=\"font-weight: 400;\"> desempe\u00f1a un papel clave en la <\/span>cooperaci\u00f3n regional<span style=\"font-weight: 400;\"><strong>.<\/strong> <\/span>Con la llegada de Sint Maarten<span style=\"font-weight: 400;\">, la organizaci\u00f3n refuerza su influencia y su capacidad de coordinar <\/span>pol\u00edticas comunes.<span style=\"font-weight: 400;\">. Esto permitir\u00e1 : <\/span><\/p>\n<ul>\n<li style=\"font-weight: 400;\" aria-level=\"1\"><span style=\"font-weight: 400;\">Desarrollar <\/span><b>proyectos econ\u00f3micos<\/b><span style=\"font-weight: 400;\"> para ayudar a los miembros a crecer.<\/span><\/li>\n<li style=\"font-weight: 400;\" aria-level=\"1\"><span style=\"font-weight: 400;\">Armonizar <\/span><b>las normas medioambientales y sociales<\/b><span style=\"font-weight: 400;\"> para hacer frente a retos comunes como el cambio clim\u00e1tico <\/span><b>el cambio clim\u00e1tico y la transici\u00f3n energ\u00e9tica<\/b><span style=\"font-weight: 400;\">.<\/span><\/li>\n<li style=\"font-weight: 400;\" aria-level=\"1\"><span style=\"font-weight: 400;\">Facilitar <\/span><b>intercambios comerciales y culturales<\/b><span style=\"font-weight: 400;\"> para acercar a los pueblos del Caribe.<\/span><\/li>\n<\/ul>\n\t\t\t\t\t\t\t\t<\/div>\n\t\t\t\t<\/div>\n\t\t\t\t\t<\/div>\n\t\t<\/div>\n\t\t\t\t\t<\/div>\n\t\t<\/section>\n\t\t\t\t<section class=\"elementor-section elementor-top-section elementor-element elementor-element-6219b50 elementor-section-boxed elementor-section-height-default elementor-section-height-default\" data-id=\"6219b50\" data-element_type=\"section\">\n\t\t\t\t\t\t<div class=\"elementor-container elementor-column-gap-default\">\n\t\t\t\t\t<div class=\"elementor-column elementor-col-100 elementor-top-column elementor-element elementor-element-47e34e8\" data-id=\"47e34e8\" data-element_type=\"column\">\n\t\t\t<div class=\"elementor-widget-wrap elementor-element-populated\">\n\t\t\t\t\t\t<div class=\"elementor-element elementor-element-68520f8 elementor-widget elementor-widget-heading\" data-id=\"68520f8\" data-element_type=\"widget\" data-widget_type=\"heading.default\">\n\t\t\t\t<div class=\"elementor-widget-container\">\n\t\t\t\t\t<h2 class=\"elementor-heading-title elementor-size-default\">Un paso crucial para San Mart\u00edn y el Caribe Oriental<\/h2>\t\t\t\t<\/div>\n\t\t\t\t<\/div>\n\t\t\t\t<div class=\"elementor-element elementor-element-e0721da elementor-widget elementor-widget-text-editor\" data-id=\"e0721da\" data-element_type=\"widget\" data-widget_type=\"text-editor.default\">\n\t\t\t\t<div class=\"elementor-widget-container\">\n\t\t\t\t\t\t\t\t\t<p><span style=\"font-weight: 400;\">Integraci\u00f3n de San Mart\u00edn en <\/span>la Organizaci\u00f3n de Estados del Caribe Oriental<span style=\"font-weight: 400;\">  marca un paso adelante estrat\u00e9gico en el fortalecimiento de los v\u00ednculos entre los territorios del Caribe. Esta adhesi\u00f3n abre nuevas perspectivas, tanto en t\u00e9rminos de   <\/span>econ\u00f3mica, social, cultural y medioambiental<span style=\"font-weight: 400;\">.<\/span><\/p>\n<p><span style=\"font-weight: 400;\">Al adherirse a esta organizaci\u00f3n, <\/span>San Mart\u00edn<span style=\"font-weight: 400;\"> afirma su compromiso con un <\/span>Caribe m\u00e1s unido e integrado<span style=\"font-weight: 400;\">, al tiempo que se beneficia de un marco de cooperaci\u00f3n que le permitir\u00e1 posicionarse mejor en la regi\u00f3n.<\/span><\/p>\n<p><span style=\"font-weight: 400;\">La<\/span>Organizaci\u00f3n de Estados del Caribe Oriental<span style=\"font-weight: 400;\"> sigue evolucionando, consolidando su papel central en el desarrollo y la integraci\u00f3n de las islas del Caribe Oriental.<\/span><\/p>\n\t\t\t\t\t\t\t\t<\/div>\n\t\t\t\t<\/div>\n\t\t\t\t\t<\/div>\n\t\t<\/div>\n\t\t\t\t\t<\/div>\n\t\t<\/section>\n\t\t\t\t<\/div>\n\t\t","protected":false},"excerpt":{"rendered":"<p>L&#8217;OECO (Organizaci\u00f3n de Estados del Caribe Oriental) es una instituci\u00f3n intergubernamental que facilita la cooperaci\u00f3n econ\u00f3mica, social, medioambiental y pol\u00edtica entre sus miembros. Desde su fundaci\u00f3n en 1981, trabaja por la integraci\u00f3n regional promoviendo pol\u00edticas comunes en \u00e1mbitos estrat\u00e9gicos como el comercio, la educaci\u00f3n, la sanidad, el turismo y la gobernanza. Comprende siete Estados miembros [&hellip;]<\/p>\n","protected":false},"author":662,"featured_media":46532,"comment_status":"open","ping_status":"open","sticky":false,"template":"","format":"standard","meta":{"_acf_changed":false,"footnotes":""},"categories":[839],"tags":[1615],"class_list":["post-46538","post","type-post","status-publish","format-standard","has-post-thumbnail","hentry","category-noticias","tag-saint-martin-es"],"acf":[],"_links":{"self":[{"href":"https:\/\/richeskarayib.com\/es\/wp-json\/wp\/v2\/posts\/46538","targetHints":{"allow":["GET"]}}],"collection":[{"href":"https:\/\/richeskarayib.com\/es\/wp-json\/wp\/v2\/posts"}],"about":[{"href":"https:\/\/richeskarayib.com\/es\/wp-json\/wp\/v2\/types\/post"}],"author":[{"embeddable":true,"href":"https:\/\/richeskarayib.com\/es\/wp-json\/wp\/v2\/users\/662"}],"replies":[{"embeddable":true,"href":"https:\/\/richeskarayib.com\/es\/wp-json\/wp\/v2\/comments?post=46538"}],"version-history":[{"count":0,"href":"https:\/\/richeskarayib.com\/es\/wp-json\/wp\/v2\/posts\/46538\/revisions"}],"wp:featuredmedia":[{"embeddable":true,"href":"https:\/\/richeskarayib.com\/es\/wp-json\/wp\/v2\/media\/46532"}],"wp:attachment":[{"href":"https:\/\/richeskarayib.com\/es\/wp-json\/wp\/v2\/media?parent=46538"}],"wp:term":[{"taxonomy":"category","embeddable":true,"href":"https:\/\/richeskarayib.com\/es\/wp-json\/wp\/v2\/categories?post=46538"},{"taxonomy":"post_tag","embeddable":true,"href":"https:\/\/richeskarayib.com\/es\/wp-json\/wp\/v2\/tags?post=46538"}],"curies":[{"name":"wp","href":"https:\/\/api.w.org\/{rel}","templated":true}]}}