{"id":46569,"date":"2025-03-19T08:09:41","date_gmt":"2025-03-19T12:09:41","guid":{"rendered":"https:\/\/richeskarayib.com\/jamaica-caribbean-airlines-relanza-los-vuelos-directos-montego-bay-fort-lauderdale-reforzar-los-vinculos-con-jamaica-y-su-diaspora\/"},"modified":"2025-03-19T09:42:25","modified_gmt":"2025-03-19T13:42:25","slug":"jamaica-caribbean-airlines-relanza-los-vuelos-directos-montego-bay-fort-lauderdale-reforzar-los-vinculos-con-jamaica-y-su-diaspora","status":"publish","type":"post","link":"https:\/\/richeskarayib.com\/es\/jamaica-caribbean-airlines-relanza-los-vuelos-directos-montego-bay-fort-lauderdale-reforzar-los-vinculos-con-jamaica-y-su-diaspora\/","title":{"rendered":"Jamaica &#8211; Caribbean Airlines relanza los vuelos directos Montego Bay &#8211; Fort Lauderdale: reforzar los v\u00ednculos con Jamaica y su di\u00e1spora"},"content":{"rendered":"\t\t<div data-elementor-type=\"wp-post\" data-elementor-id=\"46569\" class=\"elementor elementor-46569 elementor-46541\" data-elementor-post-type=\"post\">\n\t\t\t\t\t\t<section class=\"elementor-section elementor-top-section elementor-element elementor-element-7d71f82 elementor-section-boxed elementor-section-height-default elementor-section-height-default\" data-id=\"7d71f82\" data-element_type=\"section\">\n\t\t\t\t\t\t<div class=\"elementor-container elementor-column-gap-default\">\n\t\t\t\t\t<div class=\"elementor-column elementor-col-100 elementor-top-column elementor-element elementor-element-c153284\" data-id=\"c153284\" data-element_type=\"column\">\n\t\t\t<div class=\"elementor-widget-wrap elementor-element-populated\">\n\t\t\t\t\t\t<div class=\"elementor-element elementor-element-4f6c6de elementor-widget elementor-widget-text-editor\" data-id=\"4f6c6de\" data-element_type=\"widget\" data-widget_type=\"text-editor.default\">\n\t\t\t\t<div class=\"elementor-widget-container\">\n\t\t\t\t\t\t\t\t\t<p>\n            <span style=\"font-weight: 400;\"><a href=\"https:\/\/www.caribbean-airlines.com\/#\/\" target=\"_blank\" rel=\"noopener nofollow\">Caribbean Airlines<\/a> sigue afirmando su compromiso con la conectividad regional al anunciar la reanudaci\u00f3n de sus vuelos directos diarios entre Montego Bay (Jamaica) y Fort Lauderdale (Florida). Esta iniciativa responde a las expectativas de los viajeros y demuestra el compromiso de la aerol\u00ednea con el fortalecimiento de las relaciones entre Jamaica y su di\u00e1spora. Al ofrecer una alternativa fiable y eficaz al transporte a\u00e9reo entre estos dos destinos, Caribbean Airlines contribuye a impulsar los intercambios familiares, culturales y econ\u00f3micos.  <\/span>\n          <\/p>\n\t\t\t\t\t\t\t\t<\/div>\n\t\t\t\t<\/div>\n\t\t\t\t<div class=\"elementor-element elementor-element-a74175a elementor-widget elementor-widget-text-editor\" data-id=\"a74175a\" data-element_type=\"widget\" data-widget_type=\"text-editor.default\">\n\t\t\t\t<div class=\"elementor-widget-container\">\n\t\t\t\t\t\t\t\t\t<p>\n            <span style=\"font-weight: 400;\">Con m\u00e1s de 300.000 jamaicanos viviendo en Fort Lauderdale y sus alrededores, la reanudaci\u00f3n de esta ruta ofrece una soluci\u00f3n de viaje directa y c\u00f3moda. Muchas familias, empresas y turistas se benefician de un acceso simplificado entre estas dos regiones. Esta ruta siempre ha sido estrat\u00e9gica para Caribbean Airlines, que pretende facilitar las conexiones entre Jamaica y sus residentes en Estados Unidos.  <\/span>\n          <\/p>\n\t\t\t\t\t\t\t\t<\/div>\n\t\t\t\t<\/div>\n\t\t\t\t<div class=\"elementor-element elementor-element-d352b52 elementor-widget elementor-widget-text-editor\" data-id=\"d352b52\" data-element_type=\"widget\" data-widget_type=\"text-editor.default\">\n\t\t\t\t<div class=\"elementor-widget-container\">\n\t\t\t\t\t\t\t\t\t<p>\n            <span style=\"font-weight: 400;\">Garvin Medera, director general de Caribbean Airlines, subray\u00f3 la importancia de esta iniciativa: &#8220;En Caribbean Airlines, comprendemos los profundos lazos que unen a Jamaica con su di\u00e1spora. Reanudar este servicio diario es una prioridad para facilitar los viajes de nuestros clientes y proporcionarles una experiencia sin contratiempos.&#8221;<\/span>\n          <\/p>\n\t\t\t\t\t\t\t\t<\/div>\n\t\t\t\t<\/div>\n\t\t\t\t<section class=\"elementor-section elementor-inner-section elementor-element elementor-element-3362452 elementor-section-boxed elementor-section-height-default elementor-section-height-default\" data-id=\"3362452\" data-element_type=\"section\">\n\t\t\t\t\t\t<div class=\"elementor-container elementor-column-gap-default\">\n\t\t\t\t\t<div class=\"elementor-column elementor-col-100 elementor-inner-column elementor-element elementor-element-f9aa0b5\" data-id=\"f9aa0b5\" data-element_type=\"column\">\n\t\t\t<div class=\"elementor-widget-wrap elementor-element-populated\">\n\t\t\t\t\t\t<div class=\"elementor-element elementor-element-373a450 elementor-widget elementor-widget-video\" data-id=\"373a450\" data-element_type=\"widget\" data-settings=\"{&quot;youtube_url&quot;:&quot;https:\\\/\\\/www.youtube.com\\\/watch?v=1DJ8h_KfCWY&amp;ab_channel=SouthFloridaCaribbeanNews&quot;,&quot;video_type&quot;:&quot;youtube&quot;,&quot;controls&quot;:&quot;yes&quot;}\" data-widget_type=\"video.default\">\n\t\t\t\t<div class=\"elementor-widget-container\">\n\t\t\t\t\t\t\t<div class=\"elementor-wrapper elementor-open-inline\">\n\t\t\t<div class=\"elementor-video\"><\/div>\t\t<\/div>\n\t\t\t\t\t\t<\/div>\n\t\t\t\t<\/div>\n\t\t\t\t\t<\/div>\n\t\t<\/div>\n\t\t\t\t\t<\/div>\n\t\t<\/section>\n\t\t\t\t\t<\/div>\n\t\t<\/div>\n\t\t\t\t\t<\/div>\n\t\t<\/section>\n\t\t\t\t<section class=\"elementor-section elementor-top-section elementor-element elementor-element-9be5ad7 elementor-section-boxed elementor-section-height-default elementor-section-height-default\" data-id=\"9be5ad7\" data-element_type=\"section\">\n\t\t\t\t\t\t<div class=\"elementor-container elementor-column-gap-default\">\n\t\t\t\t\t<div class=\"elementor-column elementor-col-100 elementor-top-column elementor-element elementor-element-76aecaa\" data-id=\"76aecaa\" data-element_type=\"column\">\n\t\t\t<div class=\"elementor-widget-wrap elementor-element-populated\">\n\t\t\t\t\t\t<div class=\"elementor-element elementor-element-96fb8e3 elementor-widget elementor-widget-heading\" data-id=\"96fb8e3\" data-element_type=\"widget\" data-widget_type=\"heading.default\">\n\t\t\t\t<div class=\"elementor-widget-container\">\n\t\t\t\t\t<h2 class=\"elementor-heading-title elementor-size-default\">Impacto en la comunidad<\/h2>\t\t\t\t<\/div>\n\t\t\t\t<\/div>\n\t\t\t\t<div class=\"elementor-element elementor-element-fc48138 elementor-widget elementor-widget-text-editor\" data-id=\"fc48138\" data-element_type=\"widget\" data-widget_type=\"text-editor.default\">\n\t\t\t\t<div class=\"elementor-widget-container\">\n\t\t\t\t\t\t\t\t\t<p>\n            <span style=\"font-weight: 400;\">La reapertura de esta ruta ha generado un entusiasmo palpable entre varios grupos influyentes, como la Oficina de Turismo de Jamaica (JTB), la Asociaci\u00f3n Hotelera y Tur\u00edstica de Jamaica (JHTA) y la di\u00e1spora jamaicana. La presencia de estas partes interesadas en el vuelo inaugural atestigua su apoyo a esta iniciativa y su inter\u00e9s por el desarrollo de enlaces a\u00e9reos regionales. <\/span>\n          <\/p>\n\t\t\t\t\t\t\t\t<\/div>\n\t\t\t\t<\/div>\n\t\t\t\t<div class=\"elementor-element elementor-element-b1949f3 elementor-widget elementor-widget-text-editor\" data-id=\"b1949f3\" data-element_type=\"widget\" data-widget_type=\"text-editor.default\">\n\t\t\t\t<div class=\"elementor-widget-container\">\n\t\t\t\t\t\t\t\t\t<p>\n            <span style=\"font-weight: 400;\">El regreso de los vuelos directos es tambi\u00e9n una oportunidad para las empresas jamaicanas, sobre todo las de los sectores del turismo y la exportaci\u00f3n. La facilidad de acceso a Estados Unidos anima a los empresarios a explorar nuevos mercados, reforzando as\u00ed el crecimiento econ\u00f3mico local. <\/span>\n          <\/p>\n\t\t\t\t\t\t\t\t<\/div>\n\t\t\t\t<\/div>\n\t\t\t\t<section class=\"elementor-section elementor-inner-section elementor-element elementor-element-6172e4f elementor-section-boxed elementor-section-height-default elementor-section-height-default\" data-id=\"6172e4f\" data-element_type=\"section\">\n\t\t\t\t\t\t<div class=\"elementor-container elementor-column-gap-default\">\n\t\t\t\t\t<div class=\"elementor-column elementor-col-100 elementor-inner-column elementor-element elementor-element-4c5ac1c\" data-id=\"4c5ac1c\" data-element_type=\"column\">\n\t\t\t<div class=\"elementor-widget-wrap elementor-element-populated\">\n\t\t\t\t\t\t<div class=\"elementor-element elementor-element-b7dc488 elementor-widget elementor-widget-video\" data-id=\"b7dc488\" data-element_type=\"widget\" data-settings=\"{&quot;youtube_url&quot;:&quot;https:\\\/\\\/www.youtube.com\\\/watch?v=jXKaRYhbGMQ&amp;ab_channel=SouthFloridaCaribbeanNews&quot;,&quot;video_type&quot;:&quot;youtube&quot;,&quot;controls&quot;:&quot;yes&quot;}\" data-widget_type=\"video.default\">\n\t\t\t\t<div class=\"elementor-widget-container\">\n\t\t\t\t\t\t\t<div class=\"elementor-wrapper elementor-open-inline\">\n\t\t\t<div class=\"elementor-video\"><\/div>\t\t<\/div>\n\t\t\t\t\t\t<\/div>\n\t\t\t\t<\/div>\n\t\t\t\t\t<\/div>\n\t\t<\/div>\n\t\t\t\t\t<\/div>\n\t\t<\/section>\n\t\t\t\t\t<\/div>\n\t\t<\/div>\n\t\t\t\t\t<\/div>\n\t\t<\/section>\n\t\t\t\t<section class=\"elementor-section elementor-top-section elementor-element elementor-element-889dceb elementor-section-boxed elementor-section-height-default elementor-section-height-default\" data-id=\"889dceb\" data-element_type=\"section\">\n\t\t\t\t\t\t<div class=\"elementor-container elementor-column-gap-default\">\n\t\t\t\t\t<div class=\"elementor-column elementor-col-100 elementor-top-column elementor-element elementor-element-cb266eb\" data-id=\"cb266eb\" data-element_type=\"column\">\n\t\t\t<div class=\"elementor-widget-wrap elementor-element-populated\">\n\t\t\t\t\t\t<div class=\"elementor-element elementor-element-8edf822 elementor-widget elementor-widget-heading\" data-id=\"8edf822\" data-element_type=\"widget\" data-widget_type=\"heading.default\">\n\t\t\t\t<div class=\"elementor-widget-container\">\n\t\t\t\t\t<h2 class=\"elementor-heading-title elementor-size-default\">El compromiso de Caribbean Airlines con Jamaica<\/h2>\t\t\t\t<\/div>\n\t\t\t\t<\/div>\n\t\t\t\t<div class=\"elementor-element elementor-element-6d1f975 elementor-widget elementor-widget-text-editor\" data-id=\"6d1f975\" data-element_type=\"widget\" data-widget_type=\"text-editor.default\">\n\t\t\t\t<div class=\"elementor-widget-container\">\n\t\t\t\t\t\t\t\t\t<p>\n            <span style=\"font-weight: 400;\"><a href=\"https:\/\/sflcn.com\/caribbean-airlines-restarts-non-stop-montego-bay-fort-lauderdale-daily-flights\/\" target=\"_blank\" rel=\"noopener nofollow\">Caribbean Airlines<\/a> hace algo m\u00e1s que prestar servicios a\u00e9reos. La empresa participa activamente en el apoyo a la cultura y el deporte en <a href=\"https:\/\/richeskarayib.com\/es\/la-3%e1%b5%89-conferencia-mundial-sobre-resiliencia-turistica-la-ia-y-la-resiliencia-en-el-centro-de-los-debates-en-jamaica\/\" target=\"_blank\" rel=\"noopener\">Jamaica<\/a>. Durante los \u00faltimos seis a\u00f1os, ha sido el principal patrocinador del Reggae Sumfest, ayudando a promocionar la m\u00fasica y los artistas locales. Tambi\u00e9n apoya los Campeonatos de la AISS, una importante competici\u00f3n deportiva que muestra el talento de los j\u00f3venes atletas jamaicanos.   <\/span>\n          <\/p>\n\t\t\t\t\t\t\t\t<\/div>\n\t\t\t\t<\/div>\n\t\t\t\t<div class=\"elementor-element elementor-element-d1a097c elementor-widget elementor-widget-text-editor\" data-id=\"d1a097c\" data-element_type=\"widget\" data-widget_type=\"text-editor.default\">\n\t\t\t\t<div class=\"elementor-widget-container\">\n\t\t\t\t\t\t\t\t\t<p>\n            <span style=\"font-weight: 400;\">En el marco de esta adquisici\u00f3n, la direcci\u00f3n de Caribbean Airlines organiz\u00f3 reuniones con miembros de la di\u00e1spora en Fort Lauderdale. Estas conversaciones ayudaron a comprender mejor las expectativas de los viajeros y a reforzar los v\u00ednculos entre la aerol\u00ednea y sus fieles clientes. El objetivo es mejorar constantemente los servicios para satisfacer las necesidades de esta comunidad din\u00e1mica y comprometida.  <\/span>\n          <\/p>\n\t\t\t\t\t\t\t\t<\/div>\n\t\t\t\t<\/div>\n\t\t\t\t<section class=\"elementor-section elementor-inner-section elementor-element elementor-element-ab23577 elementor-section-boxed elementor-section-height-default elementor-section-height-default\" data-id=\"ab23577\" data-element_type=\"section\">\n\t\t\t\t\t\t<div class=\"elementor-container elementor-column-gap-default\">\n\t\t\t\t\t<div class=\"elementor-column elementor-col-100 elementor-inner-column elementor-element elementor-element-0296a39\" data-id=\"0296a39\" data-element_type=\"column\">\n\t\t\t<div class=\"elementor-widget-wrap elementor-element-populated\">\n\t\t\t\t\t\t<div class=\"elementor-element elementor-element-53c350c elementor-widget elementor-widget-video\" data-id=\"53c350c\" data-element_type=\"widget\" data-settings=\"{&quot;youtube_url&quot;:&quot;https:\\\/\\\/www.youtube.com\\\/watch?v=g-Xtd0EMU2E&quot;,&quot;video_type&quot;:&quot;youtube&quot;,&quot;controls&quot;:&quot;yes&quot;}\" data-widget_type=\"video.default\">\n\t\t\t\t<div class=\"elementor-widget-container\">\n\t\t\t\t\t\t\t<div class=\"elementor-wrapper elementor-open-inline\">\n\t\t\t<div class=\"elementor-video\"><\/div>\t\t<\/div>\n\t\t\t\t\t\t<\/div>\n\t\t\t\t<\/div>\n\t\t\t\t\t<\/div>\n\t\t<\/div>\n\t\t\t\t\t<\/div>\n\t\t<\/section>\n\t\t\t\t\t<\/div>\n\t\t<\/div>\n\t\t\t\t\t<\/div>\n\t\t<\/section>\n\t\t\t\t<section class=\"elementor-section elementor-top-section elementor-element elementor-element-53262f1 elementor-section-boxed elementor-section-height-default elementor-section-height-default\" data-id=\"53262f1\" data-element_type=\"section\">\n\t\t\t\t\t\t<div class=\"elementor-container elementor-column-gap-default\">\n\t\t\t\t\t<div class=\"elementor-column elementor-col-100 elementor-top-column elementor-element elementor-element-eac4faf\" data-id=\"eac4faf\" data-element_type=\"column\">\n\t\t\t<div class=\"elementor-widget-wrap elementor-element-populated\">\n\t\t\t\t\t\t<div class=\"elementor-element elementor-element-05782f7 elementor-widget elementor-widget-heading\" data-id=\"05782f7\" data-element_type=\"widget\" data-widget_type=\"heading.default\">\n\t\t\t\t<div class=\"elementor-widget-container\">\n\t\t\t\t\t<h2 class=\"elementor-heading-title elementor-size-default\">La estrategia global de Caribbean Airlines<\/h2>\t\t\t\t<\/div>\n\t\t\t\t<\/div>\n\t\t\t\t<div class=\"elementor-element elementor-element-9c39683 elementor-widget elementor-widget-text-editor\" data-id=\"9c39683\" data-element_type=\"widget\" data-widget_type=\"text-editor.default\">\n\t\t\t\t<div class=\"elementor-widget-container\">\n\t\t\t\t\t\t\t\t\t<p>\n            <span style=\"font-weight: 400;\">La reintroducci\u00f3n de esta ruta forma parte de la estrategia m\u00e1s amplia de Caribbean Airlines para desarrollar su red en la regi\u00f3n. Mediante la diversificaci\u00f3n de sus servicios y la optimizaci\u00f3n de sus rutas, la aerol\u00ednea responde a la creciente demanda al tiempo que garantiza una expansi\u00f3n sostenible. Tambi\u00e9n tiene previsto mejorar la calidad de la experiencia del pasajero, sobre todo modernizando su flota y optimizando sus horarios para una mayor flexibilidad.  <\/span>\n          <\/p>\n\t\t\t\t\t\t\t\t<\/div>\n\t\t\t\t<\/div>\n\t\t\t\t<div class=\"elementor-element elementor-element-3d05ecc elementor-widget elementor-widget-text-editor\" data-id=\"3d05ecc\" data-element_type=\"widget\" data-widget_type=\"text-editor.default\">\n\t\t\t\t<div class=\"elementor-widget-container\">\n\t\t\t\t\t\t\t\t\t<p>\n            <span style=\"font-weight: 400;\">La conectividad a\u00e9rea es una palanca fundamental para el desarrollo econ\u00f3mico y tur\u00edstico de las islas del Caribe. Caribbean Airlines desempe\u00f1a un papel esencial ofreciendo opciones de vuelo adaptadas a las necesidades de los viajeros y las empresas. A\u00f1adir nuevos destinos y mejorar los servicios existentes es parte integrante de esta visi\u00f3n a largo plazo.  <\/span>\n          <\/p>\n\t\t\t\t\t\t\t\t<\/div>\n\t\t\t\t<\/div>\n\t\t\t\t<div class=\"elementor-element elementor-element-ec85a87 elementor-widget elementor-widget-text-editor\" data-id=\"ec85a87\" data-element_type=\"widget\" data-widget_type=\"text-editor.default\">\n\t\t\t\t<div class=\"elementor-widget-container\">\n\t\t\t\t\t\t\t\t\t<p>\n            <span style=\"font-weight: 400;\">&#8220;Caribbean Airlines es parte integrante del panorama de la aviaci\u00f3n caribe\u00f1a&#8221;, declar\u00f3 Garvin Medera. &#8220;Nuestro compromiso con Jamaica y la di\u00e1spora est\u00e1 en el centro de nuestra estrategia. Estamos centrados en mejorar continuamente la experiencia de viaje de nuestros pasajeros y en ofrecerles soluciones cada vez m\u00e1s accesibles.&#8221; <\/span>\n          <\/p>\n\t\t\t\t\t\t\t\t<\/div>\n\t\t\t\t<\/div>\n\t\t\t\t\t<\/div>\n\t\t<\/div>\n\t\t\t\t\t<\/div>\n\t\t<\/section>\n\t\t\t\t<section class=\"elementor-section elementor-top-section elementor-element elementor-element-ae90f75 elementor-section-boxed elementor-section-height-default elementor-section-height-default\" data-id=\"ae90f75\" data-element_type=\"section\">\n\t\t\t\t\t\t<div class=\"elementor-container elementor-column-gap-default\">\n\t\t\t\t\t<div class=\"elementor-column elementor-col-100 elementor-top-column elementor-element elementor-element-3170518\" data-id=\"3170518\" data-element_type=\"column\">\n\t\t\t<div class=\"elementor-widget-wrap elementor-element-populated\">\n\t\t\t\t\t\t<div class=\"elementor-element elementor-element-4349e06 elementor-widget elementor-widget-text-editor\" data-id=\"4349e06\" data-element_type=\"widget\" data-widget_type=\"text-editor.default\">\n\t\t\t\t<div class=\"elementor-widget-container\">\n\t\t\t\t\t\t\t\t\t<p>\n            <span style=\"font-weight: 400;\">El relanzamiento de los vuelos directos entre Montego Bay y Fort Lauderdale por parte de Caribbean Airlines es mucho m\u00e1s que una simple expansi\u00f3n comercial. Es un compromiso concreto con la comunidad jamaicana y sus numerosos viajeros. Esta iniciativa refuerza los lazos culturales y familiares entre Jamaica y Estados Unidos, al tiempo que proporciona una alternativa de transporte fiable y eficaz.  <\/span>\n          <\/p>\n\t\t\t\t\t\t\t\t<\/div>\n\t\t\t\t<\/div>\n\t\t\t\t<div class=\"elementor-element elementor-element-653e5bd elementor-widget elementor-widget-text-editor\" data-id=\"653e5bd\" data-element_type=\"widget\" data-widget_type=\"text-editor.default\">\n\t\t\t\t<div class=\"elementor-widget-container\">\n\t\t\t\t\t\t\t\t\t<p>\n            <span style=\"font-weight: 400;\">Al consolidar su red y centrarse en la satisfacci\u00f3n de los pasajeros, Caribbean Airlines sigue siendo un actor importante en el transporte a\u00e9reo de la regi\u00f3n. Su ambici\u00f3n es convertirse en un socio de confianza para todos aquellos que deseen viajar entre las islas del Caribe y m\u00e1s all\u00e1. El \u00e9xito de esta ruta ser\u00e1 un indicador clave para la expansi\u00f3n futura y la mejora continua de los servicios de la aerol\u00ednea.  <\/span>\n          <\/p>\n\t\t\t\t\t\t\t\t<\/div>\n\t\t\t\t<\/div>\n\t\t\t\t\t<\/div>\n\t\t<\/div>\n\t\t\t\t\t<\/div>\n\t\t<\/section>\n\t\t\t\t<section class=\"elementor-section elementor-top-section elementor-element elementor-element-252e01b elementor-section-boxed elementor-section-height-default elementor-section-height-default\" data-id=\"252e01b\" data-element_type=\"section\">\n\t\t\t\t\t\t<div class=\"elementor-container elementor-column-gap-default\">\n\t\t\t\t\t<div class=\"elementor-column elementor-col-100 elementor-top-column elementor-element elementor-element-1a3ba68\" data-id=\"1a3ba68\" data-element_type=\"column\">\n\t\t\t<div class=\"elementor-widget-wrap elementor-element-populated\">\n\t\t\t\t\t\t<div class=\"elementor-element elementor-element-c5a63c9 elementor-widget elementor-widget-heading\" data-id=\"c5a63c9\" data-element_type=\"widget\" data-widget_type=\"heading.default\">\n\t\t\t\t<div class=\"elementor-widget-container\">\n\t\t\t\t\t<h2 class=\"elementor-heading-title elementor-size-default\">Algunas im\u00e1genes del despegue entre Fort Lauderdale y Montego Bay<\/h2>\t\t\t\t<\/div>\n\t\t\t\t<\/div>\n\t\t\t\t<section class=\"elementor-section elementor-inner-section elementor-element elementor-element-826dd65 elementor-section-boxed elementor-section-height-default elementor-section-height-default\" data-id=\"826dd65\" data-element_type=\"section\">\n\t\t\t\t\t\t<div class=\"elementor-container elementor-column-gap-default\">\n\t\t\t\t\t<div class=\"elementor-column elementor-col-33 elementor-inner-column elementor-element elementor-element-cf3f332\" data-id=\"cf3f332\" data-element_type=\"column\">\n\t\t\t<div class=\"elementor-widget-wrap elementor-element-populated\">\n\t\t\t\t\t\t<div class=\"elementor-element elementor-element-9b66742 elementor-widget elementor-widget-image\" data-id=\"9b66742\" data-element_type=\"widget\" data-widget_type=\"image.default\">\n\t\t\t\t<div class=\"elementor-widget-container\">\n\t\t\t\t\t\t\t\t\t\t\t\t<figure class=\"wp-caption\">\n\t\t\t\t\t\t\t\t\t\t<img fetchpriority=\"high\" decoding=\"async\" width=\"600\" height=\"476\" src=\"https:\/\/richeskarayib.com\/wp-content\/uploads\/2025\/03\/Caribbean-Airlines-Flight-Crew-with-CEO-Garvin-Medera.webp\" class=\"attachment-large size-large wp-image-46549\" alt=\"Caribbean Airlines\" srcset=\"https:\/\/richeskarayib.com\/wp-content\/uploads\/2025\/03\/Caribbean-Airlines-Flight-Crew-with-CEO-Garvin-Medera.webp 600w, https:\/\/richeskarayib.com\/wp-content\/uploads\/2025\/03\/Caribbean-Airlines-Flight-Crew-with-CEO-Garvin-Medera-300x238.webp 300w\" sizes=\"(max-width: 600px) 100vw, 600px\" \/>\t\t\t\t\t\t\t\t\t\t\t<figcaption class=\"widget-image-caption wp-caption-text\">\u00c9quipage de vol de Caribbean Airlines avec le PDG Garvin Medera.\n\nSource : South Florida Caribbean News<\/figcaption>\n\t\t\t\t\t\t\t\t\t\t<\/figure>\n\t\t\t\t\t\t\t\t\t<\/div>\n\t\t\t\t<\/div>\n\t\t\t\t\t<\/div>\n\t\t<\/div>\n\t\t\t\t<div class=\"elementor-column elementor-col-33 elementor-inner-column elementor-element elementor-element-03f230c\" data-id=\"03f230c\" data-element_type=\"column\">\n\t\t\t<div class=\"elementor-widget-wrap elementor-element-populated\">\n\t\t\t\t\t\t<div class=\"elementor-element elementor-element-e101a58 elementor-widget elementor-widget-image\" data-id=\"e101a58\" data-element_type=\"widget\" data-widget_type=\"image.default\">\n\t\t\t\t<div class=\"elementor-widget-container\">\n\t\t\t\t\t\t\t\t\t\t\t\t<figure class=\"wp-caption\">\n\t\t\t\t\t\t\t\t\t\t<img decoding=\"async\" width=\"419\" height=\"512\" src=\"https:\/\/richeskarayib.com\/wp-content\/uploads\/2025\/03\/First-Officer-Ricardo-Dawson-and-Captain-Brenton-Borrows.webp\" class=\"attachment-large size-large wp-image-46553\" alt=\"Caribbean Airlines\" srcset=\"https:\/\/richeskarayib.com\/wp-content\/uploads\/2025\/03\/First-Officer-Ricardo-Dawson-and-Captain-Brenton-Borrows.webp 419w, https:\/\/richeskarayib.com\/wp-content\/uploads\/2025\/03\/First-Officer-Ricardo-Dawson-and-Captain-Brenton-Borrows-246x300.webp 246w\" sizes=\"(max-width: 419px) 100vw, 419px\" \/>\t\t\t\t\t\t\t\t\t\t\t<figcaption class=\"widget-image-caption wp-caption-text\">Premier Officier Ricardo Dawson et Capitaine Brenton Borrows.\n\n<\/figcaption>\n\t\t\t\t\t\t\t\t\t\t<\/figure>\n\t\t\t\t\t\t\t\t\t<\/div>\n\t\t\t\t<\/div>\n\t\t\t\t\t<\/div>\n\t\t<\/div>\n\t\t\t\t<div class=\"elementor-column elementor-col-33 elementor-inner-column elementor-element elementor-element-a47c4a1\" data-id=\"a47c4a1\" data-element_type=\"column\">\n\t\t\t<div class=\"elementor-widget-wrap elementor-element-populated\">\n\t\t\t\t\t\t<div class=\"elementor-element elementor-element-ba44fab elementor-widget elementor-widget-video\" data-id=\"ba44fab\" data-element_type=\"widget\" data-settings=\"{&quot;youtube_url&quot;:&quot;https:\\\/\\\/www.youtube.com\\\/watch?v=c9lzqspJ21c&amp;ab_channel=SouthFloridaCaribbeanNews&quot;,&quot;video_type&quot;:&quot;youtube&quot;,&quot;controls&quot;:&quot;yes&quot;}\" data-widget_type=\"video.default\">\n\t\t\t\t<div class=\"elementor-widget-container\">\n\t\t\t\t\t\t\t<div class=\"elementor-wrapper elementor-open-inline\">\n\t\t\t<div class=\"elementor-video\"><\/div>\t\t<\/div>\n\t\t\t\t\t\t<\/div>\n\t\t\t\t<\/div>\n\t\t\t\t\t<\/div>\n\t\t<\/div>\n\t\t\t\t\t<\/div>\n\t\t<\/section>\n\t\t\t\t\t<\/div>\n\t\t<\/div>\n\t\t\t\t\t<\/div>\n\t\t<\/section>\n\t\t\t\t<section class=\"elementor-section elementor-top-section elementor-element elementor-element-c2eb08e elementor-section-boxed elementor-section-height-default elementor-section-height-default\" data-id=\"c2eb08e\" data-element_type=\"section\">\n\t\t\t\t\t\t<div class=\"elementor-container elementor-column-gap-default\">\n\t\t\t\t\t<div class=\"elementor-column elementor-col-100 elementor-top-column elementor-element elementor-element-f3d89ab\" data-id=\"f3d89ab\" data-element_type=\"column\">\n\t\t\t<div class=\"elementor-widget-wrap elementor-element-populated\">\n\t\t\t\t\t\t<div class=\"elementor-element elementor-element-9ae5a75 elementor-widget elementor-widget-heading\" data-id=\"9ae5a75\" data-element_type=\"widget\" data-widget_type=\"heading.default\">\n\t\t\t\t<div class=\"elementor-widget-container\">\n\t\t\t\t\t<h2 class=\"elementor-heading-title elementor-size-default\">Algunas im\u00e1genes del aterrizaje entre Fort Lauderdale y Montego Bay<\/h2>\t\t\t\t<\/div>\n\t\t\t\t<\/div>\n\t\t\t\t<section class=\"elementor-section elementor-inner-section elementor-element elementor-element-bac0dbd elementor-section-boxed elementor-section-height-default elementor-section-height-default\" data-id=\"bac0dbd\" data-element_type=\"section\">\n\t\t\t\t\t\t<div class=\"elementor-container elementor-column-gap-default\">\n\t\t\t\t\t<div class=\"elementor-column elementor-col-33 elementor-inner-column elementor-element elementor-element-c481c37\" data-id=\"c481c37\" data-element_type=\"column\">\n\t\t\t<div class=\"elementor-widget-wrap elementor-element-populated\">\n\t\t\t\t\t\t<div class=\"elementor-element elementor-element-04f7058 elementor-widget elementor-widget-image\" data-id=\"04f7058\" data-element_type=\"widget\" data-widget_type=\"image.default\">\n\t\t\t\t<div class=\"elementor-widget-container\">\n\t\t\t\t\t\t\t\t\t\t\t\t<figure class=\"wp-caption\">\n\t\t\t\t\t\t\t\t\t\t<img decoding=\"async\" width=\"550\" height=\"413\" src=\"https:\/\/richeskarayib.com\/wp-content\/uploads\/2025\/03\/CAL-FLL-to-MoBay-4.jpg.webp\" class=\"attachment-large size-large wp-image-46557\" alt=\"Caribbean Airlines\" srcset=\"https:\/\/richeskarayib.com\/wp-content\/uploads\/2025\/03\/CAL-FLL-to-MoBay-4.jpg.webp 550w, https:\/\/richeskarayib.com\/wp-content\/uploads\/2025\/03\/CAL-FLL-to-MoBay-4.jpg-300x225.webp 300w\" sizes=\"(max-width: 550px) 100vw, 550px\" \/>\t\t\t\t\t\t\t\t\t\t\t<figcaption class=\"widget-image-caption wp-caption-text\">Source : South Florida Caribbean News.<\/figcaption>\n\t\t\t\t\t\t\t\t\t\t<\/figure>\n\t\t\t\t\t\t\t\t\t<\/div>\n\t\t\t\t<\/div>\n\t\t\t\t\t<\/div>\n\t\t<\/div>\n\t\t\t\t<div class=\"elementor-column elementor-col-33 elementor-inner-column elementor-element elementor-element-2af88e1\" data-id=\"2af88e1\" data-element_type=\"column\">\n\t\t\t<div class=\"elementor-widget-wrap elementor-element-populated\">\n\t\t\t\t\t\t<div class=\"elementor-element elementor-element-4dd7b93 elementor-widget elementor-widget-image\" data-id=\"4dd7b93\" data-element_type=\"widget\" data-widget_type=\"image.default\">\n\t\t\t\t<div class=\"elementor-widget-container\">\n\t\t\t\t\t\t\t\t\t\t\t\t<figure class=\"wp-caption\">\n\t\t\t\t\t\t\t\t\t\t<img loading=\"lazy\" decoding=\"async\" width=\"600\" height=\"450\" src=\"https:\/\/richeskarayib.com\/wp-content\/uploads\/2025\/03\/Mr.-Donovan-White-Director-of-Tourism-Jamaica-Tourist-Board-center-welcomes-the-Caribbean-Airlines-Flight-Crew.webp\" class=\"attachment-large size-large wp-image-46561\" alt=\"Caribbean Airlines\" srcset=\"https:\/\/richeskarayib.com\/wp-content\/uploads\/2025\/03\/Mr.-Donovan-White-Director-of-Tourism-Jamaica-Tourist-Board-center-welcomes-the-Caribbean-Airlines-Flight-Crew.webp 600w, https:\/\/richeskarayib.com\/wp-content\/uploads\/2025\/03\/Mr.-Donovan-White-Director-of-Tourism-Jamaica-Tourist-Board-center-welcomes-the-Caribbean-Airlines-Flight-Crew-300x225.webp 300w\" sizes=\"(max-width: 600px) 100vw, 600px\" \/>\t\t\t\t\t\t\t\t\t\t\t<figcaption class=\"widget-image-caption wp-caption-text\">Source : South Florida Caribbean News.<\/figcaption>\n\t\t\t\t\t\t\t\t\t\t<\/figure>\n\t\t\t\t\t\t\t\t\t<\/div>\n\t\t\t\t<\/div>\n\t\t\t\t\t<\/div>\n\t\t<\/div>\n\t\t\t\t<div class=\"elementor-column elementor-col-33 elementor-inner-column elementor-element elementor-element-cfab39d\" data-id=\"cfab39d\" data-element_type=\"column\">\n\t\t\t<div class=\"elementor-widget-wrap elementor-element-populated\">\n\t\t\t\t\t\t<div class=\"elementor-element elementor-element-a1d7179 elementor-widget elementor-widget-video\" data-id=\"a1d7179\" data-element_type=\"widget\" data-settings=\"{&quot;youtube_url&quot;:&quot;https:\\\/\\\/www.youtube.com\\\/watch?v=fjqjXZxtFow&amp;ab_channel=SouthFloridaCaribbeanNews&quot;,&quot;video_type&quot;:&quot;youtube&quot;,&quot;controls&quot;:&quot;yes&quot;}\" data-widget_type=\"video.default\">\n\t\t\t\t<div class=\"elementor-widget-container\">\n\t\t\t\t\t\t\t<div class=\"elementor-wrapper elementor-open-inline\">\n\t\t\t<div class=\"elementor-video\"><\/div>\t\t<\/div>\n\t\t\t\t\t\t<\/div>\n\t\t\t\t<\/div>\n\t\t\t\t\t<\/div>\n\t\t<\/div>\n\t\t\t\t\t<\/div>\n\t\t<\/section>\n\t\t\t\t\t<\/div>\n\t\t<\/div>\n\t\t\t\t\t<\/div>\n\t\t<\/section>\n\t\t\t\t<\/div>\n\t\t","protected":false},"excerpt":{"rendered":"<p>Caribbean Airlines sigue afirmando su compromiso con la conectividad regional al anunciar la reanudaci\u00f3n de sus vuelos directos diarios entre Montego Bay (Jamaica) y Fort Lauderdale (Florida). Esta iniciativa responde a las expectativas de los viajeros y demuestra el compromiso de la aerol\u00ednea con el fortalecimiento de las relaciones entre Jamaica y su di\u00e1spora. Al [&hellip;]<\/p>\n","protected":false},"author":662,"featured_media":46545,"comment_status":"open","ping_status":"open","sticky":false,"template":"","format":"standard","meta":{"_acf_changed":false,"footnotes":""},"categories":[839],"tags":[],"class_list":["post-46569","post","type-post","status-publish","format-standard","has-post-thumbnail","hentry","category-noticias"],"acf":[],"_links":{"self":[{"href":"https:\/\/richeskarayib.com\/es\/wp-json\/wp\/v2\/posts\/46569","targetHints":{"allow":["GET"]}}],"collection":[{"href":"https:\/\/richeskarayib.com\/es\/wp-json\/wp\/v2\/posts"}],"about":[{"href":"https:\/\/richeskarayib.com\/es\/wp-json\/wp\/v2\/types\/post"}],"author":[{"embeddable":true,"href":"https:\/\/richeskarayib.com\/es\/wp-json\/wp\/v2\/users\/662"}],"replies":[{"embeddable":true,"href":"https:\/\/richeskarayib.com\/es\/wp-json\/wp\/v2\/comments?post=46569"}],"version-history":[{"count":0,"href":"https:\/\/richeskarayib.com\/es\/wp-json\/wp\/v2\/posts\/46569\/revisions"}],"wp:featuredmedia":[{"embeddable":true,"href":"https:\/\/richeskarayib.com\/es\/wp-json\/wp\/v2\/media\/46545"}],"wp:attachment":[{"href":"https:\/\/richeskarayib.com\/es\/wp-json\/wp\/v2\/media?parent=46569"}],"wp:term":[{"taxonomy":"category","embeddable":true,"href":"https:\/\/richeskarayib.com\/es\/wp-json\/wp\/v2\/categories?post=46569"},{"taxonomy":"post_tag","embeddable":true,"href":"https:\/\/richeskarayib.com\/es\/wp-json\/wp\/v2\/tags?post=46569"}],"curies":[{"name":"wp","href":"https:\/\/api.w.org\/{rel}","templated":true}]}}