{"id":46671,"date":"2025-03-20T13:33:15","date_gmt":"2025-03-20T17:33:15","guid":{"rendered":"https:\/\/richeskarayib.com\/guadalupe-femi-2025-la-29%e1%b5%89-edicion-del-festival-regional-e-internacional-de-cine-de-guadalupe\/"},"modified":"2025-03-20T13:33:16","modified_gmt":"2025-03-20T17:33:16","slug":"guadalupe-femi-2025-la-29%e1%b5%89-edicion-del-festival-regional-e-internacional-de-cine-de-guadalupe","status":"publish","type":"post","link":"https:\/\/richeskarayib.com\/es\/guadalupe-femi-2025-la-29%e1%b5%89-edicion-del-festival-regional-e-internacional-de-cine-de-guadalupe\/","title":{"rendered":"Guadalupe &#8211; FEMI 2025: la 29\u1d49 edici\u00f3n del Festival Regional e Internacional de Cine de Guadalupe"},"content":{"rendered":"\t\t<div data-elementor-type=\"wp-post\" data-elementor-id=\"46671\" class=\"elementor elementor-46671 elementor-46625\" data-elementor-post-type=\"post\">\n\t\t\t\t\t\t<section class=\"elementor-section elementor-top-section elementor-element elementor-element-7d71f82 elementor-section-boxed elementor-section-height-default elementor-section-height-default\" data-id=\"7d71f82\" data-element_type=\"section\">\n\t\t\t\t\t\t<div class=\"elementor-container elementor-column-gap-default\">\n\t\t\t\t\t<div class=\"elementor-column elementor-col-100 elementor-top-column elementor-element elementor-element-c153284\" data-id=\"c153284\" data-element_type=\"column\">\n\t\t\t<div class=\"elementor-widget-wrap elementor-element-populated\">\n\t\t\t\t\t\t<div class=\"elementor-element elementor-element-4f6c6de elementor-widget elementor-widget-text-editor\" data-id=\"4f6c6de\" data-element_type=\"widget\" data-widget_type=\"text-editor.default\">\n\t\t\t\t<div class=\"elementor-widget-container\">\n\t\t\t\t\t\t\t\t\t<p><span style=\"font-weight: 400;\"><a href=\"https:\/\/travelart.fr\/femi-festival-cinema-guadeloupe\/\" target=\"_blank\" rel=\"noopener nofollow\">FEMI 2025<\/a>, festival de cine organizado por la <\/span><b>la Asociaci\u00f3n Im\u00e1genes y Cultura del Mundo<\/b><span style=\"font-weight: 400;\">  (AICM) vuelve en su 29\u00aa edici\u00f3n, ofreciendo una selecci\u00f3n de pel\u00edculas de <a href=\"https:\/\/richeskarayib.com\/es\/guadalupe-office-national-des-forets-un-actor-clave-en-la-preservacion-de-los-entornos-naturales\/\" target=\"_blank\" rel=\"noopener\">Guadalupe<\/a>, <a href=\"https:\/\/richeskarayib.com\/es\/martinica-guadalupe-acelerar-la-transicion-energetica-de-los-hoteles-con-bungalow\/\" target=\"_blank\" rel=\"noopener\">Martinica<\/a> y <a href=\"https:\/\/richeskarayib.com\/es\/lindor-2024-talento-guyanes-francesa\/\" target=\"_blank\" rel=\"noopener\">Guayana Francesa<\/a>, as\u00ed como del Caribe, Am\u00e9rica Latina, \u00c1frica y el Oc\u00e9ano \u00cdndico. Este a\u00f1o, el festival pone de relieve temas fuertes y obras audaces, consolidando su papel de plataforma esencial para el cine regional e internacional. <\/span><\/p>\n\t\t\t\t\t\t\t\t<\/div>\n\t\t\t\t<\/div>\n\t\t\t\t\t<\/div>\n\t\t<\/div>\n\t\t\t\t\t<\/div>\n\t\t<\/section>\n\t\t\t\t<section class=\"elementor-section elementor-top-section elementor-element elementor-element-9be5ad7 elementor-section-boxed elementor-section-height-default elementor-section-height-default\" data-id=\"9be5ad7\" data-element_type=\"section\">\n\t\t\t\t\t\t<div class=\"elementor-container elementor-column-gap-default\">\n\t\t\t\t\t<div class=\"elementor-column elementor-col-100 elementor-top-column elementor-element elementor-element-76aecaa\" data-id=\"76aecaa\" data-element_type=\"column\">\n\t\t\t<div class=\"elementor-widget-wrap elementor-element-populated\">\n\t\t\t\t\t\t<div class=\"elementor-element elementor-element-96fb8e3 elementor-widget elementor-widget-heading\" data-id=\"96fb8e3\" data-element_type=\"widget\" data-widget_type=\"heading.default\">\n\t\t\t\t<div class=\"elementor-widget-container\">\n\t\t\t\t\t<h2 class=\"elementor-heading-title elementor-size-default\">Una selecci\u00f3n rica y variada<\/h2>\t\t\t\t<\/div>\n\t\t\t\t<\/div>\n\t\t\t\t<div class=\"elementor-element elementor-element-5c7d2c2 elementor-widget elementor-widget-heading\" data-id=\"5c7d2c2\" data-element_type=\"widget\" data-widget_type=\"heading.default\">\n\t\t\t\t<div class=\"elementor-widget-container\">\n\t\t\t\t\t<h2 class=\"elementor-heading-title elementor-size-default\">Pel\u00edculas a concurso: cortos y largometrajes<\/h2>\t\t\t\t<\/div>\n\t\t\t\t<\/div>\n\t\t\t\t<div class=\"elementor-element elementor-element-fc48138 elementor-widget elementor-widget-text-editor\" data-id=\"fc48138\" data-element_type=\"widget\" data-widget_type=\"text-editor.default\">\n\t\t\t\t<div class=\"elementor-widget-container\">\n\t\t\t\t\t\t\t\t\t<p>\n            <span style=\"font-weight: 400;\"><a href=\"https:\/\/filmfreeway.com\/FEMI-1514918\" target=\"_blank\" rel=\"noopener nofollow\">FEMI 2025<\/a> propone un concurso compuesto por unas cincuenta pel\u00edculas, divididas en varias categor\u00edas:<\/span>\n          <\/p>\n<ul>\n<li style=\"font-weight: 400;\" aria-level=\"1\">\n<p>\n                <span style=\"font-weight: 400;\">8 documentales cortos :<\/span>\n              <\/p>\n<ul>\n<li style=\"font-weight: 400;\" aria-level=\"2\">\n<p>\n                    <span style=\"font-weight: 400;\">&#8220;Piel Marginal&#8221; (Guadalupe)<\/span>\n                  <\/p>\n<\/li>\n<li style=\"font-weight: 400;\" aria-level=\"2\">\n<p>\n                    <span style=\"font-weight: 400;\">&#8220;\u00d4 Mes A\u00efeux&#8221; (Martinica)<\/span>\n                  <\/p>\n<\/li>\n<li style=\"font-weight: 400;\" aria-level=\"2\">\n<p>\n                    <span style=\"font-weight: 400;\">&#8220;Un N\u00f2t Kankan&#8221; (Luisiana\/Canad\u00e1)<\/span>\n                  <\/p>\n<\/li>\n<li style=\"font-weight: 400;\" aria-level=\"2\">\n<p>\n                    <span style=\"font-weight: 400;\">&#8221; Haraka Haraka (Mayotte)<\/span>\n                  <\/p>\n<\/li>\n<li style=\"font-weight: 400;\" aria-level=\"2\">\n<p>\n                    <span style=\"font-weight: 400;\">&#8220;I K\u00e9 Vol\u00e9&#8221; (Martinica\/Francia)<\/span>\n                  <\/p>\n<\/li>\n<li style=\"font-weight: 400;\" aria-level=\"2\">\n<p>\n                    <span style=\"font-weight: 400;\">&#8221; Vert Bergevin (Guadalupe)<\/span>\n                  <\/p>\n<\/li>\n<li style=\"font-weight: 400;\" aria-level=\"2\">\n<p>\n                    <span style=\"font-weight: 400;\">&#8220;Manuela Pioche, una figura olvidada de la m\u00fasica guadalupe\u00f1a&#8221; (Guadalupe)<\/span>\n                  <\/p>\n<\/li>\n<li style=\"font-weight: 400;\" aria-level=\"2\">\n<p>\n                    <span style=\"font-weight: 400;\">&#8221; T\u00e8 An Nou (Guadalupe)<\/span>\n                  <\/p>\n<\/li>\n<\/ul>\n<\/li>\n<\/ul>\n\t\t\t\t\t\t\t\t<\/div>\n\t\t\t\t<\/div>\n\t\t\t\t<div class=\"elementor-element elementor-element-00c6b41 elementor-widget elementor-widget-text-editor\" data-id=\"00c6b41\" data-element_type=\"widget\" data-widget_type=\"text-editor.default\">\n\t\t\t\t<div class=\"elementor-widget-container\">\n\t\t\t\t\t\t\t\t\t<ul>\n<li style=\"font-weight: 400;\" aria-level=\"1\">\n<p>\n                <span style=\"font-weight: 400;\">25 cortometrajes de ficci\u00f3n :<\/span>\n              <\/p>\n<ul>\n<li style=\"font-weight: 400;\" aria-level=\"2\">\n                  <span style=\"font-weight: 400;\">FAN (Guadalupe\/Francia)<\/span>\n                <\/li>\n<li style=\"font-weight: 400;\" aria-level=\"2\">\n                  <span style=\"font-weight: 400;\">Myriam en Noir (Guayana Francesa)<\/span>\n                <\/li>\n<li style=\"font-weight: 400;\" aria-level=\"2\">\n                  <span style=\"font-weight: 400;\">Ma D\u00e9tresse (Costa de Marfil)<\/span>\n                <\/li>\n<li style=\"font-weight: 400;\" aria-level=\"2\">\n                  <span style=\"font-weight: 400;\">Interrogatorio (Togo)<\/span>\n                <\/li>\n<li style=\"font-weight: 400;\" aria-level=\"2\">\n                  <span style=\"font-weight: 400;\">No soy ella, soy la otra (Guadalupe)<\/span>\n                <\/li>\n<li style=\"font-weight: 400;\" aria-level=\"2\">\n                  <span style=\"font-weight: 400;\">Tord Balle (Reuni\u00f3n)<\/span>\n                <\/li>\n<li style=\"font-weight: 400;\" aria-level=\"2\">\n                  <span style=\"font-weight: 400;\">Criatura feroz (Madagascar)<\/span>\n                <\/li>\n<li style=\"font-weight: 400;\" aria-level=\"2\">\n                  <span style=\"font-weight: 400;\">Sara (Per\u00fa)<\/span>\n                <\/li>\n<li style=\"font-weight: 400;\" aria-level=\"2\">\n                  <span style=\"font-weight: 400;\">Un Ballon (Brasil)<\/span>\n                <\/li>\n<li style=\"font-weight: 400;\" aria-level=\"2\">\n                  <span style=\"font-weight: 400;\">Mon V\u00e9lo (Ben\u00edn)<\/span>\n                <\/li>\n<li style=\"font-weight: 400;\" aria-level=\"2\">\n                  <span style=\"font-weight: 400;\">Les Bouts Cass\u00e9s (Guadalupe)<\/span>\n                <\/li>\n<li style=\"font-weight: 400;\" aria-level=\"2\">\n                  <span style=\"font-weight: 400;\">Soledad (Martinica)<\/span>\n                <\/li>\n<li style=\"font-weight: 400;\" aria-level=\"2\">\n                  <span style=\"font-weight: 400;\">Hattayana (Guadalupe)<\/span>\n                <\/li>\n<li style=\"font-weight: 400;\" aria-level=\"2\">\n                  <span style=\"font-weight: 400;\">Cha\u00eene d&#8217;Argent (Brasil)<\/span>\n                <\/li>\n<li style=\"font-weight: 400;\" aria-level=\"2\">\n                  <span style=\"font-weight: 400;\">Tan Lontan (Reuni\u00f3n)<\/span>\n                <\/li>\n<li style=\"font-weight: 400;\" aria-level=\"2\">\n                  <span style=\"font-weight: 400;\">Le Faisan (Argentina)<\/span>\n                <\/li>\n<li style=\"font-weight: 400;\" aria-level=\"2\">\n                  <span style=\"font-weight: 400;\">Des R\u00eaves en Bateaux Papiers (Hait\u00ed)<\/span>\n                <\/li>\n<li style=\"font-weight: 400;\" aria-level=\"2\">\n                  <span style=\"font-weight: 400;\">M\u00e1s all\u00e1 (Martinica)<\/span>\n                <\/li>\n<li style=\"font-weight: 400;\" aria-level=\"2\">\n                  <span style=\"font-weight: 400;\">Ensalada Kabri I Manz (Reuni\u00f3n)<\/span>\n                <\/li>\n<li style=\"font-weight: 400;\" aria-level=\"2\">\n                  <span style=\"font-weight: 400;\">Forget (Guadalupe)<\/span>\n                <\/li>\n<li style=\"font-weight: 400;\" aria-level=\"2\">\n                  <span style=\"font-weight: 400;\">L&#8217;\u00c9toile de R\u00e9gina (Guayana Francesa)<\/span>\n                <\/li>\n<li style=\"font-weight: 400;\" aria-level=\"2\">\n                  <span style=\"font-weight: 400;\">An Sav Ka Ki K\u00e9 Riv\u00e9 (Guadalupe)<\/span>\n                <\/li>\n<li style=\"font-weight: 400;\" aria-level=\"2\">\n                  <span style=\"font-weight: 400;\">Juliette (Guadalupe\/Francia)<\/span>\n                <\/li>\n<li style=\"font-weight: 400;\" aria-level=\"2\">\n                  <span style=\"font-weight: 400;\">Tan Lontan (Reuni\u00f3n)<\/span>\n                <\/li>\n<li style=\"font-weight: 400;\" aria-level=\"2\">\n                  <span style=\"font-weight: 400;\">L&#8217;\u00c9toile de R\u00e9gina (Guayana Francesa)<\/span>\n                <\/li>\n<li aria-level=\"2\"> <\/li>\n<\/ul>\n<\/li>\n<\/ul>\n\t\t\t\t\t\t\t\t<\/div>\n\t\t\t\t<\/div>\n\t\t\t\t<div class=\"elementor-element elementor-element-7fdc1ad elementor-widget elementor-widget-text-editor\" data-id=\"7fdc1ad\" data-element_type=\"widget\" data-widget_type=\"text-editor.default\">\n\t\t\t\t<div class=\"elementor-widget-container\">\n\t\t\t\t\t\t\t\t\t<ul>\n<li style=\"font-weight: 400;\" aria-level=\"1\">\n<p>\n                <span style=\"font-weight: 400;\">11 documentales :<\/span>\n              <\/p>\n<ul>\n<li style=\"font-weight: 400;\" aria-level=\"2\">\n<p>\n                    <span style=\"font-weight: 400;\">&#8220;Le Temps des Surettes est Fini&#8221; (Guadalupe)<\/span>\n                  <\/p>\n<\/li>\n<li style=\"font-weight: 400;\" aria-level=\"2\">\n<p>\n                    <span style=\"font-weight: 400;\">&#8221; Garantizado 100% Kr\u00e9ol (Reuni\u00f3n)<\/span>\n                  <\/p>\n<\/li>\n<li style=\"font-weight: 400;\" aria-level=\"2\">\n<p>\n                    <span style=\"font-weight: 400;\">&#8220;El Cuarto Poder en Guadalupe&#8221; (Guadalupe)<\/span>\n                  <\/p>\n<\/li>\n<li style=\"font-weight: 400;\" aria-level=\"2\">\n<p>\n                    <span style=\"font-weight: 400;\">&#8220;Lisette Malidor, una artista universal&#8221; (Martinica)<\/span>\n                  <\/p>\n<\/li>\n<li style=\"font-weight: 400;\" aria-level=\"2\">\n<p>\n                    <span style=\"font-weight: 400;\">&#8221; Cyrille R\u00e9gis, Itinerario de una leyenda (Guayana Francesa)<\/span>\n                  <\/p>\n<\/li>\n<li style=\"font-weight: 400;\" aria-level=\"2\">\n<p>\n                    <span style=\"font-weight: 400;\">&#8221; Hait\u00ed-Chile: Choque y Encuentro (Hait\u00ed)<\/span>\n                  <\/p>\n<\/li>\n<li style=\"font-weight: 400;\" aria-level=\"2\">\n<p>\n                    <span style=\"font-weight: 400;\">&#8220;Transici\u00f3n ecol\u00f3gica en Martinica&#8221; (Martinica)<\/span>\n                  <\/p>\n<\/li>\n<li style=\"font-weight: 400;\" aria-level=\"2\">\n<p>\n                    <span style=\"font-weight: 400;\">&#8220;King Daddy Yod, la leyenda viva&#8221; (Guadalupe\/Francia)<\/span>\n                  <\/p>\n<\/li>\n<li style=\"font-weight: 400;\" aria-level=\"2\">\n<p>\n                    <span style=\"font-weight: 400;\">&#8221; T\u00e8 An Nou (Guadalupe)<\/span>\n                  <\/p>\n<\/li>\n<li style=\"font-weight: 400;\" aria-level=\"2\">\n<p>\n                    <span style=\"font-weight: 400;\">&#8220;Kimboto, Viaje al Coraz\u00f3n de la Selva Guayanesa&#8221; (Guayana Francesa)<\/span>\n                  <\/p>\n<\/li>\n<li style=\"font-weight: 400;\" aria-level=\"2\">\n<p>\n                    <span style=\"font-weight: 400;\">&#8220;Masacres en Ultramar (Martinica)<\/span>\n                  <\/p>\n<\/li>\n<\/ul>\n<\/li>\n<\/ul>\n\t\t\t\t\t\t\t\t<\/div>\n\t\t\t\t<\/div>\n\t\t\t\t<div class=\"elementor-element elementor-element-8ff7f23 elementor-widget elementor-widget-text-editor\" data-id=\"8ff7f23\" data-element_type=\"widget\" data-widget_type=\"text-editor.default\">\n\t\t\t\t<div class=\"elementor-widget-container\">\n\t\t\t\t\t\t\t\t\t<ul>\n<li style=\"font-weight: 400;\" aria-level=\"1\">\n<p>\n                <span style=\"font-weight: 400;\">6 largometrajes :<\/span>\n              <\/p>\n<ul>\n<li style=\"font-weight: 400;\" aria-level=\"2\">\n<p>\n                    <span style=\"font-weight: 400;\">&#8220;Le Dernier Repas&#8221; (Hait\u00ed\/Qu\u00e9bec)<\/span>\n                  <\/p>\n<\/li>\n<li style=\"font-weight: 400;\" aria-level=\"2\">\n<p>\n                    <span style=\"font-weight: 400;\">&#8220;Choke Hold&#8221; (Saint-Martin)<\/span>\n                  <\/p>\n<\/li>\n<li style=\"font-weight: 400;\" aria-level=\"2\">\n<p>\n                    <span style=\"font-weight: 400;\">&#8221; D\u00e9brouya (Guayana Francesa)<\/span>\n                  <\/p>\n<\/li>\n<li style=\"font-weight: 400;\" aria-level=\"2\">\n<p>\n                    <span style=\"font-weight: 400;\">&#8220;Sigue so\u00f1ando&#8221; (Guadalupe)<\/span>\n                  <\/p>\n<\/li>\n<li style=\"font-weight: 400;\" aria-level=\"2\">\n<p>\n                    <span style=\"font-weight: 400;\">&#8220;Marmaille&#8221; (Reuni\u00f3n)<\/span>\n                  <\/p>\n<\/li>\n<li style=\"font-weight: 400;\" aria-level=\"2\">\n<p>\n                    <span style=\"font-weight: 400;\">&#8220;La Machette et le Marteau&#8221; (Guadalupe\/Martinica)<\/span>\n                  <\/p>\n<\/li>\n<\/ul>\n<\/li>\n<\/ul>\n\t\t\t\t\t\t\t\t<\/div>\n\t\t\t\t<\/div>\n\t\t\t\t<section class=\"elementor-section elementor-inner-section elementor-element elementor-element-6ee2ae0 elementor-section-boxed elementor-section-height-default elementor-section-height-default\" data-id=\"6ee2ae0\" data-element_type=\"section\">\n\t\t\t\t\t\t<div class=\"elementor-container elementor-column-gap-default\">\n\t\t\t\t\t<div class=\"elementor-column elementor-col-100 elementor-inner-column elementor-element elementor-element-d8218c0\" data-id=\"d8218c0\" data-element_type=\"column\">\n\t\t\t<div class=\"elementor-widget-wrap elementor-element-populated\">\n\t\t\t\t\t\t<div class=\"elementor-element elementor-element-3eb6f09 elementor-widget elementor-widget-image\" data-id=\"3eb6f09\" data-element_type=\"widget\" data-widget_type=\"image.default\">\n\t\t\t\t<div class=\"elementor-widget-container\">\n\t\t\t\t\t\t\t\t\t\t\t\t<figure class=\"wp-caption\">\n\t\t\t\t\t\t\t\t\t\t<img fetchpriority=\"high\" decoding=\"async\" width=\"683\" height=\"1024\" src=\"https:\/\/richeskarayib.com\/wp-content\/uploads\/2025\/03\/WhatsApp-Image-2025-03-16-at-16.32.16-683x1024.jpeg\" class=\"attachment-large size-large wp-image-46629\" alt=\"FEMI 2025\" srcset=\"https:\/\/richeskarayib.com\/wp-content\/uploads\/2025\/03\/WhatsApp-Image-2025-03-16-at-16.32.16-683x1024.jpeg 683w, https:\/\/richeskarayib.com\/wp-content\/uploads\/2025\/03\/WhatsApp-Image-2025-03-16-at-16.32.16-200x300.jpeg 200w, https:\/\/richeskarayib.com\/wp-content\/uploads\/2025\/03\/WhatsApp-Image-2025-03-16-at-16.32.16-768x1151.jpeg 768w, https:\/\/richeskarayib.com\/wp-content\/uploads\/2025\/03\/WhatsApp-Image-2025-03-16-at-16.32.16.jpeg 788w\" sizes=\"(max-width: 683px) 100vw, 683px\" \/>\t\t\t\t\t\t\t\t\t\t\t<figcaption class=\"widget-image-caption wp-caption-text\">FEMI 2025<\/figcaption>\n\t\t\t\t\t\t\t\t\t\t<\/figure>\n\t\t\t\t\t\t\t\t\t<\/div>\n\t\t\t\t<\/div>\n\t\t\t\t\t<\/div>\n\t\t<\/div>\n\t\t\t\t\t<\/div>\n\t\t<\/section>\n\t\t\t\t\t<\/div>\n\t\t<\/div>\n\t\t\t\t\t<\/div>\n\t\t<\/section>\n\t\t\t\t<section class=\"elementor-section elementor-top-section elementor-element elementor-element-889dceb elementor-section-boxed elementor-section-height-default elementor-section-height-default\" data-id=\"889dceb\" data-element_type=\"section\">\n\t\t\t\t\t\t<div class=\"elementor-container elementor-column-gap-default\">\n\t\t\t\t\t<div class=\"elementor-column elementor-col-100 elementor-top-column elementor-element elementor-element-cb266eb\" data-id=\"cb266eb\" data-element_type=\"column\">\n\t\t\t<div class=\"elementor-widget-wrap elementor-element-populated\">\n\t\t\t\t\t\t<div class=\"elementor-element elementor-element-8edf822 elementor-widget elementor-widget-heading\" data-id=\"8edf822\" data-element_type=\"widget\" data-widget_type=\"heading.default\">\n\t\t\t\t<div class=\"elementor-widget-container\">\n\t\t\t\t\t<h2 class=\"elementor-heading-title elementor-size-default\">FEMI 2025 invitados y jurados<\/h2>\t\t\t\t<\/div>\n\t\t\t\t<\/div>\n\t\t\t\t<div class=\"elementor-element elementor-element-6d1f975 elementor-widget elementor-widget-text-editor\" data-id=\"6d1f975\" data-element_type=\"widget\" data-widget_type=\"text-editor.default\">\n\t\t\t\t<div class=\"elementor-widget-container\">\n\t\t\t\t\t\t\t\t\t<h3>\n            <b>Invitados de honor<\/b><br \/>\n          <\/h3>\n<ul>\n<li><b>Ernest P\u00c9PIN<\/b><span style=\"font-weight: 400;\"> : <\/span> <span style=\"font-weight: 400;\">Patrocinador de la 29\u00aa edici\u00f3n. Poeta y novelista guadalupe\u00f1o, Ernest P\u00c9PIN es autor de varios poemarios, entre ellos   <\/span><i><span style=\"font-weight: 400;\">Un estruendo de palabras libres<\/span><\/i><span style=\"font-weight: 400;\">Fue galardonado con el premio Casa de las Am\u00e9ricas en 1991. Tambi\u00e9n es un miembro importante del movimiento Cr\u00e9olit\u00e9, junto con Jean BERNAB\u00c9 y Patrick CHAMOISEAU. Entre sus principales novelas figuran    <\/span><i><span style=\"font-weight: 400;\">El Hombre de Palo<\/span><\/i><span style=\"font-weight: 400;\"> y <\/span><i><span style=\"font-weight: 400;\">Tambour-Babel<\/span><\/i><span style=\"font-weight: 400;\">. Este a\u00f1o, la FEMI rinde homenaje a Ernest P\u00c9PIN con la proyecci\u00f3n de   <\/span><i><span style=\"font-weight: 400;\">El hombre del palo<\/span><\/i><span style=\"font-weight: 400;\">pel\u00edcula adaptada de su novela hom\u00f3nima. Estar\u00e1 presente para firmar libros con motivo de la publicaci\u00f3n de su nueva colecci\u00f3n de poes\u00eda,   <\/span><i><span style=\"font-weight: 400;\">A cualquier pa\u00eds dedicado<\/span><\/i><span style=\"font-weight: 400;\">.<\/span><\/li>\n<\/ul>\n\t\t\t\t\t\t\t\t<\/div>\n\t\t\t\t<\/div>\n\t\t\t\t<div class=\"elementor-element elementor-element-a2380ef elementor-widget elementor-widget-text-editor\" data-id=\"a2380ef\" data-element_type=\"widget\" data-widget_type=\"text-editor.default\">\n\t\t\t\t<div class=\"elementor-widget-container\">\n\t\t\t\t\t\t\t\t\t<ul>\n<li>\n              <b>Mariette Monpierre  <\/b><br \/>\n              <span style=\"font-weight: 400;\">Nacida en Guadalupe, Mariette Monpierre creci\u00f3 en Par\u00eds y vive entre Nueva York y Le Gosier. Comenz\u00f3 su carrera en la agencia BBDO NY, produciendo anuncios para grandes marcas. Su primer cortometraje, &#8220;Rendez-Vous&#8221;, fue nominado al premio Djibril Diop Mambety de Cannes en 2002. Su pel\u00edcula &#8220;Le Bonheur d&#8217;Elza&#8221; fue aclamada en Estados Unidos y premiada en FESPACO 2013. Tambi\u00e9n ha realizado varios documentales, entre ellos &#8220;Entre 2 Rives&#8221; y &#8220;Les Soldats de la Terre&#8221;. Su \u00faltima serie, &#8220;Manmz\u00e8l New York&#8221;, ha sido seleccionada para la 29\u00aa edici\u00f3n de FESPACO en febrero de 2025.     <\/span>\n            <\/li>\n<\/ul>\n\t\t\t\t\t\t\t\t<\/div>\n\t\t\t\t<\/div>\n\t\t\t\t<section class=\"elementor-section elementor-inner-section elementor-element elementor-element-ab3de51 elementor-section-boxed elementor-section-height-default elementor-section-height-default\" data-id=\"ab3de51\" data-element_type=\"section\">\n\t\t\t\t\t\t<div class=\"elementor-container elementor-column-gap-default\">\n\t\t\t\t\t<div class=\"elementor-column elementor-col-50 elementor-inner-column elementor-element elementor-element-83ef02b\" data-id=\"83ef02b\" data-element_type=\"column\">\n\t\t\t<div class=\"elementor-widget-wrap elementor-element-populated\">\n\t\t\t\t\t\t<div class=\"elementor-element elementor-element-eb47224 elementor-widget elementor-widget-image\" data-id=\"eb47224\" data-element_type=\"widget\" data-widget_type=\"image.default\">\n\t\t\t\t<div class=\"elementor-widget-container\">\n\t\t\t\t\t\t\t\t\t\t\t\t<figure class=\"wp-caption\">\n\t\t\t\t\t\t\t\t\t\t<img decoding=\"async\" width=\"731\" height=\"1024\" src=\"https:\/\/richeskarayib.com\/wp-content\/uploads\/2025\/03\/CATALOGUE-FEMI2025-WEB_page-0004-731x1024.jpg\" class=\"attachment-large size-large wp-image-46633\" alt=\"FEMI 2025\" srcset=\"https:\/\/richeskarayib.com\/wp-content\/uploads\/2025\/03\/CATALOGUE-FEMI2025-WEB_page-0004-731x1024.jpg 731w, https:\/\/richeskarayib.com\/wp-content\/uploads\/2025\/03\/CATALOGUE-FEMI2025-WEB_page-0004-214x300.jpg 214w, https:\/\/richeskarayib.com\/wp-content\/uploads\/2025\/03\/CATALOGUE-FEMI2025-WEB_page-0004-768x1076.jpg 768w, https:\/\/richeskarayib.com\/wp-content\/uploads\/2025\/03\/CATALOGUE-FEMI2025-WEB_page-0004.jpg 886w\" sizes=\"(max-width: 731px) 100vw, 731px\" \/>\t\t\t\t\t\t\t\t\t\t\t<figcaption class=\"widget-image-caption wp-caption-text\">Ernest P\u00c9PIN <\/figcaption>\n\t\t\t\t\t\t\t\t\t\t<\/figure>\n\t\t\t\t\t\t\t\t\t<\/div>\n\t\t\t\t<\/div>\n\t\t\t\t\t<\/div>\n\t\t<\/div>\n\t\t\t\t<div class=\"elementor-column elementor-col-50 elementor-inner-column elementor-element elementor-element-3aa2f27\" data-id=\"3aa2f27\" data-element_type=\"column\">\n\t\t\t<div class=\"elementor-widget-wrap elementor-element-populated\">\n\t\t\t\t\t\t<div class=\"elementor-element elementor-element-a581ce9 elementor-widget elementor-widget-image\" data-id=\"a581ce9\" data-element_type=\"widget\" data-widget_type=\"image.default\">\n\t\t\t\t<div class=\"elementor-widget-container\">\n\t\t\t\t\t\t\t\t\t\t\t\t<figure class=\"wp-caption\">\n\t\t\t\t\t\t\t\t\t\t<img decoding=\"async\" width=\"731\" height=\"1024\" src=\"https:\/\/richeskarayib.com\/wp-content\/uploads\/2025\/03\/CATALOGUE-FEMI2025-WEB_page-0005-731x1024.jpg\" class=\"attachment-large size-large wp-image-46637\" alt=\"FEMI 2025\" srcset=\"https:\/\/richeskarayib.com\/wp-content\/uploads\/2025\/03\/CATALOGUE-FEMI2025-WEB_page-0005-731x1024.jpg 731w, https:\/\/richeskarayib.com\/wp-content\/uploads\/2025\/03\/CATALOGUE-FEMI2025-WEB_page-0005-214x300.jpg 214w, https:\/\/richeskarayib.com\/wp-content\/uploads\/2025\/03\/CATALOGUE-FEMI2025-WEB_page-0005-768x1076.jpg 768w, https:\/\/richeskarayib.com\/wp-content\/uploads\/2025\/03\/CATALOGUE-FEMI2025-WEB_page-0005.jpg 886w\" sizes=\"(max-width: 731px) 100vw, 731px\" \/>\t\t\t\t\t\t\t\t\t\t\t<figcaption class=\"widget-image-caption wp-caption-text\">Mariette Monpierre<\/figcaption>\n\t\t\t\t\t\t\t\t\t\t<\/figure>\n\t\t\t\t\t\t\t\t\t<\/div>\n\t\t\t\t<\/div>\n\t\t\t\t\t<\/div>\n\t\t<\/div>\n\t\t\t\t\t<\/div>\n\t\t<\/section>\n\t\t\t\t<div class=\"elementor-element elementor-element-5e03483 elementor-widget elementor-widget-text-editor\" data-id=\"5e03483\" data-element_type=\"widget\" data-widget_type=\"text-editor.default\">\n\t\t\t\t<div class=\"elementor-widget-container\">\n\t\t\t\t\t\t\t\t\t<ul>\n<li style=\"font-weight: 400;\" aria-level=\"1\">\n              <b>Alix V\u00e9ron\u00e8ze  <\/b><br \/>\n              <span style=\"font-weight: 400;\">El director guadalupe\u00f1o Alix V\u00e9ron\u00e8ze se dio a conocer con su primer largometraje, &#8220;Sentiment Inconnu&#8221;, en 2011. Continu\u00f3 su carrera con &#8220;Culture en Danger&#8221; y &#8220;King Daddy Yod, la l\u00e9gende vivante&#8221;. Su compromiso con el cine independiente y su deseo de poner de relieve las realidades sociales de Guadalupe lo convierten en una figura clave del festival.  <\/span>\n            <\/li>\n<li style=\"font-weight: 400;\" aria-level=\"1\">\n              <b>Rey Pap\u00e1 Yod<\/b><br \/>\n              <span style=\"font-weight: 400;\">  King Daddy Yod, pionero del raggamuffin en Francia, lleva dejando su huella en el reggae franc\u00e9s desde la d\u00e9cada de 1980. Su \u00e1lbum &#8220;Redoutable&#8221; (1991) y su \u00e9xito &#8220;Faut pas taper la doudou&#8221; impulsaron el movimiento en Francia. En la FEMI 2025 se proyectar\u00e1 un documental sobre su carrera.  <\/span>\n            <\/li>\n<\/ul>\n\t\t\t\t\t\t\t\t<\/div>\n\t\t\t\t<\/div>\n\t\t\t\t<section class=\"elementor-section elementor-inner-section elementor-element elementor-element-4acc323 elementor-section-boxed elementor-section-height-default elementor-section-height-default\" data-id=\"4acc323\" data-element_type=\"section\">\n\t\t\t\t\t\t<div class=\"elementor-container elementor-column-gap-default\">\n\t\t\t\t\t<div class=\"elementor-column elementor-col-50 elementor-inner-column elementor-element elementor-element-3d8b589\" data-id=\"3d8b589\" data-element_type=\"column\">\n\t\t\t<div class=\"elementor-widget-wrap elementor-element-populated\">\n\t\t\t\t\t\t<div class=\"elementor-element elementor-element-4f10312 elementor-widget elementor-widget-image\" data-id=\"4f10312\" data-element_type=\"widget\" data-widget_type=\"image.default\">\n\t\t\t\t<div class=\"elementor-widget-container\">\n\t\t\t\t\t\t\t\t\t\t\t\t<figure class=\"wp-caption\">\n\t\t\t\t\t\t\t\t\t\t<img loading=\"lazy\" decoding=\"async\" width=\"731\" height=\"1024\" src=\"https:\/\/richeskarayib.com\/wp-content\/uploads\/2025\/03\/CATALOGUE-FEMI2025-WEB_page-0006-731x1024.jpg\" class=\"attachment-large size-large wp-image-46641\" alt=\"FEMI 2025\" srcset=\"https:\/\/richeskarayib.com\/wp-content\/uploads\/2025\/03\/CATALOGUE-FEMI2025-WEB_page-0006-731x1024.jpg 731w, https:\/\/richeskarayib.com\/wp-content\/uploads\/2025\/03\/CATALOGUE-FEMI2025-WEB_page-0006-214x300.jpg 214w, https:\/\/richeskarayib.com\/wp-content\/uploads\/2025\/03\/CATALOGUE-FEMI2025-WEB_page-0006-768x1076.jpg 768w, https:\/\/richeskarayib.com\/wp-content\/uploads\/2025\/03\/CATALOGUE-FEMI2025-WEB_page-0006.jpg 886w\" sizes=\"(max-width: 731px) 100vw, 731px\" \/>\t\t\t\t\t\t\t\t\t\t\t<figcaption class=\"widget-image-caption wp-caption-text\">Alix V\u00e9ron\u00e8ze<\/figcaption>\n\t\t\t\t\t\t\t\t\t\t<\/figure>\n\t\t\t\t\t\t\t\t\t<\/div>\n\t\t\t\t<\/div>\n\t\t\t\t\t<\/div>\n\t\t<\/div>\n\t\t\t\t<div class=\"elementor-column elementor-col-50 elementor-inner-column elementor-element elementor-element-a3a653e\" data-id=\"a3a653e\" data-element_type=\"column\">\n\t\t\t<div class=\"elementor-widget-wrap elementor-element-populated\">\n\t\t\t\t\t\t<div class=\"elementor-element elementor-element-3901d14 elementor-widget elementor-widget-image\" data-id=\"3901d14\" data-element_type=\"widget\" data-widget_type=\"image.default\">\n\t\t\t\t<div class=\"elementor-widget-container\">\n\t\t\t\t\t\t\t\t\t\t\t\t<figure class=\"wp-caption\">\n\t\t\t\t\t\t\t\t\t\t<img loading=\"lazy\" decoding=\"async\" width=\"731\" height=\"1024\" src=\"https:\/\/richeskarayib.com\/wp-content\/uploads\/2025\/03\/CATALOGUE-FEMI2025-WEB_page-0007-731x1024.jpg\" class=\"attachment-large size-large wp-image-46645\" alt=\"FEMI 2025\" srcset=\"https:\/\/richeskarayib.com\/wp-content\/uploads\/2025\/03\/CATALOGUE-FEMI2025-WEB_page-0007-731x1024.jpg 731w, https:\/\/richeskarayib.com\/wp-content\/uploads\/2025\/03\/CATALOGUE-FEMI2025-WEB_page-0007-214x300.jpg 214w, https:\/\/richeskarayib.com\/wp-content\/uploads\/2025\/03\/CATALOGUE-FEMI2025-WEB_page-0007-768x1076.jpg 768w, https:\/\/richeskarayib.com\/wp-content\/uploads\/2025\/03\/CATALOGUE-FEMI2025-WEB_page-0007.jpg 886w\" sizes=\"(max-width: 731px) 100vw, 731px\" \/>\t\t\t\t\t\t\t\t\t\t\t<figcaption class=\"widget-image-caption wp-caption-text\">King Daddy Yod<\/figcaption>\n\t\t\t\t\t\t\t\t\t\t<\/figure>\n\t\t\t\t\t\t\t\t\t<\/div>\n\t\t\t\t<\/div>\n\t\t\t\t\t<\/div>\n\t\t<\/div>\n\t\t\t\t\t<\/div>\n\t\t<\/section>\n\t\t\t\t<div class=\"elementor-element elementor-element-29a5d3e elementor-widget elementor-widget-text-editor\" data-id=\"29a5d3e\" data-element_type=\"widget\" data-widget_type=\"text-editor.default\">\n\t\t\t\t<div class=\"elementor-widget-container\">\n\t\t\t\t\t\t\t\t\t<h3>\n            <b>Los jurados de FEMI 2025<\/b><br \/>\n          <\/h3>\n<h4>\n            <b>Jurado de largometrajes<\/b><br \/>\n          <\/h4>\n<ul>\n<li style=\"font-weight: 400;\" aria-level=\"1\">\n              <span style=\"font-weight: 400;\">Martine Sornay: Profesora apasionada por el cine, cre\u00f3 un taller audiovisual en Guadalupe y presidi\u00f3 el Festival TERRA hasta 2024.<\/span>\n            <\/li>\n<li style=\"font-weight: 400;\" aria-level=\"1\">\n              <span style=\"font-weight: 400;\">Marc Delmarre: Antiguo director de escuela y entrenador de f\u00fatbol, es un apasionado del canto coral y del cine.<\/span>\n            <\/li>\n<li style=\"font-weight: 400;\" aria-level=\"1\">\n              <span style=\"font-weight: 400;\">\u00c9tienne Lamoulie: Profesor de Literatura Moderna y de Estudios Cine-Audiovisuales, ha participado en varios festivales de cine.<\/span>\n            <\/li>\n<\/ul>\n\t\t\t\t\t\t\t\t<\/div>\n\t\t\t\t<\/div>\n\t\t\t\t<div class=\"elementor-element elementor-element-2f7102d elementor-widget elementor-widget-text-editor\" data-id=\"2f7102d\" data-element_type=\"widget\" data-widget_type=\"text-editor.default\">\n\t\t\t\t<div class=\"elementor-widget-container\">\n\t\t\t\t\t\t\t\t\t<h4><strong>J<\/strong><b>ury Cortos Documentales &#8211; MMI<\/b><\/h4>\n<ul>\n<li style=\"font-weight: 400;\" aria-level=\"1\">\n              <span style=\"font-weight: 400;\">Naelly Cr\u00e9antor: Estudiante de Comunicaci\u00f3n y Dise\u00f1o.<\/span>\n            <\/li>\n<li style=\"font-weight: 400;\" aria-level=\"1\">\n              <span style=\"font-weight: 400;\">Cassandra Bores: Cr\u00edtica de cine.<\/span>\n            <\/li>\n<li style=\"font-weight: 400;\" aria-level=\"1\">\n              <span style=\"font-weight: 400;\">Arnaud Hunt: Beatmaker, dise\u00f1ador gr\u00e1fico y editor de v\u00eddeo.<\/span>\n            <\/li>\n<\/ul>\n<h4>\n            <b>Jurado de cortometrajes<\/b><br \/>\n          <\/h4>\n<ul>\n<li style=\"font-weight: 400;\" aria-level=\"1\">\n              <span style=\"font-weight: 400;\">Fanny Coco-Viloin: Abogada apasionada por el arte, miembro de jurados internacionales.<\/span>\n            <\/li>\n<li style=\"font-weight: 400;\" aria-level=\"1\">\n              <span style=\"font-weight: 400;\">Louise Jannin: Joven promesa de la direcci\u00f3n.<\/span>\n            <\/li>\n<li style=\"font-weight: 400;\" aria-level=\"1\">\n              <span style=\"font-weight: 400;\">James D\u00e9siris: Artista multidisciplinar haitiano.<\/span>\n            <\/li>\n<\/ul>\n\t\t\t\t\t\t\t\t<\/div>\n\t\t\t\t<\/div>\n\t\t\t\t<div class=\"elementor-element elementor-element-0708bee elementor-widget elementor-widget-text-editor\" data-id=\"0708bee\" data-element_type=\"widget\" data-widget_type=\"text-editor.default\">\n\t\t\t\t<div class=\"elementor-widget-container\">\n\t\t\t\t\t\t\t\t\t<h4>\n            <b>Jurado de documentales<\/b><br \/>\n          <\/h4>\n<ul>\n<li style=\"font-weight: 400;\" aria-level=\"1\">\n              <span style=\"font-weight: 400;\">Laura \u00c9douard: Pintora, fot\u00f3grafa y videoartista autodidacta.<\/span>\n            <\/li>\n<li style=\"font-weight: 400;\" aria-level=\"1\">\n              <span style=\"font-weight: 400;\">C\u00e9lia Dejoux: Periodista y documentalista.<\/span>\n            <\/li>\n<li style=\"font-weight: 400;\" aria-level=\"1\">\n              <span style=\"font-weight: 400;\">R\u00e9gis Marton: Cr\u00edtico de cine y presentador de podcasts sobre cine caribe\u00f1o.<\/span>\n            <\/li>\n<\/ul>\n\t\t\t\t\t\t\t\t<\/div>\n\t\t\t\t<\/div>\n\t\t\t\t\t<\/div>\n\t\t<\/div>\n\t\t\t\t\t<\/div>\n\t\t<\/section>\n\t\t\t\t<section class=\"elementor-section elementor-top-section elementor-element elementor-element-53262f1 elementor-section-boxed elementor-section-height-default elementor-section-height-default\" data-id=\"53262f1\" data-element_type=\"section\">\n\t\t\t\t\t\t<div class=\"elementor-container elementor-column-gap-default\">\n\t\t\t\t\t<div class=\"elementor-column elementor-col-100 elementor-top-column elementor-element elementor-element-eac4faf\" data-id=\"eac4faf\" data-element_type=\"column\">\n\t\t\t<div class=\"elementor-widget-wrap elementor-element-populated\">\n\t\t\t\t\t\t<div class=\"elementor-element elementor-element-05782f7 elementor-widget elementor-widget-heading\" data-id=\"05782f7\" data-element_type=\"widget\" data-widget_type=\"heading.default\">\n\t\t\t\t<div class=\"elementor-widget-container\">\n\t\t\t\t\t<h2 class=\"elementor-heading-title elementor-size-default\">El programa FEMI 2025<\/h2>\t\t\t\t<\/div>\n\t\t\t\t<\/div>\n\t\t\t\t<div class=\"elementor-element elementor-element-9c39683 elementor-widget elementor-widget-text-editor\" data-id=\"9c39683\" data-element_type=\"widget\" data-widget_type=\"text-editor.default\">\n\t\t\t\t<div class=\"elementor-widget-container\">\n\t\t\t\t\t\t\t\t\t<p>\n            <span style=\"font-weight: 400;\">FEMI 2025 se desarrollar\u00e1 durante varios d\u00edas y en distintos lugares de Guadalupe, con proyecciones, ceremonias y reuniones:<\/span>\n          <\/p>\n<ul>\n<li style=\"font-weight: 400;\" aria-level=\"1\">\n              <span style=\"font-weight: 400;\">S\u00e1bado 22 de marzo: Ceremonia de inauguraci\u00f3n en el Cin\u00e9-Th\u00e9\u00e2tre Lamentin con discursos, presentaci\u00f3n y proyecci\u00f3n de &#8220;Manmz\u00e8l New-York&#8221;.<\/span>\n            <\/li>\n<li style=\"font-weight: 400;\" aria-level=\"1\">\n              <span style=\"font-weight: 400;\">Domingo 23 de marzo: Proyecci\u00f3n de cortos y documentales internacionales.<\/span>\n            <\/li>\n<li style=\"font-weight: 400;\" aria-level=\"1\">\n              <span style=\"font-weight: 400;\">Lunes 24 de marzo: Proyecciones tem\u00e1ticas sobre las sociedades criollas y la ecolog\u00eda.<\/span>\n            <\/li>\n<li style=\"font-weight: 400;\" aria-level=\"1\">\n              <span style=\"font-weight: 400;\">Martes 25 de marzo: Masterclass con Alix V\u00e9ron\u00e8ze y proyecciones de pel\u00edculas martinicanas.<\/span>\n            <\/li>\n<li style=\"font-weight: 400;\" aria-level=\"1\">\n              <span style=\"font-weight: 400;\">Mi\u00e9rcoles 26 de marzo: Ceremonia de clausura con entrega de premios y proyecci\u00f3n de &#8220;Le Bonheur d&#8217;Elza&#8221;.<\/span>\n            <\/li>\n<li style=\"font-weight: 400;\" aria-level=\"1\">\n              <span style=\"font-weight: 400;\">Jueves 27 y viernes 28 de marzo: Proyecciones especiales y retrospectiva sobre el cine caribe\u00f1o.<\/span>\n            <\/li>\n<\/ul>\n\t\t\t\t\t\t\t\t<\/div>\n\t\t\t\t<\/div>\n\t\t\t\t<section class=\"elementor-section elementor-inner-section elementor-element elementor-element-7803354 elementor-section-boxed elementor-section-height-default elementor-section-height-default\" data-id=\"7803354\" data-element_type=\"section\">\n\t\t\t\t\t\t<div class=\"elementor-container elementor-column-gap-default\">\n\t\t\t\t\t<div class=\"elementor-column elementor-col-16 elementor-inner-column elementor-element elementor-element-f92f11a\" data-id=\"f92f11a\" data-element_type=\"column\">\n\t\t\t<div class=\"elementor-widget-wrap elementor-element-populated\">\n\t\t\t\t\t\t<div class=\"elementor-element elementor-element-220f6b4 elementor-widget elementor-widget-image\" data-id=\"220f6b4\" data-element_type=\"widget\" data-widget_type=\"image.default\">\n\t\t\t\t<div class=\"elementor-widget-container\">\n\t\t\t\t\t\t\t\t\t\t\t\t\t\t\t<img loading=\"lazy\" decoding=\"async\" width=\"731\" height=\"1024\" src=\"https:\/\/richeskarayib.com\/wp-content\/uploads\/2025\/03\/CATALOGUE-FEMI2025-WEB_page-0012-731x1024.jpg\" class=\"attachment-large size-large wp-image-46649\" alt=\"FEMI 2025\" srcset=\"https:\/\/richeskarayib.com\/wp-content\/uploads\/2025\/03\/CATALOGUE-FEMI2025-WEB_page-0012-731x1024.jpg 731w, https:\/\/richeskarayib.com\/wp-content\/uploads\/2025\/03\/CATALOGUE-FEMI2025-WEB_page-0012-214x300.jpg 214w, https:\/\/richeskarayib.com\/wp-content\/uploads\/2025\/03\/CATALOGUE-FEMI2025-WEB_page-0012-768x1076.jpg 768w, https:\/\/richeskarayib.com\/wp-content\/uploads\/2025\/03\/CATALOGUE-FEMI2025-WEB_page-0012.jpg 886w\" sizes=\"(max-width: 731px) 100vw, 731px\" \/>\t\t\t\t\t\t\t\t\t\t\t\t\t\t\t<\/div>\n\t\t\t\t<\/div>\n\t\t\t\t\t<\/div>\n\t\t<\/div>\n\t\t\t\t<div class=\"elementor-column elementor-col-16 elementor-inner-column elementor-element elementor-element-59207c2\" data-id=\"59207c2\" data-element_type=\"column\">\n\t\t\t<div class=\"elementor-widget-wrap elementor-element-populated\">\n\t\t\t\t\t\t<div class=\"elementor-element elementor-element-bf19906 elementor-widget elementor-widget-image\" data-id=\"bf19906\" data-element_type=\"widget\" data-widget_type=\"image.default\">\n\t\t\t\t<div class=\"elementor-widget-container\">\n\t\t\t\t\t\t\t\t\t\t\t\t\t\t\t<img loading=\"lazy\" decoding=\"async\" width=\"731\" height=\"1024\" src=\"https:\/\/richeskarayib.com\/wp-content\/uploads\/2025\/03\/CATALOGUE-FEMI2025-WEB_page-0013-731x1024.jpg\" class=\"attachment-large size-large wp-image-46653\" alt=\"FEMI 2025\" srcset=\"https:\/\/richeskarayib.com\/wp-content\/uploads\/2025\/03\/CATALOGUE-FEMI2025-WEB_page-0013-731x1024.jpg 731w, https:\/\/richeskarayib.com\/wp-content\/uploads\/2025\/03\/CATALOGUE-FEMI2025-WEB_page-0013-214x300.jpg 214w, https:\/\/richeskarayib.com\/wp-content\/uploads\/2025\/03\/CATALOGUE-FEMI2025-WEB_page-0013-768x1076.jpg 768w, https:\/\/richeskarayib.com\/wp-content\/uploads\/2025\/03\/CATALOGUE-FEMI2025-WEB_page-0013.jpg 886w\" sizes=\"(max-width: 731px) 100vw, 731px\" \/>\t\t\t\t\t\t\t\t\t\t\t\t\t\t\t<\/div>\n\t\t\t\t<\/div>\n\t\t\t\t\t<\/div>\n\t\t<\/div>\n\t\t\t\t<div class=\"elementor-column elementor-col-16 elementor-inner-column elementor-element elementor-element-f485ca8\" data-id=\"f485ca8\" data-element_type=\"column\">\n\t\t\t<div class=\"elementor-widget-wrap elementor-element-populated\">\n\t\t\t\t\t\t<div class=\"elementor-element elementor-element-b2aa064 elementor-widget elementor-widget-image\" data-id=\"b2aa064\" data-element_type=\"widget\" data-widget_type=\"image.default\">\n\t\t\t\t<div class=\"elementor-widget-container\">\n\t\t\t\t\t\t\t\t\t\t\t\t\t\t\t<img loading=\"lazy\" decoding=\"async\" width=\"731\" height=\"1024\" src=\"https:\/\/richeskarayib.com\/wp-content\/uploads\/2025\/03\/CATALOGUE-FEMI2025-WEB_page-0014-731x1024.jpg\" class=\"attachment-large size-large wp-image-46657\" alt=\"FEMI 2025\" srcset=\"https:\/\/richeskarayib.com\/wp-content\/uploads\/2025\/03\/CATALOGUE-FEMI2025-WEB_page-0014-731x1024.jpg 731w, https:\/\/richeskarayib.com\/wp-content\/uploads\/2025\/03\/CATALOGUE-FEMI2025-WEB_page-0014-214x300.jpg 214w, https:\/\/richeskarayib.com\/wp-content\/uploads\/2025\/03\/CATALOGUE-FEMI2025-WEB_page-0014-768x1076.jpg 768w, https:\/\/richeskarayib.com\/wp-content\/uploads\/2025\/03\/CATALOGUE-FEMI2025-WEB_page-0014.jpg 886w\" sizes=\"(max-width: 731px) 100vw, 731px\" \/>\t\t\t\t\t\t\t\t\t\t\t\t\t\t\t<\/div>\n\t\t\t\t<\/div>\n\t\t\t\t\t<\/div>\n\t\t<\/div>\n\t\t\t\t<div class=\"elementor-column elementor-col-16 elementor-inner-column elementor-element elementor-element-9fe7ca1\" data-id=\"9fe7ca1\" data-element_type=\"column\">\n\t\t\t<div class=\"elementor-widget-wrap elementor-element-populated\">\n\t\t\t\t\t\t<div class=\"elementor-element elementor-element-6fe5ea3 elementor-widget elementor-widget-image\" data-id=\"6fe5ea3\" data-element_type=\"widget\" data-widget_type=\"image.default\">\n\t\t\t\t<div class=\"elementor-widget-container\">\n\t\t\t\t\t\t\t\t\t\t\t\t\t\t\t<img loading=\"lazy\" decoding=\"async\" width=\"731\" height=\"1024\" src=\"https:\/\/richeskarayib.com\/wp-content\/uploads\/2025\/03\/CATALOGUE-FEMI2025-WEB_page-0015-731x1024.jpg\" class=\"attachment-large size-large wp-image-46661\" alt=\"FEMI 2025\" srcset=\"https:\/\/richeskarayib.com\/wp-content\/uploads\/2025\/03\/CATALOGUE-FEMI2025-WEB_page-0015-731x1024.jpg 731w, https:\/\/richeskarayib.com\/wp-content\/uploads\/2025\/03\/CATALOGUE-FEMI2025-WEB_page-0015-214x300.jpg 214w, https:\/\/richeskarayib.com\/wp-content\/uploads\/2025\/03\/CATALOGUE-FEMI2025-WEB_page-0015-768x1076.jpg 768w, https:\/\/richeskarayib.com\/wp-content\/uploads\/2025\/03\/CATALOGUE-FEMI2025-WEB_page-0015.jpg 886w\" sizes=\"(max-width: 731px) 100vw, 731px\" \/>\t\t\t\t\t\t\t\t\t\t\t\t\t\t\t<\/div>\n\t\t\t\t<\/div>\n\t\t\t\t\t<\/div>\n\t\t<\/div>\n\t\t\t\t<div class=\"elementor-column elementor-col-16 elementor-inner-column elementor-element elementor-element-7f32350\" data-id=\"7f32350\" data-element_type=\"column\">\n\t\t\t<div class=\"elementor-widget-wrap elementor-element-populated\">\n\t\t\t\t\t\t<div class=\"elementor-element elementor-element-08bb41a elementor-widget elementor-widget-image\" data-id=\"08bb41a\" data-element_type=\"widget\" data-widget_type=\"image.default\">\n\t\t\t\t<div class=\"elementor-widget-container\">\n\t\t\t\t\t\t\t\t\t\t\t\t\t\t\t<img loading=\"lazy\" decoding=\"async\" width=\"731\" height=\"1024\" src=\"https:\/\/richeskarayib.com\/wp-content\/uploads\/2025\/03\/CATALOGUE-FEMI2025-WEB_page-0016-731x1024.jpg\" class=\"attachment-large size-large wp-image-46665\" alt=\"FEMI 2025\" srcset=\"https:\/\/richeskarayib.com\/wp-content\/uploads\/2025\/03\/CATALOGUE-FEMI2025-WEB_page-0016-731x1024.jpg 731w, https:\/\/richeskarayib.com\/wp-content\/uploads\/2025\/03\/CATALOGUE-FEMI2025-WEB_page-0016-214x300.jpg 214w, https:\/\/richeskarayib.com\/wp-content\/uploads\/2025\/03\/CATALOGUE-FEMI2025-WEB_page-0016-768x1076.jpg 768w, https:\/\/richeskarayib.com\/wp-content\/uploads\/2025\/03\/CATALOGUE-FEMI2025-WEB_page-0016.jpg 886w\" sizes=\"(max-width: 731px) 100vw, 731px\" \/>\t\t\t\t\t\t\t\t\t\t\t\t\t\t\t<\/div>\n\t\t\t\t<\/div>\n\t\t\t\t\t<\/div>\n\t\t<\/div>\n\t\t\t\t<div class=\"elementor-column elementor-col-16 elementor-inner-column elementor-element elementor-element-2899cc1\" data-id=\"2899cc1\" data-element_type=\"column\">\n\t\t\t<div class=\"elementor-widget-wrap elementor-element-populated\">\n\t\t\t\t\t\t<div class=\"elementor-element elementor-element-3950e85 elementor-widget elementor-widget-image\" data-id=\"3950e85\" data-element_type=\"widget\" data-widget_type=\"image.default\">\n\t\t\t\t<div class=\"elementor-widget-container\">\n\t\t\t\t\t\t\t\t\t\t\t\t\t\t\t<img loading=\"lazy\" decoding=\"async\" width=\"731\" height=\"1024\" src=\"https:\/\/richeskarayib.com\/wp-content\/uploads\/2025\/03\/CATALOGUE-FEMI2025-WEB_page-0017-731x1024.jpg\" class=\"attachment-large size-large wp-image-46669\" alt=\"FEMI 2025\" srcset=\"https:\/\/richeskarayib.com\/wp-content\/uploads\/2025\/03\/CATALOGUE-FEMI2025-WEB_page-0017-731x1024.jpg 731w, https:\/\/richeskarayib.com\/wp-content\/uploads\/2025\/03\/CATALOGUE-FEMI2025-WEB_page-0017-214x300.jpg 214w, https:\/\/richeskarayib.com\/wp-content\/uploads\/2025\/03\/CATALOGUE-FEMI2025-WEB_page-0017-768x1076.jpg 768w, https:\/\/richeskarayib.com\/wp-content\/uploads\/2025\/03\/CATALOGUE-FEMI2025-WEB_page-0017.jpg 886w\" sizes=\"(max-width: 731px) 100vw, 731px\" \/>\t\t\t\t\t\t\t\t\t\t\t\t\t\t\t<\/div>\n\t\t\t\t<\/div>\n\t\t\t\t\t<\/div>\n\t\t<\/div>\n\t\t\t\t\t<\/div>\n\t\t<\/section>\n\t\t\t\t\t<\/div>\n\t\t<\/div>\n\t\t\t\t\t<\/div>\n\t\t<\/section>\n\t\t\t\t<section class=\"elementor-section elementor-top-section elementor-element elementor-element-68f0f48 elementor-section-boxed elementor-section-height-default elementor-section-height-default\" data-id=\"68f0f48\" data-element_type=\"section\">\n\t\t\t\t\t\t<div class=\"elementor-container elementor-column-gap-default\">\n\t\t\t\t\t<div class=\"elementor-column elementor-col-100 elementor-top-column elementor-element elementor-element-aba8149\" data-id=\"aba8149\" data-element_type=\"column\">\n\t\t\t<div class=\"elementor-widget-wrap elementor-element-populated\">\n\t\t\t\t\t\t<div class=\"elementor-element elementor-element-20aa533 elementor-widget elementor-widget-text-editor\" data-id=\"20aa533\" data-element_type=\"widget\" data-widget_type=\"text-editor.default\">\n\t\t\t\t<div class=\"elementor-widget-container\">\n\t\t\t\t\t\t\t\t\t<p>\n            <span style=\"font-weight: 400;\">El FEMI 2025 promete ser una edici\u00f3n excepcional, que ofrecer\u00e1 una visi\u00f3n de la diversidad del cine caribe\u00f1o e internacional. Con proyecciones innovadoras, encuentros con artistas y un escaparate de la cultura regional, el festival se confirma como una cita ineludible para los amantes del s\u00e9ptimo arte. <\/span>\n          <\/p>\n\t\t\t\t\t\t\t\t<\/div>\n\t\t\t\t<\/div>\n\t\t\t\t\t<\/div>\n\t\t<\/div>\n\t\t\t\t\t<\/div>\n\t\t<\/section>\n\t\t\t\t<\/div>\n\t\t","protected":false},"excerpt":{"rendered":"<p>FEMI 2025, festival de cine organizado por la la Asociaci\u00f3n Im\u00e1genes y Cultura del Mundo (AICM) vuelve en su 29\u00aa edici\u00f3n, ofreciendo una selecci\u00f3n de pel\u00edculas de Guadalupe, Martinica y Guayana Francesa, as\u00ed como del Caribe, Am\u00e9rica Latina, \u00c1frica y el Oc\u00e9ano \u00cdndico. Este a\u00f1o, el festival pone de relieve temas fuertes y obras audaces, [&hellip;]<\/p>\n","protected":false},"author":662,"featured_media":46629,"comment_status":"open","ping_status":"open","sticky":false,"template":"","format":"standard","meta":{"_acf_changed":false,"footnotes":""},"categories":[839],"tags":[1547,1715,816],"class_list":["post-46671","post","type-post","status-publish","format-standard","has-post-thumbnail","hentry","category-noticias","tag-guadalupe","tag-guayana-francesa-es-3","tag-martinique-es"],"acf":[],"_links":{"self":[{"href":"https:\/\/richeskarayib.com\/es\/wp-json\/wp\/v2\/posts\/46671","targetHints":{"allow":["GET"]}}],"collection":[{"href":"https:\/\/richeskarayib.com\/es\/wp-json\/wp\/v2\/posts"}],"about":[{"href":"https:\/\/richeskarayib.com\/es\/wp-json\/wp\/v2\/types\/post"}],"author":[{"embeddable":true,"href":"https:\/\/richeskarayib.com\/es\/wp-json\/wp\/v2\/users\/662"}],"replies":[{"embeddable":true,"href":"https:\/\/richeskarayib.com\/es\/wp-json\/wp\/v2\/comments?post=46671"}],"version-history":[{"count":0,"href":"https:\/\/richeskarayib.com\/es\/wp-json\/wp\/v2\/posts\/46671\/revisions"}],"wp:featuredmedia":[{"embeddable":true,"href":"https:\/\/richeskarayib.com\/es\/wp-json\/wp\/v2\/media\/46629"}],"wp:attachment":[{"href":"https:\/\/richeskarayib.com\/es\/wp-json\/wp\/v2\/media?parent=46671"}],"wp:term":[{"taxonomy":"category","embeddable":true,"href":"https:\/\/richeskarayib.com\/es\/wp-json\/wp\/v2\/categories?post=46671"},{"taxonomy":"post_tag","embeddable":true,"href":"https:\/\/richeskarayib.com\/es\/wp-json\/wp\/v2\/tags?post=46671"}],"curies":[{"name":"wp","href":"https:\/\/api.w.org\/{rel}","templated":true}]}}