{"id":46692,"date":"2025-03-21T08:57:28","date_gmt":"2025-03-21T12:57:28","guid":{"rendered":"https:\/\/richeskarayib.com\/martinica-loto-du-patrimoine-2025-la-fuente-de-gueydon-un-tesoro-olvidado-de-martinica-que-sera-restaurado\/"},"modified":"2025-03-21T08:57:29","modified_gmt":"2025-03-21T12:57:29","slug":"martinica-loto-du-patrimoine-2025-la-fuente-de-gueydon-un-tesoro-olvidado-de-martinica-que-sera-restaurado","status":"publish","type":"post","link":"https:\/\/richeskarayib.com\/es\/martinica-loto-du-patrimoine-2025-la-fuente-de-gueydon-un-tesoro-olvidado-de-martinica-que-sera-restaurado\/","title":{"rendered":"Martinica &#8211; Loto du Patrimoine 2025: La Fuente de Gueydon, un tesoro olvidado de Martinica que ser\u00e1 restaurado"},"content":{"rendered":"\t\t<div data-elementor-type=\"wp-post\" data-elementor-id=\"46692\" class=\"elementor elementor-46692 elementor-46674\" data-elementor-post-type=\"post\">\n\t\t\t\t\t\t<section class=\"elementor-section elementor-top-section elementor-element elementor-element-9be5ad7 elementor-section-boxed elementor-section-height-default elementor-section-height-default\" data-id=\"9be5ad7\" data-element_type=\"section\">\n\t\t\t\t\t\t<div class=\"elementor-container elementor-column-gap-default\">\n\t\t\t\t\t<div class=\"elementor-column elementor-col-100 elementor-top-column elementor-element elementor-element-76aecaa\" data-id=\"76aecaa\" data-element_type=\"column\">\n\t\t\t<div class=\"elementor-widget-wrap elementor-element-populated\">\n\t\t\t\t\t\t<div class=\"elementor-element elementor-element-5c7d2c2 elementor-widget elementor-widget-heading\" data-id=\"5c7d2c2\" data-element_type=\"widget\" data-widget_type=\"heading.default\">\n\t\t\t\t<div class=\"elementor-widget-container\">\n\t\t\t\t\t<h2 class=\"elementor-heading-title elementor-size-default\">Un patrimonio en busca de renacimiento<\/h2>\t\t\t\t<\/div>\n\t\t\t\t<\/div>\n\t\t\t\t<div class=\"elementor-element elementor-element-fc48138 elementor-widget elementor-widget-text-editor\" data-id=\"fc48138\" data-element_type=\"widget\" data-widget_type=\"text-editor.default\">\n\t\t\t\t<div class=\"elementor-widget-container\">\n\t\t\t\t\t\t\t\t\t<p>\n            <span style=\"font-weight: 400;\"><a href=\"https:\/\/la1ere.francetvinfo.fr\/martinique\/loto-du-patrimoine-la-fontaine-gueydon-de-fort-de-france-sera-renovee-1571281.html\" target=\"_blank\" rel=\"noopener nofollow\"> El Loto del Patrimonio<\/a> es una iniciativa esencial para la conservaci\u00f3n del patrimonio cultural y arquitect\u00f3nico de Francia. Para la edici\u00f3n de 2025, la Fondation du Patrimoine ha seleccionado 18 lugares emblem\u00e1ticos de todo el pa\u00eds, entre ellos la Fontaine Gueydon de Fort-de-France ( <a href=\"https:\/\/richeskarayib.com\/es\/?p=46474\" target=\"_blank\" rel=\"noopener\">Martinica)<\/a>. Esta estructura, construida en 1856, es testigo de la historia local, pero lleva varias d\u00e9cadas abandonada. Gracias al Loto del Patrimonio, un proyecto de restauraci\u00f3n le devolver\u00e1 su antiguo esplendor y reavivar\u00e1 su papel en el paisaje urbano de Martinica.   <\/span>\n          <\/p>\n\t\t\t\t\t\t\t\t<\/div>\n\t\t\t\t<\/div>\n\t\t\t\t\t<\/div>\n\t\t<\/div>\n\t\t\t\t\t<\/div>\n\t\t<\/section>\n\t\t\t\t<section class=\"elementor-section elementor-top-section elementor-element elementor-element-889dceb elementor-section-boxed elementor-section-height-default elementor-section-height-default\" data-id=\"889dceb\" data-element_type=\"section\">\n\t\t\t\t\t\t<div class=\"elementor-container elementor-column-gap-default\">\n\t\t\t\t\t<div class=\"elementor-column elementor-col-100 elementor-top-column elementor-element elementor-element-cb266eb\" data-id=\"cb266eb\" data-element_type=\"column\">\n\t\t\t<div class=\"elementor-widget-wrap elementor-element-populated\">\n\t\t\t\t\t\t<div class=\"elementor-element elementor-element-8edf822 elementor-widget elementor-widget-heading\" data-id=\"8edf822\" data-element_type=\"widget\" data-widget_type=\"heading.default\">\n\t\t\t\t<div class=\"elementor-widget-container\">\n\t\t\t\t\t<h2 class=\"elementor-heading-title elementor-size-default\">Un s\u00edmbolo hist\u00f3rico de Martinica\n<\/h2>\t\t\t\t<\/div>\n\t\t\t\t<\/div>\n\t\t\t\t<div class=\"elementor-element elementor-element-6d1f975 elementor-widget elementor-widget-text-editor\" data-id=\"6d1f975\" data-element_type=\"widget\" data-widget_type=\"text-editor.default\">\n\t\t\t\t<div class=\"elementor-widget-container\">\n\t\t\t\t\t\t\t\t\t<p>\n            <span style=\"font-weight: 400;\">La Fuente de Gueydon se construy\u00f3 en homenaje a Louis Henri de Gueydon, gobernador de Martinica entre 1849 y 1853. En una \u00e9poca en la que el acceso al agua potable era un gran desaf\u00edo, la fuente represent\u00f3 un gran avance al proporcionar agua corriente procedente del r\u00edo Case-Navire. En su d\u00eda fue un punto de encuentro central para los habitantes y un s\u00edmbolo de modernidad.  <\/span>\n          <\/p>\n\t\t\t\t\t\t\t\t<\/div>\n\t\t\t\t<\/div>\n\t\t\t\t<div class=\"elementor-element elementor-element-a2380ef elementor-widget elementor-widget-text-editor\" data-id=\"a2380ef\" data-element_type=\"widget\" data-widget_type=\"text-editor.default\">\n\t\t\t\t<div class=\"elementor-widget-container\">\n\t\t\t\t\t\t\t\t\t<p>\n            <span style=\"font-weight: 400;\">Con el tiempo, la infraestructura ha evolucionado, relegando la fuente al olvido. Hoy se encuentra en estado de deterioro, con la mamposter\u00eda agrietada y el armaz\u00f3n descuidado, por lo que requiere una restauraci\u00f3n urgente para preservar este legado hist\u00f3rico \u00fanico. <\/span>\n          <\/p>\n\t\t\t\t\t\t\t\t<\/div>\n\t\t\t\t<\/div>\n\t\t\t\t\t<\/div>\n\t\t<\/div>\n\t\t\t\t\t<\/div>\n\t\t<\/section>\n\t\t\t\t<section class=\"elementor-section elementor-top-section elementor-element elementor-element-53262f1 elementor-section-boxed elementor-section-height-default elementor-section-height-default\" data-id=\"53262f1\" data-element_type=\"section\">\n\t\t\t\t\t\t<div class=\"elementor-container elementor-column-gap-default\">\n\t\t\t\t\t<div class=\"elementor-column elementor-col-100 elementor-top-column elementor-element elementor-element-eac4faf\" data-id=\"eac4faf\" data-element_type=\"column\">\n\t\t\t<div class=\"elementor-widget-wrap elementor-element-populated\">\n\t\t\t\t\t\t<div class=\"elementor-element elementor-element-05782f7 elementor-widget elementor-widget-heading\" data-id=\"05782f7\" data-element_type=\"widget\" data-widget_type=\"heading.default\">\n\t\t\t\t<div class=\"elementor-widget-container\">\n\t\t\t\t\t<h2 class=\"elementor-heading-title elementor-size-default\">Un proyecto de restauraci\u00f3n<\/h2>\t\t\t\t<\/div>\n\t\t\t\t<\/div>\n\t\t\t\t<div class=\"elementor-element elementor-element-9c39683 elementor-widget elementor-widget-text-editor\" data-id=\"9c39683\" data-element_type=\"widget\" data-widget_type=\"text-editor.default\">\n\t\t\t\t<div class=\"elementor-widget-container\">\n\t\t\t\t\t\t\t\t\t<p>\n            <span style=\"font-weight: 400;\">Restaurar la Fuente de Gueydon es algo m\u00e1s que est\u00e9tica. Su objetivo es devolverla al lugar que le corresponde en el espacio p\u00fablico mediante las siguientes acciones: <\/span>\n          <\/p>\n<ul>\n<li style=\"font-weight: 400;\" aria-level=\"1\">\n              <span style=\"font-weight: 400;\">Una revisi\u00f3n completa para restaurar su funci\u00f3n original y mejorar el entorno urbano;<\/span>\n            <\/li>\n<li style=\"font-weight: 400;\" aria-level=\"1\">\n              <span style=\"font-weight: 400;\">Meticulosa restauraci\u00f3n arquitect\u00f3nica, utilizando t\u00e9cnicas y materiales originales para preservar su autenticidad;<\/span>\n            <\/li>\n<li style=\"font-weight: 400;\" aria-level=\"1\">\n              <span style=\"font-weight: 400;\">Se ha redise\u00f1ado el paisajismo, con la creaci\u00f3n de una plaza de convivencia para fomentar la interacci\u00f3n y dar a conocer el lugar.<\/span>\n            <\/li>\n<\/ul>\n\t\t\t\t\t\t\t\t<\/div>\n\t\t\t\t<\/div>\n\t\t\t\t<div class=\"elementor-element elementor-element-75cc562 elementor-widget elementor-widget-text-editor\" data-id=\"75cc562\" data-element_type=\"widget\" data-widget_type=\"text-editor.default\">\n\t\t\t\t<div class=\"elementor-widget-container\">\n\t\t\t\t\t\t\t\t\t<p>\n            <span style=\"font-weight: 400;\">Adem\u00e1s, se instalar\u00e1n gradas que permitir\u00e1n organizar actos culturales y art\u00edsticos, transformando la fuente en un verdadero espacio vivo. El Loto del Patrimonio aporta una financiaci\u00f3n esencial para llevar a buen puerto este proyecto y restaurar un elemento clave de la identidad urbana de Fort-de-France. <\/span>\n          <\/p>\n\t\t\t\t\t\t\t\t<\/div>\n\t\t\t\t<\/div>\n\t\t\t\t\t<\/div>\n\t\t<\/div>\n\t\t\t\t\t<\/div>\n\t\t<\/section>\n\t\t\t\t<section class=\"elementor-section elementor-top-section elementor-element elementor-element-73723a0 elementor-section-boxed elementor-section-height-default elementor-section-height-default\" data-id=\"73723a0\" data-element_type=\"section\">\n\t\t\t\t\t\t<div class=\"elementor-container elementor-column-gap-default\">\n\t\t\t\t\t<div class=\"elementor-column elementor-col-100 elementor-top-column elementor-element elementor-element-9b313b4\" data-id=\"9b313b4\" data-element_type=\"column\">\n\t\t\t<div class=\"elementor-widget-wrap elementor-element-populated\">\n\t\t\t\t\t\t<div class=\"elementor-element elementor-element-a2e4615 elementor-widget elementor-widget-heading\" data-id=\"a2e4615\" data-element_type=\"widget\" data-widget_type=\"heading.default\">\n\t\t\t\t<div class=\"elementor-widget-container\">\n\t\t\t\t\t<h2 class=\"elementor-heading-title elementor-size-default\">Un reto cultural y tur\u00edstico<\/h2>\t\t\t\t<\/div>\n\t\t\t\t<\/div>\n\t\t\t\t<div class=\"elementor-element elementor-element-8f6e1d5 elementor-widget elementor-widget-text-editor\" data-id=\"8f6e1d5\" data-element_type=\"widget\" data-widget_type=\"text-editor.default\">\n\t\t\t\t<div class=\"elementor-widget-container\">\n\t\t\t\t\t\t\t\t\t<p>\n            <span style=\"font-weight: 400;\">La restauraci\u00f3n de la Fuente de Gueydon se inscribe en una pol\u00edtica de valorizaci\u00f3n del patrimonio de Martinica. Adem\u00e1s de devolver la vida a un lugar hist\u00f3rico, el proyecto ofrece una serie de ventajas: <\/span>\n          <\/p>\n<ul>\n<li style=\"font-weight: 400;\" aria-level=\"1\">\n              <span style=\"font-weight: 400;\">Valor educativo: la fuente se convertir\u00e1 en una herramienta para educar a los residentes y visitantes de Martinica sobre la historia y el urbanismo de la isla.<\/span>\n            <\/li>\n<li style=\"font-weight: 400;\" aria-level=\"1\">\n              <span style=\"font-weight: 400;\">Mayor atractivo tur\u00edstico: al integrar la fuente en recorridos patrimoniales, se convertir\u00e1 en un punto de parada para los turistas que deseen descubrir la historia y la arquitectura de Fort-de-France.<\/span>\n            <\/li>\n<li style=\"font-weight: 400;\" aria-level=\"1\">\n              <span style=\"font-weight: 400;\">Dinamismo econ\u00f3mico: la rehabilitaci\u00f3n podr\u00eda estimular la actividad local atrayendo a m\u00e1s visitantes y animando a los comercios cercanos.<\/span>\n            <\/li>\n<\/ul>\n\t\t\t\t\t\t\t\t<\/div>\n\t\t\t\t<\/div>\n\t\t\t\t\t<\/div>\n\t\t<\/div>\n\t\t\t\t\t<\/div>\n\t\t<\/section>\n\t\t\t\t<section class=\"elementor-section elementor-top-section elementor-element elementor-element-357b22c elementor-section-boxed elementor-section-height-default elementor-section-height-default\" data-id=\"357b22c\" data-element_type=\"section\">\n\t\t\t\t\t\t<div class=\"elementor-container elementor-column-gap-default\">\n\t\t\t\t\t<div class=\"elementor-column elementor-col-100 elementor-top-column elementor-element elementor-element-ebbbb15\" data-id=\"ebbbb15\" data-element_type=\"column\">\n\t\t\t<div class=\"elementor-widget-wrap elementor-element-populated\">\n\t\t\t\t\t\t<div class=\"elementor-element elementor-element-a6b5a43 elementor-widget elementor-widget-heading\" data-id=\"a6b5a43\" data-element_type=\"widget\" data-widget_type=\"heading.default\">\n\t\t\t\t<div class=\"elementor-widget-container\">\n\t\t\t\t\t<h2 class=\"elementor-heading-title elementor-size-default\">Un patrimonio en peligro: tenemos que actuar<\/h2>\t\t\t\t<\/div>\n\t\t\t\t<\/div>\n\t\t\t\t<div class=\"elementor-element elementor-element-1fcf3ab elementor-widget elementor-widget-text-editor\" data-id=\"1fcf3ab\" data-element_type=\"widget\" data-widget_type=\"text-editor.default\">\n\t\t\t\t<div class=\"elementor-widget-container\">\n\t\t\t\t\t\t\t\t\t<p>\n            <span style=\"font-weight: 400;\">La Fuente de Gueydon ha sido seleccionada para la <a href=\"https:\/\/antilla-martinique.com\/la-fontaine-gueydon-au-coeur-du-loto-du-patrimoine-2025-un-symbole-a-restaurer\/\" target=\"_blank\" rel=\"noopener nofollow\">Loter\u00eda del Patrimonio<\/a> porque es uno de los lugares en peligro que requiere atenci\u00f3n urgente. Sin embargo, la salvaguarda de nuestro patrimonio no depende \u00fanicamente de la financiaci\u00f3n institucional. La movilizaci\u00f3n de los habitantes y amantes del patrimonio de Martinica ser\u00e1 crucial para el \u00e9xito de este proyecto. Participando en el Loto del Patrimonio, contribuyes activamente al renacimiento de este testigo del pasado.   <\/span>\n          <\/p>\n\t\t\t\t\t\t\t\t<\/div>\n\t\t\t\t<\/div>\n\t\t\t\t<section class=\"elementor-section elementor-inner-section elementor-element elementor-element-ce7c763 elementor-section-boxed elementor-section-height-default elementor-section-height-default\" data-id=\"ce7c763\" data-element_type=\"section\">\n\t\t\t\t\t\t<div class=\"elementor-container elementor-column-gap-default\">\n\t\t\t\t\t<div class=\"elementor-column elementor-col-33 elementor-inner-column elementor-element elementor-element-72138c9\" data-id=\"72138c9\" data-element_type=\"column\">\n\t\t\t<div class=\"elementor-widget-wrap elementor-element-populated\">\n\t\t\t\t\t\t<div class=\"elementor-element elementor-element-ce2b892 elementor-widget elementor-widget-image\" data-id=\"ce2b892\" data-element_type=\"widget\" data-widget_type=\"image.default\">\n\t\t\t\t<div class=\"elementor-widget-container\">\n\t\t\t\t\t\t\t\t\t\t\t\t<figure class=\"wp-caption\">\n\t\t\t\t\t\t\t\t\t\t<img fetchpriority=\"high\" decoding=\"async\" width=\"800\" height=\"533\" src=\"https:\/\/richeskarayib.com\/wp-content\/uploads\/2025\/03\/copie-de-martinique-la-1ere-52-67daf1c79238e633252812.webp\" class=\"attachment-large size-large wp-image-46682\" alt=\"Loto du Patrimoine\" srcset=\"https:\/\/richeskarayib.com\/wp-content\/uploads\/2025\/03\/copie-de-martinique-la-1ere-52-67daf1c79238e633252812.webp 930w, https:\/\/richeskarayib.com\/wp-content\/uploads\/2025\/03\/copie-de-martinique-la-1ere-52-67daf1c79238e633252812-300x200.webp 300w, https:\/\/richeskarayib.com\/wp-content\/uploads\/2025\/03\/copie-de-martinique-la-1ere-52-67daf1c79238e633252812-768x512.webp 768w\" sizes=\"(max-width: 800px) 100vw, 800px\" \/>\t\t\t\t\t\t\t\t\t\t\t<figcaption class=\"widget-image-caption wp-caption-text\">La Fontaine Gueydon \u00e0 Fort-de-France.\n\nSource: franceinfo<\/figcaption>\n\t\t\t\t\t\t\t\t\t\t<\/figure>\n\t\t\t\t\t\t\t\t\t<\/div>\n\t\t\t\t<\/div>\n\t\t\t\t\t<\/div>\n\t\t<\/div>\n\t\t\t\t<div class=\"elementor-column elementor-col-33 elementor-inner-column elementor-element elementor-element-d472151\" data-id=\"d472151\" data-element_type=\"column\">\n\t\t\t<div class=\"elementor-widget-wrap elementor-element-populated\">\n\t\t\t\t\t\t<div class=\"elementor-element elementor-element-d8f30bc elementor-widget elementor-widget-image\" data-id=\"d8f30bc\" data-element_type=\"widget\" data-widget_type=\"image.default\">\n\t\t\t\t<div class=\"elementor-widget-container\">\n\t\t\t\t\t\t\t\t\t\t\t\t<figure class=\"wp-caption\">\n\t\t\t\t\t\t\t\t\t\t<img decoding=\"async\" width=\"800\" height=\"534\" src=\"https:\/\/richeskarayib.com\/wp-content\/uploads\/2025\/03\/large-fontaine-gueydon-fort-de-france-drone-8-6214f6f96e-67db1973a7571895283687.jpg\" class=\"attachment-large size-large wp-image-46686\" alt=\"Loto du Patrimoine\" srcset=\"https:\/\/richeskarayib.com\/wp-content\/uploads\/2025\/03\/large-fontaine-gueydon-fort-de-france-drone-8-6214f6f96e-67db1973a7571895283687.jpg 1000w, https:\/\/richeskarayib.com\/wp-content\/uploads\/2025\/03\/large-fontaine-gueydon-fort-de-france-drone-8-6214f6f96e-67db1973a7571895283687-300x200.jpg 300w, https:\/\/richeskarayib.com\/wp-content\/uploads\/2025\/03\/large-fontaine-gueydon-fort-de-france-drone-8-6214f6f96e-67db1973a7571895283687-768x512.jpg 768w\" sizes=\"(max-width: 800px) 100vw, 800px\" \/>\t\t\t\t\t\t\t\t\t\t\t<figcaption class=\"widget-image-caption wp-caption-text\">La Fontaine Gueydon \u00e0 Fort-de-France.\n\nSource: franceinfo<\/figcaption>\n\t\t\t\t\t\t\t\t\t\t<\/figure>\n\t\t\t\t\t\t\t\t\t<\/div>\n\t\t\t\t<\/div>\n\t\t\t\t\t<\/div>\n\t\t<\/div>\n\t\t\t\t<div class=\"elementor-column elementor-col-33 elementor-inner-column elementor-element elementor-element-27fa2a5\" data-id=\"27fa2a5\" data-element_type=\"column\">\n\t\t\t<div class=\"elementor-widget-wrap elementor-element-populated\">\n\t\t\t\t\t\t<div class=\"elementor-element elementor-element-195b587 elementor-widget elementor-widget-image\" data-id=\"195b587\" data-element_type=\"widget\" data-widget_type=\"image.default\">\n\t\t\t\t<div class=\"elementor-widget-container\">\n\t\t\t\t\t\t\t\t\t\t\t\t<figure class=\"wp-caption\">\n\t\t\t\t\t\t\t\t\t\t<img decoding=\"async\" width=\"800\" height=\"534\" src=\"https:\/\/richeskarayib.com\/wp-content\/uploads\/2025\/03\/large-fontaine-gueydon-fort-de-france-drone-7-95895ccb40-67daf091b4bfe392314184.jpg\" class=\"attachment-large size-large wp-image-46690\" alt=\"Loto du Patrimoine\" srcset=\"https:\/\/richeskarayib.com\/wp-content\/uploads\/2025\/03\/large-fontaine-gueydon-fort-de-france-drone-7-95895ccb40-67daf091b4bfe392314184.jpg 1000w, https:\/\/richeskarayib.com\/wp-content\/uploads\/2025\/03\/large-fontaine-gueydon-fort-de-france-drone-7-95895ccb40-67daf091b4bfe392314184-300x200.jpg 300w, https:\/\/richeskarayib.com\/wp-content\/uploads\/2025\/03\/large-fontaine-gueydon-fort-de-france-drone-7-95895ccb40-67daf091b4bfe392314184-768x512.jpg 768w\" sizes=\"(max-width: 800px) 100vw, 800px\" \/>\t\t\t\t\t\t\t\t\t\t\t<figcaption class=\"widget-image-caption wp-caption-text\">La Fontaine Gueydon \u00e0 Fort-de-France.\n\nSource: franceinfo<\/figcaption>\n\t\t\t\t\t\t\t\t\t\t<\/figure>\n\t\t\t\t\t\t\t\t\t<\/div>\n\t\t\t\t<\/div>\n\t\t\t\t\t<\/div>\n\t\t<\/div>\n\t\t\t\t\t<\/div>\n\t\t<\/section>\n\t\t\t\t\t<\/div>\n\t\t<\/div>\n\t\t\t\t\t<\/div>\n\t\t<\/section>\n\t\t\t\t<section class=\"elementor-section elementor-top-section elementor-element elementor-element-f41a33a elementor-section-boxed elementor-section-height-default elementor-section-height-default\" data-id=\"f41a33a\" data-element_type=\"section\">\n\t\t\t\t\t\t<div class=\"elementor-container elementor-column-gap-default\">\n\t\t\t\t\t<div class=\"elementor-column elementor-col-100 elementor-top-column elementor-element elementor-element-9c8b993\" data-id=\"9c8b993\" data-element_type=\"column\">\n\t\t\t<div class=\"elementor-widget-wrap elementor-element-populated\">\n\t\t\t\t\t\t<div class=\"elementor-element elementor-element-8cf1f01 elementor-widget elementor-widget-heading\" data-id=\"8cf1f01\" data-element_type=\"widget\" data-widget_type=\"heading.default\">\n\t\t\t\t<div class=\"elementor-widget-container\">\n\t\t\t\t\t<h2 class=\"elementor-heading-title elementor-size-default\">Los otros lugares seleccionados por el Loto del Patrimonio 2025\n<\/h2>\t\t\t\t<\/div>\n\t\t\t\t<\/div>\n\t\t\t\t<div class=\"elementor-element elementor-element-595a4a7 elementor-widget elementor-widget-text-editor\" data-id=\"595a4a7\" data-element_type=\"widget\" data-widget_type=\"text-editor.default\">\n\t\t\t\t<div class=\"elementor-widget-container\">\n\t\t\t\t\t\t\t\t\t<p>\n            <span style=\"font-weight: 400;\">Adem\u00e1s de la <a href=\"https:\/\/www.martinique-tour.com\/offres\/fontaine-et-pont-gueydon-fort-de-france-fr-1371090\/\" target=\"_blank\" rel=\"noopener nofollow\">Fuente de Gueydon<\/a>, se han seleccionado otros lugares emblem\u00e1ticos para la edici\u00f3n de 2025:<\/span>\n          <\/p>\n\t\t\t\t\t\t\t\t<\/div>\n\t\t\t\t<\/div>\n\t\t\t\t<div class=\"elementor-element elementor-element-09ad3bb elementor-widget elementor-widget-text-editor\" data-id=\"09ad3bb\" data-element_type=\"widget\" data-widget_type=\"text-editor.default\">\n\t\t\t\t<div class=\"elementor-widget-container\">\n\t\t\t\t\t\t\t\t\t<ul>\n<li style=\"font-weight: 400;\" aria-level=\"1\">\n              <span style=\"font-weight: 400;\">Auvernia-R\u00f3dano-Alpes : Colegiata de Saint-Bonnet-le-Ch\u00e2teau (Loira)<\/span>\n            <\/li>\n<li style=\"font-weight: 400;\" aria-level=\"1\">\n              <span style=\"font-weight: 400;\">Borgo\u00f1a-Franco Condado: Coll\u00e9giale Notre-Dame en Semur-en-Auxois (C\u00f4te-d&#8217;Or)<\/span>\n            <\/li>\n<li style=\"font-weight: 400;\" aria-level=\"1\">\n              <span style=\"font-weight: 400;\">Breta\u00f1a: Faro del Petit Minou en Plouzan\u00e9 (Finisterre)<\/span>\n            <\/li>\n<li style=\"font-weight: 400;\" aria-level=\"1\">\n              <span style=\"font-weight: 400;\">Centro-Val de Loira: casa y estudio de Jean Linard en Neuvy-Deux-Clochers (Cher)<\/span>\n            <\/li>\n<li style=\"font-weight: 400;\" aria-level=\"1\">\n              <span style=\"font-weight: 400;\">C\u00f3rcega: Ciudadela de Saint-Florent (Haute-Corse)<\/span>\n            <\/li>\n<li style=\"font-weight: 400;\" aria-level=\"1\">\n              <span style=\"font-weight: 400;\">Este de Francia: taller central &#8220;Locotracteur&#8221; en Rombas (Mosela)<\/span>\n            <\/li>\n<li style=\"font-weight: 400;\" aria-level=\"1\">\n              <span style=\"font-weight: 400;\">Hauts-de-France: Ferme Nord de Zuydcoote (Norte)<\/span>\n            <\/li>\n<li style=\"font-weight: 400;\" aria-level=\"1\">\n              <span style=\"font-weight: 400;\">\u00cele-de-France: Soufflot Nymph\u00e9e en Chatou (Yvelines)<\/span>\n            <\/li>\n<li style=\"font-weight: 400;\" aria-level=\"1\">\n              <span style=\"font-weight: 400;\">Normand\u00eda: Castillo de Logempr\u00e9 en Pont-Saint-Pierre (Eure)<\/span>\n            <\/li>\n<\/ul>\n\t\t\t\t\t\t\t\t<\/div>\n\t\t\t\t<\/div>\n\t\t\t\t<div class=\"elementor-element elementor-element-ccf20c0 elementor-widget elementor-widget-text-editor\" data-id=\"ccf20c0\" data-element_type=\"widget\" data-widget_type=\"text-editor.default\">\n\t\t\t\t<div class=\"elementor-widget-container\">\n\t\t\t\t\t\t\t\t\t<ul>\n<li style=\"font-weight: 400;\" aria-level=\"1\">\n              <span style=\"font-weight: 400;\">Nueva Aquitania: Colegiata de Notre-Dame-la-Grande en Poitiers (Vienne)<\/span>\n            <\/li>\n<li style=\"font-weight: 400;\" aria-level=\"1\">\n              <span style=\"font-weight: 400;\">Occitanie: Puente de Valentr\u00e9 en Cahors (Lot)<\/span>\n            <\/li>\n<li style=\"font-weight: 400;\" aria-level=\"1\">\n              <span style=\"font-weight: 400;\">Pays de la Loire: Th\u00e9\u00e2tre Le Tivoli en Clisson (Loira Atl\u00e1ntico)<\/span>\n            <\/li>\n<li style=\"font-weight: 400;\" aria-level=\"1\">\n              <span style=\"font-weight: 400;\">Provenza-Alpes-Costa Azul: Jard\u00edn Serre de la Madone en Menton (Alpes Mar\u00edtimos)<\/span>\n            <\/li>\n<li style=\"font-weight: 400;\" aria-level=\"1\">\n              <span style=\"font-weight: 400;\">Guadalupe: Antigua prisi\u00f3n de Petit-Canal<\/span>\n            <\/li>\n<li style=\"font-weight: 400;\" aria-level=\"1\">\n              <span style=\"font-weight: 400;\">Martinica: Fontaine Gueydon en Fort-de-France<\/span>\n            <\/li>\n<li style=\"font-weight: 400;\" aria-level=\"1\">\n              <span style=\"font-weight: 400;\">Guayana Francesa: Edificio 14 del antiguo hospital Andr\u00e9 Bouron en Saint-Laurent-du-Maroni<\/span>\n            <\/li>\n<li style=\"font-weight: 400;\" aria-level=\"1\">\n              <span style=\"font-weight: 400;\">La Reuni\u00f3n: Casa Martin-Valliamm\u00e9 en Saint-Andr\u00e9<\/span>\n            <\/li>\n<li style=\"font-weight: 400;\" aria-level=\"1\">\n              <span style=\"font-weight: 400;\">Mayotte: Capilla de Saint-Michel en Dzaoudzi<\/span>\n            <\/li>\n<li style=\"font-weight: 400;\" aria-level=\"1\"> <\/li>\n<\/ul>\n\t\t\t\t\t\t\t\t<\/div>\n\t\t\t\t<\/div>\n\t\t\t\t\t<\/div>\n\t\t<\/div>\n\t\t\t\t\t<\/div>\n\t\t<\/section>\n\t\t\t\t<section class=\"elementor-section elementor-top-section elementor-element elementor-element-13ff031 elementor-section-boxed elementor-section-height-default elementor-section-height-default\" data-id=\"13ff031\" data-element_type=\"section\">\n\t\t\t\t\t\t<div class=\"elementor-container elementor-column-gap-default\">\n\t\t\t\t\t<div class=\"elementor-column elementor-col-100 elementor-top-column elementor-element elementor-element-94e90cc\" data-id=\"94e90cc\" data-element_type=\"column\">\n\t\t\t<div class=\"elementor-widget-wrap elementor-element-populated\">\n\t\t\t\t\t\t<div class=\"elementor-element elementor-element-c40d103 elementor-widget elementor-widget-heading\" data-id=\"c40d103\" data-element_type=\"widget\" data-widget_type=\"heading.default\">\n\t\t\t\t<div class=\"elementor-widget-container\">\n\t\t\t\t\t<h2 class=\"elementor-heading-title elementor-size-default\">Un patrimonio que conservar<\/h2>\t\t\t\t<\/div>\n\t\t\t\t<\/div>\n\t\t\t\t<div class=\"elementor-element elementor-element-4a5d8ad elementor-widget elementor-widget-text-editor\" data-id=\"4a5d8ad\" data-element_type=\"widget\" data-widget_type=\"text-editor.default\">\n\t\t\t\t<div class=\"elementor-widget-container\">\n\t\t\t\t\t\t\t\t\t<p>\n            <span style=\"font-weight: 400;\">La restauraci\u00f3n de la Fuente de Gueydon gracias al Loto del Patrimonio representa una gran oportunidad para Martinica. No se trata s\u00f3lo de salvaguardar un trozo del pasado, sino tambi\u00e9n de insuflar nueva vida a la vida cultural y tur\u00edstica de la isla. Proteger nuestro patrimonio es una responsabilidad colectiva, y cada iniciativa cuenta para preservar las huellas de nuestra historia com\u00fan.  <\/span>\n          <\/p>\n\t\t\t\t\t\t\t\t<\/div>\n\t\t\t\t<\/div>\n\t\t\t\t<div class=\"elementor-element elementor-element-f42ac82 elementor-widget elementor-widget-text-editor\" data-id=\"f42ac82\" data-element_type=\"widget\" data-widget_type=\"text-editor.default\">\n\t\t\t\t<div class=\"elementor-widget-container\">\n\t\t\t\t\t\t\t\t\t<p>\n            <span style=\"font-weight: 400;\">Al devolver la vida a la Fuente de Gueydon, renace toda una parte del patrimonio de Martinica, lista para ser descubierta y admirada por las generaciones futuras.<\/span>\n          <\/p>\n\t\t\t\t\t\t\t\t<\/div>\n\t\t\t\t<\/div>\n\t\t\t\t\t<\/div>\n\t\t<\/div>\n\t\t\t\t\t<\/div>\n\t\t<\/section>\n\t\t\t\t<\/div>\n\t\t","protected":false},"excerpt":{"rendered":"<p>Un patrimonio en busca de renacimiento El Loto del Patrimonio es una iniciativa esencial para la conservaci\u00f3n del patrimonio cultural y arquitect\u00f3nico de Francia. Para la edici\u00f3n de 2025, la Fondation du Patrimoine ha seleccionado 18 lugares emblem\u00e1ticos de todo el pa\u00eds, entre ellos la Fontaine Gueydon de Fort-de-France ( Martinica). Esta estructura, construida en [&hellip;]<\/p>\n","protected":false},"author":662,"featured_media":46678,"comment_status":"open","ping_status":"open","sticky":false,"template":"","format":"standard","meta":{"_acf_changed":false,"footnotes":""},"categories":[1469],"tags":[816],"class_list":["post-46692","post","type-post","status-publish","format-standard","has-post-thumbnail","hentry","category-historia-patrimonio","tag-martinique-es"],"acf":[],"_links":{"self":[{"href":"https:\/\/richeskarayib.com\/es\/wp-json\/wp\/v2\/posts\/46692","targetHints":{"allow":["GET"]}}],"collection":[{"href":"https:\/\/richeskarayib.com\/es\/wp-json\/wp\/v2\/posts"}],"about":[{"href":"https:\/\/richeskarayib.com\/es\/wp-json\/wp\/v2\/types\/post"}],"author":[{"embeddable":true,"href":"https:\/\/richeskarayib.com\/es\/wp-json\/wp\/v2\/users\/662"}],"replies":[{"embeddable":true,"href":"https:\/\/richeskarayib.com\/es\/wp-json\/wp\/v2\/comments?post=46692"}],"version-history":[{"count":0,"href":"https:\/\/richeskarayib.com\/es\/wp-json\/wp\/v2\/posts\/46692\/revisions"}],"wp:featuredmedia":[{"embeddable":true,"href":"https:\/\/richeskarayib.com\/es\/wp-json\/wp\/v2\/media\/46678"}],"wp:attachment":[{"href":"https:\/\/richeskarayib.com\/es\/wp-json\/wp\/v2\/media?parent=46692"}],"wp:term":[{"taxonomy":"category","embeddable":true,"href":"https:\/\/richeskarayib.com\/es\/wp-json\/wp\/v2\/categories?post=46692"},{"taxonomy":"post_tag","embeddable":true,"href":"https:\/\/richeskarayib.com\/es\/wp-json\/wp\/v2\/tags?post=46692"}],"curies":[{"name":"wp","href":"https:\/\/api.w.org\/{rel}","templated":true}]}}