{"id":46709,"date":"2025-03-21T11:56:02","date_gmt":"2025-03-21T15:56:02","guid":{"rendered":"https:\/\/richeskarayib.com\/guaeloupe-el-festival-du-conte-et-des-imaginaires-de-guadalupe-un-puente-entre-tradicion-y-transmision\/"},"modified":"2025-03-24T04:33:04","modified_gmt":"2025-03-24T08:33:04","slug":"guaeloupe-el-festival-du-conte-et-des-imaginaires-de-guadalupe-un-puente-entre-tradicion-y-transmision","status":"publish","type":"post","link":"https:\/\/richeskarayib.com\/es\/guaeloupe-el-festival-du-conte-et-des-imaginaires-de-guadalupe-un-puente-entre-tradicion-y-transmision\/","title":{"rendered":"Guadalupe &#8211; El Festival du Conte et des Imaginaires de Guadalupe: un puente entre tradici\u00f3n y transmisi\u00f3n"},"content":{"rendered":"\t\t<div data-elementor-type=\"wp-post\" data-elementor-id=\"46709\" class=\"elementor elementor-46709 elementor-46695\" data-elementor-post-type=\"post\">\n\t\t\t\t\t\t<section class=\"elementor-section elementor-top-section elementor-element elementor-element-9be5ad7 elementor-section-boxed elementor-section-height-default elementor-section-height-default\" data-id=\"9be5ad7\" data-element_type=\"section\">\n\t\t\t\t\t\t<div class=\"elementor-container elementor-column-gap-default\">\n\t\t\t\t\t<div class=\"elementor-column elementor-col-100 elementor-top-column elementor-element elementor-element-76aecaa\" data-id=\"76aecaa\" data-element_type=\"column\">\n\t\t\t<div class=\"elementor-widget-wrap elementor-element-populated\">\n\t\t\t\t\t\t<div class=\"elementor-element elementor-element-fc48138 elementor-widget elementor-widget-text-editor\" data-id=\"fc48138\" data-element_type=\"widget\" data-widget_type=\"text-editor.default\">\n\t\t\t\t<div class=\"elementor-widget-container\">\n\t\t\t\t\t\t\t\t\t<p>\n            <span style=\"font-weight: 400;\">El <a href=\"https:\/\/la1ere.francetvinfo.fr\/guadeloupe\/il-etait-une-fois-kontakaz-le-festival-international-du-conte-et-des-imaginaires-de-guadeloupe-1571407.html\" target=\"_blank\" rel=\"noopener nofollow\">Festival du Conte et des Imaginaires<\/a> de Guadalupe, organizado por la asociaci\u00f3n Kontakaz con el apoyo de la Communaut\u00e9 d&#8217;agglom\u00e9ration de la Riviera du Levant (CARL), celebra el patrimonio oral de Guadalupe. Del 17 al 21 de marzo, la manifestaci\u00f3n se dirige principalmente a los escolares, pero tambi\u00e9n a un p\u00fablico m\u00e1s amplio de toda la zona CARL. Su objetivo fundamental es garantizar que las tradiciones orales se transmitan a las generaciones m\u00e1s j\u00f3venes, presentando a narradores del Caribe y de otros lugares.  <\/span>\n          <\/p>\n\t\t\t\t\t\t\t\t<\/div>\n\t\t\t\t<\/div>\n\t\t\t\t\t<\/div>\n\t\t<\/div>\n\t\t\t\t\t<\/div>\n\t\t<\/section>\n\t\t\t\t<section class=\"elementor-section elementor-top-section elementor-element elementor-element-889dceb elementor-section-boxed elementor-section-height-default elementor-section-height-default\" data-id=\"889dceb\" data-element_type=\"section\">\n\t\t\t\t\t\t<div class=\"elementor-container elementor-column-gap-default\">\n\t\t\t\t\t<div class=\"elementor-column elementor-col-100 elementor-top-column elementor-element elementor-element-cb266eb\" data-id=\"cb266eb\" data-element_type=\"column\">\n\t\t\t<div class=\"elementor-widget-wrap elementor-element-populated\">\n\t\t\t\t\t\t<div class=\"elementor-element elementor-element-8edf822 elementor-widget elementor-widget-heading\" data-id=\"8edf822\" data-element_type=\"widget\" data-widget_type=\"heading.default\">\n\t\t\t\t<div class=\"elementor-widget-container\">\n\t\t\t\t\t<h2 class=\"elementor-heading-title elementor-size-default\">La importancia del patrimonio oral<\/h2>\t\t\t\t<\/div>\n\t\t\t\t<\/div>\n\t\t\t\t<div class=\"elementor-element elementor-element-6d1f975 elementor-widget elementor-widget-text-editor\" data-id=\"6d1f975\" data-element_type=\"widget\" data-widget_type=\"text-editor.default\">\n\t\t\t\t<div class=\"elementor-widget-container\">\n\t\t\t\t\t\t\t\t\t<p>\n            <span style=\"font-weight: 400;\">El patrimonio oral es un pilar esencial de la cultura guadalupe\u00f1a. A trav\u00e9s de cuentos y leyendas transmitidos de generaci\u00f3n en generaci\u00f3n, configura la identidad y la memoria colectiva. La narraci\u00f3n de cuentos, como forma de arte oral, desempe\u00f1a un importante papel educativo, ya que enriquece el vocabulario de los ni\u00f1os y desarrolla su capacidad de expresi\u00f3n. Binda Ngazolo, cuentacuentos camerun\u00e9s, subraya el impacto positivo de la narraci\u00f3n en la oratoria. <a href=\"https:\/\/karibbeannewsweek.com\/2025\/03\/15\/culture-kontakaz-les-conteurs-des-grands-fonds-presente-le-festival-international-du-conte-et-des-imaginaires-de-guadeloupe\/\" target=\"_blank\" rel=\"noopener nofollow\">El Festival du Conte et des Imaginaires de Guadalupe<\/a> se inscribe en una din\u00e1mica que promueve el conocimiento oral y el desarrollo intelectual de los j\u00f3venes.   <\/span>\n          <\/p>\n\t\t\t\t\t\t\t\t<\/div>\n\t\t\t\t<\/div>\n\t\t\t\t\t<\/div>\n\t\t<\/div>\n\t\t\t\t\t<\/div>\n\t\t<\/section>\n\t\t\t\t<section class=\"elementor-section elementor-top-section elementor-element elementor-element-53262f1 elementor-section-boxed elementor-section-height-default elementor-section-height-default\" data-id=\"53262f1\" data-element_type=\"section\">\n\t\t\t\t\t\t<div class=\"elementor-container elementor-column-gap-default\">\n\t\t\t\t\t<div class=\"elementor-column elementor-col-100 elementor-top-column elementor-element elementor-element-eac4faf\" data-id=\"eac4faf\" data-element_type=\"column\">\n\t\t\t<div class=\"elementor-widget-wrap elementor-element-populated\">\n\t\t\t\t\t\t<div class=\"elementor-element elementor-element-05782f7 elementor-widget elementor-widget-heading\" data-id=\"05782f7\" data-element_type=\"widget\" data-widget_type=\"heading.default\">\n\t\t\t\t<div class=\"elementor-widget-container\">\n\t\t\t\t\t<h2 class=\"elementor-heading-title elementor-size-default\">Un amplio abanico de narradores<\/h2>\t\t\t\t<\/div>\n\t\t\t\t<\/div>\n\t\t\t\t<div class=\"elementor-element elementor-element-9c39683 elementor-widget elementor-widget-text-editor\" data-id=\"9c39683\" data-element_type=\"widget\" data-widget_type=\"text-editor.default\">\n\t\t\t\t<div class=\"elementor-widget-container\">\n\t\t\t\t\t\t\t\t\t<p>\n            <span style=\"font-weight: 400;\">El festival acoge a narradores de Hait\u00ed, la regi\u00f3n de Par\u00eds, <a href=\"https:\/\/richeskarayib.com\/es\/revive-la-magia-del-touloulou-un-baile-sin-precedentes-en-el-carnaval-de-guayana-2025\/\" target=\"_blank\" rel=\"noopener\">la Guayana Francesa<\/a>, Camer\u00fan, <a href=\"https:\/\/richeskarayib.com\/es\/martinica-loto-du-patrimoine-2025-la-fuente-de-gueydon-un-tesoro-olvidado-de-martinica-que-sera-restaurado\/\" target=\"_blank\" rel=\"noopener\">Martinica<\/a> y, por supuesto, <a href=\"https:\/\/richeskarayib.com\/es\/guadalupe-magma-una-pelicula-sobre-la-historia-y-el-futuro-de-la-isla\/\" target=\"_blank\" rel=\"noopener\">Guadalupe<\/a>. Esta diversidad favorece el encuentro entre culturas y pone de relieve las similitudes y singularidades de los cuentos. Caroline Castelli, narradora francesa, tiene mucho inter\u00e9s en identificar estas similitudes en las historias que comparte. Edgard F\u00e9rus, presidente de la asociaci\u00f3n Kontakaz, subraya la importancia de transmitir estas historias con pasi\u00f3n y autenticidad.   <\/span>\n          <\/p>\n\t\t\t\t\t\t\t\t<\/div>\n\t\t\t\t<\/div>\n\t\t\t\t\t<\/div>\n\t\t<\/div>\n\t\t\t\t\t<\/div>\n\t\t<\/section>\n\t\t\t\t<section class=\"elementor-section elementor-top-section elementor-element elementor-element-73723a0 elementor-section-boxed elementor-section-height-default elementor-section-height-default\" data-id=\"73723a0\" data-element_type=\"section\">\n\t\t\t\t\t\t<div class=\"elementor-container elementor-column-gap-default\">\n\t\t\t\t\t<div class=\"elementor-column elementor-col-100 elementor-top-column elementor-element elementor-element-9b313b4\" data-id=\"9b313b4\" data-element_type=\"column\">\n\t\t\t<div class=\"elementor-widget-wrap elementor-element-populated\">\n\t\t\t\t\t\t<div class=\"elementor-element elementor-element-a2e4615 elementor-widget elementor-widget-heading\" data-id=\"a2e4615\" data-element_type=\"widget\" data-widget_type=\"heading.default\">\n\t\t\t\t<div class=\"elementor-widget-container\">\n\t\t\t\t\t<h2 class=\"elementor-heading-title elementor-size-default\">La narraci\u00f3n como herramienta social y educativa<\/h2>\t\t\t\t<\/div>\n\t\t\t\t<\/div>\n\t\t\t\t<div class=\"elementor-element elementor-element-8f6e1d5 elementor-widget elementor-widget-text-editor\" data-id=\"8f6e1d5\" data-element_type=\"widget\" data-widget_type=\"text-editor.default\">\n\t\t\t\t<div class=\"elementor-widget-container\">\n\t\t\t\t\t\t\t\t\t<p>\n            <span style=\"font-weight: 400;\">Mucho m\u00e1s que un mero entretenimiento, la narraci\u00f3n de cuentos es un instrumento para sensibilizar y despertar conciencias. Desempe\u00f1a un papel en la lucha contra el analfabetismo y ayuda a transformar ciertos aspectos dolorosos de la historia en una fuerza colectiva. Laroro, Benzo, Klik, Fayo, Lambert Lebeau y M&#8217;bitako son figuras clave del Festival du Conte et des Imaginaires de Guadalupe, y se comprometen activamente a preservar este patrimonio oral y a difundir su influencia.  <\/span>\n          <\/p>\n\t\t\t\t\t\t\t\t<\/div>\n\t\t\t\t<\/div>\n\t\t\t\t\t<\/div>\n\t\t<\/div>\n\t\t\t\t\t<\/div>\n\t\t<\/section>\n\t\t\t\t<section class=\"elementor-section elementor-top-section elementor-element elementor-element-357b22c elementor-section-boxed elementor-section-height-default elementor-section-height-default\" data-id=\"357b22c\" data-element_type=\"section\">\n\t\t\t\t\t\t<div class=\"elementor-container elementor-column-gap-default\">\n\t\t\t\t\t<div class=\"elementor-column elementor-col-100 elementor-top-column elementor-element elementor-element-ebbbb15\" data-id=\"ebbbb15\" data-element_type=\"column\">\n\t\t\t<div class=\"elementor-widget-wrap elementor-element-populated\">\n\t\t\t\t\t\t<div class=\"elementor-element elementor-element-a6b5a43 elementor-widget elementor-widget-heading\" data-id=\"a6b5a43\" data-element_type=\"widget\" data-widget_type=\"heading.default\">\n\t\t\t\t<div class=\"elementor-widget-container\">\n\t\t\t\t\t<h2 class=\"elementor-heading-title elementor-size-default\">Actividades para todas las edades\n<\/h2>\t\t\t\t<\/div>\n\t\t\t\t<\/div>\n\t\t\t\t<div class=\"elementor-element elementor-element-1fcf3ab elementor-widget elementor-widget-text-editor\" data-id=\"1fcf3ab\" data-element_type=\"widget\" data-widget_type=\"text-editor.default\">\n\t\t\t\t<div class=\"elementor-widget-container\">\n\t\t\t\t\t\t\t\t\t<p>\n            <span style=\"font-weight: 400;\">A lo largo del festival, se ofrece un programa variado en Sainte-Anne y en toda la regi\u00f3n CARL. Los talleres interactivos inician a los j\u00f3venes en el arte de contar historias, mientras que las representaciones inmersivas transportan al p\u00fablico a mundos fascinantes. Los encuentros con narradores tambi\u00e9n ofrecen una oportunidad \u00fanica para hablar de la riqueza de las historias y las tradiciones. Estos actos dan vida a la narraci\u00f3n y ponen de relieve la riqueza cultural de Guadalupe y el Caribe. Lejos de ser un acontecimiento puntual, el Festival du Conte et des Imaginaires de Guadalupe participa activamente en la transmisi\u00f3n del patrimonio inmaterial.    <\/span>\n          <\/p>\n\t\t\t\t\t\t\t\t<\/div>\n\t\t\t\t<\/div>\n\t\t\t\t<section class=\"elementor-section elementor-inner-section elementor-element elementor-element-1185e04 elementor-section-boxed elementor-section-height-default elementor-section-height-default\" data-id=\"1185e04\" data-element_type=\"section\">\n\t\t\t\t\t\t<div class=\"elementor-container elementor-column-gap-default\">\n\t\t\t\t\t<div class=\"elementor-column elementor-col-50 elementor-inner-column elementor-element elementor-element-ab3cb2a\" data-id=\"ab3cb2a\" data-element_type=\"column\">\n\t\t\t<div class=\"elementor-widget-wrap elementor-element-populated\">\n\t\t\t\t\t\t<div class=\"elementor-element elementor-element-eee8632 elementor-widget elementor-widget-image\" data-id=\"eee8632\" data-element_type=\"widget\" data-widget_type=\"image.default\">\n\t\t\t\t<div class=\"elementor-widget-container\">\n\t\t\t\t\t\t\t\t\t\t\t\t<figure class=\"wp-caption\">\n\t\t\t\t\t\t\t\t\t\t<img fetchpriority=\"high\" decoding=\"async\" width=\"728\" height=\"1024\" src=\"https:\/\/richeskarayib.com\/wp-content\/uploads\/2025\/03\/La-Riviera-du-Levant-programme-728x1024.jpg\" class=\"attachment-large size-large wp-image-46703\" alt=\"Festival du Conte et des Imaginaires\" srcset=\"https:\/\/richeskarayib.com\/wp-content\/uploads\/2025\/03\/La-Riviera-du-Levant-programme-728x1024.jpg 728w, https:\/\/richeskarayib.com\/wp-content\/uploads\/2025\/03\/La-Riviera-du-Levant-programme-213x300.jpg 213w, https:\/\/richeskarayib.com\/wp-content\/uploads\/2025\/03\/La-Riviera-du-Levant-programme.jpg 762w\" sizes=\"(max-width: 728px) 100vw, 728px\" \/>\t\t\t\t\t\t\t\t\t\t\t<figcaption class=\"widget-image-caption wp-caption-text\">Festival du Conte et des Imaginaires. \n\nSource : La Riviera du Levant<\/figcaption>\n\t\t\t\t\t\t\t\t\t\t<\/figure>\n\t\t\t\t\t\t\t\t\t<\/div>\n\t\t\t\t<\/div>\n\t\t\t\t\t<\/div>\n\t\t<\/div>\n\t\t\t\t<div class=\"elementor-column elementor-col-50 elementor-inner-column elementor-element elementor-element-2c55f00\" data-id=\"2c55f00\" data-element_type=\"column\">\n\t\t\t<div class=\"elementor-widget-wrap elementor-element-populated\">\n\t\t\t\t\t\t<div class=\"elementor-element elementor-element-41a8110 elementor-widget elementor-widget-image\" data-id=\"41a8110\" data-element_type=\"widget\" data-widget_type=\"image.default\">\n\t\t\t\t<div class=\"elementor-widget-container\">\n\t\t\t\t\t\t\t\t\t\t\t\t<figure class=\"wp-caption\">\n\t\t\t\t\t\t\t\t\t\t<img decoding=\"async\" width=\"727\" height=\"1024\" src=\"https:\/\/richeskarayib.com\/wp-content\/uploads\/2025\/03\/La-Riviera-du-Levant-pro-vendredi-727x1024.jpg\" class=\"attachment-large size-large wp-image-46707\" alt=\"Festival du Conte et des Imaginaires\" srcset=\"https:\/\/richeskarayib.com\/wp-content\/uploads\/2025\/03\/La-Riviera-du-Levant-pro-vendredi-727x1024.jpg 727w, https:\/\/richeskarayib.com\/wp-content\/uploads\/2025\/03\/La-Riviera-du-Levant-pro-vendredi-213x300.jpg 213w, https:\/\/richeskarayib.com\/wp-content\/uploads\/2025\/03\/La-Riviera-du-Levant-pro-vendredi.jpg 760w\" sizes=\"(max-width: 727px) 100vw, 727px\" \/>\t\t\t\t\t\t\t\t\t\t\t<figcaption class=\"widget-image-caption wp-caption-text\">Festival du Conte et des Imaginaires. \n\nSource : La Riviera du Levant<\/figcaption>\n\t\t\t\t\t\t\t\t\t\t<\/figure>\n\t\t\t\t\t\t\t\t\t<\/div>\n\t\t\t\t<\/div>\n\t\t\t\t\t<\/div>\n\t\t<\/div>\n\t\t\t\t\t<\/div>\n\t\t<\/section>\n\t\t\t\t\t<\/div>\n\t\t<\/div>\n\t\t\t\t\t<\/div>\n\t\t<\/section>\n\t\t\t\t<section class=\"elementor-section elementor-top-section elementor-element elementor-element-f41a33a elementor-section-boxed elementor-section-height-default elementor-section-height-default\" data-id=\"f41a33a\" data-element_type=\"section\">\n\t\t\t\t\t\t<div class=\"elementor-container elementor-column-gap-default\">\n\t\t\t\t\t<div class=\"elementor-column elementor-col-100 elementor-top-column elementor-element elementor-element-9c8b993\" data-id=\"9c8b993\" data-element_type=\"column\">\n\t\t\t<div class=\"elementor-widget-wrap elementor-element-populated\">\n\t\t\t\t\t\t<div class=\"elementor-element elementor-element-8cf1f01 elementor-widget elementor-widget-heading\" data-id=\"8cf1f01\" data-element_type=\"widget\" data-widget_type=\"heading.default\">\n\t\t\t\t<div class=\"elementor-widget-container\">\n\t\t\t\t\t<h2 class=\"elementor-heading-title elementor-size-default\">El impacto cultural y tur\u00edstico\n<\/h2>\t\t\t\t<\/div>\n\t\t\t\t<\/div>\n\t\t\t\t<div class=\"elementor-element elementor-element-595a4a7 elementor-widget elementor-widget-text-editor\" data-id=\"595a4a7\" data-element_type=\"widget\" data-widget_type=\"text-editor.default\">\n\t\t\t\t<div class=\"elementor-widget-container\">\n\t\t\t\t\t\t\t\t\t<p>\n            <span style=\"font-weight: 400;\">El Festival du Conte et des Imaginaires de Guadalupe es algo m\u00e1s que un acontecimiento cultural: tambi\u00e9n desempe\u00f1a un papel en la atracci\u00f3n de turistas a la regi\u00f3n. Al poner de relieve el patrimonio oral de Guadalupe, atrae visitantes y contribuye a promover el conocimiento local. Muchos investigadores, artistas y entusiastas de la cultura se re\u00fanen para explorar la riqueza de estas historias y su significado universal.  <\/span>\n          <\/p>\n\t\t\t\t\t\t\t\t<\/div>\n\t\t\t\t<\/div>\n\t\t\t\t\t<\/div>\n\t\t<\/div>\n\t\t\t\t\t<\/div>\n\t\t<\/section>\n\t\t\t\t<section class=\"elementor-section elementor-top-section elementor-element elementor-element-13ff031 elementor-section-boxed elementor-section-height-default elementor-section-height-default\" data-id=\"13ff031\" data-element_type=\"section\">\n\t\t\t\t\t\t<div class=\"elementor-container elementor-column-gap-default\">\n\t\t\t\t\t<div class=\"elementor-column elementor-col-100 elementor-top-column elementor-element elementor-element-94e90cc\" data-id=\"94e90cc\" data-element_type=\"column\">\n\t\t\t<div class=\"elementor-widget-wrap elementor-element-populated\">\n\t\t\t\t\t\t<div class=\"elementor-element elementor-element-f42ac82 elementor-widget elementor-widget-text-editor\" data-id=\"f42ac82\" data-element_type=\"widget\" data-widget_type=\"text-editor.default\">\n\t\t\t\t<div class=\"elementor-widget-container\">\n\t\t\t\t\t\t\t\t\t<p>\n            <span style=\"font-weight: 400;\">El Festival du Conte et des Imaginaires de Guadalupe es una cita ineludible para cualquiera que desee descubrir o profundizar en el patrimonio oral. Al presentar a narradores del Caribe y de otras partes del mundo, es una parte esencial del proceso de preservaci\u00f3n y transmisi\u00f3n de las historias. Un patrimonio precioso, arraigado en la memoria colectiva y que mira hacia el futuro.  <\/span>\n          <\/p>\n\t\t\t\t\t\t\t\t<\/div>\n\t\t\t\t<\/div>\n\t\t\t\t\t<\/div>\n\t\t<\/div>\n\t\t\t\t\t<\/div>\n\t\t<\/section>\n\t\t\t\t<\/div>\n\t\t","protected":false},"excerpt":{"rendered":"<p>El Festival du Conte et des Imaginaires de Guadalupe, organizado por la asociaci\u00f3n Kontakaz con el apoyo de la Communaut\u00e9 d&#8217;agglom\u00e9ration de la Riviera du Levant (CARL), celebra el patrimonio oral de Guadalupe. Del 17 al 21 de marzo, la manifestaci\u00f3n se dirige principalmente a los escolares, pero tambi\u00e9n a un p\u00fablico m\u00e1s amplio de [&hellip;]<\/p>\n","protected":false},"author":662,"featured_media":46699,"comment_status":"open","ping_status":"open","sticky":false,"template":"","format":"standard","meta":{"_acf_changed":false,"footnotes":""},"categories":[1469],"tags":[1547],"class_list":["post-46709","post","type-post","status-publish","format-standard","has-post-thumbnail","hentry","category-historia-patrimonio","tag-guadalupe"],"acf":[],"_links":{"self":[{"href":"https:\/\/richeskarayib.com\/es\/wp-json\/wp\/v2\/posts\/46709","targetHints":{"allow":["GET"]}}],"collection":[{"href":"https:\/\/richeskarayib.com\/es\/wp-json\/wp\/v2\/posts"}],"about":[{"href":"https:\/\/richeskarayib.com\/es\/wp-json\/wp\/v2\/types\/post"}],"author":[{"embeddable":true,"href":"https:\/\/richeskarayib.com\/es\/wp-json\/wp\/v2\/users\/662"}],"replies":[{"embeddable":true,"href":"https:\/\/richeskarayib.com\/es\/wp-json\/wp\/v2\/comments?post=46709"}],"version-history":[{"count":0,"href":"https:\/\/richeskarayib.com\/es\/wp-json\/wp\/v2\/posts\/46709\/revisions"}],"wp:featuredmedia":[{"embeddable":true,"href":"https:\/\/richeskarayib.com\/es\/wp-json\/wp\/v2\/media\/46699"}],"wp:attachment":[{"href":"https:\/\/richeskarayib.com\/es\/wp-json\/wp\/v2\/media?parent=46709"}],"wp:term":[{"taxonomy":"category","embeddable":true,"href":"https:\/\/richeskarayib.com\/es\/wp-json\/wp\/v2\/categories?post=46709"},{"taxonomy":"post_tag","embeddable":true,"href":"https:\/\/richeskarayib.com\/es\/wp-json\/wp\/v2\/tags?post=46709"}],"curies":[{"name":"wp","href":"https:\/\/api.w.org\/{rel}","templated":true}]}}