{"id":46833,"date":"2025-03-22T17:35:00","date_gmt":"2025-03-22T21:35:00","guid":{"rendered":"https:\/\/richeskarayib.com\/martinica-perspectivas-cruzadas-sobre-la-migracion-caribena-comprension-para-la-accion\/"},"modified":"2025-03-24T09:55:41","modified_gmt":"2025-03-24T13:55:41","slug":"martinica-perspectivas-cruzadas-sobre-la-migracion-caribena-comprension-para-la-accion","status":"publish","type":"post","link":"https:\/\/richeskarayib.com\/es\/martinica-perspectivas-cruzadas-sobre-la-migracion-caribena-comprension-para-la-accion\/","title":{"rendered":"Martinica &#8211; Perspectivas cruzadas sobre la migraci\u00f3n caribe\u00f1a: comprensi\u00f3n para la acci\u00f3n"},"content":{"rendered":"\t\t<div data-elementor-type=\"wp-post\" data-elementor-id=\"46833\" class=\"elementor elementor-46833 elementor-46823\" data-elementor-post-type=\"post\">\n\t\t\t\t\t\t<section class=\"elementor-section elementor-top-section elementor-element elementor-element-9be5ad7 elementor-section-boxed elementor-section-height-default elementor-section-height-default\" data-id=\"9be5ad7\" data-element_type=\"section\">\n\t\t\t\t\t\t<div class=\"elementor-container elementor-column-gap-default\">\n\t\t\t\t\t<div class=\"elementor-column elementor-col-100 elementor-top-column elementor-element elementor-element-76aecaa\" data-id=\"76aecaa\" data-element_type=\"column\">\n\t\t\t<div class=\"elementor-widget-wrap elementor-element-populated\">\n\t\t\t\t\t\t<div class=\"elementor-element elementor-element-fc48138 elementor-widget elementor-widget-text-editor\" data-id=\"fc48138\" data-element_type=\"widget\" data-widget_type=\"text-editor.default\">\n\t\t\t\t<div class=\"elementor-widget-container\">\n\t\t\t\t\t\t\t\t\t<p><a href=\"https:\/\/shs.cairn.info\/revue-la-geographie-2019-3-page-30?lang=fr\" target=\"_blank\" rel=\"noopener nofollow\">La migraci\u00f3n caribe\u00f1a<\/a>, rica en historias complejas y desaf\u00edos contempor\u00e1neos, est\u00e1 en el centro de las preocupaciones sociales y pol\u00edticas de la regi\u00f3n. El proyecto &#8220;Regards crois\u00e9s sur les <a href=\"https:\/\/www.persee.fr\/doc\/remi_0765-0752_1986_num_2_2_1096\" target=\"_blank\" rel=\"noopener nofollow\">migrations carib\u00e9ennes<\/a>&#8220;, dirigido por cuatro asociaciones de derechos humanos de Martinica, ha puesto recientemente de relieve las realidades de las poblaciones migrantes, especialmente las de origen haitiano y dominicano. El proyecto, organizado en varios actos en enero y febrero de 2025, sensibiliz\u00f3 a la opini\u00f3n p\u00fablica sobre cuestiones a menudo poco conocidas, al tiempo que fomentaba el debate y la reflexi\u00f3n.  <\/p>\n\t\t\t\t\t\t\t\t<\/div>\n\t\t\t\t<\/div>\n\t\t\t\t\t<\/div>\n\t\t<\/div>\n\t\t\t\t\t<\/div>\n\t\t<\/section>\n\t\t\t\t<section class=\"elementor-section elementor-top-section elementor-element elementor-element-889dceb elementor-section-boxed elementor-section-height-default elementor-section-height-default\" data-id=\"889dceb\" data-element_type=\"section\">\n\t\t\t\t\t\t<div class=\"elementor-container elementor-column-gap-default\">\n\t\t\t\t\t<div class=\"elementor-column elementor-col-100 elementor-top-column elementor-element elementor-element-cb266eb\" data-id=\"cb266eb\" data-element_type=\"column\">\n\t\t\t<div class=\"elementor-widget-wrap elementor-element-populated\">\n\t\t\t\t\t\t<div class=\"elementor-element elementor-element-8edf822 elementor-widget elementor-widget-heading\" data-id=\"8edf822\" data-element_type=\"widget\" data-widget_type=\"heading.default\">\n\t\t\t\t<div class=\"elementor-widget-container\">\n\t\t\t\t\t<h2 class=\"elementor-heading-title elementor-size-default\">Un proyecto para deconstruir estereotipos y abrir el di\u00e1logo<\/h2>\t\t\t\t<\/div>\n\t\t\t\t<\/div>\n\t\t\t\t<div class=\"elementor-element elementor-element-c1659b1 elementor-widget elementor-widget-text-editor\" data-id=\"c1659b1\" data-element_type=\"widget\" data-widget_type=\"text-editor.default\">\n\t\t\t\t<div class=\"elementor-widget-container\">\n\t\t\t\t\t\t\t\t\t<p class=\"mb-2 whitespace-pre-line last:mb-0\">El proyecto comenz\u00f3 con una serie de actos clave. Uno de los m\u00e1s destacados fue la proyecci\u00f3n de la pel\u00edcula <strong>&#8220;<a href=\"https:\/\/www.francetvpro.fr\/contenu-de-presse\/4802387\" target=\"_blank\" rel=\"noopener nofollow\">La Masacre de La Rivi\u00e8re<\/a>&#8220;,<\/strong> dirigida por Suzan Beraza. Este documental explora la controvertida decisi\u00f3n del Tribunal Constitucional dominicano en 2013, que revoc\u00f3 la ciudadan\u00eda a m\u00e1s de 200.000 <a href=\"https:\/\/richeskarayib.com\/es\/dominica-joy-stoute-una-voz-poderosa-en-el-calipso-dominicano\/\" target=\"_blank\" rel=\"noopener\">dominicanos<\/a> de origen haitiano, sumi\u00e9ndolos en la precariedad jur\u00eddica y social. La proyecci\u00f3n fue seguida de un animado debate, en el que los espectadores pudieron expresar sus emociones y compartir sus pensamientos sobre esta tragedia humana.   <\/p>\n\t\t\t\t\t\t\t\t<\/div>\n\t\t\t\t<\/div>\n\t\t\t\t<div class=\"elementor-element elementor-element-e9d73a3 elementor-widget elementor-widget-image\" data-id=\"e9d73a3\" data-element_type=\"widget\" data-widget_type=\"image.default\">\n\t\t\t\t<div class=\"elementor-widget-container\">\n\t\t\t\t\t\t\t\t\t\t\t\t\t\t\t<img fetchpriority=\"high\" decoding=\"async\" width=\"570\" height=\"854\" src=\"https:\/\/richeskarayib.com\/wp-content\/uploads\/2025\/03\/Massacre-River-poster.webp\" class=\"attachment-large size-large wp-image-46832\" alt=\"migrations carib\u00e9ennes\" srcset=\"https:\/\/richeskarayib.com\/wp-content\/uploads\/2025\/03\/Massacre-River-poster.webp 570w, https:\/\/richeskarayib.com\/wp-content\/uploads\/2025\/03\/Massacre-River-poster-200x300.webp 200w\" sizes=\"(max-width: 570px) 100vw, 570px\" \/>\t\t\t\t\t\t\t\t\t\t\t\t\t\t\t<\/div>\n\t\t\t\t<\/div>\n\t\t\t\t<div class=\"elementor-element elementor-element-6d1f975 elementor-widget elementor-widget-text-editor\" data-id=\"6d1f975\" data-element_type=\"widget\" data-widget_type=\"text-editor.default\">\n\t\t\t\t<div class=\"elementor-widget-container\">\n\t\t\t\t\t\t\t\t\t<p class=\"mb-2 whitespace-pre-line last:mb-0\">Otro momento clave fue el conmovedor testimonio de los actores Emmanuella C\u00e9lestin y Francky Joseph. A trav\u00e9s de sus actuaciones, dieron voz a los migrantes que han llegado a Martinica, huyendo de la violencia y la miseria, pero enfrentados a nuevos retos, desde la discriminaci\u00f3n a los obst\u00e1culos administrativos. Estas historias se complementaron con una intervenci\u00f3n jur\u00eddica, que recordaba los obst\u00e1culos a los que se enfrentan los migrantes en sus gestiones cotidianas.  <\/p>\n\t\t\t\t\t\t\t\t<\/div>\n\t\t\t\t<\/div>\n\t\t\t\t\t<\/div>\n\t\t<\/div>\n\t\t\t\t\t<\/div>\n\t\t<\/section>\n\t\t\t\t<section class=\"elementor-section elementor-top-section elementor-element elementor-element-a1f25d1 elementor-section-boxed elementor-section-height-default elementor-section-height-default\" data-id=\"a1f25d1\" data-element_type=\"section\">\n\t\t\t\t\t\t<div class=\"elementor-container elementor-column-gap-default\">\n\t\t\t\t\t<div class=\"elementor-column elementor-col-100 elementor-top-column elementor-element elementor-element-9e15345\" data-id=\"9e15345\" data-element_type=\"column\">\n\t\t\t<div class=\"elementor-widget-wrap elementor-element-populated\">\n\t\t\t\t\t\t<div class=\"elementor-element elementor-element-96b9015 elementor-widget elementor-widget-heading\" data-id=\"96b9015\" data-element_type=\"widget\" data-widget_type=\"heading.default\">\n\t\t\t\t<div class=\"elementor-widget-container\">\n\t\t\t\t\t<h2 class=\"elementor-heading-title elementor-size-default\">Una conferencia para comprender la din\u00e1mica dom\u00ednico-haitiana<\/h2>\t\t\t\t<\/div>\n\t\t\t\t<\/div>\n\t\t\t\t<div class=\"elementor-element elementor-element-8aab9f0 elementor-widget elementor-widget-text-editor\" data-id=\"8aab9f0\" data-element_type=\"widget\" data-widget_type=\"text-editor.default\">\n\t\t\t\t<div class=\"elementor-widget-container\">\n\t\t\t\t\t\t\t\t\t<p class=\"mb-2 whitespace-pre-line last:mb-0\">El 6 de febrero, para clausurar el proyecto, una conferencia titulada <strong>&#8220;Los derechos humanos y la historia de las relaciones haitiano-dominicanas&#8221;<\/strong> reuni\u00f3 a dos activistas comprometidas: <strong>Colette Lespinasse<\/strong> (Hait\u00ed) y <strong>Altagracia Jean Joseph<\/strong> (Rep\u00fablica Dominicana). Estas expertas analizaron las relaciones hist\u00f3ricas, econ\u00f3micas y pol\u00edticas entre Hait\u00ed y la Rep\u00fablica Dominicana, destacando la migraci\u00f3n circular de larga duraci\u00f3n y las persistentes violaciones de los derechos humanos. <\/p>\n<p class=\"mb-2 whitespace-pre-line last:mb-0\">Tambi\u00e9n denunciaron las redes de tr\u00e1fico de inmigrantes y la propaganda racista y nacionalista que divide a ambas poblaciones. Sin embargo, surgi\u00f3 un mensaje de esperanza: los esfuerzos de la sociedad civil haitiana y dominicana para promover el acercamiento y combatir la injusticia. <\/p>\n\t\t\t\t\t\t\t\t<\/div>\n\t\t\t\t<\/div>\n\t\t\t\t<div class=\"elementor-element elementor-element-4f8ecbb elementor-widget elementor-widget-video\" data-id=\"4f8ecbb\" data-element_type=\"widget\" data-settings=\"{&quot;youtube_url&quot;:&quot;https:\\\/\\\/youtu.be\\\/BoMZ4W-fJ9Y?si=oGaYc_IW3zSIY6Qr.&quot;,&quot;video_type&quot;:&quot;youtube&quot;,&quot;controls&quot;:&quot;yes&quot;}\" data-widget_type=\"video.default\">\n\t\t\t\t<div class=\"elementor-widget-container\">\n\t\t\t\t\t\t\t<div class=\"elementor-wrapper elementor-open-inline\">\n\t\t\t<div class=\"elementor-video\"><\/div>\t\t<\/div>\n\t\t\t\t\t\t<\/div>\n\t\t\t\t<\/div>\n\t\t\t\t<div class=\"elementor-element elementor-element-897c03d elementor-widget elementor-widget-text-editor\" data-id=\"897c03d\" data-element_type=\"widget\" data-widget_type=\"text-editor.default\">\n\t\t\t\t<div class=\"elementor-widget-container\">\n\t\t\t\t\t\t\t\t\t<p class=\"\" data-start=\"171\" data-end=\"931\">En esta conferencia, la dem\u00f3grafa Nadia Chonville quiso aclarar el debate en torno al &#8220;genocidio por sustituci\u00f3n&#8221;, una expresi\u00f3n utilizada por Aim\u00e9 C\u00e9saire en un contexto espec\u00edfico, pero malinterpretada con demasiada frecuencia.<\/p>\n<p class=\"\" data-start=\"171\" data-end=\"931\">Aunque matem\u00e1ticamente esta hip\u00f3tesis no es cierta &#8211; <strong>&#8220;los nativos representan el 83% de los adultos en Martinica, un porcentaje que se mantiene estable desde hace a\u00f1os<\/strong> &#8220;-, una observaci\u00f3n m\u00e1s sutil es la sobrerrepresentaci\u00f3n de los no nativos en los puestos directivos. En 2020, el 20% de los franceses residentes en Martinica ocupaban un puesto directivo, frente a s\u00f3lo el 6% de los nativos. <\/p>\n<p class=\"\" data-start=\"171\" data-end=\"931\">Esta desigualdad estructural, que estaba en el centro de las preocupaciones de C\u00e9saire, sigue alimentando hoy un sentimiento de injusticia y desposesi\u00f3n, mucho m\u00e1s all\u00e1 de las cifras.<\/p>\n<p class=\"\" data-start=\"933\" data-end=\"1702\">Pero m\u00e1s all\u00e1 de estas observaciones, Steffi Salpetrier, cofundadora de Al\u00e9 Vir\u00e9, a\u00f1adi\u00f3 una nota de esperanza al demostrar que el retorno es posible, deseado e incluso alentado. <strong>&#8220;Ocho de cada diez martiniqueses que viven fuera del territorio piensan regresar<\/strong> &#8220;, afirm\u00f3, insistiendo en la necesidad de deconstruir las ideas preconcebidas que frenan a la gente. Gracias a medidas pr\u00e1cticas como la Residencia para Retornados y la Feria del Retorno, la asociaci\u00f3n ya est\u00e1 apoyando a m\u00e1s de 400 familias.  <\/p>\n<p class=\"\" data-start=\"933\" data-end=\"1702\">Para terminar, se repiti\u00f3 una poderosa cita de Jocelyne B\u00e9roard: <strong>&#8220;En lugar de contentarnos con las puertas que se nos abren, construyamos nuestro fuerte y tomemos nuestro destino en nuestras manos<\/strong> &#8220;. Una llamada a la acci\u00f3n que resuena como un imperativo colectivo.<\/p>\n\t\t\t\t\t\t\t\t<\/div>\n\t\t\t\t<\/div>\n\t\t\t\t\t<\/div>\n\t\t<\/div>\n\t\t\t\t\t<\/div>\n\t\t<\/section>\n\t\t\t\t<section class=\"elementor-section elementor-top-section elementor-element elementor-element-53262f1 elementor-section-boxed elementor-section-height-default elementor-section-height-default\" data-id=\"53262f1\" data-element_type=\"section\">\n\t\t\t\t\t\t<div class=\"elementor-container elementor-column-gap-default\">\n\t\t\t\t\t<div class=\"elementor-column elementor-col-100 elementor-top-column elementor-element elementor-element-eac4faf\" data-id=\"eac4faf\" data-element_type=\"column\">\n\t\t\t<div class=\"elementor-widget-wrap elementor-element-populated\">\n\t\t\t\t\t\t<div class=\"elementor-element elementor-element-05782f7 elementor-widget elementor-widget-heading\" data-id=\"05782f7\" data-element_type=\"widget\" data-widget_type=\"heading.default\">\n\t\t\t\t<div class=\"elementor-widget-container\">\n\t\t\t\t\t<h2 class=\"elementor-heading-title elementor-size-default\">Una conciencia colectiva<\/h2>\t\t\t\t<\/div>\n\t\t\t\t<\/div>\n\t\t\t\t<div class=\"elementor-element elementor-element-9c39683 elementor-widget elementor-widget-text-editor\" data-id=\"9c39683\" data-element_type=\"widget\" data-widget_type=\"text-editor.default\">\n\t\t\t\t<div class=\"elementor-widget-container\">\n\t\t\t\t\t\t\t\t\t<p class=\"mb-2 whitespace-pre-line last:mb-0\">Estos actos no s\u00f3lo atrajeron a un numeroso p\u00fablico, sino que tambi\u00e9n generaron fuertes emociones y una reflexi\u00f3n colectiva. Los participantes tomaron conciencia de las realidades a las que se enfrentan los emigrantes en Martinica y en otros lugares del Caribe, al tiempo que se planteaban una pregunta clave: <strong>\u00bfqu\u00e9 podemos hacer para apoyar a estas personas?<\/strong> <\/p>\n<p class=\"mb-2 whitespace-pre-line last:mb-0\">El proyecto &#8220;Regards crois\u00e9s sur les migrations carib\u00e9ennes&#8221; ha conseguido sensibilizar, informar e iniciar un di\u00e1logo muy necesario. Es un recordatorio de que detr\u00e1s de las cifras y las leyes hay vidas humanas, historias de resiliencia y llamamientos a la solidaridad. <\/p>\n\t\t\t\t\t\t\t\t<\/div>\n\t\t\t\t<\/div>\n\t\t\t\t\t<\/div>\n\t\t<\/div>\n\t\t\t\t\t<\/div>\n\t\t<\/section>\n\t\t\t\t<\/div>\n\t\t","protected":false},"excerpt":{"rendered":"<p>La migraci\u00f3n caribe\u00f1a, rica en historias complejas y desaf\u00edos contempor\u00e1neos, est\u00e1 en el centro de las preocupaciones sociales y pol\u00edticas de la regi\u00f3n. El proyecto &#8220;Regards crois\u00e9s sur les migrations carib\u00e9ennes&#8220;, dirigido por cuatro asociaciones de derechos humanos de Martinica, ha puesto recientemente de relieve las realidades de las poblaciones migrantes, especialmente las de origen [&hellip;]<\/p>\n","protected":false},"author":47,"featured_media":46827,"comment_status":"open","ping_status":"open","sticky":false,"template":"","format":"standard","meta":{"_acf_changed":false,"footnotes":""},"categories":[839],"tags":[816],"class_list":["post-46833","post","type-post","status-publish","format-standard","has-post-thumbnail","hentry","category-noticias","tag-martinique-es"],"acf":[],"_links":{"self":[{"href":"https:\/\/richeskarayib.com\/es\/wp-json\/wp\/v2\/posts\/46833","targetHints":{"allow":["GET"]}}],"collection":[{"href":"https:\/\/richeskarayib.com\/es\/wp-json\/wp\/v2\/posts"}],"about":[{"href":"https:\/\/richeskarayib.com\/es\/wp-json\/wp\/v2\/types\/post"}],"author":[{"embeddable":true,"href":"https:\/\/richeskarayib.com\/es\/wp-json\/wp\/v2\/users\/47"}],"replies":[{"embeddable":true,"href":"https:\/\/richeskarayib.com\/es\/wp-json\/wp\/v2\/comments?post=46833"}],"version-history":[{"count":0,"href":"https:\/\/richeskarayib.com\/es\/wp-json\/wp\/v2\/posts\/46833\/revisions"}],"wp:featuredmedia":[{"embeddable":true,"href":"https:\/\/richeskarayib.com\/es\/wp-json\/wp\/v2\/media\/46827"}],"wp:attachment":[{"href":"https:\/\/richeskarayib.com\/es\/wp-json\/wp\/v2\/media?parent=46833"}],"wp:term":[{"taxonomy":"category","embeddable":true,"href":"https:\/\/richeskarayib.com\/es\/wp-json\/wp\/v2\/categories?post=46833"},{"taxonomy":"post_tag","embeddable":true,"href":"https:\/\/richeskarayib.com\/es\/wp-json\/wp\/v2\/tags?post=46833"}],"curies":[{"name":"wp","href":"https:\/\/api.w.org\/{rel}","templated":true}]}}